{"id":32501,"date":"2023-03-18T12:00:06","date_gmt":"2023-03-18T10:00:06","guid":{"rendered":"https:\/\/just-now.news\/de\/deutschland\/nach-medienkampagne-vorfuehrung-von-alina-lipp-dokus-in-pankower-brotfabrik-abgesagt\/"},"modified":"2023-03-18T12:00:06","modified_gmt":"2023-03-18T10:00:06","slug":"nach-medienkampagne-vorfuehrung-von-alina-lipp-dokus-in-pankower-brotfabrik-abgesagt","status":"publish","type":"post","link":"https:\/\/now-news.de\/de\/deutschland\/nach-medienkampagne-vorfuehrung-von-alina-lipp-dokus-in-pankower-brotfabrik-abgesagt\/","title":{"rendered":"Nach Medienkampagne: Vorf\u00fchrung von Alina Lipp-Dokus in Pankower &quot;Brotfabrik&quot; abgesagt"},"content":{"rendered":"<p><img decoding=\"async\" src=\"http:\/\/just-now.news\/de\/wp-content\/uploads\/sites\/3\/2023\/03\/6414ef8d48fbef6de94ce7b9.jpg\" \/><\/p>\n<div class=\"Text-root Text-type_1 \">\n                Am Sonntag sollten in der Brotfabrik in Berlin-Pankow zwei Filme der deutsch-russischen Journalistin Alina Lipp gezeigt werden. Nach Protesten und Druck durch Medienschaffende wurde die Auff\u00fchrung nun abgesagt.\n            <\/div>\n<p><\/p>\n<div class=\"Text-root Text-type_5 ArticleView-text ViewText-root \">\n<p>Nach heftigen Protesten von pro-ukrainischen Aktivisten und Medienschaffenden wurde eine geplante Filmvorf\u00fchrung zweier Dokumentarfilme der deutsch-russischen Journalistin Alina Lipp abgesagt. Am kommenden Sonntag wollte der Kulturkreis Pankow urspr\u00fcnglich die Filme &#8220;Auf der Suche nach der Wahrheit&#8221; und &#8220;Donbass: Der Ursprung des Konflikts&#8221;, die sich um den Krieg in der Ukraine drehen, zeigen.<\/p>\n<p>Kritiker werfen der Journalistin Alina Lipp, die vor allem aus dem Donbass berichtet, vor, &#8220;russische Propaganda&#8221; zu betreiben. Der Kulturkreis Pankow teilte im Vorfeld der geplanten Veranstaltung mit, dass &#8220;propagandistische und verzerrende Darstellung&#8221; in Zeiten des Krieges allgegenw\u00e4rtig seien, &#8220;egal welches Kriegslager gerade berichtet&#8221;:<\/p>\n<blockquote>\n<p><em>&#8220;So macht es Sinn, aus mehreren Perspektiven zu schauen, um Historie, Streitpunkte und Zerrbilder zu erkennen. Alina Lipp, eine junge, deutsch-russische Journalistin, berichtet von jenseits der Frontlinie des Ukraine-Kriegs und positioniert sich dabei auf Seiten der Separatisten des Donbass.&#8221;<\/em><\/p>\n<\/blockquote>\n<p>Zudem war am kommenden Montag eine Diskussionsveranstaltung des Publizisten Hauke Ritz mit dem Titel &#8220;Der Ukrainekrieg und die Krise des Westens&#8221; geplant. Das Kunst- und Kulturzentrum &#8220;Brotfabrik&#8221; hatte seinen Kinoraum an die Organisatoren vermietet. Doch bereits kurz nach der Ank\u00fcndigung der Veranstaltungen kam es den\u00a0Organisatoren zufolge zu heftigen Protesten. Die Veranstalter h\u00e4tten unter anderem von pro-ukrainischen Aktivisten Protestschreiben bekommen.\u00a0Der ehemalige Leiter der Heinrich-B\u00f6ll-Stiftung in Kiew, Sergej Sumlenny, schrieb auf Twitter:<\/p>\n<div class=\"EmbedBlock-root EmbedBlock-twitter\">\n<div class=\"TwitterEmbed\">\n<blockquote class=\"twitter-tweet lazyload\" data-twitter=\"twitter-tweet\">\n<p lang=\"en\" dir=\"ltr\">I have an answer from Brotfabrik: it&#8217;s a private event, organised by Kulturkreis Pankow, for which they rented rooms. Brotfabrik says they did not know about the content. I asked them, if they would cancel the rental contract for the room for this event. Waiting for answer.<\/p>\n<p>\u2014 Sergej Sumlenny (@sumlenny) <a rel=\"nofollow noopener\" target=\"_blank\" href=\"https:\/\/twitter.com\/sumlenny\/status\/1636408060875882497?ref_src=twsrc%5Etfw\">March 16, 2023<\/a><\/p><\/blockquote>\n<\/div>\n<\/div>\n<blockquote>\n<p><em>&#8220;Ich habe eine Antwort von der Brotfabrik: Es handelt sich um eine private Veranstaltung, die vom Kulturkreis Pankow organisiert wurde und f\u00fcr die sie R\u00e4ume angemietet hat. Die Brotfabrik sagt, sie habe nichts von dem Inhalt gewusst. Ich habe sie gefragt, ob sie den Mietvertrag f\u00fcr den Raum f\u00fcr diese Veranstaltung k\u00fcndigen w\u00fcrden. Ich warte auf Antwort.&#8221;<\/em><\/p>\n<\/blockquote>\n<p>Doch auch von Medienschaffenden wurde den Organisatoren zufolge Druck ausge\u00fcbt.\u00a0Ein Journalist schrieb an den Kulturkreis Pankow, dass mit der Lipp-Veranstaltung eine &#8220;Unterst\u00fctzung und Relativierung des Angriffskrieges Putins&#8221; betrieben werde. Die Veranstalter entschlossen sich daraufhin, die Filmvorf\u00fchrung abzusagen \u2012 unter anderem auch, weil die Veranstalter Angst gehabt h\u00e4tten, dass Gegner die Veranstaltung st\u00fcrmen k\u00f6nnten. In einem Schreiben hei\u00dft es:<\/p>\n<blockquote>\n<p><em>&#8220;Liebe Nachdenkende, liebe Freunde der Demokratie,<\/p>\n<p> leider m\u00fcssen wir Euch mitteilen, dass wir die Film-Matinee in der<br \/> Brotfabrik, am Sonntag, dem 19.3.23 absagen m\u00fcssen. Die Brotfabrik<br \/> empfing ein Ansturm der Entr\u00fcstung von Journalisten u.a. des<br \/> Tagesspiegels, \u00fcber unser Vorhaben, die zwei Dokumentationen \u00fcber den<br \/> Ukrainekrieg, von der deutsch\/russischen Journalistin Alina Lipp zu zeigen.<\/em><\/p>\n<p><em>Sie betreibe &#8220;reine Kriegspropaganda im Sinne des russischen<br \/> Putin-Regimes&#8221;, &#8220;Verschw\u00f6rungserz\u00e4hlungen&#8221; in &#8220;menschenverachtender<br \/> Sprache&#8221;, sei &#8220;in der rechtsextremen Szene vernetzt&#8221; und viele<br \/> Diffamierungen mehr, die inzwischen bedauerlicherweise viele Menschen<br \/> mit einer anderen bzw. kritischen Meinung \u00fcber sich ergehen lassen m\u00fcssen.<\/p>\n<p> Obwohl wir es f\u00fcr unbedingt notwendig halten, in einer demokratischen<br \/> Gesellschaft \u00fcber gegens\u00e4tzliche Auffassungen zu diskutieren, ziehen wir<br \/> die Veranstaltung zur\u00fcck. Wir sind lediglich Gast in der Brotfabrik und<br \/> m\u00f6chten ihrem \u00fcberaus wichtigen sozialem und kulturellem Engagement<br \/> nicht schaden bzw. ihre Existenz nicht gef\u00e4hrden.&#8221;<\/em><\/p>\n<\/blockquote>\n<p>Aus einem Twitter-Kommentar ist zudem ersichtlich, dass offensichtlich der <em>Tagesspiegel<\/em>-Mitarbeiter Julius Geiler hinter der Anfrage steckt.<\/p>\n<div class=\"EmbedBlock-root EmbedBlock-twitter\">\n<div class=\"TwitterEmbed\">\n<blockquote class=\"twitter-tweet lazyload\" data-twitter=\"twitter-tweet\">\n<p lang=\"de\" dir=\"ltr\">Dieser b\u00f6se Tagesspiegel hat doch tats\u00e4chlich eine Presseanfrage an die Brotfabrik gestellt<\/p>\n<p>\u2014 julius geiler (@glr_berlin) <a rel=\"nofollow noopener\" target=\"_blank\" href=\"https:\/\/twitter.com\/glr_berlin\/status\/1636448298113417216?ref_src=twsrc%5Etfw\">March 16, 2023<\/a><\/p><\/blockquote>\n<\/div>\n<\/div>\n<p>Aus einer Presseerkl\u00e4rung des Kulturkreises Pankow, der <em>RT DE<\/em> vorliegt, geht zudem hervor, dass\u00a0das Kunst- und Kulturzentrum Brotfabrik\u00a0&#8220;von Presseorganen dazu aufgefordert wurde, seine Gesinnung zu belegen und von der Veranstaltung zur\u00fcckzutreten&#8221;. In einer <em>Tagesspiegel<\/em>-Anfrage an die Brotfabrik hie\u00df es:<\/p>\n<p><em>&#8220;Lipp verbreitet immer wieder prorussische Verschw\u00f6rungstheorien. Inwiefern passt das zu den Werten der Brotfabrik?&#8221; <\/em>\u00a0<\/p>\n<p>Der Veranstalter machte daraufhin deutlich, dass man diese Art der Gesinnungskontrolle zur\u00fcckweise und auf das Recht zur freien Meinungsbildung bestehe:<\/p>\n<blockquote>\n<p><em>&#8220;Mit welchem Recht glauben Vertreter von Medien sowie staatlicher Organe, ihre Deutungshoheit auf alle gesellschaftlichen Bereiche ausdehnen zu k\u00f6nnen? Kulturzentren wie die Brotfabrik engagieren sich seit Jahren f\u00fcr multi-perspektivische Kultur und Bildung und d\u00fcrfen nicht in einem Klima der Gesinnungskontrolle zerrieben werden.&#8221;<\/em><\/p>\n<\/blockquote>\n<p>Die Brotfabrik hat sp\u00e4ter beschlossen, jenseits der bereits abgesagten Filmvorf\u00fchrung alle weiteren Veranstaltungen der Reihe &#8220;Denkraum&#8221; abzusagen, darunter auch den Vortrag von Hauke Ritz. Der Kulturkreis Pankow teilte diesbez\u00fcglich am Freitagnachmittag mit:<\/p>\n<blockquote>\n<p><em>&#8220;Nach einer 24-st\u00fcndigen Flut von Vorw\u00fcrfen und Unterstellungen bez\u00fcglich der Denkraum-Veranstaltung zum Thema &#8216;Der Ukrainekrieg und die Krise des Westens&#8217;, adressiert an die Brotfabrik und den Verein Kulturkreis-Pankow, erhielten wir heute, von einem Mitarbeiter der Brotfabrik, eine schriftliche Absage f\u00fcr die Veranstaltung am Montag und die gesamte Veranstaltungsreihe. Wir sehen darin eine grobe Verletzung der Meinungsfreiheit, die den gesellschaftlichen Frieden gef\u00e4hrdet!&#8221;<\/em><em><\/em><\/p>\n<\/blockquote>\n<p><strong>Mehr zum Thema &#8211;<\/strong>\u00a0<a rel=\"nofollow noopener\" target=\"_blank\" href=\"https:\/\/freeassange.rtde.life\/meinung\/161556-faktenfinder-tagesschau-diffamierungskampagne-gegen-alina\/\">&#8220;Faktenfinder&#8221; der Tagesschau: Diffamierungskampagne gegen Alina Lipp geht weiter<\/a><\/p>\n<\/div>\n<p><script async src=\"https:\/\/platform.twitter.com\/widgets.js\" charset=\"utf-8\"><\/script><br \/>\n<br \/><br \/>\n<br \/><a href=\"https:\/\/de.rt.com\/inland\/165633-nach-medienkampagne-vorfuehrung-von-alina\/\">Source link <\/a><\/p>\n","protected":false},"excerpt":{"rendered":"<p>Am Sonntag sollten in der Brotfabrik in Berlin-Pankow zwei Filme der deutsch-russischen Journalistin Alina Lipp gezeigt werden. Nach Protesten und Druck durch Medienschaffende wurde die Auff\u00fchrung nun abgesagt. Nach heftigen Protesten von pro-ukrainischen Aktivisten und Medienschaffenden wurde eine geplante Filmvorf\u00fchrung zweier Dokumentarfilme der deutsch-russischen Journalistin Alina Lipp abgesagt. Am kommenden Sonntag wollte der Kulturkreis Pankow [&hellip;]<\/p>\n","protected":false},"author":3,"featured_media":32502,"comment_status":"open","ping_status":"open","sticky":false,"template":"","format":"standard","meta":{"_yoast_indexnow_last_ping":["1679134505"],"wp_automatic_camp":["217"],"6764b0ca45febec230305ed939de5da8":["Nach Medienkampagne: Vorf\u00fchrung von Alina Lipp-Dokus in Pankower &quot;Brotfabrik&quot; abgesagt"],"original_link":["https:\/\/de.rt.com\/inland\/165633-nach-medienkampagne-vorfuehrung-von-alina\/"],"_thumbnail_id":["32502"],"_wptgpro_p2tg_sent2tg":["a:1:{i:23737;s:19:\"2023-03-18 12:16:07\";}"],"jnews_social_counter_last_update":["1777611728"]},"categories":[19,23],"tags":[8108,24669,42136,40102,979,42137,42138,50,28187],"yoast_head":"<!-- This site is optimized with the Yoast SEO Premium plugin v22.7 (Yoast SEO v22.7) - https:\/\/yoast.com\/wordpress\/plugins\/seo\/ -->\n<title>Nach Medienkampagne: Vorf\u00fchrung von Alina Lipp-Dokus in Pankower &quot;Brotfabrik&quot; abgesagt - just-now.NEWS Deutschland<\/title>\n<meta name=\"robots\" content=\"index, follow, max-snippet:-1, max-image-preview:large, max-video-preview:-1\" \/>\n<link rel=\"canonical\" href=\"https:\/\/now-news.de\/de\/deutschland\/nach-medienkampagne-vorfuehrung-von-alina-lipp-dokus-in-pankower-brotfabrik-abgesagt\/\" \/>\n<meta property=\"og:locale\" content=\"de_DE\" \/>\n<meta property=\"og:type\" content=\"article\" \/>\n<meta property=\"og:title\" content=\"Nach Medienkampagne: Vorf\u00fchrung von Alina Lipp-Dokus in Pankower &quot;Brotfabrik&quot; abgesagt\" \/>\n<meta property=\"og:description\" content=\"Am Sonntag sollten in der Brotfabrik in Berlin-Pankow zwei Filme der deutsch-russischen Journalistin Alina Lipp gezeigt werden. Nach Protesten und Druck durch Medienschaffende wurde die Auff\u00fchrung nun abgesagt. Nach heftigen Protesten von pro-ukrainischen Aktivisten und Medienschaffenden wurde eine geplante Filmvorf\u00fchrung zweier Dokumentarfilme der deutsch-russischen Journalistin Alina Lipp abgesagt. Am kommenden Sonntag wollte der Kulturkreis Pankow [&hellip;]\" \/>\n<meta property=\"og:url\" content=\"https:\/\/now-news.de\/de\/deutschland\/nach-medienkampagne-vorfuehrung-von-alina-lipp-dokus-in-pankower-brotfabrik-abgesagt\/\" \/>\n<meta property=\"og:site_name\" content=\"just-now.NEWS Deutschland\" \/>\n<meta property=\"article:publisher\" content=\"https:\/\/www.facebook.com\/wirmachenauf\" \/>\n<meta property=\"article:published_time\" content=\"2023-03-18T10:00:06+00:00\" \/>\n<meta property=\"og:image\" content=\"https:\/\/now-news.de\/de\/wp-content\/uploads\/sites\/3\/2023\/03\/Nach-Medienkampagne-Vorfuehrung-von-Alina-Lipp-Dokus-in-Pankower-quotBrotfabrikquot-abgesagt.jpg\" \/>\n\t<meta property=\"og:image:width\" content=\"460\" \/>\n\t<meta property=\"og:image:height\" content=\"259\" \/>\n\t<meta property=\"og:image:type\" content=\"image\/jpeg\" \/>\n<meta name=\"author\" content=\"rtnews\" \/>\n<meta name=\"twitter:card\" content=\"summary_large_image\" \/>\n<meta name=\"twitter:creator\" content=\"@WirMachenAuf_de\" \/>\n<meta name=\"twitter:site\" content=\"@WirMachenAuf_de\" \/>\n<meta name=\"twitter:label1\" content=\"Verfasst von\" \/>\n\t<meta name=\"twitter:data1\" content=\"rtnews\" \/>\n\t<meta name=\"twitter:label2\" content=\"Gesch\u00e4tzte Lesezeit\" \/>\n\t<meta name=\"twitter:data2\" content=\"4\u00a0Minuten\" \/>\n<script type=\"application\/ld+json\" class=\"yoast-schema-graph\">{\"@context\":\"https:\/\/schema.org\",\"@graph\":[{\"@type\":\"Article\",\"@id\":\"https:\/\/now-news.de\/de\/deutschland\/nach-medienkampagne-vorfuehrung-von-alina-lipp-dokus-in-pankower-brotfabrik-abgesagt\/#article\",\"isPartOf\":{\"@id\":\"https:\/\/now-news.de\/de\/deutschland\/nach-medienkampagne-vorfuehrung-von-alina-lipp-dokus-in-pankower-brotfabrik-abgesagt\/\"},\"author\":{\"name\":\"rtnews\",\"@id\":\"https:\/\/now-news.de\/de\/#\/schema\/person\/fb534a4e865501d8b3285208df34a9b5\"},\"headline\":\"Nach Medienkampagne: Vorf\u00fchrung von Alina Lipp-Dokus in Pankower &quot;Brotfabrik&quot; abgesagt\",\"datePublished\":\"2023-03-18T10:00:06+00:00\",\"dateModified\":\"2023-03-18T10:00:06+00:00\",\"mainEntityOfPage\":{\"@id\":\"https:\/\/now-news.de\/de\/deutschland\/nach-medienkampagne-vorfuehrung-von-alina-lipp-dokus-in-pankower-brotfabrik-abgesagt\/\"},\"wordCount\":859,\"commentCount\":0,\"publisher\":{\"@id\":\"https:\/\/now-news.de\/de\/#organization\"},\"image\":{\"@id\":\"https:\/\/now-news.de\/de\/deutschland\/nach-medienkampagne-vorfuehrung-von-alina-lipp-dokus-in-pankower-brotfabrik-abgesagt\/#primaryimage\"},\"thumbnailUrl\":\"https:\/\/now-news.de\/de\/wp-content\/uploads\/sites\/3\/2023\/03\/Nach-Medienkampagne-Vorfuehrung-von-Alina-Lipp-Dokus-in-Pankower-quotBrotfabrikquot-abgesagt.jpg\",\"keywords\":[\"abgesagt\",\"Alina\",\"LippDokus\",\"Medienkampagne\",\"nach\",\"Pankower\",\"quotBrotfabrikquot\",\"von\",\"Vorf\u00fchrung\"],\"articleSection\":[\"Deutschland\",\"Russland\"],\"inLanguage\":\"de\",\"potentialAction\":[{\"@type\":\"CommentAction\",\"name\":\"Comment\",\"target\":[\"https:\/\/now-news.de\/de\/deutschland\/nach-medienkampagne-vorfuehrung-von-alina-lipp-dokus-in-pankower-brotfabrik-abgesagt\/#respond\"]}]},{\"@type\":\"WebPage\",\"@id\":\"https:\/\/now-news.de\/de\/deutschland\/nach-medienkampagne-vorfuehrung-von-alina-lipp-dokus-in-pankower-brotfabrik-abgesagt\/\",\"url\":\"https:\/\/now-news.de\/de\/deutschland\/nach-medienkampagne-vorfuehrung-von-alina-lipp-dokus-in-pankower-brotfabrik-abgesagt\/\",\"name\":\"Nach Medienkampagne: Vorf\u00fchrung von Alina Lipp-Dokus in Pankower &quot;Brotfabrik&quot; abgesagt - just-now.NEWS Deutschland\",\"isPartOf\":{\"@id\":\"https:\/\/now-news.de\/de\/#website\"},\"primaryImageOfPage\":{\"@id\":\"https:\/\/now-news.de\/de\/deutschland\/nach-medienkampagne-vorfuehrung-von-alina-lipp-dokus-in-pankower-brotfabrik-abgesagt\/#primaryimage\"},\"image\":{\"@id\":\"https:\/\/now-news.de\/de\/deutschland\/nach-medienkampagne-vorfuehrung-von-alina-lipp-dokus-in-pankower-brotfabrik-abgesagt\/#primaryimage\"},\"thumbnailUrl\":\"https:\/\/now-news.de\/de\/wp-content\/uploads\/sites\/3\/2023\/03\/Nach-Medienkampagne-Vorfuehrung-von-Alina-Lipp-Dokus-in-Pankower-quotBrotfabrikquot-abgesagt.jpg\",\"datePublished\":\"2023-03-18T10:00:06+00:00\",\"dateModified\":\"2023-03-18T10:00:06+00:00\",\"breadcrumb\":{\"@id\":\"https:\/\/now-news.de\/de\/deutschland\/nach-medienkampagne-vorfuehrung-von-alina-lipp-dokus-in-pankower-brotfabrik-abgesagt\/#breadcrumb\"},\"inLanguage\":\"de\",\"potentialAction\":[{\"@type\":\"ReadAction\",\"target\":[\"https:\/\/now-news.de\/de\/deutschland\/nach-medienkampagne-vorfuehrung-von-alina-lipp-dokus-in-pankower-brotfabrik-abgesagt\/\"]}]},{\"@type\":\"ImageObject\",\"inLanguage\":\"de\",\"@id\":\"https:\/\/now-news.de\/de\/deutschland\/nach-medienkampagne-vorfuehrung-von-alina-lipp-dokus-in-pankower-brotfabrik-abgesagt\/#primaryimage\",\"url\":\"https:\/\/now-news.de\/de\/wp-content\/uploads\/sites\/3\/2023\/03\/Nach-Medienkampagne-Vorfuehrung-von-Alina-Lipp-Dokus-in-Pankower-quotBrotfabrikquot-abgesagt.jpg\",\"contentUrl\":\"https:\/\/now-news.de\/de\/wp-content\/uploads\/sites\/3\/2023\/03\/Nach-Medienkampagne-Vorfuehrung-von-Alina-Lipp-Dokus-in-Pankower-quotBrotfabrikquot-abgesagt.jpg\",\"width\":460,\"height\":259,\"caption\":\"Nach Medienkampagne: Vorf\u00fchrung von Alina Lipp-Dokus in Pankower &quot;Brotfabrik&quot; abgesagt\"},{\"@type\":\"BreadcrumbList\",\"@id\":\"https:\/\/now-news.de\/de\/deutschland\/nach-medienkampagne-vorfuehrung-von-alina-lipp-dokus-in-pankower-brotfabrik-abgesagt\/#breadcrumb\",\"itemListElement\":[{\"@type\":\"ListItem\",\"position\":1,\"name\":\"Home\",\"item\":\"https:\/\/now-news.de\/de\/\"},{\"@type\":\"ListItem\",\"position\":2,\"name\":\"Nach Medienkampagne: Vorf\u00fchrung von Alina Lipp-Dokus in Pankower &quot;Brotfabrik&quot; abgesagt\"}]},{\"@type\":\"WebSite\",\"@id\":\"https:\/\/now-news.de\/de\/#website\",\"url\":\"https:\/\/now-news.de\/de\/\",\"name\":\"just-now.NEWS Deutschland\",\"description\":\"Das Portal f\u00fcr unzensierte Nachrichten aus der Welt\",\"publisher\":{\"@id\":\"https:\/\/now-news.de\/de\/#organization\"},\"potentialAction\":[{\"@type\":\"SearchAction\",\"target\":{\"@type\":\"EntryPoint\",\"urlTemplate\":\"https:\/\/now-news.de\/de\/?s={search_term_string}\"},\"query-input\":\"required name=search_term_string\"}],\"inLanguage\":\"de\"},{\"@type\":\"Organization\",\"@id\":\"https:\/\/now-news.de\/de\/#organization\",\"name\":\"Just Now News\",\"url\":\"https:\/\/now-news.de\/de\/\",\"logo\":{\"@type\":\"ImageObject\",\"inLanguage\":\"de\",\"@id\":\"https:\/\/now-news.de\/de\/#\/schema\/logo\/image\/\",\"url\":\"http:\/\/just-now.news\/de\/wp-content\/uploads\/sites\/3\/2022\/04\/logo500x500.jpg\",\"contentUrl\":\"http:\/\/just-now.news\/de\/wp-content\/uploads\/sites\/3\/2022\/04\/logo500x500.jpg\",\"width\":500,\"height\":500,\"caption\":\"Just Now News\"},\"image\":{\"@id\":\"https:\/\/now-news.de\/de\/#\/schema\/logo\/image\/\"},\"sameAs\":[\"https:\/\/www.facebook.com\/wirmachenauf\",\"https:\/\/x.com\/WirMachenAuf_de\"]},{\"@type\":\"Person\",\"@id\":\"https:\/\/now-news.de\/de\/#\/schema\/person\/fb534a4e865501d8b3285208df34a9b5\",\"name\":\"rtnews\",\"image\":{\"@type\":\"ImageObject\",\"inLanguage\":\"de\",\"@id\":\"https:\/\/now-news.de\/de\/#\/schema\/person\/image\/\",\"url\":\"https:\/\/secure.gravatar.com\/avatar\/82aafea7d8127119dd649515f56e2117?s=96&d=mm&r=g\",\"contentUrl\":\"https:\/\/secure.gravatar.com\/avatar\/82aafea7d8127119dd649515f56e2117?s=96&d=mm&r=g\",\"caption\":\"rtnews\"},\"url\":\"https:\/\/now-news.de\/de\/author\/rnews\/\"}]}<\/script>\n<!-- \/ Yoast SEO Premium plugin. -->","yoast_head_json":{"title":"Nach Medienkampagne: Vorf\u00fchrung von Alina Lipp-Dokus in Pankower &quot;Brotfabrik&quot; abgesagt - just-now.NEWS Deutschland","robots":{"index":"index","follow":"follow","max-snippet":"max-snippet:-1","max-image-preview":"max-image-preview:large","max-video-preview":"max-video-preview:-1"},"canonical":"https:\/\/now-news.de\/de\/deutschland\/nach-medienkampagne-vorfuehrung-von-alina-lipp-dokus-in-pankower-brotfabrik-abgesagt\/","og_locale":"de_DE","og_type":"article","og_title":"Nach Medienkampagne: Vorf\u00fchrung von Alina Lipp-Dokus in Pankower &quot;Brotfabrik&quot; abgesagt","og_description":"Am Sonntag sollten in der Brotfabrik in Berlin-Pankow zwei Filme der deutsch-russischen Journalistin Alina Lipp gezeigt werden. Nach Protesten und Druck durch Medienschaffende wurde die Auff\u00fchrung nun abgesagt. Nach heftigen Protesten von pro-ukrainischen Aktivisten und Medienschaffenden wurde eine geplante Filmvorf\u00fchrung zweier Dokumentarfilme der deutsch-russischen Journalistin Alina Lipp abgesagt. Am kommenden Sonntag wollte der Kulturkreis Pankow [&hellip;]","og_url":"https:\/\/now-news.de\/de\/deutschland\/nach-medienkampagne-vorfuehrung-von-alina-lipp-dokus-in-pankower-brotfabrik-abgesagt\/","og_site_name":"just-now.NEWS Deutschland","article_publisher":"https:\/\/www.facebook.com\/wirmachenauf","article_published_time":"2023-03-18T10:00:06+00:00","og_image":[{"width":460,"height":259,"url":"https:\/\/now-news.de\/de\/wp-content\/uploads\/sites\/3\/2023\/03\/Nach-Medienkampagne-Vorfuehrung-von-Alina-Lipp-Dokus-in-Pankower-quotBrotfabrikquot-abgesagt.jpg","type":"image\/jpeg"}],"author":"rtnews","twitter_card":"summary_large_image","twitter_creator":"@WirMachenAuf_de","twitter_site":"@WirMachenAuf_de","twitter_misc":{"Verfasst von":"rtnews","Gesch\u00e4tzte Lesezeit":"4\u00a0Minuten"},"schema":{"@context":"https:\/\/schema.org","@graph":[{"@type":"Article","@id":"https:\/\/now-news.de\/de\/deutschland\/nach-medienkampagne-vorfuehrung-von-alina-lipp-dokus-in-pankower-brotfabrik-abgesagt\/#article","isPartOf":{"@id":"https:\/\/now-news.de\/de\/deutschland\/nach-medienkampagne-vorfuehrung-von-alina-lipp-dokus-in-pankower-brotfabrik-abgesagt\/"},"author":{"name":"rtnews","@id":"https:\/\/now-news.de\/de\/#\/schema\/person\/fb534a4e865501d8b3285208df34a9b5"},"headline":"Nach Medienkampagne: Vorf\u00fchrung von Alina Lipp-Dokus in Pankower &quot;Brotfabrik&quot; abgesagt","datePublished":"2023-03-18T10:00:06+00:00","dateModified":"2023-03-18T10:00:06+00:00","mainEntityOfPage":{"@id":"https:\/\/now-news.de\/de\/deutschland\/nach-medienkampagne-vorfuehrung-von-alina-lipp-dokus-in-pankower-brotfabrik-abgesagt\/"},"wordCount":859,"commentCount":0,"publisher":{"@id":"https:\/\/now-news.de\/de\/#organization"},"image":{"@id":"https:\/\/now-news.de\/de\/deutschland\/nach-medienkampagne-vorfuehrung-von-alina-lipp-dokus-in-pankower-brotfabrik-abgesagt\/#primaryimage"},"thumbnailUrl":"https:\/\/now-news.de\/de\/wp-content\/uploads\/sites\/3\/2023\/03\/Nach-Medienkampagne-Vorfuehrung-von-Alina-Lipp-Dokus-in-Pankower-quotBrotfabrikquot-abgesagt.jpg","keywords":["abgesagt","Alina","LippDokus","Medienkampagne","nach","Pankower","quotBrotfabrikquot","von","Vorf\u00fchrung"],"articleSection":["Deutschland","Russland"],"inLanguage":"de","potentialAction":[{"@type":"CommentAction","name":"Comment","target":["https:\/\/now-news.de\/de\/deutschland\/nach-medienkampagne-vorfuehrung-von-alina-lipp-dokus-in-pankower-brotfabrik-abgesagt\/#respond"]}]},{"@type":"WebPage","@id":"https:\/\/now-news.de\/de\/deutschland\/nach-medienkampagne-vorfuehrung-von-alina-lipp-dokus-in-pankower-brotfabrik-abgesagt\/","url":"https:\/\/now-news.de\/de\/deutschland\/nach-medienkampagne-vorfuehrung-von-alina-lipp-dokus-in-pankower-brotfabrik-abgesagt\/","name":"Nach Medienkampagne: Vorf\u00fchrung von Alina Lipp-Dokus in Pankower &quot;Brotfabrik&quot; abgesagt - just-now.NEWS Deutschland","isPartOf":{"@id":"https:\/\/now-news.de\/de\/#website"},"primaryImageOfPage":{"@id":"https:\/\/now-news.de\/de\/deutschland\/nach-medienkampagne-vorfuehrung-von-alina-lipp-dokus-in-pankower-brotfabrik-abgesagt\/#primaryimage"},"image":{"@id":"https:\/\/now-news.de\/de\/deutschland\/nach-medienkampagne-vorfuehrung-von-alina-lipp-dokus-in-pankower-brotfabrik-abgesagt\/#primaryimage"},"thumbnailUrl":"https:\/\/now-news.de\/de\/wp-content\/uploads\/sites\/3\/2023\/03\/Nach-Medienkampagne-Vorfuehrung-von-Alina-Lipp-Dokus-in-Pankower-quotBrotfabrikquot-abgesagt.jpg","datePublished":"2023-03-18T10:00:06+00:00","dateModified":"2023-03-18T10:00:06+00:00","breadcrumb":{"@id":"https:\/\/now-news.de\/de\/deutschland\/nach-medienkampagne-vorfuehrung-von-alina-lipp-dokus-in-pankower-brotfabrik-abgesagt\/#breadcrumb"},"inLanguage":"de","potentialAction":[{"@type":"ReadAction","target":["https:\/\/now-news.de\/de\/deutschland\/nach-medienkampagne-vorfuehrung-von-alina-lipp-dokus-in-pankower-brotfabrik-abgesagt\/"]}]},{"@type":"ImageObject","inLanguage":"de","@id":"https:\/\/now-news.de\/de\/deutschland\/nach-medienkampagne-vorfuehrung-von-alina-lipp-dokus-in-pankower-brotfabrik-abgesagt\/#primaryimage","url":"https:\/\/now-news.de\/de\/wp-content\/uploads\/sites\/3\/2023\/03\/Nach-Medienkampagne-Vorfuehrung-von-Alina-Lipp-Dokus-in-Pankower-quotBrotfabrikquot-abgesagt.jpg","contentUrl":"https:\/\/now-news.de\/de\/wp-content\/uploads\/sites\/3\/2023\/03\/Nach-Medienkampagne-Vorfuehrung-von-Alina-Lipp-Dokus-in-Pankower-quotBrotfabrikquot-abgesagt.jpg","width":460,"height":259,"caption":"Nach Medienkampagne: Vorf\u00fchrung von Alina Lipp-Dokus in Pankower &quot;Brotfabrik&quot; abgesagt"},{"@type":"BreadcrumbList","@id":"https:\/\/now-news.de\/de\/deutschland\/nach-medienkampagne-vorfuehrung-von-alina-lipp-dokus-in-pankower-brotfabrik-abgesagt\/#breadcrumb","itemListElement":[{"@type":"ListItem","position":1,"name":"Home","item":"https:\/\/now-news.de\/de\/"},{"@type":"ListItem","position":2,"name":"Nach Medienkampagne: Vorf\u00fchrung von Alina Lipp-Dokus in Pankower &quot;Brotfabrik&quot; abgesagt"}]},{"@type":"WebSite","@id":"https:\/\/now-news.de\/de\/#website","url":"https:\/\/now-news.de\/de\/","name":"just-now.NEWS Deutschland","description":"Das Portal f\u00fcr unzensierte Nachrichten aus der Welt","publisher":{"@id":"https:\/\/now-news.de\/de\/#organization"},"potentialAction":[{"@type":"SearchAction","target":{"@type":"EntryPoint","urlTemplate":"https:\/\/now-news.de\/de\/?s={search_term_string}"},"query-input":"required name=search_term_string"}],"inLanguage":"de"},{"@type":"Organization","@id":"https:\/\/now-news.de\/de\/#organization","name":"Just Now News","url":"https:\/\/now-news.de\/de\/","logo":{"@type":"ImageObject","inLanguage":"de","@id":"https:\/\/now-news.de\/de\/#\/schema\/logo\/image\/","url":"http:\/\/just-now.news\/de\/wp-content\/uploads\/sites\/3\/2022\/04\/logo500x500.jpg","contentUrl":"http:\/\/just-now.news\/de\/wp-content\/uploads\/sites\/3\/2022\/04\/logo500x500.jpg","width":500,"height":500,"caption":"Just Now News"},"image":{"@id":"https:\/\/now-news.de\/de\/#\/schema\/logo\/image\/"},"sameAs":["https:\/\/www.facebook.com\/wirmachenauf","https:\/\/x.com\/WirMachenAuf_de"]},{"@type":"Person","@id":"https:\/\/now-news.de\/de\/#\/schema\/person\/fb534a4e865501d8b3285208df34a9b5","name":"rtnews","image":{"@type":"ImageObject","inLanguage":"de","@id":"https:\/\/now-news.de\/de\/#\/schema\/person\/image\/","url":"https:\/\/secure.gravatar.com\/avatar\/82aafea7d8127119dd649515f56e2117?s=96&d=mm&r=g","contentUrl":"https:\/\/secure.gravatar.com\/avatar\/82aafea7d8127119dd649515f56e2117?s=96&d=mm&r=g","caption":"rtnews"},"url":"https:\/\/now-news.de\/de\/author\/rnews\/"}]}},"_links":{"self":[{"href":"https:\/\/now-news.de\/de\/wp-json\/wp\/v2\/posts\/32501"}],"collection":[{"href":"https:\/\/now-news.de\/de\/wp-json\/wp\/v2\/posts"}],"about":[{"href":"https:\/\/now-news.de\/de\/wp-json\/wp\/v2\/types\/post"}],"author":[{"embeddable":true,"href":"https:\/\/now-news.de\/de\/wp-json\/wp\/v2\/users\/3"}],"replies":[{"embeddable":true,"href":"https:\/\/now-news.de\/de\/wp-json\/wp\/v2\/comments?post=32501"}],"version-history":[{"count":0,"href":"https:\/\/now-news.de\/de\/wp-json\/wp\/v2\/posts\/32501\/revisions"}],"wp:featuredmedia":[{"embeddable":true,"href":"https:\/\/now-news.de\/de\/wp-json\/wp\/v2\/media\/32502"}],"wp:attachment":[{"href":"https:\/\/now-news.de\/de\/wp-json\/wp\/v2\/media?parent=32501"}],"wp:term":[{"taxonomy":"category","embeddable":true,"href":"https:\/\/now-news.de\/de\/wp-json\/wp\/v2\/categories?post=32501"},{"taxonomy":"post_tag","embeddable":true,"href":"https:\/\/now-news.de\/de\/wp-json\/wp\/v2\/tags?post=32501"}],"curies":[{"name":"wp","href":"https:\/\/api.w.org\/{rel}","templated":true}]}}