{"id":32493,"date":"2023-03-18T07:45:03","date_gmt":"2023-03-18T05:45:03","guid":{"rendered":"http:\/\/just-now.news\/de\/deutschland\/nicht-gelaeutert-wie-minister-lauterbach-die-oeffentlichkeit-weiterhin-mit-erfundenen-zahlen-taeuscht\/"},"modified":"2023-03-18T07:45:03","modified_gmt":"2023-03-18T05:45:03","slug":"nicht-gelaeutert-wie-minister-lauterbach-die-oeffentlichkeit-weiterhin-mit-erfundenen-zahlen-taeuscht","status":"publish","type":"post","link":"https:\/\/now-news.de\/de\/deutschland\/nicht-gelaeutert-wie-minister-lauterbach-die-oeffentlichkeit-weiterhin-mit-erfundenen-zahlen-taeuscht\/","title":{"rendered":"Nicht gel\u00e4utert: Wie Minister Lauterbach die \u00d6ffentlichkeit weiterhin mit erfundenen Zahlen t\u00e4uscht"},"content":{"rendered":"<p><img decoding=\"async\" src=\"http:\/\/just-now.news\/de\/wp-content\/uploads\/sites\/3\/2023\/03\/64134d0948fbef66777cd06e.jpg\" \/><\/p>\n<div class=\"Text-root Text-type_1 \">\n                Gesundheitsminister Lauterbach kann die Impfsch\u00e4den nicht mehr leugnen. J\u00fcngst versprach er im ZDF sogar das, worauf Betroffene teils schon zwei Jahre vergeblich warten: Hilfe. Trotzdem f\u00fchrte er seine M\u00e4rchenstunde fort. Er erfand zum Beispiel Zahlen zur Anzahl der Betroffenen.\n            <\/div>\n<p><\/p>\n<div class=\"Text-root Text-type_5 ArticleView-text ViewText-root \">\n<p><em>Von Susan Bonath<\/em><\/p>\n<p><strong><\/strong>Dass Bundesgesundheitsminister Karl Lauterbach (SPD) es mit der Wahrheit oft nicht so genau nimmt, pfeifen inzwischen die Spatzen von den D\u00e4chern. Erst k\u00fcrzlich war <a rel=\"nofollow noopener\" target=\"_blank\" href=\"https:\/\/www.welt.de\/debatte\/plus244257011\/Frisierter-Lebenslauf-Karl-Lauterbach-ist-von-Anfang-an-ein-Irrtum-gewesen.html\">aufgeflogen<\/a>, dass der Gesundheits\u00f6konom vor Jahren seinen Lebenslauf frisiert hatte. In der Corona-Krise &#8220;etablierte&#8221; er sich als oberster Panikmacher. Er interpretierte diverse Studien nach Gutd\u00fcnken, bef\u00fcrwortete die massive Diskriminierung Ungeimpfter und <a rel=\"nofollow noopener\" target=\"_blank\" href=\"https:\/\/twitter.com\/karl_lauterbach\/status\/1426323236019650564?lang=es\">kolportierte<\/a> stets die M\u00e4r der &#8220;nebenwirkungsfreien Impfung&#8221;.\u00a0<\/p>\n<p>Dass er daneben lag, war schon damals klar. Heute versucht sich der Minister aus der Aff\u00e4re zu winden. In einem <a rel=\"nofollow noopener\" target=\"_blank\" href=\"https:\/\/www.zdf.de\/nachrichten\/politik\/corona-hilfe-impfschaeden-long-covid-lauterbach-100.html\">Interview<\/a>\u00a0im <em>ZDF<\/em> gab er sich betroffen angesichts eines vorangegangenen <a rel=\"nofollow noopener\" target=\"_blank\" href=\"https:\/\/www.zdf.de\/nachrichten\/heute-journal\/folgen-covid-impfgeschaedigte-102.html\">Beitrags<\/a>\u00a0\u00fcber Impfgesch\u00e4digte. Nach mehr als zwei Jahren des Leugnens dieser Probleme wolle er diese Probleme nun doch erforschen lassen. Doch Lauterbach kann es nicht lassen: Erneut belog er die \u00d6ffentlichkeit \u00fcber Fakten und Zahlen.<\/p>\n<p><strong>Fehlende Studien, erfundene Zahlen<\/strong><\/p>\n<p>Der Gesundheitsminister erkl\u00e4rte nicht nur wahrheitswidrig, bei seiner fr\u00fcheren Behauptung von einer &#8220;nebenwirkungsfreien Impfung&#8221; handele es sich lediglich um &#8220;eine \u00dcbertreibung, die ich da einmal in einem missgl\u00fcckten Tweet gemacht habe&#8221;. Denn tats\u00e4chlich hatte er dies h\u00e4ufiger behauptet, etwa in Talkshows, bei denen er zeitweise Dauergast war. Er spielte die Folgen der Corona-Injektionen zudem erneut herunter \u2013 und dies mit offenbar erfundenen Zahlen. W\u00f6rtlich erkl\u00e4rte Lauterbach:<\/p>\n<blockquote>\n<p><em>&#8220;Schwere Impfsch\u00e4den sind auf der Grundlage des Paul-Ehrlich-Instituts oder der europ\u00e4ischen Zulassungsbeh\u00f6rde in der Gr\u00f6\u00dfenordnung\u00a0von weniger als eins zu 10.000 Impfungen.&#8221;<\/em><\/p>\n<\/blockquote>\n<p>Wo genau er bei den genannten Beh\u00f6rden diese Daten gefunden haben will, erl\u00e4uterte er nicht. Und tats\u00e4chlich existieren sie nicht. Eine wissenschaftliche Grundlage f\u00fcr die Angabe, dass angeblich weniger als ein schwerer Schaden pro 10.000 Impfungen aufgetreten sei, gibt es schon gar nicht. Denn weder das Paul-Ehrlich-Institut (PEI) in Deutschland noch die Europ\u00e4ische\u00a0Arzneimittel-Agentur (EMA) haben dazu evidenzbasiert geforscht. Lauterbachs Angabe geht auch nicht aus den PEI-Daten hervor.<\/p>\n<p>Das in Deutschland f\u00fcr die Impfstoffsicherheit zust\u00e4ndige PEI sammelt lediglich Verdachtsf\u00e4lle. Diese werden teils von \u00c4rzten, teils von Betroffenen oder Angeh\u00f6rigen gemeldet. Aus vielen Erz\u00e4hlungen Gesch\u00e4digter geht hervor, dass Mediziner h\u00e4ufig m\u00f6gliche Zusammenh\u00e4nge leugnen und eine Meldung verweigern.<\/p>\n<p>Das PEI selbst untersucht die Verdachtsf\u00e4lle nicht klinisch. Vielmehr interpretiert es sie nur statistisch. Auf zahlreiche Anfragen der Autorin, wie vielen F\u00e4llen wie nachgegangen wurde, erkl\u00e4rte das PEI sinngem\u00e4\u00df: Man k\u00f6nne das nicht sagen, zust\u00e4ndig daf\u00fcr seien ausschlie\u00dflich die Beh\u00f6rden vor Ort. Manchmal frage das PEI nach, f\u00fchre aber keine Statistik. Kurzum: Das PEI wisse dies nicht.<\/p>\n<p>So d\u00fcrfte es sich bei den Meldef\u00e4llen nur um die Spitze eines Eisbergs handeln. Das wahre Ausma\u00df ist nicht ansatzweise bekannt. Auch werden die F\u00e4lle nicht systematisch untersucht, sodass niemand sagen kann, ob ein kausaler Zusammenhang zur Impfung besteht, und wenn ja, welcher. Mit anderen Worten: Wegen fehlender Studien wei\u00df kein Mensch auch nur ann\u00e4hernd, wie viele Geimpfte durch die Corona-Pr\u00e4parate gesch\u00e4digt wurden. Lauterbachs Angabe von &#8220;eins zu 10.000&#8221; ist eine blo\u00dfe Behauptung.<\/p>\n<p><strong>Meldequote ist viel h\u00f6her<\/strong><\/p>\n<p>Das PEI h\u00e4lt seinerseits vieles im Dunkeln. Zunehmend verschwieg es in seinen <a rel=\"nofollow noopener\" target=\"_blank\" href=\"https:\/\/www.pei.de\/DE\/newsroom\/dossier\/coronavirus\/arzneimittelsicherheit.html\">Sicherheitsberichten<\/a> sowie gegen\u00fcber der Presse immer mehr Details. Bereits seit \u00fcber einem Jahr erf\u00e4hrt die \u00d6ffentlichkeit beispielsweise nichts mehr \u00fcber schwerwiegende Meldungen bei Kindern und Jugendlichen, seit Mitte 2022 h\u00e4lt es auch die Anzahl angezeigter Todesf\u00e4lle geheim. In den ersten eineinhalb Impfjahren wurden dem Institut bereits mehr als 3.000 Sterbef\u00e4lle \u00fcbermittelt, bei denen die Impfung als Ursache im Verdacht steht.<\/p>\n<p>In seinem zuletzt herausgegebenen, stark gestutzten Bericht ist allerdings die Rede von insgesamt rund 333.500 gemeldeten mutma\u00dflichen Nebenwirkungen bis Ende Oktober 2022. Von diesen habe das PEI knapp 51.000 F\u00e4lle als schwerwiegend eingestuft, dies bei rund 188 Millionen verspritzten Dosen. Das w\u00e4re dann allerdings nicht etwa &#8220;weniger als ein Fall bei 10.000 Impfungen&#8221;, sondern fast drei F\u00e4lle, also dreimal mehr, als Lauterbach behauptete.<\/p>\n<p>Bezogen auf die 64,8 Millionen mindestens einmal geimpften Personen in Deutschland wurden dem PEI demnach sogar acht schwer Gesch\u00e4digte pro 10.000 Probanden gemeldet. Auf rund 1.260 Geimpfte kam bis Ende Oktober vergangenen Jahres somit ein schwerwiegender Verdachtsfall, die Dunkelziffer ist unbekannt.<\/p>\n<p>Die Erkrather Anwaltskanzlei Rogert &amp; Ulbrich \u00e4u\u00dferte sich in einer <a rel=\"nofollow noopener\" target=\"_blank\" href=\"https:\/\/www.presseportal.de\/pm\/119896\/5463656\">Pressemitteilung<\/a> vom 15. M\u00e4rz \u00e4hnlich zu Lauterbachs Interview. Die Juristen enttarnten die vom Minister genannten Zahlen mit Blick auf das PEI sowie die EMA als eindeutig falsch. Dar\u00fcber hinaus habe er wahrheitswidrig behauptet, die Krankenkassen \u00fcbern\u00e4hmen die Behandlungskosten f\u00fcr Gesch\u00e4digte vollst\u00e4ndig. W\u00f6rtlich teilte die Kanzlei dazu mit:<\/p>\n<blockquote>\n<p><em>&#8220;Vielmehr h\u00e4tten viele Mandanten mittlerweile betr\u00e4chtliche Schulden angeh\u00e4uft, weil ihre Krankenkasse die teuren Behandlungen eben nicht \u00fcbernehme. Besonders perfide dabei sei, dass die Kassen sich teilweise darauf beriefen, dass die Impfung freiwillig sei und eine Drittsch\u00e4digung vorliege, weshalb man sich an die Sch\u00e4diger halten m\u00fcsse, erl\u00e4utern die Anw\u00e4lte weiter.&#8221;<\/em><\/p>\n<\/blockquote>\n<p><strong>Vors\u00e4tzlich get\u00e4uscht?<\/strong><\/p>\n<p>Die tats\u00e4chlichen Fakten zur Erforschung der schweren Impfnebenwirkungen zeigen sehr deutlich, wie der Gesundheitsminister mit Fake News arbeitet, offensichtlich um die \u00d6ffentlichkeit weiterhin zu beschwichtigen. Diese Fakten kann man wie folgt zusammenfassen:<\/p>\n<p><strong>Erstens<\/strong> sammelt das PEI nur Verdachtsf\u00e4lle, die es ausschlie\u00dflich statistisch interpretiert. Dabei kamen bis Ende Oktober 2022 fast 51.000 schwerwiegend Betroffene zusammen. Allerdings lie\u00df das PEI diese F\u00e4lle nie systematisch untersuchen. Niemand kann also wissen, wie viele Menschen es wirklich betrifft.<em><\/em><\/p>\n<p><strong>Zweitens<\/strong> existieren in Deutschland keinerlei evidenzbasierte Studien zur Erforschung von Impfsch\u00e4den. Einen Versuch hatte der Charit\u00e9-Mediziner Harald Matthes gestartet. Er kam auf etwa acht Gesch\u00e4digte von 1.000 Geimpften. Mangels Forschungsbudget erhob Matthes die Daten damals \u00fcber ein Online-Portal. Das brachte Matthes harsche Vorw\u00fcrfe und <a rel=\"nofollow noopener\" target=\"_blank\" href=\"https:\/\/www.stern.de\/gesundheit\/aerger-um-impfstudie--wie-gross-sind-die-nebenwirkungen-wirklich--31844112.html\">mediale Shitstorms<\/a> ein. Die Charit\u00e9 stoppte die Studie.<\/p>\n<p><strong>Drittens<\/strong> berichteten mittlerweile unz\u00e4hlige Betroffene, wie \u00c4rzte einen m\u00f6glichen Impfzusammenhang selbst bei unmittelbarer zeitlicher Korrelation leugneten, sie abwimmelten, ihnen psychische Probleme unterstellten und sich weigerten, die Probleme dem PEI zu melden. Sogar medizinische Behandlungen mussten viele Betroffene selbst bezahlen. Es ist von einer hohen Dunkelziffer Gesch\u00e4digter auszugehen.<\/p>\n<p>Lauterbach ist also keineswegs gel\u00e4utert. Anstatt Verantwortung zu \u00fcbernehmen, Fehler einzugestehen und endlich zielf\u00fchrende Studien aufzusetzen, sofern es jetzt noch m\u00f6glich ist, f\u00fchrt er die \u00d6ffentlichkeit weiterhin mit falschen Zahlen in die Irre. Was er allerdings in dem Interview mit dem <em>ZDF<\/em> einr\u00e4umte, ist zweifellos ein unfassbarer Skandal. Er bezog sich auf die PEI-Berichte und sagte:<\/p>\n<blockquote>\n<p><em>&#8220;Die Zahlen waren mir ja all die Zeit bekannt, die sind auch relativ stabil geblieben. (&#8230;)&#8221;<\/em><\/p>\n<\/blockquote>\n<p>Tats\u00e4chlich hatte das PEI bis Mitte 2021, bevor Lauterbach seinen Tweet \u00fcber &#8220;nebenwirkungsfreie Impfungen&#8221; absetzte, bereits knapp 107.000 Meldungen insgesamt ausgewiesen, darunter rund 10.600 schwerwiegende Erkrankungen und \u00fcber 1.000 Todesf\u00e4lle, bei denen die Corona-Impfung als Ursache vermutet wurde.<\/p>\n<p>Um es auf den Punkt zu bringen: Lauterbach hat die offiziellen Zahlen demnach keineswegs aus Dummheit ignoriert. Wie er selbst erkl\u00e4rt, wusste er genau Bescheid, hat also bewusst gelogen und so die \u00d6ffentlichkeit get\u00e4uscht \u2013 mit schwerwiegenden Folgen f\u00fcr eine unbekannte Zahl von Menschen.<\/p>\n<p><strong>Mehr zum Thema<\/strong>\u00a0\u2013 <a rel=\"nofollow noopener\" target=\"_blank\" href=\"https:\/\/pressefreiheit.rtde.live\/kurzclips\/video\/165353-erst-getaeuscht-und-dann-gelogen-lauterbach\/\">&#8220;Erst get\u00e4uscht und dann gelogen&#8221; \u2013 Karl Lauterbach und die Wahrheit<\/a><\/p>\n<\/p>\n<\/div>\n<p><script async src=\"https:\/\/platform.twitter.com\/widgets.js\" charset=\"utf-8\"><\/script><br \/>\n<br \/><br \/>\n<br \/><a href=\"https:\/\/de.rt.com\/inland\/165515-nicht-gelaeutert-wie-minister-lauterbach\/\">Source link <\/a><\/p>\n","protected":false},"excerpt":{"rendered":"<p>Gesundheitsminister Lauterbach kann die Impfsch\u00e4den nicht mehr leugnen. J\u00fcngst versprach er im ZDF sogar das, worauf Betroffene teils schon zwei Jahre vergeblich warten: Hilfe. Trotzdem f\u00fchrte er seine M\u00e4rchenstunde fort. Er erfand zum Beispiel Zahlen zur Anzahl der Betroffenen. Von Susan Bonath Dass Bundesgesundheitsminister Karl Lauterbach (SPD) es mit der Wahrheit oft nicht so genau [&hellip;]<\/p>\n","protected":false},"author":3,"featured_media":32494,"comment_status":"open","ping_status":"open","sticky":false,"template":"","format":"standard","meta":{"_yoast_indexnow_last_ping":["1679119135"],"wp_automatic_camp":["217"],"6350d4e6b229d307c307b9c3c4c4ba8d":["Nicht gel\u00e4utert: Wie Minister Lauterbach die \u00d6ffentlichkeit weiterhin mit erfundenen Zahlen t\u00e4uscht"],"original_link":["https:\/\/de.rt.com\/inland\/165515-nicht-gelaeutert-wie-minister-lauterbach\/"],"_thumbnail_id":["32494"],"_wptgpro_p2tg_sent2tg":["a:1:{i:23737;s:19:\"2023-03-18 08:00:04\";}"],"jnews_social_counter_last_update":["1777777006"]},"categories":[19,23],"tags":[45,42130,42129,1748,11319,419,800,790,28805,4250,579,14138],"yoast_head":"<!-- This site is optimized with the Yoast SEO Premium plugin v22.7 (Yoast SEO v22.7) - https:\/\/yoast.com\/wordpress\/plugins\/seo\/ -->\n<title>Nicht gel\u00e4utert: Wie Minister Lauterbach die \u00d6ffentlichkeit weiterhin mit erfundenen Zahlen t\u00e4uscht - just-now.NEWS Deutschland<\/title>\n<meta name=\"robots\" content=\"index, follow, max-snippet:-1, max-image-preview:large, max-video-preview:-1\" \/>\n<link rel=\"canonical\" href=\"https:\/\/now-news.de\/de\/deutschland\/nicht-gelaeutert-wie-minister-lauterbach-die-oeffentlichkeit-weiterhin-mit-erfundenen-zahlen-taeuscht\/\" \/>\n<meta property=\"og:locale\" content=\"de_DE\" \/>\n<meta property=\"og:type\" content=\"article\" \/>\n<meta property=\"og:title\" content=\"Nicht gel\u00e4utert: Wie Minister Lauterbach die \u00d6ffentlichkeit weiterhin mit erfundenen Zahlen t\u00e4uscht\" \/>\n<meta property=\"og:description\" content=\"Gesundheitsminister Lauterbach kann die Impfsch\u00e4den nicht mehr leugnen. J\u00fcngst versprach er im ZDF sogar das, worauf Betroffene teils schon zwei Jahre vergeblich warten: Hilfe. Trotzdem f\u00fchrte er seine M\u00e4rchenstunde fort. Er erfand zum Beispiel Zahlen zur Anzahl der Betroffenen. Von Susan Bonath Dass Bundesgesundheitsminister Karl Lauterbach (SPD) es mit der Wahrheit oft nicht so genau [&hellip;]\" \/>\n<meta property=\"og:url\" content=\"https:\/\/now-news.de\/de\/deutschland\/nicht-gelaeutert-wie-minister-lauterbach-die-oeffentlichkeit-weiterhin-mit-erfundenen-zahlen-taeuscht\/\" \/>\n<meta property=\"og:site_name\" content=\"just-now.NEWS Deutschland\" \/>\n<meta property=\"article:publisher\" content=\"https:\/\/www.facebook.com\/wirmachenauf\" \/>\n<meta property=\"article:published_time\" content=\"2023-03-18T05:45:03+00:00\" \/>\n<meta property=\"og:image\" content=\"https:\/\/now-news.de\/de\/wp-content\/uploads\/sites\/3\/2023\/03\/Nicht-gelaeutert-Wie-Minister-Lauterbach-die-Oeffentlichkeit-weiterhin-mit-erfundenen.jpg\" \/>\n\t<meta property=\"og:image:width\" content=\"460\" \/>\n\t<meta property=\"og:image:height\" content=\"259\" \/>\n\t<meta property=\"og:image:type\" content=\"image\/jpeg\" \/>\n<meta name=\"author\" content=\"rtnews\" \/>\n<meta name=\"twitter:card\" content=\"summary_large_image\" \/>\n<meta name=\"twitter:creator\" content=\"@WirMachenAuf_de\" \/>\n<meta name=\"twitter:site\" content=\"@WirMachenAuf_de\" \/>\n<meta name=\"twitter:label1\" content=\"Verfasst von\" \/>\n\t<meta name=\"twitter:data1\" content=\"rtnews\" \/>\n\t<meta name=\"twitter:label2\" content=\"Gesch\u00e4tzte Lesezeit\" \/>\n\t<meta name=\"twitter:data2\" content=\"6\u00a0Minuten\" \/>\n<script type=\"application\/ld+json\" class=\"yoast-schema-graph\">{\"@context\":\"https:\/\/schema.org\",\"@graph\":[{\"@type\":\"Article\",\"@id\":\"https:\/\/now-news.de\/de\/deutschland\/nicht-gelaeutert-wie-minister-lauterbach-die-oeffentlichkeit-weiterhin-mit-erfundenen-zahlen-taeuscht\/#article\",\"isPartOf\":{\"@id\":\"https:\/\/now-news.de\/de\/deutschland\/nicht-gelaeutert-wie-minister-lauterbach-die-oeffentlichkeit-weiterhin-mit-erfundenen-zahlen-taeuscht\/\"},\"author\":{\"name\":\"rtnews\",\"@id\":\"https:\/\/now-news.de\/de\/#\/schema\/person\/fb534a4e865501d8b3285208df34a9b5\"},\"headline\":\"Nicht gel\u00e4utert: Wie Minister Lauterbach die \u00d6ffentlichkeit weiterhin mit erfundenen Zahlen t\u00e4uscht\",\"datePublished\":\"2023-03-18T05:45:03+00:00\",\"dateModified\":\"2023-03-18T05:45:03+00:00\",\"mainEntityOfPage\":{\"@id\":\"https:\/\/now-news.de\/de\/deutschland\/nicht-gelaeutert-wie-minister-lauterbach-die-oeffentlichkeit-weiterhin-mit-erfundenen-zahlen-taeuscht\/\"},\"wordCount\":1222,\"commentCount\":1,\"publisher\":{\"@id\":\"https:\/\/now-news.de\/de\/#organization\"},\"image\":{\"@id\":\"https:\/\/now-news.de\/de\/deutschland\/nicht-gelaeutert-wie-minister-lauterbach-die-oeffentlichkeit-weiterhin-mit-erfundenen-zahlen-taeuscht\/#primaryimage\"},\"thumbnailUrl\":\"https:\/\/now-news.de\/de\/wp-content\/uploads\/sites\/3\/2023\/03\/Nicht-gelaeutert-Wie-Minister-Lauterbach-die-Oeffentlichkeit-weiterhin-mit-erfundenen.jpg\",\"keywords\":[\"die\",\"erfundenen\",\"gel\u00e4utert\",\"Lauterbach\",\"Minister\",\"mit\",\"nicht\",\"\u00d6ffentlichkeit\",\"t\u00e4uscht\",\"weiterhin\",\"Wie\",\"zahlen\"],\"articleSection\":[\"Deutschland\",\"Russland\"],\"inLanguage\":\"de\",\"potentialAction\":[{\"@type\":\"CommentAction\",\"name\":\"Comment\",\"target\":[\"https:\/\/now-news.de\/de\/deutschland\/nicht-gelaeutert-wie-minister-lauterbach-die-oeffentlichkeit-weiterhin-mit-erfundenen-zahlen-taeuscht\/#respond\"]}]},{\"@type\":\"WebPage\",\"@id\":\"https:\/\/now-news.de\/de\/deutschland\/nicht-gelaeutert-wie-minister-lauterbach-die-oeffentlichkeit-weiterhin-mit-erfundenen-zahlen-taeuscht\/\",\"url\":\"https:\/\/now-news.de\/de\/deutschland\/nicht-gelaeutert-wie-minister-lauterbach-die-oeffentlichkeit-weiterhin-mit-erfundenen-zahlen-taeuscht\/\",\"name\":\"Nicht gel\u00e4utert: Wie Minister Lauterbach die \u00d6ffentlichkeit weiterhin mit erfundenen Zahlen t\u00e4uscht - just-now.NEWS Deutschland\",\"isPartOf\":{\"@id\":\"https:\/\/now-news.de\/de\/#website\"},\"primaryImageOfPage\":{\"@id\":\"https:\/\/now-news.de\/de\/deutschland\/nicht-gelaeutert-wie-minister-lauterbach-die-oeffentlichkeit-weiterhin-mit-erfundenen-zahlen-taeuscht\/#primaryimage\"},\"image\":{\"@id\":\"https:\/\/now-news.de\/de\/deutschland\/nicht-gelaeutert-wie-minister-lauterbach-die-oeffentlichkeit-weiterhin-mit-erfundenen-zahlen-taeuscht\/#primaryimage\"},\"thumbnailUrl\":\"https:\/\/now-news.de\/de\/wp-content\/uploads\/sites\/3\/2023\/03\/Nicht-gelaeutert-Wie-Minister-Lauterbach-die-Oeffentlichkeit-weiterhin-mit-erfundenen.jpg\",\"datePublished\":\"2023-03-18T05:45:03+00:00\",\"dateModified\":\"2023-03-18T05:45:03+00:00\",\"breadcrumb\":{\"@id\":\"https:\/\/now-news.de\/de\/deutschland\/nicht-gelaeutert-wie-minister-lauterbach-die-oeffentlichkeit-weiterhin-mit-erfundenen-zahlen-taeuscht\/#breadcrumb\"},\"inLanguage\":\"de\",\"potentialAction\":[{\"@type\":\"ReadAction\",\"target\":[\"https:\/\/now-news.de\/de\/deutschland\/nicht-gelaeutert-wie-minister-lauterbach-die-oeffentlichkeit-weiterhin-mit-erfundenen-zahlen-taeuscht\/\"]}]},{\"@type\":\"ImageObject\",\"inLanguage\":\"de\",\"@id\":\"https:\/\/now-news.de\/de\/deutschland\/nicht-gelaeutert-wie-minister-lauterbach-die-oeffentlichkeit-weiterhin-mit-erfundenen-zahlen-taeuscht\/#primaryimage\",\"url\":\"https:\/\/now-news.de\/de\/wp-content\/uploads\/sites\/3\/2023\/03\/Nicht-gelaeutert-Wie-Minister-Lauterbach-die-Oeffentlichkeit-weiterhin-mit-erfundenen.jpg\",\"contentUrl\":\"https:\/\/now-news.de\/de\/wp-content\/uploads\/sites\/3\/2023\/03\/Nicht-gelaeutert-Wie-Minister-Lauterbach-die-Oeffentlichkeit-weiterhin-mit-erfundenen.jpg\",\"width\":460,\"height\":259,\"caption\":\"Nicht gel\u00e4utert: Wie Minister Lauterbach die \u00d6ffentlichkeit weiterhin mit erfundenen Zahlen t\u00e4uscht\"},{\"@type\":\"BreadcrumbList\",\"@id\":\"https:\/\/now-news.de\/de\/deutschland\/nicht-gelaeutert-wie-minister-lauterbach-die-oeffentlichkeit-weiterhin-mit-erfundenen-zahlen-taeuscht\/#breadcrumb\",\"itemListElement\":[{\"@type\":\"ListItem\",\"position\":1,\"name\":\"Home\",\"item\":\"https:\/\/now-news.de\/de\/\"},{\"@type\":\"ListItem\",\"position\":2,\"name\":\"Nicht gel\u00e4utert: Wie Minister Lauterbach die \u00d6ffentlichkeit weiterhin mit erfundenen Zahlen t\u00e4uscht\"}]},{\"@type\":\"WebSite\",\"@id\":\"https:\/\/now-news.de\/de\/#website\",\"url\":\"https:\/\/now-news.de\/de\/\",\"name\":\"just-now.NEWS Deutschland\",\"description\":\"Das Portal f\u00fcr unzensierte Nachrichten aus der Welt\",\"publisher\":{\"@id\":\"https:\/\/now-news.de\/de\/#organization\"},\"potentialAction\":[{\"@type\":\"SearchAction\",\"target\":{\"@type\":\"EntryPoint\",\"urlTemplate\":\"https:\/\/now-news.de\/de\/?s={search_term_string}\"},\"query-input\":\"required name=search_term_string\"}],\"inLanguage\":\"de\"},{\"@type\":\"Organization\",\"@id\":\"https:\/\/now-news.de\/de\/#organization\",\"name\":\"Just Now News\",\"url\":\"https:\/\/now-news.de\/de\/\",\"logo\":{\"@type\":\"ImageObject\",\"inLanguage\":\"de\",\"@id\":\"https:\/\/now-news.de\/de\/#\/schema\/logo\/image\/\",\"url\":\"http:\/\/just-now.news\/de\/wp-content\/uploads\/sites\/3\/2022\/04\/logo500x500.jpg\",\"contentUrl\":\"http:\/\/just-now.news\/de\/wp-content\/uploads\/sites\/3\/2022\/04\/logo500x500.jpg\",\"width\":500,\"height\":500,\"caption\":\"Just Now News\"},\"image\":{\"@id\":\"https:\/\/now-news.de\/de\/#\/schema\/logo\/image\/\"},\"sameAs\":[\"https:\/\/www.facebook.com\/wirmachenauf\",\"https:\/\/x.com\/WirMachenAuf_de\"]},{\"@type\":\"Person\",\"@id\":\"https:\/\/now-news.de\/de\/#\/schema\/person\/fb534a4e865501d8b3285208df34a9b5\",\"name\":\"rtnews\",\"image\":{\"@type\":\"ImageObject\",\"inLanguage\":\"de\",\"@id\":\"https:\/\/now-news.de\/de\/#\/schema\/person\/image\/\",\"url\":\"https:\/\/secure.gravatar.com\/avatar\/82aafea7d8127119dd649515f56e2117?s=96&d=mm&r=g\",\"contentUrl\":\"https:\/\/secure.gravatar.com\/avatar\/82aafea7d8127119dd649515f56e2117?s=96&d=mm&r=g\",\"caption\":\"rtnews\"},\"url\":\"https:\/\/now-news.de\/de\/author\/rnews\/\"}]}<\/script>\n<!-- \/ Yoast SEO Premium plugin. -->","yoast_head_json":{"title":"Nicht gel\u00e4utert: Wie Minister Lauterbach die \u00d6ffentlichkeit weiterhin mit erfundenen Zahlen t\u00e4uscht - just-now.NEWS Deutschland","robots":{"index":"index","follow":"follow","max-snippet":"max-snippet:-1","max-image-preview":"max-image-preview:large","max-video-preview":"max-video-preview:-1"},"canonical":"https:\/\/now-news.de\/de\/deutschland\/nicht-gelaeutert-wie-minister-lauterbach-die-oeffentlichkeit-weiterhin-mit-erfundenen-zahlen-taeuscht\/","og_locale":"de_DE","og_type":"article","og_title":"Nicht gel\u00e4utert: Wie Minister Lauterbach die \u00d6ffentlichkeit weiterhin mit erfundenen Zahlen t\u00e4uscht","og_description":"Gesundheitsminister Lauterbach kann die Impfsch\u00e4den nicht mehr leugnen. J\u00fcngst versprach er im ZDF sogar das, worauf Betroffene teils schon zwei Jahre vergeblich warten: Hilfe. Trotzdem f\u00fchrte er seine M\u00e4rchenstunde fort. Er erfand zum Beispiel Zahlen zur Anzahl der Betroffenen. Von Susan Bonath Dass Bundesgesundheitsminister Karl Lauterbach (SPD) es mit der Wahrheit oft nicht so genau [&hellip;]","og_url":"https:\/\/now-news.de\/de\/deutschland\/nicht-gelaeutert-wie-minister-lauterbach-die-oeffentlichkeit-weiterhin-mit-erfundenen-zahlen-taeuscht\/","og_site_name":"just-now.NEWS Deutschland","article_publisher":"https:\/\/www.facebook.com\/wirmachenauf","article_published_time":"2023-03-18T05:45:03+00:00","og_image":[{"width":460,"height":259,"url":"https:\/\/now-news.de\/de\/wp-content\/uploads\/sites\/3\/2023\/03\/Nicht-gelaeutert-Wie-Minister-Lauterbach-die-Oeffentlichkeit-weiterhin-mit-erfundenen.jpg","type":"image\/jpeg"}],"author":"rtnews","twitter_card":"summary_large_image","twitter_creator":"@WirMachenAuf_de","twitter_site":"@WirMachenAuf_de","twitter_misc":{"Verfasst von":"rtnews","Gesch\u00e4tzte Lesezeit":"6\u00a0Minuten"},"schema":{"@context":"https:\/\/schema.org","@graph":[{"@type":"Article","@id":"https:\/\/now-news.de\/de\/deutschland\/nicht-gelaeutert-wie-minister-lauterbach-die-oeffentlichkeit-weiterhin-mit-erfundenen-zahlen-taeuscht\/#article","isPartOf":{"@id":"https:\/\/now-news.de\/de\/deutschland\/nicht-gelaeutert-wie-minister-lauterbach-die-oeffentlichkeit-weiterhin-mit-erfundenen-zahlen-taeuscht\/"},"author":{"name":"rtnews","@id":"https:\/\/now-news.de\/de\/#\/schema\/person\/fb534a4e865501d8b3285208df34a9b5"},"headline":"Nicht gel\u00e4utert: Wie Minister Lauterbach die \u00d6ffentlichkeit weiterhin mit erfundenen Zahlen t\u00e4uscht","datePublished":"2023-03-18T05:45:03+00:00","dateModified":"2023-03-18T05:45:03+00:00","mainEntityOfPage":{"@id":"https:\/\/now-news.de\/de\/deutschland\/nicht-gelaeutert-wie-minister-lauterbach-die-oeffentlichkeit-weiterhin-mit-erfundenen-zahlen-taeuscht\/"},"wordCount":1222,"commentCount":1,"publisher":{"@id":"https:\/\/now-news.de\/de\/#organization"},"image":{"@id":"https:\/\/now-news.de\/de\/deutschland\/nicht-gelaeutert-wie-minister-lauterbach-die-oeffentlichkeit-weiterhin-mit-erfundenen-zahlen-taeuscht\/#primaryimage"},"thumbnailUrl":"https:\/\/now-news.de\/de\/wp-content\/uploads\/sites\/3\/2023\/03\/Nicht-gelaeutert-Wie-Minister-Lauterbach-die-Oeffentlichkeit-weiterhin-mit-erfundenen.jpg","keywords":["die","erfundenen","gel\u00e4utert","Lauterbach","Minister","mit","nicht","\u00d6ffentlichkeit","t\u00e4uscht","weiterhin","Wie","zahlen"],"articleSection":["Deutschland","Russland"],"inLanguage":"de","potentialAction":[{"@type":"CommentAction","name":"Comment","target":["https:\/\/now-news.de\/de\/deutschland\/nicht-gelaeutert-wie-minister-lauterbach-die-oeffentlichkeit-weiterhin-mit-erfundenen-zahlen-taeuscht\/#respond"]}]},{"@type":"WebPage","@id":"https:\/\/now-news.de\/de\/deutschland\/nicht-gelaeutert-wie-minister-lauterbach-die-oeffentlichkeit-weiterhin-mit-erfundenen-zahlen-taeuscht\/","url":"https:\/\/now-news.de\/de\/deutschland\/nicht-gelaeutert-wie-minister-lauterbach-die-oeffentlichkeit-weiterhin-mit-erfundenen-zahlen-taeuscht\/","name":"Nicht gel\u00e4utert: Wie Minister Lauterbach die \u00d6ffentlichkeit weiterhin mit erfundenen Zahlen t\u00e4uscht - just-now.NEWS Deutschland","isPartOf":{"@id":"https:\/\/now-news.de\/de\/#website"},"primaryImageOfPage":{"@id":"https:\/\/now-news.de\/de\/deutschland\/nicht-gelaeutert-wie-minister-lauterbach-die-oeffentlichkeit-weiterhin-mit-erfundenen-zahlen-taeuscht\/#primaryimage"},"image":{"@id":"https:\/\/now-news.de\/de\/deutschland\/nicht-gelaeutert-wie-minister-lauterbach-die-oeffentlichkeit-weiterhin-mit-erfundenen-zahlen-taeuscht\/#primaryimage"},"thumbnailUrl":"https:\/\/now-news.de\/de\/wp-content\/uploads\/sites\/3\/2023\/03\/Nicht-gelaeutert-Wie-Minister-Lauterbach-die-Oeffentlichkeit-weiterhin-mit-erfundenen.jpg","datePublished":"2023-03-18T05:45:03+00:00","dateModified":"2023-03-18T05:45:03+00:00","breadcrumb":{"@id":"https:\/\/now-news.de\/de\/deutschland\/nicht-gelaeutert-wie-minister-lauterbach-die-oeffentlichkeit-weiterhin-mit-erfundenen-zahlen-taeuscht\/#breadcrumb"},"inLanguage":"de","potentialAction":[{"@type":"ReadAction","target":["https:\/\/now-news.de\/de\/deutschland\/nicht-gelaeutert-wie-minister-lauterbach-die-oeffentlichkeit-weiterhin-mit-erfundenen-zahlen-taeuscht\/"]}]},{"@type":"ImageObject","inLanguage":"de","@id":"https:\/\/now-news.de\/de\/deutschland\/nicht-gelaeutert-wie-minister-lauterbach-die-oeffentlichkeit-weiterhin-mit-erfundenen-zahlen-taeuscht\/#primaryimage","url":"https:\/\/now-news.de\/de\/wp-content\/uploads\/sites\/3\/2023\/03\/Nicht-gelaeutert-Wie-Minister-Lauterbach-die-Oeffentlichkeit-weiterhin-mit-erfundenen.jpg","contentUrl":"https:\/\/now-news.de\/de\/wp-content\/uploads\/sites\/3\/2023\/03\/Nicht-gelaeutert-Wie-Minister-Lauterbach-die-Oeffentlichkeit-weiterhin-mit-erfundenen.jpg","width":460,"height":259,"caption":"Nicht gel\u00e4utert: Wie Minister Lauterbach die \u00d6ffentlichkeit weiterhin mit erfundenen Zahlen t\u00e4uscht"},{"@type":"BreadcrumbList","@id":"https:\/\/now-news.de\/de\/deutschland\/nicht-gelaeutert-wie-minister-lauterbach-die-oeffentlichkeit-weiterhin-mit-erfundenen-zahlen-taeuscht\/#breadcrumb","itemListElement":[{"@type":"ListItem","position":1,"name":"Home","item":"https:\/\/now-news.de\/de\/"},{"@type":"ListItem","position":2,"name":"Nicht gel\u00e4utert: Wie Minister Lauterbach die \u00d6ffentlichkeit weiterhin mit erfundenen Zahlen t\u00e4uscht"}]},{"@type":"WebSite","@id":"https:\/\/now-news.de\/de\/#website","url":"https:\/\/now-news.de\/de\/","name":"just-now.NEWS Deutschland","description":"Das Portal f\u00fcr unzensierte Nachrichten aus der Welt","publisher":{"@id":"https:\/\/now-news.de\/de\/#organization"},"potentialAction":[{"@type":"SearchAction","target":{"@type":"EntryPoint","urlTemplate":"https:\/\/now-news.de\/de\/?s={search_term_string}"},"query-input":"required name=search_term_string"}],"inLanguage":"de"},{"@type":"Organization","@id":"https:\/\/now-news.de\/de\/#organization","name":"Just Now News","url":"https:\/\/now-news.de\/de\/","logo":{"@type":"ImageObject","inLanguage":"de","@id":"https:\/\/now-news.de\/de\/#\/schema\/logo\/image\/","url":"http:\/\/just-now.news\/de\/wp-content\/uploads\/sites\/3\/2022\/04\/logo500x500.jpg","contentUrl":"http:\/\/just-now.news\/de\/wp-content\/uploads\/sites\/3\/2022\/04\/logo500x500.jpg","width":500,"height":500,"caption":"Just Now News"},"image":{"@id":"https:\/\/now-news.de\/de\/#\/schema\/logo\/image\/"},"sameAs":["https:\/\/www.facebook.com\/wirmachenauf","https:\/\/x.com\/WirMachenAuf_de"]},{"@type":"Person","@id":"https:\/\/now-news.de\/de\/#\/schema\/person\/fb534a4e865501d8b3285208df34a9b5","name":"rtnews","image":{"@type":"ImageObject","inLanguage":"de","@id":"https:\/\/now-news.de\/de\/#\/schema\/person\/image\/","url":"https:\/\/secure.gravatar.com\/avatar\/82aafea7d8127119dd649515f56e2117?s=96&d=mm&r=g","contentUrl":"https:\/\/secure.gravatar.com\/avatar\/82aafea7d8127119dd649515f56e2117?s=96&d=mm&r=g","caption":"rtnews"},"url":"https:\/\/now-news.de\/de\/author\/rnews\/"}]}},"_links":{"self":[{"href":"https:\/\/now-news.de\/de\/wp-json\/wp\/v2\/posts\/32493"}],"collection":[{"href":"https:\/\/now-news.de\/de\/wp-json\/wp\/v2\/posts"}],"about":[{"href":"https:\/\/now-news.de\/de\/wp-json\/wp\/v2\/types\/post"}],"author":[{"embeddable":true,"href":"https:\/\/now-news.de\/de\/wp-json\/wp\/v2\/users\/3"}],"replies":[{"embeddable":true,"href":"https:\/\/now-news.de\/de\/wp-json\/wp\/v2\/comments?post=32493"}],"version-history":[{"count":0,"href":"https:\/\/now-news.de\/de\/wp-json\/wp\/v2\/posts\/32493\/revisions"}],"wp:featuredmedia":[{"embeddable":true,"href":"https:\/\/now-news.de\/de\/wp-json\/wp\/v2\/media\/32494"}],"wp:attachment":[{"href":"https:\/\/now-news.de\/de\/wp-json\/wp\/v2\/media?parent=32493"}],"wp:term":[{"taxonomy":"category","embeddable":true,"href":"https:\/\/now-news.de\/de\/wp-json\/wp\/v2\/categories?post=32493"},{"taxonomy":"post_tag","embeddable":true,"href":"https:\/\/now-news.de\/de\/wp-json\/wp\/v2\/tags?post=32493"}],"curies":[{"name":"wp","href":"https:\/\/api.w.org\/{rel}","templated":true}]}}