{"id":32417,"date":"2023-03-16T23:03:44","date_gmt":"2023-03-16T21:03:44","guid":{"rendered":"https:\/\/just-now.news\/de\/deutschland\/montenegro-langzeit-praesident-dukanovic-loest-parlament-auf\/"},"modified":"2023-03-16T23:03:44","modified_gmt":"2023-03-16T21:03:44","slug":"montenegro-langzeit-praesident-dukanovic-loest-parlament-auf","status":"publish","type":"post","link":"https:\/\/now-news.de\/de\/deutschland\/montenegro-langzeit-praesident-dukanovic-loest-parlament-auf\/","title":{"rendered":"Montenegro: Langzeit-Pr\u00e4sident \u0110ukanovi\u0107 l\u00f6st Parlament auf"},"content":{"rendered":"<p><img decoding=\"async\" src=\"http:\/\/just-now.news\/de\/wp-content\/uploads\/sites\/3\/2023\/03\/6413841f48fbef0f944df6e3.jpg\" \/><\/p>\n<div class=\"Text-root Text-type_1 \">\n                Am Donnerstag l\u00f6ste der montenegrinische Pr\u00e4sident Milo \u0110ukanovi\u0107, der sich an diesem Wochenende zur Wiederwahl stellt, das Parlament auf. Damit ebnete er den Weg f\u00fcr eine vorgezogene Parlamentswahl, deren Datum er voraussichtlich am Freitag verk\u00fcndet.\n            <\/div>\n<p><\/p>\n<div class=\"Text-root Text-type_5 ArticleView-text ViewText-root \">\n<p>Der montenegrinische Pr\u00e4sident Milo \u0110ukanovi\u0107 hat am Donnerstag das Parlament aufgel\u00f6st\u00a0\u2012 drei Tage vor den Pr\u00e4sidentschaftswahlen, und drei Monate nachdem die letzte Regierung Montenegros durch ein Misstrauensvotum gest\u00fcrzt wurde. Das Dekret des Pr\u00e4sidenten wurde am Donnerstag \u00fcber das staatliche Fernsehen verbreitet.<\/p>\n<p>&#8220;Die 27. Einberufung der Versammlung [des Parlaments] von Montenegro wird aufgel\u00f6st. Das Dekret tritt am Tag seiner Unterzeichnung in Kraft&#8221;, hei\u00dft es in dem Dokument.<\/p>\n<p>Nach der Verfassung der Republik m\u00fcssen die Parlamentswahlen fr\u00fchestens 60 und sp\u00e4testens 100 Tage nach der Aufl\u00f6sung des Parlaments stattfinden. Es wird erwartet, dass \u0110ukanovi\u0107 am Freitag einen Termin f\u00fcr die vorgezogenen Wahlen festlegt.<\/p>\n<p>Am Sonntag kandidiert er f\u00fcr die Wiederwahl als Pr\u00e4sident. Bereits vor der Parlamentsaufl\u00f6sung waren Analysten davon ausgegangen, dass ein Sieg von \u0110ukanovi\u0107\u00a0zu vorgezogenen Parlamentswahlen f\u00fchren k\u00f6nnte, da er bisher vorgeschlagene Kandidaten f\u00fcr das Amt des Ministerpr\u00e4sidenten abgelehnt hat.<\/p>\n<p>Montenegro befindet sich seit langem in einer politischen Pattsituation, die durch Misstrauensvoten gegen zwei Regierungen und einen Konflikt zwischen der Legislative und dem Pr\u00e4sidenten \u00fcber die Wahl eines neuen Premierministers gekennzeichnet ist. Laut Verfassung ist Montenegro eine parlamentarische Republik, in der das Staatsoberhaupt haupts\u00e4chlich repr\u00e4sentative Aufgaben wahrnimmt. Dennoch spielt die Person des Pr\u00e4sidenten eine wichtige Rolle bei der Bildung des Ministerkabinetts und der Ernennung des Premierministers.<\/p>\n<p>Der Pr\u00e4sident von Montenegro wird vom Volk f\u00fcr eine Amtszeit von f\u00fcnf Jahren gew\u00e4hlt und kann nicht mehr als zwei aufeinanderfolgende Amtszeiten absolvieren. \u0110ukanovi\u0107 steht seit den fr\u00fchen 1990ern in verschiedenen Funktionen an der Spitze Montenegros: So war er selbst f\u00fcnfmal Premierminister und von 1998 bis 2002 sowie von 2018 bis 2023 Pr\u00e4sident.<\/p>\n<p>Mit seiner Demokratischen Partei der Sozialisten f\u00fchrte er Montenegro 2006 in die Unabh\u00e4ngigkeit von Serbien und 2017 in die NATO. Noch im Februar gab es Proteste gegen NATO-\u00dcbungen in dem Land. Die aktuelle Regierung hat seit dem vergangenen Jahr antirussische Sanktionen sowie ausdr\u00fccklich die Mitgliedschaft der Ukraine in der NATO unterst\u00fctzt. Seit 2010 hat das Land mit einer Fl\u00e4che kleiner als das Bundesland Schleswig-Holstein den EU-Kandidatenstatus, jedoch bleiben organisierte Kriminalit\u00e4t und Korruption problematisch. Laut Transparency International enth\u00e4lt die Regierung in Podgorica der \u00d6ffentlichkeit Informationen vor. Angesichts von Korruptionsvorw\u00fcrfen verlor die Demokratische Partei der Sozialisten die Parlamentswahlen 2020 gegen eine Allianz von Parteien, die engere Beziehungen zu Serbien und Russland anstreben.<\/p>\n<p><strong>Mehr zum Thema<\/strong> &#8211;\u00a0<a rel=\"nofollow noopener\" target=\"_blank\" href=\"https:\/\/fromrussiawithlove.rtde.world\/europa\/103343-drei-jahre-nato-mitgliedschaft-montenegro-hat-intensiv-gelernt\/\">Drei Jahre in der NATO: &#8220;Montenegro hat intensiv gelernt und sich flei\u00dfig weiterentwickelt&#8221;<\/a><\/p>\n<\/p>\n<\/div>\n<p><br \/>\n<br \/><a href=\"https:\/\/de.rt.com\/europa\/165536-montenegro-langzeit-praesident-loest-parlament\/\">Source link <\/a><\/p>\n","protected":false},"excerpt":{"rendered":"<p>Am Donnerstag l\u00f6ste der montenegrinische Pr\u00e4sident Milo \u0110ukanovi\u0107, der sich an diesem Wochenende zur Wiederwahl stellt, das Parlament auf. Damit ebnete er den Weg f\u00fcr eine vorgezogene Parlamentswahl, deren Datum er voraussichtlich am Freitag verk\u00fcndet. Der montenegrinische Pr\u00e4sident Milo \u0110ukanovi\u0107 hat am Donnerstag das Parlament aufgel\u00f6st\u00a0\u2012 drei Tage vor den Pr\u00e4sidentschaftswahlen, und drei Monate nachdem [&hellip;]<\/p>\n","protected":false},"author":3,"featured_media":32418,"comment_status":"open","ping_status":"open","sticky":false,"template":"","format":"standard","meta":{"_yoast_indexnow_last_ping":["1679001416"],"wp_automatic_camp":["217"],"e7fccd1520690823dedf543f94b28223":["Montenegro: Langzeit-Pr\u00e4sident \u0110ukanovi\u0107 l\u00f6st Parlament auf"],"original_link":["https:\/\/de.rt.com\/europa\/165536-montenegro-langzeit-praesident-loest-parlament\/"],"_thumbnail_id":["32418"],"_wptgpro_p2tg_sent2tg":["a:1:{i:23737;s:19:\"2023-03-16 23:18:03\";}"],"jnews_social_counter_last_update":["1777148524"]},"categories":[19,23],"tags":[133,42088,42087,9443,23316,3832],"yoast_head":"<!-- This site is optimized with the Yoast SEO Premium plugin v22.7 (Yoast SEO v22.7) - https:\/\/yoast.com\/wordpress\/plugins\/seo\/ -->\n<title>Montenegro: Langzeit-Pr\u00e4sident \u0110ukanovi\u0107 l\u00f6st Parlament auf - just-now.NEWS Deutschland<\/title>\n<meta name=\"robots\" content=\"index, follow, max-snippet:-1, max-image-preview:large, max-video-preview:-1\" \/>\n<link rel=\"canonical\" href=\"https:\/\/now-news.de\/de\/deutschland\/montenegro-langzeit-praesident-dukanovic-loest-parlament-auf\/\" \/>\n<meta property=\"og:locale\" content=\"de_DE\" \/>\n<meta property=\"og:type\" content=\"article\" \/>\n<meta property=\"og:title\" content=\"Montenegro: Langzeit-Pr\u00e4sident \u0110ukanovi\u0107 l\u00f6st Parlament auf\" \/>\n<meta property=\"og:description\" content=\"Am Donnerstag l\u00f6ste der montenegrinische Pr\u00e4sident Milo \u0110ukanovi\u0107, der sich an diesem Wochenende zur Wiederwahl stellt, das Parlament auf. Damit ebnete er den Weg f\u00fcr eine vorgezogene Parlamentswahl, deren Datum er voraussichtlich am Freitag verk\u00fcndet. Der montenegrinische Pr\u00e4sident Milo \u0110ukanovi\u0107 hat am Donnerstag das Parlament aufgel\u00f6st\u00a0\u2012 drei Tage vor den Pr\u00e4sidentschaftswahlen, und drei Monate nachdem [&hellip;]\" \/>\n<meta property=\"og:url\" content=\"https:\/\/now-news.de\/de\/deutschland\/montenegro-langzeit-praesident-dukanovic-loest-parlament-auf\/\" \/>\n<meta property=\"og:site_name\" content=\"just-now.NEWS Deutschland\" \/>\n<meta property=\"article:publisher\" content=\"https:\/\/www.facebook.com\/wirmachenauf\" \/>\n<meta property=\"article:published_time\" content=\"2023-03-16T21:03:44+00:00\" \/>\n<meta property=\"og:image\" content=\"https:\/\/now-news.de\/de\/wp-content\/uploads\/sites\/3\/2023\/03\/Montenegro-Langzeit-Praesident-Dukanovic-loest-Parlament-auf.jpg\" \/>\n\t<meta property=\"og:image:width\" content=\"460\" \/>\n\t<meta property=\"og:image:height\" content=\"259\" \/>\n\t<meta property=\"og:image:type\" content=\"image\/jpeg\" \/>\n<meta name=\"author\" content=\"rtnews\" \/>\n<meta name=\"twitter:card\" content=\"summary_large_image\" \/>\n<meta name=\"twitter:creator\" content=\"@WirMachenAuf_de\" \/>\n<meta name=\"twitter:site\" content=\"@WirMachenAuf_de\" \/>\n<meta name=\"twitter:label1\" content=\"Verfasst von\" \/>\n\t<meta name=\"twitter:data1\" content=\"rtnews\" \/>\n\t<meta name=\"twitter:label2\" content=\"Gesch\u00e4tzte Lesezeit\" \/>\n\t<meta name=\"twitter:data2\" content=\"2\u00a0Minuten\" \/>\n<script type=\"application\/ld+json\" class=\"yoast-schema-graph\">{\"@context\":\"https:\/\/schema.org\",\"@graph\":[{\"@type\":\"Article\",\"@id\":\"https:\/\/now-news.de\/de\/deutschland\/montenegro-langzeit-praesident-dukanovic-loest-parlament-auf\/#article\",\"isPartOf\":{\"@id\":\"https:\/\/now-news.de\/de\/deutschland\/montenegro-langzeit-praesident-dukanovic-loest-parlament-auf\/\"},\"author\":{\"name\":\"rtnews\",\"@id\":\"https:\/\/now-news.de\/de\/#\/schema\/person\/fb534a4e865501d8b3285208df34a9b5\"},\"headline\":\"Montenegro: Langzeit-Pr\u00e4sident \u0110ukanovi\u0107 l\u00f6st Parlament auf\",\"datePublished\":\"2023-03-16T21:03:44+00:00\",\"dateModified\":\"2023-03-16T21:03:44+00:00\",\"mainEntityOfPage\":{\"@id\":\"https:\/\/now-news.de\/de\/deutschland\/montenegro-langzeit-praesident-dukanovic-loest-parlament-auf\/\"},\"wordCount\":464,\"commentCount\":0,\"publisher\":{\"@id\":\"https:\/\/now-news.de\/de\/#organization\"},\"image\":{\"@id\":\"https:\/\/now-news.de\/de\/deutschland\/montenegro-langzeit-praesident-dukanovic-loest-parlament-auf\/#primaryimage\"},\"thumbnailUrl\":\"https:\/\/now-news.de\/de\/wp-content\/uploads\/sites\/3\/2023\/03\/Montenegro-Langzeit-Praesident-Dukanovic-loest-Parlament-auf.jpg\",\"keywords\":[\"AUF\",\"\u0110ukanovi\u0107\",\"LangzeitPr\u00e4sident\",\"Lost\",\"Montenegro\",\"Parlament\"],\"articleSection\":[\"Deutschland\",\"Russland\"],\"inLanguage\":\"de\",\"potentialAction\":[{\"@type\":\"CommentAction\",\"name\":\"Comment\",\"target\":[\"https:\/\/now-news.de\/de\/deutschland\/montenegro-langzeit-praesident-dukanovic-loest-parlament-auf\/#respond\"]}]},{\"@type\":\"WebPage\",\"@id\":\"https:\/\/now-news.de\/de\/deutschland\/montenegro-langzeit-praesident-dukanovic-loest-parlament-auf\/\",\"url\":\"https:\/\/now-news.de\/de\/deutschland\/montenegro-langzeit-praesident-dukanovic-loest-parlament-auf\/\",\"name\":\"Montenegro: Langzeit-Pr\u00e4sident \u0110ukanovi\u0107 l\u00f6st Parlament auf - just-now.NEWS Deutschland\",\"isPartOf\":{\"@id\":\"https:\/\/now-news.de\/de\/#website\"},\"primaryImageOfPage\":{\"@id\":\"https:\/\/now-news.de\/de\/deutschland\/montenegro-langzeit-praesident-dukanovic-loest-parlament-auf\/#primaryimage\"},\"image\":{\"@id\":\"https:\/\/now-news.de\/de\/deutschland\/montenegro-langzeit-praesident-dukanovic-loest-parlament-auf\/#primaryimage\"},\"thumbnailUrl\":\"https:\/\/now-news.de\/de\/wp-content\/uploads\/sites\/3\/2023\/03\/Montenegro-Langzeit-Praesident-Dukanovic-loest-Parlament-auf.jpg\",\"datePublished\":\"2023-03-16T21:03:44+00:00\",\"dateModified\":\"2023-03-16T21:03:44+00:00\",\"breadcrumb\":{\"@id\":\"https:\/\/now-news.de\/de\/deutschland\/montenegro-langzeit-praesident-dukanovic-loest-parlament-auf\/#breadcrumb\"},\"inLanguage\":\"de\",\"potentialAction\":[{\"@type\":\"ReadAction\",\"target\":[\"https:\/\/now-news.de\/de\/deutschland\/montenegro-langzeit-praesident-dukanovic-loest-parlament-auf\/\"]}]},{\"@type\":\"ImageObject\",\"inLanguage\":\"de\",\"@id\":\"https:\/\/now-news.de\/de\/deutschland\/montenegro-langzeit-praesident-dukanovic-loest-parlament-auf\/#primaryimage\",\"url\":\"https:\/\/now-news.de\/de\/wp-content\/uploads\/sites\/3\/2023\/03\/Montenegro-Langzeit-Praesident-Dukanovic-loest-Parlament-auf.jpg\",\"contentUrl\":\"https:\/\/now-news.de\/de\/wp-content\/uploads\/sites\/3\/2023\/03\/Montenegro-Langzeit-Praesident-Dukanovic-loest-Parlament-auf.jpg\",\"width\":460,\"height\":259,\"caption\":\"Montenegro: Langzeit-Pr\u00e4sident \u0110ukanovi\u0107 l\u00f6st Parlament auf\"},{\"@type\":\"BreadcrumbList\",\"@id\":\"https:\/\/now-news.de\/de\/deutschland\/montenegro-langzeit-praesident-dukanovic-loest-parlament-auf\/#breadcrumb\",\"itemListElement\":[{\"@type\":\"ListItem\",\"position\":1,\"name\":\"Home\",\"item\":\"https:\/\/now-news.de\/de\/\"},{\"@type\":\"ListItem\",\"position\":2,\"name\":\"Montenegro: Langzeit-Pr\u00e4sident \u0110ukanovi\u0107 l\u00f6st Parlament auf\"}]},{\"@type\":\"WebSite\",\"@id\":\"https:\/\/now-news.de\/de\/#website\",\"url\":\"https:\/\/now-news.de\/de\/\",\"name\":\"just-now.NEWS Deutschland\",\"description\":\"Das Portal f\u00fcr unzensierte Nachrichten aus der Welt\",\"publisher\":{\"@id\":\"https:\/\/now-news.de\/de\/#organization\"},\"potentialAction\":[{\"@type\":\"SearchAction\",\"target\":{\"@type\":\"EntryPoint\",\"urlTemplate\":\"https:\/\/now-news.de\/de\/?s={search_term_string}\"},\"query-input\":\"required name=search_term_string\"}],\"inLanguage\":\"de\"},{\"@type\":\"Organization\",\"@id\":\"https:\/\/now-news.de\/de\/#organization\",\"name\":\"Just Now News\",\"url\":\"https:\/\/now-news.de\/de\/\",\"logo\":{\"@type\":\"ImageObject\",\"inLanguage\":\"de\",\"@id\":\"https:\/\/now-news.de\/de\/#\/schema\/logo\/image\/\",\"url\":\"http:\/\/just-now.news\/de\/wp-content\/uploads\/sites\/3\/2022\/04\/logo500x500.jpg\",\"contentUrl\":\"http:\/\/just-now.news\/de\/wp-content\/uploads\/sites\/3\/2022\/04\/logo500x500.jpg\",\"width\":500,\"height\":500,\"caption\":\"Just Now News\"},\"image\":{\"@id\":\"https:\/\/now-news.de\/de\/#\/schema\/logo\/image\/\"},\"sameAs\":[\"https:\/\/www.facebook.com\/wirmachenauf\",\"https:\/\/x.com\/WirMachenAuf_de\"]},{\"@type\":\"Person\",\"@id\":\"https:\/\/now-news.de\/de\/#\/schema\/person\/fb534a4e865501d8b3285208df34a9b5\",\"name\":\"rtnews\",\"image\":{\"@type\":\"ImageObject\",\"inLanguage\":\"de\",\"@id\":\"https:\/\/now-news.de\/de\/#\/schema\/person\/image\/\",\"url\":\"https:\/\/secure.gravatar.com\/avatar\/82aafea7d8127119dd649515f56e2117?s=96&d=mm&r=g\",\"contentUrl\":\"https:\/\/secure.gravatar.com\/avatar\/82aafea7d8127119dd649515f56e2117?s=96&d=mm&r=g\",\"caption\":\"rtnews\"},\"url\":\"https:\/\/now-news.de\/de\/author\/rnews\/\"}]}<\/script>\n<!-- \/ Yoast SEO Premium plugin. -->","yoast_head_json":{"title":"Montenegro: Langzeit-Pr\u00e4sident \u0110ukanovi\u0107 l\u00f6st Parlament auf - just-now.NEWS Deutschland","robots":{"index":"index","follow":"follow","max-snippet":"max-snippet:-1","max-image-preview":"max-image-preview:large","max-video-preview":"max-video-preview:-1"},"canonical":"https:\/\/now-news.de\/de\/deutschland\/montenegro-langzeit-praesident-dukanovic-loest-parlament-auf\/","og_locale":"de_DE","og_type":"article","og_title":"Montenegro: Langzeit-Pr\u00e4sident \u0110ukanovi\u0107 l\u00f6st Parlament auf","og_description":"Am Donnerstag l\u00f6ste der montenegrinische Pr\u00e4sident Milo \u0110ukanovi\u0107, der sich an diesem Wochenende zur Wiederwahl stellt, das Parlament auf. Damit ebnete er den Weg f\u00fcr eine vorgezogene Parlamentswahl, deren Datum er voraussichtlich am Freitag verk\u00fcndet. Der montenegrinische Pr\u00e4sident Milo \u0110ukanovi\u0107 hat am Donnerstag das Parlament aufgel\u00f6st\u00a0\u2012 drei Tage vor den Pr\u00e4sidentschaftswahlen, und drei Monate nachdem [&hellip;]","og_url":"https:\/\/now-news.de\/de\/deutschland\/montenegro-langzeit-praesident-dukanovic-loest-parlament-auf\/","og_site_name":"just-now.NEWS Deutschland","article_publisher":"https:\/\/www.facebook.com\/wirmachenauf","article_published_time":"2023-03-16T21:03:44+00:00","og_image":[{"width":460,"height":259,"url":"https:\/\/now-news.de\/de\/wp-content\/uploads\/sites\/3\/2023\/03\/Montenegro-Langzeit-Praesident-Dukanovic-loest-Parlament-auf.jpg","type":"image\/jpeg"}],"author":"rtnews","twitter_card":"summary_large_image","twitter_creator":"@WirMachenAuf_de","twitter_site":"@WirMachenAuf_de","twitter_misc":{"Verfasst von":"rtnews","Gesch\u00e4tzte Lesezeit":"2\u00a0Minuten"},"schema":{"@context":"https:\/\/schema.org","@graph":[{"@type":"Article","@id":"https:\/\/now-news.de\/de\/deutschland\/montenegro-langzeit-praesident-dukanovic-loest-parlament-auf\/#article","isPartOf":{"@id":"https:\/\/now-news.de\/de\/deutschland\/montenegro-langzeit-praesident-dukanovic-loest-parlament-auf\/"},"author":{"name":"rtnews","@id":"https:\/\/now-news.de\/de\/#\/schema\/person\/fb534a4e865501d8b3285208df34a9b5"},"headline":"Montenegro: Langzeit-Pr\u00e4sident \u0110ukanovi\u0107 l\u00f6st Parlament auf","datePublished":"2023-03-16T21:03:44+00:00","dateModified":"2023-03-16T21:03:44+00:00","mainEntityOfPage":{"@id":"https:\/\/now-news.de\/de\/deutschland\/montenegro-langzeit-praesident-dukanovic-loest-parlament-auf\/"},"wordCount":464,"commentCount":0,"publisher":{"@id":"https:\/\/now-news.de\/de\/#organization"},"image":{"@id":"https:\/\/now-news.de\/de\/deutschland\/montenegro-langzeit-praesident-dukanovic-loest-parlament-auf\/#primaryimage"},"thumbnailUrl":"https:\/\/now-news.de\/de\/wp-content\/uploads\/sites\/3\/2023\/03\/Montenegro-Langzeit-Praesident-Dukanovic-loest-Parlament-auf.jpg","keywords":["AUF","\u0110ukanovi\u0107","LangzeitPr\u00e4sident","Lost","Montenegro","Parlament"],"articleSection":["Deutschland","Russland"],"inLanguage":"de","potentialAction":[{"@type":"CommentAction","name":"Comment","target":["https:\/\/now-news.de\/de\/deutschland\/montenegro-langzeit-praesident-dukanovic-loest-parlament-auf\/#respond"]}]},{"@type":"WebPage","@id":"https:\/\/now-news.de\/de\/deutschland\/montenegro-langzeit-praesident-dukanovic-loest-parlament-auf\/","url":"https:\/\/now-news.de\/de\/deutschland\/montenegro-langzeit-praesident-dukanovic-loest-parlament-auf\/","name":"Montenegro: Langzeit-Pr\u00e4sident \u0110ukanovi\u0107 l\u00f6st Parlament auf - just-now.NEWS Deutschland","isPartOf":{"@id":"https:\/\/now-news.de\/de\/#website"},"primaryImageOfPage":{"@id":"https:\/\/now-news.de\/de\/deutschland\/montenegro-langzeit-praesident-dukanovic-loest-parlament-auf\/#primaryimage"},"image":{"@id":"https:\/\/now-news.de\/de\/deutschland\/montenegro-langzeit-praesident-dukanovic-loest-parlament-auf\/#primaryimage"},"thumbnailUrl":"https:\/\/now-news.de\/de\/wp-content\/uploads\/sites\/3\/2023\/03\/Montenegro-Langzeit-Praesident-Dukanovic-loest-Parlament-auf.jpg","datePublished":"2023-03-16T21:03:44+00:00","dateModified":"2023-03-16T21:03:44+00:00","breadcrumb":{"@id":"https:\/\/now-news.de\/de\/deutschland\/montenegro-langzeit-praesident-dukanovic-loest-parlament-auf\/#breadcrumb"},"inLanguage":"de","potentialAction":[{"@type":"ReadAction","target":["https:\/\/now-news.de\/de\/deutschland\/montenegro-langzeit-praesident-dukanovic-loest-parlament-auf\/"]}]},{"@type":"ImageObject","inLanguage":"de","@id":"https:\/\/now-news.de\/de\/deutschland\/montenegro-langzeit-praesident-dukanovic-loest-parlament-auf\/#primaryimage","url":"https:\/\/now-news.de\/de\/wp-content\/uploads\/sites\/3\/2023\/03\/Montenegro-Langzeit-Praesident-Dukanovic-loest-Parlament-auf.jpg","contentUrl":"https:\/\/now-news.de\/de\/wp-content\/uploads\/sites\/3\/2023\/03\/Montenegro-Langzeit-Praesident-Dukanovic-loest-Parlament-auf.jpg","width":460,"height":259,"caption":"Montenegro: Langzeit-Pr\u00e4sident \u0110ukanovi\u0107 l\u00f6st Parlament auf"},{"@type":"BreadcrumbList","@id":"https:\/\/now-news.de\/de\/deutschland\/montenegro-langzeit-praesident-dukanovic-loest-parlament-auf\/#breadcrumb","itemListElement":[{"@type":"ListItem","position":1,"name":"Home","item":"https:\/\/now-news.de\/de\/"},{"@type":"ListItem","position":2,"name":"Montenegro: Langzeit-Pr\u00e4sident \u0110ukanovi\u0107 l\u00f6st Parlament auf"}]},{"@type":"WebSite","@id":"https:\/\/now-news.de\/de\/#website","url":"https:\/\/now-news.de\/de\/","name":"just-now.NEWS Deutschland","description":"Das Portal f\u00fcr unzensierte Nachrichten aus der Welt","publisher":{"@id":"https:\/\/now-news.de\/de\/#organization"},"potentialAction":[{"@type":"SearchAction","target":{"@type":"EntryPoint","urlTemplate":"https:\/\/now-news.de\/de\/?s={search_term_string}"},"query-input":"required name=search_term_string"}],"inLanguage":"de"},{"@type":"Organization","@id":"https:\/\/now-news.de\/de\/#organization","name":"Just Now News","url":"https:\/\/now-news.de\/de\/","logo":{"@type":"ImageObject","inLanguage":"de","@id":"https:\/\/now-news.de\/de\/#\/schema\/logo\/image\/","url":"http:\/\/just-now.news\/de\/wp-content\/uploads\/sites\/3\/2022\/04\/logo500x500.jpg","contentUrl":"http:\/\/just-now.news\/de\/wp-content\/uploads\/sites\/3\/2022\/04\/logo500x500.jpg","width":500,"height":500,"caption":"Just Now News"},"image":{"@id":"https:\/\/now-news.de\/de\/#\/schema\/logo\/image\/"},"sameAs":["https:\/\/www.facebook.com\/wirmachenauf","https:\/\/x.com\/WirMachenAuf_de"]},{"@type":"Person","@id":"https:\/\/now-news.de\/de\/#\/schema\/person\/fb534a4e865501d8b3285208df34a9b5","name":"rtnews","image":{"@type":"ImageObject","inLanguage":"de","@id":"https:\/\/now-news.de\/de\/#\/schema\/person\/image\/","url":"https:\/\/secure.gravatar.com\/avatar\/82aafea7d8127119dd649515f56e2117?s=96&d=mm&r=g","contentUrl":"https:\/\/secure.gravatar.com\/avatar\/82aafea7d8127119dd649515f56e2117?s=96&d=mm&r=g","caption":"rtnews"},"url":"https:\/\/now-news.de\/de\/author\/rnews\/"}]}},"_links":{"self":[{"href":"https:\/\/now-news.de\/de\/wp-json\/wp\/v2\/posts\/32417"}],"collection":[{"href":"https:\/\/now-news.de\/de\/wp-json\/wp\/v2\/posts"}],"about":[{"href":"https:\/\/now-news.de\/de\/wp-json\/wp\/v2\/types\/post"}],"author":[{"embeddable":true,"href":"https:\/\/now-news.de\/de\/wp-json\/wp\/v2\/users\/3"}],"replies":[{"embeddable":true,"href":"https:\/\/now-news.de\/de\/wp-json\/wp\/v2\/comments?post=32417"}],"version-history":[{"count":0,"href":"https:\/\/now-news.de\/de\/wp-json\/wp\/v2\/posts\/32417\/revisions"}],"wp:featuredmedia":[{"embeddable":true,"href":"https:\/\/now-news.de\/de\/wp-json\/wp\/v2\/media\/32418"}],"wp:attachment":[{"href":"https:\/\/now-news.de\/de\/wp-json\/wp\/v2\/media?parent=32417"}],"wp:term":[{"taxonomy":"category","embeddable":true,"href":"https:\/\/now-news.de\/de\/wp-json\/wp\/v2\/categories?post=32417"},{"taxonomy":"post_tag","embeddable":true,"href":"https:\/\/now-news.de\/de\/wp-json\/wp\/v2\/tags?post=32417"}],"curies":[{"name":"wp","href":"https:\/\/api.w.org\/{rel}","templated":true}]}}