{"id":32411,"date":"2023-03-16T22:02:04","date_gmt":"2023-03-16T20:02:04","guid":{"rendered":"https:\/\/just-now.news\/de\/deutschland\/kuenftiger-generalinspekteur-erfreut-wehrbeauftragte-fordert-weitere-300-milliarden-fuer-bundeswehr\/"},"modified":"2023-03-16T22:02:04","modified_gmt":"2023-03-16T20:02:04","slug":"kuenftiger-generalinspekteur-erfreut-wehrbeauftragte-fordert-weitere-300-milliarden-fuer-bundeswehr","status":"publish","type":"post","link":"https:\/\/now-news.de\/de\/deutschland\/kuenftiger-generalinspekteur-erfreut-wehrbeauftragte-fordert-weitere-300-milliarden-fuer-bundeswehr\/","title":{"rendered":"K\u00fcnftiger Generalinspekteur erfreut: Wehrbeauftragte fordert weitere 300 Milliarden f\u00fcr Bundeswehr"},"content":{"rendered":"<p><img decoding=\"async\" src=\"http:\/\/just-now.news\/de\/wp-content\/uploads\/sites\/3\/2023\/03\/6412d3ca48fbef39846c5ff3.jpg\" \/><\/p>\n<div class=\"Text-root Text-type_1 \">\n                Die Wehrbeauftragte des Deutschen Bundestages Eva H\u00f6gl h\u00e4lt das im Vorjahr best\u00e4tigte 100-Milliarden-Sonderverm\u00f6gen der Bundeswehr f\u00fcr nicht ausreichend, um die volle Einsatzbereitschaft der deutschen Streitkr\u00e4fte herzustellen. Zudem m\u00fcssten die bisherigen Anstrengungen bei der Personalgewinnung &#8220;massiv verst\u00e4rkt&#8221; werden.\n            <\/div>\n<p><\/p>\n<div class=\"Text-root Text-type_5 ArticleView-text ViewText-root \">\n<p>In einer offiziellen Kurzmitteilung des Deutschen Bundestages vom 14. M\u00e4rz (<a rel=\"nofollow noopener\" target=\"_blank\" href=\"https:\/\/www.bundestag.de\/presse\/hib\/kurzmeldungen-937872\">hib 181\/2023<\/a>) fordert die SPD-Abgeordnete Eva H\u00f6gl,\u00a0die derzeitige Wehrbeauftragte des Parlaments, eine weitere massive Aufstockung des Sonderverm\u00f6gens f\u00fcr die Bundeswehr um weitere 200 Milliarden Euro.\u00a0Schon w\u00e4hrend der Coronakrise waren solche Mitteilungen \u00fcber ben\u00f6tigte dreistellige Milliardensummen f\u00fcr Regierungsbeh\u00f6rden und deren Agenda-Arbeit keine Seltenheit.\u00a0<\/p>\n<p>Die Wehrbeauftragte mahnt konkret in ihrem auch\u00a0der Presse pr\u00e4sentierten 171-seitigen &#8220;<a rel=\"nofollow noopener\" target=\"_blank\" href=\"https:\/\/dserver.bundestag.de\/btd\/20\/057\/2005700.pdf\">Jahresbericht 2022<\/a>&#8221; eindringlich an, &#8220;Deutschland m\u00fcsse angesichts des russischen Angriffskrieges auf die Ukraine seine Verpflichtungen gegen\u00fcber der NATO erf\u00fcllen&#8221;.\u00a0<\/p>\n<p>Im Dezember 2022\u00a0sollte das mit der &#8220;Zeitenwende&#8221; angek\u00fcndigte 100-Milliarden-Sonderverm\u00f6gen einen &#8220;historischen Aufbruch&#8221; <a rel=\"nofollow noopener\" target=\"_blank\" href=\"https:\/\/www.bmvg.de\/de\/aktuelles\/sondervermoegen-bundeswehr-markiert-historischen-aufbruch-5542400\">markieren<\/a>. Dies verk\u00fcndeten der nun abzul\u00f6sende Generalinspekteur der Bundeswehr Eberhard Zorn und die damalige Bundesministerin der Verteidigung Christine Lambrecht (SPD). Im Januar verk\u00fcndete dann der neue Verteidigungsminister Boris\u00a0Pistorius seine <a rel=\"nofollow noopener\" target=\"_blank\" href=\"https:\/\/www.tagesschau.de\/inland\/gesellschaft\/pistorius-sondervermoegen-bundeswehr-101.html\">Einsch\u00e4tzung<\/a>, diese Summe werde nicht ausreichen, &#8220;um die Bundeswehr wieder umfassend und modern auszustatten&#8221;.<\/p>\n<p>In der aktuellen <a rel=\"nofollow noopener\" target=\"_blank\" href=\"https:\/\/www.bundestag.de\/presse\/hib\/kurzmeldungen-937872\">Mitteilung<\/a> des Deutschen Bundestages zu dem Jahresbericht von H\u00f6gl hei\u00dft es nun als Begr\u00fcndung einer Verdreifachung der Finanzforderungen ausf\u00fchrlicher:<\/p>\n<blockquote>\n<p><em>&#8220;Nach Einsch\u00e4tzung milit\u00e4rischer Experten sei daf\u00fcr eine &#8216;Summe von insgesamt 300 Milliarden Euro&#8217; notwendig, schreibt H\u00f6gl in ihrem Jahresbericht 2022 (20\/5700), den sie am Dienstag an Bundestagspr\u00e4sidentin B\u00e4rbel Bas (SPD) \u00fcbergab und anschlie\u00dfend der Presse pr\u00e4sentierte (&#8230;) Es seien zweistellige Milliardenbetr\u00e4ge erforderlich, um die Munitionsbest\u00e4nde aufzuf\u00fcllen und Munitionslager zu bauen. Diese Summen seien im Sonderverm\u00f6gen nicht enthalten, sondern seien aus dem regul\u00e4ren Verteidigungshaushalt zu finanzieren (&#8230;)&#8221;<\/em><\/p>\n<\/blockquote>\n<p>Au\u00dferdem werden f\u00fcr den entsprechenden Etat-Bedarf die zuk\u00fcnftigen Schwerpunkte der Bundeswehrarbeit erl\u00e4utert:<\/p>\n<blockquote>\n<p><em>&#8220;Seien f\u00fcr Auslandseins\u00e4tze wie in Afghanistan zwei Verb\u00e4nde in Bataillonsst\u00e4rke bereitzuhalten und auszur\u00fcsten gewesen, habe Deutschland der Nato f\u00fcr eine glaubw\u00fcrdige Abschreckung drei Divisionen mit acht Brigaden und insgesamt 50.000 Soldaten zugesagt. Diese Gro\u00dfverb\u00e4nde m\u00fcssten mit dem entsprechenden Gro\u00dfger\u00e4t und der notwendigen Ausr\u00fcstung und Bekleidung der Soldaten ausger\u00fcstet sein.&#8221;<\/em><\/p>\n<\/blockquote>\n<p>H\u00f6gl kritisiert in ihrem Bericht &#8220;das Beschaffungswesen&#8221; als &#8220;zu beh\u00e4big&#8221;, da &#8220;im Jahre 2022 bei den Soldaten &#8216;noch kein Cent aus dem Sonderverm\u00f6gen angekommen&#8217; sei&#8221;.\u00a0Die &#8220;angesto\u00dfenen Reformen bei der Beschaffung&#8221; m\u00fcssten daher &#8220;mit Hochdruck&#8221; beschleunigt werden. Gleiches gelte auch f\u00fcr die Sanierung von Infrastruktur und Kasernen, von denen zu viele laut H\u00f6gl &#8220;in einem erb\u00e4rmlichen Zustand&#8221; seien. Weiter hei\u00dft es dazu in dem Jahresbericht:<\/p>\n<blockquote>\n<p><em>&#8220;Wenn es bei dem augenblicklichen Tempo und den bestehenden Rahmenbedingungen bliebe, w\u00fcrde es etwa ein halbes Jahrhundert dauern, bis allein nur die jetzige Infrastruktur der Bundeswehr komplett saniert w\u00e4re.&#8221;<\/em><\/p>\n<\/blockquote>\n<p>Der Plan der Bundeswehr zum Thema ihrer zuk\u00fcnftigen Truppenst\u00e4rke sieht bis zum Jahr 2031 vor, eine &#8220;anvisierte Sollst\u00e4rke von 203.000 Soldaten&#8221; zu erreichen. Nach Einsch\u00e4tzung\u00a0der Wehrbeauftragten m\u00fcsse daf\u00fcr die Bundeswehr\u00a0&#8220;ihre bisherigen Anstrengungen bei der Personalgewinnung &#8216;massiv verst\u00e4rken'&#8221;.\u00a0So habe die Truppenst\u00e4rke &#8220;von 183.051 Soldaten und Soldatinnen Ende vergangenen Jahres&#8221; sogar um 644 unter der des Jahres 2021 gelegen, moniert H\u00f6gl. Das\u00a0Bewerberaufkommen habe sich dabei &#8220;um rund elf Prozent verringert&#8221;.<\/p>\n<p>Abschlie\u00dfend wird in der Mitteilung dar\u00fcber informiert, dass von den &#8220;117.987 milit\u00e4rischen Dienstposten oberhalb der Mannschaftslaufbahn&#8221; zum 31. Dezember 2022 &#8220;mit 18.692 Dienstposten 15,8 Prozent unbesetzt gewesen&#8221; seien.<\/p>\n<p><strong>Mehr zum Thema &#8211;<\/strong>\u00a0<a rel=\"nofollow noopener\" target=\"_blank\" href=\"https:\/\/rtde.site\/meinung\/164202-ria-ueber-boris-pistorius-und\/\">RIA \u00fcber Boris Pistorius und die Bundeswehr: Achsenm\u00e4chte marschieren gegen Russland auf<\/a><\/p>\n<\/div>\n<p><br \/>\n<br \/><a href=\"https:\/\/de.rt.com\/inland\/165468-freude-bei-generalinspekteur-breuer-wehrbeauftragte\/\">Source link <\/a><\/p>\n","protected":false},"excerpt":{"rendered":"<p>Die Wehrbeauftragte des Deutschen Bundestages Eva H\u00f6gl h\u00e4lt das im Vorjahr best\u00e4tigte 100-Milliarden-Sonderverm\u00f6gen der Bundeswehr f\u00fcr nicht ausreichend, um die volle Einsatzbereitschaft der deutschen Streitkr\u00e4fte herzustellen. Zudem m\u00fcssten die bisherigen Anstrengungen bei der Personalgewinnung &#8220;massiv verst\u00e4rkt&#8221; werden. In einer offiziellen Kurzmitteilung des Deutschen Bundestages vom 14. M\u00e4rz (hib 181\/2023) fordert die SPD-Abgeordnete Eva H\u00f6gl,\u00a0die derzeitige [&hellip;]<\/p>\n","protected":false},"author":3,"featured_media":32412,"comment_status":"open","ping_status":"open","sticky":false,"template":"","format":"standard","meta":{"_yoast_indexnow_last_ping":["1678997577"],"wp_automatic_camp":["217"],"ff0d232cd2285b99e37fedccbbcd3acc":["K\u00fcnftiger Generalinspekteur erfreut: Wehrbeauftragte fordert weitere 300 Milliarden f\u00fcr Bundeswehr"],"original_link":["https:\/\/de.rt.com\/inland\/165468-freude-bei-generalinspekteur-breuer-wehrbeauftragte\/"],"_thumbnail_id":["32412"],"_wptgpro_p2tg_sent2tg":["a:1:{i:23737;s:19:\"2023-03-16 22:13:58\";}"],"jnews_social_counter_last_update":["1777574410"]},"categories":[19,23],"tags":[12292,42083,355,221,41922,34855,1004,42084,823],"yoast_head":"<!-- This site is optimized with the Yoast SEO Premium plugin v22.7 (Yoast SEO v22.7) - https:\/\/yoast.com\/wordpress\/plugins\/seo\/ -->\n<title>K\u00fcnftiger Generalinspekteur erfreut: Wehrbeauftragte fordert weitere 300 Milliarden f\u00fcr Bundeswehr - just-now.NEWS Deutschland<\/title>\n<meta name=\"robots\" content=\"index, follow, max-snippet:-1, max-image-preview:large, max-video-preview:-1\" \/>\n<link rel=\"canonical\" href=\"https:\/\/now-news.de\/de\/deutschland\/kuenftiger-generalinspekteur-erfreut-wehrbeauftragte-fordert-weitere-300-milliarden-fuer-bundeswehr\/\" \/>\n<meta property=\"og:locale\" content=\"de_DE\" \/>\n<meta property=\"og:type\" content=\"article\" \/>\n<meta property=\"og:title\" content=\"K\u00fcnftiger Generalinspekteur erfreut: Wehrbeauftragte fordert weitere 300 Milliarden f\u00fcr Bundeswehr\" \/>\n<meta property=\"og:description\" content=\"Die Wehrbeauftragte des Deutschen Bundestages Eva H\u00f6gl h\u00e4lt das im Vorjahr best\u00e4tigte 100-Milliarden-Sonderverm\u00f6gen der Bundeswehr f\u00fcr nicht ausreichend, um die volle Einsatzbereitschaft der deutschen Streitkr\u00e4fte herzustellen. Zudem m\u00fcssten die bisherigen Anstrengungen bei der Personalgewinnung &#8220;massiv verst\u00e4rkt&#8221; werden. In einer offiziellen Kurzmitteilung des Deutschen Bundestages vom 14. M\u00e4rz (hib 181\/2023) fordert die SPD-Abgeordnete Eva H\u00f6gl,\u00a0die derzeitige [&hellip;]\" \/>\n<meta property=\"og:url\" content=\"https:\/\/now-news.de\/de\/deutschland\/kuenftiger-generalinspekteur-erfreut-wehrbeauftragte-fordert-weitere-300-milliarden-fuer-bundeswehr\/\" \/>\n<meta property=\"og:site_name\" content=\"just-now.NEWS Deutschland\" \/>\n<meta property=\"article:publisher\" content=\"https:\/\/www.facebook.com\/wirmachenauf\" \/>\n<meta property=\"article:published_time\" content=\"2023-03-16T20:02:04+00:00\" \/>\n<meta property=\"og:image\" content=\"https:\/\/now-news.de\/de\/wp-content\/uploads\/sites\/3\/2023\/03\/Kuenftiger-Generalinspekteur-erfreut-Wehrbeauftragte-fordert-weitere-300-Milliarden-fuer-Bundeswehr.jpg\" \/>\n\t<meta property=\"og:image:width\" content=\"460\" \/>\n\t<meta property=\"og:image:height\" content=\"259\" \/>\n\t<meta property=\"og:image:type\" content=\"image\/jpeg\" \/>\n<meta name=\"author\" content=\"rtnews\" \/>\n<meta name=\"twitter:card\" content=\"summary_large_image\" \/>\n<meta name=\"twitter:creator\" content=\"@WirMachenAuf_de\" \/>\n<meta name=\"twitter:site\" content=\"@WirMachenAuf_de\" \/>\n<meta name=\"twitter:label1\" content=\"Verfasst von\" \/>\n\t<meta name=\"twitter:data1\" content=\"rtnews\" \/>\n\t<meta name=\"twitter:label2\" content=\"Gesch\u00e4tzte Lesezeit\" \/>\n\t<meta name=\"twitter:data2\" content=\"3\u00a0Minuten\" \/>\n<script type=\"application\/ld+json\" class=\"yoast-schema-graph\">{\"@context\":\"https:\/\/schema.org\",\"@graph\":[{\"@type\":\"Article\",\"@id\":\"https:\/\/now-news.de\/de\/deutschland\/kuenftiger-generalinspekteur-erfreut-wehrbeauftragte-fordert-weitere-300-milliarden-fuer-bundeswehr\/#article\",\"isPartOf\":{\"@id\":\"https:\/\/now-news.de\/de\/deutschland\/kuenftiger-generalinspekteur-erfreut-wehrbeauftragte-fordert-weitere-300-milliarden-fuer-bundeswehr\/\"},\"author\":{\"name\":\"rtnews\",\"@id\":\"https:\/\/now-news.de\/de\/#\/schema\/person\/fb534a4e865501d8b3285208df34a9b5\"},\"headline\":\"K\u00fcnftiger Generalinspekteur erfreut: Wehrbeauftragte fordert weitere 300 Milliarden f\u00fcr Bundeswehr\",\"datePublished\":\"2023-03-16T20:02:04+00:00\",\"dateModified\":\"2023-03-16T20:02:04+00:00\",\"mainEntityOfPage\":{\"@id\":\"https:\/\/now-news.de\/de\/deutschland\/kuenftiger-generalinspekteur-erfreut-wehrbeauftragte-fordert-weitere-300-milliarden-fuer-bundeswehr\/\"},\"wordCount\":614,\"commentCount\":0,\"publisher\":{\"@id\":\"https:\/\/now-news.de\/de\/#organization\"},\"image\":{\"@id\":\"https:\/\/now-news.de\/de\/deutschland\/kuenftiger-generalinspekteur-erfreut-wehrbeauftragte-fordert-weitere-300-milliarden-fuer-bundeswehr\/#primaryimage\"},\"thumbnailUrl\":\"https:\/\/now-news.de\/de\/wp-content\/uploads\/sites\/3\/2023\/03\/Kuenftiger-Generalinspekteur-erfreut-Wehrbeauftragte-fordert-weitere-300-Milliarden-fuer-Bundeswehr.jpg\",\"keywords\":[\"Bundeswehr\",\"erfreut\",\"fordert\",\"f\u00fcr\",\"Generalinspekteur\",\"k\u00fcnftiger\",\"Milliarden\",\"Wehrbeauftragte\",\"weitere\"],\"articleSection\":[\"Deutschland\",\"Russland\"],\"inLanguage\":\"de\",\"potentialAction\":[{\"@type\":\"CommentAction\",\"name\":\"Comment\",\"target\":[\"https:\/\/now-news.de\/de\/deutschland\/kuenftiger-generalinspekteur-erfreut-wehrbeauftragte-fordert-weitere-300-milliarden-fuer-bundeswehr\/#respond\"]}]},{\"@type\":\"WebPage\",\"@id\":\"https:\/\/now-news.de\/de\/deutschland\/kuenftiger-generalinspekteur-erfreut-wehrbeauftragte-fordert-weitere-300-milliarden-fuer-bundeswehr\/\",\"url\":\"https:\/\/now-news.de\/de\/deutschland\/kuenftiger-generalinspekteur-erfreut-wehrbeauftragte-fordert-weitere-300-milliarden-fuer-bundeswehr\/\",\"name\":\"K\u00fcnftiger Generalinspekteur erfreut: Wehrbeauftragte fordert weitere 300 Milliarden f\u00fcr Bundeswehr - just-now.NEWS Deutschland\",\"isPartOf\":{\"@id\":\"https:\/\/now-news.de\/de\/#website\"},\"primaryImageOfPage\":{\"@id\":\"https:\/\/now-news.de\/de\/deutschland\/kuenftiger-generalinspekteur-erfreut-wehrbeauftragte-fordert-weitere-300-milliarden-fuer-bundeswehr\/#primaryimage\"},\"image\":{\"@id\":\"https:\/\/now-news.de\/de\/deutschland\/kuenftiger-generalinspekteur-erfreut-wehrbeauftragte-fordert-weitere-300-milliarden-fuer-bundeswehr\/#primaryimage\"},\"thumbnailUrl\":\"https:\/\/now-news.de\/de\/wp-content\/uploads\/sites\/3\/2023\/03\/Kuenftiger-Generalinspekteur-erfreut-Wehrbeauftragte-fordert-weitere-300-Milliarden-fuer-Bundeswehr.jpg\",\"datePublished\":\"2023-03-16T20:02:04+00:00\",\"dateModified\":\"2023-03-16T20:02:04+00:00\",\"breadcrumb\":{\"@id\":\"https:\/\/now-news.de\/de\/deutschland\/kuenftiger-generalinspekteur-erfreut-wehrbeauftragte-fordert-weitere-300-milliarden-fuer-bundeswehr\/#breadcrumb\"},\"inLanguage\":\"de\",\"potentialAction\":[{\"@type\":\"ReadAction\",\"target\":[\"https:\/\/now-news.de\/de\/deutschland\/kuenftiger-generalinspekteur-erfreut-wehrbeauftragte-fordert-weitere-300-milliarden-fuer-bundeswehr\/\"]}]},{\"@type\":\"ImageObject\",\"inLanguage\":\"de\",\"@id\":\"https:\/\/now-news.de\/de\/deutschland\/kuenftiger-generalinspekteur-erfreut-wehrbeauftragte-fordert-weitere-300-milliarden-fuer-bundeswehr\/#primaryimage\",\"url\":\"https:\/\/now-news.de\/de\/wp-content\/uploads\/sites\/3\/2023\/03\/Kuenftiger-Generalinspekteur-erfreut-Wehrbeauftragte-fordert-weitere-300-Milliarden-fuer-Bundeswehr.jpg\",\"contentUrl\":\"https:\/\/now-news.de\/de\/wp-content\/uploads\/sites\/3\/2023\/03\/Kuenftiger-Generalinspekteur-erfreut-Wehrbeauftragte-fordert-weitere-300-Milliarden-fuer-Bundeswehr.jpg\",\"width\":460,\"height\":259,\"caption\":\"K\u00fcnftiger Generalinspekteur erfreut: Wehrbeauftragte fordert weitere 300 Milliarden f\u00fcr Bundeswehr\"},{\"@type\":\"BreadcrumbList\",\"@id\":\"https:\/\/now-news.de\/de\/deutschland\/kuenftiger-generalinspekteur-erfreut-wehrbeauftragte-fordert-weitere-300-milliarden-fuer-bundeswehr\/#breadcrumb\",\"itemListElement\":[{\"@type\":\"ListItem\",\"position\":1,\"name\":\"Home\",\"item\":\"https:\/\/now-news.de\/de\/\"},{\"@type\":\"ListItem\",\"position\":2,\"name\":\"K\u00fcnftiger Generalinspekteur erfreut: Wehrbeauftragte fordert weitere 300 Milliarden f\u00fcr Bundeswehr\"}]},{\"@type\":\"WebSite\",\"@id\":\"https:\/\/now-news.de\/de\/#website\",\"url\":\"https:\/\/now-news.de\/de\/\",\"name\":\"just-now.NEWS Deutschland\",\"description\":\"Das Portal f\u00fcr unzensierte Nachrichten aus der Welt\",\"publisher\":{\"@id\":\"https:\/\/now-news.de\/de\/#organization\"},\"potentialAction\":[{\"@type\":\"SearchAction\",\"target\":{\"@type\":\"EntryPoint\",\"urlTemplate\":\"https:\/\/now-news.de\/de\/?s={search_term_string}\"},\"query-input\":\"required name=search_term_string\"}],\"inLanguage\":\"de\"},{\"@type\":\"Organization\",\"@id\":\"https:\/\/now-news.de\/de\/#organization\",\"name\":\"Just Now News\",\"url\":\"https:\/\/now-news.de\/de\/\",\"logo\":{\"@type\":\"ImageObject\",\"inLanguage\":\"de\",\"@id\":\"https:\/\/now-news.de\/de\/#\/schema\/logo\/image\/\",\"url\":\"http:\/\/just-now.news\/de\/wp-content\/uploads\/sites\/3\/2022\/04\/logo500x500.jpg\",\"contentUrl\":\"http:\/\/just-now.news\/de\/wp-content\/uploads\/sites\/3\/2022\/04\/logo500x500.jpg\",\"width\":500,\"height\":500,\"caption\":\"Just Now News\"},\"image\":{\"@id\":\"https:\/\/now-news.de\/de\/#\/schema\/logo\/image\/\"},\"sameAs\":[\"https:\/\/www.facebook.com\/wirmachenauf\",\"https:\/\/x.com\/WirMachenAuf_de\"]},{\"@type\":\"Person\",\"@id\":\"https:\/\/now-news.de\/de\/#\/schema\/person\/fb534a4e865501d8b3285208df34a9b5\",\"name\":\"rtnews\",\"image\":{\"@type\":\"ImageObject\",\"inLanguage\":\"de\",\"@id\":\"https:\/\/now-news.de\/de\/#\/schema\/person\/image\/\",\"url\":\"https:\/\/secure.gravatar.com\/avatar\/82aafea7d8127119dd649515f56e2117?s=96&d=mm&r=g\",\"contentUrl\":\"https:\/\/secure.gravatar.com\/avatar\/82aafea7d8127119dd649515f56e2117?s=96&d=mm&r=g\",\"caption\":\"rtnews\"},\"url\":\"https:\/\/now-news.de\/de\/author\/rnews\/\"}]}<\/script>\n<!-- \/ Yoast SEO Premium plugin. -->","yoast_head_json":{"title":"K\u00fcnftiger Generalinspekteur erfreut: Wehrbeauftragte fordert weitere 300 Milliarden f\u00fcr Bundeswehr - just-now.NEWS Deutschland","robots":{"index":"index","follow":"follow","max-snippet":"max-snippet:-1","max-image-preview":"max-image-preview:large","max-video-preview":"max-video-preview:-1"},"canonical":"https:\/\/now-news.de\/de\/deutschland\/kuenftiger-generalinspekteur-erfreut-wehrbeauftragte-fordert-weitere-300-milliarden-fuer-bundeswehr\/","og_locale":"de_DE","og_type":"article","og_title":"K\u00fcnftiger Generalinspekteur erfreut: Wehrbeauftragte fordert weitere 300 Milliarden f\u00fcr Bundeswehr","og_description":"Die Wehrbeauftragte des Deutschen Bundestages Eva H\u00f6gl h\u00e4lt das im Vorjahr best\u00e4tigte 100-Milliarden-Sonderverm\u00f6gen der Bundeswehr f\u00fcr nicht ausreichend, um die volle Einsatzbereitschaft der deutschen Streitkr\u00e4fte herzustellen. Zudem m\u00fcssten die bisherigen Anstrengungen bei der Personalgewinnung &#8220;massiv verst\u00e4rkt&#8221; werden. In einer offiziellen Kurzmitteilung des Deutschen Bundestages vom 14. M\u00e4rz (hib 181\/2023) fordert die SPD-Abgeordnete Eva H\u00f6gl,\u00a0die derzeitige [&hellip;]","og_url":"https:\/\/now-news.de\/de\/deutschland\/kuenftiger-generalinspekteur-erfreut-wehrbeauftragte-fordert-weitere-300-milliarden-fuer-bundeswehr\/","og_site_name":"just-now.NEWS Deutschland","article_publisher":"https:\/\/www.facebook.com\/wirmachenauf","article_published_time":"2023-03-16T20:02:04+00:00","og_image":[{"width":460,"height":259,"url":"https:\/\/now-news.de\/de\/wp-content\/uploads\/sites\/3\/2023\/03\/Kuenftiger-Generalinspekteur-erfreut-Wehrbeauftragte-fordert-weitere-300-Milliarden-fuer-Bundeswehr.jpg","type":"image\/jpeg"}],"author":"rtnews","twitter_card":"summary_large_image","twitter_creator":"@WirMachenAuf_de","twitter_site":"@WirMachenAuf_de","twitter_misc":{"Verfasst von":"rtnews","Gesch\u00e4tzte Lesezeit":"3\u00a0Minuten"},"schema":{"@context":"https:\/\/schema.org","@graph":[{"@type":"Article","@id":"https:\/\/now-news.de\/de\/deutschland\/kuenftiger-generalinspekteur-erfreut-wehrbeauftragte-fordert-weitere-300-milliarden-fuer-bundeswehr\/#article","isPartOf":{"@id":"https:\/\/now-news.de\/de\/deutschland\/kuenftiger-generalinspekteur-erfreut-wehrbeauftragte-fordert-weitere-300-milliarden-fuer-bundeswehr\/"},"author":{"name":"rtnews","@id":"https:\/\/now-news.de\/de\/#\/schema\/person\/fb534a4e865501d8b3285208df34a9b5"},"headline":"K\u00fcnftiger Generalinspekteur erfreut: Wehrbeauftragte fordert weitere 300 Milliarden f\u00fcr Bundeswehr","datePublished":"2023-03-16T20:02:04+00:00","dateModified":"2023-03-16T20:02:04+00:00","mainEntityOfPage":{"@id":"https:\/\/now-news.de\/de\/deutschland\/kuenftiger-generalinspekteur-erfreut-wehrbeauftragte-fordert-weitere-300-milliarden-fuer-bundeswehr\/"},"wordCount":614,"commentCount":0,"publisher":{"@id":"https:\/\/now-news.de\/de\/#organization"},"image":{"@id":"https:\/\/now-news.de\/de\/deutschland\/kuenftiger-generalinspekteur-erfreut-wehrbeauftragte-fordert-weitere-300-milliarden-fuer-bundeswehr\/#primaryimage"},"thumbnailUrl":"https:\/\/now-news.de\/de\/wp-content\/uploads\/sites\/3\/2023\/03\/Kuenftiger-Generalinspekteur-erfreut-Wehrbeauftragte-fordert-weitere-300-Milliarden-fuer-Bundeswehr.jpg","keywords":["Bundeswehr","erfreut","fordert","f\u00fcr","Generalinspekteur","k\u00fcnftiger","Milliarden","Wehrbeauftragte","weitere"],"articleSection":["Deutschland","Russland"],"inLanguage":"de","potentialAction":[{"@type":"CommentAction","name":"Comment","target":["https:\/\/now-news.de\/de\/deutschland\/kuenftiger-generalinspekteur-erfreut-wehrbeauftragte-fordert-weitere-300-milliarden-fuer-bundeswehr\/#respond"]}]},{"@type":"WebPage","@id":"https:\/\/now-news.de\/de\/deutschland\/kuenftiger-generalinspekteur-erfreut-wehrbeauftragte-fordert-weitere-300-milliarden-fuer-bundeswehr\/","url":"https:\/\/now-news.de\/de\/deutschland\/kuenftiger-generalinspekteur-erfreut-wehrbeauftragte-fordert-weitere-300-milliarden-fuer-bundeswehr\/","name":"K\u00fcnftiger Generalinspekteur erfreut: Wehrbeauftragte fordert weitere 300 Milliarden f\u00fcr Bundeswehr - just-now.NEWS Deutschland","isPartOf":{"@id":"https:\/\/now-news.de\/de\/#website"},"primaryImageOfPage":{"@id":"https:\/\/now-news.de\/de\/deutschland\/kuenftiger-generalinspekteur-erfreut-wehrbeauftragte-fordert-weitere-300-milliarden-fuer-bundeswehr\/#primaryimage"},"image":{"@id":"https:\/\/now-news.de\/de\/deutschland\/kuenftiger-generalinspekteur-erfreut-wehrbeauftragte-fordert-weitere-300-milliarden-fuer-bundeswehr\/#primaryimage"},"thumbnailUrl":"https:\/\/now-news.de\/de\/wp-content\/uploads\/sites\/3\/2023\/03\/Kuenftiger-Generalinspekteur-erfreut-Wehrbeauftragte-fordert-weitere-300-Milliarden-fuer-Bundeswehr.jpg","datePublished":"2023-03-16T20:02:04+00:00","dateModified":"2023-03-16T20:02:04+00:00","breadcrumb":{"@id":"https:\/\/now-news.de\/de\/deutschland\/kuenftiger-generalinspekteur-erfreut-wehrbeauftragte-fordert-weitere-300-milliarden-fuer-bundeswehr\/#breadcrumb"},"inLanguage":"de","potentialAction":[{"@type":"ReadAction","target":["https:\/\/now-news.de\/de\/deutschland\/kuenftiger-generalinspekteur-erfreut-wehrbeauftragte-fordert-weitere-300-milliarden-fuer-bundeswehr\/"]}]},{"@type":"ImageObject","inLanguage":"de","@id":"https:\/\/now-news.de\/de\/deutschland\/kuenftiger-generalinspekteur-erfreut-wehrbeauftragte-fordert-weitere-300-milliarden-fuer-bundeswehr\/#primaryimage","url":"https:\/\/now-news.de\/de\/wp-content\/uploads\/sites\/3\/2023\/03\/Kuenftiger-Generalinspekteur-erfreut-Wehrbeauftragte-fordert-weitere-300-Milliarden-fuer-Bundeswehr.jpg","contentUrl":"https:\/\/now-news.de\/de\/wp-content\/uploads\/sites\/3\/2023\/03\/Kuenftiger-Generalinspekteur-erfreut-Wehrbeauftragte-fordert-weitere-300-Milliarden-fuer-Bundeswehr.jpg","width":460,"height":259,"caption":"K\u00fcnftiger Generalinspekteur erfreut: Wehrbeauftragte fordert weitere 300 Milliarden f\u00fcr Bundeswehr"},{"@type":"BreadcrumbList","@id":"https:\/\/now-news.de\/de\/deutschland\/kuenftiger-generalinspekteur-erfreut-wehrbeauftragte-fordert-weitere-300-milliarden-fuer-bundeswehr\/#breadcrumb","itemListElement":[{"@type":"ListItem","position":1,"name":"Home","item":"https:\/\/now-news.de\/de\/"},{"@type":"ListItem","position":2,"name":"K\u00fcnftiger Generalinspekteur erfreut: Wehrbeauftragte fordert weitere 300 Milliarden f\u00fcr Bundeswehr"}]},{"@type":"WebSite","@id":"https:\/\/now-news.de\/de\/#website","url":"https:\/\/now-news.de\/de\/","name":"just-now.NEWS Deutschland","description":"Das Portal f\u00fcr unzensierte Nachrichten aus der Welt","publisher":{"@id":"https:\/\/now-news.de\/de\/#organization"},"potentialAction":[{"@type":"SearchAction","target":{"@type":"EntryPoint","urlTemplate":"https:\/\/now-news.de\/de\/?s={search_term_string}"},"query-input":"required name=search_term_string"}],"inLanguage":"de"},{"@type":"Organization","@id":"https:\/\/now-news.de\/de\/#organization","name":"Just Now News","url":"https:\/\/now-news.de\/de\/","logo":{"@type":"ImageObject","inLanguage":"de","@id":"https:\/\/now-news.de\/de\/#\/schema\/logo\/image\/","url":"http:\/\/just-now.news\/de\/wp-content\/uploads\/sites\/3\/2022\/04\/logo500x500.jpg","contentUrl":"http:\/\/just-now.news\/de\/wp-content\/uploads\/sites\/3\/2022\/04\/logo500x500.jpg","width":500,"height":500,"caption":"Just Now News"},"image":{"@id":"https:\/\/now-news.de\/de\/#\/schema\/logo\/image\/"},"sameAs":["https:\/\/www.facebook.com\/wirmachenauf","https:\/\/x.com\/WirMachenAuf_de"]},{"@type":"Person","@id":"https:\/\/now-news.de\/de\/#\/schema\/person\/fb534a4e865501d8b3285208df34a9b5","name":"rtnews","image":{"@type":"ImageObject","inLanguage":"de","@id":"https:\/\/now-news.de\/de\/#\/schema\/person\/image\/","url":"https:\/\/secure.gravatar.com\/avatar\/82aafea7d8127119dd649515f56e2117?s=96&d=mm&r=g","contentUrl":"https:\/\/secure.gravatar.com\/avatar\/82aafea7d8127119dd649515f56e2117?s=96&d=mm&r=g","caption":"rtnews"},"url":"https:\/\/now-news.de\/de\/author\/rnews\/"}]}},"_links":{"self":[{"href":"https:\/\/now-news.de\/de\/wp-json\/wp\/v2\/posts\/32411"}],"collection":[{"href":"https:\/\/now-news.de\/de\/wp-json\/wp\/v2\/posts"}],"about":[{"href":"https:\/\/now-news.de\/de\/wp-json\/wp\/v2\/types\/post"}],"author":[{"embeddable":true,"href":"https:\/\/now-news.de\/de\/wp-json\/wp\/v2\/users\/3"}],"replies":[{"embeddable":true,"href":"https:\/\/now-news.de\/de\/wp-json\/wp\/v2\/comments?post=32411"}],"version-history":[{"count":0,"href":"https:\/\/now-news.de\/de\/wp-json\/wp\/v2\/posts\/32411\/revisions"}],"wp:featuredmedia":[{"embeddable":true,"href":"https:\/\/now-news.de\/de\/wp-json\/wp\/v2\/media\/32412"}],"wp:attachment":[{"href":"https:\/\/now-news.de\/de\/wp-json\/wp\/v2\/media?parent=32411"}],"wp:term":[{"taxonomy":"category","embeddable":true,"href":"https:\/\/now-news.de\/de\/wp-json\/wp\/v2\/categories?post=32411"},{"taxonomy":"post_tag","embeddable":true,"href":"https:\/\/now-news.de\/de\/wp-json\/wp\/v2\/tags?post=32411"}],"curies":[{"name":"wp","href":"https:\/\/api.w.org\/{rel}","templated":true}]}}