{"id":32390,"date":"2023-03-16T19:26:15","date_gmt":"2023-03-16T17:26:15","guid":{"rendered":"https:\/\/just-now.news\/de\/deutschland\/anwaelte-von-corona-impfgeschaedigten-reagieren-auf-lauterbach-aeusserungen-im-zdf-die-ard-auch\/"},"modified":"2023-03-16T19:26:15","modified_gmt":"2023-03-16T17:26:15","slug":"anwaelte-von-corona-impfgeschaedigten-reagieren-auf-lauterbach-aeusserungen-im-zdf-die-ard-auch","status":"publish","type":"post","link":"https:\/\/now-news.de\/de\/deutschland\/anwaelte-von-corona-impfgeschaedigten-reagieren-auf-lauterbach-aeusserungen-im-zdf-die-ard-auch\/","title":{"rendered":"Anw\u00e4lte von Corona-Impfgesch\u00e4digten reagieren auf Lauterbach-\u00c4u\u00dferungen im ZDF \u2013 die ARD auch"},"content":{"rendered":"<p><img decoding=\"async\" src=\"http:\/\/just-now.news\/de\/wp-content\/uploads\/sites\/3\/2023\/03\/6412f4edb480cc30f84b45e3.jpg\" \/><\/p>\n<div class=\"Text-root Text-type_1 \">\n                Die betreuende Rechtsanwaltskanzlei erkannte in den Aussagen des Bundesgesundheitsministers zu Corona-Impfsch\u00e4den im heute-journal des ZDF &#8220;fragw\u00fcrdige&#8221; Inhalte. Die ARD-Mediathek l\u00f6schte im Anschluss an Lauterbachs ZDF-Interview  auff\u00e4llig die &#8220;Anne Will&#8221;-Sendung mit seiner \u00c4u\u00dferung zu vermeintlich &#8220;nebenwirkungsfreien Impfstoffen&#8221;.\n            <\/div>\n<p><\/p>\n<div class=\"Text-root Text-type_5 ArticleView-text ViewText-root \">\n<p><em>Von Bernhard Loyen<\/em><\/p>\n<p>Karl Lauterbach und das von ihm gef\u00fchrte Bundesgesundheitsministerium sahen sich aufgrund kritischer Recherchen zu seinem beruflichen Werdegang strategisch dazu gezwungen, dem<em> heute-journal <\/em>des<em> ZDF <\/em>am\u00a012. M\u00e4rz<em>\u00a0<\/em>ungewohnt forsche und kritische Fragen <a rel=\"nofollow noopener\" target=\"_blank\" href=\"https:\/\/www.zdf.de\/nachrichten\/politik\/corona-hilfe-impfschaeden-long-covid-lauterbach-100.html\">beantworten<\/a> zu m\u00fcssen. Dabei versuchte der Minister, sich als besorgter Unterst\u00fctzer und Macher f\u00fcr die abertausenden deutschen B\u00fcrger mit teils lebensbedrohlichen Gesundheitseinschr\u00e4nkungen nach einer Corona-Impfung zu verkaufen.<em>\u00a0<\/em><\/p>\n<p>Die\u00a0Rechtsanwaltskanzlei Rogert &amp; Ulbrich aus D\u00fcsseldorf &#8220;ist mit \u00fcber 3.000 Erstberatungen und \u00fcber 750 Mandaten die f\u00fchrende deutsche Kanzlei f\u00fcr die Geltendmachung von mRNA-Impfsch\u00e4den in Deutschland&#8221;, hei\u00dft es demgegen\u00fcber in einer <a rel=\"nofollow noopener\" target=\"_blank\" href=\"https:\/\/www.presseportal.de\/pm\/119896\/5463656\">Pressemitteilung<\/a> der Kanzlei vom 15. M\u00e4rz. Laut Eigenauskunft wurden\u00a0bereits weit \u00fcber 100 Klagen gegen Pharmahersteller entsprechender Produkte eingereicht.<\/p>\n<p>Dies brachte den Anwalt Tobias Ulbrich im Rahmen eines ungewohnt unmissverst\u00e4ndlich formulierenden\u00a0<em>ZDF<\/em>-Beitrags\u00a0<a rel=\"nofollow noopener\" target=\"_blank\" href=\"https:\/\/www.youtube.com\/watch?v=TRbnyY00R_0\">zu Impfsch\u00e4den<\/a>\u00a0vom 8. M\u00e4rz in die Position des erl\u00e4uternden Klagebetreuenden. Die diesbez\u00fcgliche Interviewsequenz war dann auch Bestandteil des <em>heute-journal-<\/em>Beitrags vom 12. M\u00e4rz.<\/p>\n<p>Der eindeutig fahrig wirkende Auftritt Lauterbachs, inklusive der get\u00e4tigten Beantwortungen der scharf formulierte Fragen, missfiel nicht nur den <a rel=\"nofollow noopener\" target=\"_blank\" href=\"https:\/\/twitter.com\/FeliciaBinger\/status\/1635695249669468164\">gesch\u00e4digten Impfopfern<\/a> aufgrund des unglaubw\u00fcrdigen Agierens des Ministers. Anwalt Ulbrich kommentierte diesbez\u00fcglich klar formuliert am 13. M\u00e4rz auf Twitter:<\/p>\n<blockquote>\n<p><em>&#8220;Diese L\u00fcgerei ist rekordverd\u00e4chtig. Lauterbach und (sein Vorg\u00e4nger) Spahn sind beide Sinnbild f\u00fcr NGO-getriebene Interessenpolitik, verbunden mit dem Vertrauensverlust der B\u00fcrger in alle medizinischen Institutionen und \u00dcberwachungen. Schlimmster Fall.&#8221;<\/em><\/p>\n<\/blockquote>\n<div class=\"EmbedBlock-root EmbedBlock-twitter\">\n<div class=\"TwitterEmbed\">\n<blockquote class=\"twitter-tweet lazyload\" data-twitter=\"twitter-tweet\">\n<p lang=\"de\" dir=\"ltr\">Hier einmal ein Gegen\u00fcberstellung der Aussagen. Diese L\u00fcgerei ist rekordverd\u00e4chtig. Lauterbach und Spahn sind beide Sinnbild f\u00fcr NGO-getriebene Interessenpolitik, verbunden mit dem Vertrauensverlust der B\u00fcrger in alle medizinischen Institutionen und \u00dcberwachungen. Worst case <a rel=\"nofollow noopener\" target=\"_blank\" href=\"https:\/\/t.co\/viibK8gEhT\">pic.twitter.com\/viibK8gEhT<\/a><\/p>\n<p>\u2014 Tobias Ulbrich (@AnwaltUlbrich) <a rel=\"nofollow noopener\" target=\"_blank\" href=\"https:\/\/twitter.com\/AnwaltUlbrich\/status\/1635372090793533440?ref_src=twsrc%5Etfw\">March 13, 2023<\/a><\/p><\/blockquote>\n<\/div>\n<\/div>\n<p>Die Kanzlei zeigt sich laut Mitteilung &#8220;umso erstaunter auf die Ausf\u00fchrungen des Gesundheitsministers zu wesentlichen Aspekten der Impffolgen&#8221;. Es seien im Verlauf des Interviews &#8220;fragw\u00fcrdige Aussagen des Bundesgesundheitsministers zu Corona-Impfsch\u00e4den&#8221; erfolgt. Diesbez\u00fcglich hei\u00dft es weiter:<\/p>\n<blockquote>\n<p><em>&#8220;Minister Lauterbach ging von einer H\u00e4ufigkeit von schweren Nebenwirkungen von 1:10.000 aus. (&#8230;)\u00a0Das Paul-Ehrlich-Institut, dessen oberster Dienstherr der Minister ist, hatte bereits am 04.12.2022 331.500 Verdachtsf\u00e4lle von Nebenwirkungen (Quelle:\u00a0<a rel=\"nofollow noopener\" target=\"_blank\" href=\"https:\/\/ots.de\/KMsEX9\">https:\/\/ots.de\/KMsEX9<\/a>\u00a0). An anderer Stelle gibt das PEI eine H\u00e4ufigkeit von 3:10.000 an (das sind dreimal so viele F\u00e4lle wie der Minister angab).&#8221;<\/em>\u00a0<\/p>\n<\/blockquote>\n<p>In der Mitteilung erfolgen unter Nennung von Quellenangaben weitere Zahlenerl\u00e4uterungen zur Thematik. Ulbrich wird mit der Feststellung zitiert:<\/p>\n<blockquote>\n<p><em>&#8220;Man muss daher davon ausgehen, dass die tats\u00e4chlichen Zahlen um ein Vielfaches h\u00f6her sind als die gemeldeten Zahlen. Das liegt unter anderem daran, dass es keinen finanziellen Anreiz f\u00fcr \u00c4rzte gibt, Impfsch\u00e4den zu melden. Zudem haben die \u00c4rzte schlie\u00dflich oft selbst das Vakzin verimpft. Das muss dem Minister selbstverst\u00e4ndlich bekannt sein\u00a0(ausgehend diesbez\u00fcglicher differenter \u00c4u\u00dferungen im ZDF-Interview).&#8221;<\/em><\/p>\n<\/blockquote>\n<p>&#8220;Schlichtweg falsch&#8221; sei des Weiteren die pauschale Behauptung des Ministers im <em>heute-journal-<\/em>Gespr\u00e4ch, dass &#8220;die (gesetzlichen) Krankenkassen die Kosten f\u00fcr die Therapierung und Behandlung von Impfsch\u00e4den \u00fcbernehmen w\u00fcrden&#8221;, so der Anwalt weiter. Auch diese Behauptung wird ausf\u00fchrlich in der Mitteilung <a rel=\"nofollow noopener\" target=\"_blank\" href=\"https:\/\/www.presseportal.de\/pm\/119896\/5463656\">erl\u00e4utert<\/a>. Die Kanzlei zeigt sich irritiert aufgrund einer differenten Realit\u00e4t:<\/p>\n<blockquote>\n<p><em>&#8220;Nach jetzigem Stand \u00fcbernimmt der Staat keine Haftung, sondern stelle lediglich den Hersteller von dessen Haftung frei. Das bedeutet aber doch nicht, dass dem Gesch\u00e4digten dadurch einfacher oder schneller eine Entsch\u00e4digung zukomme. Vielmehr hat sich der Staat durch die vertraglichen Regelungen mit dem Hersteller auf dessen Seite geschlagen, wodurch die Durchsetzung von Anspr\u00fcchen gegen den Hersteller zus\u00e4tzlich erschwert wird.&#8221;<\/em><\/p>\n<\/blockquote>\n<p>Der Minister wurde aufgrund der fraglichen \u00c4u\u00dferungen seitens der Kanzlei dazu\u00a0aufgefordert, &#8220;die Haftung der Bundesrepublik Deutschland\u00a0(zugunsten der Impfopfer) auch amtlich anzuerkennen&#8221;. &#8220;Bis dato warte ich auf eine Antwort des Ministers&#8221;, so Anwalt\u00a0Dr. Rogert. Abschlie\u00dfend hei\u00dft es:<\/p>\n<blockquote>\n<p><em>&#8220;Es kann nicht angehen, dass trotz fehlgeschlagener vorklinischer und aufgrund der sogenannter &#8216;Pfizer-Paper&#8217; fragw\u00fcrdiger klinischer Studien Impfstoffe im Verkehr sind, die nach wie vor schwerste gesundheitliche Beeintr\u00e4chtigungen hervorrufen. Impfgesch\u00e4digte werden von dem Bundesverdienstkreuztr\u00e4ger und BioNtech-Milliard\u00e4r Sahin im Regen stehen gelassen.&#8221;<\/em><\/p>\n<\/blockquote>\n<p>Karl Lauterbach muss es sich nun gefallen lassen, von Gro\u00dfteilen der Gesellschaft und Medien auch weiterhin als (mit-)verantwortliches\u00a0Gesicht der Corona-Jahre 2020 bis 2022 zu gelten. Zu gro\u00df war sein Geltungsbed\u00fcrfnis, endlich aus den wenig wahrgenommenen hinteren Sitzreihen des Bundestages in den Fokus von Millionen Menschen zu r\u00fccken. Der sichtbare Genuss als Medien-Darling der Stunde \u00fcberwog der eigentlichen Rolle des behutsamen und bedachten Agierens eines Ministers mit herausragenden Verantwortlichkeiten in\u00a0Krisenzeiten.<\/p>\n<p>Unz\u00e4hlbare Auftritte in \u00f6ffentlich-rechtlichen Formaten f\u00fcr\u00a0<a rel=\"nofollow noopener\" target=\"_blank\" href=\"https:\/\/www.youtube.com\/watch?v=ZTFglDY2cHM\">Jung<\/a>\u00a0und etwa <a rel=\"nofollow noopener\" target=\"_blank\" href=\"https:\/\/www.youtube.com\/watch?v=NJjyiBKTsbc\">\u00e4lter<\/a>, teils nicht nachvollziehbar in ihrer Notwendigkeit und <a rel=\"nofollow noopener\" target=\"_blank\" href=\"https:\/\/www.youtube.com\/watch?v=jM4TIZD61k8\">Bizarrheit<\/a>, dienen dabei als unwiderrufliche Beweise. Get\u00e4tigte Aussagen als inhaltliche\u00a0Orientierungspunkte in der Aufarbeitung einer Causa &#8220;COVID-Impfungen \u2013 freiwillig oder politisch eingefordert?&#8221;. Je nach Blickwinkel der millionenfache Einsatz eines neuartigen mRNA-Wirkstoffes oder der unter Sonderkonditionen z\u00fcgig produzierte Impfstoff der Stunde.\u00a0<\/p>\n<p>Nachweislich t\u00e4tigte Karl Lauterbach in der <em>ARD<\/em>-Sendung <em>Anne Will<\/em> vom 13. Februar 2022 folgende <a rel=\"nofollow noopener\" target=\"_blank\" href=\"https:\/\/twitter.com\/reitschuster\/status\/1635445892147818496\">Aussage<\/a>:<\/p>\n<blockquote>\n<p><em>&#8220;Wir m\u00fcssen den Menschen, die da noch z\u00f6gern (sich impfen zu lassen) noch Angebote machen (&#8230;) Mir tun auch diese Menschen leid, die da z\u00f6gern. auf der anderen Seite m\u00fcssen wir da auch vermitteln, die Impfungen sind halt mehr oder weniger nebenwirkungsfrei. Das muss immer wieder gesagt werden.&#8221;<\/em><\/p>\n<\/blockquote>\n<p>Lauterbach bezeichnete dann mRNA-kritische B\u00fcrger weiter als zum Teil &#8220;Opfer der sch\u00e4bigen Desinformationen in den sozialen Medien (&#8230;)&#8221;. Seine f\u00fcr verunsicherte B\u00fcrger ma\u00dfgeblich entscheidende Wahrnehmung, die ann\u00e4hernd nachdr\u00fcckliche Aufforderung, dabei kein Einzelfall:<\/p>\n<div class=\"EmbedBlock-root EmbedBlock-twitter\">\n<div class=\"TwitterEmbed\">\n<blockquote class=\"twitter-tweet lazyload\" data-twitter=\"twitter-tweet\">\n<p lang=\"de\" dir=\"ltr\">Karl <a rel=\"nofollow noopener\" target=\"_blank\" href=\"https:\/\/twitter.com\/hashtag\/Lauterbach?src=hash&amp;ref_src=twsrc%5Etfw\">#Lauterbach<\/a>: Appell an die Ungeimpften&#8221;Die Impfung ist fast nebenwirkungsfrei und die Impfstoffe sind gut. Die <a rel=\"nofollow noopener\" target=\"_blank\" href=\"https:\/\/twitter.com\/hashtag\/Booster?src=hash&amp;ref_src=twsrc%5Etfw\">#Booster<\/a>-Impfung wartet auf Sie und Euch.&#8221; (<a rel=\"nofollow noopener\" target=\"_blank\" href=\"https:\/\/twitter.com\/hashtag\/Impfzentrum?src=hash&amp;ref_src=twsrc%5Etfw\">#Impfzentrum<\/a><a rel=\"nofollow noopener\" target=\"_blank\" href=\"https:\/\/twitter.com\/hashtag\/Schwerin?src=hash&amp;ref_src=twsrc%5Etfw\">#Schwerin<\/a> 17.01.2022)<a rel=\"nofollow noopener\" target=\"_blank\" href=\"https:\/\/twitter.com\/hashtag\/BehindTheMatrix?src=hash&amp;ref_src=twsrc%5Etfw\">#BehindTheMatrix<\/a><a rel=\"nofollow noopener\" target=\"_blank\" href=\"https:\/\/twitter.com\/hashtag\/KarlLauterbach?src=hash&amp;ref_src=twsrc%5Etfw\">#KarlLauterbach<\/a><a rel=\"nofollow noopener\" target=\"_blank\" href=\"https:\/\/twitter.com\/hashtag\/Nebenwirkungen?src=hash&amp;ref_src=twsrc%5Etfw\">#Nebenwirkungen<\/a><a rel=\"nofollow noopener\" target=\"_blank\" href=\"https:\/\/twitter.com\/hashtag\/LauterbachRausschmissSofort?src=hash&amp;ref_src=twsrc%5Etfw\">#LauterbachRausschmissSofort<\/a><a rel=\"nofollow noopener\" target=\"_blank\" href=\"https:\/\/t.co\/EtFjC1QaEM\">pic.twitter.com\/EtFjC1QaEM<\/a><\/p>\n<p>\u2014 BehindTheMatrix (@behindthematrix) <a rel=\"nofollow noopener\" target=\"_blank\" href=\"https:\/\/twitter.com\/behindthematrix\/status\/1633826947502592001?ref_src=twsrc%5Etfw\">March 9, 2023<\/a><\/p><\/blockquote>\n<\/div>\n<\/div>\n<p>Im M\u00e4rz 2023\u00a0teilte Lauterbach den irritierten gutgl\u00e4ubigen <em>ZDF<\/em>-Zuschauern nun mit, dass f\u00fcr ihn &#8220;jedes Schicksal (einer Impfsch\u00e4digung) absolut best\u00fcrzend&#8221; sei. Ihm t\u00e4ten diese Menschen &#8220;sehr leid&#8221;. Die Betroffenen h\u00e4tten nun schwerste Einschr\u00e4nkungen und einiges d\u00fcrfte davon auch &#8220;permanent sein&#8221;. Ein glaubw\u00fcrdiger Mediengang des Karl Lauterbach nach <a rel=\"nofollow noopener\" target=\"_blank\" href=\"https:\/\/de.wikipedia.org\/wiki\/Gang_nach_Canossa\">Canossa<\/a>?<\/p>\n<div class=\"EmbedBlock-root EmbedBlock-twitter\">\n<div class=\"TwitterEmbed\">\n<blockquote class=\"twitter-tweet lazyload\" data-twitter=\"twitter-tweet\">\n<p lang=\"de\" dir=\"ltr\">Um die Situation von Impfgesch\u00e4digten zu verbessern, k\u00fcndigt <a rel=\"nofollow noopener\" target=\"_blank\" href=\"https:\/\/twitter.com\/Karl_Lauterbach?ref_src=twsrc%5Etfw\">@Karl_Lauterbach<\/a> an, ein Programm aufzulegen. Weiterhin appelliert er an die Impfhersteller, sich zu beteiligen. \u201eDie Gewinne sind exorbitant gewesen\u201c. Eine finanzielle Unterst\u00fctzung sei \u201emehr als eine gute Geste\u201c. <a rel=\"nofollow noopener\" target=\"_blank\" href=\"https:\/\/t.co\/Qq5ed5e2FE\">pic.twitter.com\/Qq5ed5e2FE<\/a><\/p>\n<p>\u2014 ZDF heute journal (@heutejournal) <a rel=\"nofollow noopener\" target=\"_blank\" href=\"https:\/\/twitter.com\/heutejournal\/status\/1635013208867045376?ref_src=twsrc%5Etfw\">March 12, 2023<\/a><\/p><\/blockquote>\n<\/div>\n<\/div>\n<p>Die erw\u00e4hnte\u00a0<em>Anne Will<\/em>-Sendung ist nun aus der <em>ARD<\/em>-Mediathek verschwunden, also gel\u00f6scht worden. Seitens der\u00a0<em>ARD<\/em> hei\u00dft es auff\u00e4llig passend:<\/p>\n<blockquote>\n<p><em>&#8220;Anne Will-Sendungen haben eine Verweildauer von 12 Monaten in der ARD Mediathek und werden dann herausgenommen. Das steht auch unter jedem Video von Anne Will\u00a0in der ARD Mediathek.&#8221;<\/em><\/p>\n<\/blockquote>\n<div class=\"EmbedBlock-root EmbedBlock-twitter\">\n<div class=\"TwitterEmbed\">\n<blockquote class=\"twitter-tweet lazyload\" data-twitter=\"twitter-tweet\">\n<p lang=\"de\" dir=\"ltr\">ANNE WILL Sendungen haben eine Verweildauer von 12 Monaten in der ARD Mediathek und werden dann herausgenommen. Das steht auch unter jedem Video von ANNE WILL in der ARD Mediathek.<\/p>\n<p>\u2014 Das Erste (@DasErste) <a rel=\"nofollow noopener\" target=\"_blank\" href=\"https:\/\/twitter.com\/DasErste\/status\/1635611789772595202?ref_src=twsrc%5Etfw\">March 14, 2023<\/a><\/p><\/blockquote>\n<\/div>\n<\/div>\n<p>Tja, so ist es dann doch belustigend oder auch sehr traurig und symptomatisch die sprichw\u00f6rtliche Faust auf das bebrillte Auge des Karl Lauterbach, dass es bei der <em>ARD<\/em> zu den genaueren Definitionen von L\u00f6schvorg\u00e4ngen in der Rubrik: &#8220;<a rel=\"nofollow noopener\" target=\"_blank\" href=\"https:\/\/www.daserste.de\/specials\/ueber-uns\/verweildauer-100.html\">Rundfunkrechtliche Verweildauern<\/a> in der \u00dcbersicht&#8221; hei\u00dft:<\/p>\n<ul>\n<li>7 Tage\u00a0Sportgro\u00dfereignisse<\/li>\n<li>30 Tage\u00a0angekaufte europ\u00e4ische Filme und Serien<\/li>\n<li>1 Jahr\u00a0Filme, Serien, alle fiktionalen Inhalte<\/li>\n<li>2 Jahre\u00a0Nachrichten, Dokumentation, alle nonfiktionalen Inhalte<\/li>\n<li>2 Jahre\u00a0Themenwochen und andere Schwerpunkte<\/li>\n<li>2 Jahre\u00a0Deb\u00fctfilme<\/li>\n<li>5 Jahre\u00a0Wissen und Bildung<\/li>\n<\/ul>\n<p>Kritische Medienbetrachter\u00a0k\u00f6nnten sich daher nun fragen, ob die <em>ARD<\/em>-Inhalte von <em>Anne Will, Hart aber Fair und Maischberger\u00a0<\/em>schon vor Ablauf eines Jahres oder erst danach als rein &#8220;fiktionale Inhalte&#8221; zu deuten sind. Von &#8220;Wissen und Bildung&#8221; Jahre, wenn nicht Galaxien weit entfernt sind? Zum Thema &#8220;Impfopfer&#8221;, auch ausgehend von einer m\u00f6glichen bewussten und aufzuarbeitenden, weil damit straff\u00e4lligen Vorenthaltung entsprechender Informationen seitens der Pharmaindustrie, der Wissenschaft, der Politik und unterst\u00fctzender Medien, muss umgehend ein staatlicher Hilfsfond eingerichtet werden, um das Leid dieser Menschen zumindest auf der finanziellen Ebene etwas abzuschw\u00e4chen und zu puffern.<\/p>\n<p>Herr Lauterbach sollte die einzige finale Entscheidung treffen, die momentan angemessen w\u00e4re. Der\u00a0sofortige R\u00fccktritt von seinem Amt als\u00a0Bundesgesundheitsminister und Bundestagsabgeordneter:<\/p>\n<div class=\"EmbedBlock-root EmbedBlock-twitter\">\n<div class=\"TwitterEmbed\">\n<blockquote class=\"twitter-tweet lazyload\" data-twitter=\"twitter-tweet\">\n<p lang=\"de\" dir=\"ltr\">Ich denke, das kann jeder unterschreiben:&#8217;Wer einmal l\u00fcgt, dem glaubt man nicht. Darf ein L\u00fcgner und Betr\u00fcger im Parlament bleiben, darf er Minister bleiben?&#8217; <a rel=\"nofollow noopener\" target=\"_blank\" href=\"https:\/\/t.co\/lA17hpjnuh\">pic.twitter.com\/lA17hpjnuh<\/a><\/p>\n<p>\u2014 TheRealTom\u2122 \ud83c\udf1e (@tomdabassman) <a rel=\"nofollow noopener\" target=\"_blank\" href=\"https:\/\/twitter.com\/tomdabassman\/status\/1635657853049491458?ref_src=twsrc%5Etfw\">March 14, 2023<\/a><\/p><\/blockquote>\n<\/div>\n<\/div>\n<p><strong>Mehr zum Thema \u2013<\/strong>\u00a0<a rel=\"nofollow noopener\" target=\"_blank\" href=\"https:\/\/rtde.site\/meinung\/165318-von-corona-bis-krieg\/\">Von Corona bis Krieg: Warum das Narrativ nicht bricht<\/a><\/p>\n<\/p>\n<\/div>\n<p><script async src=\"https:\/\/platform.twitter.com\/widgets.js\" charset=\"utf-8\"><\/script><br \/>\n<br \/><br \/>\n<br \/><a href=\"https:\/\/de.rt.com\/meinung\/165483-anwaelte-von-covid-impfgeschaedigten-reagieren\/\">Source link <\/a><\/p>\n","protected":false},"excerpt":{"rendered":"<p>Die betreuende Rechtsanwaltskanzlei erkannte in den Aussagen des Bundesgesundheitsministers zu Corona-Impfsch\u00e4den im heute-journal des ZDF &#8220;fragw\u00fcrdige&#8221; Inhalte. Die ARD-Mediathek l\u00f6schte im Anschluss an Lauterbachs ZDF-Interview auff\u00e4llig die &#8220;Anne Will&#8221;-Sendung mit seiner \u00c4u\u00dferung zu vermeintlich &#8220;nebenwirkungsfreien Impfstoffen&#8221;. Von Bernhard Loyen Karl Lauterbach und das von ihm gef\u00fchrte Bundesgesundheitsministerium sahen sich aufgrund kritischer Recherchen zu seinem beruflichen [&hellip;]<\/p>\n","protected":false},"author":3,"featured_media":32391,"comment_status":"open","ping_status":"open","sticky":false,"template":"","format":"standard","meta":{"_yoast_indexnow_last_ping":["1678987977"],"wp_automatic_camp":["217"],"89c1f2204703a8c0fba62e30ef4730ba":["Anw\u00e4lte von Corona-Impfgesch\u00e4digten reagieren auf Lauterbach-\u00c4u\u00dferungen im ZDF \u2013 die ARD auch"],"original_link":["https:\/\/de.rt.com\/meinung\/165483-anwaelte-von-covid-impfgeschaedigten-reagieren\/"],"_thumbnail_id":["32391"],"_wptgpro_p2tg_sent2tg":["a:1:{i:23737;s:19:\"2023-03-16 19:34:29\";}"],"jnews_social_counter_last_update":["1777521285"]},"categories":[19,23],"tags":[19192,11760,1475,133,42072,45,42073,535,50,3812],"yoast_head":"<!-- This site is optimized with the Yoast SEO Premium plugin v22.7 (Yoast SEO v22.7) - https:\/\/yoast.com\/wordpress\/plugins\/seo\/ -->\n<title>Anw\u00e4lte von Corona-Impfgesch\u00e4digten reagieren auf Lauterbach-\u00c4u\u00dferungen im ZDF \u2013 die ARD auch - just-now.NEWS Deutschland<\/title>\n<meta name=\"robots\" content=\"index, follow, max-snippet:-1, max-image-preview:large, max-video-preview:-1\" \/>\n<link rel=\"canonical\" href=\"https:\/\/now-news.de\/de\/deutschland\/anwaelte-von-corona-impfgeschaedigten-reagieren-auf-lauterbach-aeusserungen-im-zdf-die-ard-auch\/\" \/>\n<meta property=\"og:locale\" content=\"de_DE\" \/>\n<meta property=\"og:type\" content=\"article\" \/>\n<meta property=\"og:title\" content=\"Anw\u00e4lte von Corona-Impfgesch\u00e4digten reagieren auf Lauterbach-\u00c4u\u00dferungen im ZDF \u2013 die ARD auch\" \/>\n<meta property=\"og:description\" content=\"Die betreuende Rechtsanwaltskanzlei erkannte in den Aussagen des Bundesgesundheitsministers zu Corona-Impfsch\u00e4den im heute-journal des ZDF &#8220;fragw\u00fcrdige&#8221; Inhalte. Die ARD-Mediathek l\u00f6schte im Anschluss an Lauterbachs ZDF-Interview auff\u00e4llig die &#8220;Anne Will&#8221;-Sendung mit seiner \u00c4u\u00dferung zu vermeintlich &#8220;nebenwirkungsfreien Impfstoffen&#8221;. Von Bernhard Loyen Karl Lauterbach und das von ihm gef\u00fchrte Bundesgesundheitsministerium sahen sich aufgrund kritischer Recherchen zu seinem beruflichen [&hellip;]\" \/>\n<meta property=\"og:url\" content=\"https:\/\/now-news.de\/de\/deutschland\/anwaelte-von-corona-impfgeschaedigten-reagieren-auf-lauterbach-aeusserungen-im-zdf-die-ard-auch\/\" \/>\n<meta property=\"og:site_name\" content=\"just-now.NEWS Deutschland\" \/>\n<meta property=\"article:publisher\" content=\"https:\/\/www.facebook.com\/wirmachenauf\" \/>\n<meta property=\"article:published_time\" content=\"2023-03-16T17:26:15+00:00\" \/>\n<meta property=\"og:image\" content=\"https:\/\/now-news.de\/de\/wp-content\/uploads\/sites\/3\/2023\/03\/Anwaelte-von-Corona-Impfgeschaedigten-reagieren-auf-Lauterbach-Aeusserungen-im-ZDF-\u2013-die.jpg\" \/>\n\t<meta property=\"og:image:width\" content=\"460\" \/>\n\t<meta property=\"og:image:height\" content=\"259\" \/>\n\t<meta property=\"og:image:type\" content=\"image\/jpeg\" \/>\n<meta name=\"author\" content=\"rtnews\" \/>\n<meta name=\"twitter:card\" content=\"summary_large_image\" \/>\n<meta name=\"twitter:creator\" content=\"@WirMachenAuf_de\" \/>\n<meta name=\"twitter:site\" content=\"@WirMachenAuf_de\" \/>\n<meta name=\"twitter:label1\" content=\"Verfasst von\" \/>\n\t<meta name=\"twitter:data1\" content=\"rtnews\" \/>\n\t<meta name=\"twitter:label2\" content=\"Gesch\u00e4tzte Lesezeit\" \/>\n\t<meta name=\"twitter:data2\" content=\"7\u00a0Minuten\" \/>\n<script type=\"application\/ld+json\" class=\"yoast-schema-graph\">{\"@context\":\"https:\/\/schema.org\",\"@graph\":[{\"@type\":\"Article\",\"@id\":\"https:\/\/now-news.de\/de\/deutschland\/anwaelte-von-corona-impfgeschaedigten-reagieren-auf-lauterbach-aeusserungen-im-zdf-die-ard-auch\/#article\",\"isPartOf\":{\"@id\":\"https:\/\/now-news.de\/de\/deutschland\/anwaelte-von-corona-impfgeschaedigten-reagieren-auf-lauterbach-aeusserungen-im-zdf-die-ard-auch\/\"},\"author\":{\"name\":\"rtnews\",\"@id\":\"https:\/\/now-news.de\/de\/#\/schema\/person\/fb534a4e865501d8b3285208df34a9b5\"},\"headline\":\"Anw\u00e4lte von Corona-Impfgesch\u00e4digten reagieren auf Lauterbach-\u00c4u\u00dferungen im ZDF \u2013 die ARD auch\",\"datePublished\":\"2023-03-16T17:26:15+00:00\",\"dateModified\":\"2023-03-16T17:26:15+00:00\",\"mainEntityOfPage\":{\"@id\":\"https:\/\/now-news.de\/de\/deutschland\/anwaelte-von-corona-impfgeschaedigten-reagieren-auf-lauterbach-aeusserungen-im-zdf-die-ard-auch\/\"},\"wordCount\":1446,\"commentCount\":0,\"publisher\":{\"@id\":\"https:\/\/now-news.de\/de\/#organization\"},\"image\":{\"@id\":\"https:\/\/now-news.de\/de\/deutschland\/anwaelte-von-corona-impfgeschaedigten-reagieren-auf-lauterbach-aeusserungen-im-zdf-die-ard-auch\/#primaryimage\"},\"thumbnailUrl\":\"https:\/\/now-news.de\/de\/wp-content\/uploads\/sites\/3\/2023\/03\/Anwaelte-von-Corona-Impfgeschaedigten-reagieren-auf-Lauterbach-Aeusserungen-im-ZDF-\u2013-die.jpg\",\"keywords\":[\"Anw\u00e4lte\",\"ARD\",\"auch\",\"AUF\",\"CoronaImpfgesch\u00e4digten\",\"die\",\"Lauterbach\u00c4u\u00dferungen\",\"reagieren\",\"von\",\"ZDF\"],\"articleSection\":[\"Deutschland\",\"Russland\"],\"inLanguage\":\"de\",\"potentialAction\":[{\"@type\":\"CommentAction\",\"name\":\"Comment\",\"target\":[\"https:\/\/now-news.de\/de\/deutschland\/anwaelte-von-corona-impfgeschaedigten-reagieren-auf-lauterbach-aeusserungen-im-zdf-die-ard-auch\/#respond\"]}]},{\"@type\":\"WebPage\",\"@id\":\"https:\/\/now-news.de\/de\/deutschland\/anwaelte-von-corona-impfgeschaedigten-reagieren-auf-lauterbach-aeusserungen-im-zdf-die-ard-auch\/\",\"url\":\"https:\/\/now-news.de\/de\/deutschland\/anwaelte-von-corona-impfgeschaedigten-reagieren-auf-lauterbach-aeusserungen-im-zdf-die-ard-auch\/\",\"name\":\"Anw\u00e4lte von Corona-Impfgesch\u00e4digten reagieren auf Lauterbach-\u00c4u\u00dferungen im ZDF \u2013 die ARD auch - just-now.NEWS Deutschland\",\"isPartOf\":{\"@id\":\"https:\/\/now-news.de\/de\/#website\"},\"primaryImageOfPage\":{\"@id\":\"https:\/\/now-news.de\/de\/deutschland\/anwaelte-von-corona-impfgeschaedigten-reagieren-auf-lauterbach-aeusserungen-im-zdf-die-ard-auch\/#primaryimage\"},\"image\":{\"@id\":\"https:\/\/now-news.de\/de\/deutschland\/anwaelte-von-corona-impfgeschaedigten-reagieren-auf-lauterbach-aeusserungen-im-zdf-die-ard-auch\/#primaryimage\"},\"thumbnailUrl\":\"https:\/\/now-news.de\/de\/wp-content\/uploads\/sites\/3\/2023\/03\/Anwaelte-von-Corona-Impfgeschaedigten-reagieren-auf-Lauterbach-Aeusserungen-im-ZDF-\u2013-die.jpg\",\"datePublished\":\"2023-03-16T17:26:15+00:00\",\"dateModified\":\"2023-03-16T17:26:15+00:00\",\"breadcrumb\":{\"@id\":\"https:\/\/now-news.de\/de\/deutschland\/anwaelte-von-corona-impfgeschaedigten-reagieren-auf-lauterbach-aeusserungen-im-zdf-die-ard-auch\/#breadcrumb\"},\"inLanguage\":\"de\",\"potentialAction\":[{\"@type\":\"ReadAction\",\"target\":[\"https:\/\/now-news.de\/de\/deutschland\/anwaelte-von-corona-impfgeschaedigten-reagieren-auf-lauterbach-aeusserungen-im-zdf-die-ard-auch\/\"]}]},{\"@type\":\"ImageObject\",\"inLanguage\":\"de\",\"@id\":\"https:\/\/now-news.de\/de\/deutschland\/anwaelte-von-corona-impfgeschaedigten-reagieren-auf-lauterbach-aeusserungen-im-zdf-die-ard-auch\/#primaryimage\",\"url\":\"https:\/\/now-news.de\/de\/wp-content\/uploads\/sites\/3\/2023\/03\/Anwaelte-von-Corona-Impfgeschaedigten-reagieren-auf-Lauterbach-Aeusserungen-im-ZDF-\u2013-die.jpg\",\"contentUrl\":\"https:\/\/now-news.de\/de\/wp-content\/uploads\/sites\/3\/2023\/03\/Anwaelte-von-Corona-Impfgeschaedigten-reagieren-auf-Lauterbach-Aeusserungen-im-ZDF-\u2013-die.jpg\",\"width\":460,\"height\":259,\"caption\":\"Anw\u00e4lte von Corona-Impfgesch\u00e4digten reagieren auf Lauterbach-\u00c4u\u00dferungen im ZDF \u2013 die ARD auch\"},{\"@type\":\"BreadcrumbList\",\"@id\":\"https:\/\/now-news.de\/de\/deutschland\/anwaelte-von-corona-impfgeschaedigten-reagieren-auf-lauterbach-aeusserungen-im-zdf-die-ard-auch\/#breadcrumb\",\"itemListElement\":[{\"@type\":\"ListItem\",\"position\":1,\"name\":\"Home\",\"item\":\"https:\/\/now-news.de\/de\/\"},{\"@type\":\"ListItem\",\"position\":2,\"name\":\"Anw\u00e4lte von Corona-Impfgesch\u00e4digten reagieren auf Lauterbach-\u00c4u\u00dferungen im ZDF \u2013 die ARD auch\"}]},{\"@type\":\"WebSite\",\"@id\":\"https:\/\/now-news.de\/de\/#website\",\"url\":\"https:\/\/now-news.de\/de\/\",\"name\":\"just-now.NEWS Deutschland\",\"description\":\"Das Portal f\u00fcr unzensierte Nachrichten aus der Welt\",\"publisher\":{\"@id\":\"https:\/\/now-news.de\/de\/#organization\"},\"potentialAction\":[{\"@type\":\"SearchAction\",\"target\":{\"@type\":\"EntryPoint\",\"urlTemplate\":\"https:\/\/now-news.de\/de\/?s={search_term_string}\"},\"query-input\":\"required name=search_term_string\"}],\"inLanguage\":\"de\"},{\"@type\":\"Organization\",\"@id\":\"https:\/\/now-news.de\/de\/#organization\",\"name\":\"Just Now News\",\"url\":\"https:\/\/now-news.de\/de\/\",\"logo\":{\"@type\":\"ImageObject\",\"inLanguage\":\"de\",\"@id\":\"https:\/\/now-news.de\/de\/#\/schema\/logo\/image\/\",\"url\":\"http:\/\/just-now.news\/de\/wp-content\/uploads\/sites\/3\/2022\/04\/logo500x500.jpg\",\"contentUrl\":\"http:\/\/just-now.news\/de\/wp-content\/uploads\/sites\/3\/2022\/04\/logo500x500.jpg\",\"width\":500,\"height\":500,\"caption\":\"Just Now News\"},\"image\":{\"@id\":\"https:\/\/now-news.de\/de\/#\/schema\/logo\/image\/\"},\"sameAs\":[\"https:\/\/www.facebook.com\/wirmachenauf\",\"https:\/\/x.com\/WirMachenAuf_de\"]},{\"@type\":\"Person\",\"@id\":\"https:\/\/now-news.de\/de\/#\/schema\/person\/fb534a4e865501d8b3285208df34a9b5\",\"name\":\"rtnews\",\"image\":{\"@type\":\"ImageObject\",\"inLanguage\":\"de\",\"@id\":\"https:\/\/now-news.de\/de\/#\/schema\/person\/image\/\",\"url\":\"https:\/\/secure.gravatar.com\/avatar\/82aafea7d8127119dd649515f56e2117?s=96&d=mm&r=g\",\"contentUrl\":\"https:\/\/secure.gravatar.com\/avatar\/82aafea7d8127119dd649515f56e2117?s=96&d=mm&r=g\",\"caption\":\"rtnews\"},\"url\":\"https:\/\/now-news.de\/de\/author\/rnews\/\"}]}<\/script>\n<!-- \/ Yoast SEO Premium plugin. -->","yoast_head_json":{"title":"Anw\u00e4lte von Corona-Impfgesch\u00e4digten reagieren auf Lauterbach-\u00c4u\u00dferungen im ZDF \u2013 die ARD auch - just-now.NEWS Deutschland","robots":{"index":"index","follow":"follow","max-snippet":"max-snippet:-1","max-image-preview":"max-image-preview:large","max-video-preview":"max-video-preview:-1"},"canonical":"https:\/\/now-news.de\/de\/deutschland\/anwaelte-von-corona-impfgeschaedigten-reagieren-auf-lauterbach-aeusserungen-im-zdf-die-ard-auch\/","og_locale":"de_DE","og_type":"article","og_title":"Anw\u00e4lte von Corona-Impfgesch\u00e4digten reagieren auf Lauterbach-\u00c4u\u00dferungen im ZDF \u2013 die ARD auch","og_description":"Die betreuende Rechtsanwaltskanzlei erkannte in den Aussagen des Bundesgesundheitsministers zu Corona-Impfsch\u00e4den im heute-journal des ZDF &#8220;fragw\u00fcrdige&#8221; Inhalte. Die ARD-Mediathek l\u00f6schte im Anschluss an Lauterbachs ZDF-Interview auff\u00e4llig die &#8220;Anne Will&#8221;-Sendung mit seiner \u00c4u\u00dferung zu vermeintlich &#8220;nebenwirkungsfreien Impfstoffen&#8221;. Von Bernhard Loyen Karl Lauterbach und das von ihm gef\u00fchrte Bundesgesundheitsministerium sahen sich aufgrund kritischer Recherchen zu seinem beruflichen [&hellip;]","og_url":"https:\/\/now-news.de\/de\/deutschland\/anwaelte-von-corona-impfgeschaedigten-reagieren-auf-lauterbach-aeusserungen-im-zdf-die-ard-auch\/","og_site_name":"just-now.NEWS Deutschland","article_publisher":"https:\/\/www.facebook.com\/wirmachenauf","article_published_time":"2023-03-16T17:26:15+00:00","og_image":[{"width":460,"height":259,"url":"https:\/\/now-news.de\/de\/wp-content\/uploads\/sites\/3\/2023\/03\/Anwaelte-von-Corona-Impfgeschaedigten-reagieren-auf-Lauterbach-Aeusserungen-im-ZDF-\u2013-die.jpg","type":"image\/jpeg"}],"author":"rtnews","twitter_card":"summary_large_image","twitter_creator":"@WirMachenAuf_de","twitter_site":"@WirMachenAuf_de","twitter_misc":{"Verfasst von":"rtnews","Gesch\u00e4tzte Lesezeit":"7\u00a0Minuten"},"schema":{"@context":"https:\/\/schema.org","@graph":[{"@type":"Article","@id":"https:\/\/now-news.de\/de\/deutschland\/anwaelte-von-corona-impfgeschaedigten-reagieren-auf-lauterbach-aeusserungen-im-zdf-die-ard-auch\/#article","isPartOf":{"@id":"https:\/\/now-news.de\/de\/deutschland\/anwaelte-von-corona-impfgeschaedigten-reagieren-auf-lauterbach-aeusserungen-im-zdf-die-ard-auch\/"},"author":{"name":"rtnews","@id":"https:\/\/now-news.de\/de\/#\/schema\/person\/fb534a4e865501d8b3285208df34a9b5"},"headline":"Anw\u00e4lte von Corona-Impfgesch\u00e4digten reagieren auf Lauterbach-\u00c4u\u00dferungen im ZDF \u2013 die ARD auch","datePublished":"2023-03-16T17:26:15+00:00","dateModified":"2023-03-16T17:26:15+00:00","mainEntityOfPage":{"@id":"https:\/\/now-news.de\/de\/deutschland\/anwaelte-von-corona-impfgeschaedigten-reagieren-auf-lauterbach-aeusserungen-im-zdf-die-ard-auch\/"},"wordCount":1446,"commentCount":0,"publisher":{"@id":"https:\/\/now-news.de\/de\/#organization"},"image":{"@id":"https:\/\/now-news.de\/de\/deutschland\/anwaelte-von-corona-impfgeschaedigten-reagieren-auf-lauterbach-aeusserungen-im-zdf-die-ard-auch\/#primaryimage"},"thumbnailUrl":"https:\/\/now-news.de\/de\/wp-content\/uploads\/sites\/3\/2023\/03\/Anwaelte-von-Corona-Impfgeschaedigten-reagieren-auf-Lauterbach-Aeusserungen-im-ZDF-\u2013-die.jpg","keywords":["Anw\u00e4lte","ARD","auch","AUF","CoronaImpfgesch\u00e4digten","die","Lauterbach\u00c4u\u00dferungen","reagieren","von","ZDF"],"articleSection":["Deutschland","Russland"],"inLanguage":"de","potentialAction":[{"@type":"CommentAction","name":"Comment","target":["https:\/\/now-news.de\/de\/deutschland\/anwaelte-von-corona-impfgeschaedigten-reagieren-auf-lauterbach-aeusserungen-im-zdf-die-ard-auch\/#respond"]}]},{"@type":"WebPage","@id":"https:\/\/now-news.de\/de\/deutschland\/anwaelte-von-corona-impfgeschaedigten-reagieren-auf-lauterbach-aeusserungen-im-zdf-die-ard-auch\/","url":"https:\/\/now-news.de\/de\/deutschland\/anwaelte-von-corona-impfgeschaedigten-reagieren-auf-lauterbach-aeusserungen-im-zdf-die-ard-auch\/","name":"Anw\u00e4lte von Corona-Impfgesch\u00e4digten reagieren auf Lauterbach-\u00c4u\u00dferungen im ZDF \u2013 die ARD auch - just-now.NEWS Deutschland","isPartOf":{"@id":"https:\/\/now-news.de\/de\/#website"},"primaryImageOfPage":{"@id":"https:\/\/now-news.de\/de\/deutschland\/anwaelte-von-corona-impfgeschaedigten-reagieren-auf-lauterbach-aeusserungen-im-zdf-die-ard-auch\/#primaryimage"},"image":{"@id":"https:\/\/now-news.de\/de\/deutschland\/anwaelte-von-corona-impfgeschaedigten-reagieren-auf-lauterbach-aeusserungen-im-zdf-die-ard-auch\/#primaryimage"},"thumbnailUrl":"https:\/\/now-news.de\/de\/wp-content\/uploads\/sites\/3\/2023\/03\/Anwaelte-von-Corona-Impfgeschaedigten-reagieren-auf-Lauterbach-Aeusserungen-im-ZDF-\u2013-die.jpg","datePublished":"2023-03-16T17:26:15+00:00","dateModified":"2023-03-16T17:26:15+00:00","breadcrumb":{"@id":"https:\/\/now-news.de\/de\/deutschland\/anwaelte-von-corona-impfgeschaedigten-reagieren-auf-lauterbach-aeusserungen-im-zdf-die-ard-auch\/#breadcrumb"},"inLanguage":"de","potentialAction":[{"@type":"ReadAction","target":["https:\/\/now-news.de\/de\/deutschland\/anwaelte-von-corona-impfgeschaedigten-reagieren-auf-lauterbach-aeusserungen-im-zdf-die-ard-auch\/"]}]},{"@type":"ImageObject","inLanguage":"de","@id":"https:\/\/now-news.de\/de\/deutschland\/anwaelte-von-corona-impfgeschaedigten-reagieren-auf-lauterbach-aeusserungen-im-zdf-die-ard-auch\/#primaryimage","url":"https:\/\/now-news.de\/de\/wp-content\/uploads\/sites\/3\/2023\/03\/Anwaelte-von-Corona-Impfgeschaedigten-reagieren-auf-Lauterbach-Aeusserungen-im-ZDF-\u2013-die.jpg","contentUrl":"https:\/\/now-news.de\/de\/wp-content\/uploads\/sites\/3\/2023\/03\/Anwaelte-von-Corona-Impfgeschaedigten-reagieren-auf-Lauterbach-Aeusserungen-im-ZDF-\u2013-die.jpg","width":460,"height":259,"caption":"Anw\u00e4lte von Corona-Impfgesch\u00e4digten reagieren auf Lauterbach-\u00c4u\u00dferungen im ZDF \u2013 die ARD auch"},{"@type":"BreadcrumbList","@id":"https:\/\/now-news.de\/de\/deutschland\/anwaelte-von-corona-impfgeschaedigten-reagieren-auf-lauterbach-aeusserungen-im-zdf-die-ard-auch\/#breadcrumb","itemListElement":[{"@type":"ListItem","position":1,"name":"Home","item":"https:\/\/now-news.de\/de\/"},{"@type":"ListItem","position":2,"name":"Anw\u00e4lte von Corona-Impfgesch\u00e4digten reagieren auf Lauterbach-\u00c4u\u00dferungen im ZDF \u2013 die ARD auch"}]},{"@type":"WebSite","@id":"https:\/\/now-news.de\/de\/#website","url":"https:\/\/now-news.de\/de\/","name":"just-now.NEWS Deutschland","description":"Das Portal f\u00fcr unzensierte Nachrichten aus der Welt","publisher":{"@id":"https:\/\/now-news.de\/de\/#organization"},"potentialAction":[{"@type":"SearchAction","target":{"@type":"EntryPoint","urlTemplate":"https:\/\/now-news.de\/de\/?s={search_term_string}"},"query-input":"required name=search_term_string"}],"inLanguage":"de"},{"@type":"Organization","@id":"https:\/\/now-news.de\/de\/#organization","name":"Just Now News","url":"https:\/\/now-news.de\/de\/","logo":{"@type":"ImageObject","inLanguage":"de","@id":"https:\/\/now-news.de\/de\/#\/schema\/logo\/image\/","url":"http:\/\/just-now.news\/de\/wp-content\/uploads\/sites\/3\/2022\/04\/logo500x500.jpg","contentUrl":"http:\/\/just-now.news\/de\/wp-content\/uploads\/sites\/3\/2022\/04\/logo500x500.jpg","width":500,"height":500,"caption":"Just Now News"},"image":{"@id":"https:\/\/now-news.de\/de\/#\/schema\/logo\/image\/"},"sameAs":["https:\/\/www.facebook.com\/wirmachenauf","https:\/\/x.com\/WirMachenAuf_de"]},{"@type":"Person","@id":"https:\/\/now-news.de\/de\/#\/schema\/person\/fb534a4e865501d8b3285208df34a9b5","name":"rtnews","image":{"@type":"ImageObject","inLanguage":"de","@id":"https:\/\/now-news.de\/de\/#\/schema\/person\/image\/","url":"https:\/\/secure.gravatar.com\/avatar\/82aafea7d8127119dd649515f56e2117?s=96&d=mm&r=g","contentUrl":"https:\/\/secure.gravatar.com\/avatar\/82aafea7d8127119dd649515f56e2117?s=96&d=mm&r=g","caption":"rtnews"},"url":"https:\/\/now-news.de\/de\/author\/rnews\/"}]}},"_links":{"self":[{"href":"https:\/\/now-news.de\/de\/wp-json\/wp\/v2\/posts\/32390"}],"collection":[{"href":"https:\/\/now-news.de\/de\/wp-json\/wp\/v2\/posts"}],"about":[{"href":"https:\/\/now-news.de\/de\/wp-json\/wp\/v2\/types\/post"}],"author":[{"embeddable":true,"href":"https:\/\/now-news.de\/de\/wp-json\/wp\/v2\/users\/3"}],"replies":[{"embeddable":true,"href":"https:\/\/now-news.de\/de\/wp-json\/wp\/v2\/comments?post=32390"}],"version-history":[{"count":0,"href":"https:\/\/now-news.de\/de\/wp-json\/wp\/v2\/posts\/32390\/revisions"}],"wp:featuredmedia":[{"embeddable":true,"href":"https:\/\/now-news.de\/de\/wp-json\/wp\/v2\/media\/32391"}],"wp:attachment":[{"href":"https:\/\/now-news.de\/de\/wp-json\/wp\/v2\/media?parent=32390"}],"wp:term":[{"taxonomy":"category","embeddable":true,"href":"https:\/\/now-news.de\/de\/wp-json\/wp\/v2\/categories?post=32390"},{"taxonomy":"post_tag","embeddable":true,"href":"https:\/\/now-news.de\/de\/wp-json\/wp\/v2\/tags?post=32390"}],"curies":[{"name":"wp","href":"https:\/\/api.w.org\/{rel}","templated":true}]}}