{"id":32386,"date":"2023-03-16T18:56:10","date_gmt":"2023-03-16T16:56:10","guid":{"rendered":"https:\/\/just-now.news\/de\/deutschland\/gruenen-politikerin-und-kriegsgegnerin-antje-vollmer-ist-tot\/"},"modified":"2023-03-16T18:56:10","modified_gmt":"2023-03-16T16:56:10","slug":"gruenen-politikerin-und-kriegsgegnerin-antje-vollmer-ist-tot","status":"publish","type":"post","link":"https:\/\/now-news.de\/de\/deutschland\/gruenen-politikerin-und-kriegsgegnerin-antje-vollmer-ist-tot\/","title":{"rendered":"Gr\u00fcnen-Politikerin und Kriegsgegnerin Antje Vollmer ist tot"},"content":{"rendered":"<p><img decoding=\"async\" src=\"http:\/\/just-now.news\/de\/wp-content\/uploads\/sites\/3\/2023\/03\/6413402a48fbef70bc5eab55.jpg\" \/><\/p>\n<div class=\"Text-root Text-type_1 \">\n                Die ehemalige Gr\u00fcnen-Politikerin Antje Vollmer ist im Alter von 79 Jahren verstorben. Sie sei am Mittwoch im Kreise ihrer Familie nach langer schwerer Krankheit friedlich gestorben. Vollmer war die erste gr\u00fcne Vizepr\u00e4sidentin des Bundestages.\n            <\/div>\n<p><\/p>\n<div class=\"Text-root Text-type_5 ArticleView-text ViewText-root \">\n<p>Die Gr\u00fcnen-Politikerin Antje Vollmer ist tot. Sie sei am Mittwoch im Kreise der Familie nach langer schwerer Krankheit friedlich gestorben, sagte ihr Sohn Johann Vollmer der <em>dpa<\/em>. Die fr\u00fchere Politikerin der Partei B\u00fcndnis90\/Die Gr\u00fcnen wurde 79 Jahre alt. Zwischen 1994 und 2005 war die promovierte Theologin Bundestagsabgeordnete ihrer Partei und Vizepr\u00e4sidentin des Bundestags.<\/p>\n<p>1983 zog sie f\u00fcr die Partei Die Gr\u00fcnen in den Bundestag ein und geh\u00f6rte damit der ersten Gr\u00fcnenfraktion an. Bis 1990 geh\u00f6rte sie dem Parlament an, davon drei Jahre als Fraktionsvorsitzende. Gemeinsam mit Waltraud Schoppe und Annemarie Borgmann das &#8220;Dreierf\u00fchrungsgremium&#8221;. 1990 schied Vollmer aus dem Parlament aus, nachdem die Gr\u00fcnen die F\u00fcnf-Prozent-H\u00fcrde verfehlt hatten. 1994 kehrte sie in den Bundestag zur\u00fcck und wurde zudem Bundestagsvizepr\u00e4sidentin, bis sie 2005 ausschied \u2013 sie hatte sich gegen eine erneute Kandidatur entschieden.<\/p>\n<p>Auch nach ihrer Zeit im Parlament bet\u00e4tigte sich Vollmer in der politischen Debatte und vertrat ihre pazifistischen \u00dcberzeugungen. Vollmer war eine <em>Gegnerin des Kosovo- , Irak- und Afghanistan-Krieges.<\/em><em><\/em>Im April 2022 unterzeichnete sie einen offenen Brief, in dem Bundeskanzler Olaf Scholz dazu aufgefordert wurde, die Waffenlieferung an die Ukraine zu stoppen. Vollmer z\u00e4hlt auch zu den Erstunterzeichnern des Manifests f\u00fcr den Frieden der Politikerin Sahra Wagenknecht (Die Linke) und der Publizistin Alice Schwarzer.<\/p>\n<p>In der letzten Zeit hatte Vollmer sich zunehmend von ihrer einstigen Partei entfremdet: Bereits 2021 kritisierte sie die Entwicklung der Gr\u00fcnen, die Waffenhilfe f\u00fcr die Ukraine bef\u00fcrwortete. Laut Vollmer sei dies eine Abkehr von den Urspr\u00fcngen der Partei, die in der Friedensbewegung wurzelte. Am 23. Februar 2023 ver\u00f6ffentlichte Vollmer in der <em>Berliner Zeitung<\/em> ihren letzten gro\u00dfen <a rel=\"nofollow noopener\" target=\"_blank\" href=\"https:\/\/www.berliner-zeitung.de\/politik-gesellschaft\/ein-jahr-ukraine-krieg-kritik-an-gruenen-antje-vollmers-vermaechtnis-einer-pazifistin-was-ich-noch-zu-sagen-haette-li.320443\">Essay<\/a> mit dem Titel &#8220;Was ich noch zu sagen h\u00e4tte&#8221;, den sie als ihr politisches Verm\u00e4chtnis verstanden wissen wollte. Dort hei\u00dft es:<\/p>\n<blockquote>\n<p><em>&#8220;Meine ganz pers\u00f6nliche Niederlage wird mich die letzten Tage begleiten. Gerade die Gr\u00fcnen, meine Partei, hatte einmal alle Schl\u00fcssel in der Hand zu einer wirklich neuen Ordnung einer gerechteren Welt. Sie war durch gl\u00fcckliche Umst\u00e4nde dieser Botschaft viel n\u00e4her als alle anderen Parteien.&#8221;<\/em><em><\/em><\/p>\n<\/blockquote>\n<p>Vollmer argumentiert zudem:<\/p>\n<p><em>&#8220;Wir hatten einen echten Schatz zu h\u00fcten: Wir waren nicht eingebunden in die machtpolitische Blocklogik des Kalten Krieges. Wir waren per se Dissidenten. Wir waren gleicherma\u00dfen gegen die Aufr\u00fcstung in Ost wie West, wir sahen die Gef\u00e4hrdung des Planeten durch ungebremstes Wirtschaftswachstum und Konsumismus. Wer die Welt retten wollte, musste ein festes B\u00fcndnis zwischen Friedens- und Umweltbewegung anstreben, das war eine klare historische Notwendigkeit, die wir lebten. Wir hatten dieses Zukunftsb\u00fcndnis greifbar in den H\u00e4nden.&#8221;<\/em><\/p>\n<p>Weiterhin fragt sie:<\/p>\n<blockquote>\n<p><em>&#8220;Was hat die heutigen Gr\u00fcnen verf\u00fchrt, all das aufzugeben f\u00fcr das blo\u00dfe Ziel, mitzuspielen beim gro\u00dfen geopolitischen Machtpoker, und dabei ihre wertvollsten Wurzeln als lautstarke Antipazifisten ver\u00e4chtlich zu machen?&#8221;<\/em><em><\/em><\/p>\n<\/blockquote>\n<p><strong>Mehr zum Thema &#8211;<\/strong>\u00a0<a rel=\"nofollow noopener\" target=\"_blank\" href=\"https:\/\/test.rtde.tech\/inland\/137329-sorge-vor-drittem-weltkrieg-intellektuelle\/\">Sorge vor Drittem Weltkrieg: Intellektuelle und K\u00fcnstler richten offenen Brief an Kanzler Scholz<\/a><\/p>\n<\/p>\n<\/div>\n<p><br \/>\n<br \/><a href=\"https:\/\/de.rt.com\/inland\/165529-gruenen-politikerin-und-kriegsgegnerin-antje\/\">Source link <\/a><\/p>\n","protected":false},"excerpt":{"rendered":"<p>Die ehemalige Gr\u00fcnen-Politikerin Antje Vollmer ist im Alter von 79 Jahren verstorben. Sie sei am Mittwoch im Kreise ihrer Familie nach langer schwerer Krankheit friedlich gestorben. Vollmer war die erste gr\u00fcne Vizepr\u00e4sidentin des Bundestages. Die Gr\u00fcnen-Politikerin Antje Vollmer ist tot. Sie sei am Mittwoch im Kreise der Familie nach langer schwerer Krankheit friedlich gestorben, sagte [&hellip;]<\/p>\n","protected":false},"author":3,"featured_media":32387,"comment_status":"open","ping_status":"open","sticky":false,"template":"","format":"standard","meta":{"_yoast_indexnow_last_ping":["1678986069"],"wp_automatic_camp":["217"],"43e47c614e52597defe3bb00c1de7145":["Gr\u00fcnen-Politikerin und Kriegsgegnerin Antje Vollmer ist tot"],"original_link":["https:\/\/de.rt.com\/inland\/165529-gruenen-politikerin-und-kriegsgegnerin-antje\/"],"_thumbnail_id":["32387"],"_wptgpro_p2tg_sent2tg":["a:1:{i:23737;s:19:\"2023-03-16 19:02:18\";}"],"jnews_social_counter_last_update":["1777625546"]},"categories":[19,23],"tags":[42068,35560,414,42067,3842,140,42069],"yoast_head":"<!-- This site is optimized with the Yoast SEO Premium plugin v22.7 (Yoast SEO v22.7) - https:\/\/yoast.com\/wordpress\/plugins\/seo\/ -->\n<title>Gr\u00fcnen-Politikerin und Kriegsgegnerin Antje Vollmer ist tot - just-now.NEWS Deutschland<\/title>\n<meta name=\"robots\" content=\"index, follow, max-snippet:-1, max-image-preview:large, max-video-preview:-1\" \/>\n<link rel=\"canonical\" href=\"https:\/\/now-news.de\/de\/deutschland\/gruenen-politikerin-und-kriegsgegnerin-antje-vollmer-ist-tot\/\" \/>\n<meta property=\"og:locale\" content=\"de_DE\" \/>\n<meta property=\"og:type\" content=\"article\" \/>\n<meta property=\"og:title\" content=\"Gr\u00fcnen-Politikerin und Kriegsgegnerin Antje Vollmer ist tot\" \/>\n<meta property=\"og:description\" content=\"Die ehemalige Gr\u00fcnen-Politikerin Antje Vollmer ist im Alter von 79 Jahren verstorben. Sie sei am Mittwoch im Kreise ihrer Familie nach langer schwerer Krankheit friedlich gestorben. Vollmer war die erste gr\u00fcne Vizepr\u00e4sidentin des Bundestages. Die Gr\u00fcnen-Politikerin Antje Vollmer ist tot. Sie sei am Mittwoch im Kreise der Familie nach langer schwerer Krankheit friedlich gestorben, sagte [&hellip;]\" \/>\n<meta property=\"og:url\" content=\"https:\/\/now-news.de\/de\/deutschland\/gruenen-politikerin-und-kriegsgegnerin-antje-vollmer-ist-tot\/\" \/>\n<meta property=\"og:site_name\" content=\"just-now.NEWS Deutschland\" \/>\n<meta property=\"article:publisher\" content=\"https:\/\/www.facebook.com\/wirmachenauf\" \/>\n<meta property=\"article:published_time\" content=\"2023-03-16T16:56:10+00:00\" \/>\n<meta property=\"og:image\" content=\"https:\/\/now-news.de\/de\/wp-content\/uploads\/sites\/3\/2023\/03\/Gruenen-Politikerin-und-Kriegsgegnerin-Antje-Vollmer-ist-tot.jpg\" \/>\n\t<meta property=\"og:image:width\" content=\"460\" \/>\n\t<meta property=\"og:image:height\" content=\"259\" \/>\n\t<meta property=\"og:image:type\" content=\"image\/jpeg\" \/>\n<meta name=\"author\" content=\"rtnews\" \/>\n<meta name=\"twitter:card\" content=\"summary_large_image\" \/>\n<meta name=\"twitter:creator\" content=\"@WirMachenAuf_de\" \/>\n<meta name=\"twitter:site\" content=\"@WirMachenAuf_de\" \/>\n<meta name=\"twitter:label1\" content=\"Verfasst von\" \/>\n\t<meta name=\"twitter:data1\" content=\"rtnews\" \/>\n\t<meta name=\"twitter:label2\" content=\"Gesch\u00e4tzte Lesezeit\" \/>\n\t<meta name=\"twitter:data2\" content=\"3\u00a0Minuten\" \/>\n<script type=\"application\/ld+json\" class=\"yoast-schema-graph\">{\"@context\":\"https:\/\/schema.org\",\"@graph\":[{\"@type\":\"Article\",\"@id\":\"https:\/\/now-news.de\/de\/deutschland\/gruenen-politikerin-und-kriegsgegnerin-antje-vollmer-ist-tot\/#article\",\"isPartOf\":{\"@id\":\"https:\/\/now-news.de\/de\/deutschland\/gruenen-politikerin-und-kriegsgegnerin-antje-vollmer-ist-tot\/\"},\"author\":{\"name\":\"rtnews\",\"@id\":\"https:\/\/now-news.de\/de\/#\/schema\/person\/fb534a4e865501d8b3285208df34a9b5\"},\"headline\":\"Gr\u00fcnen-Politikerin und Kriegsgegnerin Antje Vollmer ist tot\",\"datePublished\":\"2023-03-16T16:56:10+00:00\",\"dateModified\":\"2023-03-16T16:56:10+00:00\",\"mainEntityOfPage\":{\"@id\":\"https:\/\/now-news.de\/de\/deutschland\/gruenen-politikerin-und-kriegsgegnerin-antje-vollmer-ist-tot\/\"},\"wordCount\":534,\"commentCount\":0,\"publisher\":{\"@id\":\"https:\/\/now-news.de\/de\/#organization\"},\"image\":{\"@id\":\"https:\/\/now-news.de\/de\/deutschland\/gruenen-politikerin-und-kriegsgegnerin-antje-vollmer-ist-tot\/#primaryimage\"},\"thumbnailUrl\":\"https:\/\/now-news.de\/de\/wp-content\/uploads\/sites\/3\/2023\/03\/Gruenen-Politikerin-und-Kriegsgegnerin-Antje-Vollmer-ist-tot.jpg\",\"keywords\":[\"Antje\",\"Gr\u00fcnenPolitikerin\",\"ist\",\"Kriegsgegnerin\",\"tot\",\"und\",\"Vollmer\"],\"articleSection\":[\"Deutschland\",\"Russland\"],\"inLanguage\":\"de\",\"potentialAction\":[{\"@type\":\"CommentAction\",\"name\":\"Comment\",\"target\":[\"https:\/\/now-news.de\/de\/deutschland\/gruenen-politikerin-und-kriegsgegnerin-antje-vollmer-ist-tot\/#respond\"]}]},{\"@type\":\"WebPage\",\"@id\":\"https:\/\/now-news.de\/de\/deutschland\/gruenen-politikerin-und-kriegsgegnerin-antje-vollmer-ist-tot\/\",\"url\":\"https:\/\/now-news.de\/de\/deutschland\/gruenen-politikerin-und-kriegsgegnerin-antje-vollmer-ist-tot\/\",\"name\":\"Gr\u00fcnen-Politikerin und Kriegsgegnerin Antje Vollmer ist tot - just-now.NEWS Deutschland\",\"isPartOf\":{\"@id\":\"https:\/\/now-news.de\/de\/#website\"},\"primaryImageOfPage\":{\"@id\":\"https:\/\/now-news.de\/de\/deutschland\/gruenen-politikerin-und-kriegsgegnerin-antje-vollmer-ist-tot\/#primaryimage\"},\"image\":{\"@id\":\"https:\/\/now-news.de\/de\/deutschland\/gruenen-politikerin-und-kriegsgegnerin-antje-vollmer-ist-tot\/#primaryimage\"},\"thumbnailUrl\":\"https:\/\/now-news.de\/de\/wp-content\/uploads\/sites\/3\/2023\/03\/Gruenen-Politikerin-und-Kriegsgegnerin-Antje-Vollmer-ist-tot.jpg\",\"datePublished\":\"2023-03-16T16:56:10+00:00\",\"dateModified\":\"2023-03-16T16:56:10+00:00\",\"breadcrumb\":{\"@id\":\"https:\/\/now-news.de\/de\/deutschland\/gruenen-politikerin-und-kriegsgegnerin-antje-vollmer-ist-tot\/#breadcrumb\"},\"inLanguage\":\"de\",\"potentialAction\":[{\"@type\":\"ReadAction\",\"target\":[\"https:\/\/now-news.de\/de\/deutschland\/gruenen-politikerin-und-kriegsgegnerin-antje-vollmer-ist-tot\/\"]}]},{\"@type\":\"ImageObject\",\"inLanguage\":\"de\",\"@id\":\"https:\/\/now-news.de\/de\/deutschland\/gruenen-politikerin-und-kriegsgegnerin-antje-vollmer-ist-tot\/#primaryimage\",\"url\":\"https:\/\/now-news.de\/de\/wp-content\/uploads\/sites\/3\/2023\/03\/Gruenen-Politikerin-und-Kriegsgegnerin-Antje-Vollmer-ist-tot.jpg\",\"contentUrl\":\"https:\/\/now-news.de\/de\/wp-content\/uploads\/sites\/3\/2023\/03\/Gruenen-Politikerin-und-Kriegsgegnerin-Antje-Vollmer-ist-tot.jpg\",\"width\":460,\"height\":259,\"caption\":\"Gr\u00fcnen-Politikerin und Kriegsgegnerin Antje Vollmer ist tot\"},{\"@type\":\"BreadcrumbList\",\"@id\":\"https:\/\/now-news.de\/de\/deutschland\/gruenen-politikerin-und-kriegsgegnerin-antje-vollmer-ist-tot\/#breadcrumb\",\"itemListElement\":[{\"@type\":\"ListItem\",\"position\":1,\"name\":\"Home\",\"item\":\"https:\/\/now-news.de\/de\/\"},{\"@type\":\"ListItem\",\"position\":2,\"name\":\"Gr\u00fcnen-Politikerin und Kriegsgegnerin Antje Vollmer ist tot\"}]},{\"@type\":\"WebSite\",\"@id\":\"https:\/\/now-news.de\/de\/#website\",\"url\":\"https:\/\/now-news.de\/de\/\",\"name\":\"just-now.NEWS Deutschland\",\"description\":\"Das Portal f\u00fcr unzensierte Nachrichten aus der Welt\",\"publisher\":{\"@id\":\"https:\/\/now-news.de\/de\/#organization\"},\"potentialAction\":[{\"@type\":\"SearchAction\",\"target\":{\"@type\":\"EntryPoint\",\"urlTemplate\":\"https:\/\/now-news.de\/de\/?s={search_term_string}\"},\"query-input\":\"required name=search_term_string\"}],\"inLanguage\":\"de\"},{\"@type\":\"Organization\",\"@id\":\"https:\/\/now-news.de\/de\/#organization\",\"name\":\"Just Now News\",\"url\":\"https:\/\/now-news.de\/de\/\",\"logo\":{\"@type\":\"ImageObject\",\"inLanguage\":\"de\",\"@id\":\"https:\/\/now-news.de\/de\/#\/schema\/logo\/image\/\",\"url\":\"http:\/\/just-now.news\/de\/wp-content\/uploads\/sites\/3\/2022\/04\/logo500x500.jpg\",\"contentUrl\":\"http:\/\/just-now.news\/de\/wp-content\/uploads\/sites\/3\/2022\/04\/logo500x500.jpg\",\"width\":500,\"height\":500,\"caption\":\"Just Now News\"},\"image\":{\"@id\":\"https:\/\/now-news.de\/de\/#\/schema\/logo\/image\/\"},\"sameAs\":[\"https:\/\/www.facebook.com\/wirmachenauf\",\"https:\/\/x.com\/WirMachenAuf_de\"]},{\"@type\":\"Person\",\"@id\":\"https:\/\/now-news.de\/de\/#\/schema\/person\/fb534a4e865501d8b3285208df34a9b5\",\"name\":\"rtnews\",\"image\":{\"@type\":\"ImageObject\",\"inLanguage\":\"de\",\"@id\":\"https:\/\/now-news.de\/de\/#\/schema\/person\/image\/\",\"url\":\"https:\/\/secure.gravatar.com\/avatar\/82aafea7d8127119dd649515f56e2117?s=96&d=mm&r=g\",\"contentUrl\":\"https:\/\/secure.gravatar.com\/avatar\/82aafea7d8127119dd649515f56e2117?s=96&d=mm&r=g\",\"caption\":\"rtnews\"},\"url\":\"https:\/\/now-news.de\/de\/author\/rnews\/\"}]}<\/script>\n<!-- \/ Yoast SEO Premium plugin. -->","yoast_head_json":{"title":"Gr\u00fcnen-Politikerin und Kriegsgegnerin Antje Vollmer ist tot - just-now.NEWS Deutschland","robots":{"index":"index","follow":"follow","max-snippet":"max-snippet:-1","max-image-preview":"max-image-preview:large","max-video-preview":"max-video-preview:-1"},"canonical":"https:\/\/now-news.de\/de\/deutschland\/gruenen-politikerin-und-kriegsgegnerin-antje-vollmer-ist-tot\/","og_locale":"de_DE","og_type":"article","og_title":"Gr\u00fcnen-Politikerin und Kriegsgegnerin Antje Vollmer ist tot","og_description":"Die ehemalige Gr\u00fcnen-Politikerin Antje Vollmer ist im Alter von 79 Jahren verstorben. Sie sei am Mittwoch im Kreise ihrer Familie nach langer schwerer Krankheit friedlich gestorben. Vollmer war die erste gr\u00fcne Vizepr\u00e4sidentin des Bundestages. Die Gr\u00fcnen-Politikerin Antje Vollmer ist tot. Sie sei am Mittwoch im Kreise der Familie nach langer schwerer Krankheit friedlich gestorben, sagte [&hellip;]","og_url":"https:\/\/now-news.de\/de\/deutschland\/gruenen-politikerin-und-kriegsgegnerin-antje-vollmer-ist-tot\/","og_site_name":"just-now.NEWS Deutschland","article_publisher":"https:\/\/www.facebook.com\/wirmachenauf","article_published_time":"2023-03-16T16:56:10+00:00","og_image":[{"width":460,"height":259,"url":"https:\/\/now-news.de\/de\/wp-content\/uploads\/sites\/3\/2023\/03\/Gruenen-Politikerin-und-Kriegsgegnerin-Antje-Vollmer-ist-tot.jpg","type":"image\/jpeg"}],"author":"rtnews","twitter_card":"summary_large_image","twitter_creator":"@WirMachenAuf_de","twitter_site":"@WirMachenAuf_de","twitter_misc":{"Verfasst von":"rtnews","Gesch\u00e4tzte Lesezeit":"3\u00a0Minuten"},"schema":{"@context":"https:\/\/schema.org","@graph":[{"@type":"Article","@id":"https:\/\/now-news.de\/de\/deutschland\/gruenen-politikerin-und-kriegsgegnerin-antje-vollmer-ist-tot\/#article","isPartOf":{"@id":"https:\/\/now-news.de\/de\/deutschland\/gruenen-politikerin-und-kriegsgegnerin-antje-vollmer-ist-tot\/"},"author":{"name":"rtnews","@id":"https:\/\/now-news.de\/de\/#\/schema\/person\/fb534a4e865501d8b3285208df34a9b5"},"headline":"Gr\u00fcnen-Politikerin und Kriegsgegnerin Antje Vollmer ist tot","datePublished":"2023-03-16T16:56:10+00:00","dateModified":"2023-03-16T16:56:10+00:00","mainEntityOfPage":{"@id":"https:\/\/now-news.de\/de\/deutschland\/gruenen-politikerin-und-kriegsgegnerin-antje-vollmer-ist-tot\/"},"wordCount":534,"commentCount":0,"publisher":{"@id":"https:\/\/now-news.de\/de\/#organization"},"image":{"@id":"https:\/\/now-news.de\/de\/deutschland\/gruenen-politikerin-und-kriegsgegnerin-antje-vollmer-ist-tot\/#primaryimage"},"thumbnailUrl":"https:\/\/now-news.de\/de\/wp-content\/uploads\/sites\/3\/2023\/03\/Gruenen-Politikerin-und-Kriegsgegnerin-Antje-Vollmer-ist-tot.jpg","keywords":["Antje","Gr\u00fcnenPolitikerin","ist","Kriegsgegnerin","tot","und","Vollmer"],"articleSection":["Deutschland","Russland"],"inLanguage":"de","potentialAction":[{"@type":"CommentAction","name":"Comment","target":["https:\/\/now-news.de\/de\/deutschland\/gruenen-politikerin-und-kriegsgegnerin-antje-vollmer-ist-tot\/#respond"]}]},{"@type":"WebPage","@id":"https:\/\/now-news.de\/de\/deutschland\/gruenen-politikerin-und-kriegsgegnerin-antje-vollmer-ist-tot\/","url":"https:\/\/now-news.de\/de\/deutschland\/gruenen-politikerin-und-kriegsgegnerin-antje-vollmer-ist-tot\/","name":"Gr\u00fcnen-Politikerin und Kriegsgegnerin Antje Vollmer ist tot - just-now.NEWS Deutschland","isPartOf":{"@id":"https:\/\/now-news.de\/de\/#website"},"primaryImageOfPage":{"@id":"https:\/\/now-news.de\/de\/deutschland\/gruenen-politikerin-und-kriegsgegnerin-antje-vollmer-ist-tot\/#primaryimage"},"image":{"@id":"https:\/\/now-news.de\/de\/deutschland\/gruenen-politikerin-und-kriegsgegnerin-antje-vollmer-ist-tot\/#primaryimage"},"thumbnailUrl":"https:\/\/now-news.de\/de\/wp-content\/uploads\/sites\/3\/2023\/03\/Gruenen-Politikerin-und-Kriegsgegnerin-Antje-Vollmer-ist-tot.jpg","datePublished":"2023-03-16T16:56:10+00:00","dateModified":"2023-03-16T16:56:10+00:00","breadcrumb":{"@id":"https:\/\/now-news.de\/de\/deutschland\/gruenen-politikerin-und-kriegsgegnerin-antje-vollmer-ist-tot\/#breadcrumb"},"inLanguage":"de","potentialAction":[{"@type":"ReadAction","target":["https:\/\/now-news.de\/de\/deutschland\/gruenen-politikerin-und-kriegsgegnerin-antje-vollmer-ist-tot\/"]}]},{"@type":"ImageObject","inLanguage":"de","@id":"https:\/\/now-news.de\/de\/deutschland\/gruenen-politikerin-und-kriegsgegnerin-antje-vollmer-ist-tot\/#primaryimage","url":"https:\/\/now-news.de\/de\/wp-content\/uploads\/sites\/3\/2023\/03\/Gruenen-Politikerin-und-Kriegsgegnerin-Antje-Vollmer-ist-tot.jpg","contentUrl":"https:\/\/now-news.de\/de\/wp-content\/uploads\/sites\/3\/2023\/03\/Gruenen-Politikerin-und-Kriegsgegnerin-Antje-Vollmer-ist-tot.jpg","width":460,"height":259,"caption":"Gr\u00fcnen-Politikerin und Kriegsgegnerin Antje Vollmer ist tot"},{"@type":"BreadcrumbList","@id":"https:\/\/now-news.de\/de\/deutschland\/gruenen-politikerin-und-kriegsgegnerin-antje-vollmer-ist-tot\/#breadcrumb","itemListElement":[{"@type":"ListItem","position":1,"name":"Home","item":"https:\/\/now-news.de\/de\/"},{"@type":"ListItem","position":2,"name":"Gr\u00fcnen-Politikerin und Kriegsgegnerin Antje Vollmer ist tot"}]},{"@type":"WebSite","@id":"https:\/\/now-news.de\/de\/#website","url":"https:\/\/now-news.de\/de\/","name":"just-now.NEWS Deutschland","description":"Das Portal f\u00fcr unzensierte Nachrichten aus der Welt","publisher":{"@id":"https:\/\/now-news.de\/de\/#organization"},"potentialAction":[{"@type":"SearchAction","target":{"@type":"EntryPoint","urlTemplate":"https:\/\/now-news.de\/de\/?s={search_term_string}"},"query-input":"required name=search_term_string"}],"inLanguage":"de"},{"@type":"Organization","@id":"https:\/\/now-news.de\/de\/#organization","name":"Just Now News","url":"https:\/\/now-news.de\/de\/","logo":{"@type":"ImageObject","inLanguage":"de","@id":"https:\/\/now-news.de\/de\/#\/schema\/logo\/image\/","url":"http:\/\/just-now.news\/de\/wp-content\/uploads\/sites\/3\/2022\/04\/logo500x500.jpg","contentUrl":"http:\/\/just-now.news\/de\/wp-content\/uploads\/sites\/3\/2022\/04\/logo500x500.jpg","width":500,"height":500,"caption":"Just Now News"},"image":{"@id":"https:\/\/now-news.de\/de\/#\/schema\/logo\/image\/"},"sameAs":["https:\/\/www.facebook.com\/wirmachenauf","https:\/\/x.com\/WirMachenAuf_de"]},{"@type":"Person","@id":"https:\/\/now-news.de\/de\/#\/schema\/person\/fb534a4e865501d8b3285208df34a9b5","name":"rtnews","image":{"@type":"ImageObject","inLanguage":"de","@id":"https:\/\/now-news.de\/de\/#\/schema\/person\/image\/","url":"https:\/\/secure.gravatar.com\/avatar\/82aafea7d8127119dd649515f56e2117?s=96&d=mm&r=g","contentUrl":"https:\/\/secure.gravatar.com\/avatar\/82aafea7d8127119dd649515f56e2117?s=96&d=mm&r=g","caption":"rtnews"},"url":"https:\/\/now-news.de\/de\/author\/rnews\/"}]}},"_links":{"self":[{"href":"https:\/\/now-news.de\/de\/wp-json\/wp\/v2\/posts\/32386"}],"collection":[{"href":"https:\/\/now-news.de\/de\/wp-json\/wp\/v2\/posts"}],"about":[{"href":"https:\/\/now-news.de\/de\/wp-json\/wp\/v2\/types\/post"}],"author":[{"embeddable":true,"href":"https:\/\/now-news.de\/de\/wp-json\/wp\/v2\/users\/3"}],"replies":[{"embeddable":true,"href":"https:\/\/now-news.de\/de\/wp-json\/wp\/v2\/comments?post=32386"}],"version-history":[{"count":0,"href":"https:\/\/now-news.de\/de\/wp-json\/wp\/v2\/posts\/32386\/revisions"}],"wp:featuredmedia":[{"embeddable":true,"href":"https:\/\/now-news.de\/de\/wp-json\/wp\/v2\/media\/32387"}],"wp:attachment":[{"href":"https:\/\/now-news.de\/de\/wp-json\/wp\/v2\/media?parent=32386"}],"wp:term":[{"taxonomy":"category","embeddable":true,"href":"https:\/\/now-news.de\/de\/wp-json\/wp\/v2\/categories?post=32386"},{"taxonomy":"post_tag","embeddable":true,"href":"https:\/\/now-news.de\/de\/wp-json\/wp\/v2\/tags?post=32386"}],"curies":[{"name":"wp","href":"https:\/\/api.w.org\/{rel}","templated":true}]}}