{"id":32367,"date":"2023-03-16T15:47:37","date_gmt":"2023-03-16T13:47:37","guid":{"rendered":"https:\/\/just-now.news\/de\/deutschland\/beben-im-springer-konzern-gesamte-bild-chefredaktion-rausgeworfen\/"},"modified":"2023-03-16T15:47:37","modified_gmt":"2023-03-16T13:47:37","slug":"beben-im-springer-konzern-gesamte-bild-chefredaktion-rausgeworfen","status":"publish","type":"post","link":"https:\/\/now-news.de\/de\/deutschland\/beben-im-springer-konzern-gesamte-bild-chefredaktion-rausgeworfen\/","title":{"rendered":"Beben im Springer-Konzern: Gesamte &quot;Bild&quot;-Chefredaktion rausgeworfen"},"content":{"rendered":"<p><img decoding=\"async\" src=\"http:\/\/just-now.news\/de\/wp-content\/uploads\/sites\/3\/2022\/10\/breaking3.jpg\" \/><\/p>\n<div class=\"Text-root Text-type_1 \">\n                Der Medienkonzern Axel Springer wechselt die Chefredaktion der &#8220;Bild&#8221; aus.  Die derzeitigen Chefredakteure Johannes Boie, Alexandra W\u00fcrzbach und Claus Strunz verlieren ihre Posten, teilte Axel Springer am Donnerstag mit.  Mit sofortiger Wirkung \u00fcbernimmt Marion Horn den Vorsitz der Chefredaktion, die damit in den Verlag zur\u00fcckkehrt. Robert Schneider werde wie geplant Mitte April Chefredakteur der &#8220;Bild&#8221;.\n            <\/div>\n<p><\/p>\n<div class=\"Text-root Text-type_5 ArticleView-text ViewText-root \">\n<p><em>Mehr Informationen in K\u00fcrze&#8230;.<\/em><\/p>\n<\/p>\n<\/div>\n<p><br \/>\n<br \/><a href=\"https:\/\/de.rt.com\/inland\/165508-springer-konzern-wirft-gesamte-bild-chefredaktion-raus\/\">Source link <\/a><\/p>\n","protected":false},"excerpt":{"rendered":"<p>Der Medienkonzern Axel Springer wechselt die Chefredaktion der &#8220;Bild&#8221; aus. Die derzeitigen Chefredakteure Johannes Boie, Alexandra W\u00fcrzbach und Claus Strunz verlieren ihre Posten, teilte Axel Springer am Donnerstag mit. Mit sofortiger Wirkung \u00fcbernimmt Marion Horn den Vorsitz der Chefredaktion, die damit in den Verlag zur\u00fcckkehrt. Robert Schneider werde wie geplant Mitte April Chefredakteur der &#8220;Bild&#8221;. [&hellip;]<\/p>\n","protected":false},"author":3,"featured_media":23828,"comment_status":"open","ping_status":"open","sticky":false,"template":"","format":"standard","meta":{"_yoast_indexnow_last_ping":["1678975515"],"wp_automatic_camp":["217"],"e89be2e9f904246fedbd98633e63f126":["Beben im Springer-Konzern: Gesamte &quot;Bild&quot;-Chefredaktion rausgeworfen"],"original_link":["https:\/\/de.rt.com\/inland\/165508-springer-konzern-wirft-gesamte-bild-chefredaktion-raus\/"],"_thumbnail_id":["23828"],"_wptgpro_p2tg_sent2tg":["a:1:{i:23737;s:19:\"2023-03-16 16:06:15\";}"],"jnews_social_counter_last_update":["1777309386"]},"categories":[19,23],"tags":[25785,16699,42055,42056,42054],"yoast_head":"<!-- This site is optimized with the Yoast SEO Premium plugin v22.7 (Yoast SEO v22.7) - https:\/\/yoast.com\/wordpress\/plugins\/seo\/ -->\n<title>Beben im Springer-Konzern: Gesamte &quot;Bild&quot;-Chefredaktion rausgeworfen - just-now.NEWS Deutschland<\/title>\n<meta name=\"robots\" content=\"index, follow, max-snippet:-1, max-image-preview:large, max-video-preview:-1\" \/>\n<link rel=\"canonical\" href=\"https:\/\/now-news.de\/de\/deutschland\/beben-im-springer-konzern-gesamte-bild-chefredaktion-rausgeworfen\/\" \/>\n<meta property=\"og:locale\" content=\"de_DE\" \/>\n<meta property=\"og:type\" content=\"article\" \/>\n<meta property=\"og:title\" content=\"Beben im Springer-Konzern: Gesamte &quot;Bild&quot;-Chefredaktion rausgeworfen\" \/>\n<meta property=\"og:description\" content=\"Der Medienkonzern Axel Springer wechselt die Chefredaktion der &#8220;Bild&#8221; aus. Die derzeitigen Chefredakteure Johannes Boie, Alexandra W\u00fcrzbach und Claus Strunz verlieren ihre Posten, teilte Axel Springer am Donnerstag mit. Mit sofortiger Wirkung \u00fcbernimmt Marion Horn den Vorsitz der Chefredaktion, die damit in den Verlag zur\u00fcckkehrt. Robert Schneider werde wie geplant Mitte April Chefredakteur der &#8220;Bild&#8221;. [&hellip;]\" \/>\n<meta property=\"og:url\" content=\"https:\/\/now-news.de\/de\/deutschland\/beben-im-springer-konzern-gesamte-bild-chefredaktion-rausgeworfen\/\" \/>\n<meta property=\"og:site_name\" content=\"just-now.NEWS Deutschland\" \/>\n<meta property=\"article:publisher\" content=\"https:\/\/www.facebook.com\/wirmachenauf\" \/>\n<meta property=\"article:published_time\" content=\"2023-03-16T13:47:37+00:00\" \/>\n<meta property=\"og:image\" content=\"https:\/\/now-news.de\/de\/wp-content\/uploads\/sites\/3\/2022\/11\/Oberstes-britisches-Gericht-untersagt-Unabhaengigkeitsreferendum-in-Schottland.jpg\" \/>\n\t<meta property=\"og:image:width\" content=\"460\" \/>\n\t<meta property=\"og:image:height\" content=\"259\" \/>\n\t<meta property=\"og:image:type\" content=\"image\/jpeg\" \/>\n<meta name=\"author\" content=\"rtnews\" \/>\n<meta name=\"twitter:card\" content=\"summary_large_image\" \/>\n<meta name=\"twitter:creator\" content=\"@WirMachenAuf_de\" \/>\n<meta name=\"twitter:site\" content=\"@WirMachenAuf_de\" \/>\n<meta name=\"twitter:label1\" content=\"Verfasst von\" \/>\n\t<meta name=\"twitter:data1\" content=\"rtnews\" \/>\n<script type=\"application\/ld+json\" class=\"yoast-schema-graph\">{\"@context\":\"https:\/\/schema.org\",\"@graph\":[{\"@type\":\"Article\",\"@id\":\"https:\/\/now-news.de\/de\/deutschland\/beben-im-springer-konzern-gesamte-bild-chefredaktion-rausgeworfen\/#article\",\"isPartOf\":{\"@id\":\"https:\/\/now-news.de\/de\/deutschland\/beben-im-springer-konzern-gesamte-bild-chefredaktion-rausgeworfen\/\"},\"author\":{\"name\":\"rtnews\",\"@id\":\"https:\/\/now-news.de\/de\/#\/schema\/person\/fb534a4e865501d8b3285208df34a9b5\"},\"headline\":\"Beben im Springer-Konzern: Gesamte &quot;Bild&quot;-Chefredaktion rausgeworfen\",\"datePublished\":\"2023-03-16T13:47:37+00:00\",\"dateModified\":\"2023-03-16T13:47:37+00:00\",\"mainEntityOfPage\":{\"@id\":\"https:\/\/now-news.de\/de\/deutschland\/beben-im-springer-konzern-gesamte-bild-chefredaktion-rausgeworfen\/\"},\"wordCount\":74,\"commentCount\":0,\"publisher\":{\"@id\":\"https:\/\/now-news.de\/de\/#organization\"},\"image\":{\"@id\":\"https:\/\/now-news.de\/de\/deutschland\/beben-im-springer-konzern-gesamte-bild-chefredaktion-rausgeworfen\/#primaryimage\"},\"thumbnailUrl\":\"https:\/\/now-news.de\/de\/wp-content\/uploads\/sites\/3\/2022\/11\/Oberstes-britisches-Gericht-untersagt-Unabhaengigkeitsreferendum-in-Schottland.jpg\",\"keywords\":[\"Beben\",\"gesamte\",\"quotBildquotChefredaktion\",\"rausgeworfen\",\"SpringerKonzern\"],\"articleSection\":[\"Deutschland\",\"Russland\"],\"inLanguage\":\"de\",\"potentialAction\":[{\"@type\":\"CommentAction\",\"name\":\"Comment\",\"target\":[\"https:\/\/now-news.de\/de\/deutschland\/beben-im-springer-konzern-gesamte-bild-chefredaktion-rausgeworfen\/#respond\"]}]},{\"@type\":\"WebPage\",\"@id\":\"https:\/\/now-news.de\/de\/deutschland\/beben-im-springer-konzern-gesamte-bild-chefredaktion-rausgeworfen\/\",\"url\":\"https:\/\/now-news.de\/de\/deutschland\/beben-im-springer-konzern-gesamte-bild-chefredaktion-rausgeworfen\/\",\"name\":\"Beben im Springer-Konzern: Gesamte &quot;Bild&quot;-Chefredaktion rausgeworfen - just-now.NEWS Deutschland\",\"isPartOf\":{\"@id\":\"https:\/\/now-news.de\/de\/#website\"},\"primaryImageOfPage\":{\"@id\":\"https:\/\/now-news.de\/de\/deutschland\/beben-im-springer-konzern-gesamte-bild-chefredaktion-rausgeworfen\/#primaryimage\"},\"image\":{\"@id\":\"https:\/\/now-news.de\/de\/deutschland\/beben-im-springer-konzern-gesamte-bild-chefredaktion-rausgeworfen\/#primaryimage\"},\"thumbnailUrl\":\"https:\/\/now-news.de\/de\/wp-content\/uploads\/sites\/3\/2022\/11\/Oberstes-britisches-Gericht-untersagt-Unabhaengigkeitsreferendum-in-Schottland.jpg\",\"datePublished\":\"2023-03-16T13:47:37+00:00\",\"dateModified\":\"2023-03-16T13:47:37+00:00\",\"breadcrumb\":{\"@id\":\"https:\/\/now-news.de\/de\/deutschland\/beben-im-springer-konzern-gesamte-bild-chefredaktion-rausgeworfen\/#breadcrumb\"},\"inLanguage\":\"de\",\"potentialAction\":[{\"@type\":\"ReadAction\",\"target\":[\"https:\/\/now-news.de\/de\/deutschland\/beben-im-springer-konzern-gesamte-bild-chefredaktion-rausgeworfen\/\"]}]},{\"@type\":\"ImageObject\",\"inLanguage\":\"de\",\"@id\":\"https:\/\/now-news.de\/de\/deutschland\/beben-im-springer-konzern-gesamte-bild-chefredaktion-rausgeworfen\/#primaryimage\",\"url\":\"https:\/\/now-news.de\/de\/wp-content\/uploads\/sites\/3\/2022\/11\/Oberstes-britisches-Gericht-untersagt-Unabhaengigkeitsreferendum-in-Schottland.jpg\",\"contentUrl\":\"https:\/\/now-news.de\/de\/wp-content\/uploads\/sites\/3\/2022\/11\/Oberstes-britisches-Gericht-untersagt-Unabhaengigkeitsreferendum-in-Schottland.jpg\",\"width\":460,\"height\":259,\"caption\":\"Oberstes britisches Gericht untersagt Unabh\u00e4ngigkeitsreferendum in Schottland\"},{\"@type\":\"BreadcrumbList\",\"@id\":\"https:\/\/now-news.de\/de\/deutschland\/beben-im-springer-konzern-gesamte-bild-chefredaktion-rausgeworfen\/#breadcrumb\",\"itemListElement\":[{\"@type\":\"ListItem\",\"position\":1,\"name\":\"Home\",\"item\":\"https:\/\/now-news.de\/de\/\"},{\"@type\":\"ListItem\",\"position\":2,\"name\":\"Beben im Springer-Konzern: Gesamte &quot;Bild&quot;-Chefredaktion rausgeworfen\"}]},{\"@type\":\"WebSite\",\"@id\":\"https:\/\/now-news.de\/de\/#website\",\"url\":\"https:\/\/now-news.de\/de\/\",\"name\":\"just-now.NEWS Deutschland\",\"description\":\"Das Portal f\u00fcr unzensierte Nachrichten aus der Welt\",\"publisher\":{\"@id\":\"https:\/\/now-news.de\/de\/#organization\"},\"potentialAction\":[{\"@type\":\"SearchAction\",\"target\":{\"@type\":\"EntryPoint\",\"urlTemplate\":\"https:\/\/now-news.de\/de\/?s={search_term_string}\"},\"query-input\":\"required name=search_term_string\"}],\"inLanguage\":\"de\"},{\"@type\":\"Organization\",\"@id\":\"https:\/\/now-news.de\/de\/#organization\",\"name\":\"Just Now News\",\"url\":\"https:\/\/now-news.de\/de\/\",\"logo\":{\"@type\":\"ImageObject\",\"inLanguage\":\"de\",\"@id\":\"https:\/\/now-news.de\/de\/#\/schema\/logo\/image\/\",\"url\":\"http:\/\/just-now.news\/de\/wp-content\/uploads\/sites\/3\/2022\/04\/logo500x500.jpg\",\"contentUrl\":\"http:\/\/just-now.news\/de\/wp-content\/uploads\/sites\/3\/2022\/04\/logo500x500.jpg\",\"width\":500,\"height\":500,\"caption\":\"Just Now News\"},\"image\":{\"@id\":\"https:\/\/now-news.de\/de\/#\/schema\/logo\/image\/\"},\"sameAs\":[\"https:\/\/www.facebook.com\/wirmachenauf\",\"https:\/\/x.com\/WirMachenAuf_de\"]},{\"@type\":\"Person\",\"@id\":\"https:\/\/now-news.de\/de\/#\/schema\/person\/fb534a4e865501d8b3285208df34a9b5\",\"name\":\"rtnews\",\"image\":{\"@type\":\"ImageObject\",\"inLanguage\":\"de\",\"@id\":\"https:\/\/now-news.de\/de\/#\/schema\/person\/image\/\",\"url\":\"https:\/\/secure.gravatar.com\/avatar\/82aafea7d8127119dd649515f56e2117?s=96&d=mm&r=g\",\"contentUrl\":\"https:\/\/secure.gravatar.com\/avatar\/82aafea7d8127119dd649515f56e2117?s=96&d=mm&r=g\",\"caption\":\"rtnews\"},\"url\":\"https:\/\/now-news.de\/de\/author\/rnews\/\"}]}<\/script>\n<!-- \/ Yoast SEO Premium plugin. -->","yoast_head_json":{"title":"Beben im Springer-Konzern: Gesamte &quot;Bild&quot;-Chefredaktion rausgeworfen - just-now.NEWS Deutschland","robots":{"index":"index","follow":"follow","max-snippet":"max-snippet:-1","max-image-preview":"max-image-preview:large","max-video-preview":"max-video-preview:-1"},"canonical":"https:\/\/now-news.de\/de\/deutschland\/beben-im-springer-konzern-gesamte-bild-chefredaktion-rausgeworfen\/","og_locale":"de_DE","og_type":"article","og_title":"Beben im Springer-Konzern: Gesamte &quot;Bild&quot;-Chefredaktion rausgeworfen","og_description":"Der Medienkonzern Axel Springer wechselt die Chefredaktion der &#8220;Bild&#8221; aus. Die derzeitigen Chefredakteure Johannes Boie, Alexandra W\u00fcrzbach und Claus Strunz verlieren ihre Posten, teilte Axel Springer am Donnerstag mit. Mit sofortiger Wirkung \u00fcbernimmt Marion Horn den Vorsitz der Chefredaktion, die damit in den Verlag zur\u00fcckkehrt. Robert Schneider werde wie geplant Mitte April Chefredakteur der &#8220;Bild&#8221;. [&hellip;]","og_url":"https:\/\/now-news.de\/de\/deutschland\/beben-im-springer-konzern-gesamte-bild-chefredaktion-rausgeworfen\/","og_site_name":"just-now.NEWS Deutschland","article_publisher":"https:\/\/www.facebook.com\/wirmachenauf","article_published_time":"2023-03-16T13:47:37+00:00","og_image":[{"width":460,"height":259,"url":"https:\/\/now-news.de\/de\/wp-content\/uploads\/sites\/3\/2022\/11\/Oberstes-britisches-Gericht-untersagt-Unabhaengigkeitsreferendum-in-Schottland.jpg","type":"image\/jpeg"}],"author":"rtnews","twitter_card":"summary_large_image","twitter_creator":"@WirMachenAuf_de","twitter_site":"@WirMachenAuf_de","twitter_misc":{"Verfasst von":"rtnews"},"schema":{"@context":"https:\/\/schema.org","@graph":[{"@type":"Article","@id":"https:\/\/now-news.de\/de\/deutschland\/beben-im-springer-konzern-gesamte-bild-chefredaktion-rausgeworfen\/#article","isPartOf":{"@id":"https:\/\/now-news.de\/de\/deutschland\/beben-im-springer-konzern-gesamte-bild-chefredaktion-rausgeworfen\/"},"author":{"name":"rtnews","@id":"https:\/\/now-news.de\/de\/#\/schema\/person\/fb534a4e865501d8b3285208df34a9b5"},"headline":"Beben im Springer-Konzern: Gesamte &quot;Bild&quot;-Chefredaktion rausgeworfen","datePublished":"2023-03-16T13:47:37+00:00","dateModified":"2023-03-16T13:47:37+00:00","mainEntityOfPage":{"@id":"https:\/\/now-news.de\/de\/deutschland\/beben-im-springer-konzern-gesamte-bild-chefredaktion-rausgeworfen\/"},"wordCount":74,"commentCount":0,"publisher":{"@id":"https:\/\/now-news.de\/de\/#organization"},"image":{"@id":"https:\/\/now-news.de\/de\/deutschland\/beben-im-springer-konzern-gesamte-bild-chefredaktion-rausgeworfen\/#primaryimage"},"thumbnailUrl":"https:\/\/now-news.de\/de\/wp-content\/uploads\/sites\/3\/2022\/11\/Oberstes-britisches-Gericht-untersagt-Unabhaengigkeitsreferendum-in-Schottland.jpg","keywords":["Beben","gesamte","quotBildquotChefredaktion","rausgeworfen","SpringerKonzern"],"articleSection":["Deutschland","Russland"],"inLanguage":"de","potentialAction":[{"@type":"CommentAction","name":"Comment","target":["https:\/\/now-news.de\/de\/deutschland\/beben-im-springer-konzern-gesamte-bild-chefredaktion-rausgeworfen\/#respond"]}]},{"@type":"WebPage","@id":"https:\/\/now-news.de\/de\/deutschland\/beben-im-springer-konzern-gesamte-bild-chefredaktion-rausgeworfen\/","url":"https:\/\/now-news.de\/de\/deutschland\/beben-im-springer-konzern-gesamte-bild-chefredaktion-rausgeworfen\/","name":"Beben im Springer-Konzern: Gesamte &quot;Bild&quot;-Chefredaktion rausgeworfen - just-now.NEWS Deutschland","isPartOf":{"@id":"https:\/\/now-news.de\/de\/#website"},"primaryImageOfPage":{"@id":"https:\/\/now-news.de\/de\/deutschland\/beben-im-springer-konzern-gesamte-bild-chefredaktion-rausgeworfen\/#primaryimage"},"image":{"@id":"https:\/\/now-news.de\/de\/deutschland\/beben-im-springer-konzern-gesamte-bild-chefredaktion-rausgeworfen\/#primaryimage"},"thumbnailUrl":"https:\/\/now-news.de\/de\/wp-content\/uploads\/sites\/3\/2022\/11\/Oberstes-britisches-Gericht-untersagt-Unabhaengigkeitsreferendum-in-Schottland.jpg","datePublished":"2023-03-16T13:47:37+00:00","dateModified":"2023-03-16T13:47:37+00:00","breadcrumb":{"@id":"https:\/\/now-news.de\/de\/deutschland\/beben-im-springer-konzern-gesamte-bild-chefredaktion-rausgeworfen\/#breadcrumb"},"inLanguage":"de","potentialAction":[{"@type":"ReadAction","target":["https:\/\/now-news.de\/de\/deutschland\/beben-im-springer-konzern-gesamte-bild-chefredaktion-rausgeworfen\/"]}]},{"@type":"ImageObject","inLanguage":"de","@id":"https:\/\/now-news.de\/de\/deutschland\/beben-im-springer-konzern-gesamte-bild-chefredaktion-rausgeworfen\/#primaryimage","url":"https:\/\/now-news.de\/de\/wp-content\/uploads\/sites\/3\/2022\/11\/Oberstes-britisches-Gericht-untersagt-Unabhaengigkeitsreferendum-in-Schottland.jpg","contentUrl":"https:\/\/now-news.de\/de\/wp-content\/uploads\/sites\/3\/2022\/11\/Oberstes-britisches-Gericht-untersagt-Unabhaengigkeitsreferendum-in-Schottland.jpg","width":460,"height":259,"caption":"Oberstes britisches Gericht untersagt Unabh\u00e4ngigkeitsreferendum in Schottland"},{"@type":"BreadcrumbList","@id":"https:\/\/now-news.de\/de\/deutschland\/beben-im-springer-konzern-gesamte-bild-chefredaktion-rausgeworfen\/#breadcrumb","itemListElement":[{"@type":"ListItem","position":1,"name":"Home","item":"https:\/\/now-news.de\/de\/"},{"@type":"ListItem","position":2,"name":"Beben im Springer-Konzern: Gesamte &quot;Bild&quot;-Chefredaktion rausgeworfen"}]},{"@type":"WebSite","@id":"https:\/\/now-news.de\/de\/#website","url":"https:\/\/now-news.de\/de\/","name":"just-now.NEWS Deutschland","description":"Das Portal f\u00fcr unzensierte Nachrichten aus der Welt","publisher":{"@id":"https:\/\/now-news.de\/de\/#organization"},"potentialAction":[{"@type":"SearchAction","target":{"@type":"EntryPoint","urlTemplate":"https:\/\/now-news.de\/de\/?s={search_term_string}"},"query-input":"required name=search_term_string"}],"inLanguage":"de"},{"@type":"Organization","@id":"https:\/\/now-news.de\/de\/#organization","name":"Just Now News","url":"https:\/\/now-news.de\/de\/","logo":{"@type":"ImageObject","inLanguage":"de","@id":"https:\/\/now-news.de\/de\/#\/schema\/logo\/image\/","url":"http:\/\/just-now.news\/de\/wp-content\/uploads\/sites\/3\/2022\/04\/logo500x500.jpg","contentUrl":"http:\/\/just-now.news\/de\/wp-content\/uploads\/sites\/3\/2022\/04\/logo500x500.jpg","width":500,"height":500,"caption":"Just Now News"},"image":{"@id":"https:\/\/now-news.de\/de\/#\/schema\/logo\/image\/"},"sameAs":["https:\/\/www.facebook.com\/wirmachenauf","https:\/\/x.com\/WirMachenAuf_de"]},{"@type":"Person","@id":"https:\/\/now-news.de\/de\/#\/schema\/person\/fb534a4e865501d8b3285208df34a9b5","name":"rtnews","image":{"@type":"ImageObject","inLanguage":"de","@id":"https:\/\/now-news.de\/de\/#\/schema\/person\/image\/","url":"https:\/\/secure.gravatar.com\/avatar\/82aafea7d8127119dd649515f56e2117?s=96&d=mm&r=g","contentUrl":"https:\/\/secure.gravatar.com\/avatar\/82aafea7d8127119dd649515f56e2117?s=96&d=mm&r=g","caption":"rtnews"},"url":"https:\/\/now-news.de\/de\/author\/rnews\/"}]}},"_links":{"self":[{"href":"https:\/\/now-news.de\/de\/wp-json\/wp\/v2\/posts\/32367"}],"collection":[{"href":"https:\/\/now-news.de\/de\/wp-json\/wp\/v2\/posts"}],"about":[{"href":"https:\/\/now-news.de\/de\/wp-json\/wp\/v2\/types\/post"}],"author":[{"embeddable":true,"href":"https:\/\/now-news.de\/de\/wp-json\/wp\/v2\/users\/3"}],"replies":[{"embeddable":true,"href":"https:\/\/now-news.de\/de\/wp-json\/wp\/v2\/comments?post=32367"}],"version-history":[{"count":0,"href":"https:\/\/now-news.de\/de\/wp-json\/wp\/v2\/posts\/32367\/revisions"}],"wp:featuredmedia":[{"embeddable":true,"href":"https:\/\/now-news.de\/de\/wp-json\/wp\/v2\/media\/23828"}],"wp:attachment":[{"href":"https:\/\/now-news.de\/de\/wp-json\/wp\/v2\/media?parent=32367"}],"wp:term":[{"taxonomy":"category","embeddable":true,"href":"https:\/\/now-news.de\/de\/wp-json\/wp\/v2\/categories?post=32367"},{"taxonomy":"post_tag","embeddable":true,"href":"https:\/\/now-news.de\/de\/wp-json\/wp\/v2\/tags?post=32367"}],"curies":[{"name":"wp","href":"https:\/\/api.w.org\/{rel}","templated":true}]}}