{"id":32361,"date":"2023-03-16T14:34:06","date_gmt":"2023-03-16T12:34:06","guid":{"rendered":"https:\/\/just-now.news\/de\/deutschland\/netanjahu-in-berlin-deutsche-staatsraeson-und-massenproteste-in-israel\/"},"modified":"2023-03-16T14:34:06","modified_gmt":"2023-03-16T12:34:06","slug":"netanjahu-in-berlin-deutsche-staatsraeson-und-massenproteste-in-israel","status":"publish","type":"post","link":"https:\/\/now-news.de\/de\/deutschland\/netanjahu-in-berlin-deutsche-staatsraeson-und-massenproteste-in-israel\/","title":{"rendered":"Netanjahu in Berlin: Deutsche Staatsr\u00e4son und Massenproteste in Israel"},"content":{"rendered":"<p><img decoding=\"async\" src=\"http:\/\/just-now.news\/de\/wp-content\/uploads\/sites\/3\/2023\/03\/6412f91a48fbef3ef3494dd1.jpg\" \/><\/p>\n<div class=\"Text-root Text-type_1 \">\n                Die Bundesregierung will die umstrittenen Reformen in Israel nicht unn\u00f6tig &#8220;von der Seitenlinie&#8221; aus kommentieren. Seit Jahren wird Israel von westlichen Medien als die &#8220;einzige Demokratie&#8221; in der Region propagiert, w\u00e4hrend der Westen islamische L\u00e4nder im Nahen Osten in der Regel zum S\u00fcndenblock macht.\n            <\/div>\n<p><\/p>\n<div class=\"Text-root Text-type_5 ArticleView-text ViewText-root \">\n<p><em>Von Seyed Alireza Mousavi<\/em><\/p>\n<p>Seit Netanjahu im Dezember in Israel eine Regierung nur gemeinsam mit radikalen Zionisten bilden konnte, blickt der Westen angeblich besorgt nach Tel Aviv. W\u00e4hrend die USA und weitere westliche Staaten in letzter Zeit Israel f\u00fcr dessen umstrittene Justizreform und den Umgang mit Pal\u00e4stinensern sch\u00e4rfer kritisieren, h\u00e4lt sich bislang die bundesdeutsche &#8220;Ampel&#8221;-Koalition speziell gegen\u00fcber Israel ausnahmsweise mit Kritik zur\u00fcck.<\/p>\n<p>W\u00e4hrend im Wei\u00dfen Haus in Washington, D.C. laut <em><a rel=\"nofollow noopener\" target=\"_blank\" href=\"https:\/\/www.reuters.com\/world\/no-white-house-visit-israels-netanyahu-us-concern-rises-2023-03-16\/\">Reuters<\/a><\/em>-Informationen abgelehnt wird, einen Besuchstermin des israelischen Premierministers Netanjahu in\u00a0den USA zu best\u00e4tigen, da die US-amerikanischen Bedenken gegen der neue israelischen Regierung wachsen w\u00fcrden, wurde\u00a0Netanjahu am Donnerstag in Berlin willkommen gehei\u00dfen, um sich mit dem Bundeskanzler zu treffen. Im Vorfeld seiner Reise forderten\u00a0dagegen zuhause Tausende der israelischen K\u00fcnstler Deutschland dazu auf, Netanjahu wieder auszuladen.\u00a0Bereits dessen Flug von Tel Aviv nach Berlin gestaltete sich schwierig, denn Demonstranten blockierten bis zuletzt seinen Weg zum Flughafen.<\/p>\n<p>Die neue Regierung in Israel hat wieder einmal die tiefen Gr\u00e4ben und Bruchlinien in der israelischen Gesellschaft offenbart.\u00a0Seit Wochen gehen Hunderttausende von Israelis gegen die\u00a0geplante Justizreform\u00a0auf die Stra\u00dfe, mit der die neue Regierung das Oberste Gericht faktisch entmachten und somit korrupten Ministern Immunit\u00e4t verschaffen will.\u00a0Dieser Schritt\u00a0ist deshalb so brisant, weil Israel keine Verfassung hat und dementsprechend dieses Gericht das wichtigste Korrektiv der Regierung ist.\u00a0Die Staatskrise reicht allerdings weit \u00fcber den Streit um\u00a0die Justizreform und die radikalen Pers\u00f6nlichkeiten im Regierungskabinett hinaus.\u00a0Die R\u00fcckkehr Netanjahus in einem B\u00fcndnis mit einer Reihe religi\u00f6ser und rechtsextremer Parteien, die den Siedlungsausbau und\u00a0die Entrechtung der Pal\u00e4stinenser bef\u00fcrworten, hat zu Bef\u00fcrchtungen \u00fcber eine erneute Konfrontation mit den Pal\u00e4stinensern gef\u00fchrt.<\/p>\n<p>Im Koalitionsvertrag der &#8220;Ampel&#8221; in Berlin jedoch steht: &#8220;Die Sicherheit Israels ist f\u00fcr uns Staatsr\u00e4son.&#8221;\u00a0Im\u00a0M\u00e4rz 2008 hielt die damalige Bundeskanzlerin Angela Merkel vor dem israelischen Parlament eine Rede,\u00a0in der sie zum ersten Mal die Sicherheit des heutigen Israels zur Leitlinie jeder deutschen Au\u00dfenpolitik erhob.<\/p>\n<p>Seit Jahren wird\u00a0Israel von westlichen Medien als die &#8220;einzige Demokratie&#8221; in der Region dargestellt und propagiert,\u00a0w\u00e4hrend\u00a0der Westen islamische L\u00e4nder im Nahen Osten zum S\u00fcndenblock macht. Und dies, obwohl\u00a0Tel Aviv ebenso seit Jahren systematisch Pal\u00e4stinenser diskriminiert und entrechtet.\u00a0Mit den j\u00fcngsten Gesetzesvorhaben droht nun aber das Ende der vom Westen gelobten &#8220;Demokratie&#8221;, wobei mit der\u00a0Abkehr von einer Zweistaatenregelung und dem \u00dcbergang von einer befristeten milit\u00e4rischen Besetzung des Westjordanlandes zu einer v\u00f6lkerrechtlichen Annexion\u00a0\u00a0sogar die\u00a0Anwendung des Begriffs Apartheid auf Israel immer naheliegender wird.\u00a0<\/p>\n<p>Viele kritische Beobachter in Deutschland\u00a0dr\u00fccken zudem ihre Sorge \u00fcber die Pl\u00e4ne zur Wiedereinf\u00fchrung der Todesstrafe (gegen Pal\u00e4stinenser) in Israel aus. In Deutschland lerne man in der Schule bisher, dass Israel \u2013 obwohl es wie kein anderes Land von &#8220;Terror&#8221; bedroht sei \u2013 bisher eine Todesstrafe nur einmal in seiner Geschichte vollstreckt habe, und zwar gegen den Nazi-Kriegsverbrecher Adolf Eichmann.<\/p>\n<p>Inzwischen hat Deutschland auch hier seine Doppelstandards erweitert. Der Regierungssprecher Steffen Hebestreit teilte im Vorfeld der Ankunft von\u00a0Netanjahu mit, dass sich ungeachtet der j\u00fcngsten Kritik der Bundeskanzler auf den Besuch des israelischen Premierministers freue. Bundesregierung wolle die Reformen in Israel nicht &#8220;von der Seitenlinie&#8221; kommentieren, k\u00fcndigte Hebestreit an. Als\u00a0Au\u00dfenstehende kommentierten dagegen die Politiker vom Kabinett der Bundesregierung nicht nur die j\u00fcngsten Unruhen in Iran, sondern mischen sich auch sonst gern in innere Angelegenheiten des Landes ein, indem Deutschland sogar eine F\u00fchrungsrolle bei der Isolierung Teherans auf internationaler B\u00fchne \u00fcbernahm.<\/p>\n<p><strong>Mehr zum Thema<\/strong> &#8211; <a rel=\"nofollow noopener\" target=\"_blank\" href=\"https:\/\/rtde.site\/meinung\/153638-waffenlieferung-an-russland-warum-verhindert\/\">Waffenlieferung an Russland: Warum verhindert Berlin direkte Gespr\u00e4che zwischen Teheran und Kiew?<\/a><\/p>\n<\/div>\n<p><br \/>\n<br \/><a href=\"https:\/\/de.rt.com\/inland\/165464-netanyahu-in-berlin-deutsche-staatsraeson\/\">Source link <\/a><\/p>\n","protected":false},"excerpt":{"rendered":"<p>Die Bundesregierung will die umstrittenen Reformen in Israel nicht unn\u00f6tig &#8220;von der Seitenlinie&#8221; aus kommentieren. Seit Jahren wird Israel von westlichen Medien als die &#8220;einzige Demokratie&#8221; in der Region propagiert, w\u00e4hrend der Westen islamische L\u00e4nder im Nahen Osten in der Regel zum S\u00fcndenblock macht. Von Seyed Alireza Mousavi Seit Netanjahu im Dezember in Israel eine [&hellip;]<\/p>\n","protected":false},"author":3,"featured_media":32362,"comment_status":"open","ping_status":"open","sticky":false,"template":"","format":"standard","meta":{"_yoast_indexnow_last_ping":["1678970585"],"wp_automatic_camp":["217"],"501a0da769b5df848a297bbaf746053f":["Netanjahu in Berlin: Deutsche Staatsr\u00e4son und Massenproteste in Israel"],"original_link":["https:\/\/de.rt.com\/inland\/165464-netanyahu-in-berlin-deutsche-staatsraeson\/"],"_thumbnail_id":["32362"],"_wptgpro_p2tg_sent2tg":["a:1:{i:23737;s:19:\"2023-03-16 14:44:08\";}"],"jnews_social_counter_last_update":["1777344288"]},"categories":[19,23],"tags":[943,2374,432,33868,21113,42052,140],"yoast_head":"<!-- This site is optimized with the Yoast SEO Premium plugin v22.7 (Yoast SEO v22.7) - https:\/\/yoast.com\/wordpress\/plugins\/seo\/ -->\n<title>Netanjahu in Berlin: Deutsche Staatsr\u00e4son und Massenproteste in Israel - just-now.NEWS Deutschland<\/title>\n<meta name=\"robots\" content=\"index, follow, max-snippet:-1, max-image-preview:large, max-video-preview:-1\" \/>\n<link rel=\"canonical\" href=\"https:\/\/now-news.de\/de\/deutschland\/netanjahu-in-berlin-deutsche-staatsraeson-und-massenproteste-in-israel\/\" \/>\n<meta property=\"og:locale\" content=\"de_DE\" \/>\n<meta property=\"og:type\" content=\"article\" \/>\n<meta property=\"og:title\" content=\"Netanjahu in Berlin: Deutsche Staatsr\u00e4son und Massenproteste in Israel\" \/>\n<meta property=\"og:description\" content=\"Die Bundesregierung will die umstrittenen Reformen in Israel nicht unn\u00f6tig &#8220;von der Seitenlinie&#8221; aus kommentieren. Seit Jahren wird Israel von westlichen Medien als die &#8220;einzige Demokratie&#8221; in der Region propagiert, w\u00e4hrend der Westen islamische L\u00e4nder im Nahen Osten in der Regel zum S\u00fcndenblock macht. Von Seyed Alireza Mousavi Seit Netanjahu im Dezember in Israel eine [&hellip;]\" \/>\n<meta property=\"og:url\" content=\"https:\/\/now-news.de\/de\/deutschland\/netanjahu-in-berlin-deutsche-staatsraeson-und-massenproteste-in-israel\/\" \/>\n<meta property=\"og:site_name\" content=\"just-now.NEWS Deutschland\" \/>\n<meta property=\"article:publisher\" content=\"https:\/\/www.facebook.com\/wirmachenauf\" \/>\n<meta property=\"article:published_time\" content=\"2023-03-16T12:34:06+00:00\" \/>\n<meta property=\"og:image\" content=\"https:\/\/now-news.de\/de\/wp-content\/uploads\/sites\/3\/2023\/03\/Netanjahu-in-Berlin-Deutsche-Staatsraeson-und-Massenproteste-in-Israel.jpg\" \/>\n\t<meta property=\"og:image:width\" content=\"460\" \/>\n\t<meta property=\"og:image:height\" content=\"259\" \/>\n\t<meta property=\"og:image:type\" content=\"image\/jpeg\" \/>\n<meta name=\"author\" content=\"rtnews\" \/>\n<meta name=\"twitter:card\" content=\"summary_large_image\" \/>\n<meta name=\"twitter:creator\" content=\"@WirMachenAuf_de\" \/>\n<meta name=\"twitter:site\" content=\"@WirMachenAuf_de\" \/>\n<meta name=\"twitter:label1\" content=\"Verfasst von\" \/>\n\t<meta name=\"twitter:data1\" content=\"rtnews\" \/>\n\t<meta name=\"twitter:label2\" content=\"Gesch\u00e4tzte Lesezeit\" \/>\n\t<meta name=\"twitter:data2\" content=\"3\u00a0Minuten\" \/>\n<script type=\"application\/ld+json\" class=\"yoast-schema-graph\">{\"@context\":\"https:\/\/schema.org\",\"@graph\":[{\"@type\":\"Article\",\"@id\":\"https:\/\/now-news.de\/de\/deutschland\/netanjahu-in-berlin-deutsche-staatsraeson-und-massenproteste-in-israel\/#article\",\"isPartOf\":{\"@id\":\"https:\/\/now-news.de\/de\/deutschland\/netanjahu-in-berlin-deutsche-staatsraeson-und-massenproteste-in-israel\/\"},\"author\":{\"name\":\"rtnews\",\"@id\":\"https:\/\/now-news.de\/de\/#\/schema\/person\/fb534a4e865501d8b3285208df34a9b5\"},\"headline\":\"Netanjahu in Berlin: Deutsche Staatsr\u00e4son und Massenproteste in Israel\",\"datePublished\":\"2023-03-16T12:34:06+00:00\",\"dateModified\":\"2023-03-16T12:34:06+00:00\",\"mainEntityOfPage\":{\"@id\":\"https:\/\/now-news.de\/de\/deutschland\/netanjahu-in-berlin-deutsche-staatsraeson-und-massenproteste-in-israel\/\"},\"wordCount\":676,\"commentCount\":0,\"publisher\":{\"@id\":\"https:\/\/now-news.de\/de\/#organization\"},\"image\":{\"@id\":\"https:\/\/now-news.de\/de\/deutschland\/netanjahu-in-berlin-deutsche-staatsraeson-und-massenproteste-in-israel\/#primaryimage\"},\"thumbnailUrl\":\"https:\/\/now-news.de\/de\/wp-content\/uploads\/sites\/3\/2023\/03\/Netanjahu-in-Berlin-Deutsche-Staatsraeson-und-Massenproteste-in-Israel.jpg\",\"keywords\":[\"Berlin\",\"Deutsche\",\"Israel\",\"Massenproteste\",\"Netanjahu\",\"Staatsr\u00e4son\",\"und\"],\"articleSection\":[\"Deutschland\",\"Russland\"],\"inLanguage\":\"de\",\"potentialAction\":[{\"@type\":\"CommentAction\",\"name\":\"Comment\",\"target\":[\"https:\/\/now-news.de\/de\/deutschland\/netanjahu-in-berlin-deutsche-staatsraeson-und-massenproteste-in-israel\/#respond\"]}]},{\"@type\":\"WebPage\",\"@id\":\"https:\/\/now-news.de\/de\/deutschland\/netanjahu-in-berlin-deutsche-staatsraeson-und-massenproteste-in-israel\/\",\"url\":\"https:\/\/now-news.de\/de\/deutschland\/netanjahu-in-berlin-deutsche-staatsraeson-und-massenproteste-in-israel\/\",\"name\":\"Netanjahu in Berlin: Deutsche Staatsr\u00e4son und Massenproteste in Israel - just-now.NEWS Deutschland\",\"isPartOf\":{\"@id\":\"https:\/\/now-news.de\/de\/#website\"},\"primaryImageOfPage\":{\"@id\":\"https:\/\/now-news.de\/de\/deutschland\/netanjahu-in-berlin-deutsche-staatsraeson-und-massenproteste-in-israel\/#primaryimage\"},\"image\":{\"@id\":\"https:\/\/now-news.de\/de\/deutschland\/netanjahu-in-berlin-deutsche-staatsraeson-und-massenproteste-in-israel\/#primaryimage\"},\"thumbnailUrl\":\"https:\/\/now-news.de\/de\/wp-content\/uploads\/sites\/3\/2023\/03\/Netanjahu-in-Berlin-Deutsche-Staatsraeson-und-Massenproteste-in-Israel.jpg\",\"datePublished\":\"2023-03-16T12:34:06+00:00\",\"dateModified\":\"2023-03-16T12:34:06+00:00\",\"breadcrumb\":{\"@id\":\"https:\/\/now-news.de\/de\/deutschland\/netanjahu-in-berlin-deutsche-staatsraeson-und-massenproteste-in-israel\/#breadcrumb\"},\"inLanguage\":\"de\",\"potentialAction\":[{\"@type\":\"ReadAction\",\"target\":[\"https:\/\/now-news.de\/de\/deutschland\/netanjahu-in-berlin-deutsche-staatsraeson-und-massenproteste-in-israel\/\"]}]},{\"@type\":\"ImageObject\",\"inLanguage\":\"de\",\"@id\":\"https:\/\/now-news.de\/de\/deutschland\/netanjahu-in-berlin-deutsche-staatsraeson-und-massenproteste-in-israel\/#primaryimage\",\"url\":\"https:\/\/now-news.de\/de\/wp-content\/uploads\/sites\/3\/2023\/03\/Netanjahu-in-Berlin-Deutsche-Staatsraeson-und-Massenproteste-in-Israel.jpg\",\"contentUrl\":\"https:\/\/now-news.de\/de\/wp-content\/uploads\/sites\/3\/2023\/03\/Netanjahu-in-Berlin-Deutsche-Staatsraeson-und-Massenproteste-in-Israel.jpg\",\"width\":460,\"height\":259,\"caption\":\"Netanjahu in Berlin: Deutsche Staatsr\u00e4son und Massenproteste in Israel\"},{\"@type\":\"BreadcrumbList\",\"@id\":\"https:\/\/now-news.de\/de\/deutschland\/netanjahu-in-berlin-deutsche-staatsraeson-und-massenproteste-in-israel\/#breadcrumb\",\"itemListElement\":[{\"@type\":\"ListItem\",\"position\":1,\"name\":\"Home\",\"item\":\"https:\/\/now-news.de\/de\/\"},{\"@type\":\"ListItem\",\"position\":2,\"name\":\"Netanjahu in Berlin: Deutsche Staatsr\u00e4son und Massenproteste in Israel\"}]},{\"@type\":\"WebSite\",\"@id\":\"https:\/\/now-news.de\/de\/#website\",\"url\":\"https:\/\/now-news.de\/de\/\",\"name\":\"just-now.NEWS Deutschland\",\"description\":\"Das Portal f\u00fcr unzensierte Nachrichten aus der Welt\",\"publisher\":{\"@id\":\"https:\/\/now-news.de\/de\/#organization\"},\"potentialAction\":[{\"@type\":\"SearchAction\",\"target\":{\"@type\":\"EntryPoint\",\"urlTemplate\":\"https:\/\/now-news.de\/de\/?s={search_term_string}\"},\"query-input\":\"required name=search_term_string\"}],\"inLanguage\":\"de\"},{\"@type\":\"Organization\",\"@id\":\"https:\/\/now-news.de\/de\/#organization\",\"name\":\"Just Now News\",\"url\":\"https:\/\/now-news.de\/de\/\",\"logo\":{\"@type\":\"ImageObject\",\"inLanguage\":\"de\",\"@id\":\"https:\/\/now-news.de\/de\/#\/schema\/logo\/image\/\",\"url\":\"http:\/\/just-now.news\/de\/wp-content\/uploads\/sites\/3\/2022\/04\/logo500x500.jpg\",\"contentUrl\":\"http:\/\/just-now.news\/de\/wp-content\/uploads\/sites\/3\/2022\/04\/logo500x500.jpg\",\"width\":500,\"height\":500,\"caption\":\"Just Now News\"},\"image\":{\"@id\":\"https:\/\/now-news.de\/de\/#\/schema\/logo\/image\/\"},\"sameAs\":[\"https:\/\/www.facebook.com\/wirmachenauf\",\"https:\/\/x.com\/WirMachenAuf_de\"]},{\"@type\":\"Person\",\"@id\":\"https:\/\/now-news.de\/de\/#\/schema\/person\/fb534a4e865501d8b3285208df34a9b5\",\"name\":\"rtnews\",\"image\":{\"@type\":\"ImageObject\",\"inLanguage\":\"de\",\"@id\":\"https:\/\/now-news.de\/de\/#\/schema\/person\/image\/\",\"url\":\"https:\/\/secure.gravatar.com\/avatar\/82aafea7d8127119dd649515f56e2117?s=96&d=mm&r=g\",\"contentUrl\":\"https:\/\/secure.gravatar.com\/avatar\/82aafea7d8127119dd649515f56e2117?s=96&d=mm&r=g\",\"caption\":\"rtnews\"},\"url\":\"https:\/\/now-news.de\/de\/author\/rnews\/\"}]}<\/script>\n<!-- \/ Yoast SEO Premium plugin. -->","yoast_head_json":{"title":"Netanjahu in Berlin: Deutsche Staatsr\u00e4son und Massenproteste in Israel - just-now.NEWS Deutschland","robots":{"index":"index","follow":"follow","max-snippet":"max-snippet:-1","max-image-preview":"max-image-preview:large","max-video-preview":"max-video-preview:-1"},"canonical":"https:\/\/now-news.de\/de\/deutschland\/netanjahu-in-berlin-deutsche-staatsraeson-und-massenproteste-in-israel\/","og_locale":"de_DE","og_type":"article","og_title":"Netanjahu in Berlin: Deutsche Staatsr\u00e4son und Massenproteste in Israel","og_description":"Die Bundesregierung will die umstrittenen Reformen in Israel nicht unn\u00f6tig &#8220;von der Seitenlinie&#8221; aus kommentieren. Seit Jahren wird Israel von westlichen Medien als die &#8220;einzige Demokratie&#8221; in der Region propagiert, w\u00e4hrend der Westen islamische L\u00e4nder im Nahen Osten in der Regel zum S\u00fcndenblock macht. Von Seyed Alireza Mousavi Seit Netanjahu im Dezember in Israel eine [&hellip;]","og_url":"https:\/\/now-news.de\/de\/deutschland\/netanjahu-in-berlin-deutsche-staatsraeson-und-massenproteste-in-israel\/","og_site_name":"just-now.NEWS Deutschland","article_publisher":"https:\/\/www.facebook.com\/wirmachenauf","article_published_time":"2023-03-16T12:34:06+00:00","og_image":[{"width":460,"height":259,"url":"https:\/\/now-news.de\/de\/wp-content\/uploads\/sites\/3\/2023\/03\/Netanjahu-in-Berlin-Deutsche-Staatsraeson-und-Massenproteste-in-Israel.jpg","type":"image\/jpeg"}],"author":"rtnews","twitter_card":"summary_large_image","twitter_creator":"@WirMachenAuf_de","twitter_site":"@WirMachenAuf_de","twitter_misc":{"Verfasst von":"rtnews","Gesch\u00e4tzte Lesezeit":"3\u00a0Minuten"},"schema":{"@context":"https:\/\/schema.org","@graph":[{"@type":"Article","@id":"https:\/\/now-news.de\/de\/deutschland\/netanjahu-in-berlin-deutsche-staatsraeson-und-massenproteste-in-israel\/#article","isPartOf":{"@id":"https:\/\/now-news.de\/de\/deutschland\/netanjahu-in-berlin-deutsche-staatsraeson-und-massenproteste-in-israel\/"},"author":{"name":"rtnews","@id":"https:\/\/now-news.de\/de\/#\/schema\/person\/fb534a4e865501d8b3285208df34a9b5"},"headline":"Netanjahu in Berlin: Deutsche Staatsr\u00e4son und Massenproteste in Israel","datePublished":"2023-03-16T12:34:06+00:00","dateModified":"2023-03-16T12:34:06+00:00","mainEntityOfPage":{"@id":"https:\/\/now-news.de\/de\/deutschland\/netanjahu-in-berlin-deutsche-staatsraeson-und-massenproteste-in-israel\/"},"wordCount":676,"commentCount":0,"publisher":{"@id":"https:\/\/now-news.de\/de\/#organization"},"image":{"@id":"https:\/\/now-news.de\/de\/deutschland\/netanjahu-in-berlin-deutsche-staatsraeson-und-massenproteste-in-israel\/#primaryimage"},"thumbnailUrl":"https:\/\/now-news.de\/de\/wp-content\/uploads\/sites\/3\/2023\/03\/Netanjahu-in-Berlin-Deutsche-Staatsraeson-und-Massenproteste-in-Israel.jpg","keywords":["Berlin","Deutsche","Israel","Massenproteste","Netanjahu","Staatsr\u00e4son","und"],"articleSection":["Deutschland","Russland"],"inLanguage":"de","potentialAction":[{"@type":"CommentAction","name":"Comment","target":["https:\/\/now-news.de\/de\/deutschland\/netanjahu-in-berlin-deutsche-staatsraeson-und-massenproteste-in-israel\/#respond"]}]},{"@type":"WebPage","@id":"https:\/\/now-news.de\/de\/deutschland\/netanjahu-in-berlin-deutsche-staatsraeson-und-massenproteste-in-israel\/","url":"https:\/\/now-news.de\/de\/deutschland\/netanjahu-in-berlin-deutsche-staatsraeson-und-massenproteste-in-israel\/","name":"Netanjahu in Berlin: Deutsche Staatsr\u00e4son und Massenproteste in Israel - just-now.NEWS Deutschland","isPartOf":{"@id":"https:\/\/now-news.de\/de\/#website"},"primaryImageOfPage":{"@id":"https:\/\/now-news.de\/de\/deutschland\/netanjahu-in-berlin-deutsche-staatsraeson-und-massenproteste-in-israel\/#primaryimage"},"image":{"@id":"https:\/\/now-news.de\/de\/deutschland\/netanjahu-in-berlin-deutsche-staatsraeson-und-massenproteste-in-israel\/#primaryimage"},"thumbnailUrl":"https:\/\/now-news.de\/de\/wp-content\/uploads\/sites\/3\/2023\/03\/Netanjahu-in-Berlin-Deutsche-Staatsraeson-und-Massenproteste-in-Israel.jpg","datePublished":"2023-03-16T12:34:06+00:00","dateModified":"2023-03-16T12:34:06+00:00","breadcrumb":{"@id":"https:\/\/now-news.de\/de\/deutschland\/netanjahu-in-berlin-deutsche-staatsraeson-und-massenproteste-in-israel\/#breadcrumb"},"inLanguage":"de","potentialAction":[{"@type":"ReadAction","target":["https:\/\/now-news.de\/de\/deutschland\/netanjahu-in-berlin-deutsche-staatsraeson-und-massenproteste-in-israel\/"]}]},{"@type":"ImageObject","inLanguage":"de","@id":"https:\/\/now-news.de\/de\/deutschland\/netanjahu-in-berlin-deutsche-staatsraeson-und-massenproteste-in-israel\/#primaryimage","url":"https:\/\/now-news.de\/de\/wp-content\/uploads\/sites\/3\/2023\/03\/Netanjahu-in-Berlin-Deutsche-Staatsraeson-und-Massenproteste-in-Israel.jpg","contentUrl":"https:\/\/now-news.de\/de\/wp-content\/uploads\/sites\/3\/2023\/03\/Netanjahu-in-Berlin-Deutsche-Staatsraeson-und-Massenproteste-in-Israel.jpg","width":460,"height":259,"caption":"Netanjahu in Berlin: Deutsche Staatsr\u00e4son und Massenproteste in Israel"},{"@type":"BreadcrumbList","@id":"https:\/\/now-news.de\/de\/deutschland\/netanjahu-in-berlin-deutsche-staatsraeson-und-massenproteste-in-israel\/#breadcrumb","itemListElement":[{"@type":"ListItem","position":1,"name":"Home","item":"https:\/\/now-news.de\/de\/"},{"@type":"ListItem","position":2,"name":"Netanjahu in Berlin: Deutsche Staatsr\u00e4son und Massenproteste in Israel"}]},{"@type":"WebSite","@id":"https:\/\/now-news.de\/de\/#website","url":"https:\/\/now-news.de\/de\/","name":"just-now.NEWS Deutschland","description":"Das Portal f\u00fcr unzensierte Nachrichten aus der Welt","publisher":{"@id":"https:\/\/now-news.de\/de\/#organization"},"potentialAction":[{"@type":"SearchAction","target":{"@type":"EntryPoint","urlTemplate":"https:\/\/now-news.de\/de\/?s={search_term_string}"},"query-input":"required name=search_term_string"}],"inLanguage":"de"},{"@type":"Organization","@id":"https:\/\/now-news.de\/de\/#organization","name":"Just Now News","url":"https:\/\/now-news.de\/de\/","logo":{"@type":"ImageObject","inLanguage":"de","@id":"https:\/\/now-news.de\/de\/#\/schema\/logo\/image\/","url":"http:\/\/just-now.news\/de\/wp-content\/uploads\/sites\/3\/2022\/04\/logo500x500.jpg","contentUrl":"http:\/\/just-now.news\/de\/wp-content\/uploads\/sites\/3\/2022\/04\/logo500x500.jpg","width":500,"height":500,"caption":"Just Now News"},"image":{"@id":"https:\/\/now-news.de\/de\/#\/schema\/logo\/image\/"},"sameAs":["https:\/\/www.facebook.com\/wirmachenauf","https:\/\/x.com\/WirMachenAuf_de"]},{"@type":"Person","@id":"https:\/\/now-news.de\/de\/#\/schema\/person\/fb534a4e865501d8b3285208df34a9b5","name":"rtnews","image":{"@type":"ImageObject","inLanguage":"de","@id":"https:\/\/now-news.de\/de\/#\/schema\/person\/image\/","url":"https:\/\/secure.gravatar.com\/avatar\/82aafea7d8127119dd649515f56e2117?s=96&d=mm&r=g","contentUrl":"https:\/\/secure.gravatar.com\/avatar\/82aafea7d8127119dd649515f56e2117?s=96&d=mm&r=g","caption":"rtnews"},"url":"https:\/\/now-news.de\/de\/author\/rnews\/"}]}},"_links":{"self":[{"href":"https:\/\/now-news.de\/de\/wp-json\/wp\/v2\/posts\/32361"}],"collection":[{"href":"https:\/\/now-news.de\/de\/wp-json\/wp\/v2\/posts"}],"about":[{"href":"https:\/\/now-news.de\/de\/wp-json\/wp\/v2\/types\/post"}],"author":[{"embeddable":true,"href":"https:\/\/now-news.de\/de\/wp-json\/wp\/v2\/users\/3"}],"replies":[{"embeddable":true,"href":"https:\/\/now-news.de\/de\/wp-json\/wp\/v2\/comments?post=32361"}],"version-history":[{"count":0,"href":"https:\/\/now-news.de\/de\/wp-json\/wp\/v2\/posts\/32361\/revisions"}],"wp:featuredmedia":[{"embeddable":true,"href":"https:\/\/now-news.de\/de\/wp-json\/wp\/v2\/media\/32362"}],"wp:attachment":[{"href":"https:\/\/now-news.de\/de\/wp-json\/wp\/v2\/media?parent=32361"}],"wp:term":[{"taxonomy":"category","embeddable":true,"href":"https:\/\/now-news.de\/de\/wp-json\/wp\/v2\/categories?post=32361"},{"taxonomy":"post_tag","embeddable":true,"href":"https:\/\/now-news.de\/de\/wp-json\/wp\/v2\/tags?post=32361"}],"curies":[{"name":"wp","href":"https:\/\/api.w.org\/{rel}","templated":true}]}}