{"id":32326,"date":"2023-03-15T21:27:28","date_gmt":"2023-03-15T19:27:28","guid":{"rendered":"https:\/\/just-now.news\/de\/deutschland\/der-oelpreisdeckel-des-westens-ein-weiterer-schuss-ins-eigene-knie\/"},"modified":"2023-03-15T21:27:28","modified_gmt":"2023-03-15T19:27:28","slug":"der-oelpreisdeckel-des-westens-ein-weiterer-schuss-ins-eigene-knie","status":"publish","type":"post","link":"https:\/\/now-news.de\/de\/deutschland\/der-oelpreisdeckel-des-westens-ein-weiterer-schuss-ins-eigene-knie\/","title":{"rendered":"Der \u00d6lpreisdeckel des Westens \u2013 ein weiterer Schuss ins eigene Knie?"},"content":{"rendered":"<p><img decoding=\"async\" src=\"http:\/\/just-now.news\/de\/wp-content\/uploads\/sites\/3\/2023\/03\/64103ec4b480cc72894fc6ad.jpg\" \/><\/p>\n<div class=\"Text-root Text-type_1 \">\n                Mit der Preisobergrenze auf russisches \u00d6l versucht der Westen, Russlands Exporterl\u00f6se zu senken. Gleichzeitig soll der \u00d6lpreis stabil bleiben. Das ist noch der Fall, trotzdem stellen sich f\u00fcr den Westen selbst negative Folgen ein. Teil zwei einer zweiteiligen Analyse.\n            <\/div>\n<p><\/p>\n<div class=\"Text-root Text-type_5 ArticleView-text ViewText-root \">\n<p><em>Von Alexander M\u00e4nner<\/em><\/p>\n<p><em>Teil eins finden Sie <a rel=\"nofollow noopener\" target=\"_blank\" href=\"https:\/\/freeassange.rtde.live\/international\/165269-senkt-oelpreisdeckel-westens-russlands-einnahmen\/\">hier<\/a>.<\/em><\/p>\n<p><strong>Preislimit auf russisches \u00d6l: Stand der Dinge (Teil 2)<\/strong><\/p>\n<p>Der sogenannte Preisdeckel f\u00fcr Erd\u00f6llieferungen aus Russland scheint nach mehr als drei Monaten nicht die gew\u00fcnschte Wirkung zu entfalten. Bekanntlich sollte die durch westliche L\u00e4nder verh\u00e4ngte Sanktionsma\u00dfnahme prim\u00e4r die russischen Einnahmen aus dem \u00d6lexport drastisch senken. Von diesem Ziel ist man allerdings weit entfernt.<\/p>\n<p>Dass die russischen Exporterl\u00f6se \u2013 entgegen den Erwartungen \u2013 nicht deutlicher geschrumpft sind, liegt daran, dass Russland seine Roh\u00f6llieferungen einerseits auf alternative M\u00e4rkte \u2013 wie China, Indien, und die T\u00fcrkei, wo die Preisgrenze nicht gilt \u2013 umleiten konnte und dass es andererseits sein \u00d6l nur f\u00fcr einen aus seiner Sicht annehmbaren Preis ver\u00e4u\u00dfert.<\/p>\n<p>Abgesehen von dem h\u00f6chst fragw\u00fcrdigen Eingriff in die Preisgestaltung existiert jedoch noch ein weiterer Aspekt, der f\u00fcr das Prinzip einer k\u00fcnstlichen Preisobergrenze von zentraler Bedeutung ist. Der Westen versucht n\u00e4mlich nicht nur, Russlands Finanzen zu treffen, sondern auch gleichzeitig daf\u00fcr zu sorgen, dass dennoch dringend ben\u00f6tigtes russisches \u00d6l weiterhin auf dem Weltmarkt angeboten wird. Damit soll den K\u00e4ufern eine bessere Verhandlungsgrundlage verschafft und zugleich verhindert werden, dass m\u00f6gliche Engp\u00e4sse gar zu einem extremen Anstieg der \u00d6lpreise f\u00fchren.<\/p>\n<p><strong>Ausbau des Russland-Gesch\u00e4fts auf Preislimit-Basis<\/strong><\/p>\n<p>Obwohl die Preise derzeit stabil sind, scheint sich diese westliche Strategie trotzdem nicht optimal f\u00fcr deren Initiatoren zu entwickeln. Wie aus Medienangaben hervorgeht, sollen die Vereinigten Staaten von Amerika \u2013 die \u00fcbrigens das Preislimit initiiert hatten \u2013 die Ausweitung der Lieferungen von preisbegrenztem russischem \u00d6l in Betracht ziehen und dementsprechend bereits globale Rohstoffhandelsunternehmen kontaktiert haben.<\/p>\n<p>Die\u00a0<em>Financial Times<\/em>\u00a0<a rel=\"nofollow noopener\" target=\"_blank\" href=\"https:\/\/www.ft.com\/content\/36c5367b-06f9-48e7-9867-20671665c8a7\">berichtete<\/a>\u00a0in der vergangenen Woche, dass die weltgr\u00f6\u00dften Rohstoffh\u00e4ndler von der Regierung in Washington, D.C. &#8220;aktiv dazu ermutigt&#8221; w\u00fcrden, russisches \u00d6l &#8220;wieder zu bewegen&#8221;, um die globale Versorgung sicherzustellen. Diese Erkenntnis gewann demnach ein H\u00e4ndler nach einigen Treffen mit Beamten des US-Finanzministeriums, die in der ersten M\u00e4rzwoche stattfanden und an dem unter anderem F\u00fchrungskr\u00e4fte des niederl\u00e4ndischen KonzernsTrafigura und der Genfer \u00d6lhandelsfirma Gunvor teilnahmen. Diese und andere Unternehmen, die das Russland-Gesch\u00e4ft wegen der m\u00f6glichen Gegenreaktionen seitens der \u00d6ffentlichkeit oder der Banken gemieden hatten, sollten nun ihre Rolle beim Handel mit russischem Roh\u00f6l und Kraftstoffen ausbauen, ohne jedoch dabei gegen westliche Beschr\u00e4nkungen zu versto\u00dfen, hei\u00dft es im Bericht.<\/p>\n<p>Ein Beamter der US-Regierung hat diesbez\u00fcglich mitgeteilt: &#8220;Es liegt an den einzelnen Unternehmen, ihre eigenen Entscheidungen zu treffen. Unser Ziel ist es zu kommunizieren, was im Rahmen der Preisobergrenzen-Architektur erlaubt ist.&#8221;<\/p>\n<p><strong>Folgen des\u00a0\u00d6lpreislimits f\u00fcr den Westen<\/strong><\/p>\n<p>Laut der <em>Financial Times<\/em> kam es angeblich deshalb zu diesen Treffen, weil Moskau gedroht hatte, das russische \u00d6langebot wegen der westlichen Unterst\u00fctzung f\u00fcr die Ukraine weltweit zu reduzieren. Diverse Experten sehen in Wirklichkeit jedoch einen ganz anderen Grund f\u00fcr die Beratungen: Die \u00d6lreserven im Westen sind r\u00fcckl\u00e4ufig, w\u00e4hrend China und Indien \u00d6l aus Russland in noch nie dagewesenen Mengen beziehen w\u00fcrden. Die USA hingegen w\u00fcrden m\u00f6gliche Engp\u00e4sse bef\u00fcrchten und darum versuchen, zus\u00e4tzliche Lieferungen abzugreifen.<\/p>\n<p>Elena Panina, Mitglied des Komitees f\u00fcr internationale Angelegenheiten im russischen Parlament, ist der\u00a0<a rel=\"nofollow noopener\" target=\"_blank\" href=\"https:\/\/news-front.info\/2023\/03\/10\/potolok-est-nefti-net-ssha-pytajutsja-ispravit-to-chto-natvorili\/\">Ansicht<\/a>, dass die USA und der gesamte kollektive Westen den Verlust ihres \u00dcberblicks \u00fcber den weltweiten \u00d6lhandel bef\u00fcrchten und mit dem Ausbau der Lieferungen aus Russland &#8220;die Struktur der russischen Exporte besser verstehen wollen&#8221;.<\/p>\n<p>&#8220;Der Versuch des kollektiven Westens, den globalen \u00d6lmarkt durch Richtlinien und Beschw\u00f6rungen zu regulieren, f\u00fchrte dazu, dass der Westen selbst die M\u00f6glichkeit einer Debit- und Darlehensplanung im\u00d6lsektor verlor. (&#8230;) Au\u00dferdem hat man keine Klarheit mehr dar\u00fcber, welche Exporte Russland jetzt \u00fcberhaupt t\u00e4tigt&#8221;, konstatiert die Expertin.<\/p>\n<p>In der Tat kann Russland durch den Einsatz einer\u00a0<a rel=\"nofollow noopener\" target=\"_blank\" href=\"https:\/\/www.businessinsider.de\/wirtschaft\/russland-versucht-sanktionen-zu-umgehen-doch-engpass-droht-a\/\">&#8220;Schattenflotte&#8221;<\/a>\u00a0aus alten Tankern, durch\u00a0<a rel=\"nofollow noopener\" target=\"_blank\" href=\"https:\/\/www.berliner-zeitung.de\/wirtschaft-verantwortung\/trotz-eu-embargo-und-sanktionen-wie-indien-auch-singapur-mischt-jetzt-russisches-oel-fuer-den-weiterverkauf-li.308680\">&#8220;\u00d6l-Mischungen&#8221;<\/a>\u00a0und andere Tricks die Herkunft des \u00d6ls meist geheim halten und die Sanktionen somit umgehen. Auf den M\u00e4rkten entstehen so zudem &#8220;neue&#8221; und zum Teil verdeckte Regulierungsinstrumente, die ebenfalls der Westen\u00a0<a rel=\"nofollow noopener\" target=\"_blank\" href=\"https:\/\/www.energyintel.com\/00000186-0267-dfd7-adae-aef77c0f0000\">nicht kontrollieren kann<\/a>. All das sind direkte Folgen der von den USA und ihren Partnern beschlossenen antirussischen &#8220;Strafma\u00dfnahmen&#8221;, die sich k\u00fcnftig noch weitaus negativer auf diese L\u00e4nder selbst auswirken k\u00f6nnten.<\/p>\n<p>Der voraussichtlich problematische Ausbau des Russland-Gesch\u00e4fts ist solch ein Fall. Dabei gibt es n\u00e4mlich ein Haupthindernis, das zugleich auch der Grund daf\u00fcr ist, warum man sich im Westen jetzt so plagen muss: Es ist der Preisdeckel, der den westlichen H\u00e4ndlern offenbar enorme Probleme bereitet und sie daran hindert, mit Russland Gesch\u00e4fte zu machen. Denn Russland darf aufgrund eines entsprechenden Dekretes von Wladimir Putin eben keine Vertr\u00e4ge mehr abschlie\u00dfen, die ein vom Westen diktiertes Preislimit f\u00fcr russisches \u00d6l vorsehen.<\/p>\n<p>\u00a0<strong>Mehr zum Thema<\/strong>\u00a0&#8211;\u00a0<a rel=\"nofollow noopener\" target=\"_blank\" href=\"https:\/\/kurz.rt.com\/3cir\">EU-\u00d6lpreisobergrenze k\u00f6nnte zu &#8220;heftigen&#8221; Preisanstiegen f\u00fchren<\/a><\/p>\n<\/div>\n<p><br \/>\n<br \/><a href=\"https:\/\/de.rt.com\/international\/165276-oelpreisdeckel-westens-weiterer-schuss-ins-knie\/\">Source link <\/a><\/p>\n","protected":false},"excerpt":{"rendered":"<p>Mit der Preisobergrenze auf russisches \u00d6l versucht der Westen, Russlands Exporterl\u00f6se zu senken. Gleichzeitig soll der \u00d6lpreis stabil bleiben. Das ist noch der Fall, trotzdem stellen sich f\u00fcr den Westen selbst negative Folgen ein. Teil zwei einer zweiteiligen Analyse. Von Alexander M\u00e4nner Teil eins finden Sie hier. Preislimit auf russisches \u00d6l: Stand der Dinge (Teil [&hellip;]<\/p>\n","protected":false},"author":3,"featured_media":32327,"comment_status":"open","ping_status":"open","sticky":false,"template":"","format":"standard","meta":{"_yoast_indexnow_last_ping":["1678908830"],"wp_automatic_camp":["217"],"5752427aead6c4be8ffaf13cfdfd651a":["Der \u00d6lpreisdeckel des Westens \u2013 ein weiterer Schuss ins eigene Knie?"],"original_link":["https:\/\/de.rt.com\/international\/165276-oelpreisdeckel-westens-weiterer-schuss-ins-knie\/"],"_thumbnail_id":["32327"],"_wptgpro_p2tg_sent2tg":["a:1:{i:23737;s:19:\"2023-03-15 21:35:21\";}"],"jnews_social_counter_last_update":["1777146730"]},"categories":[19,23],"tags":[82,583,20241,357,1678,25029,33429,19419,4012,3117],"yoast_head":"<!-- This site is optimized with the Yoast SEO Premium plugin v22.7 (Yoast SEO v22.7) - https:\/\/yoast.com\/wordpress\/plugins\/seo\/ -->\n<title>Der \u00d6lpreisdeckel des Westens \u2013 ein weiterer Schuss ins eigene Knie? - just-now.NEWS Deutschland<\/title>\n<meta name=\"robots\" content=\"index, follow, max-snippet:-1, max-image-preview:large, max-video-preview:-1\" \/>\n<link rel=\"canonical\" href=\"https:\/\/now-news.de\/de\/deutschland\/der-oelpreisdeckel-des-westens-ein-weiterer-schuss-ins-eigene-knie\/\" \/>\n<meta property=\"og:locale\" content=\"de_DE\" \/>\n<meta property=\"og:type\" content=\"article\" \/>\n<meta property=\"og:title\" content=\"Der \u00d6lpreisdeckel des Westens \u2013 ein weiterer Schuss ins eigene Knie?\" \/>\n<meta property=\"og:description\" content=\"Mit der Preisobergrenze auf russisches \u00d6l versucht der Westen, Russlands Exporterl\u00f6se zu senken. Gleichzeitig soll der \u00d6lpreis stabil bleiben. Das ist noch der Fall, trotzdem stellen sich f\u00fcr den Westen selbst negative Folgen ein. Teil zwei einer zweiteiligen Analyse. Von Alexander M\u00e4nner Teil eins finden Sie hier. Preislimit auf russisches \u00d6l: Stand der Dinge (Teil [&hellip;]\" \/>\n<meta property=\"og:url\" content=\"https:\/\/now-news.de\/de\/deutschland\/der-oelpreisdeckel-des-westens-ein-weiterer-schuss-ins-eigene-knie\/\" \/>\n<meta property=\"og:site_name\" content=\"just-now.NEWS Deutschland\" \/>\n<meta property=\"article:publisher\" content=\"https:\/\/www.facebook.com\/wirmachenauf\" \/>\n<meta property=\"article:published_time\" content=\"2023-03-15T19:27:28+00:00\" \/>\n<meta property=\"og:image\" content=\"https:\/\/now-news.de\/de\/wp-content\/uploads\/sites\/3\/2023\/03\/Der-Oelpreisdeckel-des-Westens-\u2013-ein-weiterer-Schuss-ins-eigene.jpg\" \/>\n\t<meta property=\"og:image:width\" content=\"460\" \/>\n\t<meta property=\"og:image:height\" content=\"259\" \/>\n\t<meta property=\"og:image:type\" content=\"image\/jpeg\" \/>\n<meta name=\"author\" content=\"rtnews\" \/>\n<meta name=\"twitter:card\" content=\"summary_large_image\" \/>\n<meta name=\"twitter:creator\" content=\"@WirMachenAuf_de\" \/>\n<meta name=\"twitter:site\" content=\"@WirMachenAuf_de\" \/>\n<meta name=\"twitter:label1\" content=\"Verfasst von\" \/>\n\t<meta name=\"twitter:data1\" content=\"rtnews\" \/>\n\t<meta name=\"twitter:label2\" content=\"Gesch\u00e4tzte Lesezeit\" \/>\n\t<meta name=\"twitter:data2\" content=\"4\u00a0Minuten\" \/>\n<script type=\"application\/ld+json\" class=\"yoast-schema-graph\">{\"@context\":\"https:\/\/schema.org\",\"@graph\":[{\"@type\":\"Article\",\"@id\":\"https:\/\/now-news.de\/de\/deutschland\/der-oelpreisdeckel-des-westens-ein-weiterer-schuss-ins-eigene-knie\/#article\",\"isPartOf\":{\"@id\":\"https:\/\/now-news.de\/de\/deutschland\/der-oelpreisdeckel-des-westens-ein-weiterer-schuss-ins-eigene-knie\/\"},\"author\":{\"name\":\"rtnews\",\"@id\":\"https:\/\/now-news.de\/de\/#\/schema\/person\/fb534a4e865501d8b3285208df34a9b5\"},\"headline\":\"Der \u00d6lpreisdeckel des Westens \u2013 ein weiterer Schuss ins eigene Knie?\",\"datePublished\":\"2023-03-15T19:27:28+00:00\",\"dateModified\":\"2023-03-15T19:27:28+00:00\",\"mainEntityOfPage\":{\"@id\":\"https:\/\/now-news.de\/de\/deutschland\/der-oelpreisdeckel-des-westens-ein-weiterer-schuss-ins-eigene-knie\/\"},\"wordCount\":855,\"commentCount\":0,\"publisher\":{\"@id\":\"https:\/\/now-news.de\/de\/#organization\"},\"image\":{\"@id\":\"https:\/\/now-news.de\/de\/deutschland\/der-oelpreisdeckel-des-westens-ein-weiterer-schuss-ins-eigene-knie\/#primaryimage\"},\"thumbnailUrl\":\"https:\/\/now-news.de\/de\/wp-content\/uploads\/sites\/3\/2023\/03\/Der-Oelpreisdeckel-des-Westens-\u2013-ein-weiterer-Schuss-ins-eigene.jpg\",\"keywords\":[\"der\",\"des\",\"eigene\",\"ein\",\"ins\",\"Knie\",\"\u00d6lpreisdeckel\",\"Schuss\",\"weiterer\",\"Westens\"],\"articleSection\":[\"Deutschland\",\"Russland\"],\"inLanguage\":\"de\",\"potentialAction\":[{\"@type\":\"CommentAction\",\"name\":\"Comment\",\"target\":[\"https:\/\/now-news.de\/de\/deutschland\/der-oelpreisdeckel-des-westens-ein-weiterer-schuss-ins-eigene-knie\/#respond\"]}]},{\"@type\":\"WebPage\",\"@id\":\"https:\/\/now-news.de\/de\/deutschland\/der-oelpreisdeckel-des-westens-ein-weiterer-schuss-ins-eigene-knie\/\",\"url\":\"https:\/\/now-news.de\/de\/deutschland\/der-oelpreisdeckel-des-westens-ein-weiterer-schuss-ins-eigene-knie\/\",\"name\":\"Der \u00d6lpreisdeckel des Westens \u2013 ein weiterer Schuss ins eigene Knie? - just-now.NEWS Deutschland\",\"isPartOf\":{\"@id\":\"https:\/\/now-news.de\/de\/#website\"},\"primaryImageOfPage\":{\"@id\":\"https:\/\/now-news.de\/de\/deutschland\/der-oelpreisdeckel-des-westens-ein-weiterer-schuss-ins-eigene-knie\/#primaryimage\"},\"image\":{\"@id\":\"https:\/\/now-news.de\/de\/deutschland\/der-oelpreisdeckel-des-westens-ein-weiterer-schuss-ins-eigene-knie\/#primaryimage\"},\"thumbnailUrl\":\"https:\/\/now-news.de\/de\/wp-content\/uploads\/sites\/3\/2023\/03\/Der-Oelpreisdeckel-des-Westens-\u2013-ein-weiterer-Schuss-ins-eigene.jpg\",\"datePublished\":\"2023-03-15T19:27:28+00:00\",\"dateModified\":\"2023-03-15T19:27:28+00:00\",\"breadcrumb\":{\"@id\":\"https:\/\/now-news.de\/de\/deutschland\/der-oelpreisdeckel-des-westens-ein-weiterer-schuss-ins-eigene-knie\/#breadcrumb\"},\"inLanguage\":\"de\",\"potentialAction\":[{\"@type\":\"ReadAction\",\"target\":[\"https:\/\/now-news.de\/de\/deutschland\/der-oelpreisdeckel-des-westens-ein-weiterer-schuss-ins-eigene-knie\/\"]}]},{\"@type\":\"ImageObject\",\"inLanguage\":\"de\",\"@id\":\"https:\/\/now-news.de\/de\/deutschland\/der-oelpreisdeckel-des-westens-ein-weiterer-schuss-ins-eigene-knie\/#primaryimage\",\"url\":\"https:\/\/now-news.de\/de\/wp-content\/uploads\/sites\/3\/2023\/03\/Der-Oelpreisdeckel-des-Westens-\u2013-ein-weiterer-Schuss-ins-eigene.jpg\",\"contentUrl\":\"https:\/\/now-news.de\/de\/wp-content\/uploads\/sites\/3\/2023\/03\/Der-Oelpreisdeckel-des-Westens-\u2013-ein-weiterer-Schuss-ins-eigene.jpg\",\"width\":460,\"height\":259,\"caption\":\"Der \u00d6lpreisdeckel des Westens \u2013 ein weiterer Schuss ins eigene Knie?\"},{\"@type\":\"BreadcrumbList\",\"@id\":\"https:\/\/now-news.de\/de\/deutschland\/der-oelpreisdeckel-des-westens-ein-weiterer-schuss-ins-eigene-knie\/#breadcrumb\",\"itemListElement\":[{\"@type\":\"ListItem\",\"position\":1,\"name\":\"Home\",\"item\":\"https:\/\/now-news.de\/de\/\"},{\"@type\":\"ListItem\",\"position\":2,\"name\":\"Der \u00d6lpreisdeckel des Westens \u2013 ein weiterer Schuss ins eigene Knie?\"}]},{\"@type\":\"WebSite\",\"@id\":\"https:\/\/now-news.de\/de\/#website\",\"url\":\"https:\/\/now-news.de\/de\/\",\"name\":\"just-now.NEWS Deutschland\",\"description\":\"Das Portal f\u00fcr unzensierte Nachrichten aus der Welt\",\"publisher\":{\"@id\":\"https:\/\/now-news.de\/de\/#organization\"},\"potentialAction\":[{\"@type\":\"SearchAction\",\"target\":{\"@type\":\"EntryPoint\",\"urlTemplate\":\"https:\/\/now-news.de\/de\/?s={search_term_string}\"},\"query-input\":\"required name=search_term_string\"}],\"inLanguage\":\"de\"},{\"@type\":\"Organization\",\"@id\":\"https:\/\/now-news.de\/de\/#organization\",\"name\":\"Just Now News\",\"url\":\"https:\/\/now-news.de\/de\/\",\"logo\":{\"@type\":\"ImageObject\",\"inLanguage\":\"de\",\"@id\":\"https:\/\/now-news.de\/de\/#\/schema\/logo\/image\/\",\"url\":\"http:\/\/just-now.news\/de\/wp-content\/uploads\/sites\/3\/2022\/04\/logo500x500.jpg\",\"contentUrl\":\"http:\/\/just-now.news\/de\/wp-content\/uploads\/sites\/3\/2022\/04\/logo500x500.jpg\",\"width\":500,\"height\":500,\"caption\":\"Just Now News\"},\"image\":{\"@id\":\"https:\/\/now-news.de\/de\/#\/schema\/logo\/image\/\"},\"sameAs\":[\"https:\/\/www.facebook.com\/wirmachenauf\",\"https:\/\/x.com\/WirMachenAuf_de\"]},{\"@type\":\"Person\",\"@id\":\"https:\/\/now-news.de\/de\/#\/schema\/person\/fb534a4e865501d8b3285208df34a9b5\",\"name\":\"rtnews\",\"image\":{\"@type\":\"ImageObject\",\"inLanguage\":\"de\",\"@id\":\"https:\/\/now-news.de\/de\/#\/schema\/person\/image\/\",\"url\":\"https:\/\/secure.gravatar.com\/avatar\/82aafea7d8127119dd649515f56e2117?s=96&d=mm&r=g\",\"contentUrl\":\"https:\/\/secure.gravatar.com\/avatar\/82aafea7d8127119dd649515f56e2117?s=96&d=mm&r=g\",\"caption\":\"rtnews\"},\"url\":\"https:\/\/now-news.de\/de\/author\/rnews\/\"}]}<\/script>\n<!-- \/ Yoast SEO Premium plugin. -->","yoast_head_json":{"title":"Der \u00d6lpreisdeckel des Westens \u2013 ein weiterer Schuss ins eigene Knie? - just-now.NEWS Deutschland","robots":{"index":"index","follow":"follow","max-snippet":"max-snippet:-1","max-image-preview":"max-image-preview:large","max-video-preview":"max-video-preview:-1"},"canonical":"https:\/\/now-news.de\/de\/deutschland\/der-oelpreisdeckel-des-westens-ein-weiterer-schuss-ins-eigene-knie\/","og_locale":"de_DE","og_type":"article","og_title":"Der \u00d6lpreisdeckel des Westens \u2013 ein weiterer Schuss ins eigene Knie?","og_description":"Mit der Preisobergrenze auf russisches \u00d6l versucht der Westen, Russlands Exporterl\u00f6se zu senken. Gleichzeitig soll der \u00d6lpreis stabil bleiben. Das ist noch der Fall, trotzdem stellen sich f\u00fcr den Westen selbst negative Folgen ein. Teil zwei einer zweiteiligen Analyse. Von Alexander M\u00e4nner Teil eins finden Sie hier. Preislimit auf russisches \u00d6l: Stand der Dinge (Teil [&hellip;]","og_url":"https:\/\/now-news.de\/de\/deutschland\/der-oelpreisdeckel-des-westens-ein-weiterer-schuss-ins-eigene-knie\/","og_site_name":"just-now.NEWS Deutschland","article_publisher":"https:\/\/www.facebook.com\/wirmachenauf","article_published_time":"2023-03-15T19:27:28+00:00","og_image":[{"width":460,"height":259,"url":"https:\/\/now-news.de\/de\/wp-content\/uploads\/sites\/3\/2023\/03\/Der-Oelpreisdeckel-des-Westens-\u2013-ein-weiterer-Schuss-ins-eigene.jpg","type":"image\/jpeg"}],"author":"rtnews","twitter_card":"summary_large_image","twitter_creator":"@WirMachenAuf_de","twitter_site":"@WirMachenAuf_de","twitter_misc":{"Verfasst von":"rtnews","Gesch\u00e4tzte Lesezeit":"4\u00a0Minuten"},"schema":{"@context":"https:\/\/schema.org","@graph":[{"@type":"Article","@id":"https:\/\/now-news.de\/de\/deutschland\/der-oelpreisdeckel-des-westens-ein-weiterer-schuss-ins-eigene-knie\/#article","isPartOf":{"@id":"https:\/\/now-news.de\/de\/deutschland\/der-oelpreisdeckel-des-westens-ein-weiterer-schuss-ins-eigene-knie\/"},"author":{"name":"rtnews","@id":"https:\/\/now-news.de\/de\/#\/schema\/person\/fb534a4e865501d8b3285208df34a9b5"},"headline":"Der \u00d6lpreisdeckel des Westens \u2013 ein weiterer Schuss ins eigene Knie?","datePublished":"2023-03-15T19:27:28+00:00","dateModified":"2023-03-15T19:27:28+00:00","mainEntityOfPage":{"@id":"https:\/\/now-news.de\/de\/deutschland\/der-oelpreisdeckel-des-westens-ein-weiterer-schuss-ins-eigene-knie\/"},"wordCount":855,"commentCount":0,"publisher":{"@id":"https:\/\/now-news.de\/de\/#organization"},"image":{"@id":"https:\/\/now-news.de\/de\/deutschland\/der-oelpreisdeckel-des-westens-ein-weiterer-schuss-ins-eigene-knie\/#primaryimage"},"thumbnailUrl":"https:\/\/now-news.de\/de\/wp-content\/uploads\/sites\/3\/2023\/03\/Der-Oelpreisdeckel-des-Westens-\u2013-ein-weiterer-Schuss-ins-eigene.jpg","keywords":["der","des","eigene","ein","ins","Knie","\u00d6lpreisdeckel","Schuss","weiterer","Westens"],"articleSection":["Deutschland","Russland"],"inLanguage":"de","potentialAction":[{"@type":"CommentAction","name":"Comment","target":["https:\/\/now-news.de\/de\/deutschland\/der-oelpreisdeckel-des-westens-ein-weiterer-schuss-ins-eigene-knie\/#respond"]}]},{"@type":"WebPage","@id":"https:\/\/now-news.de\/de\/deutschland\/der-oelpreisdeckel-des-westens-ein-weiterer-schuss-ins-eigene-knie\/","url":"https:\/\/now-news.de\/de\/deutschland\/der-oelpreisdeckel-des-westens-ein-weiterer-schuss-ins-eigene-knie\/","name":"Der \u00d6lpreisdeckel des Westens \u2013 ein weiterer Schuss ins eigene Knie? - just-now.NEWS Deutschland","isPartOf":{"@id":"https:\/\/now-news.de\/de\/#website"},"primaryImageOfPage":{"@id":"https:\/\/now-news.de\/de\/deutschland\/der-oelpreisdeckel-des-westens-ein-weiterer-schuss-ins-eigene-knie\/#primaryimage"},"image":{"@id":"https:\/\/now-news.de\/de\/deutschland\/der-oelpreisdeckel-des-westens-ein-weiterer-schuss-ins-eigene-knie\/#primaryimage"},"thumbnailUrl":"https:\/\/now-news.de\/de\/wp-content\/uploads\/sites\/3\/2023\/03\/Der-Oelpreisdeckel-des-Westens-\u2013-ein-weiterer-Schuss-ins-eigene.jpg","datePublished":"2023-03-15T19:27:28+00:00","dateModified":"2023-03-15T19:27:28+00:00","breadcrumb":{"@id":"https:\/\/now-news.de\/de\/deutschland\/der-oelpreisdeckel-des-westens-ein-weiterer-schuss-ins-eigene-knie\/#breadcrumb"},"inLanguage":"de","potentialAction":[{"@type":"ReadAction","target":["https:\/\/now-news.de\/de\/deutschland\/der-oelpreisdeckel-des-westens-ein-weiterer-schuss-ins-eigene-knie\/"]}]},{"@type":"ImageObject","inLanguage":"de","@id":"https:\/\/now-news.de\/de\/deutschland\/der-oelpreisdeckel-des-westens-ein-weiterer-schuss-ins-eigene-knie\/#primaryimage","url":"https:\/\/now-news.de\/de\/wp-content\/uploads\/sites\/3\/2023\/03\/Der-Oelpreisdeckel-des-Westens-\u2013-ein-weiterer-Schuss-ins-eigene.jpg","contentUrl":"https:\/\/now-news.de\/de\/wp-content\/uploads\/sites\/3\/2023\/03\/Der-Oelpreisdeckel-des-Westens-\u2013-ein-weiterer-Schuss-ins-eigene.jpg","width":460,"height":259,"caption":"Der \u00d6lpreisdeckel des Westens \u2013 ein weiterer Schuss ins eigene Knie?"},{"@type":"BreadcrumbList","@id":"https:\/\/now-news.de\/de\/deutschland\/der-oelpreisdeckel-des-westens-ein-weiterer-schuss-ins-eigene-knie\/#breadcrumb","itemListElement":[{"@type":"ListItem","position":1,"name":"Home","item":"https:\/\/now-news.de\/de\/"},{"@type":"ListItem","position":2,"name":"Der \u00d6lpreisdeckel des Westens \u2013 ein weiterer Schuss ins eigene Knie?"}]},{"@type":"WebSite","@id":"https:\/\/now-news.de\/de\/#website","url":"https:\/\/now-news.de\/de\/","name":"just-now.NEWS Deutschland","description":"Das Portal f\u00fcr unzensierte Nachrichten aus der Welt","publisher":{"@id":"https:\/\/now-news.de\/de\/#organization"},"potentialAction":[{"@type":"SearchAction","target":{"@type":"EntryPoint","urlTemplate":"https:\/\/now-news.de\/de\/?s={search_term_string}"},"query-input":"required name=search_term_string"}],"inLanguage":"de"},{"@type":"Organization","@id":"https:\/\/now-news.de\/de\/#organization","name":"Just Now News","url":"https:\/\/now-news.de\/de\/","logo":{"@type":"ImageObject","inLanguage":"de","@id":"https:\/\/now-news.de\/de\/#\/schema\/logo\/image\/","url":"http:\/\/just-now.news\/de\/wp-content\/uploads\/sites\/3\/2022\/04\/logo500x500.jpg","contentUrl":"http:\/\/just-now.news\/de\/wp-content\/uploads\/sites\/3\/2022\/04\/logo500x500.jpg","width":500,"height":500,"caption":"Just Now News"},"image":{"@id":"https:\/\/now-news.de\/de\/#\/schema\/logo\/image\/"},"sameAs":["https:\/\/www.facebook.com\/wirmachenauf","https:\/\/x.com\/WirMachenAuf_de"]},{"@type":"Person","@id":"https:\/\/now-news.de\/de\/#\/schema\/person\/fb534a4e865501d8b3285208df34a9b5","name":"rtnews","image":{"@type":"ImageObject","inLanguage":"de","@id":"https:\/\/now-news.de\/de\/#\/schema\/person\/image\/","url":"https:\/\/secure.gravatar.com\/avatar\/82aafea7d8127119dd649515f56e2117?s=96&d=mm&r=g","contentUrl":"https:\/\/secure.gravatar.com\/avatar\/82aafea7d8127119dd649515f56e2117?s=96&d=mm&r=g","caption":"rtnews"},"url":"https:\/\/now-news.de\/de\/author\/rnews\/"}]}},"_links":{"self":[{"href":"https:\/\/now-news.de\/de\/wp-json\/wp\/v2\/posts\/32326"}],"collection":[{"href":"https:\/\/now-news.de\/de\/wp-json\/wp\/v2\/posts"}],"about":[{"href":"https:\/\/now-news.de\/de\/wp-json\/wp\/v2\/types\/post"}],"author":[{"embeddable":true,"href":"https:\/\/now-news.de\/de\/wp-json\/wp\/v2\/users\/3"}],"replies":[{"embeddable":true,"href":"https:\/\/now-news.de\/de\/wp-json\/wp\/v2\/comments?post=32326"}],"version-history":[{"count":0,"href":"https:\/\/now-news.de\/de\/wp-json\/wp\/v2\/posts\/32326\/revisions"}],"wp:featuredmedia":[{"embeddable":true,"href":"https:\/\/now-news.de\/de\/wp-json\/wp\/v2\/media\/32327"}],"wp:attachment":[{"href":"https:\/\/now-news.de\/de\/wp-json\/wp\/v2\/media?parent=32326"}],"wp:term":[{"taxonomy":"category","embeddable":true,"href":"https:\/\/now-news.de\/de\/wp-json\/wp\/v2\/categories?post=32326"},{"taxonomy":"post_tag","embeddable":true,"href":"https:\/\/now-news.de\/de\/wp-json\/wp\/v2\/tags?post=32326"}],"curies":[{"name":"wp","href":"https:\/\/api.w.org\/{rel}","templated":true}]}}