{"id":32303,"date":"2023-03-15T17:01:00","date_gmt":"2023-03-15T15:01:00","guid":{"rendered":"https:\/\/just-now.news\/de\/deutschland\/saudi-arabien-lehnt-preisdeckel-fuer-sein-erdoel-ab-keine-lieferungen-an-anwender-dieser-regelierung\/"},"modified":"2023-03-15T17:01:00","modified_gmt":"2023-03-15T15:01:00","slug":"saudi-arabien-lehnt-preisdeckel-fuer-sein-erdoel-ab-keine-lieferungen-an-anwender-dieser-regelierung","status":"publish","type":"post","link":"https:\/\/now-news.de\/de\/deutschland\/saudi-arabien-lehnt-preisdeckel-fuer-sein-erdoel-ab-keine-lieferungen-an-anwender-dieser-regelierung\/","title":{"rendered":"Saudi-Arabien lehnt Preisdeckel f\u00fcr sein Erd\u00f6l ab: Keine Lieferungen an Anwender dieser Regelierung"},"content":{"rendered":"<p><img decoding=\"async\" src=\"http:\/\/just-now.news\/de\/wp-content\/uploads\/sites\/3\/2023\/03\/6411b3d0b480cc760452585a.jpg\" \/><\/p>\n<div class=\"Text-root Text-type_1 \">\n                Nachdem die G7-Staaten und die EU beschlossen haben, den Preis f\u00fcr Erd\u00f6l aus Russland zu deckeln, bef\u00fcrchtet Saudi-Arabien, dass die Strafma\u00dfnahme in Zukunft auch auf andere Erd\u00f6lproduzenten erweitert werden k\u00f6nnte. Riad sieht negative Folgen f\u00fcr den globalen Markt.\n            <\/div>\n<p><\/p>\n<div class=\"Text-root Text-type_5 ArticleView-text ViewText-root \">\n<p>Der saudische Energieminister Abdulaziz bin Salman Al Saud hat am Dienstag in einem Interview die grunds\u00e4tzliche Haltung der Golf-Monarchie gegen\u00fcber einer Preisdeckelung f\u00fcr Erd\u00f6l aus Saudi-Arabien bekannt gegeben. Im Gespr\u00e4ch mit dem Fachmedium <em>Energy Intelligence<\/em>\u00a0<a rel=\"nofollow noopener\" target=\"_blank\" href=\"https:\/\/www.energyintel.com\/00000186-e11b-d0fe-a7ae-e51ffa6a0000\">sagte<\/a> der Minister:<\/p>\n<blockquote>\n<p><em>&#8220;Wir werden keinem Land, das den Preis f\u00fcr unsere Lieferungen deckelt, Roh\u00f6l verkaufen. Wir werden die Produktion drosseln.&#8221;<\/em><\/p>\n<\/blockquote>\n<p>Andere L\u00e4nder w\u00fcrden in diesem Fall dasselbe tun, sagte der Prinz mit Blick auf die Entscheidung der G7-Staaten und der EU, den Preis f\u00fcr Erd\u00f6l aus Russland als Strafma\u00dfnahme wegen des Ukraine-Kriegs zu deckeln.<\/p>\n<p>Der ranghohe Regierungsvertreter ging ferner auf einen US-Gesetzentwurf gegen Erd\u00f6lkartelle ein. Der sogenannte No Oil Producing and Exporting Cartels Act (NOPEC) k\u00f6nnte im Fall seiner Verabschiedung Antimonopolklagen gegen die Mitglieder und Partner der Organisation Erd\u00f6l exportierender L\u00e4nder (OPEC) erlauben, um die Preise nach unten zu dr\u00fccken. Prinz Abdulaziz zufolge w\u00fcrde dies die Branche mit \u00e4hnlichen Auswirkungen konfrontieren.<\/p>\n<blockquote>\n<p><em>&#8220;Solche Strategien f\u00fcgen neue Risikoebenen und Ungewissheit in einer Zeit hinzu, in der Klarheit und Stabilit\u00e4t besonders ben\u00f6tigt werden.&#8221;<\/em><\/p>\n<\/blockquote>\n<p>Sollten \u00e4hnliche Restriktionen erweitert werden, w\u00fcrde dies das Gleichgewicht auf dem Markt st\u00f6ren. Betroffen w\u00e4ren sowohl Exporteure als auch\u00a0Importeure weltweit, prognostizierte der k\u00f6nigliche Minister.\u00a0<\/p>\n<blockquote>\n<p><em>&#8220;Der NOPEC w\u00fcrde auch die Investitionen in die Kapazit\u00e4ten der Erd\u00f6lbranche untergraben und dazu f\u00fchren, dass das globale Angebot stark unter der k\u00fcnftigen Nachfrage liegen w\u00fcrde.&#8221;<\/em><\/p>\n<\/blockquote>\n<p>Der Preisdeckel f\u00fcr Erd\u00f6l aus Russland war Ende Dezember 2022 in Kraft getreten. Die G7-Staaten, die EU und Australien stimmten dem Maximalbetrag von 60 US-Dollar pro Barrel zu. Damit wollten die Anwender des Preisdeckels die russischen Einnahmen aus dem \u00d6lgesch\u00e4ft reduzieren und die Finanzierung der Kampfhandlungen in der Ukraine schwieriger machen. Russland k\u00fcndigte einen Lieferboykott f\u00fcr die Staaten an, die an der Preisdeckelung teilnehmen w\u00fcrden. Die Regierung in Moskau bezeichnete die Strafma\u00dfnahme als gef\u00e4hrlich, da sie Unsicherheiten sch\u00fcren und die Kosten f\u00fcr Rohstoffe in die H\u00f6he treiben k\u00f6nnte.<\/p>\n<p><strong>Mehr zum Thema<\/strong> \u2013 <a rel=\"nofollow noopener\" target=\"_blank\" href=\"https:\/\/de.rt.com\/international\/165269-senkt-oelpreisdeckel-westens-russlands-einnahmen\/\">Der \u00d6lpreisdeckel des Westens \u2013 sinken Russlands Einnahmen?<\/a><\/p>\n<\/div>\n<p><br \/>\n<br \/><a href=\"https:\/\/de.rt.com\/wirtschaft\/165386-saudi-arabien-lehnt-preisdeckelung-fuer-sein-erdoel-ab\/\">Source link <\/a><\/p>\n","protected":false},"excerpt":{"rendered":"<p>Nachdem die G7-Staaten und die EU beschlossen haben, den Preis f\u00fcr Erd\u00f6l aus Russland zu deckeln, bef\u00fcrchtet Saudi-Arabien, dass die Strafma\u00dfnahme in Zukunft auch auf andere Erd\u00f6lproduzenten erweitert werden k\u00f6nnte. Riad sieht negative Folgen f\u00fcr den globalen Markt. Der saudische Energieminister Abdulaziz bin Salman Al Saud hat am Dienstag in einem Interview die grunds\u00e4tzliche Haltung [&hellip;]<\/p>\n","protected":false},"author":3,"featured_media":32304,"comment_status":"open","ping_status":"open","sticky":false,"template":"","format":"standard","meta":{"_yoast_indexnow_last_ping":["1678893415"],"wp_automatic_camp":["217"],"c4d40c601538204deff3f897f80a5f24":["Saudi-Arabien lehnt Preisdeckel f\u00fcr sein Erd\u00f6l ab: Keine Lieferungen an Anwender dieser Regelierung"],"original_link":["https:\/\/de.rt.com\/wirtschaft\/165386-saudi-arabien-lehnt-preisdeckelung-fuer-sein-erdoel-ab\/"],"_thumbnail_id":["32304"],"_wptgpro_p2tg_sent2tg":["a:1:{i:23737;s:19:\"2023-03-15 17:18:07\";}"],"jnews_social_counter_last_update":["1777676921"]},"categories":[19,23],"tags":[42011,19483,18763,221,375,2034,22986,32156,42012,437,3950],"yoast_head":"<!-- This site is optimized with the Yoast SEO Premium plugin v22.7 (Yoast SEO v22.7) - https:\/\/yoast.com\/wordpress\/plugins\/seo\/ -->\n<title>Saudi-Arabien lehnt Preisdeckel f\u00fcr sein Erd\u00f6l ab: Keine Lieferungen an Anwender dieser Regelierung - just-now.NEWS Deutschland<\/title>\n<meta name=\"robots\" content=\"index, follow, max-snippet:-1, max-image-preview:large, max-video-preview:-1\" \/>\n<link rel=\"canonical\" href=\"https:\/\/now-news.de\/de\/deutschland\/saudi-arabien-lehnt-preisdeckel-fuer-sein-erdoel-ab-keine-lieferungen-an-anwender-dieser-regelierung\/\" \/>\n<meta property=\"og:locale\" content=\"de_DE\" \/>\n<meta property=\"og:type\" content=\"article\" \/>\n<meta property=\"og:title\" content=\"Saudi-Arabien lehnt Preisdeckel f\u00fcr sein Erd\u00f6l ab: Keine Lieferungen an Anwender dieser Regelierung\" \/>\n<meta property=\"og:description\" content=\"Nachdem die G7-Staaten und die EU beschlossen haben, den Preis f\u00fcr Erd\u00f6l aus Russland zu deckeln, bef\u00fcrchtet Saudi-Arabien, dass die Strafma\u00dfnahme in Zukunft auch auf andere Erd\u00f6lproduzenten erweitert werden k\u00f6nnte. Riad sieht negative Folgen f\u00fcr den globalen Markt. Der saudische Energieminister Abdulaziz bin Salman Al Saud hat am Dienstag in einem Interview die grunds\u00e4tzliche Haltung [&hellip;]\" \/>\n<meta property=\"og:url\" content=\"https:\/\/now-news.de\/de\/deutschland\/saudi-arabien-lehnt-preisdeckel-fuer-sein-erdoel-ab-keine-lieferungen-an-anwender-dieser-regelierung\/\" \/>\n<meta property=\"og:site_name\" content=\"just-now.NEWS Deutschland\" \/>\n<meta property=\"article:publisher\" content=\"https:\/\/www.facebook.com\/wirmachenauf\" \/>\n<meta property=\"article:published_time\" content=\"2023-03-15T15:01:00+00:00\" \/>\n<meta property=\"og:image\" content=\"https:\/\/now-news.de\/de\/wp-content\/uploads\/sites\/3\/2023\/03\/Saudi-Arabien-lehnt-Preisdeckel-fuer-sein-Erdoel-ab-Keine-Lieferungen-an.jpg\" \/>\n\t<meta property=\"og:image:width\" content=\"460\" \/>\n\t<meta property=\"og:image:height\" content=\"259\" \/>\n\t<meta property=\"og:image:type\" content=\"image\/jpeg\" \/>\n<meta name=\"author\" content=\"rtnews\" \/>\n<meta name=\"twitter:card\" content=\"summary_large_image\" \/>\n<meta name=\"twitter:creator\" content=\"@WirMachenAuf_de\" \/>\n<meta name=\"twitter:site\" content=\"@WirMachenAuf_de\" \/>\n<meta name=\"twitter:label1\" content=\"Verfasst von\" \/>\n\t<meta name=\"twitter:data1\" content=\"rtnews\" \/>\n\t<meta name=\"twitter:label2\" content=\"Gesch\u00e4tzte Lesezeit\" \/>\n\t<meta name=\"twitter:data2\" content=\"2\u00a0Minuten\" \/>\n<script type=\"application\/ld+json\" class=\"yoast-schema-graph\">{\"@context\":\"https:\/\/schema.org\",\"@graph\":[{\"@type\":\"Article\",\"@id\":\"https:\/\/now-news.de\/de\/deutschland\/saudi-arabien-lehnt-preisdeckel-fuer-sein-erdoel-ab-keine-lieferungen-an-anwender-dieser-regelierung\/#article\",\"isPartOf\":{\"@id\":\"https:\/\/now-news.de\/de\/deutschland\/saudi-arabien-lehnt-preisdeckel-fuer-sein-erdoel-ab-keine-lieferungen-an-anwender-dieser-regelierung\/\"},\"author\":{\"name\":\"rtnews\",\"@id\":\"https:\/\/now-news.de\/de\/#\/schema\/person\/fb534a4e865501d8b3285208df34a9b5\"},\"headline\":\"Saudi-Arabien lehnt Preisdeckel f\u00fcr sein Erd\u00f6l ab: Keine Lieferungen an Anwender dieser Regelierung\",\"datePublished\":\"2023-03-15T15:01:00+00:00\",\"dateModified\":\"2023-03-15T15:01:00+00:00\",\"mainEntityOfPage\":{\"@id\":\"https:\/\/now-news.de\/de\/deutschland\/saudi-arabien-lehnt-preisdeckel-fuer-sein-erdoel-ab-keine-lieferungen-an-anwender-dieser-regelierung\/\"},\"wordCount\":422,\"commentCount\":0,\"publisher\":{\"@id\":\"https:\/\/now-news.de\/de\/#organization\"},\"image\":{\"@id\":\"https:\/\/now-news.de\/de\/deutschland\/saudi-arabien-lehnt-preisdeckel-fuer-sein-erdoel-ab-keine-lieferungen-an-anwender-dieser-regelierung\/#primaryimage\"},\"thumbnailUrl\":\"https:\/\/now-news.de\/de\/wp-content\/uploads\/sites\/3\/2023\/03\/Saudi-Arabien-lehnt-Preisdeckel-fuer-sein-Erdoel-ab-Keine-Lieferungen-an.jpg\",\"keywords\":[\"Anwender\",\"dieser\",\"Erd\u00f6l\",\"f\u00fcr\",\"keine\",\"lehnt\",\"Lieferungen\",\"Preisdeckel\",\"Regelierung\",\"SaudiArabien\",\"sein\"],\"articleSection\":[\"Deutschland\",\"Russland\"],\"inLanguage\":\"de\",\"potentialAction\":[{\"@type\":\"CommentAction\",\"name\":\"Comment\",\"target\":[\"https:\/\/now-news.de\/de\/deutschland\/saudi-arabien-lehnt-preisdeckel-fuer-sein-erdoel-ab-keine-lieferungen-an-anwender-dieser-regelierung\/#respond\"]}]},{\"@type\":\"WebPage\",\"@id\":\"https:\/\/now-news.de\/de\/deutschland\/saudi-arabien-lehnt-preisdeckel-fuer-sein-erdoel-ab-keine-lieferungen-an-anwender-dieser-regelierung\/\",\"url\":\"https:\/\/now-news.de\/de\/deutschland\/saudi-arabien-lehnt-preisdeckel-fuer-sein-erdoel-ab-keine-lieferungen-an-anwender-dieser-regelierung\/\",\"name\":\"Saudi-Arabien lehnt Preisdeckel f\u00fcr sein Erd\u00f6l ab: Keine Lieferungen an Anwender dieser Regelierung - just-now.NEWS Deutschland\",\"isPartOf\":{\"@id\":\"https:\/\/now-news.de\/de\/#website\"},\"primaryImageOfPage\":{\"@id\":\"https:\/\/now-news.de\/de\/deutschland\/saudi-arabien-lehnt-preisdeckel-fuer-sein-erdoel-ab-keine-lieferungen-an-anwender-dieser-regelierung\/#primaryimage\"},\"image\":{\"@id\":\"https:\/\/now-news.de\/de\/deutschland\/saudi-arabien-lehnt-preisdeckel-fuer-sein-erdoel-ab-keine-lieferungen-an-anwender-dieser-regelierung\/#primaryimage\"},\"thumbnailUrl\":\"https:\/\/now-news.de\/de\/wp-content\/uploads\/sites\/3\/2023\/03\/Saudi-Arabien-lehnt-Preisdeckel-fuer-sein-Erdoel-ab-Keine-Lieferungen-an.jpg\",\"datePublished\":\"2023-03-15T15:01:00+00:00\",\"dateModified\":\"2023-03-15T15:01:00+00:00\",\"breadcrumb\":{\"@id\":\"https:\/\/now-news.de\/de\/deutschland\/saudi-arabien-lehnt-preisdeckel-fuer-sein-erdoel-ab-keine-lieferungen-an-anwender-dieser-regelierung\/#breadcrumb\"},\"inLanguage\":\"de\",\"potentialAction\":[{\"@type\":\"ReadAction\",\"target\":[\"https:\/\/now-news.de\/de\/deutschland\/saudi-arabien-lehnt-preisdeckel-fuer-sein-erdoel-ab-keine-lieferungen-an-anwender-dieser-regelierung\/\"]}]},{\"@type\":\"ImageObject\",\"inLanguage\":\"de\",\"@id\":\"https:\/\/now-news.de\/de\/deutschland\/saudi-arabien-lehnt-preisdeckel-fuer-sein-erdoel-ab-keine-lieferungen-an-anwender-dieser-regelierung\/#primaryimage\",\"url\":\"https:\/\/now-news.de\/de\/wp-content\/uploads\/sites\/3\/2023\/03\/Saudi-Arabien-lehnt-Preisdeckel-fuer-sein-Erdoel-ab-Keine-Lieferungen-an.jpg\",\"contentUrl\":\"https:\/\/now-news.de\/de\/wp-content\/uploads\/sites\/3\/2023\/03\/Saudi-Arabien-lehnt-Preisdeckel-fuer-sein-Erdoel-ab-Keine-Lieferungen-an.jpg\",\"width\":460,\"height\":259,\"caption\":\"Saudi-Arabien lehnt Preisdeckel f\u00fcr sein Erd\u00f6l ab: Keine Lieferungen an Anwender dieser Regelierung\"},{\"@type\":\"BreadcrumbList\",\"@id\":\"https:\/\/now-news.de\/de\/deutschland\/saudi-arabien-lehnt-preisdeckel-fuer-sein-erdoel-ab-keine-lieferungen-an-anwender-dieser-regelierung\/#breadcrumb\",\"itemListElement\":[{\"@type\":\"ListItem\",\"position\":1,\"name\":\"Home\",\"item\":\"https:\/\/now-news.de\/de\/\"},{\"@type\":\"ListItem\",\"position\":2,\"name\":\"Saudi-Arabien lehnt Preisdeckel f\u00fcr sein Erd\u00f6l ab: Keine Lieferungen an Anwender dieser Regelierung\"}]},{\"@type\":\"WebSite\",\"@id\":\"https:\/\/now-news.de\/de\/#website\",\"url\":\"https:\/\/now-news.de\/de\/\",\"name\":\"just-now.NEWS Deutschland\",\"description\":\"Das Portal f\u00fcr unzensierte Nachrichten aus der Welt\",\"publisher\":{\"@id\":\"https:\/\/now-news.de\/de\/#organization\"},\"potentialAction\":[{\"@type\":\"SearchAction\",\"target\":{\"@type\":\"EntryPoint\",\"urlTemplate\":\"https:\/\/now-news.de\/de\/?s={search_term_string}\"},\"query-input\":\"required name=search_term_string\"}],\"inLanguage\":\"de\"},{\"@type\":\"Organization\",\"@id\":\"https:\/\/now-news.de\/de\/#organization\",\"name\":\"Just Now News\",\"url\":\"https:\/\/now-news.de\/de\/\",\"logo\":{\"@type\":\"ImageObject\",\"inLanguage\":\"de\",\"@id\":\"https:\/\/now-news.de\/de\/#\/schema\/logo\/image\/\",\"url\":\"http:\/\/just-now.news\/de\/wp-content\/uploads\/sites\/3\/2022\/04\/logo500x500.jpg\",\"contentUrl\":\"http:\/\/just-now.news\/de\/wp-content\/uploads\/sites\/3\/2022\/04\/logo500x500.jpg\",\"width\":500,\"height\":500,\"caption\":\"Just Now News\"},\"image\":{\"@id\":\"https:\/\/now-news.de\/de\/#\/schema\/logo\/image\/\"},\"sameAs\":[\"https:\/\/www.facebook.com\/wirmachenauf\",\"https:\/\/x.com\/WirMachenAuf_de\"]},{\"@type\":\"Person\",\"@id\":\"https:\/\/now-news.de\/de\/#\/schema\/person\/fb534a4e865501d8b3285208df34a9b5\",\"name\":\"rtnews\",\"image\":{\"@type\":\"ImageObject\",\"inLanguage\":\"de\",\"@id\":\"https:\/\/now-news.de\/de\/#\/schema\/person\/image\/\",\"url\":\"https:\/\/secure.gravatar.com\/avatar\/82aafea7d8127119dd649515f56e2117?s=96&d=mm&r=g\",\"contentUrl\":\"https:\/\/secure.gravatar.com\/avatar\/82aafea7d8127119dd649515f56e2117?s=96&d=mm&r=g\",\"caption\":\"rtnews\"},\"url\":\"https:\/\/now-news.de\/de\/author\/rnews\/\"}]}<\/script>\n<!-- \/ Yoast SEO Premium plugin. -->","yoast_head_json":{"title":"Saudi-Arabien lehnt Preisdeckel f\u00fcr sein Erd\u00f6l ab: Keine Lieferungen an Anwender dieser Regelierung - just-now.NEWS Deutschland","robots":{"index":"index","follow":"follow","max-snippet":"max-snippet:-1","max-image-preview":"max-image-preview:large","max-video-preview":"max-video-preview:-1"},"canonical":"https:\/\/now-news.de\/de\/deutschland\/saudi-arabien-lehnt-preisdeckel-fuer-sein-erdoel-ab-keine-lieferungen-an-anwender-dieser-regelierung\/","og_locale":"de_DE","og_type":"article","og_title":"Saudi-Arabien lehnt Preisdeckel f\u00fcr sein Erd\u00f6l ab: Keine Lieferungen an Anwender dieser Regelierung","og_description":"Nachdem die G7-Staaten und die EU beschlossen haben, den Preis f\u00fcr Erd\u00f6l aus Russland zu deckeln, bef\u00fcrchtet Saudi-Arabien, dass die Strafma\u00dfnahme in Zukunft auch auf andere Erd\u00f6lproduzenten erweitert werden k\u00f6nnte. Riad sieht negative Folgen f\u00fcr den globalen Markt. Der saudische Energieminister Abdulaziz bin Salman Al Saud hat am Dienstag in einem Interview die grunds\u00e4tzliche Haltung [&hellip;]","og_url":"https:\/\/now-news.de\/de\/deutschland\/saudi-arabien-lehnt-preisdeckel-fuer-sein-erdoel-ab-keine-lieferungen-an-anwender-dieser-regelierung\/","og_site_name":"just-now.NEWS Deutschland","article_publisher":"https:\/\/www.facebook.com\/wirmachenauf","article_published_time":"2023-03-15T15:01:00+00:00","og_image":[{"width":460,"height":259,"url":"https:\/\/now-news.de\/de\/wp-content\/uploads\/sites\/3\/2023\/03\/Saudi-Arabien-lehnt-Preisdeckel-fuer-sein-Erdoel-ab-Keine-Lieferungen-an.jpg","type":"image\/jpeg"}],"author":"rtnews","twitter_card":"summary_large_image","twitter_creator":"@WirMachenAuf_de","twitter_site":"@WirMachenAuf_de","twitter_misc":{"Verfasst von":"rtnews","Gesch\u00e4tzte Lesezeit":"2\u00a0Minuten"},"schema":{"@context":"https:\/\/schema.org","@graph":[{"@type":"Article","@id":"https:\/\/now-news.de\/de\/deutschland\/saudi-arabien-lehnt-preisdeckel-fuer-sein-erdoel-ab-keine-lieferungen-an-anwender-dieser-regelierung\/#article","isPartOf":{"@id":"https:\/\/now-news.de\/de\/deutschland\/saudi-arabien-lehnt-preisdeckel-fuer-sein-erdoel-ab-keine-lieferungen-an-anwender-dieser-regelierung\/"},"author":{"name":"rtnews","@id":"https:\/\/now-news.de\/de\/#\/schema\/person\/fb534a4e865501d8b3285208df34a9b5"},"headline":"Saudi-Arabien lehnt Preisdeckel f\u00fcr sein Erd\u00f6l ab: Keine Lieferungen an Anwender dieser Regelierung","datePublished":"2023-03-15T15:01:00+00:00","dateModified":"2023-03-15T15:01:00+00:00","mainEntityOfPage":{"@id":"https:\/\/now-news.de\/de\/deutschland\/saudi-arabien-lehnt-preisdeckel-fuer-sein-erdoel-ab-keine-lieferungen-an-anwender-dieser-regelierung\/"},"wordCount":422,"commentCount":0,"publisher":{"@id":"https:\/\/now-news.de\/de\/#organization"},"image":{"@id":"https:\/\/now-news.de\/de\/deutschland\/saudi-arabien-lehnt-preisdeckel-fuer-sein-erdoel-ab-keine-lieferungen-an-anwender-dieser-regelierung\/#primaryimage"},"thumbnailUrl":"https:\/\/now-news.de\/de\/wp-content\/uploads\/sites\/3\/2023\/03\/Saudi-Arabien-lehnt-Preisdeckel-fuer-sein-Erdoel-ab-Keine-Lieferungen-an.jpg","keywords":["Anwender","dieser","Erd\u00f6l","f\u00fcr","keine","lehnt","Lieferungen","Preisdeckel","Regelierung","SaudiArabien","sein"],"articleSection":["Deutschland","Russland"],"inLanguage":"de","potentialAction":[{"@type":"CommentAction","name":"Comment","target":["https:\/\/now-news.de\/de\/deutschland\/saudi-arabien-lehnt-preisdeckel-fuer-sein-erdoel-ab-keine-lieferungen-an-anwender-dieser-regelierung\/#respond"]}]},{"@type":"WebPage","@id":"https:\/\/now-news.de\/de\/deutschland\/saudi-arabien-lehnt-preisdeckel-fuer-sein-erdoel-ab-keine-lieferungen-an-anwender-dieser-regelierung\/","url":"https:\/\/now-news.de\/de\/deutschland\/saudi-arabien-lehnt-preisdeckel-fuer-sein-erdoel-ab-keine-lieferungen-an-anwender-dieser-regelierung\/","name":"Saudi-Arabien lehnt Preisdeckel f\u00fcr sein Erd\u00f6l ab: Keine Lieferungen an Anwender dieser Regelierung - just-now.NEWS Deutschland","isPartOf":{"@id":"https:\/\/now-news.de\/de\/#website"},"primaryImageOfPage":{"@id":"https:\/\/now-news.de\/de\/deutschland\/saudi-arabien-lehnt-preisdeckel-fuer-sein-erdoel-ab-keine-lieferungen-an-anwender-dieser-regelierung\/#primaryimage"},"image":{"@id":"https:\/\/now-news.de\/de\/deutschland\/saudi-arabien-lehnt-preisdeckel-fuer-sein-erdoel-ab-keine-lieferungen-an-anwender-dieser-regelierung\/#primaryimage"},"thumbnailUrl":"https:\/\/now-news.de\/de\/wp-content\/uploads\/sites\/3\/2023\/03\/Saudi-Arabien-lehnt-Preisdeckel-fuer-sein-Erdoel-ab-Keine-Lieferungen-an.jpg","datePublished":"2023-03-15T15:01:00+00:00","dateModified":"2023-03-15T15:01:00+00:00","breadcrumb":{"@id":"https:\/\/now-news.de\/de\/deutschland\/saudi-arabien-lehnt-preisdeckel-fuer-sein-erdoel-ab-keine-lieferungen-an-anwender-dieser-regelierung\/#breadcrumb"},"inLanguage":"de","potentialAction":[{"@type":"ReadAction","target":["https:\/\/now-news.de\/de\/deutschland\/saudi-arabien-lehnt-preisdeckel-fuer-sein-erdoel-ab-keine-lieferungen-an-anwender-dieser-regelierung\/"]}]},{"@type":"ImageObject","inLanguage":"de","@id":"https:\/\/now-news.de\/de\/deutschland\/saudi-arabien-lehnt-preisdeckel-fuer-sein-erdoel-ab-keine-lieferungen-an-anwender-dieser-regelierung\/#primaryimage","url":"https:\/\/now-news.de\/de\/wp-content\/uploads\/sites\/3\/2023\/03\/Saudi-Arabien-lehnt-Preisdeckel-fuer-sein-Erdoel-ab-Keine-Lieferungen-an.jpg","contentUrl":"https:\/\/now-news.de\/de\/wp-content\/uploads\/sites\/3\/2023\/03\/Saudi-Arabien-lehnt-Preisdeckel-fuer-sein-Erdoel-ab-Keine-Lieferungen-an.jpg","width":460,"height":259,"caption":"Saudi-Arabien lehnt Preisdeckel f\u00fcr sein Erd\u00f6l ab: Keine Lieferungen an Anwender dieser Regelierung"},{"@type":"BreadcrumbList","@id":"https:\/\/now-news.de\/de\/deutschland\/saudi-arabien-lehnt-preisdeckel-fuer-sein-erdoel-ab-keine-lieferungen-an-anwender-dieser-regelierung\/#breadcrumb","itemListElement":[{"@type":"ListItem","position":1,"name":"Home","item":"https:\/\/now-news.de\/de\/"},{"@type":"ListItem","position":2,"name":"Saudi-Arabien lehnt Preisdeckel f\u00fcr sein Erd\u00f6l ab: Keine Lieferungen an Anwender dieser Regelierung"}]},{"@type":"WebSite","@id":"https:\/\/now-news.de\/de\/#website","url":"https:\/\/now-news.de\/de\/","name":"just-now.NEWS Deutschland","description":"Das Portal f\u00fcr unzensierte Nachrichten aus der Welt","publisher":{"@id":"https:\/\/now-news.de\/de\/#organization"},"potentialAction":[{"@type":"SearchAction","target":{"@type":"EntryPoint","urlTemplate":"https:\/\/now-news.de\/de\/?s={search_term_string}"},"query-input":"required name=search_term_string"}],"inLanguage":"de"},{"@type":"Organization","@id":"https:\/\/now-news.de\/de\/#organization","name":"Just Now News","url":"https:\/\/now-news.de\/de\/","logo":{"@type":"ImageObject","inLanguage":"de","@id":"https:\/\/now-news.de\/de\/#\/schema\/logo\/image\/","url":"http:\/\/just-now.news\/de\/wp-content\/uploads\/sites\/3\/2022\/04\/logo500x500.jpg","contentUrl":"http:\/\/just-now.news\/de\/wp-content\/uploads\/sites\/3\/2022\/04\/logo500x500.jpg","width":500,"height":500,"caption":"Just Now News"},"image":{"@id":"https:\/\/now-news.de\/de\/#\/schema\/logo\/image\/"},"sameAs":["https:\/\/www.facebook.com\/wirmachenauf","https:\/\/x.com\/WirMachenAuf_de"]},{"@type":"Person","@id":"https:\/\/now-news.de\/de\/#\/schema\/person\/fb534a4e865501d8b3285208df34a9b5","name":"rtnews","image":{"@type":"ImageObject","inLanguage":"de","@id":"https:\/\/now-news.de\/de\/#\/schema\/person\/image\/","url":"https:\/\/secure.gravatar.com\/avatar\/82aafea7d8127119dd649515f56e2117?s=96&d=mm&r=g","contentUrl":"https:\/\/secure.gravatar.com\/avatar\/82aafea7d8127119dd649515f56e2117?s=96&d=mm&r=g","caption":"rtnews"},"url":"https:\/\/now-news.de\/de\/author\/rnews\/"}]}},"_links":{"self":[{"href":"https:\/\/now-news.de\/de\/wp-json\/wp\/v2\/posts\/32303"}],"collection":[{"href":"https:\/\/now-news.de\/de\/wp-json\/wp\/v2\/posts"}],"about":[{"href":"https:\/\/now-news.de\/de\/wp-json\/wp\/v2\/types\/post"}],"author":[{"embeddable":true,"href":"https:\/\/now-news.de\/de\/wp-json\/wp\/v2\/users\/3"}],"replies":[{"embeddable":true,"href":"https:\/\/now-news.de\/de\/wp-json\/wp\/v2\/comments?post=32303"}],"version-history":[{"count":0,"href":"https:\/\/now-news.de\/de\/wp-json\/wp\/v2\/posts\/32303\/revisions"}],"wp:featuredmedia":[{"embeddable":true,"href":"https:\/\/now-news.de\/de\/wp-json\/wp\/v2\/media\/32304"}],"wp:attachment":[{"href":"https:\/\/now-news.de\/de\/wp-json\/wp\/v2\/media?parent=32303"}],"wp:term":[{"taxonomy":"category","embeddable":true,"href":"https:\/\/now-news.de\/de\/wp-json\/wp\/v2\/categories?post=32303"},{"taxonomy":"post_tag","embeddable":true,"href":"https:\/\/now-news.de\/de\/wp-json\/wp\/v2\/tags?post=32303"}],"curies":[{"name":"wp","href":"https:\/\/api.w.org\/{rel}","templated":true}]}}