{"id":32299,"date":"2023-03-15T16:16:38","date_gmt":"2023-03-15T14:16:38","guid":{"rendered":"http:\/\/just-now.news\/de\/deutschland\/sek-razzia-in-leipzig-und-jena-mutmassliche-angreifer-von-budapest-festgenommen\/"},"modified":"2023-03-15T16:16:38","modified_gmt":"2023-03-15T14:16:38","slug":"sek-razzia-in-leipzig-und-jena-mutmassliche-angreifer-von-budapest-festgenommen","status":"publish","type":"post","link":"https:\/\/now-news.de\/de\/deutschland\/sek-razzia-in-leipzig-und-jena-mutmassliche-angreifer-von-budapest-festgenommen\/","title":{"rendered":"SEK-Razzia in Leipzig und Jena: Mutma\u00dfliche Angreifer von Budapest festgenommen"},"content":{"rendered":"<p><img decoding=\"async\" src=\"http:\/\/just-now.news\/de\/wp-content\/uploads\/sites\/3\/2023\/03\/641194a5b480cc12997b695a.jpg\" \/><\/p>\n<div class=\"Text-root Text-type_1 \">\n                Die Durchsuchungen von Wohnungen im Umfeld der linksextremen Szene durch das SEK f\u00fchrten am Mittwochmorgen zu mehreren Festnahmen. Die Festgenommenen sollen an den Angriffen in Budapest Anfang Februar beteiligt gewesen sein.\n            <\/div>\n<p><\/p>\n<div class=\"Text-root Text-type_5 ArticleView-text ViewText-root \">\n<p>Am Mittwochmorgen haben Sondereinsatzkommandos der Polizei mehrere Wohnungen in Leipzig und Jena durchsucht. Wie die\u00a0<em>Bild<\/em> berichtete, wurden eine 21-j\u00e4hrige Frau und ein 21-j\u00e4hriger Mann aus der linksextremen Szene festgenommen.<\/p>\n<p>Ihnen wird vorgeworfen, an Angriffen auf mutma\u00dflich Rechtsextreme Anfang Februar in Budapest beteiligt gewesen zu sein. Eine \u00dcberwachungskamera hatte einen der Angriffe aufgezeichnet. Zu sehen war, wie eine Gruppe mitten am Tag einen Mann hinterr\u00fccks \u00fcberfiel und auf ihn einschlug. Sechs Deutsche und eine Italienerin sollen unter anderem an der Tat beteiligt gewesen sein. Vier der mutma\u00dflichen Angreifer waren bereits festgenommen worden.<\/p>\n<p>Am 11. Februar hatten sich Tausende Rechtsextreme in Budapest zum sogenannten &#8220;Tag der Ehre&#8221; getroffen, um an den Jahrestag zu erinnern, als 1945 rund 70.000 Soldaten der Wehrmacht und der SS versuchten, der Einkesselung durch die Rote Armee zu entkommen.<\/p>\n<p><strong>Mehr zum Thema\u00a0<\/strong>\u2013\u00a0<a rel=\"nofollow noopener\" target=\"_blank\" href=\"https:\/\/de.rt.com\/europa\/163222-mutmasslich-haben-linksextreme-leibziger-in\/\">Linksextreme Leipziger haben in Ungarn Opfer mutma\u00dflich brutal mit H\u00e4mmern geschlagen<\/a><\/p>\n<\/div>\n<p><br \/>\n<br \/><a href=\"https:\/\/de.rt.com\/inland\/165381-linksextremismus-sek-razzia-gegen-mutmassliche\/\">Source link <\/a><\/p>\n","protected":false},"excerpt":{"rendered":"<p>Die Durchsuchungen von Wohnungen im Umfeld der linksextremen Szene durch das SEK f\u00fchrten am Mittwochmorgen zu mehreren Festnahmen. Die Festgenommenen sollen an den Angriffen in Budapest Anfang Februar beteiligt gewesen sein. Am Mittwochmorgen haben Sondereinsatzkommandos der Polizei mehrere Wohnungen in Leipzig und Jena durchsucht. Wie die\u00a0Bild berichtete, wurden eine 21-j\u00e4hrige Frau und ein 21-j\u00e4hriger Mann [&hellip;]<\/p>\n","protected":false},"author":3,"featured_media":32300,"comment_status":"open","ping_status":"open","sticky":false,"template":"","format":"standard","meta":{"_yoast_indexnow_last_ping":["1678890481"],"wp_automatic_camp":["217"],"f2fb82e0c9362145424a755e048a262e":["SEK-Razzia in Leipzig und Jena: Mutma\u00dfliche Angreifer von Budapest festgenommen"],"original_link":["https:\/\/de.rt.com\/inland\/165381-linksextremismus-sek-razzia-gegen-mutmassliche\/"],"_thumbnail_id":["32300"],"_wptgpro_p2tg_sent2tg":["a:1:{i:23737;s:19:\"2023-03-15 16:29:02\";}"],"jnews_social_counter_last_update":["1777351892"]},"categories":[19,23],"tags":[19105,10836,1356,42008,21240,3689,42007,140,50],"yoast_head":"<!-- This site is optimized with the Yoast SEO Premium plugin v22.7 (Yoast SEO v22.7) - https:\/\/yoast.com\/wordpress\/plugins\/seo\/ -->\n<title>SEK-Razzia in Leipzig und Jena: Mutma\u00dfliche Angreifer von Budapest festgenommen - just-now.NEWS Deutschland<\/title>\n<meta name=\"robots\" content=\"index, follow, max-snippet:-1, max-image-preview:large, max-video-preview:-1\" \/>\n<link rel=\"canonical\" href=\"https:\/\/now-news.de\/de\/deutschland\/sek-razzia-in-leipzig-und-jena-mutmassliche-angreifer-von-budapest-festgenommen\/\" \/>\n<meta property=\"og:locale\" content=\"de_DE\" \/>\n<meta property=\"og:type\" content=\"article\" \/>\n<meta property=\"og:title\" content=\"SEK-Razzia in Leipzig und Jena: Mutma\u00dfliche Angreifer von Budapest festgenommen\" \/>\n<meta property=\"og:description\" content=\"Die Durchsuchungen von Wohnungen im Umfeld der linksextremen Szene durch das SEK f\u00fchrten am Mittwochmorgen zu mehreren Festnahmen. Die Festgenommenen sollen an den Angriffen in Budapest Anfang Februar beteiligt gewesen sein. Am Mittwochmorgen haben Sondereinsatzkommandos der Polizei mehrere Wohnungen in Leipzig und Jena durchsucht. Wie die\u00a0Bild berichtete, wurden eine 21-j\u00e4hrige Frau und ein 21-j\u00e4hriger Mann [&hellip;]\" \/>\n<meta property=\"og:url\" content=\"https:\/\/now-news.de\/de\/deutschland\/sek-razzia-in-leipzig-und-jena-mutmassliche-angreifer-von-budapest-festgenommen\/\" \/>\n<meta property=\"og:site_name\" content=\"just-now.NEWS Deutschland\" \/>\n<meta property=\"article:publisher\" content=\"https:\/\/www.facebook.com\/wirmachenauf\" \/>\n<meta property=\"article:published_time\" content=\"2023-03-15T14:16:38+00:00\" \/>\n<meta property=\"og:image\" content=\"https:\/\/now-news.de\/de\/wp-content\/uploads\/sites\/3\/2023\/03\/SEK-Razzia-in-Leipzig-und-Jena-Mutmassliche-Angreifer-von-Budapest-festgenommen.jpg\" \/>\n\t<meta property=\"og:image:width\" content=\"460\" \/>\n\t<meta property=\"og:image:height\" content=\"259\" \/>\n\t<meta property=\"og:image:type\" content=\"image\/jpeg\" \/>\n<meta name=\"author\" content=\"rtnews\" \/>\n<meta name=\"twitter:card\" content=\"summary_large_image\" \/>\n<meta name=\"twitter:creator\" content=\"@WirMachenAuf_de\" \/>\n<meta name=\"twitter:site\" content=\"@WirMachenAuf_de\" \/>\n<meta name=\"twitter:label1\" content=\"Verfasst von\" \/>\n\t<meta name=\"twitter:data1\" content=\"rtnews\" \/>\n\t<meta name=\"twitter:label2\" content=\"Gesch\u00e4tzte Lesezeit\" \/>\n\t<meta name=\"twitter:data2\" content=\"1\u00a0Minute\" \/>\n<script type=\"application\/ld+json\" class=\"yoast-schema-graph\">{\"@context\":\"https:\/\/schema.org\",\"@graph\":[{\"@type\":\"Article\",\"@id\":\"https:\/\/now-news.de\/de\/deutschland\/sek-razzia-in-leipzig-und-jena-mutmassliche-angreifer-von-budapest-festgenommen\/#article\",\"isPartOf\":{\"@id\":\"https:\/\/now-news.de\/de\/deutschland\/sek-razzia-in-leipzig-und-jena-mutmassliche-angreifer-von-budapest-festgenommen\/\"},\"author\":{\"name\":\"rtnews\",\"@id\":\"https:\/\/now-news.de\/de\/#\/schema\/person\/fb534a4e865501d8b3285208df34a9b5\"},\"headline\":\"SEK-Razzia in Leipzig und Jena: Mutma\u00dfliche Angreifer von Budapest festgenommen\",\"datePublished\":\"2023-03-15T14:16:38+00:00\",\"dateModified\":\"2023-03-15T14:16:38+00:00\",\"mainEntityOfPage\":{\"@id\":\"https:\/\/now-news.de\/de\/deutschland\/sek-razzia-in-leipzig-und-jena-mutmassliche-angreifer-von-budapest-festgenommen\/\"},\"wordCount\":196,\"commentCount\":0,\"publisher\":{\"@id\":\"https:\/\/now-news.de\/de\/#organization\"},\"image\":{\"@id\":\"https:\/\/now-news.de\/de\/deutschland\/sek-razzia-in-leipzig-und-jena-mutmassliche-angreifer-von-budapest-festgenommen\/#primaryimage\"},\"thumbnailUrl\":\"https:\/\/now-news.de\/de\/wp-content\/uploads\/sites\/3\/2023\/03\/SEK-Razzia-in-Leipzig-und-Jena-Mutmassliche-Angreifer-von-Budapest-festgenommen.jpg\",\"keywords\":[\"Angreifer\",\"Budapest\",\"festgenommen\",\"Jena\",\"Leipzig\",\"mutma\u00dfliche\",\"SEKRazzia\",\"und\",\"von\"],\"articleSection\":[\"Deutschland\",\"Russland\"],\"inLanguage\":\"de\",\"potentialAction\":[{\"@type\":\"CommentAction\",\"name\":\"Comment\",\"target\":[\"https:\/\/now-news.de\/de\/deutschland\/sek-razzia-in-leipzig-und-jena-mutmassliche-angreifer-von-budapest-festgenommen\/#respond\"]}]},{\"@type\":\"WebPage\",\"@id\":\"https:\/\/now-news.de\/de\/deutschland\/sek-razzia-in-leipzig-und-jena-mutmassliche-angreifer-von-budapest-festgenommen\/\",\"url\":\"https:\/\/now-news.de\/de\/deutschland\/sek-razzia-in-leipzig-und-jena-mutmassliche-angreifer-von-budapest-festgenommen\/\",\"name\":\"SEK-Razzia in Leipzig und Jena: Mutma\u00dfliche Angreifer von Budapest festgenommen - just-now.NEWS Deutschland\",\"isPartOf\":{\"@id\":\"https:\/\/now-news.de\/de\/#website\"},\"primaryImageOfPage\":{\"@id\":\"https:\/\/now-news.de\/de\/deutschland\/sek-razzia-in-leipzig-und-jena-mutmassliche-angreifer-von-budapest-festgenommen\/#primaryimage\"},\"image\":{\"@id\":\"https:\/\/now-news.de\/de\/deutschland\/sek-razzia-in-leipzig-und-jena-mutmassliche-angreifer-von-budapest-festgenommen\/#primaryimage\"},\"thumbnailUrl\":\"https:\/\/now-news.de\/de\/wp-content\/uploads\/sites\/3\/2023\/03\/SEK-Razzia-in-Leipzig-und-Jena-Mutmassliche-Angreifer-von-Budapest-festgenommen.jpg\",\"datePublished\":\"2023-03-15T14:16:38+00:00\",\"dateModified\":\"2023-03-15T14:16:38+00:00\",\"breadcrumb\":{\"@id\":\"https:\/\/now-news.de\/de\/deutschland\/sek-razzia-in-leipzig-und-jena-mutmassliche-angreifer-von-budapest-festgenommen\/#breadcrumb\"},\"inLanguage\":\"de\",\"potentialAction\":[{\"@type\":\"ReadAction\",\"target\":[\"https:\/\/now-news.de\/de\/deutschland\/sek-razzia-in-leipzig-und-jena-mutmassliche-angreifer-von-budapest-festgenommen\/\"]}]},{\"@type\":\"ImageObject\",\"inLanguage\":\"de\",\"@id\":\"https:\/\/now-news.de\/de\/deutschland\/sek-razzia-in-leipzig-und-jena-mutmassliche-angreifer-von-budapest-festgenommen\/#primaryimage\",\"url\":\"https:\/\/now-news.de\/de\/wp-content\/uploads\/sites\/3\/2023\/03\/SEK-Razzia-in-Leipzig-und-Jena-Mutmassliche-Angreifer-von-Budapest-festgenommen.jpg\",\"contentUrl\":\"https:\/\/now-news.de\/de\/wp-content\/uploads\/sites\/3\/2023\/03\/SEK-Razzia-in-Leipzig-und-Jena-Mutmassliche-Angreifer-von-Budapest-festgenommen.jpg\",\"width\":460,\"height\":259,\"caption\":\"SEK-Razzia in Leipzig und Jena: Mutma\u00dfliche Angreifer von Budapest festgenommen\"},{\"@type\":\"BreadcrumbList\",\"@id\":\"https:\/\/now-news.de\/de\/deutschland\/sek-razzia-in-leipzig-und-jena-mutmassliche-angreifer-von-budapest-festgenommen\/#breadcrumb\",\"itemListElement\":[{\"@type\":\"ListItem\",\"position\":1,\"name\":\"Home\",\"item\":\"https:\/\/now-news.de\/de\/\"},{\"@type\":\"ListItem\",\"position\":2,\"name\":\"SEK-Razzia in Leipzig und Jena: Mutma\u00dfliche Angreifer von Budapest festgenommen\"}]},{\"@type\":\"WebSite\",\"@id\":\"https:\/\/now-news.de\/de\/#website\",\"url\":\"https:\/\/now-news.de\/de\/\",\"name\":\"just-now.NEWS Deutschland\",\"description\":\"Das Portal f\u00fcr unzensierte Nachrichten aus der Welt\",\"publisher\":{\"@id\":\"https:\/\/now-news.de\/de\/#organization\"},\"potentialAction\":[{\"@type\":\"SearchAction\",\"target\":{\"@type\":\"EntryPoint\",\"urlTemplate\":\"https:\/\/now-news.de\/de\/?s={search_term_string}\"},\"query-input\":\"required name=search_term_string\"}],\"inLanguage\":\"de\"},{\"@type\":\"Organization\",\"@id\":\"https:\/\/now-news.de\/de\/#organization\",\"name\":\"Just Now News\",\"url\":\"https:\/\/now-news.de\/de\/\",\"logo\":{\"@type\":\"ImageObject\",\"inLanguage\":\"de\",\"@id\":\"https:\/\/now-news.de\/de\/#\/schema\/logo\/image\/\",\"url\":\"http:\/\/just-now.news\/de\/wp-content\/uploads\/sites\/3\/2022\/04\/logo500x500.jpg\",\"contentUrl\":\"http:\/\/just-now.news\/de\/wp-content\/uploads\/sites\/3\/2022\/04\/logo500x500.jpg\",\"width\":500,\"height\":500,\"caption\":\"Just Now News\"},\"image\":{\"@id\":\"https:\/\/now-news.de\/de\/#\/schema\/logo\/image\/\"},\"sameAs\":[\"https:\/\/www.facebook.com\/wirmachenauf\",\"https:\/\/x.com\/WirMachenAuf_de\"]},{\"@type\":\"Person\",\"@id\":\"https:\/\/now-news.de\/de\/#\/schema\/person\/fb534a4e865501d8b3285208df34a9b5\",\"name\":\"rtnews\",\"image\":{\"@type\":\"ImageObject\",\"inLanguage\":\"de\",\"@id\":\"https:\/\/now-news.de\/de\/#\/schema\/person\/image\/\",\"url\":\"https:\/\/secure.gravatar.com\/avatar\/82aafea7d8127119dd649515f56e2117?s=96&d=mm&r=g\",\"contentUrl\":\"https:\/\/secure.gravatar.com\/avatar\/82aafea7d8127119dd649515f56e2117?s=96&d=mm&r=g\",\"caption\":\"rtnews\"},\"url\":\"https:\/\/now-news.de\/de\/author\/rnews\/\"}]}<\/script>\n<!-- \/ Yoast SEO Premium plugin. -->","yoast_head_json":{"title":"SEK-Razzia in Leipzig und Jena: Mutma\u00dfliche Angreifer von Budapest festgenommen - just-now.NEWS Deutschland","robots":{"index":"index","follow":"follow","max-snippet":"max-snippet:-1","max-image-preview":"max-image-preview:large","max-video-preview":"max-video-preview:-1"},"canonical":"https:\/\/now-news.de\/de\/deutschland\/sek-razzia-in-leipzig-und-jena-mutmassliche-angreifer-von-budapest-festgenommen\/","og_locale":"de_DE","og_type":"article","og_title":"SEK-Razzia in Leipzig und Jena: Mutma\u00dfliche Angreifer von Budapest festgenommen","og_description":"Die Durchsuchungen von Wohnungen im Umfeld der linksextremen Szene durch das SEK f\u00fchrten am Mittwochmorgen zu mehreren Festnahmen. Die Festgenommenen sollen an den Angriffen in Budapest Anfang Februar beteiligt gewesen sein. Am Mittwochmorgen haben Sondereinsatzkommandos der Polizei mehrere Wohnungen in Leipzig und Jena durchsucht. Wie die\u00a0Bild berichtete, wurden eine 21-j\u00e4hrige Frau und ein 21-j\u00e4hriger Mann [&hellip;]","og_url":"https:\/\/now-news.de\/de\/deutschland\/sek-razzia-in-leipzig-und-jena-mutmassliche-angreifer-von-budapest-festgenommen\/","og_site_name":"just-now.NEWS Deutschland","article_publisher":"https:\/\/www.facebook.com\/wirmachenauf","article_published_time":"2023-03-15T14:16:38+00:00","og_image":[{"width":460,"height":259,"url":"https:\/\/now-news.de\/de\/wp-content\/uploads\/sites\/3\/2023\/03\/SEK-Razzia-in-Leipzig-und-Jena-Mutmassliche-Angreifer-von-Budapest-festgenommen.jpg","type":"image\/jpeg"}],"author":"rtnews","twitter_card":"summary_large_image","twitter_creator":"@WirMachenAuf_de","twitter_site":"@WirMachenAuf_de","twitter_misc":{"Verfasst von":"rtnews","Gesch\u00e4tzte Lesezeit":"1\u00a0Minute"},"schema":{"@context":"https:\/\/schema.org","@graph":[{"@type":"Article","@id":"https:\/\/now-news.de\/de\/deutschland\/sek-razzia-in-leipzig-und-jena-mutmassliche-angreifer-von-budapest-festgenommen\/#article","isPartOf":{"@id":"https:\/\/now-news.de\/de\/deutschland\/sek-razzia-in-leipzig-und-jena-mutmassliche-angreifer-von-budapest-festgenommen\/"},"author":{"name":"rtnews","@id":"https:\/\/now-news.de\/de\/#\/schema\/person\/fb534a4e865501d8b3285208df34a9b5"},"headline":"SEK-Razzia in Leipzig und Jena: Mutma\u00dfliche Angreifer von Budapest festgenommen","datePublished":"2023-03-15T14:16:38+00:00","dateModified":"2023-03-15T14:16:38+00:00","mainEntityOfPage":{"@id":"https:\/\/now-news.de\/de\/deutschland\/sek-razzia-in-leipzig-und-jena-mutmassliche-angreifer-von-budapest-festgenommen\/"},"wordCount":196,"commentCount":0,"publisher":{"@id":"https:\/\/now-news.de\/de\/#organization"},"image":{"@id":"https:\/\/now-news.de\/de\/deutschland\/sek-razzia-in-leipzig-und-jena-mutmassliche-angreifer-von-budapest-festgenommen\/#primaryimage"},"thumbnailUrl":"https:\/\/now-news.de\/de\/wp-content\/uploads\/sites\/3\/2023\/03\/SEK-Razzia-in-Leipzig-und-Jena-Mutmassliche-Angreifer-von-Budapest-festgenommen.jpg","keywords":["Angreifer","Budapest","festgenommen","Jena","Leipzig","mutma\u00dfliche","SEKRazzia","und","von"],"articleSection":["Deutschland","Russland"],"inLanguage":"de","potentialAction":[{"@type":"CommentAction","name":"Comment","target":["https:\/\/now-news.de\/de\/deutschland\/sek-razzia-in-leipzig-und-jena-mutmassliche-angreifer-von-budapest-festgenommen\/#respond"]}]},{"@type":"WebPage","@id":"https:\/\/now-news.de\/de\/deutschland\/sek-razzia-in-leipzig-und-jena-mutmassliche-angreifer-von-budapest-festgenommen\/","url":"https:\/\/now-news.de\/de\/deutschland\/sek-razzia-in-leipzig-und-jena-mutmassliche-angreifer-von-budapest-festgenommen\/","name":"SEK-Razzia in Leipzig und Jena: Mutma\u00dfliche Angreifer von Budapest festgenommen - just-now.NEWS Deutschland","isPartOf":{"@id":"https:\/\/now-news.de\/de\/#website"},"primaryImageOfPage":{"@id":"https:\/\/now-news.de\/de\/deutschland\/sek-razzia-in-leipzig-und-jena-mutmassliche-angreifer-von-budapest-festgenommen\/#primaryimage"},"image":{"@id":"https:\/\/now-news.de\/de\/deutschland\/sek-razzia-in-leipzig-und-jena-mutmassliche-angreifer-von-budapest-festgenommen\/#primaryimage"},"thumbnailUrl":"https:\/\/now-news.de\/de\/wp-content\/uploads\/sites\/3\/2023\/03\/SEK-Razzia-in-Leipzig-und-Jena-Mutmassliche-Angreifer-von-Budapest-festgenommen.jpg","datePublished":"2023-03-15T14:16:38+00:00","dateModified":"2023-03-15T14:16:38+00:00","breadcrumb":{"@id":"https:\/\/now-news.de\/de\/deutschland\/sek-razzia-in-leipzig-und-jena-mutmassliche-angreifer-von-budapest-festgenommen\/#breadcrumb"},"inLanguage":"de","potentialAction":[{"@type":"ReadAction","target":["https:\/\/now-news.de\/de\/deutschland\/sek-razzia-in-leipzig-und-jena-mutmassliche-angreifer-von-budapest-festgenommen\/"]}]},{"@type":"ImageObject","inLanguage":"de","@id":"https:\/\/now-news.de\/de\/deutschland\/sek-razzia-in-leipzig-und-jena-mutmassliche-angreifer-von-budapest-festgenommen\/#primaryimage","url":"https:\/\/now-news.de\/de\/wp-content\/uploads\/sites\/3\/2023\/03\/SEK-Razzia-in-Leipzig-und-Jena-Mutmassliche-Angreifer-von-Budapest-festgenommen.jpg","contentUrl":"https:\/\/now-news.de\/de\/wp-content\/uploads\/sites\/3\/2023\/03\/SEK-Razzia-in-Leipzig-und-Jena-Mutmassliche-Angreifer-von-Budapest-festgenommen.jpg","width":460,"height":259,"caption":"SEK-Razzia in Leipzig und Jena: Mutma\u00dfliche Angreifer von Budapest festgenommen"},{"@type":"BreadcrumbList","@id":"https:\/\/now-news.de\/de\/deutschland\/sek-razzia-in-leipzig-und-jena-mutmassliche-angreifer-von-budapest-festgenommen\/#breadcrumb","itemListElement":[{"@type":"ListItem","position":1,"name":"Home","item":"https:\/\/now-news.de\/de\/"},{"@type":"ListItem","position":2,"name":"SEK-Razzia in Leipzig und Jena: Mutma\u00dfliche Angreifer von Budapest festgenommen"}]},{"@type":"WebSite","@id":"https:\/\/now-news.de\/de\/#website","url":"https:\/\/now-news.de\/de\/","name":"just-now.NEWS Deutschland","description":"Das Portal f\u00fcr unzensierte Nachrichten aus der Welt","publisher":{"@id":"https:\/\/now-news.de\/de\/#organization"},"potentialAction":[{"@type":"SearchAction","target":{"@type":"EntryPoint","urlTemplate":"https:\/\/now-news.de\/de\/?s={search_term_string}"},"query-input":"required name=search_term_string"}],"inLanguage":"de"},{"@type":"Organization","@id":"https:\/\/now-news.de\/de\/#organization","name":"Just Now News","url":"https:\/\/now-news.de\/de\/","logo":{"@type":"ImageObject","inLanguage":"de","@id":"https:\/\/now-news.de\/de\/#\/schema\/logo\/image\/","url":"http:\/\/just-now.news\/de\/wp-content\/uploads\/sites\/3\/2022\/04\/logo500x500.jpg","contentUrl":"http:\/\/just-now.news\/de\/wp-content\/uploads\/sites\/3\/2022\/04\/logo500x500.jpg","width":500,"height":500,"caption":"Just Now News"},"image":{"@id":"https:\/\/now-news.de\/de\/#\/schema\/logo\/image\/"},"sameAs":["https:\/\/www.facebook.com\/wirmachenauf","https:\/\/x.com\/WirMachenAuf_de"]},{"@type":"Person","@id":"https:\/\/now-news.de\/de\/#\/schema\/person\/fb534a4e865501d8b3285208df34a9b5","name":"rtnews","image":{"@type":"ImageObject","inLanguage":"de","@id":"https:\/\/now-news.de\/de\/#\/schema\/person\/image\/","url":"https:\/\/secure.gravatar.com\/avatar\/82aafea7d8127119dd649515f56e2117?s=96&d=mm&r=g","contentUrl":"https:\/\/secure.gravatar.com\/avatar\/82aafea7d8127119dd649515f56e2117?s=96&d=mm&r=g","caption":"rtnews"},"url":"https:\/\/now-news.de\/de\/author\/rnews\/"}]}},"_links":{"self":[{"href":"https:\/\/now-news.de\/de\/wp-json\/wp\/v2\/posts\/32299"}],"collection":[{"href":"https:\/\/now-news.de\/de\/wp-json\/wp\/v2\/posts"}],"about":[{"href":"https:\/\/now-news.de\/de\/wp-json\/wp\/v2\/types\/post"}],"author":[{"embeddable":true,"href":"https:\/\/now-news.de\/de\/wp-json\/wp\/v2\/users\/3"}],"replies":[{"embeddable":true,"href":"https:\/\/now-news.de\/de\/wp-json\/wp\/v2\/comments?post=32299"}],"version-history":[{"count":0,"href":"https:\/\/now-news.de\/de\/wp-json\/wp\/v2\/posts\/32299\/revisions"}],"wp:featuredmedia":[{"embeddable":true,"href":"https:\/\/now-news.de\/de\/wp-json\/wp\/v2\/media\/32300"}],"wp:attachment":[{"href":"https:\/\/now-news.de\/de\/wp-json\/wp\/v2\/media?parent=32299"}],"wp:term":[{"taxonomy":"category","embeddable":true,"href":"https:\/\/now-news.de\/de\/wp-json\/wp\/v2\/categories?post=32299"},{"taxonomy":"post_tag","embeddable":true,"href":"https:\/\/now-news.de\/de\/wp-json\/wp\/v2\/tags?post=32299"}],"curies":[{"name":"wp","href":"https:\/\/api.w.org\/{rel}","templated":true}]}}