{"id":32237,"date":"2023-03-14T18:52:05","date_gmt":"2023-03-14T16:52:05","guid":{"rendered":"http:\/\/just-now.news\/de\/deutschland\/eu-parlament-stimmt-fuer-umstrittene-klimasanierung-von-wohngebaeuden\/"},"modified":"2023-03-14T18:52:05","modified_gmt":"2023-03-14T16:52:05","slug":"eu-parlament-stimmt-fuer-umstrittene-klimasanierung-von-wohngebaeuden","status":"publish","type":"post","link":"https:\/\/now-news.de\/de\/deutschland\/eu-parlament-stimmt-fuer-umstrittene-klimasanierung-von-wohngebaeuden\/","title":{"rendered":"EU-Parlament stimmt f\u00fcr umstrittene &quot;Klimasanierung&quot; von Wohngeb\u00e4uden"},"content":{"rendered":"<p><img decoding=\"async\" src=\"http:\/\/just-now.news\/de\/wp-content\/uploads\/sites\/3\/2023\/03\/64108d03b480cc1d4d58d3e4.jpg\" \/><\/p>\n<div class=\"Text-root Text-type_1 \">\n                Geb\u00e4ude mit einer schlechten Effizienzklasse sollen laut einer Entscheidung des EU-Parlaments bis 2033 schrittweise saniert werden. Allein f\u00fcr Geb\u00e4ude in Deutschland werden Kosten in H\u00f6he von 254 Milliarden Euro erwartet.\n            <\/div>\n<p><\/p>\n<div class=\"Text-root Text-type_5 ArticleView-text ViewText-root \">\n<p>Das EU-Parlament hat einer umstrittenen \u00dcberarbeitung des Klimapakets zugestimmt. Um den Energieverbrauch zu senken, soll die Energieeffizienz aller Wohngeb\u00e4ude in der EU k\u00fcnftig auf einer Skala von &#8220;A&#8221; bis &#8220;G&#8221; erfasst werden. Besitzer von Geb\u00e4uden mit schlechter Energieeffizienz sollen zur Sanierung verpflichtet werden.\u00a0Bevor die Entscheidung des EU-Parlaments umgesetzt werden kann, m\u00fcssen zun\u00e4chst noch die EU-Mitgliedstaaten zustimmen.<\/p>\n<p>35 Millionen Immobilien sollen laut einem Bericht des <em>Spiegel<\/em> sch\u00e4tzungsweise betroffen sein. Entsprechende Wohngeb\u00e4ude sollen bis 2030 die Effizienzklasse &#8220;E&#8221; erreichen und bis 2033 Effizienzklasse &#8220;D&#8221;. Zudem sollen alle Neubauten ab 2030 emissionsfrei sein. Insgesamt will die EU die CO\u2082-Emissionen bis 2030 um 55 Prozent senken. Wohngeb\u00e4ude sollen laut EU-Kommission f\u00fcr 36 Prozent der Treibhausgas-Emissionen verantwortlich sein. Der Energieverbrauch soll im selben Zeitraum um 40 Prozent sinken.<\/p>\n<p>Nicht zuletzt aufgrund der hohen Kosten f\u00fcr Hausbesitzer ist das Vorhaben umstritten. Laut der F\u00f6rderbank KfW k\u00f6nnte die Umsetzung bis zu 254 Milliarden Euro kosten. Bef\u00fcrworter argumentieren, dass das investierte Geld durch den sinkenden Energieverbrauch bei den Heizkosten ausgeglichen werde. Zudem hatte die EU-Kommission Ende 2021 F\u00f6rdermittel in H\u00f6he von 150 Milliarden Euro versprochen.<\/p>\n<p><strong>Mehr zum Thema <\/strong>\u2013\u00a0<a rel=\"nofollow noopener\" target=\"_blank\" href=\"https:\/\/de.rt.com\/europa\/165030-um-117-prozent-eu-einigt\/\">Um 11,7 Prozent: EU einigt sich auf Vereinbarung zur Senkung des Energieverbrauchs bis 2030<\/a><\/p>\n<div class=\"EmbedBlock-root EmbedBlock-externalVideo EmbedBlock-odysee\">\n<div class=\"VkEmbed\"><iframe class=\"lazyload\" data-src=\"https:\/\/odysee.com\/%24\/embed\/%40RTDE%3Ae%2FRegierungssprecher-zu-Bankencrash-in-den-USA-Wir-beobachten-die-aktuelle-Lage%3Aa\" frameborder=\"0\" width=\"853\" height=\"480\" allowfullscreen><\/iframe><\/div>\n<\/div>\n<\/div>\n<p><br \/>\n<br \/><a href=\"https:\/\/de.rt.com\/europa\/165325-eu-parlament-stimmt-fuer-umstrittene-klimasanierung-wohngebaeude\/\">Source link <\/a><\/p>\n","protected":false},"excerpt":{"rendered":"<p>Geb\u00e4ude mit einer schlechten Effizienzklasse sollen laut einer Entscheidung des EU-Parlaments bis 2033 schrittweise saniert werden. Allein f\u00fcr Geb\u00e4ude in Deutschland werden Kosten in H\u00f6he von 254 Milliarden Euro erwartet. Das EU-Parlament hat einer umstrittenen \u00dcberarbeitung des Klimapakets zugestimmt. Um den Energieverbrauch zu senken, soll die Energieeffizienz aller Wohngeb\u00e4ude in der EU k\u00fcnftig auf einer [&hellip;]<\/p>\n","protected":false},"author":3,"featured_media":32238,"comment_status":"open","ping_status":"open","sticky":false,"template":"","format":"standard","meta":{"_yoast_indexnow_last_ping":["1678813444"],"wp_automatic_camp":["217"],"9cd3b41ed414cf152d9783e3cc6888e0":["EU-Parlament stimmt f\u00fcr umstrittene &quot;Klimasanierung&quot; von Wohngeb\u00e4uden"],"original_link":["https:\/\/de.rt.com\/europa\/165325-eu-parlament-stimmt-fuer-umstrittene-klimasanierung-wohngebaeude\/"],"_thumbnail_id":["32238"],"_wptgpro_p2tg_sent2tg":["a:1:{i:23737;s:19:\"2023-03-14 19:05:07\";}"],"jnews_social_counter_last_update":["1777186203"]},"categories":[19,23],"tags":[20898,221,41977,12453,13984,50,41978],"yoast_head":"<!-- This site is optimized with the Yoast SEO Premium plugin v22.7 (Yoast SEO v22.7) - https:\/\/yoast.com\/wordpress\/plugins\/seo\/ -->\n<title>EU-Parlament stimmt f\u00fcr umstrittene &quot;Klimasanierung&quot; von Wohngeb\u00e4uden - just-now.NEWS Deutschland<\/title>\n<meta name=\"robots\" content=\"index, follow, max-snippet:-1, max-image-preview:large, max-video-preview:-1\" \/>\n<link rel=\"canonical\" href=\"https:\/\/now-news.de\/de\/deutschland\/eu-parlament-stimmt-fuer-umstrittene-klimasanierung-von-wohngebaeuden\/\" \/>\n<meta property=\"og:locale\" content=\"de_DE\" \/>\n<meta property=\"og:type\" content=\"article\" \/>\n<meta property=\"og:title\" content=\"EU-Parlament stimmt f\u00fcr umstrittene &quot;Klimasanierung&quot; von Wohngeb\u00e4uden\" \/>\n<meta property=\"og:description\" content=\"Geb\u00e4ude mit einer schlechten Effizienzklasse sollen laut einer Entscheidung des EU-Parlaments bis 2033 schrittweise saniert werden. Allein f\u00fcr Geb\u00e4ude in Deutschland werden Kosten in H\u00f6he von 254 Milliarden Euro erwartet. Das EU-Parlament hat einer umstrittenen \u00dcberarbeitung des Klimapakets zugestimmt. Um den Energieverbrauch zu senken, soll die Energieeffizienz aller Wohngeb\u00e4ude in der EU k\u00fcnftig auf einer [&hellip;]\" \/>\n<meta property=\"og:url\" content=\"https:\/\/now-news.de\/de\/deutschland\/eu-parlament-stimmt-fuer-umstrittene-klimasanierung-von-wohngebaeuden\/\" \/>\n<meta property=\"og:site_name\" content=\"just-now.NEWS Deutschland\" \/>\n<meta property=\"article:publisher\" content=\"https:\/\/www.facebook.com\/wirmachenauf\" \/>\n<meta property=\"article:published_time\" content=\"2023-03-14T16:52:05+00:00\" \/>\n<meta property=\"og:image\" content=\"https:\/\/now-news.de\/de\/wp-content\/uploads\/sites\/3\/2023\/03\/EU-Parlament-stimmt-fuer-umstrittene-quotKlimasanierungquot-von-Wohngebaeuden.jpg\" \/>\n\t<meta property=\"og:image:width\" content=\"460\" \/>\n\t<meta property=\"og:image:height\" content=\"259\" \/>\n\t<meta property=\"og:image:type\" content=\"image\/jpeg\" \/>\n<meta name=\"author\" content=\"rtnews\" \/>\n<meta name=\"twitter:card\" content=\"summary_large_image\" \/>\n<meta name=\"twitter:creator\" content=\"@WirMachenAuf_de\" \/>\n<meta name=\"twitter:site\" content=\"@WirMachenAuf_de\" \/>\n<meta name=\"twitter:label1\" content=\"Verfasst von\" \/>\n\t<meta name=\"twitter:data1\" content=\"rtnews\" \/>\n\t<meta name=\"twitter:label2\" content=\"Gesch\u00e4tzte Lesezeit\" \/>\n\t<meta name=\"twitter:data2\" content=\"1\u00a0Minute\" \/>\n<script type=\"application\/ld+json\" class=\"yoast-schema-graph\">{\"@context\":\"https:\/\/schema.org\",\"@graph\":[{\"@type\":\"Article\",\"@id\":\"https:\/\/now-news.de\/de\/deutschland\/eu-parlament-stimmt-fuer-umstrittene-klimasanierung-von-wohngebaeuden\/#article\",\"isPartOf\":{\"@id\":\"https:\/\/now-news.de\/de\/deutschland\/eu-parlament-stimmt-fuer-umstrittene-klimasanierung-von-wohngebaeuden\/\"},\"author\":{\"name\":\"rtnews\",\"@id\":\"https:\/\/now-news.de\/de\/#\/schema\/person\/fb534a4e865501d8b3285208df34a9b5\"},\"headline\":\"EU-Parlament stimmt f\u00fcr umstrittene &quot;Klimasanierung&quot; von Wohngeb\u00e4uden\",\"datePublished\":\"2023-03-14T16:52:05+00:00\",\"dateModified\":\"2023-03-14T16:52:05+00:00\",\"mainEntityOfPage\":{\"@id\":\"https:\/\/now-news.de\/de\/deutschland\/eu-parlament-stimmt-fuer-umstrittene-klimasanierung-von-wohngebaeuden\/\"},\"wordCount\":244,\"commentCount\":0,\"publisher\":{\"@id\":\"https:\/\/now-news.de\/de\/#organization\"},\"image\":{\"@id\":\"https:\/\/now-news.de\/de\/deutschland\/eu-parlament-stimmt-fuer-umstrittene-klimasanierung-von-wohngebaeuden\/#primaryimage\"},\"thumbnailUrl\":\"https:\/\/now-news.de\/de\/wp-content\/uploads\/sites\/3\/2023\/03\/EU-Parlament-stimmt-fuer-umstrittene-quotKlimasanierungquot-von-Wohngebaeuden.jpg\",\"keywords\":[\"EUParlament\",\"f\u00fcr\",\"quotKlimasanierungquot\",\"stimmt\",\"umstrittene\",\"von\",\"Wohngeb\u00e4uden\"],\"articleSection\":[\"Deutschland\",\"Russland\"],\"inLanguage\":\"de\",\"potentialAction\":[{\"@type\":\"CommentAction\",\"name\":\"Comment\",\"target\":[\"https:\/\/now-news.de\/de\/deutschland\/eu-parlament-stimmt-fuer-umstrittene-klimasanierung-von-wohngebaeuden\/#respond\"]}]},{\"@type\":\"WebPage\",\"@id\":\"https:\/\/now-news.de\/de\/deutschland\/eu-parlament-stimmt-fuer-umstrittene-klimasanierung-von-wohngebaeuden\/\",\"url\":\"https:\/\/now-news.de\/de\/deutschland\/eu-parlament-stimmt-fuer-umstrittene-klimasanierung-von-wohngebaeuden\/\",\"name\":\"EU-Parlament stimmt f\u00fcr umstrittene &quot;Klimasanierung&quot; von Wohngeb\u00e4uden - just-now.NEWS Deutschland\",\"isPartOf\":{\"@id\":\"https:\/\/now-news.de\/de\/#website\"},\"primaryImageOfPage\":{\"@id\":\"https:\/\/now-news.de\/de\/deutschland\/eu-parlament-stimmt-fuer-umstrittene-klimasanierung-von-wohngebaeuden\/#primaryimage\"},\"image\":{\"@id\":\"https:\/\/now-news.de\/de\/deutschland\/eu-parlament-stimmt-fuer-umstrittene-klimasanierung-von-wohngebaeuden\/#primaryimage\"},\"thumbnailUrl\":\"https:\/\/now-news.de\/de\/wp-content\/uploads\/sites\/3\/2023\/03\/EU-Parlament-stimmt-fuer-umstrittene-quotKlimasanierungquot-von-Wohngebaeuden.jpg\",\"datePublished\":\"2023-03-14T16:52:05+00:00\",\"dateModified\":\"2023-03-14T16:52:05+00:00\",\"breadcrumb\":{\"@id\":\"https:\/\/now-news.de\/de\/deutschland\/eu-parlament-stimmt-fuer-umstrittene-klimasanierung-von-wohngebaeuden\/#breadcrumb\"},\"inLanguage\":\"de\",\"potentialAction\":[{\"@type\":\"ReadAction\",\"target\":[\"https:\/\/now-news.de\/de\/deutschland\/eu-parlament-stimmt-fuer-umstrittene-klimasanierung-von-wohngebaeuden\/\"]}]},{\"@type\":\"ImageObject\",\"inLanguage\":\"de\",\"@id\":\"https:\/\/now-news.de\/de\/deutschland\/eu-parlament-stimmt-fuer-umstrittene-klimasanierung-von-wohngebaeuden\/#primaryimage\",\"url\":\"https:\/\/now-news.de\/de\/wp-content\/uploads\/sites\/3\/2023\/03\/EU-Parlament-stimmt-fuer-umstrittene-quotKlimasanierungquot-von-Wohngebaeuden.jpg\",\"contentUrl\":\"https:\/\/now-news.de\/de\/wp-content\/uploads\/sites\/3\/2023\/03\/EU-Parlament-stimmt-fuer-umstrittene-quotKlimasanierungquot-von-Wohngebaeuden.jpg\",\"width\":460,\"height\":259,\"caption\":\"EU-Parlament stimmt f\u00fcr umstrittene &quot;Klimasanierung&quot; von Wohngeb\u00e4uden\"},{\"@type\":\"BreadcrumbList\",\"@id\":\"https:\/\/now-news.de\/de\/deutschland\/eu-parlament-stimmt-fuer-umstrittene-klimasanierung-von-wohngebaeuden\/#breadcrumb\",\"itemListElement\":[{\"@type\":\"ListItem\",\"position\":1,\"name\":\"Home\",\"item\":\"https:\/\/now-news.de\/de\/\"},{\"@type\":\"ListItem\",\"position\":2,\"name\":\"EU-Parlament stimmt f\u00fcr umstrittene &quot;Klimasanierung&quot; von Wohngeb\u00e4uden\"}]},{\"@type\":\"WebSite\",\"@id\":\"https:\/\/now-news.de\/de\/#website\",\"url\":\"https:\/\/now-news.de\/de\/\",\"name\":\"just-now.NEWS Deutschland\",\"description\":\"Das Portal f\u00fcr unzensierte Nachrichten aus der Welt\",\"publisher\":{\"@id\":\"https:\/\/now-news.de\/de\/#organization\"},\"potentialAction\":[{\"@type\":\"SearchAction\",\"target\":{\"@type\":\"EntryPoint\",\"urlTemplate\":\"https:\/\/now-news.de\/de\/?s={search_term_string}\"},\"query-input\":\"required name=search_term_string\"}],\"inLanguage\":\"de\"},{\"@type\":\"Organization\",\"@id\":\"https:\/\/now-news.de\/de\/#organization\",\"name\":\"Just Now News\",\"url\":\"https:\/\/now-news.de\/de\/\",\"logo\":{\"@type\":\"ImageObject\",\"inLanguage\":\"de\",\"@id\":\"https:\/\/now-news.de\/de\/#\/schema\/logo\/image\/\",\"url\":\"http:\/\/just-now.news\/de\/wp-content\/uploads\/sites\/3\/2022\/04\/logo500x500.jpg\",\"contentUrl\":\"http:\/\/just-now.news\/de\/wp-content\/uploads\/sites\/3\/2022\/04\/logo500x500.jpg\",\"width\":500,\"height\":500,\"caption\":\"Just Now News\"},\"image\":{\"@id\":\"https:\/\/now-news.de\/de\/#\/schema\/logo\/image\/\"},\"sameAs\":[\"https:\/\/www.facebook.com\/wirmachenauf\",\"https:\/\/x.com\/WirMachenAuf_de\"]},{\"@type\":\"Person\",\"@id\":\"https:\/\/now-news.de\/de\/#\/schema\/person\/fb534a4e865501d8b3285208df34a9b5\",\"name\":\"rtnews\",\"image\":{\"@type\":\"ImageObject\",\"inLanguage\":\"de\",\"@id\":\"https:\/\/now-news.de\/de\/#\/schema\/person\/image\/\",\"url\":\"https:\/\/secure.gravatar.com\/avatar\/82aafea7d8127119dd649515f56e2117?s=96&d=mm&r=g\",\"contentUrl\":\"https:\/\/secure.gravatar.com\/avatar\/82aafea7d8127119dd649515f56e2117?s=96&d=mm&r=g\",\"caption\":\"rtnews\"},\"url\":\"https:\/\/now-news.de\/de\/author\/rnews\/\"}]}<\/script>\n<!-- \/ Yoast SEO Premium plugin. -->","yoast_head_json":{"title":"EU-Parlament stimmt f\u00fcr umstrittene &quot;Klimasanierung&quot; von Wohngeb\u00e4uden - just-now.NEWS Deutschland","robots":{"index":"index","follow":"follow","max-snippet":"max-snippet:-1","max-image-preview":"max-image-preview:large","max-video-preview":"max-video-preview:-1"},"canonical":"https:\/\/now-news.de\/de\/deutschland\/eu-parlament-stimmt-fuer-umstrittene-klimasanierung-von-wohngebaeuden\/","og_locale":"de_DE","og_type":"article","og_title":"EU-Parlament stimmt f\u00fcr umstrittene &quot;Klimasanierung&quot; von Wohngeb\u00e4uden","og_description":"Geb\u00e4ude mit einer schlechten Effizienzklasse sollen laut einer Entscheidung des EU-Parlaments bis 2033 schrittweise saniert werden. Allein f\u00fcr Geb\u00e4ude in Deutschland werden Kosten in H\u00f6he von 254 Milliarden Euro erwartet. Das EU-Parlament hat einer umstrittenen \u00dcberarbeitung des Klimapakets zugestimmt. Um den Energieverbrauch zu senken, soll die Energieeffizienz aller Wohngeb\u00e4ude in der EU k\u00fcnftig auf einer [&hellip;]","og_url":"https:\/\/now-news.de\/de\/deutschland\/eu-parlament-stimmt-fuer-umstrittene-klimasanierung-von-wohngebaeuden\/","og_site_name":"just-now.NEWS Deutschland","article_publisher":"https:\/\/www.facebook.com\/wirmachenauf","article_published_time":"2023-03-14T16:52:05+00:00","og_image":[{"width":460,"height":259,"url":"https:\/\/now-news.de\/de\/wp-content\/uploads\/sites\/3\/2023\/03\/EU-Parlament-stimmt-fuer-umstrittene-quotKlimasanierungquot-von-Wohngebaeuden.jpg","type":"image\/jpeg"}],"author":"rtnews","twitter_card":"summary_large_image","twitter_creator":"@WirMachenAuf_de","twitter_site":"@WirMachenAuf_de","twitter_misc":{"Verfasst von":"rtnews","Gesch\u00e4tzte Lesezeit":"1\u00a0Minute"},"schema":{"@context":"https:\/\/schema.org","@graph":[{"@type":"Article","@id":"https:\/\/now-news.de\/de\/deutschland\/eu-parlament-stimmt-fuer-umstrittene-klimasanierung-von-wohngebaeuden\/#article","isPartOf":{"@id":"https:\/\/now-news.de\/de\/deutschland\/eu-parlament-stimmt-fuer-umstrittene-klimasanierung-von-wohngebaeuden\/"},"author":{"name":"rtnews","@id":"https:\/\/now-news.de\/de\/#\/schema\/person\/fb534a4e865501d8b3285208df34a9b5"},"headline":"EU-Parlament stimmt f\u00fcr umstrittene &quot;Klimasanierung&quot; von Wohngeb\u00e4uden","datePublished":"2023-03-14T16:52:05+00:00","dateModified":"2023-03-14T16:52:05+00:00","mainEntityOfPage":{"@id":"https:\/\/now-news.de\/de\/deutschland\/eu-parlament-stimmt-fuer-umstrittene-klimasanierung-von-wohngebaeuden\/"},"wordCount":244,"commentCount":0,"publisher":{"@id":"https:\/\/now-news.de\/de\/#organization"},"image":{"@id":"https:\/\/now-news.de\/de\/deutschland\/eu-parlament-stimmt-fuer-umstrittene-klimasanierung-von-wohngebaeuden\/#primaryimage"},"thumbnailUrl":"https:\/\/now-news.de\/de\/wp-content\/uploads\/sites\/3\/2023\/03\/EU-Parlament-stimmt-fuer-umstrittene-quotKlimasanierungquot-von-Wohngebaeuden.jpg","keywords":["EUParlament","f\u00fcr","quotKlimasanierungquot","stimmt","umstrittene","von","Wohngeb\u00e4uden"],"articleSection":["Deutschland","Russland"],"inLanguage":"de","potentialAction":[{"@type":"CommentAction","name":"Comment","target":["https:\/\/now-news.de\/de\/deutschland\/eu-parlament-stimmt-fuer-umstrittene-klimasanierung-von-wohngebaeuden\/#respond"]}]},{"@type":"WebPage","@id":"https:\/\/now-news.de\/de\/deutschland\/eu-parlament-stimmt-fuer-umstrittene-klimasanierung-von-wohngebaeuden\/","url":"https:\/\/now-news.de\/de\/deutschland\/eu-parlament-stimmt-fuer-umstrittene-klimasanierung-von-wohngebaeuden\/","name":"EU-Parlament stimmt f\u00fcr umstrittene &quot;Klimasanierung&quot; von Wohngeb\u00e4uden - just-now.NEWS Deutschland","isPartOf":{"@id":"https:\/\/now-news.de\/de\/#website"},"primaryImageOfPage":{"@id":"https:\/\/now-news.de\/de\/deutschland\/eu-parlament-stimmt-fuer-umstrittene-klimasanierung-von-wohngebaeuden\/#primaryimage"},"image":{"@id":"https:\/\/now-news.de\/de\/deutschland\/eu-parlament-stimmt-fuer-umstrittene-klimasanierung-von-wohngebaeuden\/#primaryimage"},"thumbnailUrl":"https:\/\/now-news.de\/de\/wp-content\/uploads\/sites\/3\/2023\/03\/EU-Parlament-stimmt-fuer-umstrittene-quotKlimasanierungquot-von-Wohngebaeuden.jpg","datePublished":"2023-03-14T16:52:05+00:00","dateModified":"2023-03-14T16:52:05+00:00","breadcrumb":{"@id":"https:\/\/now-news.de\/de\/deutschland\/eu-parlament-stimmt-fuer-umstrittene-klimasanierung-von-wohngebaeuden\/#breadcrumb"},"inLanguage":"de","potentialAction":[{"@type":"ReadAction","target":["https:\/\/now-news.de\/de\/deutschland\/eu-parlament-stimmt-fuer-umstrittene-klimasanierung-von-wohngebaeuden\/"]}]},{"@type":"ImageObject","inLanguage":"de","@id":"https:\/\/now-news.de\/de\/deutschland\/eu-parlament-stimmt-fuer-umstrittene-klimasanierung-von-wohngebaeuden\/#primaryimage","url":"https:\/\/now-news.de\/de\/wp-content\/uploads\/sites\/3\/2023\/03\/EU-Parlament-stimmt-fuer-umstrittene-quotKlimasanierungquot-von-Wohngebaeuden.jpg","contentUrl":"https:\/\/now-news.de\/de\/wp-content\/uploads\/sites\/3\/2023\/03\/EU-Parlament-stimmt-fuer-umstrittene-quotKlimasanierungquot-von-Wohngebaeuden.jpg","width":460,"height":259,"caption":"EU-Parlament stimmt f\u00fcr umstrittene &quot;Klimasanierung&quot; von Wohngeb\u00e4uden"},{"@type":"BreadcrumbList","@id":"https:\/\/now-news.de\/de\/deutschland\/eu-parlament-stimmt-fuer-umstrittene-klimasanierung-von-wohngebaeuden\/#breadcrumb","itemListElement":[{"@type":"ListItem","position":1,"name":"Home","item":"https:\/\/now-news.de\/de\/"},{"@type":"ListItem","position":2,"name":"EU-Parlament stimmt f\u00fcr umstrittene &quot;Klimasanierung&quot; von Wohngeb\u00e4uden"}]},{"@type":"WebSite","@id":"https:\/\/now-news.de\/de\/#website","url":"https:\/\/now-news.de\/de\/","name":"just-now.NEWS Deutschland","description":"Das Portal f\u00fcr unzensierte Nachrichten aus der Welt","publisher":{"@id":"https:\/\/now-news.de\/de\/#organization"},"potentialAction":[{"@type":"SearchAction","target":{"@type":"EntryPoint","urlTemplate":"https:\/\/now-news.de\/de\/?s={search_term_string}"},"query-input":"required name=search_term_string"}],"inLanguage":"de"},{"@type":"Organization","@id":"https:\/\/now-news.de\/de\/#organization","name":"Just Now News","url":"https:\/\/now-news.de\/de\/","logo":{"@type":"ImageObject","inLanguage":"de","@id":"https:\/\/now-news.de\/de\/#\/schema\/logo\/image\/","url":"http:\/\/just-now.news\/de\/wp-content\/uploads\/sites\/3\/2022\/04\/logo500x500.jpg","contentUrl":"http:\/\/just-now.news\/de\/wp-content\/uploads\/sites\/3\/2022\/04\/logo500x500.jpg","width":500,"height":500,"caption":"Just Now News"},"image":{"@id":"https:\/\/now-news.de\/de\/#\/schema\/logo\/image\/"},"sameAs":["https:\/\/www.facebook.com\/wirmachenauf","https:\/\/x.com\/WirMachenAuf_de"]},{"@type":"Person","@id":"https:\/\/now-news.de\/de\/#\/schema\/person\/fb534a4e865501d8b3285208df34a9b5","name":"rtnews","image":{"@type":"ImageObject","inLanguage":"de","@id":"https:\/\/now-news.de\/de\/#\/schema\/person\/image\/","url":"https:\/\/secure.gravatar.com\/avatar\/82aafea7d8127119dd649515f56e2117?s=96&d=mm&r=g","contentUrl":"https:\/\/secure.gravatar.com\/avatar\/82aafea7d8127119dd649515f56e2117?s=96&d=mm&r=g","caption":"rtnews"},"url":"https:\/\/now-news.de\/de\/author\/rnews\/"}]}},"_links":{"self":[{"href":"https:\/\/now-news.de\/de\/wp-json\/wp\/v2\/posts\/32237"}],"collection":[{"href":"https:\/\/now-news.de\/de\/wp-json\/wp\/v2\/posts"}],"about":[{"href":"https:\/\/now-news.de\/de\/wp-json\/wp\/v2\/types\/post"}],"author":[{"embeddable":true,"href":"https:\/\/now-news.de\/de\/wp-json\/wp\/v2\/users\/3"}],"replies":[{"embeddable":true,"href":"https:\/\/now-news.de\/de\/wp-json\/wp\/v2\/comments?post=32237"}],"version-history":[{"count":0,"href":"https:\/\/now-news.de\/de\/wp-json\/wp\/v2\/posts\/32237\/revisions"}],"wp:featuredmedia":[{"embeddable":true,"href":"https:\/\/now-news.de\/de\/wp-json\/wp\/v2\/media\/32238"}],"wp:attachment":[{"href":"https:\/\/now-news.de\/de\/wp-json\/wp\/v2\/media?parent=32237"}],"wp:term":[{"taxonomy":"category","embeddable":true,"href":"https:\/\/now-news.de\/de\/wp-json\/wp\/v2\/categories?post=32237"},{"taxonomy":"post_tag","embeddable":true,"href":"https:\/\/now-news.de\/de\/wp-json\/wp\/v2\/tags?post=32237"}],"curies":[{"name":"wp","href":"https:\/\/api.w.org\/{rel}","templated":true}]}}