{"id":32214,"date":"2023-03-14T14:56:40","date_gmt":"2023-03-14T12:56:40","guid":{"rendered":"https:\/\/just-now.news\/de\/deutschland\/serbien-minister-verlangt-sanktionen-gegen-russland-ruecktritt-gefordert\/"},"modified":"2023-03-14T14:56:40","modified_gmt":"2023-03-14T12:56:40","slug":"serbien-minister-verlangt-sanktionen-gegen-russland-ruecktritt-gefordert","status":"publish","type":"post","link":"https:\/\/now-news.de\/de\/deutschland\/serbien-minister-verlangt-sanktionen-gegen-russland-ruecktritt-gefordert\/","title":{"rendered":"Serbien: Minister verlangt Sanktionen gegen Russland \u2013 R\u00fccktritt gefordert"},"content":{"rendered":"<p><img decoding=\"async\" src=\"http:\/\/just-now.news\/de\/wp-content\/uploads\/sites\/3\/2023\/03\/641046eab480cc76d22677ae.jpg\" \/><\/p>\n<div class=\"Text-root Text-type_1 \">\n                Serbiens Wirtschaftsminister Rade Basta spricht sich f\u00fcr die Verh\u00e4ngung von Sanktionen gegen Russland aus. Nun werden Forderungen nach seinem R\u00fccktritt laut. Auch das russische Au\u00dfenministerium meldet sich zu Wort.\n            <\/div>\n<p><\/p>\n<div class=\"Text-root Text-type_5 ArticleView-text ViewText-root \">\n<p>Serbien sollte sich den Sanktionen der USA und der EU gegen Moskau anschlie\u00dfen, da das Land unter unertr\u00e4glichem Druck des Westens stehe, erkl\u00e4rte Serbiens Wirtschaftsminister Rade Basta, der aus der Partei &#8220;Vereintes Serbien&#8221; kommt, am Montag. &#8220;Unser Land zahlt bereits einen hohen Preis f\u00fcr die Nicht-Sanktionierung Russlands, und das wird unertr\u00e4glich&#8221;, schrieb er auf Twitter.\u00a0Als Wirtschaftsminister k\u00f6nne er\u00a0den Druck nicht akzeptieren, der auf den serbischen Pr\u00e4sidenten Aleksandar Vu\u010di\u0107 ausge\u00fcbt wird. Zudem rief er alle Minister auf, sich zu dieser Angelegenheit umgehend zu \u00e4u\u00dfern. Dazu postete er ein Foto, auf dem er vor den Flaggen Serbiens, der USA und der EU zu sehen ist.<\/p>\n<div class=\"EmbedBlock-root EmbedBlock-twitter\">\n<div class=\"TwitterEmbed\">\n<blockquote class=\"twitter-tweet lazyload\" data-twitter=\"twitter-tweet\">\n<p lang=\"und\" dir=\"ltr\">\u203c\ufe0fNa\u0161a zemlja ve\u0107 pla\u0107a veliku cenu zbog neuvo\u0111enja sankcija Rusiji i to postaje neizdr\u017eivo. Ja kao ministar privrede da gledam koliki se pritisak vr\u0161i na predsednika Srbije Aleksandra Vu\u010di\u0107a, a da mi \u0107utimo, to ne mogu da prihvatim. <a rel=\"nofollow noopener\" target=\"_blank\" href=\"https:\/\/t.co\/zmGRMqNxPd\">pic.twitter.com\/zmGRMqNxPd<\/a><\/p>\n<p>\u2014 Rade Basta (@MinistarBasta) <a rel=\"nofollow noopener\" target=\"_blank\" href=\"https:\/\/twitter.com\/MinistarBasta\/status\/1635286711952629763?ref_src=twsrc%5Etfw\">March 13, 2023<\/a><\/p><\/blockquote>\n<\/div>\n<\/div>\n<p>Sein Parteichef\u00a0Dragan Markovi\u0107 meinte, Basta habe seine pers\u00f6nliche Sicht der Dinge dargestellt. Auch Au\u00dfenminister Ivica Da\u010di\u0107 sprach sich gegen das Vorhaben aus. Er erkl\u00e4rte der Nachrichtenagentur <em>Tanjug<\/em>, dass er und die Sozialistische Partei die von Vucic vertretene Politik nachdr\u00fccklich unterst\u00fctzen. Aleksandar Vulin, ehemaliger Verteidigungs- und Innenminister, ging noch weiter und forderte den R\u00fccktritt Bastas. Er bezeichnete ihn als Feigling, der sich hinter dem Pr\u00e4sidenten verstecke, w\u00e4hrend er dessen Politik angreife.\u00a0<\/p>\n<p>Die Sprecherin des russischen Au\u00dfenministeriums Maria Sacharowa reagierte umgehend: &#8220;Was f\u00fcr eine seltsame Position: Die USA \u00fcben Druck auf Serbien aus, und der serbische Minister fordert Ma\u00dfnahmen gegen Russland.&#8221; Sie mutma\u00dfte, dass mit der Einf\u00fchrung von Sanktionen gegen Russland der Druck der USA auf Serbien nicht aufh\u00f6ren, sondern zunehmen werde.<\/p>\n<p>Vu\u010di\u0107 hatte erst im Februar deutlich gemacht, er wisse nicht, wie lange sein Land Sanktionen gegen Russland vermeiden k\u00f6nne. Ihm zufolge zahlt Belgrad einen hohen Preis daf\u00fcr, keine Sanktionen zu verh\u00e4ngen. Seit dem 24. Februar 2022 hatten die USA, die Europ\u00e4ischen Union, Gro\u00dfbritannien und andere L\u00e4nder umfangreiche Sanktionen gegen Russland verh\u00e4ngt. Serbien weigerte sich, sich diesen Ma\u00dfnahmen anzuschlie\u00dfen, betonte aber, dass Belgrad f\u00fcr die territoriale Integrit\u00e4t der Ukraine einstehe.<\/p>\n<p><strong>Mehr zum Thema<\/strong> &#8211; <a rel=\"nofollow noopener\" target=\"_blank\" href=\"https:\/\/de.rt.com\/europa\/165040-vucic-kosovo-will-krieg-zwischen-nato-und-serbien\/\">Vu\u010di\u0107: Kosovo will einen Krieg zwischen NATO und Serbien herbeif\u00fchren<\/a><\/p>\n<\/p>\n<\/div>\n<p><script async src=\"https:\/\/platform.twitter.com\/widgets.js\" charset=\"utf-8\"><\/script><br \/>\n<br \/><br \/>\n<br \/><a href=\"https:\/\/de.rt.com\/europa\/165281-serbien-minister-verlangt-sanktionen-gegen-russland-ruecktritt-gefordert\/\">Source link <\/a><\/p>\n","protected":false},"excerpt":{"rendered":"<p>Serbiens Wirtschaftsminister Rade Basta spricht sich f\u00fcr die Verh\u00e4ngung von Sanktionen gegen Russland aus. Nun werden Forderungen nach seinem R\u00fccktritt laut. Auch das russische Au\u00dfenministerium meldet sich zu Wort. Serbien sollte sich den Sanktionen der USA und der EU gegen Moskau anschlie\u00dfen, da das Land unter unertr\u00e4glichem Druck des Westens stehe, erkl\u00e4rte Serbiens Wirtschaftsminister Rade [&hellip;]<\/p>\n","protected":false},"author":3,"featured_media":32215,"comment_status":"open","ping_status":"open","sticky":false,"template":"","format":"standard","meta":{"_yoast_indexnow_last_ping":["1678798919"],"wp_automatic_camp":["217"],"821eae5bd78d06e94ec68483810dc7fa":["Serbien: Minister verlangt Sanktionen gegen Russland \u2013 R\u00fccktritt gefordert"],"original_link":["https:\/\/de.rt.com\/europa\/165281-serbien-minister-verlangt-sanktionen-gegen-russland-ruecktritt-gefordert\/"],"_thumbnail_id":["32215"],"_wptgpro_p2tg_sent2tg":["a:1:{i:23737;s:19:\"2023-03-14 15:03:05\";}"],"jnews_social_counter_last_update":["1777190513"]},"categories":[19,23],"tags":[28700,278,11319,11411,126,713,978,18985],"yoast_head":"<!-- This site is optimized with the Yoast SEO Premium plugin v22.7 (Yoast SEO v22.7) - https:\/\/yoast.com\/wordpress\/plugins\/seo\/ -->\n<title>Serbien: Minister verlangt Sanktionen gegen Russland \u2013 R\u00fccktritt gefordert - just-now.NEWS Deutschland<\/title>\n<meta name=\"robots\" content=\"index, follow, max-snippet:-1, max-image-preview:large, max-video-preview:-1\" \/>\n<link rel=\"canonical\" href=\"https:\/\/now-news.de\/de\/deutschland\/serbien-minister-verlangt-sanktionen-gegen-russland-ruecktritt-gefordert\/\" \/>\n<meta property=\"og:locale\" content=\"de_DE\" \/>\n<meta property=\"og:type\" content=\"article\" \/>\n<meta property=\"og:title\" content=\"Serbien: Minister verlangt Sanktionen gegen Russland \u2013 R\u00fccktritt gefordert\" \/>\n<meta property=\"og:description\" content=\"Serbiens Wirtschaftsminister Rade Basta spricht sich f\u00fcr die Verh\u00e4ngung von Sanktionen gegen Russland aus. Nun werden Forderungen nach seinem R\u00fccktritt laut. Auch das russische Au\u00dfenministerium meldet sich zu Wort. Serbien sollte sich den Sanktionen der USA und der EU gegen Moskau anschlie\u00dfen, da das Land unter unertr\u00e4glichem Druck des Westens stehe, erkl\u00e4rte Serbiens Wirtschaftsminister Rade [&hellip;]\" \/>\n<meta property=\"og:url\" content=\"https:\/\/now-news.de\/de\/deutschland\/serbien-minister-verlangt-sanktionen-gegen-russland-ruecktritt-gefordert\/\" \/>\n<meta property=\"og:site_name\" content=\"just-now.NEWS Deutschland\" \/>\n<meta property=\"article:publisher\" content=\"https:\/\/www.facebook.com\/wirmachenauf\" \/>\n<meta property=\"article:published_time\" content=\"2023-03-14T12:56:40+00:00\" \/>\n<meta property=\"og:image\" content=\"https:\/\/now-news.de\/de\/wp-content\/uploads\/sites\/3\/2023\/03\/Serbien-Minister-verlangt-Sanktionen-gegen-Russland-\u2013-Ruecktritt-gefordert.jpg\" \/>\n\t<meta property=\"og:image:width\" content=\"460\" \/>\n\t<meta property=\"og:image:height\" content=\"259\" \/>\n\t<meta property=\"og:image:type\" content=\"image\/jpeg\" \/>\n<meta name=\"author\" content=\"rtnews\" \/>\n<meta name=\"twitter:card\" content=\"summary_large_image\" \/>\n<meta name=\"twitter:creator\" content=\"@WirMachenAuf_de\" \/>\n<meta name=\"twitter:site\" content=\"@WirMachenAuf_de\" \/>\n<meta name=\"twitter:label1\" content=\"Verfasst von\" \/>\n\t<meta name=\"twitter:data1\" content=\"rtnews\" \/>\n\t<meta name=\"twitter:label2\" content=\"Gesch\u00e4tzte Lesezeit\" \/>\n\t<meta name=\"twitter:data2\" content=\"2\u00a0Minuten\" \/>\n<script type=\"application\/ld+json\" class=\"yoast-schema-graph\">{\"@context\":\"https:\/\/schema.org\",\"@graph\":[{\"@type\":\"Article\",\"@id\":\"https:\/\/now-news.de\/de\/deutschland\/serbien-minister-verlangt-sanktionen-gegen-russland-ruecktritt-gefordert\/#article\",\"isPartOf\":{\"@id\":\"https:\/\/now-news.de\/de\/deutschland\/serbien-minister-verlangt-sanktionen-gegen-russland-ruecktritt-gefordert\/\"},\"author\":{\"name\":\"rtnews\",\"@id\":\"https:\/\/now-news.de\/de\/#\/schema\/person\/fb534a4e865501d8b3285208df34a9b5\"},\"headline\":\"Serbien: Minister verlangt Sanktionen gegen Russland \u2013 R\u00fccktritt gefordert\",\"datePublished\":\"2023-03-14T12:56:40+00:00\",\"dateModified\":\"2023-03-14T12:56:40+00:00\",\"mainEntityOfPage\":{\"@id\":\"https:\/\/now-news.de\/de\/deutschland\/serbien-minister-verlangt-sanktionen-gegen-russland-ruecktritt-gefordert\/\"},\"wordCount\":444,\"commentCount\":0,\"publisher\":{\"@id\":\"https:\/\/now-news.de\/de\/#organization\"},\"image\":{\"@id\":\"https:\/\/now-news.de\/de\/deutschland\/serbien-minister-verlangt-sanktionen-gegen-russland-ruecktritt-gefordert\/#primaryimage\"},\"thumbnailUrl\":\"https:\/\/now-news.de\/de\/wp-content\/uploads\/sites\/3\/2023\/03\/Serbien-Minister-verlangt-Sanktionen-gegen-Russland-\u2013-Ruecktritt-gefordert.jpg\",\"keywords\":[\"gefordert\",\"gegen\",\"Minister\",\"R\u00fccktritt\",\"russland\",\"Sanktionen\",\"Serbien\",\"verlangt\"],\"articleSection\":[\"Deutschland\",\"Russland\"],\"inLanguage\":\"de\",\"potentialAction\":[{\"@type\":\"CommentAction\",\"name\":\"Comment\",\"target\":[\"https:\/\/now-news.de\/de\/deutschland\/serbien-minister-verlangt-sanktionen-gegen-russland-ruecktritt-gefordert\/#respond\"]}]},{\"@type\":\"WebPage\",\"@id\":\"https:\/\/now-news.de\/de\/deutschland\/serbien-minister-verlangt-sanktionen-gegen-russland-ruecktritt-gefordert\/\",\"url\":\"https:\/\/now-news.de\/de\/deutschland\/serbien-minister-verlangt-sanktionen-gegen-russland-ruecktritt-gefordert\/\",\"name\":\"Serbien: Minister verlangt Sanktionen gegen Russland \u2013 R\u00fccktritt gefordert - just-now.NEWS Deutschland\",\"isPartOf\":{\"@id\":\"https:\/\/now-news.de\/de\/#website\"},\"primaryImageOfPage\":{\"@id\":\"https:\/\/now-news.de\/de\/deutschland\/serbien-minister-verlangt-sanktionen-gegen-russland-ruecktritt-gefordert\/#primaryimage\"},\"image\":{\"@id\":\"https:\/\/now-news.de\/de\/deutschland\/serbien-minister-verlangt-sanktionen-gegen-russland-ruecktritt-gefordert\/#primaryimage\"},\"thumbnailUrl\":\"https:\/\/now-news.de\/de\/wp-content\/uploads\/sites\/3\/2023\/03\/Serbien-Minister-verlangt-Sanktionen-gegen-Russland-\u2013-Ruecktritt-gefordert.jpg\",\"datePublished\":\"2023-03-14T12:56:40+00:00\",\"dateModified\":\"2023-03-14T12:56:40+00:00\",\"breadcrumb\":{\"@id\":\"https:\/\/now-news.de\/de\/deutschland\/serbien-minister-verlangt-sanktionen-gegen-russland-ruecktritt-gefordert\/#breadcrumb\"},\"inLanguage\":\"de\",\"potentialAction\":[{\"@type\":\"ReadAction\",\"target\":[\"https:\/\/now-news.de\/de\/deutschland\/serbien-minister-verlangt-sanktionen-gegen-russland-ruecktritt-gefordert\/\"]}]},{\"@type\":\"ImageObject\",\"inLanguage\":\"de\",\"@id\":\"https:\/\/now-news.de\/de\/deutschland\/serbien-minister-verlangt-sanktionen-gegen-russland-ruecktritt-gefordert\/#primaryimage\",\"url\":\"https:\/\/now-news.de\/de\/wp-content\/uploads\/sites\/3\/2023\/03\/Serbien-Minister-verlangt-Sanktionen-gegen-Russland-\u2013-Ruecktritt-gefordert.jpg\",\"contentUrl\":\"https:\/\/now-news.de\/de\/wp-content\/uploads\/sites\/3\/2023\/03\/Serbien-Minister-verlangt-Sanktionen-gegen-Russland-\u2013-Ruecktritt-gefordert.jpg\",\"width\":460,\"height\":259,\"caption\":\"Serbien: Minister verlangt Sanktionen gegen Russland \u2013 R\u00fccktritt gefordert\"},{\"@type\":\"BreadcrumbList\",\"@id\":\"https:\/\/now-news.de\/de\/deutschland\/serbien-minister-verlangt-sanktionen-gegen-russland-ruecktritt-gefordert\/#breadcrumb\",\"itemListElement\":[{\"@type\":\"ListItem\",\"position\":1,\"name\":\"Home\",\"item\":\"https:\/\/now-news.de\/de\/\"},{\"@type\":\"ListItem\",\"position\":2,\"name\":\"Serbien: Minister verlangt Sanktionen gegen Russland \u2013 R\u00fccktritt gefordert\"}]},{\"@type\":\"WebSite\",\"@id\":\"https:\/\/now-news.de\/de\/#website\",\"url\":\"https:\/\/now-news.de\/de\/\",\"name\":\"just-now.NEWS Deutschland\",\"description\":\"Das Portal f\u00fcr unzensierte Nachrichten aus der Welt\",\"publisher\":{\"@id\":\"https:\/\/now-news.de\/de\/#organization\"},\"potentialAction\":[{\"@type\":\"SearchAction\",\"target\":{\"@type\":\"EntryPoint\",\"urlTemplate\":\"https:\/\/now-news.de\/de\/?s={search_term_string}\"},\"query-input\":\"required name=search_term_string\"}],\"inLanguage\":\"de\"},{\"@type\":\"Organization\",\"@id\":\"https:\/\/now-news.de\/de\/#organization\",\"name\":\"Just Now News\",\"url\":\"https:\/\/now-news.de\/de\/\",\"logo\":{\"@type\":\"ImageObject\",\"inLanguage\":\"de\",\"@id\":\"https:\/\/now-news.de\/de\/#\/schema\/logo\/image\/\",\"url\":\"http:\/\/just-now.news\/de\/wp-content\/uploads\/sites\/3\/2022\/04\/logo500x500.jpg\",\"contentUrl\":\"http:\/\/just-now.news\/de\/wp-content\/uploads\/sites\/3\/2022\/04\/logo500x500.jpg\",\"width\":500,\"height\":500,\"caption\":\"Just Now News\"},\"image\":{\"@id\":\"https:\/\/now-news.de\/de\/#\/schema\/logo\/image\/\"},\"sameAs\":[\"https:\/\/www.facebook.com\/wirmachenauf\",\"https:\/\/x.com\/WirMachenAuf_de\"]},{\"@type\":\"Person\",\"@id\":\"https:\/\/now-news.de\/de\/#\/schema\/person\/fb534a4e865501d8b3285208df34a9b5\",\"name\":\"rtnews\",\"image\":{\"@type\":\"ImageObject\",\"inLanguage\":\"de\",\"@id\":\"https:\/\/now-news.de\/de\/#\/schema\/person\/image\/\",\"url\":\"https:\/\/secure.gravatar.com\/avatar\/82aafea7d8127119dd649515f56e2117?s=96&d=mm&r=g\",\"contentUrl\":\"https:\/\/secure.gravatar.com\/avatar\/82aafea7d8127119dd649515f56e2117?s=96&d=mm&r=g\",\"caption\":\"rtnews\"},\"url\":\"https:\/\/now-news.de\/de\/author\/rnews\/\"}]}<\/script>\n<!-- \/ Yoast SEO Premium plugin. -->","yoast_head_json":{"title":"Serbien: Minister verlangt Sanktionen gegen Russland \u2013 R\u00fccktritt gefordert - just-now.NEWS Deutschland","robots":{"index":"index","follow":"follow","max-snippet":"max-snippet:-1","max-image-preview":"max-image-preview:large","max-video-preview":"max-video-preview:-1"},"canonical":"https:\/\/now-news.de\/de\/deutschland\/serbien-minister-verlangt-sanktionen-gegen-russland-ruecktritt-gefordert\/","og_locale":"de_DE","og_type":"article","og_title":"Serbien: Minister verlangt Sanktionen gegen Russland \u2013 R\u00fccktritt gefordert","og_description":"Serbiens Wirtschaftsminister Rade Basta spricht sich f\u00fcr die Verh\u00e4ngung von Sanktionen gegen Russland aus. Nun werden Forderungen nach seinem R\u00fccktritt laut. Auch das russische Au\u00dfenministerium meldet sich zu Wort. Serbien sollte sich den Sanktionen der USA und der EU gegen Moskau anschlie\u00dfen, da das Land unter unertr\u00e4glichem Druck des Westens stehe, erkl\u00e4rte Serbiens Wirtschaftsminister Rade [&hellip;]","og_url":"https:\/\/now-news.de\/de\/deutschland\/serbien-minister-verlangt-sanktionen-gegen-russland-ruecktritt-gefordert\/","og_site_name":"just-now.NEWS Deutschland","article_publisher":"https:\/\/www.facebook.com\/wirmachenauf","article_published_time":"2023-03-14T12:56:40+00:00","og_image":[{"width":460,"height":259,"url":"https:\/\/now-news.de\/de\/wp-content\/uploads\/sites\/3\/2023\/03\/Serbien-Minister-verlangt-Sanktionen-gegen-Russland-\u2013-Ruecktritt-gefordert.jpg","type":"image\/jpeg"}],"author":"rtnews","twitter_card":"summary_large_image","twitter_creator":"@WirMachenAuf_de","twitter_site":"@WirMachenAuf_de","twitter_misc":{"Verfasst von":"rtnews","Gesch\u00e4tzte Lesezeit":"2\u00a0Minuten"},"schema":{"@context":"https:\/\/schema.org","@graph":[{"@type":"Article","@id":"https:\/\/now-news.de\/de\/deutschland\/serbien-minister-verlangt-sanktionen-gegen-russland-ruecktritt-gefordert\/#article","isPartOf":{"@id":"https:\/\/now-news.de\/de\/deutschland\/serbien-minister-verlangt-sanktionen-gegen-russland-ruecktritt-gefordert\/"},"author":{"name":"rtnews","@id":"https:\/\/now-news.de\/de\/#\/schema\/person\/fb534a4e865501d8b3285208df34a9b5"},"headline":"Serbien: Minister verlangt Sanktionen gegen Russland \u2013 R\u00fccktritt gefordert","datePublished":"2023-03-14T12:56:40+00:00","dateModified":"2023-03-14T12:56:40+00:00","mainEntityOfPage":{"@id":"https:\/\/now-news.de\/de\/deutschland\/serbien-minister-verlangt-sanktionen-gegen-russland-ruecktritt-gefordert\/"},"wordCount":444,"commentCount":0,"publisher":{"@id":"https:\/\/now-news.de\/de\/#organization"},"image":{"@id":"https:\/\/now-news.de\/de\/deutschland\/serbien-minister-verlangt-sanktionen-gegen-russland-ruecktritt-gefordert\/#primaryimage"},"thumbnailUrl":"https:\/\/now-news.de\/de\/wp-content\/uploads\/sites\/3\/2023\/03\/Serbien-Minister-verlangt-Sanktionen-gegen-Russland-\u2013-Ruecktritt-gefordert.jpg","keywords":["gefordert","gegen","Minister","R\u00fccktritt","russland","Sanktionen","Serbien","verlangt"],"articleSection":["Deutschland","Russland"],"inLanguage":"de","potentialAction":[{"@type":"CommentAction","name":"Comment","target":["https:\/\/now-news.de\/de\/deutschland\/serbien-minister-verlangt-sanktionen-gegen-russland-ruecktritt-gefordert\/#respond"]}]},{"@type":"WebPage","@id":"https:\/\/now-news.de\/de\/deutschland\/serbien-minister-verlangt-sanktionen-gegen-russland-ruecktritt-gefordert\/","url":"https:\/\/now-news.de\/de\/deutschland\/serbien-minister-verlangt-sanktionen-gegen-russland-ruecktritt-gefordert\/","name":"Serbien: Minister verlangt Sanktionen gegen Russland \u2013 R\u00fccktritt gefordert - just-now.NEWS Deutschland","isPartOf":{"@id":"https:\/\/now-news.de\/de\/#website"},"primaryImageOfPage":{"@id":"https:\/\/now-news.de\/de\/deutschland\/serbien-minister-verlangt-sanktionen-gegen-russland-ruecktritt-gefordert\/#primaryimage"},"image":{"@id":"https:\/\/now-news.de\/de\/deutschland\/serbien-minister-verlangt-sanktionen-gegen-russland-ruecktritt-gefordert\/#primaryimage"},"thumbnailUrl":"https:\/\/now-news.de\/de\/wp-content\/uploads\/sites\/3\/2023\/03\/Serbien-Minister-verlangt-Sanktionen-gegen-Russland-\u2013-Ruecktritt-gefordert.jpg","datePublished":"2023-03-14T12:56:40+00:00","dateModified":"2023-03-14T12:56:40+00:00","breadcrumb":{"@id":"https:\/\/now-news.de\/de\/deutschland\/serbien-minister-verlangt-sanktionen-gegen-russland-ruecktritt-gefordert\/#breadcrumb"},"inLanguage":"de","potentialAction":[{"@type":"ReadAction","target":["https:\/\/now-news.de\/de\/deutschland\/serbien-minister-verlangt-sanktionen-gegen-russland-ruecktritt-gefordert\/"]}]},{"@type":"ImageObject","inLanguage":"de","@id":"https:\/\/now-news.de\/de\/deutschland\/serbien-minister-verlangt-sanktionen-gegen-russland-ruecktritt-gefordert\/#primaryimage","url":"https:\/\/now-news.de\/de\/wp-content\/uploads\/sites\/3\/2023\/03\/Serbien-Minister-verlangt-Sanktionen-gegen-Russland-\u2013-Ruecktritt-gefordert.jpg","contentUrl":"https:\/\/now-news.de\/de\/wp-content\/uploads\/sites\/3\/2023\/03\/Serbien-Minister-verlangt-Sanktionen-gegen-Russland-\u2013-Ruecktritt-gefordert.jpg","width":460,"height":259,"caption":"Serbien: Minister verlangt Sanktionen gegen Russland \u2013 R\u00fccktritt gefordert"},{"@type":"BreadcrumbList","@id":"https:\/\/now-news.de\/de\/deutschland\/serbien-minister-verlangt-sanktionen-gegen-russland-ruecktritt-gefordert\/#breadcrumb","itemListElement":[{"@type":"ListItem","position":1,"name":"Home","item":"https:\/\/now-news.de\/de\/"},{"@type":"ListItem","position":2,"name":"Serbien: Minister verlangt Sanktionen gegen Russland \u2013 R\u00fccktritt gefordert"}]},{"@type":"WebSite","@id":"https:\/\/now-news.de\/de\/#website","url":"https:\/\/now-news.de\/de\/","name":"just-now.NEWS Deutschland","description":"Das Portal f\u00fcr unzensierte Nachrichten aus der Welt","publisher":{"@id":"https:\/\/now-news.de\/de\/#organization"},"potentialAction":[{"@type":"SearchAction","target":{"@type":"EntryPoint","urlTemplate":"https:\/\/now-news.de\/de\/?s={search_term_string}"},"query-input":"required name=search_term_string"}],"inLanguage":"de"},{"@type":"Organization","@id":"https:\/\/now-news.de\/de\/#organization","name":"Just Now News","url":"https:\/\/now-news.de\/de\/","logo":{"@type":"ImageObject","inLanguage":"de","@id":"https:\/\/now-news.de\/de\/#\/schema\/logo\/image\/","url":"http:\/\/just-now.news\/de\/wp-content\/uploads\/sites\/3\/2022\/04\/logo500x500.jpg","contentUrl":"http:\/\/just-now.news\/de\/wp-content\/uploads\/sites\/3\/2022\/04\/logo500x500.jpg","width":500,"height":500,"caption":"Just Now News"},"image":{"@id":"https:\/\/now-news.de\/de\/#\/schema\/logo\/image\/"},"sameAs":["https:\/\/www.facebook.com\/wirmachenauf","https:\/\/x.com\/WirMachenAuf_de"]},{"@type":"Person","@id":"https:\/\/now-news.de\/de\/#\/schema\/person\/fb534a4e865501d8b3285208df34a9b5","name":"rtnews","image":{"@type":"ImageObject","inLanguage":"de","@id":"https:\/\/now-news.de\/de\/#\/schema\/person\/image\/","url":"https:\/\/secure.gravatar.com\/avatar\/82aafea7d8127119dd649515f56e2117?s=96&d=mm&r=g","contentUrl":"https:\/\/secure.gravatar.com\/avatar\/82aafea7d8127119dd649515f56e2117?s=96&d=mm&r=g","caption":"rtnews"},"url":"https:\/\/now-news.de\/de\/author\/rnews\/"}]}},"_links":{"self":[{"href":"https:\/\/now-news.de\/de\/wp-json\/wp\/v2\/posts\/32214"}],"collection":[{"href":"https:\/\/now-news.de\/de\/wp-json\/wp\/v2\/posts"}],"about":[{"href":"https:\/\/now-news.de\/de\/wp-json\/wp\/v2\/types\/post"}],"author":[{"embeddable":true,"href":"https:\/\/now-news.de\/de\/wp-json\/wp\/v2\/users\/3"}],"replies":[{"embeddable":true,"href":"https:\/\/now-news.de\/de\/wp-json\/wp\/v2\/comments?post=32214"}],"version-history":[{"count":0,"href":"https:\/\/now-news.de\/de\/wp-json\/wp\/v2\/posts\/32214\/revisions"}],"wp:featuredmedia":[{"embeddable":true,"href":"https:\/\/now-news.de\/de\/wp-json\/wp\/v2\/media\/32215"}],"wp:attachment":[{"href":"https:\/\/now-news.de\/de\/wp-json\/wp\/v2\/media?parent=32214"}],"wp:term":[{"taxonomy":"category","embeddable":true,"href":"https:\/\/now-news.de\/de\/wp-json\/wp\/v2\/categories?post=32214"},{"taxonomy":"post_tag","embeddable":true,"href":"https:\/\/now-news.de\/de\/wp-json\/wp\/v2\/tags?post=32214"}],"curies":[{"name":"wp","href":"https:\/\/api.w.org\/{rel}","templated":true}]}}