{"id":32210,"date":"2023-03-14T14:18:14","date_gmt":"2023-03-14T12:18:14","guid":{"rendered":"http:\/\/just-now.news\/de\/deutschland\/ursula-von-der-leyen-gefaehrlich-und-von-russland-unterschaetzt\/"},"modified":"2023-03-14T14:18:14","modified_gmt":"2023-03-14T12:18:14","slug":"ursula-von-der-leyen-gefaehrlich-und-von-russland-unterschaetzt","status":"publish","type":"post","link":"https:\/\/now-news.de\/de\/deutschland\/ursula-von-der-leyen-gefaehrlich-und-von-russland-unterschaetzt\/","title":{"rendered":"Ursula von der Leyen: Gef\u00e4hrlich \u2013 und von Russland untersch\u00e4tzt"},"content":{"rendered":"<p><img decoding=\"async\" src=\"http:\/\/just-now.news\/de\/wp-content\/uploads\/sites\/3\/2023\/03\/640f59aab480cc4d404efc88.jpg\" \/><\/p>\n<div class=\"Text-root Text-type_1 \">\n                Im vergangenen Jahr ist Ursula von der Leyen als Pr\u00e4sidentin der Europ\u00e4ischen Kommission in Russland zu einem Symbol f\u00fcr die antirussische Politik geworden, die Br\u00fcssel zum Vorteil der Vereinigten Staaten und zum Nachteil der EU-L\u00e4nder betreibt. Doch es geht noch schlimmer.\n            <\/div>\n<p><\/p>\n<div class=\"Text-root Text-type_5 ArticleView-text ViewText-root \">\n<p><em>Von Dmitry Bawyrin<\/em><\/p>\n<p>Eine der bedeutenden Figuren des Neuen Kalten Krieges, Ursula von der Leyen, sollte auch nach ihrem R\u00fccktritt vom Posten der Pr\u00e4sidentin der Europ\u00e4ischen Kommission als solche betrachtet werden. Man verhei\u00dft ihr nun das Amt des NATO-Generalsekret\u00e4rs, zumindest ist dies der amerikanische Wunsch. Wie hoch ist die Wahrscheinlichkeit, dass von der Leyen mit der NATO dasselbe macht, wie mit der Bundeswehr \u2013 Minderung der Verteidigungsf\u00e4higkeit?<\/p>\n<p>Im vergangenen Jahr ist die Pr\u00e4sidentin der Europ\u00e4ischen Kommission, Ursula von der Leyen, in Russland zu einem klaren Feindbild geworden, oder zumindest zu einem Symbol f\u00fcr die antirussische Politik, die Br\u00fcssel zum Vorteil der Vereinigten Staaten und zum Nachteil der EU-L\u00e4nder betreibt.<\/p>\n<p>In dieser Eigenschaft wird sie von den Amerikanern sehr gesch\u00e4tzt. In Russland dominiert die abwertende Attit\u00fcde. Der Normalb\u00fcrger wei\u00df drei Dinge von der Frau: Sie unterst\u00fctzt die Bewaffnung der ukrainischen Streitkr\u00e4fte (AFU), sie verwaltet die Verh\u00e4ngung antirussischer Sanktionen und sie ist eine Gyn\u00e4kologin. Das letztere illustriert in gewisser Weise die Idee, dass Dilettanten die europ\u00e4ische Au\u00dfenpolitik an den Abgrund getrieben haben.<\/p>\n<p>Leider geh\u00f6ren Gyn\u00e4kologie und medizinische Insignien (und davon gibt es eine ganze Menge) f\u00fcr Ursula der fernen Vergangenheit an. Sie ist eine knallharte und technisch hervorragende Managerin \u2013 aus der Sicht des Auftraggebers (das hei\u00dft Washington) sehr effizient.<\/p>\n<p>Die medizinische Ausbildung ist nicht die einzige, die sie hat. Von der Leyen hat auch Wirtschafts- und Politikwissenschaften studiert\u00a0\u2013 sie konnte es sich leisten, denn sie kam mit einem goldenen L\u00f6ffel im Mund zur Welt und geh\u00f6rt mit Leib und Seele zu den europ\u00e4ischen Eliten. Ihre Vorfahren trugen mit dem Familiennamen Albrecht seit dem XVII. Jahrhundert zu dieser Elite bei, ihr Vater war ein angesehener Politiker, ihr Mann\u00a0\u2013 ebenfalls ein Arzt und auch er altadeliger Abstammung mit &#8220;altem Geld&#8221;\u00a0 (das zeigt sich schon am aristokratischen Pr\u00e4fix). Solche Familien, wie die der Frau Vorsitzenden, waren f\u00fcr das Schicksal des Kontinents jahrhundertelang bestimmend.<\/p>\n<p>Allerdings ist Ursula auch nicht &#8220;Papas M\u00e4dchen&#8221;. Sie machte ihre Karriere in der Politik und in der CDU, als ihr Vater, ehemaliger nieders\u00e4chsischer Ministerpr\u00e4sident und Pr\u00e4sident des Bundesrates, nicht nur in den Ruhestand ging, sondern auch der Alzheimer-Krankheit erlag. Angela Merkel ist diejenige, der Ursula ihren Aufstieg wirklich zu verdanken hat. W\u00e4hrend praktisch der gesamten Periode ihrer Amtszeit war von der Leyen eine von Merkels Parteivertretern und Ministerin in allen ihren Regierungen. Sie startete im Fachministerium f\u00fcr Frauen und Familie, wurde acht Jahre sp\u00e4ter Chefin der Bundeswehr (als erste Frau in diesem Amt) und wechselte dann an die Spitze der europ\u00e4ischen Regierung\u00a0\u2013 es ist klar, unter wessen Schirmherrschaft sie stand.<\/p>\n<p>Zu Beginn hielt man in der EU die Wahl der Ursula f\u00fcr einen gro\u00dfen Gl\u00fccksfall und fast schon f\u00fcr eine F\u00fcgung des Schicksals: Die medizinische Ausbildung und Praxis der neuen Vorsitzenden waren gegeben und dann begann die Pandemie, nur zwei Monate nach der Kr\u00f6nung von der Leyen. Ihre gro\u00dfe Stunde schlug aber letztlich nicht im Kampf gegen das Coronavirus, sondern gegen Russland. Nicht klaglos, aber konsequent verh\u00e4ngt sie EU-Sanktionen, dr\u00e4ngt ihre Industrie in die USA und liefert Waffen an die AFU, wodurch ihre eigenen Streitkr\u00e4fte aufgerieben werden. In Ursulas Heimatland sind diese Streitkr\u00e4fte als autarke Armee bereits v\u00f6llig niedergewalzt, die Bundeswehr ist nicht kampff\u00e4hig. Das ist keine Unterstellung, sondern die offizielle Position des deutschen Verteidigungsministeriums. Die Rolle von Ursula, die f\u00fcr f\u00fcnfeinhalb Jahre an der Spitze des Ministeriums stand, war entscheidend daf\u00fcr, dass die Bundeswehr durch chronische Unterfinanzierung ruiniert wurde.<\/p>\n<p>Dies k\u00f6nnte man meinen, sei die wahre Best\u00e4tigung der F\u00fchrungsqualit\u00e4ten von von der Leyen. Doch es gibt einen Haken: Die Bundeswehr ist nur aus eigener Kraft kampfunf\u00e4hig, also ohne die Unterst\u00fctzung der USA und der NATO-Infrastruktur. Wer behauptet denn, dass die zunehmende Abh\u00e4ngigkeit von Washington nicht ihr Hauptanliegen in Merkels eindeutig proamerikanischer Regierung war? Wenn das der Fall war, so hat die Frau Vorsitzende ihre Aufgabe gut gemeistert, genauso wie die Aufgabe, die europ\u00e4ischen Regierungen gegen Russland zu mobilisieren.<\/p>\n<p>Sie plant nun, die F\u00fchrung des NATO-Sekretariats zu \u00fcbernehmen und im gleichen Stil fortzufahren. Die italienische Zeitung <em>La Repubblica<\/em> h\u00e4lt die M\u00f6glichkeiten von von der Leyen f\u00fcr vorrangig und bezeichnet die EU-Pr\u00e4sidentin als Hauptfavoritin der Amerikaner f\u00fcr das Amt des Generalsekret\u00e4rs und damit prinzipiell als Favoritin. Die Amerikareise Ursulas in der vergangenen Woche wird als &#8220;G\u00fctesiegel der Regentschaft&#8221; dargestellt.<\/p>\n<p>Vermutlich w\u00e4ren beide, sie und Washington, mit einer zweiten Amtszeit an der Spitze der Europ\u00e4ischen Kommission mehr als zufrieden, doch das k\u00f6nnte schwierig werden. W\u00fcrde die Frau Vorsitzende genauso viel f\u00fcr Europa tun, wie sie f\u00fcr Amerika tut, g\u00e4be es keine Hindernisse, doch unter den Abgeordneten der EU gibt es ver\u00e4rgerte und jedes Land kann ein Veto einlegen. Und was noch wichtiger ist, die Ver\u00e4rgerung ist berechtigt, und Ende 2024, wenn ihre erste Amtszeit ausl\u00e4uft, k\u00f6nnten die Auswirkungen ihrer destruktiven T\u00e4tigkeit f\u00fcr Europa noch deutlicher zum Vorschein kommen.<\/p>\n<p>Das Risiko ist also gro\u00df, dass eine der europ\u00e4ischen Hauptst\u00e4dte (zum Beispiel Budapest) nein sagen wird. Von der Leyen sollte nicht diejenige sein, die es als dritte EU-Pr\u00e4sidentin schafft, f\u00fcr zwei Amtszeiten gew\u00e4hlt zu werden (insgesamt waren es dreizehn seit dem Jahr 1958) \u2013 sie hat die Dinge bereits hinreichend vermasselt.\u00a0<\/p>\n<p>In einem US-dominierten B\u00fcndnis sind solche Wahrscheinlichkeiten unwahrscheinlich. Ursula hat also keine wirklichen Konkurrenten, au\u00dferdem wird sie als &#8220;Kompromisskandidatin&#8221; durchkommen, trotz des ehemaligen britischen Premierministers Boris Johnson (er ist bei vielen in der EU und vor allem beim franz\u00f6sischen Pr\u00e4sidenten Macron unbeliebt) und trotz des ganzen Schwarms unterschiedlicher &#8220;Ex&#8221; weiblichen Geschlechts aus Osteuropa (bis vor Kurzem gab es in Br\u00fcssel die Priorit\u00e4t, dass eine Frau neuer Generalsekret\u00e4r werden m\u00fcsse).<\/p>\n<p>Ursula ist eine Frau, ein erfahrenes &#8220;Pferd&#8221; auf dem Weg zur \u00dcberfahrt und zutiefst proamerikanisch. Mit anderen Worten: Sie erf\u00fcllt alle Hauptkriterien.\u00a0<\/p>\n<p>Nebenbei bemerkt, Frau von der Leyen hat selbst sieben Kinder. Das ist ziemlich ungew\u00f6hnlich f\u00fcr die heutigen europ\u00e4ischen Spitzenpolitiker (die kinderlose Merkel oder Macron sind Beispiele daf\u00fcr). Und dies ist eine weitere Best\u00e4tigung daf\u00fcr, dass man die Intelligenz und Effizienz dieser Frau nicht untersch\u00e4tzen sollte.<\/p>\n<p>Lediglich zwei Dinge k\u00f6nnten ihr im Wege stehen. Das erste ist die (bisher) fehlende Garantie, dass es auf dem NATO-Gipfel im Juni gelingen wird, das Mandat des derzeitigen Generalsekret\u00e4rs Jens Stoltenberg um ein weiteres Jahr zu verl\u00e4ngern. Er h\u00e4tte im letzten Sommer gehen m\u00fcssen, blieb aber &#8220;aufgrund besonderer Umst\u00e4nde&#8221; im Amt \u2013 wegen unserer milit\u00e4rischen Spezialoperation. Wird eine Verl\u00e4ngerung nicht ein zweites Mal vereinbart, bekommt die NATO bereits im Jahr 2023 einen neuen Generalsekret\u00e4r, und dann wird es nicht Ursula sein, denn es gibt niemanden, der die EU \u00fcbernehmen kann.<\/p>\n<p>Der zweite Umstand wird von der russischen Armee und der Marine bestimmt. Nur von ihnen, von ihrer F\u00e4higkeit, den voraussichtlichen Gegenangriff der AFU im Fr\u00fchjahr abzuwehren und die Aufgaben der milit\u00e4rischen Sonderoperation vollst\u00e4ndig zu erledigen, h\u00e4ngt die Lage &#8220;am Boden&#8221; ab. Davon werden einerseits die Aussichten der aktuellen Spitzenpolitiker aus dem Umfeld der Atlantiker bestimmt \u2013 sowohl des NATO-Generalsekret\u00e4rs als auch der Vorsitzenden der Europ\u00e4ischen Kommission, und m\u00f6glicherweise auch die Aussichten der EU und der NATO als Ganzes.<\/p>\n<p>Denn es scheint zweifelhaft, dass Washington es zulassen w\u00fcrde, dass eine so flexible &#8220;Peitsche&#8221; wie Ursula ausrangiert wird, eine entschlossene und erfahrene Verhandlungsf\u00fchrerin und nicht nur eine Gyn\u00e4kologin und Namensvetterin der Hexe aus dem Disney-M\u00e4rchen \u00fcber die kleine Meerjungfrau.<\/p>\n<p>Die Wahrheit ist, dass Ursula nicht nur eine Hexe ist, sondern die zweitwichtigste Antagonistin\u00a0\u2013 nach dem Pr\u00e4sidenten der Vereinigten Staaten.<\/p>\n<p><em>\u00dcbersetzt aus dem <\/em><a rel=\"nofollow noopener\" target=\"_blank\" href=\"https:\/\/vz.ru\/politics\/2023\/3\/9\/1202269.html\"><em>Russischen<\/em><\/a><em>. Zuerst erschienen bei <a rel=\"nofollow noopener\" target=\"_blank\" href=\"https:\/\/vz.ru\/\">Wsgljad<\/a>.<\/em><\/p>\n<p><strong>Mehr zum Thema<\/strong> \u2013 <a rel=\"nofollow noopener\" target=\"_blank\" href=\"https:\/\/gegenzensur.rtde.life\/meinung\/161385-tiefschattenseite-eu-sonnenkoenigin-von-leyen\/\">Die Tiefschattenseite der EU-Sonnenk\u00f6nigin von der Leyen \u2013 eine westeurop\u00e4ische Groteske<\/a><\/p>\n<div class=\"EmbedBlock-root EmbedBlock-externalVideo EmbedBlock-vk\">\n<div class=\"VkEmbed\"><iframe class=\"lazyload\" data-src=\"https:\/\/vk.com\/video_ext.php?oid=-134310637&amp;id=456264640&amp;hash=f29856af6a224f44\" frameborder=\"0\" width=\"853\" height=\"480\" allowfullscreen><\/iframe><\/div>\n<\/div>\n<\/div>\n<p><br \/>\n<br \/><a href=\"https:\/\/de.rt.com\/meinung\/165234-ursula-von-leyen-gefaehrlich-und\/\">Source link <\/a><\/p>\n","protected":false},"excerpt":{"rendered":"<p>Im vergangenen Jahr ist Ursula von der Leyen als Pr\u00e4sidentin der Europ\u00e4ischen Kommission in Russland zu einem Symbol f\u00fcr die antirussische Politik geworden, die Br\u00fcssel zum Vorteil der Vereinigten Staaten und zum Nachteil der EU-L\u00e4nder betreibt. Doch es geht noch schlimmer. Von Dmitry Bawyrin Eine der bedeutenden Figuren des Neuen Kalten Krieges, Ursula von der [&hellip;]<\/p>\n","protected":false},"author":3,"featured_media":32211,"comment_status":"open","ping_status":"open","sticky":false,"template":"","format":"standard","meta":{"_yoast_indexnow_last_ping":["1678796995"],"wp_automatic_camp":["217"],"9ee802e22a394705d5d6036b22bd9255":["Ursula von der Leyen: Gef\u00e4hrlich \u2013 und von Russland untersch\u00e4tzt"],"original_link":["https:\/\/de.rt.com\/meinung\/165234-ursula-von-leyen-gefaehrlich-und\/"],"_thumbnail_id":["32211"],"_wptgpro_p2tg_sent2tg":["a:1:{i:23737;s:19:\"2023-03-14 14:31:01\";}"],"jnews_social_counter_last_update":["1777358822"]},"categories":[19,23],"tags":[82,18405,368,126,140,25266,8980,50],"yoast_head":"<!-- This site is optimized with the Yoast SEO Premium plugin v22.7 (Yoast SEO v22.7) - https:\/\/yoast.com\/wordpress\/plugins\/seo\/ -->\n<title>Ursula von der Leyen: Gef\u00e4hrlich \u2013 und von Russland untersch\u00e4tzt - just-now.NEWS Deutschland<\/title>\n<meta name=\"robots\" content=\"index, follow, max-snippet:-1, max-image-preview:large, max-video-preview:-1\" \/>\n<link rel=\"canonical\" href=\"https:\/\/now-news.de\/de\/deutschland\/ursula-von-der-leyen-gefaehrlich-und-von-russland-unterschaetzt\/\" \/>\n<meta property=\"og:locale\" content=\"de_DE\" \/>\n<meta property=\"og:type\" content=\"article\" \/>\n<meta property=\"og:title\" content=\"Ursula von der Leyen: Gef\u00e4hrlich \u2013 und von Russland untersch\u00e4tzt\" \/>\n<meta property=\"og:description\" content=\"Im vergangenen Jahr ist Ursula von der Leyen als Pr\u00e4sidentin der Europ\u00e4ischen Kommission in Russland zu einem Symbol f\u00fcr die antirussische Politik geworden, die Br\u00fcssel zum Vorteil der Vereinigten Staaten und zum Nachteil der EU-L\u00e4nder betreibt. Doch es geht noch schlimmer. Von Dmitry Bawyrin Eine der bedeutenden Figuren des Neuen Kalten Krieges, Ursula von der [&hellip;]\" \/>\n<meta property=\"og:url\" content=\"https:\/\/now-news.de\/de\/deutschland\/ursula-von-der-leyen-gefaehrlich-und-von-russland-unterschaetzt\/\" \/>\n<meta property=\"og:site_name\" content=\"just-now.NEWS Deutschland\" \/>\n<meta property=\"article:publisher\" content=\"https:\/\/www.facebook.com\/wirmachenauf\" \/>\n<meta property=\"article:published_time\" content=\"2023-03-14T12:18:14+00:00\" \/>\n<meta property=\"og:image\" content=\"https:\/\/now-news.de\/de\/wp-content\/uploads\/sites\/3\/2023\/03\/Ursula-von-der-Leyen-Gefaehrlich-\u2013-und-von-Russland-unterschaetzt.jpg\" \/>\n\t<meta property=\"og:image:width\" content=\"460\" \/>\n\t<meta property=\"og:image:height\" content=\"259\" \/>\n\t<meta property=\"og:image:type\" content=\"image\/jpeg\" \/>\n<meta name=\"author\" content=\"rtnews\" \/>\n<meta name=\"twitter:card\" content=\"summary_large_image\" \/>\n<meta name=\"twitter:creator\" content=\"@WirMachenAuf_de\" \/>\n<meta name=\"twitter:site\" content=\"@WirMachenAuf_de\" \/>\n<meta name=\"twitter:label1\" content=\"Verfasst von\" \/>\n\t<meta name=\"twitter:data1\" content=\"rtnews\" \/>\n\t<meta name=\"twitter:label2\" content=\"Gesch\u00e4tzte Lesezeit\" \/>\n\t<meta name=\"twitter:data2\" content=\"7\u00a0Minuten\" \/>\n<script type=\"application\/ld+json\" class=\"yoast-schema-graph\">{\"@context\":\"https:\/\/schema.org\",\"@graph\":[{\"@type\":\"Article\",\"@id\":\"https:\/\/now-news.de\/de\/deutschland\/ursula-von-der-leyen-gefaehrlich-und-von-russland-unterschaetzt\/#article\",\"isPartOf\":{\"@id\":\"https:\/\/now-news.de\/de\/deutschland\/ursula-von-der-leyen-gefaehrlich-und-von-russland-unterschaetzt\/\"},\"author\":{\"name\":\"rtnews\",\"@id\":\"https:\/\/now-news.de\/de\/#\/schema\/person\/fb534a4e865501d8b3285208df34a9b5\"},\"headline\":\"Ursula von der Leyen: Gef\u00e4hrlich \u2013 und von Russland untersch\u00e4tzt\",\"datePublished\":\"2023-03-14T12:18:14+00:00\",\"dateModified\":\"2023-03-14T12:18:14+00:00\",\"mainEntityOfPage\":{\"@id\":\"https:\/\/now-news.de\/de\/deutschland\/ursula-von-der-leyen-gefaehrlich-und-von-russland-unterschaetzt\/\"},\"wordCount\":1399,\"commentCount\":0,\"publisher\":{\"@id\":\"https:\/\/now-news.de\/de\/#organization\"},\"image\":{\"@id\":\"https:\/\/now-news.de\/de\/deutschland\/ursula-von-der-leyen-gefaehrlich-und-von-russland-unterschaetzt\/#primaryimage\"},\"thumbnailUrl\":\"https:\/\/now-news.de\/de\/wp-content\/uploads\/sites\/3\/2023\/03\/Ursula-von-der-Leyen-Gefaehrlich-\u2013-und-von-Russland-unterschaetzt.jpg\",\"keywords\":[\"der\",\"gef\u00e4hrlich\",\"Leyen\",\"russland\",\"und\",\"untersch\u00e4tzt\",\"Ursula\",\"von\"],\"articleSection\":[\"Deutschland\",\"Russland\"],\"inLanguage\":\"de\",\"potentialAction\":[{\"@type\":\"CommentAction\",\"name\":\"Comment\",\"target\":[\"https:\/\/now-news.de\/de\/deutschland\/ursula-von-der-leyen-gefaehrlich-und-von-russland-unterschaetzt\/#respond\"]}]},{\"@type\":\"WebPage\",\"@id\":\"https:\/\/now-news.de\/de\/deutschland\/ursula-von-der-leyen-gefaehrlich-und-von-russland-unterschaetzt\/\",\"url\":\"https:\/\/now-news.de\/de\/deutschland\/ursula-von-der-leyen-gefaehrlich-und-von-russland-unterschaetzt\/\",\"name\":\"Ursula von der Leyen: Gef\u00e4hrlich \u2013 und von Russland untersch\u00e4tzt - just-now.NEWS Deutschland\",\"isPartOf\":{\"@id\":\"https:\/\/now-news.de\/de\/#website\"},\"primaryImageOfPage\":{\"@id\":\"https:\/\/now-news.de\/de\/deutschland\/ursula-von-der-leyen-gefaehrlich-und-von-russland-unterschaetzt\/#primaryimage\"},\"image\":{\"@id\":\"https:\/\/now-news.de\/de\/deutschland\/ursula-von-der-leyen-gefaehrlich-und-von-russland-unterschaetzt\/#primaryimage\"},\"thumbnailUrl\":\"https:\/\/now-news.de\/de\/wp-content\/uploads\/sites\/3\/2023\/03\/Ursula-von-der-Leyen-Gefaehrlich-\u2013-und-von-Russland-unterschaetzt.jpg\",\"datePublished\":\"2023-03-14T12:18:14+00:00\",\"dateModified\":\"2023-03-14T12:18:14+00:00\",\"breadcrumb\":{\"@id\":\"https:\/\/now-news.de\/de\/deutschland\/ursula-von-der-leyen-gefaehrlich-und-von-russland-unterschaetzt\/#breadcrumb\"},\"inLanguage\":\"de\",\"potentialAction\":[{\"@type\":\"ReadAction\",\"target\":[\"https:\/\/now-news.de\/de\/deutschland\/ursula-von-der-leyen-gefaehrlich-und-von-russland-unterschaetzt\/\"]}]},{\"@type\":\"ImageObject\",\"inLanguage\":\"de\",\"@id\":\"https:\/\/now-news.de\/de\/deutschland\/ursula-von-der-leyen-gefaehrlich-und-von-russland-unterschaetzt\/#primaryimage\",\"url\":\"https:\/\/now-news.de\/de\/wp-content\/uploads\/sites\/3\/2023\/03\/Ursula-von-der-Leyen-Gefaehrlich-\u2013-und-von-Russland-unterschaetzt.jpg\",\"contentUrl\":\"https:\/\/now-news.de\/de\/wp-content\/uploads\/sites\/3\/2023\/03\/Ursula-von-der-Leyen-Gefaehrlich-\u2013-und-von-Russland-unterschaetzt.jpg\",\"width\":460,\"height\":259,\"caption\":\"Ursula von der Leyen: Gef\u00e4hrlich \u2013 und von Russland untersch\u00e4tzt\"},{\"@type\":\"BreadcrumbList\",\"@id\":\"https:\/\/now-news.de\/de\/deutschland\/ursula-von-der-leyen-gefaehrlich-und-von-russland-unterschaetzt\/#breadcrumb\",\"itemListElement\":[{\"@type\":\"ListItem\",\"position\":1,\"name\":\"Home\",\"item\":\"https:\/\/now-news.de\/de\/\"},{\"@type\":\"ListItem\",\"position\":2,\"name\":\"Ursula von der Leyen: Gef\u00e4hrlich \u2013 und von Russland untersch\u00e4tzt\"}]},{\"@type\":\"WebSite\",\"@id\":\"https:\/\/now-news.de\/de\/#website\",\"url\":\"https:\/\/now-news.de\/de\/\",\"name\":\"just-now.NEWS Deutschland\",\"description\":\"Das Portal f\u00fcr unzensierte Nachrichten aus der Welt\",\"publisher\":{\"@id\":\"https:\/\/now-news.de\/de\/#organization\"},\"potentialAction\":[{\"@type\":\"SearchAction\",\"target\":{\"@type\":\"EntryPoint\",\"urlTemplate\":\"https:\/\/now-news.de\/de\/?s={search_term_string}\"},\"query-input\":\"required name=search_term_string\"}],\"inLanguage\":\"de\"},{\"@type\":\"Organization\",\"@id\":\"https:\/\/now-news.de\/de\/#organization\",\"name\":\"Just Now News\",\"url\":\"https:\/\/now-news.de\/de\/\",\"logo\":{\"@type\":\"ImageObject\",\"inLanguage\":\"de\",\"@id\":\"https:\/\/now-news.de\/de\/#\/schema\/logo\/image\/\",\"url\":\"http:\/\/just-now.news\/de\/wp-content\/uploads\/sites\/3\/2022\/04\/logo500x500.jpg\",\"contentUrl\":\"http:\/\/just-now.news\/de\/wp-content\/uploads\/sites\/3\/2022\/04\/logo500x500.jpg\",\"width\":500,\"height\":500,\"caption\":\"Just Now News\"},\"image\":{\"@id\":\"https:\/\/now-news.de\/de\/#\/schema\/logo\/image\/\"},\"sameAs\":[\"https:\/\/www.facebook.com\/wirmachenauf\",\"https:\/\/x.com\/WirMachenAuf_de\"]},{\"@type\":\"Person\",\"@id\":\"https:\/\/now-news.de\/de\/#\/schema\/person\/fb534a4e865501d8b3285208df34a9b5\",\"name\":\"rtnews\",\"image\":{\"@type\":\"ImageObject\",\"inLanguage\":\"de\",\"@id\":\"https:\/\/now-news.de\/de\/#\/schema\/person\/image\/\",\"url\":\"https:\/\/secure.gravatar.com\/avatar\/82aafea7d8127119dd649515f56e2117?s=96&d=mm&r=g\",\"contentUrl\":\"https:\/\/secure.gravatar.com\/avatar\/82aafea7d8127119dd649515f56e2117?s=96&d=mm&r=g\",\"caption\":\"rtnews\"},\"url\":\"https:\/\/now-news.de\/de\/author\/rnews\/\"}]}<\/script>\n<!-- \/ Yoast SEO Premium plugin. -->","yoast_head_json":{"title":"Ursula von der Leyen: Gef\u00e4hrlich \u2013 und von Russland untersch\u00e4tzt - just-now.NEWS Deutschland","robots":{"index":"index","follow":"follow","max-snippet":"max-snippet:-1","max-image-preview":"max-image-preview:large","max-video-preview":"max-video-preview:-1"},"canonical":"https:\/\/now-news.de\/de\/deutschland\/ursula-von-der-leyen-gefaehrlich-und-von-russland-unterschaetzt\/","og_locale":"de_DE","og_type":"article","og_title":"Ursula von der Leyen: Gef\u00e4hrlich \u2013 und von Russland untersch\u00e4tzt","og_description":"Im vergangenen Jahr ist Ursula von der Leyen als Pr\u00e4sidentin der Europ\u00e4ischen Kommission in Russland zu einem Symbol f\u00fcr die antirussische Politik geworden, die Br\u00fcssel zum Vorteil der Vereinigten Staaten und zum Nachteil der EU-L\u00e4nder betreibt. Doch es geht noch schlimmer. Von Dmitry Bawyrin Eine der bedeutenden Figuren des Neuen Kalten Krieges, Ursula von der [&hellip;]","og_url":"https:\/\/now-news.de\/de\/deutschland\/ursula-von-der-leyen-gefaehrlich-und-von-russland-unterschaetzt\/","og_site_name":"just-now.NEWS Deutschland","article_publisher":"https:\/\/www.facebook.com\/wirmachenauf","article_published_time":"2023-03-14T12:18:14+00:00","og_image":[{"width":460,"height":259,"url":"https:\/\/now-news.de\/de\/wp-content\/uploads\/sites\/3\/2023\/03\/Ursula-von-der-Leyen-Gefaehrlich-\u2013-und-von-Russland-unterschaetzt.jpg","type":"image\/jpeg"}],"author":"rtnews","twitter_card":"summary_large_image","twitter_creator":"@WirMachenAuf_de","twitter_site":"@WirMachenAuf_de","twitter_misc":{"Verfasst von":"rtnews","Gesch\u00e4tzte Lesezeit":"7\u00a0Minuten"},"schema":{"@context":"https:\/\/schema.org","@graph":[{"@type":"Article","@id":"https:\/\/now-news.de\/de\/deutschland\/ursula-von-der-leyen-gefaehrlich-und-von-russland-unterschaetzt\/#article","isPartOf":{"@id":"https:\/\/now-news.de\/de\/deutschland\/ursula-von-der-leyen-gefaehrlich-und-von-russland-unterschaetzt\/"},"author":{"name":"rtnews","@id":"https:\/\/now-news.de\/de\/#\/schema\/person\/fb534a4e865501d8b3285208df34a9b5"},"headline":"Ursula von der Leyen: Gef\u00e4hrlich \u2013 und von Russland untersch\u00e4tzt","datePublished":"2023-03-14T12:18:14+00:00","dateModified":"2023-03-14T12:18:14+00:00","mainEntityOfPage":{"@id":"https:\/\/now-news.de\/de\/deutschland\/ursula-von-der-leyen-gefaehrlich-und-von-russland-unterschaetzt\/"},"wordCount":1399,"commentCount":0,"publisher":{"@id":"https:\/\/now-news.de\/de\/#organization"},"image":{"@id":"https:\/\/now-news.de\/de\/deutschland\/ursula-von-der-leyen-gefaehrlich-und-von-russland-unterschaetzt\/#primaryimage"},"thumbnailUrl":"https:\/\/now-news.de\/de\/wp-content\/uploads\/sites\/3\/2023\/03\/Ursula-von-der-Leyen-Gefaehrlich-\u2013-und-von-Russland-unterschaetzt.jpg","keywords":["der","gef\u00e4hrlich","Leyen","russland","und","untersch\u00e4tzt","Ursula","von"],"articleSection":["Deutschland","Russland"],"inLanguage":"de","potentialAction":[{"@type":"CommentAction","name":"Comment","target":["https:\/\/now-news.de\/de\/deutschland\/ursula-von-der-leyen-gefaehrlich-und-von-russland-unterschaetzt\/#respond"]}]},{"@type":"WebPage","@id":"https:\/\/now-news.de\/de\/deutschland\/ursula-von-der-leyen-gefaehrlich-und-von-russland-unterschaetzt\/","url":"https:\/\/now-news.de\/de\/deutschland\/ursula-von-der-leyen-gefaehrlich-und-von-russland-unterschaetzt\/","name":"Ursula von der Leyen: Gef\u00e4hrlich \u2013 und von Russland untersch\u00e4tzt - just-now.NEWS Deutschland","isPartOf":{"@id":"https:\/\/now-news.de\/de\/#website"},"primaryImageOfPage":{"@id":"https:\/\/now-news.de\/de\/deutschland\/ursula-von-der-leyen-gefaehrlich-und-von-russland-unterschaetzt\/#primaryimage"},"image":{"@id":"https:\/\/now-news.de\/de\/deutschland\/ursula-von-der-leyen-gefaehrlich-und-von-russland-unterschaetzt\/#primaryimage"},"thumbnailUrl":"https:\/\/now-news.de\/de\/wp-content\/uploads\/sites\/3\/2023\/03\/Ursula-von-der-Leyen-Gefaehrlich-\u2013-und-von-Russland-unterschaetzt.jpg","datePublished":"2023-03-14T12:18:14+00:00","dateModified":"2023-03-14T12:18:14+00:00","breadcrumb":{"@id":"https:\/\/now-news.de\/de\/deutschland\/ursula-von-der-leyen-gefaehrlich-und-von-russland-unterschaetzt\/#breadcrumb"},"inLanguage":"de","potentialAction":[{"@type":"ReadAction","target":["https:\/\/now-news.de\/de\/deutschland\/ursula-von-der-leyen-gefaehrlich-und-von-russland-unterschaetzt\/"]}]},{"@type":"ImageObject","inLanguage":"de","@id":"https:\/\/now-news.de\/de\/deutschland\/ursula-von-der-leyen-gefaehrlich-und-von-russland-unterschaetzt\/#primaryimage","url":"https:\/\/now-news.de\/de\/wp-content\/uploads\/sites\/3\/2023\/03\/Ursula-von-der-Leyen-Gefaehrlich-\u2013-und-von-Russland-unterschaetzt.jpg","contentUrl":"https:\/\/now-news.de\/de\/wp-content\/uploads\/sites\/3\/2023\/03\/Ursula-von-der-Leyen-Gefaehrlich-\u2013-und-von-Russland-unterschaetzt.jpg","width":460,"height":259,"caption":"Ursula von der Leyen: Gef\u00e4hrlich \u2013 und von Russland untersch\u00e4tzt"},{"@type":"BreadcrumbList","@id":"https:\/\/now-news.de\/de\/deutschland\/ursula-von-der-leyen-gefaehrlich-und-von-russland-unterschaetzt\/#breadcrumb","itemListElement":[{"@type":"ListItem","position":1,"name":"Home","item":"https:\/\/now-news.de\/de\/"},{"@type":"ListItem","position":2,"name":"Ursula von der Leyen: Gef\u00e4hrlich \u2013 und von Russland untersch\u00e4tzt"}]},{"@type":"WebSite","@id":"https:\/\/now-news.de\/de\/#website","url":"https:\/\/now-news.de\/de\/","name":"just-now.NEWS Deutschland","description":"Das Portal f\u00fcr unzensierte Nachrichten aus der Welt","publisher":{"@id":"https:\/\/now-news.de\/de\/#organization"},"potentialAction":[{"@type":"SearchAction","target":{"@type":"EntryPoint","urlTemplate":"https:\/\/now-news.de\/de\/?s={search_term_string}"},"query-input":"required name=search_term_string"}],"inLanguage":"de"},{"@type":"Organization","@id":"https:\/\/now-news.de\/de\/#organization","name":"Just Now News","url":"https:\/\/now-news.de\/de\/","logo":{"@type":"ImageObject","inLanguage":"de","@id":"https:\/\/now-news.de\/de\/#\/schema\/logo\/image\/","url":"http:\/\/just-now.news\/de\/wp-content\/uploads\/sites\/3\/2022\/04\/logo500x500.jpg","contentUrl":"http:\/\/just-now.news\/de\/wp-content\/uploads\/sites\/3\/2022\/04\/logo500x500.jpg","width":500,"height":500,"caption":"Just Now News"},"image":{"@id":"https:\/\/now-news.de\/de\/#\/schema\/logo\/image\/"},"sameAs":["https:\/\/www.facebook.com\/wirmachenauf","https:\/\/x.com\/WirMachenAuf_de"]},{"@type":"Person","@id":"https:\/\/now-news.de\/de\/#\/schema\/person\/fb534a4e865501d8b3285208df34a9b5","name":"rtnews","image":{"@type":"ImageObject","inLanguage":"de","@id":"https:\/\/now-news.de\/de\/#\/schema\/person\/image\/","url":"https:\/\/secure.gravatar.com\/avatar\/82aafea7d8127119dd649515f56e2117?s=96&d=mm&r=g","contentUrl":"https:\/\/secure.gravatar.com\/avatar\/82aafea7d8127119dd649515f56e2117?s=96&d=mm&r=g","caption":"rtnews"},"url":"https:\/\/now-news.de\/de\/author\/rnews\/"}]}},"_links":{"self":[{"href":"https:\/\/now-news.de\/de\/wp-json\/wp\/v2\/posts\/32210"}],"collection":[{"href":"https:\/\/now-news.de\/de\/wp-json\/wp\/v2\/posts"}],"about":[{"href":"https:\/\/now-news.de\/de\/wp-json\/wp\/v2\/types\/post"}],"author":[{"embeddable":true,"href":"https:\/\/now-news.de\/de\/wp-json\/wp\/v2\/users\/3"}],"replies":[{"embeddable":true,"href":"https:\/\/now-news.de\/de\/wp-json\/wp\/v2\/comments?post=32210"}],"version-history":[{"count":0,"href":"https:\/\/now-news.de\/de\/wp-json\/wp\/v2\/posts\/32210\/revisions"}],"wp:featuredmedia":[{"embeddable":true,"href":"https:\/\/now-news.de\/de\/wp-json\/wp\/v2\/media\/32211"}],"wp:attachment":[{"href":"https:\/\/now-news.de\/de\/wp-json\/wp\/v2\/media?parent=32210"}],"wp:term":[{"taxonomy":"category","embeddable":true,"href":"https:\/\/now-news.de\/de\/wp-json\/wp\/v2\/categories?post=32210"},{"taxonomy":"post_tag","embeddable":true,"href":"https:\/\/now-news.de\/de\/wp-json\/wp\/v2\/tags?post=32210"}],"curies":[{"name":"wp","href":"https:\/\/api.w.org\/{rel}","templated":true}]}}