{"id":32196,"date":"2023-03-14T11:09:29","date_gmt":"2023-03-14T09:09:29","guid":{"rendered":"https:\/\/just-now.news\/de\/deutschland\/russland-staatsduma-plant-anhebung-des-einberufungsalters-fuer-wehrpflichtige\/"},"modified":"2023-03-14T11:09:29","modified_gmt":"2023-03-14T09:09:29","slug":"russland-staatsduma-plant-anhebung-des-einberufungsalters-fuer-wehrpflichtige","status":"publish","type":"post","link":"https:\/\/now-news.de\/de\/deutschland\/russland-staatsduma-plant-anhebung-des-einberufungsalters-fuer-wehrpflichtige\/","title":{"rendered":"Russland: Staatsduma plant Anhebung des Einberufungsalters f\u00fcr Wehrpflichtige"},"content":{"rendered":"<p><img decoding=\"async\" src=\"http:\/\/just-now.news\/de\/wp-content\/uploads\/sites\/3\/2023\/03\/64102e95b480cc722e08587f.jpg\" \/><\/p>\n<div class=\"Text-root Text-type_1 \">\n                Am Montag ist der russischen Staatsduma ein Gesetzentwurf zur schrittweisen Anhebung des Einberufungsalters f\u00fcr die Wehrpflicht vorgelegt worden. Sollte das Gesetz angenommen werden, w\u00fcrden einige \u00c4nderungen bereits Anfang kommenden Jahres in Kraft treten.\n            <\/div>\n<p><\/p>\n<div class=\"Text-root Text-type_5 ArticleView-text ViewText-root \">\n<p>Derzeit sind in Russland M\u00e4nner im Alter von 18 bis 27 Jahren wehrpflichtig. Am Montag wurde der russischen Staatsduma ein Gesetzentwurf vorgelegt, der diesbez\u00fcglich \u00c4nderungen vorsieht. Die untere Altersgrenze soll auf 21 Jahre und die obere Altersgrenze auf 30 Jahre angehoben werden.<\/p>\n<p>Die untere Altersgrenze soll schrittweise angehoben werden. So w\u00fcrden M\u00e4nner im Alter\u00a0von 19 Jahren ab 2024, im Alter von 20 Jahren ab 2025 und im Alter von 21 Jahren ab 2026 einberufen werden. In dem Dokument wird betont, dass alle, die\u00a0schon fr\u00fcher dienen wollen, dies trotz der Anhebung des Wehrpflichtalters ab 18 Jahren tun k\u00f6nnen.\u00a0Die obere Altersgrenze soll nur einmal im Januar 2024 angehoben werden.\u00a0<\/p>\n<p>Im Dezember 2022 hatte Russlands Verteidigungsminister Sergei Schoigu vorgeschlagen, das H\u00f6chstalter f\u00fcr die Wehrpflicht schrittweise von 27 auf 30 Jahre und das Mindestalter von 18 auf 21 Jahre anzuheben. Pr\u00e4sident Wladimir Putin unterst\u00fctzte das Vorhaben. Er erkl\u00e4rte auch, dass die Teilmobilisierung in Russland Probleme aufgedeckt habe, die schnell gel\u00f6st werden m\u00fcssten, etwa die Modernisierung der Wehr\u00e4mter, die Digitalisierung der Datenbanken und die Verbesserung der Zusammenarbeit mit lokalen und regionalen Beh\u00f6rden.<\/p>\n<p><strong>Mehr zum Thema<\/strong> &#8211; <a rel=\"nofollow noopener\" target=\"_blank\" href=\"https:\/\/de.rt.com\/russland\/160138-verteidigungsminister-schoigu-kuendigt-grosse-veraenderungen-in-russlands-armee-an\/\">Umbau der russischen Armee: Schoigu k\u00fcndigt 1,5 Millionen Soldaten an<\/a><\/p>\n<\/p>\n<\/div>\n<p><br \/>\n<br \/><a href=\"https:\/\/de.rt.com\/russland\/165270-russland-entwurf-zur-schrittweisen-anhebung\/\">Source link <\/a><\/p>\n","protected":false},"excerpt":{"rendered":"<p>Am Montag ist der russischen Staatsduma ein Gesetzentwurf zur schrittweisen Anhebung des Einberufungsalters f\u00fcr die Wehrpflicht vorgelegt worden. Sollte das Gesetz angenommen werden, w\u00fcrden einige \u00c4nderungen bereits Anfang kommenden Jahres in Kraft treten. Derzeit sind in Russland M\u00e4nner im Alter von 18 bis 27 Jahren wehrpflichtig. Am Montag wurde der russischen Staatsduma ein Gesetzentwurf vorgelegt, [&hellip;]<\/p>\n","protected":false},"author":3,"featured_media":32197,"comment_status":"open","ping_status":"open","sticky":false,"template":"","format":"standard","meta":{"_yoast_indexnow_last_ping":["1678786436"],"wp_automatic_camp":["217"],"b1fc2d1d173bb5c549ed126fd42516d3":["Russland: Staatsduma plant Anhebung des Einberufungsalters f\u00fcr Wehrpflichtige"],"original_link":["https:\/\/de.rt.com\/russland\/165270-russland-entwurf-zur-schrittweisen-anhebung\/"],"_thumbnail_id":["32197"],"_wptgpro_p2tg_sent2tg":["a:1:{i:23737;s:19:\"2023-03-14 11:34:56\";}"],"jnews_social_counter_last_update":["1776894206"]},"categories":[19,23],"tags":[5656,583,41956,221,2559,126,6367,41957],"yoast_head":"<!-- This site is optimized with the Yoast SEO Premium plugin v22.7 (Yoast SEO v22.7) - https:\/\/yoast.com\/wordpress\/plugins\/seo\/ -->\n<title>Russland: Staatsduma plant Anhebung des Einberufungsalters f\u00fcr Wehrpflichtige - just-now.NEWS Deutschland<\/title>\n<meta name=\"robots\" content=\"index, follow, max-snippet:-1, max-image-preview:large, max-video-preview:-1\" \/>\n<link rel=\"canonical\" href=\"https:\/\/now-news.de\/de\/deutschland\/russland-staatsduma-plant-anhebung-des-einberufungsalters-fuer-wehrpflichtige\/\" \/>\n<meta property=\"og:locale\" content=\"de_DE\" \/>\n<meta property=\"og:type\" content=\"article\" \/>\n<meta property=\"og:title\" content=\"Russland: Staatsduma plant Anhebung des Einberufungsalters f\u00fcr Wehrpflichtige\" \/>\n<meta property=\"og:description\" content=\"Am Montag ist der russischen Staatsduma ein Gesetzentwurf zur schrittweisen Anhebung des Einberufungsalters f\u00fcr die Wehrpflicht vorgelegt worden. Sollte das Gesetz angenommen werden, w\u00fcrden einige \u00c4nderungen bereits Anfang kommenden Jahres in Kraft treten. Derzeit sind in Russland M\u00e4nner im Alter von 18 bis 27 Jahren wehrpflichtig. Am Montag wurde der russischen Staatsduma ein Gesetzentwurf vorgelegt, [&hellip;]\" \/>\n<meta property=\"og:url\" content=\"https:\/\/now-news.de\/de\/deutschland\/russland-staatsduma-plant-anhebung-des-einberufungsalters-fuer-wehrpflichtige\/\" \/>\n<meta property=\"og:site_name\" content=\"just-now.NEWS Deutschland\" \/>\n<meta property=\"article:publisher\" content=\"https:\/\/www.facebook.com\/wirmachenauf\" \/>\n<meta property=\"article:published_time\" content=\"2023-03-14T09:09:29+00:00\" \/>\n<meta property=\"og:image\" content=\"https:\/\/now-news.de\/de\/wp-content\/uploads\/sites\/3\/2023\/03\/Russland-Staatsduma-plant-Anhebung-des-Einberufungsalters-fuer-Wehrpflichtige.jpg\" \/>\n\t<meta property=\"og:image:width\" content=\"460\" \/>\n\t<meta property=\"og:image:height\" content=\"259\" \/>\n\t<meta property=\"og:image:type\" content=\"image\/jpeg\" \/>\n<meta name=\"author\" content=\"rtnews\" \/>\n<meta name=\"twitter:card\" content=\"summary_large_image\" \/>\n<meta name=\"twitter:creator\" content=\"@WirMachenAuf_de\" \/>\n<meta name=\"twitter:site\" content=\"@WirMachenAuf_de\" \/>\n<meta name=\"twitter:label1\" content=\"Verfasst von\" \/>\n\t<meta name=\"twitter:data1\" content=\"rtnews\" \/>\n\t<meta name=\"twitter:label2\" content=\"Gesch\u00e4tzte Lesezeit\" \/>\n\t<meta name=\"twitter:data2\" content=\"1\u00a0Minute\" \/>\n<script type=\"application\/ld+json\" class=\"yoast-schema-graph\">{\"@context\":\"https:\/\/schema.org\",\"@graph\":[{\"@type\":\"Article\",\"@id\":\"https:\/\/now-news.de\/de\/deutschland\/russland-staatsduma-plant-anhebung-des-einberufungsalters-fuer-wehrpflichtige\/#article\",\"isPartOf\":{\"@id\":\"https:\/\/now-news.de\/de\/deutschland\/russland-staatsduma-plant-anhebung-des-einberufungsalters-fuer-wehrpflichtige\/\"},\"author\":{\"name\":\"rtnews\",\"@id\":\"https:\/\/now-news.de\/de\/#\/schema\/person\/fb534a4e865501d8b3285208df34a9b5\"},\"headline\":\"Russland: Staatsduma plant Anhebung des Einberufungsalters f\u00fcr Wehrpflichtige\",\"datePublished\":\"2023-03-14T09:09:29+00:00\",\"dateModified\":\"2023-03-14T09:09:29+00:00\",\"mainEntityOfPage\":{\"@id\":\"https:\/\/now-news.de\/de\/deutschland\/russland-staatsduma-plant-anhebung-des-einberufungsalters-fuer-wehrpflichtige\/\"},\"wordCount\":239,\"commentCount\":0,\"publisher\":{\"@id\":\"https:\/\/now-news.de\/de\/#organization\"},\"image\":{\"@id\":\"https:\/\/now-news.de\/de\/deutschland\/russland-staatsduma-plant-anhebung-des-einberufungsalters-fuer-wehrpflichtige\/#primaryimage\"},\"thumbnailUrl\":\"https:\/\/now-news.de\/de\/wp-content\/uploads\/sites\/3\/2023\/03\/Russland-Staatsduma-plant-Anhebung-des-Einberufungsalters-fuer-Wehrpflichtige.jpg\",\"keywords\":[\"Anhebung\",\"des\",\"Einberufungsalters\",\"f\u00fcr\",\"plant\",\"russland\",\"Staatsduma\",\"Wehrpflichtige\"],\"articleSection\":[\"Deutschland\",\"Russland\"],\"inLanguage\":\"de\",\"potentialAction\":[{\"@type\":\"CommentAction\",\"name\":\"Comment\",\"target\":[\"https:\/\/now-news.de\/de\/deutschland\/russland-staatsduma-plant-anhebung-des-einberufungsalters-fuer-wehrpflichtige\/#respond\"]}]},{\"@type\":\"WebPage\",\"@id\":\"https:\/\/now-news.de\/de\/deutschland\/russland-staatsduma-plant-anhebung-des-einberufungsalters-fuer-wehrpflichtige\/\",\"url\":\"https:\/\/now-news.de\/de\/deutschland\/russland-staatsduma-plant-anhebung-des-einberufungsalters-fuer-wehrpflichtige\/\",\"name\":\"Russland: Staatsduma plant Anhebung des Einberufungsalters f\u00fcr Wehrpflichtige - just-now.NEWS Deutschland\",\"isPartOf\":{\"@id\":\"https:\/\/now-news.de\/de\/#website\"},\"primaryImageOfPage\":{\"@id\":\"https:\/\/now-news.de\/de\/deutschland\/russland-staatsduma-plant-anhebung-des-einberufungsalters-fuer-wehrpflichtige\/#primaryimage\"},\"image\":{\"@id\":\"https:\/\/now-news.de\/de\/deutschland\/russland-staatsduma-plant-anhebung-des-einberufungsalters-fuer-wehrpflichtige\/#primaryimage\"},\"thumbnailUrl\":\"https:\/\/now-news.de\/de\/wp-content\/uploads\/sites\/3\/2023\/03\/Russland-Staatsduma-plant-Anhebung-des-Einberufungsalters-fuer-Wehrpflichtige.jpg\",\"datePublished\":\"2023-03-14T09:09:29+00:00\",\"dateModified\":\"2023-03-14T09:09:29+00:00\",\"breadcrumb\":{\"@id\":\"https:\/\/now-news.de\/de\/deutschland\/russland-staatsduma-plant-anhebung-des-einberufungsalters-fuer-wehrpflichtige\/#breadcrumb\"},\"inLanguage\":\"de\",\"potentialAction\":[{\"@type\":\"ReadAction\",\"target\":[\"https:\/\/now-news.de\/de\/deutschland\/russland-staatsduma-plant-anhebung-des-einberufungsalters-fuer-wehrpflichtige\/\"]}]},{\"@type\":\"ImageObject\",\"inLanguage\":\"de\",\"@id\":\"https:\/\/now-news.de\/de\/deutschland\/russland-staatsduma-plant-anhebung-des-einberufungsalters-fuer-wehrpflichtige\/#primaryimage\",\"url\":\"https:\/\/now-news.de\/de\/wp-content\/uploads\/sites\/3\/2023\/03\/Russland-Staatsduma-plant-Anhebung-des-Einberufungsalters-fuer-Wehrpflichtige.jpg\",\"contentUrl\":\"https:\/\/now-news.de\/de\/wp-content\/uploads\/sites\/3\/2023\/03\/Russland-Staatsduma-plant-Anhebung-des-Einberufungsalters-fuer-Wehrpflichtige.jpg\",\"width\":460,\"height\":259,\"caption\":\"Russland: Staatsduma plant Anhebung des Einberufungsalters f\u00fcr Wehrpflichtige\"},{\"@type\":\"BreadcrumbList\",\"@id\":\"https:\/\/now-news.de\/de\/deutschland\/russland-staatsduma-plant-anhebung-des-einberufungsalters-fuer-wehrpflichtige\/#breadcrumb\",\"itemListElement\":[{\"@type\":\"ListItem\",\"position\":1,\"name\":\"Home\",\"item\":\"https:\/\/now-news.de\/de\/\"},{\"@type\":\"ListItem\",\"position\":2,\"name\":\"Russland: Staatsduma plant Anhebung des Einberufungsalters f\u00fcr Wehrpflichtige\"}]},{\"@type\":\"WebSite\",\"@id\":\"https:\/\/now-news.de\/de\/#website\",\"url\":\"https:\/\/now-news.de\/de\/\",\"name\":\"just-now.NEWS Deutschland\",\"description\":\"Das Portal f\u00fcr unzensierte Nachrichten aus der Welt\",\"publisher\":{\"@id\":\"https:\/\/now-news.de\/de\/#organization\"},\"potentialAction\":[{\"@type\":\"SearchAction\",\"target\":{\"@type\":\"EntryPoint\",\"urlTemplate\":\"https:\/\/now-news.de\/de\/?s={search_term_string}\"},\"query-input\":\"required name=search_term_string\"}],\"inLanguage\":\"de\"},{\"@type\":\"Organization\",\"@id\":\"https:\/\/now-news.de\/de\/#organization\",\"name\":\"Just Now News\",\"url\":\"https:\/\/now-news.de\/de\/\",\"logo\":{\"@type\":\"ImageObject\",\"inLanguage\":\"de\",\"@id\":\"https:\/\/now-news.de\/de\/#\/schema\/logo\/image\/\",\"url\":\"http:\/\/just-now.news\/de\/wp-content\/uploads\/sites\/3\/2022\/04\/logo500x500.jpg\",\"contentUrl\":\"http:\/\/just-now.news\/de\/wp-content\/uploads\/sites\/3\/2022\/04\/logo500x500.jpg\",\"width\":500,\"height\":500,\"caption\":\"Just Now News\"},\"image\":{\"@id\":\"https:\/\/now-news.de\/de\/#\/schema\/logo\/image\/\"},\"sameAs\":[\"https:\/\/www.facebook.com\/wirmachenauf\",\"https:\/\/x.com\/WirMachenAuf_de\"]},{\"@type\":\"Person\",\"@id\":\"https:\/\/now-news.de\/de\/#\/schema\/person\/fb534a4e865501d8b3285208df34a9b5\",\"name\":\"rtnews\",\"image\":{\"@type\":\"ImageObject\",\"inLanguage\":\"de\",\"@id\":\"https:\/\/now-news.de\/de\/#\/schema\/person\/image\/\",\"url\":\"https:\/\/secure.gravatar.com\/avatar\/82aafea7d8127119dd649515f56e2117?s=96&d=mm&r=g\",\"contentUrl\":\"https:\/\/secure.gravatar.com\/avatar\/82aafea7d8127119dd649515f56e2117?s=96&d=mm&r=g\",\"caption\":\"rtnews\"},\"url\":\"https:\/\/now-news.de\/de\/author\/rnews\/\"}]}<\/script>\n<!-- \/ Yoast SEO Premium plugin. -->","yoast_head_json":{"title":"Russland: Staatsduma plant Anhebung des Einberufungsalters f\u00fcr Wehrpflichtige - just-now.NEWS Deutschland","robots":{"index":"index","follow":"follow","max-snippet":"max-snippet:-1","max-image-preview":"max-image-preview:large","max-video-preview":"max-video-preview:-1"},"canonical":"https:\/\/now-news.de\/de\/deutschland\/russland-staatsduma-plant-anhebung-des-einberufungsalters-fuer-wehrpflichtige\/","og_locale":"de_DE","og_type":"article","og_title":"Russland: Staatsduma plant Anhebung des Einberufungsalters f\u00fcr Wehrpflichtige","og_description":"Am Montag ist der russischen Staatsduma ein Gesetzentwurf zur schrittweisen Anhebung des Einberufungsalters f\u00fcr die Wehrpflicht vorgelegt worden. Sollte das Gesetz angenommen werden, w\u00fcrden einige \u00c4nderungen bereits Anfang kommenden Jahres in Kraft treten. Derzeit sind in Russland M\u00e4nner im Alter von 18 bis 27 Jahren wehrpflichtig. Am Montag wurde der russischen Staatsduma ein Gesetzentwurf vorgelegt, [&hellip;]","og_url":"https:\/\/now-news.de\/de\/deutschland\/russland-staatsduma-plant-anhebung-des-einberufungsalters-fuer-wehrpflichtige\/","og_site_name":"just-now.NEWS Deutschland","article_publisher":"https:\/\/www.facebook.com\/wirmachenauf","article_published_time":"2023-03-14T09:09:29+00:00","og_image":[{"width":460,"height":259,"url":"https:\/\/now-news.de\/de\/wp-content\/uploads\/sites\/3\/2023\/03\/Russland-Staatsduma-plant-Anhebung-des-Einberufungsalters-fuer-Wehrpflichtige.jpg","type":"image\/jpeg"}],"author":"rtnews","twitter_card":"summary_large_image","twitter_creator":"@WirMachenAuf_de","twitter_site":"@WirMachenAuf_de","twitter_misc":{"Verfasst von":"rtnews","Gesch\u00e4tzte Lesezeit":"1\u00a0Minute"},"schema":{"@context":"https:\/\/schema.org","@graph":[{"@type":"Article","@id":"https:\/\/now-news.de\/de\/deutschland\/russland-staatsduma-plant-anhebung-des-einberufungsalters-fuer-wehrpflichtige\/#article","isPartOf":{"@id":"https:\/\/now-news.de\/de\/deutschland\/russland-staatsduma-plant-anhebung-des-einberufungsalters-fuer-wehrpflichtige\/"},"author":{"name":"rtnews","@id":"https:\/\/now-news.de\/de\/#\/schema\/person\/fb534a4e865501d8b3285208df34a9b5"},"headline":"Russland: Staatsduma plant Anhebung des Einberufungsalters f\u00fcr Wehrpflichtige","datePublished":"2023-03-14T09:09:29+00:00","dateModified":"2023-03-14T09:09:29+00:00","mainEntityOfPage":{"@id":"https:\/\/now-news.de\/de\/deutschland\/russland-staatsduma-plant-anhebung-des-einberufungsalters-fuer-wehrpflichtige\/"},"wordCount":239,"commentCount":0,"publisher":{"@id":"https:\/\/now-news.de\/de\/#organization"},"image":{"@id":"https:\/\/now-news.de\/de\/deutschland\/russland-staatsduma-plant-anhebung-des-einberufungsalters-fuer-wehrpflichtige\/#primaryimage"},"thumbnailUrl":"https:\/\/now-news.de\/de\/wp-content\/uploads\/sites\/3\/2023\/03\/Russland-Staatsduma-plant-Anhebung-des-Einberufungsalters-fuer-Wehrpflichtige.jpg","keywords":["Anhebung","des","Einberufungsalters","f\u00fcr","plant","russland","Staatsduma","Wehrpflichtige"],"articleSection":["Deutschland","Russland"],"inLanguage":"de","potentialAction":[{"@type":"CommentAction","name":"Comment","target":["https:\/\/now-news.de\/de\/deutschland\/russland-staatsduma-plant-anhebung-des-einberufungsalters-fuer-wehrpflichtige\/#respond"]}]},{"@type":"WebPage","@id":"https:\/\/now-news.de\/de\/deutschland\/russland-staatsduma-plant-anhebung-des-einberufungsalters-fuer-wehrpflichtige\/","url":"https:\/\/now-news.de\/de\/deutschland\/russland-staatsduma-plant-anhebung-des-einberufungsalters-fuer-wehrpflichtige\/","name":"Russland: Staatsduma plant Anhebung des Einberufungsalters f\u00fcr Wehrpflichtige - just-now.NEWS Deutschland","isPartOf":{"@id":"https:\/\/now-news.de\/de\/#website"},"primaryImageOfPage":{"@id":"https:\/\/now-news.de\/de\/deutschland\/russland-staatsduma-plant-anhebung-des-einberufungsalters-fuer-wehrpflichtige\/#primaryimage"},"image":{"@id":"https:\/\/now-news.de\/de\/deutschland\/russland-staatsduma-plant-anhebung-des-einberufungsalters-fuer-wehrpflichtige\/#primaryimage"},"thumbnailUrl":"https:\/\/now-news.de\/de\/wp-content\/uploads\/sites\/3\/2023\/03\/Russland-Staatsduma-plant-Anhebung-des-Einberufungsalters-fuer-Wehrpflichtige.jpg","datePublished":"2023-03-14T09:09:29+00:00","dateModified":"2023-03-14T09:09:29+00:00","breadcrumb":{"@id":"https:\/\/now-news.de\/de\/deutschland\/russland-staatsduma-plant-anhebung-des-einberufungsalters-fuer-wehrpflichtige\/#breadcrumb"},"inLanguage":"de","potentialAction":[{"@type":"ReadAction","target":["https:\/\/now-news.de\/de\/deutschland\/russland-staatsduma-plant-anhebung-des-einberufungsalters-fuer-wehrpflichtige\/"]}]},{"@type":"ImageObject","inLanguage":"de","@id":"https:\/\/now-news.de\/de\/deutschland\/russland-staatsduma-plant-anhebung-des-einberufungsalters-fuer-wehrpflichtige\/#primaryimage","url":"https:\/\/now-news.de\/de\/wp-content\/uploads\/sites\/3\/2023\/03\/Russland-Staatsduma-plant-Anhebung-des-Einberufungsalters-fuer-Wehrpflichtige.jpg","contentUrl":"https:\/\/now-news.de\/de\/wp-content\/uploads\/sites\/3\/2023\/03\/Russland-Staatsduma-plant-Anhebung-des-Einberufungsalters-fuer-Wehrpflichtige.jpg","width":460,"height":259,"caption":"Russland: Staatsduma plant Anhebung des Einberufungsalters f\u00fcr Wehrpflichtige"},{"@type":"BreadcrumbList","@id":"https:\/\/now-news.de\/de\/deutschland\/russland-staatsduma-plant-anhebung-des-einberufungsalters-fuer-wehrpflichtige\/#breadcrumb","itemListElement":[{"@type":"ListItem","position":1,"name":"Home","item":"https:\/\/now-news.de\/de\/"},{"@type":"ListItem","position":2,"name":"Russland: Staatsduma plant Anhebung des Einberufungsalters f\u00fcr Wehrpflichtige"}]},{"@type":"WebSite","@id":"https:\/\/now-news.de\/de\/#website","url":"https:\/\/now-news.de\/de\/","name":"just-now.NEWS Deutschland","description":"Das Portal f\u00fcr unzensierte Nachrichten aus der Welt","publisher":{"@id":"https:\/\/now-news.de\/de\/#organization"},"potentialAction":[{"@type":"SearchAction","target":{"@type":"EntryPoint","urlTemplate":"https:\/\/now-news.de\/de\/?s={search_term_string}"},"query-input":"required name=search_term_string"}],"inLanguage":"de"},{"@type":"Organization","@id":"https:\/\/now-news.de\/de\/#organization","name":"Just Now News","url":"https:\/\/now-news.de\/de\/","logo":{"@type":"ImageObject","inLanguage":"de","@id":"https:\/\/now-news.de\/de\/#\/schema\/logo\/image\/","url":"http:\/\/just-now.news\/de\/wp-content\/uploads\/sites\/3\/2022\/04\/logo500x500.jpg","contentUrl":"http:\/\/just-now.news\/de\/wp-content\/uploads\/sites\/3\/2022\/04\/logo500x500.jpg","width":500,"height":500,"caption":"Just Now News"},"image":{"@id":"https:\/\/now-news.de\/de\/#\/schema\/logo\/image\/"},"sameAs":["https:\/\/www.facebook.com\/wirmachenauf","https:\/\/x.com\/WirMachenAuf_de"]},{"@type":"Person","@id":"https:\/\/now-news.de\/de\/#\/schema\/person\/fb534a4e865501d8b3285208df34a9b5","name":"rtnews","image":{"@type":"ImageObject","inLanguage":"de","@id":"https:\/\/now-news.de\/de\/#\/schema\/person\/image\/","url":"https:\/\/secure.gravatar.com\/avatar\/82aafea7d8127119dd649515f56e2117?s=96&d=mm&r=g","contentUrl":"https:\/\/secure.gravatar.com\/avatar\/82aafea7d8127119dd649515f56e2117?s=96&d=mm&r=g","caption":"rtnews"},"url":"https:\/\/now-news.de\/de\/author\/rnews\/"}]}},"_links":{"self":[{"href":"https:\/\/now-news.de\/de\/wp-json\/wp\/v2\/posts\/32196"}],"collection":[{"href":"https:\/\/now-news.de\/de\/wp-json\/wp\/v2\/posts"}],"about":[{"href":"https:\/\/now-news.de\/de\/wp-json\/wp\/v2\/types\/post"}],"author":[{"embeddable":true,"href":"https:\/\/now-news.de\/de\/wp-json\/wp\/v2\/users\/3"}],"replies":[{"embeddable":true,"href":"https:\/\/now-news.de\/de\/wp-json\/wp\/v2\/comments?post=32196"}],"version-history":[{"count":0,"href":"https:\/\/now-news.de\/de\/wp-json\/wp\/v2\/posts\/32196\/revisions"}],"wp:featuredmedia":[{"embeddable":true,"href":"https:\/\/now-news.de\/de\/wp-json\/wp\/v2\/media\/32197"}],"wp:attachment":[{"href":"https:\/\/now-news.de\/de\/wp-json\/wp\/v2\/media?parent=32196"}],"wp:term":[{"taxonomy":"category","embeddable":true,"href":"https:\/\/now-news.de\/de\/wp-json\/wp\/v2\/categories?post=32196"},{"taxonomy":"post_tag","embeddable":true,"href":"https:\/\/now-news.de\/de\/wp-json\/wp\/v2\/tags?post=32196"}],"curies":[{"name":"wp","href":"https:\/\/api.w.org\/{rel}","templated":true}]}}