{"id":32192,"date":"2023-03-14T10:51:53","date_gmt":"2023-03-14T08:51:53","guid":{"rendered":"http:\/\/just-now.news\/de\/deutschland\/nordkorea-feuert-zwei-ballistische-kurzstreckenraketen-ab\/"},"modified":"2023-03-14T10:51:53","modified_gmt":"2023-03-14T08:51:53","slug":"nordkorea-feuert-zwei-ballistische-kurzstreckenraketen-ab","status":"publish","type":"post","link":"https:\/\/now-news.de\/de\/deutschland\/nordkorea-feuert-zwei-ballistische-kurzstreckenraketen-ab\/","title":{"rendered":"Nordkorea feuert zwei ballistische Kurzstreckenraketen ab"},"content":{"rendered":"<p><img decoding=\"async\" src=\"http:\/\/just-now.news\/de\/wp-content\/uploads\/sites\/3\/2023\/03\/6410298db480cc7be1556040.jpg\" \/><\/p>\n<div class=\"Text-root Text-type_1 \">\n                Nachdem S\u00fcdkorea und die USA am Montag ihre gemeinsamen Milit\u00e4r\u00fcbungen mit dem Codenamen Freedom Shield (Freiheitsschild) gestartet hatten, feuerte Nordkorea am Dienstag zwei ballistische Kurzstreckenraketen ab. Die Regierung in Seoul verurteilte den Raketenstart.\n            <\/div>\n<p><\/p>\n<div class=\"Text-root Text-type_5 ArticleView-text ViewText-root \">\n<p>Am Dienstag hat Nordkorea zwei ballistische Kurzstreckenraketen in Richtung des Japanischen Meeres gestartet. Wie die s\u00fcdkoreanische Agentur <em>Yonhap<\/em> unter Berufung auf den Generalstab in Seoul <a rel=\"nofollow noopener\" target=\"_blank\" href=\"https:\/\/en.yna.co.kr\/view\/AEN20230314001051325?section=national\/defense\">berichtet<\/a>, seien die Starts zwischen 7:41 und 7:51 Uhr Ortszeit (acht Stunden weniger in Deutschland) in der s\u00fcdwestlichen Provinz Hwanghae-namdo registriert worden. Die Raketen seien\u00a0mehr\u00a0620 Kilometer weit geflogen. Weitere Details wurden zun\u00e4chst nicht bekannt gegeben. Es hie\u00df allerdings, dass das koreanische Milit\u00e4r angesichts weiterer m\u00f6glicher Starts in Nordkorea die \u00dcberwachung versch\u00e4rfen werde.<\/p>\n<p>Das s\u00fcdkoreanische Milit\u00e4r verurteilte die Handlungen der F\u00fchrung in Pj\u00f6ngjang als Bedrohung f\u00fcr Frieden und Stabilit\u00e4t. Die j\u00fcngsten Starts seien ein eindeutiger Versto\u00df gegen Resolutionen des US-Sicherheitsrates. Seoul rief das Nachbarland auf, auf weitere Raketentests zu verzichten.<\/p>\n<p>Auch Japan best\u00e4tigte am Dienstag die nordkoreanischen Raketenstarts. Wie die Agentur <em>Kyodo<\/em> unter Berufung auf den Premierminister Fumio Kishida <a rel=\"nofollow noopener\" target=\"_blank\" href=\"https:\/\/english.kyodonews.net\/news\/2023\/03\/638aab50120e-urgent-n-korea-fires-ballistic-missile-toward-sea-of-japan-s-korea.html\">berichtet<\/a>, gebe es keine Informationen \u00fcber m\u00f6gliche Sch\u00e4den. Verteidigungsminister Yasukazu Hamada sagte seinerseits, dass die Raketen nach vorl\u00e4ufigen Angaben au\u00dferhalb der ausschlie\u00dflichen Wirtschaftszone Japans abgest\u00fcrzt seien.<\/p>\n<p>Zuletzt hatte Nordkorea am Sonntag von einem U-Boot aus zwei &#8220;strategische Marschflugk\u00f6rper&#8221; in Richtung des Japanischen Meeres abgefeuert. Drei Tage zuvor hatte das Land Nordkorea im Rahmen einer Milit\u00e4r\u00fcbung Angriffe gegen Feinde, darunter Schl\u00e4ge gegen feindliche Flugh\u00e4fen, simuliert.<\/p>\n<p>Am Montag\u00a0starteten S\u00fcdkorea und die USA ihre elft\u00e4gigen Man\u00f6ver mit dem Codenamen Freedom Shield (Freiheitsschild). Nordkorea bezeichnete die \u00dcbung als Training f\u00fcr einen Angriffskrieg. Ned Price, der Sprecher des US-Au\u00dfenministeriums, sagte am Montag, dass die j\u00fcngsten Raketentests in Nordkorea der US-Regierung keine andre Wahl lie\u00dfen, als ihre Sicherheitsverpflichtungen gegen\u00fcber Seoul zu st\u00e4rken. Dar\u00fcber hinaus warnte der US-Diplomat Pj\u00f6ngjang vor einem weiteren Atomtest. Dieser w\u00e4re eine gef\u00e4hrliche Provokation und eine deutliche Bedrohung f\u00fcr den Frieden und die Sicherheit in der Region. Nach Washingtons Sch\u00e4tzungen habe Pj\u00f6ngjang die Vorbereitungen f\u00fcr den Test abgeschlossen.<\/p>\n<p><strong>Mehr zum Thema<\/strong> &#8211;\u00a0<a rel=\"nofollow noopener\" target=\"_blank\" href=\"https:\/\/de.rt.com\/asien\/164179-400-tomahawk-marschflugkoerper-japan-kuendigt\/\">400 Tomahawk-Marschflugk\u00f6rper: Japan k\u00fcndigt Kauf weiterer Waffen aus USA an<\/a><\/p>\n<\/p>\n<\/div>\n<p><br \/>\n<br \/><a href=\"https:\/\/de.rt.com\/asien\/165266-nordkorea-feuert-zwei-ballistische-kurzstreckenraketen-ab\/\">Source link <\/a><\/p>\n","protected":false},"excerpt":{"rendered":"<p>Nachdem S\u00fcdkorea und die USA am Montag ihre gemeinsamen Milit\u00e4r\u00fcbungen mit dem Codenamen Freedom Shield (Freiheitsschild) gestartet hatten, feuerte Nordkorea am Dienstag zwei ballistische Kurzstreckenraketen ab. Die Regierung in Seoul verurteilte den Raketenstart. Am Dienstag hat Nordkorea zwei ballistische Kurzstreckenraketen in Richtung des Japanischen Meeres gestartet. Wie die s\u00fcdkoreanische Agentur Yonhap unter Berufung auf den [&hellip;]<\/p>\n","protected":false},"author":3,"featured_media":32193,"comment_status":"open","ping_status":"open","sticky":false,"template":"","format":"standard","meta":{"_yoast_indexnow_last_ping":["1678784525"],"wp_automatic_camp":["217"],"e98242dca1de8c6bdcc4e7060407b31e":["Nordkorea feuert zwei ballistische Kurzstreckenraketen ab"],"original_link":["https:\/\/de.rt.com\/asien\/165266-nordkorea-feuert-zwei-ballistische-kurzstreckenraketen-ab\/"],"_thumbnail_id":["32193"],"_wptgpro_p2tg_sent2tg":["a:1:{i:23737;s:19:\"2023-03-14 11:03:17\";}"],"jnews_social_counter_last_update":["1777399777"]},"categories":[19,23],"tags":[23175,23174,30550,10407,1003],"yoast_head":"<!-- This site is optimized with the Yoast SEO Premium plugin v22.7 (Yoast SEO v22.7) - https:\/\/yoast.com\/wordpress\/plugins\/seo\/ -->\n<title>Nordkorea feuert zwei ballistische Kurzstreckenraketen ab - just-now.NEWS Deutschland<\/title>\n<meta name=\"robots\" content=\"index, follow, max-snippet:-1, max-image-preview:large, max-video-preview:-1\" \/>\n<link rel=\"canonical\" href=\"https:\/\/now-news.de\/de\/deutschland\/nordkorea-feuert-zwei-ballistische-kurzstreckenraketen-ab\/\" \/>\n<meta property=\"og:locale\" content=\"de_DE\" \/>\n<meta property=\"og:type\" content=\"article\" \/>\n<meta property=\"og:title\" content=\"Nordkorea feuert zwei ballistische Kurzstreckenraketen ab\" \/>\n<meta property=\"og:description\" content=\"Nachdem S\u00fcdkorea und die USA am Montag ihre gemeinsamen Milit\u00e4r\u00fcbungen mit dem Codenamen Freedom Shield (Freiheitsschild) gestartet hatten, feuerte Nordkorea am Dienstag zwei ballistische Kurzstreckenraketen ab. Die Regierung in Seoul verurteilte den Raketenstart. Am Dienstag hat Nordkorea zwei ballistische Kurzstreckenraketen in Richtung des Japanischen Meeres gestartet. Wie die s\u00fcdkoreanische Agentur Yonhap unter Berufung auf den [&hellip;]\" \/>\n<meta property=\"og:url\" content=\"https:\/\/now-news.de\/de\/deutschland\/nordkorea-feuert-zwei-ballistische-kurzstreckenraketen-ab\/\" \/>\n<meta property=\"og:site_name\" content=\"just-now.NEWS Deutschland\" \/>\n<meta property=\"article:publisher\" content=\"https:\/\/www.facebook.com\/wirmachenauf\" \/>\n<meta property=\"article:published_time\" content=\"2023-03-14T08:51:53+00:00\" \/>\n<meta property=\"og:image\" content=\"https:\/\/now-news.de\/de\/wp-content\/uploads\/sites\/3\/2023\/03\/Nordkorea-feuert-zwei-ballistische-Kurzstreckenraketen-ab.jpg\" \/>\n\t<meta property=\"og:image:width\" content=\"460\" \/>\n\t<meta property=\"og:image:height\" content=\"259\" \/>\n\t<meta property=\"og:image:type\" content=\"image\/jpeg\" \/>\n<meta name=\"author\" content=\"rtnews\" \/>\n<meta name=\"twitter:card\" content=\"summary_large_image\" \/>\n<meta name=\"twitter:creator\" content=\"@WirMachenAuf_de\" \/>\n<meta name=\"twitter:site\" content=\"@WirMachenAuf_de\" \/>\n<meta name=\"twitter:label1\" content=\"Verfasst von\" \/>\n\t<meta name=\"twitter:data1\" content=\"rtnews\" \/>\n\t<meta name=\"twitter:label2\" content=\"Gesch\u00e4tzte Lesezeit\" \/>\n\t<meta name=\"twitter:data2\" content=\"2\u00a0Minuten\" \/>\n<script type=\"application\/ld+json\" class=\"yoast-schema-graph\">{\"@context\":\"https:\/\/schema.org\",\"@graph\":[{\"@type\":\"Article\",\"@id\":\"https:\/\/now-news.de\/de\/deutschland\/nordkorea-feuert-zwei-ballistische-kurzstreckenraketen-ab\/#article\",\"isPartOf\":{\"@id\":\"https:\/\/now-news.de\/de\/deutschland\/nordkorea-feuert-zwei-ballistische-kurzstreckenraketen-ab\/\"},\"author\":{\"name\":\"rtnews\",\"@id\":\"https:\/\/now-news.de\/de\/#\/schema\/person\/fb534a4e865501d8b3285208df34a9b5\"},\"headline\":\"Nordkorea feuert zwei ballistische Kurzstreckenraketen ab\",\"datePublished\":\"2023-03-14T08:51:53+00:00\",\"dateModified\":\"2023-03-14T08:51:53+00:00\",\"mainEntityOfPage\":{\"@id\":\"https:\/\/now-news.de\/de\/deutschland\/nordkorea-feuert-zwei-ballistische-kurzstreckenraketen-ab\/\"},\"wordCount\":390,\"commentCount\":0,\"publisher\":{\"@id\":\"https:\/\/now-news.de\/de\/#organization\"},\"image\":{\"@id\":\"https:\/\/now-news.de\/de\/deutschland\/nordkorea-feuert-zwei-ballistische-kurzstreckenraketen-ab\/#primaryimage\"},\"thumbnailUrl\":\"https:\/\/now-news.de\/de\/wp-content\/uploads\/sites\/3\/2023\/03\/Nordkorea-feuert-zwei-ballistische-Kurzstreckenraketen-ab.jpg\",\"keywords\":[\"ballistische\",\"feuert\",\"Kurzstreckenraketen\",\"Nordkorea\",\"zwei\"],\"articleSection\":[\"Deutschland\",\"Russland\"],\"inLanguage\":\"de\",\"potentialAction\":[{\"@type\":\"CommentAction\",\"name\":\"Comment\",\"target\":[\"https:\/\/now-news.de\/de\/deutschland\/nordkorea-feuert-zwei-ballistische-kurzstreckenraketen-ab\/#respond\"]}]},{\"@type\":\"WebPage\",\"@id\":\"https:\/\/now-news.de\/de\/deutschland\/nordkorea-feuert-zwei-ballistische-kurzstreckenraketen-ab\/\",\"url\":\"https:\/\/now-news.de\/de\/deutschland\/nordkorea-feuert-zwei-ballistische-kurzstreckenraketen-ab\/\",\"name\":\"Nordkorea feuert zwei ballistische Kurzstreckenraketen ab - just-now.NEWS Deutschland\",\"isPartOf\":{\"@id\":\"https:\/\/now-news.de\/de\/#website\"},\"primaryImageOfPage\":{\"@id\":\"https:\/\/now-news.de\/de\/deutschland\/nordkorea-feuert-zwei-ballistische-kurzstreckenraketen-ab\/#primaryimage\"},\"image\":{\"@id\":\"https:\/\/now-news.de\/de\/deutschland\/nordkorea-feuert-zwei-ballistische-kurzstreckenraketen-ab\/#primaryimage\"},\"thumbnailUrl\":\"https:\/\/now-news.de\/de\/wp-content\/uploads\/sites\/3\/2023\/03\/Nordkorea-feuert-zwei-ballistische-Kurzstreckenraketen-ab.jpg\",\"datePublished\":\"2023-03-14T08:51:53+00:00\",\"dateModified\":\"2023-03-14T08:51:53+00:00\",\"breadcrumb\":{\"@id\":\"https:\/\/now-news.de\/de\/deutschland\/nordkorea-feuert-zwei-ballistische-kurzstreckenraketen-ab\/#breadcrumb\"},\"inLanguage\":\"de\",\"potentialAction\":[{\"@type\":\"ReadAction\",\"target\":[\"https:\/\/now-news.de\/de\/deutschland\/nordkorea-feuert-zwei-ballistische-kurzstreckenraketen-ab\/\"]}]},{\"@type\":\"ImageObject\",\"inLanguage\":\"de\",\"@id\":\"https:\/\/now-news.de\/de\/deutschland\/nordkorea-feuert-zwei-ballistische-kurzstreckenraketen-ab\/#primaryimage\",\"url\":\"https:\/\/now-news.de\/de\/wp-content\/uploads\/sites\/3\/2023\/03\/Nordkorea-feuert-zwei-ballistische-Kurzstreckenraketen-ab.jpg\",\"contentUrl\":\"https:\/\/now-news.de\/de\/wp-content\/uploads\/sites\/3\/2023\/03\/Nordkorea-feuert-zwei-ballistische-Kurzstreckenraketen-ab.jpg\",\"width\":460,\"height\":259,\"caption\":\"Nordkorea feuert zwei ballistische Kurzstreckenraketen ab\"},{\"@type\":\"BreadcrumbList\",\"@id\":\"https:\/\/now-news.de\/de\/deutschland\/nordkorea-feuert-zwei-ballistische-kurzstreckenraketen-ab\/#breadcrumb\",\"itemListElement\":[{\"@type\":\"ListItem\",\"position\":1,\"name\":\"Home\",\"item\":\"https:\/\/now-news.de\/de\/\"},{\"@type\":\"ListItem\",\"position\":2,\"name\":\"Nordkorea feuert zwei ballistische Kurzstreckenraketen ab\"}]},{\"@type\":\"WebSite\",\"@id\":\"https:\/\/now-news.de\/de\/#website\",\"url\":\"https:\/\/now-news.de\/de\/\",\"name\":\"just-now.NEWS Deutschland\",\"description\":\"Das Portal f\u00fcr unzensierte Nachrichten aus der Welt\",\"publisher\":{\"@id\":\"https:\/\/now-news.de\/de\/#organization\"},\"potentialAction\":[{\"@type\":\"SearchAction\",\"target\":{\"@type\":\"EntryPoint\",\"urlTemplate\":\"https:\/\/now-news.de\/de\/?s={search_term_string}\"},\"query-input\":\"required name=search_term_string\"}],\"inLanguage\":\"de\"},{\"@type\":\"Organization\",\"@id\":\"https:\/\/now-news.de\/de\/#organization\",\"name\":\"Just Now News\",\"url\":\"https:\/\/now-news.de\/de\/\",\"logo\":{\"@type\":\"ImageObject\",\"inLanguage\":\"de\",\"@id\":\"https:\/\/now-news.de\/de\/#\/schema\/logo\/image\/\",\"url\":\"http:\/\/just-now.news\/de\/wp-content\/uploads\/sites\/3\/2022\/04\/logo500x500.jpg\",\"contentUrl\":\"http:\/\/just-now.news\/de\/wp-content\/uploads\/sites\/3\/2022\/04\/logo500x500.jpg\",\"width\":500,\"height\":500,\"caption\":\"Just Now News\"},\"image\":{\"@id\":\"https:\/\/now-news.de\/de\/#\/schema\/logo\/image\/\"},\"sameAs\":[\"https:\/\/www.facebook.com\/wirmachenauf\",\"https:\/\/x.com\/WirMachenAuf_de\"]},{\"@type\":\"Person\",\"@id\":\"https:\/\/now-news.de\/de\/#\/schema\/person\/fb534a4e865501d8b3285208df34a9b5\",\"name\":\"rtnews\",\"image\":{\"@type\":\"ImageObject\",\"inLanguage\":\"de\",\"@id\":\"https:\/\/now-news.de\/de\/#\/schema\/person\/image\/\",\"url\":\"https:\/\/secure.gravatar.com\/avatar\/82aafea7d8127119dd649515f56e2117?s=96&d=mm&r=g\",\"contentUrl\":\"https:\/\/secure.gravatar.com\/avatar\/82aafea7d8127119dd649515f56e2117?s=96&d=mm&r=g\",\"caption\":\"rtnews\"},\"url\":\"https:\/\/now-news.de\/de\/author\/rnews\/\"}]}<\/script>\n<!-- \/ Yoast SEO Premium plugin. -->","yoast_head_json":{"title":"Nordkorea feuert zwei ballistische Kurzstreckenraketen ab - just-now.NEWS Deutschland","robots":{"index":"index","follow":"follow","max-snippet":"max-snippet:-1","max-image-preview":"max-image-preview:large","max-video-preview":"max-video-preview:-1"},"canonical":"https:\/\/now-news.de\/de\/deutschland\/nordkorea-feuert-zwei-ballistische-kurzstreckenraketen-ab\/","og_locale":"de_DE","og_type":"article","og_title":"Nordkorea feuert zwei ballistische Kurzstreckenraketen ab","og_description":"Nachdem S\u00fcdkorea und die USA am Montag ihre gemeinsamen Milit\u00e4r\u00fcbungen mit dem Codenamen Freedom Shield (Freiheitsschild) gestartet hatten, feuerte Nordkorea am Dienstag zwei ballistische Kurzstreckenraketen ab. Die Regierung in Seoul verurteilte den Raketenstart. Am Dienstag hat Nordkorea zwei ballistische Kurzstreckenraketen in Richtung des Japanischen Meeres gestartet. Wie die s\u00fcdkoreanische Agentur Yonhap unter Berufung auf den [&hellip;]","og_url":"https:\/\/now-news.de\/de\/deutschland\/nordkorea-feuert-zwei-ballistische-kurzstreckenraketen-ab\/","og_site_name":"just-now.NEWS Deutschland","article_publisher":"https:\/\/www.facebook.com\/wirmachenauf","article_published_time":"2023-03-14T08:51:53+00:00","og_image":[{"width":460,"height":259,"url":"https:\/\/now-news.de\/de\/wp-content\/uploads\/sites\/3\/2023\/03\/Nordkorea-feuert-zwei-ballistische-Kurzstreckenraketen-ab.jpg","type":"image\/jpeg"}],"author":"rtnews","twitter_card":"summary_large_image","twitter_creator":"@WirMachenAuf_de","twitter_site":"@WirMachenAuf_de","twitter_misc":{"Verfasst von":"rtnews","Gesch\u00e4tzte Lesezeit":"2\u00a0Minuten"},"schema":{"@context":"https:\/\/schema.org","@graph":[{"@type":"Article","@id":"https:\/\/now-news.de\/de\/deutschland\/nordkorea-feuert-zwei-ballistische-kurzstreckenraketen-ab\/#article","isPartOf":{"@id":"https:\/\/now-news.de\/de\/deutschland\/nordkorea-feuert-zwei-ballistische-kurzstreckenraketen-ab\/"},"author":{"name":"rtnews","@id":"https:\/\/now-news.de\/de\/#\/schema\/person\/fb534a4e865501d8b3285208df34a9b5"},"headline":"Nordkorea feuert zwei ballistische Kurzstreckenraketen ab","datePublished":"2023-03-14T08:51:53+00:00","dateModified":"2023-03-14T08:51:53+00:00","mainEntityOfPage":{"@id":"https:\/\/now-news.de\/de\/deutschland\/nordkorea-feuert-zwei-ballistische-kurzstreckenraketen-ab\/"},"wordCount":390,"commentCount":0,"publisher":{"@id":"https:\/\/now-news.de\/de\/#organization"},"image":{"@id":"https:\/\/now-news.de\/de\/deutschland\/nordkorea-feuert-zwei-ballistische-kurzstreckenraketen-ab\/#primaryimage"},"thumbnailUrl":"https:\/\/now-news.de\/de\/wp-content\/uploads\/sites\/3\/2023\/03\/Nordkorea-feuert-zwei-ballistische-Kurzstreckenraketen-ab.jpg","keywords":["ballistische","feuert","Kurzstreckenraketen","Nordkorea","zwei"],"articleSection":["Deutschland","Russland"],"inLanguage":"de","potentialAction":[{"@type":"CommentAction","name":"Comment","target":["https:\/\/now-news.de\/de\/deutschland\/nordkorea-feuert-zwei-ballistische-kurzstreckenraketen-ab\/#respond"]}]},{"@type":"WebPage","@id":"https:\/\/now-news.de\/de\/deutschland\/nordkorea-feuert-zwei-ballistische-kurzstreckenraketen-ab\/","url":"https:\/\/now-news.de\/de\/deutschland\/nordkorea-feuert-zwei-ballistische-kurzstreckenraketen-ab\/","name":"Nordkorea feuert zwei ballistische Kurzstreckenraketen ab - just-now.NEWS Deutschland","isPartOf":{"@id":"https:\/\/now-news.de\/de\/#website"},"primaryImageOfPage":{"@id":"https:\/\/now-news.de\/de\/deutschland\/nordkorea-feuert-zwei-ballistische-kurzstreckenraketen-ab\/#primaryimage"},"image":{"@id":"https:\/\/now-news.de\/de\/deutschland\/nordkorea-feuert-zwei-ballistische-kurzstreckenraketen-ab\/#primaryimage"},"thumbnailUrl":"https:\/\/now-news.de\/de\/wp-content\/uploads\/sites\/3\/2023\/03\/Nordkorea-feuert-zwei-ballistische-Kurzstreckenraketen-ab.jpg","datePublished":"2023-03-14T08:51:53+00:00","dateModified":"2023-03-14T08:51:53+00:00","breadcrumb":{"@id":"https:\/\/now-news.de\/de\/deutschland\/nordkorea-feuert-zwei-ballistische-kurzstreckenraketen-ab\/#breadcrumb"},"inLanguage":"de","potentialAction":[{"@type":"ReadAction","target":["https:\/\/now-news.de\/de\/deutschland\/nordkorea-feuert-zwei-ballistische-kurzstreckenraketen-ab\/"]}]},{"@type":"ImageObject","inLanguage":"de","@id":"https:\/\/now-news.de\/de\/deutschland\/nordkorea-feuert-zwei-ballistische-kurzstreckenraketen-ab\/#primaryimage","url":"https:\/\/now-news.de\/de\/wp-content\/uploads\/sites\/3\/2023\/03\/Nordkorea-feuert-zwei-ballistische-Kurzstreckenraketen-ab.jpg","contentUrl":"https:\/\/now-news.de\/de\/wp-content\/uploads\/sites\/3\/2023\/03\/Nordkorea-feuert-zwei-ballistische-Kurzstreckenraketen-ab.jpg","width":460,"height":259,"caption":"Nordkorea feuert zwei ballistische Kurzstreckenraketen ab"},{"@type":"BreadcrumbList","@id":"https:\/\/now-news.de\/de\/deutschland\/nordkorea-feuert-zwei-ballistische-kurzstreckenraketen-ab\/#breadcrumb","itemListElement":[{"@type":"ListItem","position":1,"name":"Home","item":"https:\/\/now-news.de\/de\/"},{"@type":"ListItem","position":2,"name":"Nordkorea feuert zwei ballistische Kurzstreckenraketen ab"}]},{"@type":"WebSite","@id":"https:\/\/now-news.de\/de\/#website","url":"https:\/\/now-news.de\/de\/","name":"just-now.NEWS Deutschland","description":"Das Portal f\u00fcr unzensierte Nachrichten aus der Welt","publisher":{"@id":"https:\/\/now-news.de\/de\/#organization"},"potentialAction":[{"@type":"SearchAction","target":{"@type":"EntryPoint","urlTemplate":"https:\/\/now-news.de\/de\/?s={search_term_string}"},"query-input":"required name=search_term_string"}],"inLanguage":"de"},{"@type":"Organization","@id":"https:\/\/now-news.de\/de\/#organization","name":"Just Now News","url":"https:\/\/now-news.de\/de\/","logo":{"@type":"ImageObject","inLanguage":"de","@id":"https:\/\/now-news.de\/de\/#\/schema\/logo\/image\/","url":"http:\/\/just-now.news\/de\/wp-content\/uploads\/sites\/3\/2022\/04\/logo500x500.jpg","contentUrl":"http:\/\/just-now.news\/de\/wp-content\/uploads\/sites\/3\/2022\/04\/logo500x500.jpg","width":500,"height":500,"caption":"Just Now News"},"image":{"@id":"https:\/\/now-news.de\/de\/#\/schema\/logo\/image\/"},"sameAs":["https:\/\/www.facebook.com\/wirmachenauf","https:\/\/x.com\/WirMachenAuf_de"]},{"@type":"Person","@id":"https:\/\/now-news.de\/de\/#\/schema\/person\/fb534a4e865501d8b3285208df34a9b5","name":"rtnews","image":{"@type":"ImageObject","inLanguage":"de","@id":"https:\/\/now-news.de\/de\/#\/schema\/person\/image\/","url":"https:\/\/secure.gravatar.com\/avatar\/82aafea7d8127119dd649515f56e2117?s=96&d=mm&r=g","contentUrl":"https:\/\/secure.gravatar.com\/avatar\/82aafea7d8127119dd649515f56e2117?s=96&d=mm&r=g","caption":"rtnews"},"url":"https:\/\/now-news.de\/de\/author\/rnews\/"}]}},"_links":{"self":[{"href":"https:\/\/now-news.de\/de\/wp-json\/wp\/v2\/posts\/32192"}],"collection":[{"href":"https:\/\/now-news.de\/de\/wp-json\/wp\/v2\/posts"}],"about":[{"href":"https:\/\/now-news.de\/de\/wp-json\/wp\/v2\/types\/post"}],"author":[{"embeddable":true,"href":"https:\/\/now-news.de\/de\/wp-json\/wp\/v2\/users\/3"}],"replies":[{"embeddable":true,"href":"https:\/\/now-news.de\/de\/wp-json\/wp\/v2\/comments?post=32192"}],"version-history":[{"count":0,"href":"https:\/\/now-news.de\/de\/wp-json\/wp\/v2\/posts\/32192\/revisions"}],"wp:featuredmedia":[{"embeddable":true,"href":"https:\/\/now-news.de\/de\/wp-json\/wp\/v2\/media\/32193"}],"wp:attachment":[{"href":"https:\/\/now-news.de\/de\/wp-json\/wp\/v2\/media?parent=32192"}],"wp:term":[{"taxonomy":"category","embeddable":true,"href":"https:\/\/now-news.de\/de\/wp-json\/wp\/v2\/categories?post=32192"},{"taxonomy":"post_tag","embeddable":true,"href":"https:\/\/now-news.de\/de\/wp-json\/wp\/v2\/tags?post=32192"}],"curies":[{"name":"wp","href":"https:\/\/api.w.org\/{rel}","templated":true}]}}