{"id":32156,"date":"2023-03-13T19:21:01","date_gmt":"2023-03-13T17:21:01","guid":{"rendered":"http:\/\/just-now.news\/de\/deutschland\/inmitten-der-regierungskrise-in-israel-emirate-stellen-waffengeschaefte-mit-tel-aviv-ein\/"},"modified":"2023-03-13T19:21:01","modified_gmt":"2023-03-13T17:21:01","slug":"inmitten-der-regierungskrise-in-israel-emirate-stellen-waffengeschaefte-mit-tel-aviv-ein","status":"publish","type":"post","link":"https:\/\/now-news.de\/de\/deutschland\/inmitten-der-regierungskrise-in-israel-emirate-stellen-waffengeschaefte-mit-tel-aviv-ein\/","title":{"rendered":"Inmitten der Regierungskrise in Israel: Emirate stellen Waffengesch\u00e4fte mit Tel Aviv ein"},"content":{"rendered":"<p><img decoding=\"async\" src=\"http:\/\/just-now.news\/de\/wp-content\/uploads\/sites\/3\/2023\/03\/640f4996b480cc4d7c5c172d.jpg\" \/><\/p>\n<div class=\"Text-root Text-type_1 \">\n                Tel Aviv und Abu Dhabi haben seit der Unterzeichnung des Abraham-Abkommens im Jahr 2020 enge Wirtschafts- und Sicherheitsbeziehungen aufgebaut. Nun haben die Vereinigten Arabischen Emirate ihre Waffengesch\u00e4fte mit Israel aufgrund von antipal\u00e4stinensischen Aktionen eingestellt.\n            <\/div>\n<p><\/p>\n<div class=\"Text-root Text-type_5 ArticleView-text ViewText-root \">\n<p>Die Vereinigten Arabischen Emirate (VAE) haben Berichten zufolge den Kauf\u00a0israelischer Verteidigungssysteme inmitten der politischen\u00a0Krise der\u00a0Netanjahu-Regierung um eine Justizreform\u00a0und aufgrund von antipal\u00e4stinensischen\u00a0Aktionen und\u00a0\u00c4u\u00dferungen zweier radikal rechtsorientierter israelischer Minister gestoppt.<\/p>\n<p>&#8220;Solange wir nicht sicherstellen k\u00f6nnen, dass Ministerpr\u00e4sident Netanjahu eine Regierung hat, die er kontrollieren kann, k\u00f6nnen wir nicht zusammenarbeiten&#8221;, sagte der Pr\u00e4sident der Emirate, Mohammed bin\u00a0Zayid, gegen\u00fcber israelischen Beamten.<\/p>\n<p>Laut <em>Channel 12<\/em> sind die emiratischen\u00a0Beamten besonders ver\u00e4rgert \u00fcber\u00a0den j\u00fcngsten Tempelberg-Besuch\u00a0des Ministers f\u00fcr Nationale Sicherheit, Itamar Ben-Gvir, und \u00fcber die \u00c4u\u00dferungen des israelischen Finanzministers Bezalel Smotrich, der k\u00fcrzlich die &#8220;Ausl\u00f6schung&#8221;\u00a0einer pal\u00e4stinensischen Kleinstadt\u00a0forderte.<\/p>\n<p>Im vergangenen Jahr unterzeichneten Tel Aviv und Abu Dhabi ihr erstes Waffengesch\u00e4ft seit der Unterzeichnung eines Normalisierungsabkommens im Jahr 2020.\u00a0Israel und die Emirate unterhalten auch eine enge Sicherheitskooperation im Jemen und haben sich in der Vergangenheit gemeinsam daf\u00fcr eingesetzt, dass die pro-iranische Ansarallah-Bewegung (Huthi) erneut als ausl\u00e4ndische &#8220;terroristische Organisation&#8221; eingestuft wird.<\/p>\n<p><strong>Mehr zum Thema<\/strong>\u00a0\u2013 <a rel=\"nofollow noopener\" target=\"_blank\" href=\"https:\/\/de.rt.com\/der-nahe-osten\/160808-staatskrise-in-israel-und-hamas\/\">Staatskrise in Israel und Hamas-Strategie: Westjordanland bildet neuen Brennpunkt der Konflikte<\/a><\/p>\n<\/div>\n<p><br \/>\n<br \/><a href=\"https:\/\/de.rt.com\/der-nahe-osten\/165225-inmitten-regierungskrise-in-israel-emirate\/\">Source link <\/a><\/p>\n","protected":false},"excerpt":{"rendered":"<p>Tel Aviv und Abu Dhabi haben seit der Unterzeichnung des Abraham-Abkommens im Jahr 2020 enge Wirtschafts- und Sicherheitsbeziehungen aufgebaut. Nun haben die Vereinigten Arabischen Emirate ihre Waffengesch\u00e4fte mit Israel aufgrund von antipal\u00e4stinensischen Aktionen eingestellt. Die Vereinigten Arabischen Emirate (VAE) haben Berichten zufolge den Kauf\u00a0israelischer Verteidigungssysteme inmitten der politischen\u00a0Krise der\u00a0Netanjahu-Regierung um eine Justizreform\u00a0und aufgrund von antipal\u00e4stinensischen\u00a0Aktionen [&hellip;]<\/p>\n","protected":false},"author":3,"featured_media":32157,"comment_status":"open","ping_status":"open","sticky":false,"template":"","format":"standard","meta":{"_yoast_indexnow_last_ping":["1678728536"],"wp_automatic_camp":["217"],"4d3cba3f9201e08545038ba0ef0d479e":["Inmitten der Regierungskrise in Israel: Emirate stellen Waffengesch\u00e4fte mit Tel Aviv ein"],"original_link":["https:\/\/de.rt.com\/der-nahe-osten\/165225-inmitten-regierungskrise-in-israel-emirate\/"],"_thumbnail_id":["32157"],"_wptgpro_p2tg_sent2tg":["a:1:{i:23737;s:19:\"2023-03-13 19:29:57\";}"],"jnews_social_counter_last_update":["1777245931"]},"categories":[19,23],"tags":[24167,82,357,4989,4219,432,419,28381,4436,23591,41921],"yoast_head":"<!-- This site is optimized with the Yoast SEO Premium plugin v22.7 (Yoast SEO v22.7) - https:\/\/yoast.com\/wordpress\/plugins\/seo\/ -->\n<title>Inmitten der Regierungskrise in Israel: Emirate stellen Waffengesch\u00e4fte mit Tel Aviv ein - just-now.NEWS Deutschland<\/title>\n<meta name=\"robots\" content=\"index, follow, max-snippet:-1, max-image-preview:large, max-video-preview:-1\" \/>\n<link rel=\"canonical\" href=\"https:\/\/now-news.de\/de\/deutschland\/inmitten-der-regierungskrise-in-israel-emirate-stellen-waffengeschaefte-mit-tel-aviv-ein\/\" \/>\n<meta property=\"og:locale\" content=\"de_DE\" \/>\n<meta property=\"og:type\" content=\"article\" \/>\n<meta property=\"og:title\" content=\"Inmitten der Regierungskrise in Israel: Emirate stellen Waffengesch\u00e4fte mit Tel Aviv ein\" \/>\n<meta property=\"og:description\" content=\"Tel Aviv und Abu Dhabi haben seit der Unterzeichnung des Abraham-Abkommens im Jahr 2020 enge Wirtschafts- und Sicherheitsbeziehungen aufgebaut. Nun haben die Vereinigten Arabischen Emirate ihre Waffengesch\u00e4fte mit Israel aufgrund von antipal\u00e4stinensischen Aktionen eingestellt. Die Vereinigten Arabischen Emirate (VAE) haben Berichten zufolge den Kauf\u00a0israelischer Verteidigungssysteme inmitten der politischen\u00a0Krise der\u00a0Netanjahu-Regierung um eine Justizreform\u00a0und aufgrund von antipal\u00e4stinensischen\u00a0Aktionen [&hellip;]\" \/>\n<meta property=\"og:url\" content=\"https:\/\/now-news.de\/de\/deutschland\/inmitten-der-regierungskrise-in-israel-emirate-stellen-waffengeschaefte-mit-tel-aviv-ein\/\" \/>\n<meta property=\"og:site_name\" content=\"just-now.NEWS Deutschland\" \/>\n<meta property=\"article:publisher\" content=\"https:\/\/www.facebook.com\/wirmachenauf\" \/>\n<meta property=\"article:published_time\" content=\"2023-03-13T17:21:01+00:00\" \/>\n<meta property=\"og:image\" content=\"https:\/\/now-news.de\/de\/wp-content\/uploads\/sites\/3\/2023\/03\/Inmitten-der-Regierungskrise-in-Israel-Emirate-stellen-Waffengeschaefte-mit-Tel.jpg\" \/>\n\t<meta property=\"og:image:width\" content=\"460\" \/>\n\t<meta property=\"og:image:height\" content=\"259\" \/>\n\t<meta property=\"og:image:type\" content=\"image\/jpeg\" \/>\n<meta name=\"author\" content=\"rtnews\" \/>\n<meta name=\"twitter:card\" content=\"summary_large_image\" \/>\n<meta name=\"twitter:creator\" content=\"@WirMachenAuf_de\" \/>\n<meta name=\"twitter:site\" content=\"@WirMachenAuf_de\" \/>\n<meta name=\"twitter:label1\" content=\"Verfasst von\" \/>\n\t<meta name=\"twitter:data1\" content=\"rtnews\" \/>\n\t<meta name=\"twitter:label2\" content=\"Gesch\u00e4tzte Lesezeit\" \/>\n\t<meta name=\"twitter:data2\" content=\"1\u00a0Minute\" \/>\n<script type=\"application\/ld+json\" class=\"yoast-schema-graph\">{\"@context\":\"https:\/\/schema.org\",\"@graph\":[{\"@type\":\"Article\",\"@id\":\"https:\/\/now-news.de\/de\/deutschland\/inmitten-der-regierungskrise-in-israel-emirate-stellen-waffengeschaefte-mit-tel-aviv-ein\/#article\",\"isPartOf\":{\"@id\":\"https:\/\/now-news.de\/de\/deutschland\/inmitten-der-regierungskrise-in-israel-emirate-stellen-waffengeschaefte-mit-tel-aviv-ein\/\"},\"author\":{\"name\":\"rtnews\",\"@id\":\"https:\/\/now-news.de\/de\/#\/schema\/person\/fb534a4e865501d8b3285208df34a9b5\"},\"headline\":\"Inmitten der Regierungskrise in Israel: Emirate stellen Waffengesch\u00e4fte mit Tel Aviv ein\",\"datePublished\":\"2023-03-13T17:21:01+00:00\",\"dateModified\":\"2023-03-13T17:21:01+00:00\",\"mainEntityOfPage\":{\"@id\":\"https:\/\/now-news.de\/de\/deutschland\/inmitten-der-regierungskrise-in-israel-emirate-stellen-waffengeschaefte-mit-tel-aviv-ein\/\"},\"wordCount\":233,\"commentCount\":0,\"publisher\":{\"@id\":\"https:\/\/now-news.de\/de\/#organization\"},\"image\":{\"@id\":\"https:\/\/now-news.de\/de\/deutschland\/inmitten-der-regierungskrise-in-israel-emirate-stellen-waffengeschaefte-mit-tel-aviv-ein\/#primaryimage\"},\"thumbnailUrl\":\"https:\/\/now-news.de\/de\/wp-content\/uploads\/sites\/3\/2023\/03\/Inmitten-der-Regierungskrise-in-Israel-Emirate-stellen-Waffengeschaefte-mit-Tel.jpg\",\"keywords\":[\"Aviv\",\"der\",\"ein\",\"Emirate\",\"inmitten\",\"Israel\",\"mit\",\"Regierungskrise\",\"stellen\",\"Tel\",\"Waffengesch\u00e4fte\"],\"articleSection\":[\"Deutschland\",\"Russland\"],\"inLanguage\":\"de\",\"potentialAction\":[{\"@type\":\"CommentAction\",\"name\":\"Comment\",\"target\":[\"https:\/\/now-news.de\/de\/deutschland\/inmitten-der-regierungskrise-in-israel-emirate-stellen-waffengeschaefte-mit-tel-aviv-ein\/#respond\"]}]},{\"@type\":\"WebPage\",\"@id\":\"https:\/\/now-news.de\/de\/deutschland\/inmitten-der-regierungskrise-in-israel-emirate-stellen-waffengeschaefte-mit-tel-aviv-ein\/\",\"url\":\"https:\/\/now-news.de\/de\/deutschland\/inmitten-der-regierungskrise-in-israel-emirate-stellen-waffengeschaefte-mit-tel-aviv-ein\/\",\"name\":\"Inmitten der Regierungskrise in Israel: Emirate stellen Waffengesch\u00e4fte mit Tel Aviv ein - just-now.NEWS Deutschland\",\"isPartOf\":{\"@id\":\"https:\/\/now-news.de\/de\/#website\"},\"primaryImageOfPage\":{\"@id\":\"https:\/\/now-news.de\/de\/deutschland\/inmitten-der-regierungskrise-in-israel-emirate-stellen-waffengeschaefte-mit-tel-aviv-ein\/#primaryimage\"},\"image\":{\"@id\":\"https:\/\/now-news.de\/de\/deutschland\/inmitten-der-regierungskrise-in-israel-emirate-stellen-waffengeschaefte-mit-tel-aviv-ein\/#primaryimage\"},\"thumbnailUrl\":\"https:\/\/now-news.de\/de\/wp-content\/uploads\/sites\/3\/2023\/03\/Inmitten-der-Regierungskrise-in-Israel-Emirate-stellen-Waffengeschaefte-mit-Tel.jpg\",\"datePublished\":\"2023-03-13T17:21:01+00:00\",\"dateModified\":\"2023-03-13T17:21:01+00:00\",\"breadcrumb\":{\"@id\":\"https:\/\/now-news.de\/de\/deutschland\/inmitten-der-regierungskrise-in-israel-emirate-stellen-waffengeschaefte-mit-tel-aviv-ein\/#breadcrumb\"},\"inLanguage\":\"de\",\"potentialAction\":[{\"@type\":\"ReadAction\",\"target\":[\"https:\/\/now-news.de\/de\/deutschland\/inmitten-der-regierungskrise-in-israel-emirate-stellen-waffengeschaefte-mit-tel-aviv-ein\/\"]}]},{\"@type\":\"ImageObject\",\"inLanguage\":\"de\",\"@id\":\"https:\/\/now-news.de\/de\/deutschland\/inmitten-der-regierungskrise-in-israel-emirate-stellen-waffengeschaefte-mit-tel-aviv-ein\/#primaryimage\",\"url\":\"https:\/\/now-news.de\/de\/wp-content\/uploads\/sites\/3\/2023\/03\/Inmitten-der-Regierungskrise-in-Israel-Emirate-stellen-Waffengeschaefte-mit-Tel.jpg\",\"contentUrl\":\"https:\/\/now-news.de\/de\/wp-content\/uploads\/sites\/3\/2023\/03\/Inmitten-der-Regierungskrise-in-Israel-Emirate-stellen-Waffengeschaefte-mit-Tel.jpg\",\"width\":460,\"height\":259,\"caption\":\"Inmitten der Regierungskrise in Israel: Emirate stellen Waffengesch\u00e4fte mit Tel Aviv ein\"},{\"@type\":\"BreadcrumbList\",\"@id\":\"https:\/\/now-news.de\/de\/deutschland\/inmitten-der-regierungskrise-in-israel-emirate-stellen-waffengeschaefte-mit-tel-aviv-ein\/#breadcrumb\",\"itemListElement\":[{\"@type\":\"ListItem\",\"position\":1,\"name\":\"Home\",\"item\":\"https:\/\/now-news.de\/de\/\"},{\"@type\":\"ListItem\",\"position\":2,\"name\":\"Inmitten der Regierungskrise in Israel: Emirate stellen Waffengesch\u00e4fte mit Tel Aviv ein\"}]},{\"@type\":\"WebSite\",\"@id\":\"https:\/\/now-news.de\/de\/#website\",\"url\":\"https:\/\/now-news.de\/de\/\",\"name\":\"just-now.NEWS Deutschland\",\"description\":\"Das Portal f\u00fcr unzensierte Nachrichten aus der Welt\",\"publisher\":{\"@id\":\"https:\/\/now-news.de\/de\/#organization\"},\"potentialAction\":[{\"@type\":\"SearchAction\",\"target\":{\"@type\":\"EntryPoint\",\"urlTemplate\":\"https:\/\/now-news.de\/de\/?s={search_term_string}\"},\"query-input\":\"required name=search_term_string\"}],\"inLanguage\":\"de\"},{\"@type\":\"Organization\",\"@id\":\"https:\/\/now-news.de\/de\/#organization\",\"name\":\"Just Now News\",\"url\":\"https:\/\/now-news.de\/de\/\",\"logo\":{\"@type\":\"ImageObject\",\"inLanguage\":\"de\",\"@id\":\"https:\/\/now-news.de\/de\/#\/schema\/logo\/image\/\",\"url\":\"http:\/\/just-now.news\/de\/wp-content\/uploads\/sites\/3\/2022\/04\/logo500x500.jpg\",\"contentUrl\":\"http:\/\/just-now.news\/de\/wp-content\/uploads\/sites\/3\/2022\/04\/logo500x500.jpg\",\"width\":500,\"height\":500,\"caption\":\"Just Now News\"},\"image\":{\"@id\":\"https:\/\/now-news.de\/de\/#\/schema\/logo\/image\/\"},\"sameAs\":[\"https:\/\/www.facebook.com\/wirmachenauf\",\"https:\/\/x.com\/WirMachenAuf_de\"]},{\"@type\":\"Person\",\"@id\":\"https:\/\/now-news.de\/de\/#\/schema\/person\/fb534a4e865501d8b3285208df34a9b5\",\"name\":\"rtnews\",\"image\":{\"@type\":\"ImageObject\",\"inLanguage\":\"de\",\"@id\":\"https:\/\/now-news.de\/de\/#\/schema\/person\/image\/\",\"url\":\"https:\/\/secure.gravatar.com\/avatar\/82aafea7d8127119dd649515f56e2117?s=96&d=mm&r=g\",\"contentUrl\":\"https:\/\/secure.gravatar.com\/avatar\/82aafea7d8127119dd649515f56e2117?s=96&d=mm&r=g\",\"caption\":\"rtnews\"},\"url\":\"https:\/\/now-news.de\/de\/author\/rnews\/\"}]}<\/script>\n<!-- \/ Yoast SEO Premium plugin. -->","yoast_head_json":{"title":"Inmitten der Regierungskrise in Israel: Emirate stellen Waffengesch\u00e4fte mit Tel Aviv ein - just-now.NEWS Deutschland","robots":{"index":"index","follow":"follow","max-snippet":"max-snippet:-1","max-image-preview":"max-image-preview:large","max-video-preview":"max-video-preview:-1"},"canonical":"https:\/\/now-news.de\/de\/deutschland\/inmitten-der-regierungskrise-in-israel-emirate-stellen-waffengeschaefte-mit-tel-aviv-ein\/","og_locale":"de_DE","og_type":"article","og_title":"Inmitten der Regierungskrise in Israel: Emirate stellen Waffengesch\u00e4fte mit Tel Aviv ein","og_description":"Tel Aviv und Abu Dhabi haben seit der Unterzeichnung des Abraham-Abkommens im Jahr 2020 enge Wirtschafts- und Sicherheitsbeziehungen aufgebaut. Nun haben die Vereinigten Arabischen Emirate ihre Waffengesch\u00e4fte mit Israel aufgrund von antipal\u00e4stinensischen Aktionen eingestellt. Die Vereinigten Arabischen Emirate (VAE) haben Berichten zufolge den Kauf\u00a0israelischer Verteidigungssysteme inmitten der politischen\u00a0Krise der\u00a0Netanjahu-Regierung um eine Justizreform\u00a0und aufgrund von antipal\u00e4stinensischen\u00a0Aktionen [&hellip;]","og_url":"https:\/\/now-news.de\/de\/deutschland\/inmitten-der-regierungskrise-in-israel-emirate-stellen-waffengeschaefte-mit-tel-aviv-ein\/","og_site_name":"just-now.NEWS Deutschland","article_publisher":"https:\/\/www.facebook.com\/wirmachenauf","article_published_time":"2023-03-13T17:21:01+00:00","og_image":[{"width":460,"height":259,"url":"https:\/\/now-news.de\/de\/wp-content\/uploads\/sites\/3\/2023\/03\/Inmitten-der-Regierungskrise-in-Israel-Emirate-stellen-Waffengeschaefte-mit-Tel.jpg","type":"image\/jpeg"}],"author":"rtnews","twitter_card":"summary_large_image","twitter_creator":"@WirMachenAuf_de","twitter_site":"@WirMachenAuf_de","twitter_misc":{"Verfasst von":"rtnews","Gesch\u00e4tzte Lesezeit":"1\u00a0Minute"},"schema":{"@context":"https:\/\/schema.org","@graph":[{"@type":"Article","@id":"https:\/\/now-news.de\/de\/deutschland\/inmitten-der-regierungskrise-in-israel-emirate-stellen-waffengeschaefte-mit-tel-aviv-ein\/#article","isPartOf":{"@id":"https:\/\/now-news.de\/de\/deutschland\/inmitten-der-regierungskrise-in-israel-emirate-stellen-waffengeschaefte-mit-tel-aviv-ein\/"},"author":{"name":"rtnews","@id":"https:\/\/now-news.de\/de\/#\/schema\/person\/fb534a4e865501d8b3285208df34a9b5"},"headline":"Inmitten der Regierungskrise in Israel: Emirate stellen Waffengesch\u00e4fte mit Tel Aviv ein","datePublished":"2023-03-13T17:21:01+00:00","dateModified":"2023-03-13T17:21:01+00:00","mainEntityOfPage":{"@id":"https:\/\/now-news.de\/de\/deutschland\/inmitten-der-regierungskrise-in-israel-emirate-stellen-waffengeschaefte-mit-tel-aviv-ein\/"},"wordCount":233,"commentCount":0,"publisher":{"@id":"https:\/\/now-news.de\/de\/#organization"},"image":{"@id":"https:\/\/now-news.de\/de\/deutschland\/inmitten-der-regierungskrise-in-israel-emirate-stellen-waffengeschaefte-mit-tel-aviv-ein\/#primaryimage"},"thumbnailUrl":"https:\/\/now-news.de\/de\/wp-content\/uploads\/sites\/3\/2023\/03\/Inmitten-der-Regierungskrise-in-Israel-Emirate-stellen-Waffengeschaefte-mit-Tel.jpg","keywords":["Aviv","der","ein","Emirate","inmitten","Israel","mit","Regierungskrise","stellen","Tel","Waffengesch\u00e4fte"],"articleSection":["Deutschland","Russland"],"inLanguage":"de","potentialAction":[{"@type":"CommentAction","name":"Comment","target":["https:\/\/now-news.de\/de\/deutschland\/inmitten-der-regierungskrise-in-israel-emirate-stellen-waffengeschaefte-mit-tel-aviv-ein\/#respond"]}]},{"@type":"WebPage","@id":"https:\/\/now-news.de\/de\/deutschland\/inmitten-der-regierungskrise-in-israel-emirate-stellen-waffengeschaefte-mit-tel-aviv-ein\/","url":"https:\/\/now-news.de\/de\/deutschland\/inmitten-der-regierungskrise-in-israel-emirate-stellen-waffengeschaefte-mit-tel-aviv-ein\/","name":"Inmitten der Regierungskrise in Israel: Emirate stellen Waffengesch\u00e4fte mit Tel Aviv ein - just-now.NEWS Deutschland","isPartOf":{"@id":"https:\/\/now-news.de\/de\/#website"},"primaryImageOfPage":{"@id":"https:\/\/now-news.de\/de\/deutschland\/inmitten-der-regierungskrise-in-israel-emirate-stellen-waffengeschaefte-mit-tel-aviv-ein\/#primaryimage"},"image":{"@id":"https:\/\/now-news.de\/de\/deutschland\/inmitten-der-regierungskrise-in-israel-emirate-stellen-waffengeschaefte-mit-tel-aviv-ein\/#primaryimage"},"thumbnailUrl":"https:\/\/now-news.de\/de\/wp-content\/uploads\/sites\/3\/2023\/03\/Inmitten-der-Regierungskrise-in-Israel-Emirate-stellen-Waffengeschaefte-mit-Tel.jpg","datePublished":"2023-03-13T17:21:01+00:00","dateModified":"2023-03-13T17:21:01+00:00","breadcrumb":{"@id":"https:\/\/now-news.de\/de\/deutschland\/inmitten-der-regierungskrise-in-israel-emirate-stellen-waffengeschaefte-mit-tel-aviv-ein\/#breadcrumb"},"inLanguage":"de","potentialAction":[{"@type":"ReadAction","target":["https:\/\/now-news.de\/de\/deutschland\/inmitten-der-regierungskrise-in-israel-emirate-stellen-waffengeschaefte-mit-tel-aviv-ein\/"]}]},{"@type":"ImageObject","inLanguage":"de","@id":"https:\/\/now-news.de\/de\/deutschland\/inmitten-der-regierungskrise-in-israel-emirate-stellen-waffengeschaefte-mit-tel-aviv-ein\/#primaryimage","url":"https:\/\/now-news.de\/de\/wp-content\/uploads\/sites\/3\/2023\/03\/Inmitten-der-Regierungskrise-in-Israel-Emirate-stellen-Waffengeschaefte-mit-Tel.jpg","contentUrl":"https:\/\/now-news.de\/de\/wp-content\/uploads\/sites\/3\/2023\/03\/Inmitten-der-Regierungskrise-in-Israel-Emirate-stellen-Waffengeschaefte-mit-Tel.jpg","width":460,"height":259,"caption":"Inmitten der Regierungskrise in Israel: Emirate stellen Waffengesch\u00e4fte mit Tel Aviv ein"},{"@type":"BreadcrumbList","@id":"https:\/\/now-news.de\/de\/deutschland\/inmitten-der-regierungskrise-in-israel-emirate-stellen-waffengeschaefte-mit-tel-aviv-ein\/#breadcrumb","itemListElement":[{"@type":"ListItem","position":1,"name":"Home","item":"https:\/\/now-news.de\/de\/"},{"@type":"ListItem","position":2,"name":"Inmitten der Regierungskrise in Israel: Emirate stellen Waffengesch\u00e4fte mit Tel Aviv ein"}]},{"@type":"WebSite","@id":"https:\/\/now-news.de\/de\/#website","url":"https:\/\/now-news.de\/de\/","name":"just-now.NEWS Deutschland","description":"Das Portal f\u00fcr unzensierte Nachrichten aus der Welt","publisher":{"@id":"https:\/\/now-news.de\/de\/#organization"},"potentialAction":[{"@type":"SearchAction","target":{"@type":"EntryPoint","urlTemplate":"https:\/\/now-news.de\/de\/?s={search_term_string}"},"query-input":"required name=search_term_string"}],"inLanguage":"de"},{"@type":"Organization","@id":"https:\/\/now-news.de\/de\/#organization","name":"Just Now News","url":"https:\/\/now-news.de\/de\/","logo":{"@type":"ImageObject","inLanguage":"de","@id":"https:\/\/now-news.de\/de\/#\/schema\/logo\/image\/","url":"http:\/\/just-now.news\/de\/wp-content\/uploads\/sites\/3\/2022\/04\/logo500x500.jpg","contentUrl":"http:\/\/just-now.news\/de\/wp-content\/uploads\/sites\/3\/2022\/04\/logo500x500.jpg","width":500,"height":500,"caption":"Just Now News"},"image":{"@id":"https:\/\/now-news.de\/de\/#\/schema\/logo\/image\/"},"sameAs":["https:\/\/www.facebook.com\/wirmachenauf","https:\/\/x.com\/WirMachenAuf_de"]},{"@type":"Person","@id":"https:\/\/now-news.de\/de\/#\/schema\/person\/fb534a4e865501d8b3285208df34a9b5","name":"rtnews","image":{"@type":"ImageObject","inLanguage":"de","@id":"https:\/\/now-news.de\/de\/#\/schema\/person\/image\/","url":"https:\/\/secure.gravatar.com\/avatar\/82aafea7d8127119dd649515f56e2117?s=96&d=mm&r=g","contentUrl":"https:\/\/secure.gravatar.com\/avatar\/82aafea7d8127119dd649515f56e2117?s=96&d=mm&r=g","caption":"rtnews"},"url":"https:\/\/now-news.de\/de\/author\/rnews\/"}]}},"_links":{"self":[{"href":"https:\/\/now-news.de\/de\/wp-json\/wp\/v2\/posts\/32156"}],"collection":[{"href":"https:\/\/now-news.de\/de\/wp-json\/wp\/v2\/posts"}],"about":[{"href":"https:\/\/now-news.de\/de\/wp-json\/wp\/v2\/types\/post"}],"author":[{"embeddable":true,"href":"https:\/\/now-news.de\/de\/wp-json\/wp\/v2\/users\/3"}],"replies":[{"embeddable":true,"href":"https:\/\/now-news.de\/de\/wp-json\/wp\/v2\/comments?post=32156"}],"version-history":[{"count":0,"href":"https:\/\/now-news.de\/de\/wp-json\/wp\/v2\/posts\/32156\/revisions"}],"wp:featuredmedia":[{"embeddable":true,"href":"https:\/\/now-news.de\/de\/wp-json\/wp\/v2\/media\/32157"}],"wp:attachment":[{"href":"https:\/\/now-news.de\/de\/wp-json\/wp\/v2\/media?parent=32156"}],"wp:term":[{"taxonomy":"category","embeddable":true,"href":"https:\/\/now-news.de\/de\/wp-json\/wp\/v2\/categories?post=32156"},{"taxonomy":"post_tag","embeddable":true,"href":"https:\/\/now-news.de\/de\/wp-json\/wp\/v2\/tags?post=32156"}],"curies":[{"name":"wp","href":"https:\/\/api.w.org\/{rel}","templated":true}]}}