{"id":32144,"date":"2023-03-13T17:52:38","date_gmt":"2023-03-13T15:52:38","guid":{"rendered":"https:\/\/just-now.news\/de\/deutschland\/pakistanischer-ex-premier-imran-khan-wirft-westen-selektive-wahrnehmung-vor\/"},"modified":"2023-03-13T17:52:38","modified_gmt":"2023-03-13T15:52:38","slug":"pakistanischer-ex-premier-imran-khan-wirft-westen-selektive-wahrnehmung-vor","status":"publish","type":"post","link":"https:\/\/now-news.de\/de\/deutschland\/pakistanischer-ex-premier-imran-khan-wirft-westen-selektive-wahrnehmung-vor\/","title":{"rendered":"Pakistanischer Ex-Premier Imran Khan wirft Westen &quot;selektive Wahrnehmung&quot; vor"},"content":{"rendered":"<p><img decoding=\"async\" src=\"http:\/\/just-now.news\/de\/wp-content\/uploads\/sites\/3\/2023\/03\/640f0e7f48fbef693c463137.jpg\" \/><\/p>\n<div class=\"Text-root Text-type_1 \">\n                In einem Interview mit dem libanesischen Nachrichtensender Al Mayadeen kritisierte der ehemalige pakistanischen Premierminister Imran Khan das Vorgehen der USA und der EU im Ukraine-Konflikt. Zudem verwahrte er sich gegen jede Einmischung in die pakistanische Politik.\n            <\/div>\n<p><\/p>\n<div class=\"Text-root Text-type_5 ArticleView-text ViewText-root \">\n<p>Nach Angaben des ehemaligen pakistanischen Premierministers und Vorsitzenden der Partei PTI Imran Khan wurde er von Botschaftern der Europ\u00e4ischen Union unter Druck gesetzt, die russische Milit\u00e4roperation in der Ukraine \u00f6ffentlich zu verurteilen.<\/p>\n<p>Khan bezeichnete dies in einem Interview mit dem libanesischen Nachrichtensender <em>Al Mayadeen<\/em> als &#8220;beispiellos&#8221; und &#8220;gegen diplomatische Normen&#8221;.<\/p>\n<p>Im Gegensatz zu Pakistan h\u00e4tten die EU-Botschafter Indien nicht aufgefordert, die Operation zu verurteilen, da Neu-Delhi ein Partner und Verb\u00fcndeter Washingtons sei, so Khan.<\/p>\n<p>Der Ex-Premier betonte, dass seine Vorstellung von internationalen Beziehungen im Interesse der 200 Millionen Menschen in Pakistan liege. Er erkl\u00e4rte:<\/p>\n<blockquote>\n<p><em>&#8220;Wie k\u00f6nnen sie es wagen, sich in meine Innenpolitik einzumischen?&#8221;<\/em><\/p>\n<\/blockquote>\n<p>Infolge des Anstiegs des weltweiten \u00d6lpreises habe Pakistan, ebenso wie Indien, mit Russland verhandelt, um \u00d6l zu niedrigen Preisen zu erhalten, um eine Inflation zu vermeiden, die zu Armut f\u00fchre, erkl\u00e4rte Khan und wies darauf hin, dass eine Verurteilung der Operation dies gef\u00e4hrden w\u00fcrde.<\/p>\n<p>Khan wies auf die Selektivit\u00e4t der ethischen Standards von EU- und US-Botschaftern hin, insbesondere wenn es um Interessen ihrer L\u00e4nder geht, und f\u00fcgte hinzu:<\/p>\n<blockquote>\n<p><em>&#8220;Sie verurteilen nicht, was in Pal\u00e4stina oder in Kaschmir geschieht, weil Israel ihr Verb\u00fcndeter ist und Indien ihr Verb\u00fcndeter ist.&#8221;<\/em><\/p>\n<\/blockquote>\n<p>In Bezug auf die Lage in Kaschmir vertrat der ehemalige pakistanische Premierminister die Auffassung, dass die einzig praktikable L\u00f6sung darin bestehe, den Kaschmiris Autonomie zu gew\u00e4hren.<\/p>\n<p>Er erinnerte daran, dass vor 70 Jahren eine Resolution des Sicherheitsrates der Vereinten Nationen den Menschen in Kaschmir versprochen hatte, dass sie ihr eigenes Schicksal durch ein Plebiszit bestimmen k\u00f6nnen, ob sie zu Indien oder Pakistan geh\u00f6ren wollen.<\/p>\n<p>&#8220;Man kann die Menschen nicht durch den Lauf einer Waffe versklaven&#8221;, bekr\u00e4ftigte Imran Khan und f\u00fcgte hinzu:<\/p>\n<blockquote>\n<p><em>&#8220;Leider habe ich keine Hoffnung in die derzeitige Regierung in Indien.&#8221;<\/em><\/p>\n<\/blockquote>\n<p>Nach Ansicht des PTI-Vorsitzenden macht die israelische Besatzung dasselbe mit den Pal\u00e4stinensern. Khan erkl\u00e4rte dazu:<\/p>\n<blockquote>\n<p><em>&#8220;Wie kann man Menschen ihr Recht vorenthalten, als freie, befreite Menschen zu leben?&#8221;<\/em><\/p>\n<\/blockquote>\n<p>Israel m\u00fcsse den Pal\u00e4stinensern fr\u00fcher oder sp\u00e4ter ihre Rechte zugestehen, andernfalls werde das Problem nicht gel\u00f6st werden k\u00f6nnen, f\u00fcgte er hinzu.<\/p>\n<p>Der ehemalige pakistanische Premierminister wies zudem darauf hin, dass er die Einrichtung eines US-Milit\u00e4rst\u00fctzpunktes in Pakistan abgelehnt habe, weil die Beteiligung seines Landes am sogenannten &#8220;Krieg gegen den Terror&#8221; der USA 80.000 get\u00f6tete Pakistaner, wirtschaftliche Verluste in H\u00f6he von \u00fcber 100 Milliarden US-Dollar und mehr als 400 US-Drohnenangriffe in Pakistan zur Folge gehabt habe. Er erkl\u00e4rte:<\/p>\n<blockquote>\n<p><em>&#8220;Uns wurde vorgeworfen, ein doppeltes Spiel zu spielen, und uns wurde nicht einmal die Anerkennung f\u00fcr die Opfer zuteil, die dieses Land im Kampf gegen die USA gebracht hat.&#8221;<\/em><\/p>\n<\/blockquote>\n<p>Imran Khan rief in dem Interview aber dennoch zu guten Beziehungen nach Washington auf und erkl\u00e4rte, die USA seien eine Supermacht und ein Handelspartner. Er wies auch darauf hin, dass die st\u00e4rkste pakistanische Gemeinschaft im Ausland die pakistanisch-US-amerikanische Gemeinschaft sei. Doch meinte Khan zugleich:<\/p>\n<blockquote>\n<p><em>&#8220;Wir m\u00fcssen ein gutes Verh\u00e4ltnis zu ihnen haben, aber \u2013 wissen Sie \u2013 eine Beziehung, die von W\u00fcrde und Respekt gepr\u00e4gt sein muss.&#8221;<\/em><\/p>\n<\/blockquote>\n<p>In Bezug auf die Beziehungen Pakistans zu den westasiatischen und muslimischen L\u00e4ndern sagte der PTI-Vorsitzende, die islamische Welt befinde sich in einer &#8220;schrecklichen Situation&#8221;, da die meisten ihrer L\u00e4nder Konflikte erlebten.<\/p>\n<p>Er erkl\u00e4rte, dass die anhaltenden Konflikte zwischen L\u00e4ndern, die enge Beziehungen zu Pakistan unterhalten \u2013 wie Iran, Saudi-Arabien und die T\u00fcrkei \u2013 auch sein Land betreffen.<\/p>\n<p>F\u00fcr den Fall seiner R\u00fcckkehr an die Macht wies Khan darauf hin, dass die gr\u00f6\u00dfte Herausforderung f\u00fcr ihn darin bestehen werde, Pakistan aus der schlimmsten Wirtschaftskrise seit 75 Jahren zu befreien.<\/p>\n<p>In diesem Zusammenhang erkl\u00e4rte Khan, dass Pakistan nur durch die Verbreitung von Gerechtigkeit und Rechtsstaatlichkeit aus dem wirtschaftlichen Schlamassel herauskommen wird:<\/p>\n<blockquote>\n<p><em>&#8220;Sie m\u00fcssen bedenken, dass L\u00e4nder, in denen Rechtsstaatlichkeit herrscht, florieren, w\u00e4hrend L\u00e4nder, in denen das Gesetz des Dschungels gilt, als Bananenrepubliken bezeichnet werden. Nicht weil es ihnen an Ressourcen mangelt, sondern weil sie keine Gesetze haben.&#8221;<\/em><\/p>\n<\/blockquote>\n<p>Auf die Frage, ob es hinter verschlossenen T\u00fcren Gespr\u00e4che \u00fcber das Aufgeben des pakistanischen Atomwaffenprogramms als Gegenleistung f\u00fcr die wirtschaftliche Rettung gebe, wies der ehemalige Premierminister darauf hin, dass die Sicherheit Pakistans ohne den Schutz durch Atomwaffen gef\u00e4hrdet sei, da es von Indien bedroht werde, einem Land, das sch\u00e4tzungsweise siebenmal so gro\u00df sei wie Pakistan. Er erkl\u00e4rte, dass ein Land, das wirtschaftlich bankrott sei, unter Druck gesetzt werde, seine Atomwaffen aufzugeben.<\/p>\n<p>Khan verlor am 9. April 2022 als damaliger Premierminister ein Misstrauensvotum gegen seine Regierungsf\u00fchrung. 174 von 342 Abgeordneten stimmten gegen Khan. Es war das erste Mal in der Geschichte Pakistans, dass das Parlament einen Regierungschef absetzte.<\/p>\n<p>Khan teilte anschlie\u00dfend hochrangigen Mitgliedern seiner Partei und ehemaligen Regierungsministern mit, dass Donald Lu, der stellvertretende US-Au\u00dfenminister f\u00fcr s\u00fcd- und zentralasiatische Angelegenheiten, in die &#8220;ausl\u00e4ndische Verschw\u00f6rung&#8221; zum Sturz seiner Regierung verwickelt gewesen sei. Grund f\u00fcr diese Einmischung in die Innenpolitik sei seine unabh\u00e4ngige Au\u00dfenpolitik gewesen.<\/p>\n<p>Im August 2022 hielt Khan eine Rede in Islamabad, in der er Foltervorw\u00fcrfe an einen Unterst\u00fctzer herausstellte und ank\u00fcndigte, Polizisten und Richter vor Gericht zu bringen. Daraufhin erhielt er einen TV-Bann f\u00fcr seine Rede und wurde f\u00fcr die Drohungen gegen Polizisten und Richter angezeigt. Mitte Oktober verbot ihm die Wahlkommission von Pakistan f\u00fcr f\u00fcnf Jahre, sich um ein gew\u00e4hltes Amt in der Regierung zu bewerben.<\/p>\n<p>Am 3. November 2022 wurde Khan bei einem Attentatsversuch w\u00e4hrend eines Protestmarsches in der Provinz Punjab angeschossen und verletzt. Khan behauptete anschlie\u00dfend, dass Premierminister Shehbaz Sharif, dessen Innenminister Rana Sanaullah und Nadeem Anjum, der Chef des pakistanischen Geheimdienstes ISI, das Attentat &#8220;gemeinsam geplant&#8221; hatten. Als Begr\u00fcndung f\u00fchrte Khan an, dass er vorhabe erneut als Premierminister zu kandidieren.<\/p>\n<p><strong>Mehr zum Thema<\/strong> \u2013 <a rel=\"nofollow noopener\" target=\"_blank\" href=\"https:\/\/de.rt.com\/international\/159252-putins-grussbotschaft-an-indien\/\">Putins Gru\u00dfbotschaft an Indien: Die St\u00e4rke der russisch-indischen Partnerschaft<\/a><\/p>\n<div class=\"EmbedBlock-root EmbedBlock-externalVideo EmbedBlock-odysee\">\n<div class=\"VkEmbed\"><iframe class=\"lazyload\" data-src=\"https:\/\/odysee.com\/%24\/embed\/%40RTDE%3Ae%2FLawrow_Scholz_bezeichnet_USA_als_Rechtsstaat%3Ad\" frameborder=\"0\" width=\"853\" height=\"480\" allowfullscreen><\/iframe><\/div>\n<\/div>\n<\/div>\n<p><br \/>\n<br \/><a href=\"https:\/\/de.rt.com\/international\/165196-pakistanischer-ex-premier-imran-khan-wirft-westen-selektive-wahrnehmung-vor\/\">Source link <\/a><\/p>\n","protected":false},"excerpt":{"rendered":"<p>In einem Interview mit dem libanesischen Nachrichtensender Al Mayadeen kritisierte der ehemalige pakistanischen Premierminister Imran Khan das Vorgehen der USA und der EU im Ukraine-Konflikt. Zudem verwahrte er sich gegen jede Einmischung in die pakistanische Politik. Nach Angaben des ehemaligen pakistanischen Premierministers und Vorsitzenden der Partei PTI Imran Khan wurde er von Botschaftern der Europ\u00e4ischen [&hellip;]<\/p>\n","protected":false},"author":3,"featured_media":32145,"comment_status":"open","ping_status":"open","sticky":false,"template":"","format":"standard","meta":{"_yoast_indexnow_last_ping":["1678722776"],"wp_automatic_camp":["217"],"2f1a737f692fb44c4cd88240637c32e4":["Pakistanischer Ex-Premier Imran Khan wirft Westen &quot;selektive Wahrnehmung&quot; vor"],"original_link":["https:\/\/de.rt.com\/international\/165196-pakistanischer-ex-premier-imran-khan-wirft-westen-selektive-wahrnehmung-vor\/"],"_thumbnail_id":["32145"],"_wptgpro_p2tg_sent2tg":["a:1:{i:23737;s:19:\"2023-03-13 17:54:03\";}"],"jnews_social_counter_last_update":["1777185641"]},"categories":[19,23],"tags":[27279,4006,18034,21955,41916,320,41917,378,7129],"yoast_head":"<!-- This site is optimized with the Yoast SEO Premium plugin v22.7 (Yoast SEO v22.7) - https:\/\/yoast.com\/wordpress\/plugins\/seo\/ -->\n<title>Pakistanischer Ex-Premier Imran Khan wirft Westen &quot;selektive Wahrnehmung&quot; vor - just-now.NEWS Deutschland<\/title>\n<meta name=\"robots\" content=\"index, follow, max-snippet:-1, max-image-preview:large, max-video-preview:-1\" \/>\n<link rel=\"canonical\" href=\"https:\/\/now-news.de\/de\/deutschland\/pakistanischer-ex-premier-imran-khan-wirft-westen-selektive-wahrnehmung-vor\/\" \/>\n<meta property=\"og:locale\" content=\"de_DE\" \/>\n<meta property=\"og:type\" content=\"article\" \/>\n<meta property=\"og:title\" content=\"Pakistanischer Ex-Premier Imran Khan wirft Westen &quot;selektive Wahrnehmung&quot; vor\" \/>\n<meta property=\"og:description\" content=\"In einem Interview mit dem libanesischen Nachrichtensender Al Mayadeen kritisierte der ehemalige pakistanischen Premierminister Imran Khan das Vorgehen der USA und der EU im Ukraine-Konflikt. Zudem verwahrte er sich gegen jede Einmischung in die pakistanische Politik. Nach Angaben des ehemaligen pakistanischen Premierministers und Vorsitzenden der Partei PTI Imran Khan wurde er von Botschaftern der Europ\u00e4ischen [&hellip;]\" \/>\n<meta property=\"og:url\" content=\"https:\/\/now-news.de\/de\/deutschland\/pakistanischer-ex-premier-imran-khan-wirft-westen-selektive-wahrnehmung-vor\/\" \/>\n<meta property=\"og:site_name\" content=\"just-now.NEWS Deutschland\" \/>\n<meta property=\"article:publisher\" content=\"https:\/\/www.facebook.com\/wirmachenauf\" \/>\n<meta property=\"article:published_time\" content=\"2023-03-13T15:52:38+00:00\" \/>\n<meta property=\"og:image\" content=\"https:\/\/now-news.de\/de\/wp-content\/uploads\/sites\/3\/2023\/03\/Pakistanischer-Ex-Premier-Imran-Khan-wirft-Westen-quotselektive-Wahrnehmungquot-vor.jpg\" \/>\n\t<meta property=\"og:image:width\" content=\"460\" \/>\n\t<meta property=\"og:image:height\" content=\"259\" \/>\n\t<meta property=\"og:image:type\" content=\"image\/jpeg\" \/>\n<meta name=\"author\" content=\"rtnews\" \/>\n<meta name=\"twitter:card\" content=\"summary_large_image\" \/>\n<meta name=\"twitter:creator\" content=\"@WirMachenAuf_de\" \/>\n<meta name=\"twitter:site\" content=\"@WirMachenAuf_de\" \/>\n<meta name=\"twitter:label1\" content=\"Verfasst von\" \/>\n\t<meta name=\"twitter:data1\" content=\"rtnews\" \/>\n\t<meta name=\"twitter:label2\" content=\"Gesch\u00e4tzte Lesezeit\" \/>\n\t<meta name=\"twitter:data2\" content=\"5\u00a0Minuten\" \/>\n<script type=\"application\/ld+json\" class=\"yoast-schema-graph\">{\"@context\":\"https:\/\/schema.org\",\"@graph\":[{\"@type\":\"Article\",\"@id\":\"https:\/\/now-news.de\/de\/deutschland\/pakistanischer-ex-premier-imran-khan-wirft-westen-selektive-wahrnehmung-vor\/#article\",\"isPartOf\":{\"@id\":\"https:\/\/now-news.de\/de\/deutschland\/pakistanischer-ex-premier-imran-khan-wirft-westen-selektive-wahrnehmung-vor\/\"},\"author\":{\"name\":\"rtnews\",\"@id\":\"https:\/\/now-news.de\/de\/#\/schema\/person\/fb534a4e865501d8b3285208df34a9b5\"},\"headline\":\"Pakistanischer Ex-Premier Imran Khan wirft Westen &quot;selektive Wahrnehmung&quot; vor\",\"datePublished\":\"2023-03-13T15:52:38+00:00\",\"dateModified\":\"2023-03-13T15:52:38+00:00\",\"mainEntityOfPage\":{\"@id\":\"https:\/\/now-news.de\/de\/deutschland\/pakistanischer-ex-premier-imran-khan-wirft-westen-selektive-wahrnehmung-vor\/\"},\"wordCount\":1036,\"commentCount\":0,\"publisher\":{\"@id\":\"https:\/\/now-news.de\/de\/#organization\"},\"image\":{\"@id\":\"https:\/\/now-news.de\/de\/deutschland\/pakistanischer-ex-premier-imran-khan-wirft-westen-selektive-wahrnehmung-vor\/#primaryimage\"},\"thumbnailUrl\":\"https:\/\/now-news.de\/de\/wp-content\/uploads\/sites\/3\/2023\/03\/Pakistanischer-Ex-Premier-Imran-Khan-wirft-Westen-quotselektive-Wahrnehmungquot-vor.jpg\",\"keywords\":[\"ExPremier\",\"IMRAN\",\"Khan\",\"pakistanischer\",\"quotselektive\",\"vor\",\"Wahrnehmungquot\",\"Westen\",\"wirft\"],\"articleSection\":[\"Deutschland\",\"Russland\"],\"inLanguage\":\"de\",\"potentialAction\":[{\"@type\":\"CommentAction\",\"name\":\"Comment\",\"target\":[\"https:\/\/now-news.de\/de\/deutschland\/pakistanischer-ex-premier-imran-khan-wirft-westen-selektive-wahrnehmung-vor\/#respond\"]}]},{\"@type\":\"WebPage\",\"@id\":\"https:\/\/now-news.de\/de\/deutschland\/pakistanischer-ex-premier-imran-khan-wirft-westen-selektive-wahrnehmung-vor\/\",\"url\":\"https:\/\/now-news.de\/de\/deutschland\/pakistanischer-ex-premier-imran-khan-wirft-westen-selektive-wahrnehmung-vor\/\",\"name\":\"Pakistanischer Ex-Premier Imran Khan wirft Westen &quot;selektive Wahrnehmung&quot; vor - just-now.NEWS Deutschland\",\"isPartOf\":{\"@id\":\"https:\/\/now-news.de\/de\/#website\"},\"primaryImageOfPage\":{\"@id\":\"https:\/\/now-news.de\/de\/deutschland\/pakistanischer-ex-premier-imran-khan-wirft-westen-selektive-wahrnehmung-vor\/#primaryimage\"},\"image\":{\"@id\":\"https:\/\/now-news.de\/de\/deutschland\/pakistanischer-ex-premier-imran-khan-wirft-westen-selektive-wahrnehmung-vor\/#primaryimage\"},\"thumbnailUrl\":\"https:\/\/now-news.de\/de\/wp-content\/uploads\/sites\/3\/2023\/03\/Pakistanischer-Ex-Premier-Imran-Khan-wirft-Westen-quotselektive-Wahrnehmungquot-vor.jpg\",\"datePublished\":\"2023-03-13T15:52:38+00:00\",\"dateModified\":\"2023-03-13T15:52:38+00:00\",\"breadcrumb\":{\"@id\":\"https:\/\/now-news.de\/de\/deutschland\/pakistanischer-ex-premier-imran-khan-wirft-westen-selektive-wahrnehmung-vor\/#breadcrumb\"},\"inLanguage\":\"de\",\"potentialAction\":[{\"@type\":\"ReadAction\",\"target\":[\"https:\/\/now-news.de\/de\/deutschland\/pakistanischer-ex-premier-imran-khan-wirft-westen-selektive-wahrnehmung-vor\/\"]}]},{\"@type\":\"ImageObject\",\"inLanguage\":\"de\",\"@id\":\"https:\/\/now-news.de\/de\/deutschland\/pakistanischer-ex-premier-imran-khan-wirft-westen-selektive-wahrnehmung-vor\/#primaryimage\",\"url\":\"https:\/\/now-news.de\/de\/wp-content\/uploads\/sites\/3\/2023\/03\/Pakistanischer-Ex-Premier-Imran-Khan-wirft-Westen-quotselektive-Wahrnehmungquot-vor.jpg\",\"contentUrl\":\"https:\/\/now-news.de\/de\/wp-content\/uploads\/sites\/3\/2023\/03\/Pakistanischer-Ex-Premier-Imran-Khan-wirft-Westen-quotselektive-Wahrnehmungquot-vor.jpg\",\"width\":460,\"height\":259,\"caption\":\"Pakistanischer Ex-Premier Imran Khan wirft Westen &quot;selektive Wahrnehmung&quot; vor\"},{\"@type\":\"BreadcrumbList\",\"@id\":\"https:\/\/now-news.de\/de\/deutschland\/pakistanischer-ex-premier-imran-khan-wirft-westen-selektive-wahrnehmung-vor\/#breadcrumb\",\"itemListElement\":[{\"@type\":\"ListItem\",\"position\":1,\"name\":\"Home\",\"item\":\"https:\/\/now-news.de\/de\/\"},{\"@type\":\"ListItem\",\"position\":2,\"name\":\"Pakistanischer Ex-Premier Imran Khan wirft Westen &quot;selektive Wahrnehmung&quot; vor\"}]},{\"@type\":\"WebSite\",\"@id\":\"https:\/\/now-news.de\/de\/#website\",\"url\":\"https:\/\/now-news.de\/de\/\",\"name\":\"just-now.NEWS Deutschland\",\"description\":\"Das Portal f\u00fcr unzensierte Nachrichten aus der Welt\",\"publisher\":{\"@id\":\"https:\/\/now-news.de\/de\/#organization\"},\"potentialAction\":[{\"@type\":\"SearchAction\",\"target\":{\"@type\":\"EntryPoint\",\"urlTemplate\":\"https:\/\/now-news.de\/de\/?s={search_term_string}\"},\"query-input\":\"required name=search_term_string\"}],\"inLanguage\":\"de\"},{\"@type\":\"Organization\",\"@id\":\"https:\/\/now-news.de\/de\/#organization\",\"name\":\"Just Now News\",\"url\":\"https:\/\/now-news.de\/de\/\",\"logo\":{\"@type\":\"ImageObject\",\"inLanguage\":\"de\",\"@id\":\"https:\/\/now-news.de\/de\/#\/schema\/logo\/image\/\",\"url\":\"http:\/\/just-now.news\/de\/wp-content\/uploads\/sites\/3\/2022\/04\/logo500x500.jpg\",\"contentUrl\":\"http:\/\/just-now.news\/de\/wp-content\/uploads\/sites\/3\/2022\/04\/logo500x500.jpg\",\"width\":500,\"height\":500,\"caption\":\"Just Now News\"},\"image\":{\"@id\":\"https:\/\/now-news.de\/de\/#\/schema\/logo\/image\/\"},\"sameAs\":[\"https:\/\/www.facebook.com\/wirmachenauf\",\"https:\/\/x.com\/WirMachenAuf_de\"]},{\"@type\":\"Person\",\"@id\":\"https:\/\/now-news.de\/de\/#\/schema\/person\/fb534a4e865501d8b3285208df34a9b5\",\"name\":\"rtnews\",\"image\":{\"@type\":\"ImageObject\",\"inLanguage\":\"de\",\"@id\":\"https:\/\/now-news.de\/de\/#\/schema\/person\/image\/\",\"url\":\"https:\/\/secure.gravatar.com\/avatar\/82aafea7d8127119dd649515f56e2117?s=96&d=mm&r=g\",\"contentUrl\":\"https:\/\/secure.gravatar.com\/avatar\/82aafea7d8127119dd649515f56e2117?s=96&d=mm&r=g\",\"caption\":\"rtnews\"},\"url\":\"https:\/\/now-news.de\/de\/author\/rnews\/\"}]}<\/script>\n<!-- \/ Yoast SEO Premium plugin. -->","yoast_head_json":{"title":"Pakistanischer Ex-Premier Imran Khan wirft Westen &quot;selektive Wahrnehmung&quot; vor - just-now.NEWS Deutschland","robots":{"index":"index","follow":"follow","max-snippet":"max-snippet:-1","max-image-preview":"max-image-preview:large","max-video-preview":"max-video-preview:-1"},"canonical":"https:\/\/now-news.de\/de\/deutschland\/pakistanischer-ex-premier-imran-khan-wirft-westen-selektive-wahrnehmung-vor\/","og_locale":"de_DE","og_type":"article","og_title":"Pakistanischer Ex-Premier Imran Khan wirft Westen &quot;selektive Wahrnehmung&quot; vor","og_description":"In einem Interview mit dem libanesischen Nachrichtensender Al Mayadeen kritisierte der ehemalige pakistanischen Premierminister Imran Khan das Vorgehen der USA und der EU im Ukraine-Konflikt. Zudem verwahrte er sich gegen jede Einmischung in die pakistanische Politik. Nach Angaben des ehemaligen pakistanischen Premierministers und Vorsitzenden der Partei PTI Imran Khan wurde er von Botschaftern der Europ\u00e4ischen [&hellip;]","og_url":"https:\/\/now-news.de\/de\/deutschland\/pakistanischer-ex-premier-imran-khan-wirft-westen-selektive-wahrnehmung-vor\/","og_site_name":"just-now.NEWS Deutschland","article_publisher":"https:\/\/www.facebook.com\/wirmachenauf","article_published_time":"2023-03-13T15:52:38+00:00","og_image":[{"width":460,"height":259,"url":"https:\/\/now-news.de\/de\/wp-content\/uploads\/sites\/3\/2023\/03\/Pakistanischer-Ex-Premier-Imran-Khan-wirft-Westen-quotselektive-Wahrnehmungquot-vor.jpg","type":"image\/jpeg"}],"author":"rtnews","twitter_card":"summary_large_image","twitter_creator":"@WirMachenAuf_de","twitter_site":"@WirMachenAuf_de","twitter_misc":{"Verfasst von":"rtnews","Gesch\u00e4tzte Lesezeit":"5\u00a0Minuten"},"schema":{"@context":"https:\/\/schema.org","@graph":[{"@type":"Article","@id":"https:\/\/now-news.de\/de\/deutschland\/pakistanischer-ex-premier-imran-khan-wirft-westen-selektive-wahrnehmung-vor\/#article","isPartOf":{"@id":"https:\/\/now-news.de\/de\/deutschland\/pakistanischer-ex-premier-imran-khan-wirft-westen-selektive-wahrnehmung-vor\/"},"author":{"name":"rtnews","@id":"https:\/\/now-news.de\/de\/#\/schema\/person\/fb534a4e865501d8b3285208df34a9b5"},"headline":"Pakistanischer Ex-Premier Imran Khan wirft Westen &quot;selektive Wahrnehmung&quot; vor","datePublished":"2023-03-13T15:52:38+00:00","dateModified":"2023-03-13T15:52:38+00:00","mainEntityOfPage":{"@id":"https:\/\/now-news.de\/de\/deutschland\/pakistanischer-ex-premier-imran-khan-wirft-westen-selektive-wahrnehmung-vor\/"},"wordCount":1036,"commentCount":0,"publisher":{"@id":"https:\/\/now-news.de\/de\/#organization"},"image":{"@id":"https:\/\/now-news.de\/de\/deutschland\/pakistanischer-ex-premier-imran-khan-wirft-westen-selektive-wahrnehmung-vor\/#primaryimage"},"thumbnailUrl":"https:\/\/now-news.de\/de\/wp-content\/uploads\/sites\/3\/2023\/03\/Pakistanischer-Ex-Premier-Imran-Khan-wirft-Westen-quotselektive-Wahrnehmungquot-vor.jpg","keywords":["ExPremier","IMRAN","Khan","pakistanischer","quotselektive","vor","Wahrnehmungquot","Westen","wirft"],"articleSection":["Deutschland","Russland"],"inLanguage":"de","potentialAction":[{"@type":"CommentAction","name":"Comment","target":["https:\/\/now-news.de\/de\/deutschland\/pakistanischer-ex-premier-imran-khan-wirft-westen-selektive-wahrnehmung-vor\/#respond"]}]},{"@type":"WebPage","@id":"https:\/\/now-news.de\/de\/deutschland\/pakistanischer-ex-premier-imran-khan-wirft-westen-selektive-wahrnehmung-vor\/","url":"https:\/\/now-news.de\/de\/deutschland\/pakistanischer-ex-premier-imran-khan-wirft-westen-selektive-wahrnehmung-vor\/","name":"Pakistanischer Ex-Premier Imran Khan wirft Westen &quot;selektive Wahrnehmung&quot; vor - just-now.NEWS Deutschland","isPartOf":{"@id":"https:\/\/now-news.de\/de\/#website"},"primaryImageOfPage":{"@id":"https:\/\/now-news.de\/de\/deutschland\/pakistanischer-ex-premier-imran-khan-wirft-westen-selektive-wahrnehmung-vor\/#primaryimage"},"image":{"@id":"https:\/\/now-news.de\/de\/deutschland\/pakistanischer-ex-premier-imran-khan-wirft-westen-selektive-wahrnehmung-vor\/#primaryimage"},"thumbnailUrl":"https:\/\/now-news.de\/de\/wp-content\/uploads\/sites\/3\/2023\/03\/Pakistanischer-Ex-Premier-Imran-Khan-wirft-Westen-quotselektive-Wahrnehmungquot-vor.jpg","datePublished":"2023-03-13T15:52:38+00:00","dateModified":"2023-03-13T15:52:38+00:00","breadcrumb":{"@id":"https:\/\/now-news.de\/de\/deutschland\/pakistanischer-ex-premier-imran-khan-wirft-westen-selektive-wahrnehmung-vor\/#breadcrumb"},"inLanguage":"de","potentialAction":[{"@type":"ReadAction","target":["https:\/\/now-news.de\/de\/deutschland\/pakistanischer-ex-premier-imran-khan-wirft-westen-selektive-wahrnehmung-vor\/"]}]},{"@type":"ImageObject","inLanguage":"de","@id":"https:\/\/now-news.de\/de\/deutschland\/pakistanischer-ex-premier-imran-khan-wirft-westen-selektive-wahrnehmung-vor\/#primaryimage","url":"https:\/\/now-news.de\/de\/wp-content\/uploads\/sites\/3\/2023\/03\/Pakistanischer-Ex-Premier-Imran-Khan-wirft-Westen-quotselektive-Wahrnehmungquot-vor.jpg","contentUrl":"https:\/\/now-news.de\/de\/wp-content\/uploads\/sites\/3\/2023\/03\/Pakistanischer-Ex-Premier-Imran-Khan-wirft-Westen-quotselektive-Wahrnehmungquot-vor.jpg","width":460,"height":259,"caption":"Pakistanischer Ex-Premier Imran Khan wirft Westen &quot;selektive Wahrnehmung&quot; vor"},{"@type":"BreadcrumbList","@id":"https:\/\/now-news.de\/de\/deutschland\/pakistanischer-ex-premier-imran-khan-wirft-westen-selektive-wahrnehmung-vor\/#breadcrumb","itemListElement":[{"@type":"ListItem","position":1,"name":"Home","item":"https:\/\/now-news.de\/de\/"},{"@type":"ListItem","position":2,"name":"Pakistanischer Ex-Premier Imran Khan wirft Westen &quot;selektive Wahrnehmung&quot; vor"}]},{"@type":"WebSite","@id":"https:\/\/now-news.de\/de\/#website","url":"https:\/\/now-news.de\/de\/","name":"just-now.NEWS Deutschland","description":"Das Portal f\u00fcr unzensierte Nachrichten aus der Welt","publisher":{"@id":"https:\/\/now-news.de\/de\/#organization"},"potentialAction":[{"@type":"SearchAction","target":{"@type":"EntryPoint","urlTemplate":"https:\/\/now-news.de\/de\/?s={search_term_string}"},"query-input":"required name=search_term_string"}],"inLanguage":"de"},{"@type":"Organization","@id":"https:\/\/now-news.de\/de\/#organization","name":"Just Now News","url":"https:\/\/now-news.de\/de\/","logo":{"@type":"ImageObject","inLanguage":"de","@id":"https:\/\/now-news.de\/de\/#\/schema\/logo\/image\/","url":"http:\/\/just-now.news\/de\/wp-content\/uploads\/sites\/3\/2022\/04\/logo500x500.jpg","contentUrl":"http:\/\/just-now.news\/de\/wp-content\/uploads\/sites\/3\/2022\/04\/logo500x500.jpg","width":500,"height":500,"caption":"Just Now News"},"image":{"@id":"https:\/\/now-news.de\/de\/#\/schema\/logo\/image\/"},"sameAs":["https:\/\/www.facebook.com\/wirmachenauf","https:\/\/x.com\/WirMachenAuf_de"]},{"@type":"Person","@id":"https:\/\/now-news.de\/de\/#\/schema\/person\/fb534a4e865501d8b3285208df34a9b5","name":"rtnews","image":{"@type":"ImageObject","inLanguage":"de","@id":"https:\/\/now-news.de\/de\/#\/schema\/person\/image\/","url":"https:\/\/secure.gravatar.com\/avatar\/82aafea7d8127119dd649515f56e2117?s=96&d=mm&r=g","contentUrl":"https:\/\/secure.gravatar.com\/avatar\/82aafea7d8127119dd649515f56e2117?s=96&d=mm&r=g","caption":"rtnews"},"url":"https:\/\/now-news.de\/de\/author\/rnews\/"}]}},"_links":{"self":[{"href":"https:\/\/now-news.de\/de\/wp-json\/wp\/v2\/posts\/32144"}],"collection":[{"href":"https:\/\/now-news.de\/de\/wp-json\/wp\/v2\/posts"}],"about":[{"href":"https:\/\/now-news.de\/de\/wp-json\/wp\/v2\/types\/post"}],"author":[{"embeddable":true,"href":"https:\/\/now-news.de\/de\/wp-json\/wp\/v2\/users\/3"}],"replies":[{"embeddable":true,"href":"https:\/\/now-news.de\/de\/wp-json\/wp\/v2\/comments?post=32144"}],"version-history":[{"count":0,"href":"https:\/\/now-news.de\/de\/wp-json\/wp\/v2\/posts\/32144\/revisions"}],"wp:featuredmedia":[{"embeddable":true,"href":"https:\/\/now-news.de\/de\/wp-json\/wp\/v2\/media\/32145"}],"wp:attachment":[{"href":"https:\/\/now-news.de\/de\/wp-json\/wp\/v2\/media?parent=32144"}],"wp:term":[{"taxonomy":"category","embeddable":true,"href":"https:\/\/now-news.de\/de\/wp-json\/wp\/v2\/categories?post=32144"},{"taxonomy":"post_tag","embeddable":true,"href":"https:\/\/now-news.de\/de\/wp-json\/wp\/v2\/tags?post=32144"}],"curies":[{"name":"wp","href":"https:\/\/api.w.org\/{rel}","templated":true}]}}