{"id":32065,"date":"2023-03-12T17:35:12","date_gmt":"2023-03-12T15:35:12","guid":{"rendered":"https:\/\/just-now.news\/de\/deutschland\/20-jahrestag-der-us-invasion-im-irak-staerkt-der-westen-wieder-seine-praesenz-in-nahost\/"},"modified":"2023-03-12T17:35:12","modified_gmt":"2023-03-12T15:35:12","slug":"20-jahrestag-der-us-invasion-im-irak-staerkt-der-westen-wieder-seine-praesenz-in-nahost","status":"publish","type":"post","link":"https:\/\/now-news.de\/de\/deutschland\/20-jahrestag-der-us-invasion-im-irak-staerkt-der-westen-wieder-seine-praesenz-in-nahost\/","title":{"rendered":"20. Jahrestag der US-Invasion im Irak: St\u00e4rkt der Westen wieder seine Pr\u00e4senz in Nahost?"},"content":{"rendered":"<div class=\"Text-root Text-type_1 \">\n                Die USA und ihre Falken in Europa wollen offenbar ihre Pr\u00e4senz in der Levante-Region st\u00e4rken. Vor allem am Beispiel des Irak scheint der Westen einen sogenannten Marshallplan f\u00fcr das Land im Blick zu haben, um Bagdad von der Einflusszone Irans, Russlands und Chinas zu l\u00f6sen.\n            <\/div>\n<p><\/p>\n<div class=\"Text-root Text-type_5 ArticleView-text ViewText-root \">\n<p><em>Von Seyed Alireza Mousavi<\/em><\/p>\n<p>Die schweren Erdbeben mit einer St\u00e4rke von 7,8 hatten im Februar das Grenzgebiet zwischen Syrien und der T\u00fcrkei ersch\u00fcttert und enorme Verw\u00fcstungen angerichtet. Von Anfang an war klar, dass der sogenannte &#8220;Wertewesten&#8221;\u00a0nach den Erdbeben eine neue Krise inszenieren will, um damit seine Pr\u00e4senz in der Region wieder zu st\u00e4rken \u2013 insbesondere nachdem die T\u00fcrkei\u00a0signalisiert\u00a0hatte, ihre\u00a0Beziehungen zu der Regierung in Damaskus normalisieren\u00a0zu wollen. Aus diesem Grund sind die\u00a0USA seither in Alarmbereitschaft gewesen, wobei sie ihre Verb\u00fcndeten bereits aufforderten, von einer Normalisierung der Beziehungen zu Syrien abzusehen.<\/p>\n<p>Die\u00a0NATO und die USA scheinen die Erdbeben nun\u00a0zum Anlass zu nehmen, um ihre Pr\u00e4senz in Nordsyrien und im Irak wieder\u00a0zu rechtfertigen. Als erstes Zeichen\u00a0der R\u00fcckkehr vom Invasor in die Region stattete der rangh\u00f6chste Offizier des Pentagon,\u00a0Mark Milley, am 4. M\u00e4rz einen unangek\u00fcndigten und\u00a0provokativen<em>\u00a0<\/em>Besuch im Nordosten Syriens ab.\u00a0Das syrische Au\u00dfenministerium nannte die Reise\u00a0des Chefs des Vereinigten Generalstabs der USA &#8220;illegal&#8221; und eine Verletzung der Souver\u00e4nit\u00e4t des Staates Syrien.\u00a0Unter dem Deckmantel der Bek\u00e4mpfung des IS\u00a0stationierten die USA ihre Besatzungstruppen in Nordsyrien.\u00a0Das Pentagon behauptet unter anderem, der Einsatz\u00a0ziele darauf ab zu verhindern, dass die \u00d6lfelder in der Region in die H\u00e4nde von IS-Terroristen fallen. Damaskus hingegen betont stets, der Einsatz diene vorrangig dazu, die nat\u00fcrlichen Ressourcen des Landes zu pl\u00fcndern.\u00a0Ankara bestellte zudem am 6. M\u00e4rz den Botschafter Washingtons in der T\u00fcrkei Jeff Flake ein, um\u00a0dessen Besorgnis \u00fcber die Reise des US-Generals Milley in den Nordosten Syriens zum Ausdruck zu bringen. Der Besuch Milleys erfolgte wenige Tage, nachdem der republikanische\u00a0US-Abgeordnete Matt Gaetz einen Gesetzentwurf zur Beendigung der US-Besatzung in Nordsyrien in den US-Kongress eingebracht hatte.<\/p>\n<figure class=\"RTImage-root\">\n<div class=\"RTImage-image RTImage-original\"><picture class=\"Picture-root Picture-original\"><!--[if IE 9]><video style=\"display: none;\"><![endif]--><source media=\"(-webkit-min-device-pixel-ratio: 2) and (min-resolution: 120dpi)\" data-srcset=\" \nhttp:\/\/just-now.news\/de\/wp-content\/uploads\/sites\/3\/2023\/03\/6409968e48fbef27e816f290.jpg 850w,\n                http:\/\/just-now.news\/de\/wp-content\/uploads\/sites\/3\/2023\/03\/1678635957_171_6409968e48fbef27e816f290.jpg 1960w,\n            \" ><source data-srcset=\" \nhttp:\/\/just-now.news\/de\/wp-content\/uploads\/sites\/3\/2023\/03\/6409968e48fbef27e816f290.jpg 460w,\n              http:\/\/just-now.news\/de\/wp-content\/uploads\/sites\/3\/2023\/03\/1678635957_171_6409968e48fbef27e816f290.jpg 980w,\n            \" ><!--[if IE 9]><\/video><![endif]--><img decoding=\"async\" data- src=\"data:image\/png;base64,iVBORw0KGgoAAAANSUhEUgAAABAAAAAJCAQAAACRI2S5AAAAEElEQVR42mNkIAAYRxWAAQAG9gAKqv6+AwAAAABJRU5ErkJggg==\" class=\"Picture-root Picture-original lazyload\" data-src=\"http:\/\/just-now.news\/de\/wp-content\/uploads\/sites\/3\/2023\/03\/6409968e48fbef27e816f290.jpg\" alt=\"\"><\/source><\/source><\/picture><!-- noscript pattern --><noscript><img decoding=\"async\" src=\"http:\/\/just-now.news\/de\/wp-content\/uploads\/sites\/3\/2023\/03\/1678635957_171_6409968e48fbef27e816f290.jpg\" alt=\"\"><\/noscript><\/div><figcaption class=\"RTImage-footer\"><span class=\"RTImage-caption\"><span class=\"RTImage-captionItem\">Die deutsche Au\u00dfenministerin Annalena Baerbock besucht am 8. M\u00e4rz 2023 das Lager Rwanga f\u00fcr vertriebene Jesiden im Dorf Qadia in der autonomen Region Kurdistan im Irak.<\/span><\/span><span class=\"RTImage-source\"><span class=\"RTImage-captionItem\">Ismael Adnan<\/span><span class=\"RTImage-captionItem\"> \/ AFP<\/span><\/span><\/figcaption><\/figure>\n<p>Etwa eine Woche nach dem\u00a0Milley-Besuch in Syrien traf US-Verteidigungsminister Lloyd Austin am\u00a0Dienstag unangek\u00fcndigt\u00a0in der\u00a0irakischen Hauptstadt Bagdad ein.\u00a0Austin ist der rangh\u00f6chste US-Regierungsvertreter, der seit dem Amtsantritt von Pr\u00e4sident Joe Biden den Irak besuchte.\u00a0Nach der Ermordung des iranischen Generals Qassem Soleimani durch die USA, die im Irak\u00a0stattfand und eine schwere Verletzung der Souver\u00e4nit\u00e4t des Landes darstellte, stimmte das irakische Parlament im Jahr 2020 \u00fcber eine Resolution ab, in der der Abzug der US-Truppen aus dem Land gefordert wurde.\u00a0Derzeit sind noch 2.500 US-Soldaten im\u00a0Irak, weitere 900 US-Besatzungstruppen sind im Nachbarland Syrien stationiert.\u00a0Unter dem Deckmantel der Unterst\u00fctzung der irakischen Sicherheit wollen die USA offenbar nun ihre Milit\u00e4rpr\u00e4senz im Irak fortsetzen. Bei der US-Invasion 2003 waren Zehntausende Zivilisten get\u00f6tet worden.\u00a0Das Land ist seither weithin destabilisiert, was seinerzeit zum Aufstieg islamistischer Terrorgruppen f\u00fchrte.<\/p>\n<p>Einige Stunden nach dem Eintreffen Austins im Irak landete die deutsche Au\u00dfenministerin\u00a0Annalena Baerbock\u00a0in Bagdad.\u00a0Baerbock bezeichnete den Irak als &#8220;einen Schl\u00fcsselfaktor f\u00fcr die Stabilit\u00e4t der Region&#8221;, w\u00e4hrend sie die Nachbarl\u00e4nder Iran und die T\u00fcrkei provozierte.\u00a0Die Au\u00dfenministerin\u00a0betonte die Souver\u00e4nit\u00e4t und die territoriale Integrit\u00e4t des Irak, die vor allem dessen Nachbarn achten m\u00fcssten \u2013 insbesondere Iran und die\u00a0T\u00fcrkei. Deutschland werde sich weiter engagieren \u2013 auch mit Soldaten, die &#8220;auf Einladung der irakischen Regierung&#8221; im Land seien, sagte die Gr\u00fcnen-Politikerin anschlie\u00dfend.\u00a0Etwa 320 deutsche Soldaten sind im Irak stationiert.<\/p>\n<p>Die\u00a0mit\u00a0Iran\u00a0verb\u00fcndeten Kr\u00e4fte lehnen die Pr\u00e4senz ausl\u00e4ndischer Truppen ab. Irakische Widerstandsgruppen und politische Gruppierungen verurteilten diesbez\u00fcglich den unangek\u00fcndigten Besuch von US-Verteidigungsminister Austin in Bagdad und die Absicht Washingtons und\u00a0seiner Verb\u00fcndeten, seine milit\u00e4rische Pr\u00e4senz im Land unter dem Vorwand der Wahrung der Stabilit\u00e4t fortzusetzen, und bezeichneten ihn als &#8220;unversch\u00e4mten Akt&#8221;. Die schiitische Miliz-Gruppe Kataib\u00a0Hisbollah erkl\u00e4rte,\u00a0dass sie auf keine Erlaubnis warten w\u00fcrde, um die US-Truppen aus dem Land auszuweisen.<\/p>\n<p>Da das Pentagon seinen geopolitischen Schwerpunkt auf den Fernen Osten\u00a0verlagert, um Chinas Ambitionen entgegenzuwirken, ziehen die USA st\u00fcckweise ihre Truppen aus Nahost ab. Dies bedeutet allerdings nicht, dass die USA und\u00a0ihre Falken in Europa ihre Pr\u00e4senz in der Region reduzieren. Vor allem\u00a0am Beispiel des Irak scheint der Westen einen sogenannten Marshallplan f\u00fcr das Land im Blick zu haben, um\u00a0Bagdad von der Einflusszone Irans, Russlands und Chinas zu l\u00f6sen.\u00a0<\/p>\n<p><strong>Mehr zum Thema<\/strong>\u00a0\u2013 <a rel=\"nofollow noopener\" target=\"_blank\" href=\"https:\/\/rtde.site\/der-nahe-osten\/162413-welche-spannungen-bringen-schwere-erdbeben\/\">Welche Spannungen bringen die schweren Erdbeben in Levante f\u00fcr die T\u00fcrkei und Region mit sich?<\/a><\/p>\n<div class=\"EmbedBlock-root EmbedBlock-externalVideo EmbedBlock-vk\">\n<div class=\"VkEmbed\"><iframe class=\"lazyload\" data-src=\"https:\/\/vk.com\/video_ext.php?oid=-134310637&amp;id=456264669&amp;hash=e0a3a1278ba56d3c\" frameborder=\"0\" width=\"853\" height=\"480\" allowfullscreen><\/iframe><\/div>\n<\/div>\n<\/div>\n<p><br \/>\n<br \/><a href=\"https:\/\/de.rt.com\/der-nahe-osten\/164852-20-jahrestag-us-invasion-im-irak\/\">Source link <\/a><\/p>\n","protected":false},"excerpt":{"rendered":"<p>Die USA und ihre Falken in Europa wollen offenbar ihre Pr\u00e4senz in der Levante-Region st\u00e4rken. Vor allem am Beispiel des Irak scheint der Westen einen sogenannten Marshallplan f\u00fcr das Land im Blick zu haben, um Bagdad von der Einflusszone Irans, Russlands und Chinas zu l\u00f6sen. Von Seyed Alireza Mousavi Die schweren Erdbeben mit einer St\u00e4rke [&hellip;]<\/p>\n","protected":false},"author":3,"featured_media":32066,"comment_status":"open","ping_status":"open","sticky":false,"template":"","format":"standard","meta":{"_yoast_indexnow_last_ping":["1678635957"],"wp_automatic_camp":["217"],"9383b18d343f184c5d8c978a165fe06e":["20. Jahrestag der US-Invasion im Irak: St\u00e4rkt der Westen wieder seine Pr\u00e4senz in Nahost?"],"original_link":["https:\/\/de.rt.com\/der-nahe-osten\/164852-20-jahrestag-us-invasion-im-irak\/"],"_thumbnail_id":["32066"],"_wptgpro_p2tg_sent2tg":["a:1:{i:23737;s:19:\"2023-03-12 17:46:58\";}"],"jnews_social_counter_last_update":["1777217321"]},"categories":[19,23],"tags":[82,16849,16868,20000,26690,265,22909,40225,378,904],"yoast_head":"<!-- This site is optimized with the Yoast SEO Premium plugin v22.7 (Yoast SEO v22.7) - https:\/\/yoast.com\/wordpress\/plugins\/seo\/ -->\n<title>20. Jahrestag der US-Invasion im Irak: St\u00e4rkt der Westen wieder seine Pr\u00e4senz in Nahost? - just-now.NEWS Deutschland<\/title>\n<meta name=\"robots\" content=\"index, follow, max-snippet:-1, max-image-preview:large, max-video-preview:-1\" \/>\n<link rel=\"canonical\" href=\"https:\/\/now-news.de\/de\/deutschland\/20-jahrestag-der-us-invasion-im-irak-staerkt-der-westen-wieder-seine-praesenz-in-nahost\/\" \/>\n<meta property=\"og:locale\" content=\"de_DE\" \/>\n<meta property=\"og:type\" content=\"article\" \/>\n<meta property=\"og:title\" content=\"20. Jahrestag der US-Invasion im Irak: St\u00e4rkt der Westen wieder seine Pr\u00e4senz in Nahost?\" \/>\n<meta property=\"og:description\" content=\"Die USA und ihre Falken in Europa wollen offenbar ihre Pr\u00e4senz in der Levante-Region st\u00e4rken. Vor allem am Beispiel des Irak scheint der Westen einen sogenannten Marshallplan f\u00fcr das Land im Blick zu haben, um Bagdad von der Einflusszone Irans, Russlands und Chinas zu l\u00f6sen. Von Seyed Alireza Mousavi Die schweren Erdbeben mit einer St\u00e4rke [&hellip;]\" \/>\n<meta property=\"og:url\" content=\"https:\/\/now-news.de\/de\/deutschland\/20-jahrestag-der-us-invasion-im-irak-staerkt-der-westen-wieder-seine-praesenz-in-nahost\/\" \/>\n<meta property=\"og:site_name\" content=\"just-now.NEWS Deutschland\" \/>\n<meta property=\"article:publisher\" content=\"https:\/\/www.facebook.com\/wirmachenauf\" \/>\n<meta property=\"article:published_time\" content=\"2023-03-12T15:35:12+00:00\" \/>\n<meta property=\"og:image\" content=\"https:\/\/now-news.de\/de\/wp-content\/uploads\/sites\/3\/2023\/03\/20-Jahrestag-der-US-Invasion-im-Irak-Staerkt-der-Westen-wieder.jpg\" \/>\n\t<meta property=\"og:image:width\" content=\"460\" \/>\n\t<meta property=\"og:image:height\" content=\"259\" \/>\n\t<meta property=\"og:image:type\" content=\"image\/jpeg\" \/>\n<meta name=\"author\" content=\"rtnews\" \/>\n<meta name=\"twitter:card\" content=\"summary_large_image\" \/>\n<meta name=\"twitter:creator\" content=\"@WirMachenAuf_de\" \/>\n<meta name=\"twitter:site\" content=\"@WirMachenAuf_de\" \/>\n<meta name=\"twitter:label1\" content=\"Verfasst von\" \/>\n\t<meta name=\"twitter:data1\" content=\"rtnews\" \/>\n\t<meta name=\"twitter:label2\" content=\"Gesch\u00e4tzte Lesezeit\" \/>\n\t<meta name=\"twitter:data2\" content=\"4\u00a0Minuten\" \/>\n<script type=\"application\/ld+json\" class=\"yoast-schema-graph\">{\"@context\":\"https:\/\/schema.org\",\"@graph\":[{\"@type\":\"Article\",\"@id\":\"https:\/\/now-news.de\/de\/deutschland\/20-jahrestag-der-us-invasion-im-irak-staerkt-der-westen-wieder-seine-praesenz-in-nahost\/#article\",\"isPartOf\":{\"@id\":\"https:\/\/now-news.de\/de\/deutschland\/20-jahrestag-der-us-invasion-im-irak-staerkt-der-westen-wieder-seine-praesenz-in-nahost\/\"},\"author\":{\"name\":\"rtnews\",\"@id\":\"https:\/\/now-news.de\/de\/#\/schema\/person\/fb534a4e865501d8b3285208df34a9b5\"},\"headline\":\"20. Jahrestag der US-Invasion im Irak: St\u00e4rkt der Westen wieder seine Pr\u00e4senz in Nahost?\",\"datePublished\":\"2023-03-12T15:35:12+00:00\",\"dateModified\":\"2023-03-12T15:35:12+00:00\",\"mainEntityOfPage\":{\"@id\":\"https:\/\/now-news.de\/de\/deutschland\/20-jahrestag-der-us-invasion-im-irak-staerkt-der-westen-wieder-seine-praesenz-in-nahost\/\"},\"wordCount\":825,\"commentCount\":0,\"publisher\":{\"@id\":\"https:\/\/now-news.de\/de\/#organization\"},\"image\":{\"@id\":\"https:\/\/now-news.de\/de\/deutschland\/20-jahrestag-der-us-invasion-im-irak-staerkt-der-westen-wieder-seine-praesenz-in-nahost\/#primaryimage\"},\"thumbnailUrl\":\"https:\/\/now-news.de\/de\/wp-content\/uploads\/sites\/3\/2023\/03\/20-Jahrestag-der-US-Invasion-im-Irak-Staerkt-der-Westen-wieder.jpg\",\"keywords\":[\"der\",\"Irak\",\"Jahrestag\",\"Nahost\",\"Pr\u00e4senz\",\"seine\",\"st\u00e4rkt\",\"USInvasion\",\"Westen\",\"wieder\"],\"articleSection\":[\"Deutschland\",\"Russland\"],\"inLanguage\":\"de\",\"potentialAction\":[{\"@type\":\"CommentAction\",\"name\":\"Comment\",\"target\":[\"https:\/\/now-news.de\/de\/deutschland\/20-jahrestag-der-us-invasion-im-irak-staerkt-der-westen-wieder-seine-praesenz-in-nahost\/#respond\"]}]},{\"@type\":\"WebPage\",\"@id\":\"https:\/\/now-news.de\/de\/deutschland\/20-jahrestag-der-us-invasion-im-irak-staerkt-der-westen-wieder-seine-praesenz-in-nahost\/\",\"url\":\"https:\/\/now-news.de\/de\/deutschland\/20-jahrestag-der-us-invasion-im-irak-staerkt-der-westen-wieder-seine-praesenz-in-nahost\/\",\"name\":\"20. Jahrestag der US-Invasion im Irak: St\u00e4rkt der Westen wieder seine Pr\u00e4senz in Nahost? - just-now.NEWS Deutschland\",\"isPartOf\":{\"@id\":\"https:\/\/now-news.de\/de\/#website\"},\"primaryImageOfPage\":{\"@id\":\"https:\/\/now-news.de\/de\/deutschland\/20-jahrestag-der-us-invasion-im-irak-staerkt-der-westen-wieder-seine-praesenz-in-nahost\/#primaryimage\"},\"image\":{\"@id\":\"https:\/\/now-news.de\/de\/deutschland\/20-jahrestag-der-us-invasion-im-irak-staerkt-der-westen-wieder-seine-praesenz-in-nahost\/#primaryimage\"},\"thumbnailUrl\":\"https:\/\/now-news.de\/de\/wp-content\/uploads\/sites\/3\/2023\/03\/20-Jahrestag-der-US-Invasion-im-Irak-Staerkt-der-Westen-wieder.jpg\",\"datePublished\":\"2023-03-12T15:35:12+00:00\",\"dateModified\":\"2023-03-12T15:35:12+00:00\",\"breadcrumb\":{\"@id\":\"https:\/\/now-news.de\/de\/deutschland\/20-jahrestag-der-us-invasion-im-irak-staerkt-der-westen-wieder-seine-praesenz-in-nahost\/#breadcrumb\"},\"inLanguage\":\"de\",\"potentialAction\":[{\"@type\":\"ReadAction\",\"target\":[\"https:\/\/now-news.de\/de\/deutschland\/20-jahrestag-der-us-invasion-im-irak-staerkt-der-westen-wieder-seine-praesenz-in-nahost\/\"]}]},{\"@type\":\"ImageObject\",\"inLanguage\":\"de\",\"@id\":\"https:\/\/now-news.de\/de\/deutschland\/20-jahrestag-der-us-invasion-im-irak-staerkt-der-westen-wieder-seine-praesenz-in-nahost\/#primaryimage\",\"url\":\"https:\/\/now-news.de\/de\/wp-content\/uploads\/sites\/3\/2023\/03\/20-Jahrestag-der-US-Invasion-im-Irak-Staerkt-der-Westen-wieder.jpg\",\"contentUrl\":\"https:\/\/now-news.de\/de\/wp-content\/uploads\/sites\/3\/2023\/03\/20-Jahrestag-der-US-Invasion-im-Irak-Staerkt-der-Westen-wieder.jpg\",\"width\":460,\"height\":259,\"caption\":\"20. Jahrestag der US-Invasion im Irak: St\u00e4rkt der Westen wieder seine Pr\u00e4senz in Nahost?\"},{\"@type\":\"BreadcrumbList\",\"@id\":\"https:\/\/now-news.de\/de\/deutschland\/20-jahrestag-der-us-invasion-im-irak-staerkt-der-westen-wieder-seine-praesenz-in-nahost\/#breadcrumb\",\"itemListElement\":[{\"@type\":\"ListItem\",\"position\":1,\"name\":\"Home\",\"item\":\"https:\/\/now-news.de\/de\/\"},{\"@type\":\"ListItem\",\"position\":2,\"name\":\"20. Jahrestag der US-Invasion im Irak: St\u00e4rkt der Westen wieder seine Pr\u00e4senz in Nahost?\"}]},{\"@type\":\"WebSite\",\"@id\":\"https:\/\/now-news.de\/de\/#website\",\"url\":\"https:\/\/now-news.de\/de\/\",\"name\":\"just-now.NEWS Deutschland\",\"description\":\"Das Portal f\u00fcr unzensierte Nachrichten aus der Welt\",\"publisher\":{\"@id\":\"https:\/\/now-news.de\/de\/#organization\"},\"potentialAction\":[{\"@type\":\"SearchAction\",\"target\":{\"@type\":\"EntryPoint\",\"urlTemplate\":\"https:\/\/now-news.de\/de\/?s={search_term_string}\"},\"query-input\":\"required name=search_term_string\"}],\"inLanguage\":\"de\"},{\"@type\":\"Organization\",\"@id\":\"https:\/\/now-news.de\/de\/#organization\",\"name\":\"Just Now News\",\"url\":\"https:\/\/now-news.de\/de\/\",\"logo\":{\"@type\":\"ImageObject\",\"inLanguage\":\"de\",\"@id\":\"https:\/\/now-news.de\/de\/#\/schema\/logo\/image\/\",\"url\":\"http:\/\/just-now.news\/de\/wp-content\/uploads\/sites\/3\/2022\/04\/logo500x500.jpg\",\"contentUrl\":\"http:\/\/just-now.news\/de\/wp-content\/uploads\/sites\/3\/2022\/04\/logo500x500.jpg\",\"width\":500,\"height\":500,\"caption\":\"Just Now News\"},\"image\":{\"@id\":\"https:\/\/now-news.de\/de\/#\/schema\/logo\/image\/\"},\"sameAs\":[\"https:\/\/www.facebook.com\/wirmachenauf\",\"https:\/\/x.com\/WirMachenAuf_de\"]},{\"@type\":\"Person\",\"@id\":\"https:\/\/now-news.de\/de\/#\/schema\/person\/fb534a4e865501d8b3285208df34a9b5\",\"name\":\"rtnews\",\"image\":{\"@type\":\"ImageObject\",\"inLanguage\":\"de\",\"@id\":\"https:\/\/now-news.de\/de\/#\/schema\/person\/image\/\",\"url\":\"https:\/\/secure.gravatar.com\/avatar\/82aafea7d8127119dd649515f56e2117?s=96&d=mm&r=g\",\"contentUrl\":\"https:\/\/secure.gravatar.com\/avatar\/82aafea7d8127119dd649515f56e2117?s=96&d=mm&r=g\",\"caption\":\"rtnews\"},\"url\":\"https:\/\/now-news.de\/de\/author\/rnews\/\"}]}<\/script>\n<!-- \/ Yoast SEO Premium plugin. -->","yoast_head_json":{"title":"20. Jahrestag der US-Invasion im Irak: St\u00e4rkt der Westen wieder seine Pr\u00e4senz in Nahost? - just-now.NEWS Deutschland","robots":{"index":"index","follow":"follow","max-snippet":"max-snippet:-1","max-image-preview":"max-image-preview:large","max-video-preview":"max-video-preview:-1"},"canonical":"https:\/\/now-news.de\/de\/deutschland\/20-jahrestag-der-us-invasion-im-irak-staerkt-der-westen-wieder-seine-praesenz-in-nahost\/","og_locale":"de_DE","og_type":"article","og_title":"20. Jahrestag der US-Invasion im Irak: St\u00e4rkt der Westen wieder seine Pr\u00e4senz in Nahost?","og_description":"Die USA und ihre Falken in Europa wollen offenbar ihre Pr\u00e4senz in der Levante-Region st\u00e4rken. Vor allem am Beispiel des Irak scheint der Westen einen sogenannten Marshallplan f\u00fcr das Land im Blick zu haben, um Bagdad von der Einflusszone Irans, Russlands und Chinas zu l\u00f6sen. Von Seyed Alireza Mousavi Die schweren Erdbeben mit einer St\u00e4rke [&hellip;]","og_url":"https:\/\/now-news.de\/de\/deutschland\/20-jahrestag-der-us-invasion-im-irak-staerkt-der-westen-wieder-seine-praesenz-in-nahost\/","og_site_name":"just-now.NEWS Deutschland","article_publisher":"https:\/\/www.facebook.com\/wirmachenauf","article_published_time":"2023-03-12T15:35:12+00:00","og_image":[{"width":460,"height":259,"url":"https:\/\/now-news.de\/de\/wp-content\/uploads\/sites\/3\/2023\/03\/20-Jahrestag-der-US-Invasion-im-Irak-Staerkt-der-Westen-wieder.jpg","type":"image\/jpeg"}],"author":"rtnews","twitter_card":"summary_large_image","twitter_creator":"@WirMachenAuf_de","twitter_site":"@WirMachenAuf_de","twitter_misc":{"Verfasst von":"rtnews","Gesch\u00e4tzte Lesezeit":"4\u00a0Minuten"},"schema":{"@context":"https:\/\/schema.org","@graph":[{"@type":"Article","@id":"https:\/\/now-news.de\/de\/deutschland\/20-jahrestag-der-us-invasion-im-irak-staerkt-der-westen-wieder-seine-praesenz-in-nahost\/#article","isPartOf":{"@id":"https:\/\/now-news.de\/de\/deutschland\/20-jahrestag-der-us-invasion-im-irak-staerkt-der-westen-wieder-seine-praesenz-in-nahost\/"},"author":{"name":"rtnews","@id":"https:\/\/now-news.de\/de\/#\/schema\/person\/fb534a4e865501d8b3285208df34a9b5"},"headline":"20. Jahrestag der US-Invasion im Irak: St\u00e4rkt der Westen wieder seine Pr\u00e4senz in Nahost?","datePublished":"2023-03-12T15:35:12+00:00","dateModified":"2023-03-12T15:35:12+00:00","mainEntityOfPage":{"@id":"https:\/\/now-news.de\/de\/deutschland\/20-jahrestag-der-us-invasion-im-irak-staerkt-der-westen-wieder-seine-praesenz-in-nahost\/"},"wordCount":825,"commentCount":0,"publisher":{"@id":"https:\/\/now-news.de\/de\/#organization"},"image":{"@id":"https:\/\/now-news.de\/de\/deutschland\/20-jahrestag-der-us-invasion-im-irak-staerkt-der-westen-wieder-seine-praesenz-in-nahost\/#primaryimage"},"thumbnailUrl":"https:\/\/now-news.de\/de\/wp-content\/uploads\/sites\/3\/2023\/03\/20-Jahrestag-der-US-Invasion-im-Irak-Staerkt-der-Westen-wieder.jpg","keywords":["der","Irak","Jahrestag","Nahost","Pr\u00e4senz","seine","st\u00e4rkt","USInvasion","Westen","wieder"],"articleSection":["Deutschland","Russland"],"inLanguage":"de","potentialAction":[{"@type":"CommentAction","name":"Comment","target":["https:\/\/now-news.de\/de\/deutschland\/20-jahrestag-der-us-invasion-im-irak-staerkt-der-westen-wieder-seine-praesenz-in-nahost\/#respond"]}]},{"@type":"WebPage","@id":"https:\/\/now-news.de\/de\/deutschland\/20-jahrestag-der-us-invasion-im-irak-staerkt-der-westen-wieder-seine-praesenz-in-nahost\/","url":"https:\/\/now-news.de\/de\/deutschland\/20-jahrestag-der-us-invasion-im-irak-staerkt-der-westen-wieder-seine-praesenz-in-nahost\/","name":"20. Jahrestag der US-Invasion im Irak: St\u00e4rkt der Westen wieder seine Pr\u00e4senz in Nahost? - just-now.NEWS Deutschland","isPartOf":{"@id":"https:\/\/now-news.de\/de\/#website"},"primaryImageOfPage":{"@id":"https:\/\/now-news.de\/de\/deutschland\/20-jahrestag-der-us-invasion-im-irak-staerkt-der-westen-wieder-seine-praesenz-in-nahost\/#primaryimage"},"image":{"@id":"https:\/\/now-news.de\/de\/deutschland\/20-jahrestag-der-us-invasion-im-irak-staerkt-der-westen-wieder-seine-praesenz-in-nahost\/#primaryimage"},"thumbnailUrl":"https:\/\/now-news.de\/de\/wp-content\/uploads\/sites\/3\/2023\/03\/20-Jahrestag-der-US-Invasion-im-Irak-Staerkt-der-Westen-wieder.jpg","datePublished":"2023-03-12T15:35:12+00:00","dateModified":"2023-03-12T15:35:12+00:00","breadcrumb":{"@id":"https:\/\/now-news.de\/de\/deutschland\/20-jahrestag-der-us-invasion-im-irak-staerkt-der-westen-wieder-seine-praesenz-in-nahost\/#breadcrumb"},"inLanguage":"de","potentialAction":[{"@type":"ReadAction","target":["https:\/\/now-news.de\/de\/deutschland\/20-jahrestag-der-us-invasion-im-irak-staerkt-der-westen-wieder-seine-praesenz-in-nahost\/"]}]},{"@type":"ImageObject","inLanguage":"de","@id":"https:\/\/now-news.de\/de\/deutschland\/20-jahrestag-der-us-invasion-im-irak-staerkt-der-westen-wieder-seine-praesenz-in-nahost\/#primaryimage","url":"https:\/\/now-news.de\/de\/wp-content\/uploads\/sites\/3\/2023\/03\/20-Jahrestag-der-US-Invasion-im-Irak-Staerkt-der-Westen-wieder.jpg","contentUrl":"https:\/\/now-news.de\/de\/wp-content\/uploads\/sites\/3\/2023\/03\/20-Jahrestag-der-US-Invasion-im-Irak-Staerkt-der-Westen-wieder.jpg","width":460,"height":259,"caption":"20. Jahrestag der US-Invasion im Irak: St\u00e4rkt der Westen wieder seine Pr\u00e4senz in Nahost?"},{"@type":"BreadcrumbList","@id":"https:\/\/now-news.de\/de\/deutschland\/20-jahrestag-der-us-invasion-im-irak-staerkt-der-westen-wieder-seine-praesenz-in-nahost\/#breadcrumb","itemListElement":[{"@type":"ListItem","position":1,"name":"Home","item":"https:\/\/now-news.de\/de\/"},{"@type":"ListItem","position":2,"name":"20. Jahrestag der US-Invasion im Irak: St\u00e4rkt der Westen wieder seine Pr\u00e4senz in Nahost?"}]},{"@type":"WebSite","@id":"https:\/\/now-news.de\/de\/#website","url":"https:\/\/now-news.de\/de\/","name":"just-now.NEWS Deutschland","description":"Das Portal f\u00fcr unzensierte Nachrichten aus der Welt","publisher":{"@id":"https:\/\/now-news.de\/de\/#organization"},"potentialAction":[{"@type":"SearchAction","target":{"@type":"EntryPoint","urlTemplate":"https:\/\/now-news.de\/de\/?s={search_term_string}"},"query-input":"required name=search_term_string"}],"inLanguage":"de"},{"@type":"Organization","@id":"https:\/\/now-news.de\/de\/#organization","name":"Just Now News","url":"https:\/\/now-news.de\/de\/","logo":{"@type":"ImageObject","inLanguage":"de","@id":"https:\/\/now-news.de\/de\/#\/schema\/logo\/image\/","url":"http:\/\/just-now.news\/de\/wp-content\/uploads\/sites\/3\/2022\/04\/logo500x500.jpg","contentUrl":"http:\/\/just-now.news\/de\/wp-content\/uploads\/sites\/3\/2022\/04\/logo500x500.jpg","width":500,"height":500,"caption":"Just Now News"},"image":{"@id":"https:\/\/now-news.de\/de\/#\/schema\/logo\/image\/"},"sameAs":["https:\/\/www.facebook.com\/wirmachenauf","https:\/\/x.com\/WirMachenAuf_de"]},{"@type":"Person","@id":"https:\/\/now-news.de\/de\/#\/schema\/person\/fb534a4e865501d8b3285208df34a9b5","name":"rtnews","image":{"@type":"ImageObject","inLanguage":"de","@id":"https:\/\/now-news.de\/de\/#\/schema\/person\/image\/","url":"https:\/\/secure.gravatar.com\/avatar\/82aafea7d8127119dd649515f56e2117?s=96&d=mm&r=g","contentUrl":"https:\/\/secure.gravatar.com\/avatar\/82aafea7d8127119dd649515f56e2117?s=96&d=mm&r=g","caption":"rtnews"},"url":"https:\/\/now-news.de\/de\/author\/rnews\/"}]}},"_links":{"self":[{"href":"https:\/\/now-news.de\/de\/wp-json\/wp\/v2\/posts\/32065"}],"collection":[{"href":"https:\/\/now-news.de\/de\/wp-json\/wp\/v2\/posts"}],"about":[{"href":"https:\/\/now-news.de\/de\/wp-json\/wp\/v2\/types\/post"}],"author":[{"embeddable":true,"href":"https:\/\/now-news.de\/de\/wp-json\/wp\/v2\/users\/3"}],"replies":[{"embeddable":true,"href":"https:\/\/now-news.de\/de\/wp-json\/wp\/v2\/comments?post=32065"}],"version-history":[{"count":0,"href":"https:\/\/now-news.de\/de\/wp-json\/wp\/v2\/posts\/32065\/revisions"}],"wp:featuredmedia":[{"embeddable":true,"href":"https:\/\/now-news.de\/de\/wp-json\/wp\/v2\/media\/32066"}],"wp:attachment":[{"href":"https:\/\/now-news.de\/de\/wp-json\/wp\/v2\/media?parent=32065"}],"wp:term":[{"taxonomy":"category","embeddable":true,"href":"https:\/\/now-news.de\/de\/wp-json\/wp\/v2\/categories?post=32065"},{"taxonomy":"post_tag","embeddable":true,"href":"https:\/\/now-news.de\/de\/wp-json\/wp\/v2\/tags?post=32065"}],"curies":[{"name":"wp","href":"https:\/\/api.w.org\/{rel}","templated":true}]}}