{"id":32043,"date":"2023-03-12T11:28:42","date_gmt":"2023-03-12T09:28:42","guid":{"rendered":"http:\/\/just-now.news\/de\/deutschland\/iran-bringt-kauf-von-russischen-su-35-kampfjets-unter-dach-und-fach\/"},"modified":"2023-03-12T11:28:42","modified_gmt":"2023-03-12T09:28:42","slug":"iran-bringt-kauf-von-russischen-su-35-kampfjets-unter-dach-und-fach","status":"publish","type":"post","link":"https:\/\/now-news.de\/de\/deutschland\/iran-bringt-kauf-von-russischen-su-35-kampfjets-unter-dach-und-fach\/","title":{"rendered":"Iran bringt Kauf von russischen Su-35-Kampfjets unter Dach und Fach"},"content":{"rendered":"<p><img decoding=\"async\" src=\"http:\/\/just-now.news\/de\/wp-content\/uploads\/sites\/3\/2023\/03\/640d87b3b480cc5aa222278d.jpg\" \/><\/p>\n<div class=\"Text-root Text-type_1 \">\n                Laut iranischen Medien steht einem ambitionierten Flugzeugdeal zwischen Moskau und Teheran nichts mehr im Weg. Der Iran kann offiziell russische Kampfflugzeuge erhalten, nachdem im Oktober 2020 ein Verkaufsverbot von konventionellen Waffen an den Iran aufgehoben worden ist.\n            <\/div>\n<p><\/p>\n<div class=\"Text-root Text-type_5 ArticleView-text ViewText-root \">\n<p>Die St\u00e4ndige Vertretung des Irans bei den Vereinten Nationen hat einen Kaufvertrag \u00fcber Kampfjets aus Russland f\u00fcr abgeschlossen erkl\u00e4rt. Wie die iranische Agentur <em>IRNA<\/em> am Freitag <a rel=\"nofollow noopener\" target=\"_blank\" href=\"https:\/\/ru.irna.ir\/news\/85052981\/%D0%98%D1%80%D0%B0%D0%BD-%D0%B7%D0%B0%D0%B2%D0%B5%D1%80%D1%88%D0%B8%D0%BB-%D1%81%D0%B4%D0%B5%D0%BB%D0%BA%D1%83-%D0%BF%D0%BE-%D0%BF%D0%BE%D0%BA%D1%83%D0%BF%D0%BA%D0%B5-%D0%B8%D1%81%D1%82%D1%80%D0%B5%D0%B1%D0%B8%D1%82%D0%B5%D0%BB%D0%B5%D0%B9-%D0%A1%D1%83-35-%D1%83-%D0%A0%D0%BE%D1%81%D1%81%D0%B8%D0%B8\">berichtete<\/a>, handele es sich um Jagdflugzeuge vom Typ Su-35. Das Medium zitierte einen iranischen UN-Vertreter mit den Worten: \u00a0<\/p>\n<blockquote>\n<p><em>&#8220;Die Su-35-Jagdflugzeuge verf\u00fcgen \u00fcber die technische Genehmigung des Irans.&#8221;<\/em><\/p>\n<\/blockquote>\n<p>In der UN-Mission des Nahost-Landes hie\u00df es, dass der Deal m\u00f6glich geworden ist,\u00a0nachdem\u00a0das in der Resolution 2231 des UN-Sicherheitsrates verankerte Verkaufsverbot von konventionellen Waffen an den Iran aufgehoben worden sei. Weitere Details \u00fcber die Abmachung wie die Zahl der zu liefernden Kampfjets oder die Lieferfrist wurden jedoch nicht bekannt gegeben. Die iranische UN-Vertretung verwies auf die Geheimhaltungsgr\u00fcnde.<\/p>\n<p>Zuvor <a rel=\"nofollow noopener\" target=\"_blank\" href=\"https:\/\/www.tasnimnews.com\/en\/news\/2023\/01\/15\/2837209\/iran-to-receive-russian-sukhoi-su-35-jets-in-spring-mp\">hatte<\/a> Shahriar Heydari, Mitglied des Parlamentsausschusses f\u00fcr Nationale Sicherheit und Au\u00dfenpolitik, Mitte Januar erkl\u00e4rt, dass der Iran russische J\u00e4ger vom Typ Su-35 kurz nach dem 21. M\u00e4rz geliefert bek\u00e4me. Die Agentur <em>Tasnim<\/em> spekulierte damals \u00fcber 24 Kampfflugzeuge.<\/p>\n<p>Ende Februar warf US-Au\u00dfenminister Antony Blinken in einem Interview f\u00fcr den Fernsehsender <em>CBS<\/em> Moskau vor, Teheran russische Kampfflugzeuge im Austausch gegen iranische Drohnen zur Verf\u00fcgung zu stellen. Beweise f\u00fchrte er keine an. Russland und der Iran wiesen solche Anschuldigungen zur\u00fcck. Das iranische Au\u00dfenministerium gab zwar Drohnenlieferungen an Russland zu, diese seien jedoch einige Monate vor dem Ausbruch des Ukraine-Kriegs erfolgt.<\/p>\n<p>Laut\u00a0<em>IRNA<\/em> geht die Geschichte\u00a0der iranischen K\u00e4ufe von Kampfflugzeugen bis ins Jahr 1988 zur\u00fcck. Nach der Beendigung des iranisch-irakischen Krieges habe Teheran mehrere Staaten gebeten, ihm Jagdflugzeuge zu verkaufen. Russland habe sich bereit erkl\u00e4rt. Nach Angaben der Agentur <em>Tasnim <\/em>habe der Iran seit Jahrzehnten keine neuen Kampfjets mehr gekauft. Zuletzt seien es in den 1990er-Jahren einige wenige russische MiG-29-Kampfjets gewesen.<\/p>\n<p><strong>Mehr zum Thema<\/strong>\u00a0\u2013 <a rel=\"nofollow noopener\" target=\"_blank\" href=\"https:\/\/de.rt.com\/international\/164375-israel-fordert-brasilien-auf-iranische\/\">Israel fordert Brasilien auf, iranische Kriegsschiffe abzuweisen<\/a><\/p>\n<\/p>\n<\/div>\n<p><br \/>\n<br \/><a href=\"https:\/\/de.rt.com\/der-nahe-osten\/165101-iran-bringt-kauf-von-russischen-su-35-kampfjets-unter-dach-und-fach\/\">Source link <\/a><\/p>\n","protected":false},"excerpt":{"rendered":"<p>Laut iranischen Medien steht einem ambitionierten Flugzeugdeal zwischen Moskau und Teheran nichts mehr im Weg. Der Iran kann offiziell russische Kampfflugzeuge erhalten, nachdem im Oktober 2020 ein Verkaufsverbot von konventionellen Waffen an den Iran aufgehoben worden ist. Die St\u00e4ndige Vertretung des Irans bei den Vereinten Nationen hat einen Kaufvertrag \u00fcber Kampfjets aus Russland f\u00fcr abgeschlossen [&hellip;]<\/p>\n","protected":false},"author":3,"featured_media":32044,"comment_status":"open","ping_status":"open","sticky":false,"template":"","format":"standard","meta":{"_yoast_indexnow_last_ping":["1678613821"],"wp_automatic_camp":["217"],"c08607da2dbdf856ebeeb650eae38e46":["Iran bringt Kauf von russischen Su-35-Kampfjets unter Dach und Fach"],"original_link":["https:\/\/de.rt.com\/der-nahe-osten\/165101-iran-bringt-kauf-von-russischen-su-35-kampfjets-unter-dach-und-fach\/"],"_thumbnail_id":["32044"],"_wptgpro_p2tg_sent2tg":["a:1:{i:23737;s:19:\"2023-03-12 11:38:15\";}"],"jnews_social_counter_last_update":["1777367038"]},"categories":[19,23],"tags":[7313,26823,35621,1786,4260,973,41846,140,908,50],"yoast_head":"<!-- This site is optimized with the Yoast SEO Premium plugin v22.7 (Yoast SEO v22.7) - https:\/\/yoast.com\/wordpress\/plugins\/seo\/ -->\n<title>Iran bringt Kauf von russischen Su-35-Kampfjets unter Dach und Fach - just-now.NEWS Deutschland<\/title>\n<meta name=\"robots\" content=\"index, follow, max-snippet:-1, max-image-preview:large, max-video-preview:-1\" \/>\n<link rel=\"canonical\" href=\"https:\/\/now-news.de\/de\/deutschland\/iran-bringt-kauf-von-russischen-su-35-kampfjets-unter-dach-und-fach\/\" \/>\n<meta property=\"og:locale\" content=\"de_DE\" \/>\n<meta property=\"og:type\" content=\"article\" \/>\n<meta property=\"og:title\" content=\"Iran bringt Kauf von russischen Su-35-Kampfjets unter Dach und Fach\" \/>\n<meta property=\"og:description\" content=\"Laut iranischen Medien steht einem ambitionierten Flugzeugdeal zwischen Moskau und Teheran nichts mehr im Weg. Der Iran kann offiziell russische Kampfflugzeuge erhalten, nachdem im Oktober 2020 ein Verkaufsverbot von konventionellen Waffen an den Iran aufgehoben worden ist. Die St\u00e4ndige Vertretung des Irans bei den Vereinten Nationen hat einen Kaufvertrag \u00fcber Kampfjets aus Russland f\u00fcr abgeschlossen [&hellip;]\" \/>\n<meta property=\"og:url\" content=\"https:\/\/now-news.de\/de\/deutschland\/iran-bringt-kauf-von-russischen-su-35-kampfjets-unter-dach-und-fach\/\" \/>\n<meta property=\"og:site_name\" content=\"just-now.NEWS Deutschland\" \/>\n<meta property=\"article:publisher\" content=\"https:\/\/www.facebook.com\/wirmachenauf\" \/>\n<meta property=\"article:published_time\" content=\"2023-03-12T09:28:42+00:00\" \/>\n<meta property=\"og:image\" content=\"https:\/\/now-news.de\/de\/wp-content\/uploads\/sites\/3\/2023\/03\/Iran-bringt-Kauf-von-russischen-Su-35-Kampfjets-unter-Dach-und-Fach.jpg\" \/>\n\t<meta property=\"og:image:width\" content=\"460\" \/>\n\t<meta property=\"og:image:height\" content=\"259\" \/>\n\t<meta property=\"og:image:type\" content=\"image\/jpeg\" \/>\n<meta name=\"author\" content=\"rtnews\" \/>\n<meta name=\"twitter:card\" content=\"summary_large_image\" \/>\n<meta name=\"twitter:creator\" content=\"@WirMachenAuf_de\" \/>\n<meta name=\"twitter:site\" content=\"@WirMachenAuf_de\" \/>\n<meta name=\"twitter:label1\" content=\"Verfasst von\" \/>\n\t<meta name=\"twitter:data1\" content=\"rtnews\" \/>\n\t<meta name=\"twitter:label2\" content=\"Gesch\u00e4tzte Lesezeit\" \/>\n\t<meta name=\"twitter:data2\" content=\"2\u00a0Minuten\" \/>\n<script type=\"application\/ld+json\" class=\"yoast-schema-graph\">{\"@context\":\"https:\/\/schema.org\",\"@graph\":[{\"@type\":\"Article\",\"@id\":\"https:\/\/now-news.de\/de\/deutschland\/iran-bringt-kauf-von-russischen-su-35-kampfjets-unter-dach-und-fach\/#article\",\"isPartOf\":{\"@id\":\"https:\/\/now-news.de\/de\/deutschland\/iran-bringt-kauf-von-russischen-su-35-kampfjets-unter-dach-und-fach\/\"},\"author\":{\"name\":\"rtnews\",\"@id\":\"https:\/\/now-news.de\/de\/#\/schema\/person\/fb534a4e865501d8b3285208df34a9b5\"},\"headline\":\"Iran bringt Kauf von russischen Su-35-Kampfjets unter Dach und Fach\",\"datePublished\":\"2023-03-12T09:28:42+00:00\",\"dateModified\":\"2023-03-12T09:28:42+00:00\",\"mainEntityOfPage\":{\"@id\":\"https:\/\/now-news.de\/de\/deutschland\/iran-bringt-kauf-von-russischen-su-35-kampfjets-unter-dach-und-fach\/\"},\"wordCount\":350,\"commentCount\":0,\"publisher\":{\"@id\":\"https:\/\/now-news.de\/de\/#organization\"},\"image\":{\"@id\":\"https:\/\/now-news.de\/de\/deutschland\/iran-bringt-kauf-von-russischen-su-35-kampfjets-unter-dach-und-fach\/#primaryimage\"},\"thumbnailUrl\":\"https:\/\/now-news.de\/de\/wp-content\/uploads\/sites\/3\/2023\/03\/Iran-bringt-Kauf-von-russischen-Su-35-Kampfjets-unter-Dach-und-Fach.jpg\",\"keywords\":[\"bringt\",\"Dach\",\"Fach\",\"Iran\",\"Kauf\",\"russischen\",\"Su35Kampfjets\",\"und\",\"unter\",\"von\"],\"articleSection\":[\"Deutschland\",\"Russland\"],\"inLanguage\":\"de\",\"potentialAction\":[{\"@type\":\"CommentAction\",\"name\":\"Comment\",\"target\":[\"https:\/\/now-news.de\/de\/deutschland\/iran-bringt-kauf-von-russischen-su-35-kampfjets-unter-dach-und-fach\/#respond\"]}]},{\"@type\":\"WebPage\",\"@id\":\"https:\/\/now-news.de\/de\/deutschland\/iran-bringt-kauf-von-russischen-su-35-kampfjets-unter-dach-und-fach\/\",\"url\":\"https:\/\/now-news.de\/de\/deutschland\/iran-bringt-kauf-von-russischen-su-35-kampfjets-unter-dach-und-fach\/\",\"name\":\"Iran bringt Kauf von russischen Su-35-Kampfjets unter Dach und Fach - just-now.NEWS Deutschland\",\"isPartOf\":{\"@id\":\"https:\/\/now-news.de\/de\/#website\"},\"primaryImageOfPage\":{\"@id\":\"https:\/\/now-news.de\/de\/deutschland\/iran-bringt-kauf-von-russischen-su-35-kampfjets-unter-dach-und-fach\/#primaryimage\"},\"image\":{\"@id\":\"https:\/\/now-news.de\/de\/deutschland\/iran-bringt-kauf-von-russischen-su-35-kampfjets-unter-dach-und-fach\/#primaryimage\"},\"thumbnailUrl\":\"https:\/\/now-news.de\/de\/wp-content\/uploads\/sites\/3\/2023\/03\/Iran-bringt-Kauf-von-russischen-Su-35-Kampfjets-unter-Dach-und-Fach.jpg\",\"datePublished\":\"2023-03-12T09:28:42+00:00\",\"dateModified\":\"2023-03-12T09:28:42+00:00\",\"breadcrumb\":{\"@id\":\"https:\/\/now-news.de\/de\/deutschland\/iran-bringt-kauf-von-russischen-su-35-kampfjets-unter-dach-und-fach\/#breadcrumb\"},\"inLanguage\":\"de\",\"potentialAction\":[{\"@type\":\"ReadAction\",\"target\":[\"https:\/\/now-news.de\/de\/deutschland\/iran-bringt-kauf-von-russischen-su-35-kampfjets-unter-dach-und-fach\/\"]}]},{\"@type\":\"ImageObject\",\"inLanguage\":\"de\",\"@id\":\"https:\/\/now-news.de\/de\/deutschland\/iran-bringt-kauf-von-russischen-su-35-kampfjets-unter-dach-und-fach\/#primaryimage\",\"url\":\"https:\/\/now-news.de\/de\/wp-content\/uploads\/sites\/3\/2023\/03\/Iran-bringt-Kauf-von-russischen-Su-35-Kampfjets-unter-Dach-und-Fach.jpg\",\"contentUrl\":\"https:\/\/now-news.de\/de\/wp-content\/uploads\/sites\/3\/2023\/03\/Iran-bringt-Kauf-von-russischen-Su-35-Kampfjets-unter-Dach-und-Fach.jpg\",\"width\":460,\"height\":259,\"caption\":\"Iran bringt Kauf von russischen Su-35-Kampfjets unter Dach und Fach\"},{\"@type\":\"BreadcrumbList\",\"@id\":\"https:\/\/now-news.de\/de\/deutschland\/iran-bringt-kauf-von-russischen-su-35-kampfjets-unter-dach-und-fach\/#breadcrumb\",\"itemListElement\":[{\"@type\":\"ListItem\",\"position\":1,\"name\":\"Home\",\"item\":\"https:\/\/now-news.de\/de\/\"},{\"@type\":\"ListItem\",\"position\":2,\"name\":\"Iran bringt Kauf von russischen Su-35-Kampfjets unter Dach und Fach\"}]},{\"@type\":\"WebSite\",\"@id\":\"https:\/\/now-news.de\/de\/#website\",\"url\":\"https:\/\/now-news.de\/de\/\",\"name\":\"just-now.NEWS Deutschland\",\"description\":\"Das Portal f\u00fcr unzensierte Nachrichten aus der Welt\",\"publisher\":{\"@id\":\"https:\/\/now-news.de\/de\/#organization\"},\"potentialAction\":[{\"@type\":\"SearchAction\",\"target\":{\"@type\":\"EntryPoint\",\"urlTemplate\":\"https:\/\/now-news.de\/de\/?s={search_term_string}\"},\"query-input\":\"required name=search_term_string\"}],\"inLanguage\":\"de\"},{\"@type\":\"Organization\",\"@id\":\"https:\/\/now-news.de\/de\/#organization\",\"name\":\"Just Now News\",\"url\":\"https:\/\/now-news.de\/de\/\",\"logo\":{\"@type\":\"ImageObject\",\"inLanguage\":\"de\",\"@id\":\"https:\/\/now-news.de\/de\/#\/schema\/logo\/image\/\",\"url\":\"http:\/\/just-now.news\/de\/wp-content\/uploads\/sites\/3\/2022\/04\/logo500x500.jpg\",\"contentUrl\":\"http:\/\/just-now.news\/de\/wp-content\/uploads\/sites\/3\/2022\/04\/logo500x500.jpg\",\"width\":500,\"height\":500,\"caption\":\"Just Now News\"},\"image\":{\"@id\":\"https:\/\/now-news.de\/de\/#\/schema\/logo\/image\/\"},\"sameAs\":[\"https:\/\/www.facebook.com\/wirmachenauf\",\"https:\/\/x.com\/WirMachenAuf_de\"]},{\"@type\":\"Person\",\"@id\":\"https:\/\/now-news.de\/de\/#\/schema\/person\/fb534a4e865501d8b3285208df34a9b5\",\"name\":\"rtnews\",\"image\":{\"@type\":\"ImageObject\",\"inLanguage\":\"de\",\"@id\":\"https:\/\/now-news.de\/de\/#\/schema\/person\/image\/\",\"url\":\"https:\/\/secure.gravatar.com\/avatar\/82aafea7d8127119dd649515f56e2117?s=96&d=mm&r=g\",\"contentUrl\":\"https:\/\/secure.gravatar.com\/avatar\/82aafea7d8127119dd649515f56e2117?s=96&d=mm&r=g\",\"caption\":\"rtnews\"},\"url\":\"https:\/\/now-news.de\/de\/author\/rnews\/\"}]}<\/script>\n<!-- \/ Yoast SEO Premium plugin. -->","yoast_head_json":{"title":"Iran bringt Kauf von russischen Su-35-Kampfjets unter Dach und Fach - just-now.NEWS Deutschland","robots":{"index":"index","follow":"follow","max-snippet":"max-snippet:-1","max-image-preview":"max-image-preview:large","max-video-preview":"max-video-preview:-1"},"canonical":"https:\/\/now-news.de\/de\/deutschland\/iran-bringt-kauf-von-russischen-su-35-kampfjets-unter-dach-und-fach\/","og_locale":"de_DE","og_type":"article","og_title":"Iran bringt Kauf von russischen Su-35-Kampfjets unter Dach und Fach","og_description":"Laut iranischen Medien steht einem ambitionierten Flugzeugdeal zwischen Moskau und Teheran nichts mehr im Weg. Der Iran kann offiziell russische Kampfflugzeuge erhalten, nachdem im Oktober 2020 ein Verkaufsverbot von konventionellen Waffen an den Iran aufgehoben worden ist. Die St\u00e4ndige Vertretung des Irans bei den Vereinten Nationen hat einen Kaufvertrag \u00fcber Kampfjets aus Russland f\u00fcr abgeschlossen [&hellip;]","og_url":"https:\/\/now-news.de\/de\/deutschland\/iran-bringt-kauf-von-russischen-su-35-kampfjets-unter-dach-und-fach\/","og_site_name":"just-now.NEWS Deutschland","article_publisher":"https:\/\/www.facebook.com\/wirmachenauf","article_published_time":"2023-03-12T09:28:42+00:00","og_image":[{"width":460,"height":259,"url":"https:\/\/now-news.de\/de\/wp-content\/uploads\/sites\/3\/2023\/03\/Iran-bringt-Kauf-von-russischen-Su-35-Kampfjets-unter-Dach-und-Fach.jpg","type":"image\/jpeg"}],"author":"rtnews","twitter_card":"summary_large_image","twitter_creator":"@WirMachenAuf_de","twitter_site":"@WirMachenAuf_de","twitter_misc":{"Verfasst von":"rtnews","Gesch\u00e4tzte Lesezeit":"2\u00a0Minuten"},"schema":{"@context":"https:\/\/schema.org","@graph":[{"@type":"Article","@id":"https:\/\/now-news.de\/de\/deutschland\/iran-bringt-kauf-von-russischen-su-35-kampfjets-unter-dach-und-fach\/#article","isPartOf":{"@id":"https:\/\/now-news.de\/de\/deutschland\/iran-bringt-kauf-von-russischen-su-35-kampfjets-unter-dach-und-fach\/"},"author":{"name":"rtnews","@id":"https:\/\/now-news.de\/de\/#\/schema\/person\/fb534a4e865501d8b3285208df34a9b5"},"headline":"Iran bringt Kauf von russischen Su-35-Kampfjets unter Dach und Fach","datePublished":"2023-03-12T09:28:42+00:00","dateModified":"2023-03-12T09:28:42+00:00","mainEntityOfPage":{"@id":"https:\/\/now-news.de\/de\/deutschland\/iran-bringt-kauf-von-russischen-su-35-kampfjets-unter-dach-und-fach\/"},"wordCount":350,"commentCount":0,"publisher":{"@id":"https:\/\/now-news.de\/de\/#organization"},"image":{"@id":"https:\/\/now-news.de\/de\/deutschland\/iran-bringt-kauf-von-russischen-su-35-kampfjets-unter-dach-und-fach\/#primaryimage"},"thumbnailUrl":"https:\/\/now-news.de\/de\/wp-content\/uploads\/sites\/3\/2023\/03\/Iran-bringt-Kauf-von-russischen-Su-35-Kampfjets-unter-Dach-und-Fach.jpg","keywords":["bringt","Dach","Fach","Iran","Kauf","russischen","Su35Kampfjets","und","unter","von"],"articleSection":["Deutschland","Russland"],"inLanguage":"de","potentialAction":[{"@type":"CommentAction","name":"Comment","target":["https:\/\/now-news.de\/de\/deutschland\/iran-bringt-kauf-von-russischen-su-35-kampfjets-unter-dach-und-fach\/#respond"]}]},{"@type":"WebPage","@id":"https:\/\/now-news.de\/de\/deutschland\/iran-bringt-kauf-von-russischen-su-35-kampfjets-unter-dach-und-fach\/","url":"https:\/\/now-news.de\/de\/deutschland\/iran-bringt-kauf-von-russischen-su-35-kampfjets-unter-dach-und-fach\/","name":"Iran bringt Kauf von russischen Su-35-Kampfjets unter Dach und Fach - just-now.NEWS Deutschland","isPartOf":{"@id":"https:\/\/now-news.de\/de\/#website"},"primaryImageOfPage":{"@id":"https:\/\/now-news.de\/de\/deutschland\/iran-bringt-kauf-von-russischen-su-35-kampfjets-unter-dach-und-fach\/#primaryimage"},"image":{"@id":"https:\/\/now-news.de\/de\/deutschland\/iran-bringt-kauf-von-russischen-su-35-kampfjets-unter-dach-und-fach\/#primaryimage"},"thumbnailUrl":"https:\/\/now-news.de\/de\/wp-content\/uploads\/sites\/3\/2023\/03\/Iran-bringt-Kauf-von-russischen-Su-35-Kampfjets-unter-Dach-und-Fach.jpg","datePublished":"2023-03-12T09:28:42+00:00","dateModified":"2023-03-12T09:28:42+00:00","breadcrumb":{"@id":"https:\/\/now-news.de\/de\/deutschland\/iran-bringt-kauf-von-russischen-su-35-kampfjets-unter-dach-und-fach\/#breadcrumb"},"inLanguage":"de","potentialAction":[{"@type":"ReadAction","target":["https:\/\/now-news.de\/de\/deutschland\/iran-bringt-kauf-von-russischen-su-35-kampfjets-unter-dach-und-fach\/"]}]},{"@type":"ImageObject","inLanguage":"de","@id":"https:\/\/now-news.de\/de\/deutschland\/iran-bringt-kauf-von-russischen-su-35-kampfjets-unter-dach-und-fach\/#primaryimage","url":"https:\/\/now-news.de\/de\/wp-content\/uploads\/sites\/3\/2023\/03\/Iran-bringt-Kauf-von-russischen-Su-35-Kampfjets-unter-Dach-und-Fach.jpg","contentUrl":"https:\/\/now-news.de\/de\/wp-content\/uploads\/sites\/3\/2023\/03\/Iran-bringt-Kauf-von-russischen-Su-35-Kampfjets-unter-Dach-und-Fach.jpg","width":460,"height":259,"caption":"Iran bringt Kauf von russischen Su-35-Kampfjets unter Dach und Fach"},{"@type":"BreadcrumbList","@id":"https:\/\/now-news.de\/de\/deutschland\/iran-bringt-kauf-von-russischen-su-35-kampfjets-unter-dach-und-fach\/#breadcrumb","itemListElement":[{"@type":"ListItem","position":1,"name":"Home","item":"https:\/\/now-news.de\/de\/"},{"@type":"ListItem","position":2,"name":"Iran bringt Kauf von russischen Su-35-Kampfjets unter Dach und Fach"}]},{"@type":"WebSite","@id":"https:\/\/now-news.de\/de\/#website","url":"https:\/\/now-news.de\/de\/","name":"just-now.NEWS Deutschland","description":"Das Portal f\u00fcr unzensierte Nachrichten aus der Welt","publisher":{"@id":"https:\/\/now-news.de\/de\/#organization"},"potentialAction":[{"@type":"SearchAction","target":{"@type":"EntryPoint","urlTemplate":"https:\/\/now-news.de\/de\/?s={search_term_string}"},"query-input":"required name=search_term_string"}],"inLanguage":"de"},{"@type":"Organization","@id":"https:\/\/now-news.de\/de\/#organization","name":"Just Now News","url":"https:\/\/now-news.de\/de\/","logo":{"@type":"ImageObject","inLanguage":"de","@id":"https:\/\/now-news.de\/de\/#\/schema\/logo\/image\/","url":"http:\/\/just-now.news\/de\/wp-content\/uploads\/sites\/3\/2022\/04\/logo500x500.jpg","contentUrl":"http:\/\/just-now.news\/de\/wp-content\/uploads\/sites\/3\/2022\/04\/logo500x500.jpg","width":500,"height":500,"caption":"Just Now News"},"image":{"@id":"https:\/\/now-news.de\/de\/#\/schema\/logo\/image\/"},"sameAs":["https:\/\/www.facebook.com\/wirmachenauf","https:\/\/x.com\/WirMachenAuf_de"]},{"@type":"Person","@id":"https:\/\/now-news.de\/de\/#\/schema\/person\/fb534a4e865501d8b3285208df34a9b5","name":"rtnews","image":{"@type":"ImageObject","inLanguage":"de","@id":"https:\/\/now-news.de\/de\/#\/schema\/person\/image\/","url":"https:\/\/secure.gravatar.com\/avatar\/82aafea7d8127119dd649515f56e2117?s=96&d=mm&r=g","contentUrl":"https:\/\/secure.gravatar.com\/avatar\/82aafea7d8127119dd649515f56e2117?s=96&d=mm&r=g","caption":"rtnews"},"url":"https:\/\/now-news.de\/de\/author\/rnews\/"}]}},"_links":{"self":[{"href":"https:\/\/now-news.de\/de\/wp-json\/wp\/v2\/posts\/32043"}],"collection":[{"href":"https:\/\/now-news.de\/de\/wp-json\/wp\/v2\/posts"}],"about":[{"href":"https:\/\/now-news.de\/de\/wp-json\/wp\/v2\/types\/post"}],"author":[{"embeddable":true,"href":"https:\/\/now-news.de\/de\/wp-json\/wp\/v2\/users\/3"}],"replies":[{"embeddable":true,"href":"https:\/\/now-news.de\/de\/wp-json\/wp\/v2\/comments?post=32043"}],"version-history":[{"count":0,"href":"https:\/\/now-news.de\/de\/wp-json\/wp\/v2\/posts\/32043\/revisions"}],"wp:featuredmedia":[{"embeddable":true,"href":"https:\/\/now-news.de\/de\/wp-json\/wp\/v2\/media\/32044"}],"wp:attachment":[{"href":"https:\/\/now-news.de\/de\/wp-json\/wp\/v2\/media?parent=32043"}],"wp:term":[{"taxonomy":"category","embeddable":true,"href":"https:\/\/now-news.de\/de\/wp-json\/wp\/v2\/categories?post=32043"},{"taxonomy":"post_tag","embeddable":true,"href":"https:\/\/now-news.de\/de\/wp-json\/wp\/v2\/tags?post=32043"}],"curies":[{"name":"wp","href":"https:\/\/api.w.org\/{rel}","templated":true}]}}