{"id":32004,"date":"2023-03-11T13:47:25","date_gmt":"2023-03-11T11:47:25","guid":{"rendered":"http:\/\/just-now.news\/de\/deutschland\/riposte-a-la-russe-russische-fechter-duerfen-trotz-protesten-kiews-an-der-wm-teilnehmen\/"},"modified":"2023-03-11T13:47:25","modified_gmt":"2023-03-11T11:47:25","slug":"riposte-a-la-russe-russische-fechter-duerfen-trotz-protesten-kiews-an-der-wm-teilnehmen","status":"publish","type":"post","link":"https:\/\/now-news.de\/de\/deutschland\/riposte-a-la-russe-russische-fechter-duerfen-trotz-protesten-kiews-an-der-wm-teilnehmen\/","title":{"rendered":"Riposte \u00e0 la russe: Russische Fechter d\u00fcrfen trotz Protesten Kiews an der WM teilnehmen"},"content":{"rendered":"<p><img decoding=\"async\" src=\"http:\/\/just-now.news\/de\/wp-content\/uploads\/sites\/3\/2023\/03\/640c4b3f48fbef2d0e18d543.jpg\" \/><\/p>\n<div class=\"Text-root Text-type_1 \">\n                Kiew rechnete wohl nicht mit diesem Konterschlag: Russische und wei\u00dfrussische Sportler kehren nach einem Jahr des Boykotts zu Weltturnieren zur\u00fcck. Der Internationale Fechtverband schafft damit einen Pr\u00e4zedenzfall, dem auch andere Sportarten folgen k\u00f6nnten.\n            <\/div>\n<p><\/p>\n<div class=\"Text-root Text-type_5 ArticleView-text ViewText-root \">\n<p>Am 10. M\u00e4rz beschloss der Kongress des Internationalen Fechtverbandes, russische und wei\u00dfrussische Athleten wieder an Wettk\u00e4mpfen unter der Schirmherrschaft des Verbandes\u00a0mit neutralem Status teilnehmen zu lassen.<\/p>\n<p>Die Abstimmung \u00fcber die Zulassung zu Einzelwettbewerben &#8220;unter den Bedingungen der Neutralit\u00e4t und der individuellen Zul\u00e4ssigkeit&#8221; ergab ein sicheres Ergebnis mit 89 Ja-Stimmen, 46 Nein-Stimmen und einer Stimmenthaltung. Zwei Versuche des ukrainischen Fechtverbandes, die Abstimmung bis zur Entscheidung \u00fcber die Ethikbeschwerde zu blockieren, blieben erfolglos. Ilgar Mamedow, der Vorsitzende des russischen Fechtverbandes, erkl\u00e4rte gegen\u00fcber der Nachrichtenagentur <em>RIA Nowosti:<\/em><br \/><em><\/em><\/p>\n<blockquote>\n<p><em>&#8220;Es gab drei Abstimmungen. Die erste betraf die Zulassung zu den Einzelwettbewerben. Die zweite betraf die Zulassung zu den Mannschaftswettbewerben. Die dritte betraf die Zulassung von Offiziellen, Trainern und medizinischem Personal. Alle drei Abstimmungen wurden mit einer Mehrheit angenommen. Vielen Dank an die Kollegen in den nationalen Verb\u00e4nden. Es gibt nur eine Einschr\u00e4nkung: Die Zulassung wird nicht vor Mitte April erfolgen&#8230;&#8221;<\/em><\/p>\n<\/blockquote>\n<p>&#8220;Wir sind zutiefst schockiert und emp\u00f6rt \u00fcber diese Entscheidung und werden unverz\u00fcglich eine Pr\u00e4sidiumssitzung einberufen&#8221;, teilte der ukrainische Fechtverband umgehend mit und f\u00fcgte hinzu, dass man nicht aufgeben werde und bereits \u00fcber eine Berufung nachdenke. Und weiter:<\/p>\n<blockquote>\n<p><em> &#8220;Wir werden uns im Laufe des Wochenendes mit Mitgliedern des Verbandes, Athleten, Trainern, dem Nationalen Olympischen Komitee der Ukraine und dem Sportministerium dar\u00fcber beraten.&#8221;<\/em><\/p>\n<\/blockquote>\n<p>Auch der US-amerikanische Fechtverband kritisierte die Zulassung der russischen\u00a0Sportler zu dem Wettbewerb. Generaldirektor Phil Andrews erkl\u00e4rte, die meisten Vertreter der Fechtgemeinschaft seien nun pl\u00f6tzlich bereit, bei vielen Dingen ein Auge zuzudr\u00fccken. Ihm zufolge begr\u00fc\u00dften sie jetzt die R\u00fcckkehr von Athleten, die von der russischen Regierung finanziert werden \u2013 obwohl noch vor wenigen Monaten mehr als 70 Prozent f\u00fcr die Suspendierung russischer Fechter gestimmt hatten.<\/p>\n<p>Die gegen russische Sportler verh\u00e4ngten Sanktionen scheinen sich allm\u00e4hlich zu lockern, so russische Medien. Die Initiativen des Internationalen Olympischen Komitees zur Beendigung des Boykotts russischer Athleten haben gewirkt, und sie werden bereits wieder zu Turnieren eingeladen. &#8220;Es besteht kaum ein Zweifel daran, dass andere Sportarten dem Fechten folgen werden. Was bedeutet, dass die Teilnahme Russlands an den Olympischen Spielen in Paris mehr als realistisch ist&#8221;, meint das Sportportal <em>Sportbox.ru<\/em>.<\/p>\n<p><strong>Mehr zum Thema &#8211;<\/strong>\u00a0<a rel=\"nofollow noopener\" target=\"_blank\" href=\"https:\/\/fromrussiawithlove.rtde.life\/international\/161495-nach-kritik-aus-kiew-ioc-weist-vorwuerfe-zurueck\/\">Nach Kritik aus Kiew: IOC weist Bestechungsvorw\u00fcrfe zur\u00fcck<\/a><\/p>\n<\/div>\n<p><br \/>\n<br \/><a href=\"https:\/\/de.rt.com\/international\/165041-riposte-a-la-russe-russische\/\">Source link <\/a><\/p>\n","protected":false},"excerpt":{"rendered":"<p>Kiew rechnete wohl nicht mit diesem Konterschlag: Russische und wei\u00dfrussische Sportler kehren nach einem Jahr des Boykotts zu Weltturnieren zur\u00fcck. Der Internationale Fechtverband schafft damit einen Pr\u00e4zedenzfall, dem auch andere Sportarten folgen k\u00f6nnten. Am 10. M\u00e4rz beschloss der Kongress des Internationalen Fechtverbandes, russische und wei\u00dfrussische Athleten wieder an Wettk\u00e4mpfen unter der Schirmherrschaft des Verbandes\u00a0mit neutralem [&hellip;]<\/p>\n","protected":false},"author":3,"featured_media":32005,"comment_status":"open","ping_status":"open","sticky":false,"template":"","format":"standard","meta":{"_yoast_indexnow_last_ping":["1678543375"],"wp_automatic_camp":["217"],"5ead9d6490ef3beb027e99149136d3a4":["Riposte \u00e0 la russe: Russische Fechter d\u00fcrfen trotz Protesten Kiews an der WM teilnehmen"],"original_link":["https:\/\/de.rt.com\/international\/165041-riposte-a-la-russe-russische\/"],"_thumbnail_id":["32005"],"_wptgpro_p2tg_sent2tg":["a:1:{i:23737;s:19:\"2023-03-11 16:03:54\";}"],"jnews_social_counter_last_update":["1777176819"]},"categories":[19,23],"tags":[82,1486,41816,6313,19562,41815,21306,570,1384,1381],"yoast_head":"<!-- This site is optimized with the Yoast SEO Premium plugin v22.7 (Yoast SEO v22.7) - https:\/\/yoast.com\/wordpress\/plugins\/seo\/ -->\n<title>Riposte \u00e0 la russe: Russische Fechter d\u00fcrfen trotz Protesten Kiews an der WM teilnehmen - just-now.NEWS Deutschland<\/title>\n<meta name=\"robots\" content=\"index, follow, max-snippet:-1, max-image-preview:large, max-video-preview:-1\" \/>\n<link rel=\"canonical\" href=\"https:\/\/now-news.de\/de\/deutschland\/riposte-a-la-russe-russische-fechter-duerfen-trotz-protesten-kiews-an-der-wm-teilnehmen\/\" \/>\n<meta property=\"og:locale\" content=\"de_DE\" \/>\n<meta property=\"og:type\" content=\"article\" \/>\n<meta property=\"og:title\" content=\"Riposte \u00e0 la russe: Russische Fechter d\u00fcrfen trotz Protesten Kiews an der WM teilnehmen\" \/>\n<meta property=\"og:description\" content=\"Kiew rechnete wohl nicht mit diesem Konterschlag: Russische und wei\u00dfrussische Sportler kehren nach einem Jahr des Boykotts zu Weltturnieren zur\u00fcck. Der Internationale Fechtverband schafft damit einen Pr\u00e4zedenzfall, dem auch andere Sportarten folgen k\u00f6nnten. Am 10. M\u00e4rz beschloss der Kongress des Internationalen Fechtverbandes, russische und wei\u00dfrussische Athleten wieder an Wettk\u00e4mpfen unter der Schirmherrschaft des Verbandes\u00a0mit neutralem [&hellip;]\" \/>\n<meta property=\"og:url\" content=\"https:\/\/now-news.de\/de\/deutschland\/riposte-a-la-russe-russische-fechter-duerfen-trotz-protesten-kiews-an-der-wm-teilnehmen\/\" \/>\n<meta property=\"og:site_name\" content=\"just-now.NEWS Deutschland\" \/>\n<meta property=\"article:publisher\" content=\"https:\/\/www.facebook.com\/wirmachenauf\" \/>\n<meta property=\"article:published_time\" content=\"2023-03-11T11:47:25+00:00\" \/>\n<meta property=\"og:image\" content=\"https:\/\/now-news.de\/de\/wp-content\/uploads\/sites\/3\/2023\/03\/Riposte-a-la-russe-Russische-Fechter-duerfen-trotz-Protesten-Kiews.jpg\" \/>\n\t<meta property=\"og:image:width\" content=\"460\" \/>\n\t<meta property=\"og:image:height\" content=\"259\" \/>\n\t<meta property=\"og:image:type\" content=\"image\/jpeg\" \/>\n<meta name=\"author\" content=\"rtnews\" \/>\n<meta name=\"twitter:card\" content=\"summary_large_image\" \/>\n<meta name=\"twitter:creator\" content=\"@WirMachenAuf_de\" \/>\n<meta name=\"twitter:site\" content=\"@WirMachenAuf_de\" \/>\n<meta name=\"twitter:label1\" content=\"Verfasst von\" \/>\n\t<meta name=\"twitter:data1\" content=\"rtnews\" \/>\n\t<meta name=\"twitter:label2\" content=\"Gesch\u00e4tzte Lesezeit\" \/>\n\t<meta name=\"twitter:data2\" content=\"2\u00a0Minuten\" \/>\n<script type=\"application\/ld+json\" class=\"yoast-schema-graph\">{\"@context\":\"https:\/\/schema.org\",\"@graph\":[{\"@type\":\"Article\",\"@id\":\"https:\/\/now-news.de\/de\/deutschland\/riposte-a-la-russe-russische-fechter-duerfen-trotz-protesten-kiews-an-der-wm-teilnehmen\/#article\",\"isPartOf\":{\"@id\":\"https:\/\/now-news.de\/de\/deutschland\/riposte-a-la-russe-russische-fechter-duerfen-trotz-protesten-kiews-an-der-wm-teilnehmen\/\"},\"author\":{\"name\":\"rtnews\",\"@id\":\"https:\/\/now-news.de\/de\/#\/schema\/person\/fb534a4e865501d8b3285208df34a9b5\"},\"headline\":\"Riposte \u00e0 la russe: Russische Fechter d\u00fcrfen trotz Protesten Kiews an der WM teilnehmen\",\"datePublished\":\"2023-03-11T11:47:25+00:00\",\"dateModified\":\"2023-03-11T11:47:25+00:00\",\"mainEntityOfPage\":{\"@id\":\"https:\/\/now-news.de\/de\/deutschland\/riposte-a-la-russe-russische-fechter-duerfen-trotz-protesten-kiews-an-der-wm-teilnehmen\/\"},\"wordCount\":427,\"commentCount\":0,\"publisher\":{\"@id\":\"https:\/\/now-news.de\/de\/#organization\"},\"image\":{\"@id\":\"https:\/\/now-news.de\/de\/deutschland\/riposte-a-la-russe-russische-fechter-duerfen-trotz-protesten-kiews-an-der-wm-teilnehmen\/#primaryimage\"},\"thumbnailUrl\":\"https:\/\/now-news.de\/de\/wp-content\/uploads\/sites\/3\/2023\/03\/Riposte-a-la-russe-Russische-Fechter-duerfen-trotz-Protesten-Kiews.jpg\",\"keywords\":[\"der\",\"d\u00fcrfen\",\"Fechter\",\"Kiews\",\"Protesten\",\"Riposte\",\"Russe\",\"Russische\",\"teilnehmen\",\"Trotz\"],\"articleSection\":[\"Deutschland\",\"Russland\"],\"inLanguage\":\"de\",\"potentialAction\":[{\"@type\":\"CommentAction\",\"name\":\"Comment\",\"target\":[\"https:\/\/now-news.de\/de\/deutschland\/riposte-a-la-russe-russische-fechter-duerfen-trotz-protesten-kiews-an-der-wm-teilnehmen\/#respond\"]}]},{\"@type\":\"WebPage\",\"@id\":\"https:\/\/now-news.de\/de\/deutschland\/riposte-a-la-russe-russische-fechter-duerfen-trotz-protesten-kiews-an-der-wm-teilnehmen\/\",\"url\":\"https:\/\/now-news.de\/de\/deutschland\/riposte-a-la-russe-russische-fechter-duerfen-trotz-protesten-kiews-an-der-wm-teilnehmen\/\",\"name\":\"Riposte \u00e0 la russe: Russische Fechter d\u00fcrfen trotz Protesten Kiews an der WM teilnehmen - just-now.NEWS Deutschland\",\"isPartOf\":{\"@id\":\"https:\/\/now-news.de\/de\/#website\"},\"primaryImageOfPage\":{\"@id\":\"https:\/\/now-news.de\/de\/deutschland\/riposte-a-la-russe-russische-fechter-duerfen-trotz-protesten-kiews-an-der-wm-teilnehmen\/#primaryimage\"},\"image\":{\"@id\":\"https:\/\/now-news.de\/de\/deutschland\/riposte-a-la-russe-russische-fechter-duerfen-trotz-protesten-kiews-an-der-wm-teilnehmen\/#primaryimage\"},\"thumbnailUrl\":\"https:\/\/now-news.de\/de\/wp-content\/uploads\/sites\/3\/2023\/03\/Riposte-a-la-russe-Russische-Fechter-duerfen-trotz-Protesten-Kiews.jpg\",\"datePublished\":\"2023-03-11T11:47:25+00:00\",\"dateModified\":\"2023-03-11T11:47:25+00:00\",\"breadcrumb\":{\"@id\":\"https:\/\/now-news.de\/de\/deutschland\/riposte-a-la-russe-russische-fechter-duerfen-trotz-protesten-kiews-an-der-wm-teilnehmen\/#breadcrumb\"},\"inLanguage\":\"de\",\"potentialAction\":[{\"@type\":\"ReadAction\",\"target\":[\"https:\/\/now-news.de\/de\/deutschland\/riposte-a-la-russe-russische-fechter-duerfen-trotz-protesten-kiews-an-der-wm-teilnehmen\/\"]}]},{\"@type\":\"ImageObject\",\"inLanguage\":\"de\",\"@id\":\"https:\/\/now-news.de\/de\/deutschland\/riposte-a-la-russe-russische-fechter-duerfen-trotz-protesten-kiews-an-der-wm-teilnehmen\/#primaryimage\",\"url\":\"https:\/\/now-news.de\/de\/wp-content\/uploads\/sites\/3\/2023\/03\/Riposte-a-la-russe-Russische-Fechter-duerfen-trotz-Protesten-Kiews.jpg\",\"contentUrl\":\"https:\/\/now-news.de\/de\/wp-content\/uploads\/sites\/3\/2023\/03\/Riposte-a-la-russe-Russische-Fechter-duerfen-trotz-Protesten-Kiews.jpg\",\"width\":460,\"height\":259,\"caption\":\"Riposte \u00e0 la russe: Russische Fechter d\u00fcrfen trotz Protesten Kiews an der WM teilnehmen\"},{\"@type\":\"BreadcrumbList\",\"@id\":\"https:\/\/now-news.de\/de\/deutschland\/riposte-a-la-russe-russische-fechter-duerfen-trotz-protesten-kiews-an-der-wm-teilnehmen\/#breadcrumb\",\"itemListElement\":[{\"@type\":\"ListItem\",\"position\":1,\"name\":\"Home\",\"item\":\"https:\/\/now-news.de\/de\/\"},{\"@type\":\"ListItem\",\"position\":2,\"name\":\"Riposte \u00e0 la russe: Russische Fechter d\u00fcrfen trotz Protesten Kiews an der WM teilnehmen\"}]},{\"@type\":\"WebSite\",\"@id\":\"https:\/\/now-news.de\/de\/#website\",\"url\":\"https:\/\/now-news.de\/de\/\",\"name\":\"just-now.NEWS Deutschland\",\"description\":\"Das Portal f\u00fcr unzensierte Nachrichten aus der Welt\",\"publisher\":{\"@id\":\"https:\/\/now-news.de\/de\/#organization\"},\"potentialAction\":[{\"@type\":\"SearchAction\",\"target\":{\"@type\":\"EntryPoint\",\"urlTemplate\":\"https:\/\/now-news.de\/de\/?s={search_term_string}\"},\"query-input\":\"required name=search_term_string\"}],\"inLanguage\":\"de\"},{\"@type\":\"Organization\",\"@id\":\"https:\/\/now-news.de\/de\/#organization\",\"name\":\"Just Now News\",\"url\":\"https:\/\/now-news.de\/de\/\",\"logo\":{\"@type\":\"ImageObject\",\"inLanguage\":\"de\",\"@id\":\"https:\/\/now-news.de\/de\/#\/schema\/logo\/image\/\",\"url\":\"http:\/\/just-now.news\/de\/wp-content\/uploads\/sites\/3\/2022\/04\/logo500x500.jpg\",\"contentUrl\":\"http:\/\/just-now.news\/de\/wp-content\/uploads\/sites\/3\/2022\/04\/logo500x500.jpg\",\"width\":500,\"height\":500,\"caption\":\"Just Now News\"},\"image\":{\"@id\":\"https:\/\/now-news.de\/de\/#\/schema\/logo\/image\/\"},\"sameAs\":[\"https:\/\/www.facebook.com\/wirmachenauf\",\"https:\/\/x.com\/WirMachenAuf_de\"]},{\"@type\":\"Person\",\"@id\":\"https:\/\/now-news.de\/de\/#\/schema\/person\/fb534a4e865501d8b3285208df34a9b5\",\"name\":\"rtnews\",\"image\":{\"@type\":\"ImageObject\",\"inLanguage\":\"de\",\"@id\":\"https:\/\/now-news.de\/de\/#\/schema\/person\/image\/\",\"url\":\"https:\/\/secure.gravatar.com\/avatar\/82aafea7d8127119dd649515f56e2117?s=96&d=mm&r=g\",\"contentUrl\":\"https:\/\/secure.gravatar.com\/avatar\/82aafea7d8127119dd649515f56e2117?s=96&d=mm&r=g\",\"caption\":\"rtnews\"},\"url\":\"https:\/\/now-news.de\/de\/author\/rnews\/\"}]}<\/script>\n<!-- \/ Yoast SEO Premium plugin. -->","yoast_head_json":{"title":"Riposte \u00e0 la russe: Russische Fechter d\u00fcrfen trotz Protesten Kiews an der WM teilnehmen - just-now.NEWS Deutschland","robots":{"index":"index","follow":"follow","max-snippet":"max-snippet:-1","max-image-preview":"max-image-preview:large","max-video-preview":"max-video-preview:-1"},"canonical":"https:\/\/now-news.de\/de\/deutschland\/riposte-a-la-russe-russische-fechter-duerfen-trotz-protesten-kiews-an-der-wm-teilnehmen\/","og_locale":"de_DE","og_type":"article","og_title":"Riposte \u00e0 la russe: Russische Fechter d\u00fcrfen trotz Protesten Kiews an der WM teilnehmen","og_description":"Kiew rechnete wohl nicht mit diesem Konterschlag: Russische und wei\u00dfrussische Sportler kehren nach einem Jahr des Boykotts zu Weltturnieren zur\u00fcck. Der Internationale Fechtverband schafft damit einen Pr\u00e4zedenzfall, dem auch andere Sportarten folgen k\u00f6nnten. Am 10. M\u00e4rz beschloss der Kongress des Internationalen Fechtverbandes, russische und wei\u00dfrussische Athleten wieder an Wettk\u00e4mpfen unter der Schirmherrschaft des Verbandes\u00a0mit neutralem [&hellip;]","og_url":"https:\/\/now-news.de\/de\/deutschland\/riposte-a-la-russe-russische-fechter-duerfen-trotz-protesten-kiews-an-der-wm-teilnehmen\/","og_site_name":"just-now.NEWS Deutschland","article_publisher":"https:\/\/www.facebook.com\/wirmachenauf","article_published_time":"2023-03-11T11:47:25+00:00","og_image":[{"width":460,"height":259,"url":"https:\/\/now-news.de\/de\/wp-content\/uploads\/sites\/3\/2023\/03\/Riposte-a-la-russe-Russische-Fechter-duerfen-trotz-Protesten-Kiews.jpg","type":"image\/jpeg"}],"author":"rtnews","twitter_card":"summary_large_image","twitter_creator":"@WirMachenAuf_de","twitter_site":"@WirMachenAuf_de","twitter_misc":{"Verfasst von":"rtnews","Gesch\u00e4tzte Lesezeit":"2\u00a0Minuten"},"schema":{"@context":"https:\/\/schema.org","@graph":[{"@type":"Article","@id":"https:\/\/now-news.de\/de\/deutschland\/riposte-a-la-russe-russische-fechter-duerfen-trotz-protesten-kiews-an-der-wm-teilnehmen\/#article","isPartOf":{"@id":"https:\/\/now-news.de\/de\/deutschland\/riposte-a-la-russe-russische-fechter-duerfen-trotz-protesten-kiews-an-der-wm-teilnehmen\/"},"author":{"name":"rtnews","@id":"https:\/\/now-news.de\/de\/#\/schema\/person\/fb534a4e865501d8b3285208df34a9b5"},"headline":"Riposte \u00e0 la russe: Russische Fechter d\u00fcrfen trotz Protesten Kiews an der WM teilnehmen","datePublished":"2023-03-11T11:47:25+00:00","dateModified":"2023-03-11T11:47:25+00:00","mainEntityOfPage":{"@id":"https:\/\/now-news.de\/de\/deutschland\/riposte-a-la-russe-russische-fechter-duerfen-trotz-protesten-kiews-an-der-wm-teilnehmen\/"},"wordCount":427,"commentCount":0,"publisher":{"@id":"https:\/\/now-news.de\/de\/#organization"},"image":{"@id":"https:\/\/now-news.de\/de\/deutschland\/riposte-a-la-russe-russische-fechter-duerfen-trotz-protesten-kiews-an-der-wm-teilnehmen\/#primaryimage"},"thumbnailUrl":"https:\/\/now-news.de\/de\/wp-content\/uploads\/sites\/3\/2023\/03\/Riposte-a-la-russe-Russische-Fechter-duerfen-trotz-Protesten-Kiews.jpg","keywords":["der","d\u00fcrfen","Fechter","Kiews","Protesten","Riposte","Russe","Russische","teilnehmen","Trotz"],"articleSection":["Deutschland","Russland"],"inLanguage":"de","potentialAction":[{"@type":"CommentAction","name":"Comment","target":["https:\/\/now-news.de\/de\/deutschland\/riposte-a-la-russe-russische-fechter-duerfen-trotz-protesten-kiews-an-der-wm-teilnehmen\/#respond"]}]},{"@type":"WebPage","@id":"https:\/\/now-news.de\/de\/deutschland\/riposte-a-la-russe-russische-fechter-duerfen-trotz-protesten-kiews-an-der-wm-teilnehmen\/","url":"https:\/\/now-news.de\/de\/deutschland\/riposte-a-la-russe-russische-fechter-duerfen-trotz-protesten-kiews-an-der-wm-teilnehmen\/","name":"Riposte \u00e0 la russe: Russische Fechter d\u00fcrfen trotz Protesten Kiews an der WM teilnehmen - just-now.NEWS Deutschland","isPartOf":{"@id":"https:\/\/now-news.de\/de\/#website"},"primaryImageOfPage":{"@id":"https:\/\/now-news.de\/de\/deutschland\/riposte-a-la-russe-russische-fechter-duerfen-trotz-protesten-kiews-an-der-wm-teilnehmen\/#primaryimage"},"image":{"@id":"https:\/\/now-news.de\/de\/deutschland\/riposte-a-la-russe-russische-fechter-duerfen-trotz-protesten-kiews-an-der-wm-teilnehmen\/#primaryimage"},"thumbnailUrl":"https:\/\/now-news.de\/de\/wp-content\/uploads\/sites\/3\/2023\/03\/Riposte-a-la-russe-Russische-Fechter-duerfen-trotz-Protesten-Kiews.jpg","datePublished":"2023-03-11T11:47:25+00:00","dateModified":"2023-03-11T11:47:25+00:00","breadcrumb":{"@id":"https:\/\/now-news.de\/de\/deutschland\/riposte-a-la-russe-russische-fechter-duerfen-trotz-protesten-kiews-an-der-wm-teilnehmen\/#breadcrumb"},"inLanguage":"de","potentialAction":[{"@type":"ReadAction","target":["https:\/\/now-news.de\/de\/deutschland\/riposte-a-la-russe-russische-fechter-duerfen-trotz-protesten-kiews-an-der-wm-teilnehmen\/"]}]},{"@type":"ImageObject","inLanguage":"de","@id":"https:\/\/now-news.de\/de\/deutschland\/riposte-a-la-russe-russische-fechter-duerfen-trotz-protesten-kiews-an-der-wm-teilnehmen\/#primaryimage","url":"https:\/\/now-news.de\/de\/wp-content\/uploads\/sites\/3\/2023\/03\/Riposte-a-la-russe-Russische-Fechter-duerfen-trotz-Protesten-Kiews.jpg","contentUrl":"https:\/\/now-news.de\/de\/wp-content\/uploads\/sites\/3\/2023\/03\/Riposte-a-la-russe-Russische-Fechter-duerfen-trotz-Protesten-Kiews.jpg","width":460,"height":259,"caption":"Riposte \u00e0 la russe: Russische Fechter d\u00fcrfen trotz Protesten Kiews an der WM teilnehmen"},{"@type":"BreadcrumbList","@id":"https:\/\/now-news.de\/de\/deutschland\/riposte-a-la-russe-russische-fechter-duerfen-trotz-protesten-kiews-an-der-wm-teilnehmen\/#breadcrumb","itemListElement":[{"@type":"ListItem","position":1,"name":"Home","item":"https:\/\/now-news.de\/de\/"},{"@type":"ListItem","position":2,"name":"Riposte \u00e0 la russe: Russische Fechter d\u00fcrfen trotz Protesten Kiews an der WM teilnehmen"}]},{"@type":"WebSite","@id":"https:\/\/now-news.de\/de\/#website","url":"https:\/\/now-news.de\/de\/","name":"just-now.NEWS Deutschland","description":"Das Portal f\u00fcr unzensierte Nachrichten aus der Welt","publisher":{"@id":"https:\/\/now-news.de\/de\/#organization"},"potentialAction":[{"@type":"SearchAction","target":{"@type":"EntryPoint","urlTemplate":"https:\/\/now-news.de\/de\/?s={search_term_string}"},"query-input":"required name=search_term_string"}],"inLanguage":"de"},{"@type":"Organization","@id":"https:\/\/now-news.de\/de\/#organization","name":"Just Now News","url":"https:\/\/now-news.de\/de\/","logo":{"@type":"ImageObject","inLanguage":"de","@id":"https:\/\/now-news.de\/de\/#\/schema\/logo\/image\/","url":"http:\/\/just-now.news\/de\/wp-content\/uploads\/sites\/3\/2022\/04\/logo500x500.jpg","contentUrl":"http:\/\/just-now.news\/de\/wp-content\/uploads\/sites\/3\/2022\/04\/logo500x500.jpg","width":500,"height":500,"caption":"Just Now News"},"image":{"@id":"https:\/\/now-news.de\/de\/#\/schema\/logo\/image\/"},"sameAs":["https:\/\/www.facebook.com\/wirmachenauf","https:\/\/x.com\/WirMachenAuf_de"]},{"@type":"Person","@id":"https:\/\/now-news.de\/de\/#\/schema\/person\/fb534a4e865501d8b3285208df34a9b5","name":"rtnews","image":{"@type":"ImageObject","inLanguage":"de","@id":"https:\/\/now-news.de\/de\/#\/schema\/person\/image\/","url":"https:\/\/secure.gravatar.com\/avatar\/82aafea7d8127119dd649515f56e2117?s=96&d=mm&r=g","contentUrl":"https:\/\/secure.gravatar.com\/avatar\/82aafea7d8127119dd649515f56e2117?s=96&d=mm&r=g","caption":"rtnews"},"url":"https:\/\/now-news.de\/de\/author\/rnews\/"}]}},"_links":{"self":[{"href":"https:\/\/now-news.de\/de\/wp-json\/wp\/v2\/posts\/32004"}],"collection":[{"href":"https:\/\/now-news.de\/de\/wp-json\/wp\/v2\/posts"}],"about":[{"href":"https:\/\/now-news.de\/de\/wp-json\/wp\/v2\/types\/post"}],"author":[{"embeddable":true,"href":"https:\/\/now-news.de\/de\/wp-json\/wp\/v2\/users\/3"}],"replies":[{"embeddable":true,"href":"https:\/\/now-news.de\/de\/wp-json\/wp\/v2\/comments?post=32004"}],"version-history":[{"count":0,"href":"https:\/\/now-news.de\/de\/wp-json\/wp\/v2\/posts\/32004\/revisions"}],"wp:featuredmedia":[{"embeddable":true,"href":"https:\/\/now-news.de\/de\/wp-json\/wp\/v2\/media\/32005"}],"wp:attachment":[{"href":"https:\/\/now-news.de\/de\/wp-json\/wp\/v2\/media?parent=32004"}],"wp:term":[{"taxonomy":"category","embeddable":true,"href":"https:\/\/now-news.de\/de\/wp-json\/wp\/v2\/categories?post=32004"},{"taxonomy":"post_tag","embeddable":true,"href":"https:\/\/now-news.de\/de\/wp-json\/wp\/v2\/tags?post=32004"}],"curies":[{"name":"wp","href":"https:\/\/api.w.org\/{rel}","templated":true}]}}