{"id":31813,"date":"2023-03-08T17:27:42","date_gmt":"2023-03-08T15:27:42","guid":{"rendered":"http:\/\/just-now.news\/de\/deutschland\/medien-kiew-nimmt-gespraeche-zur-verlaengerung-des-getreidehandels-auf-moskau-nicht-beteiligt\/"},"modified":"2023-03-08T17:27:42","modified_gmt":"2023-03-08T15:27:42","slug":"medien-kiew-nimmt-gespraeche-zur-verlaengerung-des-getreidehandels-auf-moskau-nicht-beteiligt","status":"publish","type":"post","link":"https:\/\/now-news.de\/de\/deutschland\/medien-kiew-nimmt-gespraeche-zur-verlaengerung-des-getreidehandels-auf-moskau-nicht-beteiligt\/","title":{"rendered":"Medien: Kiew nimmt Gespr\u00e4che zur Verl\u00e4ngerung des Getreidehandels auf, Moskau nicht beteiligt"},"content":{"rendered":"<p><img decoding=\"async\" src=\"http:\/\/just-now.news\/de\/wp-content\/uploads\/sites\/3\/2023\/03\/6407606448fbef27e816f1f6.jpg\" \/><\/p>\n<div class=\"Text-root Text-type_1 \">\n                Reuters hat von den Gespr\u00e4chen erfahren, die Kiew zur Verl\u00e4ngerung des Getreideabkommens aufgenommen hat. Sie finden in einem Online-Format statt. Kiew spreche nicht direkt \u00fcber eine Verl\u00e4ngerung des Getreideabkommens mit Moskau, sondern seine Verb\u00fcndeten.\n            <\/div>\n<p><\/p>\n<div class=\"Text-root Text-type_5 ArticleView-text ViewText-root \">\n<p>Die Ukraine habe Online-Gespr\u00e4che mit Partnern \u00fcber die Verl\u00e4ngerung der Schwarzmeer-Getreide-Initiative aufgenommen, einer Vereinbarung \u00fcber Lebensmittelexporte aus drei ukrainischen H\u00e4fen, <a rel=\"nofollow noopener\" target=\"_blank\" href=\"https:\/\/www.reuters.com\/article\/ukraine-crisis-graindeal-talks-idAFL8N35F24A\">berichtete<\/a> die Zeitung <em>Reuters<\/em> unter Berufung auf eine hochrangige Quelle in der ukrainischen Regierung.<em><\/em><\/p>\n<p>Die Ukraine f\u00fchre keine direkten Gespr\u00e4che mit Russland \u00fcber die Verl\u00e4ngerung des Abkommens, aber Kiew gehe davon aus, dass die ukrainischen Partner mit Moskau sprechen, sagte die Quelle.\u00a0Sie behauptete:<\/p>\n<blockquote>\n<p><em>&#8220;Die Verhandlungssituation ist ziemlich kompliziert. Vieles h\u00e4ngt jetzt nicht von uns, sondern von den Partnern ab.&#8221;<\/em><\/p>\n<\/blockquote>\n<p>Das russische Au\u00dfenministerium gab keinen Kommentar zu den <em>Reuters<\/em>-Berichten ab. Kiew und Moskau hatten im Juli vergangenen Jahres getrennt voneinander ein von der UNO und der T\u00fcrkei vermitteltes Abkommen unterzeichnet. Es wurde im November um 120 Tage, bis zum 18. M\u00e4rz, verl\u00e4ngert. Ende Februar sagte der stellvertretende ukrainische Infrastrukturminister Juri Waskow, das Land wolle das Getreideabkommen um mindestens ein weiteres Jahr verl\u00e4ngern und einen zus\u00e4tzlichen Hafen, Nikolajew, hinzuf\u00fcgen. Dies wird auch von der UNO und Ankara bef\u00fcrwortet. Der t\u00fcrkische Staatschef Recep Tayyip Erdo\u011fan nannte das Abkommen ein Beispiel f\u00fcr einen &#8220;Weg zum Frieden&#8221; in der Ukraine.<\/p>\n<p>Nach Angaben der UNO haben bis Anfang M\u00e4rz dieses Jahres rund 23 Millionen Tonnen Getreide die ukrainischen H\u00e4fen verlassen, wobei die H\u00e4lfte der Getreideladung aus Mais (49 Prozent) und 27 Prozent aus Weizen bestand. 52,6 Prozent des Getreides gingen nach Europa und Zentralasien, 24,8 Prozent in den asiatisch-pazifischen Raum, 14,3 Prozent in den Nahen Osten und nach Nordamerika und nur 2,6 Prozent nach Afrika s\u00fcdlich der Sahara.<\/p>\n<p>Die russischen Beh\u00f6rden haben die Umsetzung des Abkommens kritisiert und behauptet, dass der erste Teil des Abkommens eingehalten wurde, w\u00e4hrend der zweite Teil, der die Ausfuhr russischer D\u00fcngemittel betrifft, nicht eingehalten wurde. Der Kreml r\u00e4umte jedoch ein, dass in dieser Frage Fortschritte erzielt worden seien. Am 2. M\u00e4rz erkl\u00e4rte das russische Au\u00dfenministerium, die USA und die Ukraine wollten eine Verl\u00e4ngerung des Abkommens \u00fcber die Ausfuhr von Lebensmitteln aus ukrainischen H\u00e4fen anstreben, aber die fr\u00fcheren Vereinbarungen h\u00e4tten nicht funktioniert. Dem Ministerium zufolge sabotieren Kiew und die westlichen L\u00e4nder deren Umsetzung. Au\u00dfenamtssprecherin Maria Sacharowa erkl\u00e4rte, Russland sei bereit, seinen Teil der Vereinbarungen weiter umzusetzen, wenn auch die anderen Parteien ihre Verpflichtungen erf\u00fcllten.<\/p>\n<p>Im November letzten Jahres hatte <em>Reuters <\/em>berichtet, dass Russland vorgeschlagen habe, dass westliche L\u00e4nder die Beschr\u00e4nkungen gegen die russische Landwirtschaftsbank Rosselchosbank aufheben, was es ihr erm\u00f6glichen w\u00fcrde, wieder Verbindungen zu Korrespondenzbanken f\u00fcr Getreideexporte herzustellen. Im Dezember erkl\u00e4rte der stellvertretende Au\u00dfenminister Russlands Sergei Werschinin, dass Bem\u00fchungen zur Wiederanbindung der Rosselchosbank an SWIFT unternommen w\u00fcrden, aber noch nicht ausreichend seien. Ende Februar gab die EU eine Klarstellung heraus, die besagt, dass eine Bank, gegen die keine Sanktionen verh\u00e4ngt wurden (wie die Rosselchosbank), das Recht hat, alternative SWIFT-Methoden f\u00fcr den Austausch von Finanznachrichten zu verwenden.<\/p>\n<p><strong>Mehr zum Thema<\/strong>\u00a0\u2013 <a rel=\"nofollow noopener\" target=\"_blank\" href=\"https:\/\/de.rt.com\/international\/158623-wohin-geht-das-ukrainische-getreide\/\">Kinder in Afrika oder Schweine in Spanien: Wohin ging das ukrainische Getreide?<\/a><\/p>\n<\/div>\n<p><br \/>\n<br \/><a href=\"https:\/\/de.rt.com\/international\/164747-medien-kiew-nimmt-gespraeche-zur\/\">Source link <\/a><\/p>\n","protected":false},"excerpt":{"rendered":"<p>Reuters hat von den Gespr\u00e4chen erfahren, die Kiew zur Verl\u00e4ngerung des Getreideabkommens aufgenommen hat. Sie finden in einem Online-Format statt. Kiew spreche nicht direkt \u00fcber eine Verl\u00e4ngerung des Getreideabkommens mit Moskau, sondern seine Verb\u00fcndeten. Die Ukraine habe Online-Gespr\u00e4che mit Partnern \u00fcber die Verl\u00e4ngerung der Schwarzmeer-Getreide-Initiative aufgenommen, einer Vereinbarung \u00fcber Lebensmittelexporte aus drei ukrainischen H\u00e4fen, berichtete [&hellip;]<\/p>\n","protected":false},"author":3,"featured_media":31814,"comment_status":"open","ping_status":"open","sticky":false,"template":"","format":"standard","meta":{"_yoast_indexnow_last_ping":["1678289639"],"wp_automatic_camp":["217"],"6b72b74f0799e653dae152f2251c4ef7":["Medien: Kiew nimmt Gespr\u00e4che zur Verl\u00e4ngerung des Getreidehandels auf, Moskau nicht beteiligt"],"original_link":["https:\/\/de.rt.com\/international\/164747-medien-kiew-nimmt-gespraeche-zur\/"],"_thumbnail_id":["31814"],"_wptgpro_p2tg_sent2tg":["a:1:{i:23737;s:19:\"2023-03-08 17:35:01\";}"],"jnews_social_counter_last_update":["1777603475"]},"categories":[19,23],"tags":[133,17792,583,11231,41695,1025,580,946,800,5233,23093,581],"yoast_head":"<!-- This site is optimized with the Yoast SEO Premium plugin v22.7 (Yoast SEO v22.7) - https:\/\/yoast.com\/wordpress\/plugins\/seo\/ -->\n<title>Medien: Kiew nimmt Gespr\u00e4che zur Verl\u00e4ngerung des Getreidehandels auf, Moskau nicht beteiligt - just-now.NEWS Deutschland<\/title>\n<meta name=\"robots\" content=\"index, follow, max-snippet:-1, max-image-preview:large, max-video-preview:-1\" \/>\n<link rel=\"canonical\" href=\"https:\/\/now-news.de\/de\/deutschland\/medien-kiew-nimmt-gespraeche-zur-verlaengerung-des-getreidehandels-auf-moskau-nicht-beteiligt\/\" \/>\n<meta property=\"og:locale\" content=\"de_DE\" \/>\n<meta property=\"og:type\" content=\"article\" \/>\n<meta property=\"og:title\" content=\"Medien: Kiew nimmt Gespr\u00e4che zur Verl\u00e4ngerung des Getreidehandels auf, Moskau nicht beteiligt\" \/>\n<meta property=\"og:description\" content=\"Reuters hat von den Gespr\u00e4chen erfahren, die Kiew zur Verl\u00e4ngerung des Getreideabkommens aufgenommen hat. Sie finden in einem Online-Format statt. Kiew spreche nicht direkt \u00fcber eine Verl\u00e4ngerung des Getreideabkommens mit Moskau, sondern seine Verb\u00fcndeten. Die Ukraine habe Online-Gespr\u00e4che mit Partnern \u00fcber die Verl\u00e4ngerung der Schwarzmeer-Getreide-Initiative aufgenommen, einer Vereinbarung \u00fcber Lebensmittelexporte aus drei ukrainischen H\u00e4fen, berichtete [&hellip;]\" \/>\n<meta property=\"og:url\" content=\"https:\/\/now-news.de\/de\/deutschland\/medien-kiew-nimmt-gespraeche-zur-verlaengerung-des-getreidehandels-auf-moskau-nicht-beteiligt\/\" \/>\n<meta property=\"og:site_name\" content=\"just-now.NEWS Deutschland\" \/>\n<meta property=\"article:publisher\" content=\"https:\/\/www.facebook.com\/wirmachenauf\" \/>\n<meta property=\"article:published_time\" content=\"2023-03-08T15:27:42+00:00\" \/>\n<meta property=\"og:image\" content=\"https:\/\/now-news.de\/de\/wp-content\/uploads\/sites\/3\/2023\/03\/Medien-Kiew-nimmt-Gespraeche-zur-Verlaengerung-des-Getreidehandels-auf-Moskau.jpg\" \/>\n\t<meta property=\"og:image:width\" content=\"460\" \/>\n\t<meta property=\"og:image:height\" content=\"259\" \/>\n\t<meta property=\"og:image:type\" content=\"image\/jpeg\" \/>\n<meta name=\"author\" content=\"rtnews\" \/>\n<meta name=\"twitter:card\" content=\"summary_large_image\" \/>\n<meta name=\"twitter:creator\" content=\"@WirMachenAuf_de\" \/>\n<meta name=\"twitter:site\" content=\"@WirMachenAuf_de\" \/>\n<meta name=\"twitter:label1\" content=\"Verfasst von\" \/>\n\t<meta name=\"twitter:data1\" content=\"rtnews\" \/>\n\t<meta name=\"twitter:label2\" content=\"Gesch\u00e4tzte Lesezeit\" \/>\n\t<meta name=\"twitter:data2\" content=\"3\u00a0Minuten\" \/>\n<script type=\"application\/ld+json\" class=\"yoast-schema-graph\">{\"@context\":\"https:\/\/schema.org\",\"@graph\":[{\"@type\":\"Article\",\"@id\":\"https:\/\/now-news.de\/de\/deutschland\/medien-kiew-nimmt-gespraeche-zur-verlaengerung-des-getreidehandels-auf-moskau-nicht-beteiligt\/#article\",\"isPartOf\":{\"@id\":\"https:\/\/now-news.de\/de\/deutschland\/medien-kiew-nimmt-gespraeche-zur-verlaengerung-des-getreidehandels-auf-moskau-nicht-beteiligt\/\"},\"author\":{\"name\":\"rtnews\",\"@id\":\"https:\/\/now-news.de\/de\/#\/schema\/person\/fb534a4e865501d8b3285208df34a9b5\"},\"headline\":\"Medien: Kiew nimmt Gespr\u00e4che zur Verl\u00e4ngerung des Getreidehandels auf, Moskau nicht beteiligt\",\"datePublished\":\"2023-03-08T15:27:42+00:00\",\"dateModified\":\"2023-03-08T15:27:42+00:00\",\"mainEntityOfPage\":{\"@id\":\"https:\/\/now-news.de\/de\/deutschland\/medien-kiew-nimmt-gespraeche-zur-verlaengerung-des-getreidehandels-auf-moskau-nicht-beteiligt\/\"},\"wordCount\":553,\"commentCount\":0,\"publisher\":{\"@id\":\"https:\/\/now-news.de\/de\/#organization\"},\"image\":{\"@id\":\"https:\/\/now-news.de\/de\/deutschland\/medien-kiew-nimmt-gespraeche-zur-verlaengerung-des-getreidehandels-auf-moskau-nicht-beteiligt\/#primaryimage\"},\"thumbnailUrl\":\"https:\/\/now-news.de\/de\/wp-content\/uploads\/sites\/3\/2023\/03\/Medien-Kiew-nimmt-Gespraeche-zur-Verlaengerung-des-Getreidehandels-auf-Moskau.jpg\",\"keywords\":[\"AUF\",\"beteiligt\",\"des\",\"Gespr\u00e4che\",\"Getreidehandels\",\"Kiew\",\"Medien\",\"Moskau\",\"nicht\",\"nimmt\",\"Verl\u00e4ngerung\",\"zur\"],\"articleSection\":[\"Deutschland\",\"Russland\"],\"inLanguage\":\"de\",\"potentialAction\":[{\"@type\":\"CommentAction\",\"name\":\"Comment\",\"target\":[\"https:\/\/now-news.de\/de\/deutschland\/medien-kiew-nimmt-gespraeche-zur-verlaengerung-des-getreidehandels-auf-moskau-nicht-beteiligt\/#respond\"]}]},{\"@type\":\"WebPage\",\"@id\":\"https:\/\/now-news.de\/de\/deutschland\/medien-kiew-nimmt-gespraeche-zur-verlaengerung-des-getreidehandels-auf-moskau-nicht-beteiligt\/\",\"url\":\"https:\/\/now-news.de\/de\/deutschland\/medien-kiew-nimmt-gespraeche-zur-verlaengerung-des-getreidehandels-auf-moskau-nicht-beteiligt\/\",\"name\":\"Medien: Kiew nimmt Gespr\u00e4che zur Verl\u00e4ngerung des Getreidehandels auf, Moskau nicht beteiligt - just-now.NEWS Deutschland\",\"isPartOf\":{\"@id\":\"https:\/\/now-news.de\/de\/#website\"},\"primaryImageOfPage\":{\"@id\":\"https:\/\/now-news.de\/de\/deutschland\/medien-kiew-nimmt-gespraeche-zur-verlaengerung-des-getreidehandels-auf-moskau-nicht-beteiligt\/#primaryimage\"},\"image\":{\"@id\":\"https:\/\/now-news.de\/de\/deutschland\/medien-kiew-nimmt-gespraeche-zur-verlaengerung-des-getreidehandels-auf-moskau-nicht-beteiligt\/#primaryimage\"},\"thumbnailUrl\":\"https:\/\/now-news.de\/de\/wp-content\/uploads\/sites\/3\/2023\/03\/Medien-Kiew-nimmt-Gespraeche-zur-Verlaengerung-des-Getreidehandels-auf-Moskau.jpg\",\"datePublished\":\"2023-03-08T15:27:42+00:00\",\"dateModified\":\"2023-03-08T15:27:42+00:00\",\"breadcrumb\":{\"@id\":\"https:\/\/now-news.de\/de\/deutschland\/medien-kiew-nimmt-gespraeche-zur-verlaengerung-des-getreidehandels-auf-moskau-nicht-beteiligt\/#breadcrumb\"},\"inLanguage\":\"de\",\"potentialAction\":[{\"@type\":\"ReadAction\",\"target\":[\"https:\/\/now-news.de\/de\/deutschland\/medien-kiew-nimmt-gespraeche-zur-verlaengerung-des-getreidehandels-auf-moskau-nicht-beteiligt\/\"]}]},{\"@type\":\"ImageObject\",\"inLanguage\":\"de\",\"@id\":\"https:\/\/now-news.de\/de\/deutschland\/medien-kiew-nimmt-gespraeche-zur-verlaengerung-des-getreidehandels-auf-moskau-nicht-beteiligt\/#primaryimage\",\"url\":\"https:\/\/now-news.de\/de\/wp-content\/uploads\/sites\/3\/2023\/03\/Medien-Kiew-nimmt-Gespraeche-zur-Verlaengerung-des-Getreidehandels-auf-Moskau.jpg\",\"contentUrl\":\"https:\/\/now-news.de\/de\/wp-content\/uploads\/sites\/3\/2023\/03\/Medien-Kiew-nimmt-Gespraeche-zur-Verlaengerung-des-Getreidehandels-auf-Moskau.jpg\",\"width\":460,\"height\":259,\"caption\":\"Medien: Kiew nimmt Gespr\u00e4che zur Verl\u00e4ngerung des Getreidehandels auf, Moskau nicht beteiligt\"},{\"@type\":\"BreadcrumbList\",\"@id\":\"https:\/\/now-news.de\/de\/deutschland\/medien-kiew-nimmt-gespraeche-zur-verlaengerung-des-getreidehandels-auf-moskau-nicht-beteiligt\/#breadcrumb\",\"itemListElement\":[{\"@type\":\"ListItem\",\"position\":1,\"name\":\"Home\",\"item\":\"https:\/\/now-news.de\/de\/\"},{\"@type\":\"ListItem\",\"position\":2,\"name\":\"Medien: Kiew nimmt Gespr\u00e4che zur Verl\u00e4ngerung des Getreidehandels auf, Moskau nicht beteiligt\"}]},{\"@type\":\"WebSite\",\"@id\":\"https:\/\/now-news.de\/de\/#website\",\"url\":\"https:\/\/now-news.de\/de\/\",\"name\":\"just-now.NEWS Deutschland\",\"description\":\"Das Portal f\u00fcr unzensierte Nachrichten aus der Welt\",\"publisher\":{\"@id\":\"https:\/\/now-news.de\/de\/#organization\"},\"potentialAction\":[{\"@type\":\"SearchAction\",\"target\":{\"@type\":\"EntryPoint\",\"urlTemplate\":\"https:\/\/now-news.de\/de\/?s={search_term_string}\"},\"query-input\":\"required name=search_term_string\"}],\"inLanguage\":\"de\"},{\"@type\":\"Organization\",\"@id\":\"https:\/\/now-news.de\/de\/#organization\",\"name\":\"Just Now News\",\"url\":\"https:\/\/now-news.de\/de\/\",\"logo\":{\"@type\":\"ImageObject\",\"inLanguage\":\"de\",\"@id\":\"https:\/\/now-news.de\/de\/#\/schema\/logo\/image\/\",\"url\":\"http:\/\/just-now.news\/de\/wp-content\/uploads\/sites\/3\/2022\/04\/logo500x500.jpg\",\"contentUrl\":\"http:\/\/just-now.news\/de\/wp-content\/uploads\/sites\/3\/2022\/04\/logo500x500.jpg\",\"width\":500,\"height\":500,\"caption\":\"Just Now News\"},\"image\":{\"@id\":\"https:\/\/now-news.de\/de\/#\/schema\/logo\/image\/\"},\"sameAs\":[\"https:\/\/www.facebook.com\/wirmachenauf\",\"https:\/\/x.com\/WirMachenAuf_de\"]},{\"@type\":\"Person\",\"@id\":\"https:\/\/now-news.de\/de\/#\/schema\/person\/fb534a4e865501d8b3285208df34a9b5\",\"name\":\"rtnews\",\"image\":{\"@type\":\"ImageObject\",\"inLanguage\":\"de\",\"@id\":\"https:\/\/now-news.de\/de\/#\/schema\/person\/image\/\",\"url\":\"https:\/\/secure.gravatar.com\/avatar\/82aafea7d8127119dd649515f56e2117?s=96&d=mm&r=g\",\"contentUrl\":\"https:\/\/secure.gravatar.com\/avatar\/82aafea7d8127119dd649515f56e2117?s=96&d=mm&r=g\",\"caption\":\"rtnews\"},\"url\":\"https:\/\/now-news.de\/de\/author\/rnews\/\"}]}<\/script>\n<!-- \/ Yoast SEO Premium plugin. -->","yoast_head_json":{"title":"Medien: Kiew nimmt Gespr\u00e4che zur Verl\u00e4ngerung des Getreidehandels auf, Moskau nicht beteiligt - just-now.NEWS Deutschland","robots":{"index":"index","follow":"follow","max-snippet":"max-snippet:-1","max-image-preview":"max-image-preview:large","max-video-preview":"max-video-preview:-1"},"canonical":"https:\/\/now-news.de\/de\/deutschland\/medien-kiew-nimmt-gespraeche-zur-verlaengerung-des-getreidehandels-auf-moskau-nicht-beteiligt\/","og_locale":"de_DE","og_type":"article","og_title":"Medien: Kiew nimmt Gespr\u00e4che zur Verl\u00e4ngerung des Getreidehandels auf, Moskau nicht beteiligt","og_description":"Reuters hat von den Gespr\u00e4chen erfahren, die Kiew zur Verl\u00e4ngerung des Getreideabkommens aufgenommen hat. Sie finden in einem Online-Format statt. Kiew spreche nicht direkt \u00fcber eine Verl\u00e4ngerung des Getreideabkommens mit Moskau, sondern seine Verb\u00fcndeten. Die Ukraine habe Online-Gespr\u00e4che mit Partnern \u00fcber die Verl\u00e4ngerung der Schwarzmeer-Getreide-Initiative aufgenommen, einer Vereinbarung \u00fcber Lebensmittelexporte aus drei ukrainischen H\u00e4fen, berichtete [&hellip;]","og_url":"https:\/\/now-news.de\/de\/deutschland\/medien-kiew-nimmt-gespraeche-zur-verlaengerung-des-getreidehandels-auf-moskau-nicht-beteiligt\/","og_site_name":"just-now.NEWS Deutschland","article_publisher":"https:\/\/www.facebook.com\/wirmachenauf","article_published_time":"2023-03-08T15:27:42+00:00","og_image":[{"width":460,"height":259,"url":"https:\/\/now-news.de\/de\/wp-content\/uploads\/sites\/3\/2023\/03\/Medien-Kiew-nimmt-Gespraeche-zur-Verlaengerung-des-Getreidehandels-auf-Moskau.jpg","type":"image\/jpeg"}],"author":"rtnews","twitter_card":"summary_large_image","twitter_creator":"@WirMachenAuf_de","twitter_site":"@WirMachenAuf_de","twitter_misc":{"Verfasst von":"rtnews","Gesch\u00e4tzte Lesezeit":"3\u00a0Minuten"},"schema":{"@context":"https:\/\/schema.org","@graph":[{"@type":"Article","@id":"https:\/\/now-news.de\/de\/deutschland\/medien-kiew-nimmt-gespraeche-zur-verlaengerung-des-getreidehandels-auf-moskau-nicht-beteiligt\/#article","isPartOf":{"@id":"https:\/\/now-news.de\/de\/deutschland\/medien-kiew-nimmt-gespraeche-zur-verlaengerung-des-getreidehandels-auf-moskau-nicht-beteiligt\/"},"author":{"name":"rtnews","@id":"https:\/\/now-news.de\/de\/#\/schema\/person\/fb534a4e865501d8b3285208df34a9b5"},"headline":"Medien: Kiew nimmt Gespr\u00e4che zur Verl\u00e4ngerung des Getreidehandels auf, Moskau nicht beteiligt","datePublished":"2023-03-08T15:27:42+00:00","dateModified":"2023-03-08T15:27:42+00:00","mainEntityOfPage":{"@id":"https:\/\/now-news.de\/de\/deutschland\/medien-kiew-nimmt-gespraeche-zur-verlaengerung-des-getreidehandels-auf-moskau-nicht-beteiligt\/"},"wordCount":553,"commentCount":0,"publisher":{"@id":"https:\/\/now-news.de\/de\/#organization"},"image":{"@id":"https:\/\/now-news.de\/de\/deutschland\/medien-kiew-nimmt-gespraeche-zur-verlaengerung-des-getreidehandels-auf-moskau-nicht-beteiligt\/#primaryimage"},"thumbnailUrl":"https:\/\/now-news.de\/de\/wp-content\/uploads\/sites\/3\/2023\/03\/Medien-Kiew-nimmt-Gespraeche-zur-Verlaengerung-des-Getreidehandels-auf-Moskau.jpg","keywords":["AUF","beteiligt","des","Gespr\u00e4che","Getreidehandels","Kiew","Medien","Moskau","nicht","nimmt","Verl\u00e4ngerung","zur"],"articleSection":["Deutschland","Russland"],"inLanguage":"de","potentialAction":[{"@type":"CommentAction","name":"Comment","target":["https:\/\/now-news.de\/de\/deutschland\/medien-kiew-nimmt-gespraeche-zur-verlaengerung-des-getreidehandels-auf-moskau-nicht-beteiligt\/#respond"]}]},{"@type":"WebPage","@id":"https:\/\/now-news.de\/de\/deutschland\/medien-kiew-nimmt-gespraeche-zur-verlaengerung-des-getreidehandels-auf-moskau-nicht-beteiligt\/","url":"https:\/\/now-news.de\/de\/deutschland\/medien-kiew-nimmt-gespraeche-zur-verlaengerung-des-getreidehandels-auf-moskau-nicht-beteiligt\/","name":"Medien: Kiew nimmt Gespr\u00e4che zur Verl\u00e4ngerung des Getreidehandels auf, Moskau nicht beteiligt - just-now.NEWS Deutschland","isPartOf":{"@id":"https:\/\/now-news.de\/de\/#website"},"primaryImageOfPage":{"@id":"https:\/\/now-news.de\/de\/deutschland\/medien-kiew-nimmt-gespraeche-zur-verlaengerung-des-getreidehandels-auf-moskau-nicht-beteiligt\/#primaryimage"},"image":{"@id":"https:\/\/now-news.de\/de\/deutschland\/medien-kiew-nimmt-gespraeche-zur-verlaengerung-des-getreidehandels-auf-moskau-nicht-beteiligt\/#primaryimage"},"thumbnailUrl":"https:\/\/now-news.de\/de\/wp-content\/uploads\/sites\/3\/2023\/03\/Medien-Kiew-nimmt-Gespraeche-zur-Verlaengerung-des-Getreidehandels-auf-Moskau.jpg","datePublished":"2023-03-08T15:27:42+00:00","dateModified":"2023-03-08T15:27:42+00:00","breadcrumb":{"@id":"https:\/\/now-news.de\/de\/deutschland\/medien-kiew-nimmt-gespraeche-zur-verlaengerung-des-getreidehandels-auf-moskau-nicht-beteiligt\/#breadcrumb"},"inLanguage":"de","potentialAction":[{"@type":"ReadAction","target":["https:\/\/now-news.de\/de\/deutschland\/medien-kiew-nimmt-gespraeche-zur-verlaengerung-des-getreidehandels-auf-moskau-nicht-beteiligt\/"]}]},{"@type":"ImageObject","inLanguage":"de","@id":"https:\/\/now-news.de\/de\/deutschland\/medien-kiew-nimmt-gespraeche-zur-verlaengerung-des-getreidehandels-auf-moskau-nicht-beteiligt\/#primaryimage","url":"https:\/\/now-news.de\/de\/wp-content\/uploads\/sites\/3\/2023\/03\/Medien-Kiew-nimmt-Gespraeche-zur-Verlaengerung-des-Getreidehandels-auf-Moskau.jpg","contentUrl":"https:\/\/now-news.de\/de\/wp-content\/uploads\/sites\/3\/2023\/03\/Medien-Kiew-nimmt-Gespraeche-zur-Verlaengerung-des-Getreidehandels-auf-Moskau.jpg","width":460,"height":259,"caption":"Medien: Kiew nimmt Gespr\u00e4che zur Verl\u00e4ngerung des Getreidehandels auf, Moskau nicht beteiligt"},{"@type":"BreadcrumbList","@id":"https:\/\/now-news.de\/de\/deutschland\/medien-kiew-nimmt-gespraeche-zur-verlaengerung-des-getreidehandels-auf-moskau-nicht-beteiligt\/#breadcrumb","itemListElement":[{"@type":"ListItem","position":1,"name":"Home","item":"https:\/\/now-news.de\/de\/"},{"@type":"ListItem","position":2,"name":"Medien: Kiew nimmt Gespr\u00e4che zur Verl\u00e4ngerung des Getreidehandels auf, Moskau nicht beteiligt"}]},{"@type":"WebSite","@id":"https:\/\/now-news.de\/de\/#website","url":"https:\/\/now-news.de\/de\/","name":"just-now.NEWS Deutschland","description":"Das Portal f\u00fcr unzensierte Nachrichten aus der Welt","publisher":{"@id":"https:\/\/now-news.de\/de\/#organization"},"potentialAction":[{"@type":"SearchAction","target":{"@type":"EntryPoint","urlTemplate":"https:\/\/now-news.de\/de\/?s={search_term_string}"},"query-input":"required name=search_term_string"}],"inLanguage":"de"},{"@type":"Organization","@id":"https:\/\/now-news.de\/de\/#organization","name":"Just Now News","url":"https:\/\/now-news.de\/de\/","logo":{"@type":"ImageObject","inLanguage":"de","@id":"https:\/\/now-news.de\/de\/#\/schema\/logo\/image\/","url":"http:\/\/just-now.news\/de\/wp-content\/uploads\/sites\/3\/2022\/04\/logo500x500.jpg","contentUrl":"http:\/\/just-now.news\/de\/wp-content\/uploads\/sites\/3\/2022\/04\/logo500x500.jpg","width":500,"height":500,"caption":"Just Now News"},"image":{"@id":"https:\/\/now-news.de\/de\/#\/schema\/logo\/image\/"},"sameAs":["https:\/\/www.facebook.com\/wirmachenauf","https:\/\/x.com\/WirMachenAuf_de"]},{"@type":"Person","@id":"https:\/\/now-news.de\/de\/#\/schema\/person\/fb534a4e865501d8b3285208df34a9b5","name":"rtnews","image":{"@type":"ImageObject","inLanguage":"de","@id":"https:\/\/now-news.de\/de\/#\/schema\/person\/image\/","url":"https:\/\/secure.gravatar.com\/avatar\/82aafea7d8127119dd649515f56e2117?s=96&d=mm&r=g","contentUrl":"https:\/\/secure.gravatar.com\/avatar\/82aafea7d8127119dd649515f56e2117?s=96&d=mm&r=g","caption":"rtnews"},"url":"https:\/\/now-news.de\/de\/author\/rnews\/"}]}},"_links":{"self":[{"href":"https:\/\/now-news.de\/de\/wp-json\/wp\/v2\/posts\/31813"}],"collection":[{"href":"https:\/\/now-news.de\/de\/wp-json\/wp\/v2\/posts"}],"about":[{"href":"https:\/\/now-news.de\/de\/wp-json\/wp\/v2\/types\/post"}],"author":[{"embeddable":true,"href":"https:\/\/now-news.de\/de\/wp-json\/wp\/v2\/users\/3"}],"replies":[{"embeddable":true,"href":"https:\/\/now-news.de\/de\/wp-json\/wp\/v2\/comments?post=31813"}],"version-history":[{"count":0,"href":"https:\/\/now-news.de\/de\/wp-json\/wp\/v2\/posts\/31813\/revisions"}],"wp:featuredmedia":[{"embeddable":true,"href":"https:\/\/now-news.de\/de\/wp-json\/wp\/v2\/media\/31814"}],"wp:attachment":[{"href":"https:\/\/now-news.de\/de\/wp-json\/wp\/v2\/media?parent=31813"}],"wp:term":[{"taxonomy":"category","embeddable":true,"href":"https:\/\/now-news.de\/de\/wp-json\/wp\/v2\/categories?post=31813"},{"taxonomy":"post_tag","embeddable":true,"href":"https:\/\/now-news.de\/de\/wp-json\/wp\/v2\/tags?post=31813"}],"curies":[{"name":"wp","href":"https:\/\/api.w.org\/{rel}","templated":true}]}}