{"id":31799,"date":"2023-03-08T12:25:19","date_gmt":"2023-03-08T10:25:19","guid":{"rendered":"https:\/\/just-now.news\/de\/deutschland\/kiew-weist-berichte-ueber-beteiligung-an-terroranschlag-auf-nord-stream-zurueck\/"},"modified":"2023-03-08T12:25:19","modified_gmt":"2023-03-08T10:25:19","slug":"kiew-weist-berichte-ueber-beteiligung-an-terroranschlag-auf-nord-stream-zurueck","status":"publish","type":"post","link":"https:\/\/now-news.de\/de\/deutschland\/kiew-weist-berichte-ueber-beteiligung-an-terroranschlag-auf-nord-stream-zurueck\/","title":{"rendered":"Kiew weist Berichte \u00fcber Beteiligung an Terroranschlag auf Nord Stream zur\u00fcck"},"content":{"rendered":"<p><img decoding=\"async\" src=\"http:\/\/just-now.news\/de\/wp-content\/uploads\/sites\/3\/2023\/03\/640855d8b480cc0190303ada.jpg\" \/><\/p>\n<div class=\"Text-root Text-type_1 \">\n                Kiew widerspricht Berichten \u00fcber die Beteiligung an Anschlag auf Nord Stream. Westliche Medien hatten zuvor \u00fcbereinstimmend gemeldet, dass eine proukrainische Gruppe hinter dem Sprengstoffanschlag steckt. Der Westen scheint damit Schuld von sich weisen zu wollen.\n            <\/div>\n<p><\/p>\n<div class=\"Text-root Text-type_5 ArticleView-text ViewText-root \">\n<p>Kiew wies Berichte \u00fcber eine\u00a0m\u00f6gliche\u00a0Beteiligung\u00a0an\u00a0der Sprengung der Nord-Stream-Gaspipelines\u00a0zur\u00fcck. Die Ukraine habe &#8220;nichts mit dem Vorfall in der Ostsee zu tun und hat keine Informationen \u00fcber \u201apro-ukrainische Sabotagegruppen\u2018&#8221;, twitterte der ukrainische Pr\u00e4sidentenberater Michailo\u00a0Podoljak\u00a0am Dienstag. &#8220;Obwohl ich ganz gerne unterhaltsame Verschw\u00f6rungstheorien \u00fcber die ukrainische Regierung h\u00f6re, muss ich sagen: Kiew hat nichts mit der Sache zu tun.&#8221;<\/p>\n<div class=\"EmbedBlock-root EmbedBlock-twitter\">\n<div class=\"TwitterEmbed\">\n<blockquote class=\"twitter-tweet lazyload\" data-twitter=\"twitter-tweet\">\n<p lang=\"en\" dir=\"ltr\">Although I enjoy collecting amusing conspiracy theories about \ud83c\uddfa\ud83c\udde6 government, I have to say: \ud83c\uddfa\ud83c\udde6 has nothing to do with the Baltic Sea mishap and has no information about &#8220;pro-\ud83c\uddfa\ud83c\udde6 sabotage groups&#8221;. What happened to the Nord Stream pipelines? &#8220;They sank,&#8221; as they say in RF itself&#8230;<\/p>\n<p>\u2014 \u041c\u0438\u0445\u0430\u0439\u043b\u043e \u041f\u043e\u0434\u043e\u043b\u044f\u043a (@Podolyak_M) <a rel=\"nofollow noopener\" target=\"_blank\" href=\"https:\/\/twitter.com\/Podolyak_M\/status\/1633160394427494415?ref_src=twsrc%5Etfw\">March 7, 2023<\/a><\/p><\/blockquote>\n<\/div>\n<\/div>\n<p>Die <em><a rel=\"nofollow noopener\" target=\"_blank\" href=\"https:\/\/www.nytimes.com\/2023\/03\/07\/us\/politics\/nord-stream-pipeline-sabotage-ukraine.html\">New York Times<\/a> (NYT) <\/em>hatte zuvor in einem Bericht behauptet, dass nach Erkenntnissen der US-Regierung eine proukrainische Gruppe hinter dem Sprengstoffanschlag steckt.\u00a0Nach <em><a rel=\"nofollow noopener\" target=\"_blank\" href=\"https:\/\/www.tagesschau.de\/investigativ\/nord-stream-explosion-101.html\">ARD<\/a><\/em>-Informationen f\u00fchren dabei auch Spuren in die Ukraine.<\/p>\n<p>Mit Verweis auf anonyme US-Geheimdienste hei\u00dft es in der <em>NYT<\/em>, es bestehe die M\u00f6glichkeit, dass die Operation inoffiziell von einer stellvertretenden Truppe mit Verbindungen zur ukrainischen Regierung oder ihren Sicherheitsdiensten durchgef\u00fchrt worden sei. Hinweise auf eine Verwicklung des ukrainischen Pr\u00e4sidenten Selenskij oder seines engen Umfelds gebe es nicht. Laut\u00a0<em>NYT<\/em>\u00a0r\u00e4umten allerdings die US-Regierungsvertreter ein, dass vieles noch unklar sei \u2013 etwa, wer genau die Sprengungen ver\u00fcbt, wer sie angeordnet und wer den Einsatz finanziert habe.\u00a0<\/p>\n<p>Der Investigativjournalist Seymour Hersh hatte k\u00fcrzlich eine Recherche ver\u00f6ffentlicht, der zufolge die Anschl\u00e4ge auf die Nord-Stream-Pipelines von der US-Regierung mit Unterst\u00fctzung Norwegens veranlasst worden sind. Die US-Regierung und die CIA hatten\u00a0Hershs Darstellung seinerzeit bestritten. Es bleibt weiterhin unklar, warum westliche Medien wie <em>NYT<\/em> und <em>ARD<\/em> sowie\u00a0<em>ZEIT<\/em> nun\u00a0\u00fcbereinstimmend die neue Recherche zu dem Anschlag auf deutsche Infrastruktur ver\u00f6ffentlicht haben. Will Washington damit Schuld von sich weisen?<\/p>\n<p><strong>Mehr zum Thema<\/strong> \u2013 <a rel=\"nofollow noopener\" target=\"_blank\" href=\"https:\/\/de.rt.com\/international\/164767-medienberichte-ukrainische-gruppe-soll-hinter\/\">Medienberichte: Pro-ukrainische Gruppe soll hinter Nord-Stream-Anschl\u00e4gen stecken<\/a><\/p>\n<\/div>\n<p><script async src=\"https:\/\/platform.twitter.com\/widgets.js\" charset=\"utf-8\"><\/script><br \/>\n<br \/><br \/>\n<br \/><a href=\"https:\/\/de.rt.com\/international\/164782-kiew-weist-berichte-ueber-beteiligung\/\">Source link <\/a><\/p>\n","protected":false},"excerpt":{"rendered":"<p>Kiew widerspricht Berichten \u00fcber die Beteiligung an Anschlag auf Nord Stream. Westliche Medien hatten zuvor \u00fcbereinstimmend gemeldet, dass eine proukrainische Gruppe hinter dem Sprengstoffanschlag steckt. Der Westen scheint damit Schuld von sich weisen zu wollen. Kiew wies Berichte \u00fcber eine\u00a0m\u00f6gliche\u00a0Beteiligung\u00a0an\u00a0der Sprengung der Nord-Stream-Gaspipelines\u00a0zur\u00fcck. Die Ukraine habe &#8220;nichts mit dem Vorfall in der Ostsee zu tun [&hellip;]<\/p>\n","protected":false},"author":3,"featured_media":31800,"comment_status":"open","ping_status":"open","sticky":false,"template":"","format":"standard","meta":{"_yoast_indexnow_last_ping":["1678271336"],"wp_automatic_camp":["217"],"c7eb43921b93f5587ea59a9d290a1b79":["Kiew weist Berichte \u00fcber Beteiligung an Terroranschlag auf Nord Stream zur\u00fcck"],"original_link":["https:\/\/de.rt.com\/international\/164782-kiew-weist-berichte-ueber-beteiligung\/"],"_thumbnail_id":["31800"],"_wptgpro_p2tg_sent2tg":["a:1:{i:23737;s:19:\"2023-03-08 12:30:02\";}"],"jnews_social_counter_last_update":["1777377496"]},"categories":[19,23],"tags":[133,7221,4912,1025,11408,8951,9473,139,3334,3337],"yoast_head":"<!-- This site is optimized with the Yoast SEO Premium plugin v22.7 (Yoast SEO v22.7) - https:\/\/yoast.com\/wordpress\/plugins\/seo\/ -->\n<title>Kiew weist Berichte \u00fcber Beteiligung an Terroranschlag auf Nord Stream zur\u00fcck - just-now.NEWS Deutschland<\/title>\n<meta name=\"robots\" content=\"index, follow, max-snippet:-1, max-image-preview:large, max-video-preview:-1\" \/>\n<link rel=\"canonical\" href=\"https:\/\/now-news.de\/de\/deutschland\/kiew-weist-berichte-ueber-beteiligung-an-terroranschlag-auf-nord-stream-zurueck\/\" \/>\n<meta property=\"og:locale\" content=\"de_DE\" \/>\n<meta property=\"og:type\" content=\"article\" \/>\n<meta property=\"og:title\" content=\"Kiew weist Berichte \u00fcber Beteiligung an Terroranschlag auf Nord Stream zur\u00fcck\" \/>\n<meta property=\"og:description\" content=\"Kiew widerspricht Berichten \u00fcber die Beteiligung an Anschlag auf Nord Stream. Westliche Medien hatten zuvor \u00fcbereinstimmend gemeldet, dass eine proukrainische Gruppe hinter dem Sprengstoffanschlag steckt. Der Westen scheint damit Schuld von sich weisen zu wollen. Kiew wies Berichte \u00fcber eine\u00a0m\u00f6gliche\u00a0Beteiligung\u00a0an\u00a0der Sprengung der Nord-Stream-Gaspipelines\u00a0zur\u00fcck. Die Ukraine habe &#8220;nichts mit dem Vorfall in der Ostsee zu tun [&hellip;]\" \/>\n<meta property=\"og:url\" content=\"https:\/\/now-news.de\/de\/deutschland\/kiew-weist-berichte-ueber-beteiligung-an-terroranschlag-auf-nord-stream-zurueck\/\" \/>\n<meta property=\"og:site_name\" content=\"just-now.NEWS Deutschland\" \/>\n<meta property=\"article:publisher\" content=\"https:\/\/www.facebook.com\/wirmachenauf\" \/>\n<meta property=\"article:published_time\" content=\"2023-03-08T10:25:19+00:00\" \/>\n<meta property=\"og:image\" content=\"https:\/\/now-news.de\/de\/wp-content\/uploads\/sites\/3\/2023\/03\/Kiew-weist-Berichte-ueber-Beteiligung-an-Terroranschlag-auf-Nord-Stream.jpg\" \/>\n\t<meta property=\"og:image:width\" content=\"460\" \/>\n\t<meta property=\"og:image:height\" content=\"259\" \/>\n\t<meta property=\"og:image:type\" content=\"image\/jpeg\" \/>\n<meta name=\"author\" content=\"rtnews\" \/>\n<meta name=\"twitter:card\" content=\"summary_large_image\" \/>\n<meta name=\"twitter:creator\" content=\"@WirMachenAuf_de\" \/>\n<meta name=\"twitter:site\" content=\"@WirMachenAuf_de\" \/>\n<meta name=\"twitter:label1\" content=\"Verfasst von\" \/>\n\t<meta name=\"twitter:data1\" content=\"rtnews\" \/>\n\t<meta name=\"twitter:label2\" content=\"Gesch\u00e4tzte Lesezeit\" \/>\n\t<meta name=\"twitter:data2\" content=\"2\u00a0Minuten\" \/>\n<script type=\"application\/ld+json\" class=\"yoast-schema-graph\">{\"@context\":\"https:\/\/schema.org\",\"@graph\":[{\"@type\":\"Article\",\"@id\":\"https:\/\/now-news.de\/de\/deutschland\/kiew-weist-berichte-ueber-beteiligung-an-terroranschlag-auf-nord-stream-zurueck\/#article\",\"isPartOf\":{\"@id\":\"https:\/\/now-news.de\/de\/deutschland\/kiew-weist-berichte-ueber-beteiligung-an-terroranschlag-auf-nord-stream-zurueck\/\"},\"author\":{\"name\":\"rtnews\",\"@id\":\"https:\/\/now-news.de\/de\/#\/schema\/person\/fb534a4e865501d8b3285208df34a9b5\"},\"headline\":\"Kiew weist Berichte \u00fcber Beteiligung an Terroranschlag auf Nord Stream zur\u00fcck\",\"datePublished\":\"2023-03-08T10:25:19+00:00\",\"dateModified\":\"2023-03-08T10:25:19+00:00\",\"mainEntityOfPage\":{\"@id\":\"https:\/\/now-news.de\/de\/deutschland\/kiew-weist-berichte-ueber-beteiligung-an-terroranschlag-auf-nord-stream-zurueck\/\"},\"wordCount\":372,\"commentCount\":0,\"publisher\":{\"@id\":\"https:\/\/now-news.de\/de\/#organization\"},\"image\":{\"@id\":\"https:\/\/now-news.de\/de\/deutschland\/kiew-weist-berichte-ueber-beteiligung-an-terroranschlag-auf-nord-stream-zurueck\/#primaryimage\"},\"thumbnailUrl\":\"https:\/\/now-news.de\/de\/wp-content\/uploads\/sites\/3\/2023\/03\/Kiew-weist-Berichte-ueber-Beteiligung-an-Terroranschlag-auf-Nord-Stream.jpg\",\"keywords\":[\"AUF\",\"Berichte\",\"Beteiligung\",\"Kiew\",\"Nord\",\"stream\",\"Terroranschlag\",\"\u00fcber\",\"weist\",\"zur\u00fcck\"],\"articleSection\":[\"Deutschland\",\"Russland\"],\"inLanguage\":\"de\",\"potentialAction\":[{\"@type\":\"CommentAction\",\"name\":\"Comment\",\"target\":[\"https:\/\/now-news.de\/de\/deutschland\/kiew-weist-berichte-ueber-beteiligung-an-terroranschlag-auf-nord-stream-zurueck\/#respond\"]}]},{\"@type\":\"WebPage\",\"@id\":\"https:\/\/now-news.de\/de\/deutschland\/kiew-weist-berichte-ueber-beteiligung-an-terroranschlag-auf-nord-stream-zurueck\/\",\"url\":\"https:\/\/now-news.de\/de\/deutschland\/kiew-weist-berichte-ueber-beteiligung-an-terroranschlag-auf-nord-stream-zurueck\/\",\"name\":\"Kiew weist Berichte \u00fcber Beteiligung an Terroranschlag auf Nord Stream zur\u00fcck - just-now.NEWS Deutschland\",\"isPartOf\":{\"@id\":\"https:\/\/now-news.de\/de\/#website\"},\"primaryImageOfPage\":{\"@id\":\"https:\/\/now-news.de\/de\/deutschland\/kiew-weist-berichte-ueber-beteiligung-an-terroranschlag-auf-nord-stream-zurueck\/#primaryimage\"},\"image\":{\"@id\":\"https:\/\/now-news.de\/de\/deutschland\/kiew-weist-berichte-ueber-beteiligung-an-terroranschlag-auf-nord-stream-zurueck\/#primaryimage\"},\"thumbnailUrl\":\"https:\/\/now-news.de\/de\/wp-content\/uploads\/sites\/3\/2023\/03\/Kiew-weist-Berichte-ueber-Beteiligung-an-Terroranschlag-auf-Nord-Stream.jpg\",\"datePublished\":\"2023-03-08T10:25:19+00:00\",\"dateModified\":\"2023-03-08T10:25:19+00:00\",\"breadcrumb\":{\"@id\":\"https:\/\/now-news.de\/de\/deutschland\/kiew-weist-berichte-ueber-beteiligung-an-terroranschlag-auf-nord-stream-zurueck\/#breadcrumb\"},\"inLanguage\":\"de\",\"potentialAction\":[{\"@type\":\"ReadAction\",\"target\":[\"https:\/\/now-news.de\/de\/deutschland\/kiew-weist-berichte-ueber-beteiligung-an-terroranschlag-auf-nord-stream-zurueck\/\"]}]},{\"@type\":\"ImageObject\",\"inLanguage\":\"de\",\"@id\":\"https:\/\/now-news.de\/de\/deutschland\/kiew-weist-berichte-ueber-beteiligung-an-terroranschlag-auf-nord-stream-zurueck\/#primaryimage\",\"url\":\"https:\/\/now-news.de\/de\/wp-content\/uploads\/sites\/3\/2023\/03\/Kiew-weist-Berichte-ueber-Beteiligung-an-Terroranschlag-auf-Nord-Stream.jpg\",\"contentUrl\":\"https:\/\/now-news.de\/de\/wp-content\/uploads\/sites\/3\/2023\/03\/Kiew-weist-Berichte-ueber-Beteiligung-an-Terroranschlag-auf-Nord-Stream.jpg\",\"width\":460,\"height\":259,\"caption\":\"Kiew weist Berichte \u00fcber Beteiligung an Terroranschlag auf Nord Stream zur\u00fcck\"},{\"@type\":\"BreadcrumbList\",\"@id\":\"https:\/\/now-news.de\/de\/deutschland\/kiew-weist-berichte-ueber-beteiligung-an-terroranschlag-auf-nord-stream-zurueck\/#breadcrumb\",\"itemListElement\":[{\"@type\":\"ListItem\",\"position\":1,\"name\":\"Home\",\"item\":\"https:\/\/now-news.de\/de\/\"},{\"@type\":\"ListItem\",\"position\":2,\"name\":\"Kiew weist Berichte \u00fcber Beteiligung an Terroranschlag auf Nord Stream zur\u00fcck\"}]},{\"@type\":\"WebSite\",\"@id\":\"https:\/\/now-news.de\/de\/#website\",\"url\":\"https:\/\/now-news.de\/de\/\",\"name\":\"just-now.NEWS Deutschland\",\"description\":\"Das Portal f\u00fcr unzensierte Nachrichten aus der Welt\",\"publisher\":{\"@id\":\"https:\/\/now-news.de\/de\/#organization\"},\"potentialAction\":[{\"@type\":\"SearchAction\",\"target\":{\"@type\":\"EntryPoint\",\"urlTemplate\":\"https:\/\/now-news.de\/de\/?s={search_term_string}\"},\"query-input\":\"required name=search_term_string\"}],\"inLanguage\":\"de\"},{\"@type\":\"Organization\",\"@id\":\"https:\/\/now-news.de\/de\/#organization\",\"name\":\"Just Now News\",\"url\":\"https:\/\/now-news.de\/de\/\",\"logo\":{\"@type\":\"ImageObject\",\"inLanguage\":\"de\",\"@id\":\"https:\/\/now-news.de\/de\/#\/schema\/logo\/image\/\",\"url\":\"http:\/\/just-now.news\/de\/wp-content\/uploads\/sites\/3\/2022\/04\/logo500x500.jpg\",\"contentUrl\":\"http:\/\/just-now.news\/de\/wp-content\/uploads\/sites\/3\/2022\/04\/logo500x500.jpg\",\"width\":500,\"height\":500,\"caption\":\"Just Now News\"},\"image\":{\"@id\":\"https:\/\/now-news.de\/de\/#\/schema\/logo\/image\/\"},\"sameAs\":[\"https:\/\/www.facebook.com\/wirmachenauf\",\"https:\/\/x.com\/WirMachenAuf_de\"]},{\"@type\":\"Person\",\"@id\":\"https:\/\/now-news.de\/de\/#\/schema\/person\/fb534a4e865501d8b3285208df34a9b5\",\"name\":\"rtnews\",\"image\":{\"@type\":\"ImageObject\",\"inLanguage\":\"de\",\"@id\":\"https:\/\/now-news.de\/de\/#\/schema\/person\/image\/\",\"url\":\"https:\/\/secure.gravatar.com\/avatar\/82aafea7d8127119dd649515f56e2117?s=96&d=mm&r=g\",\"contentUrl\":\"https:\/\/secure.gravatar.com\/avatar\/82aafea7d8127119dd649515f56e2117?s=96&d=mm&r=g\",\"caption\":\"rtnews\"},\"url\":\"https:\/\/now-news.de\/de\/author\/rnews\/\"}]}<\/script>\n<!-- \/ Yoast SEO Premium plugin. -->","yoast_head_json":{"title":"Kiew weist Berichte \u00fcber Beteiligung an Terroranschlag auf Nord Stream zur\u00fcck - just-now.NEWS Deutschland","robots":{"index":"index","follow":"follow","max-snippet":"max-snippet:-1","max-image-preview":"max-image-preview:large","max-video-preview":"max-video-preview:-1"},"canonical":"https:\/\/now-news.de\/de\/deutschland\/kiew-weist-berichte-ueber-beteiligung-an-terroranschlag-auf-nord-stream-zurueck\/","og_locale":"de_DE","og_type":"article","og_title":"Kiew weist Berichte \u00fcber Beteiligung an Terroranschlag auf Nord Stream zur\u00fcck","og_description":"Kiew widerspricht Berichten \u00fcber die Beteiligung an Anschlag auf Nord Stream. Westliche Medien hatten zuvor \u00fcbereinstimmend gemeldet, dass eine proukrainische Gruppe hinter dem Sprengstoffanschlag steckt. Der Westen scheint damit Schuld von sich weisen zu wollen. Kiew wies Berichte \u00fcber eine\u00a0m\u00f6gliche\u00a0Beteiligung\u00a0an\u00a0der Sprengung der Nord-Stream-Gaspipelines\u00a0zur\u00fcck. Die Ukraine habe &#8220;nichts mit dem Vorfall in der Ostsee zu tun [&hellip;]","og_url":"https:\/\/now-news.de\/de\/deutschland\/kiew-weist-berichte-ueber-beteiligung-an-terroranschlag-auf-nord-stream-zurueck\/","og_site_name":"just-now.NEWS Deutschland","article_publisher":"https:\/\/www.facebook.com\/wirmachenauf","article_published_time":"2023-03-08T10:25:19+00:00","og_image":[{"width":460,"height":259,"url":"https:\/\/now-news.de\/de\/wp-content\/uploads\/sites\/3\/2023\/03\/Kiew-weist-Berichte-ueber-Beteiligung-an-Terroranschlag-auf-Nord-Stream.jpg","type":"image\/jpeg"}],"author":"rtnews","twitter_card":"summary_large_image","twitter_creator":"@WirMachenAuf_de","twitter_site":"@WirMachenAuf_de","twitter_misc":{"Verfasst von":"rtnews","Gesch\u00e4tzte Lesezeit":"2\u00a0Minuten"},"schema":{"@context":"https:\/\/schema.org","@graph":[{"@type":"Article","@id":"https:\/\/now-news.de\/de\/deutschland\/kiew-weist-berichte-ueber-beteiligung-an-terroranschlag-auf-nord-stream-zurueck\/#article","isPartOf":{"@id":"https:\/\/now-news.de\/de\/deutschland\/kiew-weist-berichte-ueber-beteiligung-an-terroranschlag-auf-nord-stream-zurueck\/"},"author":{"name":"rtnews","@id":"https:\/\/now-news.de\/de\/#\/schema\/person\/fb534a4e865501d8b3285208df34a9b5"},"headline":"Kiew weist Berichte \u00fcber Beteiligung an Terroranschlag auf Nord Stream zur\u00fcck","datePublished":"2023-03-08T10:25:19+00:00","dateModified":"2023-03-08T10:25:19+00:00","mainEntityOfPage":{"@id":"https:\/\/now-news.de\/de\/deutschland\/kiew-weist-berichte-ueber-beteiligung-an-terroranschlag-auf-nord-stream-zurueck\/"},"wordCount":372,"commentCount":0,"publisher":{"@id":"https:\/\/now-news.de\/de\/#organization"},"image":{"@id":"https:\/\/now-news.de\/de\/deutschland\/kiew-weist-berichte-ueber-beteiligung-an-terroranschlag-auf-nord-stream-zurueck\/#primaryimage"},"thumbnailUrl":"https:\/\/now-news.de\/de\/wp-content\/uploads\/sites\/3\/2023\/03\/Kiew-weist-Berichte-ueber-Beteiligung-an-Terroranschlag-auf-Nord-Stream.jpg","keywords":["AUF","Berichte","Beteiligung","Kiew","Nord","stream","Terroranschlag","\u00fcber","weist","zur\u00fcck"],"articleSection":["Deutschland","Russland"],"inLanguage":"de","potentialAction":[{"@type":"CommentAction","name":"Comment","target":["https:\/\/now-news.de\/de\/deutschland\/kiew-weist-berichte-ueber-beteiligung-an-terroranschlag-auf-nord-stream-zurueck\/#respond"]}]},{"@type":"WebPage","@id":"https:\/\/now-news.de\/de\/deutschland\/kiew-weist-berichte-ueber-beteiligung-an-terroranschlag-auf-nord-stream-zurueck\/","url":"https:\/\/now-news.de\/de\/deutschland\/kiew-weist-berichte-ueber-beteiligung-an-terroranschlag-auf-nord-stream-zurueck\/","name":"Kiew weist Berichte \u00fcber Beteiligung an Terroranschlag auf Nord Stream zur\u00fcck - just-now.NEWS Deutschland","isPartOf":{"@id":"https:\/\/now-news.de\/de\/#website"},"primaryImageOfPage":{"@id":"https:\/\/now-news.de\/de\/deutschland\/kiew-weist-berichte-ueber-beteiligung-an-terroranschlag-auf-nord-stream-zurueck\/#primaryimage"},"image":{"@id":"https:\/\/now-news.de\/de\/deutschland\/kiew-weist-berichte-ueber-beteiligung-an-terroranschlag-auf-nord-stream-zurueck\/#primaryimage"},"thumbnailUrl":"https:\/\/now-news.de\/de\/wp-content\/uploads\/sites\/3\/2023\/03\/Kiew-weist-Berichte-ueber-Beteiligung-an-Terroranschlag-auf-Nord-Stream.jpg","datePublished":"2023-03-08T10:25:19+00:00","dateModified":"2023-03-08T10:25:19+00:00","breadcrumb":{"@id":"https:\/\/now-news.de\/de\/deutschland\/kiew-weist-berichte-ueber-beteiligung-an-terroranschlag-auf-nord-stream-zurueck\/#breadcrumb"},"inLanguage":"de","potentialAction":[{"@type":"ReadAction","target":["https:\/\/now-news.de\/de\/deutschland\/kiew-weist-berichte-ueber-beteiligung-an-terroranschlag-auf-nord-stream-zurueck\/"]}]},{"@type":"ImageObject","inLanguage":"de","@id":"https:\/\/now-news.de\/de\/deutschland\/kiew-weist-berichte-ueber-beteiligung-an-terroranschlag-auf-nord-stream-zurueck\/#primaryimage","url":"https:\/\/now-news.de\/de\/wp-content\/uploads\/sites\/3\/2023\/03\/Kiew-weist-Berichte-ueber-Beteiligung-an-Terroranschlag-auf-Nord-Stream.jpg","contentUrl":"https:\/\/now-news.de\/de\/wp-content\/uploads\/sites\/3\/2023\/03\/Kiew-weist-Berichte-ueber-Beteiligung-an-Terroranschlag-auf-Nord-Stream.jpg","width":460,"height":259,"caption":"Kiew weist Berichte \u00fcber Beteiligung an Terroranschlag auf Nord Stream zur\u00fcck"},{"@type":"BreadcrumbList","@id":"https:\/\/now-news.de\/de\/deutschland\/kiew-weist-berichte-ueber-beteiligung-an-terroranschlag-auf-nord-stream-zurueck\/#breadcrumb","itemListElement":[{"@type":"ListItem","position":1,"name":"Home","item":"https:\/\/now-news.de\/de\/"},{"@type":"ListItem","position":2,"name":"Kiew weist Berichte \u00fcber Beteiligung an Terroranschlag auf Nord Stream zur\u00fcck"}]},{"@type":"WebSite","@id":"https:\/\/now-news.de\/de\/#website","url":"https:\/\/now-news.de\/de\/","name":"just-now.NEWS Deutschland","description":"Das Portal f\u00fcr unzensierte Nachrichten aus der Welt","publisher":{"@id":"https:\/\/now-news.de\/de\/#organization"},"potentialAction":[{"@type":"SearchAction","target":{"@type":"EntryPoint","urlTemplate":"https:\/\/now-news.de\/de\/?s={search_term_string}"},"query-input":"required name=search_term_string"}],"inLanguage":"de"},{"@type":"Organization","@id":"https:\/\/now-news.de\/de\/#organization","name":"Just Now News","url":"https:\/\/now-news.de\/de\/","logo":{"@type":"ImageObject","inLanguage":"de","@id":"https:\/\/now-news.de\/de\/#\/schema\/logo\/image\/","url":"http:\/\/just-now.news\/de\/wp-content\/uploads\/sites\/3\/2022\/04\/logo500x500.jpg","contentUrl":"http:\/\/just-now.news\/de\/wp-content\/uploads\/sites\/3\/2022\/04\/logo500x500.jpg","width":500,"height":500,"caption":"Just Now News"},"image":{"@id":"https:\/\/now-news.de\/de\/#\/schema\/logo\/image\/"},"sameAs":["https:\/\/www.facebook.com\/wirmachenauf","https:\/\/x.com\/WirMachenAuf_de"]},{"@type":"Person","@id":"https:\/\/now-news.de\/de\/#\/schema\/person\/fb534a4e865501d8b3285208df34a9b5","name":"rtnews","image":{"@type":"ImageObject","inLanguage":"de","@id":"https:\/\/now-news.de\/de\/#\/schema\/person\/image\/","url":"https:\/\/secure.gravatar.com\/avatar\/82aafea7d8127119dd649515f56e2117?s=96&d=mm&r=g","contentUrl":"https:\/\/secure.gravatar.com\/avatar\/82aafea7d8127119dd649515f56e2117?s=96&d=mm&r=g","caption":"rtnews"},"url":"https:\/\/now-news.de\/de\/author\/rnews\/"}]}},"_links":{"self":[{"href":"https:\/\/now-news.de\/de\/wp-json\/wp\/v2\/posts\/31799"}],"collection":[{"href":"https:\/\/now-news.de\/de\/wp-json\/wp\/v2\/posts"}],"about":[{"href":"https:\/\/now-news.de\/de\/wp-json\/wp\/v2\/types\/post"}],"author":[{"embeddable":true,"href":"https:\/\/now-news.de\/de\/wp-json\/wp\/v2\/users\/3"}],"replies":[{"embeddable":true,"href":"https:\/\/now-news.de\/de\/wp-json\/wp\/v2\/comments?post=31799"}],"version-history":[{"count":0,"href":"https:\/\/now-news.de\/de\/wp-json\/wp\/v2\/posts\/31799\/revisions"}],"wp:featuredmedia":[{"embeddable":true,"href":"https:\/\/now-news.de\/de\/wp-json\/wp\/v2\/media\/31800"}],"wp:attachment":[{"href":"https:\/\/now-news.de\/de\/wp-json\/wp\/v2\/media?parent=31799"}],"wp:term":[{"taxonomy":"category","embeddable":true,"href":"https:\/\/now-news.de\/de\/wp-json\/wp\/v2\/categories?post=31799"},{"taxonomy":"post_tag","embeddable":true,"href":"https:\/\/now-news.de\/de\/wp-json\/wp\/v2\/tags?post=31799"}],"curies":[{"name":"wp","href":"https:\/\/api.w.org\/{rel}","templated":true}]}}