{"id":31772,"date":"2023-03-07T22:43:07","date_gmt":"2023-03-07T20:43:07","guid":{"rendered":"http:\/\/just-now.news\/de\/deutschland\/zwei-italienische-militaerflugzeuge-stossen-bei-trainingsflug-zusammen-beide-piloten-tot\/"},"modified":"2023-03-07T22:43:07","modified_gmt":"2023-03-07T20:43:07","slug":"zwei-italienische-militaerflugzeuge-stossen-bei-trainingsflug-zusammen-beide-piloten-tot","status":"publish","type":"post","link":"https:\/\/now-news.de\/de\/deutschland\/zwei-italienische-militaerflugzeuge-stossen-bei-trainingsflug-zusammen-beide-piloten-tot\/","title":{"rendered":"Zwei italienische Milit\u00e4rflugzeuge sto\u00dfen bei Trainingsflug zusammen \u2013 beide Piloten tot"},"content":{"rendered":"<p><img decoding=\"async\" src=\"http:\/\/just-now.news\/de\/wp-content\/uploads\/sites\/3\/2023\/03\/6407363b48fbef6bc24a6cc0.jpg\" \/><\/p>\n<div class=\"Text-root Text-type_1 \">\n                In der N\u00e4he von Rom ist es am Dienstag zu einem tragischen Zwischenfall gekommen. Am Himmel \u00fcber der Stadt Guidonia Montecelio stie\u00dfen zwei Flugzeuge der italienischen Luftwaffe zusammen. Beide Piloten \u00fcberlebten die Kollision nicht. Weitere Opfer wurden nicht gemeldet.\n            <\/div>\n<p><\/p>\n<div class=\"Text-root Text-type_5 ArticleView-text ViewText-root \">\n<p>Zwei ultraleichte Milit\u00e4rflugzeuge sind am Dienstag bei einem Trainingsflug in der N\u00e4he der italienischen Hauptstadt Rom verungl\u00fcckt. \u00d6rtliche Medien <a rel=\"nofollow noopener\" target=\"_blank\" href=\"https:\/\/roma.repubblica.it\/cronaca\/2023\/03\/07\/news\/scontro_due_aerei_ultraleggeri_guidonia_morti_due_piloti-390940039\/?ref=RHLF-BG-P3-S1-T1\">berichteten<\/a>, es handele sich um zwei Siai Marchetti 208. An dem Training nahe der Stadt Guidonia Montecelio h\u00e4tten insgesamt vier Flugzeuge der italienischen Luftwaffe teilgenommen. Zwei davon seien zusammengesto\u00dfen. Eine Maschine sei dann auf eine Wiese abgest\u00fcrzt, eine weitere auf ein parkendes Auto.<\/p>\n<div class=\"EmbedBlock-root EmbedBlock-twitter\">\n<div class=\"TwitterEmbed\">\n<blockquote class=\"twitter-tweet lazyload\" data-twitter=\"twitter-tweet\">\n<p lang=\"it\" dir=\"ltr\"><a rel=\"nofollow noopener\" target=\"_blank\" href=\"https:\/\/twitter.com\/hashtag\/Incidente?src=hash&amp;ref_src=twsrc%5Etfw\">#Incidente<\/a> aereo: oggi vicino Guidonia (RM) 2 U-208 del 60\u00b0 Stormo sono precipitati durante una missione addestrativa.Per cause ancora non note sarebbero entrati in collisione precipitando.I 2 piloti purtroppo sono deceduti nell&#8217;impatto.Non ci sarebbero altre persone coinvolte <a rel=\"nofollow noopener\" target=\"_blank\" href=\"https:\/\/t.co\/oyIYhUh3Qg\">pic.twitter.com\/oyIYhUh3Qg<\/a><\/p>\n<p>\u2014 Aeronautica Militare (@ItalianAirForce) <a rel=\"nofollow noopener\" target=\"_blank\" href=\"https:\/\/twitter.com\/ItalianAirForce\/status\/1633073829286227971?ref_src=twsrc%5Etfw\">March 7, 2023<\/a><\/p><\/blockquote>\n<\/div>\n<\/div>\n<p>Die italienische Luftwaffe best\u00e4tigte den Zwischenfall auf Twitter. Demnach seien die beiden Piloten beim Aufprall ums Leben gekommen. Weitere Todesopfer oder Verletzte wurden nicht gemeldet. Die Ursache der Flugzeugkollision blieb zun\u00e4chst ungewiss.<\/p>\n<p>In den sozialen Medien wurde ein Video ver\u00f6ffentlicht, das ein brennendes Flugzeugwrack auf einer Stra\u00dfe zeigen soll. Laut Medienberichten wurden zwei Geb\u00e4ude am Ungl\u00fccksort evakuiert.\u00a0<\/p>\n<div class=\"EmbedBlock-root EmbedBlock-twitter\">\n<div class=\"TwitterEmbed\">\n<blockquote class=\"twitter-tweet lazyload\" data-twitter=\"twitter-tweet\">\n<p lang=\"it\" dir=\"ltr\">Scontro tra due aerei a <a rel=\"nofollow noopener\" target=\"_blank\" href=\"https:\/\/twitter.com\/hashtag\/Guidonia?src=hash&amp;ref_src=twsrc%5Etfw\">#Guidonia<\/a>: uno finisce in mezzo alle case e subito \u00e8 divampato un incendio<a rel=\"nofollow noopener\" target=\"_blank\" href=\"https:\/\/twitter.com\/hashtag\/7marzo?src=hash&amp;ref_src=twsrc%5Etfw\">#7marzo<\/a><a rel=\"nofollow noopener\" target=\"_blank\" href=\"https:\/\/twitter.com\/hashtag\/iltempoquotidiano?src=hash&amp;ref_src=twsrc%5Etfw\">#iltempoquotidiano<\/a><a rel=\"nofollow noopener\" target=\"_blank\" href=\"https:\/\/t.co\/7ySObaboSh\">https:\/\/t.co\/7ySObaboSh<\/a><a rel=\"nofollow noopener\" target=\"_blank\" href=\"https:\/\/t.co\/nDTEdMux5s\">pic.twitter.com\/nDTEdMux5s<\/a><\/p>\n<p>\u2014 IL TEMPO (@tempoweb) <a rel=\"nofollow noopener\" target=\"_blank\" href=\"https:\/\/twitter.com\/tempoweb\/status\/1633069542774566913?ref_src=twsrc%5Etfw\">March 7, 2023<\/a><\/p><\/blockquote>\n<\/div>\n<\/div>\n<p>Auf einem anderen Foto war ein brennendes Flugzeugwrack auf einer gr\u00fcnen Wiese am Stadtrande zu sehen.<\/p>\n<div class=\"EmbedBlock-root EmbedBlock-twitter\">\n<div class=\"TwitterEmbed\">\n<blockquote class=\"twitter-tweet lazyload\" data-twitter=\"twitter-tweet\">\n<p lang=\"it\" dir=\"ltr\"><a rel=\"nofollow noopener\" target=\"_blank\" href=\"https:\/\/twitter.com\/hashtag\/Guidonia?src=hash&amp;ref_src=twsrc%5Etfw\">#Guidonia<\/a>, scontro tra due aerei: precipitano e prendono fuoco <a rel=\"nofollow noopener\" target=\"_blank\" href=\"https:\/\/twitter.com\/hashtag\/roma?src=hash&amp;ref_src=twsrc%5Etfw\">#roma<\/a><a rel=\"nofollow noopener\" target=\"_blank\" href=\"https:\/\/twitter.com\/hashtag\/7marzo?src=hash&amp;ref_src=twsrc%5Etfw\">#7marzo<\/a><a rel=\"nofollow noopener\" target=\"_blank\" href=\"https:\/\/twitter.com\/hashtag\/iltempoquotidiano?src=hash&amp;ref_src=twsrc%5Etfw\">#iltempoquotidiano<\/a><a rel=\"nofollow noopener\" target=\"_blank\" href=\"https:\/\/t.co\/7ySObaboSh\">https:\/\/t.co\/7ySObaboSh<\/a><a rel=\"nofollow noopener\" target=\"_blank\" href=\"https:\/\/t.co\/RMIGAn8Jfu\">pic.twitter.com\/RMIGAn8Jfu<\/a><\/p>\n<p>\u2014 IL TEMPO (@tempoweb) <a rel=\"nofollow noopener\" target=\"_blank\" href=\"https:\/\/twitter.com\/tempoweb\/status\/1633062246979862529?ref_src=twsrc%5Etfw\">March 7, 2023<\/a><\/p><\/blockquote>\n<\/div>\n<\/div>\n<p>Die anderen zwei Piloten, die an dem Training beteiligt waren, konnten unbeschadet landen. Sie sollten demn\u00e4chst vernommen werden.<\/p>\n<p>Italiens Ministerpr\u00e4sidentin Giorgia Meloni dr\u00fcckte den Angeh\u00f6rigen der beiden\u00a0Verungl\u00fcckten ihr Beileid aus. Auch der Vorsitzende des Senats Ignazio La Russa kondolierte den Angeh\u00f6rigen der Piloten.<\/p>\n<p><strong>Mehr zum Thema<\/strong> &#8211;\u00a0<a rel=\"nofollow noopener\" target=\"_blank\" href=\"https:\/\/de.rt.com\/asien\/161272-kampfjets-stuerzen-bei-uebungen-in\/\">Kampfjets st\u00fcrzen bei \u00dcbungen in Indien ab \u2013 Ein Pilot tot<\/a><\/p>\n<\/p>\n<\/div>\n<p><script async src=\"https:\/\/platform.twitter.com\/widgets.js\" charset=\"utf-8\"><\/script><br \/>\n<br \/><br \/>\n<br \/><a href=\"https:\/\/de.rt.com\/europa\/164728-zwei-italienische-militaerflugzeuge-stossen-zusammen\/\">Source link <\/a><\/p>\n","protected":false},"excerpt":{"rendered":"<p>In der N\u00e4he von Rom ist es am Dienstag zu einem tragischen Zwischenfall gekommen. Am Himmel \u00fcber der Stadt Guidonia Montecelio stie\u00dfen zwei Flugzeuge der italienischen Luftwaffe zusammen. Beide Piloten \u00fcberlebten die Kollision nicht. Weitere Opfer wurden nicht gemeldet. Zwei ultraleichte Milit\u00e4rflugzeuge sind am Dienstag bei einem Trainingsflug in der N\u00e4he der italienischen Hauptstadt Rom [&hellip;]<\/p>\n","protected":false},"author":3,"featured_media":31773,"comment_status":"open","ping_status":"open","sticky":false,"template":"","format":"standard","meta":{"_yoast_indexnow_last_ping":["1678222074"],"wp_automatic_camp":["217"],"d9da27360ca2e50cacba99a62b896a46":["Zwei italienische Milit\u00e4rflugzeuge sto\u00dfen bei Trainingsflug zusammen \u2013 beide Piloten tot"],"original_link":["https:\/\/de.rt.com\/europa\/164728-zwei-italienische-militaerflugzeuge-stossen-zusammen\/"],"_thumbnail_id":["31773"],"_wptgpro_p2tg_sent2tg":["a:1:{i:23737;s:19:\"2023-03-07 22:49:13\";}"],"jnews_social_counter_last_update":["1777804832"]},"categories":[19,23],"tags":[363,29047,7224,25449,3908,24241,3842,41675,6580,1003],"yoast_head":"<!-- This site is optimized with the Yoast SEO Premium plugin v22.7 (Yoast SEO v22.7) - https:\/\/yoast.com\/wordpress\/plugins\/seo\/ -->\n<title>Zwei italienische Milit\u00e4rflugzeuge sto\u00dfen bei Trainingsflug zusammen \u2013 beide Piloten tot - just-now.NEWS Deutschland<\/title>\n<meta name=\"robots\" content=\"index, follow, max-snippet:-1, max-image-preview:large, max-video-preview:-1\" \/>\n<link rel=\"canonical\" href=\"https:\/\/now-news.de\/de\/deutschland\/zwei-italienische-militaerflugzeuge-stossen-bei-trainingsflug-zusammen-beide-piloten-tot\/\" \/>\n<meta property=\"og:locale\" content=\"de_DE\" \/>\n<meta property=\"og:type\" content=\"article\" \/>\n<meta property=\"og:title\" content=\"Zwei italienische Milit\u00e4rflugzeuge sto\u00dfen bei Trainingsflug zusammen \u2013 beide Piloten tot\" \/>\n<meta property=\"og:description\" content=\"In der N\u00e4he von Rom ist es am Dienstag zu einem tragischen Zwischenfall gekommen. Am Himmel \u00fcber der Stadt Guidonia Montecelio stie\u00dfen zwei Flugzeuge der italienischen Luftwaffe zusammen. Beide Piloten \u00fcberlebten die Kollision nicht. Weitere Opfer wurden nicht gemeldet. Zwei ultraleichte Milit\u00e4rflugzeuge sind am Dienstag bei einem Trainingsflug in der N\u00e4he der italienischen Hauptstadt Rom [&hellip;]\" \/>\n<meta property=\"og:url\" content=\"https:\/\/now-news.de\/de\/deutschland\/zwei-italienische-militaerflugzeuge-stossen-bei-trainingsflug-zusammen-beide-piloten-tot\/\" \/>\n<meta property=\"og:site_name\" content=\"just-now.NEWS Deutschland\" \/>\n<meta property=\"article:publisher\" content=\"https:\/\/www.facebook.com\/wirmachenauf\" \/>\n<meta property=\"article:published_time\" content=\"2023-03-07T20:43:07+00:00\" \/>\n<meta property=\"og:image\" content=\"https:\/\/now-news.de\/de\/wp-content\/uploads\/sites\/3\/2023\/03\/Zwei-italienische-Militaerflugzeuge-stossen-bei-Trainingsflug-zusammen-\u2013-beide-Piloten.jpg\" \/>\n\t<meta property=\"og:image:width\" content=\"460\" \/>\n\t<meta property=\"og:image:height\" content=\"259\" \/>\n\t<meta property=\"og:image:type\" content=\"image\/jpeg\" \/>\n<meta name=\"author\" content=\"rtnews\" \/>\n<meta name=\"twitter:card\" content=\"summary_large_image\" \/>\n<meta name=\"twitter:creator\" content=\"@WirMachenAuf_de\" \/>\n<meta name=\"twitter:site\" content=\"@WirMachenAuf_de\" \/>\n<meta name=\"twitter:label1\" content=\"Verfasst von\" \/>\n\t<meta name=\"twitter:data1\" content=\"rtnews\" \/>\n\t<meta name=\"twitter:label2\" content=\"Gesch\u00e4tzte Lesezeit\" \/>\n\t<meta name=\"twitter:data2\" content=\"2\u00a0Minuten\" \/>\n<script type=\"application\/ld+json\" class=\"yoast-schema-graph\">{\"@context\":\"https:\/\/schema.org\",\"@graph\":[{\"@type\":\"Article\",\"@id\":\"https:\/\/now-news.de\/de\/deutschland\/zwei-italienische-militaerflugzeuge-stossen-bei-trainingsflug-zusammen-beide-piloten-tot\/#article\",\"isPartOf\":{\"@id\":\"https:\/\/now-news.de\/de\/deutschland\/zwei-italienische-militaerflugzeuge-stossen-bei-trainingsflug-zusammen-beide-piloten-tot\/\"},\"author\":{\"name\":\"rtnews\",\"@id\":\"https:\/\/now-news.de\/de\/#\/schema\/person\/fb534a4e865501d8b3285208df34a9b5\"},\"headline\":\"Zwei italienische Milit\u00e4rflugzeuge sto\u00dfen bei Trainingsflug zusammen \u2013 beide Piloten tot\",\"datePublished\":\"2023-03-07T20:43:07+00:00\",\"dateModified\":\"2023-03-07T20:43:07+00:00\",\"mainEntityOfPage\":{\"@id\":\"https:\/\/now-news.de\/de\/deutschland\/zwei-italienische-militaerflugzeuge-stossen-bei-trainingsflug-zusammen-beide-piloten-tot\/\"},\"wordCount\":372,\"commentCount\":0,\"publisher\":{\"@id\":\"https:\/\/now-news.de\/de\/#organization\"},\"image\":{\"@id\":\"https:\/\/now-news.de\/de\/deutschland\/zwei-italienische-militaerflugzeuge-stossen-bei-trainingsflug-zusammen-beide-piloten-tot\/#primaryimage\"},\"thumbnailUrl\":\"https:\/\/now-news.de\/de\/wp-content\/uploads\/sites\/3\/2023\/03\/Zwei-italienische-Militaerflugzeuge-stossen-bei-Trainingsflug-zusammen-\u2013-beide-Piloten.jpg\",\"keywords\":[\"bei\",\"beide\",\"italienische\",\"Milit\u00e4rflugzeuge\",\"Piloten\",\"sto\u00dfen\",\"tot\",\"Trainingsflug\",\"zusammen\",\"zwei\"],\"articleSection\":[\"Deutschland\",\"Russland\"],\"inLanguage\":\"de\",\"potentialAction\":[{\"@type\":\"CommentAction\",\"name\":\"Comment\",\"target\":[\"https:\/\/now-news.de\/de\/deutschland\/zwei-italienische-militaerflugzeuge-stossen-bei-trainingsflug-zusammen-beide-piloten-tot\/#respond\"]}]},{\"@type\":\"WebPage\",\"@id\":\"https:\/\/now-news.de\/de\/deutschland\/zwei-italienische-militaerflugzeuge-stossen-bei-trainingsflug-zusammen-beide-piloten-tot\/\",\"url\":\"https:\/\/now-news.de\/de\/deutschland\/zwei-italienische-militaerflugzeuge-stossen-bei-trainingsflug-zusammen-beide-piloten-tot\/\",\"name\":\"Zwei italienische Milit\u00e4rflugzeuge sto\u00dfen bei Trainingsflug zusammen \u2013 beide Piloten tot - just-now.NEWS Deutschland\",\"isPartOf\":{\"@id\":\"https:\/\/now-news.de\/de\/#website\"},\"primaryImageOfPage\":{\"@id\":\"https:\/\/now-news.de\/de\/deutschland\/zwei-italienische-militaerflugzeuge-stossen-bei-trainingsflug-zusammen-beide-piloten-tot\/#primaryimage\"},\"image\":{\"@id\":\"https:\/\/now-news.de\/de\/deutschland\/zwei-italienische-militaerflugzeuge-stossen-bei-trainingsflug-zusammen-beide-piloten-tot\/#primaryimage\"},\"thumbnailUrl\":\"https:\/\/now-news.de\/de\/wp-content\/uploads\/sites\/3\/2023\/03\/Zwei-italienische-Militaerflugzeuge-stossen-bei-Trainingsflug-zusammen-\u2013-beide-Piloten.jpg\",\"datePublished\":\"2023-03-07T20:43:07+00:00\",\"dateModified\":\"2023-03-07T20:43:07+00:00\",\"breadcrumb\":{\"@id\":\"https:\/\/now-news.de\/de\/deutschland\/zwei-italienische-militaerflugzeuge-stossen-bei-trainingsflug-zusammen-beide-piloten-tot\/#breadcrumb\"},\"inLanguage\":\"de\",\"potentialAction\":[{\"@type\":\"ReadAction\",\"target\":[\"https:\/\/now-news.de\/de\/deutschland\/zwei-italienische-militaerflugzeuge-stossen-bei-trainingsflug-zusammen-beide-piloten-tot\/\"]}]},{\"@type\":\"ImageObject\",\"inLanguage\":\"de\",\"@id\":\"https:\/\/now-news.de\/de\/deutschland\/zwei-italienische-militaerflugzeuge-stossen-bei-trainingsflug-zusammen-beide-piloten-tot\/#primaryimage\",\"url\":\"https:\/\/now-news.de\/de\/wp-content\/uploads\/sites\/3\/2023\/03\/Zwei-italienische-Militaerflugzeuge-stossen-bei-Trainingsflug-zusammen-\u2013-beide-Piloten.jpg\",\"contentUrl\":\"https:\/\/now-news.de\/de\/wp-content\/uploads\/sites\/3\/2023\/03\/Zwei-italienische-Militaerflugzeuge-stossen-bei-Trainingsflug-zusammen-\u2013-beide-Piloten.jpg\",\"width\":460,\"height\":259,\"caption\":\"Zwei italienische Milit\u00e4rflugzeuge sto\u00dfen bei Trainingsflug zusammen \u2013 beide Piloten tot\"},{\"@type\":\"BreadcrumbList\",\"@id\":\"https:\/\/now-news.de\/de\/deutschland\/zwei-italienische-militaerflugzeuge-stossen-bei-trainingsflug-zusammen-beide-piloten-tot\/#breadcrumb\",\"itemListElement\":[{\"@type\":\"ListItem\",\"position\":1,\"name\":\"Home\",\"item\":\"https:\/\/now-news.de\/de\/\"},{\"@type\":\"ListItem\",\"position\":2,\"name\":\"Zwei italienische Milit\u00e4rflugzeuge sto\u00dfen bei Trainingsflug zusammen \u2013 beide Piloten tot\"}]},{\"@type\":\"WebSite\",\"@id\":\"https:\/\/now-news.de\/de\/#website\",\"url\":\"https:\/\/now-news.de\/de\/\",\"name\":\"just-now.NEWS Deutschland\",\"description\":\"Das Portal f\u00fcr unzensierte Nachrichten aus der Welt\",\"publisher\":{\"@id\":\"https:\/\/now-news.de\/de\/#organization\"},\"potentialAction\":[{\"@type\":\"SearchAction\",\"target\":{\"@type\":\"EntryPoint\",\"urlTemplate\":\"https:\/\/now-news.de\/de\/?s={search_term_string}\"},\"query-input\":\"required name=search_term_string\"}],\"inLanguage\":\"de\"},{\"@type\":\"Organization\",\"@id\":\"https:\/\/now-news.de\/de\/#organization\",\"name\":\"Just Now News\",\"url\":\"https:\/\/now-news.de\/de\/\",\"logo\":{\"@type\":\"ImageObject\",\"inLanguage\":\"de\",\"@id\":\"https:\/\/now-news.de\/de\/#\/schema\/logo\/image\/\",\"url\":\"http:\/\/just-now.news\/de\/wp-content\/uploads\/sites\/3\/2022\/04\/logo500x500.jpg\",\"contentUrl\":\"http:\/\/just-now.news\/de\/wp-content\/uploads\/sites\/3\/2022\/04\/logo500x500.jpg\",\"width\":500,\"height\":500,\"caption\":\"Just Now News\"},\"image\":{\"@id\":\"https:\/\/now-news.de\/de\/#\/schema\/logo\/image\/\"},\"sameAs\":[\"https:\/\/www.facebook.com\/wirmachenauf\",\"https:\/\/x.com\/WirMachenAuf_de\"]},{\"@type\":\"Person\",\"@id\":\"https:\/\/now-news.de\/de\/#\/schema\/person\/fb534a4e865501d8b3285208df34a9b5\",\"name\":\"rtnews\",\"image\":{\"@type\":\"ImageObject\",\"inLanguage\":\"de\",\"@id\":\"https:\/\/now-news.de\/de\/#\/schema\/person\/image\/\",\"url\":\"https:\/\/secure.gravatar.com\/avatar\/82aafea7d8127119dd649515f56e2117?s=96&d=mm&r=g\",\"contentUrl\":\"https:\/\/secure.gravatar.com\/avatar\/82aafea7d8127119dd649515f56e2117?s=96&d=mm&r=g\",\"caption\":\"rtnews\"},\"url\":\"https:\/\/now-news.de\/de\/author\/rnews\/\"}]}<\/script>\n<!-- \/ Yoast SEO Premium plugin. -->","yoast_head_json":{"title":"Zwei italienische Milit\u00e4rflugzeuge sto\u00dfen bei Trainingsflug zusammen \u2013 beide Piloten tot - just-now.NEWS Deutschland","robots":{"index":"index","follow":"follow","max-snippet":"max-snippet:-1","max-image-preview":"max-image-preview:large","max-video-preview":"max-video-preview:-1"},"canonical":"https:\/\/now-news.de\/de\/deutschland\/zwei-italienische-militaerflugzeuge-stossen-bei-trainingsflug-zusammen-beide-piloten-tot\/","og_locale":"de_DE","og_type":"article","og_title":"Zwei italienische Milit\u00e4rflugzeuge sto\u00dfen bei Trainingsflug zusammen \u2013 beide Piloten tot","og_description":"In der N\u00e4he von Rom ist es am Dienstag zu einem tragischen Zwischenfall gekommen. Am Himmel \u00fcber der Stadt Guidonia Montecelio stie\u00dfen zwei Flugzeuge der italienischen Luftwaffe zusammen. Beide Piloten \u00fcberlebten die Kollision nicht. Weitere Opfer wurden nicht gemeldet. Zwei ultraleichte Milit\u00e4rflugzeuge sind am Dienstag bei einem Trainingsflug in der N\u00e4he der italienischen Hauptstadt Rom [&hellip;]","og_url":"https:\/\/now-news.de\/de\/deutschland\/zwei-italienische-militaerflugzeuge-stossen-bei-trainingsflug-zusammen-beide-piloten-tot\/","og_site_name":"just-now.NEWS Deutschland","article_publisher":"https:\/\/www.facebook.com\/wirmachenauf","article_published_time":"2023-03-07T20:43:07+00:00","og_image":[{"width":460,"height":259,"url":"https:\/\/now-news.de\/de\/wp-content\/uploads\/sites\/3\/2023\/03\/Zwei-italienische-Militaerflugzeuge-stossen-bei-Trainingsflug-zusammen-\u2013-beide-Piloten.jpg","type":"image\/jpeg"}],"author":"rtnews","twitter_card":"summary_large_image","twitter_creator":"@WirMachenAuf_de","twitter_site":"@WirMachenAuf_de","twitter_misc":{"Verfasst von":"rtnews","Gesch\u00e4tzte Lesezeit":"2\u00a0Minuten"},"schema":{"@context":"https:\/\/schema.org","@graph":[{"@type":"Article","@id":"https:\/\/now-news.de\/de\/deutschland\/zwei-italienische-militaerflugzeuge-stossen-bei-trainingsflug-zusammen-beide-piloten-tot\/#article","isPartOf":{"@id":"https:\/\/now-news.de\/de\/deutschland\/zwei-italienische-militaerflugzeuge-stossen-bei-trainingsflug-zusammen-beide-piloten-tot\/"},"author":{"name":"rtnews","@id":"https:\/\/now-news.de\/de\/#\/schema\/person\/fb534a4e865501d8b3285208df34a9b5"},"headline":"Zwei italienische Milit\u00e4rflugzeuge sto\u00dfen bei Trainingsflug zusammen \u2013 beide Piloten tot","datePublished":"2023-03-07T20:43:07+00:00","dateModified":"2023-03-07T20:43:07+00:00","mainEntityOfPage":{"@id":"https:\/\/now-news.de\/de\/deutschland\/zwei-italienische-militaerflugzeuge-stossen-bei-trainingsflug-zusammen-beide-piloten-tot\/"},"wordCount":372,"commentCount":0,"publisher":{"@id":"https:\/\/now-news.de\/de\/#organization"},"image":{"@id":"https:\/\/now-news.de\/de\/deutschland\/zwei-italienische-militaerflugzeuge-stossen-bei-trainingsflug-zusammen-beide-piloten-tot\/#primaryimage"},"thumbnailUrl":"https:\/\/now-news.de\/de\/wp-content\/uploads\/sites\/3\/2023\/03\/Zwei-italienische-Militaerflugzeuge-stossen-bei-Trainingsflug-zusammen-\u2013-beide-Piloten.jpg","keywords":["bei","beide","italienische","Milit\u00e4rflugzeuge","Piloten","sto\u00dfen","tot","Trainingsflug","zusammen","zwei"],"articleSection":["Deutschland","Russland"],"inLanguage":"de","potentialAction":[{"@type":"CommentAction","name":"Comment","target":["https:\/\/now-news.de\/de\/deutschland\/zwei-italienische-militaerflugzeuge-stossen-bei-trainingsflug-zusammen-beide-piloten-tot\/#respond"]}]},{"@type":"WebPage","@id":"https:\/\/now-news.de\/de\/deutschland\/zwei-italienische-militaerflugzeuge-stossen-bei-trainingsflug-zusammen-beide-piloten-tot\/","url":"https:\/\/now-news.de\/de\/deutschland\/zwei-italienische-militaerflugzeuge-stossen-bei-trainingsflug-zusammen-beide-piloten-tot\/","name":"Zwei italienische Milit\u00e4rflugzeuge sto\u00dfen bei Trainingsflug zusammen \u2013 beide Piloten tot - just-now.NEWS Deutschland","isPartOf":{"@id":"https:\/\/now-news.de\/de\/#website"},"primaryImageOfPage":{"@id":"https:\/\/now-news.de\/de\/deutschland\/zwei-italienische-militaerflugzeuge-stossen-bei-trainingsflug-zusammen-beide-piloten-tot\/#primaryimage"},"image":{"@id":"https:\/\/now-news.de\/de\/deutschland\/zwei-italienische-militaerflugzeuge-stossen-bei-trainingsflug-zusammen-beide-piloten-tot\/#primaryimage"},"thumbnailUrl":"https:\/\/now-news.de\/de\/wp-content\/uploads\/sites\/3\/2023\/03\/Zwei-italienische-Militaerflugzeuge-stossen-bei-Trainingsflug-zusammen-\u2013-beide-Piloten.jpg","datePublished":"2023-03-07T20:43:07+00:00","dateModified":"2023-03-07T20:43:07+00:00","breadcrumb":{"@id":"https:\/\/now-news.de\/de\/deutschland\/zwei-italienische-militaerflugzeuge-stossen-bei-trainingsflug-zusammen-beide-piloten-tot\/#breadcrumb"},"inLanguage":"de","potentialAction":[{"@type":"ReadAction","target":["https:\/\/now-news.de\/de\/deutschland\/zwei-italienische-militaerflugzeuge-stossen-bei-trainingsflug-zusammen-beide-piloten-tot\/"]}]},{"@type":"ImageObject","inLanguage":"de","@id":"https:\/\/now-news.de\/de\/deutschland\/zwei-italienische-militaerflugzeuge-stossen-bei-trainingsflug-zusammen-beide-piloten-tot\/#primaryimage","url":"https:\/\/now-news.de\/de\/wp-content\/uploads\/sites\/3\/2023\/03\/Zwei-italienische-Militaerflugzeuge-stossen-bei-Trainingsflug-zusammen-\u2013-beide-Piloten.jpg","contentUrl":"https:\/\/now-news.de\/de\/wp-content\/uploads\/sites\/3\/2023\/03\/Zwei-italienische-Militaerflugzeuge-stossen-bei-Trainingsflug-zusammen-\u2013-beide-Piloten.jpg","width":460,"height":259,"caption":"Zwei italienische Milit\u00e4rflugzeuge sto\u00dfen bei Trainingsflug zusammen \u2013 beide Piloten tot"},{"@type":"BreadcrumbList","@id":"https:\/\/now-news.de\/de\/deutschland\/zwei-italienische-militaerflugzeuge-stossen-bei-trainingsflug-zusammen-beide-piloten-tot\/#breadcrumb","itemListElement":[{"@type":"ListItem","position":1,"name":"Home","item":"https:\/\/now-news.de\/de\/"},{"@type":"ListItem","position":2,"name":"Zwei italienische Milit\u00e4rflugzeuge sto\u00dfen bei Trainingsflug zusammen \u2013 beide Piloten tot"}]},{"@type":"WebSite","@id":"https:\/\/now-news.de\/de\/#website","url":"https:\/\/now-news.de\/de\/","name":"just-now.NEWS Deutschland","description":"Das Portal f\u00fcr unzensierte Nachrichten aus der Welt","publisher":{"@id":"https:\/\/now-news.de\/de\/#organization"},"potentialAction":[{"@type":"SearchAction","target":{"@type":"EntryPoint","urlTemplate":"https:\/\/now-news.de\/de\/?s={search_term_string}"},"query-input":"required name=search_term_string"}],"inLanguage":"de"},{"@type":"Organization","@id":"https:\/\/now-news.de\/de\/#organization","name":"Just Now News","url":"https:\/\/now-news.de\/de\/","logo":{"@type":"ImageObject","inLanguage":"de","@id":"https:\/\/now-news.de\/de\/#\/schema\/logo\/image\/","url":"http:\/\/just-now.news\/de\/wp-content\/uploads\/sites\/3\/2022\/04\/logo500x500.jpg","contentUrl":"http:\/\/just-now.news\/de\/wp-content\/uploads\/sites\/3\/2022\/04\/logo500x500.jpg","width":500,"height":500,"caption":"Just Now News"},"image":{"@id":"https:\/\/now-news.de\/de\/#\/schema\/logo\/image\/"},"sameAs":["https:\/\/www.facebook.com\/wirmachenauf","https:\/\/x.com\/WirMachenAuf_de"]},{"@type":"Person","@id":"https:\/\/now-news.de\/de\/#\/schema\/person\/fb534a4e865501d8b3285208df34a9b5","name":"rtnews","image":{"@type":"ImageObject","inLanguage":"de","@id":"https:\/\/now-news.de\/de\/#\/schema\/person\/image\/","url":"https:\/\/secure.gravatar.com\/avatar\/82aafea7d8127119dd649515f56e2117?s=96&d=mm&r=g","contentUrl":"https:\/\/secure.gravatar.com\/avatar\/82aafea7d8127119dd649515f56e2117?s=96&d=mm&r=g","caption":"rtnews"},"url":"https:\/\/now-news.de\/de\/author\/rnews\/"}]}},"_links":{"self":[{"href":"https:\/\/now-news.de\/de\/wp-json\/wp\/v2\/posts\/31772"}],"collection":[{"href":"https:\/\/now-news.de\/de\/wp-json\/wp\/v2\/posts"}],"about":[{"href":"https:\/\/now-news.de\/de\/wp-json\/wp\/v2\/types\/post"}],"author":[{"embeddable":true,"href":"https:\/\/now-news.de\/de\/wp-json\/wp\/v2\/users\/3"}],"replies":[{"embeddable":true,"href":"https:\/\/now-news.de\/de\/wp-json\/wp\/v2\/comments?post=31772"}],"version-history":[{"count":0,"href":"https:\/\/now-news.de\/de\/wp-json\/wp\/v2\/posts\/31772\/revisions"}],"wp:featuredmedia":[{"embeddable":true,"href":"https:\/\/now-news.de\/de\/wp-json\/wp\/v2\/media\/31773"}],"wp:attachment":[{"href":"https:\/\/now-news.de\/de\/wp-json\/wp\/v2\/media?parent=31772"}],"wp:term":[{"taxonomy":"category","embeddable":true,"href":"https:\/\/now-news.de\/de\/wp-json\/wp\/v2\/categories?post=31772"},{"taxonomy":"post_tag","embeddable":true,"href":"https:\/\/now-news.de\/de\/wp-json\/wp\/v2\/tags?post=31772"}],"curies":[{"name":"wp","href":"https:\/\/api.w.org\/{rel}","templated":true}]}}