{"id":31748,"date":"2023-03-07T16:15:01","date_gmt":"2023-03-07T14:15:01","guid":{"rendered":"http:\/\/just-now.news\/de\/deutschland\/bundesverfassungsgericht-aendert-logo-modernes-erscheinungsbild-fuer-85-000-euro\/"},"modified":"2023-03-07T16:15:01","modified_gmt":"2023-03-07T14:15:01","slug":"bundesverfassungsgericht-aendert-logo-modernes-erscheinungsbild-fuer-85-000-euro","status":"publish","type":"post","link":"https:\/\/now-news.de\/de\/deutschland\/bundesverfassungsgericht-aendert-logo-modernes-erscheinungsbild-fuer-85-000-euro\/","title":{"rendered":"Bundesverfassungsgericht \u00e4ndert Logo: Modernes Erscheinungsbild f\u00fcr 85.000 Euro"},"content":{"rendered":"<div class=\"Text-root Text-type_1 \">\n                B\u00fcrgern\u00e4he, Modernit\u00e4t und Unabh\u00e4ngigkeit soll das neue Erscheinungsbild des Bundesverfassungsgerichts den B\u00fcrgern vermitteln. Die Ver\u00e4nderung beinhaltet auf Kosten der Steuerzahler das Stutzen der Fl\u00fcgel und das Schlie\u00dfen des Schnabels beim Adler-Logo.\n            <\/div>\n<p><\/p>\n<div class=\"Text-root Text-type_5 ArticleView-text ViewText-root \">\n<p>In der offiziellen <a rel=\"nofollow noopener\" target=\"_blank\" href=\"https:\/\/www.bundesverfassungsgericht.de\/SharedDocs\/Pressemitteilungen\/DE\/2023\/bvg23-028.html\">Mitteilung<\/a> widmet sich die Pressestelle des Bundesverfassungsgerichts (BVerfG) ausf\u00fchrlich der vermeintlichen Notwendigkeit der Neugestaltung\u00a0des hausinternen Bundesadler-Logos. B\u00fcrgern soll die &#8220;T\u00e4tigkeit des Gerichts noch n\u00e4her&#8221; gebracht und der &#8220;Zugang zum Gericht sowie seinen Entscheidungen und sonstigen T\u00e4tigkeiten&#8221; erleichtert werden. In diesem Jahr w\u00fcrden daher &#8220;mehrere Ma\u00dfnahmen umgesetzt, die gerade das bewirken sollen&#8221;. Weiter hei\u00dft es dann:<\/p>\n<blockquote>\n<p><em>&#8220;Als ersten Schritt verwendet das Bundesverfassungsgericht ab Anfang M\u00e4rz f\u00fcr seine Entscheidungen und seinen nach au\u00dfen gerichteten Schriftverkehr ein neues einheitliches Erscheinungsbild (corporate design). Dieses ist durch ein modernes, klares und besonders gut lesbares Schriftbild sowie durch einen neu gestalteten Adler als Hoheitszeichen gekennzeichnet.&#8221;\u00a0<\/em><\/p>\n<\/blockquote>\n<p>Im Rahmen einer Anfrage der Zeitung <em>Welt <\/em>wurde \u00f6ffentlich, dass sich<em>\u00a0<\/em>die\u00a0Kosten f\u00fcr &#8220;die Konzeption und Entwicklung des neuen Erscheinungsbilds des h\u00f6chsten deutschen Gerichts&#8221; auf 84.622 Euro belaufen.\u00a0Das neue Erscheinungsbild bereite &#8220;aber vor allem bereits die f\u00fcr Ende des Jahres 2023 geplante Neugestaltung der Internetseite des Bundesverfassungsgerichts vor&#8221;, so die Mitteilung des BVerfG.\u00a0<\/p>\n<p>Auff\u00e4lligste Merkmale des &#8220;neu gestalteten Adlers als Hoheitszeichen&#8221; ist der beidseitige Verlust je einer Fl\u00fcgelfeder \u2013 ehemals sechs, nun f\u00fcnf \u2013 und der geschlossene gegen\u00fcber einem ehemals ge\u00f6ffneten Schnabel. Der Wirtschaftsjournalist Norbert H\u00e4ring <a rel=\"nofollow noopener\" target=\"_blank\" href=\"https:\/\/norberthaering.de\/news\/bverfg-logo-adler\/\">kommentierte<\/a> bez\u00fcglich der offensichtlichen Symbolik kurz und knapp:<\/p>\n<blockquote>\n<p><em>&#8220;Das Bundesverfassungsgericht hat sich ein neues Adler-Logo gegeben. Es war wohl nicht mehr zeitgem\u00e4\u00df, wie der alte Adler das Maul aufriss und dazwischenschrie. Der neue Adler h\u00e4lt brav den Schnabel.&#8221;<\/em><\/p>\n<\/blockquote>\n<figure class=\"RTImage-root\">\n<div class=\"RTImage-image RTImage-original\"><picture class=\"Picture-root Picture-original\"><!--[if IE 9]><video style=\"display: none;\"><![endif]--><source media=\"(-webkit-min-device-pixel-ratio: 2) and (min-resolution: 120dpi)\" data-srcset=\" \nhttp:\/\/just-now.news\/de\/wp-content\/uploads\/sites\/3\/2023\/03\/640725c9b480cc2c222c7285.jpg 850w,\n                http:\/\/just-now.news\/de\/wp-content\/uploads\/sites\/3\/2023\/03\/640725c9b480cc2c222c7285.jpg 1960w,\n            \" ><source data-srcset=\" \nhttp:\/\/just-now.news\/de\/wp-content\/uploads\/sites\/3\/2023\/03\/640725c9b480cc2c222c7285.jpg 460w,\n              http:\/\/just-now.news\/de\/wp-content\/uploads\/sites\/3\/2023\/03\/640725c9b480cc2c222c7285.jpg 980w,\n            \" ><!--[if IE 9]><\/video><![endif]--><img decoding=\"async\" data- src=\"data:image\/png;base64,iVBORw0KGgoAAAANSUhEUgAAABAAAAAJCAQAAACRI2S5AAAAEElEQVR42mNkIAAYRxWAAQAG9gAKqv6+AwAAAABJRU5ErkJggg==\" class=\"Picture-root Picture-original lazyload\" data-src=\"http:\/\/just-now.news\/de\/wp-content\/uploads\/sites\/3\/2023\/03\/640725c9b480cc2c222c7285.jpg\" alt=\"\"><\/source><\/source><\/picture><!-- noscript pattern --><noscript><img decoding=\"async\" src=\"http:\/\/just-now.news\/de\/wp-content\/uploads\/sites\/3\/2023\/03\/640725c9b480cc2c222c7285.jpg\" alt=\"\"><\/noscript><\/div><figcaption class=\"RTImage-footer\"><span class=\"RTImage-caption\"><\/span><span class=\"RTImage-source\"><span class=\"RTImage-captionItem\">Screenshot: Welt.de<\/span><\/span><\/figcaption><\/figure>\n<p>Im <em>Welt-<\/em>Artikel wird an die Tatsache erinnert, dass &#8220;die Kosten f\u00fcr externe Anw\u00e4lte, von denen sich das Bundesverfassungsgericht beispielsweise gegen Presseauskunftsklagen vertreten l\u00e4sst&#8221; explodieren, seitdem Stephan Harbarth (CDU) Pr\u00e4sident des Bundesverfassungsgerichts sei. Als unabh\u00e4ngiges Verfassungsorgan hat das Bundesverfassungsgericht einen eigenen Haushaltsplan. Laut <a rel=\"nofollow noopener\" target=\"_blank\" href=\"https:\/\/www.bundesverfassungsgericht.de\/SharedDocs\/Pressemitteilungen\/DE\/2023\/bvg23-028.html\">Auskunft<\/a> des Haushaltsausschusses des Bundestags werden dabei f\u00fcr das Jahr 2023 40,5 Millionen Euro bereitgestellt, &#8220;ein Plus von 12,8 Prozent im Vergleich zum Vorjahr&#8221;.<\/p>\n<p>Der seit Juni 2020 amtierende Pr\u00e4sident gilt als Z\u00f6gling und protegierter Wunschkandidat von Ex-Kanzlerin Angela Merkel. So war im Oktober 2021 bekannt geworden, dass Harbath bei einem Dinner im Kanzleramt eher untypische Diskussionsthemen vorgeschlagen hatte. Das BVerfG unterst\u00fctzte in den vergangenen Jahren durch dementsprechende Urteilsverk\u00fcndigungen, etwa in der Corona-Diskussion die\u00a0COVID-19-Impfpflicht <a rel=\"nofollow noopener\" target=\"_blank\" href=\"https:\/\/de.rt.com\/inland\/138848-verfassungsgericht-genehmigt-pflege-impfpflicht\/\">in der Pflege<\/a> und <a rel=\"nofollow noopener\" target=\"_blank\" href=\"https:\/\/de.rt.com\/inland\/142987-verwaltungsgericht-billigt-impfpflicht-fuer-soldaten\/\">bei der Bundeswehr<\/a>, mehrheitlich die Regierungspolitik in Berlin.<\/p>\n<p><strong>Mehr zum Thema &#8211;<\/strong>\u00a0<a rel=\"nofollow noopener\" target=\"_blank\" href=\"https:\/\/de.rt.com\/inland\/164200-wuppertal-gruener-oberbuergermeister-genehmigt-zehn\/\">Wuppertal: Gr\u00fcner Oberb\u00fcrgermeister genehmigt zehn goldfarbene B\u00e4nke f\u00fcr 400.000 Euro<\/a><\/p>\n<\/p>\n<\/div>\n<p><br \/>\n<br \/><a href=\"https:\/\/de.rt.com\/inland\/164719-bundesverfassungsgericht-aendert-logo-modernes-erscheinungsbild-fuer-85000-euro\/\">Source link <\/a><\/p>\n","protected":false},"excerpt":{"rendered":"<p>B\u00fcrgern\u00e4he, Modernit\u00e4t und Unabh\u00e4ngigkeit soll das neue Erscheinungsbild des Bundesverfassungsgerichts den B\u00fcrgern vermitteln. Die Ver\u00e4nderung beinhaltet auf Kosten der Steuerzahler das Stutzen der Fl\u00fcgel und das Schlie\u00dfen des Schnabels beim Adler-Logo. In der offiziellen Mitteilung widmet sich die Pressestelle des Bundesverfassungsgerichts (BVerfG) ausf\u00fchrlich der vermeintlichen Notwendigkeit der Neugestaltung\u00a0des hausinternen Bundesadler-Logos. B\u00fcrgern soll die &#8220;T\u00e4tigkeit des [&hellip;]<\/p>\n","protected":false},"author":3,"featured_media":31749,"comment_status":"open","ping_status":"open","sticky":false,"template":"","format":"standard","meta":{"_yoast_indexnow_last_ping":["1678198916"],"wp_automatic_camp":["217"],"8666b88926a7a9872ed537789e562609":["Bundesverfassungsgericht \u00e4ndert Logo: Modernes Erscheinungsbild f\u00fcr 85.000 Euro"],"original_link":["https:\/\/de.rt.com\/inland\/164719-bundesverfassungsgericht-aendert-logo-modernes-erscheinungsbild-fuer-85000-euro\/"],"_thumbnail_id":["31749"],"_wptgpro_p2tg_sent2tg":["a:1:{i:23737;s:19:\"2023-03-07 16:23:21\";}"],"jnews_social_counter_last_update":["1777188245"]},"categories":[19,23],"tags":[6657,18206,41661,1005,221,28505,41660],"yoast_head":"<!-- This site is optimized with the Yoast SEO Premium plugin v22.7 (Yoast SEO v22.7) - https:\/\/yoast.com\/wordpress\/plugins\/seo\/ -->\n<title>Bundesverfassungsgericht \u00e4ndert Logo: Modernes Erscheinungsbild f\u00fcr 85.000 Euro - just-now.NEWS Deutschland<\/title>\n<meta name=\"robots\" content=\"index, follow, max-snippet:-1, max-image-preview:large, max-video-preview:-1\" \/>\n<link rel=\"canonical\" href=\"https:\/\/now-news.de\/de\/deutschland\/bundesverfassungsgericht-aendert-logo-modernes-erscheinungsbild-fuer-85-000-euro\/\" \/>\n<meta property=\"og:locale\" content=\"de_DE\" \/>\n<meta property=\"og:type\" content=\"article\" \/>\n<meta property=\"og:title\" content=\"Bundesverfassungsgericht \u00e4ndert Logo: Modernes Erscheinungsbild f\u00fcr 85.000 Euro\" \/>\n<meta property=\"og:description\" content=\"B\u00fcrgern\u00e4he, Modernit\u00e4t und Unabh\u00e4ngigkeit soll das neue Erscheinungsbild des Bundesverfassungsgerichts den B\u00fcrgern vermitteln. Die Ver\u00e4nderung beinhaltet auf Kosten der Steuerzahler das Stutzen der Fl\u00fcgel und das Schlie\u00dfen des Schnabels beim Adler-Logo. In der offiziellen Mitteilung widmet sich die Pressestelle des Bundesverfassungsgerichts (BVerfG) ausf\u00fchrlich der vermeintlichen Notwendigkeit der Neugestaltung\u00a0des hausinternen Bundesadler-Logos. B\u00fcrgern soll die &#8220;T\u00e4tigkeit des [&hellip;]\" \/>\n<meta property=\"og:url\" content=\"https:\/\/now-news.de\/de\/deutschland\/bundesverfassungsgericht-aendert-logo-modernes-erscheinungsbild-fuer-85-000-euro\/\" \/>\n<meta property=\"og:site_name\" content=\"just-now.NEWS Deutschland\" \/>\n<meta property=\"article:publisher\" content=\"https:\/\/www.facebook.com\/wirmachenauf\" \/>\n<meta property=\"article:published_time\" content=\"2023-03-07T14:15:01+00:00\" \/>\n<meta property=\"og:image\" content=\"https:\/\/now-news.de\/de\/wp-content\/uploads\/sites\/3\/2023\/03\/Bundesverfassungsgericht-aendert-Logo-Modernes-Erscheinungsbild-fuer-85000-Euro.jpg\" \/>\n\t<meta property=\"og:image:width\" content=\"753\" \/>\n\t<meta property=\"og:image:height\" content=\"456\" \/>\n\t<meta property=\"og:image:type\" content=\"image\/jpeg\" \/>\n<meta name=\"author\" content=\"rtnews\" \/>\n<meta name=\"twitter:card\" content=\"summary_large_image\" \/>\n<meta name=\"twitter:creator\" content=\"@WirMachenAuf_de\" \/>\n<meta name=\"twitter:site\" content=\"@WirMachenAuf_de\" \/>\n<meta name=\"twitter:label1\" content=\"Verfasst von\" \/>\n\t<meta name=\"twitter:data1\" content=\"rtnews\" \/>\n\t<meta name=\"twitter:label2\" content=\"Gesch\u00e4tzte Lesezeit\" \/>\n\t<meta name=\"twitter:data2\" content=\"2\u00a0Minuten\" \/>\n<script type=\"application\/ld+json\" class=\"yoast-schema-graph\">{\"@context\":\"https:\/\/schema.org\",\"@graph\":[{\"@type\":\"Article\",\"@id\":\"https:\/\/now-news.de\/de\/deutschland\/bundesverfassungsgericht-aendert-logo-modernes-erscheinungsbild-fuer-85-000-euro\/#article\",\"isPartOf\":{\"@id\":\"https:\/\/now-news.de\/de\/deutschland\/bundesverfassungsgericht-aendert-logo-modernes-erscheinungsbild-fuer-85-000-euro\/\"},\"author\":{\"name\":\"rtnews\",\"@id\":\"https:\/\/now-news.de\/de\/#\/schema\/person\/fb534a4e865501d8b3285208df34a9b5\"},\"headline\":\"Bundesverfassungsgericht \u00e4ndert Logo: Modernes Erscheinungsbild f\u00fcr 85.000 Euro\",\"datePublished\":\"2023-03-07T14:15:01+00:00\",\"dateModified\":\"2023-03-07T14:15:01+00:00\",\"mainEntityOfPage\":{\"@id\":\"https:\/\/now-news.de\/de\/deutschland\/bundesverfassungsgericht-aendert-logo-modernes-erscheinungsbild-fuer-85-000-euro\/\"},\"wordCount\":452,\"commentCount\":0,\"publisher\":{\"@id\":\"https:\/\/now-news.de\/de\/#organization\"},\"image\":{\"@id\":\"https:\/\/now-news.de\/de\/deutschland\/bundesverfassungsgericht-aendert-logo-modernes-erscheinungsbild-fuer-85-000-euro\/#primaryimage\"},\"thumbnailUrl\":\"https:\/\/now-news.de\/de\/wp-content\/uploads\/sites\/3\/2023\/03\/Bundesverfassungsgericht-aendert-Logo-Modernes-Erscheinungsbild-fuer-85000-Euro.jpg\",\"keywords\":[\"\u00e4ndert\",\"Bundesverfassungsgericht\",\"Erscheinungsbild\",\"Euro\",\"f\u00fcr\",\"Logo\",\"Modernes\"],\"articleSection\":[\"Deutschland\",\"Russland\"],\"inLanguage\":\"de\",\"potentialAction\":[{\"@type\":\"CommentAction\",\"name\":\"Comment\",\"target\":[\"https:\/\/now-news.de\/de\/deutschland\/bundesverfassungsgericht-aendert-logo-modernes-erscheinungsbild-fuer-85-000-euro\/#respond\"]}]},{\"@type\":\"WebPage\",\"@id\":\"https:\/\/now-news.de\/de\/deutschland\/bundesverfassungsgericht-aendert-logo-modernes-erscheinungsbild-fuer-85-000-euro\/\",\"url\":\"https:\/\/now-news.de\/de\/deutschland\/bundesverfassungsgericht-aendert-logo-modernes-erscheinungsbild-fuer-85-000-euro\/\",\"name\":\"Bundesverfassungsgericht \u00e4ndert Logo: Modernes Erscheinungsbild f\u00fcr 85.000 Euro - just-now.NEWS Deutschland\",\"isPartOf\":{\"@id\":\"https:\/\/now-news.de\/de\/#website\"},\"primaryImageOfPage\":{\"@id\":\"https:\/\/now-news.de\/de\/deutschland\/bundesverfassungsgericht-aendert-logo-modernes-erscheinungsbild-fuer-85-000-euro\/#primaryimage\"},\"image\":{\"@id\":\"https:\/\/now-news.de\/de\/deutschland\/bundesverfassungsgericht-aendert-logo-modernes-erscheinungsbild-fuer-85-000-euro\/#primaryimage\"},\"thumbnailUrl\":\"https:\/\/now-news.de\/de\/wp-content\/uploads\/sites\/3\/2023\/03\/Bundesverfassungsgericht-aendert-Logo-Modernes-Erscheinungsbild-fuer-85000-Euro.jpg\",\"datePublished\":\"2023-03-07T14:15:01+00:00\",\"dateModified\":\"2023-03-07T14:15:01+00:00\",\"breadcrumb\":{\"@id\":\"https:\/\/now-news.de\/de\/deutschland\/bundesverfassungsgericht-aendert-logo-modernes-erscheinungsbild-fuer-85-000-euro\/#breadcrumb\"},\"inLanguage\":\"de\",\"potentialAction\":[{\"@type\":\"ReadAction\",\"target\":[\"https:\/\/now-news.de\/de\/deutschland\/bundesverfassungsgericht-aendert-logo-modernes-erscheinungsbild-fuer-85-000-euro\/\"]}]},{\"@type\":\"ImageObject\",\"inLanguage\":\"de\",\"@id\":\"https:\/\/now-news.de\/de\/deutschland\/bundesverfassungsgericht-aendert-logo-modernes-erscheinungsbild-fuer-85-000-euro\/#primaryimage\",\"url\":\"https:\/\/now-news.de\/de\/wp-content\/uploads\/sites\/3\/2023\/03\/Bundesverfassungsgericht-aendert-Logo-Modernes-Erscheinungsbild-fuer-85000-Euro.jpg\",\"contentUrl\":\"https:\/\/now-news.de\/de\/wp-content\/uploads\/sites\/3\/2023\/03\/Bundesverfassungsgericht-aendert-Logo-Modernes-Erscheinungsbild-fuer-85000-Euro.jpg\",\"width\":753,\"height\":456,\"caption\":\"Bundesverfassungsgericht \u00e4ndert Logo: Modernes Erscheinungsbild f\u00fcr 85.000 Euro\"},{\"@type\":\"BreadcrumbList\",\"@id\":\"https:\/\/now-news.de\/de\/deutschland\/bundesverfassungsgericht-aendert-logo-modernes-erscheinungsbild-fuer-85-000-euro\/#breadcrumb\",\"itemListElement\":[{\"@type\":\"ListItem\",\"position\":1,\"name\":\"Home\",\"item\":\"https:\/\/now-news.de\/de\/\"},{\"@type\":\"ListItem\",\"position\":2,\"name\":\"Bundesverfassungsgericht \u00e4ndert Logo: Modernes Erscheinungsbild f\u00fcr 85.000 Euro\"}]},{\"@type\":\"WebSite\",\"@id\":\"https:\/\/now-news.de\/de\/#website\",\"url\":\"https:\/\/now-news.de\/de\/\",\"name\":\"just-now.NEWS Deutschland\",\"description\":\"Das Portal f\u00fcr unzensierte Nachrichten aus der Welt\",\"publisher\":{\"@id\":\"https:\/\/now-news.de\/de\/#organization\"},\"potentialAction\":[{\"@type\":\"SearchAction\",\"target\":{\"@type\":\"EntryPoint\",\"urlTemplate\":\"https:\/\/now-news.de\/de\/?s={search_term_string}\"},\"query-input\":\"required name=search_term_string\"}],\"inLanguage\":\"de\"},{\"@type\":\"Organization\",\"@id\":\"https:\/\/now-news.de\/de\/#organization\",\"name\":\"Just Now News\",\"url\":\"https:\/\/now-news.de\/de\/\",\"logo\":{\"@type\":\"ImageObject\",\"inLanguage\":\"de\",\"@id\":\"https:\/\/now-news.de\/de\/#\/schema\/logo\/image\/\",\"url\":\"http:\/\/just-now.news\/de\/wp-content\/uploads\/sites\/3\/2022\/04\/logo500x500.jpg\",\"contentUrl\":\"http:\/\/just-now.news\/de\/wp-content\/uploads\/sites\/3\/2022\/04\/logo500x500.jpg\",\"width\":500,\"height\":500,\"caption\":\"Just Now News\"},\"image\":{\"@id\":\"https:\/\/now-news.de\/de\/#\/schema\/logo\/image\/\"},\"sameAs\":[\"https:\/\/www.facebook.com\/wirmachenauf\",\"https:\/\/x.com\/WirMachenAuf_de\"]},{\"@type\":\"Person\",\"@id\":\"https:\/\/now-news.de\/de\/#\/schema\/person\/fb534a4e865501d8b3285208df34a9b5\",\"name\":\"rtnews\",\"image\":{\"@type\":\"ImageObject\",\"inLanguage\":\"de\",\"@id\":\"https:\/\/now-news.de\/de\/#\/schema\/person\/image\/\",\"url\":\"https:\/\/secure.gravatar.com\/avatar\/82aafea7d8127119dd649515f56e2117?s=96&d=mm&r=g\",\"contentUrl\":\"https:\/\/secure.gravatar.com\/avatar\/82aafea7d8127119dd649515f56e2117?s=96&d=mm&r=g\",\"caption\":\"rtnews\"},\"url\":\"https:\/\/now-news.de\/de\/author\/rnews\/\"}]}<\/script>\n<!-- \/ Yoast SEO Premium plugin. -->","yoast_head_json":{"title":"Bundesverfassungsgericht \u00e4ndert Logo: Modernes Erscheinungsbild f\u00fcr 85.000 Euro - just-now.NEWS Deutschland","robots":{"index":"index","follow":"follow","max-snippet":"max-snippet:-1","max-image-preview":"max-image-preview:large","max-video-preview":"max-video-preview:-1"},"canonical":"https:\/\/now-news.de\/de\/deutschland\/bundesverfassungsgericht-aendert-logo-modernes-erscheinungsbild-fuer-85-000-euro\/","og_locale":"de_DE","og_type":"article","og_title":"Bundesverfassungsgericht \u00e4ndert Logo: Modernes Erscheinungsbild f\u00fcr 85.000 Euro","og_description":"B\u00fcrgern\u00e4he, Modernit\u00e4t und Unabh\u00e4ngigkeit soll das neue Erscheinungsbild des Bundesverfassungsgerichts den B\u00fcrgern vermitteln. Die Ver\u00e4nderung beinhaltet auf Kosten der Steuerzahler das Stutzen der Fl\u00fcgel und das Schlie\u00dfen des Schnabels beim Adler-Logo. In der offiziellen Mitteilung widmet sich die Pressestelle des Bundesverfassungsgerichts (BVerfG) ausf\u00fchrlich der vermeintlichen Notwendigkeit der Neugestaltung\u00a0des hausinternen Bundesadler-Logos. B\u00fcrgern soll die &#8220;T\u00e4tigkeit des [&hellip;]","og_url":"https:\/\/now-news.de\/de\/deutschland\/bundesverfassungsgericht-aendert-logo-modernes-erscheinungsbild-fuer-85-000-euro\/","og_site_name":"just-now.NEWS Deutschland","article_publisher":"https:\/\/www.facebook.com\/wirmachenauf","article_published_time":"2023-03-07T14:15:01+00:00","og_image":[{"width":753,"height":456,"url":"https:\/\/now-news.de\/de\/wp-content\/uploads\/sites\/3\/2023\/03\/Bundesverfassungsgericht-aendert-Logo-Modernes-Erscheinungsbild-fuer-85000-Euro.jpg","type":"image\/jpeg"}],"author":"rtnews","twitter_card":"summary_large_image","twitter_creator":"@WirMachenAuf_de","twitter_site":"@WirMachenAuf_de","twitter_misc":{"Verfasst von":"rtnews","Gesch\u00e4tzte Lesezeit":"2\u00a0Minuten"},"schema":{"@context":"https:\/\/schema.org","@graph":[{"@type":"Article","@id":"https:\/\/now-news.de\/de\/deutschland\/bundesverfassungsgericht-aendert-logo-modernes-erscheinungsbild-fuer-85-000-euro\/#article","isPartOf":{"@id":"https:\/\/now-news.de\/de\/deutschland\/bundesverfassungsgericht-aendert-logo-modernes-erscheinungsbild-fuer-85-000-euro\/"},"author":{"name":"rtnews","@id":"https:\/\/now-news.de\/de\/#\/schema\/person\/fb534a4e865501d8b3285208df34a9b5"},"headline":"Bundesverfassungsgericht \u00e4ndert Logo: Modernes Erscheinungsbild f\u00fcr 85.000 Euro","datePublished":"2023-03-07T14:15:01+00:00","dateModified":"2023-03-07T14:15:01+00:00","mainEntityOfPage":{"@id":"https:\/\/now-news.de\/de\/deutschland\/bundesverfassungsgericht-aendert-logo-modernes-erscheinungsbild-fuer-85-000-euro\/"},"wordCount":452,"commentCount":0,"publisher":{"@id":"https:\/\/now-news.de\/de\/#organization"},"image":{"@id":"https:\/\/now-news.de\/de\/deutschland\/bundesverfassungsgericht-aendert-logo-modernes-erscheinungsbild-fuer-85-000-euro\/#primaryimage"},"thumbnailUrl":"https:\/\/now-news.de\/de\/wp-content\/uploads\/sites\/3\/2023\/03\/Bundesverfassungsgericht-aendert-Logo-Modernes-Erscheinungsbild-fuer-85000-Euro.jpg","keywords":["\u00e4ndert","Bundesverfassungsgericht","Erscheinungsbild","Euro","f\u00fcr","Logo","Modernes"],"articleSection":["Deutschland","Russland"],"inLanguage":"de","potentialAction":[{"@type":"CommentAction","name":"Comment","target":["https:\/\/now-news.de\/de\/deutschland\/bundesverfassungsgericht-aendert-logo-modernes-erscheinungsbild-fuer-85-000-euro\/#respond"]}]},{"@type":"WebPage","@id":"https:\/\/now-news.de\/de\/deutschland\/bundesverfassungsgericht-aendert-logo-modernes-erscheinungsbild-fuer-85-000-euro\/","url":"https:\/\/now-news.de\/de\/deutschland\/bundesverfassungsgericht-aendert-logo-modernes-erscheinungsbild-fuer-85-000-euro\/","name":"Bundesverfassungsgericht \u00e4ndert Logo: Modernes Erscheinungsbild f\u00fcr 85.000 Euro - just-now.NEWS Deutschland","isPartOf":{"@id":"https:\/\/now-news.de\/de\/#website"},"primaryImageOfPage":{"@id":"https:\/\/now-news.de\/de\/deutschland\/bundesverfassungsgericht-aendert-logo-modernes-erscheinungsbild-fuer-85-000-euro\/#primaryimage"},"image":{"@id":"https:\/\/now-news.de\/de\/deutschland\/bundesverfassungsgericht-aendert-logo-modernes-erscheinungsbild-fuer-85-000-euro\/#primaryimage"},"thumbnailUrl":"https:\/\/now-news.de\/de\/wp-content\/uploads\/sites\/3\/2023\/03\/Bundesverfassungsgericht-aendert-Logo-Modernes-Erscheinungsbild-fuer-85000-Euro.jpg","datePublished":"2023-03-07T14:15:01+00:00","dateModified":"2023-03-07T14:15:01+00:00","breadcrumb":{"@id":"https:\/\/now-news.de\/de\/deutschland\/bundesverfassungsgericht-aendert-logo-modernes-erscheinungsbild-fuer-85-000-euro\/#breadcrumb"},"inLanguage":"de","potentialAction":[{"@type":"ReadAction","target":["https:\/\/now-news.de\/de\/deutschland\/bundesverfassungsgericht-aendert-logo-modernes-erscheinungsbild-fuer-85-000-euro\/"]}]},{"@type":"ImageObject","inLanguage":"de","@id":"https:\/\/now-news.de\/de\/deutschland\/bundesverfassungsgericht-aendert-logo-modernes-erscheinungsbild-fuer-85-000-euro\/#primaryimage","url":"https:\/\/now-news.de\/de\/wp-content\/uploads\/sites\/3\/2023\/03\/Bundesverfassungsgericht-aendert-Logo-Modernes-Erscheinungsbild-fuer-85000-Euro.jpg","contentUrl":"https:\/\/now-news.de\/de\/wp-content\/uploads\/sites\/3\/2023\/03\/Bundesverfassungsgericht-aendert-Logo-Modernes-Erscheinungsbild-fuer-85000-Euro.jpg","width":753,"height":456,"caption":"Bundesverfassungsgericht \u00e4ndert Logo: Modernes Erscheinungsbild f\u00fcr 85.000 Euro"},{"@type":"BreadcrumbList","@id":"https:\/\/now-news.de\/de\/deutschland\/bundesverfassungsgericht-aendert-logo-modernes-erscheinungsbild-fuer-85-000-euro\/#breadcrumb","itemListElement":[{"@type":"ListItem","position":1,"name":"Home","item":"https:\/\/now-news.de\/de\/"},{"@type":"ListItem","position":2,"name":"Bundesverfassungsgericht \u00e4ndert Logo: Modernes Erscheinungsbild f\u00fcr 85.000 Euro"}]},{"@type":"WebSite","@id":"https:\/\/now-news.de\/de\/#website","url":"https:\/\/now-news.de\/de\/","name":"just-now.NEWS Deutschland","description":"Das Portal f\u00fcr unzensierte Nachrichten aus der Welt","publisher":{"@id":"https:\/\/now-news.de\/de\/#organization"},"potentialAction":[{"@type":"SearchAction","target":{"@type":"EntryPoint","urlTemplate":"https:\/\/now-news.de\/de\/?s={search_term_string}"},"query-input":"required name=search_term_string"}],"inLanguage":"de"},{"@type":"Organization","@id":"https:\/\/now-news.de\/de\/#organization","name":"Just Now News","url":"https:\/\/now-news.de\/de\/","logo":{"@type":"ImageObject","inLanguage":"de","@id":"https:\/\/now-news.de\/de\/#\/schema\/logo\/image\/","url":"http:\/\/just-now.news\/de\/wp-content\/uploads\/sites\/3\/2022\/04\/logo500x500.jpg","contentUrl":"http:\/\/just-now.news\/de\/wp-content\/uploads\/sites\/3\/2022\/04\/logo500x500.jpg","width":500,"height":500,"caption":"Just Now News"},"image":{"@id":"https:\/\/now-news.de\/de\/#\/schema\/logo\/image\/"},"sameAs":["https:\/\/www.facebook.com\/wirmachenauf","https:\/\/x.com\/WirMachenAuf_de"]},{"@type":"Person","@id":"https:\/\/now-news.de\/de\/#\/schema\/person\/fb534a4e865501d8b3285208df34a9b5","name":"rtnews","image":{"@type":"ImageObject","inLanguage":"de","@id":"https:\/\/now-news.de\/de\/#\/schema\/person\/image\/","url":"https:\/\/secure.gravatar.com\/avatar\/82aafea7d8127119dd649515f56e2117?s=96&d=mm&r=g","contentUrl":"https:\/\/secure.gravatar.com\/avatar\/82aafea7d8127119dd649515f56e2117?s=96&d=mm&r=g","caption":"rtnews"},"url":"https:\/\/now-news.de\/de\/author\/rnews\/"}]}},"_links":{"self":[{"href":"https:\/\/now-news.de\/de\/wp-json\/wp\/v2\/posts\/31748"}],"collection":[{"href":"https:\/\/now-news.de\/de\/wp-json\/wp\/v2\/posts"}],"about":[{"href":"https:\/\/now-news.de\/de\/wp-json\/wp\/v2\/types\/post"}],"author":[{"embeddable":true,"href":"https:\/\/now-news.de\/de\/wp-json\/wp\/v2\/users\/3"}],"replies":[{"embeddable":true,"href":"https:\/\/now-news.de\/de\/wp-json\/wp\/v2\/comments?post=31748"}],"version-history":[{"count":0,"href":"https:\/\/now-news.de\/de\/wp-json\/wp\/v2\/posts\/31748\/revisions"}],"wp:featuredmedia":[{"embeddable":true,"href":"https:\/\/now-news.de\/de\/wp-json\/wp\/v2\/media\/31749"}],"wp:attachment":[{"href":"https:\/\/now-news.de\/de\/wp-json\/wp\/v2\/media?parent=31748"}],"wp:term":[{"taxonomy":"category","embeddable":true,"href":"https:\/\/now-news.de\/de\/wp-json\/wp\/v2\/categories?post=31748"},{"taxonomy":"post_tag","embeddable":true,"href":"https:\/\/now-news.de\/de\/wp-json\/wp\/v2\/tags?post=31748"}],"curies":[{"name":"wp","href":"https:\/\/api.w.org\/{rel}","templated":true}]}}