{"id":31706,"date":"2023-03-06T23:30:07","date_gmt":"2023-03-06T21:30:07","guid":{"rendered":"https:\/\/just-now.news\/de\/deutschland\/budapest-bezeichnet-kiews-bestechung-der-karpaten-ungarn-zur-ukrainisierung-als-nicht-hinnehmbar\/"},"modified":"2023-03-06T23:30:07","modified_gmt":"2023-03-06T21:30:07","slug":"budapest-bezeichnet-kiews-bestechung-der-karpaten-ungarn-zur-ukrainisierung-als-nicht-hinnehmbar","status":"publish","type":"post","link":"https:\/\/now-news.de\/de\/deutschland\/budapest-bezeichnet-kiews-bestechung-der-karpaten-ungarn-zur-ukrainisierung-als-nicht-hinnehmbar\/","title":{"rendered":"Budapest bezeichnet Kiews Bestechung der Karpaten-Ungarn zur Ukrainisierung als &quot;nicht hinnehmbar&quot;"},"content":{"rendered":"<p><img decoding=\"async\" src=\"http:\/\/just-now.news\/de\/wp-content\/uploads\/sites\/3\/2023\/03\/64062a19b480cc45b173e2e3.jpg\" \/><\/p>\n<div class=\"Text-root Text-type_1 \">\n                Ungarns Au\u00dfenminister P\u00e9ter Szijj\u00e1rt\u00f3 bem\u00e4ngelte Kiews Politik, die mit Geld auf die Ukrainisierung der transkarpatischen ungarischen Minderheit abzielt. \u00dcberdies wies Szijj\u00e1rt\u00f3 darauf hin, dass in der Ukraine fast 100 Schulen von Karpaten-Ungarn bald geschlossen werden.\n            <\/div>\n<p><\/p>\n<div class=\"Text-root Text-type_5 ArticleView-text ViewText-root \">\n<p>Der ungarische Minister f\u00fcr ausw\u00e4rtige Angelegenheiten und Au\u00dfenwirtschaftsbeziehungen, P\u00e9ter Szijj\u00e1rt\u00f3, hat in einer Rede im Parlament die Minderheitenpolitik Kiews kritisiert. Er bezeichnete die derzeitige ukrainische Praxis, ungarischst\u00e4mmige Kinder in Transkarpatien mit finanziellen Anreizen in ukrainischsprachige Schulklassen zu locken, als &#8220;nicht hinnehmbar&#8221;.<\/p>\n<p>Ihm zufolge b\u00f6ten staatliche Institutionen in Transkarpatien denjenigen Familien 850 Dollar pro Jahr, die ihre Kinder nicht in Klassen f\u00fcr nationale Minderheiten anmelden, sondern in regul\u00e4ren Klassen, in denen auf Ukrainisch unterrichtet wird. Zugleich unterst\u00fctzt die Europ\u00e4ische Union das Land mit Milliarden Euro angesichts des Konflikts. Der Minister betonte, dass ein solches Vorgehen, das auf Assimilation (und damit auf lange Sicht auf die Ausl\u00f6schung der ungarischen Minderheit in der Ukraine) abziele, f\u00fcr Budapest inakzeptabel sei. Szijj\u00e1rt\u00f3 w\u00f6rtlich:<\/p>\n<blockquote>\n<p><em>&#8220;Ungarn steht auf der Seite der transkarpatischen ungarischen Minderheit, und wir nutzen in allen internationalen Foren die Gelegenheit, den transkarpatischen Ungarn zu helfen.&#8221;<\/em><\/p>\n<\/blockquote>\n<p>Szijj\u00e1rt\u00f3 wies auch darauf hin, dass in Ungarn 1.247 Kinderg\u00e4rten und Schulen f\u00fcr ukrainische Kinder zur Verf\u00fcgung st\u00fcnden, w\u00e4hrend alle 99 Schulen der ungarischen Minderheit in der Ukraine ab September geschlossen werden sollten. \u00dcberdies wird die Zahl der F\u00e4cher, die nach der vierten Klasse in der Minderheitensprache unterrichtet werden, auf 20 Prozent begrenzt, und Abschluss- und Aufnahmepr\u00fcfungen k\u00f6nnen nicht wie fr\u00fcher auf Ungarisch abgelegt werden.<\/p>\n<p>Zuvor hatte Szijj\u00e1rt\u00f3 erkl\u00e4rt, dass der Europarat auf Initiative Ungarns und Rum\u00e4niens beschlossen habe, sich an die Venedig-Kommission wegen der Lage der nationalen Minderheiten in der Ukraine zu wenden. Budapest hofft, dass Kiew gezwungen sein wird, der Entscheidung der Kommission nachzukommen.<\/p>\n<p>Im Januar hatte der ukrainische Beauftragte f\u00fcr den Schutz der Staatssprache, Taras Kremin, erkl\u00e4rt, dass es Probleme mit der Organisation der Unterrichtung auf Ukrainisch in den Schulen des Gebiets Sakarpatje gebe, in der eine gro\u00dfe Zahl ethnischer Ungarn lebt. Lokalen Medienberichten zufolge wurden ungarische Flaggen aus \u00f6ffentlichen Einrichtungen in der Stadt Mukatschjewo und den umliegenden D\u00f6rfern entfernt, w\u00e4hrend mehrere Leiter von Einrichtungen, die der Transkarpatischen Ungarischen Kulturgesellschaft nahestehen, entlassen wurden.<\/p>\n<p>Wiederum bezeichnete der Staatssekret\u00e4r f\u00fcr bilaterale Beziehungen im ungarischen Au\u00dfenministerium, Tam\u00e1s Menzer, die Drangsalierung gegen die Ungarn als inakzeptabel und forderte die lokalen Beh\u00f6rden auf, die &#8220;Gr\u00e4ueltaten&#8221; gegen sie einzustellen. Damals teilte die ungarische Staatspr\u00e4sidentin Katalin Nov\u00e1k mit, sie habe in einem Brief an Wladimir Selenskij das Gesetz \u00fcber nationale Minderheiten kritisiert, aber es habe keine Antwort gegeben.<\/p>\n<p>Die Spannungen zwischen der Ukraine und Ungarn waren im Zuge der Diskussionen \u00fcber das ukrainische Bildungsgesetz entstanden, das die M\u00f6glichkeiten des Unterrichts in den Sprachen nationaler Minderheiten erheblich einschr\u00e4nkt. Das Gesetz war am 28. September 2017 in Kraft getreten und musste bis Ende 2020 schrittweise umgesetzt werden. Szijj\u00e1rt\u00f3 verk\u00fcndete, Ungarn werde ein Ministertreffen der Ukraine-NATO-Kommission weiterhin blockieren, da es keine Fortschritte in den f\u00fcr Budapest wichtigen Fragen gegeben habe.<\/p>\n<p>Im Vergleich zur gro\u00dfen russischsprachigen Mehrheit behandelt die Ukraine jedoch die ungarische Minderheit des Landes noch mild.\u00a0Mit Beginn des Schuljahres 2020\u00a0wurden alle russischsprachigen Schulen in der Ukraine endg\u00fcltig abgeschafft, sodass\u00a0es selbst in Regionen, in denen Russen und russischsprachige Ukrainer die absolute Mehrheit der Bev\u00f6lkerung bilden, keinen Unterricht auf Russisch in staatlichen Schulen mehr gibt.<\/p>\n<p><strong>Mehr zum Thema<\/strong> &#8211; <a rel=\"nofollow noopener\" target=\"_blank\" href=\"https:\/\/de.rt.com\/kurzclips\/video\/162126-lawrow-westen-und-kiew-wollten\/\">Lawrow: Der Westen und Kiew wollten die Rechte der Minderheiten in der Ukraine liquidieren<\/a><\/p>\n<\/p>\n<\/div>\n<p><br \/>\n<br \/><a href=\"https:\/\/de.rt.com\/international\/164676-ungarn-bezeichnet-kiews-bestechung-karpaten\/\">Source link <\/a><\/p>\n","protected":false},"excerpt":{"rendered":"<p>Ungarns Au\u00dfenminister P\u00e9ter Szijj\u00e1rt\u00f3 bem\u00e4ngelte Kiews Politik, die mit Geld auf die Ukrainisierung der transkarpatischen ungarischen Minderheit abzielt. \u00dcberdies wies Szijj\u00e1rt\u00f3 darauf hin, dass in der Ukraine fast 100 Schulen von Karpaten-Ungarn bald geschlossen werden. Der ungarische Minister f\u00fcr ausw\u00e4rtige Angelegenheiten und Au\u00dfenwirtschaftsbeziehungen, P\u00e9ter Szijj\u00e1rt\u00f3, hat in einer Rede im Parlament die Minderheitenpolitik Kiews kritisiert. [&hellip;]<\/p>\n","protected":false},"author":3,"featured_media":31707,"comment_status":"open","ping_status":"open","sticky":false,"template":"","format":"standard","meta":{"_yoast_indexnow_last_ping":["1678139101"],"wp_automatic_camp":["217"],"3fe7fd490e3b87bb13fde6b7d97294a7":["Budapest bezeichnet Kiews Bestechung der Karpaten-Ungarn zur Ukrainisierung als &quot;nicht hinnehmbar&quot;"],"original_link":["https:\/\/de.rt.com\/international\/164676-ungarn-bezeichnet-kiews-bestechung-karpaten\/"],"_thumbnail_id":["31707"],"_wptgpro_p2tg_sent2tg":["a:1:{i:23737;s:19:\"2023-03-06 23:46:04\";}"],"jnews_social_counter_last_update":["1777170202"]},"categories":[19,23],"tags":[273,32281,7183,10836,82,41638,41637,6313,1546,39314,581],"yoast_head":"<!-- This site is optimized with the Yoast SEO Premium plugin v22.7 (Yoast SEO v22.7) - https:\/\/yoast.com\/wordpress\/plugins\/seo\/ -->\n<title>Budapest bezeichnet Kiews Bestechung der Karpaten-Ungarn zur Ukrainisierung als &quot;nicht hinnehmbar&quot; - just-now.NEWS Deutschland<\/title>\n<meta name=\"robots\" content=\"index, follow, max-snippet:-1, max-image-preview:large, max-video-preview:-1\" \/>\n<link rel=\"canonical\" href=\"https:\/\/now-news.de\/de\/deutschland\/budapest-bezeichnet-kiews-bestechung-der-karpaten-ungarn-zur-ukrainisierung-als-nicht-hinnehmbar\/\" \/>\n<meta property=\"og:locale\" content=\"de_DE\" \/>\n<meta property=\"og:type\" content=\"article\" \/>\n<meta property=\"og:title\" content=\"Budapest bezeichnet Kiews Bestechung der Karpaten-Ungarn zur Ukrainisierung als &quot;nicht hinnehmbar&quot;\" \/>\n<meta property=\"og:description\" content=\"Ungarns Au\u00dfenminister P\u00e9ter Szijj\u00e1rt\u00f3 bem\u00e4ngelte Kiews Politik, die mit Geld auf die Ukrainisierung der transkarpatischen ungarischen Minderheit abzielt. \u00dcberdies wies Szijj\u00e1rt\u00f3 darauf hin, dass in der Ukraine fast 100 Schulen von Karpaten-Ungarn bald geschlossen werden. Der ungarische Minister f\u00fcr ausw\u00e4rtige Angelegenheiten und Au\u00dfenwirtschaftsbeziehungen, P\u00e9ter Szijj\u00e1rt\u00f3, hat in einer Rede im Parlament die Minderheitenpolitik Kiews kritisiert. [&hellip;]\" \/>\n<meta property=\"og:url\" content=\"https:\/\/now-news.de\/de\/deutschland\/budapest-bezeichnet-kiews-bestechung-der-karpaten-ungarn-zur-ukrainisierung-als-nicht-hinnehmbar\/\" \/>\n<meta property=\"og:site_name\" content=\"just-now.NEWS Deutschland\" \/>\n<meta property=\"article:publisher\" content=\"https:\/\/www.facebook.com\/wirmachenauf\" \/>\n<meta property=\"article:published_time\" content=\"2023-03-06T21:30:07+00:00\" \/>\n<meta property=\"og:image\" content=\"https:\/\/now-news.de\/de\/wp-content\/uploads\/sites\/3\/2023\/03\/Budapest-bezeichnet-Kiews-Bestechung-der-Karpaten-Ungarn-zur-Ukrainisierung-als-quotnicht.jpg\" \/>\n\t<meta property=\"og:image:width\" content=\"460\" \/>\n\t<meta property=\"og:image:height\" content=\"259\" \/>\n\t<meta property=\"og:image:type\" content=\"image\/jpeg\" \/>\n<meta name=\"author\" content=\"rtnews\" \/>\n<meta name=\"twitter:card\" content=\"summary_large_image\" \/>\n<meta name=\"twitter:creator\" content=\"@WirMachenAuf_de\" \/>\n<meta name=\"twitter:site\" content=\"@WirMachenAuf_de\" \/>\n<meta name=\"twitter:label1\" content=\"Verfasst von\" \/>\n\t<meta name=\"twitter:data1\" content=\"rtnews\" \/>\n\t<meta name=\"twitter:label2\" content=\"Gesch\u00e4tzte Lesezeit\" \/>\n\t<meta name=\"twitter:data2\" content=\"3\u00a0Minuten\" \/>\n<script type=\"application\/ld+json\" class=\"yoast-schema-graph\">{\"@context\":\"https:\/\/schema.org\",\"@graph\":[{\"@type\":\"Article\",\"@id\":\"https:\/\/now-news.de\/de\/deutschland\/budapest-bezeichnet-kiews-bestechung-der-karpaten-ungarn-zur-ukrainisierung-als-nicht-hinnehmbar\/#article\",\"isPartOf\":{\"@id\":\"https:\/\/now-news.de\/de\/deutschland\/budapest-bezeichnet-kiews-bestechung-der-karpaten-ungarn-zur-ukrainisierung-als-nicht-hinnehmbar\/\"},\"author\":{\"name\":\"rtnews\",\"@id\":\"https:\/\/now-news.de\/de\/#\/schema\/person\/fb534a4e865501d8b3285208df34a9b5\"},\"headline\":\"Budapest bezeichnet Kiews Bestechung der Karpaten-Ungarn zur Ukrainisierung als &quot;nicht hinnehmbar&quot;\",\"datePublished\":\"2023-03-06T21:30:07+00:00\",\"dateModified\":\"2023-03-06T21:30:07+00:00\",\"mainEntityOfPage\":{\"@id\":\"https:\/\/now-news.de\/de\/deutschland\/budapest-bezeichnet-kiews-bestechung-der-karpaten-ungarn-zur-ukrainisierung-als-nicht-hinnehmbar\/\"},\"wordCount\":615,\"commentCount\":0,\"publisher\":{\"@id\":\"https:\/\/now-news.de\/de\/#organization\"},\"image\":{\"@id\":\"https:\/\/now-news.de\/de\/deutschland\/budapest-bezeichnet-kiews-bestechung-der-karpaten-ungarn-zur-ukrainisierung-als-nicht-hinnehmbar\/#primaryimage\"},\"thumbnailUrl\":\"https:\/\/now-news.de\/de\/wp-content\/uploads\/sites\/3\/2023\/03\/Budapest-bezeichnet-Kiews-Bestechung-der-Karpaten-Ungarn-zur-Ukrainisierung-als-quotnicht.jpg\",\"keywords\":[\"als\",\"Bestechung\",\"bezeichnet\",\"Budapest\",\"der\",\"hinnehmbarquot\",\"KarpatenUngarn\",\"Kiews\",\"quotnicht\",\"Ukrainisierung\",\"zur\"],\"articleSection\":[\"Deutschland\",\"Russland\"],\"inLanguage\":\"de\",\"potentialAction\":[{\"@type\":\"CommentAction\",\"name\":\"Comment\",\"target\":[\"https:\/\/now-news.de\/de\/deutschland\/budapest-bezeichnet-kiews-bestechung-der-karpaten-ungarn-zur-ukrainisierung-als-nicht-hinnehmbar\/#respond\"]}]},{\"@type\":\"WebPage\",\"@id\":\"https:\/\/now-news.de\/de\/deutschland\/budapest-bezeichnet-kiews-bestechung-der-karpaten-ungarn-zur-ukrainisierung-als-nicht-hinnehmbar\/\",\"url\":\"https:\/\/now-news.de\/de\/deutschland\/budapest-bezeichnet-kiews-bestechung-der-karpaten-ungarn-zur-ukrainisierung-als-nicht-hinnehmbar\/\",\"name\":\"Budapest bezeichnet Kiews Bestechung der Karpaten-Ungarn zur Ukrainisierung als &quot;nicht hinnehmbar&quot; - just-now.NEWS Deutschland\",\"isPartOf\":{\"@id\":\"https:\/\/now-news.de\/de\/#website\"},\"primaryImageOfPage\":{\"@id\":\"https:\/\/now-news.de\/de\/deutschland\/budapest-bezeichnet-kiews-bestechung-der-karpaten-ungarn-zur-ukrainisierung-als-nicht-hinnehmbar\/#primaryimage\"},\"image\":{\"@id\":\"https:\/\/now-news.de\/de\/deutschland\/budapest-bezeichnet-kiews-bestechung-der-karpaten-ungarn-zur-ukrainisierung-als-nicht-hinnehmbar\/#primaryimage\"},\"thumbnailUrl\":\"https:\/\/now-news.de\/de\/wp-content\/uploads\/sites\/3\/2023\/03\/Budapest-bezeichnet-Kiews-Bestechung-der-Karpaten-Ungarn-zur-Ukrainisierung-als-quotnicht.jpg\",\"datePublished\":\"2023-03-06T21:30:07+00:00\",\"dateModified\":\"2023-03-06T21:30:07+00:00\",\"breadcrumb\":{\"@id\":\"https:\/\/now-news.de\/de\/deutschland\/budapest-bezeichnet-kiews-bestechung-der-karpaten-ungarn-zur-ukrainisierung-als-nicht-hinnehmbar\/#breadcrumb\"},\"inLanguage\":\"de\",\"potentialAction\":[{\"@type\":\"ReadAction\",\"target\":[\"https:\/\/now-news.de\/de\/deutschland\/budapest-bezeichnet-kiews-bestechung-der-karpaten-ungarn-zur-ukrainisierung-als-nicht-hinnehmbar\/\"]}]},{\"@type\":\"ImageObject\",\"inLanguage\":\"de\",\"@id\":\"https:\/\/now-news.de\/de\/deutschland\/budapest-bezeichnet-kiews-bestechung-der-karpaten-ungarn-zur-ukrainisierung-als-nicht-hinnehmbar\/#primaryimage\",\"url\":\"https:\/\/now-news.de\/de\/wp-content\/uploads\/sites\/3\/2023\/03\/Budapest-bezeichnet-Kiews-Bestechung-der-Karpaten-Ungarn-zur-Ukrainisierung-als-quotnicht.jpg\",\"contentUrl\":\"https:\/\/now-news.de\/de\/wp-content\/uploads\/sites\/3\/2023\/03\/Budapest-bezeichnet-Kiews-Bestechung-der-Karpaten-Ungarn-zur-Ukrainisierung-als-quotnicht.jpg\",\"width\":460,\"height\":259,\"caption\":\"Budapest bezeichnet Kiews Bestechung der Karpaten-Ungarn zur Ukrainisierung als &quot;nicht hinnehmbar&quot;\"},{\"@type\":\"BreadcrumbList\",\"@id\":\"https:\/\/now-news.de\/de\/deutschland\/budapest-bezeichnet-kiews-bestechung-der-karpaten-ungarn-zur-ukrainisierung-als-nicht-hinnehmbar\/#breadcrumb\",\"itemListElement\":[{\"@type\":\"ListItem\",\"position\":1,\"name\":\"Home\",\"item\":\"https:\/\/now-news.de\/de\/\"},{\"@type\":\"ListItem\",\"position\":2,\"name\":\"Budapest bezeichnet Kiews Bestechung der Karpaten-Ungarn zur Ukrainisierung als &quot;nicht hinnehmbar&quot;\"}]},{\"@type\":\"WebSite\",\"@id\":\"https:\/\/now-news.de\/de\/#website\",\"url\":\"https:\/\/now-news.de\/de\/\",\"name\":\"just-now.NEWS Deutschland\",\"description\":\"Das Portal f\u00fcr unzensierte Nachrichten aus der Welt\",\"publisher\":{\"@id\":\"https:\/\/now-news.de\/de\/#organization\"},\"potentialAction\":[{\"@type\":\"SearchAction\",\"target\":{\"@type\":\"EntryPoint\",\"urlTemplate\":\"https:\/\/now-news.de\/de\/?s={search_term_string}\"},\"query-input\":\"required name=search_term_string\"}],\"inLanguage\":\"de\"},{\"@type\":\"Organization\",\"@id\":\"https:\/\/now-news.de\/de\/#organization\",\"name\":\"Just Now News\",\"url\":\"https:\/\/now-news.de\/de\/\",\"logo\":{\"@type\":\"ImageObject\",\"inLanguage\":\"de\",\"@id\":\"https:\/\/now-news.de\/de\/#\/schema\/logo\/image\/\",\"url\":\"http:\/\/just-now.news\/de\/wp-content\/uploads\/sites\/3\/2022\/04\/logo500x500.jpg\",\"contentUrl\":\"http:\/\/just-now.news\/de\/wp-content\/uploads\/sites\/3\/2022\/04\/logo500x500.jpg\",\"width\":500,\"height\":500,\"caption\":\"Just Now News\"},\"image\":{\"@id\":\"https:\/\/now-news.de\/de\/#\/schema\/logo\/image\/\"},\"sameAs\":[\"https:\/\/www.facebook.com\/wirmachenauf\",\"https:\/\/x.com\/WirMachenAuf_de\"]},{\"@type\":\"Person\",\"@id\":\"https:\/\/now-news.de\/de\/#\/schema\/person\/fb534a4e865501d8b3285208df34a9b5\",\"name\":\"rtnews\",\"image\":{\"@type\":\"ImageObject\",\"inLanguage\":\"de\",\"@id\":\"https:\/\/now-news.de\/de\/#\/schema\/person\/image\/\",\"url\":\"https:\/\/secure.gravatar.com\/avatar\/82aafea7d8127119dd649515f56e2117?s=96&d=mm&r=g\",\"contentUrl\":\"https:\/\/secure.gravatar.com\/avatar\/82aafea7d8127119dd649515f56e2117?s=96&d=mm&r=g\",\"caption\":\"rtnews\"},\"url\":\"https:\/\/now-news.de\/de\/author\/rnews\/\"}]}<\/script>\n<!-- \/ Yoast SEO Premium plugin. -->","yoast_head_json":{"title":"Budapest bezeichnet Kiews Bestechung der Karpaten-Ungarn zur Ukrainisierung als &quot;nicht hinnehmbar&quot; - just-now.NEWS Deutschland","robots":{"index":"index","follow":"follow","max-snippet":"max-snippet:-1","max-image-preview":"max-image-preview:large","max-video-preview":"max-video-preview:-1"},"canonical":"https:\/\/now-news.de\/de\/deutschland\/budapest-bezeichnet-kiews-bestechung-der-karpaten-ungarn-zur-ukrainisierung-als-nicht-hinnehmbar\/","og_locale":"de_DE","og_type":"article","og_title":"Budapest bezeichnet Kiews Bestechung der Karpaten-Ungarn zur Ukrainisierung als &quot;nicht hinnehmbar&quot;","og_description":"Ungarns Au\u00dfenminister P\u00e9ter Szijj\u00e1rt\u00f3 bem\u00e4ngelte Kiews Politik, die mit Geld auf die Ukrainisierung der transkarpatischen ungarischen Minderheit abzielt. \u00dcberdies wies Szijj\u00e1rt\u00f3 darauf hin, dass in der Ukraine fast 100 Schulen von Karpaten-Ungarn bald geschlossen werden. Der ungarische Minister f\u00fcr ausw\u00e4rtige Angelegenheiten und Au\u00dfenwirtschaftsbeziehungen, P\u00e9ter Szijj\u00e1rt\u00f3, hat in einer Rede im Parlament die Minderheitenpolitik Kiews kritisiert. [&hellip;]","og_url":"https:\/\/now-news.de\/de\/deutschland\/budapest-bezeichnet-kiews-bestechung-der-karpaten-ungarn-zur-ukrainisierung-als-nicht-hinnehmbar\/","og_site_name":"just-now.NEWS Deutschland","article_publisher":"https:\/\/www.facebook.com\/wirmachenauf","article_published_time":"2023-03-06T21:30:07+00:00","og_image":[{"width":460,"height":259,"url":"https:\/\/now-news.de\/de\/wp-content\/uploads\/sites\/3\/2023\/03\/Budapest-bezeichnet-Kiews-Bestechung-der-Karpaten-Ungarn-zur-Ukrainisierung-als-quotnicht.jpg","type":"image\/jpeg"}],"author":"rtnews","twitter_card":"summary_large_image","twitter_creator":"@WirMachenAuf_de","twitter_site":"@WirMachenAuf_de","twitter_misc":{"Verfasst von":"rtnews","Gesch\u00e4tzte Lesezeit":"3\u00a0Minuten"},"schema":{"@context":"https:\/\/schema.org","@graph":[{"@type":"Article","@id":"https:\/\/now-news.de\/de\/deutschland\/budapest-bezeichnet-kiews-bestechung-der-karpaten-ungarn-zur-ukrainisierung-als-nicht-hinnehmbar\/#article","isPartOf":{"@id":"https:\/\/now-news.de\/de\/deutschland\/budapest-bezeichnet-kiews-bestechung-der-karpaten-ungarn-zur-ukrainisierung-als-nicht-hinnehmbar\/"},"author":{"name":"rtnews","@id":"https:\/\/now-news.de\/de\/#\/schema\/person\/fb534a4e865501d8b3285208df34a9b5"},"headline":"Budapest bezeichnet Kiews Bestechung der Karpaten-Ungarn zur Ukrainisierung als &quot;nicht hinnehmbar&quot;","datePublished":"2023-03-06T21:30:07+00:00","dateModified":"2023-03-06T21:30:07+00:00","mainEntityOfPage":{"@id":"https:\/\/now-news.de\/de\/deutschland\/budapest-bezeichnet-kiews-bestechung-der-karpaten-ungarn-zur-ukrainisierung-als-nicht-hinnehmbar\/"},"wordCount":615,"commentCount":0,"publisher":{"@id":"https:\/\/now-news.de\/de\/#organization"},"image":{"@id":"https:\/\/now-news.de\/de\/deutschland\/budapest-bezeichnet-kiews-bestechung-der-karpaten-ungarn-zur-ukrainisierung-als-nicht-hinnehmbar\/#primaryimage"},"thumbnailUrl":"https:\/\/now-news.de\/de\/wp-content\/uploads\/sites\/3\/2023\/03\/Budapest-bezeichnet-Kiews-Bestechung-der-Karpaten-Ungarn-zur-Ukrainisierung-als-quotnicht.jpg","keywords":["als","Bestechung","bezeichnet","Budapest","der","hinnehmbarquot","KarpatenUngarn","Kiews","quotnicht","Ukrainisierung","zur"],"articleSection":["Deutschland","Russland"],"inLanguage":"de","potentialAction":[{"@type":"CommentAction","name":"Comment","target":["https:\/\/now-news.de\/de\/deutschland\/budapest-bezeichnet-kiews-bestechung-der-karpaten-ungarn-zur-ukrainisierung-als-nicht-hinnehmbar\/#respond"]}]},{"@type":"WebPage","@id":"https:\/\/now-news.de\/de\/deutschland\/budapest-bezeichnet-kiews-bestechung-der-karpaten-ungarn-zur-ukrainisierung-als-nicht-hinnehmbar\/","url":"https:\/\/now-news.de\/de\/deutschland\/budapest-bezeichnet-kiews-bestechung-der-karpaten-ungarn-zur-ukrainisierung-als-nicht-hinnehmbar\/","name":"Budapest bezeichnet Kiews Bestechung der Karpaten-Ungarn zur Ukrainisierung als &quot;nicht hinnehmbar&quot; - just-now.NEWS Deutschland","isPartOf":{"@id":"https:\/\/now-news.de\/de\/#website"},"primaryImageOfPage":{"@id":"https:\/\/now-news.de\/de\/deutschland\/budapest-bezeichnet-kiews-bestechung-der-karpaten-ungarn-zur-ukrainisierung-als-nicht-hinnehmbar\/#primaryimage"},"image":{"@id":"https:\/\/now-news.de\/de\/deutschland\/budapest-bezeichnet-kiews-bestechung-der-karpaten-ungarn-zur-ukrainisierung-als-nicht-hinnehmbar\/#primaryimage"},"thumbnailUrl":"https:\/\/now-news.de\/de\/wp-content\/uploads\/sites\/3\/2023\/03\/Budapest-bezeichnet-Kiews-Bestechung-der-Karpaten-Ungarn-zur-Ukrainisierung-als-quotnicht.jpg","datePublished":"2023-03-06T21:30:07+00:00","dateModified":"2023-03-06T21:30:07+00:00","breadcrumb":{"@id":"https:\/\/now-news.de\/de\/deutschland\/budapest-bezeichnet-kiews-bestechung-der-karpaten-ungarn-zur-ukrainisierung-als-nicht-hinnehmbar\/#breadcrumb"},"inLanguage":"de","potentialAction":[{"@type":"ReadAction","target":["https:\/\/now-news.de\/de\/deutschland\/budapest-bezeichnet-kiews-bestechung-der-karpaten-ungarn-zur-ukrainisierung-als-nicht-hinnehmbar\/"]}]},{"@type":"ImageObject","inLanguage":"de","@id":"https:\/\/now-news.de\/de\/deutschland\/budapest-bezeichnet-kiews-bestechung-der-karpaten-ungarn-zur-ukrainisierung-als-nicht-hinnehmbar\/#primaryimage","url":"https:\/\/now-news.de\/de\/wp-content\/uploads\/sites\/3\/2023\/03\/Budapest-bezeichnet-Kiews-Bestechung-der-Karpaten-Ungarn-zur-Ukrainisierung-als-quotnicht.jpg","contentUrl":"https:\/\/now-news.de\/de\/wp-content\/uploads\/sites\/3\/2023\/03\/Budapest-bezeichnet-Kiews-Bestechung-der-Karpaten-Ungarn-zur-Ukrainisierung-als-quotnicht.jpg","width":460,"height":259,"caption":"Budapest bezeichnet Kiews Bestechung der Karpaten-Ungarn zur Ukrainisierung als &quot;nicht hinnehmbar&quot;"},{"@type":"BreadcrumbList","@id":"https:\/\/now-news.de\/de\/deutschland\/budapest-bezeichnet-kiews-bestechung-der-karpaten-ungarn-zur-ukrainisierung-als-nicht-hinnehmbar\/#breadcrumb","itemListElement":[{"@type":"ListItem","position":1,"name":"Home","item":"https:\/\/now-news.de\/de\/"},{"@type":"ListItem","position":2,"name":"Budapest bezeichnet Kiews Bestechung der Karpaten-Ungarn zur Ukrainisierung als &quot;nicht hinnehmbar&quot;"}]},{"@type":"WebSite","@id":"https:\/\/now-news.de\/de\/#website","url":"https:\/\/now-news.de\/de\/","name":"just-now.NEWS Deutschland","description":"Das Portal f\u00fcr unzensierte Nachrichten aus der Welt","publisher":{"@id":"https:\/\/now-news.de\/de\/#organization"},"potentialAction":[{"@type":"SearchAction","target":{"@type":"EntryPoint","urlTemplate":"https:\/\/now-news.de\/de\/?s={search_term_string}"},"query-input":"required name=search_term_string"}],"inLanguage":"de"},{"@type":"Organization","@id":"https:\/\/now-news.de\/de\/#organization","name":"Just Now News","url":"https:\/\/now-news.de\/de\/","logo":{"@type":"ImageObject","inLanguage":"de","@id":"https:\/\/now-news.de\/de\/#\/schema\/logo\/image\/","url":"http:\/\/just-now.news\/de\/wp-content\/uploads\/sites\/3\/2022\/04\/logo500x500.jpg","contentUrl":"http:\/\/just-now.news\/de\/wp-content\/uploads\/sites\/3\/2022\/04\/logo500x500.jpg","width":500,"height":500,"caption":"Just Now News"},"image":{"@id":"https:\/\/now-news.de\/de\/#\/schema\/logo\/image\/"},"sameAs":["https:\/\/www.facebook.com\/wirmachenauf","https:\/\/x.com\/WirMachenAuf_de"]},{"@type":"Person","@id":"https:\/\/now-news.de\/de\/#\/schema\/person\/fb534a4e865501d8b3285208df34a9b5","name":"rtnews","image":{"@type":"ImageObject","inLanguage":"de","@id":"https:\/\/now-news.de\/de\/#\/schema\/person\/image\/","url":"https:\/\/secure.gravatar.com\/avatar\/82aafea7d8127119dd649515f56e2117?s=96&d=mm&r=g","contentUrl":"https:\/\/secure.gravatar.com\/avatar\/82aafea7d8127119dd649515f56e2117?s=96&d=mm&r=g","caption":"rtnews"},"url":"https:\/\/now-news.de\/de\/author\/rnews\/"}]}},"_links":{"self":[{"href":"https:\/\/now-news.de\/de\/wp-json\/wp\/v2\/posts\/31706"}],"collection":[{"href":"https:\/\/now-news.de\/de\/wp-json\/wp\/v2\/posts"}],"about":[{"href":"https:\/\/now-news.de\/de\/wp-json\/wp\/v2\/types\/post"}],"author":[{"embeddable":true,"href":"https:\/\/now-news.de\/de\/wp-json\/wp\/v2\/users\/3"}],"replies":[{"embeddable":true,"href":"https:\/\/now-news.de\/de\/wp-json\/wp\/v2\/comments?post=31706"}],"version-history":[{"count":0,"href":"https:\/\/now-news.de\/de\/wp-json\/wp\/v2\/posts\/31706\/revisions"}],"wp:featuredmedia":[{"embeddable":true,"href":"https:\/\/now-news.de\/de\/wp-json\/wp\/v2\/media\/31707"}],"wp:attachment":[{"href":"https:\/\/now-news.de\/de\/wp-json\/wp\/v2\/media?parent=31706"}],"wp:term":[{"taxonomy":"category","embeddable":true,"href":"https:\/\/now-news.de\/de\/wp-json\/wp\/v2\/categories?post=31706"},{"taxonomy":"post_tag","embeddable":true,"href":"https:\/\/now-news.de\/de\/wp-json\/wp\/v2\/tags?post=31706"}],"curies":[{"name":"wp","href":"https:\/\/api.w.org\/{rel}","templated":true}]}}