{"id":31686,"date":"2023-03-06T19:45:57","date_gmt":"2023-03-06T17:45:57","guid":{"rendered":"https:\/\/just-now.news\/de\/deutschland\/israel-verlaengerung-des-umstrittenen-staatsbuergerschafts-gesetzes\/"},"modified":"2023-03-06T19:45:57","modified_gmt":"2023-03-06T17:45:57","slug":"israel-verlaengerung-des-umstrittenen-staatsbuergerschafts-gesetzes","status":"publish","type":"post","link":"https:\/\/now-news.de\/de\/deutschland\/israel-verlaengerung-des-umstrittenen-staatsbuergerschafts-gesetzes\/","title":{"rendered":"Israel: Verl\u00e4ngerung des umstrittenen Staatsb\u00fcrgerschafts-Gesetzes"},"content":{"rendered":"<p><img decoding=\"async\" src=\"http:\/\/just-now.news\/de\/wp-content\/uploads\/sites\/3\/2023\/03\/6405f689b480cc30406c2ebf.jpg\" \/><\/p>\n<div class=\"Text-root Text-type_1 \">\n                Derzeit f\u00fchrt die israelische Regierung unter dem Ministerpr\u00e4sidenten Benjamin Netanjahu eine Reihe umstrittener Justizreformen durch. Heute wurde das sogenannte Staatsb\u00fcrgerschafts-Gesetz um ein weiteres Jahr verl\u00e4ngert, das israelisch-pal\u00e4stinensischen Ehepaaren verbietet, gemeinsam in Israel zu leben.\n            <\/div>\n<p><\/p>\n<div class=\"Text-root Text-type_5 ArticleView-text ViewText-root \">\n<p>In Israel ist am Montag das umstrittene, sogenannte Staatsb\u00fcrgerschafts-Gesetz durch einen Beschluss der Knesset in Jerusalem wieder in Kraft gesetzt worden. Nach diesem Gesetz d\u00fcrfen pal\u00e4stinensische Araber \u2013 selbst nach einer Heirat mit einem israelischen Staatsb\u00fcrger \u2013 nicht mit ihrem Ehepartner in Israel leben.<\/p>\n<p>2003 wurde das Zuzugsverbot f\u00fcr Pal\u00e4stinenser erstmals beschlossen. Anlass war ein Selbstmordanschlag, der in Haifa w\u00e4hrend der zweiten Intifada ver\u00fcbt worden war und 17 Todesopfer mit sich brachte. Laut israelischen Angaben handelte es sich bei dem Attent\u00e4ter um einen Pal\u00e4stinenser, der durch Heirat eine israelische Identit\u00e4tskarte erhalten hatte.\u00a0Seit dem erstmaligen Inkrafttreten\u00a0wurde das Gesetz j\u00e4hrlich um weitere zw\u00f6lf Monate verl\u00e4ngert.\u00a0<\/p>\n<p>2007 wurde das Staatsb\u00fcrgerschafts-Gesetz dann auch auf Personen aus L\u00e4ndern ausgeweitet, die von der israelischen Regierung als feindlich eingestuft werden: also Libanon, Irak, Iran und Syrien. Im Juli 2021 wurde die gesetzliche Regelung f\u00fcr ein Jahr ausgesetzt, als deren Verl\u00e4ngerung unter der Regierung des Ministerpr\u00e4sidenten Naftali Bennett scheiterte. Seit dem Jahr 2022 ist sie wieder in Kraft. Zudem wurde erstmals ein Verweis auf Israel als ein &#8220;j\u00fcdischer und demokratischer Staat&#8221; hinzugef\u00fcgt.<\/p>\n<p><strong>Umstrittene Justizreformen<\/strong><\/p>\n<p>Derzeit wird in Israel eine ganze Reihe umstrittener Justizreformen durchgef\u00fchrt. So soll es nach den Pl\u00e4nen der neuen, rechts-religi\u00f6sen Koalition unter dem Ministerpr\u00e4sidenten Benjamin Netanjahu k\u00fcnftig m\u00f6glich sein, Entscheidungen des h\u00f6chsten Gerichts durch das Parlament mit einfacher Mehrheit aufzuheben. Zudem sollen Politiker mehr Einfluss auf die Ernennung von Richtern erlangen.<\/p>\n<p>Gegen die Justizreformen der Regierung protestierten in den vergangenen Wochen Hunderttausende von Israelis. Am Samstag sollen es allein in Tel Aviv 160.000 Demonstranten gewesen sein.<\/p>\n<p>Ein weiterer Teil der Reform sieht vor, dass Amtstr\u00e4ger k\u00fcnftig Spenden akzeptieren d\u00fcrfen, wenn diese dazu dienen sollen, medizinische Ausgaben oder Gerichtskosten zu decken. Am Sonntag wurde dieser Vorschlag, der gerade f\u00fcr den derzeitigen Ministerpr\u00e4sidenten zu einem pers\u00f6nlich g\u00fcnstigen Zeitpunkt kommt, im Ministerausschuss vorl\u00e4ufig gebilligt. Denn Netanjahu hatte von seinem Cousin umgerechnet 250.000 Euro als &#8220;Beihilfe&#8221; f\u00fcr Prozesskosten erhalten. Nach einer Entscheidung des obersten Gerichtshofes m\u00fcsste Netanjahu bislang diese Summe zur\u00fcckzahlen.<\/p>\n<p><strong>Todesstrafe f\u00fcr Terroristen<\/strong><\/p>\n<p>Am vergangenen Mittwoch brachte das israelische Parlament ein weiteres umstrittenes Gesetzesvorhaben auf den Weg, das die Wiedereinf\u00fchrung der Todesstrafe\u00a0f\u00fcr Terroristen vorsieht. 55 von 120 Abgeordneten stimmten f\u00fcr den Entwurf, laut dem mit dem Tode bestraft werden soll, &#8220;wer absichtlich oder aus Gleichg\u00fcltigkeit den Tod eines israelischen B\u00fcrgers verursacht, wenn die Tat aus einer rassistischen Motivation erfolgt oder aus Feindseligkeit gegen eine bestimmte Bev\u00f6lkerungsgruppe&#8221;, ebenso wer das Ziel hat, &#8220;dem Staat Israel zu schaden oder der Wiedergeburt des j\u00fcdischen Volkes in seinem Heimatland&#8221;.<\/p>\n<p>Im besetzten Westjordanland w\u00fcrden laut diesem Entwurf Milit\u00e4rgerichte erm\u00e4chtigt werden, mit einer einfachen Mehrheit Todesurteile auszusprechen. Drei weitere Lesungen sind notwendig, bevor dieses Gesetz in Kraft treten kann. Jegliche Versuche, die Todesstrafe f\u00fcr Terroristen einzuf\u00fchren, waren in der Vergangenheit stets gescheitert.<\/p>\n<p>1954 war in Israel die Todesstrafe f\u00fcr Mord abgeschafft worden. In Ausnahmef\u00e4llen durfte sie jedoch weiterhin verh\u00e4ngt werden. Die letzte Hinrichtung in Israel aufgrund des Urteils von einem ordentlichen Gericht war bis heute die des deutschen Nazi-Kriegsverbrechers Adolf Eichmann im Jahre 1962.<\/p>\n<p><strong>Mehr zum Thema\u00a0<\/strong>\u2013\u00a0<a rel=\"nofollow noopener\" target=\"_blank\" href=\"https:\/\/de.rt.com\/der-nahe-osten\/164398-israels-finanzminister-in-usa\/\">Trotz Aufruf zum Ausradieren einer pal\u00e4stinensischen Stadt reist Israels Finanzminister in die USA<\/a><\/p>\n<div class=\"EmbedBlock-root EmbedBlock-externalVideo EmbedBlock-odysee\">\n<div class=\"VkEmbed\"><iframe class=\"lazyload\" data-src=\"https:\/\/odysee.com\/%24\/embed\/%40RTDE%3Ae%2FSu-25_vernichten_ukrainische_Stellungen%3Ae\" frameborder=\"0\" width=\"853\" height=\"480\" allowfullscreen><\/iframe><\/div>\n<\/div>\n<\/div>\n<p><br \/>\n<br \/><a href=\"https:\/\/de.rt.com\/asien\/164650-israel-verlaengerung-umstrittenen-staatsbuergerschafts-gesetzes\/\">Source link <\/a><\/p>\n","protected":false},"excerpt":{"rendered":"<p>Derzeit f\u00fchrt die israelische Regierung unter dem Ministerpr\u00e4sidenten Benjamin Netanjahu eine Reihe umstrittener Justizreformen durch. Heute wurde das sogenannte Staatsb\u00fcrgerschafts-Gesetz um ein weiteres Jahr verl\u00e4ngert, das israelisch-pal\u00e4stinensischen Ehepaaren verbietet, gemeinsam in Israel zu leben. In Israel ist am Montag das umstrittene, sogenannte Staatsb\u00fcrgerschafts-Gesetz durch einen Beschluss der Knesset in Jerusalem wieder in Kraft gesetzt worden. [&hellip;]<\/p>\n","protected":false},"author":3,"featured_media":31687,"comment_status":"open","ping_status":"open","sticky":false,"template":"","format":"standard","meta":{"_yoast_indexnow_last_ping":["1678125484"],"wp_automatic_camp":["217"],"3cf01a805c2eaf8a17e0b29347dea1e7":["Israel: Verl\u00e4ngerung des umstrittenen Staatsb\u00fcrgerschafts-Gesetzes"],"original_link":["https:\/\/de.rt.com\/asien\/164650-israel-verlaengerung-umstrittenen-staatsbuergerschafts-gesetzes\/"],"_thumbnail_id":["31687"],"jnews_social_counter_last_update":["1777689007"],"_wptgpro_p2tg_sent2tg":["a:1:{i:23737;s:19:\"2023-03-06 19:59:06\";}"]},"categories":[19,23],"tags":[583,432,41626,3744,23093],"yoast_head":"<!-- This site is optimized with the Yoast SEO Premium plugin v22.7 (Yoast SEO v22.7) - https:\/\/yoast.com\/wordpress\/plugins\/seo\/ -->\n<title>Israel: Verl\u00e4ngerung des umstrittenen Staatsb\u00fcrgerschafts-Gesetzes - just-now.NEWS Deutschland<\/title>\n<meta name=\"robots\" content=\"index, follow, max-snippet:-1, max-image-preview:large, max-video-preview:-1\" \/>\n<link rel=\"canonical\" href=\"https:\/\/now-news.de\/de\/deutschland\/israel-verlaengerung-des-umstrittenen-staatsbuergerschafts-gesetzes\/\" \/>\n<meta property=\"og:locale\" content=\"de_DE\" \/>\n<meta property=\"og:type\" content=\"article\" \/>\n<meta property=\"og:title\" content=\"Israel: Verl\u00e4ngerung des umstrittenen Staatsb\u00fcrgerschafts-Gesetzes\" \/>\n<meta property=\"og:description\" content=\"Derzeit f\u00fchrt die israelische Regierung unter dem Ministerpr\u00e4sidenten Benjamin Netanjahu eine Reihe umstrittener Justizreformen durch. Heute wurde das sogenannte Staatsb\u00fcrgerschafts-Gesetz um ein weiteres Jahr verl\u00e4ngert, das israelisch-pal\u00e4stinensischen Ehepaaren verbietet, gemeinsam in Israel zu leben. In Israel ist am Montag das umstrittene, sogenannte Staatsb\u00fcrgerschafts-Gesetz durch einen Beschluss der Knesset in Jerusalem wieder in Kraft gesetzt worden. [&hellip;]\" \/>\n<meta property=\"og:url\" content=\"https:\/\/now-news.de\/de\/deutschland\/israel-verlaengerung-des-umstrittenen-staatsbuergerschafts-gesetzes\/\" \/>\n<meta property=\"og:site_name\" content=\"just-now.NEWS Deutschland\" \/>\n<meta property=\"article:publisher\" content=\"https:\/\/www.facebook.com\/wirmachenauf\" \/>\n<meta property=\"article:published_time\" content=\"2023-03-06T17:45:57+00:00\" \/>\n<meta property=\"og:image\" content=\"https:\/\/now-news.de\/de\/wp-content\/uploads\/sites\/3\/2023\/03\/Israel-Verlaengerung-des-umstrittenen-Staatsbuergerschafts-Gesetzes.jpg\" \/>\n\t<meta property=\"og:image:width\" content=\"460\" \/>\n\t<meta property=\"og:image:height\" content=\"259\" \/>\n\t<meta property=\"og:image:type\" content=\"image\/jpeg\" \/>\n<meta name=\"author\" content=\"rtnews\" \/>\n<meta name=\"twitter:card\" content=\"summary_large_image\" \/>\n<meta name=\"twitter:creator\" content=\"@WirMachenAuf_de\" \/>\n<meta name=\"twitter:site\" content=\"@WirMachenAuf_de\" \/>\n<meta name=\"twitter:label1\" content=\"Verfasst von\" \/>\n\t<meta name=\"twitter:data1\" content=\"rtnews\" \/>\n\t<meta name=\"twitter:label2\" content=\"Gesch\u00e4tzte Lesezeit\" \/>\n\t<meta name=\"twitter:data2\" content=\"3\u00a0Minuten\" \/>\n<script type=\"application\/ld+json\" class=\"yoast-schema-graph\">{\"@context\":\"https:\/\/schema.org\",\"@graph\":[{\"@type\":\"Article\",\"@id\":\"https:\/\/now-news.de\/de\/deutschland\/israel-verlaengerung-des-umstrittenen-staatsbuergerschafts-gesetzes\/#article\",\"isPartOf\":{\"@id\":\"https:\/\/now-news.de\/de\/deutschland\/israel-verlaengerung-des-umstrittenen-staatsbuergerschafts-gesetzes\/\"},\"author\":{\"name\":\"rtnews\",\"@id\":\"https:\/\/now-news.de\/de\/#\/schema\/person\/fb534a4e865501d8b3285208df34a9b5\"},\"headline\":\"Israel: Verl\u00e4ngerung des umstrittenen Staatsb\u00fcrgerschafts-Gesetzes\",\"datePublished\":\"2023-03-06T17:45:57+00:00\",\"dateModified\":\"2023-03-06T17:45:57+00:00\",\"mainEntityOfPage\":{\"@id\":\"https:\/\/now-news.de\/de\/deutschland\/israel-verlaengerung-des-umstrittenen-staatsbuergerschafts-gesetzes\/\"},\"wordCount\":601,\"commentCount\":0,\"publisher\":{\"@id\":\"https:\/\/now-news.de\/de\/#organization\"},\"image\":{\"@id\":\"https:\/\/now-news.de\/de\/deutschland\/israel-verlaengerung-des-umstrittenen-staatsbuergerschafts-gesetzes\/#primaryimage\"},\"thumbnailUrl\":\"https:\/\/now-news.de\/de\/wp-content\/uploads\/sites\/3\/2023\/03\/Israel-Verlaengerung-des-umstrittenen-Staatsbuergerschafts-Gesetzes.jpg\",\"keywords\":[\"des\",\"Israel\",\"Staatsb\u00fcrgerschaftsGesetzes\",\"umstrittenen\",\"Verl\u00e4ngerung\"],\"articleSection\":[\"Deutschland\",\"Russland\"],\"inLanguage\":\"de\",\"potentialAction\":[{\"@type\":\"CommentAction\",\"name\":\"Comment\",\"target\":[\"https:\/\/now-news.de\/de\/deutschland\/israel-verlaengerung-des-umstrittenen-staatsbuergerschafts-gesetzes\/#respond\"]}]},{\"@type\":\"WebPage\",\"@id\":\"https:\/\/now-news.de\/de\/deutschland\/israel-verlaengerung-des-umstrittenen-staatsbuergerschafts-gesetzes\/\",\"url\":\"https:\/\/now-news.de\/de\/deutschland\/israel-verlaengerung-des-umstrittenen-staatsbuergerschafts-gesetzes\/\",\"name\":\"Israel: Verl\u00e4ngerung des umstrittenen Staatsb\u00fcrgerschafts-Gesetzes - just-now.NEWS Deutschland\",\"isPartOf\":{\"@id\":\"https:\/\/now-news.de\/de\/#website\"},\"primaryImageOfPage\":{\"@id\":\"https:\/\/now-news.de\/de\/deutschland\/israel-verlaengerung-des-umstrittenen-staatsbuergerschafts-gesetzes\/#primaryimage\"},\"image\":{\"@id\":\"https:\/\/now-news.de\/de\/deutschland\/israel-verlaengerung-des-umstrittenen-staatsbuergerschafts-gesetzes\/#primaryimage\"},\"thumbnailUrl\":\"https:\/\/now-news.de\/de\/wp-content\/uploads\/sites\/3\/2023\/03\/Israel-Verlaengerung-des-umstrittenen-Staatsbuergerschafts-Gesetzes.jpg\",\"datePublished\":\"2023-03-06T17:45:57+00:00\",\"dateModified\":\"2023-03-06T17:45:57+00:00\",\"breadcrumb\":{\"@id\":\"https:\/\/now-news.de\/de\/deutschland\/israel-verlaengerung-des-umstrittenen-staatsbuergerschafts-gesetzes\/#breadcrumb\"},\"inLanguage\":\"de\",\"potentialAction\":[{\"@type\":\"ReadAction\",\"target\":[\"https:\/\/now-news.de\/de\/deutschland\/israel-verlaengerung-des-umstrittenen-staatsbuergerschafts-gesetzes\/\"]}]},{\"@type\":\"ImageObject\",\"inLanguage\":\"de\",\"@id\":\"https:\/\/now-news.de\/de\/deutschland\/israel-verlaengerung-des-umstrittenen-staatsbuergerschafts-gesetzes\/#primaryimage\",\"url\":\"https:\/\/now-news.de\/de\/wp-content\/uploads\/sites\/3\/2023\/03\/Israel-Verlaengerung-des-umstrittenen-Staatsbuergerschafts-Gesetzes.jpg\",\"contentUrl\":\"https:\/\/now-news.de\/de\/wp-content\/uploads\/sites\/3\/2023\/03\/Israel-Verlaengerung-des-umstrittenen-Staatsbuergerschafts-Gesetzes.jpg\",\"width\":460,\"height\":259,\"caption\":\"Israel: Verl\u00e4ngerung des umstrittenen Staatsb\u00fcrgerschafts-Gesetzes\"},{\"@type\":\"BreadcrumbList\",\"@id\":\"https:\/\/now-news.de\/de\/deutschland\/israel-verlaengerung-des-umstrittenen-staatsbuergerschafts-gesetzes\/#breadcrumb\",\"itemListElement\":[{\"@type\":\"ListItem\",\"position\":1,\"name\":\"Home\",\"item\":\"https:\/\/now-news.de\/de\/\"},{\"@type\":\"ListItem\",\"position\":2,\"name\":\"Israel: Verl\u00e4ngerung des umstrittenen Staatsb\u00fcrgerschafts-Gesetzes\"}]},{\"@type\":\"WebSite\",\"@id\":\"https:\/\/now-news.de\/de\/#website\",\"url\":\"https:\/\/now-news.de\/de\/\",\"name\":\"just-now.NEWS Deutschland\",\"description\":\"Das Portal f\u00fcr unzensierte Nachrichten aus der Welt\",\"publisher\":{\"@id\":\"https:\/\/now-news.de\/de\/#organization\"},\"potentialAction\":[{\"@type\":\"SearchAction\",\"target\":{\"@type\":\"EntryPoint\",\"urlTemplate\":\"https:\/\/now-news.de\/de\/?s={search_term_string}\"},\"query-input\":\"required name=search_term_string\"}],\"inLanguage\":\"de\"},{\"@type\":\"Organization\",\"@id\":\"https:\/\/now-news.de\/de\/#organization\",\"name\":\"Just Now News\",\"url\":\"https:\/\/now-news.de\/de\/\",\"logo\":{\"@type\":\"ImageObject\",\"inLanguage\":\"de\",\"@id\":\"https:\/\/now-news.de\/de\/#\/schema\/logo\/image\/\",\"url\":\"http:\/\/just-now.news\/de\/wp-content\/uploads\/sites\/3\/2022\/04\/logo500x500.jpg\",\"contentUrl\":\"http:\/\/just-now.news\/de\/wp-content\/uploads\/sites\/3\/2022\/04\/logo500x500.jpg\",\"width\":500,\"height\":500,\"caption\":\"Just Now News\"},\"image\":{\"@id\":\"https:\/\/now-news.de\/de\/#\/schema\/logo\/image\/\"},\"sameAs\":[\"https:\/\/www.facebook.com\/wirmachenauf\",\"https:\/\/x.com\/WirMachenAuf_de\"]},{\"@type\":\"Person\",\"@id\":\"https:\/\/now-news.de\/de\/#\/schema\/person\/fb534a4e865501d8b3285208df34a9b5\",\"name\":\"rtnews\",\"image\":{\"@type\":\"ImageObject\",\"inLanguage\":\"de\",\"@id\":\"https:\/\/now-news.de\/de\/#\/schema\/person\/image\/\",\"url\":\"https:\/\/secure.gravatar.com\/avatar\/82aafea7d8127119dd649515f56e2117?s=96&d=mm&r=g\",\"contentUrl\":\"https:\/\/secure.gravatar.com\/avatar\/82aafea7d8127119dd649515f56e2117?s=96&d=mm&r=g\",\"caption\":\"rtnews\"},\"url\":\"https:\/\/now-news.de\/de\/author\/rnews\/\"}]}<\/script>\n<!-- \/ Yoast SEO Premium plugin. -->","yoast_head_json":{"title":"Israel: Verl\u00e4ngerung des umstrittenen Staatsb\u00fcrgerschafts-Gesetzes - just-now.NEWS Deutschland","robots":{"index":"index","follow":"follow","max-snippet":"max-snippet:-1","max-image-preview":"max-image-preview:large","max-video-preview":"max-video-preview:-1"},"canonical":"https:\/\/now-news.de\/de\/deutschland\/israel-verlaengerung-des-umstrittenen-staatsbuergerschafts-gesetzes\/","og_locale":"de_DE","og_type":"article","og_title":"Israel: Verl\u00e4ngerung des umstrittenen Staatsb\u00fcrgerschafts-Gesetzes","og_description":"Derzeit f\u00fchrt die israelische Regierung unter dem Ministerpr\u00e4sidenten Benjamin Netanjahu eine Reihe umstrittener Justizreformen durch. Heute wurde das sogenannte Staatsb\u00fcrgerschafts-Gesetz um ein weiteres Jahr verl\u00e4ngert, das israelisch-pal\u00e4stinensischen Ehepaaren verbietet, gemeinsam in Israel zu leben. In Israel ist am Montag das umstrittene, sogenannte Staatsb\u00fcrgerschafts-Gesetz durch einen Beschluss der Knesset in Jerusalem wieder in Kraft gesetzt worden. [&hellip;]","og_url":"https:\/\/now-news.de\/de\/deutschland\/israel-verlaengerung-des-umstrittenen-staatsbuergerschafts-gesetzes\/","og_site_name":"just-now.NEWS Deutschland","article_publisher":"https:\/\/www.facebook.com\/wirmachenauf","article_published_time":"2023-03-06T17:45:57+00:00","og_image":[{"width":460,"height":259,"url":"https:\/\/now-news.de\/de\/wp-content\/uploads\/sites\/3\/2023\/03\/Israel-Verlaengerung-des-umstrittenen-Staatsbuergerschafts-Gesetzes.jpg","type":"image\/jpeg"}],"author":"rtnews","twitter_card":"summary_large_image","twitter_creator":"@WirMachenAuf_de","twitter_site":"@WirMachenAuf_de","twitter_misc":{"Verfasst von":"rtnews","Gesch\u00e4tzte Lesezeit":"3\u00a0Minuten"},"schema":{"@context":"https:\/\/schema.org","@graph":[{"@type":"Article","@id":"https:\/\/now-news.de\/de\/deutschland\/israel-verlaengerung-des-umstrittenen-staatsbuergerschafts-gesetzes\/#article","isPartOf":{"@id":"https:\/\/now-news.de\/de\/deutschland\/israel-verlaengerung-des-umstrittenen-staatsbuergerschafts-gesetzes\/"},"author":{"name":"rtnews","@id":"https:\/\/now-news.de\/de\/#\/schema\/person\/fb534a4e865501d8b3285208df34a9b5"},"headline":"Israel: Verl\u00e4ngerung des umstrittenen Staatsb\u00fcrgerschafts-Gesetzes","datePublished":"2023-03-06T17:45:57+00:00","dateModified":"2023-03-06T17:45:57+00:00","mainEntityOfPage":{"@id":"https:\/\/now-news.de\/de\/deutschland\/israel-verlaengerung-des-umstrittenen-staatsbuergerschafts-gesetzes\/"},"wordCount":601,"commentCount":0,"publisher":{"@id":"https:\/\/now-news.de\/de\/#organization"},"image":{"@id":"https:\/\/now-news.de\/de\/deutschland\/israel-verlaengerung-des-umstrittenen-staatsbuergerschafts-gesetzes\/#primaryimage"},"thumbnailUrl":"https:\/\/now-news.de\/de\/wp-content\/uploads\/sites\/3\/2023\/03\/Israel-Verlaengerung-des-umstrittenen-Staatsbuergerschafts-Gesetzes.jpg","keywords":["des","Israel","Staatsb\u00fcrgerschaftsGesetzes","umstrittenen","Verl\u00e4ngerung"],"articleSection":["Deutschland","Russland"],"inLanguage":"de","potentialAction":[{"@type":"CommentAction","name":"Comment","target":["https:\/\/now-news.de\/de\/deutschland\/israel-verlaengerung-des-umstrittenen-staatsbuergerschafts-gesetzes\/#respond"]}]},{"@type":"WebPage","@id":"https:\/\/now-news.de\/de\/deutschland\/israel-verlaengerung-des-umstrittenen-staatsbuergerschafts-gesetzes\/","url":"https:\/\/now-news.de\/de\/deutschland\/israel-verlaengerung-des-umstrittenen-staatsbuergerschafts-gesetzes\/","name":"Israel: Verl\u00e4ngerung des umstrittenen Staatsb\u00fcrgerschafts-Gesetzes - just-now.NEWS Deutschland","isPartOf":{"@id":"https:\/\/now-news.de\/de\/#website"},"primaryImageOfPage":{"@id":"https:\/\/now-news.de\/de\/deutschland\/israel-verlaengerung-des-umstrittenen-staatsbuergerschafts-gesetzes\/#primaryimage"},"image":{"@id":"https:\/\/now-news.de\/de\/deutschland\/israel-verlaengerung-des-umstrittenen-staatsbuergerschafts-gesetzes\/#primaryimage"},"thumbnailUrl":"https:\/\/now-news.de\/de\/wp-content\/uploads\/sites\/3\/2023\/03\/Israel-Verlaengerung-des-umstrittenen-Staatsbuergerschafts-Gesetzes.jpg","datePublished":"2023-03-06T17:45:57+00:00","dateModified":"2023-03-06T17:45:57+00:00","breadcrumb":{"@id":"https:\/\/now-news.de\/de\/deutschland\/israel-verlaengerung-des-umstrittenen-staatsbuergerschafts-gesetzes\/#breadcrumb"},"inLanguage":"de","potentialAction":[{"@type":"ReadAction","target":["https:\/\/now-news.de\/de\/deutschland\/israel-verlaengerung-des-umstrittenen-staatsbuergerschafts-gesetzes\/"]}]},{"@type":"ImageObject","inLanguage":"de","@id":"https:\/\/now-news.de\/de\/deutschland\/israel-verlaengerung-des-umstrittenen-staatsbuergerschafts-gesetzes\/#primaryimage","url":"https:\/\/now-news.de\/de\/wp-content\/uploads\/sites\/3\/2023\/03\/Israel-Verlaengerung-des-umstrittenen-Staatsbuergerschafts-Gesetzes.jpg","contentUrl":"https:\/\/now-news.de\/de\/wp-content\/uploads\/sites\/3\/2023\/03\/Israel-Verlaengerung-des-umstrittenen-Staatsbuergerschafts-Gesetzes.jpg","width":460,"height":259,"caption":"Israel: Verl\u00e4ngerung des umstrittenen Staatsb\u00fcrgerschafts-Gesetzes"},{"@type":"BreadcrumbList","@id":"https:\/\/now-news.de\/de\/deutschland\/israel-verlaengerung-des-umstrittenen-staatsbuergerschafts-gesetzes\/#breadcrumb","itemListElement":[{"@type":"ListItem","position":1,"name":"Home","item":"https:\/\/now-news.de\/de\/"},{"@type":"ListItem","position":2,"name":"Israel: Verl\u00e4ngerung des umstrittenen Staatsb\u00fcrgerschafts-Gesetzes"}]},{"@type":"WebSite","@id":"https:\/\/now-news.de\/de\/#website","url":"https:\/\/now-news.de\/de\/","name":"just-now.NEWS Deutschland","description":"Das Portal f\u00fcr unzensierte Nachrichten aus der Welt","publisher":{"@id":"https:\/\/now-news.de\/de\/#organization"},"potentialAction":[{"@type":"SearchAction","target":{"@type":"EntryPoint","urlTemplate":"https:\/\/now-news.de\/de\/?s={search_term_string}"},"query-input":"required name=search_term_string"}],"inLanguage":"de"},{"@type":"Organization","@id":"https:\/\/now-news.de\/de\/#organization","name":"Just Now News","url":"https:\/\/now-news.de\/de\/","logo":{"@type":"ImageObject","inLanguage":"de","@id":"https:\/\/now-news.de\/de\/#\/schema\/logo\/image\/","url":"http:\/\/just-now.news\/de\/wp-content\/uploads\/sites\/3\/2022\/04\/logo500x500.jpg","contentUrl":"http:\/\/just-now.news\/de\/wp-content\/uploads\/sites\/3\/2022\/04\/logo500x500.jpg","width":500,"height":500,"caption":"Just Now News"},"image":{"@id":"https:\/\/now-news.de\/de\/#\/schema\/logo\/image\/"},"sameAs":["https:\/\/www.facebook.com\/wirmachenauf","https:\/\/x.com\/WirMachenAuf_de"]},{"@type":"Person","@id":"https:\/\/now-news.de\/de\/#\/schema\/person\/fb534a4e865501d8b3285208df34a9b5","name":"rtnews","image":{"@type":"ImageObject","inLanguage":"de","@id":"https:\/\/now-news.de\/de\/#\/schema\/person\/image\/","url":"https:\/\/secure.gravatar.com\/avatar\/82aafea7d8127119dd649515f56e2117?s=96&d=mm&r=g","contentUrl":"https:\/\/secure.gravatar.com\/avatar\/82aafea7d8127119dd649515f56e2117?s=96&d=mm&r=g","caption":"rtnews"},"url":"https:\/\/now-news.de\/de\/author\/rnews\/"}]}},"_links":{"self":[{"href":"https:\/\/now-news.de\/de\/wp-json\/wp\/v2\/posts\/31686"}],"collection":[{"href":"https:\/\/now-news.de\/de\/wp-json\/wp\/v2\/posts"}],"about":[{"href":"https:\/\/now-news.de\/de\/wp-json\/wp\/v2\/types\/post"}],"author":[{"embeddable":true,"href":"https:\/\/now-news.de\/de\/wp-json\/wp\/v2\/users\/3"}],"replies":[{"embeddable":true,"href":"https:\/\/now-news.de\/de\/wp-json\/wp\/v2\/comments?post=31686"}],"version-history":[{"count":0,"href":"https:\/\/now-news.de\/de\/wp-json\/wp\/v2\/posts\/31686\/revisions"}],"wp:featuredmedia":[{"embeddable":true,"href":"https:\/\/now-news.de\/de\/wp-json\/wp\/v2\/media\/31687"}],"wp:attachment":[{"href":"https:\/\/now-news.de\/de\/wp-json\/wp\/v2\/media?parent=31686"}],"wp:term":[{"taxonomy":"category","embeddable":true,"href":"https:\/\/now-news.de\/de\/wp-json\/wp\/v2\/categories?post=31686"},{"taxonomy":"post_tag","embeddable":true,"href":"https:\/\/now-news.de\/de\/wp-json\/wp\/v2\/tags?post=31686"}],"curies":[{"name":"wp","href":"https:\/\/api.w.org\/{rel}","templated":true}]}}