{"id":31678,"date":"2023-03-06T18:24:13","date_gmt":"2023-03-06T16:24:13","guid":{"rendered":"http:\/\/just-now.news\/de\/deutschland\/tote-nach-feuergefecht-in-bergkarabach-armenien-und-aserbaidschan-beschuldigen-sich-gegenseitig\/"},"modified":"2023-03-06T18:24:13","modified_gmt":"2023-03-06T16:24:13","slug":"tote-nach-feuergefecht-in-bergkarabach-armenien-und-aserbaidschan-beschuldigen-sich-gegenseitig","status":"publish","type":"post","link":"https:\/\/now-news.de\/de\/deutschland\/tote-nach-feuergefecht-in-bergkarabach-armenien-und-aserbaidschan-beschuldigen-sich-gegenseitig\/","title":{"rendered":"Tote nach Feuergefecht in Bergkarabach: Armenien und Aserbaidschan beschuldigen sich gegenseitig"},"content":{"rendered":"<p><img decoding=\"async\" src=\"http:\/\/just-now.news\/de\/wp-content\/uploads\/sites\/3\/2023\/03\/64060b1c48fbef27e816f189.jpg\" \/><\/p>\n<div class=\"Text-root Text-type_1 \">\n                Bei einem Feuergefecht in der umstrittenen Region Bergkarabach sollen am Sonntag f\u00fcnf Menschen get\u00f6tet worden sein. Armenien und Aserbaidschan beschuldigen sich nach dem Schusswechsel gegenseitig.\n            <\/div>\n<p><\/p>\n<div class=\"Text-root Text-type_5 ArticleView-text ViewText-root \">\n<p>Nachdem es am Sonntag in der umstrittenen Region Bergkarabach zu einem Schusswechsel zwischen den Sicherheitskr\u00e4ften beider L\u00e4nder gekommen war, haben sich Armenien und Aserbaidschan gegenseitig beschuldigt.<\/p>\n<p>Bei dem Zwischenfall wurden mindestens f\u00fcnf Menschen get\u00f6tet, wobei nach Angaben Jerewans drei armenische Polizisten ums Leben kamen und Baku den Tod von zwei aserbaidschanischen Soldaten best\u00e4tigte. Das aserbaidschanische Au\u00dfenministerium erkl\u00e4rte am Sonntag in einer Mitteilung, dass das Feuergefecht ausbrach, als die Truppen Fahrzeuge in dem Gebiet kontrollierten, nachdem sie Informationen erhalten hatten, dass nicht genehmigte Stra\u00dfen f\u00fcr den Transport von Waffen und Milit\u00e4rpersonal in der Region genutzt worden waren.<\/p>\n<p>Baku bezeichnete den Einsatz als &#8220;Provokation&#8221; durch armenische Sicherheitskr\u00e4fte, die vor dem aserbaidschanischen Milit\u00e4r das Feuer er\u00f6ffnet h\u00e4tten. Der Vorfall zeige, dass Armenien &#8220;seine Besatzungspolitik gegen Aserbaidschan nicht aufgeben wird&#8221; und dass Jerewans Gerede vom Frieden nichts als &#8220;Heuchelei&#8221; sei, so Baku. In der Erkl\u00e4rung wurde hinzugef\u00fcgt, dass der Vorfall erneut die Notwendigkeit unterstreicht, ein Grenzkontrollsystem zwischen Aserbaidschan und Armenien einzuf\u00fchren.<\/p>\n<p>In einer Gegendarstellung bezeichnete das armenische Au\u00dfenministerium die aserbaidschanische Darstellung der Ereignisse als &#8220;absurd&#8221;.\u00a0Jerewan behauptete, seine Polizeibeamten, die f\u00fcr die Pass- und Visaabteilung des Innenministeriums arbeiteten, seien in einem &#8220;Hinterhalt&#8221; aserbaidschanischer Truppen get\u00f6tet worden. Ein weiterer Beamter sei bei dem Vorfall schwer verwundet worden. Der Transporter habe nur offizielle Papiere und eine einzelne Dienstpistole transportiert. Die Behauptungen Bakus \u00fcber Waffen- und Personallieferungen nach Bergkarabach seien &#8220;Desinformation&#8221;.<\/p>\n<blockquote>\n<p><em>&#8220;Das Vorgehen der aserbaidschanischen Streitkr\u00e4fte kann nicht anders als Terrorismus bezeichnet werden&#8221;, betonte das Ministerium.<\/em><\/p>\n<\/blockquote>\n<p>Jerewan\u00a0hat erneut die Entsendung einer internationalen Untersuchungskommission nach Bergkarabach und in den Latschin-Korridor gefordert, der die umstrittene Region mit armenischem Gebiet verbindet. Armenien und Aserbaidschan f\u00fchren einen jahrzehntelangen Streit \u00fcber Bergkarabach, einen Teil Aserbaidschans mit \u00fcberwiegend armenischer Bev\u00f6lkerung, der Anfang der 1990er Jahre seine Unabh\u00e4ngigkeit von Baku erkl\u00e4rte.<\/p>\n<p>Im Jahr 2020 lieferten sich die beiden ehemaligen Sowjetrepubliken einen 44-t\u00e4gigen Krieg um die Kontrolle \u00fcber das Gebiet, der mit einem von Russland vermittelten Waffenstillstand endete. Die Spannungen zwischen den Nachbarn sind jedoch nach wie vor hoch und f\u00fchren immer wieder zu Zwischenf\u00e4llen in der Grenzregion. Am heftigsten war das Aufflammen der Spannungen im September letzten Jahres, als es bei Zusammenst\u00f6\u00dfen Dutzende von Todesopfern auf beiden Seiten gab.<\/p>\n<p><strong>Mehr zum Thema\u00a0\u2013 <\/strong><a rel=\"nofollow noopener\" target=\"_blank\" href=\"https:\/\/test.rtde.tech\/asien\/161433-blockade-latschin-korridors-armenien-ruft-uno-gericht\/\">Blockade des Latschin-Korridors: Armenien ruft UNO-Gericht an<\/a><\/p>\n<\/p>\n<\/div>\n<p><br \/>\n<br \/><a href=\"https:\/\/de.rt.com\/international\/164666-tote-nach-feuergefecht-in-berg\/\">Source link <\/a><\/p>\n","protected":false},"excerpt":{"rendered":"<p>Bei einem Feuergefecht in der umstrittenen Region Bergkarabach sollen am Sonntag f\u00fcnf Menschen get\u00f6tet worden sein. Armenien und Aserbaidschan beschuldigen sich nach dem Schusswechsel gegenseitig. Nachdem es am Sonntag in der umstrittenen Region Bergkarabach zu einem Schusswechsel zwischen den Sicherheitskr\u00e4ften beider L\u00e4nder gekommen war, haben sich Armenien und Aserbaidschan gegenseitig beschuldigt. Bei dem Zwischenfall wurden [&hellip;]<\/p>\n","protected":false},"author":3,"featured_media":31679,"comment_status":"open","ping_status":"open","sticky":false,"template":"","format":"standard","meta":{"_yoast_indexnow_last_ping":["1678121635"],"wp_automatic_camp":["217"],"69635fbac5b237ff62b026e16641d4e3":["Tote nach Feuergefecht in Bergkarabach: Armenien und Aserbaidschan beschuldigen sich gegenseitig"],"original_link":["https:\/\/de.rt.com\/international\/164666-tote-nach-feuergefecht-in-berg\/"],"_thumbnail_id":["31679"],"_wptgpro_p2tg_sent2tg":["a:1:{i:23737;s:19:\"2023-03-06 18:54:54\";}"],"jnews_social_counter_last_update":["1777254037"]},"categories":[19,23],"tags":[10002,10003,30003,17346,41621,33503,979,434,3233,140],"yoast_head":"<!-- This site is optimized with the Yoast SEO Premium plugin v22.7 (Yoast SEO v22.7) - https:\/\/yoast.com\/wordpress\/plugins\/seo\/ -->\n<title>Tote nach Feuergefecht in Bergkarabach: Armenien und Aserbaidschan beschuldigen sich gegenseitig - just-now.NEWS Deutschland<\/title>\n<meta name=\"robots\" content=\"index, follow, max-snippet:-1, max-image-preview:large, max-video-preview:-1\" \/>\n<link rel=\"canonical\" href=\"https:\/\/now-news.de\/de\/deutschland\/tote-nach-feuergefecht-in-bergkarabach-armenien-und-aserbaidschan-beschuldigen-sich-gegenseitig\/\" \/>\n<meta property=\"og:locale\" content=\"de_DE\" \/>\n<meta property=\"og:type\" content=\"article\" \/>\n<meta property=\"og:title\" content=\"Tote nach Feuergefecht in Bergkarabach: Armenien und Aserbaidschan beschuldigen sich gegenseitig\" \/>\n<meta property=\"og:description\" content=\"Bei einem Feuergefecht in der umstrittenen Region Bergkarabach sollen am Sonntag f\u00fcnf Menschen get\u00f6tet worden sein. Armenien und Aserbaidschan beschuldigen sich nach dem Schusswechsel gegenseitig. Nachdem es am Sonntag in der umstrittenen Region Bergkarabach zu einem Schusswechsel zwischen den Sicherheitskr\u00e4ften beider L\u00e4nder gekommen war, haben sich Armenien und Aserbaidschan gegenseitig beschuldigt. Bei dem Zwischenfall wurden [&hellip;]\" \/>\n<meta property=\"og:url\" content=\"https:\/\/now-news.de\/de\/deutschland\/tote-nach-feuergefecht-in-bergkarabach-armenien-und-aserbaidschan-beschuldigen-sich-gegenseitig\/\" \/>\n<meta property=\"og:site_name\" content=\"just-now.NEWS Deutschland\" \/>\n<meta property=\"article:publisher\" content=\"https:\/\/www.facebook.com\/wirmachenauf\" \/>\n<meta property=\"article:published_time\" content=\"2023-03-06T16:24:13+00:00\" \/>\n<meta property=\"og:image\" content=\"https:\/\/now-news.de\/de\/wp-content\/uploads\/sites\/3\/2023\/03\/Tote-nach-Feuergefecht-in-Bergkarabach-Armenien-und-Aserbaidschan-beschuldigen-sich.jpg\" \/>\n\t<meta property=\"og:image:width\" content=\"460\" \/>\n\t<meta property=\"og:image:height\" content=\"259\" \/>\n\t<meta property=\"og:image:type\" content=\"image\/jpeg\" \/>\n<meta name=\"author\" content=\"rtnews\" \/>\n<meta name=\"twitter:card\" content=\"summary_large_image\" \/>\n<meta name=\"twitter:creator\" content=\"@WirMachenAuf_de\" \/>\n<meta name=\"twitter:site\" content=\"@WirMachenAuf_de\" \/>\n<meta name=\"twitter:label1\" content=\"Verfasst von\" \/>\n\t<meta name=\"twitter:data1\" content=\"rtnews\" \/>\n\t<meta name=\"twitter:label2\" content=\"Gesch\u00e4tzte Lesezeit\" \/>\n\t<meta name=\"twitter:data2\" content=\"2\u00a0Minuten\" \/>\n<script type=\"application\/ld+json\" class=\"yoast-schema-graph\">{\"@context\":\"https:\/\/schema.org\",\"@graph\":[{\"@type\":\"Article\",\"@id\":\"https:\/\/now-news.de\/de\/deutschland\/tote-nach-feuergefecht-in-bergkarabach-armenien-und-aserbaidschan-beschuldigen-sich-gegenseitig\/#article\",\"isPartOf\":{\"@id\":\"https:\/\/now-news.de\/de\/deutschland\/tote-nach-feuergefecht-in-bergkarabach-armenien-und-aserbaidschan-beschuldigen-sich-gegenseitig\/\"},\"author\":{\"name\":\"rtnews\",\"@id\":\"https:\/\/now-news.de\/de\/#\/schema\/person\/fb534a4e865501d8b3285208df34a9b5\"},\"headline\":\"Tote nach Feuergefecht in Bergkarabach: Armenien und Aserbaidschan beschuldigen sich gegenseitig\",\"datePublished\":\"2023-03-06T16:24:13+00:00\",\"dateModified\":\"2023-03-06T16:24:13+00:00\",\"mainEntityOfPage\":{\"@id\":\"https:\/\/now-news.de\/de\/deutschland\/tote-nach-feuergefecht-in-bergkarabach-armenien-und-aserbaidschan-beschuldigen-sich-gegenseitig\/\"},\"wordCount\":435,\"commentCount\":0,\"publisher\":{\"@id\":\"https:\/\/now-news.de\/de\/#organization\"},\"image\":{\"@id\":\"https:\/\/now-news.de\/de\/deutschland\/tote-nach-feuergefecht-in-bergkarabach-armenien-und-aserbaidschan-beschuldigen-sich-gegenseitig\/#primaryimage\"},\"thumbnailUrl\":\"https:\/\/now-news.de\/de\/wp-content\/uploads\/sites\/3\/2023\/03\/Tote-nach-Feuergefecht-in-Bergkarabach-Armenien-und-Aserbaidschan-beschuldigen-sich.jpg\",\"keywords\":[\"Armenien\",\"Aserbaidschan\",\"BergKarabach\",\"Beschuldigen\",\"Feuergefecht\",\"gegenseitig\",\"nach\",\"sich\",\"Tote\",\"und\"],\"articleSection\":[\"Deutschland\",\"Russland\"],\"inLanguage\":\"de\",\"potentialAction\":[{\"@type\":\"CommentAction\",\"name\":\"Comment\",\"target\":[\"https:\/\/now-news.de\/de\/deutschland\/tote-nach-feuergefecht-in-bergkarabach-armenien-und-aserbaidschan-beschuldigen-sich-gegenseitig\/#respond\"]}]},{\"@type\":\"WebPage\",\"@id\":\"https:\/\/now-news.de\/de\/deutschland\/tote-nach-feuergefecht-in-bergkarabach-armenien-und-aserbaidschan-beschuldigen-sich-gegenseitig\/\",\"url\":\"https:\/\/now-news.de\/de\/deutschland\/tote-nach-feuergefecht-in-bergkarabach-armenien-und-aserbaidschan-beschuldigen-sich-gegenseitig\/\",\"name\":\"Tote nach Feuergefecht in Bergkarabach: Armenien und Aserbaidschan beschuldigen sich gegenseitig - just-now.NEWS Deutschland\",\"isPartOf\":{\"@id\":\"https:\/\/now-news.de\/de\/#website\"},\"primaryImageOfPage\":{\"@id\":\"https:\/\/now-news.de\/de\/deutschland\/tote-nach-feuergefecht-in-bergkarabach-armenien-und-aserbaidschan-beschuldigen-sich-gegenseitig\/#primaryimage\"},\"image\":{\"@id\":\"https:\/\/now-news.de\/de\/deutschland\/tote-nach-feuergefecht-in-bergkarabach-armenien-und-aserbaidschan-beschuldigen-sich-gegenseitig\/#primaryimage\"},\"thumbnailUrl\":\"https:\/\/now-news.de\/de\/wp-content\/uploads\/sites\/3\/2023\/03\/Tote-nach-Feuergefecht-in-Bergkarabach-Armenien-und-Aserbaidschan-beschuldigen-sich.jpg\",\"datePublished\":\"2023-03-06T16:24:13+00:00\",\"dateModified\":\"2023-03-06T16:24:13+00:00\",\"breadcrumb\":{\"@id\":\"https:\/\/now-news.de\/de\/deutschland\/tote-nach-feuergefecht-in-bergkarabach-armenien-und-aserbaidschan-beschuldigen-sich-gegenseitig\/#breadcrumb\"},\"inLanguage\":\"de\",\"potentialAction\":[{\"@type\":\"ReadAction\",\"target\":[\"https:\/\/now-news.de\/de\/deutschland\/tote-nach-feuergefecht-in-bergkarabach-armenien-und-aserbaidschan-beschuldigen-sich-gegenseitig\/\"]}]},{\"@type\":\"ImageObject\",\"inLanguage\":\"de\",\"@id\":\"https:\/\/now-news.de\/de\/deutschland\/tote-nach-feuergefecht-in-bergkarabach-armenien-und-aserbaidschan-beschuldigen-sich-gegenseitig\/#primaryimage\",\"url\":\"https:\/\/now-news.de\/de\/wp-content\/uploads\/sites\/3\/2023\/03\/Tote-nach-Feuergefecht-in-Bergkarabach-Armenien-und-Aserbaidschan-beschuldigen-sich.jpg\",\"contentUrl\":\"https:\/\/now-news.de\/de\/wp-content\/uploads\/sites\/3\/2023\/03\/Tote-nach-Feuergefecht-in-Bergkarabach-Armenien-und-Aserbaidschan-beschuldigen-sich.jpg\",\"width\":460,\"height\":259,\"caption\":\"Tote nach Feuergefecht in Bergkarabach: Armenien und Aserbaidschan beschuldigen sich gegenseitig\"},{\"@type\":\"BreadcrumbList\",\"@id\":\"https:\/\/now-news.de\/de\/deutschland\/tote-nach-feuergefecht-in-bergkarabach-armenien-und-aserbaidschan-beschuldigen-sich-gegenseitig\/#breadcrumb\",\"itemListElement\":[{\"@type\":\"ListItem\",\"position\":1,\"name\":\"Home\",\"item\":\"https:\/\/now-news.de\/de\/\"},{\"@type\":\"ListItem\",\"position\":2,\"name\":\"Tote nach Feuergefecht in Bergkarabach: Armenien und Aserbaidschan beschuldigen sich gegenseitig\"}]},{\"@type\":\"WebSite\",\"@id\":\"https:\/\/now-news.de\/de\/#website\",\"url\":\"https:\/\/now-news.de\/de\/\",\"name\":\"just-now.NEWS Deutschland\",\"description\":\"Das Portal f\u00fcr unzensierte Nachrichten aus der Welt\",\"publisher\":{\"@id\":\"https:\/\/now-news.de\/de\/#organization\"},\"potentialAction\":[{\"@type\":\"SearchAction\",\"target\":{\"@type\":\"EntryPoint\",\"urlTemplate\":\"https:\/\/now-news.de\/de\/?s={search_term_string}\"},\"query-input\":\"required name=search_term_string\"}],\"inLanguage\":\"de\"},{\"@type\":\"Organization\",\"@id\":\"https:\/\/now-news.de\/de\/#organization\",\"name\":\"Just Now News\",\"url\":\"https:\/\/now-news.de\/de\/\",\"logo\":{\"@type\":\"ImageObject\",\"inLanguage\":\"de\",\"@id\":\"https:\/\/now-news.de\/de\/#\/schema\/logo\/image\/\",\"url\":\"http:\/\/just-now.news\/de\/wp-content\/uploads\/sites\/3\/2022\/04\/logo500x500.jpg\",\"contentUrl\":\"http:\/\/just-now.news\/de\/wp-content\/uploads\/sites\/3\/2022\/04\/logo500x500.jpg\",\"width\":500,\"height\":500,\"caption\":\"Just Now News\"},\"image\":{\"@id\":\"https:\/\/now-news.de\/de\/#\/schema\/logo\/image\/\"},\"sameAs\":[\"https:\/\/www.facebook.com\/wirmachenauf\",\"https:\/\/x.com\/WirMachenAuf_de\"]},{\"@type\":\"Person\",\"@id\":\"https:\/\/now-news.de\/de\/#\/schema\/person\/fb534a4e865501d8b3285208df34a9b5\",\"name\":\"rtnews\",\"image\":{\"@type\":\"ImageObject\",\"inLanguage\":\"de\",\"@id\":\"https:\/\/now-news.de\/de\/#\/schema\/person\/image\/\",\"url\":\"https:\/\/secure.gravatar.com\/avatar\/82aafea7d8127119dd649515f56e2117?s=96&d=mm&r=g\",\"contentUrl\":\"https:\/\/secure.gravatar.com\/avatar\/82aafea7d8127119dd649515f56e2117?s=96&d=mm&r=g\",\"caption\":\"rtnews\"},\"url\":\"https:\/\/now-news.de\/de\/author\/rnews\/\"}]}<\/script>\n<!-- \/ Yoast SEO Premium plugin. -->","yoast_head_json":{"title":"Tote nach Feuergefecht in Bergkarabach: Armenien und Aserbaidschan beschuldigen sich gegenseitig - just-now.NEWS Deutschland","robots":{"index":"index","follow":"follow","max-snippet":"max-snippet:-1","max-image-preview":"max-image-preview:large","max-video-preview":"max-video-preview:-1"},"canonical":"https:\/\/now-news.de\/de\/deutschland\/tote-nach-feuergefecht-in-bergkarabach-armenien-und-aserbaidschan-beschuldigen-sich-gegenseitig\/","og_locale":"de_DE","og_type":"article","og_title":"Tote nach Feuergefecht in Bergkarabach: Armenien und Aserbaidschan beschuldigen sich gegenseitig","og_description":"Bei einem Feuergefecht in der umstrittenen Region Bergkarabach sollen am Sonntag f\u00fcnf Menschen get\u00f6tet worden sein. Armenien und Aserbaidschan beschuldigen sich nach dem Schusswechsel gegenseitig. Nachdem es am Sonntag in der umstrittenen Region Bergkarabach zu einem Schusswechsel zwischen den Sicherheitskr\u00e4ften beider L\u00e4nder gekommen war, haben sich Armenien und Aserbaidschan gegenseitig beschuldigt. Bei dem Zwischenfall wurden [&hellip;]","og_url":"https:\/\/now-news.de\/de\/deutschland\/tote-nach-feuergefecht-in-bergkarabach-armenien-und-aserbaidschan-beschuldigen-sich-gegenseitig\/","og_site_name":"just-now.NEWS Deutschland","article_publisher":"https:\/\/www.facebook.com\/wirmachenauf","article_published_time":"2023-03-06T16:24:13+00:00","og_image":[{"width":460,"height":259,"url":"https:\/\/now-news.de\/de\/wp-content\/uploads\/sites\/3\/2023\/03\/Tote-nach-Feuergefecht-in-Bergkarabach-Armenien-und-Aserbaidschan-beschuldigen-sich.jpg","type":"image\/jpeg"}],"author":"rtnews","twitter_card":"summary_large_image","twitter_creator":"@WirMachenAuf_de","twitter_site":"@WirMachenAuf_de","twitter_misc":{"Verfasst von":"rtnews","Gesch\u00e4tzte Lesezeit":"2\u00a0Minuten"},"schema":{"@context":"https:\/\/schema.org","@graph":[{"@type":"Article","@id":"https:\/\/now-news.de\/de\/deutschland\/tote-nach-feuergefecht-in-bergkarabach-armenien-und-aserbaidschan-beschuldigen-sich-gegenseitig\/#article","isPartOf":{"@id":"https:\/\/now-news.de\/de\/deutschland\/tote-nach-feuergefecht-in-bergkarabach-armenien-und-aserbaidschan-beschuldigen-sich-gegenseitig\/"},"author":{"name":"rtnews","@id":"https:\/\/now-news.de\/de\/#\/schema\/person\/fb534a4e865501d8b3285208df34a9b5"},"headline":"Tote nach Feuergefecht in Bergkarabach: Armenien und Aserbaidschan beschuldigen sich gegenseitig","datePublished":"2023-03-06T16:24:13+00:00","dateModified":"2023-03-06T16:24:13+00:00","mainEntityOfPage":{"@id":"https:\/\/now-news.de\/de\/deutschland\/tote-nach-feuergefecht-in-bergkarabach-armenien-und-aserbaidschan-beschuldigen-sich-gegenseitig\/"},"wordCount":435,"commentCount":0,"publisher":{"@id":"https:\/\/now-news.de\/de\/#organization"},"image":{"@id":"https:\/\/now-news.de\/de\/deutschland\/tote-nach-feuergefecht-in-bergkarabach-armenien-und-aserbaidschan-beschuldigen-sich-gegenseitig\/#primaryimage"},"thumbnailUrl":"https:\/\/now-news.de\/de\/wp-content\/uploads\/sites\/3\/2023\/03\/Tote-nach-Feuergefecht-in-Bergkarabach-Armenien-und-Aserbaidschan-beschuldigen-sich.jpg","keywords":["Armenien","Aserbaidschan","BergKarabach","Beschuldigen","Feuergefecht","gegenseitig","nach","sich","Tote","und"],"articleSection":["Deutschland","Russland"],"inLanguage":"de","potentialAction":[{"@type":"CommentAction","name":"Comment","target":["https:\/\/now-news.de\/de\/deutschland\/tote-nach-feuergefecht-in-bergkarabach-armenien-und-aserbaidschan-beschuldigen-sich-gegenseitig\/#respond"]}]},{"@type":"WebPage","@id":"https:\/\/now-news.de\/de\/deutschland\/tote-nach-feuergefecht-in-bergkarabach-armenien-und-aserbaidschan-beschuldigen-sich-gegenseitig\/","url":"https:\/\/now-news.de\/de\/deutschland\/tote-nach-feuergefecht-in-bergkarabach-armenien-und-aserbaidschan-beschuldigen-sich-gegenseitig\/","name":"Tote nach Feuergefecht in Bergkarabach: Armenien und Aserbaidschan beschuldigen sich gegenseitig - just-now.NEWS Deutschland","isPartOf":{"@id":"https:\/\/now-news.de\/de\/#website"},"primaryImageOfPage":{"@id":"https:\/\/now-news.de\/de\/deutschland\/tote-nach-feuergefecht-in-bergkarabach-armenien-und-aserbaidschan-beschuldigen-sich-gegenseitig\/#primaryimage"},"image":{"@id":"https:\/\/now-news.de\/de\/deutschland\/tote-nach-feuergefecht-in-bergkarabach-armenien-und-aserbaidschan-beschuldigen-sich-gegenseitig\/#primaryimage"},"thumbnailUrl":"https:\/\/now-news.de\/de\/wp-content\/uploads\/sites\/3\/2023\/03\/Tote-nach-Feuergefecht-in-Bergkarabach-Armenien-und-Aserbaidschan-beschuldigen-sich.jpg","datePublished":"2023-03-06T16:24:13+00:00","dateModified":"2023-03-06T16:24:13+00:00","breadcrumb":{"@id":"https:\/\/now-news.de\/de\/deutschland\/tote-nach-feuergefecht-in-bergkarabach-armenien-und-aserbaidschan-beschuldigen-sich-gegenseitig\/#breadcrumb"},"inLanguage":"de","potentialAction":[{"@type":"ReadAction","target":["https:\/\/now-news.de\/de\/deutschland\/tote-nach-feuergefecht-in-bergkarabach-armenien-und-aserbaidschan-beschuldigen-sich-gegenseitig\/"]}]},{"@type":"ImageObject","inLanguage":"de","@id":"https:\/\/now-news.de\/de\/deutschland\/tote-nach-feuergefecht-in-bergkarabach-armenien-und-aserbaidschan-beschuldigen-sich-gegenseitig\/#primaryimage","url":"https:\/\/now-news.de\/de\/wp-content\/uploads\/sites\/3\/2023\/03\/Tote-nach-Feuergefecht-in-Bergkarabach-Armenien-und-Aserbaidschan-beschuldigen-sich.jpg","contentUrl":"https:\/\/now-news.de\/de\/wp-content\/uploads\/sites\/3\/2023\/03\/Tote-nach-Feuergefecht-in-Bergkarabach-Armenien-und-Aserbaidschan-beschuldigen-sich.jpg","width":460,"height":259,"caption":"Tote nach Feuergefecht in Bergkarabach: Armenien und Aserbaidschan beschuldigen sich gegenseitig"},{"@type":"BreadcrumbList","@id":"https:\/\/now-news.de\/de\/deutschland\/tote-nach-feuergefecht-in-bergkarabach-armenien-und-aserbaidschan-beschuldigen-sich-gegenseitig\/#breadcrumb","itemListElement":[{"@type":"ListItem","position":1,"name":"Home","item":"https:\/\/now-news.de\/de\/"},{"@type":"ListItem","position":2,"name":"Tote nach Feuergefecht in Bergkarabach: Armenien und Aserbaidschan beschuldigen sich gegenseitig"}]},{"@type":"WebSite","@id":"https:\/\/now-news.de\/de\/#website","url":"https:\/\/now-news.de\/de\/","name":"just-now.NEWS Deutschland","description":"Das Portal f\u00fcr unzensierte Nachrichten aus der Welt","publisher":{"@id":"https:\/\/now-news.de\/de\/#organization"},"potentialAction":[{"@type":"SearchAction","target":{"@type":"EntryPoint","urlTemplate":"https:\/\/now-news.de\/de\/?s={search_term_string}"},"query-input":"required name=search_term_string"}],"inLanguage":"de"},{"@type":"Organization","@id":"https:\/\/now-news.de\/de\/#organization","name":"Just Now News","url":"https:\/\/now-news.de\/de\/","logo":{"@type":"ImageObject","inLanguage":"de","@id":"https:\/\/now-news.de\/de\/#\/schema\/logo\/image\/","url":"http:\/\/just-now.news\/de\/wp-content\/uploads\/sites\/3\/2022\/04\/logo500x500.jpg","contentUrl":"http:\/\/just-now.news\/de\/wp-content\/uploads\/sites\/3\/2022\/04\/logo500x500.jpg","width":500,"height":500,"caption":"Just Now News"},"image":{"@id":"https:\/\/now-news.de\/de\/#\/schema\/logo\/image\/"},"sameAs":["https:\/\/www.facebook.com\/wirmachenauf","https:\/\/x.com\/WirMachenAuf_de"]},{"@type":"Person","@id":"https:\/\/now-news.de\/de\/#\/schema\/person\/fb534a4e865501d8b3285208df34a9b5","name":"rtnews","image":{"@type":"ImageObject","inLanguage":"de","@id":"https:\/\/now-news.de\/de\/#\/schema\/person\/image\/","url":"https:\/\/secure.gravatar.com\/avatar\/82aafea7d8127119dd649515f56e2117?s=96&d=mm&r=g","contentUrl":"https:\/\/secure.gravatar.com\/avatar\/82aafea7d8127119dd649515f56e2117?s=96&d=mm&r=g","caption":"rtnews"},"url":"https:\/\/now-news.de\/de\/author\/rnews\/"}]}},"_links":{"self":[{"href":"https:\/\/now-news.de\/de\/wp-json\/wp\/v2\/posts\/31678"}],"collection":[{"href":"https:\/\/now-news.de\/de\/wp-json\/wp\/v2\/posts"}],"about":[{"href":"https:\/\/now-news.de\/de\/wp-json\/wp\/v2\/types\/post"}],"author":[{"embeddable":true,"href":"https:\/\/now-news.de\/de\/wp-json\/wp\/v2\/users\/3"}],"replies":[{"embeddable":true,"href":"https:\/\/now-news.de\/de\/wp-json\/wp\/v2\/comments?post=31678"}],"version-history":[{"count":0,"href":"https:\/\/now-news.de\/de\/wp-json\/wp\/v2\/posts\/31678\/revisions"}],"wp:featuredmedia":[{"embeddable":true,"href":"https:\/\/now-news.de\/de\/wp-json\/wp\/v2\/media\/31679"}],"wp:attachment":[{"href":"https:\/\/now-news.de\/de\/wp-json\/wp\/v2\/media?parent=31678"}],"wp:term":[{"taxonomy":"category","embeddable":true,"href":"https:\/\/now-news.de\/de\/wp-json\/wp\/v2\/categories?post=31678"},{"taxonomy":"post_tag","embeddable":true,"href":"https:\/\/now-news.de\/de\/wp-json\/wp\/v2\/tags?post=31678"}],"curies":[{"name":"wp","href":"https:\/\/api.w.org\/{rel}","templated":true}]}}