{"id":31670,"date":"2023-03-06T17:29:07","date_gmt":"2023-03-06T15:29:07","guid":{"rendered":"http:\/\/just-now.news\/de\/deutschland\/von-der-leyen-drueckt-beim-verbrenner-aus-auf-die-tube-scholz-und-wissing-geben-dezent-kontra\/"},"modified":"2023-03-06T17:29:07","modified_gmt":"2023-03-06T15:29:07","slug":"von-der-leyen-drueckt-beim-verbrenner-aus-auf-die-tube-scholz-und-wissing-geben-dezent-kontra","status":"publish","type":"post","link":"https:\/\/now-news.de\/de\/deutschland\/von-der-leyen-drueckt-beim-verbrenner-aus-auf-die-tube-scholz-und-wissing-geben-dezent-kontra\/","title":{"rendered":"Von der Leyen dr\u00fcckt beim Verbrenner-Aus auf die Tube \u2013 Scholz und Wissing geben dezent Kontra"},"content":{"rendered":"<p><img decoding=\"async\" src=\"http:\/\/just-now.news\/de\/wp-content\/uploads\/sites\/3\/2023\/03\/6405f6a348fbef288f49ad07.jpg\" \/><\/p>\n<div class=\"Text-root Text-type_1 \">\n                Hartn\u00e4ckig h\u00e4lt die EU an ihren Klimazielen fest: Dazu geh\u00f6rt auch die schnellstm\u00f6gliche Abschaffung des Verbrenner-Motors. Aus Deutschland gibt es zaghaften Widerstand gegen die Pl\u00e4ne von EU-Kommissionspr\u00e4sidentin Ursula von der Leyen: FDP-Verkehrsminister Volker Wissing erh\u00e4lt jetzt Beistand von Kanzler Olaf Scholz.\n            <\/div>\n<p><\/p>\n<div class=\"Text-root Text-type_5 ArticleView-text ViewText-root \">\n<p>Wie das Portal <em>euractiv<\/em>\u00a0<a rel=\"nofollow noopener\" target=\"_blank\" href=\"https:\/\/www.euractiv.de\/section\/europa-kompakt\/news\/verbrenner-aus-scholz-stellt-sich-hinter-wissing\/\">berichtet<\/a>, hat Bundesverkehrsminister Volker Wissing bereits am 28. Februar mitgeteilt, dass Deutschland nicht in der Lage sei,\u00a0f\u00fcr eine interinstitutionelle Vereinbarung der EU zu stimmen, die de facto den Verkauf neuer Fahrzeuge mit Verbrennungsmotor ab 2035 verbieten w\u00fcrde. Wissing hatte die EU-Kommission dazu aufgefordert, bei dem Verbot eine Ausnahme f\u00fcr klimaneutrale synthetische Kraftstoffe zu schaffen, sogenannte E-Fuels.<\/p>\n<p>Das st\u00f6\u00dft bei der EU-Kommission bislang jedoch auf wenig Interesse. Nun erh\u00e4lt Wissing R\u00fcckendeckung von Bundeskanzler Olaf Scholz (SPD). Dieser betont: &#8220;Wir sind uns in dieser Frage einig.&#8221;<\/p>\n<p>Bei dem, &#8220;was wir gegenw\u00e4rtig mit der Europ\u00e4ischen Kommission diskutieren, geht es nicht um die konkreten Inhalte der gefundenen Regelung&#8221;, unterstreicht Scholz. Es gehe nur darum, &#8220;wie etwas, wor\u00fcber wir uns auch in der Regierung einig sind, auch mit der Kommission, realisiert werden kann&#8221;.<\/p>\n<p>Kommissionspr\u00e4sidentin Ursula von der Leyen, die zur j\u00e4hrlichen Klausurtagung der Bundesregierung auf Schloss Meseberg eingeladen war, um \u00fcber Wirtschaftspolitik zu diskutieren, blieb in dieser Frage vage. Sie erkl\u00e4rte:<\/p>\n<blockquote>\n<p><em>&#8220;Ich will noch einmal sehr deutlich klarstellen: volle Unterst\u00fctzung f\u00fcr das Prinzip der Technologieoffenheit. Das ist wichtig, aber das muss auch immer in Balance mit unseren klimapolitischen Zielen stehen, \u00fcber die wir uns auch alle geeinigt haben.&#8221;<\/em><\/p>\n<\/blockquote>\n<p>Ihr Ziel sei es, &#8220;so schnell wie m\u00f6glich&#8221; eine L\u00f6sung zu finden, denn es gehe &#8220;auch um Planungssicherheit f\u00fcr die Automobilindustrie&#8221;, so von der Leyen. \u00dcber die Blockadehaltung der FDP in der Angelegenheit <a rel=\"nofollow noopener\" target=\"_blank\" href=\"https:\/\/www.spiegel.de\/politik\/deutschland\/volker-wissing-hatte-eu-einigung-zu-verbrennerautos-bereits-zugestimmt-a-3ad5a314-2a5f-44a2-ade4-f6bb5866af8f\">berichtet<\/a> auch der <em>Spiegel<\/em> am Montag. Das Bundesverkehrsministerium erkl\u00e4rte auf Anfrage des Magazins: Die Regierung habe klargemacht, dass dem Kompromiss mit der EU nur zugestimmt werden k\u00f6nne, sofern die EU-Kommission einen Vorschlag mache, &#8220;wonach Pkw und leichte Nutzfahrzeuge mit Verbrennungsmotor, die ausschlie\u00dflich mit E-Fuels betrieben werden, auch \u00fcber hinaus 2035 neu zugelassen werden k\u00f6nnen&#8221;.\u00a0<\/p>\n<p><strong>Mehr zum Thema<\/strong> &#8211; <a rel=\"nofollow noopener\" target=\"_blank\" href=\"https:\/\/gegenzensur.rtde.life\/inland\/164415-geplantes-verbrenner-aus-audi-chef\/\">Geplantes Verbrenner-Aus: Audi-Chef warnt vor &#8220;H\u00e4ngepartie&#8221;<\/a><\/p>\n<\/div>\n<p><br \/>\n<br \/><a href=\"https:\/\/de.rt.com\/inland\/164624-von-der-leyen-drueckt-beim-verbrenner-aus-auf-die-tube\/\">Source link <\/a><\/p>\n","protected":false},"excerpt":{"rendered":"<p>Hartn\u00e4ckig h\u00e4lt die EU an ihren Klimazielen fest: Dazu geh\u00f6rt auch die schnellstm\u00f6gliche Abschaffung des Verbrenner-Motors. Aus Deutschland gibt es zaghaften Widerstand gegen die Pl\u00e4ne von EU-Kommissionspr\u00e4sidentin Ursula von der Leyen: FDP-Verkehrsminister Volker Wissing erh\u00e4lt jetzt Beistand von Kanzler Olaf Scholz. Wie das Portal euractiv\u00a0berichtet, hat Bundesverkehrsminister Volker Wissing bereits am 28. Februar mitgeteilt, dass [&hellip;]<\/p>\n","protected":false},"author":3,"featured_media":31671,"comment_status":"open","ping_status":"open","sticky":false,"template":"","format":"standard","meta":{"_yoast_indexnow_last_ping":["1678116847"],"wp_automatic_camp":["217"],"ce37f563ea6ad484992178878ff54974":["Von der Leyen dr\u00fcckt beim Verbrenner-Aus auf die Tube \u2013 Scholz und Wissing geben dezent Kontra"],"original_link":["https:\/\/de.rt.com\/inland\/164624-von-der-leyen-drueckt-beim-verbrenner-aus-auf-die-tube\/"],"_thumbnail_id":["31671"],"_wptgpro_p2tg_sent2tg":["a:1:{i:23737;s:19:\"2023-03-06 17:35:16\";}"],"jnews_social_counter_last_update":["1777563595"]},"categories":[19,23],"tags":[133,1814,82,41613,45,41427,789,8210,368,1001,41611,140,23682,50,41612],"yoast_head":"<!-- This site is optimized with the Yoast SEO Premium plugin v22.7 (Yoast SEO v22.7) - https:\/\/yoast.com\/wordpress\/plugins\/seo\/ -->\n<title>Von der Leyen dr\u00fcckt beim Verbrenner-Aus auf die Tube \u2013 Scholz und Wissing geben dezent Kontra - just-now.NEWS Deutschland<\/title>\n<meta name=\"robots\" content=\"index, follow, max-snippet:-1, max-image-preview:large, max-video-preview:-1\" \/>\n<link rel=\"canonical\" href=\"https:\/\/now-news.de\/de\/deutschland\/von-der-leyen-drueckt-beim-verbrenner-aus-auf-die-tube-scholz-und-wissing-geben-dezent-kontra\/\" \/>\n<meta property=\"og:locale\" content=\"de_DE\" \/>\n<meta property=\"og:type\" content=\"article\" \/>\n<meta property=\"og:title\" content=\"Von der Leyen dr\u00fcckt beim Verbrenner-Aus auf die Tube \u2013 Scholz und Wissing geben dezent Kontra\" \/>\n<meta property=\"og:description\" content=\"Hartn\u00e4ckig h\u00e4lt die EU an ihren Klimazielen fest: Dazu geh\u00f6rt auch die schnellstm\u00f6gliche Abschaffung des Verbrenner-Motors. Aus Deutschland gibt es zaghaften Widerstand gegen die Pl\u00e4ne von EU-Kommissionspr\u00e4sidentin Ursula von der Leyen: FDP-Verkehrsminister Volker Wissing erh\u00e4lt jetzt Beistand von Kanzler Olaf Scholz. Wie das Portal euractiv\u00a0berichtet, hat Bundesverkehrsminister Volker Wissing bereits am 28. Februar mitgeteilt, dass [&hellip;]\" \/>\n<meta property=\"og:url\" content=\"https:\/\/now-news.de\/de\/deutschland\/von-der-leyen-drueckt-beim-verbrenner-aus-auf-die-tube-scholz-und-wissing-geben-dezent-kontra\/\" \/>\n<meta property=\"og:site_name\" content=\"just-now.NEWS Deutschland\" \/>\n<meta property=\"article:publisher\" content=\"https:\/\/www.facebook.com\/wirmachenauf\" \/>\n<meta property=\"article:published_time\" content=\"2023-03-06T15:29:07+00:00\" \/>\n<meta property=\"og:image\" content=\"https:\/\/now-news.de\/de\/wp-content\/uploads\/sites\/3\/2023\/03\/Von-der-Leyen-drueckt-beim-Verbrenner-Aus-auf-die-Tube-\u2013.jpg\" \/>\n\t<meta property=\"og:image:width\" content=\"460\" \/>\n\t<meta property=\"og:image:height\" content=\"259\" \/>\n\t<meta property=\"og:image:type\" content=\"image\/jpeg\" \/>\n<meta name=\"author\" content=\"rtnews\" \/>\n<meta name=\"twitter:card\" content=\"summary_large_image\" \/>\n<meta name=\"twitter:creator\" content=\"@WirMachenAuf_de\" \/>\n<meta name=\"twitter:site\" content=\"@WirMachenAuf_de\" \/>\n<meta name=\"twitter:label1\" content=\"Verfasst von\" \/>\n\t<meta name=\"twitter:data1\" content=\"rtnews\" \/>\n\t<meta name=\"twitter:label2\" content=\"Gesch\u00e4tzte Lesezeit\" \/>\n\t<meta name=\"twitter:data2\" content=\"2\u00a0Minuten\" \/>\n<script type=\"application\/ld+json\" class=\"yoast-schema-graph\">{\"@context\":\"https:\/\/schema.org\",\"@graph\":[{\"@type\":\"Article\",\"@id\":\"https:\/\/now-news.de\/de\/deutschland\/von-der-leyen-drueckt-beim-verbrenner-aus-auf-die-tube-scholz-und-wissing-geben-dezent-kontra\/#article\",\"isPartOf\":{\"@id\":\"https:\/\/now-news.de\/de\/deutschland\/von-der-leyen-drueckt-beim-verbrenner-aus-auf-die-tube-scholz-und-wissing-geben-dezent-kontra\/\"},\"author\":{\"name\":\"rtnews\",\"@id\":\"https:\/\/now-news.de\/de\/#\/schema\/person\/fb534a4e865501d8b3285208df34a9b5\"},\"headline\":\"Von der Leyen dr\u00fcckt beim Verbrenner-Aus auf die Tube \u2013 Scholz und Wissing geben dezent Kontra\",\"datePublished\":\"2023-03-06T15:29:07+00:00\",\"dateModified\":\"2023-03-06T15:29:07+00:00\",\"mainEntityOfPage\":{\"@id\":\"https:\/\/now-news.de\/de\/deutschland\/von-der-leyen-drueckt-beim-verbrenner-aus-auf-die-tube-scholz-und-wissing-geben-dezent-kontra\/\"},\"wordCount\":381,\"commentCount\":0,\"publisher\":{\"@id\":\"https:\/\/now-news.de\/de\/#organization\"},\"image\":{\"@id\":\"https:\/\/now-news.de\/de\/deutschland\/von-der-leyen-drueckt-beim-verbrenner-aus-auf-die-tube-scholz-und-wissing-geben-dezent-kontra\/#primaryimage\"},\"thumbnailUrl\":\"https:\/\/now-news.de\/de\/wp-content\/uploads\/sites\/3\/2023\/03\/Von-der-Leyen-drueckt-beim-Verbrenner-Aus-auf-die-Tube-\u2013.jpg\",\"keywords\":[\"AUF\",\"beim\",\"der\",\"dezent\",\"die\",\"dr\u00fcckt\",\"geben\",\"kontra\",\"Leyen\",\"Scholz\",\"Tube\",\"und\",\"VerbrennerAus\",\"von\",\"Wissing\"],\"articleSection\":[\"Deutschland\",\"Russland\"],\"inLanguage\":\"de\",\"potentialAction\":[{\"@type\":\"CommentAction\",\"name\":\"Comment\",\"target\":[\"https:\/\/now-news.de\/de\/deutschland\/von-der-leyen-drueckt-beim-verbrenner-aus-auf-die-tube-scholz-und-wissing-geben-dezent-kontra\/#respond\"]}]},{\"@type\":\"WebPage\",\"@id\":\"https:\/\/now-news.de\/de\/deutschland\/von-der-leyen-drueckt-beim-verbrenner-aus-auf-die-tube-scholz-und-wissing-geben-dezent-kontra\/\",\"url\":\"https:\/\/now-news.de\/de\/deutschland\/von-der-leyen-drueckt-beim-verbrenner-aus-auf-die-tube-scholz-und-wissing-geben-dezent-kontra\/\",\"name\":\"Von der Leyen dr\u00fcckt beim Verbrenner-Aus auf die Tube \u2013 Scholz und Wissing geben dezent Kontra - just-now.NEWS Deutschland\",\"isPartOf\":{\"@id\":\"https:\/\/now-news.de\/de\/#website\"},\"primaryImageOfPage\":{\"@id\":\"https:\/\/now-news.de\/de\/deutschland\/von-der-leyen-drueckt-beim-verbrenner-aus-auf-die-tube-scholz-und-wissing-geben-dezent-kontra\/#primaryimage\"},\"image\":{\"@id\":\"https:\/\/now-news.de\/de\/deutschland\/von-der-leyen-drueckt-beim-verbrenner-aus-auf-die-tube-scholz-und-wissing-geben-dezent-kontra\/#primaryimage\"},\"thumbnailUrl\":\"https:\/\/now-news.de\/de\/wp-content\/uploads\/sites\/3\/2023\/03\/Von-der-Leyen-drueckt-beim-Verbrenner-Aus-auf-die-Tube-\u2013.jpg\",\"datePublished\":\"2023-03-06T15:29:07+00:00\",\"dateModified\":\"2023-03-06T15:29:07+00:00\",\"breadcrumb\":{\"@id\":\"https:\/\/now-news.de\/de\/deutschland\/von-der-leyen-drueckt-beim-verbrenner-aus-auf-die-tube-scholz-und-wissing-geben-dezent-kontra\/#breadcrumb\"},\"inLanguage\":\"de\",\"potentialAction\":[{\"@type\":\"ReadAction\",\"target\":[\"https:\/\/now-news.de\/de\/deutschland\/von-der-leyen-drueckt-beim-verbrenner-aus-auf-die-tube-scholz-und-wissing-geben-dezent-kontra\/\"]}]},{\"@type\":\"ImageObject\",\"inLanguage\":\"de\",\"@id\":\"https:\/\/now-news.de\/de\/deutschland\/von-der-leyen-drueckt-beim-verbrenner-aus-auf-die-tube-scholz-und-wissing-geben-dezent-kontra\/#primaryimage\",\"url\":\"https:\/\/now-news.de\/de\/wp-content\/uploads\/sites\/3\/2023\/03\/Von-der-Leyen-drueckt-beim-Verbrenner-Aus-auf-die-Tube-\u2013.jpg\",\"contentUrl\":\"https:\/\/now-news.de\/de\/wp-content\/uploads\/sites\/3\/2023\/03\/Von-der-Leyen-drueckt-beim-Verbrenner-Aus-auf-die-Tube-\u2013.jpg\",\"width\":460,\"height\":259,\"caption\":\"Von der Leyen dr\u00fcckt beim Verbrenner-Aus auf die Tube \u2013 Scholz und Wissing geben dezent Kontra\"},{\"@type\":\"BreadcrumbList\",\"@id\":\"https:\/\/now-news.de\/de\/deutschland\/von-der-leyen-drueckt-beim-verbrenner-aus-auf-die-tube-scholz-und-wissing-geben-dezent-kontra\/#breadcrumb\",\"itemListElement\":[{\"@type\":\"ListItem\",\"position\":1,\"name\":\"Home\",\"item\":\"https:\/\/now-news.de\/de\/\"},{\"@type\":\"ListItem\",\"position\":2,\"name\":\"Von der Leyen dr\u00fcckt beim Verbrenner-Aus auf die Tube \u2013 Scholz und Wissing geben dezent Kontra\"}]},{\"@type\":\"WebSite\",\"@id\":\"https:\/\/now-news.de\/de\/#website\",\"url\":\"https:\/\/now-news.de\/de\/\",\"name\":\"just-now.NEWS Deutschland\",\"description\":\"Das Portal f\u00fcr unzensierte Nachrichten aus der Welt\",\"publisher\":{\"@id\":\"https:\/\/now-news.de\/de\/#organization\"},\"potentialAction\":[{\"@type\":\"SearchAction\",\"target\":{\"@type\":\"EntryPoint\",\"urlTemplate\":\"https:\/\/now-news.de\/de\/?s={search_term_string}\"},\"query-input\":\"required name=search_term_string\"}],\"inLanguage\":\"de\"},{\"@type\":\"Organization\",\"@id\":\"https:\/\/now-news.de\/de\/#organization\",\"name\":\"Just Now News\",\"url\":\"https:\/\/now-news.de\/de\/\",\"logo\":{\"@type\":\"ImageObject\",\"inLanguage\":\"de\",\"@id\":\"https:\/\/now-news.de\/de\/#\/schema\/logo\/image\/\",\"url\":\"http:\/\/just-now.news\/de\/wp-content\/uploads\/sites\/3\/2022\/04\/logo500x500.jpg\",\"contentUrl\":\"http:\/\/just-now.news\/de\/wp-content\/uploads\/sites\/3\/2022\/04\/logo500x500.jpg\",\"width\":500,\"height\":500,\"caption\":\"Just Now News\"},\"image\":{\"@id\":\"https:\/\/now-news.de\/de\/#\/schema\/logo\/image\/\"},\"sameAs\":[\"https:\/\/www.facebook.com\/wirmachenauf\",\"https:\/\/x.com\/WirMachenAuf_de\"]},{\"@type\":\"Person\",\"@id\":\"https:\/\/now-news.de\/de\/#\/schema\/person\/fb534a4e865501d8b3285208df34a9b5\",\"name\":\"rtnews\",\"image\":{\"@type\":\"ImageObject\",\"inLanguage\":\"de\",\"@id\":\"https:\/\/now-news.de\/de\/#\/schema\/person\/image\/\",\"url\":\"https:\/\/secure.gravatar.com\/avatar\/82aafea7d8127119dd649515f56e2117?s=96&d=mm&r=g\",\"contentUrl\":\"https:\/\/secure.gravatar.com\/avatar\/82aafea7d8127119dd649515f56e2117?s=96&d=mm&r=g\",\"caption\":\"rtnews\"},\"url\":\"https:\/\/now-news.de\/de\/author\/rnews\/\"}]}<\/script>\n<!-- \/ Yoast SEO Premium plugin. -->","yoast_head_json":{"title":"Von der Leyen dr\u00fcckt beim Verbrenner-Aus auf die Tube \u2013 Scholz und Wissing geben dezent Kontra - just-now.NEWS Deutschland","robots":{"index":"index","follow":"follow","max-snippet":"max-snippet:-1","max-image-preview":"max-image-preview:large","max-video-preview":"max-video-preview:-1"},"canonical":"https:\/\/now-news.de\/de\/deutschland\/von-der-leyen-drueckt-beim-verbrenner-aus-auf-die-tube-scholz-und-wissing-geben-dezent-kontra\/","og_locale":"de_DE","og_type":"article","og_title":"Von der Leyen dr\u00fcckt beim Verbrenner-Aus auf die Tube \u2013 Scholz und Wissing geben dezent Kontra","og_description":"Hartn\u00e4ckig h\u00e4lt die EU an ihren Klimazielen fest: Dazu geh\u00f6rt auch die schnellstm\u00f6gliche Abschaffung des Verbrenner-Motors. Aus Deutschland gibt es zaghaften Widerstand gegen die Pl\u00e4ne von EU-Kommissionspr\u00e4sidentin Ursula von der Leyen: FDP-Verkehrsminister Volker Wissing erh\u00e4lt jetzt Beistand von Kanzler Olaf Scholz. Wie das Portal euractiv\u00a0berichtet, hat Bundesverkehrsminister Volker Wissing bereits am 28. Februar mitgeteilt, dass [&hellip;]","og_url":"https:\/\/now-news.de\/de\/deutschland\/von-der-leyen-drueckt-beim-verbrenner-aus-auf-die-tube-scholz-und-wissing-geben-dezent-kontra\/","og_site_name":"just-now.NEWS Deutschland","article_publisher":"https:\/\/www.facebook.com\/wirmachenauf","article_published_time":"2023-03-06T15:29:07+00:00","og_image":[{"width":460,"height":259,"url":"https:\/\/now-news.de\/de\/wp-content\/uploads\/sites\/3\/2023\/03\/Von-der-Leyen-drueckt-beim-Verbrenner-Aus-auf-die-Tube-\u2013.jpg","type":"image\/jpeg"}],"author":"rtnews","twitter_card":"summary_large_image","twitter_creator":"@WirMachenAuf_de","twitter_site":"@WirMachenAuf_de","twitter_misc":{"Verfasst von":"rtnews","Gesch\u00e4tzte Lesezeit":"2\u00a0Minuten"},"schema":{"@context":"https:\/\/schema.org","@graph":[{"@type":"Article","@id":"https:\/\/now-news.de\/de\/deutschland\/von-der-leyen-drueckt-beim-verbrenner-aus-auf-die-tube-scholz-und-wissing-geben-dezent-kontra\/#article","isPartOf":{"@id":"https:\/\/now-news.de\/de\/deutschland\/von-der-leyen-drueckt-beim-verbrenner-aus-auf-die-tube-scholz-und-wissing-geben-dezent-kontra\/"},"author":{"name":"rtnews","@id":"https:\/\/now-news.de\/de\/#\/schema\/person\/fb534a4e865501d8b3285208df34a9b5"},"headline":"Von der Leyen dr\u00fcckt beim Verbrenner-Aus auf die Tube \u2013 Scholz und Wissing geben dezent Kontra","datePublished":"2023-03-06T15:29:07+00:00","dateModified":"2023-03-06T15:29:07+00:00","mainEntityOfPage":{"@id":"https:\/\/now-news.de\/de\/deutschland\/von-der-leyen-drueckt-beim-verbrenner-aus-auf-die-tube-scholz-und-wissing-geben-dezent-kontra\/"},"wordCount":381,"commentCount":0,"publisher":{"@id":"https:\/\/now-news.de\/de\/#organization"},"image":{"@id":"https:\/\/now-news.de\/de\/deutschland\/von-der-leyen-drueckt-beim-verbrenner-aus-auf-die-tube-scholz-und-wissing-geben-dezent-kontra\/#primaryimage"},"thumbnailUrl":"https:\/\/now-news.de\/de\/wp-content\/uploads\/sites\/3\/2023\/03\/Von-der-Leyen-drueckt-beim-Verbrenner-Aus-auf-die-Tube-\u2013.jpg","keywords":["AUF","beim","der","dezent","die","dr\u00fcckt","geben","kontra","Leyen","Scholz","Tube","und","VerbrennerAus","von","Wissing"],"articleSection":["Deutschland","Russland"],"inLanguage":"de","potentialAction":[{"@type":"CommentAction","name":"Comment","target":["https:\/\/now-news.de\/de\/deutschland\/von-der-leyen-drueckt-beim-verbrenner-aus-auf-die-tube-scholz-und-wissing-geben-dezent-kontra\/#respond"]}]},{"@type":"WebPage","@id":"https:\/\/now-news.de\/de\/deutschland\/von-der-leyen-drueckt-beim-verbrenner-aus-auf-die-tube-scholz-und-wissing-geben-dezent-kontra\/","url":"https:\/\/now-news.de\/de\/deutschland\/von-der-leyen-drueckt-beim-verbrenner-aus-auf-die-tube-scholz-und-wissing-geben-dezent-kontra\/","name":"Von der Leyen dr\u00fcckt beim Verbrenner-Aus auf die Tube \u2013 Scholz und Wissing geben dezent Kontra - just-now.NEWS Deutschland","isPartOf":{"@id":"https:\/\/now-news.de\/de\/#website"},"primaryImageOfPage":{"@id":"https:\/\/now-news.de\/de\/deutschland\/von-der-leyen-drueckt-beim-verbrenner-aus-auf-die-tube-scholz-und-wissing-geben-dezent-kontra\/#primaryimage"},"image":{"@id":"https:\/\/now-news.de\/de\/deutschland\/von-der-leyen-drueckt-beim-verbrenner-aus-auf-die-tube-scholz-und-wissing-geben-dezent-kontra\/#primaryimage"},"thumbnailUrl":"https:\/\/now-news.de\/de\/wp-content\/uploads\/sites\/3\/2023\/03\/Von-der-Leyen-drueckt-beim-Verbrenner-Aus-auf-die-Tube-\u2013.jpg","datePublished":"2023-03-06T15:29:07+00:00","dateModified":"2023-03-06T15:29:07+00:00","breadcrumb":{"@id":"https:\/\/now-news.de\/de\/deutschland\/von-der-leyen-drueckt-beim-verbrenner-aus-auf-die-tube-scholz-und-wissing-geben-dezent-kontra\/#breadcrumb"},"inLanguage":"de","potentialAction":[{"@type":"ReadAction","target":["https:\/\/now-news.de\/de\/deutschland\/von-der-leyen-drueckt-beim-verbrenner-aus-auf-die-tube-scholz-und-wissing-geben-dezent-kontra\/"]}]},{"@type":"ImageObject","inLanguage":"de","@id":"https:\/\/now-news.de\/de\/deutschland\/von-der-leyen-drueckt-beim-verbrenner-aus-auf-die-tube-scholz-und-wissing-geben-dezent-kontra\/#primaryimage","url":"https:\/\/now-news.de\/de\/wp-content\/uploads\/sites\/3\/2023\/03\/Von-der-Leyen-drueckt-beim-Verbrenner-Aus-auf-die-Tube-\u2013.jpg","contentUrl":"https:\/\/now-news.de\/de\/wp-content\/uploads\/sites\/3\/2023\/03\/Von-der-Leyen-drueckt-beim-Verbrenner-Aus-auf-die-Tube-\u2013.jpg","width":460,"height":259,"caption":"Von der Leyen dr\u00fcckt beim Verbrenner-Aus auf die Tube \u2013 Scholz und Wissing geben dezent Kontra"},{"@type":"BreadcrumbList","@id":"https:\/\/now-news.de\/de\/deutschland\/von-der-leyen-drueckt-beim-verbrenner-aus-auf-die-tube-scholz-und-wissing-geben-dezent-kontra\/#breadcrumb","itemListElement":[{"@type":"ListItem","position":1,"name":"Home","item":"https:\/\/now-news.de\/de\/"},{"@type":"ListItem","position":2,"name":"Von der Leyen dr\u00fcckt beim Verbrenner-Aus auf die Tube \u2013 Scholz und Wissing geben dezent Kontra"}]},{"@type":"WebSite","@id":"https:\/\/now-news.de\/de\/#website","url":"https:\/\/now-news.de\/de\/","name":"just-now.NEWS Deutschland","description":"Das Portal f\u00fcr unzensierte Nachrichten aus der Welt","publisher":{"@id":"https:\/\/now-news.de\/de\/#organization"},"potentialAction":[{"@type":"SearchAction","target":{"@type":"EntryPoint","urlTemplate":"https:\/\/now-news.de\/de\/?s={search_term_string}"},"query-input":"required name=search_term_string"}],"inLanguage":"de"},{"@type":"Organization","@id":"https:\/\/now-news.de\/de\/#organization","name":"Just Now News","url":"https:\/\/now-news.de\/de\/","logo":{"@type":"ImageObject","inLanguage":"de","@id":"https:\/\/now-news.de\/de\/#\/schema\/logo\/image\/","url":"http:\/\/just-now.news\/de\/wp-content\/uploads\/sites\/3\/2022\/04\/logo500x500.jpg","contentUrl":"http:\/\/just-now.news\/de\/wp-content\/uploads\/sites\/3\/2022\/04\/logo500x500.jpg","width":500,"height":500,"caption":"Just Now News"},"image":{"@id":"https:\/\/now-news.de\/de\/#\/schema\/logo\/image\/"},"sameAs":["https:\/\/www.facebook.com\/wirmachenauf","https:\/\/x.com\/WirMachenAuf_de"]},{"@type":"Person","@id":"https:\/\/now-news.de\/de\/#\/schema\/person\/fb534a4e865501d8b3285208df34a9b5","name":"rtnews","image":{"@type":"ImageObject","inLanguage":"de","@id":"https:\/\/now-news.de\/de\/#\/schema\/person\/image\/","url":"https:\/\/secure.gravatar.com\/avatar\/82aafea7d8127119dd649515f56e2117?s=96&d=mm&r=g","contentUrl":"https:\/\/secure.gravatar.com\/avatar\/82aafea7d8127119dd649515f56e2117?s=96&d=mm&r=g","caption":"rtnews"},"url":"https:\/\/now-news.de\/de\/author\/rnews\/"}]}},"_links":{"self":[{"href":"https:\/\/now-news.de\/de\/wp-json\/wp\/v2\/posts\/31670"}],"collection":[{"href":"https:\/\/now-news.de\/de\/wp-json\/wp\/v2\/posts"}],"about":[{"href":"https:\/\/now-news.de\/de\/wp-json\/wp\/v2\/types\/post"}],"author":[{"embeddable":true,"href":"https:\/\/now-news.de\/de\/wp-json\/wp\/v2\/users\/3"}],"replies":[{"embeddable":true,"href":"https:\/\/now-news.de\/de\/wp-json\/wp\/v2\/comments?post=31670"}],"version-history":[{"count":0,"href":"https:\/\/now-news.de\/de\/wp-json\/wp\/v2\/posts\/31670\/revisions"}],"wp:featuredmedia":[{"embeddable":true,"href":"https:\/\/now-news.de\/de\/wp-json\/wp\/v2\/media\/31671"}],"wp:attachment":[{"href":"https:\/\/now-news.de\/de\/wp-json\/wp\/v2\/media?parent=31670"}],"wp:term":[{"taxonomy":"category","embeddable":true,"href":"https:\/\/now-news.de\/de\/wp-json\/wp\/v2\/categories?post=31670"},{"taxonomy":"post_tag","embeddable":true,"href":"https:\/\/now-news.de\/de\/wp-json\/wp\/v2\/tags?post=31670"}],"curies":[{"name":"wp","href":"https:\/\/api.w.org\/{rel}","templated":true}]}}