{"id":31653,"date":"2023-03-06T13:38:06","date_gmt":"2023-03-06T11:38:06","guid":{"rendered":"https:\/\/just-now.news\/de\/deutschland\/rueckzug-oder-nicht-selenskij-und-armeechef-saluschny-streiten-ueber-situation-bei-artjomowsk\/"},"modified":"2023-03-06T13:38:06","modified_gmt":"2023-03-06T11:38:06","slug":"rueckzug-oder-nicht-selenskij-und-armeechef-saluschny-streiten-ueber-situation-bei-artjomowsk","status":"publish","type":"post","link":"https:\/\/now-news.de\/de\/deutschland\/rueckzug-oder-nicht-selenskij-und-armeechef-saluschny-streiten-ueber-situation-bei-artjomowsk\/","title":{"rendered":"R\u00fcckzug oder nicht? \u2013 Selenskij und Armeechef Saluschny streiten \u00fcber Situation bei Artjomowsk"},"content":{"rendered":"<p><img decoding=\"async\" src=\"http:\/\/just-now.news\/de\/wp-content\/uploads\/sites\/3\/2023\/03\/6405bcdab480cc7a645c71cb.jpg\" \/><\/p>\n<div class=\"Text-root Text-type_1 \">\n                Die Bild-Zeitung berichtet, dass es zwischen dem ukrainischen Oberbefehlshaber Saluschny und Pr\u00e4sident Selenskij zu einem Streit \u00fcber die Lage in Artjomowsk gekommen sei. Saluschny habe vorgeschlagen, sich aus der Stadt zur\u00fcckzuziehen, Selenskij habe beschlossen, sie zu halten.\n            <\/div>\n<p><\/p>\n<div class=\"Text-root Text-type_5 ArticleView-text ViewText-root \">\n<p>Der ukrainische Pr\u00e4sident Wladimir Selenskij und der Oberbefehlshaber der ukrainischen Streitkr\u00e4fte Waleri Saluschny sind sich \u00fcber die Lage bei Artjomowsk (Bachmut) uneinig, <a rel=\"nofollow noopener\" target=\"_blank\" href=\"https:\/\/www.t-online.de\/nachrichten\/ukraine\/id_100138920\/ukraine-krieg-selenskyj-soll-streit-mit-seinem-wichtigsten-general-haben.html\">zitiert<\/a> das Internetportal <em>T-Online<\/em> die Zeitung <em>Bild<\/em>.<strong><\/strong><\/p>\n<p>Nach Angaben mehrerer <em>Bild<\/em>-Quellen in der ukrainischen F\u00fchrung habe Saluschny Selenskij bereits vor Wochen geraten, aus taktischen Gr\u00fcnden einen R\u00fcckzug aus Artjomowsk zu erw\u00e4gen. Die politische F\u00fchrung der Ukraine habe jedoch die Entscheidung, die Stadt zu halten, f\u00fcr richtig gehalten.<\/p>\n<p>Im November vergangenen Jahres zitierte die Zeitung <em>The Financial Times<\/em> Quellen, wonach der Oberbefehlshaber der ukrainischen Streitkr\u00e4fte gebeten worden sei, seine \u00f6ffentliche Aktivit\u00e4t aufgrund seiner steigenden Popularit\u00e4t und der Spannungen mit Selenskij zu reduzieren. Sowohl Selenskij als auch Saluschny dementierten dies jedoch. Im Sommer gab es Berichte, dass Selenskij Saluschny vom Kommando der ukrainischen Streitkr\u00e4fte abziehen und ihn zum Verteidigungsminister ernennen k\u00f6nnte. Der Pr\u00e4sident dementierte diese Information jedoch. Auf die Frage, wie er die Arbeit des Oberbefehlshabers bewerte, antwortete der ukrainische Staatschef:<\/p>\n<blockquote>\n<p><em>&#8220;Die wichtigste Bewertung ist, dass wir durchhalten. Also ist die Bewertung hoch.&#8221;<\/em><\/p>\n<\/blockquote>\n<p>Selenskij bezeichnete die Lage im Osten, wo heftige K\u00e4mpfe um Artjomowsk stattfinden, als &#8220;schwierig und schmerzhaft&#8221;. Gleichzeitig betonte er, dass das ukrainische Milit\u00e4r die Stadt nicht &#8220;um jeden Preis verteidigen und alle sterben lassen&#8221; werde, sondern &#8220;vern\u00fcnftig&#8221; handeln werde.<\/p>\n<p>Russische Truppen versuchten, Artjomowsk einzukesseln und die Nachschubwege abzuschneiden, sagte Generaloberst Alexander Syrski, Kommandeur der ukrainischen Bodentruppen, Ende Februar.<\/p>\n<p>Anfang M\u00e4rz erkl\u00e4rte\u00a0Jewgeni Prigoschin, der Gr\u00fcnder der Gruppe Wagner, dass seine Einheiten die Stadt praktisch umzingelt haben.<\/p>\n<p><strong>Mehr zum Thema<\/strong> &#8211; <a rel=\"nofollow noopener\" target=\"_blank\" href=\"https:\/\/de.rt.com\/kurzclips\/video\/164434-wagner-chef-prigoschin-artjomowsk-nahezu\/\">Wagner-Chef Prigoschin: Artjomowsk nahezu umzingelt \u2013 Selenskij, schick deine Leute heim!<\/a><\/p>\n<\/div>\n<p><br \/>\n<br \/><a href=\"https:\/\/de.rt.com\/europa\/164625-selenskij-und-armeechef-saluschny-streiten\/\">Source link <\/a><\/p>\n","protected":false},"excerpt":{"rendered":"<p>Die Bild-Zeitung berichtet, dass es zwischen dem ukrainischen Oberbefehlshaber Saluschny und Pr\u00e4sident Selenskij zu einem Streit \u00fcber die Lage in Artjomowsk gekommen sei. Saluschny habe vorgeschlagen, sich aus der Stadt zur\u00fcckzuziehen, Selenskij habe beschlossen, sie zu halten. Der ukrainische Pr\u00e4sident Wladimir Selenskij und der Oberbefehlshaber der ukrainischen Streitkr\u00e4fte Waleri Saluschny sind sich \u00fcber die Lage [&hellip;]<\/p>\n","protected":false},"author":3,"featured_media":31654,"comment_status":"open","ping_status":"open","sticky":false,"template":"","format":"standard","meta":{"_yoast_indexnow_last_ping":["1678103408"],"wp_automatic_camp":["217"],"677b04c2d69e778708031c97777a6261":["R\u00fcckzug oder nicht? \u2013 Selenskij und Armeechef Saluschny streiten \u00fcber Situation bei Artjomowsk"],"original_link":["https:\/\/de.rt.com\/europa\/164625-selenskij-und-armeechef-saluschny-streiten\/"],"_thumbnail_id":["31654"],"_wptgpro_p2tg_sent2tg":["a:1:{i:23737;s:19:\"2023-03-06 13:51:07\";}"],"jnews_social_counter_last_update":["1777119019"]},"categories":[19,23],"tags":[41601,30949,363,800,268,10251,38976,6158,8804,8886,139,140],"yoast_head":"<!-- This site is optimized with the Yoast SEO Premium plugin v22.7 (Yoast SEO v22.7) - https:\/\/yoast.com\/wordpress\/plugins\/seo\/ -->\n<title>R\u00fcckzug oder nicht? \u2013 Selenskij und Armeechef Saluschny streiten \u00fcber Situation bei Artjomowsk - just-now.NEWS Deutschland<\/title>\n<meta name=\"robots\" content=\"index, follow, max-snippet:-1, max-image-preview:large, max-video-preview:-1\" \/>\n<link rel=\"canonical\" href=\"https:\/\/now-news.de\/de\/deutschland\/rueckzug-oder-nicht-selenskij-und-armeechef-saluschny-streiten-ueber-situation-bei-artjomowsk\/\" \/>\n<meta property=\"og:locale\" content=\"de_DE\" \/>\n<meta property=\"og:type\" content=\"article\" \/>\n<meta property=\"og:title\" content=\"R\u00fcckzug oder nicht? \u2013 Selenskij und Armeechef Saluschny streiten \u00fcber Situation bei Artjomowsk\" \/>\n<meta property=\"og:description\" content=\"Die Bild-Zeitung berichtet, dass es zwischen dem ukrainischen Oberbefehlshaber Saluschny und Pr\u00e4sident Selenskij zu einem Streit \u00fcber die Lage in Artjomowsk gekommen sei. Saluschny habe vorgeschlagen, sich aus der Stadt zur\u00fcckzuziehen, Selenskij habe beschlossen, sie zu halten. Der ukrainische Pr\u00e4sident Wladimir Selenskij und der Oberbefehlshaber der ukrainischen Streitkr\u00e4fte Waleri Saluschny sind sich \u00fcber die Lage [&hellip;]\" \/>\n<meta property=\"og:url\" content=\"https:\/\/now-news.de\/de\/deutschland\/rueckzug-oder-nicht-selenskij-und-armeechef-saluschny-streiten-ueber-situation-bei-artjomowsk\/\" \/>\n<meta property=\"og:site_name\" content=\"just-now.NEWS Deutschland\" \/>\n<meta property=\"article:publisher\" content=\"https:\/\/www.facebook.com\/wirmachenauf\" \/>\n<meta property=\"article:published_time\" content=\"2023-03-06T11:38:06+00:00\" \/>\n<meta property=\"og:image\" content=\"https:\/\/now-news.de\/de\/wp-content\/uploads\/sites\/3\/2023\/03\/Rueckzug-oder-nicht-\u2013-Selenskij-und-Armeechef-Saluschny-streiten-ueber.jpg\" \/>\n\t<meta property=\"og:image:width\" content=\"460\" \/>\n\t<meta property=\"og:image:height\" content=\"259\" \/>\n\t<meta property=\"og:image:type\" content=\"image\/jpeg\" \/>\n<meta name=\"author\" content=\"rtnews\" \/>\n<meta name=\"twitter:card\" content=\"summary_large_image\" \/>\n<meta name=\"twitter:creator\" content=\"@WirMachenAuf_de\" \/>\n<meta name=\"twitter:site\" content=\"@WirMachenAuf_de\" \/>\n<meta name=\"twitter:label1\" content=\"Verfasst von\" \/>\n\t<meta name=\"twitter:data1\" content=\"rtnews\" \/>\n\t<meta name=\"twitter:label2\" content=\"Gesch\u00e4tzte Lesezeit\" \/>\n\t<meta name=\"twitter:data2\" content=\"2\u00a0Minuten\" \/>\n<script type=\"application\/ld+json\" class=\"yoast-schema-graph\">{\"@context\":\"https:\/\/schema.org\",\"@graph\":[{\"@type\":\"Article\",\"@id\":\"https:\/\/now-news.de\/de\/deutschland\/rueckzug-oder-nicht-selenskij-und-armeechef-saluschny-streiten-ueber-situation-bei-artjomowsk\/#article\",\"isPartOf\":{\"@id\":\"https:\/\/now-news.de\/de\/deutschland\/rueckzug-oder-nicht-selenskij-und-armeechef-saluschny-streiten-ueber-situation-bei-artjomowsk\/\"},\"author\":{\"name\":\"rtnews\",\"@id\":\"https:\/\/now-news.de\/de\/#\/schema\/person\/fb534a4e865501d8b3285208df34a9b5\"},\"headline\":\"R\u00fcckzug oder nicht? \u2013 Selenskij und Armeechef Saluschny streiten \u00fcber Situation bei Artjomowsk\",\"datePublished\":\"2023-03-06T11:38:06+00:00\",\"dateModified\":\"2023-03-06T11:38:06+00:00\",\"mainEntityOfPage\":{\"@id\":\"https:\/\/now-news.de\/de\/deutschland\/rueckzug-oder-nicht-selenskij-und-armeechef-saluschny-streiten-ueber-situation-bei-artjomowsk\/\"},\"wordCount\":328,\"commentCount\":0,\"publisher\":{\"@id\":\"https:\/\/now-news.de\/de\/#organization\"},\"image\":{\"@id\":\"https:\/\/now-news.de\/de\/deutschland\/rueckzug-oder-nicht-selenskij-und-armeechef-saluschny-streiten-ueber-situation-bei-artjomowsk\/#primaryimage\"},\"thumbnailUrl\":\"https:\/\/now-news.de\/de\/wp-content\/uploads\/sites\/3\/2023\/03\/Rueckzug-oder-nicht-\u2013-Selenskij-und-Armeechef-Saluschny-streiten-ueber.jpg\",\"keywords\":[\"Armeechef\",\"Artjomowsk\",\"bei\",\"nicht\",\"oder\",\"R\u00fcckzug\",\"Saluschny\",\"Selenskij\",\"Situation\",\"streiten\",\"\u00fcber\",\"und\"],\"articleSection\":[\"Deutschland\",\"Russland\"],\"inLanguage\":\"de\",\"potentialAction\":[{\"@type\":\"CommentAction\",\"name\":\"Comment\",\"target\":[\"https:\/\/now-news.de\/de\/deutschland\/rueckzug-oder-nicht-selenskij-und-armeechef-saluschny-streiten-ueber-situation-bei-artjomowsk\/#respond\"]}]},{\"@type\":\"WebPage\",\"@id\":\"https:\/\/now-news.de\/de\/deutschland\/rueckzug-oder-nicht-selenskij-und-armeechef-saluschny-streiten-ueber-situation-bei-artjomowsk\/\",\"url\":\"https:\/\/now-news.de\/de\/deutschland\/rueckzug-oder-nicht-selenskij-und-armeechef-saluschny-streiten-ueber-situation-bei-artjomowsk\/\",\"name\":\"R\u00fcckzug oder nicht? \u2013 Selenskij und Armeechef Saluschny streiten \u00fcber Situation bei Artjomowsk - just-now.NEWS Deutschland\",\"isPartOf\":{\"@id\":\"https:\/\/now-news.de\/de\/#website\"},\"primaryImageOfPage\":{\"@id\":\"https:\/\/now-news.de\/de\/deutschland\/rueckzug-oder-nicht-selenskij-und-armeechef-saluschny-streiten-ueber-situation-bei-artjomowsk\/#primaryimage\"},\"image\":{\"@id\":\"https:\/\/now-news.de\/de\/deutschland\/rueckzug-oder-nicht-selenskij-und-armeechef-saluschny-streiten-ueber-situation-bei-artjomowsk\/#primaryimage\"},\"thumbnailUrl\":\"https:\/\/now-news.de\/de\/wp-content\/uploads\/sites\/3\/2023\/03\/Rueckzug-oder-nicht-\u2013-Selenskij-und-Armeechef-Saluschny-streiten-ueber.jpg\",\"datePublished\":\"2023-03-06T11:38:06+00:00\",\"dateModified\":\"2023-03-06T11:38:06+00:00\",\"breadcrumb\":{\"@id\":\"https:\/\/now-news.de\/de\/deutschland\/rueckzug-oder-nicht-selenskij-und-armeechef-saluschny-streiten-ueber-situation-bei-artjomowsk\/#breadcrumb\"},\"inLanguage\":\"de\",\"potentialAction\":[{\"@type\":\"ReadAction\",\"target\":[\"https:\/\/now-news.de\/de\/deutschland\/rueckzug-oder-nicht-selenskij-und-armeechef-saluschny-streiten-ueber-situation-bei-artjomowsk\/\"]}]},{\"@type\":\"ImageObject\",\"inLanguage\":\"de\",\"@id\":\"https:\/\/now-news.de\/de\/deutschland\/rueckzug-oder-nicht-selenskij-und-armeechef-saluschny-streiten-ueber-situation-bei-artjomowsk\/#primaryimage\",\"url\":\"https:\/\/now-news.de\/de\/wp-content\/uploads\/sites\/3\/2023\/03\/Rueckzug-oder-nicht-\u2013-Selenskij-und-Armeechef-Saluschny-streiten-ueber.jpg\",\"contentUrl\":\"https:\/\/now-news.de\/de\/wp-content\/uploads\/sites\/3\/2023\/03\/Rueckzug-oder-nicht-\u2013-Selenskij-und-Armeechef-Saluschny-streiten-ueber.jpg\",\"width\":460,\"height\":259,\"caption\":\"R\u00fcckzug oder nicht? \u2013 Selenskij und Armeechef Saluschny streiten \u00fcber Situation bei Artjomowsk\"},{\"@type\":\"BreadcrumbList\",\"@id\":\"https:\/\/now-news.de\/de\/deutschland\/rueckzug-oder-nicht-selenskij-und-armeechef-saluschny-streiten-ueber-situation-bei-artjomowsk\/#breadcrumb\",\"itemListElement\":[{\"@type\":\"ListItem\",\"position\":1,\"name\":\"Home\",\"item\":\"https:\/\/now-news.de\/de\/\"},{\"@type\":\"ListItem\",\"position\":2,\"name\":\"R\u00fcckzug oder nicht? \u2013 Selenskij und Armeechef Saluschny streiten \u00fcber Situation bei Artjomowsk\"}]},{\"@type\":\"WebSite\",\"@id\":\"https:\/\/now-news.de\/de\/#website\",\"url\":\"https:\/\/now-news.de\/de\/\",\"name\":\"just-now.NEWS Deutschland\",\"description\":\"Das Portal f\u00fcr unzensierte Nachrichten aus der Welt\",\"publisher\":{\"@id\":\"https:\/\/now-news.de\/de\/#organization\"},\"potentialAction\":[{\"@type\":\"SearchAction\",\"target\":{\"@type\":\"EntryPoint\",\"urlTemplate\":\"https:\/\/now-news.de\/de\/?s={search_term_string}\"},\"query-input\":\"required name=search_term_string\"}],\"inLanguage\":\"de\"},{\"@type\":\"Organization\",\"@id\":\"https:\/\/now-news.de\/de\/#organization\",\"name\":\"Just Now News\",\"url\":\"https:\/\/now-news.de\/de\/\",\"logo\":{\"@type\":\"ImageObject\",\"inLanguage\":\"de\",\"@id\":\"https:\/\/now-news.de\/de\/#\/schema\/logo\/image\/\",\"url\":\"http:\/\/just-now.news\/de\/wp-content\/uploads\/sites\/3\/2022\/04\/logo500x500.jpg\",\"contentUrl\":\"http:\/\/just-now.news\/de\/wp-content\/uploads\/sites\/3\/2022\/04\/logo500x500.jpg\",\"width\":500,\"height\":500,\"caption\":\"Just Now News\"},\"image\":{\"@id\":\"https:\/\/now-news.de\/de\/#\/schema\/logo\/image\/\"},\"sameAs\":[\"https:\/\/www.facebook.com\/wirmachenauf\",\"https:\/\/x.com\/WirMachenAuf_de\"]},{\"@type\":\"Person\",\"@id\":\"https:\/\/now-news.de\/de\/#\/schema\/person\/fb534a4e865501d8b3285208df34a9b5\",\"name\":\"rtnews\",\"image\":{\"@type\":\"ImageObject\",\"inLanguage\":\"de\",\"@id\":\"https:\/\/now-news.de\/de\/#\/schema\/person\/image\/\",\"url\":\"https:\/\/secure.gravatar.com\/avatar\/82aafea7d8127119dd649515f56e2117?s=96&d=mm&r=g\",\"contentUrl\":\"https:\/\/secure.gravatar.com\/avatar\/82aafea7d8127119dd649515f56e2117?s=96&d=mm&r=g\",\"caption\":\"rtnews\"},\"url\":\"https:\/\/now-news.de\/de\/author\/rnews\/\"}]}<\/script>\n<!-- \/ Yoast SEO Premium plugin. -->","yoast_head_json":{"title":"R\u00fcckzug oder nicht? \u2013 Selenskij und Armeechef Saluschny streiten \u00fcber Situation bei Artjomowsk - just-now.NEWS Deutschland","robots":{"index":"index","follow":"follow","max-snippet":"max-snippet:-1","max-image-preview":"max-image-preview:large","max-video-preview":"max-video-preview:-1"},"canonical":"https:\/\/now-news.de\/de\/deutschland\/rueckzug-oder-nicht-selenskij-und-armeechef-saluschny-streiten-ueber-situation-bei-artjomowsk\/","og_locale":"de_DE","og_type":"article","og_title":"R\u00fcckzug oder nicht? \u2013 Selenskij und Armeechef Saluschny streiten \u00fcber Situation bei Artjomowsk","og_description":"Die Bild-Zeitung berichtet, dass es zwischen dem ukrainischen Oberbefehlshaber Saluschny und Pr\u00e4sident Selenskij zu einem Streit \u00fcber die Lage in Artjomowsk gekommen sei. Saluschny habe vorgeschlagen, sich aus der Stadt zur\u00fcckzuziehen, Selenskij habe beschlossen, sie zu halten. Der ukrainische Pr\u00e4sident Wladimir Selenskij und der Oberbefehlshaber der ukrainischen Streitkr\u00e4fte Waleri Saluschny sind sich \u00fcber die Lage [&hellip;]","og_url":"https:\/\/now-news.de\/de\/deutschland\/rueckzug-oder-nicht-selenskij-und-armeechef-saluschny-streiten-ueber-situation-bei-artjomowsk\/","og_site_name":"just-now.NEWS Deutschland","article_publisher":"https:\/\/www.facebook.com\/wirmachenauf","article_published_time":"2023-03-06T11:38:06+00:00","og_image":[{"width":460,"height":259,"url":"https:\/\/now-news.de\/de\/wp-content\/uploads\/sites\/3\/2023\/03\/Rueckzug-oder-nicht-\u2013-Selenskij-und-Armeechef-Saluschny-streiten-ueber.jpg","type":"image\/jpeg"}],"author":"rtnews","twitter_card":"summary_large_image","twitter_creator":"@WirMachenAuf_de","twitter_site":"@WirMachenAuf_de","twitter_misc":{"Verfasst von":"rtnews","Gesch\u00e4tzte Lesezeit":"2\u00a0Minuten"},"schema":{"@context":"https:\/\/schema.org","@graph":[{"@type":"Article","@id":"https:\/\/now-news.de\/de\/deutschland\/rueckzug-oder-nicht-selenskij-und-armeechef-saluschny-streiten-ueber-situation-bei-artjomowsk\/#article","isPartOf":{"@id":"https:\/\/now-news.de\/de\/deutschland\/rueckzug-oder-nicht-selenskij-und-armeechef-saluschny-streiten-ueber-situation-bei-artjomowsk\/"},"author":{"name":"rtnews","@id":"https:\/\/now-news.de\/de\/#\/schema\/person\/fb534a4e865501d8b3285208df34a9b5"},"headline":"R\u00fcckzug oder nicht? \u2013 Selenskij und Armeechef Saluschny streiten \u00fcber Situation bei Artjomowsk","datePublished":"2023-03-06T11:38:06+00:00","dateModified":"2023-03-06T11:38:06+00:00","mainEntityOfPage":{"@id":"https:\/\/now-news.de\/de\/deutschland\/rueckzug-oder-nicht-selenskij-und-armeechef-saluschny-streiten-ueber-situation-bei-artjomowsk\/"},"wordCount":328,"commentCount":0,"publisher":{"@id":"https:\/\/now-news.de\/de\/#organization"},"image":{"@id":"https:\/\/now-news.de\/de\/deutschland\/rueckzug-oder-nicht-selenskij-und-armeechef-saluschny-streiten-ueber-situation-bei-artjomowsk\/#primaryimage"},"thumbnailUrl":"https:\/\/now-news.de\/de\/wp-content\/uploads\/sites\/3\/2023\/03\/Rueckzug-oder-nicht-\u2013-Selenskij-und-Armeechef-Saluschny-streiten-ueber.jpg","keywords":["Armeechef","Artjomowsk","bei","nicht","oder","R\u00fcckzug","Saluschny","Selenskij","Situation","streiten","\u00fcber","und"],"articleSection":["Deutschland","Russland"],"inLanguage":"de","potentialAction":[{"@type":"CommentAction","name":"Comment","target":["https:\/\/now-news.de\/de\/deutschland\/rueckzug-oder-nicht-selenskij-und-armeechef-saluschny-streiten-ueber-situation-bei-artjomowsk\/#respond"]}]},{"@type":"WebPage","@id":"https:\/\/now-news.de\/de\/deutschland\/rueckzug-oder-nicht-selenskij-und-armeechef-saluschny-streiten-ueber-situation-bei-artjomowsk\/","url":"https:\/\/now-news.de\/de\/deutschland\/rueckzug-oder-nicht-selenskij-und-armeechef-saluschny-streiten-ueber-situation-bei-artjomowsk\/","name":"R\u00fcckzug oder nicht? \u2013 Selenskij und Armeechef Saluschny streiten \u00fcber Situation bei Artjomowsk - just-now.NEWS Deutschland","isPartOf":{"@id":"https:\/\/now-news.de\/de\/#website"},"primaryImageOfPage":{"@id":"https:\/\/now-news.de\/de\/deutschland\/rueckzug-oder-nicht-selenskij-und-armeechef-saluschny-streiten-ueber-situation-bei-artjomowsk\/#primaryimage"},"image":{"@id":"https:\/\/now-news.de\/de\/deutschland\/rueckzug-oder-nicht-selenskij-und-armeechef-saluschny-streiten-ueber-situation-bei-artjomowsk\/#primaryimage"},"thumbnailUrl":"https:\/\/now-news.de\/de\/wp-content\/uploads\/sites\/3\/2023\/03\/Rueckzug-oder-nicht-\u2013-Selenskij-und-Armeechef-Saluschny-streiten-ueber.jpg","datePublished":"2023-03-06T11:38:06+00:00","dateModified":"2023-03-06T11:38:06+00:00","breadcrumb":{"@id":"https:\/\/now-news.de\/de\/deutschland\/rueckzug-oder-nicht-selenskij-und-armeechef-saluschny-streiten-ueber-situation-bei-artjomowsk\/#breadcrumb"},"inLanguage":"de","potentialAction":[{"@type":"ReadAction","target":["https:\/\/now-news.de\/de\/deutschland\/rueckzug-oder-nicht-selenskij-und-armeechef-saluschny-streiten-ueber-situation-bei-artjomowsk\/"]}]},{"@type":"ImageObject","inLanguage":"de","@id":"https:\/\/now-news.de\/de\/deutschland\/rueckzug-oder-nicht-selenskij-und-armeechef-saluschny-streiten-ueber-situation-bei-artjomowsk\/#primaryimage","url":"https:\/\/now-news.de\/de\/wp-content\/uploads\/sites\/3\/2023\/03\/Rueckzug-oder-nicht-\u2013-Selenskij-und-Armeechef-Saluschny-streiten-ueber.jpg","contentUrl":"https:\/\/now-news.de\/de\/wp-content\/uploads\/sites\/3\/2023\/03\/Rueckzug-oder-nicht-\u2013-Selenskij-und-Armeechef-Saluschny-streiten-ueber.jpg","width":460,"height":259,"caption":"R\u00fcckzug oder nicht? \u2013 Selenskij und Armeechef Saluschny streiten \u00fcber Situation bei Artjomowsk"},{"@type":"BreadcrumbList","@id":"https:\/\/now-news.de\/de\/deutschland\/rueckzug-oder-nicht-selenskij-und-armeechef-saluschny-streiten-ueber-situation-bei-artjomowsk\/#breadcrumb","itemListElement":[{"@type":"ListItem","position":1,"name":"Home","item":"https:\/\/now-news.de\/de\/"},{"@type":"ListItem","position":2,"name":"R\u00fcckzug oder nicht? \u2013 Selenskij und Armeechef Saluschny streiten \u00fcber Situation bei Artjomowsk"}]},{"@type":"WebSite","@id":"https:\/\/now-news.de\/de\/#website","url":"https:\/\/now-news.de\/de\/","name":"just-now.NEWS Deutschland","description":"Das Portal f\u00fcr unzensierte Nachrichten aus der Welt","publisher":{"@id":"https:\/\/now-news.de\/de\/#organization"},"potentialAction":[{"@type":"SearchAction","target":{"@type":"EntryPoint","urlTemplate":"https:\/\/now-news.de\/de\/?s={search_term_string}"},"query-input":"required name=search_term_string"}],"inLanguage":"de"},{"@type":"Organization","@id":"https:\/\/now-news.de\/de\/#organization","name":"Just Now News","url":"https:\/\/now-news.de\/de\/","logo":{"@type":"ImageObject","inLanguage":"de","@id":"https:\/\/now-news.de\/de\/#\/schema\/logo\/image\/","url":"http:\/\/just-now.news\/de\/wp-content\/uploads\/sites\/3\/2022\/04\/logo500x500.jpg","contentUrl":"http:\/\/just-now.news\/de\/wp-content\/uploads\/sites\/3\/2022\/04\/logo500x500.jpg","width":500,"height":500,"caption":"Just Now News"},"image":{"@id":"https:\/\/now-news.de\/de\/#\/schema\/logo\/image\/"},"sameAs":["https:\/\/www.facebook.com\/wirmachenauf","https:\/\/x.com\/WirMachenAuf_de"]},{"@type":"Person","@id":"https:\/\/now-news.de\/de\/#\/schema\/person\/fb534a4e865501d8b3285208df34a9b5","name":"rtnews","image":{"@type":"ImageObject","inLanguage":"de","@id":"https:\/\/now-news.de\/de\/#\/schema\/person\/image\/","url":"https:\/\/secure.gravatar.com\/avatar\/82aafea7d8127119dd649515f56e2117?s=96&d=mm&r=g","contentUrl":"https:\/\/secure.gravatar.com\/avatar\/82aafea7d8127119dd649515f56e2117?s=96&d=mm&r=g","caption":"rtnews"},"url":"https:\/\/now-news.de\/de\/author\/rnews\/"}]}},"_links":{"self":[{"href":"https:\/\/now-news.de\/de\/wp-json\/wp\/v2\/posts\/31653"}],"collection":[{"href":"https:\/\/now-news.de\/de\/wp-json\/wp\/v2\/posts"}],"about":[{"href":"https:\/\/now-news.de\/de\/wp-json\/wp\/v2\/types\/post"}],"author":[{"embeddable":true,"href":"https:\/\/now-news.de\/de\/wp-json\/wp\/v2\/users\/3"}],"replies":[{"embeddable":true,"href":"https:\/\/now-news.de\/de\/wp-json\/wp\/v2\/comments?post=31653"}],"version-history":[{"count":0,"href":"https:\/\/now-news.de\/de\/wp-json\/wp\/v2\/posts\/31653\/revisions"}],"wp:featuredmedia":[{"embeddable":true,"href":"https:\/\/now-news.de\/de\/wp-json\/wp\/v2\/media\/31654"}],"wp:attachment":[{"href":"https:\/\/now-news.de\/de\/wp-json\/wp\/v2\/media?parent=31653"}],"wp:term":[{"taxonomy":"category","embeddable":true,"href":"https:\/\/now-news.de\/de\/wp-json\/wp\/v2\/categories?post=31653"},{"taxonomy":"post_tag","embeddable":true,"href":"https:\/\/now-news.de\/de\/wp-json\/wp\/v2\/tags?post=31653"}],"curies":[{"name":"wp","href":"https:\/\/api.w.org\/{rel}","templated":true}]}}