{"id":31620,"date":"2023-03-05T21:12:36","date_gmt":"2023-03-05T19:12:36","guid":{"rendered":"https:\/\/just-now.news\/de\/deutschland\/konzerne-im-verzug-die-preisbremsen-fuer-energie-kommen-nicht-bei-den-verbrauchern-an\/"},"modified":"2023-03-05T21:12:36","modified_gmt":"2023-03-05T19:12:36","slug":"konzerne-im-verzug-die-preisbremsen-fuer-energie-kommen-nicht-bei-den-verbrauchern-an","status":"publish","type":"post","link":"https:\/\/now-news.de\/de\/deutschland\/konzerne-im-verzug-die-preisbremsen-fuer-energie-kommen-nicht-bei-den-verbrauchern-an\/","title":{"rendered":"Konzerne im Verzug: Die &quot;Preisbremsen&quot; f\u00fcr Energie kommen nicht bei den Verbrauchern an"},"content":{"rendered":"<p><img decoding=\"async\" src=\"http:\/\/just-now.news\/de\/wp-content\/uploads\/sites\/3\/2023\/03\/64048ff148fbef528b2d3a4d.jpg\" \/><\/p>\n<div class=\"Text-root Text-type_1 \">\n                Die sogenannten &#8220;Preisdeckel&#8221; f\u00fcr Strom, Gas und Fernw\u00e4rme sind seit Anfang M\u00e4rz, r\u00fcckwirkend zum 1. Januar, in Kraft getreten. Doch viele Haushalte warteten bisher vergeblich auf die versprochene Entlastung. Zudem f\u00e4llt die &#8220;Entlastung&#8221; f\u00fcr reiche Vielverbraucher h\u00f6her aus als f\u00fcr Arme.\n            <\/div>\n<p><\/p>\n<div class=\"Text-root Text-type_5 ArticleView-text ViewText-root \">\n<p><em>Von Susan Bonath<\/em><\/p>\n<p>Am 1. M\u00e4rz sind die sogenannten Energiepreisbremsen in Kraft getreten. Sie sollen r\u00fcckwirkend zum Beginn dieses Jahres die f\u00fcr Privathaushalte ausufernden Kostensteigerungen f\u00fcr Strom, Gas und Fernw\u00e4rme &#8220;abfedern&#8221;. Doch viele Betroffene haben bisher nichts Positives dazu von ihren Versorgern und Vermietern geh\u00f6rt. Sie zahlen noch immer teils extrem hohe Abschl\u00e4ge. Das Bundeskartellamt bef\u00fcrchtet, die Konzerne k\u00f6nnten die Preisbremsen missbrauchen. Au\u00dferdem benachteiligt das Gesetz von vornherein arme Haushalte, die \u00fcber kein Einsparpotential verf\u00fcgen.<\/p>\n<p><strong>&#8220;Zu kompliziert&#8221;: Versorger im Verzug<\/strong><\/p>\n<p>Eigentlich m\u00fcssten alle Haushalte in Deutschland bis Ende Februar ein Schreiben von ihren Energieversorgern erhalten haben, das sie \u00fcber die neuen, dank der Preisbremsen gesunkenen Abschl\u00e4ge f\u00fcr Strom und Gas oder Fernw\u00e4rme informiert. Doch bei vielen hat sich bisher <a rel=\"nofollow noopener\" target=\"_blank\" href=\"https:\/\/www.tagesschau.de\/wirtschaft\/preisbremse-strom-gas-versorger-stadtwerke-101.html\">nichts getan<\/a>. Einige Konzerne haben sogar aktuell ihr Angebot <a rel=\"nofollow noopener\" target=\"_blank\" href=\"https:\/\/www.sueddeutsche.de\/wirtschaft\/energiepreisbremse-preiserhoehung-grundversorger-gruende-1.5760765\">massiv verteuert<\/a> \u2013 trotz der Preisbremsen und der inzwischen wieder gesunkenen Strom- und Gaspreise auf dem europ\u00e4ischen Energiemarkt.<\/p>\n<p>Es sei &#8220;unglaublich kompliziert&#8221;, das Gesetz umzusetzen, begr\u00fcnden beispielsweise die Leipziger Stadtwerke die Verz\u00f6gerung, wie der <em>MDR<\/em>\u00a0<a rel=\"nofollow noopener\" target=\"_blank\" href=\"https:\/\/www.mdr.de\/video\/mdr-videos\/a\/video-701394.html\">berichtete<\/a>. Auch die Stadtwerke Magdeburg informierten demnach ihre Kunden lediglich dar\u00fcber, dass sie diese jetzt &#8220;nicht rechtzeitig \u00fcber die individuellen Entlastungen f\u00fcr Strom und Gas informieren k\u00f6nnen&#8221;. Die Regelungen seien zu komplex. \u00c4hnliches verlautbarten kommunale und private Versorger aus ganz Deutschland.<\/p>\n<p><strong>Arme Haushalte benachteiligt<\/strong><\/p>\n<p>In der Tat haben die Preisbremsen einige T\u00fccken. So sollen etwa nur 80 Prozent des anhand der letzten Nebenkostenabrechnung prognostizierten k\u00fcnftigen Verbrauchs eines Haushalts gedeckelt werden. Die Bundesregierung <a rel=\"nofollow noopener\" target=\"_blank\" href=\"https:\/\/www.bundesregierung.de\/breg-de\/themen\/entlastung-fuer-deutschland\/strompreisbremse-2125002\">will<\/a> damit einen &#8220;Anreiz&#8221; zum Energiesparen schaffen.<\/p>\n<p>Arme Haushalte haben jedoch, anders als wohlhabende Vielverbraucher, meist gar kein solches Einsparpotential in Gestalt bisher zu \u00fcppigen Verbrauchs. Denn sie mussten aus finanzieller Not heraus schon vorher ihren Verbrauch auf das N\u00f6tigste drosseln. Das bedeutet: Im Vergleich zu Menschen, die zuvor verschwenderisch mit Strom und Heizung umgingen, bekommen sie somit viel geringere Ausgaben gedeckelt. Sie werden dann gezwungen sein, f\u00fcr diese 20 Prozent insgesamt weiter den hohen, nicht gedeckelten Preis zu entrichten. Mit anderen Worten: Reiche Vielverbraucher erhalten besonders hohe Zulagen aus dem Steuertopf, arme Sparer viel geringere.<\/p>\n<p><strong>Preise zu wenig gebremst?<\/strong><\/p>\n<p>Die Preisbremsen gelten f\u00fcr Gas, Fernw\u00e4rme und Strom. 80 Prozent der Gasabschl\u00e4ge privater Haushalte und Kleinbetriebe deckelt der Staat auf 12 Cent pro Kilowattstunde brutto. F\u00fcr Fernw\u00e4rme-Kunden begrenzt er den anteiligen Abschlagspreis auf 9,6 Cent, f\u00fcr Stromkunden auf 40 Cent pro Kilowattstunde. Die Preisbremsen sollen r\u00fcckwirkend ab Januar gelten. Sie sind vorerst bis zum Jahresende begrenzt und k\u00f6nnen bis Ende April 2024 verl\u00e4ngert werden.<\/p>\n<p>Verbrauchersch\u00fctzer kritisieren unter anderem, die Deckel seien viel zu hoch angesetzt. Der Strompreis beispielsweise lag 2021 im Durchschnitt bei 32 Cent pro Kilowattstunde. Gedeckelt wurde er nun auf 40 Cent brutto, also einen viel h\u00f6heren Betrag. Aktuell bezahlen die Verbraucher nach <a rel=\"nofollow noopener\" target=\"_blank\" href=\"https:\/\/www.verivox.de\/strom\/nachrichten\/strom-wird-teurer-preiserhoehungswelle-zum-jahresbeginn-1119935\/\">Informationen von Verivox<\/a>\u00a0teilweise sogar mehr als 60 Cent pro Kilowattstunde. Trotz der damals schon beschlossenen Preisbremse r\u00fcckwirkend zum Jahresbeginn erh\u00f6hten viele Unternehmen ihre Preise im Januar noch einmal drastisch.<\/p>\n<p>Ein Haushalt mit einer Person verbraucht im bundesweiten Mittel etwa 1.300 Kilowattstunden Strom im Jahr, wie das Portal co2online.de <a rel=\"nofollow noopener\" target=\"_blank\" href=\"https:\/\/www.co2online.de\/energie-sparen\/strom-sparen\/strom-sparen-stromspartipps\/stromverbrauch-singlehaushalt\/\">angibt<\/a>. F\u00fcr Fernw\u00e4rme legt der <a rel=\"nofollow noopener\" target=\"_blank\" href=\"https:\/\/www.heizspiegel.de\/heizkosten-pruefen\/heizkosten-pro-m2-vergleich\/#c98359\">Heizspiegel<\/a> einen mittleren Jahresverbrauch von 130 Kilowattstunden pro Quadratmeter f\u00fcr Wohnungen in Mehrfamilienh\u00e4usern zugrunde. Bei 50 Quadratmetern Wohnfl\u00e4che w\u00e4ren dies etwa 6.500, bei 70 Quadratmetern rund 9.100 Kilowattstunden.<\/p>\n<p>F\u00fcr Gasheizungen gilt danach ein mittlerer Jahresverbrauch von 149 Kilowattstunden pro Quadratmeter Wohnfl\u00e4che. Allerdings stieg der durchschnittliche Gaspreis f\u00fcr Endverbraucher von weniger als 8 Cent pro Kilowattstunde im Jahr 2021 auf zwischenzeitlich teils \u00fcber 40 Cent. Viele zahlen diesen Preis noch immer.<\/p>\n<p><strong>&#8220;Tr\u00e4ge&#8221; Weitergabe an Kunden<\/strong><\/p>\n<p>An der <a rel=\"nofollow noopener\" target=\"_blank\" href=\"https:\/\/www.wallstreet-online.de\/rohstoffe\/dutch-ttf-daily-natural-gas-forward-daily-futures-preis\">europ\u00e4ischen B\u00f6rse<\/a> liegt der Gaspreis allerdings l\u00e4ngst wieder auf Vorkriegsniveau, trotzdem aber noch deutlich h\u00f6her als bis 2020. Eine \u00e4hnliche Entwicklung ist beim Strompreis zu beobachten. Viele Konzerne gaben aber die bereits seit Oktober 2022 sinkenden Preise bisher keineswegs an ihre Kunden weiter. Nicht nur private Strom- und Gasanbieter halten diese Preise weiter hoch. Auch kommunale Versorger &#8220;z\u00f6gern&#8221; mit der Umsetzung, obgleich die Konzerne nun r\u00fcckwirkend zum Januar Geld vom Staat \u2013 also letztlich den Steuerzahlern \u2013 erhalten.<\/p>\n<p>Einige der angefragten Stadtwerke begr\u00fcndeten dies auf Nachfrage der Autorin unter anderem mit Langzeitvertr\u00e4gen, aufgrund derer sie weniger flexibel beim Einkauf seien und die Energietr\u00e4ger zu h\u00f6heren Preisen h\u00e4tten abnehmen m\u00fcssen. Auch w\u00fcrden die Fernw\u00e4rmepreise &#8220;sehr tr\u00e4ge&#8221; auf die Entwicklung am Markt reagieren, hie\u00df es. Das verz\u00f6gere die Weitergabe der Preissenkungen an Endkunden.<\/p>\n<p>Auch von der sogenannten &#8220;Soforthilfe&#8221; der Bundesregierung ist bei Mietern bisher nichts angekommen. Damit erstattete der Staat den Versorgern die Dezember-Abschl\u00e4ge f\u00fcr Gas oder Fernw\u00e4rme ihrer Kunden. Wer zur Miete wohnt, soll diese &#8220;Wohltat&#8221; aber erst mit der Betriebskostenabrechnung f\u00fcr 2022 erstattet bekommen. Damit k\u00f6nnen aber erfahrungsgem\u00e4\u00df viele erst gegen Ende dieses Jahres 2023 rechnen.<\/p>\n<p><strong>Zocken Energieversorger ab?<\/strong><\/p>\n<p>Das Bundeskartellamt <a rel=\"nofollow noopener\" target=\"_blank\" href=\"https:\/\/www.bundeskartellamt.de\/SharedDocs\/Meldung\/DE\/Pressemitteilungen\/2022\/20_12_2022_Energiepreisbremse.html\">bef\u00fcrchtete<\/a> allerdings schon im Dezember, dass Unternehmen die Preisbremsen daf\u00fcr missbrauchen k\u00f6nnten, auf Kosten der staatlichen Zusch\u00fcsse aus dem Steuertopf besonders hohe Gewinne abzugreifen. Es versprach vorsorglich, solchen Verdachtsf\u00e4llen nachzugehen.<\/p>\n<p>Die Verbraucherzentralen wollen ebenfalls pr\u00fcfen, ob und wie die Preisbremsen bei den Endkunden ankommen. Der Bundesverband <a rel=\"nofollow noopener\" target=\"_blank\" href=\"https:\/\/www.verbraucherzentrale.de\/ihre-erfahrungen-mit-den-entlastungspaketen-gas-strom-und-waerme-81556\">sammelt<\/a> daf\u00fcr Erfahrungen aus der Bev\u00f6lkerung. Zum derzeitigen Stand wollte die zust\u00e4ndige Verbraucherzentrale Niedersachsen auf Nachfrage der Autorin keine Auskunft geben. Sie begr\u00fcndete dies mit einem aktuell \u00fcberm\u00e4\u00dfig hohen Hilfebedarf und einem entsprechenden Anfrageaufkommen. Auf ihrer Webseite <a rel=\"nofollow noopener\" target=\"_blank\" href=\"https:\/\/www.verbraucherzentrale-niedersachsen.de\/themen\/energie-wohnen\/energiepreise-anbieterwechsel\/energiepreisbremse-richtig-informiert-abschlaege-korrekt-berechnet\">informiert<\/a> sie \u00fcber die Preisbremsen.<\/p>\n<p><strong>Armut in Deutschland steigt<\/strong><\/p>\n<p>Angesichts wachsender Armut in Deutschland ist das Z\u00f6gern der Energieversorger beim Umsetzen der staatlichen Hilfen besonders problematisch. Nie gab es einen so hohen Zulauf bei den (privaten) &#8220;Tafeln&#8221; f\u00fcr Bed\u00fcrftige wie aktuell. Deren Bundesverband <a rel=\"nofollow noopener\" target=\"_blank\" href=\"https:\/\/www.tagesschau.de\/inland\/tafeln-ueberlastung-101.html\">klagte k\u00fcrzlich<\/a> zum wiederholten Mal dar\u00fcber, dass deren Helfer &#8220;physisch und psychisch am Limit&#8221; seien.<\/p>\n<p>Etwa Zwei Millionen Abnehmer verzeichnen die &#8220;Tafeln&#8221; demnach aktuell. Real d\u00fcrfte die Zahl der Hilfesuchenden weitaus h\u00f6her liegen, denn viele Einrichtungen haben einen Aufnahmestopp verh\u00e4ngt. Es sei &#8220;keine L\u00f6sung, dass alle zu den Tafeln kommen&#8221;, sagte demzufolge der Vorsitzende des Dachverbandes der &#8220;Tafeln&#8221;, Jochen Br\u00fchl. Die Einrichtungen k\u00f6nnten nicht alles auffangen, was der Staat nicht schaffe. Es sei, so Br\u00fchl, eigentlich &#8220;genug da, nur nicht gerecht verteilt&#8221;.<\/p>\n<p>Ein Ende ist nicht abzusehen. Laut dem <a rel=\"nofollow noopener\" target=\"_blank\" href=\"https:\/\/www.destatis.de\/DE\/Presse\/Pressemitteilungen\/2023\/03\/PD23_079_611.html\">Statistischen Bundesamt<\/a> zog die Inflation in Deutschland im Februar erneut an. Die Preise lagen demnach insgesamt um rund 9 Prozent h\u00f6her als vor einem Jahr und einen Prozentpunkt \u00fcber dem Niveau im Januar. Vor allem die Nahrungsmittel verteuerten sich danach erneut.<\/p>\n<p><strong>Mehr zum Thema<\/strong> &#8211; <a rel=\"nofollow noopener\" target=\"_blank\" href=\"https:\/\/pressefreiheit.rtde.live\/europa\/160356-wohl-bekomms-insekten-in-eu\/\">Wohl bekomms! Insekten in der EU nun offiziell neuartiges Lebensmittel<\/a><\/p>\n<\/div>\n<p><br \/>\n<br \/><a href=\"https:\/\/de.rt.com\/inland\/164567-konzerne-im-verzug-energie-preisbremsen\/\">Source link <\/a><\/p>\n","protected":false},"excerpt":{"rendered":"<p>Die sogenannten &#8220;Preisdeckel&#8221; f\u00fcr Strom, Gas und Fernw\u00e4rme sind seit Anfang M\u00e4rz, r\u00fcckwirkend zum 1. Januar, in Kraft getreten. Doch viele Haushalte warteten bisher vergeblich auf die versprochene Entlastung. Zudem f\u00e4llt die &#8220;Entlastung&#8221; f\u00fcr reiche Vielverbraucher h\u00f6her aus als f\u00fcr Arme. Von Susan Bonath Am 1. M\u00e4rz sind die sogenannten Energiepreisbremsen in Kraft getreten. Sie [&hellip;]<\/p>\n","protected":false},"author":3,"featured_media":31621,"comment_status":"open","ping_status":"open","sticky":false,"template":"","format":"standard","meta":{"_yoast_indexnow_last_ping":["1678043704"],"wp_automatic_camp":["217"],"345a8ac4a5753be30307195a7f9ef2a2":["Konzerne im Verzug: Die &quot;Preisbremsen&quot; f\u00fcr Energie kommen nicht bei den Verbrauchern an"],"original_link":["https:\/\/de.rt.com\/inland\/164567-konzerne-im-verzug-energie-preisbremsen\/"],"_thumbnail_id":["31621"],"_wptgpro_p2tg_sent2tg":["a:1:{i:23737;s:19:\"2023-03-05 21:16:21\";}"],"jnews_social_counter_last_update":["1777637466"]},"categories":[19,23],"tags":[363,48,45,20756,221,8370,7541,800,41575,41576,41574],"yoast_head":"<!-- This site is optimized with the Yoast SEO Premium plugin v22.7 (Yoast SEO v22.7) - https:\/\/yoast.com\/wordpress\/plugins\/seo\/ -->\n<title>Konzerne im Verzug: Die &quot;Preisbremsen&quot; f\u00fcr Energie kommen nicht bei den Verbrauchern an - just-now.NEWS Deutschland<\/title>\n<meta name=\"robots\" content=\"index, follow, max-snippet:-1, max-image-preview:large, max-video-preview:-1\" \/>\n<link rel=\"canonical\" href=\"https:\/\/now-news.de\/de\/deutschland\/konzerne-im-verzug-die-preisbremsen-fuer-energie-kommen-nicht-bei-den-verbrauchern-an\/\" \/>\n<meta property=\"og:locale\" content=\"de_DE\" \/>\n<meta property=\"og:type\" content=\"article\" \/>\n<meta property=\"og:title\" content=\"Konzerne im Verzug: Die &quot;Preisbremsen&quot; f\u00fcr Energie kommen nicht bei den Verbrauchern an\" \/>\n<meta property=\"og:description\" content=\"Die sogenannten &#8220;Preisdeckel&#8221; f\u00fcr Strom, Gas und Fernw\u00e4rme sind seit Anfang M\u00e4rz, r\u00fcckwirkend zum 1. Januar, in Kraft getreten. Doch viele Haushalte warteten bisher vergeblich auf die versprochene Entlastung. Zudem f\u00e4llt die &#8220;Entlastung&#8221; f\u00fcr reiche Vielverbraucher h\u00f6her aus als f\u00fcr Arme. Von Susan Bonath Am 1. M\u00e4rz sind die sogenannten Energiepreisbremsen in Kraft getreten. Sie [&hellip;]\" \/>\n<meta property=\"og:url\" content=\"https:\/\/now-news.de\/de\/deutschland\/konzerne-im-verzug-die-preisbremsen-fuer-energie-kommen-nicht-bei-den-verbrauchern-an\/\" \/>\n<meta property=\"og:site_name\" content=\"just-now.NEWS Deutschland\" \/>\n<meta property=\"article:publisher\" content=\"https:\/\/www.facebook.com\/wirmachenauf\" \/>\n<meta property=\"article:published_time\" content=\"2023-03-05T19:12:36+00:00\" \/>\n<meta property=\"og:image\" content=\"https:\/\/now-news.de\/de\/wp-content\/uploads\/sites\/3\/2023\/03\/Konzerne-im-Verzug-Die-quotPreisbremsenquot-fuer-Energie-kommen-nicht-bei.jpg\" \/>\n\t<meta property=\"og:image:width\" content=\"460\" \/>\n\t<meta property=\"og:image:height\" content=\"259\" \/>\n\t<meta property=\"og:image:type\" content=\"image\/jpeg\" \/>\n<meta name=\"author\" content=\"rtnews\" \/>\n<meta name=\"twitter:card\" content=\"summary_large_image\" \/>\n<meta name=\"twitter:creator\" content=\"@WirMachenAuf_de\" \/>\n<meta name=\"twitter:site\" content=\"@WirMachenAuf_de\" \/>\n<meta name=\"twitter:label1\" content=\"Verfasst von\" \/>\n\t<meta name=\"twitter:data1\" content=\"rtnews\" \/>\n\t<meta name=\"twitter:label2\" content=\"Gesch\u00e4tzte Lesezeit\" \/>\n\t<meta name=\"twitter:data2\" content=\"6\u00a0Minuten\" \/>\n<script type=\"application\/ld+json\" class=\"yoast-schema-graph\">{\"@context\":\"https:\/\/schema.org\",\"@graph\":[{\"@type\":\"Article\",\"@id\":\"https:\/\/now-news.de\/de\/deutschland\/konzerne-im-verzug-die-preisbremsen-fuer-energie-kommen-nicht-bei-den-verbrauchern-an\/#article\",\"isPartOf\":{\"@id\":\"https:\/\/now-news.de\/de\/deutschland\/konzerne-im-verzug-die-preisbremsen-fuer-energie-kommen-nicht-bei-den-verbrauchern-an\/\"},\"author\":{\"name\":\"rtnews\",\"@id\":\"https:\/\/now-news.de\/de\/#\/schema\/person\/fb534a4e865501d8b3285208df34a9b5\"},\"headline\":\"Konzerne im Verzug: Die &quot;Preisbremsen&quot; f\u00fcr Energie kommen nicht bei den Verbrauchern an\",\"datePublished\":\"2023-03-05T19:12:36+00:00\",\"dateModified\":\"2023-03-05T19:12:36+00:00\",\"mainEntityOfPage\":{\"@id\":\"https:\/\/now-news.de\/de\/deutschland\/konzerne-im-verzug-die-preisbremsen-fuer-energie-kommen-nicht-bei-den-verbrauchern-an\/\"},\"wordCount\":1163,\"commentCount\":0,\"publisher\":{\"@id\":\"https:\/\/now-news.de\/de\/#organization\"},\"image\":{\"@id\":\"https:\/\/now-news.de\/de\/deutschland\/konzerne-im-verzug-die-preisbremsen-fuer-energie-kommen-nicht-bei-den-verbrauchern-an\/#primaryimage\"},\"thumbnailUrl\":\"https:\/\/now-news.de\/de\/wp-content\/uploads\/sites\/3\/2023\/03\/Konzerne-im-Verzug-Die-quotPreisbremsenquot-fuer-Energie-kommen-nicht-bei.jpg\",\"keywords\":[\"bei\",\"den\",\"die\",\"Energie\",\"f\u00fcr\",\"kommen\",\"Konzerne\",\"nicht\",\"quotPreisbremsenquot\",\"Verbrauchern\",\"Verzug\"],\"articleSection\":[\"Deutschland\",\"Russland\"],\"inLanguage\":\"de\",\"potentialAction\":[{\"@type\":\"CommentAction\",\"name\":\"Comment\",\"target\":[\"https:\/\/now-news.de\/de\/deutschland\/konzerne-im-verzug-die-preisbremsen-fuer-energie-kommen-nicht-bei-den-verbrauchern-an\/#respond\"]}]},{\"@type\":\"WebPage\",\"@id\":\"https:\/\/now-news.de\/de\/deutschland\/konzerne-im-verzug-die-preisbremsen-fuer-energie-kommen-nicht-bei-den-verbrauchern-an\/\",\"url\":\"https:\/\/now-news.de\/de\/deutschland\/konzerne-im-verzug-die-preisbremsen-fuer-energie-kommen-nicht-bei-den-verbrauchern-an\/\",\"name\":\"Konzerne im Verzug: Die &quot;Preisbremsen&quot; f\u00fcr Energie kommen nicht bei den Verbrauchern an - just-now.NEWS Deutschland\",\"isPartOf\":{\"@id\":\"https:\/\/now-news.de\/de\/#website\"},\"primaryImageOfPage\":{\"@id\":\"https:\/\/now-news.de\/de\/deutschland\/konzerne-im-verzug-die-preisbremsen-fuer-energie-kommen-nicht-bei-den-verbrauchern-an\/#primaryimage\"},\"image\":{\"@id\":\"https:\/\/now-news.de\/de\/deutschland\/konzerne-im-verzug-die-preisbremsen-fuer-energie-kommen-nicht-bei-den-verbrauchern-an\/#primaryimage\"},\"thumbnailUrl\":\"https:\/\/now-news.de\/de\/wp-content\/uploads\/sites\/3\/2023\/03\/Konzerne-im-Verzug-Die-quotPreisbremsenquot-fuer-Energie-kommen-nicht-bei.jpg\",\"datePublished\":\"2023-03-05T19:12:36+00:00\",\"dateModified\":\"2023-03-05T19:12:36+00:00\",\"breadcrumb\":{\"@id\":\"https:\/\/now-news.de\/de\/deutschland\/konzerne-im-verzug-die-preisbremsen-fuer-energie-kommen-nicht-bei-den-verbrauchern-an\/#breadcrumb\"},\"inLanguage\":\"de\",\"potentialAction\":[{\"@type\":\"ReadAction\",\"target\":[\"https:\/\/now-news.de\/de\/deutschland\/konzerne-im-verzug-die-preisbremsen-fuer-energie-kommen-nicht-bei-den-verbrauchern-an\/\"]}]},{\"@type\":\"ImageObject\",\"inLanguage\":\"de\",\"@id\":\"https:\/\/now-news.de\/de\/deutschland\/konzerne-im-verzug-die-preisbremsen-fuer-energie-kommen-nicht-bei-den-verbrauchern-an\/#primaryimage\",\"url\":\"https:\/\/now-news.de\/de\/wp-content\/uploads\/sites\/3\/2023\/03\/Konzerne-im-Verzug-Die-quotPreisbremsenquot-fuer-Energie-kommen-nicht-bei.jpg\",\"contentUrl\":\"https:\/\/now-news.de\/de\/wp-content\/uploads\/sites\/3\/2023\/03\/Konzerne-im-Verzug-Die-quotPreisbremsenquot-fuer-Energie-kommen-nicht-bei.jpg\",\"width\":460,\"height\":259,\"caption\":\"Konzerne im Verzug: Die &quot;Preisbremsen&quot; f\u00fcr Energie kommen nicht bei den Verbrauchern an\"},{\"@type\":\"BreadcrumbList\",\"@id\":\"https:\/\/now-news.de\/de\/deutschland\/konzerne-im-verzug-die-preisbremsen-fuer-energie-kommen-nicht-bei-den-verbrauchern-an\/#breadcrumb\",\"itemListElement\":[{\"@type\":\"ListItem\",\"position\":1,\"name\":\"Home\",\"item\":\"https:\/\/now-news.de\/de\/\"},{\"@type\":\"ListItem\",\"position\":2,\"name\":\"Konzerne im Verzug: Die &quot;Preisbremsen&quot; f\u00fcr Energie kommen nicht bei den Verbrauchern an\"}]},{\"@type\":\"WebSite\",\"@id\":\"https:\/\/now-news.de\/de\/#website\",\"url\":\"https:\/\/now-news.de\/de\/\",\"name\":\"just-now.NEWS Deutschland\",\"description\":\"Das Portal f\u00fcr unzensierte Nachrichten aus der Welt\",\"publisher\":{\"@id\":\"https:\/\/now-news.de\/de\/#organization\"},\"potentialAction\":[{\"@type\":\"SearchAction\",\"target\":{\"@type\":\"EntryPoint\",\"urlTemplate\":\"https:\/\/now-news.de\/de\/?s={search_term_string}\"},\"query-input\":\"required name=search_term_string\"}],\"inLanguage\":\"de\"},{\"@type\":\"Organization\",\"@id\":\"https:\/\/now-news.de\/de\/#organization\",\"name\":\"Just Now News\",\"url\":\"https:\/\/now-news.de\/de\/\",\"logo\":{\"@type\":\"ImageObject\",\"inLanguage\":\"de\",\"@id\":\"https:\/\/now-news.de\/de\/#\/schema\/logo\/image\/\",\"url\":\"http:\/\/just-now.news\/de\/wp-content\/uploads\/sites\/3\/2022\/04\/logo500x500.jpg\",\"contentUrl\":\"http:\/\/just-now.news\/de\/wp-content\/uploads\/sites\/3\/2022\/04\/logo500x500.jpg\",\"width\":500,\"height\":500,\"caption\":\"Just Now News\"},\"image\":{\"@id\":\"https:\/\/now-news.de\/de\/#\/schema\/logo\/image\/\"},\"sameAs\":[\"https:\/\/www.facebook.com\/wirmachenauf\",\"https:\/\/x.com\/WirMachenAuf_de\"]},{\"@type\":\"Person\",\"@id\":\"https:\/\/now-news.de\/de\/#\/schema\/person\/fb534a4e865501d8b3285208df34a9b5\",\"name\":\"rtnews\",\"image\":{\"@type\":\"ImageObject\",\"inLanguage\":\"de\",\"@id\":\"https:\/\/now-news.de\/de\/#\/schema\/person\/image\/\",\"url\":\"https:\/\/secure.gravatar.com\/avatar\/82aafea7d8127119dd649515f56e2117?s=96&d=mm&r=g\",\"contentUrl\":\"https:\/\/secure.gravatar.com\/avatar\/82aafea7d8127119dd649515f56e2117?s=96&d=mm&r=g\",\"caption\":\"rtnews\"},\"url\":\"https:\/\/now-news.de\/de\/author\/rnews\/\"}]}<\/script>\n<!-- \/ Yoast SEO Premium plugin. -->","yoast_head_json":{"title":"Konzerne im Verzug: Die &quot;Preisbremsen&quot; f\u00fcr Energie kommen nicht bei den Verbrauchern an - just-now.NEWS Deutschland","robots":{"index":"index","follow":"follow","max-snippet":"max-snippet:-1","max-image-preview":"max-image-preview:large","max-video-preview":"max-video-preview:-1"},"canonical":"https:\/\/now-news.de\/de\/deutschland\/konzerne-im-verzug-die-preisbremsen-fuer-energie-kommen-nicht-bei-den-verbrauchern-an\/","og_locale":"de_DE","og_type":"article","og_title":"Konzerne im Verzug: Die &quot;Preisbremsen&quot; f\u00fcr Energie kommen nicht bei den Verbrauchern an","og_description":"Die sogenannten &#8220;Preisdeckel&#8221; f\u00fcr Strom, Gas und Fernw\u00e4rme sind seit Anfang M\u00e4rz, r\u00fcckwirkend zum 1. Januar, in Kraft getreten. Doch viele Haushalte warteten bisher vergeblich auf die versprochene Entlastung. Zudem f\u00e4llt die &#8220;Entlastung&#8221; f\u00fcr reiche Vielverbraucher h\u00f6her aus als f\u00fcr Arme. Von Susan Bonath Am 1. M\u00e4rz sind die sogenannten Energiepreisbremsen in Kraft getreten. Sie [&hellip;]","og_url":"https:\/\/now-news.de\/de\/deutschland\/konzerne-im-verzug-die-preisbremsen-fuer-energie-kommen-nicht-bei-den-verbrauchern-an\/","og_site_name":"just-now.NEWS Deutschland","article_publisher":"https:\/\/www.facebook.com\/wirmachenauf","article_published_time":"2023-03-05T19:12:36+00:00","og_image":[{"width":460,"height":259,"url":"https:\/\/now-news.de\/de\/wp-content\/uploads\/sites\/3\/2023\/03\/Konzerne-im-Verzug-Die-quotPreisbremsenquot-fuer-Energie-kommen-nicht-bei.jpg","type":"image\/jpeg"}],"author":"rtnews","twitter_card":"summary_large_image","twitter_creator":"@WirMachenAuf_de","twitter_site":"@WirMachenAuf_de","twitter_misc":{"Verfasst von":"rtnews","Gesch\u00e4tzte Lesezeit":"6\u00a0Minuten"},"schema":{"@context":"https:\/\/schema.org","@graph":[{"@type":"Article","@id":"https:\/\/now-news.de\/de\/deutschland\/konzerne-im-verzug-die-preisbremsen-fuer-energie-kommen-nicht-bei-den-verbrauchern-an\/#article","isPartOf":{"@id":"https:\/\/now-news.de\/de\/deutschland\/konzerne-im-verzug-die-preisbremsen-fuer-energie-kommen-nicht-bei-den-verbrauchern-an\/"},"author":{"name":"rtnews","@id":"https:\/\/now-news.de\/de\/#\/schema\/person\/fb534a4e865501d8b3285208df34a9b5"},"headline":"Konzerne im Verzug: Die &quot;Preisbremsen&quot; f\u00fcr Energie kommen nicht bei den Verbrauchern an","datePublished":"2023-03-05T19:12:36+00:00","dateModified":"2023-03-05T19:12:36+00:00","mainEntityOfPage":{"@id":"https:\/\/now-news.de\/de\/deutschland\/konzerne-im-verzug-die-preisbremsen-fuer-energie-kommen-nicht-bei-den-verbrauchern-an\/"},"wordCount":1163,"commentCount":0,"publisher":{"@id":"https:\/\/now-news.de\/de\/#organization"},"image":{"@id":"https:\/\/now-news.de\/de\/deutschland\/konzerne-im-verzug-die-preisbremsen-fuer-energie-kommen-nicht-bei-den-verbrauchern-an\/#primaryimage"},"thumbnailUrl":"https:\/\/now-news.de\/de\/wp-content\/uploads\/sites\/3\/2023\/03\/Konzerne-im-Verzug-Die-quotPreisbremsenquot-fuer-Energie-kommen-nicht-bei.jpg","keywords":["bei","den","die","Energie","f\u00fcr","kommen","Konzerne","nicht","quotPreisbremsenquot","Verbrauchern","Verzug"],"articleSection":["Deutschland","Russland"],"inLanguage":"de","potentialAction":[{"@type":"CommentAction","name":"Comment","target":["https:\/\/now-news.de\/de\/deutschland\/konzerne-im-verzug-die-preisbremsen-fuer-energie-kommen-nicht-bei-den-verbrauchern-an\/#respond"]}]},{"@type":"WebPage","@id":"https:\/\/now-news.de\/de\/deutschland\/konzerne-im-verzug-die-preisbremsen-fuer-energie-kommen-nicht-bei-den-verbrauchern-an\/","url":"https:\/\/now-news.de\/de\/deutschland\/konzerne-im-verzug-die-preisbremsen-fuer-energie-kommen-nicht-bei-den-verbrauchern-an\/","name":"Konzerne im Verzug: Die &quot;Preisbremsen&quot; f\u00fcr Energie kommen nicht bei den Verbrauchern an - just-now.NEWS Deutschland","isPartOf":{"@id":"https:\/\/now-news.de\/de\/#website"},"primaryImageOfPage":{"@id":"https:\/\/now-news.de\/de\/deutschland\/konzerne-im-verzug-die-preisbremsen-fuer-energie-kommen-nicht-bei-den-verbrauchern-an\/#primaryimage"},"image":{"@id":"https:\/\/now-news.de\/de\/deutschland\/konzerne-im-verzug-die-preisbremsen-fuer-energie-kommen-nicht-bei-den-verbrauchern-an\/#primaryimage"},"thumbnailUrl":"https:\/\/now-news.de\/de\/wp-content\/uploads\/sites\/3\/2023\/03\/Konzerne-im-Verzug-Die-quotPreisbremsenquot-fuer-Energie-kommen-nicht-bei.jpg","datePublished":"2023-03-05T19:12:36+00:00","dateModified":"2023-03-05T19:12:36+00:00","breadcrumb":{"@id":"https:\/\/now-news.de\/de\/deutschland\/konzerne-im-verzug-die-preisbremsen-fuer-energie-kommen-nicht-bei-den-verbrauchern-an\/#breadcrumb"},"inLanguage":"de","potentialAction":[{"@type":"ReadAction","target":["https:\/\/now-news.de\/de\/deutschland\/konzerne-im-verzug-die-preisbremsen-fuer-energie-kommen-nicht-bei-den-verbrauchern-an\/"]}]},{"@type":"ImageObject","inLanguage":"de","@id":"https:\/\/now-news.de\/de\/deutschland\/konzerne-im-verzug-die-preisbremsen-fuer-energie-kommen-nicht-bei-den-verbrauchern-an\/#primaryimage","url":"https:\/\/now-news.de\/de\/wp-content\/uploads\/sites\/3\/2023\/03\/Konzerne-im-Verzug-Die-quotPreisbremsenquot-fuer-Energie-kommen-nicht-bei.jpg","contentUrl":"https:\/\/now-news.de\/de\/wp-content\/uploads\/sites\/3\/2023\/03\/Konzerne-im-Verzug-Die-quotPreisbremsenquot-fuer-Energie-kommen-nicht-bei.jpg","width":460,"height":259,"caption":"Konzerne im Verzug: Die &quot;Preisbremsen&quot; f\u00fcr Energie kommen nicht bei den Verbrauchern an"},{"@type":"BreadcrumbList","@id":"https:\/\/now-news.de\/de\/deutschland\/konzerne-im-verzug-die-preisbremsen-fuer-energie-kommen-nicht-bei-den-verbrauchern-an\/#breadcrumb","itemListElement":[{"@type":"ListItem","position":1,"name":"Home","item":"https:\/\/now-news.de\/de\/"},{"@type":"ListItem","position":2,"name":"Konzerne im Verzug: Die &quot;Preisbremsen&quot; f\u00fcr Energie kommen nicht bei den Verbrauchern an"}]},{"@type":"WebSite","@id":"https:\/\/now-news.de\/de\/#website","url":"https:\/\/now-news.de\/de\/","name":"just-now.NEWS Deutschland","description":"Das Portal f\u00fcr unzensierte Nachrichten aus der Welt","publisher":{"@id":"https:\/\/now-news.de\/de\/#organization"},"potentialAction":[{"@type":"SearchAction","target":{"@type":"EntryPoint","urlTemplate":"https:\/\/now-news.de\/de\/?s={search_term_string}"},"query-input":"required name=search_term_string"}],"inLanguage":"de"},{"@type":"Organization","@id":"https:\/\/now-news.de\/de\/#organization","name":"Just Now News","url":"https:\/\/now-news.de\/de\/","logo":{"@type":"ImageObject","inLanguage":"de","@id":"https:\/\/now-news.de\/de\/#\/schema\/logo\/image\/","url":"http:\/\/just-now.news\/de\/wp-content\/uploads\/sites\/3\/2022\/04\/logo500x500.jpg","contentUrl":"http:\/\/just-now.news\/de\/wp-content\/uploads\/sites\/3\/2022\/04\/logo500x500.jpg","width":500,"height":500,"caption":"Just Now News"},"image":{"@id":"https:\/\/now-news.de\/de\/#\/schema\/logo\/image\/"},"sameAs":["https:\/\/www.facebook.com\/wirmachenauf","https:\/\/x.com\/WirMachenAuf_de"]},{"@type":"Person","@id":"https:\/\/now-news.de\/de\/#\/schema\/person\/fb534a4e865501d8b3285208df34a9b5","name":"rtnews","image":{"@type":"ImageObject","inLanguage":"de","@id":"https:\/\/now-news.de\/de\/#\/schema\/person\/image\/","url":"https:\/\/secure.gravatar.com\/avatar\/82aafea7d8127119dd649515f56e2117?s=96&d=mm&r=g","contentUrl":"https:\/\/secure.gravatar.com\/avatar\/82aafea7d8127119dd649515f56e2117?s=96&d=mm&r=g","caption":"rtnews"},"url":"https:\/\/now-news.de\/de\/author\/rnews\/"}]}},"_links":{"self":[{"href":"https:\/\/now-news.de\/de\/wp-json\/wp\/v2\/posts\/31620"}],"collection":[{"href":"https:\/\/now-news.de\/de\/wp-json\/wp\/v2\/posts"}],"about":[{"href":"https:\/\/now-news.de\/de\/wp-json\/wp\/v2\/types\/post"}],"author":[{"embeddable":true,"href":"https:\/\/now-news.de\/de\/wp-json\/wp\/v2\/users\/3"}],"replies":[{"embeddable":true,"href":"https:\/\/now-news.de\/de\/wp-json\/wp\/v2\/comments?post=31620"}],"version-history":[{"count":0,"href":"https:\/\/now-news.de\/de\/wp-json\/wp\/v2\/posts\/31620\/revisions"}],"wp:featuredmedia":[{"embeddable":true,"href":"https:\/\/now-news.de\/de\/wp-json\/wp\/v2\/media\/31621"}],"wp:attachment":[{"href":"https:\/\/now-news.de\/de\/wp-json\/wp\/v2\/media?parent=31620"}],"wp:term":[{"taxonomy":"category","embeddable":true,"href":"https:\/\/now-news.de\/de\/wp-json\/wp\/v2\/categories?post=31620"},{"taxonomy":"post_tag","embeddable":true,"href":"https:\/\/now-news.de\/de\/wp-json\/wp\/v2\/tags?post=31620"}],"curies":[{"name":"wp","href":"https:\/\/api.w.org\/{rel}","templated":true}]}}