{"id":31592,"date":"2023-03-05T14:55:59","date_gmt":"2023-03-05T12:55:59","guid":{"rendered":"https:\/\/just-now.news\/de\/deutschland\/alle-jahre-wieder-bayern-kritisiert-laenderfinanzausgleich-als-ungerecht\/"},"modified":"2023-03-05T14:55:59","modified_gmt":"2023-03-05T12:55:59","slug":"alle-jahre-wieder-bayern-kritisiert-laenderfinanzausgleich-als-ungerecht","status":"publish","type":"post","link":"https:\/\/now-news.de\/de\/deutschland\/alle-jahre-wieder-bayern-kritisiert-laenderfinanzausgleich-als-ungerecht\/","title":{"rendered":"Alle Jahre wieder: Bayern kritisiert L\u00e4nderfinanzausgleich als ungerecht"},"content":{"rendered":"<p><img decoding=\"async\" src=\"http:\/\/just-now.news\/de\/wp-content\/uploads\/sites\/3\/2023\/03\/6404669eb480cc517e1274bf.jpg\" \/><\/p>\n<div class=\"Text-root Text-type_1 \">\n                Bayerns Ministerpr\u00e4sident Markus S\u00f6der (CSU) kritisiert die Zahlungen Bayerns im Rahmen des L\u00e4nderfinanzausgleichs erneut als ungerecht und droht mit Gang zum Gericht. Bayern klagte bereits im Jahr 2013, zog die Klage aber nach einer Neuregelung 2017 zur\u00fcck. Jetzt ist es wieder so weit.\n            <\/div>\n<p><\/p>\n<div class=\"Text-root Text-type_5 ArticleView-text ViewText-root \">\n<p>Markus S\u00f6der, bayerischer Ministerpr\u00e4sident und Vorsitzender der CSU, will erneut Klage gegen den L\u00e4nderfinanzausgleich einreichen. Bereits im Jahr 2013 hatte Bayern gemeinsam mit Hessen gegen den L\u00e4nderfinanzausgleich geklagt, die Klage dann aber 2017 nach einer Neuregelung des Verfahrens zur\u00fcckgezogen.\u00a0<\/p>\n<p>Jetzt droht der bayerische Ministerpr\u00e4sident erneut mit einer Klage. Der Grund ist unver\u00e4ndert: Bayern f\u00fchlt sich durch den L\u00e4nderfinanzausgleich benachteiligt. Auf Twitter schreibt S\u00f6der:<\/p>\n<blockquote>\n<p><em>&#8220;Noch im ersten Halbjahr werden wir eine Klage gegen den L\u00e4nderfinanzausgleich einfreichen. Es ist einfach nur noch unfair und ungerecht. Wir sind solidarisch aber nicht naiv.&#8221;\u00a0<\/em><\/p>\n<\/blockquote>\n<div class=\"EmbedBlock-root EmbedBlock-twitter\">\n<div class=\"TwitterEmbed\">\n<blockquote class=\"twitter-tweet lazyload\" data-twitter=\"twitter-tweet\">\n<p lang=\"de\" dir=\"ltr\">Noch im ersten Halbjahr werden wir eine Klage gegen den <a rel=\"nofollow noopener\" target=\"_blank\" href=\"https:\/\/twitter.com\/hashtag\/L%C3%A4nderfinanzausgleich?src=hash&amp;ref_src=twsrc%5Etfw\">#L\u00e4nderfinanzausgleich<\/a> einreichen. Es ist einfach nur noch unfair und ungerecht. Wir sind solidarisch, aber nicht naiv. Wir wollen den Finanzausgleich nicht abschaffen, aber reformieren und Bayerns Steuerzahler entlasten.<\/p>\n<p>\u2014 Markus S\u00f6der (@Markus_Soeder) <a rel=\"nofollow noopener\" target=\"_blank\" href=\"https:\/\/twitter.com\/Markus_Soeder\/status\/1632290564640067587?ref_src=twsrc%5Etfw\">March 5, 2023<\/a><\/p><\/blockquote>\n<\/div>\n<\/div>\n<p>Mit 9,9 Milliarden Euro trug Bayern im vergangenen Jahr die gr\u00f6\u00dfte Last des L\u00e4nderfinanzausgleichs.\u00a0Mit dem Steuerungsinstrument sollen gro\u00dfe Unterschiede zwischen den 16 Bundesl\u00e4ndern ausgeglichen werden. Mit dem L\u00e4nderfinanzausgleich soll das im Grundgesetz verankerte Ziel der &#8220;Einheitlichkeit der Lebensverh\u00e4ltnisse&#8221; erreicht werden. Dabei leisten \u00f6konomisch starke L\u00e4nder Ausgleichszahlungen an wirtschaftlich schw\u00e4chere L\u00e4nder.\u00a0\u00a0\u00a0<\/p>\n<p>Einen \u00e4hnlichen Mechanismus auf Ebene der Eurol\u00e4nder einzuf\u00fchren, um ein Auseinanderdriften der EU und der L\u00e4nder des Euro zu verhindern, lehnt Deutschland kategorisch ab.\u00a0<\/p>\n<p><strong>Mehr zum Thema<\/strong>\u00a0\u2013 <a rel=\"nofollow noopener\" target=\"_blank\" href=\"https:\/\/fromrussiawithlove.rtde.live\/wirtschaft\/164431-bericht-grossen-westlichen-volkswirtschaften-droht\/\">Bericht: Gro\u00dfen westlichen Volkswirtschaften droht Rezession<\/a><\/p>\n<\/div>\n<p><script async src=\"https:\/\/platform.twitter.com\/widgets.js\" charset=\"utf-8\"><\/script><br \/>\n<br \/><br \/>\n<br \/><a href=\"https:\/\/de.rt.com\/inland\/164558-alle-jahre-wieder-bayern-kritisiert\/\">Source link <\/a><\/p>\n","protected":false},"excerpt":{"rendered":"<p>Bayerns Ministerpr\u00e4sident Markus S\u00f6der (CSU) kritisiert die Zahlungen Bayerns im Rahmen des L\u00e4nderfinanzausgleichs erneut als ungerecht und droht mit Gang zum Gericht. Bayern klagte bereits im Jahr 2013, zog die Klage aber nach einer Neuregelung 2017 zur\u00fcck. Jetzt ist es wieder so weit. Markus S\u00f6der, bayerischer Ministerpr\u00e4sident und Vorsitzender der CSU, will erneut Klage gegen [&hellip;]<\/p>\n","protected":false},"author":3,"featured_media":31593,"comment_status":"open","ping_status":"open","sticky":false,"template":"","format":"standard","meta":{"_yoast_indexnow_last_ping":["1678021495"],"wp_automatic_camp":["217"],"fafe2177af1a1dd2d778c20523bfef40":["Alle Jahre wieder: Bayern kritisiert L\u00e4nderfinanzausgleich als ungerecht"],"original_link":["https:\/\/de.rt.com\/inland\/164558-alle-jahre-wieder-bayern-kritisiert\/"],"_thumbnail_id":["31593"],"_wptgpro_p2tg_sent2tg":["a:1:{i:23737;s:19:\"2023-03-05 15:05:58\";}"],"jnews_social_counter_last_update":["1777607000"]},"categories":[19,23],"tags":[271,273,11374,7530,739,41557,35137,904],"yoast_head":"<!-- This site is optimized with the Yoast SEO Premium plugin v22.7 (Yoast SEO v22.7) - https:\/\/yoast.com\/wordpress\/plugins\/seo\/ -->\n<title>Alle Jahre wieder: Bayern kritisiert L\u00e4nderfinanzausgleich als ungerecht - just-now.NEWS Deutschland<\/title>\n<meta name=\"robots\" content=\"index, follow, max-snippet:-1, max-image-preview:large, max-video-preview:-1\" \/>\n<link rel=\"canonical\" href=\"https:\/\/now-news.de\/de\/deutschland\/alle-jahre-wieder-bayern-kritisiert-laenderfinanzausgleich-als-ungerecht\/\" \/>\n<meta property=\"og:locale\" content=\"de_DE\" \/>\n<meta property=\"og:type\" content=\"article\" \/>\n<meta property=\"og:title\" content=\"Alle Jahre wieder: Bayern kritisiert L\u00e4nderfinanzausgleich als ungerecht\" \/>\n<meta property=\"og:description\" content=\"Bayerns Ministerpr\u00e4sident Markus S\u00f6der (CSU) kritisiert die Zahlungen Bayerns im Rahmen des L\u00e4nderfinanzausgleichs erneut als ungerecht und droht mit Gang zum Gericht. Bayern klagte bereits im Jahr 2013, zog die Klage aber nach einer Neuregelung 2017 zur\u00fcck. Jetzt ist es wieder so weit. Markus S\u00f6der, bayerischer Ministerpr\u00e4sident und Vorsitzender der CSU, will erneut Klage gegen [&hellip;]\" \/>\n<meta property=\"og:url\" content=\"https:\/\/now-news.de\/de\/deutschland\/alle-jahre-wieder-bayern-kritisiert-laenderfinanzausgleich-als-ungerecht\/\" \/>\n<meta property=\"og:site_name\" content=\"just-now.NEWS Deutschland\" \/>\n<meta property=\"article:publisher\" content=\"https:\/\/www.facebook.com\/wirmachenauf\" \/>\n<meta property=\"article:published_time\" content=\"2023-03-05T12:55:59+00:00\" \/>\n<meta property=\"og:image\" content=\"https:\/\/now-news.de\/de\/wp-content\/uploads\/sites\/3\/2023\/03\/Alle-Jahre-wieder-Bayern-kritisiert-Laenderfinanzausgleich-als-ungerecht.jpg\" \/>\n\t<meta property=\"og:image:width\" content=\"460\" \/>\n\t<meta property=\"og:image:height\" content=\"259\" \/>\n\t<meta property=\"og:image:type\" content=\"image\/jpeg\" \/>\n<meta name=\"author\" content=\"rtnews\" \/>\n<meta name=\"twitter:card\" content=\"summary_large_image\" \/>\n<meta name=\"twitter:creator\" content=\"@WirMachenAuf_de\" \/>\n<meta name=\"twitter:site\" content=\"@WirMachenAuf_de\" \/>\n<meta name=\"twitter:label1\" content=\"Verfasst von\" \/>\n\t<meta name=\"twitter:data1\" content=\"rtnews\" \/>\n\t<meta name=\"twitter:label2\" content=\"Gesch\u00e4tzte Lesezeit\" \/>\n\t<meta name=\"twitter:data2\" content=\"1\u00a0Minute\" \/>\n<script type=\"application\/ld+json\" class=\"yoast-schema-graph\">{\"@context\":\"https:\/\/schema.org\",\"@graph\":[{\"@type\":\"Article\",\"@id\":\"https:\/\/now-news.de\/de\/deutschland\/alle-jahre-wieder-bayern-kritisiert-laenderfinanzausgleich-als-ungerecht\/#article\",\"isPartOf\":{\"@id\":\"https:\/\/now-news.de\/de\/deutschland\/alle-jahre-wieder-bayern-kritisiert-laenderfinanzausgleich-als-ungerecht\/\"},\"author\":{\"name\":\"rtnews\",\"@id\":\"https:\/\/now-news.de\/de\/#\/schema\/person\/fb534a4e865501d8b3285208df34a9b5\"},\"headline\":\"Alle Jahre wieder: Bayern kritisiert L\u00e4nderfinanzausgleich als ungerecht\",\"datePublished\":\"2023-03-05T12:55:59+00:00\",\"dateModified\":\"2023-03-05T12:55:59+00:00\",\"mainEntityOfPage\":{\"@id\":\"https:\/\/now-news.de\/de\/deutschland\/alle-jahre-wieder-bayern-kritisiert-laenderfinanzausgleich-als-ungerecht\/\"},\"wordCount\":295,\"commentCount\":0,\"publisher\":{\"@id\":\"https:\/\/now-news.de\/de\/#organization\"},\"image\":{\"@id\":\"https:\/\/now-news.de\/de\/deutschland\/alle-jahre-wieder-bayern-kritisiert-laenderfinanzausgleich-als-ungerecht\/#primaryimage\"},\"thumbnailUrl\":\"https:\/\/now-news.de\/de\/wp-content\/uploads\/sites\/3\/2023\/03\/Alle-Jahre-wieder-Bayern-kritisiert-Laenderfinanzausgleich-als-ungerecht.jpg\",\"keywords\":[\"ALLE\",\"als\",\"bayern\",\"Jahre\",\"kritisiert\",\"L\u00e4nderfinanzausgleich\",\"ungerecht\",\"wieder\"],\"articleSection\":[\"Deutschland\",\"Russland\"],\"inLanguage\":\"de\",\"potentialAction\":[{\"@type\":\"CommentAction\",\"name\":\"Comment\",\"target\":[\"https:\/\/now-news.de\/de\/deutschland\/alle-jahre-wieder-bayern-kritisiert-laenderfinanzausgleich-als-ungerecht\/#respond\"]}]},{\"@type\":\"WebPage\",\"@id\":\"https:\/\/now-news.de\/de\/deutschland\/alle-jahre-wieder-bayern-kritisiert-laenderfinanzausgleich-als-ungerecht\/\",\"url\":\"https:\/\/now-news.de\/de\/deutschland\/alle-jahre-wieder-bayern-kritisiert-laenderfinanzausgleich-als-ungerecht\/\",\"name\":\"Alle Jahre wieder: Bayern kritisiert L\u00e4nderfinanzausgleich als ungerecht - just-now.NEWS Deutschland\",\"isPartOf\":{\"@id\":\"https:\/\/now-news.de\/de\/#website\"},\"primaryImageOfPage\":{\"@id\":\"https:\/\/now-news.de\/de\/deutschland\/alle-jahre-wieder-bayern-kritisiert-laenderfinanzausgleich-als-ungerecht\/#primaryimage\"},\"image\":{\"@id\":\"https:\/\/now-news.de\/de\/deutschland\/alle-jahre-wieder-bayern-kritisiert-laenderfinanzausgleich-als-ungerecht\/#primaryimage\"},\"thumbnailUrl\":\"https:\/\/now-news.de\/de\/wp-content\/uploads\/sites\/3\/2023\/03\/Alle-Jahre-wieder-Bayern-kritisiert-Laenderfinanzausgleich-als-ungerecht.jpg\",\"datePublished\":\"2023-03-05T12:55:59+00:00\",\"dateModified\":\"2023-03-05T12:55:59+00:00\",\"breadcrumb\":{\"@id\":\"https:\/\/now-news.de\/de\/deutschland\/alle-jahre-wieder-bayern-kritisiert-laenderfinanzausgleich-als-ungerecht\/#breadcrumb\"},\"inLanguage\":\"de\",\"potentialAction\":[{\"@type\":\"ReadAction\",\"target\":[\"https:\/\/now-news.de\/de\/deutschland\/alle-jahre-wieder-bayern-kritisiert-laenderfinanzausgleich-als-ungerecht\/\"]}]},{\"@type\":\"ImageObject\",\"inLanguage\":\"de\",\"@id\":\"https:\/\/now-news.de\/de\/deutschland\/alle-jahre-wieder-bayern-kritisiert-laenderfinanzausgleich-als-ungerecht\/#primaryimage\",\"url\":\"https:\/\/now-news.de\/de\/wp-content\/uploads\/sites\/3\/2023\/03\/Alle-Jahre-wieder-Bayern-kritisiert-Laenderfinanzausgleich-als-ungerecht.jpg\",\"contentUrl\":\"https:\/\/now-news.de\/de\/wp-content\/uploads\/sites\/3\/2023\/03\/Alle-Jahre-wieder-Bayern-kritisiert-Laenderfinanzausgleich-als-ungerecht.jpg\",\"width\":460,\"height\":259,\"caption\":\"Alle Jahre wieder: Bayern kritisiert L\u00e4nderfinanzausgleich als ungerecht\"},{\"@type\":\"BreadcrumbList\",\"@id\":\"https:\/\/now-news.de\/de\/deutschland\/alle-jahre-wieder-bayern-kritisiert-laenderfinanzausgleich-als-ungerecht\/#breadcrumb\",\"itemListElement\":[{\"@type\":\"ListItem\",\"position\":1,\"name\":\"Home\",\"item\":\"https:\/\/now-news.de\/de\/\"},{\"@type\":\"ListItem\",\"position\":2,\"name\":\"Alle Jahre wieder: Bayern kritisiert L\u00e4nderfinanzausgleich als ungerecht\"}]},{\"@type\":\"WebSite\",\"@id\":\"https:\/\/now-news.de\/de\/#website\",\"url\":\"https:\/\/now-news.de\/de\/\",\"name\":\"just-now.NEWS Deutschland\",\"description\":\"Das Portal f\u00fcr unzensierte Nachrichten aus der Welt\",\"publisher\":{\"@id\":\"https:\/\/now-news.de\/de\/#organization\"},\"potentialAction\":[{\"@type\":\"SearchAction\",\"target\":{\"@type\":\"EntryPoint\",\"urlTemplate\":\"https:\/\/now-news.de\/de\/?s={search_term_string}\"},\"query-input\":\"required name=search_term_string\"}],\"inLanguage\":\"de\"},{\"@type\":\"Organization\",\"@id\":\"https:\/\/now-news.de\/de\/#organization\",\"name\":\"Just Now News\",\"url\":\"https:\/\/now-news.de\/de\/\",\"logo\":{\"@type\":\"ImageObject\",\"inLanguage\":\"de\",\"@id\":\"https:\/\/now-news.de\/de\/#\/schema\/logo\/image\/\",\"url\":\"http:\/\/just-now.news\/de\/wp-content\/uploads\/sites\/3\/2022\/04\/logo500x500.jpg\",\"contentUrl\":\"http:\/\/just-now.news\/de\/wp-content\/uploads\/sites\/3\/2022\/04\/logo500x500.jpg\",\"width\":500,\"height\":500,\"caption\":\"Just Now News\"},\"image\":{\"@id\":\"https:\/\/now-news.de\/de\/#\/schema\/logo\/image\/\"},\"sameAs\":[\"https:\/\/www.facebook.com\/wirmachenauf\",\"https:\/\/x.com\/WirMachenAuf_de\"]},{\"@type\":\"Person\",\"@id\":\"https:\/\/now-news.de\/de\/#\/schema\/person\/fb534a4e865501d8b3285208df34a9b5\",\"name\":\"rtnews\",\"image\":{\"@type\":\"ImageObject\",\"inLanguage\":\"de\",\"@id\":\"https:\/\/now-news.de\/de\/#\/schema\/person\/image\/\",\"url\":\"https:\/\/secure.gravatar.com\/avatar\/82aafea7d8127119dd649515f56e2117?s=96&d=mm&r=g\",\"contentUrl\":\"https:\/\/secure.gravatar.com\/avatar\/82aafea7d8127119dd649515f56e2117?s=96&d=mm&r=g\",\"caption\":\"rtnews\"},\"url\":\"https:\/\/now-news.de\/de\/author\/rnews\/\"}]}<\/script>\n<!-- \/ Yoast SEO Premium plugin. -->","yoast_head_json":{"title":"Alle Jahre wieder: Bayern kritisiert L\u00e4nderfinanzausgleich als ungerecht - just-now.NEWS Deutschland","robots":{"index":"index","follow":"follow","max-snippet":"max-snippet:-1","max-image-preview":"max-image-preview:large","max-video-preview":"max-video-preview:-1"},"canonical":"https:\/\/now-news.de\/de\/deutschland\/alle-jahre-wieder-bayern-kritisiert-laenderfinanzausgleich-als-ungerecht\/","og_locale":"de_DE","og_type":"article","og_title":"Alle Jahre wieder: Bayern kritisiert L\u00e4nderfinanzausgleich als ungerecht","og_description":"Bayerns Ministerpr\u00e4sident Markus S\u00f6der (CSU) kritisiert die Zahlungen Bayerns im Rahmen des L\u00e4nderfinanzausgleichs erneut als ungerecht und droht mit Gang zum Gericht. Bayern klagte bereits im Jahr 2013, zog die Klage aber nach einer Neuregelung 2017 zur\u00fcck. Jetzt ist es wieder so weit. Markus S\u00f6der, bayerischer Ministerpr\u00e4sident und Vorsitzender der CSU, will erneut Klage gegen [&hellip;]","og_url":"https:\/\/now-news.de\/de\/deutschland\/alle-jahre-wieder-bayern-kritisiert-laenderfinanzausgleich-als-ungerecht\/","og_site_name":"just-now.NEWS Deutschland","article_publisher":"https:\/\/www.facebook.com\/wirmachenauf","article_published_time":"2023-03-05T12:55:59+00:00","og_image":[{"width":460,"height":259,"url":"https:\/\/now-news.de\/de\/wp-content\/uploads\/sites\/3\/2023\/03\/Alle-Jahre-wieder-Bayern-kritisiert-Laenderfinanzausgleich-als-ungerecht.jpg","type":"image\/jpeg"}],"author":"rtnews","twitter_card":"summary_large_image","twitter_creator":"@WirMachenAuf_de","twitter_site":"@WirMachenAuf_de","twitter_misc":{"Verfasst von":"rtnews","Gesch\u00e4tzte Lesezeit":"1\u00a0Minute"},"schema":{"@context":"https:\/\/schema.org","@graph":[{"@type":"Article","@id":"https:\/\/now-news.de\/de\/deutschland\/alle-jahre-wieder-bayern-kritisiert-laenderfinanzausgleich-als-ungerecht\/#article","isPartOf":{"@id":"https:\/\/now-news.de\/de\/deutschland\/alle-jahre-wieder-bayern-kritisiert-laenderfinanzausgleich-als-ungerecht\/"},"author":{"name":"rtnews","@id":"https:\/\/now-news.de\/de\/#\/schema\/person\/fb534a4e865501d8b3285208df34a9b5"},"headline":"Alle Jahre wieder: Bayern kritisiert L\u00e4nderfinanzausgleich als ungerecht","datePublished":"2023-03-05T12:55:59+00:00","dateModified":"2023-03-05T12:55:59+00:00","mainEntityOfPage":{"@id":"https:\/\/now-news.de\/de\/deutschland\/alle-jahre-wieder-bayern-kritisiert-laenderfinanzausgleich-als-ungerecht\/"},"wordCount":295,"commentCount":0,"publisher":{"@id":"https:\/\/now-news.de\/de\/#organization"},"image":{"@id":"https:\/\/now-news.de\/de\/deutschland\/alle-jahre-wieder-bayern-kritisiert-laenderfinanzausgleich-als-ungerecht\/#primaryimage"},"thumbnailUrl":"https:\/\/now-news.de\/de\/wp-content\/uploads\/sites\/3\/2023\/03\/Alle-Jahre-wieder-Bayern-kritisiert-Laenderfinanzausgleich-als-ungerecht.jpg","keywords":["ALLE","als","bayern","Jahre","kritisiert","L\u00e4nderfinanzausgleich","ungerecht","wieder"],"articleSection":["Deutschland","Russland"],"inLanguage":"de","potentialAction":[{"@type":"CommentAction","name":"Comment","target":["https:\/\/now-news.de\/de\/deutschland\/alle-jahre-wieder-bayern-kritisiert-laenderfinanzausgleich-als-ungerecht\/#respond"]}]},{"@type":"WebPage","@id":"https:\/\/now-news.de\/de\/deutschland\/alle-jahre-wieder-bayern-kritisiert-laenderfinanzausgleich-als-ungerecht\/","url":"https:\/\/now-news.de\/de\/deutschland\/alle-jahre-wieder-bayern-kritisiert-laenderfinanzausgleich-als-ungerecht\/","name":"Alle Jahre wieder: Bayern kritisiert L\u00e4nderfinanzausgleich als ungerecht - just-now.NEWS Deutschland","isPartOf":{"@id":"https:\/\/now-news.de\/de\/#website"},"primaryImageOfPage":{"@id":"https:\/\/now-news.de\/de\/deutschland\/alle-jahre-wieder-bayern-kritisiert-laenderfinanzausgleich-als-ungerecht\/#primaryimage"},"image":{"@id":"https:\/\/now-news.de\/de\/deutschland\/alle-jahre-wieder-bayern-kritisiert-laenderfinanzausgleich-als-ungerecht\/#primaryimage"},"thumbnailUrl":"https:\/\/now-news.de\/de\/wp-content\/uploads\/sites\/3\/2023\/03\/Alle-Jahre-wieder-Bayern-kritisiert-Laenderfinanzausgleich-als-ungerecht.jpg","datePublished":"2023-03-05T12:55:59+00:00","dateModified":"2023-03-05T12:55:59+00:00","breadcrumb":{"@id":"https:\/\/now-news.de\/de\/deutschland\/alle-jahre-wieder-bayern-kritisiert-laenderfinanzausgleich-als-ungerecht\/#breadcrumb"},"inLanguage":"de","potentialAction":[{"@type":"ReadAction","target":["https:\/\/now-news.de\/de\/deutschland\/alle-jahre-wieder-bayern-kritisiert-laenderfinanzausgleich-als-ungerecht\/"]}]},{"@type":"ImageObject","inLanguage":"de","@id":"https:\/\/now-news.de\/de\/deutschland\/alle-jahre-wieder-bayern-kritisiert-laenderfinanzausgleich-als-ungerecht\/#primaryimage","url":"https:\/\/now-news.de\/de\/wp-content\/uploads\/sites\/3\/2023\/03\/Alle-Jahre-wieder-Bayern-kritisiert-Laenderfinanzausgleich-als-ungerecht.jpg","contentUrl":"https:\/\/now-news.de\/de\/wp-content\/uploads\/sites\/3\/2023\/03\/Alle-Jahre-wieder-Bayern-kritisiert-Laenderfinanzausgleich-als-ungerecht.jpg","width":460,"height":259,"caption":"Alle Jahre wieder: Bayern kritisiert L\u00e4nderfinanzausgleich als ungerecht"},{"@type":"BreadcrumbList","@id":"https:\/\/now-news.de\/de\/deutschland\/alle-jahre-wieder-bayern-kritisiert-laenderfinanzausgleich-als-ungerecht\/#breadcrumb","itemListElement":[{"@type":"ListItem","position":1,"name":"Home","item":"https:\/\/now-news.de\/de\/"},{"@type":"ListItem","position":2,"name":"Alle Jahre wieder: Bayern kritisiert L\u00e4nderfinanzausgleich als ungerecht"}]},{"@type":"WebSite","@id":"https:\/\/now-news.de\/de\/#website","url":"https:\/\/now-news.de\/de\/","name":"just-now.NEWS Deutschland","description":"Das Portal f\u00fcr unzensierte Nachrichten aus der Welt","publisher":{"@id":"https:\/\/now-news.de\/de\/#organization"},"potentialAction":[{"@type":"SearchAction","target":{"@type":"EntryPoint","urlTemplate":"https:\/\/now-news.de\/de\/?s={search_term_string}"},"query-input":"required name=search_term_string"}],"inLanguage":"de"},{"@type":"Organization","@id":"https:\/\/now-news.de\/de\/#organization","name":"Just Now News","url":"https:\/\/now-news.de\/de\/","logo":{"@type":"ImageObject","inLanguage":"de","@id":"https:\/\/now-news.de\/de\/#\/schema\/logo\/image\/","url":"http:\/\/just-now.news\/de\/wp-content\/uploads\/sites\/3\/2022\/04\/logo500x500.jpg","contentUrl":"http:\/\/just-now.news\/de\/wp-content\/uploads\/sites\/3\/2022\/04\/logo500x500.jpg","width":500,"height":500,"caption":"Just Now News"},"image":{"@id":"https:\/\/now-news.de\/de\/#\/schema\/logo\/image\/"},"sameAs":["https:\/\/www.facebook.com\/wirmachenauf","https:\/\/x.com\/WirMachenAuf_de"]},{"@type":"Person","@id":"https:\/\/now-news.de\/de\/#\/schema\/person\/fb534a4e865501d8b3285208df34a9b5","name":"rtnews","image":{"@type":"ImageObject","inLanguage":"de","@id":"https:\/\/now-news.de\/de\/#\/schema\/person\/image\/","url":"https:\/\/secure.gravatar.com\/avatar\/82aafea7d8127119dd649515f56e2117?s=96&d=mm&r=g","contentUrl":"https:\/\/secure.gravatar.com\/avatar\/82aafea7d8127119dd649515f56e2117?s=96&d=mm&r=g","caption":"rtnews"},"url":"https:\/\/now-news.de\/de\/author\/rnews\/"}]}},"_links":{"self":[{"href":"https:\/\/now-news.de\/de\/wp-json\/wp\/v2\/posts\/31592"}],"collection":[{"href":"https:\/\/now-news.de\/de\/wp-json\/wp\/v2\/posts"}],"about":[{"href":"https:\/\/now-news.de\/de\/wp-json\/wp\/v2\/types\/post"}],"author":[{"embeddable":true,"href":"https:\/\/now-news.de\/de\/wp-json\/wp\/v2\/users\/3"}],"replies":[{"embeddable":true,"href":"https:\/\/now-news.de\/de\/wp-json\/wp\/v2\/comments?post=31592"}],"version-history":[{"count":0,"href":"https:\/\/now-news.de\/de\/wp-json\/wp\/v2\/posts\/31592\/revisions"}],"wp:featuredmedia":[{"embeddable":true,"href":"https:\/\/now-news.de\/de\/wp-json\/wp\/v2\/media\/31593"}],"wp:attachment":[{"href":"https:\/\/now-news.de\/de\/wp-json\/wp\/v2\/media?parent=31592"}],"wp:term":[{"taxonomy":"category","embeddable":true,"href":"https:\/\/now-news.de\/de\/wp-json\/wp\/v2\/categories?post=31592"},{"taxonomy":"post_tag","embeddable":true,"href":"https:\/\/now-news.de\/de\/wp-json\/wp\/v2\/tags?post=31592"}],"curies":[{"name":"wp","href":"https:\/\/api.w.org\/{rel}","templated":true}]}}