{"id":31572,"date":"2023-03-05T01:16:52","date_gmt":"2023-03-04T23:16:52","guid":{"rendered":"https:\/\/just-now.news\/de\/china\/general-keith-kellogg-und-jan-jekielek-diskutieren-auf-der-cpac-2023-ueber-die-bereitschaft-des-us-militaers-und-chinas-bedrohung\/"},"modified":"2023-03-05T01:16:52","modified_gmt":"2023-03-04T23:16:52","slug":"general-keith-kellogg-und-jan-jekielek-diskutieren-auf-der-cpac-2023-ueber-die-bereitschaft-des-us-militaers-und-chinas-bedrohung","status":"publish","type":"post","link":"https:\/\/now-news.de\/de\/china\/general-keith-kellogg-und-jan-jekielek-diskutieren-auf-der-cpac-2023-ueber-die-bereitschaft-des-us-militaers-und-chinas-bedrohung\/","title":{"rendered":"General Keith Kellogg und Jan Jekielek diskutieren auf der CPAC 2023 \u00fcber die Bereitschaft des US-Milit\u00e4rs und Chinas Bedrohung"},"content":{"rendered":"<p><\/p>\n<div>\n<p>Der leitende Redakteur der Epoch Times, Jan Jekielek, und der Co-Vorsitzende des Center for American Security am America First Policy Institute, General Keith Kellogg, sprachen auf der Konferenz des Conservative Political Action Committee (CPAC) 2023 in Washington DC \u00fcber Probleme, mit denen die Vereinigten Staaten konfrontiert sind Staaten milit\u00e4risch.<\/p>\n<p>Jekielek \u00e4u\u00dferte Bedenken hinsichtlich der Bereitschaft des Milit\u00e4rs f\u00fcr die aktuellen Herausforderungen und nannte den Konflikt mit Russland und dem chinesischen Regime als potenzielle Probleme.<\/p>\n<p>Kellogg erkl\u00e4rte jedoch, dass niemand gegen das amerikanische Milit\u00e4r z\u00e4hlen oder darauf wetten sollte.  Er bemerkte, dass dies trotz seines Bewusstseins sei, dass das Milit\u00e4r einige \u201eProbleme\u201c haben k\u00f6nnte, einschlie\u00dflich der M\u00f6glichkeit, dass es nachteilig fortschrittlich sei.<\/p>\n<p>Er betonte, dass die Aufgabe des Milit\u00e4rs darin bestehe, Feinde zu bek\u00e4mpfen und abzuschrecken, und er sei sich nicht sicher, ob dies derzeit der Fokus des Milit\u00e4rs sei.<\/p>\n<p>In Bezug auf Russland war Kellogg k\u00fcrzlich im Land und sprach mit den Mitgliedern der Aussch\u00fcsse, die sich mit dem Thema befassen.  Er sagte, dass die Vereinigten Staaten ihre Grenzen vor anderen sichern m\u00fcssten und dass die Ukraine derzeit ein gro\u00dfes Problem sei.<\/p>\n<p>Er betonte, dass Amerika m\u00f6glicherweise vergessen habe, dass es Probleme im Nahen Osten, in China und in Russland habe.  Kellogg erkl\u00e4rte auch, dass sich die Vereinigten Staaten nicht auf China konzentrieren k\u00f6nnen, solange Russland nicht von der B\u00fchne ist.<\/p>\n<p>In Bezug auf China denkt Kellogg, dass die Bedrohung durch die Kommunistische Partei Chinas (KPCh) f\u00fcr Amerika enorm ist.  Er zitierte die \u00c4u\u00dferungen von Chinas Staatschef Xi Jinping, dass Ost und West \u201eunvers\u00f6hnlich\u201c seien, und zeigte seinen Wunsch, die Vereinigten Staaten von der ersten Reihe der pazifischen Inseln, darunter Japan, die Philippinen und Taiwan, wegzudr\u00e4ngen.<\/p>\n<p>Dem General zufolge versucht China, vollst\u00e4ndigen Einfluss auf das Gebiet zu haben, und war sehr aggressiv bei der \u00dcbernahme.<\/p>\n<p>Kellogg sagte, dass die Vereinigten Staaten unter Trump die \u201eEntkopplung\u201c als einen Weg betrachteten, um von so vielen Unternehmen in China wegzukommen, und das Handelsdefizit von 350 Milliarden Dollar zwischen den Vereinigten Staaten und China bedeutet, dass Amerika in Wirklichkeit ihre Regierung finanziert hat und Milit\u00e4r.<\/p>\n<p>Jekielek \u00e4u\u00dferte sich auch besorgt \u00fcber Chinas Engagement in unkonventioneller Kriegsf\u00fchrung, einschlie\u00dflich psychologischer und finanzieller Kriegsf\u00fchrung.  Er befragte Kellogg, ob das US-Milit\u00e4r schnell genug vorgehe, um zu verstehen, dass ein Krieg gef\u00fchrt werde, ohne dass Sch\u00fcsse fallen.<\/p>\n<p>Kellogg betonte, dass jeder verstehen m\u00fcsse, dass \u201eFrisk eine Kriegsprovinz ist\u201c.<\/p>\n<p>Laut dem General scheint die derzeitige Regierung nicht bereit zu sein, Risiken einzugehen, und dies k\u00f6nnte ein Problem bei der Unterst\u00fctzung derer sein, die sich unseren Feinden im Ausland entgegenstellen.<\/p>\n<p>Der General sprach dar\u00fcber, wor\u00fcber er sich am meisten Sorgen macht, und sagte: \u201eWas mich nachts wach h\u00e4lt, ist der Mangel an Entscheidungen des Pr\u00e4sidenten \u2026 Meine Sorge ist, dass sie keine Erwachsenen im Raum haben.\u201c<\/p>\n<p>Kellogg betonte, dass die Vereinigten Staaten in der Ukraine alles tun sollten, um Hilfestellung beim Aufstehen gegen die russische Armee und bei Verhandlungen mit der russischen F\u00fchrung zu leisten.<\/p>\n<p>\u201eEs ist nichts Falsches daran, einen strategischen Gegner wie die Russen von der B\u00fchne zu nehmen\u201c, sagte Kellogg.  \u201eDenn dann k\u00f6nnen wir uns zum ersten Mal seit 21 Jahren der vorherrschenden Bedrohung stellen, der die Vereinigten Staaten gegen\u00fcberstehen, und das ist China.\u201c<\/p>\n<\/p><\/div>\n<p><br \/>\n<b> Text ist eine \u00dcbersetzung vom Epoch Times Artikel:<\/p>\n<p><a href=\"https:\/\/www.theepochtimes.com\/gen-keith-kellogg-and-jan-jekielek-discuss-us-military-readiness-and-chinas-threat-at-cpac-2023_5099878.html\">Source link <\/a><\/p>\n","protected":false},"excerpt":{"rendered":"<p>Der leitende Redakteur der Epoch Times, Jan Jekielek, und der Co-Vorsitzende des Center for American Security am America First Policy Institute, General Keith Kellogg, sprachen auf der Konferenz des Conservative Political Action Committee (CPAC) 2023 in Washington DC \u00fcber Probleme, mit denen die Vereinigten Staaten konfrontiert sind Staaten milit\u00e4risch. Jekielek \u00e4u\u00dferte Bedenken hinsichtlich der Bereitschaft [&hellip;]<\/p>\n","protected":false},"author":6,"featured_media":31573,"comment_status":"open","ping_status":"open","sticky":false,"template":"","format":"standard","meta":{"_yoast_indexnow_last_ping":["1677973560"],"wp_automatic_camp":["1164"],"85b0f236ae79546886512f1069fe1d20":["General Keith Kellogg und Jan Jekielek diskutieren auf der CPAC 2023 \u00fcber die Bereitschaft des US-Milit\u00e4rs und Chinas Bedrohung\n"],"original_link":["https:\/\/www.theepochtimes.com\/gen-keith-kellogg-and-jan-jekielek-discuss-us-military-readiness-and-chinas-threat-at-cpac-2023_5099878.html"],"_thumbnail_id":["31573"],"wp_automatic_remove_first_image":["yes"],"_wptgpro_p2tg_sent2tg":["a:0:{}"],"jnews_social_counter_last_update":["1776604718"]},"categories":[21],"tags":[133,860,20456,3313,25012,82,583,45,16674,7409,7164,41544,2467,41543,139,140,32481],"yoast_head":"<!-- This site is optimized with the Yoast SEO Premium plugin v22.7 (Yoast SEO v22.7) - https:\/\/yoast.com\/wordpress\/plugins\/seo\/ -->\n<title>General Keith Kellogg und Jan Jekielek diskutieren auf der CPAC 2023 \u00fcber die Bereitschaft des US-Milit\u00e4rs und Chinas Bedrohung - just-now.NEWS Deutschland<\/title>\n<meta name=\"robots\" content=\"index, follow, max-snippet:-1, max-image-preview:large, max-video-preview:-1\" \/>\n<link rel=\"canonical\" href=\"https:\/\/now-news.de\/de\/china\/general-keith-kellogg-und-jan-jekielek-diskutieren-auf-der-cpac-2023-ueber-die-bereitschaft-des-us-militaers-und-chinas-bedrohung\/\" \/>\n<meta property=\"og:locale\" content=\"de_DE\" \/>\n<meta property=\"og:type\" content=\"article\" \/>\n<meta property=\"og:title\" content=\"General Keith Kellogg und Jan Jekielek diskutieren auf der CPAC 2023 \u00fcber die Bereitschaft des US-Milit\u00e4rs und Chinas Bedrohung\" \/>\n<meta property=\"og:description\" content=\"Der leitende Redakteur der Epoch Times, Jan Jekielek, und der Co-Vorsitzende des Center for American Security am America First Policy Institute, General Keith Kellogg, sprachen auf der Konferenz des Conservative Political Action Committee (CPAC) 2023 in Washington DC \u00fcber Probleme, mit denen die Vereinigten Staaten konfrontiert sind Staaten milit\u00e4risch. Jekielek \u00e4u\u00dferte Bedenken hinsichtlich der Bereitschaft [&hellip;]\" \/>\n<meta property=\"og:url\" content=\"https:\/\/now-news.de\/de\/china\/general-keith-kellogg-und-jan-jekielek-diskutieren-auf-der-cpac-2023-ueber-die-bereitschaft-des-us-militaers-und-chinas-bedrohung\/\" \/>\n<meta property=\"og:site_name\" content=\"just-now.NEWS Deutschland\" \/>\n<meta property=\"article:publisher\" content=\"https:\/\/www.facebook.com\/wirmachenauf\" \/>\n<meta property=\"article:published_time\" content=\"2023-03-04T23:16:52+00:00\" \/>\n<meta property=\"og:image\" content=\"https:\/\/now-news.de\/de\/wp-content\/uploads\/sites\/3\/2023\/03\/1677973560_General-Keith-Kellogg-und-Jan-Jekielek-diskutieren-auf-der-CPAC.jpg\" \/>\n\t<meta property=\"og:image:width\" content=\"1200\" \/>\n\t<meta property=\"og:image:height\" content=\"800\" \/>\n\t<meta property=\"og:image:type\" content=\"image\/jpeg\" \/>\n<meta name=\"author\" content=\"epoch\" \/>\n<meta name=\"twitter:card\" content=\"summary_large_image\" \/>\n<meta name=\"twitter:creator\" content=\"@WirMachenAuf_de\" \/>\n<meta name=\"twitter:site\" content=\"@WirMachenAuf_de\" \/>\n<meta name=\"twitter:label1\" content=\"Verfasst von\" \/>\n\t<meta name=\"twitter:data1\" content=\"epoch\" \/>\n\t<meta name=\"twitter:label2\" content=\"Gesch\u00e4tzte Lesezeit\" \/>\n\t<meta name=\"twitter:data2\" content=\"3\u00a0Minuten\" \/>\n<script type=\"application\/ld+json\" class=\"yoast-schema-graph\">{\"@context\":\"https:\/\/schema.org\",\"@graph\":[{\"@type\":\"Article\",\"@id\":\"https:\/\/now-news.de\/de\/china\/general-keith-kellogg-und-jan-jekielek-diskutieren-auf-der-cpac-2023-ueber-die-bereitschaft-des-us-militaers-und-chinas-bedrohung\/#article\",\"isPartOf\":{\"@id\":\"https:\/\/now-news.de\/de\/china\/general-keith-kellogg-und-jan-jekielek-diskutieren-auf-der-cpac-2023-ueber-die-bereitschaft-des-us-militaers-und-chinas-bedrohung\/\"},\"author\":{\"name\":\"epoch\",\"@id\":\"https:\/\/now-news.de\/de\/#\/schema\/person\/c6dfcd35a72a074487761b9d49aef52f\"},\"headline\":\"General Keith Kellogg und Jan Jekielek diskutieren auf der CPAC 2023 \u00fcber die Bereitschaft des US-Milit\u00e4rs und Chinas Bedrohung\",\"datePublished\":\"2023-03-04T23:16:52+00:00\",\"dateModified\":\"2023-03-04T23:16:52+00:00\",\"mainEntityOfPage\":{\"@id\":\"https:\/\/now-news.de\/de\/china\/general-keith-kellogg-und-jan-jekielek-diskutieren-auf-der-cpac-2023-ueber-die-bereitschaft-des-us-militaers-und-chinas-bedrohung\/\"},\"wordCount\":598,\"commentCount\":0,\"publisher\":{\"@id\":\"https:\/\/now-news.de\/de\/#organization\"},\"image\":{\"@id\":\"https:\/\/now-news.de\/de\/china\/general-keith-kellogg-und-jan-jekielek-diskutieren-auf-der-cpac-2023-ueber-die-bereitschaft-des-us-militaers-und-chinas-bedrohung\/#primaryimage\"},\"thumbnailUrl\":\"https:\/\/now-news.de\/de\/wp-content\/uploads\/sites\/3\/2023\/03\/1677973560_General-Keith-Kellogg-und-Jan-Jekielek-diskutieren-auf-der-CPAC.jpg\",\"keywords\":[\"AUF\",\"bedrohung\",\"Bereitschaft\",\"Chinas\",\"CPAC\",\"der\",\"des\",\"die\",\"diskutieren\",\"General\",\"Jan\",\"Jekielek\",\"Keith\",\"Kellogg\",\"\u00fcber\",\"und\",\"USMilit\u00e4rs\"],\"articleSection\":[\"China\"],\"inLanguage\":\"de\",\"potentialAction\":[{\"@type\":\"CommentAction\",\"name\":\"Comment\",\"target\":[\"https:\/\/now-news.de\/de\/china\/general-keith-kellogg-und-jan-jekielek-diskutieren-auf-der-cpac-2023-ueber-die-bereitschaft-des-us-militaers-und-chinas-bedrohung\/#respond\"]}]},{\"@type\":\"WebPage\",\"@id\":\"https:\/\/now-news.de\/de\/china\/general-keith-kellogg-und-jan-jekielek-diskutieren-auf-der-cpac-2023-ueber-die-bereitschaft-des-us-militaers-und-chinas-bedrohung\/\",\"url\":\"https:\/\/now-news.de\/de\/china\/general-keith-kellogg-und-jan-jekielek-diskutieren-auf-der-cpac-2023-ueber-die-bereitschaft-des-us-militaers-und-chinas-bedrohung\/\",\"name\":\"General Keith Kellogg und Jan Jekielek diskutieren auf der CPAC 2023 \u00fcber die Bereitschaft des US-Milit\u00e4rs und Chinas Bedrohung - just-now.NEWS Deutschland\",\"isPartOf\":{\"@id\":\"https:\/\/now-news.de\/de\/#website\"},\"primaryImageOfPage\":{\"@id\":\"https:\/\/now-news.de\/de\/china\/general-keith-kellogg-und-jan-jekielek-diskutieren-auf-der-cpac-2023-ueber-die-bereitschaft-des-us-militaers-und-chinas-bedrohung\/#primaryimage\"},\"image\":{\"@id\":\"https:\/\/now-news.de\/de\/china\/general-keith-kellogg-und-jan-jekielek-diskutieren-auf-der-cpac-2023-ueber-die-bereitschaft-des-us-militaers-und-chinas-bedrohung\/#primaryimage\"},\"thumbnailUrl\":\"https:\/\/now-news.de\/de\/wp-content\/uploads\/sites\/3\/2023\/03\/1677973560_General-Keith-Kellogg-und-Jan-Jekielek-diskutieren-auf-der-CPAC.jpg\",\"datePublished\":\"2023-03-04T23:16:52+00:00\",\"dateModified\":\"2023-03-04T23:16:52+00:00\",\"breadcrumb\":{\"@id\":\"https:\/\/now-news.de\/de\/china\/general-keith-kellogg-und-jan-jekielek-diskutieren-auf-der-cpac-2023-ueber-die-bereitschaft-des-us-militaers-und-chinas-bedrohung\/#breadcrumb\"},\"inLanguage\":\"de\",\"potentialAction\":[{\"@type\":\"ReadAction\",\"target\":[\"https:\/\/now-news.de\/de\/china\/general-keith-kellogg-und-jan-jekielek-diskutieren-auf-der-cpac-2023-ueber-die-bereitschaft-des-us-militaers-und-chinas-bedrohung\/\"]}]},{\"@type\":\"ImageObject\",\"inLanguage\":\"de\",\"@id\":\"https:\/\/now-news.de\/de\/china\/general-keith-kellogg-und-jan-jekielek-diskutieren-auf-der-cpac-2023-ueber-die-bereitschaft-des-us-militaers-und-chinas-bedrohung\/#primaryimage\",\"url\":\"https:\/\/now-news.de\/de\/wp-content\/uploads\/sites\/3\/2023\/03\/1677973560_General-Keith-Kellogg-und-Jan-Jekielek-diskutieren-auf-der-CPAC.jpg\",\"contentUrl\":\"https:\/\/now-news.de\/de\/wp-content\/uploads\/sites\/3\/2023\/03\/1677973560_General-Keith-Kellogg-und-Jan-Jekielek-diskutieren-auf-der-CPAC.jpg\",\"width\":1200,\"height\":800},{\"@type\":\"BreadcrumbList\",\"@id\":\"https:\/\/now-news.de\/de\/china\/general-keith-kellogg-und-jan-jekielek-diskutieren-auf-der-cpac-2023-ueber-die-bereitschaft-des-us-militaers-und-chinas-bedrohung\/#breadcrumb\",\"itemListElement\":[{\"@type\":\"ListItem\",\"position\":1,\"name\":\"Home\",\"item\":\"https:\/\/now-news.de\/de\/\"},{\"@type\":\"ListItem\",\"position\":2,\"name\":\"General Keith Kellogg und Jan Jekielek diskutieren auf der CPAC 2023 \u00fcber die Bereitschaft des US-Milit\u00e4rs und Chinas Bedrohung\"}]},{\"@type\":\"WebSite\",\"@id\":\"https:\/\/now-news.de\/de\/#website\",\"url\":\"https:\/\/now-news.de\/de\/\",\"name\":\"just-now.NEWS Deutschland\",\"description\":\"Das Portal f\u00fcr unzensierte Nachrichten aus der Welt\",\"publisher\":{\"@id\":\"https:\/\/now-news.de\/de\/#organization\"},\"potentialAction\":[{\"@type\":\"SearchAction\",\"target\":{\"@type\":\"EntryPoint\",\"urlTemplate\":\"https:\/\/now-news.de\/de\/?s={search_term_string}\"},\"query-input\":\"required name=search_term_string\"}],\"inLanguage\":\"de\"},{\"@type\":\"Organization\",\"@id\":\"https:\/\/now-news.de\/de\/#organization\",\"name\":\"Just Now News\",\"url\":\"https:\/\/now-news.de\/de\/\",\"logo\":{\"@type\":\"ImageObject\",\"inLanguage\":\"de\",\"@id\":\"https:\/\/now-news.de\/de\/#\/schema\/logo\/image\/\",\"url\":\"http:\/\/just-now.news\/de\/wp-content\/uploads\/sites\/3\/2022\/04\/logo500x500.jpg\",\"contentUrl\":\"http:\/\/just-now.news\/de\/wp-content\/uploads\/sites\/3\/2022\/04\/logo500x500.jpg\",\"width\":500,\"height\":500,\"caption\":\"Just Now News\"},\"image\":{\"@id\":\"https:\/\/now-news.de\/de\/#\/schema\/logo\/image\/\"},\"sameAs\":[\"https:\/\/www.facebook.com\/wirmachenauf\",\"https:\/\/x.com\/WirMachenAuf_de\"]},{\"@type\":\"Person\",\"@id\":\"https:\/\/now-news.de\/de\/#\/schema\/person\/c6dfcd35a72a074487761b9d49aef52f\",\"name\":\"epoch\",\"image\":{\"@type\":\"ImageObject\",\"inLanguage\":\"de\",\"@id\":\"https:\/\/now-news.de\/de\/#\/schema\/person\/image\/\",\"url\":\"https:\/\/secure.gravatar.com\/avatar\/56933836307948e61ef581cc4d100335?s=96&d=mm&r=g\",\"contentUrl\":\"https:\/\/secure.gravatar.com\/avatar\/56933836307948e61ef581cc4d100335?s=96&d=mm&r=g\",\"caption\":\"epoch\"},\"url\":\"https:\/\/now-news.de\/de\/author\/epoch\/\"}]}<\/script>\n<!-- \/ Yoast SEO Premium plugin. -->","yoast_head_json":{"title":"General Keith Kellogg und Jan Jekielek diskutieren auf der CPAC 2023 \u00fcber die Bereitschaft des US-Milit\u00e4rs und Chinas Bedrohung - just-now.NEWS Deutschland","robots":{"index":"index","follow":"follow","max-snippet":"max-snippet:-1","max-image-preview":"max-image-preview:large","max-video-preview":"max-video-preview:-1"},"canonical":"https:\/\/now-news.de\/de\/china\/general-keith-kellogg-und-jan-jekielek-diskutieren-auf-der-cpac-2023-ueber-die-bereitschaft-des-us-militaers-und-chinas-bedrohung\/","og_locale":"de_DE","og_type":"article","og_title":"General Keith Kellogg und Jan Jekielek diskutieren auf der CPAC 2023 \u00fcber die Bereitschaft des US-Milit\u00e4rs und Chinas Bedrohung","og_description":"Der leitende Redakteur der Epoch Times, Jan Jekielek, und der Co-Vorsitzende des Center for American Security am America First Policy Institute, General Keith Kellogg, sprachen auf der Konferenz des Conservative Political Action Committee (CPAC) 2023 in Washington DC \u00fcber Probleme, mit denen die Vereinigten Staaten konfrontiert sind Staaten milit\u00e4risch. Jekielek \u00e4u\u00dferte Bedenken hinsichtlich der Bereitschaft [&hellip;]","og_url":"https:\/\/now-news.de\/de\/china\/general-keith-kellogg-und-jan-jekielek-diskutieren-auf-der-cpac-2023-ueber-die-bereitschaft-des-us-militaers-und-chinas-bedrohung\/","og_site_name":"just-now.NEWS Deutschland","article_publisher":"https:\/\/www.facebook.com\/wirmachenauf","article_published_time":"2023-03-04T23:16:52+00:00","og_image":[{"width":1200,"height":800,"url":"https:\/\/now-news.de\/de\/wp-content\/uploads\/sites\/3\/2023\/03\/1677973560_General-Keith-Kellogg-und-Jan-Jekielek-diskutieren-auf-der-CPAC.jpg","type":"image\/jpeg"}],"author":"epoch","twitter_card":"summary_large_image","twitter_creator":"@WirMachenAuf_de","twitter_site":"@WirMachenAuf_de","twitter_misc":{"Verfasst von":"epoch","Gesch\u00e4tzte Lesezeit":"3\u00a0Minuten"},"schema":{"@context":"https:\/\/schema.org","@graph":[{"@type":"Article","@id":"https:\/\/now-news.de\/de\/china\/general-keith-kellogg-und-jan-jekielek-diskutieren-auf-der-cpac-2023-ueber-die-bereitschaft-des-us-militaers-und-chinas-bedrohung\/#article","isPartOf":{"@id":"https:\/\/now-news.de\/de\/china\/general-keith-kellogg-und-jan-jekielek-diskutieren-auf-der-cpac-2023-ueber-die-bereitschaft-des-us-militaers-und-chinas-bedrohung\/"},"author":{"name":"epoch","@id":"https:\/\/now-news.de\/de\/#\/schema\/person\/c6dfcd35a72a074487761b9d49aef52f"},"headline":"General Keith Kellogg und Jan Jekielek diskutieren auf der CPAC 2023 \u00fcber die Bereitschaft des US-Milit\u00e4rs und Chinas Bedrohung","datePublished":"2023-03-04T23:16:52+00:00","dateModified":"2023-03-04T23:16:52+00:00","mainEntityOfPage":{"@id":"https:\/\/now-news.de\/de\/china\/general-keith-kellogg-und-jan-jekielek-diskutieren-auf-der-cpac-2023-ueber-die-bereitschaft-des-us-militaers-und-chinas-bedrohung\/"},"wordCount":598,"commentCount":0,"publisher":{"@id":"https:\/\/now-news.de\/de\/#organization"},"image":{"@id":"https:\/\/now-news.de\/de\/china\/general-keith-kellogg-und-jan-jekielek-diskutieren-auf-der-cpac-2023-ueber-die-bereitschaft-des-us-militaers-und-chinas-bedrohung\/#primaryimage"},"thumbnailUrl":"https:\/\/now-news.de\/de\/wp-content\/uploads\/sites\/3\/2023\/03\/1677973560_General-Keith-Kellogg-und-Jan-Jekielek-diskutieren-auf-der-CPAC.jpg","keywords":["AUF","bedrohung","Bereitschaft","Chinas","CPAC","der","des","die","diskutieren","General","Jan","Jekielek","Keith","Kellogg","\u00fcber","und","USMilit\u00e4rs"],"articleSection":["China"],"inLanguage":"de","potentialAction":[{"@type":"CommentAction","name":"Comment","target":["https:\/\/now-news.de\/de\/china\/general-keith-kellogg-und-jan-jekielek-diskutieren-auf-der-cpac-2023-ueber-die-bereitschaft-des-us-militaers-und-chinas-bedrohung\/#respond"]}]},{"@type":"WebPage","@id":"https:\/\/now-news.de\/de\/china\/general-keith-kellogg-und-jan-jekielek-diskutieren-auf-der-cpac-2023-ueber-die-bereitschaft-des-us-militaers-und-chinas-bedrohung\/","url":"https:\/\/now-news.de\/de\/china\/general-keith-kellogg-und-jan-jekielek-diskutieren-auf-der-cpac-2023-ueber-die-bereitschaft-des-us-militaers-und-chinas-bedrohung\/","name":"General Keith Kellogg und Jan Jekielek diskutieren auf der CPAC 2023 \u00fcber die Bereitschaft des US-Milit\u00e4rs und Chinas Bedrohung - just-now.NEWS Deutschland","isPartOf":{"@id":"https:\/\/now-news.de\/de\/#website"},"primaryImageOfPage":{"@id":"https:\/\/now-news.de\/de\/china\/general-keith-kellogg-und-jan-jekielek-diskutieren-auf-der-cpac-2023-ueber-die-bereitschaft-des-us-militaers-und-chinas-bedrohung\/#primaryimage"},"image":{"@id":"https:\/\/now-news.de\/de\/china\/general-keith-kellogg-und-jan-jekielek-diskutieren-auf-der-cpac-2023-ueber-die-bereitschaft-des-us-militaers-und-chinas-bedrohung\/#primaryimage"},"thumbnailUrl":"https:\/\/now-news.de\/de\/wp-content\/uploads\/sites\/3\/2023\/03\/1677973560_General-Keith-Kellogg-und-Jan-Jekielek-diskutieren-auf-der-CPAC.jpg","datePublished":"2023-03-04T23:16:52+00:00","dateModified":"2023-03-04T23:16:52+00:00","breadcrumb":{"@id":"https:\/\/now-news.de\/de\/china\/general-keith-kellogg-und-jan-jekielek-diskutieren-auf-der-cpac-2023-ueber-die-bereitschaft-des-us-militaers-und-chinas-bedrohung\/#breadcrumb"},"inLanguage":"de","potentialAction":[{"@type":"ReadAction","target":["https:\/\/now-news.de\/de\/china\/general-keith-kellogg-und-jan-jekielek-diskutieren-auf-der-cpac-2023-ueber-die-bereitschaft-des-us-militaers-und-chinas-bedrohung\/"]}]},{"@type":"ImageObject","inLanguage":"de","@id":"https:\/\/now-news.de\/de\/china\/general-keith-kellogg-und-jan-jekielek-diskutieren-auf-der-cpac-2023-ueber-die-bereitschaft-des-us-militaers-und-chinas-bedrohung\/#primaryimage","url":"https:\/\/now-news.de\/de\/wp-content\/uploads\/sites\/3\/2023\/03\/1677973560_General-Keith-Kellogg-und-Jan-Jekielek-diskutieren-auf-der-CPAC.jpg","contentUrl":"https:\/\/now-news.de\/de\/wp-content\/uploads\/sites\/3\/2023\/03\/1677973560_General-Keith-Kellogg-und-Jan-Jekielek-diskutieren-auf-der-CPAC.jpg","width":1200,"height":800},{"@type":"BreadcrumbList","@id":"https:\/\/now-news.de\/de\/china\/general-keith-kellogg-und-jan-jekielek-diskutieren-auf-der-cpac-2023-ueber-die-bereitschaft-des-us-militaers-und-chinas-bedrohung\/#breadcrumb","itemListElement":[{"@type":"ListItem","position":1,"name":"Home","item":"https:\/\/now-news.de\/de\/"},{"@type":"ListItem","position":2,"name":"General Keith Kellogg und Jan Jekielek diskutieren auf der CPAC 2023 \u00fcber die Bereitschaft des US-Milit\u00e4rs und Chinas Bedrohung"}]},{"@type":"WebSite","@id":"https:\/\/now-news.de\/de\/#website","url":"https:\/\/now-news.de\/de\/","name":"just-now.NEWS Deutschland","description":"Das Portal f\u00fcr unzensierte Nachrichten aus der Welt","publisher":{"@id":"https:\/\/now-news.de\/de\/#organization"},"potentialAction":[{"@type":"SearchAction","target":{"@type":"EntryPoint","urlTemplate":"https:\/\/now-news.de\/de\/?s={search_term_string}"},"query-input":"required name=search_term_string"}],"inLanguage":"de"},{"@type":"Organization","@id":"https:\/\/now-news.de\/de\/#organization","name":"Just Now News","url":"https:\/\/now-news.de\/de\/","logo":{"@type":"ImageObject","inLanguage":"de","@id":"https:\/\/now-news.de\/de\/#\/schema\/logo\/image\/","url":"http:\/\/just-now.news\/de\/wp-content\/uploads\/sites\/3\/2022\/04\/logo500x500.jpg","contentUrl":"http:\/\/just-now.news\/de\/wp-content\/uploads\/sites\/3\/2022\/04\/logo500x500.jpg","width":500,"height":500,"caption":"Just Now News"},"image":{"@id":"https:\/\/now-news.de\/de\/#\/schema\/logo\/image\/"},"sameAs":["https:\/\/www.facebook.com\/wirmachenauf","https:\/\/x.com\/WirMachenAuf_de"]},{"@type":"Person","@id":"https:\/\/now-news.de\/de\/#\/schema\/person\/c6dfcd35a72a074487761b9d49aef52f","name":"epoch","image":{"@type":"ImageObject","inLanguage":"de","@id":"https:\/\/now-news.de\/de\/#\/schema\/person\/image\/","url":"https:\/\/secure.gravatar.com\/avatar\/56933836307948e61ef581cc4d100335?s=96&d=mm&r=g","contentUrl":"https:\/\/secure.gravatar.com\/avatar\/56933836307948e61ef581cc4d100335?s=96&d=mm&r=g","caption":"epoch"},"url":"https:\/\/now-news.de\/de\/author\/epoch\/"}]}},"_links":{"self":[{"href":"https:\/\/now-news.de\/de\/wp-json\/wp\/v2\/posts\/31572"}],"collection":[{"href":"https:\/\/now-news.de\/de\/wp-json\/wp\/v2\/posts"}],"about":[{"href":"https:\/\/now-news.de\/de\/wp-json\/wp\/v2\/types\/post"}],"author":[{"embeddable":true,"href":"https:\/\/now-news.de\/de\/wp-json\/wp\/v2\/users\/6"}],"replies":[{"embeddable":true,"href":"https:\/\/now-news.de\/de\/wp-json\/wp\/v2\/comments?post=31572"}],"version-history":[{"count":0,"href":"https:\/\/now-news.de\/de\/wp-json\/wp\/v2\/posts\/31572\/revisions"}],"wp:featuredmedia":[{"embeddable":true,"href":"https:\/\/now-news.de\/de\/wp-json\/wp\/v2\/media\/31573"}],"wp:attachment":[{"href":"https:\/\/now-news.de\/de\/wp-json\/wp\/v2\/media?parent=31572"}],"wp:term":[{"taxonomy":"category","embeddable":true,"href":"https:\/\/now-news.de\/de\/wp-json\/wp\/v2\/categories?post=31572"},{"taxonomy":"post_tag","embeddable":true,"href":"https:\/\/now-news.de\/de\/wp-json\/wp\/v2\/tags?post=31572"}],"curies":[{"name":"wp","href":"https:\/\/api.w.org\/{rel}","templated":true}]}}