{"id":31568,"date":"2023-03-04T21:55:21","date_gmt":"2023-03-04T19:55:21","guid":{"rendered":"https:\/\/just-now.news\/de\/deutschland\/lafontaine-russland-will-kein-messer-am-hals\/"},"modified":"2023-03-04T21:55:21","modified_gmt":"2023-03-04T19:55:21","slug":"lafontaine-russland-will-kein-messer-am-hals","status":"publish","type":"post","link":"https:\/\/now-news.de\/de\/deutschland\/lafontaine-russland-will-kein-messer-am-hals\/","title":{"rendered":"Lafontaine: &quot;Russland will kein Messer am Hals&quot;"},"content":{"rendered":"<p><img decoding=\"async\" src=\"http:\/\/just-now.news\/de\/wp-content\/uploads\/sites\/3\/2023\/03\/64039014b480cc0bb54a16e2.jpg\" \/><\/p>\n<div class=\"Text-root Text-type_1 \">\n                Der ehemalige Partei- und Fraktionsvorsitzende der Linken Oskar Lafontaine hat ein Eintreten f\u00fcr Friedensverhandlungen verteidigt. Er erinnerte an die Kubakrise, die nur hatte gel\u00f6st werden k\u00f6nnen, weil die Sicherheitsinteressen beider Seiten gesehen worden waren.\n            <\/div>\n<p><\/p>\n<div class=\"Text-root Text-type_5 ArticleView-text ViewText-root \">\n<p>Diejenigen, die f\u00fcr einen Waffenstillstand und Friedensverhandlungen in der Ukraine eintreten, werden von verlogenen Kriegshetzern verleumdet, erkl\u00e4rte Oskar Lafontaine in einem Post auf Facebook. Damit reagierte er auf Angriffe gegen seine Frau Sahra Wagenknecht, weil diese in einer Talkshow auf Behauptungen, Russland begehe in der Ukraine Kriegsverbrechen, mit Verweis auf die UNO gesagt hatte, das t\u00e4ten beide Seiten.<\/p>\n<p>Dabei sind auch die Aussagen der UNO nicht wirklich verl\u00e4sslich, weil dort ungepr\u00fcft ukrainische Angaben \u00fcbernommen werden und die ehemalige Menschenrechtsbeauftragte Ljudmila Denisowa, die im vergangenen Jahr die Geschichte von systematischen Vergewaltigungen ukrainischer Frauen in die Welt gesetzt hatte, eingestanden hat, sie erfunden zu haben. Aber gleich, ob Wagenknecht selbst diesen Angaben vertraut oder sie nur verwendet hat, weil sie davon ausging, dass sie akzeptiert w\u00fcrden: Der Moderator der Sendung erkl\u00e4rte diese Aussage f\u00fcr falsch, und der CDU-Vorsitzende Friedrich Merz warf ihr im Bundestag vor, &#8220;zynisch&#8221;, &#8220;menschenverachtend&#8221;, &#8220;niedertr\u00e4chtig&#8221; und &#8220;besch\u00e4mend f\u00fcr unser ganzes Land&#8221; gesprochen zu haben. Der <em>WDR<\/em> musste inzwischen zumindest eingestehen, dass die Aussagen der UNO so lauten, wie Wagenknecht sie zitiert hatte.<\/p>\n<p>Aber Lafontaine befasste sich auch mit den neuesten Aussagen von Olaf Scholz in seiner Regierungserkl\u00e4rung zu &#8220;einem Jahr Zeitenwende&#8221;. In der dieser hatte Scholz erkl\u00e4rt, die Ukraine lehne Verhandlungen ab, weil sich &#8220;mit der Waffe an der Schl\u00e4fe&#8221; nicht verhandeln lasse. Scholz unterst\u00fctzte damit die Kiewer Vorstellung, erst dann verhandeln zu wollen, wenn sich alle russischen Truppen aus allen Gebieten zur\u00fcckz\u00f6gen, die Kiew als ukrainisch beansprucht.<\/p>\n<p>Russland f\u00fchre Krieg, so Lafontaine, &#8220;weil es kein Messer am Hals haben will&#8221;. Dabei verwies er auf den bekannten historischen Parallelfall, die Kubakrise. Damals hatte die Sowjetunion als Antwort auf in der T\u00fcrkei stationierte US-Raketen nukleare Raketen auf Kuba stationiert.<\/p>\n<blockquote>\n<p><em>&#8220;Das Messer am Hals sind Raketen, die in f\u00fcnf Minuten Moskau oder Washington zerst\u00f6ren k\u00f6nnen. Weil die USA kein Messer am Hals, sprich: keine Raketen auf Kuba haben wollten, drohte Washington mit einem Atomkrieg. Weil Russland kein Messer am Hals haben wollte, droht Moskau seit vielen Jahren mit Krieg, weil Washington wie in Polen und Rum\u00e4nien auch in der Ukraine Raketenbasen errichten will mit f\u00fcnf Minuten Flugzeit.&#8221;<\/em><\/p>\n<\/blockquote>\n<p>Die Kubakrise war einer der gef\u00e4hrlichsten Momente des Kalten Krieges. Sie war letztlich durch Verhandlungen gel\u00f6st worden, die zum R\u00fcckzug der Raketen beider Atomm\u00e4chte gef\u00fchrt hatten. Lafontaine wundert sich, dass die \u00c4hnlichkeit der beiden Ausgangslagen nicht diskutiert wird.<\/p>\n<blockquote>\n<p><em>&#8220;Zu diesem alles entscheidenden Punkt sagen die Kriegstreiber in Politik und Medien nichts, weil ihnen die Argumente fehlen. Und sie hetzen gegen alle, die f\u00fcr Waffenstillstand und Friedensverhandlungen eintreten und daf\u00fcr werben, auch die russischen Sicherheitsinteressen zu ber\u00fccksichtigen.&#8221;<\/em><\/p>\n<\/blockquote>\n<p><strong>Mehr zum Thema<\/strong> &#8211; <a rel=\"nofollow noopener\" target=\"_blank\" href=\"https:\/\/freeassange.rtde.live\/inland\/164451-sahra-wagenknecht-will-nicht-mehr\/\">Sahra Wagenknecht will nicht mehr f\u00fcr Die LINKE kandidieren <\/a><\/p>\n<\/p>\n<\/div>\n<p><br \/>\n<br \/><a href=\"https:\/\/de.rt.com\/inland\/164531-lafontaine-russland-will-kein-messer\/\">Source link <\/a><\/p>\n","protected":false},"excerpt":{"rendered":"<p>Der ehemalige Partei- und Fraktionsvorsitzende der Linken Oskar Lafontaine hat ein Eintreten f\u00fcr Friedensverhandlungen verteidigt. Er erinnerte an die Kubakrise, die nur hatte gel\u00f6st werden k\u00f6nnen, weil die Sicherheitsinteressen beider Seiten gesehen worden waren. Diejenigen, die f\u00fcr einen Waffenstillstand und Friedensverhandlungen in der Ukraine eintreten, werden von verlogenen Kriegshetzern verleumdet, erkl\u00e4rte Oskar Lafontaine in einem [&hellip;]<\/p>\n","protected":false},"author":3,"featured_media":31569,"comment_status":"open","ping_status":"open","sticky":false,"template":"","format":"standard","meta":{"_yoast_indexnow_last_ping":["1677959875"],"wp_automatic_camp":["217"],"542790a92b0438bafd37d6c63ab71a70":["Lafontaine: &quot;Russland will kein Messer am Hals&quot;"],"original_link":["https:\/\/de.rt.com\/inland\/164531-lafontaine-russland-will-kein-messer\/"],"_thumbnail_id":["31569"],"_wptgpro_p2tg_sent2tg":["a:1:{i:23737;s:19:\"2023-03-04 21:58:56\";}"],"jnews_social_counter_last_update":["1777012335"]},"categories":[19,23],"tags":[41541,2030,16010,19109,22403],"yoast_head":"<!-- This site is optimized with the Yoast SEO Premium plugin v22.7 (Yoast SEO v22.7) - https:\/\/yoast.com\/wordpress\/plugins\/seo\/ -->\n<title>Lafontaine: &quot;Russland will kein Messer am Hals&quot; - just-now.NEWS Deutschland<\/title>\n<meta name=\"robots\" content=\"index, follow, max-snippet:-1, max-image-preview:large, max-video-preview:-1\" \/>\n<link rel=\"canonical\" href=\"https:\/\/now-news.de\/de\/deutschland\/lafontaine-russland-will-kein-messer-am-hals\/\" \/>\n<meta property=\"og:locale\" content=\"de_DE\" \/>\n<meta property=\"og:type\" content=\"article\" \/>\n<meta property=\"og:title\" content=\"Lafontaine: &quot;Russland will kein Messer am Hals&quot;\" \/>\n<meta property=\"og:description\" content=\"Der ehemalige Partei- und Fraktionsvorsitzende der Linken Oskar Lafontaine hat ein Eintreten f\u00fcr Friedensverhandlungen verteidigt. Er erinnerte an die Kubakrise, die nur hatte gel\u00f6st werden k\u00f6nnen, weil die Sicherheitsinteressen beider Seiten gesehen worden waren. Diejenigen, die f\u00fcr einen Waffenstillstand und Friedensverhandlungen in der Ukraine eintreten, werden von verlogenen Kriegshetzern verleumdet, erkl\u00e4rte Oskar Lafontaine in einem [&hellip;]\" \/>\n<meta property=\"og:url\" content=\"https:\/\/now-news.de\/de\/deutschland\/lafontaine-russland-will-kein-messer-am-hals\/\" \/>\n<meta property=\"og:site_name\" content=\"just-now.NEWS Deutschland\" \/>\n<meta property=\"article:publisher\" content=\"https:\/\/www.facebook.com\/wirmachenauf\" \/>\n<meta property=\"article:published_time\" content=\"2023-03-04T19:55:21+00:00\" \/>\n<meta property=\"og:image\" content=\"https:\/\/now-news.de\/de\/wp-content\/uploads\/sites\/3\/2023\/03\/Lafontaine-quotRussland-will-kein-Messer-am-Halsquot.jpg\" \/>\n\t<meta property=\"og:image:width\" content=\"460\" \/>\n\t<meta property=\"og:image:height\" content=\"259\" \/>\n\t<meta property=\"og:image:type\" content=\"image\/jpeg\" \/>\n<meta name=\"author\" content=\"rtnews\" \/>\n<meta name=\"twitter:card\" content=\"summary_large_image\" \/>\n<meta name=\"twitter:creator\" content=\"@WirMachenAuf_de\" \/>\n<meta name=\"twitter:site\" content=\"@WirMachenAuf_de\" \/>\n<meta name=\"twitter:label1\" content=\"Verfasst von\" \/>\n\t<meta name=\"twitter:data1\" content=\"rtnews\" \/>\n\t<meta name=\"twitter:label2\" content=\"Gesch\u00e4tzte Lesezeit\" \/>\n\t<meta name=\"twitter:data2\" content=\"3\u00a0Minuten\" \/>\n<script type=\"application\/ld+json\" class=\"yoast-schema-graph\">{\"@context\":\"https:\/\/schema.org\",\"@graph\":[{\"@type\":\"Article\",\"@id\":\"https:\/\/now-news.de\/de\/deutschland\/lafontaine-russland-will-kein-messer-am-hals\/#article\",\"isPartOf\":{\"@id\":\"https:\/\/now-news.de\/de\/deutschland\/lafontaine-russland-will-kein-messer-am-hals\/\"},\"author\":{\"name\":\"rtnews\",\"@id\":\"https:\/\/now-news.de\/de\/#\/schema\/person\/fb534a4e865501d8b3285208df34a9b5\"},\"headline\":\"Lafontaine: &quot;Russland will kein Messer am Hals&quot;\",\"datePublished\":\"2023-03-04T19:55:21+00:00\",\"dateModified\":\"2023-03-04T19:55:21+00:00\",\"mainEntityOfPage\":{\"@id\":\"https:\/\/now-news.de\/de\/deutschland\/lafontaine-russland-will-kein-messer-am-hals\/\"},\"wordCount\":517,\"commentCount\":0,\"publisher\":{\"@id\":\"https:\/\/now-news.de\/de\/#organization\"},\"image\":{\"@id\":\"https:\/\/now-news.de\/de\/deutschland\/lafontaine-russland-will-kein-messer-am-hals\/#primaryimage\"},\"thumbnailUrl\":\"https:\/\/now-news.de\/de\/wp-content\/uploads\/sites\/3\/2023\/03\/Lafontaine-quotRussland-will-kein-Messer-am-Halsquot.jpg\",\"keywords\":[\"Halsquot\",\"Kein\",\"Lafontaine\",\"Messer\",\"quotRussland\"],\"articleSection\":[\"Deutschland\",\"Russland\"],\"inLanguage\":\"de\",\"potentialAction\":[{\"@type\":\"CommentAction\",\"name\":\"Comment\",\"target\":[\"https:\/\/now-news.de\/de\/deutschland\/lafontaine-russland-will-kein-messer-am-hals\/#respond\"]}]},{\"@type\":\"WebPage\",\"@id\":\"https:\/\/now-news.de\/de\/deutschland\/lafontaine-russland-will-kein-messer-am-hals\/\",\"url\":\"https:\/\/now-news.de\/de\/deutschland\/lafontaine-russland-will-kein-messer-am-hals\/\",\"name\":\"Lafontaine: &quot;Russland will kein Messer am Hals&quot; - just-now.NEWS Deutschland\",\"isPartOf\":{\"@id\":\"https:\/\/now-news.de\/de\/#website\"},\"primaryImageOfPage\":{\"@id\":\"https:\/\/now-news.de\/de\/deutschland\/lafontaine-russland-will-kein-messer-am-hals\/#primaryimage\"},\"image\":{\"@id\":\"https:\/\/now-news.de\/de\/deutschland\/lafontaine-russland-will-kein-messer-am-hals\/#primaryimage\"},\"thumbnailUrl\":\"https:\/\/now-news.de\/de\/wp-content\/uploads\/sites\/3\/2023\/03\/Lafontaine-quotRussland-will-kein-Messer-am-Halsquot.jpg\",\"datePublished\":\"2023-03-04T19:55:21+00:00\",\"dateModified\":\"2023-03-04T19:55:21+00:00\",\"breadcrumb\":{\"@id\":\"https:\/\/now-news.de\/de\/deutschland\/lafontaine-russland-will-kein-messer-am-hals\/#breadcrumb\"},\"inLanguage\":\"de\",\"potentialAction\":[{\"@type\":\"ReadAction\",\"target\":[\"https:\/\/now-news.de\/de\/deutschland\/lafontaine-russland-will-kein-messer-am-hals\/\"]}]},{\"@type\":\"ImageObject\",\"inLanguage\":\"de\",\"@id\":\"https:\/\/now-news.de\/de\/deutschland\/lafontaine-russland-will-kein-messer-am-hals\/#primaryimage\",\"url\":\"https:\/\/now-news.de\/de\/wp-content\/uploads\/sites\/3\/2023\/03\/Lafontaine-quotRussland-will-kein-Messer-am-Halsquot.jpg\",\"contentUrl\":\"https:\/\/now-news.de\/de\/wp-content\/uploads\/sites\/3\/2023\/03\/Lafontaine-quotRussland-will-kein-Messer-am-Halsquot.jpg\",\"width\":460,\"height\":259,\"caption\":\"Lafontaine: &quot;Russland will kein Messer am Hals&quot;\"},{\"@type\":\"BreadcrumbList\",\"@id\":\"https:\/\/now-news.de\/de\/deutschland\/lafontaine-russland-will-kein-messer-am-hals\/#breadcrumb\",\"itemListElement\":[{\"@type\":\"ListItem\",\"position\":1,\"name\":\"Home\",\"item\":\"https:\/\/now-news.de\/de\/\"},{\"@type\":\"ListItem\",\"position\":2,\"name\":\"Lafontaine: &quot;Russland will kein Messer am Hals&quot;\"}]},{\"@type\":\"WebSite\",\"@id\":\"https:\/\/now-news.de\/de\/#website\",\"url\":\"https:\/\/now-news.de\/de\/\",\"name\":\"just-now.NEWS Deutschland\",\"description\":\"Das Portal f\u00fcr unzensierte Nachrichten aus der Welt\",\"publisher\":{\"@id\":\"https:\/\/now-news.de\/de\/#organization\"},\"potentialAction\":[{\"@type\":\"SearchAction\",\"target\":{\"@type\":\"EntryPoint\",\"urlTemplate\":\"https:\/\/now-news.de\/de\/?s={search_term_string}\"},\"query-input\":\"required name=search_term_string\"}],\"inLanguage\":\"de\"},{\"@type\":\"Organization\",\"@id\":\"https:\/\/now-news.de\/de\/#organization\",\"name\":\"Just Now News\",\"url\":\"https:\/\/now-news.de\/de\/\",\"logo\":{\"@type\":\"ImageObject\",\"inLanguage\":\"de\",\"@id\":\"https:\/\/now-news.de\/de\/#\/schema\/logo\/image\/\",\"url\":\"http:\/\/just-now.news\/de\/wp-content\/uploads\/sites\/3\/2022\/04\/logo500x500.jpg\",\"contentUrl\":\"http:\/\/just-now.news\/de\/wp-content\/uploads\/sites\/3\/2022\/04\/logo500x500.jpg\",\"width\":500,\"height\":500,\"caption\":\"Just Now News\"},\"image\":{\"@id\":\"https:\/\/now-news.de\/de\/#\/schema\/logo\/image\/\"},\"sameAs\":[\"https:\/\/www.facebook.com\/wirmachenauf\",\"https:\/\/x.com\/WirMachenAuf_de\"]},{\"@type\":\"Person\",\"@id\":\"https:\/\/now-news.de\/de\/#\/schema\/person\/fb534a4e865501d8b3285208df34a9b5\",\"name\":\"rtnews\",\"image\":{\"@type\":\"ImageObject\",\"inLanguage\":\"de\",\"@id\":\"https:\/\/now-news.de\/de\/#\/schema\/person\/image\/\",\"url\":\"https:\/\/secure.gravatar.com\/avatar\/82aafea7d8127119dd649515f56e2117?s=96&d=mm&r=g\",\"contentUrl\":\"https:\/\/secure.gravatar.com\/avatar\/82aafea7d8127119dd649515f56e2117?s=96&d=mm&r=g\",\"caption\":\"rtnews\"},\"url\":\"https:\/\/now-news.de\/de\/author\/rnews\/\"}]}<\/script>\n<!-- \/ Yoast SEO Premium plugin. -->","yoast_head_json":{"title":"Lafontaine: &quot;Russland will kein Messer am Hals&quot; - just-now.NEWS Deutschland","robots":{"index":"index","follow":"follow","max-snippet":"max-snippet:-1","max-image-preview":"max-image-preview:large","max-video-preview":"max-video-preview:-1"},"canonical":"https:\/\/now-news.de\/de\/deutschland\/lafontaine-russland-will-kein-messer-am-hals\/","og_locale":"de_DE","og_type":"article","og_title":"Lafontaine: &quot;Russland will kein Messer am Hals&quot;","og_description":"Der ehemalige Partei- und Fraktionsvorsitzende der Linken Oskar Lafontaine hat ein Eintreten f\u00fcr Friedensverhandlungen verteidigt. Er erinnerte an die Kubakrise, die nur hatte gel\u00f6st werden k\u00f6nnen, weil die Sicherheitsinteressen beider Seiten gesehen worden waren. Diejenigen, die f\u00fcr einen Waffenstillstand und Friedensverhandlungen in der Ukraine eintreten, werden von verlogenen Kriegshetzern verleumdet, erkl\u00e4rte Oskar Lafontaine in einem [&hellip;]","og_url":"https:\/\/now-news.de\/de\/deutschland\/lafontaine-russland-will-kein-messer-am-hals\/","og_site_name":"just-now.NEWS Deutschland","article_publisher":"https:\/\/www.facebook.com\/wirmachenauf","article_published_time":"2023-03-04T19:55:21+00:00","og_image":[{"width":460,"height":259,"url":"https:\/\/now-news.de\/de\/wp-content\/uploads\/sites\/3\/2023\/03\/Lafontaine-quotRussland-will-kein-Messer-am-Halsquot.jpg","type":"image\/jpeg"}],"author":"rtnews","twitter_card":"summary_large_image","twitter_creator":"@WirMachenAuf_de","twitter_site":"@WirMachenAuf_de","twitter_misc":{"Verfasst von":"rtnews","Gesch\u00e4tzte Lesezeit":"3\u00a0Minuten"},"schema":{"@context":"https:\/\/schema.org","@graph":[{"@type":"Article","@id":"https:\/\/now-news.de\/de\/deutschland\/lafontaine-russland-will-kein-messer-am-hals\/#article","isPartOf":{"@id":"https:\/\/now-news.de\/de\/deutschland\/lafontaine-russland-will-kein-messer-am-hals\/"},"author":{"name":"rtnews","@id":"https:\/\/now-news.de\/de\/#\/schema\/person\/fb534a4e865501d8b3285208df34a9b5"},"headline":"Lafontaine: &quot;Russland will kein Messer am Hals&quot;","datePublished":"2023-03-04T19:55:21+00:00","dateModified":"2023-03-04T19:55:21+00:00","mainEntityOfPage":{"@id":"https:\/\/now-news.de\/de\/deutschland\/lafontaine-russland-will-kein-messer-am-hals\/"},"wordCount":517,"commentCount":0,"publisher":{"@id":"https:\/\/now-news.de\/de\/#organization"},"image":{"@id":"https:\/\/now-news.de\/de\/deutschland\/lafontaine-russland-will-kein-messer-am-hals\/#primaryimage"},"thumbnailUrl":"https:\/\/now-news.de\/de\/wp-content\/uploads\/sites\/3\/2023\/03\/Lafontaine-quotRussland-will-kein-Messer-am-Halsquot.jpg","keywords":["Halsquot","Kein","Lafontaine","Messer","quotRussland"],"articleSection":["Deutschland","Russland"],"inLanguage":"de","potentialAction":[{"@type":"CommentAction","name":"Comment","target":["https:\/\/now-news.de\/de\/deutschland\/lafontaine-russland-will-kein-messer-am-hals\/#respond"]}]},{"@type":"WebPage","@id":"https:\/\/now-news.de\/de\/deutschland\/lafontaine-russland-will-kein-messer-am-hals\/","url":"https:\/\/now-news.de\/de\/deutschland\/lafontaine-russland-will-kein-messer-am-hals\/","name":"Lafontaine: &quot;Russland will kein Messer am Hals&quot; - just-now.NEWS Deutschland","isPartOf":{"@id":"https:\/\/now-news.de\/de\/#website"},"primaryImageOfPage":{"@id":"https:\/\/now-news.de\/de\/deutschland\/lafontaine-russland-will-kein-messer-am-hals\/#primaryimage"},"image":{"@id":"https:\/\/now-news.de\/de\/deutschland\/lafontaine-russland-will-kein-messer-am-hals\/#primaryimage"},"thumbnailUrl":"https:\/\/now-news.de\/de\/wp-content\/uploads\/sites\/3\/2023\/03\/Lafontaine-quotRussland-will-kein-Messer-am-Halsquot.jpg","datePublished":"2023-03-04T19:55:21+00:00","dateModified":"2023-03-04T19:55:21+00:00","breadcrumb":{"@id":"https:\/\/now-news.de\/de\/deutschland\/lafontaine-russland-will-kein-messer-am-hals\/#breadcrumb"},"inLanguage":"de","potentialAction":[{"@type":"ReadAction","target":["https:\/\/now-news.de\/de\/deutschland\/lafontaine-russland-will-kein-messer-am-hals\/"]}]},{"@type":"ImageObject","inLanguage":"de","@id":"https:\/\/now-news.de\/de\/deutschland\/lafontaine-russland-will-kein-messer-am-hals\/#primaryimage","url":"https:\/\/now-news.de\/de\/wp-content\/uploads\/sites\/3\/2023\/03\/Lafontaine-quotRussland-will-kein-Messer-am-Halsquot.jpg","contentUrl":"https:\/\/now-news.de\/de\/wp-content\/uploads\/sites\/3\/2023\/03\/Lafontaine-quotRussland-will-kein-Messer-am-Halsquot.jpg","width":460,"height":259,"caption":"Lafontaine: &quot;Russland will kein Messer am Hals&quot;"},{"@type":"BreadcrumbList","@id":"https:\/\/now-news.de\/de\/deutschland\/lafontaine-russland-will-kein-messer-am-hals\/#breadcrumb","itemListElement":[{"@type":"ListItem","position":1,"name":"Home","item":"https:\/\/now-news.de\/de\/"},{"@type":"ListItem","position":2,"name":"Lafontaine: &quot;Russland will kein Messer am Hals&quot;"}]},{"@type":"WebSite","@id":"https:\/\/now-news.de\/de\/#website","url":"https:\/\/now-news.de\/de\/","name":"just-now.NEWS Deutschland","description":"Das Portal f\u00fcr unzensierte Nachrichten aus der Welt","publisher":{"@id":"https:\/\/now-news.de\/de\/#organization"},"potentialAction":[{"@type":"SearchAction","target":{"@type":"EntryPoint","urlTemplate":"https:\/\/now-news.de\/de\/?s={search_term_string}"},"query-input":"required name=search_term_string"}],"inLanguage":"de"},{"@type":"Organization","@id":"https:\/\/now-news.de\/de\/#organization","name":"Just Now News","url":"https:\/\/now-news.de\/de\/","logo":{"@type":"ImageObject","inLanguage":"de","@id":"https:\/\/now-news.de\/de\/#\/schema\/logo\/image\/","url":"http:\/\/just-now.news\/de\/wp-content\/uploads\/sites\/3\/2022\/04\/logo500x500.jpg","contentUrl":"http:\/\/just-now.news\/de\/wp-content\/uploads\/sites\/3\/2022\/04\/logo500x500.jpg","width":500,"height":500,"caption":"Just Now News"},"image":{"@id":"https:\/\/now-news.de\/de\/#\/schema\/logo\/image\/"},"sameAs":["https:\/\/www.facebook.com\/wirmachenauf","https:\/\/x.com\/WirMachenAuf_de"]},{"@type":"Person","@id":"https:\/\/now-news.de\/de\/#\/schema\/person\/fb534a4e865501d8b3285208df34a9b5","name":"rtnews","image":{"@type":"ImageObject","inLanguage":"de","@id":"https:\/\/now-news.de\/de\/#\/schema\/person\/image\/","url":"https:\/\/secure.gravatar.com\/avatar\/82aafea7d8127119dd649515f56e2117?s=96&d=mm&r=g","contentUrl":"https:\/\/secure.gravatar.com\/avatar\/82aafea7d8127119dd649515f56e2117?s=96&d=mm&r=g","caption":"rtnews"},"url":"https:\/\/now-news.de\/de\/author\/rnews\/"}]}},"_links":{"self":[{"href":"https:\/\/now-news.de\/de\/wp-json\/wp\/v2\/posts\/31568"}],"collection":[{"href":"https:\/\/now-news.de\/de\/wp-json\/wp\/v2\/posts"}],"about":[{"href":"https:\/\/now-news.de\/de\/wp-json\/wp\/v2\/types\/post"}],"author":[{"embeddable":true,"href":"https:\/\/now-news.de\/de\/wp-json\/wp\/v2\/users\/3"}],"replies":[{"embeddable":true,"href":"https:\/\/now-news.de\/de\/wp-json\/wp\/v2\/comments?post=31568"}],"version-history":[{"count":0,"href":"https:\/\/now-news.de\/de\/wp-json\/wp\/v2\/posts\/31568\/revisions"}],"wp:featuredmedia":[{"embeddable":true,"href":"https:\/\/now-news.de\/de\/wp-json\/wp\/v2\/media\/31569"}],"wp:attachment":[{"href":"https:\/\/now-news.de\/de\/wp-json\/wp\/v2\/media?parent=31568"}],"wp:term":[{"taxonomy":"category","embeddable":true,"href":"https:\/\/now-news.de\/de\/wp-json\/wp\/v2\/categories?post=31568"},{"taxonomy":"post_tag","embeddable":true,"href":"https:\/\/now-news.de\/de\/wp-json\/wp\/v2\/tags?post=31568"}],"curies":[{"name":"wp","href":"https:\/\/api.w.org\/{rel}","templated":true}]}}