{"id":31554,"date":"2023-03-04T18:30:31","date_gmt":"2023-03-04T16:30:31","guid":{"rendered":"https:\/\/just-now.news\/de\/deutschland\/widerstand-wir-machen-das-nicht-aus-spass\/"},"modified":"2023-03-04T18:30:31","modified_gmt":"2023-03-04T16:30:31","slug":"widerstand-wir-machen-das-nicht-aus-spass","status":"publish","type":"post","link":"https:\/\/now-news.de\/de\/deutschland\/widerstand-wir-machen-das-nicht-aus-spass\/","title":{"rendered":"Widerstand: Wir machen das nicht aus Spa\u00df!"},"content":{"rendered":"<p><img decoding=\"async\" src=\"http:\/\/just-now.news\/de\/wp-content\/uploads\/sites\/3\/2023\/03\/640331bab480cc0aa92dfa63.jpg\" \/><\/p>\n<div class=\"Text-root Text-type_1 \">\n                Auf die Stra\u00dfe gehen f\u00fcr den Frieden und sich daf\u00fcr als Demokratiefeinde beschimpfen lassen, als Sprachrohr f\u00fcr Putin-Propaganda? In den Medien und der Politik werden die kritischen Geister dieses Landes nicht nur diffamiert, ihr Engagement wird so dargestellt, als w\u00fcrde es ihnen Spa\u00df machen, sich querzustellen und der eigenen Gesellschaft zu schaden. Doch das Gegenteil ist der Fall.\n            <\/div>\n<p><\/p>\n<div class=\"Text-root Text-type_5 ArticleView-text ViewText-root \">\n<p><em>Von Tom J. Wellbrock<\/em><\/p>\n<p>Die letzten drei Jahre waren eine Qual. Ja, eine Qual. Entgegen der oft und gern propagierten Meinung, Querdenker, Querfront, Demokratie- und Friedensfeinde h\u00e4tten insgeheim Freude daran, immer wieder Leuten vors Schienbein zu treten. Doch das Gegenteil ist der Fall.<\/p>\n<p>Ich fordere daher hiermit Anerkennung und Respekt!<\/p>\n<p><strong>Ruhet weiter im Krieg<\/strong><\/p>\n<p>Auch wenn ich der festen \u00dcberzeugung bin, dass bei erwachsenen Menschen Medienkompetenz eine nachvollziehbare Erwartungshaltung darstellt, muss ich damit klarkommen, dass es diese Kompetenz vielfach kaum gibt. Ich kritisiere das. Wer tats\u00e4chlich immer noch der Meinung ist, bei <em>Tagesschau<\/em>, <em>heute-journal<\/em>, <em>Der Spiegel<\/em> &amp; Co. und in den diversen dreckigen Talkshows Fakten geliefert zu bekommen, hat ein ganz grunds\u00e4tzliches Problem \u2013 unter anderem mit seiner Wahrnehmung, die er selbstkritisch hinterfragen sollte.<\/p>\n<p>Das Verdrehen von Fakten, das Weglassen, Umdeuten und schlichte Neuschreiben der Geschichte hat einen Punkt erreicht, der so offenkundig ist, dass es keine Entschuldigung mehr gibt \u2013 weder f\u00fcr die Politik und die Medienmacher noch f\u00fcr deren Publikum. Es ist unterlassene Hilfeleistung sich selbst gegen\u00fcber, nach wie vor das zu kauen und brav runterzuschlucken, was uns als angebliche Fakten und Werte pr\u00e4sentiert wird.<\/p>\n<p>Es ist bequem, den hohlen Phrasen zu lauschen, die L\u00fcgen und unbewiesenen Behauptungen f\u00fcr bare M\u00fcnze zu nehmen. Es ist leicht, heftigen Applaus zu spenden, wenn Kriegshetzer von der Verteidigung der Demokratie sprechen und sie gleichzeitig mit F\u00fc\u00dfen treten. Es ist leicht, wenn man nicht dar\u00fcber nachdenkt.<\/p>\n<p>Und hier, in diesem Land, wird viel zu wenig nachgedacht. Die Welt lacht \u00fcber uns, doch mir ist zum Heulen. Wie kann es sein, dass wir eine Au\u00dfenministerin haben, deren Bildungsferne und diplomatische Unkenntnis mit H\u00e4nden zu greifen sind und die trotzdem weiterhin ihr Unwesen treiben kann? Ist denn da gar kein Stolz, keine Ehre, kein schlechtes Gewissen vorhanden? Diese Frau repr\u00e4sentiert uns in der Welt, Politiker und Diplomaten auf internationaler Ebene reiben sich verwundert die Augen, sch\u00fctteln den Kopf oder biegen sich vor Lachen, wenn unsere Au\u00dfenministerin mal wieder ihre Ahnungslosigkeit unter Beweis stellt, w\u00e4hrend sie zugleich \u2013 vom Hass zerfressen \u2013 das globale Gleichgewicht in Gefahr bringt.<\/p>\n<p>Ist die Dummheit denn schon so weit fortgeschritten, dass die bewusste Zerst\u00f6rung eines Bildungssystems, das Ausgebrannt-Sein von Lehrkr\u00e4ften und die systematische Verdummung der kommenden Generationen nicht einmal mehr auffallen? Merkt denn niemand, dass es insbesondere die Politiker der &#8220;Gr\u00fcnen&#8221; sind, die so arm an Fachwissen und reich an elit\u00e4rer Herablassung und v\u00f6llig kopflos und auch ohne einen einzigen Gedanken an die Folgen der eigenen Politik beratungsresistent die Demokratie gegen die Wand fahren?<\/p>\n<p>Nein, ich habe daf\u00fcr kein Verst\u00e4ndnis.<\/p>\n<p><strong>Gebt uns endlich Frieden!<\/strong><\/p>\n<p>Und von Euch soll ich mich, m\u00fcssen wir uns beschimpfen lassen? Ihr, die Ihr tr\u00e4ge und faul alles vom Boden aufleckt, was euch hingeworfen wird. Ihr wollt \u00fcber mich richten? Ihr, die Ihr mit Euren Zungen durch den Schmutz streicht, wollt mir sagen, was moralisch, politisch oder gesellschaftlich richtig ist? Dass ich nicht lache!<\/p>\n<p>Nein, es macht keinen Spa\u00df, sich jeden Tag durch Berge von Propaganda zu arbeiten, es ist keine Freude, an der Tastatur, am Mikrofon oder auf der Stra\u00dfe st\u00e4ndig Signale aussenden zu m\u00fcssen, dass etwas nicht stimmt, dass wir auf einem gef\u00e4hrlichen Weg sind, dass der Frieden (oder das, was von ihm \u00fcbriggeblieben ist) uns entgleitet und der Krieg wieder seine Fratze zeigt. Und es ist kein erhebendes Gef\u00fchl eines zufriedenen Besserwissers, vieles besser zu wissen. Es ist eine B\u00fcrde, aber eine, die zu tragen man nicht mehr ablehnen kann.<\/p>\n<p>Denn die Kriegshetzer tummeln sich dort, wo sie reingelassen werden, und sie werden nahezu \u00fcberall hereingelassen. Die, die den Frieden wollen, sie werden ausgeladen, ausgesperrt, beleidigt, beschimpft, auch ihrer Existenzen beraubt.<\/p>\n<p>Die Propaganda ist bekannt, sollte es zumindest sein: Den Feind zu entmenschlichen, sich selbst als glei\u00dfendes, gerechtes Licht darzustellen, jede Deeskalation mit dem Hinweis auf deren Nichtfunktionieren zu unterbinden und jede Eskalation mitzumachen, die in greifbare N\u00e4he r\u00fcckt. Das ist das Prinzip der Kriegspropaganda. Und einmal mehr wirkt die schrittweise Eliminierung des Bildungssystems hierzulande, um den Menschen \u2013 insbesondere auch den jungen \u2013 einmal mehr einen B\u00e4ren aufzubinden.<\/p>\n<p>Nein, es macht keinen Spa\u00df. In den letzten drei Jahren habe ich Mitmenschen verloren, teils Menschen, die mir wichtig waren. Sie sind dort abgebogen, wo ich nicht hinwollte. Sie haben sich mit dem Totalitarismus angefreundet, haben sich als Denunzianten verdingt, haben angeprangert und verurteilt, Andersdenkenden die Verantwortung f\u00fcr unsere &#8220;Neue Normalit\u00e4t&#8221; in die Schuhe geschoben und sind bis zum heutigen Tage nicht in der Lage, ihre Fehlsichtigkeit zu erkennen und einzugestehen. Der Verlust dieser Menschen tut weh, noch immer. Aber ich werde nicht (mehr) um sie k\u00e4mpfen. Wir haben unterschiedliche Entscheidungen getroffen, und ich kann und will meine nicht r\u00fcckg\u00e4ngig machen. Eine ganze Weile qu\u00e4lte mich der Gedanke, am Ende falsch zu liegen, etwa mit meiner Corona-Einsch\u00e4tzung. Dieser Gedanke qu\u00e4lt mich nun nicht mehr, denn fast alles von dem, was ich bef\u00fcrchtet hatte, ist mittlerweile eingetreten, teils noch schlimmer, als ich es f\u00fcr m\u00f6glich gehalten h\u00e4tte. Es ist eine Befreiung, in gewisser Weise, denn die Unsicherheit, wom\u00f6glich \u00fcber einen langen Zeitraum Fehleinsch\u00e4tzungen abgegeben zu haben, diese Unsicherheit spielt heute bei mir keine Rolle mehr.<\/p>\n<p>Beim Ukraine-Krieg war ich schneller. Schon fr\u00fch war klar, dass es hier weder um Werte (was war das noch gleich?) noch um Demokratie noch um die Landesverteidigung geht. Es geht um Geopolitik, um die seit Jahrzehnten geplante und nun erfolgte Provokation zur Schw\u00e4chung Russlands. Angef\u00fchrt von den USA folgen im schleimigen Schlepptau die Vasallen mit dem einzigen Ziel, Russland, China und noch ein paar andere L\u00e4nder zu schw\u00e4chen, und zwar so lange, bis dort kein Stein mehr auf dem anderen steht. Dann kommt der Raubbau von Rohstoffen, die Verarmung der Menschen, die Zerst\u00f6rung gesellschaftlichen Zusammenhalts. Niemand kann mir diesen perfiden Plan als Wohltat verkaufen, ich glaube es nicht, und es ist objektiv eigentlich auch nicht m\u00f6glich, daran zu glauben. Es sei denn, man weigert sich, sich das alles einmal anzusehen.<\/p>\n<p><strong>Es ist nicht leicht<\/strong><\/p>\n<p>Neben den Menschen, die ich verloren habe, sind aber andere dazugekommen. Menschen, die mir heute viel bedeuten, weil sie gezeigt haben, dass sich in der Krise entscheidet, auf wen Verlass ist. Ich habe mich von den unehrlichen und r\u00fcckgratlosen Pers\u00f6nlichkeiten verabschiedet oder verabschieden m\u00fcssen. Und ich habe die ehrlichen und solidarischen Menschen sch\u00e4tzen und lieben gelernt. Sie bilden mein neues Umfeld, ein Umfeld, in dem ich mich wohl f\u00fchle, geborgen, angenommen und anerkannt.<\/p>\n<p>Doch wir feiern keine Partys. Wir freuen uns \u00fcber uns, sind froh, zueinander gefunden zu haben, tauschen uns aus, sind nicht allein. Das ist wichtig, es verbindet und st\u00e4rkt den Geist. Aber \u2013 um ein f\u00fcr alle Mal mit diesem grenzenlosen Unsinn aufzur\u00e4umen \u2013 genie\u00dfen k\u00f6nnen wir diese Zeit gewiss nicht. Wir klopfen uns nicht gegenseitig auf die Schulter, nur weil wir dem System etwas Sand ins Getriebe streuen k\u00f6nnen, es zumindest versuchen.<\/p>\n<p>Im Gegenteil, jeder von uns k\u00e4mpft mit psychischen Belastungen, leidet unter Anfeindungen, schwankt zwischen Hoffnung und Hoffnungslosigkeit, f\u00fchlt sich schwach, ausgelaugt und mit dem Gef\u00fchl belastet, letztlich vielleicht doch nichts ausrichten zu k\u00f6nnen. Wenn es einem von uns nach seiner Tagesform besser geht, baut er die anderen auf, soweit das m\u00f6glich ist, um wom\u00f6glich einen Tag sp\u00e4ter selbst der zu sein, der wieder Hilfe braucht.<\/p>\n<p>Wir sind keine Helden, aber die Wahrscheinlichkeit, dass wir in der geschichtlichen Betrachtung als die kleine Gruppe der Widerst\u00e4ndigen eine Rolle spielen werden, ist nicht null. Das treibt tats\u00e4chlich auch mich ganz pers\u00f6nlich an. Ich will mir nicht in einer fernen Zukunft vorwerfen lassen, mitgemacht zu haben bei all diesem m\u00f6rderischen und zerst\u00f6rerischen Wahnsinn. Ich will dann mit der Inbrunst der Wahrhaftigkeit &#8220;Nein! &#8221; sagen k\u00f6nnen. Nein, ich habe mich daran nicht beteiligt, ich habe versucht, andere Wege und L\u00f6sungen aufzuzeigen, ich habe mich gewehrt.<\/p>\n<p>Im besten Fall erreicht die Zahl der Menschen, die sich ebenfalls wehren wollen, eine kritische Masse, eine Anzahl, die gro\u00df genug ist, um die fatale Entwicklung umzukehren. Manchmal glaube ich daran, manchmal aber auch nicht.<\/p>\n<p>Aufgeben ist keine Option. Es geht heute, im Jahr 2023, um mehr als ein paar Probleme. Es geht um Existenzen, um das Leben, um die Zivilisation \u2026 ja, es geht um den Fortbestand der Menschheit.<\/p>\n<p>Ich werde k\u00e4mpfen, solange es m\u00f6glich ist, mal mit mehr, mal mit weniger Kraft, Energie und Zuversicht. Aber ich mache weiter, solange es geht, solange ich lebe und klar denken kann.<\/p>\n<p>Wer sich stattdessen zu Tode am\u00fcsieren und &#8220;medientieren&#8221; will, soll das tun, aber definitiv ohne mich.<\/p>\n<p><em>Tom J. Wellbrock\u00a0ist Journalist, Sprecher, Texter, Podcaster, Moderator und Mitherausgeber des Blogs &#8220;<\/em><a rel=\"nofollow noopener\" target=\"_blank\" href=\"http:\/\/www.neulandrebellen.de\/\"><em>neulandrebellen<\/em><\/a><em>&#8220;.<\/em><\/p>\n<p><strong>Mehr zum Thema<\/strong> &#8211;\u00a0<a rel=\"nofollow noopener\" target=\"_blank\" href=\"https:\/\/gegenzensur.rtde.life\/meinung\/164183-russische-panzer-in-berlin-und\/\">Russische Panzer in Berlin und Br\u00fcssel: Ein Gedicht anno 1943 wei\u00df, wie solche Aktionen enden<\/a>\u00a0<\/p>\n<\/p>\n<\/div>\n<p><br \/>\n<br \/><a href=\"https:\/\/de.rt.com\/meinung\/164414-widerstand-wir-machen-nicht-aus\/\">Source link <\/a><\/p>\n","protected":false},"excerpt":{"rendered":"<p>Auf die Stra\u00dfe gehen f\u00fcr den Frieden und sich daf\u00fcr als Demokratiefeinde beschimpfen lassen, als Sprachrohr f\u00fcr Putin-Propaganda? In den Medien und der Politik werden die kritischen Geister dieses Landes nicht nur diffamiert, ihr Engagement wird so dargestellt, als w\u00fcrde es ihnen Spa\u00df machen, sich querzustellen und der eigenen Gesellschaft zu schaden. Doch das Gegenteil [&hellip;]<\/p>\n","protected":false},"author":3,"featured_media":31555,"comment_status":"open","ping_status":"open","sticky":false,"template":"","format":"standard","meta":{"_yoast_indexnow_last_ping":["1677948248"],"wp_automatic_camp":["217"],"63380141c8a7ebd180c111e60674bc1c":["Widerstand: Wir machen das nicht aus Spa\u00df!"],"original_link":["https:\/\/de.rt.com\/meinung\/164414-widerstand-wir-machen-nicht-aus\/"],"_thumbnail_id":["31555"],"_wptgpro_p2tg_sent2tg":["a:1:{i:23737;s:19:\"2023-03-04 18:45:07\";}"],"jnews_social_counter_last_update":["1777521321"]},"categories":[19,23],"tags":[679,427,3570,800,12111,7547,1801],"yoast_head":"<!-- This site is optimized with the Yoast SEO Premium plugin v22.7 (Yoast SEO v22.7) - https:\/\/yoast.com\/wordpress\/plugins\/seo\/ -->\n<title>Widerstand: Wir machen das nicht aus Spa\u00df! - just-now.NEWS Deutschland<\/title>\n<meta name=\"robots\" content=\"index, follow, max-snippet:-1, max-image-preview:large, max-video-preview:-1\" \/>\n<link rel=\"canonical\" href=\"https:\/\/now-news.de\/de\/deutschland\/widerstand-wir-machen-das-nicht-aus-spass\/\" \/>\n<meta property=\"og:locale\" content=\"de_DE\" \/>\n<meta property=\"og:type\" content=\"article\" \/>\n<meta property=\"og:title\" content=\"Widerstand: Wir machen das nicht aus Spa\u00df!\" \/>\n<meta property=\"og:description\" content=\"Auf die Stra\u00dfe gehen f\u00fcr den Frieden und sich daf\u00fcr als Demokratiefeinde beschimpfen lassen, als Sprachrohr f\u00fcr Putin-Propaganda? In den Medien und der Politik werden die kritischen Geister dieses Landes nicht nur diffamiert, ihr Engagement wird so dargestellt, als w\u00fcrde es ihnen Spa\u00df machen, sich querzustellen und der eigenen Gesellschaft zu schaden. Doch das Gegenteil [&hellip;]\" \/>\n<meta property=\"og:url\" content=\"https:\/\/now-news.de\/de\/deutschland\/widerstand-wir-machen-das-nicht-aus-spass\/\" \/>\n<meta property=\"og:site_name\" content=\"just-now.NEWS Deutschland\" \/>\n<meta property=\"article:publisher\" content=\"https:\/\/www.facebook.com\/wirmachenauf\" \/>\n<meta property=\"article:published_time\" content=\"2023-03-04T16:30:31+00:00\" \/>\n<meta property=\"og:image\" content=\"https:\/\/now-news.de\/de\/wp-content\/uploads\/sites\/3\/2023\/03\/Widerstand-Wir-machen-das-nicht-aus-Spass.jpg\" \/>\n\t<meta property=\"og:image:width\" content=\"460\" \/>\n\t<meta property=\"og:image:height\" content=\"259\" \/>\n\t<meta property=\"og:image:type\" content=\"image\/jpeg\" \/>\n<meta name=\"author\" content=\"rtnews\" \/>\n<meta name=\"twitter:card\" content=\"summary_large_image\" \/>\n<meta name=\"twitter:creator\" content=\"@WirMachenAuf_de\" \/>\n<meta name=\"twitter:site\" content=\"@WirMachenAuf_de\" \/>\n<meta name=\"twitter:label1\" content=\"Verfasst von\" \/>\n\t<meta name=\"twitter:data1\" content=\"rtnews\" \/>\n\t<meta name=\"twitter:label2\" content=\"Gesch\u00e4tzte Lesezeit\" \/>\n\t<meta name=\"twitter:data2\" content=\"8\u00a0Minuten\" \/>\n<script type=\"application\/ld+json\" class=\"yoast-schema-graph\">{\"@context\":\"https:\/\/schema.org\",\"@graph\":[{\"@type\":\"Article\",\"@id\":\"https:\/\/now-news.de\/de\/deutschland\/widerstand-wir-machen-das-nicht-aus-spass\/#article\",\"isPartOf\":{\"@id\":\"https:\/\/now-news.de\/de\/deutschland\/widerstand-wir-machen-das-nicht-aus-spass\/\"},\"author\":{\"name\":\"rtnews\",\"@id\":\"https:\/\/now-news.de\/de\/#\/schema\/person\/fb534a4e865501d8b3285208df34a9b5\"},\"headline\":\"Widerstand: Wir machen das nicht aus Spa\u00df!\",\"datePublished\":\"2023-03-04T16:30:31+00:00\",\"dateModified\":\"2023-03-04T16:30:31+00:00\",\"mainEntityOfPage\":{\"@id\":\"https:\/\/now-news.de\/de\/deutschland\/widerstand-wir-machen-das-nicht-aus-spass\/\"},\"wordCount\":1569,\"commentCount\":0,\"publisher\":{\"@id\":\"https:\/\/now-news.de\/de\/#organization\"},\"image\":{\"@id\":\"https:\/\/now-news.de\/de\/deutschland\/widerstand-wir-machen-das-nicht-aus-spass\/#primaryimage\"},\"thumbnailUrl\":\"https:\/\/now-news.de\/de\/wp-content\/uploads\/sites\/3\/2023\/03\/Widerstand-Wir-machen-das-nicht-aus-Spass.jpg\",\"keywords\":[\"aus\",\"das\",\"machen\",\"nicht\",\"Spa\u00df\",\"Widerstand\",\"Wir\"],\"articleSection\":[\"Deutschland\",\"Russland\"],\"inLanguage\":\"de\",\"potentialAction\":[{\"@type\":\"CommentAction\",\"name\":\"Comment\",\"target\":[\"https:\/\/now-news.de\/de\/deutschland\/widerstand-wir-machen-das-nicht-aus-spass\/#respond\"]}]},{\"@type\":\"WebPage\",\"@id\":\"https:\/\/now-news.de\/de\/deutschland\/widerstand-wir-machen-das-nicht-aus-spass\/\",\"url\":\"https:\/\/now-news.de\/de\/deutschland\/widerstand-wir-machen-das-nicht-aus-spass\/\",\"name\":\"Widerstand: Wir machen das nicht aus Spa\u00df! - just-now.NEWS Deutschland\",\"isPartOf\":{\"@id\":\"https:\/\/now-news.de\/de\/#website\"},\"primaryImageOfPage\":{\"@id\":\"https:\/\/now-news.de\/de\/deutschland\/widerstand-wir-machen-das-nicht-aus-spass\/#primaryimage\"},\"image\":{\"@id\":\"https:\/\/now-news.de\/de\/deutschland\/widerstand-wir-machen-das-nicht-aus-spass\/#primaryimage\"},\"thumbnailUrl\":\"https:\/\/now-news.de\/de\/wp-content\/uploads\/sites\/3\/2023\/03\/Widerstand-Wir-machen-das-nicht-aus-Spass.jpg\",\"datePublished\":\"2023-03-04T16:30:31+00:00\",\"dateModified\":\"2023-03-04T16:30:31+00:00\",\"breadcrumb\":{\"@id\":\"https:\/\/now-news.de\/de\/deutschland\/widerstand-wir-machen-das-nicht-aus-spass\/#breadcrumb\"},\"inLanguage\":\"de\",\"potentialAction\":[{\"@type\":\"ReadAction\",\"target\":[\"https:\/\/now-news.de\/de\/deutschland\/widerstand-wir-machen-das-nicht-aus-spass\/\"]}]},{\"@type\":\"ImageObject\",\"inLanguage\":\"de\",\"@id\":\"https:\/\/now-news.de\/de\/deutschland\/widerstand-wir-machen-das-nicht-aus-spass\/#primaryimage\",\"url\":\"https:\/\/now-news.de\/de\/wp-content\/uploads\/sites\/3\/2023\/03\/Widerstand-Wir-machen-das-nicht-aus-Spass.jpg\",\"contentUrl\":\"https:\/\/now-news.de\/de\/wp-content\/uploads\/sites\/3\/2023\/03\/Widerstand-Wir-machen-das-nicht-aus-Spass.jpg\",\"width\":460,\"height\":259,\"caption\":\"Widerstand: Wir machen das nicht aus Spa\u00df!\"},{\"@type\":\"BreadcrumbList\",\"@id\":\"https:\/\/now-news.de\/de\/deutschland\/widerstand-wir-machen-das-nicht-aus-spass\/#breadcrumb\",\"itemListElement\":[{\"@type\":\"ListItem\",\"position\":1,\"name\":\"Home\",\"item\":\"https:\/\/now-news.de\/de\/\"},{\"@type\":\"ListItem\",\"position\":2,\"name\":\"Widerstand: Wir machen das nicht aus Spa\u00df!\"}]},{\"@type\":\"WebSite\",\"@id\":\"https:\/\/now-news.de\/de\/#website\",\"url\":\"https:\/\/now-news.de\/de\/\",\"name\":\"just-now.NEWS Deutschland\",\"description\":\"Das Portal f\u00fcr unzensierte Nachrichten aus der Welt\",\"publisher\":{\"@id\":\"https:\/\/now-news.de\/de\/#organization\"},\"potentialAction\":[{\"@type\":\"SearchAction\",\"target\":{\"@type\":\"EntryPoint\",\"urlTemplate\":\"https:\/\/now-news.de\/de\/?s={search_term_string}\"},\"query-input\":\"required name=search_term_string\"}],\"inLanguage\":\"de\"},{\"@type\":\"Organization\",\"@id\":\"https:\/\/now-news.de\/de\/#organization\",\"name\":\"Just Now News\",\"url\":\"https:\/\/now-news.de\/de\/\",\"logo\":{\"@type\":\"ImageObject\",\"inLanguage\":\"de\",\"@id\":\"https:\/\/now-news.de\/de\/#\/schema\/logo\/image\/\",\"url\":\"http:\/\/just-now.news\/de\/wp-content\/uploads\/sites\/3\/2022\/04\/logo500x500.jpg\",\"contentUrl\":\"http:\/\/just-now.news\/de\/wp-content\/uploads\/sites\/3\/2022\/04\/logo500x500.jpg\",\"width\":500,\"height\":500,\"caption\":\"Just Now News\"},\"image\":{\"@id\":\"https:\/\/now-news.de\/de\/#\/schema\/logo\/image\/\"},\"sameAs\":[\"https:\/\/www.facebook.com\/wirmachenauf\",\"https:\/\/x.com\/WirMachenAuf_de\"]},{\"@type\":\"Person\",\"@id\":\"https:\/\/now-news.de\/de\/#\/schema\/person\/fb534a4e865501d8b3285208df34a9b5\",\"name\":\"rtnews\",\"image\":{\"@type\":\"ImageObject\",\"inLanguage\":\"de\",\"@id\":\"https:\/\/now-news.de\/de\/#\/schema\/person\/image\/\",\"url\":\"https:\/\/secure.gravatar.com\/avatar\/82aafea7d8127119dd649515f56e2117?s=96&d=mm&r=g\",\"contentUrl\":\"https:\/\/secure.gravatar.com\/avatar\/82aafea7d8127119dd649515f56e2117?s=96&d=mm&r=g\",\"caption\":\"rtnews\"},\"url\":\"https:\/\/now-news.de\/de\/author\/rnews\/\"}]}<\/script>\n<!-- \/ Yoast SEO Premium plugin. -->","yoast_head_json":{"title":"Widerstand: Wir machen das nicht aus Spa\u00df! - just-now.NEWS Deutschland","robots":{"index":"index","follow":"follow","max-snippet":"max-snippet:-1","max-image-preview":"max-image-preview:large","max-video-preview":"max-video-preview:-1"},"canonical":"https:\/\/now-news.de\/de\/deutschland\/widerstand-wir-machen-das-nicht-aus-spass\/","og_locale":"de_DE","og_type":"article","og_title":"Widerstand: Wir machen das nicht aus Spa\u00df!","og_description":"Auf die Stra\u00dfe gehen f\u00fcr den Frieden und sich daf\u00fcr als Demokratiefeinde beschimpfen lassen, als Sprachrohr f\u00fcr Putin-Propaganda? In den Medien und der Politik werden die kritischen Geister dieses Landes nicht nur diffamiert, ihr Engagement wird so dargestellt, als w\u00fcrde es ihnen Spa\u00df machen, sich querzustellen und der eigenen Gesellschaft zu schaden. Doch das Gegenteil [&hellip;]","og_url":"https:\/\/now-news.de\/de\/deutschland\/widerstand-wir-machen-das-nicht-aus-spass\/","og_site_name":"just-now.NEWS Deutschland","article_publisher":"https:\/\/www.facebook.com\/wirmachenauf","article_published_time":"2023-03-04T16:30:31+00:00","og_image":[{"width":460,"height":259,"url":"https:\/\/now-news.de\/de\/wp-content\/uploads\/sites\/3\/2023\/03\/Widerstand-Wir-machen-das-nicht-aus-Spass.jpg","type":"image\/jpeg"}],"author":"rtnews","twitter_card":"summary_large_image","twitter_creator":"@WirMachenAuf_de","twitter_site":"@WirMachenAuf_de","twitter_misc":{"Verfasst von":"rtnews","Gesch\u00e4tzte Lesezeit":"8\u00a0Minuten"},"schema":{"@context":"https:\/\/schema.org","@graph":[{"@type":"Article","@id":"https:\/\/now-news.de\/de\/deutschland\/widerstand-wir-machen-das-nicht-aus-spass\/#article","isPartOf":{"@id":"https:\/\/now-news.de\/de\/deutschland\/widerstand-wir-machen-das-nicht-aus-spass\/"},"author":{"name":"rtnews","@id":"https:\/\/now-news.de\/de\/#\/schema\/person\/fb534a4e865501d8b3285208df34a9b5"},"headline":"Widerstand: Wir machen das nicht aus Spa\u00df!","datePublished":"2023-03-04T16:30:31+00:00","dateModified":"2023-03-04T16:30:31+00:00","mainEntityOfPage":{"@id":"https:\/\/now-news.de\/de\/deutschland\/widerstand-wir-machen-das-nicht-aus-spass\/"},"wordCount":1569,"commentCount":0,"publisher":{"@id":"https:\/\/now-news.de\/de\/#organization"},"image":{"@id":"https:\/\/now-news.de\/de\/deutschland\/widerstand-wir-machen-das-nicht-aus-spass\/#primaryimage"},"thumbnailUrl":"https:\/\/now-news.de\/de\/wp-content\/uploads\/sites\/3\/2023\/03\/Widerstand-Wir-machen-das-nicht-aus-Spass.jpg","keywords":["aus","das","machen","nicht","Spa\u00df","Widerstand","Wir"],"articleSection":["Deutschland","Russland"],"inLanguage":"de","potentialAction":[{"@type":"CommentAction","name":"Comment","target":["https:\/\/now-news.de\/de\/deutschland\/widerstand-wir-machen-das-nicht-aus-spass\/#respond"]}]},{"@type":"WebPage","@id":"https:\/\/now-news.de\/de\/deutschland\/widerstand-wir-machen-das-nicht-aus-spass\/","url":"https:\/\/now-news.de\/de\/deutschland\/widerstand-wir-machen-das-nicht-aus-spass\/","name":"Widerstand: Wir machen das nicht aus Spa\u00df! - just-now.NEWS Deutschland","isPartOf":{"@id":"https:\/\/now-news.de\/de\/#website"},"primaryImageOfPage":{"@id":"https:\/\/now-news.de\/de\/deutschland\/widerstand-wir-machen-das-nicht-aus-spass\/#primaryimage"},"image":{"@id":"https:\/\/now-news.de\/de\/deutschland\/widerstand-wir-machen-das-nicht-aus-spass\/#primaryimage"},"thumbnailUrl":"https:\/\/now-news.de\/de\/wp-content\/uploads\/sites\/3\/2023\/03\/Widerstand-Wir-machen-das-nicht-aus-Spass.jpg","datePublished":"2023-03-04T16:30:31+00:00","dateModified":"2023-03-04T16:30:31+00:00","breadcrumb":{"@id":"https:\/\/now-news.de\/de\/deutschland\/widerstand-wir-machen-das-nicht-aus-spass\/#breadcrumb"},"inLanguage":"de","potentialAction":[{"@type":"ReadAction","target":["https:\/\/now-news.de\/de\/deutschland\/widerstand-wir-machen-das-nicht-aus-spass\/"]}]},{"@type":"ImageObject","inLanguage":"de","@id":"https:\/\/now-news.de\/de\/deutschland\/widerstand-wir-machen-das-nicht-aus-spass\/#primaryimage","url":"https:\/\/now-news.de\/de\/wp-content\/uploads\/sites\/3\/2023\/03\/Widerstand-Wir-machen-das-nicht-aus-Spass.jpg","contentUrl":"https:\/\/now-news.de\/de\/wp-content\/uploads\/sites\/3\/2023\/03\/Widerstand-Wir-machen-das-nicht-aus-Spass.jpg","width":460,"height":259,"caption":"Widerstand: Wir machen das nicht aus Spa\u00df!"},{"@type":"BreadcrumbList","@id":"https:\/\/now-news.de\/de\/deutschland\/widerstand-wir-machen-das-nicht-aus-spass\/#breadcrumb","itemListElement":[{"@type":"ListItem","position":1,"name":"Home","item":"https:\/\/now-news.de\/de\/"},{"@type":"ListItem","position":2,"name":"Widerstand: Wir machen das nicht aus Spa\u00df!"}]},{"@type":"WebSite","@id":"https:\/\/now-news.de\/de\/#website","url":"https:\/\/now-news.de\/de\/","name":"just-now.NEWS Deutschland","description":"Das Portal f\u00fcr unzensierte Nachrichten aus der Welt","publisher":{"@id":"https:\/\/now-news.de\/de\/#organization"},"potentialAction":[{"@type":"SearchAction","target":{"@type":"EntryPoint","urlTemplate":"https:\/\/now-news.de\/de\/?s={search_term_string}"},"query-input":"required name=search_term_string"}],"inLanguage":"de"},{"@type":"Organization","@id":"https:\/\/now-news.de\/de\/#organization","name":"Just Now News","url":"https:\/\/now-news.de\/de\/","logo":{"@type":"ImageObject","inLanguage":"de","@id":"https:\/\/now-news.de\/de\/#\/schema\/logo\/image\/","url":"http:\/\/just-now.news\/de\/wp-content\/uploads\/sites\/3\/2022\/04\/logo500x500.jpg","contentUrl":"http:\/\/just-now.news\/de\/wp-content\/uploads\/sites\/3\/2022\/04\/logo500x500.jpg","width":500,"height":500,"caption":"Just Now News"},"image":{"@id":"https:\/\/now-news.de\/de\/#\/schema\/logo\/image\/"},"sameAs":["https:\/\/www.facebook.com\/wirmachenauf","https:\/\/x.com\/WirMachenAuf_de"]},{"@type":"Person","@id":"https:\/\/now-news.de\/de\/#\/schema\/person\/fb534a4e865501d8b3285208df34a9b5","name":"rtnews","image":{"@type":"ImageObject","inLanguage":"de","@id":"https:\/\/now-news.de\/de\/#\/schema\/person\/image\/","url":"https:\/\/secure.gravatar.com\/avatar\/82aafea7d8127119dd649515f56e2117?s=96&d=mm&r=g","contentUrl":"https:\/\/secure.gravatar.com\/avatar\/82aafea7d8127119dd649515f56e2117?s=96&d=mm&r=g","caption":"rtnews"},"url":"https:\/\/now-news.de\/de\/author\/rnews\/"}]}},"_links":{"self":[{"href":"https:\/\/now-news.de\/de\/wp-json\/wp\/v2\/posts\/31554"}],"collection":[{"href":"https:\/\/now-news.de\/de\/wp-json\/wp\/v2\/posts"}],"about":[{"href":"https:\/\/now-news.de\/de\/wp-json\/wp\/v2\/types\/post"}],"author":[{"embeddable":true,"href":"https:\/\/now-news.de\/de\/wp-json\/wp\/v2\/users\/3"}],"replies":[{"embeddable":true,"href":"https:\/\/now-news.de\/de\/wp-json\/wp\/v2\/comments?post=31554"}],"version-history":[{"count":0,"href":"https:\/\/now-news.de\/de\/wp-json\/wp\/v2\/posts\/31554\/revisions"}],"wp:featuredmedia":[{"embeddable":true,"href":"https:\/\/now-news.de\/de\/wp-json\/wp\/v2\/media\/31555"}],"wp:attachment":[{"href":"https:\/\/now-news.de\/de\/wp-json\/wp\/v2\/media?parent=31554"}],"wp:term":[{"taxonomy":"category","embeddable":true,"href":"https:\/\/now-news.de\/de\/wp-json\/wp\/v2\/categories?post=31554"},{"taxonomy":"post_tag","embeddable":true,"href":"https:\/\/now-news.de\/de\/wp-json\/wp\/v2\/tags?post=31554"}],"curies":[{"name":"wp","href":"https:\/\/api.w.org\/{rel}","templated":true}]}}