{"id":31532,"date":"2023-03-04T13:10:48","date_gmt":"2023-03-04T11:10:48","guid":{"rendered":"https:\/\/just-now.news\/de\/deutschland\/warum-will-selenskij-so-dringend-in-die-eu\/"},"modified":"2023-03-04T13:10:48","modified_gmt":"2023-03-04T11:10:48","slug":"warum-will-selenskij-so-dringend-in-die-eu","status":"publish","type":"post","link":"https:\/\/now-news.de\/de\/deutschland\/warum-will-selenskij-so-dringend-in-die-eu\/","title":{"rendered":"Warum will Selenskij so dringend in die EU?"},"content":{"rendered":"<p><img decoding=\"async\" src=\"http:\/\/just-now.news\/de\/wp-content\/uploads\/sites\/3\/2023\/03\/64019c4bb480cc5d7c7bbc15.jpg\" \/><\/p>\n<div class=\"Text-root Text-type_1 \">\n                Aller Rhetorik zum Trotz: Mitglied der EU kann die Ukraine aus vielerlei Gr\u00fcnden nicht werden. Und auch wenn Russophobie verdummt, so sehr haben die Europ\u00e4er den Verstand noch nicht verloren. Wenn Selenskij vom baldigen EU-Beitritt seines Landes spricht, verkauft er seine B\u00fcrger f\u00fcr dumm. Das Traurige daran ist, dass sie sich f\u00fcr dumm verkaufen lassen.\n            <\/div>\n<p><\/p>\n<div class=\"Text-root Text-type_5 ArticleView-text ViewText-root \">\n<p><em>Von Anna Schafran<\/em><\/p>\n<p>Es ist erstaunlich, wie gut manche alten, noch aus Sowjetzeiten stammenden Witze den ukrainischen Nationalcharakter und die ukrainische Nationalidee beschreiben. Das hat seine Gr\u00fcnde nat\u00fcrlich nicht in &#8220;Blut&#8221;, &#8220;Genen&#8221; und anderen faschistischen pseudowissenschaftlichen &#8220;Erkenntnissen&#8221;, sondern schlicht in der Ideologie, der sich jeder an die &#8220;Ukraine \u00fcber Alles&#8221; Glaubende nolens volens verschreiben muss.<\/p>\n<p>Nehmen wir zum Beispiel den ukrainischen Pr\u00e4sidenten, Wladimir Selenskij. Er hat nicht einen Tropfen ukrainischen Blutes in sich. Bevor er zum Staatsoberhaupt gew\u00e4hlt wurde, sprach er nicht einmal Ukrainisch. Aber er fing sofort und ohne Umschweife an, sich wie die Figur aus einem der Sowjetwitze \u00fcber den Geiz der Ukrainer zu verhalten, die\u00a0das, was sie nicht selbst zu essen vermag, zumindest anknabbern m\u00f6chte. Anknabbern, damit es kein anderer essen kann. Die Selbstlosigkeit und der Asketismus seiner Pr\u00e4sidentenfigur aus der Fernsehsendung, die ihm wohl den Wahlsieg beschert hatte, war jedenfalls schon in der Wahlnacht vom Winde verweht.\u00a0<\/p>\n<p>Wie man wei\u00df, korrumpiert Geld, und gro\u00dfes Geld korrumpiert schnell. Die Ukraine schl\u00fcpfte schon in den ersten Tagen ihrer Unabh\u00e4ngigkeit in die Rolle eines Bettlers, der sowohl bei Russland als auch im Westen um Almosen fleht. Nachdem unsere Seite den Laden dicht gemacht hatte, verdoppelte sich die Bettelei im Westen, und nach dem Beginn der milit\u00e4rischen Sonderoperation nahm sie in Gr\u00f6\u00dfenordnungen zu.<\/p>\n<p>Die Ukraine und Selenskij, F\u00fchrer dieses Territoriums, schnorren die ganze Welt mit einem selbstbewussten &#8220;Gib!&#8221; an. Ohne daran zu denken, wer und wie die so aufgeh\u00e4uften Schulden sp\u00e4ter zur\u00fcckzahlen soll.<\/p>\n<p><strong><\/strong><\/p>\n<p><strong>Russophobie verdummt \u2013 Selenskij ist der Beweis<\/strong><\/p>\n<p>Wenngleich\u00a0sie nat\u00fcrlich keineswegs ihren Verstand verloren haben. Die regelm\u00e4\u00dfigen Erkl\u00e4rungen der ukrainischen Beh\u00f6rden, dass Kiew sein Recht auf Mitgliedschaft in der Europ\u00e4ischen Union mit Blut verdient habe, zeugen davon, dass sie noch einen Rest von n\u00fcchternem Denken besitzen. Die EU-Mitgliedschaft garantiert, dass die Ukraine von der Armut befreit und in einen sauberen, aber armen europ\u00e4ischen Vorort\u00a0\u00e4hnlich den baltischen Staaten verwandelt wird.<\/p>\n<p>Aber auch die Europ\u00e4er haben trotz der Russophobie, die sie verdummen l\u00e4sst, noch nicht v\u00f6llig den Verstand verloren. Sie sind durchaus in der Lage zu rechnen und zu verstehen, dass das Anwachsen der Subventionsempf\u00e4nger um zwanzig bis drei\u00dfig Millionen Ukrainer angesichts des bei weitem nicht unersch\u00f6pflichen EU-Haushalts die Europ\u00e4ische Union in den Bankrott treiben wird.<\/p>\n<p>Und das w\u00e4re nicht nur ein finanzieller Bankrott. Denn trotz der erkl\u00e4rten Unterst\u00fctzung\u00a0des &#8220;Bekenntnisses der Ukraine zu europ\u00e4ischen Werten&#8221; wissen die Politiker sowohl in Europa als auch in der Ukraine sehr wohl, dass die Werte in Kiew ganz andere sind. Nazismus, Intoleranz gegen\u00fcber Andersdenkenden, das Bekenntnis zur Gewalt als Mittel der Politik \u2013 all das sind die Grundlagen der modernen Ukraine, und all das ist weit entfernt von jenen europ\u00e4ischen Werten, die bislang die Basis europ\u00e4ischen Wohlstands bildeten.<\/p>\n<p><strong>Die Ukraine wird bald Mitglied der EU werden \u2013 gleich nach der T\u00fcrkei<\/strong><\/p>\n<p>Die Europ\u00e4ische Union ist bis heute nicht in der Lage, Ungarn und Polen zu integrieren oder zumindest bei brenzligen Themen wie LGBT-Rechten zum Schweigen zu bringen. Niemand in Europa will ihnen die zig Millionen widerspenstiger Ukrainer zur Seite stellen, die die ohnehin br\u00fcchige Balance in der Union zum Kippen bringen k\u00f6nnten.<\/p>\n<p>Darum bleibt die Position der Europ\u00e4ischen Union unersch\u00fctterlich:<\/p>\n<blockquote>\n<p><em>&#8220;Die Ukraine wird bald nach der T\u00fcrkei Mitglied der Europ\u00e4ischen Union werden, und die T\u00fcrkei wird niemals Mitglied der EU werden.&#8221;<\/em><\/p>\n<\/blockquote>\n<p>Wie viele antirussische \u00c4u\u00dferungen von US-Senatoren und Kongressabgeordneten richtet sich Selenskijs pro-europ\u00e4ische Rhetorik also ausschlie\u00dflich an den heimischen Verbraucher. Das Erstaunliche dabei ist nicht, was er sagt, sondern dass die Menschen in der Ukraine auch neun Jahre nach Beginn ihrer unr\u00fchmlichen &#8220;Reise nach Europa&#8221; noch bereit sind, die M\u00e4rchen der EU-Integratoren zu glauben.\u00a0<\/p>\n<p>Die Kinder, die nach dem &#8216;Euromaidan&#8217; geboren wurden, gehen bereits zur Schule. Aber die Ukraine\u00a0stampft\u00a0immer noch vor der europ\u00e4ischen T\u00fcr und zieht die Europ\u00e4er, die ab und zu in ihr auftauchen, am Frack: &#8220;Onkel, gib mir eine Million!&#8221;\u00a0<\/p>\n<p>Bis Februar letzten Jahres war das noch lustig anzusehen, vor einem Jahr wurde aus der Farce eine Trag\u00f6die. Das Kiewer Regime t\u00f6tet Menschen. Nicht im Namen irgendwelcher Werte und nicht einmal f\u00fcr die Gebiete, die der Ukraine vor Jahrzehnten ohne Not \u00fcberlassen wurden, sondern einzig und allein, um weiterhin die europ\u00e4ische Kuh melken zu k\u00f6nnen. Letztere gibt ihre Milch auch nur angesichts des Befehlstons und der Schl\u00e4ge von der anderen Seite des Ozeans.\u00a0<\/p>\n<p>Die Anekdote ist zum Makabren geworden, zum Totentanz. Der Humorist, der einst sowohl Russland als auch die Ukraine am\u00fcsierte, hat sich in einen Massenm\u00f6rder verwandelt. Und der kollektive Westen versucht zum wiederholten Male, den Streit der Slawen untereinander mit Waffenlieferungen und Versprechungen, die bekannterma\u00dfen nicht realisierbar sind, anzuheizen und sich an ihm zu bereichern. Je eher die Menschen in der Ukraine das begreifen, desto eher wird ihr Leiden ein Ende haben.<\/p>\n<p><em>\u00dcbersetzt aus dem <a rel=\"nofollow noopener\" target=\"_blank\" href=\"https:\/\/russian.rt.com\/opinion\/1117602-shafran-zelenskii-ukraina-es\">Russischen<\/a>.<\/em>\u00a0<\/p>\n<p><em><strong>Anna Schafran\u00a0<\/strong><\/em><em>ist eine russische Fernseh- und Radiomoderatorin.<\/em><\/p>\n<p><strong>Mehr zum Thema<\/strong> &#8211; <a rel=\"nofollow noopener\" target=\"_blank\" href=\"https:\/\/test.rtde.life\/meinung\/139568-geistig-kranke-ukraine-und-ihr-groessenwahn\/\">Gr\u00f6\u00dfenwahn als Geisteskrankheit der Ukraine<\/a><\/p>\n<\/div>\n<p><br \/>\n<br \/><a href=\"https:\/\/de.rt.com\/meinung\/164328-warum-will-selenskij-in-eu\/\">Source link <\/a><\/p>\n","protected":false},"excerpt":{"rendered":"<p>Aller Rhetorik zum Trotz: Mitglied der EU kann die Ukraine aus vielerlei Gr\u00fcnden nicht werden. Und auch wenn Russophobie verdummt, so sehr haben die Europ\u00e4er den Verstand noch nicht verloren. Wenn Selenskij vom baldigen EU-Beitritt seines Landes spricht, verkauft er seine B\u00fcrger f\u00fcr dumm. Das Traurige daran ist, dass sie sich f\u00fcr dumm verkaufen lassen. [&hellip;]<\/p>\n","protected":false},"author":3,"featured_media":31533,"comment_status":"open","ping_status":"open","sticky":false,"template":"","format":"standard","meta":{"_yoast_indexnow_last_ping":["1677929042"],"wp_automatic_camp":["217"],"2dae2df36ea5b2b311788b0501f2683d":["Warum will Selenskij so dringend in die EU?"],"original_link":["https:\/\/de.rt.com\/meinung\/164328-warum-will-selenskij-in-eu\/"],"_thumbnail_id":["31533"],"_wptgpro_p2tg_sent2tg":["a:1:{i:23737;s:19:\"2023-03-04 13:25:15\";}"],"jnews_social_counter_last_update":["1777420856"]},"categories":[19,23],"tags":[45,24457,6158,1289],"yoast_head":"<!-- This site is optimized with the Yoast SEO Premium plugin v22.7 (Yoast SEO v22.7) - https:\/\/yoast.com\/wordpress\/plugins\/seo\/ -->\n<title>Warum will Selenskij so dringend in die EU? - just-now.NEWS Deutschland<\/title>\n<meta name=\"robots\" content=\"index, follow, max-snippet:-1, max-image-preview:large, max-video-preview:-1\" \/>\n<link rel=\"canonical\" href=\"https:\/\/now-news.de\/de\/deutschland\/warum-will-selenskij-so-dringend-in-die-eu\/\" \/>\n<meta property=\"og:locale\" content=\"de_DE\" \/>\n<meta property=\"og:type\" content=\"article\" \/>\n<meta property=\"og:title\" content=\"Warum will Selenskij so dringend in die EU?\" \/>\n<meta property=\"og:description\" content=\"Aller Rhetorik zum Trotz: Mitglied der EU kann die Ukraine aus vielerlei Gr\u00fcnden nicht werden. Und auch wenn Russophobie verdummt, so sehr haben die Europ\u00e4er den Verstand noch nicht verloren. Wenn Selenskij vom baldigen EU-Beitritt seines Landes spricht, verkauft er seine B\u00fcrger f\u00fcr dumm. Das Traurige daran ist, dass sie sich f\u00fcr dumm verkaufen lassen. [&hellip;]\" \/>\n<meta property=\"og:url\" content=\"https:\/\/now-news.de\/de\/deutschland\/warum-will-selenskij-so-dringend-in-die-eu\/\" \/>\n<meta property=\"og:site_name\" content=\"just-now.NEWS Deutschland\" \/>\n<meta property=\"article:publisher\" content=\"https:\/\/www.facebook.com\/wirmachenauf\" \/>\n<meta property=\"article:published_time\" content=\"2023-03-04T11:10:48+00:00\" \/>\n<meta property=\"og:image\" content=\"https:\/\/now-news.de\/de\/wp-content\/uploads\/sites\/3\/2023\/03\/Warum-will-Selenskij-so-dringend-in-die-EU.jpg\" \/>\n\t<meta property=\"og:image:width\" content=\"460\" \/>\n\t<meta property=\"og:image:height\" content=\"259\" \/>\n\t<meta property=\"og:image:type\" content=\"image\/jpeg\" \/>\n<meta name=\"author\" content=\"rtnews\" \/>\n<meta name=\"twitter:card\" content=\"summary_large_image\" \/>\n<meta name=\"twitter:creator\" content=\"@WirMachenAuf_de\" \/>\n<meta name=\"twitter:site\" content=\"@WirMachenAuf_de\" \/>\n<meta name=\"twitter:label1\" content=\"Verfasst von\" \/>\n\t<meta name=\"twitter:data1\" content=\"rtnews\" \/>\n\t<meta name=\"twitter:label2\" content=\"Gesch\u00e4tzte Lesezeit\" \/>\n\t<meta name=\"twitter:data2\" content=\"5\u00a0Minuten\" \/>\n<script type=\"application\/ld+json\" class=\"yoast-schema-graph\">{\"@context\":\"https:\/\/schema.org\",\"@graph\":[{\"@type\":\"Article\",\"@id\":\"https:\/\/now-news.de\/de\/deutschland\/warum-will-selenskij-so-dringend-in-die-eu\/#article\",\"isPartOf\":{\"@id\":\"https:\/\/now-news.de\/de\/deutschland\/warum-will-selenskij-so-dringend-in-die-eu\/\"},\"author\":{\"name\":\"rtnews\",\"@id\":\"https:\/\/now-news.de\/de\/#\/schema\/person\/fb534a4e865501d8b3285208df34a9b5\"},\"headline\":\"Warum will Selenskij so dringend in die EU?\",\"datePublished\":\"2023-03-04T11:10:48+00:00\",\"dateModified\":\"2023-03-04T11:10:48+00:00\",\"mainEntityOfPage\":{\"@id\":\"https:\/\/now-news.de\/de\/deutschland\/warum-will-selenskij-so-dringend-in-die-eu\/\"},\"wordCount\":930,\"commentCount\":0,\"publisher\":{\"@id\":\"https:\/\/now-news.de\/de\/#organization\"},\"image\":{\"@id\":\"https:\/\/now-news.de\/de\/deutschland\/warum-will-selenskij-so-dringend-in-die-eu\/#primaryimage\"},\"thumbnailUrl\":\"https:\/\/now-news.de\/de\/wp-content\/uploads\/sites\/3\/2023\/03\/Warum-will-Selenskij-so-dringend-in-die-EU.jpg\",\"keywords\":[\"die\",\"dringend\",\"Selenskij\",\"Warum\"],\"articleSection\":[\"Deutschland\",\"Russland\"],\"inLanguage\":\"de\",\"potentialAction\":[{\"@type\":\"CommentAction\",\"name\":\"Comment\",\"target\":[\"https:\/\/now-news.de\/de\/deutschland\/warum-will-selenskij-so-dringend-in-die-eu\/#respond\"]}]},{\"@type\":\"WebPage\",\"@id\":\"https:\/\/now-news.de\/de\/deutschland\/warum-will-selenskij-so-dringend-in-die-eu\/\",\"url\":\"https:\/\/now-news.de\/de\/deutschland\/warum-will-selenskij-so-dringend-in-die-eu\/\",\"name\":\"Warum will Selenskij so dringend in die EU? - just-now.NEWS Deutschland\",\"isPartOf\":{\"@id\":\"https:\/\/now-news.de\/de\/#website\"},\"primaryImageOfPage\":{\"@id\":\"https:\/\/now-news.de\/de\/deutschland\/warum-will-selenskij-so-dringend-in-die-eu\/#primaryimage\"},\"image\":{\"@id\":\"https:\/\/now-news.de\/de\/deutschland\/warum-will-selenskij-so-dringend-in-die-eu\/#primaryimage\"},\"thumbnailUrl\":\"https:\/\/now-news.de\/de\/wp-content\/uploads\/sites\/3\/2023\/03\/Warum-will-Selenskij-so-dringend-in-die-EU.jpg\",\"datePublished\":\"2023-03-04T11:10:48+00:00\",\"dateModified\":\"2023-03-04T11:10:48+00:00\",\"breadcrumb\":{\"@id\":\"https:\/\/now-news.de\/de\/deutschland\/warum-will-selenskij-so-dringend-in-die-eu\/#breadcrumb\"},\"inLanguage\":\"de\",\"potentialAction\":[{\"@type\":\"ReadAction\",\"target\":[\"https:\/\/now-news.de\/de\/deutschland\/warum-will-selenskij-so-dringend-in-die-eu\/\"]}]},{\"@type\":\"ImageObject\",\"inLanguage\":\"de\",\"@id\":\"https:\/\/now-news.de\/de\/deutschland\/warum-will-selenskij-so-dringend-in-die-eu\/#primaryimage\",\"url\":\"https:\/\/now-news.de\/de\/wp-content\/uploads\/sites\/3\/2023\/03\/Warum-will-Selenskij-so-dringend-in-die-EU.jpg\",\"contentUrl\":\"https:\/\/now-news.de\/de\/wp-content\/uploads\/sites\/3\/2023\/03\/Warum-will-Selenskij-so-dringend-in-die-EU.jpg\",\"width\":460,\"height\":259,\"caption\":\"Warum will Selenskij so dringend in die EU?\"},{\"@type\":\"BreadcrumbList\",\"@id\":\"https:\/\/now-news.de\/de\/deutschland\/warum-will-selenskij-so-dringend-in-die-eu\/#breadcrumb\",\"itemListElement\":[{\"@type\":\"ListItem\",\"position\":1,\"name\":\"Home\",\"item\":\"https:\/\/now-news.de\/de\/\"},{\"@type\":\"ListItem\",\"position\":2,\"name\":\"Warum will Selenskij so dringend in die EU?\"}]},{\"@type\":\"WebSite\",\"@id\":\"https:\/\/now-news.de\/de\/#website\",\"url\":\"https:\/\/now-news.de\/de\/\",\"name\":\"just-now.NEWS Deutschland\",\"description\":\"Das Portal f\u00fcr unzensierte Nachrichten aus der Welt\",\"publisher\":{\"@id\":\"https:\/\/now-news.de\/de\/#organization\"},\"potentialAction\":[{\"@type\":\"SearchAction\",\"target\":{\"@type\":\"EntryPoint\",\"urlTemplate\":\"https:\/\/now-news.de\/de\/?s={search_term_string}\"},\"query-input\":\"required name=search_term_string\"}],\"inLanguage\":\"de\"},{\"@type\":\"Organization\",\"@id\":\"https:\/\/now-news.de\/de\/#organization\",\"name\":\"Just Now News\",\"url\":\"https:\/\/now-news.de\/de\/\",\"logo\":{\"@type\":\"ImageObject\",\"inLanguage\":\"de\",\"@id\":\"https:\/\/now-news.de\/de\/#\/schema\/logo\/image\/\",\"url\":\"http:\/\/just-now.news\/de\/wp-content\/uploads\/sites\/3\/2022\/04\/logo500x500.jpg\",\"contentUrl\":\"http:\/\/just-now.news\/de\/wp-content\/uploads\/sites\/3\/2022\/04\/logo500x500.jpg\",\"width\":500,\"height\":500,\"caption\":\"Just Now News\"},\"image\":{\"@id\":\"https:\/\/now-news.de\/de\/#\/schema\/logo\/image\/\"},\"sameAs\":[\"https:\/\/www.facebook.com\/wirmachenauf\",\"https:\/\/x.com\/WirMachenAuf_de\"]},{\"@type\":\"Person\",\"@id\":\"https:\/\/now-news.de\/de\/#\/schema\/person\/fb534a4e865501d8b3285208df34a9b5\",\"name\":\"rtnews\",\"image\":{\"@type\":\"ImageObject\",\"inLanguage\":\"de\",\"@id\":\"https:\/\/now-news.de\/de\/#\/schema\/person\/image\/\",\"url\":\"https:\/\/secure.gravatar.com\/avatar\/82aafea7d8127119dd649515f56e2117?s=96&d=mm&r=g\",\"contentUrl\":\"https:\/\/secure.gravatar.com\/avatar\/82aafea7d8127119dd649515f56e2117?s=96&d=mm&r=g\",\"caption\":\"rtnews\"},\"url\":\"https:\/\/now-news.de\/de\/author\/rnews\/\"}]}<\/script>\n<!-- \/ Yoast SEO Premium plugin. -->","yoast_head_json":{"title":"Warum will Selenskij so dringend in die EU? - just-now.NEWS Deutschland","robots":{"index":"index","follow":"follow","max-snippet":"max-snippet:-1","max-image-preview":"max-image-preview:large","max-video-preview":"max-video-preview:-1"},"canonical":"https:\/\/now-news.de\/de\/deutschland\/warum-will-selenskij-so-dringend-in-die-eu\/","og_locale":"de_DE","og_type":"article","og_title":"Warum will Selenskij so dringend in die EU?","og_description":"Aller Rhetorik zum Trotz: Mitglied der EU kann die Ukraine aus vielerlei Gr\u00fcnden nicht werden. Und auch wenn Russophobie verdummt, so sehr haben die Europ\u00e4er den Verstand noch nicht verloren. Wenn Selenskij vom baldigen EU-Beitritt seines Landes spricht, verkauft er seine B\u00fcrger f\u00fcr dumm. Das Traurige daran ist, dass sie sich f\u00fcr dumm verkaufen lassen. [&hellip;]","og_url":"https:\/\/now-news.de\/de\/deutschland\/warum-will-selenskij-so-dringend-in-die-eu\/","og_site_name":"just-now.NEWS Deutschland","article_publisher":"https:\/\/www.facebook.com\/wirmachenauf","article_published_time":"2023-03-04T11:10:48+00:00","og_image":[{"width":460,"height":259,"url":"https:\/\/now-news.de\/de\/wp-content\/uploads\/sites\/3\/2023\/03\/Warum-will-Selenskij-so-dringend-in-die-EU.jpg","type":"image\/jpeg"}],"author":"rtnews","twitter_card":"summary_large_image","twitter_creator":"@WirMachenAuf_de","twitter_site":"@WirMachenAuf_de","twitter_misc":{"Verfasst von":"rtnews","Gesch\u00e4tzte Lesezeit":"5\u00a0Minuten"},"schema":{"@context":"https:\/\/schema.org","@graph":[{"@type":"Article","@id":"https:\/\/now-news.de\/de\/deutschland\/warum-will-selenskij-so-dringend-in-die-eu\/#article","isPartOf":{"@id":"https:\/\/now-news.de\/de\/deutschland\/warum-will-selenskij-so-dringend-in-die-eu\/"},"author":{"name":"rtnews","@id":"https:\/\/now-news.de\/de\/#\/schema\/person\/fb534a4e865501d8b3285208df34a9b5"},"headline":"Warum will Selenskij so dringend in die EU?","datePublished":"2023-03-04T11:10:48+00:00","dateModified":"2023-03-04T11:10:48+00:00","mainEntityOfPage":{"@id":"https:\/\/now-news.de\/de\/deutschland\/warum-will-selenskij-so-dringend-in-die-eu\/"},"wordCount":930,"commentCount":0,"publisher":{"@id":"https:\/\/now-news.de\/de\/#organization"},"image":{"@id":"https:\/\/now-news.de\/de\/deutschland\/warum-will-selenskij-so-dringend-in-die-eu\/#primaryimage"},"thumbnailUrl":"https:\/\/now-news.de\/de\/wp-content\/uploads\/sites\/3\/2023\/03\/Warum-will-Selenskij-so-dringend-in-die-EU.jpg","keywords":["die","dringend","Selenskij","Warum"],"articleSection":["Deutschland","Russland"],"inLanguage":"de","potentialAction":[{"@type":"CommentAction","name":"Comment","target":["https:\/\/now-news.de\/de\/deutschland\/warum-will-selenskij-so-dringend-in-die-eu\/#respond"]}]},{"@type":"WebPage","@id":"https:\/\/now-news.de\/de\/deutschland\/warum-will-selenskij-so-dringend-in-die-eu\/","url":"https:\/\/now-news.de\/de\/deutschland\/warum-will-selenskij-so-dringend-in-die-eu\/","name":"Warum will Selenskij so dringend in die EU? - just-now.NEWS Deutschland","isPartOf":{"@id":"https:\/\/now-news.de\/de\/#website"},"primaryImageOfPage":{"@id":"https:\/\/now-news.de\/de\/deutschland\/warum-will-selenskij-so-dringend-in-die-eu\/#primaryimage"},"image":{"@id":"https:\/\/now-news.de\/de\/deutschland\/warum-will-selenskij-so-dringend-in-die-eu\/#primaryimage"},"thumbnailUrl":"https:\/\/now-news.de\/de\/wp-content\/uploads\/sites\/3\/2023\/03\/Warum-will-Selenskij-so-dringend-in-die-EU.jpg","datePublished":"2023-03-04T11:10:48+00:00","dateModified":"2023-03-04T11:10:48+00:00","breadcrumb":{"@id":"https:\/\/now-news.de\/de\/deutschland\/warum-will-selenskij-so-dringend-in-die-eu\/#breadcrumb"},"inLanguage":"de","potentialAction":[{"@type":"ReadAction","target":["https:\/\/now-news.de\/de\/deutschland\/warum-will-selenskij-so-dringend-in-die-eu\/"]}]},{"@type":"ImageObject","inLanguage":"de","@id":"https:\/\/now-news.de\/de\/deutschland\/warum-will-selenskij-so-dringend-in-die-eu\/#primaryimage","url":"https:\/\/now-news.de\/de\/wp-content\/uploads\/sites\/3\/2023\/03\/Warum-will-Selenskij-so-dringend-in-die-EU.jpg","contentUrl":"https:\/\/now-news.de\/de\/wp-content\/uploads\/sites\/3\/2023\/03\/Warum-will-Selenskij-so-dringend-in-die-EU.jpg","width":460,"height":259,"caption":"Warum will Selenskij so dringend in die EU?"},{"@type":"BreadcrumbList","@id":"https:\/\/now-news.de\/de\/deutschland\/warum-will-selenskij-so-dringend-in-die-eu\/#breadcrumb","itemListElement":[{"@type":"ListItem","position":1,"name":"Home","item":"https:\/\/now-news.de\/de\/"},{"@type":"ListItem","position":2,"name":"Warum will Selenskij so dringend in die EU?"}]},{"@type":"WebSite","@id":"https:\/\/now-news.de\/de\/#website","url":"https:\/\/now-news.de\/de\/","name":"just-now.NEWS Deutschland","description":"Das Portal f\u00fcr unzensierte Nachrichten aus der Welt","publisher":{"@id":"https:\/\/now-news.de\/de\/#organization"},"potentialAction":[{"@type":"SearchAction","target":{"@type":"EntryPoint","urlTemplate":"https:\/\/now-news.de\/de\/?s={search_term_string}"},"query-input":"required name=search_term_string"}],"inLanguage":"de"},{"@type":"Organization","@id":"https:\/\/now-news.de\/de\/#organization","name":"Just Now News","url":"https:\/\/now-news.de\/de\/","logo":{"@type":"ImageObject","inLanguage":"de","@id":"https:\/\/now-news.de\/de\/#\/schema\/logo\/image\/","url":"http:\/\/just-now.news\/de\/wp-content\/uploads\/sites\/3\/2022\/04\/logo500x500.jpg","contentUrl":"http:\/\/just-now.news\/de\/wp-content\/uploads\/sites\/3\/2022\/04\/logo500x500.jpg","width":500,"height":500,"caption":"Just Now News"},"image":{"@id":"https:\/\/now-news.de\/de\/#\/schema\/logo\/image\/"},"sameAs":["https:\/\/www.facebook.com\/wirmachenauf","https:\/\/x.com\/WirMachenAuf_de"]},{"@type":"Person","@id":"https:\/\/now-news.de\/de\/#\/schema\/person\/fb534a4e865501d8b3285208df34a9b5","name":"rtnews","image":{"@type":"ImageObject","inLanguage":"de","@id":"https:\/\/now-news.de\/de\/#\/schema\/person\/image\/","url":"https:\/\/secure.gravatar.com\/avatar\/82aafea7d8127119dd649515f56e2117?s=96&d=mm&r=g","contentUrl":"https:\/\/secure.gravatar.com\/avatar\/82aafea7d8127119dd649515f56e2117?s=96&d=mm&r=g","caption":"rtnews"},"url":"https:\/\/now-news.de\/de\/author\/rnews\/"}]}},"_links":{"self":[{"href":"https:\/\/now-news.de\/de\/wp-json\/wp\/v2\/posts\/31532"}],"collection":[{"href":"https:\/\/now-news.de\/de\/wp-json\/wp\/v2\/posts"}],"about":[{"href":"https:\/\/now-news.de\/de\/wp-json\/wp\/v2\/types\/post"}],"author":[{"embeddable":true,"href":"https:\/\/now-news.de\/de\/wp-json\/wp\/v2\/users\/3"}],"replies":[{"embeddable":true,"href":"https:\/\/now-news.de\/de\/wp-json\/wp\/v2\/comments?post=31532"}],"version-history":[{"count":0,"href":"https:\/\/now-news.de\/de\/wp-json\/wp\/v2\/posts\/31532\/revisions"}],"wp:featuredmedia":[{"embeddable":true,"href":"https:\/\/now-news.de\/de\/wp-json\/wp\/v2\/media\/31533"}],"wp:attachment":[{"href":"https:\/\/now-news.de\/de\/wp-json\/wp\/v2\/media?parent=31532"}],"wp:term":[{"taxonomy":"category","embeddable":true,"href":"https:\/\/now-news.de\/de\/wp-json\/wp\/v2\/categories?post=31532"},{"taxonomy":"post_tag","embeddable":true,"href":"https:\/\/now-news.de\/de\/wp-json\/wp\/v2\/tags?post=31532"}],"curies":[{"name":"wp","href":"https:\/\/api.w.org\/{rel}","templated":true}]}}