{"id":31513,"date":"2023-03-03T23:31:03","date_gmt":"2023-03-03T21:31:03","guid":{"rendered":"https:\/\/just-now.news\/de\/deutschland\/experten-fordern-deutschland-solle-die-geplante-eu-verordnung-zur-digitalen-ueberwachung-verhindern\/"},"modified":"2023-03-03T23:31:03","modified_gmt":"2023-03-03T21:31:03","slug":"experten-fordern-deutschland-solle-die-geplante-eu-verordnung-zur-digitalen-ueberwachung-verhindern","status":"publish","type":"post","link":"https:\/\/now-news.de\/de\/deutschland\/experten-fordern-deutschland-solle-die-geplante-eu-verordnung-zur-digitalen-ueberwachung-verhindern\/","title":{"rendered":"Experten fordern, Deutschland solle die geplante EU-Verordnung zur digitalen \u00dcberwachung verhindern"},"content":{"rendered":"<p><img decoding=\"async\" src=\"http:\/\/just-now.news\/de\/wp-content\/uploads\/sites\/3\/2023\/03\/64022abab480cc335930a5b6.jpg\" \/><\/p>\n<div class=\"Text-root Text-type_1 \">\n                Im Digitalausschuss des Bundestags wurden neun Sachverst\u00e4ndige zur geplanten EU-Chatkontrollverordnung geh\u00f6rt. Einstimmig erkl\u00e4rten sie die EU-Verordnung f\u00fcr unvereinbar mit dem Recht auf Privatsph\u00e4re. Es handele sich bei dem Gesetz um eine anlasslose Massen\u00fcberwachung. Kinderschutz m\u00fcsse anders realisiert werden, so die Kritiker.\n            <\/div>\n<p><\/p>\n<div class=\"Text-root Text-type_5 ArticleView-text ViewText-root \">\n<p>Zum umstrittenen Gesetzesvorschlag der EU-Kommission, beim es um die Bek\u00e4mpfung von Gewalt gegen Kinder gehen soll, der sogenannten CSAM-Verordnung, tagte am Donnerstag der <a rel=\"nofollow noopener\" target=\"_blank\" href=\"https:\/\/www.bundestag.de\/ausschuesse\/a23_digitales\/Anhoerungen\/932296-932296\">Digitalausschuss<\/a> des deutschen Bundestags. Dabei wurden neun Sachverst\u00e4ndige zum geplanten EU-Gesetz zur Chatkontrolle angeh\u00f6rt. Das Ergebnis der Anh\u00f6rungen <a rel=\"nofollow noopener\" target=\"_blank\" href=\"https:\/\/netzpolitik.org\/2023\/anhoerung-im-bundestag-neun-zu-null-gegen-die-chatkontrolle\/\">fasste<\/a> das Fachportal <em>Netzpolitik.org<\/em> noch am selben Tag zusammen.<\/p>\n<p>Nach der EU-Gesetzesvorlage w\u00fcrden Anbieter von Messenger-, E-Mail- und Clouddiensten dazu verpflichtet, auf Anordnung Inhalte zu scannen und sie im Verdachtsfalle an Ermittlungsbeh\u00f6rden zu weiterzuleiten. Diese Ma\u00dfnahme, auch Chatkontrolle genannt, bewerteten Gegner als anlasslose Massen\u00fcberwachung, welche nicht mit Freiheitsrechten zu vereinbaren sie. Der Gesetzesentwurf beinhalte zudem das sogenannte <a rel=\"nofollow noopener\" target=\"_blank\" href=\"https:\/\/netzpolitik.org\/2023\/umstrittene-eu-verordnung-der-chatkontrolle-endlich-alle-giftzaehne-ziehen\/\">Client-Side-Scanning<\/a>, also das Scannen von Bild-, Video-, Text- und Audionachrichten bevor diese Nachrichten vom Nutzer verschl\u00fcsselt versendet w\u00fcrden.<\/p>\n<p><strong>Digitalkontrolle und Anlasslose Massen\u00fcberwachung<\/strong><\/p>\n<p>Bereits am Mittwoch inszenierte der Verein Digitalcourage e.V. eine Kunstaktion vor dem Reichstagsgeb\u00e4ude zum Thema Digitalkontrolle. Dabei konnten Passanten ihr Smartphone in eine improvisierte &#8220;Pr\u00fcfvorrichtung&#8221; stellen und ihr Handy auf verd\u00e4chtige Texte und Inhalte &#8220;scannen&#8221; lassen. Beim Ert\u00f6nen einer Warnleuchte w\u00fcrden die Smartphone-Inhalte automatisch an die Beh\u00f6rden weitergeleitet, lautete die Botschaft bei der Kunstaktion. Digitalcourage setzt sich f\u00fcr den Schutz der Privatsph\u00e4re und von personenbezogenen Daten ein. Zum geplanten EU-Gesetz habe der Sprecher des Datenschutzvereins erkl\u00e4rt:<\/p>\n<blockquote>\n<p><em>&#8220;Die Chatkontrolle ist nichts anderes als eine anlasslose Massen\u00fcberwachung ohne Verdacht: Alle Handys, alle Onlinekommunikation ist davon betroffen.&#8221;<\/em><\/p>\n<\/blockquote>\n<p>Die Aktion vor dem Reichstag sei dem Bericht von <em>Netzpolitik.org<\/em> zufolge auch von drei Bundestagesabgeordneten unterst\u00fctzt worden. Digitalausschuss-Mitglied Anna Kassautzki von der SPD sagte vor Ort, die SPD sei gegen die Massen\u00fcberwachung und gegen die geplante Verordnung. So stehe es zudem im Koalitionsvertrag, merkte die SPD-Frau an. Von der Linkspartei beteiligte sich Anke Domscheit-Berg mit einem Hinweis auf ein neues <a rel=\"nofollow noopener\" target=\"_blank\" href=\"https:\/\/netzpolitik.org\/2023\/positionspapier-innenministerium-macht-wenig-zugestaendnisse-bei-chatkontrolle\/\">Positionspapier<\/a> des Innenministeriums zur Chatkontrolle. <em>Netzpolitik.org<\/em> habe das Dokument am Tag vor der Anh\u00f6rung exklusiv ver\u00f6ffentlicht.<\/p>\n<p>In der einer <a rel=\"nofollow noopener\" target=\"_blank\" href=\"https:\/\/www.bundestag.de\/ausschuesse\/a23_digitales\/Anhoerungen\/932296-932296\">Stellungnahme<\/a> \u00fcber den Digitalausschuss auf der Webseite des deutschen Bundestag wurde die Bewertung der Sprecherin des <a rel=\"nofollow noopener\" target=\"_blank\" href=\"https:\/\/www.ccc.de\/\">Chaos-Computer-Clubs<\/a> (CCC), Elina Eickst\u00e4dt, des EU-Vorhabens zur Chatkontrolle wiedergegeben. Demnach\u00a0verfehle der Verordnungsentwurf &#8220;grunds\u00e4tzlich das Ziel, Kindesmissbrauchsdarstellungen entgegenzutreten&#8221; habe die Informatikerin festgestellt. Dem Entwurf liege eine &#8220;krasse \u00dcbersch\u00e4tzung von F\u00e4higkeiten von Technologien&#8221;, zugrunde, insbesondere was das Erkennen von unbekanntem Material angehe, so Eickst\u00e4dt.\u00a0<\/p>\n<p>In einer umfassenden eigenen <a rel=\"nofollow noopener\" target=\"_blank\" href=\"https:\/\/www.bundestag.de\/resource\/blob\/935528\/05e852168f6e6ff4e81a2c5cb1d1e9a1\/Stellungnahme-Eickstaedt-data.pdf\">Stellungnahme<\/a> kritisierte die Informatikerin Eickst\u00e4dt die Fehlerquote dieser Technologie. Sie l\u00e4ge demnach im einstelligen Prozentbereich, hie\u00df es in dem Bericht der CCC-Sprecherin. &#8220;Bei einer Million gepr\u00fcften Bildern<br \/>und mit einer niedrig angesetzten Fehlerquote von 1\u00a0Prozent habe man es bereits mit 10.000\u00a0Falschmeldungen zu tun, diese m\u00fcssten dann entsprechend durch Anbieter oder das EU-Center gesichtet werden,&#8221; berechnete Eickst\u00e4dt die Fehlerquote bei der Kindesmissbrauchsbeschuldigung. Die CCC-Sprecherin gab auch zu Bedenken, dass das geplante Gesetz eine Ausweispflicht im Internet mit sich br\u00e4chte und dass Netzsperren zu &#8220;Zensurtools sondergleichen&#8221; werden k\u00f6nnten.<\/p>\n<p><strong>Oberstaatsanwalt Markus Hartmann: Keine Strafverfolgung um den Preis des Verlusts der Privatsph\u00e4re<\/strong><\/p>\n<p>Dem <a rel=\"nofollow noopener\" target=\"_blank\" href=\"https:\/\/netzpolitik.org\/2023\/positionspapier-innenministerium-macht-wenig-zugestaendnisse-bei-chatkontrolle\/\">Positionspapier<\/a> zufolge, wolle sich die deutsche Regierung auf EU-Ebene gegen die \u00dcberwachung mittels Client-Side-Scanning aussprechen. Bei vielen anderen Punkten sei sich die Koalition aber noch nicht einig: Unter anderem bei der \u00dcberwachung von E-Mails oder privaten Cloudspeichern. Bei der Anh\u00f6rung der neun Sachverst\u00e4ndigen sei im Digitalausschuss am Donnerstag aber schnell deutlich geworden: Juristisch und technisch k\u00f6nne man die Chatkontrolle nach Meinung der Experten nicht umsetzen.<\/p>\n<p>Der Leiter der Zentral- und Ansprechstelle Cybercrime Nordrhein-Westfalen (ZAC NRW), Markus Hartmann, habe zwar von einer &#8220;grunds\u00e4tzlich richtigen Initiative&#8221; gegen sexualisierte Gewalt gesprochen. Aber es gebe hier &#8220;<a rel=\"nofollow noopener\" target=\"_blank\" href=\"https:\/\/www.heise.de\/meinung\/Kommentar-zur-Chatkontrolle-richtiges-Ziel-falscher-Weg-7531658.html\">keine Strafverfolgung um jeden Preis<\/a>&#8220;. Nach Hartmanns Auffassung sei der Eingriff in die Privatsph\u00e4re durch die Chatkontrolle zu hoch und st\u00fcnde nicht im Einklang mit den Grundrechten. Der Oberstaatsanwalt Hartmann habe auch erl\u00e4utert, warum K\u00fcnstliche Intelligenz zur Erkennung von Missbrauchsmaterial zur Begr\u00fcndung eines Anfangsverdachts fachlich nicht geeignet sei.<\/p>\n<p>Gem\u00e4\u00df der Expertise von Joachim T\u00fcrk vom Kinderschutzbund w\u00fcrden viele in der Verordnung f\u00e4lschlicherweise einen Wettstreit zwischen Kinder- und Datenschutz sehen. &#8220;Vertrauliche, un\u00fcberwachte Kommunikation\u00a0ist eine wichtige S\u00e4ule der Demokratie, die Vertrauen schafft und f\u00fcr heranwachsende Kinder unerl\u00e4sslich ist.&#8221;, zitierte <em>Netzpolitik.org<\/em> den Kinderschutzbeauftragten.<\/p>\n<p>Gegen eine Chatkontrolle seien auch der Bundesdatenschutzbeauftrage Ulrich Kelber und Felix Reda von der Gesellschaft f\u00fcr Freiheitsrechte. Nach Kelbers Auffassung seien die Ma\u00dfnahmen &#8220;weit au\u00dferhalb jeglicher Verh\u00e4ltnism\u00e4\u00dfigkeit&#8221;. Reda kritisiere, dass die Chatkontrolle den Wesensgehalt des Rechts auf Privatsph\u00e4re verletze. Dementsprechend sei ein Scheitern des Gesetzesvorhabens vor dem Europ\u00e4ischen Gerichtshof (EuGH) seiner Ansicht nach vorprogrammiert. Im weiteren Gesetzgebungsprozess im Rat der Europ\u00e4ischen Union m\u00fcsse sich Deutschland gegen die Chatkontrolle aussprechen, so Reda.<\/p>\n<p>Ihm zufolge solle man versuchen, gemeinsam mit \u00d6sterreich, den Niederlanden und einem weiteren EU-Mitgliedsstaat eine Sperrminorit\u00e4t zu erreichen. Die Sachverst\u00e4ndigen im Digitalausschuss pl\u00e4dierten einstimmig gegen die digitale Chatkontrolle und forderten vom deutschen Innenministerium, sich gegen das EU-Gesetzesvorhaben zu positionieren.<\/p>\n<p><strong>Mehr zum Thema<\/strong>\u00a0\u2013\u00a0<a rel=\"nofollow noopener\" target=\"_blank\" href=\"https:\/\/pressefreiheit.rtde.live\/inland\/163261-freigabe-personenbezogener-patientendaten-fuer-forschungszwecke\/\">F\u00fcr &#8220;Forschungszwecke&#8221;: Lobbyisten fordern Freigabe personenbezogener Patientendaten<\/a><\/p>\n<\/p>\n<\/div>\n<p><br \/>\n<br \/><a href=\"https:\/\/de.rt.com\/europa\/164440-experten-fordern-deutschland-solle-geplante\/\">Source link <\/a><\/p>\n","protected":false},"excerpt":{"rendered":"<p>Im Digitalausschuss des Bundestags wurden neun Sachverst\u00e4ndige zur geplanten EU-Chatkontrollverordnung geh\u00f6rt. Einstimmig erkl\u00e4rten sie die EU-Verordnung f\u00fcr unvereinbar mit dem Recht auf Privatsph\u00e4re. Es handele sich bei dem Gesetz um eine anlasslose Massen\u00fcberwachung. Kinderschutz m\u00fcsse anders realisiert werden, so die Kritiker. Zum umstrittenen Gesetzesvorschlag der EU-Kommission, beim es um die Bek\u00e4mpfung von Gewalt gegen Kinder [&hellip;]<\/p>\n","protected":false},"author":3,"featured_media":31514,"comment_status":"open","ping_status":"open","sticky":false,"template":"","format":"standard","meta":{"_yoast_indexnow_last_ping":["1677879726"],"wp_automatic_camp":["217"],"df6e2b0c26455a89e2cfd97b9effdaf9":["Experten fordern, Deutschland solle die geplante EU-Verordnung zur digitalen \u00dcberwachung verhindern"],"original_link":["https:\/\/de.rt.com\/europa\/164440-experten-fordern-deutschland-solle-geplante\/"],"_thumbnail_id":["31514"],"_wptgpro_p2tg_sent2tg":["a:1:{i:23737;s:19:\"2023-03-03 23:43:25\";}"],"jnews_social_counter_last_update":["1777411558"]},"categories":[19,23],"tags":[179,45,25707,41505,3312,3657,10358,6614,3090,1045,581],"yoast_head":"<!-- This site is optimized with the Yoast SEO Premium plugin v22.7 (Yoast SEO v22.7) - https:\/\/yoast.com\/wordpress\/plugins\/seo\/ -->\n<title>Experten fordern, Deutschland solle die geplante EU-Verordnung zur digitalen \u00dcberwachung verhindern - just-now.NEWS Deutschland<\/title>\n<meta name=\"robots\" content=\"index, follow, max-snippet:-1, max-image-preview:large, max-video-preview:-1\" \/>\n<link rel=\"canonical\" href=\"https:\/\/now-news.de\/de\/deutschland\/experten-fordern-deutschland-solle-die-geplante-eu-verordnung-zur-digitalen-ueberwachung-verhindern\/\" \/>\n<meta property=\"og:locale\" content=\"de_DE\" \/>\n<meta property=\"og:type\" content=\"article\" \/>\n<meta property=\"og:title\" content=\"Experten fordern, Deutschland solle die geplante EU-Verordnung zur digitalen \u00dcberwachung verhindern\" \/>\n<meta property=\"og:description\" content=\"Im Digitalausschuss des Bundestags wurden neun Sachverst\u00e4ndige zur geplanten EU-Chatkontrollverordnung geh\u00f6rt. Einstimmig erkl\u00e4rten sie die EU-Verordnung f\u00fcr unvereinbar mit dem Recht auf Privatsph\u00e4re. Es handele sich bei dem Gesetz um eine anlasslose Massen\u00fcberwachung. Kinderschutz m\u00fcsse anders realisiert werden, so die Kritiker. Zum umstrittenen Gesetzesvorschlag der EU-Kommission, beim es um die Bek\u00e4mpfung von Gewalt gegen Kinder [&hellip;]\" \/>\n<meta property=\"og:url\" content=\"https:\/\/now-news.de\/de\/deutschland\/experten-fordern-deutschland-solle-die-geplante-eu-verordnung-zur-digitalen-ueberwachung-verhindern\/\" \/>\n<meta property=\"og:site_name\" content=\"just-now.NEWS Deutschland\" \/>\n<meta property=\"article:publisher\" content=\"https:\/\/www.facebook.com\/wirmachenauf\" \/>\n<meta property=\"article:published_time\" content=\"2023-03-03T21:31:03+00:00\" \/>\n<meta property=\"og:image\" content=\"https:\/\/now-news.de\/de\/wp-content\/uploads\/sites\/3\/2023\/03\/Experten-fordern-Deutschland-solle-die-geplante-EU-Verordnung-zur-digitalen-Ueberwachung.jpg\" \/>\n\t<meta property=\"og:image:width\" content=\"460\" \/>\n\t<meta property=\"og:image:height\" content=\"259\" \/>\n\t<meta property=\"og:image:type\" content=\"image\/jpeg\" \/>\n<meta name=\"author\" content=\"rtnews\" \/>\n<meta name=\"twitter:card\" content=\"summary_large_image\" \/>\n<meta name=\"twitter:creator\" content=\"@WirMachenAuf_de\" \/>\n<meta name=\"twitter:site\" content=\"@WirMachenAuf_de\" \/>\n<meta name=\"twitter:label1\" content=\"Verfasst von\" \/>\n\t<meta name=\"twitter:data1\" content=\"rtnews\" \/>\n\t<meta name=\"twitter:label2\" content=\"Gesch\u00e4tzte Lesezeit\" \/>\n\t<meta name=\"twitter:data2\" content=\"4\u00a0Minuten\" \/>\n<script type=\"application\/ld+json\" class=\"yoast-schema-graph\">{\"@context\":\"https:\/\/schema.org\",\"@graph\":[{\"@type\":\"Article\",\"@id\":\"https:\/\/now-news.de\/de\/deutschland\/experten-fordern-deutschland-solle-die-geplante-eu-verordnung-zur-digitalen-ueberwachung-verhindern\/#article\",\"isPartOf\":{\"@id\":\"https:\/\/now-news.de\/de\/deutschland\/experten-fordern-deutschland-solle-die-geplante-eu-verordnung-zur-digitalen-ueberwachung-verhindern\/\"},\"author\":{\"name\":\"rtnews\",\"@id\":\"https:\/\/now-news.de\/de\/#\/schema\/person\/fb534a4e865501d8b3285208df34a9b5\"},\"headline\":\"Experten fordern, Deutschland solle die geplante EU-Verordnung zur digitalen \u00dcberwachung verhindern\",\"datePublished\":\"2023-03-03T21:31:03+00:00\",\"dateModified\":\"2023-03-03T21:31:03+00:00\",\"mainEntityOfPage\":{\"@id\":\"https:\/\/now-news.de\/de\/deutschland\/experten-fordern-deutschland-solle-die-geplante-eu-verordnung-zur-digitalen-ueberwachung-verhindern\/\"},\"wordCount\":891,\"commentCount\":0,\"publisher\":{\"@id\":\"https:\/\/now-news.de\/de\/#organization\"},\"image\":{\"@id\":\"https:\/\/now-news.de\/de\/deutschland\/experten-fordern-deutschland-solle-die-geplante-eu-verordnung-zur-digitalen-ueberwachung-verhindern\/#primaryimage\"},\"thumbnailUrl\":\"https:\/\/now-news.de\/de\/wp-content\/uploads\/sites\/3\/2023\/03\/Experten-fordern-Deutschland-solle-die-geplante-EU-Verordnung-zur-digitalen-Ueberwachung.jpg\",\"keywords\":[\"Deutschland\",\"die\",\"digitalen\",\"EUVerordnung\",\"Experten\",\"f\u00f6rdern\",\"geplante\",\"solle\",\"\u00dcberwachung\",\"verhindern\",\"zur\"],\"articleSection\":[\"Deutschland\",\"Russland\"],\"inLanguage\":\"de\",\"potentialAction\":[{\"@type\":\"CommentAction\",\"name\":\"Comment\",\"target\":[\"https:\/\/now-news.de\/de\/deutschland\/experten-fordern-deutschland-solle-die-geplante-eu-verordnung-zur-digitalen-ueberwachung-verhindern\/#respond\"]}]},{\"@type\":\"WebPage\",\"@id\":\"https:\/\/now-news.de\/de\/deutschland\/experten-fordern-deutschland-solle-die-geplante-eu-verordnung-zur-digitalen-ueberwachung-verhindern\/\",\"url\":\"https:\/\/now-news.de\/de\/deutschland\/experten-fordern-deutschland-solle-die-geplante-eu-verordnung-zur-digitalen-ueberwachung-verhindern\/\",\"name\":\"Experten fordern, Deutschland solle die geplante EU-Verordnung zur digitalen \u00dcberwachung verhindern - just-now.NEWS Deutschland\",\"isPartOf\":{\"@id\":\"https:\/\/now-news.de\/de\/#website\"},\"primaryImageOfPage\":{\"@id\":\"https:\/\/now-news.de\/de\/deutschland\/experten-fordern-deutschland-solle-die-geplante-eu-verordnung-zur-digitalen-ueberwachung-verhindern\/#primaryimage\"},\"image\":{\"@id\":\"https:\/\/now-news.de\/de\/deutschland\/experten-fordern-deutschland-solle-die-geplante-eu-verordnung-zur-digitalen-ueberwachung-verhindern\/#primaryimage\"},\"thumbnailUrl\":\"https:\/\/now-news.de\/de\/wp-content\/uploads\/sites\/3\/2023\/03\/Experten-fordern-Deutschland-solle-die-geplante-EU-Verordnung-zur-digitalen-Ueberwachung.jpg\",\"datePublished\":\"2023-03-03T21:31:03+00:00\",\"dateModified\":\"2023-03-03T21:31:03+00:00\",\"breadcrumb\":{\"@id\":\"https:\/\/now-news.de\/de\/deutschland\/experten-fordern-deutschland-solle-die-geplante-eu-verordnung-zur-digitalen-ueberwachung-verhindern\/#breadcrumb\"},\"inLanguage\":\"de\",\"potentialAction\":[{\"@type\":\"ReadAction\",\"target\":[\"https:\/\/now-news.de\/de\/deutschland\/experten-fordern-deutschland-solle-die-geplante-eu-verordnung-zur-digitalen-ueberwachung-verhindern\/\"]}]},{\"@type\":\"ImageObject\",\"inLanguage\":\"de\",\"@id\":\"https:\/\/now-news.de\/de\/deutschland\/experten-fordern-deutschland-solle-die-geplante-eu-verordnung-zur-digitalen-ueberwachung-verhindern\/#primaryimage\",\"url\":\"https:\/\/now-news.de\/de\/wp-content\/uploads\/sites\/3\/2023\/03\/Experten-fordern-Deutschland-solle-die-geplante-EU-Verordnung-zur-digitalen-Ueberwachung.jpg\",\"contentUrl\":\"https:\/\/now-news.de\/de\/wp-content\/uploads\/sites\/3\/2023\/03\/Experten-fordern-Deutschland-solle-die-geplante-EU-Verordnung-zur-digitalen-Ueberwachung.jpg\",\"width\":460,\"height\":259,\"caption\":\"Experten fordern, Deutschland solle die geplante EU-Verordnung zur digitalen \u00dcberwachung verhindern\"},{\"@type\":\"BreadcrumbList\",\"@id\":\"https:\/\/now-news.de\/de\/deutschland\/experten-fordern-deutschland-solle-die-geplante-eu-verordnung-zur-digitalen-ueberwachung-verhindern\/#breadcrumb\",\"itemListElement\":[{\"@type\":\"ListItem\",\"position\":1,\"name\":\"Home\",\"item\":\"https:\/\/now-news.de\/de\/\"},{\"@type\":\"ListItem\",\"position\":2,\"name\":\"Experten fordern, Deutschland solle die geplante EU-Verordnung zur digitalen \u00dcberwachung verhindern\"}]},{\"@type\":\"WebSite\",\"@id\":\"https:\/\/now-news.de\/de\/#website\",\"url\":\"https:\/\/now-news.de\/de\/\",\"name\":\"just-now.NEWS Deutschland\",\"description\":\"Das Portal f\u00fcr unzensierte Nachrichten aus der Welt\",\"publisher\":{\"@id\":\"https:\/\/now-news.de\/de\/#organization\"},\"potentialAction\":[{\"@type\":\"SearchAction\",\"target\":{\"@type\":\"EntryPoint\",\"urlTemplate\":\"https:\/\/now-news.de\/de\/?s={search_term_string}\"},\"query-input\":\"required name=search_term_string\"}],\"inLanguage\":\"de\"},{\"@type\":\"Organization\",\"@id\":\"https:\/\/now-news.de\/de\/#organization\",\"name\":\"Just Now News\",\"url\":\"https:\/\/now-news.de\/de\/\",\"logo\":{\"@type\":\"ImageObject\",\"inLanguage\":\"de\",\"@id\":\"https:\/\/now-news.de\/de\/#\/schema\/logo\/image\/\",\"url\":\"http:\/\/just-now.news\/de\/wp-content\/uploads\/sites\/3\/2022\/04\/logo500x500.jpg\",\"contentUrl\":\"http:\/\/just-now.news\/de\/wp-content\/uploads\/sites\/3\/2022\/04\/logo500x500.jpg\",\"width\":500,\"height\":500,\"caption\":\"Just Now News\"},\"image\":{\"@id\":\"https:\/\/now-news.de\/de\/#\/schema\/logo\/image\/\"},\"sameAs\":[\"https:\/\/www.facebook.com\/wirmachenauf\",\"https:\/\/x.com\/WirMachenAuf_de\"]},{\"@type\":\"Person\",\"@id\":\"https:\/\/now-news.de\/de\/#\/schema\/person\/fb534a4e865501d8b3285208df34a9b5\",\"name\":\"rtnews\",\"image\":{\"@type\":\"ImageObject\",\"inLanguage\":\"de\",\"@id\":\"https:\/\/now-news.de\/de\/#\/schema\/person\/image\/\",\"url\":\"https:\/\/secure.gravatar.com\/avatar\/82aafea7d8127119dd649515f56e2117?s=96&d=mm&r=g\",\"contentUrl\":\"https:\/\/secure.gravatar.com\/avatar\/82aafea7d8127119dd649515f56e2117?s=96&d=mm&r=g\",\"caption\":\"rtnews\"},\"url\":\"https:\/\/now-news.de\/de\/author\/rnews\/\"}]}<\/script>\n<!-- \/ Yoast SEO Premium plugin. -->","yoast_head_json":{"title":"Experten fordern, Deutschland solle die geplante EU-Verordnung zur digitalen \u00dcberwachung verhindern - just-now.NEWS Deutschland","robots":{"index":"index","follow":"follow","max-snippet":"max-snippet:-1","max-image-preview":"max-image-preview:large","max-video-preview":"max-video-preview:-1"},"canonical":"https:\/\/now-news.de\/de\/deutschland\/experten-fordern-deutschland-solle-die-geplante-eu-verordnung-zur-digitalen-ueberwachung-verhindern\/","og_locale":"de_DE","og_type":"article","og_title":"Experten fordern, Deutschland solle die geplante EU-Verordnung zur digitalen \u00dcberwachung verhindern","og_description":"Im Digitalausschuss des Bundestags wurden neun Sachverst\u00e4ndige zur geplanten EU-Chatkontrollverordnung geh\u00f6rt. Einstimmig erkl\u00e4rten sie die EU-Verordnung f\u00fcr unvereinbar mit dem Recht auf Privatsph\u00e4re. Es handele sich bei dem Gesetz um eine anlasslose Massen\u00fcberwachung. Kinderschutz m\u00fcsse anders realisiert werden, so die Kritiker. Zum umstrittenen Gesetzesvorschlag der EU-Kommission, beim es um die Bek\u00e4mpfung von Gewalt gegen Kinder [&hellip;]","og_url":"https:\/\/now-news.de\/de\/deutschland\/experten-fordern-deutschland-solle-die-geplante-eu-verordnung-zur-digitalen-ueberwachung-verhindern\/","og_site_name":"just-now.NEWS Deutschland","article_publisher":"https:\/\/www.facebook.com\/wirmachenauf","article_published_time":"2023-03-03T21:31:03+00:00","og_image":[{"width":460,"height":259,"url":"https:\/\/now-news.de\/de\/wp-content\/uploads\/sites\/3\/2023\/03\/Experten-fordern-Deutschland-solle-die-geplante-EU-Verordnung-zur-digitalen-Ueberwachung.jpg","type":"image\/jpeg"}],"author":"rtnews","twitter_card":"summary_large_image","twitter_creator":"@WirMachenAuf_de","twitter_site":"@WirMachenAuf_de","twitter_misc":{"Verfasst von":"rtnews","Gesch\u00e4tzte Lesezeit":"4\u00a0Minuten"},"schema":{"@context":"https:\/\/schema.org","@graph":[{"@type":"Article","@id":"https:\/\/now-news.de\/de\/deutschland\/experten-fordern-deutschland-solle-die-geplante-eu-verordnung-zur-digitalen-ueberwachung-verhindern\/#article","isPartOf":{"@id":"https:\/\/now-news.de\/de\/deutschland\/experten-fordern-deutschland-solle-die-geplante-eu-verordnung-zur-digitalen-ueberwachung-verhindern\/"},"author":{"name":"rtnews","@id":"https:\/\/now-news.de\/de\/#\/schema\/person\/fb534a4e865501d8b3285208df34a9b5"},"headline":"Experten fordern, Deutschland solle die geplante EU-Verordnung zur digitalen \u00dcberwachung verhindern","datePublished":"2023-03-03T21:31:03+00:00","dateModified":"2023-03-03T21:31:03+00:00","mainEntityOfPage":{"@id":"https:\/\/now-news.de\/de\/deutschland\/experten-fordern-deutschland-solle-die-geplante-eu-verordnung-zur-digitalen-ueberwachung-verhindern\/"},"wordCount":891,"commentCount":0,"publisher":{"@id":"https:\/\/now-news.de\/de\/#organization"},"image":{"@id":"https:\/\/now-news.de\/de\/deutschland\/experten-fordern-deutschland-solle-die-geplante-eu-verordnung-zur-digitalen-ueberwachung-verhindern\/#primaryimage"},"thumbnailUrl":"https:\/\/now-news.de\/de\/wp-content\/uploads\/sites\/3\/2023\/03\/Experten-fordern-Deutschland-solle-die-geplante-EU-Verordnung-zur-digitalen-Ueberwachung.jpg","keywords":["Deutschland","die","digitalen","EUVerordnung","Experten","f\u00f6rdern","geplante","solle","\u00dcberwachung","verhindern","zur"],"articleSection":["Deutschland","Russland"],"inLanguage":"de","potentialAction":[{"@type":"CommentAction","name":"Comment","target":["https:\/\/now-news.de\/de\/deutschland\/experten-fordern-deutschland-solle-die-geplante-eu-verordnung-zur-digitalen-ueberwachung-verhindern\/#respond"]}]},{"@type":"WebPage","@id":"https:\/\/now-news.de\/de\/deutschland\/experten-fordern-deutschland-solle-die-geplante-eu-verordnung-zur-digitalen-ueberwachung-verhindern\/","url":"https:\/\/now-news.de\/de\/deutschland\/experten-fordern-deutschland-solle-die-geplante-eu-verordnung-zur-digitalen-ueberwachung-verhindern\/","name":"Experten fordern, Deutschland solle die geplante EU-Verordnung zur digitalen \u00dcberwachung verhindern - just-now.NEWS Deutschland","isPartOf":{"@id":"https:\/\/now-news.de\/de\/#website"},"primaryImageOfPage":{"@id":"https:\/\/now-news.de\/de\/deutschland\/experten-fordern-deutschland-solle-die-geplante-eu-verordnung-zur-digitalen-ueberwachung-verhindern\/#primaryimage"},"image":{"@id":"https:\/\/now-news.de\/de\/deutschland\/experten-fordern-deutschland-solle-die-geplante-eu-verordnung-zur-digitalen-ueberwachung-verhindern\/#primaryimage"},"thumbnailUrl":"https:\/\/now-news.de\/de\/wp-content\/uploads\/sites\/3\/2023\/03\/Experten-fordern-Deutschland-solle-die-geplante-EU-Verordnung-zur-digitalen-Ueberwachung.jpg","datePublished":"2023-03-03T21:31:03+00:00","dateModified":"2023-03-03T21:31:03+00:00","breadcrumb":{"@id":"https:\/\/now-news.de\/de\/deutschland\/experten-fordern-deutschland-solle-die-geplante-eu-verordnung-zur-digitalen-ueberwachung-verhindern\/#breadcrumb"},"inLanguage":"de","potentialAction":[{"@type":"ReadAction","target":["https:\/\/now-news.de\/de\/deutschland\/experten-fordern-deutschland-solle-die-geplante-eu-verordnung-zur-digitalen-ueberwachung-verhindern\/"]}]},{"@type":"ImageObject","inLanguage":"de","@id":"https:\/\/now-news.de\/de\/deutschland\/experten-fordern-deutschland-solle-die-geplante-eu-verordnung-zur-digitalen-ueberwachung-verhindern\/#primaryimage","url":"https:\/\/now-news.de\/de\/wp-content\/uploads\/sites\/3\/2023\/03\/Experten-fordern-Deutschland-solle-die-geplante-EU-Verordnung-zur-digitalen-Ueberwachung.jpg","contentUrl":"https:\/\/now-news.de\/de\/wp-content\/uploads\/sites\/3\/2023\/03\/Experten-fordern-Deutschland-solle-die-geplante-EU-Verordnung-zur-digitalen-Ueberwachung.jpg","width":460,"height":259,"caption":"Experten fordern, Deutschland solle die geplante EU-Verordnung zur digitalen \u00dcberwachung verhindern"},{"@type":"BreadcrumbList","@id":"https:\/\/now-news.de\/de\/deutschland\/experten-fordern-deutschland-solle-die-geplante-eu-verordnung-zur-digitalen-ueberwachung-verhindern\/#breadcrumb","itemListElement":[{"@type":"ListItem","position":1,"name":"Home","item":"https:\/\/now-news.de\/de\/"},{"@type":"ListItem","position":2,"name":"Experten fordern, Deutschland solle die geplante EU-Verordnung zur digitalen \u00dcberwachung verhindern"}]},{"@type":"WebSite","@id":"https:\/\/now-news.de\/de\/#website","url":"https:\/\/now-news.de\/de\/","name":"just-now.NEWS Deutschland","description":"Das Portal f\u00fcr unzensierte Nachrichten aus der Welt","publisher":{"@id":"https:\/\/now-news.de\/de\/#organization"},"potentialAction":[{"@type":"SearchAction","target":{"@type":"EntryPoint","urlTemplate":"https:\/\/now-news.de\/de\/?s={search_term_string}"},"query-input":"required name=search_term_string"}],"inLanguage":"de"},{"@type":"Organization","@id":"https:\/\/now-news.de\/de\/#organization","name":"Just Now News","url":"https:\/\/now-news.de\/de\/","logo":{"@type":"ImageObject","inLanguage":"de","@id":"https:\/\/now-news.de\/de\/#\/schema\/logo\/image\/","url":"http:\/\/just-now.news\/de\/wp-content\/uploads\/sites\/3\/2022\/04\/logo500x500.jpg","contentUrl":"http:\/\/just-now.news\/de\/wp-content\/uploads\/sites\/3\/2022\/04\/logo500x500.jpg","width":500,"height":500,"caption":"Just Now News"},"image":{"@id":"https:\/\/now-news.de\/de\/#\/schema\/logo\/image\/"},"sameAs":["https:\/\/www.facebook.com\/wirmachenauf","https:\/\/x.com\/WirMachenAuf_de"]},{"@type":"Person","@id":"https:\/\/now-news.de\/de\/#\/schema\/person\/fb534a4e865501d8b3285208df34a9b5","name":"rtnews","image":{"@type":"ImageObject","inLanguage":"de","@id":"https:\/\/now-news.de\/de\/#\/schema\/person\/image\/","url":"https:\/\/secure.gravatar.com\/avatar\/82aafea7d8127119dd649515f56e2117?s=96&d=mm&r=g","contentUrl":"https:\/\/secure.gravatar.com\/avatar\/82aafea7d8127119dd649515f56e2117?s=96&d=mm&r=g","caption":"rtnews"},"url":"https:\/\/now-news.de\/de\/author\/rnews\/"}]}},"_links":{"self":[{"href":"https:\/\/now-news.de\/de\/wp-json\/wp\/v2\/posts\/31513"}],"collection":[{"href":"https:\/\/now-news.de\/de\/wp-json\/wp\/v2\/posts"}],"about":[{"href":"https:\/\/now-news.de\/de\/wp-json\/wp\/v2\/types\/post"}],"author":[{"embeddable":true,"href":"https:\/\/now-news.de\/de\/wp-json\/wp\/v2\/users\/3"}],"replies":[{"embeddable":true,"href":"https:\/\/now-news.de\/de\/wp-json\/wp\/v2\/comments?post=31513"}],"version-history":[{"count":0,"href":"https:\/\/now-news.de\/de\/wp-json\/wp\/v2\/posts\/31513\/revisions"}],"wp:featuredmedia":[{"embeddable":true,"href":"https:\/\/now-news.de\/de\/wp-json\/wp\/v2\/media\/31514"}],"wp:attachment":[{"href":"https:\/\/now-news.de\/de\/wp-json\/wp\/v2\/media?parent=31513"}],"wp:term":[{"taxonomy":"category","embeddable":true,"href":"https:\/\/now-news.de\/de\/wp-json\/wp\/v2\/categories?post=31513"},{"taxonomy":"post_tag","embeddable":true,"href":"https:\/\/now-news.de\/de\/wp-json\/wp\/v2\/tags?post=31513"}],"curies":[{"name":"wp","href":"https:\/\/api.w.org\/{rel}","templated":true}]}}