{"id":31377,"date":"2023-03-01T18:58:55","date_gmt":"2023-03-01T16:58:55","guid":{"rendered":"https:\/\/just-now.news\/de\/deutschland\/feministische-aussenpolitik-baerbock-und-schulze-stellen-konzept-vor\/"},"modified":"2023-03-01T18:58:55","modified_gmt":"2023-03-01T16:58:55","slug":"feministische-aussenpolitik-baerbock-und-schulze-stellen-konzept-vor","status":"publish","type":"post","link":"https:\/\/now-news.de\/de\/deutschland\/feministische-aussenpolitik-baerbock-und-schulze-stellen-konzept-vor\/","title":{"rendered":"Feministische Au\u00dfenpolitik: Baerbock und Schulze stellen Konzept vor"},"content":{"rendered":"<p><img decoding=\"async\" src=\"http:\/\/just-now.news\/de\/wp-content\/uploads\/sites\/3\/2023\/03\/63ff5e2bb480cc136777b012.jpg\" \/><\/p>\n<div class=\"Text-root Text-type_1 \">\n                Am Mittwoch haben Au\u00dfenministerin Annalena Baerbock (Gr\u00fcne) und Entwicklungsministerin Svenja Schulze (SPD) ihr Konzept f\u00fcr eine feministische Au\u00dfen- und Entwicklungspolitik vorgestellt. \u00dcber ein Jahr dauerte es bis zur Fertigstellung. Heraus kam ein 80-seitiges Heft.\n            <\/div>\n<p><\/p>\n<div class=\"Text-root Text-type_5 ArticleView-text ViewText-root \">\n<p>Kanada hat sie, Schweden hatte sie, die Mongolei hat sie angeblich: die feministische Au\u00dfenpolitik. Bundesau\u00dfenministerin Annalena Baerbock war der Begriff so wichtig, dass er sogar im Koalitionsvertrag steht. Nun gibt es nach \u00fcber einem Jahr ein Konzept.<\/p>\n<p>Ein besonders gro\u00dfer Wurf war es nicht, das wusste auch die Au\u00dfenministerin.\u00a0Den anwesenden Journalisten\u00a0sagte sie, dass Schulze und sie keine Revolution ausrufen, sondern eine Selbstverst\u00e4ndlichkeit tun w\u00fcrden:<\/p>\n<blockquote>\n<p><em>&#8220;N\u00e4mlich, dass wir auch in der Au\u00dfen- und in der Entwicklungspolitik daf\u00fcr sorgen, dass wir mit unserer Politik alle Menschen erreichen.&#8221;<\/em><\/p>\n<\/blockquote>\n<p>Mit den erarbeiteten Leitlinien setze man nur um, so Baerbock, was im Grundgesetz und in der Erkl\u00e4rung der Menschenrechte stehe: Gleichberechtigung. Die Leitlinien seien folgende:<\/p>\n<ol>\n<li>\n<p>Feministische Au\u00dfenpolitik zieht sich durch alle Bereiche au\u00dfenpolitischen Handelns.<\/p>\n<\/li>\n<li>\n<p>Feministische Au\u00dfenpolitik ist ein pragmatischer Ansatz, der sich mit den realen Problemen von Frauen, aber auch Alten, Kindern und Behinderten besch\u00e4ftigt.<\/p>\n<\/li>\n<li>\n<p>Feministische Au\u00dfenpolitik hei\u00dft gendersensibler Einsatz von Mitteln.<\/p>\n<\/li>\n<li>\n<p>Feministische Au\u00dfenpolitik ist auch eine Leitlinie nach innen. Mehr Repr\u00e4sentanz, mehr weibliche Botschafter im Ausw\u00e4rtigen Amt.<\/p>\n<\/li>\n<\/ol>\n<p>Revolution\u00e4r sind die Leitlinien eindeutig nicht, sie sind nicht einmal neu. Wozu genau braucht es feministische Au\u00dfenpolitik, k\u00f6nnte man fragen. &#8220;Wir wollen Gesellschaften gerechter machen&#8221;, sagte Entwicklungsministerin Schulze, &#8220;da kann man nicht auf die H\u00e4lfte des Potenzials, n\u00e4mlich auf die Frauen, verzichten. &#8221; Feminismus ist kein Zauberstab. Wir sind nicht naiv&#8221;, so Baerbock.<\/p>\n<p><strong>Also, was ist feministische Au\u00dfenpolitik?<\/strong><\/p>\n<p>Es ist sicher kein Zufall, dass sich Baerbock die Entwicklungsministerin f\u00fcr ihr Konzept mit ins Boot geholt hat. Denn tats\u00e4chlich liegen die Beispiele f\u00fcr feministische Au\u00dfenpolitik vor allem in der Entwicklungsarbeit, abgesehen von einer angestrebten h\u00f6heren Frauenquote f\u00fcr das Ausw\u00e4rtige Amt, und sind bereits in der Umsetzung. Als ein Beispiel wird die Frage des Landkaufs in Nepal genannt, wo Frauen, das Land, das sie bestellen, auch selbst besitzen k\u00f6nnen m\u00fcssen.<\/p>\n<p>Ein weiteres Beispiel ist der Bau eines Dorfes in Nigeria. Bei der Planung des Baus von Sanit\u00e4ranlagen m\u00fcssten die Perspektiven aller Dorfbewohner bedacht werden. So k\u00f6nne man die Sanit\u00e4ranlagen eines Dorfes aufgrund ihres \u00fcblen Geruchs an den Rand des Dorfes bauen. Oder man k\u00f6nne die Perspektiven von Frauen und Kindern einbeziehen, die ein Interesse an Sicherheit haben, und die Sanit\u00e4ranlagen im Dorf bauen. Man kennt sie schlie\u00dflich, die M\u00e4nner, die Frau und Kind lieber von Hy\u00e4nen fressen lassen, als das Klo zu putzen.<\/p>\n<p>Was feministische Au\u00dfenpolitik ist oder was sie an der bisherigen deutschen Au\u00dfenpolitik \u00e4ndern soll, bleibt auch nach der\u00a0Pressekonferenz unklar. Was Baerbock und Schulze als feministische Au\u00dfenpolitik pr\u00e4sentierten, klang eher nach F\u00f6rderung von Gleichstellung.\u00a0Das klingt aber wom\u00f6glich nicht radikal genug.<\/p>\n<p><strong>Mehr zum Thema <\/strong>\u2013\u00a0<a rel=\"nofollow noopener\" target=\"_blank\" href=\"https:\/\/de.rt.com\/gesellschaft\/154694-tom-wellbrock-ueber-feministische-aussenpolitik\/\">Tom Wellbrock \u00fcber feministische Au\u00dfenpolitik: Baerbock eskaliert &#8220;in alle Himmelsrichtungen&#8221;<\/a><\/p>\n<\/div>\n<p><br \/>\n<br \/><a href=\"https:\/\/de.rt.com\/inland\/164212-feministische-aussenpolitik-baerbock-und-schulze\/\">Source link <\/a><\/p>\n","protected":false},"excerpt":{"rendered":"<p>Am Mittwoch haben Au\u00dfenministerin Annalena Baerbock (Gr\u00fcne) und Entwicklungsministerin Svenja Schulze (SPD) ihr Konzept f\u00fcr eine feministische Au\u00dfen- und Entwicklungspolitik vorgestellt. \u00dcber ein Jahr dauerte es bis zur Fertigstellung. Heraus kam ein 80-seitiges Heft. Kanada hat sie, Schweden hatte sie, die Mongolei hat sie angeblich: die feministische Au\u00dfenpolitik. Bundesau\u00dfenministerin Annalena Baerbock war der Begriff so [&hellip;]<\/p>\n","protected":false},"author":3,"featured_media":31378,"comment_status":"open","ping_status":"open","sticky":false,"template":"","format":"standard","meta":{"_yoast_indexnow_last_ping":["1677847613"],"_wptgpro_p2tg_delay_for_override":["a:1:{i:23737;d:0.5;}"],"_wptgpro_p2tg_instances":["a:1:{i:23737;a:26:{s:6:\"active\";b:1;s:3:\"bot\";s:0:\"\";s:8:\"channels\";a:1:{i:0;s:13:\"@justnow_news\";}s:8:\"use_when\";a:1:{i:0;s:3:\"new\";}s:10:\"post_types\";a:1:{i:0;s:4:\"post\";}s:5:\"rules\";a:1:{i:0;a:1:{i:0;a:3:{s:5:\"param\";s:11:\"post_author\";s:6:\"values\";a:2:{i:0;a:2:{s:5:\"value\";s:1:\"3\";s:5:\"label\";s:5:\"rnews\";}i:1;a:2:{s:5:\"value\";s:1:\"1\";s:5:\"label\";s:5:\"admin\";}}s:8:\"operator\";s:2:\"in\";}}}s:16:\"message_template\";s:131:\"\"**{post_title}**\\n\\n{post_excerpt}\\n\\nRead: {full_url}\\n======\\n24h News Ticker - JUST-NOW News \\n\\u27a1\\ufe0f t.me\\\/justnow_news\"\";s:14:\"excerpt_length\";i:25;s:20:\"excerpt_preserve_eol\";b:1;s:14:\"excerpt_source\";s:12:\"post_content\";s:19:\"send_featured_image\";b:0;s:14:\"image_position\";s:6:\"before\";s:14:\"single_message\";b:1;s:12:\"cats_as_tags\";b:0;s:10:\"parse_mode\";s:4:\"none\";s:24:\"disable_web_page_preview\";b:0;s:16:\"additional_media\";a:0:{}s:15:\"send_wc_gallery\";b:0;s:18:\"wc_gallery_caption\";s:0:\"\";s:19:\"send_content_images\";b:0;s:22:\"content_images_caption\";s:0:\"\";s:15:\"inline_keyboard\";a:0:{}s:5:\"delay\";i:0;s:20:\"disable_notification\";b:0;s:15:\"protect_content\";b:0;s:2:\"id\";i:23737;}}"],"wp_automatic_camp":["217"],"5fbc5d63f5b2e0846c1d9a8e59eb77b6":["Feministische Au\u00dfenpolitik: Baerbock und Schulze stellen Konzept vor"],"original_link":["https:\/\/de.rt.com\/inland\/164212-feministische-aussenpolitik-baerbock-und-schulze\/"],"_thumbnail_id":["31378"],"jnews_social_counter_last_update":["1777178485"]},"categories":[19,23],"tags":[11441,587,15785,26170,13326,4436,140,320],"yoast_head":"<!-- This site is optimized with the Yoast SEO Premium plugin v22.7 (Yoast SEO v22.7) - https:\/\/yoast.com\/wordpress\/plugins\/seo\/ -->\n<title>Feministische Au\u00dfenpolitik: Baerbock und Schulze stellen Konzept vor - just-now.NEWS Deutschland<\/title>\n<meta name=\"robots\" content=\"index, follow, max-snippet:-1, max-image-preview:large, max-video-preview:-1\" \/>\n<link rel=\"canonical\" href=\"https:\/\/now-news.de\/de\/deutschland\/feministische-aussenpolitik-baerbock-und-schulze-stellen-konzept-vor\/\" \/>\n<meta property=\"og:locale\" content=\"de_DE\" \/>\n<meta property=\"og:type\" content=\"article\" \/>\n<meta property=\"og:title\" content=\"Feministische Au\u00dfenpolitik: Baerbock und Schulze stellen Konzept vor\" \/>\n<meta property=\"og:description\" content=\"Am Mittwoch haben Au\u00dfenministerin Annalena Baerbock (Gr\u00fcne) und Entwicklungsministerin Svenja Schulze (SPD) ihr Konzept f\u00fcr eine feministische Au\u00dfen- und Entwicklungspolitik vorgestellt. \u00dcber ein Jahr dauerte es bis zur Fertigstellung. Heraus kam ein 80-seitiges Heft. Kanada hat sie, Schweden hatte sie, die Mongolei hat sie angeblich: die feministische Au\u00dfenpolitik. Bundesau\u00dfenministerin Annalena Baerbock war der Begriff so [&hellip;]\" \/>\n<meta property=\"og:url\" content=\"https:\/\/now-news.de\/de\/deutschland\/feministische-aussenpolitik-baerbock-und-schulze-stellen-konzept-vor\/\" \/>\n<meta property=\"og:site_name\" content=\"just-now.NEWS Deutschland\" \/>\n<meta property=\"article:publisher\" content=\"https:\/\/www.facebook.com\/wirmachenauf\" \/>\n<meta property=\"article:published_time\" content=\"2023-03-01T16:58:55+00:00\" \/>\n<meta property=\"og:image\" content=\"https:\/\/now-news.de\/de\/wp-content\/uploads\/sites\/3\/2023\/03\/Feministische-Aussenpolitik-Baerbock-und-Schulze-stellen-Konzept-vor.jpg\" \/>\n\t<meta property=\"og:image:width\" content=\"460\" \/>\n\t<meta property=\"og:image:height\" content=\"259\" \/>\n\t<meta property=\"og:image:type\" content=\"image\/jpeg\" \/>\n<meta name=\"author\" content=\"rtnews\" \/>\n<meta name=\"twitter:card\" content=\"summary_large_image\" \/>\n<meta name=\"twitter:creator\" content=\"@WirMachenAuf_de\" \/>\n<meta name=\"twitter:site\" content=\"@WirMachenAuf_de\" \/>\n<meta name=\"twitter:label1\" content=\"Verfasst von\" \/>\n\t<meta name=\"twitter:data1\" content=\"rtnews\" \/>\n\t<meta name=\"twitter:label2\" content=\"Gesch\u00e4tzte Lesezeit\" \/>\n\t<meta name=\"twitter:data2\" content=\"3\u00a0Minuten\" \/>\n<script type=\"application\/ld+json\" class=\"yoast-schema-graph\">{\"@context\":\"https:\/\/schema.org\",\"@graph\":[{\"@type\":\"Article\",\"@id\":\"https:\/\/now-news.de\/de\/deutschland\/feministische-aussenpolitik-baerbock-und-schulze-stellen-konzept-vor\/#article\",\"isPartOf\":{\"@id\":\"https:\/\/now-news.de\/de\/deutschland\/feministische-aussenpolitik-baerbock-und-schulze-stellen-konzept-vor\/\"},\"author\":{\"name\":\"rtnews\",\"@id\":\"https:\/\/now-news.de\/de\/#\/schema\/person\/fb534a4e865501d8b3285208df34a9b5\"},\"headline\":\"Feministische Au\u00dfenpolitik: Baerbock und Schulze stellen Konzept vor\",\"datePublished\":\"2023-03-01T16:58:55+00:00\",\"dateModified\":\"2023-03-01T16:58:55+00:00\",\"mainEntityOfPage\":{\"@id\":\"https:\/\/now-news.de\/de\/deutschland\/feministische-aussenpolitik-baerbock-und-schulze-stellen-konzept-vor\/\"},\"wordCount\":529,\"commentCount\":0,\"publisher\":{\"@id\":\"https:\/\/now-news.de\/de\/#organization\"},\"image\":{\"@id\":\"https:\/\/now-news.de\/de\/deutschland\/feministische-aussenpolitik-baerbock-und-schulze-stellen-konzept-vor\/#primaryimage\"},\"thumbnailUrl\":\"https:\/\/now-news.de\/de\/wp-content\/uploads\/sites\/3\/2023\/03\/Feministische-Aussenpolitik-Baerbock-und-Schulze-stellen-Konzept-vor.jpg\",\"keywords\":[\"au\u00dfenpolitik\",\"Baerbock\",\"Feministische\",\"Konzept\",\"Schulze\",\"stellen\",\"und\",\"vor\"],\"articleSection\":[\"Deutschland\",\"Russland\"],\"inLanguage\":\"de\",\"potentialAction\":[{\"@type\":\"CommentAction\",\"name\":\"Comment\",\"target\":[\"https:\/\/now-news.de\/de\/deutschland\/feministische-aussenpolitik-baerbock-und-schulze-stellen-konzept-vor\/#respond\"]}]},{\"@type\":\"WebPage\",\"@id\":\"https:\/\/now-news.de\/de\/deutschland\/feministische-aussenpolitik-baerbock-und-schulze-stellen-konzept-vor\/\",\"url\":\"https:\/\/now-news.de\/de\/deutschland\/feministische-aussenpolitik-baerbock-und-schulze-stellen-konzept-vor\/\",\"name\":\"Feministische Au\u00dfenpolitik: Baerbock und Schulze stellen Konzept vor - just-now.NEWS Deutschland\",\"isPartOf\":{\"@id\":\"https:\/\/now-news.de\/de\/#website\"},\"primaryImageOfPage\":{\"@id\":\"https:\/\/now-news.de\/de\/deutschland\/feministische-aussenpolitik-baerbock-und-schulze-stellen-konzept-vor\/#primaryimage\"},\"image\":{\"@id\":\"https:\/\/now-news.de\/de\/deutschland\/feministische-aussenpolitik-baerbock-und-schulze-stellen-konzept-vor\/#primaryimage\"},\"thumbnailUrl\":\"https:\/\/now-news.de\/de\/wp-content\/uploads\/sites\/3\/2023\/03\/Feministische-Aussenpolitik-Baerbock-und-Schulze-stellen-Konzept-vor.jpg\",\"datePublished\":\"2023-03-01T16:58:55+00:00\",\"dateModified\":\"2023-03-01T16:58:55+00:00\",\"breadcrumb\":{\"@id\":\"https:\/\/now-news.de\/de\/deutschland\/feministische-aussenpolitik-baerbock-und-schulze-stellen-konzept-vor\/#breadcrumb\"},\"inLanguage\":\"de\",\"potentialAction\":[{\"@type\":\"ReadAction\",\"target\":[\"https:\/\/now-news.de\/de\/deutschland\/feministische-aussenpolitik-baerbock-und-schulze-stellen-konzept-vor\/\"]}]},{\"@type\":\"ImageObject\",\"inLanguage\":\"de\",\"@id\":\"https:\/\/now-news.de\/de\/deutschland\/feministische-aussenpolitik-baerbock-und-schulze-stellen-konzept-vor\/#primaryimage\",\"url\":\"https:\/\/now-news.de\/de\/wp-content\/uploads\/sites\/3\/2023\/03\/Feministische-Aussenpolitik-Baerbock-und-Schulze-stellen-Konzept-vor.jpg\",\"contentUrl\":\"https:\/\/now-news.de\/de\/wp-content\/uploads\/sites\/3\/2023\/03\/Feministische-Aussenpolitik-Baerbock-und-Schulze-stellen-Konzept-vor.jpg\",\"width\":460,\"height\":259,\"caption\":\"Feministische Au\u00dfenpolitik: Baerbock und Schulze stellen Konzept vor\"},{\"@type\":\"BreadcrumbList\",\"@id\":\"https:\/\/now-news.de\/de\/deutschland\/feministische-aussenpolitik-baerbock-und-schulze-stellen-konzept-vor\/#breadcrumb\",\"itemListElement\":[{\"@type\":\"ListItem\",\"position\":1,\"name\":\"Home\",\"item\":\"https:\/\/now-news.de\/de\/\"},{\"@type\":\"ListItem\",\"position\":2,\"name\":\"Feministische Au\u00dfenpolitik: Baerbock und Schulze stellen Konzept vor\"}]},{\"@type\":\"WebSite\",\"@id\":\"https:\/\/now-news.de\/de\/#website\",\"url\":\"https:\/\/now-news.de\/de\/\",\"name\":\"just-now.NEWS Deutschland\",\"description\":\"Das Portal f\u00fcr unzensierte Nachrichten aus der Welt\",\"publisher\":{\"@id\":\"https:\/\/now-news.de\/de\/#organization\"},\"potentialAction\":[{\"@type\":\"SearchAction\",\"target\":{\"@type\":\"EntryPoint\",\"urlTemplate\":\"https:\/\/now-news.de\/de\/?s={search_term_string}\"},\"query-input\":\"required name=search_term_string\"}],\"inLanguage\":\"de\"},{\"@type\":\"Organization\",\"@id\":\"https:\/\/now-news.de\/de\/#organization\",\"name\":\"Just Now News\",\"url\":\"https:\/\/now-news.de\/de\/\",\"logo\":{\"@type\":\"ImageObject\",\"inLanguage\":\"de\",\"@id\":\"https:\/\/now-news.de\/de\/#\/schema\/logo\/image\/\",\"url\":\"http:\/\/just-now.news\/de\/wp-content\/uploads\/sites\/3\/2022\/04\/logo500x500.jpg\",\"contentUrl\":\"http:\/\/just-now.news\/de\/wp-content\/uploads\/sites\/3\/2022\/04\/logo500x500.jpg\",\"width\":500,\"height\":500,\"caption\":\"Just Now News\"},\"image\":{\"@id\":\"https:\/\/now-news.de\/de\/#\/schema\/logo\/image\/\"},\"sameAs\":[\"https:\/\/www.facebook.com\/wirmachenauf\",\"https:\/\/x.com\/WirMachenAuf_de\"]},{\"@type\":\"Person\",\"@id\":\"https:\/\/now-news.de\/de\/#\/schema\/person\/fb534a4e865501d8b3285208df34a9b5\",\"name\":\"rtnews\",\"image\":{\"@type\":\"ImageObject\",\"inLanguage\":\"de\",\"@id\":\"https:\/\/now-news.de\/de\/#\/schema\/person\/image\/\",\"url\":\"https:\/\/secure.gravatar.com\/avatar\/82aafea7d8127119dd649515f56e2117?s=96&d=mm&r=g\",\"contentUrl\":\"https:\/\/secure.gravatar.com\/avatar\/82aafea7d8127119dd649515f56e2117?s=96&d=mm&r=g\",\"caption\":\"rtnews\"},\"url\":\"https:\/\/now-news.de\/de\/author\/rnews\/\"}]}<\/script>\n<!-- \/ Yoast SEO Premium plugin. -->","yoast_head_json":{"title":"Feministische Au\u00dfenpolitik: Baerbock und Schulze stellen Konzept vor - just-now.NEWS Deutschland","robots":{"index":"index","follow":"follow","max-snippet":"max-snippet:-1","max-image-preview":"max-image-preview:large","max-video-preview":"max-video-preview:-1"},"canonical":"https:\/\/now-news.de\/de\/deutschland\/feministische-aussenpolitik-baerbock-und-schulze-stellen-konzept-vor\/","og_locale":"de_DE","og_type":"article","og_title":"Feministische Au\u00dfenpolitik: Baerbock und Schulze stellen Konzept vor","og_description":"Am Mittwoch haben Au\u00dfenministerin Annalena Baerbock (Gr\u00fcne) und Entwicklungsministerin Svenja Schulze (SPD) ihr Konzept f\u00fcr eine feministische Au\u00dfen- und Entwicklungspolitik vorgestellt. \u00dcber ein Jahr dauerte es bis zur Fertigstellung. Heraus kam ein 80-seitiges Heft. Kanada hat sie, Schweden hatte sie, die Mongolei hat sie angeblich: die feministische Au\u00dfenpolitik. Bundesau\u00dfenministerin Annalena Baerbock war der Begriff so [&hellip;]","og_url":"https:\/\/now-news.de\/de\/deutschland\/feministische-aussenpolitik-baerbock-und-schulze-stellen-konzept-vor\/","og_site_name":"just-now.NEWS Deutschland","article_publisher":"https:\/\/www.facebook.com\/wirmachenauf","article_published_time":"2023-03-01T16:58:55+00:00","og_image":[{"width":460,"height":259,"url":"https:\/\/now-news.de\/de\/wp-content\/uploads\/sites\/3\/2023\/03\/Feministische-Aussenpolitik-Baerbock-und-Schulze-stellen-Konzept-vor.jpg","type":"image\/jpeg"}],"author":"rtnews","twitter_card":"summary_large_image","twitter_creator":"@WirMachenAuf_de","twitter_site":"@WirMachenAuf_de","twitter_misc":{"Verfasst von":"rtnews","Gesch\u00e4tzte Lesezeit":"3\u00a0Minuten"},"schema":{"@context":"https:\/\/schema.org","@graph":[{"@type":"Article","@id":"https:\/\/now-news.de\/de\/deutschland\/feministische-aussenpolitik-baerbock-und-schulze-stellen-konzept-vor\/#article","isPartOf":{"@id":"https:\/\/now-news.de\/de\/deutschland\/feministische-aussenpolitik-baerbock-und-schulze-stellen-konzept-vor\/"},"author":{"name":"rtnews","@id":"https:\/\/now-news.de\/de\/#\/schema\/person\/fb534a4e865501d8b3285208df34a9b5"},"headline":"Feministische Au\u00dfenpolitik: Baerbock und Schulze stellen Konzept vor","datePublished":"2023-03-01T16:58:55+00:00","dateModified":"2023-03-01T16:58:55+00:00","mainEntityOfPage":{"@id":"https:\/\/now-news.de\/de\/deutschland\/feministische-aussenpolitik-baerbock-und-schulze-stellen-konzept-vor\/"},"wordCount":529,"commentCount":0,"publisher":{"@id":"https:\/\/now-news.de\/de\/#organization"},"image":{"@id":"https:\/\/now-news.de\/de\/deutschland\/feministische-aussenpolitik-baerbock-und-schulze-stellen-konzept-vor\/#primaryimage"},"thumbnailUrl":"https:\/\/now-news.de\/de\/wp-content\/uploads\/sites\/3\/2023\/03\/Feministische-Aussenpolitik-Baerbock-und-Schulze-stellen-Konzept-vor.jpg","keywords":["au\u00dfenpolitik","Baerbock","Feministische","Konzept","Schulze","stellen","und","vor"],"articleSection":["Deutschland","Russland"],"inLanguage":"de","potentialAction":[{"@type":"CommentAction","name":"Comment","target":["https:\/\/now-news.de\/de\/deutschland\/feministische-aussenpolitik-baerbock-und-schulze-stellen-konzept-vor\/#respond"]}]},{"@type":"WebPage","@id":"https:\/\/now-news.de\/de\/deutschland\/feministische-aussenpolitik-baerbock-und-schulze-stellen-konzept-vor\/","url":"https:\/\/now-news.de\/de\/deutschland\/feministische-aussenpolitik-baerbock-und-schulze-stellen-konzept-vor\/","name":"Feministische Au\u00dfenpolitik: Baerbock und Schulze stellen Konzept vor - just-now.NEWS Deutschland","isPartOf":{"@id":"https:\/\/now-news.de\/de\/#website"},"primaryImageOfPage":{"@id":"https:\/\/now-news.de\/de\/deutschland\/feministische-aussenpolitik-baerbock-und-schulze-stellen-konzept-vor\/#primaryimage"},"image":{"@id":"https:\/\/now-news.de\/de\/deutschland\/feministische-aussenpolitik-baerbock-und-schulze-stellen-konzept-vor\/#primaryimage"},"thumbnailUrl":"https:\/\/now-news.de\/de\/wp-content\/uploads\/sites\/3\/2023\/03\/Feministische-Aussenpolitik-Baerbock-und-Schulze-stellen-Konzept-vor.jpg","datePublished":"2023-03-01T16:58:55+00:00","dateModified":"2023-03-01T16:58:55+00:00","breadcrumb":{"@id":"https:\/\/now-news.de\/de\/deutschland\/feministische-aussenpolitik-baerbock-und-schulze-stellen-konzept-vor\/#breadcrumb"},"inLanguage":"de","potentialAction":[{"@type":"ReadAction","target":["https:\/\/now-news.de\/de\/deutschland\/feministische-aussenpolitik-baerbock-und-schulze-stellen-konzept-vor\/"]}]},{"@type":"ImageObject","inLanguage":"de","@id":"https:\/\/now-news.de\/de\/deutschland\/feministische-aussenpolitik-baerbock-und-schulze-stellen-konzept-vor\/#primaryimage","url":"https:\/\/now-news.de\/de\/wp-content\/uploads\/sites\/3\/2023\/03\/Feministische-Aussenpolitik-Baerbock-und-Schulze-stellen-Konzept-vor.jpg","contentUrl":"https:\/\/now-news.de\/de\/wp-content\/uploads\/sites\/3\/2023\/03\/Feministische-Aussenpolitik-Baerbock-und-Schulze-stellen-Konzept-vor.jpg","width":460,"height":259,"caption":"Feministische Au\u00dfenpolitik: Baerbock und Schulze stellen Konzept vor"},{"@type":"BreadcrumbList","@id":"https:\/\/now-news.de\/de\/deutschland\/feministische-aussenpolitik-baerbock-und-schulze-stellen-konzept-vor\/#breadcrumb","itemListElement":[{"@type":"ListItem","position":1,"name":"Home","item":"https:\/\/now-news.de\/de\/"},{"@type":"ListItem","position":2,"name":"Feministische Au\u00dfenpolitik: Baerbock und Schulze stellen Konzept vor"}]},{"@type":"WebSite","@id":"https:\/\/now-news.de\/de\/#website","url":"https:\/\/now-news.de\/de\/","name":"just-now.NEWS Deutschland","description":"Das Portal f\u00fcr unzensierte Nachrichten aus der Welt","publisher":{"@id":"https:\/\/now-news.de\/de\/#organization"},"potentialAction":[{"@type":"SearchAction","target":{"@type":"EntryPoint","urlTemplate":"https:\/\/now-news.de\/de\/?s={search_term_string}"},"query-input":"required name=search_term_string"}],"inLanguage":"de"},{"@type":"Organization","@id":"https:\/\/now-news.de\/de\/#organization","name":"Just Now News","url":"https:\/\/now-news.de\/de\/","logo":{"@type":"ImageObject","inLanguage":"de","@id":"https:\/\/now-news.de\/de\/#\/schema\/logo\/image\/","url":"http:\/\/just-now.news\/de\/wp-content\/uploads\/sites\/3\/2022\/04\/logo500x500.jpg","contentUrl":"http:\/\/just-now.news\/de\/wp-content\/uploads\/sites\/3\/2022\/04\/logo500x500.jpg","width":500,"height":500,"caption":"Just Now News"},"image":{"@id":"https:\/\/now-news.de\/de\/#\/schema\/logo\/image\/"},"sameAs":["https:\/\/www.facebook.com\/wirmachenauf","https:\/\/x.com\/WirMachenAuf_de"]},{"@type":"Person","@id":"https:\/\/now-news.de\/de\/#\/schema\/person\/fb534a4e865501d8b3285208df34a9b5","name":"rtnews","image":{"@type":"ImageObject","inLanguage":"de","@id":"https:\/\/now-news.de\/de\/#\/schema\/person\/image\/","url":"https:\/\/secure.gravatar.com\/avatar\/82aafea7d8127119dd649515f56e2117?s=96&d=mm&r=g","contentUrl":"https:\/\/secure.gravatar.com\/avatar\/82aafea7d8127119dd649515f56e2117?s=96&d=mm&r=g","caption":"rtnews"},"url":"https:\/\/now-news.de\/de\/author\/rnews\/"}]}},"_links":{"self":[{"href":"https:\/\/now-news.de\/de\/wp-json\/wp\/v2\/posts\/31377"}],"collection":[{"href":"https:\/\/now-news.de\/de\/wp-json\/wp\/v2\/posts"}],"about":[{"href":"https:\/\/now-news.de\/de\/wp-json\/wp\/v2\/types\/post"}],"author":[{"embeddable":true,"href":"https:\/\/now-news.de\/de\/wp-json\/wp\/v2\/users\/3"}],"replies":[{"embeddable":true,"href":"https:\/\/now-news.de\/de\/wp-json\/wp\/v2\/comments?post=31377"}],"version-history":[{"count":0,"href":"https:\/\/now-news.de\/de\/wp-json\/wp\/v2\/posts\/31377\/revisions"}],"wp:featuredmedia":[{"embeddable":true,"href":"https:\/\/now-news.de\/de\/wp-json\/wp\/v2\/media\/31378"}],"wp:attachment":[{"href":"https:\/\/now-news.de\/de\/wp-json\/wp\/v2\/media?parent=31377"}],"wp:term":[{"taxonomy":"category","embeddable":true,"href":"https:\/\/now-news.de\/de\/wp-json\/wp\/v2\/categories?post=31377"},{"taxonomy":"post_tag","embeddable":true,"href":"https:\/\/now-news.de\/de\/wp-json\/wp\/v2\/tags?post=31377"}],"curies":[{"name":"wp","href":"https:\/\/api.w.org\/{rel}","templated":true}]}}