{"id":31365,"date":"2023-03-01T21:20:34","date_gmt":"2023-03-01T19:20:34","guid":{"rendered":"https:\/\/just-now.news\/de\/deutschland\/selenskijs-berater-weist-verantwortung-fuer-angriffe-in-russland-zurueck-kreml-glauben-ihm-nicht\/"},"modified":"2023-03-01T21:20:34","modified_gmt":"2023-03-01T19:20:34","slug":"selenskijs-berater-weist-verantwortung-fuer-angriffe-in-russland-zurueck-kreml-glauben-ihm-nicht","status":"publish","type":"post","link":"https:\/\/now-news.de\/de\/deutschland\/selenskijs-berater-weist-verantwortung-fuer-angriffe-in-russland-zurueck-kreml-glauben-ihm-nicht\/","title":{"rendered":"Selenskijs Berater weist Verantwortung f\u00fcr Angriffe in Russland zur\u00fcck \u2013 Kreml: &quot;Glauben ihm nicht&quot;"},"content":{"rendered":"<p><img decoding=\"async\" src=\"http:\/\/just-now.news\/de\/wp-content\/uploads\/sites\/3\/2023\/03\/63ff46a848fbef6d3c37aded.jpg\" \/><\/p>\n<div class=\"Text-root Text-type_1 \">\n                Nach Aussagen von Michail Podoljak, Berater im ukrainischen Pr\u00e4sidentenb\u00fcro, greife Kiew keine Einrichtungen in Russland an und f\u00fchre lediglich einen Verteidigungskrieg. &#8220;Wir glauben ihm nicht&#8221;, erwiderte darauf Kremlsprecher Dmitri Peskow.\n            <\/div>\n<p><\/p>\n<div class=\"Text-root Text-type_5 ArticleView-text ViewText-root \">\n<p>Michail Podoljak, Berater im ukrainischen Pr\u00e4sidentenb\u00fcro, behauptete am Mittwoch, die Ukraine f\u00fchre einen Verteidigungskrieg und\u00a0greife keine Ziele in Russland an.\u00a0Die Zunahme der Angriffe auf die russische Infrastruktur sei auf &#8220;Panik und Desintegrationsprozesse&#8221; zur\u00fcckzuf\u00fchren. &#8220;Das \u00e4u\u00dfert sich in einer Zunahme von inl\u00e4ndischen Attacken unbekannter Flugobjekte auf Infrastrukturobjekte&#8221;, schrieb er auf Twitter. Kremlsprecher Dmitri Peskow sagte zu Podoljaks \u00c4u\u00dferungen:<\/p>\n<blockquote>\n<p><em> &#8220;Wir glauben ihm nicht&#8221;.<\/em><\/p>\n<\/blockquote>\n<p>In den vergangenen Tagen tauchten in den russischen Medien immer wieder Berichte \u00fcber abgest\u00fcrzte Drohnen auf.\u00a0Russlands\u00a0Verteidigungsministerium hatte am Dienstag mitgeteilt, die ukrainischen Streitkr\u00e4fte h\u00e4tten versucht, zivile Infrastruktureinrichtungen\u00a0in den Gebieten Kuban und Brjansk sowie in der Republik Adygeja mit Drohnen anzugreifen. Alle feindlichen Objekte seien abgefangen worden.\u00a0Zudem war auf dem\u00a0Gel\u00e4nde einer \u00d6lraffinerie in der Stadt Tuapse nach Angaben der lokalen Beh\u00f6rden in der Nacht auf Dienstag ein Brand ausgebrochen, den die Agentur <em>RIA Nowosti<\/em> ebenfalls mit einer\u00a0Drohne\u00a0in Verbindung brachte.\u00a0<\/p>\n<p>Der Gouverneur des Moskauer Gebiets, Andrei Worobjow, best\u00e4tigte zudem einen Drohnenabsturz im Stadtbezirk Kolomna. Ihm zufolge sei das Ziel wahrscheinlich eine zivile Infrastruktureinrichtung gewesen.\u00a0Medienberichten zufolge soll der Flugk\u00f6rper mit Sprengstoff beladen gewesen sein. <\/p>\n<p><strong>Mehr zum Thema<\/strong> &#8211; <a rel=\"nofollow noopener\" target=\"_blank\" href=\"https:\/\/de.rt.com\/russland\/164120-gebiet-moskau-gouverneur-bestaetigt-drohnenabsturz\/\">Gebiet Moskau: Gouverneur best\u00e4tigt Drohnenabsturz<\/a><\/p>\n<\/div>\n<p><br \/>\n<br \/><a href=\"https:\/\/de.rt.com\/international\/164205-selenskijs-berater-weist-verantwortung-fuer\/\">Source link <\/a><\/p>\n","protected":false},"excerpt":{"rendered":"<p>Nach Aussagen von Michail Podoljak, Berater im ukrainischen Pr\u00e4sidentenb\u00fcro, greife Kiew keine Einrichtungen in Russland an und f\u00fchre lediglich einen Verteidigungskrieg. &#8220;Wir glauben ihm nicht&#8221;, erwiderte darauf Kremlsprecher Dmitri Peskow. Michail Podoljak, Berater im ukrainischen Pr\u00e4sidentenb\u00fcro, behauptete am Mittwoch, die Ukraine f\u00fchre einen Verteidigungskrieg und\u00a0greife keine Ziele in Russland an.\u00a0Die Zunahme der Angriffe auf die [&hellip;]<\/p>\n","protected":false},"author":3,"featured_media":31366,"comment_status":"open","ping_status":"open","sticky":false,"template":"","format":"standard","meta":{"_yoast_indexnow_last_ping":["1677847590"],"_wptgpro_p2tg_delay_for_override":["a:1:{i:23737;d:0.5;}"],"_wptgpro_p2tg_instances":["a:1:{i:23737;a:26:{s:6:\"active\";b:1;s:3:\"bot\";s:0:\"\";s:8:\"channels\";a:1:{i:0;s:13:\"@justnow_news\";}s:8:\"use_when\";a:1:{i:0;s:3:\"new\";}s:10:\"post_types\";a:1:{i:0;s:4:\"post\";}s:5:\"rules\";a:1:{i:0;a:1:{i:0;a:3:{s:5:\"param\";s:11:\"post_author\";s:6:\"values\";a:2:{i:0;a:2:{s:5:\"value\";s:1:\"3\";s:5:\"label\";s:5:\"rnews\";}i:1;a:2:{s:5:\"value\";s:1:\"1\";s:5:\"label\";s:5:\"admin\";}}s:8:\"operator\";s:2:\"in\";}}}s:16:\"message_template\";s:131:\"\"**{post_title}**\\n\\n{post_excerpt}\\n\\nRead: {full_url}\\n======\\n24h News Ticker - JUST-NOW News \\n\\u27a1\\ufe0f t.me\\\/justnow_news\"\";s:14:\"excerpt_length\";i:25;s:20:\"excerpt_preserve_eol\";b:1;s:14:\"excerpt_source\";s:12:\"post_content\";s:19:\"send_featured_image\";b:0;s:14:\"image_position\";s:6:\"before\";s:14:\"single_message\";b:1;s:12:\"cats_as_tags\";b:0;s:10:\"parse_mode\";s:4:\"none\";s:24:\"disable_web_page_preview\";b:0;s:16:\"additional_media\";a:0:{}s:15:\"send_wc_gallery\";b:0;s:18:\"wc_gallery_caption\";s:0:\"\";s:19:\"send_content_images\";b:0;s:22:\"content_images_caption\";s:0:\"\";s:15:\"inline_keyboard\";a:0:{}s:5:\"delay\";i:0;s:20:\"disable_notification\";b:0;s:15:\"protect_content\";b:0;s:2:\"id\";i:23737;}}"],"wp_automatic_camp":["217"],"198132a25c93834356541ca6ddea673b":["Selenskijs Berater weist Verantwortung f\u00fcr Angriffe in Russland zur\u00fcck \u2013 Kreml: &quot;Glauben ihm nicht&quot;"],"original_link":["https:\/\/de.rt.com\/international\/164205-selenskijs-berater-weist-verantwortung-fuer\/"],"_thumbnail_id":["31366"],"jnews_social_counter_last_update":["1777126757"]},"categories":[19,23],"tags":[4404,7704,221,9966,6312,19434,41407,126,1290,12597,3334,3337],"yoast_head":"<!-- This site is optimized with the Yoast SEO Premium plugin v22.7 (Yoast SEO v22.7) - https:\/\/yoast.com\/wordpress\/plugins\/seo\/ -->\n<title>Selenskijs Berater weist Verantwortung f\u00fcr Angriffe in Russland zur\u00fcck \u2013 Kreml: &quot;Glauben ihm nicht&quot; - just-now.NEWS Deutschland<\/title>\n<meta name=\"robots\" content=\"index, follow, max-snippet:-1, max-image-preview:large, max-video-preview:-1\" \/>\n<link rel=\"canonical\" href=\"https:\/\/now-news.de\/de\/deutschland\/selenskijs-berater-weist-verantwortung-fuer-angriffe-in-russland-zurueck-kreml-glauben-ihm-nicht\/\" \/>\n<meta property=\"og:locale\" content=\"de_DE\" \/>\n<meta property=\"og:type\" content=\"article\" \/>\n<meta property=\"og:title\" content=\"Selenskijs Berater weist Verantwortung f\u00fcr Angriffe in Russland zur\u00fcck \u2013 Kreml: &quot;Glauben ihm nicht&quot;\" \/>\n<meta property=\"og:description\" content=\"Nach Aussagen von Michail Podoljak, Berater im ukrainischen Pr\u00e4sidentenb\u00fcro, greife Kiew keine Einrichtungen in Russland an und f\u00fchre lediglich einen Verteidigungskrieg. &#8220;Wir glauben ihm nicht&#8221;, erwiderte darauf Kremlsprecher Dmitri Peskow. Michail Podoljak, Berater im ukrainischen Pr\u00e4sidentenb\u00fcro, behauptete am Mittwoch, die Ukraine f\u00fchre einen Verteidigungskrieg und\u00a0greife keine Ziele in Russland an.\u00a0Die Zunahme der Angriffe auf die [&hellip;]\" \/>\n<meta property=\"og:url\" content=\"https:\/\/now-news.de\/de\/deutschland\/selenskijs-berater-weist-verantwortung-fuer-angriffe-in-russland-zurueck-kreml-glauben-ihm-nicht\/\" \/>\n<meta property=\"og:site_name\" content=\"just-now.NEWS Deutschland\" \/>\n<meta property=\"article:publisher\" content=\"https:\/\/www.facebook.com\/wirmachenauf\" \/>\n<meta property=\"article:published_time\" content=\"2023-03-01T19:20:34+00:00\" \/>\n<meta property=\"og:image\" content=\"https:\/\/now-news.de\/de\/wp-content\/uploads\/sites\/3\/2023\/03\/Selenskijs-Berater-weist-Verantwortung-fuer-Angriffe-in-Russland-zurueck-\u2013.jpg\" \/>\n\t<meta property=\"og:image:width\" content=\"460\" \/>\n\t<meta property=\"og:image:height\" content=\"259\" \/>\n\t<meta property=\"og:image:type\" content=\"image\/jpeg\" \/>\n<meta name=\"author\" content=\"rtnews\" \/>\n<meta name=\"twitter:card\" content=\"summary_large_image\" \/>\n<meta name=\"twitter:creator\" content=\"@WirMachenAuf_de\" \/>\n<meta name=\"twitter:site\" content=\"@WirMachenAuf_de\" \/>\n<meta name=\"twitter:label1\" content=\"Verfasst von\" \/>\n\t<meta name=\"twitter:data1\" content=\"rtnews\" \/>\n\t<meta name=\"twitter:label2\" content=\"Gesch\u00e4tzte Lesezeit\" \/>\n\t<meta name=\"twitter:data2\" content=\"1\u00a0Minute\" \/>\n<script type=\"application\/ld+json\" class=\"yoast-schema-graph\">{\"@context\":\"https:\/\/schema.org\",\"@graph\":[{\"@type\":\"Article\",\"@id\":\"https:\/\/now-news.de\/de\/deutschland\/selenskijs-berater-weist-verantwortung-fuer-angriffe-in-russland-zurueck-kreml-glauben-ihm-nicht\/#article\",\"isPartOf\":{\"@id\":\"https:\/\/now-news.de\/de\/deutschland\/selenskijs-berater-weist-verantwortung-fuer-angriffe-in-russland-zurueck-kreml-glauben-ihm-nicht\/\"},\"author\":{\"name\":\"rtnews\",\"@id\":\"https:\/\/now-news.de\/de\/#\/schema\/person\/fb534a4e865501d8b3285208df34a9b5\"},\"headline\":\"Selenskijs Berater weist Verantwortung f\u00fcr Angriffe in Russland zur\u00fcck \u2013 Kreml: &quot;Glauben ihm nicht&quot;\",\"datePublished\":\"2023-03-01T19:20:34+00:00\",\"dateModified\":\"2023-03-01T19:20:34+00:00\",\"mainEntityOfPage\":{\"@id\":\"https:\/\/now-news.de\/de\/deutschland\/selenskijs-berater-weist-verantwortung-fuer-angriffe-in-russland-zurueck-kreml-glauben-ihm-nicht\/\"},\"wordCount\":260,\"commentCount\":0,\"publisher\":{\"@id\":\"https:\/\/now-news.de\/de\/#organization\"},\"image\":{\"@id\":\"https:\/\/now-news.de\/de\/deutschland\/selenskijs-berater-weist-verantwortung-fuer-angriffe-in-russland-zurueck-kreml-glauben-ihm-nicht\/#primaryimage\"},\"thumbnailUrl\":\"https:\/\/now-news.de\/de\/wp-content\/uploads\/sites\/3\/2023\/03\/Selenskijs-Berater-weist-Verantwortung-fuer-Angriffe-in-Russland-zurueck-\u2013.jpg\",\"keywords\":[\"Angriffe\",\"Berater\",\"f\u00fcr\",\"ihm\",\"Kreml\",\"nichtquot\",\"quotGlauben\",\"russland\",\"Selenskijs\",\"Verantwortung\",\"weist\",\"zur\u00fcck\"],\"articleSection\":[\"Deutschland\",\"Russland\"],\"inLanguage\":\"de\",\"potentialAction\":[{\"@type\":\"CommentAction\",\"name\":\"Comment\",\"target\":[\"https:\/\/now-news.de\/de\/deutschland\/selenskijs-berater-weist-verantwortung-fuer-angriffe-in-russland-zurueck-kreml-glauben-ihm-nicht\/#respond\"]}]},{\"@type\":\"WebPage\",\"@id\":\"https:\/\/now-news.de\/de\/deutschland\/selenskijs-berater-weist-verantwortung-fuer-angriffe-in-russland-zurueck-kreml-glauben-ihm-nicht\/\",\"url\":\"https:\/\/now-news.de\/de\/deutschland\/selenskijs-berater-weist-verantwortung-fuer-angriffe-in-russland-zurueck-kreml-glauben-ihm-nicht\/\",\"name\":\"Selenskijs Berater weist Verantwortung f\u00fcr Angriffe in Russland zur\u00fcck \u2013 Kreml: &quot;Glauben ihm nicht&quot; - just-now.NEWS Deutschland\",\"isPartOf\":{\"@id\":\"https:\/\/now-news.de\/de\/#website\"},\"primaryImageOfPage\":{\"@id\":\"https:\/\/now-news.de\/de\/deutschland\/selenskijs-berater-weist-verantwortung-fuer-angriffe-in-russland-zurueck-kreml-glauben-ihm-nicht\/#primaryimage\"},\"image\":{\"@id\":\"https:\/\/now-news.de\/de\/deutschland\/selenskijs-berater-weist-verantwortung-fuer-angriffe-in-russland-zurueck-kreml-glauben-ihm-nicht\/#primaryimage\"},\"thumbnailUrl\":\"https:\/\/now-news.de\/de\/wp-content\/uploads\/sites\/3\/2023\/03\/Selenskijs-Berater-weist-Verantwortung-fuer-Angriffe-in-Russland-zurueck-\u2013.jpg\",\"datePublished\":\"2023-03-01T19:20:34+00:00\",\"dateModified\":\"2023-03-01T19:20:34+00:00\",\"breadcrumb\":{\"@id\":\"https:\/\/now-news.de\/de\/deutschland\/selenskijs-berater-weist-verantwortung-fuer-angriffe-in-russland-zurueck-kreml-glauben-ihm-nicht\/#breadcrumb\"},\"inLanguage\":\"de\",\"potentialAction\":[{\"@type\":\"ReadAction\",\"target\":[\"https:\/\/now-news.de\/de\/deutschland\/selenskijs-berater-weist-verantwortung-fuer-angriffe-in-russland-zurueck-kreml-glauben-ihm-nicht\/\"]}]},{\"@type\":\"ImageObject\",\"inLanguage\":\"de\",\"@id\":\"https:\/\/now-news.de\/de\/deutschland\/selenskijs-berater-weist-verantwortung-fuer-angriffe-in-russland-zurueck-kreml-glauben-ihm-nicht\/#primaryimage\",\"url\":\"https:\/\/now-news.de\/de\/wp-content\/uploads\/sites\/3\/2023\/03\/Selenskijs-Berater-weist-Verantwortung-fuer-Angriffe-in-Russland-zurueck-\u2013.jpg\",\"contentUrl\":\"https:\/\/now-news.de\/de\/wp-content\/uploads\/sites\/3\/2023\/03\/Selenskijs-Berater-weist-Verantwortung-fuer-Angriffe-in-Russland-zurueck-\u2013.jpg\",\"width\":460,\"height\":259,\"caption\":\"Selenskijs Berater weist Verantwortung f\u00fcr Angriffe in Russland zur\u00fcck \u2013 Kreml: &quot;Glauben ihm nicht&quot;\"},{\"@type\":\"BreadcrumbList\",\"@id\":\"https:\/\/now-news.de\/de\/deutschland\/selenskijs-berater-weist-verantwortung-fuer-angriffe-in-russland-zurueck-kreml-glauben-ihm-nicht\/#breadcrumb\",\"itemListElement\":[{\"@type\":\"ListItem\",\"position\":1,\"name\":\"Home\",\"item\":\"https:\/\/now-news.de\/de\/\"},{\"@type\":\"ListItem\",\"position\":2,\"name\":\"Selenskijs Berater weist Verantwortung f\u00fcr Angriffe in Russland zur\u00fcck \u2013 Kreml: &quot;Glauben ihm nicht&quot;\"}]},{\"@type\":\"WebSite\",\"@id\":\"https:\/\/now-news.de\/de\/#website\",\"url\":\"https:\/\/now-news.de\/de\/\",\"name\":\"just-now.NEWS Deutschland\",\"description\":\"Das Portal f\u00fcr unzensierte Nachrichten aus der Welt\",\"publisher\":{\"@id\":\"https:\/\/now-news.de\/de\/#organization\"},\"potentialAction\":[{\"@type\":\"SearchAction\",\"target\":{\"@type\":\"EntryPoint\",\"urlTemplate\":\"https:\/\/now-news.de\/de\/?s={search_term_string}\"},\"query-input\":\"required name=search_term_string\"}],\"inLanguage\":\"de\"},{\"@type\":\"Organization\",\"@id\":\"https:\/\/now-news.de\/de\/#organization\",\"name\":\"Just Now News\",\"url\":\"https:\/\/now-news.de\/de\/\",\"logo\":{\"@type\":\"ImageObject\",\"inLanguage\":\"de\",\"@id\":\"https:\/\/now-news.de\/de\/#\/schema\/logo\/image\/\",\"url\":\"http:\/\/just-now.news\/de\/wp-content\/uploads\/sites\/3\/2022\/04\/logo500x500.jpg\",\"contentUrl\":\"http:\/\/just-now.news\/de\/wp-content\/uploads\/sites\/3\/2022\/04\/logo500x500.jpg\",\"width\":500,\"height\":500,\"caption\":\"Just Now News\"},\"image\":{\"@id\":\"https:\/\/now-news.de\/de\/#\/schema\/logo\/image\/\"},\"sameAs\":[\"https:\/\/www.facebook.com\/wirmachenauf\",\"https:\/\/x.com\/WirMachenAuf_de\"]},{\"@type\":\"Person\",\"@id\":\"https:\/\/now-news.de\/de\/#\/schema\/person\/fb534a4e865501d8b3285208df34a9b5\",\"name\":\"rtnews\",\"image\":{\"@type\":\"ImageObject\",\"inLanguage\":\"de\",\"@id\":\"https:\/\/now-news.de\/de\/#\/schema\/person\/image\/\",\"url\":\"https:\/\/secure.gravatar.com\/avatar\/82aafea7d8127119dd649515f56e2117?s=96&d=mm&r=g\",\"contentUrl\":\"https:\/\/secure.gravatar.com\/avatar\/82aafea7d8127119dd649515f56e2117?s=96&d=mm&r=g\",\"caption\":\"rtnews\"},\"url\":\"https:\/\/now-news.de\/de\/author\/rnews\/\"}]}<\/script>\n<!-- \/ Yoast SEO Premium plugin. -->","yoast_head_json":{"title":"Selenskijs Berater weist Verantwortung f\u00fcr Angriffe in Russland zur\u00fcck \u2013 Kreml: &quot;Glauben ihm nicht&quot; - just-now.NEWS Deutschland","robots":{"index":"index","follow":"follow","max-snippet":"max-snippet:-1","max-image-preview":"max-image-preview:large","max-video-preview":"max-video-preview:-1"},"canonical":"https:\/\/now-news.de\/de\/deutschland\/selenskijs-berater-weist-verantwortung-fuer-angriffe-in-russland-zurueck-kreml-glauben-ihm-nicht\/","og_locale":"de_DE","og_type":"article","og_title":"Selenskijs Berater weist Verantwortung f\u00fcr Angriffe in Russland zur\u00fcck \u2013 Kreml: &quot;Glauben ihm nicht&quot;","og_description":"Nach Aussagen von Michail Podoljak, Berater im ukrainischen Pr\u00e4sidentenb\u00fcro, greife Kiew keine Einrichtungen in Russland an und f\u00fchre lediglich einen Verteidigungskrieg. &#8220;Wir glauben ihm nicht&#8221;, erwiderte darauf Kremlsprecher Dmitri Peskow. Michail Podoljak, Berater im ukrainischen Pr\u00e4sidentenb\u00fcro, behauptete am Mittwoch, die Ukraine f\u00fchre einen Verteidigungskrieg und\u00a0greife keine Ziele in Russland an.\u00a0Die Zunahme der Angriffe auf die [&hellip;]","og_url":"https:\/\/now-news.de\/de\/deutschland\/selenskijs-berater-weist-verantwortung-fuer-angriffe-in-russland-zurueck-kreml-glauben-ihm-nicht\/","og_site_name":"just-now.NEWS Deutschland","article_publisher":"https:\/\/www.facebook.com\/wirmachenauf","article_published_time":"2023-03-01T19:20:34+00:00","og_image":[{"width":460,"height":259,"url":"https:\/\/now-news.de\/de\/wp-content\/uploads\/sites\/3\/2023\/03\/Selenskijs-Berater-weist-Verantwortung-fuer-Angriffe-in-Russland-zurueck-\u2013.jpg","type":"image\/jpeg"}],"author":"rtnews","twitter_card":"summary_large_image","twitter_creator":"@WirMachenAuf_de","twitter_site":"@WirMachenAuf_de","twitter_misc":{"Verfasst von":"rtnews","Gesch\u00e4tzte Lesezeit":"1\u00a0Minute"},"schema":{"@context":"https:\/\/schema.org","@graph":[{"@type":"Article","@id":"https:\/\/now-news.de\/de\/deutschland\/selenskijs-berater-weist-verantwortung-fuer-angriffe-in-russland-zurueck-kreml-glauben-ihm-nicht\/#article","isPartOf":{"@id":"https:\/\/now-news.de\/de\/deutschland\/selenskijs-berater-weist-verantwortung-fuer-angriffe-in-russland-zurueck-kreml-glauben-ihm-nicht\/"},"author":{"name":"rtnews","@id":"https:\/\/now-news.de\/de\/#\/schema\/person\/fb534a4e865501d8b3285208df34a9b5"},"headline":"Selenskijs Berater weist Verantwortung f\u00fcr Angriffe in Russland zur\u00fcck \u2013 Kreml: &quot;Glauben ihm nicht&quot;","datePublished":"2023-03-01T19:20:34+00:00","dateModified":"2023-03-01T19:20:34+00:00","mainEntityOfPage":{"@id":"https:\/\/now-news.de\/de\/deutschland\/selenskijs-berater-weist-verantwortung-fuer-angriffe-in-russland-zurueck-kreml-glauben-ihm-nicht\/"},"wordCount":260,"commentCount":0,"publisher":{"@id":"https:\/\/now-news.de\/de\/#organization"},"image":{"@id":"https:\/\/now-news.de\/de\/deutschland\/selenskijs-berater-weist-verantwortung-fuer-angriffe-in-russland-zurueck-kreml-glauben-ihm-nicht\/#primaryimage"},"thumbnailUrl":"https:\/\/now-news.de\/de\/wp-content\/uploads\/sites\/3\/2023\/03\/Selenskijs-Berater-weist-Verantwortung-fuer-Angriffe-in-Russland-zurueck-\u2013.jpg","keywords":["Angriffe","Berater","f\u00fcr","ihm","Kreml","nichtquot","quotGlauben","russland","Selenskijs","Verantwortung","weist","zur\u00fcck"],"articleSection":["Deutschland","Russland"],"inLanguage":"de","potentialAction":[{"@type":"CommentAction","name":"Comment","target":["https:\/\/now-news.de\/de\/deutschland\/selenskijs-berater-weist-verantwortung-fuer-angriffe-in-russland-zurueck-kreml-glauben-ihm-nicht\/#respond"]}]},{"@type":"WebPage","@id":"https:\/\/now-news.de\/de\/deutschland\/selenskijs-berater-weist-verantwortung-fuer-angriffe-in-russland-zurueck-kreml-glauben-ihm-nicht\/","url":"https:\/\/now-news.de\/de\/deutschland\/selenskijs-berater-weist-verantwortung-fuer-angriffe-in-russland-zurueck-kreml-glauben-ihm-nicht\/","name":"Selenskijs Berater weist Verantwortung f\u00fcr Angriffe in Russland zur\u00fcck \u2013 Kreml: &quot;Glauben ihm nicht&quot; - just-now.NEWS Deutschland","isPartOf":{"@id":"https:\/\/now-news.de\/de\/#website"},"primaryImageOfPage":{"@id":"https:\/\/now-news.de\/de\/deutschland\/selenskijs-berater-weist-verantwortung-fuer-angriffe-in-russland-zurueck-kreml-glauben-ihm-nicht\/#primaryimage"},"image":{"@id":"https:\/\/now-news.de\/de\/deutschland\/selenskijs-berater-weist-verantwortung-fuer-angriffe-in-russland-zurueck-kreml-glauben-ihm-nicht\/#primaryimage"},"thumbnailUrl":"https:\/\/now-news.de\/de\/wp-content\/uploads\/sites\/3\/2023\/03\/Selenskijs-Berater-weist-Verantwortung-fuer-Angriffe-in-Russland-zurueck-\u2013.jpg","datePublished":"2023-03-01T19:20:34+00:00","dateModified":"2023-03-01T19:20:34+00:00","breadcrumb":{"@id":"https:\/\/now-news.de\/de\/deutschland\/selenskijs-berater-weist-verantwortung-fuer-angriffe-in-russland-zurueck-kreml-glauben-ihm-nicht\/#breadcrumb"},"inLanguage":"de","potentialAction":[{"@type":"ReadAction","target":["https:\/\/now-news.de\/de\/deutschland\/selenskijs-berater-weist-verantwortung-fuer-angriffe-in-russland-zurueck-kreml-glauben-ihm-nicht\/"]}]},{"@type":"ImageObject","inLanguage":"de","@id":"https:\/\/now-news.de\/de\/deutschland\/selenskijs-berater-weist-verantwortung-fuer-angriffe-in-russland-zurueck-kreml-glauben-ihm-nicht\/#primaryimage","url":"https:\/\/now-news.de\/de\/wp-content\/uploads\/sites\/3\/2023\/03\/Selenskijs-Berater-weist-Verantwortung-fuer-Angriffe-in-Russland-zurueck-\u2013.jpg","contentUrl":"https:\/\/now-news.de\/de\/wp-content\/uploads\/sites\/3\/2023\/03\/Selenskijs-Berater-weist-Verantwortung-fuer-Angriffe-in-Russland-zurueck-\u2013.jpg","width":460,"height":259,"caption":"Selenskijs Berater weist Verantwortung f\u00fcr Angriffe in Russland zur\u00fcck \u2013 Kreml: &quot;Glauben ihm nicht&quot;"},{"@type":"BreadcrumbList","@id":"https:\/\/now-news.de\/de\/deutschland\/selenskijs-berater-weist-verantwortung-fuer-angriffe-in-russland-zurueck-kreml-glauben-ihm-nicht\/#breadcrumb","itemListElement":[{"@type":"ListItem","position":1,"name":"Home","item":"https:\/\/now-news.de\/de\/"},{"@type":"ListItem","position":2,"name":"Selenskijs Berater weist Verantwortung f\u00fcr Angriffe in Russland zur\u00fcck \u2013 Kreml: &quot;Glauben ihm nicht&quot;"}]},{"@type":"WebSite","@id":"https:\/\/now-news.de\/de\/#website","url":"https:\/\/now-news.de\/de\/","name":"just-now.NEWS Deutschland","description":"Das Portal f\u00fcr unzensierte Nachrichten aus der Welt","publisher":{"@id":"https:\/\/now-news.de\/de\/#organization"},"potentialAction":[{"@type":"SearchAction","target":{"@type":"EntryPoint","urlTemplate":"https:\/\/now-news.de\/de\/?s={search_term_string}"},"query-input":"required name=search_term_string"}],"inLanguage":"de"},{"@type":"Organization","@id":"https:\/\/now-news.de\/de\/#organization","name":"Just Now News","url":"https:\/\/now-news.de\/de\/","logo":{"@type":"ImageObject","inLanguage":"de","@id":"https:\/\/now-news.de\/de\/#\/schema\/logo\/image\/","url":"http:\/\/just-now.news\/de\/wp-content\/uploads\/sites\/3\/2022\/04\/logo500x500.jpg","contentUrl":"http:\/\/just-now.news\/de\/wp-content\/uploads\/sites\/3\/2022\/04\/logo500x500.jpg","width":500,"height":500,"caption":"Just Now News"},"image":{"@id":"https:\/\/now-news.de\/de\/#\/schema\/logo\/image\/"},"sameAs":["https:\/\/www.facebook.com\/wirmachenauf","https:\/\/x.com\/WirMachenAuf_de"]},{"@type":"Person","@id":"https:\/\/now-news.de\/de\/#\/schema\/person\/fb534a4e865501d8b3285208df34a9b5","name":"rtnews","image":{"@type":"ImageObject","inLanguage":"de","@id":"https:\/\/now-news.de\/de\/#\/schema\/person\/image\/","url":"https:\/\/secure.gravatar.com\/avatar\/82aafea7d8127119dd649515f56e2117?s=96&d=mm&r=g","contentUrl":"https:\/\/secure.gravatar.com\/avatar\/82aafea7d8127119dd649515f56e2117?s=96&d=mm&r=g","caption":"rtnews"},"url":"https:\/\/now-news.de\/de\/author\/rnews\/"}]}},"_links":{"self":[{"href":"https:\/\/now-news.de\/de\/wp-json\/wp\/v2\/posts\/31365"}],"collection":[{"href":"https:\/\/now-news.de\/de\/wp-json\/wp\/v2\/posts"}],"about":[{"href":"https:\/\/now-news.de\/de\/wp-json\/wp\/v2\/types\/post"}],"author":[{"embeddable":true,"href":"https:\/\/now-news.de\/de\/wp-json\/wp\/v2\/users\/3"}],"replies":[{"embeddable":true,"href":"https:\/\/now-news.de\/de\/wp-json\/wp\/v2\/comments?post=31365"}],"version-history":[{"count":0,"href":"https:\/\/now-news.de\/de\/wp-json\/wp\/v2\/posts\/31365\/revisions"}],"wp:featuredmedia":[{"embeddable":true,"href":"https:\/\/now-news.de\/de\/wp-json\/wp\/v2\/media\/31366"}],"wp:attachment":[{"href":"https:\/\/now-news.de\/de\/wp-json\/wp\/v2\/media?parent=31365"}],"wp:term":[{"taxonomy":"category","embeddable":true,"href":"https:\/\/now-news.de\/de\/wp-json\/wp\/v2\/categories?post=31365"},{"taxonomy":"post_tag","embeddable":true,"href":"https:\/\/now-news.de\/de\/wp-json\/wp\/v2\/tags?post=31365"}],"curies":[{"name":"wp","href":"https:\/\/api.w.org\/{rel}","templated":true}]}}