{"id":31361,"date":"2023-03-01T21:47:11","date_gmt":"2023-03-01T19:47:11","guid":{"rendered":"https:\/\/just-now.news\/de\/deutschland\/strategischer-rueckzug-selenskijs-berater-raeumt-flucht-ukrainischen-militaers-aus-artjomowsk-ein\/"},"modified":"2023-03-01T21:47:11","modified_gmt":"2023-03-01T19:47:11","slug":"strategischer-rueckzug-selenskijs-berater-raeumt-flucht-ukrainischen-militaers-aus-artjomowsk-ein","status":"publish","type":"post","link":"https:\/\/now-news.de\/de\/deutschland\/strategischer-rueckzug-selenskijs-berater-raeumt-flucht-ukrainischen-militaers-aus-artjomowsk-ein\/","title":{"rendered":"&quot;Strategischer R\u00fcckzug&quot;: Selenskijs Berater r\u00e4umt Flucht ukrainischen Milit\u00e4rs aus Artjomowsk ein"},"content":{"rendered":"<p><img decoding=\"async\" src=\"http:\/\/just-now.news\/de\/wp-content\/uploads\/sites\/3\/2023\/03\/63ff52d6b480cc5f3a474967.jpg\" \/><\/p>\n<div class=\"Text-root Text-type_1 \">\n                Die ukrainischen Truppen k\u00f6nnten sich aus Artjomowsk zur\u00fcckziehen, r\u00e4umte Selenskijs Berater Rodnjanski ein. Die Entscheidung w\u00fcrde von den Milit\u00e4rs getroffen werden. Am Vortag hatte aber das ukrainische Verteidigungsministerium noch Verst\u00e4rkung in die Stadt geschickt.\n            <\/div>\n<p><\/p>\n<div class=\"Text-root Text-type_5 ArticleView-text ViewText-root \">\n<p>Die ukrainischen Truppen, die in den letzten Monaten in der N\u00e4he von Artjomowsk (ukrainisch Bachmut) in heftige K\u00e4mpfe verwickelt waren, k\u00f6nnten sich notfalls &#8220;strategisch&#8221; aus der Stadt zur\u00fcckziehen, <a rel=\"nofollow noopener\" target=\"_blank\" href=\"https:\/\/edition.cnn.com\/europe\/live-news\/russia-ukraine-war-news-02-28-23\/h_866ba859233f019a717d983f81f89c4e\">sagte<\/a> der Wirtschaftsberater des ukrainischen Pr\u00e4sidenten, Alexander Rodnjanski, gegen\u00fcber <em>CNN<\/em>. Er behauptete:<strong><em><\/em><\/strong><\/p>\n<blockquote>\n<p><em>&#8220;Russland versucht, es [Bachmut] einzukesseln. Unser Milit\u00e4r w\u00e4gt offensichtlich alle Optionen ab. Bisher haben sie die Stadt gehalten, aber wenn n\u00f6tig, werden sie sich strategisch zur\u00fcckziehen, denn wir werden nicht alle unsere Leute umsonst opfern.&#8221;<\/em><\/p>\n<\/blockquote>\n<p>Auf die Frage nach einem m\u00f6glichen Zeitplan sagte Selenskijs Berater, es sei Sache des ukrainischen Milit\u00e4rs, dar\u00fcber zu entscheiden, ebenso wie \u00fcber die Notwendigkeit eines R\u00fcckzugs. Rodnjanski f\u00fcgte auch hinzu, dass das Gebiet westlich von Artjomowsk befestigt worden sei. Er rief dazu auf, keine Missverst\u00e4ndnisse aufkommen zu lassen und sagte, eine Gegenoffensive der ukrainischen Streitkr\u00e4fte sei &#8220;nicht mehr weit entfernt&#8221;.<\/p>\n<p>Die ukrainischen Beh\u00f6rden und das Milit\u00e4r hatten in den letzten Wochen \u00fcber die schwierige Lage in Artjomowsk gesprochen. Das ukrainische Au\u00dfenministerium erl\u00e4uterte die Notwendigkeit, die Stadt zu halten mit den Worten:<\/p>\n<blockquote>\n<p><em>&#8220;Wenn wir uns zur\u00fcckziehen, wird eine andere Stadt zu einem neuen Bachmut.&#8221;<\/em><\/p>\n<\/blockquote>\n<p>Gleichzeitig behauptete Selenskij, die Ukraine habe nicht die Absicht, Artjomowsk um jeden Preis zu verteidigen.<\/p>\n<p>Am 28. Februar sagte jedoch die stellvertretende Leiterin des ukrainischen Verteidigungsministeriums, Anna Maljar, dass Verst\u00e4rkung nach Artjomowsk geschickt worden sei. Die Entscheidung, die Stadt zu halten, sei &#8220;von den Milit\u00e4rs getroffen worden, die sich nicht von politischen Motiven leiten lassen&#8221;, behauptete sie. Die Nachrichtenagentur <em>Reuters<\/em> hatte am Vortag berichtet, dass ihr Korrespondent keine Anzeichen f\u00fcr einen R\u00fcckzug der ukrainischen Truppen gesehen habe und dass Verst\u00e4rkung eingetroffen sei.<\/p>\n<p>Am 27. Februar erkl\u00e4rte der kommissarische Leiter der DVR, Denis Puschylin, dass alle Stra\u00dfen, die nach Artjomowsk f\u00fchren, unter der Feuerkontrolle der russischen Streitkr\u00e4fte st\u00fcnden. Am n\u00e4chsten Tag teilte er mit, dass die russischen Truppen den Bezirk Stupki im Norden der Stadt befreit h\u00e4tten und dass der Vormarsch trotz &#8220;schwieriger Bedingungen&#8221; fortgesetzt werde.<\/p>\n<p><strong>Mehr zum Thema<\/strong> &#8211; <a rel=\"nofollow noopener\" target=\"_blank\" href=\"https:\/\/de.rt.com\/international\/163404-dvr-ukrainische-armee-haelt-an\/\">DVR: Ukrainische Armee h\u00e4lt an Artjomowsk wegen fehlender Befestigung anderer Ortschaften fest<\/a><\/p>\n<\/div>\n<p><br \/>\n<br \/><a href=\"https:\/\/de.rt.com\/international\/164211-strategischer-rueckzug-selenskijs-berater-raeumt\/\">Source link <\/a><\/p>\n","protected":false},"excerpt":{"rendered":"<p>Die ukrainischen Truppen k\u00f6nnten sich aus Artjomowsk zur\u00fcckziehen, r\u00e4umte Selenskijs Berater Rodnjanski ein. Die Entscheidung w\u00fcrde von den Milit\u00e4rs getroffen werden. Am Vortag hatte aber das ukrainische Verteidigungsministerium noch Verst\u00e4rkung in die Stadt geschickt. Die ukrainischen Truppen, die in den letzten Monaten in der N\u00e4he von Artjomowsk (ukrainisch Bachmut) in heftige K\u00e4mpfe verwickelt waren, k\u00f6nnten [&hellip;]<\/p>\n","protected":false},"author":3,"featured_media":31362,"comment_status":"open","ping_status":"open","sticky":false,"template":"","format":"standard","meta":{"_yoast_indexnow_last_ping":["1677847585"],"_wptgpro_p2tg_delay_for_override":["a:1:{i:23737;d:0.5;}"],"_wptgpro_p2tg_instances":["a:1:{i:23737;a:26:{s:6:\"active\";b:1;s:3:\"bot\";s:0:\"\";s:8:\"channels\";a:1:{i:0;s:13:\"@justnow_news\";}s:8:\"use_when\";a:1:{i:0;s:3:\"new\";}s:10:\"post_types\";a:1:{i:0;s:4:\"post\";}s:5:\"rules\";a:1:{i:0;a:1:{i:0;a:3:{s:5:\"param\";s:11:\"post_author\";s:6:\"values\";a:2:{i:0;a:2:{s:5:\"value\";s:1:\"3\";s:5:\"label\";s:5:\"rnews\";}i:1;a:2:{s:5:\"value\";s:1:\"1\";s:5:\"label\";s:5:\"admin\";}}s:8:\"operator\";s:2:\"in\";}}}s:16:\"message_template\";s:131:\"\"**{post_title}**\\n\\n{post_excerpt}\\n\\nRead: {full_url}\\n======\\n24h News Ticker - JUST-NOW News \\n\\u27a1\\ufe0f t.me\\\/justnow_news\"\";s:14:\"excerpt_length\";i:25;s:20:\"excerpt_preserve_eol\";b:1;s:14:\"excerpt_source\";s:12:\"post_content\";s:19:\"send_featured_image\";b:0;s:14:\"image_position\";s:6:\"before\";s:14:\"single_message\";b:1;s:12:\"cats_as_tags\";b:0;s:10:\"parse_mode\";s:4:\"none\";s:24:\"disable_web_page_preview\";b:0;s:16:\"additional_media\";a:0:{}s:15:\"send_wc_gallery\";b:0;s:18:\"wc_gallery_caption\";s:0:\"\";s:19:\"send_content_images\";b:0;s:22:\"content_images_caption\";s:0:\"\";s:15:\"inline_keyboard\";a:0:{}s:5:\"delay\";i:0;s:20:\"disable_notification\";b:0;s:15:\"protect_content\";b:0;s:2:\"id\";i:23737;}}"],"wp_automatic_camp":["217"],"ddf25b3070ca8ea3c94c559a0aa762b4":["&quot;Strategischer R\u00fcckzug&quot;: Selenskijs Berater r\u00e4umt Flucht ukrainischen Milit\u00e4rs aus Artjomowsk ein"],"original_link":["https:\/\/de.rt.com\/international\/164211-strategischer-rueckzug-selenskijs-berater-raeumt\/"],"_thumbnail_id":["31362"],"jnews_social_counter_last_update":["1777609174"]},"categories":[19,23],"tags":[30949,679,7704,357,2729,21064,41403,3947,41404,1290,2332],"yoast_head":"<!-- This site is optimized with the Yoast SEO Premium plugin v22.7 (Yoast SEO v22.7) - https:\/\/yoast.com\/wordpress\/plugins\/seo\/ -->\n<title>&quot;Strategischer R\u00fcckzug&quot;: Selenskijs Berater r\u00e4umt Flucht ukrainischen Milit\u00e4rs aus Artjomowsk ein - just-now.NEWS Deutschland<\/title>\n<meta name=\"robots\" content=\"index, follow, max-snippet:-1, max-image-preview:large, max-video-preview:-1\" \/>\n<link rel=\"canonical\" href=\"https:\/\/now-news.de\/de\/deutschland\/strategischer-rueckzug-selenskijs-berater-raeumt-flucht-ukrainischen-militaers-aus-artjomowsk-ein\/\" \/>\n<meta property=\"og:locale\" content=\"de_DE\" \/>\n<meta property=\"og:type\" content=\"article\" \/>\n<meta property=\"og:title\" content=\"&quot;Strategischer R\u00fcckzug&quot;: Selenskijs Berater r\u00e4umt Flucht ukrainischen Milit\u00e4rs aus Artjomowsk ein\" \/>\n<meta property=\"og:description\" content=\"Die ukrainischen Truppen k\u00f6nnten sich aus Artjomowsk zur\u00fcckziehen, r\u00e4umte Selenskijs Berater Rodnjanski ein. Die Entscheidung w\u00fcrde von den Milit\u00e4rs getroffen werden. Am Vortag hatte aber das ukrainische Verteidigungsministerium noch Verst\u00e4rkung in die Stadt geschickt. Die ukrainischen Truppen, die in den letzten Monaten in der N\u00e4he von Artjomowsk (ukrainisch Bachmut) in heftige K\u00e4mpfe verwickelt waren, k\u00f6nnten [&hellip;]\" \/>\n<meta property=\"og:url\" content=\"https:\/\/now-news.de\/de\/deutschland\/strategischer-rueckzug-selenskijs-berater-raeumt-flucht-ukrainischen-militaers-aus-artjomowsk-ein\/\" \/>\n<meta property=\"og:site_name\" content=\"just-now.NEWS Deutschland\" \/>\n<meta property=\"article:publisher\" content=\"https:\/\/www.facebook.com\/wirmachenauf\" \/>\n<meta property=\"article:published_time\" content=\"2023-03-01T19:47:11+00:00\" \/>\n<meta property=\"og:image\" content=\"https:\/\/now-news.de\/de\/wp-content\/uploads\/sites\/3\/2023\/03\/quotStrategischer-Rueckzugquot-Selenskijs-Berater-raeumt-Flucht-ukrainischen-Militaers-aus-Artjomowsk.jpg\" \/>\n\t<meta property=\"og:image:width\" content=\"460\" \/>\n\t<meta property=\"og:image:height\" content=\"259\" \/>\n\t<meta property=\"og:image:type\" content=\"image\/jpeg\" \/>\n<meta name=\"author\" content=\"rtnews\" \/>\n<meta name=\"twitter:card\" content=\"summary_large_image\" \/>\n<meta name=\"twitter:creator\" content=\"@WirMachenAuf_de\" \/>\n<meta name=\"twitter:site\" content=\"@WirMachenAuf_de\" \/>\n<meta name=\"twitter:label1\" content=\"Verfasst von\" \/>\n\t<meta name=\"twitter:data1\" content=\"rtnews\" \/>\n\t<meta name=\"twitter:label2\" content=\"Gesch\u00e4tzte Lesezeit\" \/>\n\t<meta name=\"twitter:data2\" content=\"2\u00a0Minuten\" \/>\n<script type=\"application\/ld+json\" class=\"yoast-schema-graph\">{\"@context\":\"https:\/\/schema.org\",\"@graph\":[{\"@type\":\"Article\",\"@id\":\"https:\/\/now-news.de\/de\/deutschland\/strategischer-rueckzug-selenskijs-berater-raeumt-flucht-ukrainischen-militaers-aus-artjomowsk-ein\/#article\",\"isPartOf\":{\"@id\":\"https:\/\/now-news.de\/de\/deutschland\/strategischer-rueckzug-selenskijs-berater-raeumt-flucht-ukrainischen-militaers-aus-artjomowsk-ein\/\"},\"author\":{\"name\":\"rtnews\",\"@id\":\"https:\/\/now-news.de\/de\/#\/schema\/person\/fb534a4e865501d8b3285208df34a9b5\"},\"headline\":\"&quot;Strategischer R\u00fcckzug&quot;: Selenskijs Berater r\u00e4umt Flucht ukrainischen Milit\u00e4rs aus Artjomowsk ein\",\"datePublished\":\"2023-03-01T19:47:11+00:00\",\"dateModified\":\"2023-03-01T19:47:11+00:00\",\"mainEntityOfPage\":{\"@id\":\"https:\/\/now-news.de\/de\/deutschland\/strategischer-rueckzug-selenskijs-berater-raeumt-flucht-ukrainischen-militaers-aus-artjomowsk-ein\/\"},\"wordCount\":421,\"commentCount\":0,\"publisher\":{\"@id\":\"https:\/\/now-news.de\/de\/#organization\"},\"image\":{\"@id\":\"https:\/\/now-news.de\/de\/deutschland\/strategischer-rueckzug-selenskijs-berater-raeumt-flucht-ukrainischen-militaers-aus-artjomowsk-ein\/#primaryimage\"},\"thumbnailUrl\":\"https:\/\/now-news.de\/de\/wp-content\/uploads\/sites\/3\/2023\/03\/quotStrategischer-Rueckzugquot-Selenskijs-Berater-raeumt-Flucht-ukrainischen-Militaers-aus-Artjomowsk.jpg\",\"keywords\":[\"Artjomowsk\",\"aus\",\"Berater\",\"ein\",\"Flucht\",\"Milit\u00e4rs\",\"quotStrategischer\",\"r\u00e4umt\",\"R\u00fcckzugquot\",\"Selenskijs\",\"ukrainischen\"],\"articleSection\":[\"Deutschland\",\"Russland\"],\"inLanguage\":\"de\",\"potentialAction\":[{\"@type\":\"CommentAction\",\"name\":\"Comment\",\"target\":[\"https:\/\/now-news.de\/de\/deutschland\/strategischer-rueckzug-selenskijs-berater-raeumt-flucht-ukrainischen-militaers-aus-artjomowsk-ein\/#respond\"]}]},{\"@type\":\"WebPage\",\"@id\":\"https:\/\/now-news.de\/de\/deutschland\/strategischer-rueckzug-selenskijs-berater-raeumt-flucht-ukrainischen-militaers-aus-artjomowsk-ein\/\",\"url\":\"https:\/\/now-news.de\/de\/deutschland\/strategischer-rueckzug-selenskijs-berater-raeumt-flucht-ukrainischen-militaers-aus-artjomowsk-ein\/\",\"name\":\"&quot;Strategischer R\u00fcckzug&quot;: Selenskijs Berater r\u00e4umt Flucht ukrainischen Milit\u00e4rs aus Artjomowsk ein - just-now.NEWS Deutschland\",\"isPartOf\":{\"@id\":\"https:\/\/now-news.de\/de\/#website\"},\"primaryImageOfPage\":{\"@id\":\"https:\/\/now-news.de\/de\/deutschland\/strategischer-rueckzug-selenskijs-berater-raeumt-flucht-ukrainischen-militaers-aus-artjomowsk-ein\/#primaryimage\"},\"image\":{\"@id\":\"https:\/\/now-news.de\/de\/deutschland\/strategischer-rueckzug-selenskijs-berater-raeumt-flucht-ukrainischen-militaers-aus-artjomowsk-ein\/#primaryimage\"},\"thumbnailUrl\":\"https:\/\/now-news.de\/de\/wp-content\/uploads\/sites\/3\/2023\/03\/quotStrategischer-Rueckzugquot-Selenskijs-Berater-raeumt-Flucht-ukrainischen-Militaers-aus-Artjomowsk.jpg\",\"datePublished\":\"2023-03-01T19:47:11+00:00\",\"dateModified\":\"2023-03-01T19:47:11+00:00\",\"breadcrumb\":{\"@id\":\"https:\/\/now-news.de\/de\/deutschland\/strategischer-rueckzug-selenskijs-berater-raeumt-flucht-ukrainischen-militaers-aus-artjomowsk-ein\/#breadcrumb\"},\"inLanguage\":\"de\",\"potentialAction\":[{\"@type\":\"ReadAction\",\"target\":[\"https:\/\/now-news.de\/de\/deutschland\/strategischer-rueckzug-selenskijs-berater-raeumt-flucht-ukrainischen-militaers-aus-artjomowsk-ein\/\"]}]},{\"@type\":\"ImageObject\",\"inLanguage\":\"de\",\"@id\":\"https:\/\/now-news.de\/de\/deutschland\/strategischer-rueckzug-selenskijs-berater-raeumt-flucht-ukrainischen-militaers-aus-artjomowsk-ein\/#primaryimage\",\"url\":\"https:\/\/now-news.de\/de\/wp-content\/uploads\/sites\/3\/2023\/03\/quotStrategischer-Rueckzugquot-Selenskijs-Berater-raeumt-Flucht-ukrainischen-Militaers-aus-Artjomowsk.jpg\",\"contentUrl\":\"https:\/\/now-news.de\/de\/wp-content\/uploads\/sites\/3\/2023\/03\/quotStrategischer-Rueckzugquot-Selenskijs-Berater-raeumt-Flucht-ukrainischen-Militaers-aus-Artjomowsk.jpg\",\"width\":460,\"height\":259,\"caption\":\"&quot;Strategischer R\u00fcckzug&quot;: Selenskijs Berater r\u00e4umt Flucht ukrainischen Milit\u00e4rs aus Artjomowsk ein\"},{\"@type\":\"BreadcrumbList\",\"@id\":\"https:\/\/now-news.de\/de\/deutschland\/strategischer-rueckzug-selenskijs-berater-raeumt-flucht-ukrainischen-militaers-aus-artjomowsk-ein\/#breadcrumb\",\"itemListElement\":[{\"@type\":\"ListItem\",\"position\":1,\"name\":\"Home\",\"item\":\"https:\/\/now-news.de\/de\/\"},{\"@type\":\"ListItem\",\"position\":2,\"name\":\"&quot;Strategischer R\u00fcckzug&quot;: Selenskijs Berater r\u00e4umt Flucht ukrainischen Milit\u00e4rs aus Artjomowsk ein\"}]},{\"@type\":\"WebSite\",\"@id\":\"https:\/\/now-news.de\/de\/#website\",\"url\":\"https:\/\/now-news.de\/de\/\",\"name\":\"just-now.NEWS Deutschland\",\"description\":\"Das Portal f\u00fcr unzensierte Nachrichten aus der Welt\",\"publisher\":{\"@id\":\"https:\/\/now-news.de\/de\/#organization\"},\"potentialAction\":[{\"@type\":\"SearchAction\",\"target\":{\"@type\":\"EntryPoint\",\"urlTemplate\":\"https:\/\/now-news.de\/de\/?s={search_term_string}\"},\"query-input\":\"required name=search_term_string\"}],\"inLanguage\":\"de\"},{\"@type\":\"Organization\",\"@id\":\"https:\/\/now-news.de\/de\/#organization\",\"name\":\"Just Now News\",\"url\":\"https:\/\/now-news.de\/de\/\",\"logo\":{\"@type\":\"ImageObject\",\"inLanguage\":\"de\",\"@id\":\"https:\/\/now-news.de\/de\/#\/schema\/logo\/image\/\",\"url\":\"http:\/\/just-now.news\/de\/wp-content\/uploads\/sites\/3\/2022\/04\/logo500x500.jpg\",\"contentUrl\":\"http:\/\/just-now.news\/de\/wp-content\/uploads\/sites\/3\/2022\/04\/logo500x500.jpg\",\"width\":500,\"height\":500,\"caption\":\"Just Now News\"},\"image\":{\"@id\":\"https:\/\/now-news.de\/de\/#\/schema\/logo\/image\/\"},\"sameAs\":[\"https:\/\/www.facebook.com\/wirmachenauf\",\"https:\/\/x.com\/WirMachenAuf_de\"]},{\"@type\":\"Person\",\"@id\":\"https:\/\/now-news.de\/de\/#\/schema\/person\/fb534a4e865501d8b3285208df34a9b5\",\"name\":\"rtnews\",\"image\":{\"@type\":\"ImageObject\",\"inLanguage\":\"de\",\"@id\":\"https:\/\/now-news.de\/de\/#\/schema\/person\/image\/\",\"url\":\"https:\/\/secure.gravatar.com\/avatar\/82aafea7d8127119dd649515f56e2117?s=96&d=mm&r=g\",\"contentUrl\":\"https:\/\/secure.gravatar.com\/avatar\/82aafea7d8127119dd649515f56e2117?s=96&d=mm&r=g\",\"caption\":\"rtnews\"},\"url\":\"https:\/\/now-news.de\/de\/author\/rnews\/\"}]}<\/script>\n<!-- \/ Yoast SEO Premium plugin. -->","yoast_head_json":{"title":"&quot;Strategischer R\u00fcckzug&quot;: Selenskijs Berater r\u00e4umt Flucht ukrainischen Milit\u00e4rs aus Artjomowsk ein - just-now.NEWS Deutschland","robots":{"index":"index","follow":"follow","max-snippet":"max-snippet:-1","max-image-preview":"max-image-preview:large","max-video-preview":"max-video-preview:-1"},"canonical":"https:\/\/now-news.de\/de\/deutschland\/strategischer-rueckzug-selenskijs-berater-raeumt-flucht-ukrainischen-militaers-aus-artjomowsk-ein\/","og_locale":"de_DE","og_type":"article","og_title":"&quot;Strategischer R\u00fcckzug&quot;: Selenskijs Berater r\u00e4umt Flucht ukrainischen Milit\u00e4rs aus Artjomowsk ein","og_description":"Die ukrainischen Truppen k\u00f6nnten sich aus Artjomowsk zur\u00fcckziehen, r\u00e4umte Selenskijs Berater Rodnjanski ein. Die Entscheidung w\u00fcrde von den Milit\u00e4rs getroffen werden. Am Vortag hatte aber das ukrainische Verteidigungsministerium noch Verst\u00e4rkung in die Stadt geschickt. Die ukrainischen Truppen, die in den letzten Monaten in der N\u00e4he von Artjomowsk (ukrainisch Bachmut) in heftige K\u00e4mpfe verwickelt waren, k\u00f6nnten [&hellip;]","og_url":"https:\/\/now-news.de\/de\/deutschland\/strategischer-rueckzug-selenskijs-berater-raeumt-flucht-ukrainischen-militaers-aus-artjomowsk-ein\/","og_site_name":"just-now.NEWS Deutschland","article_publisher":"https:\/\/www.facebook.com\/wirmachenauf","article_published_time":"2023-03-01T19:47:11+00:00","og_image":[{"width":460,"height":259,"url":"https:\/\/now-news.de\/de\/wp-content\/uploads\/sites\/3\/2023\/03\/quotStrategischer-Rueckzugquot-Selenskijs-Berater-raeumt-Flucht-ukrainischen-Militaers-aus-Artjomowsk.jpg","type":"image\/jpeg"}],"author":"rtnews","twitter_card":"summary_large_image","twitter_creator":"@WirMachenAuf_de","twitter_site":"@WirMachenAuf_de","twitter_misc":{"Verfasst von":"rtnews","Gesch\u00e4tzte Lesezeit":"2\u00a0Minuten"},"schema":{"@context":"https:\/\/schema.org","@graph":[{"@type":"Article","@id":"https:\/\/now-news.de\/de\/deutschland\/strategischer-rueckzug-selenskijs-berater-raeumt-flucht-ukrainischen-militaers-aus-artjomowsk-ein\/#article","isPartOf":{"@id":"https:\/\/now-news.de\/de\/deutschland\/strategischer-rueckzug-selenskijs-berater-raeumt-flucht-ukrainischen-militaers-aus-artjomowsk-ein\/"},"author":{"name":"rtnews","@id":"https:\/\/now-news.de\/de\/#\/schema\/person\/fb534a4e865501d8b3285208df34a9b5"},"headline":"&quot;Strategischer R\u00fcckzug&quot;: Selenskijs Berater r\u00e4umt Flucht ukrainischen Milit\u00e4rs aus Artjomowsk ein","datePublished":"2023-03-01T19:47:11+00:00","dateModified":"2023-03-01T19:47:11+00:00","mainEntityOfPage":{"@id":"https:\/\/now-news.de\/de\/deutschland\/strategischer-rueckzug-selenskijs-berater-raeumt-flucht-ukrainischen-militaers-aus-artjomowsk-ein\/"},"wordCount":421,"commentCount":0,"publisher":{"@id":"https:\/\/now-news.de\/de\/#organization"},"image":{"@id":"https:\/\/now-news.de\/de\/deutschland\/strategischer-rueckzug-selenskijs-berater-raeumt-flucht-ukrainischen-militaers-aus-artjomowsk-ein\/#primaryimage"},"thumbnailUrl":"https:\/\/now-news.de\/de\/wp-content\/uploads\/sites\/3\/2023\/03\/quotStrategischer-Rueckzugquot-Selenskijs-Berater-raeumt-Flucht-ukrainischen-Militaers-aus-Artjomowsk.jpg","keywords":["Artjomowsk","aus","Berater","ein","Flucht","Milit\u00e4rs","quotStrategischer","r\u00e4umt","R\u00fcckzugquot","Selenskijs","ukrainischen"],"articleSection":["Deutschland","Russland"],"inLanguage":"de","potentialAction":[{"@type":"CommentAction","name":"Comment","target":["https:\/\/now-news.de\/de\/deutschland\/strategischer-rueckzug-selenskijs-berater-raeumt-flucht-ukrainischen-militaers-aus-artjomowsk-ein\/#respond"]}]},{"@type":"WebPage","@id":"https:\/\/now-news.de\/de\/deutschland\/strategischer-rueckzug-selenskijs-berater-raeumt-flucht-ukrainischen-militaers-aus-artjomowsk-ein\/","url":"https:\/\/now-news.de\/de\/deutschland\/strategischer-rueckzug-selenskijs-berater-raeumt-flucht-ukrainischen-militaers-aus-artjomowsk-ein\/","name":"&quot;Strategischer R\u00fcckzug&quot;: Selenskijs Berater r\u00e4umt Flucht ukrainischen Milit\u00e4rs aus Artjomowsk ein - just-now.NEWS Deutschland","isPartOf":{"@id":"https:\/\/now-news.de\/de\/#website"},"primaryImageOfPage":{"@id":"https:\/\/now-news.de\/de\/deutschland\/strategischer-rueckzug-selenskijs-berater-raeumt-flucht-ukrainischen-militaers-aus-artjomowsk-ein\/#primaryimage"},"image":{"@id":"https:\/\/now-news.de\/de\/deutschland\/strategischer-rueckzug-selenskijs-berater-raeumt-flucht-ukrainischen-militaers-aus-artjomowsk-ein\/#primaryimage"},"thumbnailUrl":"https:\/\/now-news.de\/de\/wp-content\/uploads\/sites\/3\/2023\/03\/quotStrategischer-Rueckzugquot-Selenskijs-Berater-raeumt-Flucht-ukrainischen-Militaers-aus-Artjomowsk.jpg","datePublished":"2023-03-01T19:47:11+00:00","dateModified":"2023-03-01T19:47:11+00:00","breadcrumb":{"@id":"https:\/\/now-news.de\/de\/deutschland\/strategischer-rueckzug-selenskijs-berater-raeumt-flucht-ukrainischen-militaers-aus-artjomowsk-ein\/#breadcrumb"},"inLanguage":"de","potentialAction":[{"@type":"ReadAction","target":["https:\/\/now-news.de\/de\/deutschland\/strategischer-rueckzug-selenskijs-berater-raeumt-flucht-ukrainischen-militaers-aus-artjomowsk-ein\/"]}]},{"@type":"ImageObject","inLanguage":"de","@id":"https:\/\/now-news.de\/de\/deutschland\/strategischer-rueckzug-selenskijs-berater-raeumt-flucht-ukrainischen-militaers-aus-artjomowsk-ein\/#primaryimage","url":"https:\/\/now-news.de\/de\/wp-content\/uploads\/sites\/3\/2023\/03\/quotStrategischer-Rueckzugquot-Selenskijs-Berater-raeumt-Flucht-ukrainischen-Militaers-aus-Artjomowsk.jpg","contentUrl":"https:\/\/now-news.de\/de\/wp-content\/uploads\/sites\/3\/2023\/03\/quotStrategischer-Rueckzugquot-Selenskijs-Berater-raeumt-Flucht-ukrainischen-Militaers-aus-Artjomowsk.jpg","width":460,"height":259,"caption":"&quot;Strategischer R\u00fcckzug&quot;: Selenskijs Berater r\u00e4umt Flucht ukrainischen Milit\u00e4rs aus Artjomowsk ein"},{"@type":"BreadcrumbList","@id":"https:\/\/now-news.de\/de\/deutschland\/strategischer-rueckzug-selenskijs-berater-raeumt-flucht-ukrainischen-militaers-aus-artjomowsk-ein\/#breadcrumb","itemListElement":[{"@type":"ListItem","position":1,"name":"Home","item":"https:\/\/now-news.de\/de\/"},{"@type":"ListItem","position":2,"name":"&quot;Strategischer R\u00fcckzug&quot;: Selenskijs Berater r\u00e4umt Flucht ukrainischen Milit\u00e4rs aus Artjomowsk ein"}]},{"@type":"WebSite","@id":"https:\/\/now-news.de\/de\/#website","url":"https:\/\/now-news.de\/de\/","name":"just-now.NEWS Deutschland","description":"Das Portal f\u00fcr unzensierte Nachrichten aus der Welt","publisher":{"@id":"https:\/\/now-news.de\/de\/#organization"},"potentialAction":[{"@type":"SearchAction","target":{"@type":"EntryPoint","urlTemplate":"https:\/\/now-news.de\/de\/?s={search_term_string}"},"query-input":"required name=search_term_string"}],"inLanguage":"de"},{"@type":"Organization","@id":"https:\/\/now-news.de\/de\/#organization","name":"Just Now News","url":"https:\/\/now-news.de\/de\/","logo":{"@type":"ImageObject","inLanguage":"de","@id":"https:\/\/now-news.de\/de\/#\/schema\/logo\/image\/","url":"http:\/\/just-now.news\/de\/wp-content\/uploads\/sites\/3\/2022\/04\/logo500x500.jpg","contentUrl":"http:\/\/just-now.news\/de\/wp-content\/uploads\/sites\/3\/2022\/04\/logo500x500.jpg","width":500,"height":500,"caption":"Just Now News"},"image":{"@id":"https:\/\/now-news.de\/de\/#\/schema\/logo\/image\/"},"sameAs":["https:\/\/www.facebook.com\/wirmachenauf","https:\/\/x.com\/WirMachenAuf_de"]},{"@type":"Person","@id":"https:\/\/now-news.de\/de\/#\/schema\/person\/fb534a4e865501d8b3285208df34a9b5","name":"rtnews","image":{"@type":"ImageObject","inLanguage":"de","@id":"https:\/\/now-news.de\/de\/#\/schema\/person\/image\/","url":"https:\/\/secure.gravatar.com\/avatar\/82aafea7d8127119dd649515f56e2117?s=96&d=mm&r=g","contentUrl":"https:\/\/secure.gravatar.com\/avatar\/82aafea7d8127119dd649515f56e2117?s=96&d=mm&r=g","caption":"rtnews"},"url":"https:\/\/now-news.de\/de\/author\/rnews\/"}]}},"_links":{"self":[{"href":"https:\/\/now-news.de\/de\/wp-json\/wp\/v2\/posts\/31361"}],"collection":[{"href":"https:\/\/now-news.de\/de\/wp-json\/wp\/v2\/posts"}],"about":[{"href":"https:\/\/now-news.de\/de\/wp-json\/wp\/v2\/types\/post"}],"author":[{"embeddable":true,"href":"https:\/\/now-news.de\/de\/wp-json\/wp\/v2\/users\/3"}],"replies":[{"embeddable":true,"href":"https:\/\/now-news.de\/de\/wp-json\/wp\/v2\/comments?post=31361"}],"version-history":[{"count":0,"href":"https:\/\/now-news.de\/de\/wp-json\/wp\/v2\/posts\/31361\/revisions"}],"wp:featuredmedia":[{"embeddable":true,"href":"https:\/\/now-news.de\/de\/wp-json\/wp\/v2\/media\/31362"}],"wp:attachment":[{"href":"https:\/\/now-news.de\/de\/wp-json\/wp\/v2\/media?parent=31361"}],"wp:term":[{"taxonomy":"category","embeddable":true,"href":"https:\/\/now-news.de\/de\/wp-json\/wp\/v2\/categories?post=31361"},{"taxonomy":"post_tag","embeddable":true,"href":"https:\/\/now-news.de\/de\/wp-json\/wp\/v2\/tags?post=31361"}],"curies":[{"name":"wp","href":"https:\/\/api.w.org\/{rel}","templated":true}]}}