{"id":31359,"date":"2023-03-01T22:02:12","date_gmt":"2023-03-01T20:02:12","guid":{"rendered":"https:\/\/just-now.news\/de\/deutschland\/ueber-26-millionen-arbeitslose-im-februar-fast-200-000-mehr-als-vor-einem-jahr\/"},"modified":"2023-03-01T22:02:12","modified_gmt":"2023-03-01T20:02:12","slug":"ueber-26-millionen-arbeitslose-im-februar-fast-200-000-mehr-als-vor-einem-jahr","status":"publish","type":"post","link":"https:\/\/now-news.de\/de\/deutschland\/ueber-26-millionen-arbeitslose-im-februar-fast-200-000-mehr-als-vor-einem-jahr\/","title":{"rendered":"\u00dcber 2,6 Millionen Arbeitslose im Februar \u2013 fast 200.000 mehr als vor einem Jahr"},"content":{"rendered":"<p><img decoding=\"async\" src=\"http:\/\/just-now.news\/de\/wp-content\/uploads\/sites\/3\/2023\/03\/63ff5c3ab480cc265a27f01f.jpg\" \/><\/p>\n<p>Nach einem Bericht im <em>Business Insider<\/em> der USA stieg in Deutschland die Arbeitslosenzahl im Februar 2023 auf 2,62 Millionen. Das\u00a0sind 192.000 offiziell gemeldete Arbeitslose mehr als vor einem Jahr. Die offizielle Arbeitslosenquote in Deutschland betr\u00e4gt damit 5,7 Prozent.<\/p>\n<p>Die Unterbesch\u00e4ftigung, die zus\u00e4tzlich zur Arbeitslosenzahl auch solche Besch\u00e4ftigten umfasst, welche erwerbslos sind weil sie kurzfristig arbeitsunf\u00e4hig sind oder sich in &#8220;Ma\u00dfnahmen der Arbeitsmarktpolitik&#8221; wie Umschulungen befinden, lag im Februar 2023 bei rund 3,5 Millionen Personen. Das waren sogar 316.000 mehr als vor einem Jahr.<\/p>\n<p>Auch die Quote der Kurzarbeiter hat zuletzt deutlich zugenommen. Hier liegen die aktuellsten Daten zur tats\u00e4chlich erzwungenen Kurzarbeit erst bis Dezember 2022 vor. Im Dezember wurde f\u00fcr 183.000 Besch\u00e4ftigte sogenanntes konjunkturelles Kurzarbeitergeld gezahlt. &#8220;Damit hat sich die Inanspruchnahme zuletzt wieder merklich erh\u00f6ht&#8221;, schreibt die Bundesanstalt f\u00fcr Arbeit.<\/p>\n<p><strong>Mehr zum Thema<\/strong> &#8211; <a rel=\"nofollow noopener\" target=\"_blank\" href=\"https:\/\/freeassange.rtde.live\/meinung\/164099-studie-rund-ein-drittel-der-erwachsenen-deutschen-psychisch-erkrankt\/\">Studie: Rund ein Drittel der erwachsenen Deutschen psychisch erkrankt \u2013 wen wundert&#8217;s?<\/a><\/p>\n<p><br \/>\n<br \/><a href=\"https:\/\/de.rt.com\/inland\/164217-ueber-26-millionen-arbeitslose-im\/\">Source link <\/a><\/p>\n","protected":false},"excerpt":{"rendered":"<p>Nach einem Bericht im Business Insider der USA stieg in Deutschland die Arbeitslosenzahl im Februar 2023 auf 2,62 Millionen. Das\u00a0sind 192.000 offiziell gemeldete Arbeitslose mehr als vor einem Jahr. Die offizielle Arbeitslosenquote in Deutschland betr\u00e4gt damit 5,7 Prozent. Die Unterbesch\u00e4ftigung, die zus\u00e4tzlich zur Arbeitslosenzahl auch solche Besch\u00e4ftigten umfasst, welche erwerbslos sind weil sie kurzfristig arbeitsunf\u00e4hig [&hellip;]<\/p>\n","protected":false},"author":3,"featured_media":31360,"comment_status":"open","ping_status":"open","sticky":false,"template":"","format":"standard","meta":{"_yoast_indexnow_last_ping":["1677847582"],"_wptgpro_p2tg_delay_for_override":["a:1:{i:23737;d:0.5;}"],"_wptgpro_p2tg_instances":["a:1:{i:23737;a:26:{s:6:\"active\";b:1;s:3:\"bot\";s:0:\"\";s:8:\"channels\";a:1:{i:0;s:13:\"@justnow_news\";}s:8:\"use_when\";a:1:{i:0;s:3:\"new\";}s:10:\"post_types\";a:1:{i:0;s:4:\"post\";}s:5:\"rules\";a:1:{i:0;a:1:{i:0;a:3:{s:5:\"param\";s:11:\"post_author\";s:6:\"values\";a:2:{i:0;a:2:{s:5:\"value\";s:1:\"3\";s:5:\"label\";s:5:\"rnews\";}i:1;a:2:{s:5:\"value\";s:1:\"1\";s:5:\"label\";s:5:\"admin\";}}s:8:\"operator\";s:2:\"in\";}}}s:16:\"message_template\";s:131:\"\"**{post_title}**\\n\\n{post_excerpt}\\n\\nRead: {full_url}\\n======\\n24h News Ticker - JUST-NOW News \\n\\u27a1\\ufe0f t.me\\\/justnow_news\"\";s:14:\"excerpt_length\";i:25;s:20:\"excerpt_preserve_eol\";b:1;s:14:\"excerpt_source\";s:12:\"post_content\";s:19:\"send_featured_image\";b:0;s:14:\"image_position\";s:6:\"before\";s:14:\"single_message\";b:1;s:12:\"cats_as_tags\";b:0;s:10:\"parse_mode\";s:4:\"none\";s:24:\"disable_web_page_preview\";b:0;s:16:\"additional_media\";a:0:{}s:15:\"send_wc_gallery\";b:0;s:18:\"wc_gallery_caption\";s:0:\"\";s:19:\"send_content_images\";b:0;s:22:\"content_images_caption\";s:0:\"\";s:15:\"inline_keyboard\";a:0:{}s:5:\"delay\";i:0;s:20:\"disable_notification\";b:0;s:15:\"protect_content\";b:0;s:2:\"id\";i:23737;}}"],"wp_automatic_camp":["217"],"4ec301450a22dcad1795ff64209678f0":["\u00dcber 2,6 Millionen Arbeitslose im Februar \u2013 fast 200.000 mehr als vor einem Jahr"],"original_link":["https:\/\/de.rt.com\/inland\/164217-ueber-26-millionen-arbeitslose-im\/"],"_thumbnail_id":["31360"],"jnews_social_counter_last_update":["1777430340"]},"categories":[19,23],"tags":[273,41402,352,260,21377,1615,2063,4294,139,320],"yoast_head":"<!-- This site is optimized with the Yoast SEO Premium plugin v22.7 (Yoast SEO v22.7) - https:\/\/yoast.com\/wordpress\/plugins\/seo\/ -->\n<title>\u00dcber 2,6 Millionen Arbeitslose im Februar \u2013 fast 200.000 mehr als vor einem Jahr - just-now.NEWS Deutschland<\/title>\n<meta name=\"robots\" content=\"index, follow, max-snippet:-1, max-image-preview:large, max-video-preview:-1\" \/>\n<link rel=\"canonical\" href=\"https:\/\/now-news.de\/de\/deutschland\/ueber-26-millionen-arbeitslose-im-februar-fast-200-000-mehr-als-vor-einem-jahr\/\" \/>\n<meta property=\"og:locale\" content=\"de_DE\" \/>\n<meta property=\"og:type\" content=\"article\" \/>\n<meta property=\"og:title\" content=\"\u00dcber 2,6 Millionen Arbeitslose im Februar \u2013 fast 200.000 mehr als vor einem Jahr\" \/>\n<meta property=\"og:description\" content=\"Nach einem Bericht im Business Insider der USA stieg in Deutschland die Arbeitslosenzahl im Februar 2023 auf 2,62 Millionen. Das\u00a0sind 192.000 offiziell gemeldete Arbeitslose mehr als vor einem Jahr. Die offizielle Arbeitslosenquote in Deutschland betr\u00e4gt damit 5,7 Prozent. Die Unterbesch\u00e4ftigung, die zus\u00e4tzlich zur Arbeitslosenzahl auch solche Besch\u00e4ftigten umfasst, welche erwerbslos sind weil sie kurzfristig arbeitsunf\u00e4hig [&hellip;]\" \/>\n<meta property=\"og:url\" content=\"https:\/\/now-news.de\/de\/deutschland\/ueber-26-millionen-arbeitslose-im-februar-fast-200-000-mehr-als-vor-einem-jahr\/\" \/>\n<meta property=\"og:site_name\" content=\"just-now.NEWS Deutschland\" \/>\n<meta property=\"article:publisher\" content=\"https:\/\/www.facebook.com\/wirmachenauf\" \/>\n<meta property=\"article:published_time\" content=\"2023-03-01T20:02:12+00:00\" \/>\n<meta property=\"og:image\" content=\"https:\/\/now-news.de\/de\/wp-content\/uploads\/sites\/3\/2023\/03\/Ueber-26-Millionen-Arbeitslose-im-Februar-\u2013-fast-200000-mehr.jpg\" \/>\n\t<meta property=\"og:image:width\" content=\"460\" \/>\n\t<meta property=\"og:image:height\" content=\"259\" \/>\n\t<meta property=\"og:image:type\" content=\"image\/jpeg\" \/>\n<meta name=\"author\" content=\"rtnews\" \/>\n<meta name=\"twitter:card\" content=\"summary_large_image\" \/>\n<meta name=\"twitter:creator\" content=\"@WirMachenAuf_de\" \/>\n<meta name=\"twitter:site\" content=\"@WirMachenAuf_de\" \/>\n<meta name=\"twitter:label1\" content=\"Verfasst von\" \/>\n\t<meta name=\"twitter:data1\" content=\"rtnews\" \/>\n\t<meta name=\"twitter:label2\" content=\"Gesch\u00e4tzte Lesezeit\" \/>\n\t<meta name=\"twitter:data2\" content=\"1\u00a0Minute\" \/>\n<script type=\"application\/ld+json\" class=\"yoast-schema-graph\">{\"@context\":\"https:\/\/schema.org\",\"@graph\":[{\"@type\":\"Article\",\"@id\":\"https:\/\/now-news.de\/de\/deutschland\/ueber-26-millionen-arbeitslose-im-februar-fast-200-000-mehr-als-vor-einem-jahr\/#article\",\"isPartOf\":{\"@id\":\"https:\/\/now-news.de\/de\/deutschland\/ueber-26-millionen-arbeitslose-im-februar-fast-200-000-mehr-als-vor-einem-jahr\/\"},\"author\":{\"name\":\"rtnews\",\"@id\":\"https:\/\/now-news.de\/de\/#\/schema\/person\/fb534a4e865501d8b3285208df34a9b5\"},\"headline\":\"\u00dcber 2,6 Millionen Arbeitslose im Februar \u2013 fast 200.000 mehr als vor einem Jahr\",\"datePublished\":\"2023-03-01T20:02:12+00:00\",\"dateModified\":\"2023-03-01T20:02:12+00:00\",\"mainEntityOfPage\":{\"@id\":\"https:\/\/now-news.de\/de\/deutschland\/ueber-26-millionen-arbeitslose-im-februar-fast-200-000-mehr-als-vor-einem-jahr\/\"},\"wordCount\":163,\"commentCount\":0,\"publisher\":{\"@id\":\"https:\/\/now-news.de\/de\/#organization\"},\"image\":{\"@id\":\"https:\/\/now-news.de\/de\/deutschland\/ueber-26-millionen-arbeitslose-im-februar-fast-200-000-mehr-als-vor-einem-jahr\/#primaryimage\"},\"thumbnailUrl\":\"https:\/\/now-news.de\/de\/wp-content\/uploads\/sites\/3\/2023\/03\/Ueber-26-Millionen-Arbeitslose-im-Februar-\u2013-fast-200000-mehr.jpg\",\"keywords\":[\"als\",\"Arbeitslose\",\"einem\",\"Fast\",\"Februar\",\"Jahr\",\"mehr\",\"Millionen\",\"\u00fcber\",\"vor\"],\"articleSection\":[\"Deutschland\",\"Russland\"],\"inLanguage\":\"de\",\"potentialAction\":[{\"@type\":\"CommentAction\",\"name\":\"Comment\",\"target\":[\"https:\/\/now-news.de\/de\/deutschland\/ueber-26-millionen-arbeitslose-im-februar-fast-200-000-mehr-als-vor-einem-jahr\/#respond\"]}]},{\"@type\":\"WebPage\",\"@id\":\"https:\/\/now-news.de\/de\/deutschland\/ueber-26-millionen-arbeitslose-im-februar-fast-200-000-mehr-als-vor-einem-jahr\/\",\"url\":\"https:\/\/now-news.de\/de\/deutschland\/ueber-26-millionen-arbeitslose-im-februar-fast-200-000-mehr-als-vor-einem-jahr\/\",\"name\":\"\u00dcber 2,6 Millionen Arbeitslose im Februar \u2013 fast 200.000 mehr als vor einem Jahr - just-now.NEWS Deutschland\",\"isPartOf\":{\"@id\":\"https:\/\/now-news.de\/de\/#website\"},\"primaryImageOfPage\":{\"@id\":\"https:\/\/now-news.de\/de\/deutschland\/ueber-26-millionen-arbeitslose-im-februar-fast-200-000-mehr-als-vor-einem-jahr\/#primaryimage\"},\"image\":{\"@id\":\"https:\/\/now-news.de\/de\/deutschland\/ueber-26-millionen-arbeitslose-im-februar-fast-200-000-mehr-als-vor-einem-jahr\/#primaryimage\"},\"thumbnailUrl\":\"https:\/\/now-news.de\/de\/wp-content\/uploads\/sites\/3\/2023\/03\/Ueber-26-Millionen-Arbeitslose-im-Februar-\u2013-fast-200000-mehr.jpg\",\"datePublished\":\"2023-03-01T20:02:12+00:00\",\"dateModified\":\"2023-03-01T20:02:12+00:00\",\"breadcrumb\":{\"@id\":\"https:\/\/now-news.de\/de\/deutschland\/ueber-26-millionen-arbeitslose-im-februar-fast-200-000-mehr-als-vor-einem-jahr\/#breadcrumb\"},\"inLanguage\":\"de\",\"potentialAction\":[{\"@type\":\"ReadAction\",\"target\":[\"https:\/\/now-news.de\/de\/deutschland\/ueber-26-millionen-arbeitslose-im-februar-fast-200-000-mehr-als-vor-einem-jahr\/\"]}]},{\"@type\":\"ImageObject\",\"inLanguage\":\"de\",\"@id\":\"https:\/\/now-news.de\/de\/deutschland\/ueber-26-millionen-arbeitslose-im-februar-fast-200-000-mehr-als-vor-einem-jahr\/#primaryimage\",\"url\":\"https:\/\/now-news.de\/de\/wp-content\/uploads\/sites\/3\/2023\/03\/Ueber-26-Millionen-Arbeitslose-im-Februar-\u2013-fast-200000-mehr.jpg\",\"contentUrl\":\"https:\/\/now-news.de\/de\/wp-content\/uploads\/sites\/3\/2023\/03\/Ueber-26-Millionen-Arbeitslose-im-Februar-\u2013-fast-200000-mehr.jpg\",\"width\":460,\"height\":259,\"caption\":\"\u00dcber 2,6 Millionen Arbeitslose im Februar \u2013 fast 200.000 mehr als vor einem Jahr\"},{\"@type\":\"BreadcrumbList\",\"@id\":\"https:\/\/now-news.de\/de\/deutschland\/ueber-26-millionen-arbeitslose-im-februar-fast-200-000-mehr-als-vor-einem-jahr\/#breadcrumb\",\"itemListElement\":[{\"@type\":\"ListItem\",\"position\":1,\"name\":\"Home\",\"item\":\"https:\/\/now-news.de\/de\/\"},{\"@type\":\"ListItem\",\"position\":2,\"name\":\"\u00dcber 2,6 Millionen Arbeitslose im Februar \u2013 fast 200.000 mehr als vor einem Jahr\"}]},{\"@type\":\"WebSite\",\"@id\":\"https:\/\/now-news.de\/de\/#website\",\"url\":\"https:\/\/now-news.de\/de\/\",\"name\":\"just-now.NEWS Deutschland\",\"description\":\"Das Portal f\u00fcr unzensierte Nachrichten aus der Welt\",\"publisher\":{\"@id\":\"https:\/\/now-news.de\/de\/#organization\"},\"potentialAction\":[{\"@type\":\"SearchAction\",\"target\":{\"@type\":\"EntryPoint\",\"urlTemplate\":\"https:\/\/now-news.de\/de\/?s={search_term_string}\"},\"query-input\":\"required name=search_term_string\"}],\"inLanguage\":\"de\"},{\"@type\":\"Organization\",\"@id\":\"https:\/\/now-news.de\/de\/#organization\",\"name\":\"Just Now News\",\"url\":\"https:\/\/now-news.de\/de\/\",\"logo\":{\"@type\":\"ImageObject\",\"inLanguage\":\"de\",\"@id\":\"https:\/\/now-news.de\/de\/#\/schema\/logo\/image\/\",\"url\":\"http:\/\/just-now.news\/de\/wp-content\/uploads\/sites\/3\/2022\/04\/logo500x500.jpg\",\"contentUrl\":\"http:\/\/just-now.news\/de\/wp-content\/uploads\/sites\/3\/2022\/04\/logo500x500.jpg\",\"width\":500,\"height\":500,\"caption\":\"Just Now News\"},\"image\":{\"@id\":\"https:\/\/now-news.de\/de\/#\/schema\/logo\/image\/\"},\"sameAs\":[\"https:\/\/www.facebook.com\/wirmachenauf\",\"https:\/\/x.com\/WirMachenAuf_de\"]},{\"@type\":\"Person\",\"@id\":\"https:\/\/now-news.de\/de\/#\/schema\/person\/fb534a4e865501d8b3285208df34a9b5\",\"name\":\"rtnews\",\"image\":{\"@type\":\"ImageObject\",\"inLanguage\":\"de\",\"@id\":\"https:\/\/now-news.de\/de\/#\/schema\/person\/image\/\",\"url\":\"https:\/\/secure.gravatar.com\/avatar\/82aafea7d8127119dd649515f56e2117?s=96&d=mm&r=g\",\"contentUrl\":\"https:\/\/secure.gravatar.com\/avatar\/82aafea7d8127119dd649515f56e2117?s=96&d=mm&r=g\",\"caption\":\"rtnews\"},\"url\":\"https:\/\/now-news.de\/de\/author\/rnews\/\"}]}<\/script>\n<!-- \/ Yoast SEO Premium plugin. -->","yoast_head_json":{"title":"\u00dcber 2,6 Millionen Arbeitslose im Februar \u2013 fast 200.000 mehr als vor einem Jahr - just-now.NEWS Deutschland","robots":{"index":"index","follow":"follow","max-snippet":"max-snippet:-1","max-image-preview":"max-image-preview:large","max-video-preview":"max-video-preview:-1"},"canonical":"https:\/\/now-news.de\/de\/deutschland\/ueber-26-millionen-arbeitslose-im-februar-fast-200-000-mehr-als-vor-einem-jahr\/","og_locale":"de_DE","og_type":"article","og_title":"\u00dcber 2,6 Millionen Arbeitslose im Februar \u2013 fast 200.000 mehr als vor einem Jahr","og_description":"Nach einem Bericht im Business Insider der USA stieg in Deutschland die Arbeitslosenzahl im Februar 2023 auf 2,62 Millionen. Das\u00a0sind 192.000 offiziell gemeldete Arbeitslose mehr als vor einem Jahr. Die offizielle Arbeitslosenquote in Deutschland betr\u00e4gt damit 5,7 Prozent. Die Unterbesch\u00e4ftigung, die zus\u00e4tzlich zur Arbeitslosenzahl auch solche Besch\u00e4ftigten umfasst, welche erwerbslos sind weil sie kurzfristig arbeitsunf\u00e4hig [&hellip;]","og_url":"https:\/\/now-news.de\/de\/deutschland\/ueber-26-millionen-arbeitslose-im-februar-fast-200-000-mehr-als-vor-einem-jahr\/","og_site_name":"just-now.NEWS Deutschland","article_publisher":"https:\/\/www.facebook.com\/wirmachenauf","article_published_time":"2023-03-01T20:02:12+00:00","og_image":[{"width":460,"height":259,"url":"https:\/\/now-news.de\/de\/wp-content\/uploads\/sites\/3\/2023\/03\/Ueber-26-Millionen-Arbeitslose-im-Februar-\u2013-fast-200000-mehr.jpg","type":"image\/jpeg"}],"author":"rtnews","twitter_card":"summary_large_image","twitter_creator":"@WirMachenAuf_de","twitter_site":"@WirMachenAuf_de","twitter_misc":{"Verfasst von":"rtnews","Gesch\u00e4tzte Lesezeit":"1\u00a0Minute"},"schema":{"@context":"https:\/\/schema.org","@graph":[{"@type":"Article","@id":"https:\/\/now-news.de\/de\/deutschland\/ueber-26-millionen-arbeitslose-im-februar-fast-200-000-mehr-als-vor-einem-jahr\/#article","isPartOf":{"@id":"https:\/\/now-news.de\/de\/deutschland\/ueber-26-millionen-arbeitslose-im-februar-fast-200-000-mehr-als-vor-einem-jahr\/"},"author":{"name":"rtnews","@id":"https:\/\/now-news.de\/de\/#\/schema\/person\/fb534a4e865501d8b3285208df34a9b5"},"headline":"\u00dcber 2,6 Millionen Arbeitslose im Februar \u2013 fast 200.000 mehr als vor einem Jahr","datePublished":"2023-03-01T20:02:12+00:00","dateModified":"2023-03-01T20:02:12+00:00","mainEntityOfPage":{"@id":"https:\/\/now-news.de\/de\/deutschland\/ueber-26-millionen-arbeitslose-im-februar-fast-200-000-mehr-als-vor-einem-jahr\/"},"wordCount":163,"commentCount":0,"publisher":{"@id":"https:\/\/now-news.de\/de\/#organization"},"image":{"@id":"https:\/\/now-news.de\/de\/deutschland\/ueber-26-millionen-arbeitslose-im-februar-fast-200-000-mehr-als-vor-einem-jahr\/#primaryimage"},"thumbnailUrl":"https:\/\/now-news.de\/de\/wp-content\/uploads\/sites\/3\/2023\/03\/Ueber-26-Millionen-Arbeitslose-im-Februar-\u2013-fast-200000-mehr.jpg","keywords":["als","Arbeitslose","einem","Fast","Februar","Jahr","mehr","Millionen","\u00fcber","vor"],"articleSection":["Deutschland","Russland"],"inLanguage":"de","potentialAction":[{"@type":"CommentAction","name":"Comment","target":["https:\/\/now-news.de\/de\/deutschland\/ueber-26-millionen-arbeitslose-im-februar-fast-200-000-mehr-als-vor-einem-jahr\/#respond"]}]},{"@type":"WebPage","@id":"https:\/\/now-news.de\/de\/deutschland\/ueber-26-millionen-arbeitslose-im-februar-fast-200-000-mehr-als-vor-einem-jahr\/","url":"https:\/\/now-news.de\/de\/deutschland\/ueber-26-millionen-arbeitslose-im-februar-fast-200-000-mehr-als-vor-einem-jahr\/","name":"\u00dcber 2,6 Millionen Arbeitslose im Februar \u2013 fast 200.000 mehr als vor einem Jahr - just-now.NEWS Deutschland","isPartOf":{"@id":"https:\/\/now-news.de\/de\/#website"},"primaryImageOfPage":{"@id":"https:\/\/now-news.de\/de\/deutschland\/ueber-26-millionen-arbeitslose-im-februar-fast-200-000-mehr-als-vor-einem-jahr\/#primaryimage"},"image":{"@id":"https:\/\/now-news.de\/de\/deutschland\/ueber-26-millionen-arbeitslose-im-februar-fast-200-000-mehr-als-vor-einem-jahr\/#primaryimage"},"thumbnailUrl":"https:\/\/now-news.de\/de\/wp-content\/uploads\/sites\/3\/2023\/03\/Ueber-26-Millionen-Arbeitslose-im-Februar-\u2013-fast-200000-mehr.jpg","datePublished":"2023-03-01T20:02:12+00:00","dateModified":"2023-03-01T20:02:12+00:00","breadcrumb":{"@id":"https:\/\/now-news.de\/de\/deutschland\/ueber-26-millionen-arbeitslose-im-februar-fast-200-000-mehr-als-vor-einem-jahr\/#breadcrumb"},"inLanguage":"de","potentialAction":[{"@type":"ReadAction","target":["https:\/\/now-news.de\/de\/deutschland\/ueber-26-millionen-arbeitslose-im-februar-fast-200-000-mehr-als-vor-einem-jahr\/"]}]},{"@type":"ImageObject","inLanguage":"de","@id":"https:\/\/now-news.de\/de\/deutschland\/ueber-26-millionen-arbeitslose-im-februar-fast-200-000-mehr-als-vor-einem-jahr\/#primaryimage","url":"https:\/\/now-news.de\/de\/wp-content\/uploads\/sites\/3\/2023\/03\/Ueber-26-Millionen-Arbeitslose-im-Februar-\u2013-fast-200000-mehr.jpg","contentUrl":"https:\/\/now-news.de\/de\/wp-content\/uploads\/sites\/3\/2023\/03\/Ueber-26-Millionen-Arbeitslose-im-Februar-\u2013-fast-200000-mehr.jpg","width":460,"height":259,"caption":"\u00dcber 2,6 Millionen Arbeitslose im Februar \u2013 fast 200.000 mehr als vor einem Jahr"},{"@type":"BreadcrumbList","@id":"https:\/\/now-news.de\/de\/deutschland\/ueber-26-millionen-arbeitslose-im-februar-fast-200-000-mehr-als-vor-einem-jahr\/#breadcrumb","itemListElement":[{"@type":"ListItem","position":1,"name":"Home","item":"https:\/\/now-news.de\/de\/"},{"@type":"ListItem","position":2,"name":"\u00dcber 2,6 Millionen Arbeitslose im Februar \u2013 fast 200.000 mehr als vor einem Jahr"}]},{"@type":"WebSite","@id":"https:\/\/now-news.de\/de\/#website","url":"https:\/\/now-news.de\/de\/","name":"just-now.NEWS Deutschland","description":"Das Portal f\u00fcr unzensierte Nachrichten aus der Welt","publisher":{"@id":"https:\/\/now-news.de\/de\/#organization"},"potentialAction":[{"@type":"SearchAction","target":{"@type":"EntryPoint","urlTemplate":"https:\/\/now-news.de\/de\/?s={search_term_string}"},"query-input":"required name=search_term_string"}],"inLanguage":"de"},{"@type":"Organization","@id":"https:\/\/now-news.de\/de\/#organization","name":"Just Now News","url":"https:\/\/now-news.de\/de\/","logo":{"@type":"ImageObject","inLanguage":"de","@id":"https:\/\/now-news.de\/de\/#\/schema\/logo\/image\/","url":"http:\/\/just-now.news\/de\/wp-content\/uploads\/sites\/3\/2022\/04\/logo500x500.jpg","contentUrl":"http:\/\/just-now.news\/de\/wp-content\/uploads\/sites\/3\/2022\/04\/logo500x500.jpg","width":500,"height":500,"caption":"Just Now News"},"image":{"@id":"https:\/\/now-news.de\/de\/#\/schema\/logo\/image\/"},"sameAs":["https:\/\/www.facebook.com\/wirmachenauf","https:\/\/x.com\/WirMachenAuf_de"]},{"@type":"Person","@id":"https:\/\/now-news.de\/de\/#\/schema\/person\/fb534a4e865501d8b3285208df34a9b5","name":"rtnews","image":{"@type":"ImageObject","inLanguage":"de","@id":"https:\/\/now-news.de\/de\/#\/schema\/person\/image\/","url":"https:\/\/secure.gravatar.com\/avatar\/82aafea7d8127119dd649515f56e2117?s=96&d=mm&r=g","contentUrl":"https:\/\/secure.gravatar.com\/avatar\/82aafea7d8127119dd649515f56e2117?s=96&d=mm&r=g","caption":"rtnews"},"url":"https:\/\/now-news.de\/de\/author\/rnews\/"}]}},"_links":{"self":[{"href":"https:\/\/now-news.de\/de\/wp-json\/wp\/v2\/posts\/31359"}],"collection":[{"href":"https:\/\/now-news.de\/de\/wp-json\/wp\/v2\/posts"}],"about":[{"href":"https:\/\/now-news.de\/de\/wp-json\/wp\/v2\/types\/post"}],"author":[{"embeddable":true,"href":"https:\/\/now-news.de\/de\/wp-json\/wp\/v2\/users\/3"}],"replies":[{"embeddable":true,"href":"https:\/\/now-news.de\/de\/wp-json\/wp\/v2\/comments?post=31359"}],"version-history":[{"count":0,"href":"https:\/\/now-news.de\/de\/wp-json\/wp\/v2\/posts\/31359\/revisions"}],"wp:featuredmedia":[{"embeddable":true,"href":"https:\/\/now-news.de\/de\/wp-json\/wp\/v2\/media\/31360"}],"wp:attachment":[{"href":"https:\/\/now-news.de\/de\/wp-json\/wp\/v2\/media?parent=31359"}],"wp:term":[{"taxonomy":"category","embeddable":true,"href":"https:\/\/now-news.de\/de\/wp-json\/wp\/v2\/categories?post=31359"},{"taxonomy":"post_tag","embeddable":true,"href":"https:\/\/now-news.de\/de\/wp-json\/wp\/v2\/tags?post=31359"}],"curies":[{"name":"wp","href":"https:\/\/api.w.org\/{rel}","templated":true}]}}