{"id":31351,"date":"2023-03-01T23:33:03","date_gmt":"2023-03-01T21:33:03","guid":{"rendered":"https:\/\/just-now.news\/de\/deutschland\/drastische-aufruestung-eu-kommission-will-munitionsproduktion-erhoehen\/"},"modified":"2023-03-01T23:33:03","modified_gmt":"2023-03-01T21:33:03","slug":"drastische-aufruestung-eu-kommission-will-munitionsproduktion-erhoehen","status":"publish","type":"post","link":"https:\/\/now-news.de\/de\/deutschland\/drastische-aufruestung-eu-kommission-will-munitionsproduktion-erhoehen\/","title":{"rendered":"Drastische Aufr\u00fcstung: EU-Kommission will Munitionsproduktion erh\u00f6hen"},"content":{"rendered":"<p><img decoding=\"async\" src=\"http:\/\/just-now.news\/de\/wp-content\/uploads\/sites\/3\/2023\/03\/63ffa7a548fbef6d96631494.jpg\" \/><\/p>\n<div class=\"Text-root Text-type_1 \">\n                Die EU-Kommission hat einen Plan vorgelegt, um drastisch aufzur\u00fcsten und die Munitionsproduktion in der EU deutlich zu steigern. Grund daf\u00fcr sind die Munitionsvorr\u00e4te der EU-Mitgliedstaaten, die aufgrund der Waffenlieferungen an die Ukraine zunehmend schwinden.\n            <\/div>\n<p><\/p>\n<div class=\"Text-root Text-type_5 ArticleView-text ViewText-root \">\n<p>Die EU-Kommission will die Munitionsproduktion in den EU-Staaten deutlich steigern. Die Kommission will den Mitgliedsl\u00e4ndern demnach einen Plan vorlegen, der zum einen die Ukraine mit Munition versorgen und zum anderen sicherstellen soll, dass die Munitionsvorr\u00e4te in der EU bef\u00fcllt werden.<\/p>\n<p>Laut einem Kommissionspapier, das Botschaftern der L\u00e4nder am Donnerstag vorgestellt werden soll und dem Nachrichtenmagazin <em>Der Spiegel<\/em> vorliegt, enth\u00e4lt der Plan der Kommission im Wesentlichen drei S\u00e4ulen: Zum einen soll die Munitionsbeschaffung, vor allem bei 155-Millimeter-Granaten kurzfristig gesteigert werden, zum anderen ist ein gemeinsamer Einkauf von Munition durch die EU-Verteidigungsagentur EDA vorgesehen. Ein dritter Punkt sieht die langfristige Steigerung der Kapazit\u00e4ten der Munitionsherstellung in der EU vor.<\/p>\n<p>Zur sofortigen Steigerung der Munitionslieferung soll der EU-Au\u00dfenbeauftragte Josep Borrell ein zus\u00e4tzliches Unterst\u00fctzungspaket im Wert von einer Milliarde Euro f\u00fcr die Lieferung von Munition, insbesondere von 155-Millimeter-Granaten, vorschlagen. Die Soforthilfe soll nach dem bisherigen Muster erfolgen: Die EU-Staaten beliefern die Ukraine und erhalten daf\u00fcr Geld aus der Europ\u00e4ischen &#8220;Friedens&#8221;-Fazilit\u00e4t (EPF). Die Finanzmittel des EPF wurden bereits dreimal um jeweils 500 Millionen Euro aufgestockt, im Dezember wurde die Erh\u00f6hung auf zwei Milliarden Euro beschlossen. Danach soll die von Borrell vorgeschlagene zus\u00e4tzliche Milliarde kommen.<\/p>\n<p>Die zweite S\u00e4ule des Plans zielt darauf\u00a0ab, dass sich die EU-Staaten langfristig gr\u00f6\u00dfere Mengen an Munition zulegen m\u00fcssen, da die Zeit des Friedens in Europa nach Ansicht der EU-Kommission vorbei sei. Hierf\u00fcr ist ein Projekt der EDA vorgesehen: Die Ukraine und die EU-Staaten sollen ihren gesammelten Bedarf auflisten, um &#8220;eine massive Bestellung zu platzieren und der Industrie ein klares Nachfragesignal zu geben&#8221;, wie es in dem Papier hei\u00dft.<\/p>\n<p>Die Eink\u00e4ufe k\u00f6nnten beispielsweise \u00fcber eine Beschaffungsagentur laufen, hei\u00dft es weiter. Die L\u00e4nder k\u00f6nnten dort ihren Bedarf anmelden, anderenfalls k\u00f6nnte auch eine &#8220;F\u00fchrungsnation&#8221; die Munition f\u00fcr die anderen L\u00e4ndern einkaufen. F\u00fcr die Lieferungen an die Ukraine soll es dann wieder Entsch\u00e4digungen aus dem EPF geben.<\/p>\n<p>Nur wenn man der R\u00fcstungsindustrie garantieren k\u00f6nne, dass es sich lohne, die Produktionskapazit\u00e4ten langfristig zu erh\u00f6hen, sei diese auch dazu bereit, so die Argumentation der EU-Kommission. In der Kommission erhofft man sich von diesem Vorgehen auch niedrigere Preise als bisher. Das Projekt soll sieben Jahre dauern. 25 der 27 EU-Staaten sowie Norwegen h\u00e4tten bereits Interesse bekundet.<\/p>\n<p>Im dritten Punkt soll ein grunds\u00e4tzliches Problem angegangen werden: Die aufgrund der Waffenlieferungen an die Ukraine &#8220;rapide schwindenden&#8221; Munitionsvorr\u00e4te der EU-Staaten sowie die geringen Kapazit\u00e4ten f\u00fcr die Herstellung von Nachschub, die nun &#8220;schnell gesteigert werden sollen&#8221;. Die EU-Kommission sieht sich hierin allerdings eher als Organisatorin oder Vermittlerin, die eigentliche Verantwortung liege demnach bei der Industrie und den Regierungen der EU-Staaten, so von der Leyens Beh\u00f6rde.<\/p>\n<p>Besprochen werden sollen die Vorschl\u00e4ge voraussichtlich in der kommenden Woche bei einem informellen Treffen der Verteidigungsminister in Stockholm, die Entscheidung k\u00f6nnte beim n\u00e4chsten Gipfel der EU-Regierungschefs Ende M\u00e4rz fallen.<\/p>\n<p>Bereits im vergangenen November forderten Borrell und EU-Binnenmarktkommissar Thierry Breton einen gemeinsamen Munitionseinkauf nach dem Vorbild des gemeinsamen Einkaufs der Corona-Impfstoffe. Die Forderung bleib jedoch folgenlos \u2013 zumindest, bis die estnische Regierungschefin Kaja Kallas die Idee Anfang Februar erneut aufbrachte.<\/p>\n<p>Hintergrund f\u00fcr die Entscheidung ist auch die Tatsache, dass der Ukraine die Munition ausgeht. Demnach verschie\u00dft Russland im Ukraine-Krieg nach den Angaben eines Hintergrundpapiers aus Estland\u00a0rund zehnmal mehr Artilleriegranaten als die Ukraine \u2013 rund 20.000 bis 60.000 Granaten. Die R\u00fcstungsindustrie der EU kann jedoch maximal 20.000 bis 25.000 Granaten herstellen\u00a0\u2013 pro Monat. Nach Angaben der Esten lie\u00dfe sich diese Zahl auf das Siebenfache steigern \u2013 was allerdings immer noch deutlich unterhalb der Kapazit\u00e4t Russlands liegt. Dennoch geben die Esten an, dass in diesem Jahr die Herstellung von rund einer Million 155-Millimeter-Granaten m\u00f6glich sei. Kostenpunkt: Rund vier Milliarden Euro.<\/p>\n<p><strong>Mehr zum Thema <\/strong>\u2013\u00a0<a rel=\"nofollow noopener\" target=\"_blank\" href=\"https:\/\/test.rtde.tech\/kurzclips\/video\/159591-stoltenberg-fordert-hoehere-waffenproduktion-fuer\/\">Stoltenberg fordert h\u00f6here Waffenproduktion f\u00fcr Ukraine: &#8220;Unsere Vorr\u00e4te gehen zur Neige&#8221;<\/a><\/p>\n<div class=\"EmbedBlock-root EmbedBlock-externalVideo EmbedBlock-vk\">\n<div class=\"VkEmbed\"><iframe class=\"lazyload\" data-src=\"https:\/\/vk.com\/video_ext.php?oid=-134310637&amp;id=456262349&amp;hash=c304b9e4a8e39fba\" frameborder=\"0\" width=\"853\" height=\"480\" allowfullscreen><\/iframe><\/div>\n<\/div>\n<\/div>\n<p><br \/>\n<br \/><a href=\"https:\/\/de.rt.com\/international\/164256-drastische-aufruestung-eu-kommission-will\/\">Source link <\/a><\/p>\n","protected":false},"excerpt":{"rendered":"<p>Die EU-Kommission hat einen Plan vorgelegt, um drastisch aufzur\u00fcsten und die Munitionsproduktion in der EU deutlich zu steigern. Grund daf\u00fcr sind die Munitionsvorr\u00e4te der EU-Mitgliedstaaten, die aufgrund der Waffenlieferungen an die Ukraine zunehmend schwinden. Die EU-Kommission will die Munitionsproduktion in den EU-Staaten deutlich steigern. Die Kommission will den Mitgliedsl\u00e4ndern demnach einen Plan vorlegen, der zum [&hellip;]<\/p>\n","protected":false},"author":3,"featured_media":31352,"comment_status":"open","ping_status":"open","sticky":false,"template":"","format":"standard","meta":{"_yoast_indexnow_last_ping":["1677847566"],"wp_automatic_camp":["217"],"d52e6def2f475e5e0cc497b20fda1284":["Drastische Aufr\u00fcstung: EU-Kommission will Munitionsproduktion erh\u00f6hen"],"original_link":["https:\/\/de.rt.com\/international\/164256-drastische-aufruestung-eu-kommission-will\/"],"_thumbnail_id":["31352"],"_wptgpro_p2tg_sent2tg":["a:0:{}"],"jnews_social_counter_last_update":["1777148841"]},"categories":[19,23],"tags":[24790,4552,11909,1500,41397],"yoast_head":"<!-- This site is optimized with the Yoast SEO Premium plugin v22.7 (Yoast SEO v22.7) - https:\/\/yoast.com\/wordpress\/plugins\/seo\/ -->\n<title>Drastische Aufr\u00fcstung: EU-Kommission will Munitionsproduktion erh\u00f6hen - just-now.NEWS Deutschland<\/title>\n<meta name=\"robots\" content=\"index, follow, max-snippet:-1, max-image-preview:large, max-video-preview:-1\" \/>\n<link rel=\"canonical\" href=\"https:\/\/now-news.de\/de\/deutschland\/drastische-aufruestung-eu-kommission-will-munitionsproduktion-erhoehen\/\" \/>\n<meta property=\"og:locale\" content=\"de_DE\" \/>\n<meta property=\"og:type\" content=\"article\" \/>\n<meta property=\"og:title\" content=\"Drastische Aufr\u00fcstung: EU-Kommission will Munitionsproduktion erh\u00f6hen\" \/>\n<meta property=\"og:description\" content=\"Die EU-Kommission hat einen Plan vorgelegt, um drastisch aufzur\u00fcsten und die Munitionsproduktion in der EU deutlich zu steigern. Grund daf\u00fcr sind die Munitionsvorr\u00e4te der EU-Mitgliedstaaten, die aufgrund der Waffenlieferungen an die Ukraine zunehmend schwinden. Die EU-Kommission will die Munitionsproduktion in den EU-Staaten deutlich steigern. Die Kommission will den Mitgliedsl\u00e4ndern demnach einen Plan vorlegen, der zum [&hellip;]\" \/>\n<meta property=\"og:url\" content=\"https:\/\/now-news.de\/de\/deutschland\/drastische-aufruestung-eu-kommission-will-munitionsproduktion-erhoehen\/\" \/>\n<meta property=\"og:site_name\" content=\"just-now.NEWS Deutschland\" \/>\n<meta property=\"article:publisher\" content=\"https:\/\/www.facebook.com\/wirmachenauf\" \/>\n<meta property=\"article:published_time\" content=\"2023-03-01T21:33:03+00:00\" \/>\n<meta property=\"og:image\" content=\"https:\/\/now-news.de\/de\/wp-content\/uploads\/sites\/3\/2023\/03\/Drastische-Aufruestung-EU-Kommission-will-Munitionsproduktion-erhoehen.jpg\" \/>\n\t<meta property=\"og:image:width\" content=\"460\" \/>\n\t<meta property=\"og:image:height\" content=\"259\" \/>\n\t<meta property=\"og:image:type\" content=\"image\/jpeg\" \/>\n<meta name=\"author\" content=\"rtnews\" \/>\n<meta name=\"twitter:card\" content=\"summary_large_image\" \/>\n<meta name=\"twitter:creator\" content=\"@WirMachenAuf_de\" \/>\n<meta name=\"twitter:site\" content=\"@WirMachenAuf_de\" \/>\n<meta name=\"twitter:label1\" content=\"Verfasst von\" \/>\n\t<meta name=\"twitter:data1\" content=\"rtnews\" \/>\n\t<meta name=\"twitter:label2\" content=\"Gesch\u00e4tzte Lesezeit\" \/>\n\t<meta name=\"twitter:data2\" content=\"3\u00a0Minuten\" \/>\n<script type=\"application\/ld+json\" class=\"yoast-schema-graph\">{\"@context\":\"https:\/\/schema.org\",\"@graph\":[{\"@type\":\"Article\",\"@id\":\"https:\/\/now-news.de\/de\/deutschland\/drastische-aufruestung-eu-kommission-will-munitionsproduktion-erhoehen\/#article\",\"isPartOf\":{\"@id\":\"https:\/\/now-news.de\/de\/deutschland\/drastische-aufruestung-eu-kommission-will-munitionsproduktion-erhoehen\/\"},\"author\":{\"name\":\"rtnews\",\"@id\":\"https:\/\/now-news.de\/de\/#\/schema\/person\/fb534a4e865501d8b3285208df34a9b5\"},\"headline\":\"Drastische Aufr\u00fcstung: EU-Kommission will Munitionsproduktion erh\u00f6hen\",\"datePublished\":\"2023-03-01T21:33:03+00:00\",\"dateModified\":\"2023-03-01T21:33:03+00:00\",\"mainEntityOfPage\":{\"@id\":\"https:\/\/now-news.de\/de\/deutschland\/drastische-aufruestung-eu-kommission-will-munitionsproduktion-erhoehen\/\"},\"wordCount\":700,\"commentCount\":0,\"publisher\":{\"@id\":\"https:\/\/now-news.de\/de\/#organization\"},\"image\":{\"@id\":\"https:\/\/now-news.de\/de\/deutschland\/drastische-aufruestung-eu-kommission-will-munitionsproduktion-erhoehen\/#primaryimage\"},\"thumbnailUrl\":\"https:\/\/now-news.de\/de\/wp-content\/uploads\/sites\/3\/2023\/03\/Drastische-Aufruestung-EU-Kommission-will-Munitionsproduktion-erhoehen.jpg\",\"keywords\":[\"Aufr\u00fcstung\",\"Drastische\",\"erh\u00f6hen\",\"EUKommission\",\"Munitionsproduktion\"],\"articleSection\":[\"Deutschland\",\"Russland\"],\"inLanguage\":\"de\",\"potentialAction\":[{\"@type\":\"CommentAction\",\"name\":\"Comment\",\"target\":[\"https:\/\/now-news.de\/de\/deutschland\/drastische-aufruestung-eu-kommission-will-munitionsproduktion-erhoehen\/#respond\"]}]},{\"@type\":\"WebPage\",\"@id\":\"https:\/\/now-news.de\/de\/deutschland\/drastische-aufruestung-eu-kommission-will-munitionsproduktion-erhoehen\/\",\"url\":\"https:\/\/now-news.de\/de\/deutschland\/drastische-aufruestung-eu-kommission-will-munitionsproduktion-erhoehen\/\",\"name\":\"Drastische Aufr\u00fcstung: EU-Kommission will Munitionsproduktion erh\u00f6hen - just-now.NEWS Deutschland\",\"isPartOf\":{\"@id\":\"https:\/\/now-news.de\/de\/#website\"},\"primaryImageOfPage\":{\"@id\":\"https:\/\/now-news.de\/de\/deutschland\/drastische-aufruestung-eu-kommission-will-munitionsproduktion-erhoehen\/#primaryimage\"},\"image\":{\"@id\":\"https:\/\/now-news.de\/de\/deutschland\/drastische-aufruestung-eu-kommission-will-munitionsproduktion-erhoehen\/#primaryimage\"},\"thumbnailUrl\":\"https:\/\/now-news.de\/de\/wp-content\/uploads\/sites\/3\/2023\/03\/Drastische-Aufruestung-EU-Kommission-will-Munitionsproduktion-erhoehen.jpg\",\"datePublished\":\"2023-03-01T21:33:03+00:00\",\"dateModified\":\"2023-03-01T21:33:03+00:00\",\"breadcrumb\":{\"@id\":\"https:\/\/now-news.de\/de\/deutschland\/drastische-aufruestung-eu-kommission-will-munitionsproduktion-erhoehen\/#breadcrumb\"},\"inLanguage\":\"de\",\"potentialAction\":[{\"@type\":\"ReadAction\",\"target\":[\"https:\/\/now-news.de\/de\/deutschland\/drastische-aufruestung-eu-kommission-will-munitionsproduktion-erhoehen\/\"]}]},{\"@type\":\"ImageObject\",\"inLanguage\":\"de\",\"@id\":\"https:\/\/now-news.de\/de\/deutschland\/drastische-aufruestung-eu-kommission-will-munitionsproduktion-erhoehen\/#primaryimage\",\"url\":\"https:\/\/now-news.de\/de\/wp-content\/uploads\/sites\/3\/2023\/03\/Drastische-Aufruestung-EU-Kommission-will-Munitionsproduktion-erhoehen.jpg\",\"contentUrl\":\"https:\/\/now-news.de\/de\/wp-content\/uploads\/sites\/3\/2023\/03\/Drastische-Aufruestung-EU-Kommission-will-Munitionsproduktion-erhoehen.jpg\",\"width\":460,\"height\":259,\"caption\":\"Drastische Aufr\u00fcstung: EU-Kommission will Munitionsproduktion erh\u00f6hen\"},{\"@type\":\"BreadcrumbList\",\"@id\":\"https:\/\/now-news.de\/de\/deutschland\/drastische-aufruestung-eu-kommission-will-munitionsproduktion-erhoehen\/#breadcrumb\",\"itemListElement\":[{\"@type\":\"ListItem\",\"position\":1,\"name\":\"Home\",\"item\":\"https:\/\/now-news.de\/de\/\"},{\"@type\":\"ListItem\",\"position\":2,\"name\":\"Drastische Aufr\u00fcstung: EU-Kommission will Munitionsproduktion erh\u00f6hen\"}]},{\"@type\":\"WebSite\",\"@id\":\"https:\/\/now-news.de\/de\/#website\",\"url\":\"https:\/\/now-news.de\/de\/\",\"name\":\"just-now.NEWS Deutschland\",\"description\":\"Das Portal f\u00fcr unzensierte Nachrichten aus der Welt\",\"publisher\":{\"@id\":\"https:\/\/now-news.de\/de\/#organization\"},\"potentialAction\":[{\"@type\":\"SearchAction\",\"target\":{\"@type\":\"EntryPoint\",\"urlTemplate\":\"https:\/\/now-news.de\/de\/?s={search_term_string}\"},\"query-input\":\"required name=search_term_string\"}],\"inLanguage\":\"de\"},{\"@type\":\"Organization\",\"@id\":\"https:\/\/now-news.de\/de\/#organization\",\"name\":\"Just Now News\",\"url\":\"https:\/\/now-news.de\/de\/\",\"logo\":{\"@type\":\"ImageObject\",\"inLanguage\":\"de\",\"@id\":\"https:\/\/now-news.de\/de\/#\/schema\/logo\/image\/\",\"url\":\"http:\/\/just-now.news\/de\/wp-content\/uploads\/sites\/3\/2022\/04\/logo500x500.jpg\",\"contentUrl\":\"http:\/\/just-now.news\/de\/wp-content\/uploads\/sites\/3\/2022\/04\/logo500x500.jpg\",\"width\":500,\"height\":500,\"caption\":\"Just Now News\"},\"image\":{\"@id\":\"https:\/\/now-news.de\/de\/#\/schema\/logo\/image\/\"},\"sameAs\":[\"https:\/\/www.facebook.com\/wirmachenauf\",\"https:\/\/x.com\/WirMachenAuf_de\"]},{\"@type\":\"Person\",\"@id\":\"https:\/\/now-news.de\/de\/#\/schema\/person\/fb534a4e865501d8b3285208df34a9b5\",\"name\":\"rtnews\",\"image\":{\"@type\":\"ImageObject\",\"inLanguage\":\"de\",\"@id\":\"https:\/\/now-news.de\/de\/#\/schema\/person\/image\/\",\"url\":\"https:\/\/secure.gravatar.com\/avatar\/82aafea7d8127119dd649515f56e2117?s=96&d=mm&r=g\",\"contentUrl\":\"https:\/\/secure.gravatar.com\/avatar\/82aafea7d8127119dd649515f56e2117?s=96&d=mm&r=g\",\"caption\":\"rtnews\"},\"url\":\"https:\/\/now-news.de\/de\/author\/rnews\/\"}]}<\/script>\n<!-- \/ Yoast SEO Premium plugin. -->","yoast_head_json":{"title":"Drastische Aufr\u00fcstung: EU-Kommission will Munitionsproduktion erh\u00f6hen - just-now.NEWS Deutschland","robots":{"index":"index","follow":"follow","max-snippet":"max-snippet:-1","max-image-preview":"max-image-preview:large","max-video-preview":"max-video-preview:-1"},"canonical":"https:\/\/now-news.de\/de\/deutschland\/drastische-aufruestung-eu-kommission-will-munitionsproduktion-erhoehen\/","og_locale":"de_DE","og_type":"article","og_title":"Drastische Aufr\u00fcstung: EU-Kommission will Munitionsproduktion erh\u00f6hen","og_description":"Die EU-Kommission hat einen Plan vorgelegt, um drastisch aufzur\u00fcsten und die Munitionsproduktion in der EU deutlich zu steigern. Grund daf\u00fcr sind die Munitionsvorr\u00e4te der EU-Mitgliedstaaten, die aufgrund der Waffenlieferungen an die Ukraine zunehmend schwinden. Die EU-Kommission will die Munitionsproduktion in den EU-Staaten deutlich steigern. Die Kommission will den Mitgliedsl\u00e4ndern demnach einen Plan vorlegen, der zum [&hellip;]","og_url":"https:\/\/now-news.de\/de\/deutschland\/drastische-aufruestung-eu-kommission-will-munitionsproduktion-erhoehen\/","og_site_name":"just-now.NEWS Deutschland","article_publisher":"https:\/\/www.facebook.com\/wirmachenauf","article_published_time":"2023-03-01T21:33:03+00:00","og_image":[{"width":460,"height":259,"url":"https:\/\/now-news.de\/de\/wp-content\/uploads\/sites\/3\/2023\/03\/Drastische-Aufruestung-EU-Kommission-will-Munitionsproduktion-erhoehen.jpg","type":"image\/jpeg"}],"author":"rtnews","twitter_card":"summary_large_image","twitter_creator":"@WirMachenAuf_de","twitter_site":"@WirMachenAuf_de","twitter_misc":{"Verfasst von":"rtnews","Gesch\u00e4tzte Lesezeit":"3\u00a0Minuten"},"schema":{"@context":"https:\/\/schema.org","@graph":[{"@type":"Article","@id":"https:\/\/now-news.de\/de\/deutschland\/drastische-aufruestung-eu-kommission-will-munitionsproduktion-erhoehen\/#article","isPartOf":{"@id":"https:\/\/now-news.de\/de\/deutschland\/drastische-aufruestung-eu-kommission-will-munitionsproduktion-erhoehen\/"},"author":{"name":"rtnews","@id":"https:\/\/now-news.de\/de\/#\/schema\/person\/fb534a4e865501d8b3285208df34a9b5"},"headline":"Drastische Aufr\u00fcstung: EU-Kommission will Munitionsproduktion erh\u00f6hen","datePublished":"2023-03-01T21:33:03+00:00","dateModified":"2023-03-01T21:33:03+00:00","mainEntityOfPage":{"@id":"https:\/\/now-news.de\/de\/deutschland\/drastische-aufruestung-eu-kommission-will-munitionsproduktion-erhoehen\/"},"wordCount":700,"commentCount":0,"publisher":{"@id":"https:\/\/now-news.de\/de\/#organization"},"image":{"@id":"https:\/\/now-news.de\/de\/deutschland\/drastische-aufruestung-eu-kommission-will-munitionsproduktion-erhoehen\/#primaryimage"},"thumbnailUrl":"https:\/\/now-news.de\/de\/wp-content\/uploads\/sites\/3\/2023\/03\/Drastische-Aufruestung-EU-Kommission-will-Munitionsproduktion-erhoehen.jpg","keywords":["Aufr\u00fcstung","Drastische","erh\u00f6hen","EUKommission","Munitionsproduktion"],"articleSection":["Deutschland","Russland"],"inLanguage":"de","potentialAction":[{"@type":"CommentAction","name":"Comment","target":["https:\/\/now-news.de\/de\/deutschland\/drastische-aufruestung-eu-kommission-will-munitionsproduktion-erhoehen\/#respond"]}]},{"@type":"WebPage","@id":"https:\/\/now-news.de\/de\/deutschland\/drastische-aufruestung-eu-kommission-will-munitionsproduktion-erhoehen\/","url":"https:\/\/now-news.de\/de\/deutschland\/drastische-aufruestung-eu-kommission-will-munitionsproduktion-erhoehen\/","name":"Drastische Aufr\u00fcstung: EU-Kommission will Munitionsproduktion erh\u00f6hen - just-now.NEWS Deutschland","isPartOf":{"@id":"https:\/\/now-news.de\/de\/#website"},"primaryImageOfPage":{"@id":"https:\/\/now-news.de\/de\/deutschland\/drastische-aufruestung-eu-kommission-will-munitionsproduktion-erhoehen\/#primaryimage"},"image":{"@id":"https:\/\/now-news.de\/de\/deutschland\/drastische-aufruestung-eu-kommission-will-munitionsproduktion-erhoehen\/#primaryimage"},"thumbnailUrl":"https:\/\/now-news.de\/de\/wp-content\/uploads\/sites\/3\/2023\/03\/Drastische-Aufruestung-EU-Kommission-will-Munitionsproduktion-erhoehen.jpg","datePublished":"2023-03-01T21:33:03+00:00","dateModified":"2023-03-01T21:33:03+00:00","breadcrumb":{"@id":"https:\/\/now-news.de\/de\/deutschland\/drastische-aufruestung-eu-kommission-will-munitionsproduktion-erhoehen\/#breadcrumb"},"inLanguage":"de","potentialAction":[{"@type":"ReadAction","target":["https:\/\/now-news.de\/de\/deutschland\/drastische-aufruestung-eu-kommission-will-munitionsproduktion-erhoehen\/"]}]},{"@type":"ImageObject","inLanguage":"de","@id":"https:\/\/now-news.de\/de\/deutschland\/drastische-aufruestung-eu-kommission-will-munitionsproduktion-erhoehen\/#primaryimage","url":"https:\/\/now-news.de\/de\/wp-content\/uploads\/sites\/3\/2023\/03\/Drastische-Aufruestung-EU-Kommission-will-Munitionsproduktion-erhoehen.jpg","contentUrl":"https:\/\/now-news.de\/de\/wp-content\/uploads\/sites\/3\/2023\/03\/Drastische-Aufruestung-EU-Kommission-will-Munitionsproduktion-erhoehen.jpg","width":460,"height":259,"caption":"Drastische Aufr\u00fcstung: EU-Kommission will Munitionsproduktion erh\u00f6hen"},{"@type":"BreadcrumbList","@id":"https:\/\/now-news.de\/de\/deutschland\/drastische-aufruestung-eu-kommission-will-munitionsproduktion-erhoehen\/#breadcrumb","itemListElement":[{"@type":"ListItem","position":1,"name":"Home","item":"https:\/\/now-news.de\/de\/"},{"@type":"ListItem","position":2,"name":"Drastische Aufr\u00fcstung: EU-Kommission will Munitionsproduktion erh\u00f6hen"}]},{"@type":"WebSite","@id":"https:\/\/now-news.de\/de\/#website","url":"https:\/\/now-news.de\/de\/","name":"just-now.NEWS Deutschland","description":"Das Portal f\u00fcr unzensierte Nachrichten aus der Welt","publisher":{"@id":"https:\/\/now-news.de\/de\/#organization"},"potentialAction":[{"@type":"SearchAction","target":{"@type":"EntryPoint","urlTemplate":"https:\/\/now-news.de\/de\/?s={search_term_string}"},"query-input":"required name=search_term_string"}],"inLanguage":"de"},{"@type":"Organization","@id":"https:\/\/now-news.de\/de\/#organization","name":"Just Now News","url":"https:\/\/now-news.de\/de\/","logo":{"@type":"ImageObject","inLanguage":"de","@id":"https:\/\/now-news.de\/de\/#\/schema\/logo\/image\/","url":"http:\/\/just-now.news\/de\/wp-content\/uploads\/sites\/3\/2022\/04\/logo500x500.jpg","contentUrl":"http:\/\/just-now.news\/de\/wp-content\/uploads\/sites\/3\/2022\/04\/logo500x500.jpg","width":500,"height":500,"caption":"Just Now News"},"image":{"@id":"https:\/\/now-news.de\/de\/#\/schema\/logo\/image\/"},"sameAs":["https:\/\/www.facebook.com\/wirmachenauf","https:\/\/x.com\/WirMachenAuf_de"]},{"@type":"Person","@id":"https:\/\/now-news.de\/de\/#\/schema\/person\/fb534a4e865501d8b3285208df34a9b5","name":"rtnews","image":{"@type":"ImageObject","inLanguage":"de","@id":"https:\/\/now-news.de\/de\/#\/schema\/person\/image\/","url":"https:\/\/secure.gravatar.com\/avatar\/82aafea7d8127119dd649515f56e2117?s=96&d=mm&r=g","contentUrl":"https:\/\/secure.gravatar.com\/avatar\/82aafea7d8127119dd649515f56e2117?s=96&d=mm&r=g","caption":"rtnews"},"url":"https:\/\/now-news.de\/de\/author\/rnews\/"}]}},"_links":{"self":[{"href":"https:\/\/now-news.de\/de\/wp-json\/wp\/v2\/posts\/31351"}],"collection":[{"href":"https:\/\/now-news.de\/de\/wp-json\/wp\/v2\/posts"}],"about":[{"href":"https:\/\/now-news.de\/de\/wp-json\/wp\/v2\/types\/post"}],"author":[{"embeddable":true,"href":"https:\/\/now-news.de\/de\/wp-json\/wp\/v2\/users\/3"}],"replies":[{"embeddable":true,"href":"https:\/\/now-news.de\/de\/wp-json\/wp\/v2\/comments?post=31351"}],"version-history":[{"count":0,"href":"https:\/\/now-news.de\/de\/wp-json\/wp\/v2\/posts\/31351\/revisions"}],"wp:featuredmedia":[{"embeddable":true,"href":"https:\/\/now-news.de\/de\/wp-json\/wp\/v2\/media\/31352"}],"wp:attachment":[{"href":"https:\/\/now-news.de\/de\/wp-json\/wp\/v2\/media?parent=31351"}],"wp:term":[{"taxonomy":"category","embeddable":true,"href":"https:\/\/now-news.de\/de\/wp-json\/wp\/v2\/categories?post=31351"},{"taxonomy":"post_tag","embeddable":true,"href":"https:\/\/now-news.de\/de\/wp-json\/wp\/v2\/tags?post=31351"}],"curies":[{"name":"wp","href":"https:\/\/api.w.org\/{rel}","templated":true}]}}