{"id":31313,"date":"2023-03-02T17:37:14","date_gmt":"2023-03-02T15:37:14","guid":{"rendered":"https:\/\/just-now.news\/de\/deutschland\/gerhard-schroeder-bleibt-in-spd-parteiinternes-verfahren-spricht-ihn-auch-in-berufungsinstanz-frei\/"},"modified":"2023-03-02T17:37:14","modified_gmt":"2023-03-02T15:37:14","slug":"gerhard-schroeder-bleibt-in-spd-parteiinternes-verfahren-spricht-ihn-auch-in-berufungsinstanz-frei","status":"publish","type":"post","link":"https:\/\/now-news.de\/de\/deutschland\/gerhard-schroeder-bleibt-in-spd-parteiinternes-verfahren-spricht-ihn-auch-in-berufungsinstanz-frei\/","title":{"rendered":"Gerhard Schr\u00f6der bleibt in SPD \u2013 Parteiinternes Verfahren spricht ihn auch in Berufungsinstanz frei"},"content":{"rendered":"<p><img decoding=\"async\" src=\"http:\/\/just-now.news\/de\/wp-content\/uploads\/sites\/3\/2023\/03\/640097eab480cc092043b099.jpg\" \/><\/p>\n<div class=\"Text-root Text-type_1 \">\n                Auch in der zweiten Instanz hat Altkanzler Gerhard Schr\u00f6der das parteiinterne Schiedsverfahren gewonnen. Die Schiedskommission der SPD sieht in der vermeintlichen N\u00e4he des Altkanzlers zu Russland keinen Versto\u00df gegen die Parteiordnung.\n            <\/div>\n<p><\/p>\n<div class=\"Text-root Text-type_5 ArticleView-text ViewText-root \">\n<p>Die angebliche Russland-N\u00e4he von Altkanzler Gerhard Schr\u00f6der hat weiter keine Parteistrafe der SPD zur Folge. Die Schiedskommission des SPD-Bezirks Hannover wies Antr\u00e4ge mehrerer SPD-Gliederungen in zweiter Instanz in einem Beschluss zur\u00fcck, der der <em>Deutschen Presse-Agentur<\/em> am Donnerstag vorlag. Zuvor hatten mehrere Medien dar\u00fcber berichtet.<\/p>\n<p>Es lasse sich nicht mit hinreichender Sicherheit feststellen, dass Schr\u00f6der gegen Statuten, Grunds\u00e4tze oder die Parteiordnung versto\u00dfen oder sich einer ehrlosen Handlung schuldig gemacht habe, hei\u00dft es in dem Beschluss. &#8220;M\u00f6glicherweise&#8221;, hei\u00dft es in dem Beschluss, haben deutsche Spitzenpolitiker &#8220;die Gefahren einer Abh\u00e4ngigkeit von russischen Energielieferungen in den vergangenen 25 Jahren falsch eingesch\u00e4tzt&#8221;. Das betreffe aber auch andere Politiker der SPD und anderer Parteien. Es w\u00fcrde zu weit f\u00fchren, &#8220;eine solche Fehleinsch\u00e4tzung&#8221; dem Antragsgegner vorzuwerfen.<\/p>\n<p>Die SPD-Gliederungen, die die Berufung beantragt hatten, k\u00f6nnten nun noch Berufung zur SPD-Bundesschiedskommission beantragen. Allerdings gilt es als eher unwahrscheinlich, dass eine weitere Berufung nach zwei Freispr\u00fcchen in den ersten Instanzen zugelassen w\u00fcrde.<\/p>\n<p>Das Parteiordnungsverfahren hatten zun\u00e4chst 17 SPD-Gliederungen ins Rollen gebracht. In erster Instanz entschied der SPD-Unterbezirk Region Hannover im Sommer, dass Schr\u00f6der nicht gegen die Parteiordnung versto\u00dfen habe. Dagegen legten sieben SPD-Gliederungen Berufung ein. Die Verhandlung dar\u00fcber fand Anfang Dezember statt, bis zur jetzt verk\u00fcndeten Entscheidung vergingen zweieinhalb Monate.<\/p>\n<p>Die Verfahren zeigen auch, dass der fr\u00fchere Bundeskanzler sich mit seinem Engagement f\u00fcr russische Staatskonzerne und seiner Haltung zum Ukraine-Krieg auch in der eigenen Partei viele Gegner gemacht hat. So hatte die SPD-Vorsitzende Saskia Esken dem Altkanzler bereits im April 2022 nahegelegt, aus der Partei auszutreten. G\u00e4nzlich isoliert ist Schr\u00f6der in der SPD indes nicht.<\/p>\n<p>Im Falle eines Versto\u00dfes w\u00e4re nach den SPD-Regularien als h\u00e4rteste Strafe auch ein Ausschluss Schr\u00f6ders aus der SPD\u00a0m\u00f6glich gewesen. Fr\u00fch hie\u00df es allerdings, dass dieser Schritt aus juristischen Gr\u00fcnden unwahrscheinlich sei. Als mildere Sanktionen standen etwa eine R\u00fcge oder eine zeitweilige Aberkennung des Rechts zur Bekleidung von Parteifunktionen im Raum.<\/p>\n<p>Schr\u00f6der gilt als enger Freund von Russlands Pr\u00e4sident Wladimir Putin und war \u00fcber Jahre f\u00fcr russische Energiekonzerne aktiv. Mit Blick auf Russlands milit\u00e4rische Intervention in der Ukraine erkl\u00e4rte Schr\u00f6der zwar, es liege in der Verantwortung Russlands, den Krieg zu beenden. Allerdings d\u00fcrften die Verbindungen zu Russland nicht komplett gekappt werden.<\/p>\n<p><em>(rt\/dpa)<\/em><\/p>\n<p><strong>Mehr zum Thema<\/strong>\u00a0\u2013 <a rel=\"nofollow noopener\" target=\"_blank\" href=\"https:\/\/test.rtde.life\/inland\/145618-spd-schiedskommission-schroder-kein-verstoss\/\">SPD-Schiedskommission: Schr\u00f6der kein Versto\u00df nachzuweisen<\/a><\/p>\n<\/div>\n<p><br \/>\n<br \/><a href=\"https:\/\/de.rt.com\/inland\/164313-gerhard-schroeder-bleibt-in-spd\/\">Source link <\/a><\/p>\n","protected":false},"excerpt":{"rendered":"<p>Auch in der zweiten Instanz hat Altkanzler Gerhard Schr\u00f6der das parteiinterne Schiedsverfahren gewonnen. Die Schiedskommission der SPD sieht in der vermeintlichen N\u00e4he des Altkanzlers zu Russland keinen Versto\u00df gegen die Parteiordnung. Die angebliche Russland-N\u00e4he von Altkanzler Gerhard Schr\u00f6der hat weiter keine Parteistrafe der SPD zur Folge. Die Schiedskommission des SPD-Bezirks Hannover wies Antr\u00e4ge mehrerer SPD-Gliederungen [&hellip;]<\/p>\n","protected":false},"author":3,"featured_media":31314,"comment_status":"open","ping_status":"open","sticky":false,"template":"","format":"standard","meta":{"_yoast_indexnow_last_ping":["1677847483"],"wp_automatic_camp":["217"],"2272ad18a83e45a80bbd4195e14d99bc":["Gerhard Schr\u00f6der bleibt in SPD \u2013 Parteiinternes Verfahren spricht ihn auch in Berufungsinstanz frei"],"original_link":["https:\/\/de.rt.com\/inland\/164313-gerhard-schroeder-bleibt-in-spd\/"],"_thumbnail_id":["31314"],"_wptgpro_p2tg_sent2tg":["a:1:{i:23737;s:19:\"2023-03-03 14:47:17\";}"],"jnews_social_counter_last_update":["1777186078"]},"categories":[19,23],"tags":[1475,41374,487,1008,13154,6582,22542,8961,3814,4067,24663],"yoast_head":"<!-- This site is optimized with the Yoast SEO Premium plugin v22.7 (Yoast SEO v22.7) - https:\/\/yoast.com\/wordpress\/plugins\/seo\/ -->\n<title>Gerhard Schr\u00f6der bleibt in SPD \u2013 Parteiinternes Verfahren spricht ihn auch in Berufungsinstanz frei - just-now.NEWS Deutschland<\/title>\n<meta name=\"robots\" content=\"index, follow, max-snippet:-1, max-image-preview:large, max-video-preview:-1\" \/>\n<link rel=\"canonical\" href=\"https:\/\/now-news.de\/de\/deutschland\/gerhard-schroeder-bleibt-in-spd-parteiinternes-verfahren-spricht-ihn-auch-in-berufungsinstanz-frei\/\" \/>\n<meta property=\"og:locale\" content=\"de_DE\" \/>\n<meta property=\"og:type\" content=\"article\" \/>\n<meta property=\"og:title\" content=\"Gerhard Schr\u00f6der bleibt in SPD \u2013 Parteiinternes Verfahren spricht ihn auch in Berufungsinstanz frei\" \/>\n<meta property=\"og:description\" content=\"Auch in der zweiten Instanz hat Altkanzler Gerhard Schr\u00f6der das parteiinterne Schiedsverfahren gewonnen. Die Schiedskommission der SPD sieht in der vermeintlichen N\u00e4he des Altkanzlers zu Russland keinen Versto\u00df gegen die Parteiordnung. Die angebliche Russland-N\u00e4he von Altkanzler Gerhard Schr\u00f6der hat weiter keine Parteistrafe der SPD zur Folge. Die Schiedskommission des SPD-Bezirks Hannover wies Antr\u00e4ge mehrerer SPD-Gliederungen [&hellip;]\" \/>\n<meta property=\"og:url\" content=\"https:\/\/now-news.de\/de\/deutschland\/gerhard-schroeder-bleibt-in-spd-parteiinternes-verfahren-spricht-ihn-auch-in-berufungsinstanz-frei\/\" \/>\n<meta property=\"og:site_name\" content=\"just-now.NEWS Deutschland\" \/>\n<meta property=\"article:publisher\" content=\"https:\/\/www.facebook.com\/wirmachenauf\" \/>\n<meta property=\"article:published_time\" content=\"2023-03-02T15:37:14+00:00\" \/>\n<meta property=\"og:image\" content=\"https:\/\/now-news.de\/de\/wp-content\/uploads\/sites\/3\/2023\/03\/Gerhard-Schroeder-bleibt-in-SPD-\u2013-Parteiinternes-Verfahren-spricht-ihn.jpg\" \/>\n\t<meta property=\"og:image:width\" content=\"460\" \/>\n\t<meta property=\"og:image:height\" content=\"259\" \/>\n\t<meta property=\"og:image:type\" content=\"image\/jpeg\" \/>\n<meta name=\"author\" content=\"rtnews\" \/>\n<meta name=\"twitter:card\" content=\"summary_large_image\" \/>\n<meta name=\"twitter:creator\" content=\"@WirMachenAuf_de\" \/>\n<meta name=\"twitter:site\" content=\"@WirMachenAuf_de\" \/>\n<meta name=\"twitter:label1\" content=\"Verfasst von\" \/>\n\t<meta name=\"twitter:data1\" content=\"rtnews\" \/>\n\t<meta name=\"twitter:label2\" content=\"Gesch\u00e4tzte Lesezeit\" \/>\n\t<meta name=\"twitter:data2\" content=\"2\u00a0Minuten\" \/>\n<script type=\"application\/ld+json\" class=\"yoast-schema-graph\">{\"@context\":\"https:\/\/schema.org\",\"@graph\":[{\"@type\":\"Article\",\"@id\":\"https:\/\/now-news.de\/de\/deutschland\/gerhard-schroeder-bleibt-in-spd-parteiinternes-verfahren-spricht-ihn-auch-in-berufungsinstanz-frei\/#article\",\"isPartOf\":{\"@id\":\"https:\/\/now-news.de\/de\/deutschland\/gerhard-schroeder-bleibt-in-spd-parteiinternes-verfahren-spricht-ihn-auch-in-berufungsinstanz-frei\/\"},\"author\":{\"name\":\"rtnews\",\"@id\":\"https:\/\/now-news.de\/de\/#\/schema\/person\/fb534a4e865501d8b3285208df34a9b5\"},\"headline\":\"Gerhard Schr\u00f6der bleibt in SPD \u2013 Parteiinternes Verfahren spricht ihn auch in Berufungsinstanz frei\",\"datePublished\":\"2023-03-02T15:37:14+00:00\",\"dateModified\":\"2023-03-02T15:37:14+00:00\",\"mainEntityOfPage\":{\"@id\":\"https:\/\/now-news.de\/de\/deutschland\/gerhard-schroeder-bleibt-in-spd-parteiinternes-verfahren-spricht-ihn-auch-in-berufungsinstanz-frei\/\"},\"wordCount\":457,\"commentCount\":0,\"publisher\":{\"@id\":\"https:\/\/now-news.de\/de\/#organization\"},\"image\":{\"@id\":\"https:\/\/now-news.de\/de\/deutschland\/gerhard-schroeder-bleibt-in-spd-parteiinternes-verfahren-spricht-ihn-auch-in-berufungsinstanz-frei\/#primaryimage\"},\"thumbnailUrl\":\"https:\/\/now-news.de\/de\/wp-content\/uploads\/sites\/3\/2023\/03\/Gerhard-Schroeder-bleibt-in-SPD-\u2013-Parteiinternes-Verfahren-spricht-ihn.jpg\",\"keywords\":[\"auch\",\"Berufungsinstanz\",\"bleibt\",\"frei\",\"Gerhard\",\"ihn\",\"parteiinternes\",\"Schr\u00f6der\",\"SPD\",\"spricht\",\"Verfahren\"],\"articleSection\":[\"Deutschland\",\"Russland\"],\"inLanguage\":\"de\",\"potentialAction\":[{\"@type\":\"CommentAction\",\"name\":\"Comment\",\"target\":[\"https:\/\/now-news.de\/de\/deutschland\/gerhard-schroeder-bleibt-in-spd-parteiinternes-verfahren-spricht-ihn-auch-in-berufungsinstanz-frei\/#respond\"]}]},{\"@type\":\"WebPage\",\"@id\":\"https:\/\/now-news.de\/de\/deutschland\/gerhard-schroeder-bleibt-in-spd-parteiinternes-verfahren-spricht-ihn-auch-in-berufungsinstanz-frei\/\",\"url\":\"https:\/\/now-news.de\/de\/deutschland\/gerhard-schroeder-bleibt-in-spd-parteiinternes-verfahren-spricht-ihn-auch-in-berufungsinstanz-frei\/\",\"name\":\"Gerhard Schr\u00f6der bleibt in SPD \u2013 Parteiinternes Verfahren spricht ihn auch in Berufungsinstanz frei - just-now.NEWS Deutschland\",\"isPartOf\":{\"@id\":\"https:\/\/now-news.de\/de\/#website\"},\"primaryImageOfPage\":{\"@id\":\"https:\/\/now-news.de\/de\/deutschland\/gerhard-schroeder-bleibt-in-spd-parteiinternes-verfahren-spricht-ihn-auch-in-berufungsinstanz-frei\/#primaryimage\"},\"image\":{\"@id\":\"https:\/\/now-news.de\/de\/deutschland\/gerhard-schroeder-bleibt-in-spd-parteiinternes-verfahren-spricht-ihn-auch-in-berufungsinstanz-frei\/#primaryimage\"},\"thumbnailUrl\":\"https:\/\/now-news.de\/de\/wp-content\/uploads\/sites\/3\/2023\/03\/Gerhard-Schroeder-bleibt-in-SPD-\u2013-Parteiinternes-Verfahren-spricht-ihn.jpg\",\"datePublished\":\"2023-03-02T15:37:14+00:00\",\"dateModified\":\"2023-03-02T15:37:14+00:00\",\"breadcrumb\":{\"@id\":\"https:\/\/now-news.de\/de\/deutschland\/gerhard-schroeder-bleibt-in-spd-parteiinternes-verfahren-spricht-ihn-auch-in-berufungsinstanz-frei\/#breadcrumb\"},\"inLanguage\":\"de\",\"potentialAction\":[{\"@type\":\"ReadAction\",\"target\":[\"https:\/\/now-news.de\/de\/deutschland\/gerhard-schroeder-bleibt-in-spd-parteiinternes-verfahren-spricht-ihn-auch-in-berufungsinstanz-frei\/\"]}]},{\"@type\":\"ImageObject\",\"inLanguage\":\"de\",\"@id\":\"https:\/\/now-news.de\/de\/deutschland\/gerhard-schroeder-bleibt-in-spd-parteiinternes-verfahren-spricht-ihn-auch-in-berufungsinstanz-frei\/#primaryimage\",\"url\":\"https:\/\/now-news.de\/de\/wp-content\/uploads\/sites\/3\/2023\/03\/Gerhard-Schroeder-bleibt-in-SPD-\u2013-Parteiinternes-Verfahren-spricht-ihn.jpg\",\"contentUrl\":\"https:\/\/now-news.de\/de\/wp-content\/uploads\/sites\/3\/2023\/03\/Gerhard-Schroeder-bleibt-in-SPD-\u2013-Parteiinternes-Verfahren-spricht-ihn.jpg\",\"width\":460,\"height\":259,\"caption\":\"Gerhard Schr\u00f6der bleibt in SPD \u2013 Parteiinternes Verfahren spricht ihn auch in Berufungsinstanz frei\"},{\"@type\":\"BreadcrumbList\",\"@id\":\"https:\/\/now-news.de\/de\/deutschland\/gerhard-schroeder-bleibt-in-spd-parteiinternes-verfahren-spricht-ihn-auch-in-berufungsinstanz-frei\/#breadcrumb\",\"itemListElement\":[{\"@type\":\"ListItem\",\"position\":1,\"name\":\"Home\",\"item\":\"https:\/\/now-news.de\/de\/\"},{\"@type\":\"ListItem\",\"position\":2,\"name\":\"Gerhard Schr\u00f6der bleibt in SPD \u2013 Parteiinternes Verfahren spricht ihn auch in Berufungsinstanz frei\"}]},{\"@type\":\"WebSite\",\"@id\":\"https:\/\/now-news.de\/de\/#website\",\"url\":\"https:\/\/now-news.de\/de\/\",\"name\":\"just-now.NEWS Deutschland\",\"description\":\"Das Portal f\u00fcr unzensierte Nachrichten aus der Welt\",\"publisher\":{\"@id\":\"https:\/\/now-news.de\/de\/#organization\"},\"potentialAction\":[{\"@type\":\"SearchAction\",\"target\":{\"@type\":\"EntryPoint\",\"urlTemplate\":\"https:\/\/now-news.de\/de\/?s={search_term_string}\"},\"query-input\":\"required name=search_term_string\"}],\"inLanguage\":\"de\"},{\"@type\":\"Organization\",\"@id\":\"https:\/\/now-news.de\/de\/#organization\",\"name\":\"Just Now News\",\"url\":\"https:\/\/now-news.de\/de\/\",\"logo\":{\"@type\":\"ImageObject\",\"inLanguage\":\"de\",\"@id\":\"https:\/\/now-news.de\/de\/#\/schema\/logo\/image\/\",\"url\":\"http:\/\/just-now.news\/de\/wp-content\/uploads\/sites\/3\/2022\/04\/logo500x500.jpg\",\"contentUrl\":\"http:\/\/just-now.news\/de\/wp-content\/uploads\/sites\/3\/2022\/04\/logo500x500.jpg\",\"width\":500,\"height\":500,\"caption\":\"Just Now News\"},\"image\":{\"@id\":\"https:\/\/now-news.de\/de\/#\/schema\/logo\/image\/\"},\"sameAs\":[\"https:\/\/www.facebook.com\/wirmachenauf\",\"https:\/\/x.com\/WirMachenAuf_de\"]},{\"@type\":\"Person\",\"@id\":\"https:\/\/now-news.de\/de\/#\/schema\/person\/fb534a4e865501d8b3285208df34a9b5\",\"name\":\"rtnews\",\"image\":{\"@type\":\"ImageObject\",\"inLanguage\":\"de\",\"@id\":\"https:\/\/now-news.de\/de\/#\/schema\/person\/image\/\",\"url\":\"https:\/\/secure.gravatar.com\/avatar\/82aafea7d8127119dd649515f56e2117?s=96&d=mm&r=g\",\"contentUrl\":\"https:\/\/secure.gravatar.com\/avatar\/82aafea7d8127119dd649515f56e2117?s=96&d=mm&r=g\",\"caption\":\"rtnews\"},\"url\":\"https:\/\/now-news.de\/de\/author\/rnews\/\"}]}<\/script>\n<!-- \/ Yoast SEO Premium plugin. -->","yoast_head_json":{"title":"Gerhard Schr\u00f6der bleibt in SPD \u2013 Parteiinternes Verfahren spricht ihn auch in Berufungsinstanz frei - just-now.NEWS Deutschland","robots":{"index":"index","follow":"follow","max-snippet":"max-snippet:-1","max-image-preview":"max-image-preview:large","max-video-preview":"max-video-preview:-1"},"canonical":"https:\/\/now-news.de\/de\/deutschland\/gerhard-schroeder-bleibt-in-spd-parteiinternes-verfahren-spricht-ihn-auch-in-berufungsinstanz-frei\/","og_locale":"de_DE","og_type":"article","og_title":"Gerhard Schr\u00f6der bleibt in SPD \u2013 Parteiinternes Verfahren spricht ihn auch in Berufungsinstanz frei","og_description":"Auch in der zweiten Instanz hat Altkanzler Gerhard Schr\u00f6der das parteiinterne Schiedsverfahren gewonnen. Die Schiedskommission der SPD sieht in der vermeintlichen N\u00e4he des Altkanzlers zu Russland keinen Versto\u00df gegen die Parteiordnung. Die angebliche Russland-N\u00e4he von Altkanzler Gerhard Schr\u00f6der hat weiter keine Parteistrafe der SPD zur Folge. Die Schiedskommission des SPD-Bezirks Hannover wies Antr\u00e4ge mehrerer SPD-Gliederungen [&hellip;]","og_url":"https:\/\/now-news.de\/de\/deutschland\/gerhard-schroeder-bleibt-in-spd-parteiinternes-verfahren-spricht-ihn-auch-in-berufungsinstanz-frei\/","og_site_name":"just-now.NEWS Deutschland","article_publisher":"https:\/\/www.facebook.com\/wirmachenauf","article_published_time":"2023-03-02T15:37:14+00:00","og_image":[{"width":460,"height":259,"url":"https:\/\/now-news.de\/de\/wp-content\/uploads\/sites\/3\/2023\/03\/Gerhard-Schroeder-bleibt-in-SPD-\u2013-Parteiinternes-Verfahren-spricht-ihn.jpg","type":"image\/jpeg"}],"author":"rtnews","twitter_card":"summary_large_image","twitter_creator":"@WirMachenAuf_de","twitter_site":"@WirMachenAuf_de","twitter_misc":{"Verfasst von":"rtnews","Gesch\u00e4tzte Lesezeit":"2\u00a0Minuten"},"schema":{"@context":"https:\/\/schema.org","@graph":[{"@type":"Article","@id":"https:\/\/now-news.de\/de\/deutschland\/gerhard-schroeder-bleibt-in-spd-parteiinternes-verfahren-spricht-ihn-auch-in-berufungsinstanz-frei\/#article","isPartOf":{"@id":"https:\/\/now-news.de\/de\/deutschland\/gerhard-schroeder-bleibt-in-spd-parteiinternes-verfahren-spricht-ihn-auch-in-berufungsinstanz-frei\/"},"author":{"name":"rtnews","@id":"https:\/\/now-news.de\/de\/#\/schema\/person\/fb534a4e865501d8b3285208df34a9b5"},"headline":"Gerhard Schr\u00f6der bleibt in SPD \u2013 Parteiinternes Verfahren spricht ihn auch in Berufungsinstanz frei","datePublished":"2023-03-02T15:37:14+00:00","dateModified":"2023-03-02T15:37:14+00:00","mainEntityOfPage":{"@id":"https:\/\/now-news.de\/de\/deutschland\/gerhard-schroeder-bleibt-in-spd-parteiinternes-verfahren-spricht-ihn-auch-in-berufungsinstanz-frei\/"},"wordCount":457,"commentCount":0,"publisher":{"@id":"https:\/\/now-news.de\/de\/#organization"},"image":{"@id":"https:\/\/now-news.de\/de\/deutschland\/gerhard-schroeder-bleibt-in-spd-parteiinternes-verfahren-spricht-ihn-auch-in-berufungsinstanz-frei\/#primaryimage"},"thumbnailUrl":"https:\/\/now-news.de\/de\/wp-content\/uploads\/sites\/3\/2023\/03\/Gerhard-Schroeder-bleibt-in-SPD-\u2013-Parteiinternes-Verfahren-spricht-ihn.jpg","keywords":["auch","Berufungsinstanz","bleibt","frei","Gerhard","ihn","parteiinternes","Schr\u00f6der","SPD","spricht","Verfahren"],"articleSection":["Deutschland","Russland"],"inLanguage":"de","potentialAction":[{"@type":"CommentAction","name":"Comment","target":["https:\/\/now-news.de\/de\/deutschland\/gerhard-schroeder-bleibt-in-spd-parteiinternes-verfahren-spricht-ihn-auch-in-berufungsinstanz-frei\/#respond"]}]},{"@type":"WebPage","@id":"https:\/\/now-news.de\/de\/deutschland\/gerhard-schroeder-bleibt-in-spd-parteiinternes-verfahren-spricht-ihn-auch-in-berufungsinstanz-frei\/","url":"https:\/\/now-news.de\/de\/deutschland\/gerhard-schroeder-bleibt-in-spd-parteiinternes-verfahren-spricht-ihn-auch-in-berufungsinstanz-frei\/","name":"Gerhard Schr\u00f6der bleibt in SPD \u2013 Parteiinternes Verfahren spricht ihn auch in Berufungsinstanz frei - just-now.NEWS Deutschland","isPartOf":{"@id":"https:\/\/now-news.de\/de\/#website"},"primaryImageOfPage":{"@id":"https:\/\/now-news.de\/de\/deutschland\/gerhard-schroeder-bleibt-in-spd-parteiinternes-verfahren-spricht-ihn-auch-in-berufungsinstanz-frei\/#primaryimage"},"image":{"@id":"https:\/\/now-news.de\/de\/deutschland\/gerhard-schroeder-bleibt-in-spd-parteiinternes-verfahren-spricht-ihn-auch-in-berufungsinstanz-frei\/#primaryimage"},"thumbnailUrl":"https:\/\/now-news.de\/de\/wp-content\/uploads\/sites\/3\/2023\/03\/Gerhard-Schroeder-bleibt-in-SPD-\u2013-Parteiinternes-Verfahren-spricht-ihn.jpg","datePublished":"2023-03-02T15:37:14+00:00","dateModified":"2023-03-02T15:37:14+00:00","breadcrumb":{"@id":"https:\/\/now-news.de\/de\/deutschland\/gerhard-schroeder-bleibt-in-spd-parteiinternes-verfahren-spricht-ihn-auch-in-berufungsinstanz-frei\/#breadcrumb"},"inLanguage":"de","potentialAction":[{"@type":"ReadAction","target":["https:\/\/now-news.de\/de\/deutschland\/gerhard-schroeder-bleibt-in-spd-parteiinternes-verfahren-spricht-ihn-auch-in-berufungsinstanz-frei\/"]}]},{"@type":"ImageObject","inLanguage":"de","@id":"https:\/\/now-news.de\/de\/deutschland\/gerhard-schroeder-bleibt-in-spd-parteiinternes-verfahren-spricht-ihn-auch-in-berufungsinstanz-frei\/#primaryimage","url":"https:\/\/now-news.de\/de\/wp-content\/uploads\/sites\/3\/2023\/03\/Gerhard-Schroeder-bleibt-in-SPD-\u2013-Parteiinternes-Verfahren-spricht-ihn.jpg","contentUrl":"https:\/\/now-news.de\/de\/wp-content\/uploads\/sites\/3\/2023\/03\/Gerhard-Schroeder-bleibt-in-SPD-\u2013-Parteiinternes-Verfahren-spricht-ihn.jpg","width":460,"height":259,"caption":"Gerhard Schr\u00f6der bleibt in SPD \u2013 Parteiinternes Verfahren spricht ihn auch in Berufungsinstanz frei"},{"@type":"BreadcrumbList","@id":"https:\/\/now-news.de\/de\/deutschland\/gerhard-schroeder-bleibt-in-spd-parteiinternes-verfahren-spricht-ihn-auch-in-berufungsinstanz-frei\/#breadcrumb","itemListElement":[{"@type":"ListItem","position":1,"name":"Home","item":"https:\/\/now-news.de\/de\/"},{"@type":"ListItem","position":2,"name":"Gerhard Schr\u00f6der bleibt in SPD \u2013 Parteiinternes Verfahren spricht ihn auch in Berufungsinstanz frei"}]},{"@type":"WebSite","@id":"https:\/\/now-news.de\/de\/#website","url":"https:\/\/now-news.de\/de\/","name":"just-now.NEWS Deutschland","description":"Das Portal f\u00fcr unzensierte Nachrichten aus der Welt","publisher":{"@id":"https:\/\/now-news.de\/de\/#organization"},"potentialAction":[{"@type":"SearchAction","target":{"@type":"EntryPoint","urlTemplate":"https:\/\/now-news.de\/de\/?s={search_term_string}"},"query-input":"required name=search_term_string"}],"inLanguage":"de"},{"@type":"Organization","@id":"https:\/\/now-news.de\/de\/#organization","name":"Just Now News","url":"https:\/\/now-news.de\/de\/","logo":{"@type":"ImageObject","inLanguage":"de","@id":"https:\/\/now-news.de\/de\/#\/schema\/logo\/image\/","url":"http:\/\/just-now.news\/de\/wp-content\/uploads\/sites\/3\/2022\/04\/logo500x500.jpg","contentUrl":"http:\/\/just-now.news\/de\/wp-content\/uploads\/sites\/3\/2022\/04\/logo500x500.jpg","width":500,"height":500,"caption":"Just Now News"},"image":{"@id":"https:\/\/now-news.de\/de\/#\/schema\/logo\/image\/"},"sameAs":["https:\/\/www.facebook.com\/wirmachenauf","https:\/\/x.com\/WirMachenAuf_de"]},{"@type":"Person","@id":"https:\/\/now-news.de\/de\/#\/schema\/person\/fb534a4e865501d8b3285208df34a9b5","name":"rtnews","image":{"@type":"ImageObject","inLanguage":"de","@id":"https:\/\/now-news.de\/de\/#\/schema\/person\/image\/","url":"https:\/\/secure.gravatar.com\/avatar\/82aafea7d8127119dd649515f56e2117?s=96&d=mm&r=g","contentUrl":"https:\/\/secure.gravatar.com\/avatar\/82aafea7d8127119dd649515f56e2117?s=96&d=mm&r=g","caption":"rtnews"},"url":"https:\/\/now-news.de\/de\/author\/rnews\/"}]}},"_links":{"self":[{"href":"https:\/\/now-news.de\/de\/wp-json\/wp\/v2\/posts\/31313"}],"collection":[{"href":"https:\/\/now-news.de\/de\/wp-json\/wp\/v2\/posts"}],"about":[{"href":"https:\/\/now-news.de\/de\/wp-json\/wp\/v2\/types\/post"}],"author":[{"embeddable":true,"href":"https:\/\/now-news.de\/de\/wp-json\/wp\/v2\/users\/3"}],"replies":[{"embeddable":true,"href":"https:\/\/now-news.de\/de\/wp-json\/wp\/v2\/comments?post=31313"}],"version-history":[{"count":0,"href":"https:\/\/now-news.de\/de\/wp-json\/wp\/v2\/posts\/31313\/revisions"}],"wp:featuredmedia":[{"embeddable":true,"href":"https:\/\/now-news.de\/de\/wp-json\/wp\/v2\/media\/31314"}],"wp:attachment":[{"href":"https:\/\/now-news.de\/de\/wp-json\/wp\/v2\/media?parent=31313"}],"wp:term":[{"taxonomy":"category","embeddable":true,"href":"https:\/\/now-news.de\/de\/wp-json\/wp\/v2\/categories?post=31313"},{"taxonomy":"post_tag","embeddable":true,"href":"https:\/\/now-news.de\/de\/wp-json\/wp\/v2\/tags?post=31313"}],"curies":[{"name":"wp","href":"https:\/\/api.w.org\/{rel}","templated":true}]}}