{"id":31303,"date":"2023-03-02T19:24:05","date_gmt":"2023-03-02T17:24:05","guid":{"rendered":"https:\/\/just-now.news\/de\/deutschland\/wegen-ukraine-konflikt-g20-treffen-der-aussenminister-ohne-gemeinsames-kommunique\/"},"modified":"2023-03-02T19:24:05","modified_gmt":"2023-03-02T17:24:05","slug":"wegen-ukraine-konflikt-g20-treffen-der-aussenminister-ohne-gemeinsames-kommunique","status":"publish","type":"post","link":"https:\/\/now-news.de\/de\/deutschland\/wegen-ukraine-konflikt-g20-treffen-der-aussenminister-ohne-gemeinsames-kommunique\/","title":{"rendered":"Wegen Ukraine-Konflikt: G20-Treffen der Au\u00dfenminister ohne gemeinsames Kommuniqu\u00e9"},"content":{"rendered":"<p><img decoding=\"async\" src=\"http:\/\/just-now.news\/de\/wp-content\/uploads\/sites\/3\/2023\/03\/6400a7a048fbef7bb3032098.jpg\" \/><\/p>\n<div class=\"Text-root Text-type_1 \">\n                Ein Treffen der Au\u00dfenminister der Gruppe der 20 Industrie- und Entwicklungsl\u00e4nder endete am Donnerstag in Neu-Delhi ohne einen Konsens \u00fcber den Ukraine-Krieg, erkl\u00e4rte der indische Au\u00dfenminister Subrahmanyam Jaishankar.\n            <\/div>\n<p><\/p>\n<div class=\"Text-root Text-type_5 ArticleView-text ViewText-root \">\n<p>Die Au\u00dfenminister der G20-L\u00e4nder konnten sich wegen des Ukraine-Konflikts auf kein gemeinsames Kommuniqu\u00e9 einigen. Indiens Au\u00dfenminister Subrahmanyam Jaishankar sagte, es gebe &#8220;Divergenzen&#8221; in der Frage des Krieges in der Ukraine, &#8220;die wir nicht unter einen Hut bringen k\u00f6nnen, da verschiedene Parteien unterschiedliche Ansichten vertreten&#8221;.<\/p>\n<p>&#8220;Wenn wir uns in allen Fragen vollkommen einig gewesen w\u00e4ren, h\u00e4tte es eine gemeinsame Erkl\u00e4rung gegeben&#8221;, sagte Jaishankar. Er f\u00fcgte hinzu, dass sich die Mitglieder in den meisten Fragen einig waren, die die Belange der weniger entwickelten L\u00e4nder betreffen, &#8220;wie die St\u00e4rkung des Multilateralismus, die F\u00f6rderung der Nahrungsmittel- und Energiesicherheit, der Klimawandel, Gleichstellungsfragen und die Terrorismusbek\u00e4mpfung&#8221;.<\/p>\n<p>Gastgeber Indien hatte an alle Mitglieder der zersplitterten Gruppe der 20 appelliert, einen Konsens \u00fcber Themen zu erzielen, die f\u00fcr \u00e4rmere L\u00e4nder von gro\u00dfer Bedeutung sind, selbst wenn die allgemeine Ost-West-Spaltung \u00fcber die Ukraine nicht \u00fcberwunden werden k\u00f6nnte.<\/p>\n<p>In einer Videoansprache an die versammelten Au\u00dfenminister in Neu-Delhi forderte der indische Premierminister Narendra Modi die Mitglieder auf, nicht zuzulassen, dass die derzeitigen Spannungen Vereinbarungen zunichte machen, die in den Bereichen Nahrungsmittel- und Energiesicherheit, Klimawandel und Schulden erreicht werden k\u00f6nnten.<\/p>\n<p>&#8220;Wir treffen uns in einer Zeit, in der die Welt tief gespalten ist&#8221;, sagte Modi vor der Gruppe. Er f\u00fcgte hinzu:<\/p>\n<blockquote>\n<p><em>&#8220;Wir alle haben unsere Positionen und unsere Sichtweisen, wie diese Spannungen gel\u00f6st werden sollten. (&#8230;) Wir sollten nicht zulassen, dass Probleme, die wir nicht gemeinsam l\u00f6sen k\u00f6nnen, den Problemen, die wir l\u00f6sen k\u00f6nnen, im Wege stehen.&#8221;<\/em><\/p>\n<\/blockquote>\n<p>In Anspielung auf die Bef\u00fcrchtung, dass sich die zunehmend vertiefende Kluft zwischen den Vereinigten Staaten und ihren Verb\u00fcndeten auf der einen Seite und Russland und China auf der anderen Seite weiter vertiefen k\u00f6nnte, sagte Modi, dass &#8220;der Multilateralismus heute in einer Krise steckt&#8221;.<\/p>\n<p>Er beklagte, dass die beiden Hauptziele der internationalen Ordnung nach dem Zweiten Weltkrieg \u2013 die Verhinderung von Konflikten und die F\u00f6rderung der Zusammenarbeit \u2013 nicht zu erreichen seien. &#8220;Die Erfahrungen der letzten zwei Jahre, der Finanzkrise, der Pandemien, des Terrorismus und der Kriege zeigen deutlich, dass die Weltordnungspolitik bei beiden Zielen versagt hat&#8221;, sagte er.<\/p>\n<p>Der indische Au\u00dfenminister wandte sich daraufhin pers\u00f6nlich an die Gruppe und erkl\u00e4rte, sie m\u00fcssten &#8220;eine gemeinsame Basis finden und eine Richtung vorgeben&#8221;.<\/p>\n<p>US-Au\u00dfenminister Antony Blinken und sein russischer Amtskollege Sergei Lawrow trafen sich am Donnerstag zum ersten hochrangigen Treffen zwischen den beiden L\u00e4ndern seit Monaten. Nach Angaben von US-Beamten unterhielten sich Blinken und Lawrow etwa\u00a0zehn Minuten lang am Rande der G20-Konferenz.<\/p>\n<p>Im Vorfeld des Treffens hatte das russische Au\u00dfenministerium die US-Politik kritisiert und erkl\u00e4rt, Lawrow und seine Delegation w\u00fcrden den G20-Gipfel nutzen, um &#8220;die Versuche des Westens zu thematisieren, sich daf\u00fcr zu r\u00e4chen, dass ihm die Hebel der Vorherrschaft unweigerlich aus den H\u00e4nden gleiten&#8221;.<\/p>\n<p><strong>Mehr zum Thema<\/strong> \u2013 <a rel=\"nofollow noopener\" target=\"_blank\" href=\"https:\/\/de.rt.com\/international\/131481-liveticker-ukraine-krieg\/\">Liveticker Ukraine-Krieg: Russlands Milit\u00e4r schie\u00dft zwei Kampfjets der ukrainischen Truppen ab<\/a><\/p>\n<div class=\"EmbedBlock-root EmbedBlock-externalVideo EmbedBlock-vk\">\n<div class=\"VkEmbed\"><iframe class=\"lazyload\" data-src=\"https:\/\/vk.com\/video_ext.php?oid=-134310637&amp;id=456264370&amp;hash=f2f47c65f6233c62\" frameborder=\"0\" width=\"853\" height=\"480\" allowfullscreen><\/iframe><\/div>\n<\/div>\n<\/div>\n<p><br \/>\n<br \/><a href=\"https:\/\/de.rt.com\/international\/164327-wegen-ukraine-konflikt-g20-treffen\/\">Source link <\/a><\/p>\n","protected":false},"excerpt":{"rendered":"<p>Ein Treffen der Au\u00dfenminister der Gruppe der 20 Industrie- und Entwicklungsl\u00e4nder endete am Donnerstag in Neu-Delhi ohne einen Konsens \u00fcber den Ukraine-Krieg, erkl\u00e4rte der indische Au\u00dfenminister Subrahmanyam Jaishankar. Die Au\u00dfenminister der G20-L\u00e4nder konnten sich wegen des Ukraine-Konflikts auf kein gemeinsames Kommuniqu\u00e9 einigen. Indiens Au\u00dfenminister Subrahmanyam Jaishankar sagte, es gebe &#8220;Divergenzen&#8221; in der Frage des Krieges [&hellip;]<\/p>\n","protected":false},"author":3,"featured_media":31304,"comment_status":"open","ping_status":"open","sticky":false,"template":"","format":"standard","meta":{"_yoast_indexnow_last_ping":["1677847469"],"wp_automatic_camp":["217"],"856a7e7c729f4e7b45df9ec399ec6e0e":["Wegen Ukraine-Konflikt: G20-Treffen der Au\u00dfenminister ohne gemeinsames Kommuniqu\u00e9"],"original_link":["https:\/\/de.rt.com\/international\/164327-wegen-ukraine-konflikt-g20-treffen\/"],"_thumbnail_id":["31304"],"_wptgpro_p2tg_sent2tg":["a:1:{i:23737;s:19:\"2023-03-03 14:47:12\";}"],"jnews_social_counter_last_update":["1777188334"]},"categories":[19,23],"tags":[13830,82,35612,18566,41368,779,1173,145],"yoast_head":"<!-- This site is optimized with the Yoast SEO Premium plugin v22.7 (Yoast SEO v22.7) - https:\/\/yoast.com\/wordpress\/plugins\/seo\/ -->\n<title>Wegen Ukraine-Konflikt: G20-Treffen der Au\u00dfenminister ohne gemeinsames Kommuniqu\u00e9 - just-now.NEWS Deutschland<\/title>\n<meta name=\"robots\" content=\"index, follow, max-snippet:-1, max-image-preview:large, max-video-preview:-1\" \/>\n<link rel=\"canonical\" href=\"https:\/\/now-news.de\/de\/deutschland\/wegen-ukraine-konflikt-g20-treffen-der-aussenminister-ohne-gemeinsames-kommunique\/\" \/>\n<meta property=\"og:locale\" content=\"de_DE\" \/>\n<meta property=\"og:type\" content=\"article\" \/>\n<meta property=\"og:title\" content=\"Wegen Ukraine-Konflikt: G20-Treffen der Au\u00dfenminister ohne gemeinsames Kommuniqu\u00e9\" \/>\n<meta property=\"og:description\" content=\"Ein Treffen der Au\u00dfenminister der Gruppe der 20 Industrie- und Entwicklungsl\u00e4nder endete am Donnerstag in Neu-Delhi ohne einen Konsens \u00fcber den Ukraine-Krieg, erkl\u00e4rte der indische Au\u00dfenminister Subrahmanyam Jaishankar. Die Au\u00dfenminister der G20-L\u00e4nder konnten sich wegen des Ukraine-Konflikts auf kein gemeinsames Kommuniqu\u00e9 einigen. Indiens Au\u00dfenminister Subrahmanyam Jaishankar sagte, es gebe &#8220;Divergenzen&#8221; in der Frage des Krieges [&hellip;]\" \/>\n<meta property=\"og:url\" content=\"https:\/\/now-news.de\/de\/deutschland\/wegen-ukraine-konflikt-g20-treffen-der-aussenminister-ohne-gemeinsames-kommunique\/\" \/>\n<meta property=\"og:site_name\" content=\"just-now.NEWS Deutschland\" \/>\n<meta property=\"article:publisher\" content=\"https:\/\/www.facebook.com\/wirmachenauf\" \/>\n<meta property=\"article:published_time\" content=\"2023-03-02T17:24:05+00:00\" \/>\n<meta property=\"og:image\" content=\"https:\/\/now-news.de\/de\/wp-content\/uploads\/sites\/3\/2023\/03\/Wegen-Ukraine-Konflikt-G20-Treffen-der-Aussenminister-ohne-gemeinsames-Kommunique.jpg\" \/>\n\t<meta property=\"og:image:width\" content=\"460\" \/>\n\t<meta property=\"og:image:height\" content=\"259\" \/>\n\t<meta property=\"og:image:type\" content=\"image\/jpeg\" \/>\n<meta name=\"author\" content=\"rtnews\" \/>\n<meta name=\"twitter:card\" content=\"summary_large_image\" \/>\n<meta name=\"twitter:creator\" content=\"@WirMachenAuf_de\" \/>\n<meta name=\"twitter:site\" content=\"@WirMachenAuf_de\" \/>\n<meta name=\"twitter:label1\" content=\"Verfasst von\" \/>\n\t<meta name=\"twitter:data1\" content=\"rtnews\" \/>\n\t<meta name=\"twitter:label2\" content=\"Gesch\u00e4tzte Lesezeit\" \/>\n\t<meta name=\"twitter:data2\" content=\"3\u00a0Minuten\" \/>\n<script type=\"application\/ld+json\" class=\"yoast-schema-graph\">{\"@context\":\"https:\/\/schema.org\",\"@graph\":[{\"@type\":\"Article\",\"@id\":\"https:\/\/now-news.de\/de\/deutschland\/wegen-ukraine-konflikt-g20-treffen-der-aussenminister-ohne-gemeinsames-kommunique\/#article\",\"isPartOf\":{\"@id\":\"https:\/\/now-news.de\/de\/deutschland\/wegen-ukraine-konflikt-g20-treffen-der-aussenminister-ohne-gemeinsames-kommunique\/\"},\"author\":{\"name\":\"rtnews\",\"@id\":\"https:\/\/now-news.de\/de\/#\/schema\/person\/fb534a4e865501d8b3285208df34a9b5\"},\"headline\":\"Wegen Ukraine-Konflikt: G20-Treffen der Au\u00dfenminister ohne gemeinsames Kommuniqu\u00e9\",\"datePublished\":\"2023-03-02T17:24:05+00:00\",\"dateModified\":\"2023-03-02T17:24:05+00:00\",\"mainEntityOfPage\":{\"@id\":\"https:\/\/now-news.de\/de\/deutschland\/wegen-ukraine-konflikt-g20-treffen-der-aussenminister-ohne-gemeinsames-kommunique\/\"},\"wordCount\":537,\"commentCount\":0,\"publisher\":{\"@id\":\"https:\/\/now-news.de\/de\/#organization\"},\"image\":{\"@id\":\"https:\/\/now-news.de\/de\/deutschland\/wegen-ukraine-konflikt-g20-treffen-der-aussenminister-ohne-gemeinsames-kommunique\/#primaryimage\"},\"thumbnailUrl\":\"https:\/\/now-news.de\/de\/wp-content\/uploads\/sites\/3\/2023\/03\/Wegen-Ukraine-Konflikt-G20-Treffen-der-Aussenminister-ohne-gemeinsames-Kommunique.jpg\",\"keywords\":[\"Au\u00dfenminister\",\"der\",\"G20Treffen\",\"gemeinsames\",\"Kommuniqu\u00e9\",\"ohne\",\"UkraineKonflikt\",\"wegen\"],\"articleSection\":[\"Deutschland\",\"Russland\"],\"inLanguage\":\"de\",\"potentialAction\":[{\"@type\":\"CommentAction\",\"name\":\"Comment\",\"target\":[\"https:\/\/now-news.de\/de\/deutschland\/wegen-ukraine-konflikt-g20-treffen-der-aussenminister-ohne-gemeinsames-kommunique\/#respond\"]}]},{\"@type\":\"WebPage\",\"@id\":\"https:\/\/now-news.de\/de\/deutschland\/wegen-ukraine-konflikt-g20-treffen-der-aussenminister-ohne-gemeinsames-kommunique\/\",\"url\":\"https:\/\/now-news.de\/de\/deutschland\/wegen-ukraine-konflikt-g20-treffen-der-aussenminister-ohne-gemeinsames-kommunique\/\",\"name\":\"Wegen Ukraine-Konflikt: G20-Treffen der Au\u00dfenminister ohne gemeinsames Kommuniqu\u00e9 - just-now.NEWS Deutschland\",\"isPartOf\":{\"@id\":\"https:\/\/now-news.de\/de\/#website\"},\"primaryImageOfPage\":{\"@id\":\"https:\/\/now-news.de\/de\/deutschland\/wegen-ukraine-konflikt-g20-treffen-der-aussenminister-ohne-gemeinsames-kommunique\/#primaryimage\"},\"image\":{\"@id\":\"https:\/\/now-news.de\/de\/deutschland\/wegen-ukraine-konflikt-g20-treffen-der-aussenminister-ohne-gemeinsames-kommunique\/#primaryimage\"},\"thumbnailUrl\":\"https:\/\/now-news.de\/de\/wp-content\/uploads\/sites\/3\/2023\/03\/Wegen-Ukraine-Konflikt-G20-Treffen-der-Aussenminister-ohne-gemeinsames-Kommunique.jpg\",\"datePublished\":\"2023-03-02T17:24:05+00:00\",\"dateModified\":\"2023-03-02T17:24:05+00:00\",\"breadcrumb\":{\"@id\":\"https:\/\/now-news.de\/de\/deutschland\/wegen-ukraine-konflikt-g20-treffen-der-aussenminister-ohne-gemeinsames-kommunique\/#breadcrumb\"},\"inLanguage\":\"de\",\"potentialAction\":[{\"@type\":\"ReadAction\",\"target\":[\"https:\/\/now-news.de\/de\/deutschland\/wegen-ukraine-konflikt-g20-treffen-der-aussenminister-ohne-gemeinsames-kommunique\/\"]}]},{\"@type\":\"ImageObject\",\"inLanguage\":\"de\",\"@id\":\"https:\/\/now-news.de\/de\/deutschland\/wegen-ukraine-konflikt-g20-treffen-der-aussenminister-ohne-gemeinsames-kommunique\/#primaryimage\",\"url\":\"https:\/\/now-news.de\/de\/wp-content\/uploads\/sites\/3\/2023\/03\/Wegen-Ukraine-Konflikt-G20-Treffen-der-Aussenminister-ohne-gemeinsames-Kommunique.jpg\",\"contentUrl\":\"https:\/\/now-news.de\/de\/wp-content\/uploads\/sites\/3\/2023\/03\/Wegen-Ukraine-Konflikt-G20-Treffen-der-Aussenminister-ohne-gemeinsames-Kommunique.jpg\",\"width\":460,\"height\":259,\"caption\":\"Wegen Ukraine-Konflikt: G20-Treffen der Au\u00dfenminister ohne gemeinsames Kommuniqu\u00e9\"},{\"@type\":\"BreadcrumbList\",\"@id\":\"https:\/\/now-news.de\/de\/deutschland\/wegen-ukraine-konflikt-g20-treffen-der-aussenminister-ohne-gemeinsames-kommunique\/#breadcrumb\",\"itemListElement\":[{\"@type\":\"ListItem\",\"position\":1,\"name\":\"Home\",\"item\":\"https:\/\/now-news.de\/de\/\"},{\"@type\":\"ListItem\",\"position\":2,\"name\":\"Wegen Ukraine-Konflikt: G20-Treffen der Au\u00dfenminister ohne gemeinsames Kommuniqu\u00e9\"}]},{\"@type\":\"WebSite\",\"@id\":\"https:\/\/now-news.de\/de\/#website\",\"url\":\"https:\/\/now-news.de\/de\/\",\"name\":\"just-now.NEWS Deutschland\",\"description\":\"Das Portal f\u00fcr unzensierte Nachrichten aus der Welt\",\"publisher\":{\"@id\":\"https:\/\/now-news.de\/de\/#organization\"},\"potentialAction\":[{\"@type\":\"SearchAction\",\"target\":{\"@type\":\"EntryPoint\",\"urlTemplate\":\"https:\/\/now-news.de\/de\/?s={search_term_string}\"},\"query-input\":\"required name=search_term_string\"}],\"inLanguage\":\"de\"},{\"@type\":\"Organization\",\"@id\":\"https:\/\/now-news.de\/de\/#organization\",\"name\":\"Just Now News\",\"url\":\"https:\/\/now-news.de\/de\/\",\"logo\":{\"@type\":\"ImageObject\",\"inLanguage\":\"de\",\"@id\":\"https:\/\/now-news.de\/de\/#\/schema\/logo\/image\/\",\"url\":\"http:\/\/just-now.news\/de\/wp-content\/uploads\/sites\/3\/2022\/04\/logo500x500.jpg\",\"contentUrl\":\"http:\/\/just-now.news\/de\/wp-content\/uploads\/sites\/3\/2022\/04\/logo500x500.jpg\",\"width\":500,\"height\":500,\"caption\":\"Just Now News\"},\"image\":{\"@id\":\"https:\/\/now-news.de\/de\/#\/schema\/logo\/image\/\"},\"sameAs\":[\"https:\/\/www.facebook.com\/wirmachenauf\",\"https:\/\/x.com\/WirMachenAuf_de\"]},{\"@type\":\"Person\",\"@id\":\"https:\/\/now-news.de\/de\/#\/schema\/person\/fb534a4e865501d8b3285208df34a9b5\",\"name\":\"rtnews\",\"image\":{\"@type\":\"ImageObject\",\"inLanguage\":\"de\",\"@id\":\"https:\/\/now-news.de\/de\/#\/schema\/person\/image\/\",\"url\":\"https:\/\/secure.gravatar.com\/avatar\/82aafea7d8127119dd649515f56e2117?s=96&d=mm&r=g\",\"contentUrl\":\"https:\/\/secure.gravatar.com\/avatar\/82aafea7d8127119dd649515f56e2117?s=96&d=mm&r=g\",\"caption\":\"rtnews\"},\"url\":\"https:\/\/now-news.de\/de\/author\/rnews\/\"}]}<\/script>\n<!-- \/ Yoast SEO Premium plugin. -->","yoast_head_json":{"title":"Wegen Ukraine-Konflikt: G20-Treffen der Au\u00dfenminister ohne gemeinsames Kommuniqu\u00e9 - just-now.NEWS Deutschland","robots":{"index":"index","follow":"follow","max-snippet":"max-snippet:-1","max-image-preview":"max-image-preview:large","max-video-preview":"max-video-preview:-1"},"canonical":"https:\/\/now-news.de\/de\/deutschland\/wegen-ukraine-konflikt-g20-treffen-der-aussenminister-ohne-gemeinsames-kommunique\/","og_locale":"de_DE","og_type":"article","og_title":"Wegen Ukraine-Konflikt: G20-Treffen der Au\u00dfenminister ohne gemeinsames Kommuniqu\u00e9","og_description":"Ein Treffen der Au\u00dfenminister der Gruppe der 20 Industrie- und Entwicklungsl\u00e4nder endete am Donnerstag in Neu-Delhi ohne einen Konsens \u00fcber den Ukraine-Krieg, erkl\u00e4rte der indische Au\u00dfenminister Subrahmanyam Jaishankar. Die Au\u00dfenminister der G20-L\u00e4nder konnten sich wegen des Ukraine-Konflikts auf kein gemeinsames Kommuniqu\u00e9 einigen. Indiens Au\u00dfenminister Subrahmanyam Jaishankar sagte, es gebe &#8220;Divergenzen&#8221; in der Frage des Krieges [&hellip;]","og_url":"https:\/\/now-news.de\/de\/deutschland\/wegen-ukraine-konflikt-g20-treffen-der-aussenminister-ohne-gemeinsames-kommunique\/","og_site_name":"just-now.NEWS Deutschland","article_publisher":"https:\/\/www.facebook.com\/wirmachenauf","article_published_time":"2023-03-02T17:24:05+00:00","og_image":[{"width":460,"height":259,"url":"https:\/\/now-news.de\/de\/wp-content\/uploads\/sites\/3\/2023\/03\/Wegen-Ukraine-Konflikt-G20-Treffen-der-Aussenminister-ohne-gemeinsames-Kommunique.jpg","type":"image\/jpeg"}],"author":"rtnews","twitter_card":"summary_large_image","twitter_creator":"@WirMachenAuf_de","twitter_site":"@WirMachenAuf_de","twitter_misc":{"Verfasst von":"rtnews","Gesch\u00e4tzte Lesezeit":"3\u00a0Minuten"},"schema":{"@context":"https:\/\/schema.org","@graph":[{"@type":"Article","@id":"https:\/\/now-news.de\/de\/deutschland\/wegen-ukraine-konflikt-g20-treffen-der-aussenminister-ohne-gemeinsames-kommunique\/#article","isPartOf":{"@id":"https:\/\/now-news.de\/de\/deutschland\/wegen-ukraine-konflikt-g20-treffen-der-aussenminister-ohne-gemeinsames-kommunique\/"},"author":{"name":"rtnews","@id":"https:\/\/now-news.de\/de\/#\/schema\/person\/fb534a4e865501d8b3285208df34a9b5"},"headline":"Wegen Ukraine-Konflikt: G20-Treffen der Au\u00dfenminister ohne gemeinsames Kommuniqu\u00e9","datePublished":"2023-03-02T17:24:05+00:00","dateModified":"2023-03-02T17:24:05+00:00","mainEntityOfPage":{"@id":"https:\/\/now-news.de\/de\/deutschland\/wegen-ukraine-konflikt-g20-treffen-der-aussenminister-ohne-gemeinsames-kommunique\/"},"wordCount":537,"commentCount":0,"publisher":{"@id":"https:\/\/now-news.de\/de\/#organization"},"image":{"@id":"https:\/\/now-news.de\/de\/deutschland\/wegen-ukraine-konflikt-g20-treffen-der-aussenminister-ohne-gemeinsames-kommunique\/#primaryimage"},"thumbnailUrl":"https:\/\/now-news.de\/de\/wp-content\/uploads\/sites\/3\/2023\/03\/Wegen-Ukraine-Konflikt-G20-Treffen-der-Aussenminister-ohne-gemeinsames-Kommunique.jpg","keywords":["Au\u00dfenminister","der","G20Treffen","gemeinsames","Kommuniqu\u00e9","ohne","UkraineKonflikt","wegen"],"articleSection":["Deutschland","Russland"],"inLanguage":"de","potentialAction":[{"@type":"CommentAction","name":"Comment","target":["https:\/\/now-news.de\/de\/deutschland\/wegen-ukraine-konflikt-g20-treffen-der-aussenminister-ohne-gemeinsames-kommunique\/#respond"]}]},{"@type":"WebPage","@id":"https:\/\/now-news.de\/de\/deutschland\/wegen-ukraine-konflikt-g20-treffen-der-aussenminister-ohne-gemeinsames-kommunique\/","url":"https:\/\/now-news.de\/de\/deutschland\/wegen-ukraine-konflikt-g20-treffen-der-aussenminister-ohne-gemeinsames-kommunique\/","name":"Wegen Ukraine-Konflikt: G20-Treffen der Au\u00dfenminister ohne gemeinsames Kommuniqu\u00e9 - just-now.NEWS Deutschland","isPartOf":{"@id":"https:\/\/now-news.de\/de\/#website"},"primaryImageOfPage":{"@id":"https:\/\/now-news.de\/de\/deutschland\/wegen-ukraine-konflikt-g20-treffen-der-aussenminister-ohne-gemeinsames-kommunique\/#primaryimage"},"image":{"@id":"https:\/\/now-news.de\/de\/deutschland\/wegen-ukraine-konflikt-g20-treffen-der-aussenminister-ohne-gemeinsames-kommunique\/#primaryimage"},"thumbnailUrl":"https:\/\/now-news.de\/de\/wp-content\/uploads\/sites\/3\/2023\/03\/Wegen-Ukraine-Konflikt-G20-Treffen-der-Aussenminister-ohne-gemeinsames-Kommunique.jpg","datePublished":"2023-03-02T17:24:05+00:00","dateModified":"2023-03-02T17:24:05+00:00","breadcrumb":{"@id":"https:\/\/now-news.de\/de\/deutschland\/wegen-ukraine-konflikt-g20-treffen-der-aussenminister-ohne-gemeinsames-kommunique\/#breadcrumb"},"inLanguage":"de","potentialAction":[{"@type":"ReadAction","target":["https:\/\/now-news.de\/de\/deutschland\/wegen-ukraine-konflikt-g20-treffen-der-aussenminister-ohne-gemeinsames-kommunique\/"]}]},{"@type":"ImageObject","inLanguage":"de","@id":"https:\/\/now-news.de\/de\/deutschland\/wegen-ukraine-konflikt-g20-treffen-der-aussenminister-ohne-gemeinsames-kommunique\/#primaryimage","url":"https:\/\/now-news.de\/de\/wp-content\/uploads\/sites\/3\/2023\/03\/Wegen-Ukraine-Konflikt-G20-Treffen-der-Aussenminister-ohne-gemeinsames-Kommunique.jpg","contentUrl":"https:\/\/now-news.de\/de\/wp-content\/uploads\/sites\/3\/2023\/03\/Wegen-Ukraine-Konflikt-G20-Treffen-der-Aussenminister-ohne-gemeinsames-Kommunique.jpg","width":460,"height":259,"caption":"Wegen Ukraine-Konflikt: G20-Treffen der Au\u00dfenminister ohne gemeinsames Kommuniqu\u00e9"},{"@type":"BreadcrumbList","@id":"https:\/\/now-news.de\/de\/deutschland\/wegen-ukraine-konflikt-g20-treffen-der-aussenminister-ohne-gemeinsames-kommunique\/#breadcrumb","itemListElement":[{"@type":"ListItem","position":1,"name":"Home","item":"https:\/\/now-news.de\/de\/"},{"@type":"ListItem","position":2,"name":"Wegen Ukraine-Konflikt: G20-Treffen der Au\u00dfenminister ohne gemeinsames Kommuniqu\u00e9"}]},{"@type":"WebSite","@id":"https:\/\/now-news.de\/de\/#website","url":"https:\/\/now-news.de\/de\/","name":"just-now.NEWS Deutschland","description":"Das Portal f\u00fcr unzensierte Nachrichten aus der Welt","publisher":{"@id":"https:\/\/now-news.de\/de\/#organization"},"potentialAction":[{"@type":"SearchAction","target":{"@type":"EntryPoint","urlTemplate":"https:\/\/now-news.de\/de\/?s={search_term_string}"},"query-input":"required name=search_term_string"}],"inLanguage":"de"},{"@type":"Organization","@id":"https:\/\/now-news.de\/de\/#organization","name":"Just Now News","url":"https:\/\/now-news.de\/de\/","logo":{"@type":"ImageObject","inLanguage":"de","@id":"https:\/\/now-news.de\/de\/#\/schema\/logo\/image\/","url":"http:\/\/just-now.news\/de\/wp-content\/uploads\/sites\/3\/2022\/04\/logo500x500.jpg","contentUrl":"http:\/\/just-now.news\/de\/wp-content\/uploads\/sites\/3\/2022\/04\/logo500x500.jpg","width":500,"height":500,"caption":"Just Now News"},"image":{"@id":"https:\/\/now-news.de\/de\/#\/schema\/logo\/image\/"},"sameAs":["https:\/\/www.facebook.com\/wirmachenauf","https:\/\/x.com\/WirMachenAuf_de"]},{"@type":"Person","@id":"https:\/\/now-news.de\/de\/#\/schema\/person\/fb534a4e865501d8b3285208df34a9b5","name":"rtnews","image":{"@type":"ImageObject","inLanguage":"de","@id":"https:\/\/now-news.de\/de\/#\/schema\/person\/image\/","url":"https:\/\/secure.gravatar.com\/avatar\/82aafea7d8127119dd649515f56e2117?s=96&d=mm&r=g","contentUrl":"https:\/\/secure.gravatar.com\/avatar\/82aafea7d8127119dd649515f56e2117?s=96&d=mm&r=g","caption":"rtnews"},"url":"https:\/\/now-news.de\/de\/author\/rnews\/"}]}},"_links":{"self":[{"href":"https:\/\/now-news.de\/de\/wp-json\/wp\/v2\/posts\/31303"}],"collection":[{"href":"https:\/\/now-news.de\/de\/wp-json\/wp\/v2\/posts"}],"about":[{"href":"https:\/\/now-news.de\/de\/wp-json\/wp\/v2\/types\/post"}],"author":[{"embeddable":true,"href":"https:\/\/now-news.de\/de\/wp-json\/wp\/v2\/users\/3"}],"replies":[{"embeddable":true,"href":"https:\/\/now-news.de\/de\/wp-json\/wp\/v2\/comments?post=31303"}],"version-history":[{"count":0,"href":"https:\/\/now-news.de\/de\/wp-json\/wp\/v2\/posts\/31303\/revisions"}],"wp:featuredmedia":[{"embeddable":true,"href":"https:\/\/now-news.de\/de\/wp-json\/wp\/v2\/media\/31304"}],"wp:attachment":[{"href":"https:\/\/now-news.de\/de\/wp-json\/wp\/v2\/media?parent=31303"}],"wp:term":[{"taxonomy":"category","embeddable":true,"href":"https:\/\/now-news.de\/de\/wp-json\/wp\/v2\/categories?post=31303"},{"taxonomy":"post_tag","embeddable":true,"href":"https:\/\/now-news.de\/de\/wp-json\/wp\/v2\/tags?post=31303"}],"curies":[{"name":"wp","href":"https:\/\/api.w.org\/{rel}","templated":true}]}}