{"id":3120,"date":"2022-04-24T17:21:00","date_gmt":"2022-04-24T18:21:00","guid":{"rendered":"http:\/\/just-now.news\/de\/usa\/breaking-emmanuel-macron-wird-voraussichtlich-als-franzoesischer-praesident-wiedergewaehlt\/"},"modified":"2022-04-24T17:21:00","modified_gmt":"2022-04-24T18:21:00","slug":"breaking-emmanuel-macron-wird-voraussichtlich-als-franzoesischer-praesident-wiedergewaehlt","status":"publish","type":"post","link":"https:\/\/now-news.de\/de\/usa\/breaking-emmanuel-macron-wird-voraussichtlich-als-franzoesischer-praesident-wiedergewaehlt\/","title":{"rendered":"BREAKING: Emmanuel Macron wird voraussichtlich als franz\u00f6sischer Pr\u00e4sident wiedergew\u00e4hlt"},"content":{"rendered":"<p><\/p>\n<div class=\"entry-content\">\n<p>Der amtierende globalistische Pr\u00e4sident Emmanual Macron hat laut Prognosen von France 2 die Wiederwahl als franz\u00f6sischer Pr\u00e4sident gewonnen und die nationalistische franz\u00f6sische Kandidatin Marine Le Pen besiegt.<\/p>\n<p>Ersten Hochrechnungen zufolge hat Macron die rechtsextreme Marine Le Pen zum zweiten Mal mit 58,2 % der Stimmen besiegt.<\/p>\n<p>Macron ist der erste franz\u00f6sische Pr\u00e4sident, der seit 20 Jahren seit 2002 wiedergew\u00e4hlt wird.<\/p>\n<div id=\"IC1-ad\" class=\"sponsor IC1\">\n<p class=\"ad-notice flipboard-remove\" fl:fl-noexcerpt=\"true\">Werbung \u2013 die Geschichte geht unten weiter<\/p>\n<div id=\"IC1\">\n<script>\n\t\t\t\t\tif( FFADS.units.IC1 && FFADS.units.IC1.ad_type == 'custom' && FFADS.units.IC1.custom_ads && ! getCookie( 'ff_subbed' ) ) {\n\t\t\t\t\t\tdocument.getElementById( 'IC1' ).innerHTML = FFADS.units.IC1.custom_ads[0].code;\n\t\t\t\t\t\tif( ! FFADS.units.IC1.lazy_load ) eval( FFADS.units.IC1.custom_ads[0].rendering_script );\n\t\t\t\t\t}\n\t\t\t\t\telse if( FFADS.units.IC1 && ! getCookie( 'ff_subbed' ) ) {\n\t\t\t\t\t\tif( 'IC' != 'SB' && 'IC' != 'SA' && FFADS.use_fixed_containers ) {\n\t\t\t\t\t\t\tlet max_wh = firefly_size_list_to_max_wh( FFADS.units.IC1.sizes );\n\t\t\t\t\t\t\tlet el = document.querySelector( '#IC1' );\n\t\t\t\t\t\t\tif( 'IC' != 'SA' && FFADS.slide_pixels ) {\n\t\t\t\t\t\t\t\tmax_wh[1] += parseInt( FFADS.slide_pixels );\n\t\t\t\t\t\t\t\tel.classList.add( 'sliding' );\n\t\t\t\t\t\t\t}\n\t\t\t\t\t\t\tel.style.width = max_wh[0] + 'px';\n\t\t\t\t\t\t\tel.style.height = max_wh[1] + 'px';\n\t\t\t\t\t\t\tel.classList.add( 'fixed-size' );\n\t\t\t\t\t\t}\n\t\t\t\t\t\tgoogletag.cmd.push( function() {\n\t\t\t\t\t\t\tFFADS.debug( 'googletag.displaying IC1' );\n\t\t\t\t\t\t\tgoogletag.display( 'IC1' );\n\t\t\t\t\t\t} );\n\t\t\t\t\t}\n\t\t\t\t\telse {\n\t\t\t\t\t\tdocument.querySelector( '#IC1-ad' ).style.display = 'none';}\n\t\t\t\t<\/script><\/div>\n<\/div>\n<blockquote class=\"twitter-tweet\">\n<p dir=\"ltr\" lang=\"en\">JUST IN \u2013 Macron gewinnt Wiederwahl in Frankreich. <a rel=\"nofollow noopener\" target=\"_blank\" href=\"https:\/\/t.co\/F9O624Gu5s\">pic.twitter.com\/F9O624Gu5s<\/a><\/p>\n<p>\u2014 Disclose.tv (@disclosetv) <a rel=\"nofollow noopener\" target=\"_blank\" href=\"https:\/\/twitter.com\/disclosetv\/status\/1518289352509558784\">24. April 2022<\/a><\/p>\n<\/blockquote>\n<p><script async src=\"https:\/\/platform.twitter.com\/widgets.js\" charset=\"utf-8\"><\/script><\/p>\n<p><script>\n\t\t\t\t\tif( ! getCookie( 'ff_subbed' ) ) if( typeof FFADS.replace_ict != 'undefined' ) if( FFADS.replace_ict ) eval( FFADS.replace_ict );\n\t\t\t\t<\/script><\/p>\n<blockquote class=\"twitter-tweet\">\n<p lang=\"en\" dir=\"ltr\">Hier sind die vier Prognosen f\u00fchrender Meinungsforscher:<\/p>\n<p>Ipsos: Macron 58,2 %\/Le Pen 41,8 %<br \/>Ifop: Macron 57,2 %\/Le Pen 42,8 %<br \/>Harris: Macron 58,5 %\/Le Pen 41,5 %<br \/>Elabe: Macron 57,8 %\/Le Pen 42,2 %<\/p>\n<p>\u2014 Jeremy Cliffe (@JeremyCliffe) <a rel=\"nofollow noopener\" target=\"_blank\" href=\"https:\/\/twitter.com\/JeremyCliffe\/status\/1518290739184103424\">24. April 2022<\/a><\/p>\n<\/blockquote>\n<p> <script async src=\"https:\/\/platform.twitter.com\/widgets.js\" charset=\"utf-8\"><\/script><\/p>\n<div id=\"IC2-ad\" class=\"sponsor IC2\">\n<p class=\"ad-notice flipboard-remove\" fl:fl-noexcerpt=\"true\">Werbung \u2013 die Geschichte geht unten weiter<\/p>\n<div id=\"IC2\">\n<script>\n\t\t\t\t\tif( FFADS.units.IC2 && FFADS.units.IC2.ad_type == 'custom' && FFADS.units.IC2.custom_ads && ! getCookie( 'ff_subbed' ) ) {\n\t\t\t\t\t\tdocument.getElementById( 'IC2' ).innerHTML = FFADS.units.IC2.custom_ads[0].code;\n\t\t\t\t\t\tif( ! FFADS.units.IC2.lazy_load ) eval( FFADS.units.IC2.custom_ads[0].rendering_script );\n\t\t\t\t\t}\n\t\t\t\t\telse if( FFADS.units.IC2 && ! getCookie( 'ff_subbed' ) ) {\n\t\t\t\t\t\tif( 'IC' != 'SB' && 'IC' != 'SA' && FFADS.use_fixed_containers ) {\n\t\t\t\t\t\t\tlet max_wh = firefly_size_list_to_max_wh( FFADS.units.IC2.sizes );\n\t\t\t\t\t\t\tlet el = document.querySelector( '#IC2' );\n\t\t\t\t\t\t\tif( 'IC' != 'SA' && FFADS.slide_pixels ) {\n\t\t\t\t\t\t\t\tmax_wh[1] += parseInt( FFADS.slide_pixels );\n\t\t\t\t\t\t\t\tel.classList.add( 'sliding' );\n\t\t\t\t\t\t\t}\n\t\t\t\t\t\t\tel.style.width = max_wh[0] + 'px';\n\t\t\t\t\t\t\tel.style.height = max_wh[1] + 'px';\n\t\t\t\t\t\t\tel.classList.add( 'fixed-size' );\n\t\t\t\t\t\t}\n\t\t\t\t\t\tgoogletag.cmd.push( function() {\n\t\t\t\t\t\t\tFFADS.debug( 'googletag.displaying IC2' );\n\t\t\t\t\t\t\tgoogletag.display( 'IC2' );\n\t\t\t\t\t\t} );\n\t\t\t\t\t}\n\t\t\t\t\telse {\n\t\t\t\t\t\tdocument.querySelector( '#IC2-ad' ).style.display = 'none';}\n\t\t\t\t<\/script><\/div>\n<\/div>\n<p>CBS News berichtete:<\/p>\n<blockquote>\n<p>Franz\u00f6sische Meinungsforschungsinstitute gehen davon aus, dass der zentristische Amtsinhaber Emmanuel Macron am Sonntag die Stichwahl um das Pr\u00e4sidentenamt in Frankreich gewinnen wird, indem er die rechtsextreme Rivalin Marine Le Pen in einem engen Rennen schl\u00e4gt, das durch den Ukrainekrieg getr\u00fcbt wurde und einen Anstieg der Unterst\u00fctzung extremistischer Ideen erlebte.<\/p>\n<p>Wenn die Prognosen durch offizielle Ergebnisse best\u00e4tigt werden, w\u00e4re Macron der erste franz\u00f6sische Pr\u00e4sident seit einer Generation, der seit Jacques Chirac im Jahr 2002 eine zweite Amtszeit gewinnen w\u00fcrde. Aber er w\u00fcrde sich einer gespaltenen Nation und einem Kampf um den Erhalt seiner parlamentarischen Mehrheit bei den Parlamentswahlen gegen\u00fcbersehen im Juni.<\/p>\n<p>Vor f\u00fcnf Jahren errang Macron einen \u00fcberw\u00e4ltigenden Sieg \u00fcber Le Pen und wurde j\u00fcngster franz\u00f6sischer Pr\u00e4sident.  Der Vorsprung wird dieses Mal voraussichtlich viel kleiner sein: Die Meinungsforschungsinstitute Opinionway, Harris und Ifop-Fiducial prognostizierten, dass Macron zwischen 57 % und 58,5 % der Stimmen gewinnen w\u00fcrde, w\u00e4hrend Le Pen zwischen 41,5 % und 43 % erhalten w\u00fcrde.<\/p>\n<\/blockquote>\n<p>Wie der Gateway Pandit berichtete, schwor der franz\u00f6sische Pr\u00e4sident Emmanuel Macron, die Unvaxierten zu \u201ever\u00e4rgern\u201c, indem er ihnen das Leben schwer machte.  Macron sagte auch, jemand, der den Covid-Impfstoff ablehnt, sei \u201ekein B\u00fcrger\u201c.<\/p>\n<div id=\"IC3-ad\" class=\"sponsor IC3\">\n<p class=\"ad-notice flipboard-remove\" fl:fl-noexcerpt=\"true\">Werbung \u2013 die Geschichte geht unten weiter<\/p>\n<div id=\"IC3\">\n<script>\n\t\t\t\t\tif( FFADS.units.IC3 && FFADS.units.IC3.ad_type == 'custom' && FFADS.units.IC3.custom_ads && ! getCookie( 'ff_subbed' ) ) {\n\t\t\t\t\t\tdocument.getElementById( 'IC3' ).innerHTML = FFADS.units.IC3.custom_ads[0].code;\n\t\t\t\t\t\tif( ! FFADS.units.IC3.lazy_load ) eval( FFADS.units.IC3.custom_ads[0].rendering_script );\n\t\t\t\t\t}\n\t\t\t\t\telse if( FFADS.units.IC3 && ! getCookie( 'ff_subbed' ) ) {\n\t\t\t\t\t\tif( 'IC' != 'SB' && 'IC' != 'SA' && FFADS.use_fixed_containers ) {\n\t\t\t\t\t\t\tlet max_wh = firefly_size_list_to_max_wh( FFADS.units.IC3.sizes );\n\t\t\t\t\t\t\tlet el = document.querySelector( '#IC3' );\n\t\t\t\t\t\t\tif( 'IC' != 'SA' && FFADS.slide_pixels ) {\n\t\t\t\t\t\t\t\tmax_wh[1] += parseInt( FFADS.slide_pixels );\n\t\t\t\t\t\t\t\tel.classList.add( 'sliding' );\n\t\t\t\t\t\t\t}\n\t\t\t\t\t\t\tel.style.width = max_wh[0] + 'px';\n\t\t\t\t\t\t\tel.style.height = max_wh[1] + 'px';\n\t\t\t\t\t\t\tel.classList.add( 'fixed-size' );\n\t\t\t\t\t\t}\n\t\t\t\t\t\tgoogletag.cmd.push( function() {\n\t\t\t\t\t\t\tFFADS.debug( 'googletag.displaying IC3' );\n\t\t\t\t\t\t\tgoogletag.display( 'IC3' );\n\t\t\t\t\t\t} );\n\t\t\t\t\t}\n\t\t\t\t\telse {\n\t\t\t\t\t\tdocument.querySelector( '#IC3-ad' ).style.display = 'none';}\n\t\t\t\t<\/script><\/div>\n<\/div>\n<p>\u201eDie Ungeimpften, ich m\u00f6chte sie wirklich ver\u00e4rgern.  Und so werden wir weitermachen, bis zum Ende.  Das ist die Strategie\u201c, sagte Macron in einem Interview mit Le Parisien.<\/p>\n<p>\u201eIch werde (die Ungeimpften) nicht ins Gef\u00e4ngnis schicken, ich werde nicht mit Gewalt impfen.  Also m\u00fcssen wir ihnen sagen, dass Sie ab dem 15. Januar nicht mehr ins Restaurant gehen k\u00f6nnen, Sie werden nicht mehr in der Lage sein, einen zu trinken, Sie werden nicht in der Lage sein, einen Kaffee zu trinken, ins Theater zu gehen, das Kino \u2026\u201c, f\u00fcgte er hinzu.<\/p>\n<p class=\"article-ask\"><span class=\"ask\"><script>\n  if( getParameterByName( \"utm_source\" ) == \"testpage\" ) {\n    !function(e,t,a,n,g){e[n]=e[n]||[],e[n].push({\"gtm.start\":(new Date).getTime(),event:\"gtm.js\"});var m=t.getElementsByTagName(a)[0],r=t.createElement(a);r.async=!0,r.src=\"https:\/\/www.googletagmanager.com\/gtm.js?id=GTM-PL4PD49\",m.parentNode.insertBefore(r,m)}(window.parent,window.parent.document,\"script\",\"dataLayer\");\n    var iframe=window.parent.document.createElement(\"iframe\");iframe.src=\"https:\/\/www.googletagmanager.com\/ns.html?id=GTM-PL4PD49\";iframe.height=\"0\";iframe.width=\"0\";iframe.style=\"display:none;visibility:hidden\";window.parent.document.body.appendChild(iframe);\n    window.parent[\"$$mm-analytics\"] = window.parent[\"$$mm-analytics\"] || {};if (typeof window.parent[\"$$mm-analytics\"].firstEmbed === \"undefined\") {window.parent[\"$$mm-analytics\"].firstEmbed = Date.now();}\n    let as1 = document.createElement( \"script\" );\n    as1.src = \"https:\/\/bucket1.mm-syringe.com\/prod\/configs\/ee2300c8-43d2-7f0b-dac0-40aaf31c9d3d.js\";\n    document.body.appendChild( as1 );\n    let as2 = document.createElement( \"script\" );\n    as2.src = \"https:\/\/bucket1.mm-syringe.com\/prod\/injector\/injector.1.5.3.js\";\n    document.body.appendChild( as2 );\n  }\n<\/script><\/p>\n<div class=\"apester-media\" data-token=\"5f10a39f94902bc81d3d59a7\" data-context=\"true\" data-tags=\"\" data-fallback=\"true\" height=\"350\"><\/div>\n<p><script id=\"apester_script\" src=\"https:\/\/static.apester.com\/js\/sdk\/latest\/apester-sdk.js\" async><\/script><script async src=\"https:\/\/www.googletagmanager.com\/gtag\/js?id=G-EFE91RJVSQ\"><\/script><script>\n  window.dataLayer = window.dataLayer || [];\n  function gtag(){dataLayer.push(arguments);}\n  gtag(\\'js\\', new Date());\n  gtag(\\'config\\', \\'G-EFE91RJVSQ\\');\n<\/script><\/span><\/p>\n<\/div>\n<p><br \/>\n<br \/><a href=\"https:\/\/www.thegatewaypundit.com\/2022\/04\/breaking-emmanuel-macron-wins-reelection-frances-president\/\">Source link <\/a><\/p>\n","protected":false},"excerpt":{"rendered":"<p>Der amtierende globalistische Pr\u00e4sident Emmanual Macron hat laut Prognosen von France 2 die Wiederwahl als franz\u00f6sischer Pr\u00e4sident gewonnen und die nationalistische franz\u00f6sische Kandidatin Marine Le Pen besiegt. Ersten Hochrechnungen zufolge hat Macron die rechtsextreme Marine Le Pen zum zweiten Mal mit 58,2 % der Stimmen besiegt. Macron ist der erste franz\u00f6sische Pr\u00e4sident, der seit 20 [&hellip;]<\/p>\n","protected":false},"author":5,"featured_media":3121,"comment_status":"open","ping_status":"open","sticky":false,"template":"","format":"standard","meta":{"wp_automatic_camp":["1161"],"81893ca73ccc2918db04357db859c3e1":["BREAKING: Emmanuel Macron wird voraussichtlich als franz\u00f6sischer Pr\u00e4sident wiedergew\u00e4hlt\n"],"original_link":["https:\/\/www.thegatewaypundit.com\/2022\/04\/breaking-emmanuel-macron-wins-reelection-frances-president\/"],"_thumbnail_id":["3121"],"wp_automatic_remove_first_image":["yes"],"jnews_social_counter_last_update":["1777195793"]},"categories":[25],"tags":[273,2755,9152,9154,1711,3464,9153,9155,374],"yoast_head":"<!-- This site is optimized with the Yoast SEO Premium plugin v22.7 (Yoast SEO v22.7) - https:\/\/yoast.com\/wordpress\/plugins\/seo\/ -->\n<title>BREAKING: Emmanuel Macron wird voraussichtlich als franz\u00f6sischer Pr\u00e4sident wiedergew\u00e4hlt - just-now.NEWS Deutschland<\/title>\n<meta name=\"robots\" content=\"index, follow, max-snippet:-1, max-image-preview:large, max-video-preview:-1\" \/>\n<link rel=\"canonical\" href=\"https:\/\/now-news.de\/de\/usa\/breaking-emmanuel-macron-wird-voraussichtlich-als-franzoesischer-praesident-wiedergewaehlt\/\" \/>\n<meta property=\"og:locale\" content=\"de_DE\" \/>\n<meta property=\"og:type\" content=\"article\" \/>\n<meta property=\"og:title\" content=\"BREAKING: Emmanuel Macron wird voraussichtlich als franz\u00f6sischer Pr\u00e4sident wiedergew\u00e4hlt\" \/>\n<meta property=\"og:description\" content=\"Der amtierende globalistische Pr\u00e4sident Emmanual Macron hat laut Prognosen von France 2 die Wiederwahl als franz\u00f6sischer Pr\u00e4sident gewonnen und die nationalistische franz\u00f6sische Kandidatin Marine Le Pen besiegt. Ersten Hochrechnungen zufolge hat Macron die rechtsextreme Marine Le Pen zum zweiten Mal mit 58,2 % der Stimmen besiegt. Macron ist der erste franz\u00f6sische Pr\u00e4sident, der seit 20 [&hellip;]\" \/>\n<meta property=\"og:url\" content=\"https:\/\/now-news.de\/de\/usa\/breaking-emmanuel-macron-wird-voraussichtlich-als-franzoesischer-praesident-wiedergewaehlt\/\" \/>\n<meta property=\"og:site_name\" content=\"just-now.NEWS Deutschland\" \/>\n<meta property=\"article:publisher\" content=\"https:\/\/www.facebook.com\/wirmachenauf\" \/>\n<meta property=\"article:published_time\" content=\"2022-04-24T18:21:00+00:00\" \/>\n<meta property=\"og:image\" content=\"https:\/\/now-news.de\/de\/wp-content\/uploads\/sites\/3\/2022\/04\/BREAKING-Emmanuel-Macron-wird-voraussichtlich-als-franzoesischer-Praesident-wiedergewaehlt.jpg\" \/>\n\t<meta property=\"og:image:width\" content=\"436\" \/>\n\t<meta property=\"og:image:height\" content=\"309\" \/>\n\t<meta property=\"og:image:type\" content=\"image\/jpeg\" \/>\n<meta name=\"author\" content=\"greatreset\" \/>\n<meta name=\"twitter:card\" content=\"summary_large_image\" \/>\n<meta name=\"twitter:creator\" content=\"@WirMachenAuf_de\" \/>\n<meta name=\"twitter:site\" content=\"@WirMachenAuf_de\" \/>\n<meta name=\"twitter:label1\" content=\"Verfasst von\" \/>\n\t<meta name=\"twitter:data1\" content=\"greatreset\" \/>\n\t<meta name=\"twitter:label2\" content=\"Gesch\u00e4tzte Lesezeit\" \/>\n\t<meta name=\"twitter:data2\" content=\"2\u00a0Minuten\" \/>\n<script type=\"application\/ld+json\" class=\"yoast-schema-graph\">{\"@context\":\"https:\/\/schema.org\",\"@graph\":[{\"@type\":\"Article\",\"@id\":\"https:\/\/now-news.de\/de\/usa\/breaking-emmanuel-macron-wird-voraussichtlich-als-franzoesischer-praesident-wiedergewaehlt\/#article\",\"isPartOf\":{\"@id\":\"https:\/\/now-news.de\/de\/usa\/breaking-emmanuel-macron-wird-voraussichtlich-als-franzoesischer-praesident-wiedergewaehlt\/\"},\"author\":{\"name\":\"greatreset\",\"@id\":\"https:\/\/now-news.de\/de\/#\/schema\/person\/8afb4cd92b68572db7902c13a349ffcb\"},\"headline\":\"BREAKING: Emmanuel Macron wird voraussichtlich als franz\u00f6sischer Pr\u00e4sident wiedergew\u00e4hlt\",\"datePublished\":\"2022-04-24T18:21:00+00:00\",\"dateModified\":\"2022-04-24T18:21:00+00:00\",\"mainEntityOfPage\":{\"@id\":\"https:\/\/now-news.de\/de\/usa\/breaking-emmanuel-macron-wird-voraussichtlich-als-franzoesischer-praesident-wiedergewaehlt\/\"},\"wordCount\":441,\"commentCount\":0,\"publisher\":{\"@id\":\"https:\/\/now-news.de\/de\/#organization\"},\"image\":{\"@id\":\"https:\/\/now-news.de\/de\/usa\/breaking-emmanuel-macron-wird-voraussichtlich-als-franzoesischer-praesident-wiedergewaehlt\/#primaryimage\"},\"thumbnailUrl\":\"https:\/\/now-news.de\/de\/wp-content\/uploads\/sites\/3\/2022\/04\/BREAKING-Emmanuel-Macron-wird-voraussichtlich-als-franzoesischer-Praesident-wiedergewaehlt.jpg\",\"keywords\":[\"als\",\"Breaking\",\"Emmanuel\",\"franz\u00f6sischer\",\"macron\",\"Pr\u00e4sident\",\"voraussichtlich\",\"wiedergew\u00e4hlt\",\"wird\"],\"articleSection\":[\"USA\"],\"inLanguage\":\"de\",\"potentialAction\":[{\"@type\":\"CommentAction\",\"name\":\"Comment\",\"target\":[\"https:\/\/now-news.de\/de\/usa\/breaking-emmanuel-macron-wird-voraussichtlich-als-franzoesischer-praesident-wiedergewaehlt\/#respond\"]}]},{\"@type\":\"WebPage\",\"@id\":\"https:\/\/now-news.de\/de\/usa\/breaking-emmanuel-macron-wird-voraussichtlich-als-franzoesischer-praesident-wiedergewaehlt\/\",\"url\":\"https:\/\/now-news.de\/de\/usa\/breaking-emmanuel-macron-wird-voraussichtlich-als-franzoesischer-praesident-wiedergewaehlt\/\",\"name\":\"BREAKING: Emmanuel Macron wird voraussichtlich als franz\u00f6sischer Pr\u00e4sident wiedergew\u00e4hlt - just-now.NEWS Deutschland\",\"isPartOf\":{\"@id\":\"https:\/\/now-news.de\/de\/#website\"},\"primaryImageOfPage\":{\"@id\":\"https:\/\/now-news.de\/de\/usa\/breaking-emmanuel-macron-wird-voraussichtlich-als-franzoesischer-praesident-wiedergewaehlt\/#primaryimage\"},\"image\":{\"@id\":\"https:\/\/now-news.de\/de\/usa\/breaking-emmanuel-macron-wird-voraussichtlich-als-franzoesischer-praesident-wiedergewaehlt\/#primaryimage\"},\"thumbnailUrl\":\"https:\/\/now-news.de\/de\/wp-content\/uploads\/sites\/3\/2022\/04\/BREAKING-Emmanuel-Macron-wird-voraussichtlich-als-franzoesischer-Praesident-wiedergewaehlt.jpg\",\"datePublished\":\"2022-04-24T18:21:00+00:00\",\"dateModified\":\"2022-04-24T18:21:00+00:00\",\"breadcrumb\":{\"@id\":\"https:\/\/now-news.de\/de\/usa\/breaking-emmanuel-macron-wird-voraussichtlich-als-franzoesischer-praesident-wiedergewaehlt\/#breadcrumb\"},\"inLanguage\":\"de\",\"potentialAction\":[{\"@type\":\"ReadAction\",\"target\":[\"https:\/\/now-news.de\/de\/usa\/breaking-emmanuel-macron-wird-voraussichtlich-als-franzoesischer-praesident-wiedergewaehlt\/\"]}]},{\"@type\":\"ImageObject\",\"inLanguage\":\"de\",\"@id\":\"https:\/\/now-news.de\/de\/usa\/breaking-emmanuel-macron-wird-voraussichtlich-als-franzoesischer-praesident-wiedergewaehlt\/#primaryimage\",\"url\":\"https:\/\/now-news.de\/de\/wp-content\/uploads\/sites\/3\/2022\/04\/BREAKING-Emmanuel-Macron-wird-voraussichtlich-als-franzoesischer-Praesident-wiedergewaehlt.jpg\",\"contentUrl\":\"https:\/\/now-news.de\/de\/wp-content\/uploads\/sites\/3\/2022\/04\/BREAKING-Emmanuel-Macron-wird-voraussichtlich-als-franzoesischer-Praesident-wiedergewaehlt.jpg\",\"width\":436,\"height\":309},{\"@type\":\"BreadcrumbList\",\"@id\":\"https:\/\/now-news.de\/de\/usa\/breaking-emmanuel-macron-wird-voraussichtlich-als-franzoesischer-praesident-wiedergewaehlt\/#breadcrumb\",\"itemListElement\":[{\"@type\":\"ListItem\",\"position\":1,\"name\":\"Home\",\"item\":\"https:\/\/now-news.de\/de\/\"},{\"@type\":\"ListItem\",\"position\":2,\"name\":\"BREAKING: Emmanuel Macron wird voraussichtlich als franz\u00f6sischer Pr\u00e4sident wiedergew\u00e4hlt\"}]},{\"@type\":\"WebSite\",\"@id\":\"https:\/\/now-news.de\/de\/#website\",\"url\":\"https:\/\/now-news.de\/de\/\",\"name\":\"just-now.NEWS Deutschland\",\"description\":\"Das Portal f\u00fcr unzensierte Nachrichten aus der Welt\",\"publisher\":{\"@id\":\"https:\/\/now-news.de\/de\/#organization\"},\"potentialAction\":[{\"@type\":\"SearchAction\",\"target\":{\"@type\":\"EntryPoint\",\"urlTemplate\":\"https:\/\/now-news.de\/de\/?s={search_term_string}\"},\"query-input\":\"required name=search_term_string\"}],\"inLanguage\":\"de\"},{\"@type\":\"Organization\",\"@id\":\"https:\/\/now-news.de\/de\/#organization\",\"name\":\"Just Now News\",\"url\":\"https:\/\/now-news.de\/de\/\",\"logo\":{\"@type\":\"ImageObject\",\"inLanguage\":\"de\",\"@id\":\"https:\/\/now-news.de\/de\/#\/schema\/logo\/image\/\",\"url\":\"http:\/\/just-now.news\/de\/wp-content\/uploads\/sites\/3\/2022\/04\/logo500x500.jpg\",\"contentUrl\":\"http:\/\/just-now.news\/de\/wp-content\/uploads\/sites\/3\/2022\/04\/logo500x500.jpg\",\"width\":500,\"height\":500,\"caption\":\"Just Now News\"},\"image\":{\"@id\":\"https:\/\/now-news.de\/de\/#\/schema\/logo\/image\/\"},\"sameAs\":[\"https:\/\/www.facebook.com\/wirmachenauf\",\"https:\/\/x.com\/WirMachenAuf_de\"]},{\"@type\":\"Person\",\"@id\":\"https:\/\/now-news.de\/de\/#\/schema\/person\/8afb4cd92b68572db7902c13a349ffcb\",\"name\":\"greatreset\",\"image\":{\"@type\":\"ImageObject\",\"inLanguage\":\"de\",\"@id\":\"https:\/\/now-news.de\/de\/#\/schema\/person\/image\/\",\"url\":\"https:\/\/secure.gravatar.com\/avatar\/a088df625d49991c090e78c8b9542592?s=96&d=mm&r=g\",\"contentUrl\":\"https:\/\/secure.gravatar.com\/avatar\/a088df625d49991c090e78c8b9542592?s=96&d=mm&r=g\",\"caption\":\"greatreset\"},\"url\":\"https:\/\/now-news.de\/de\/author\/greatreset\/\"}]}<\/script>\n<!-- \/ Yoast SEO Premium plugin. -->","yoast_head_json":{"title":"BREAKING: Emmanuel Macron wird voraussichtlich als franz\u00f6sischer Pr\u00e4sident wiedergew\u00e4hlt - just-now.NEWS Deutschland","robots":{"index":"index","follow":"follow","max-snippet":"max-snippet:-1","max-image-preview":"max-image-preview:large","max-video-preview":"max-video-preview:-1"},"canonical":"https:\/\/now-news.de\/de\/usa\/breaking-emmanuel-macron-wird-voraussichtlich-als-franzoesischer-praesident-wiedergewaehlt\/","og_locale":"de_DE","og_type":"article","og_title":"BREAKING: Emmanuel Macron wird voraussichtlich als franz\u00f6sischer Pr\u00e4sident wiedergew\u00e4hlt","og_description":"Der amtierende globalistische Pr\u00e4sident Emmanual Macron hat laut Prognosen von France 2 die Wiederwahl als franz\u00f6sischer Pr\u00e4sident gewonnen und die nationalistische franz\u00f6sische Kandidatin Marine Le Pen besiegt. Ersten Hochrechnungen zufolge hat Macron die rechtsextreme Marine Le Pen zum zweiten Mal mit 58,2 % der Stimmen besiegt. Macron ist der erste franz\u00f6sische Pr\u00e4sident, der seit 20 [&hellip;]","og_url":"https:\/\/now-news.de\/de\/usa\/breaking-emmanuel-macron-wird-voraussichtlich-als-franzoesischer-praesident-wiedergewaehlt\/","og_site_name":"just-now.NEWS Deutschland","article_publisher":"https:\/\/www.facebook.com\/wirmachenauf","article_published_time":"2022-04-24T18:21:00+00:00","og_image":[{"width":436,"height":309,"url":"https:\/\/now-news.de\/de\/wp-content\/uploads\/sites\/3\/2022\/04\/BREAKING-Emmanuel-Macron-wird-voraussichtlich-als-franzoesischer-Praesident-wiedergewaehlt.jpg","type":"image\/jpeg"}],"author":"greatreset","twitter_card":"summary_large_image","twitter_creator":"@WirMachenAuf_de","twitter_site":"@WirMachenAuf_de","twitter_misc":{"Verfasst von":"greatreset","Gesch\u00e4tzte Lesezeit":"2\u00a0Minuten"},"schema":{"@context":"https:\/\/schema.org","@graph":[{"@type":"Article","@id":"https:\/\/now-news.de\/de\/usa\/breaking-emmanuel-macron-wird-voraussichtlich-als-franzoesischer-praesident-wiedergewaehlt\/#article","isPartOf":{"@id":"https:\/\/now-news.de\/de\/usa\/breaking-emmanuel-macron-wird-voraussichtlich-als-franzoesischer-praesident-wiedergewaehlt\/"},"author":{"name":"greatreset","@id":"https:\/\/now-news.de\/de\/#\/schema\/person\/8afb4cd92b68572db7902c13a349ffcb"},"headline":"BREAKING: Emmanuel Macron wird voraussichtlich als franz\u00f6sischer Pr\u00e4sident wiedergew\u00e4hlt","datePublished":"2022-04-24T18:21:00+00:00","dateModified":"2022-04-24T18:21:00+00:00","mainEntityOfPage":{"@id":"https:\/\/now-news.de\/de\/usa\/breaking-emmanuel-macron-wird-voraussichtlich-als-franzoesischer-praesident-wiedergewaehlt\/"},"wordCount":441,"commentCount":0,"publisher":{"@id":"https:\/\/now-news.de\/de\/#organization"},"image":{"@id":"https:\/\/now-news.de\/de\/usa\/breaking-emmanuel-macron-wird-voraussichtlich-als-franzoesischer-praesident-wiedergewaehlt\/#primaryimage"},"thumbnailUrl":"https:\/\/now-news.de\/de\/wp-content\/uploads\/sites\/3\/2022\/04\/BREAKING-Emmanuel-Macron-wird-voraussichtlich-als-franzoesischer-Praesident-wiedergewaehlt.jpg","keywords":["als","Breaking","Emmanuel","franz\u00f6sischer","macron","Pr\u00e4sident","voraussichtlich","wiedergew\u00e4hlt","wird"],"articleSection":["USA"],"inLanguage":"de","potentialAction":[{"@type":"CommentAction","name":"Comment","target":["https:\/\/now-news.de\/de\/usa\/breaking-emmanuel-macron-wird-voraussichtlich-als-franzoesischer-praesident-wiedergewaehlt\/#respond"]}]},{"@type":"WebPage","@id":"https:\/\/now-news.de\/de\/usa\/breaking-emmanuel-macron-wird-voraussichtlich-als-franzoesischer-praesident-wiedergewaehlt\/","url":"https:\/\/now-news.de\/de\/usa\/breaking-emmanuel-macron-wird-voraussichtlich-als-franzoesischer-praesident-wiedergewaehlt\/","name":"BREAKING: Emmanuel Macron wird voraussichtlich als franz\u00f6sischer Pr\u00e4sident wiedergew\u00e4hlt - just-now.NEWS Deutschland","isPartOf":{"@id":"https:\/\/now-news.de\/de\/#website"},"primaryImageOfPage":{"@id":"https:\/\/now-news.de\/de\/usa\/breaking-emmanuel-macron-wird-voraussichtlich-als-franzoesischer-praesident-wiedergewaehlt\/#primaryimage"},"image":{"@id":"https:\/\/now-news.de\/de\/usa\/breaking-emmanuel-macron-wird-voraussichtlich-als-franzoesischer-praesident-wiedergewaehlt\/#primaryimage"},"thumbnailUrl":"https:\/\/now-news.de\/de\/wp-content\/uploads\/sites\/3\/2022\/04\/BREAKING-Emmanuel-Macron-wird-voraussichtlich-als-franzoesischer-Praesident-wiedergewaehlt.jpg","datePublished":"2022-04-24T18:21:00+00:00","dateModified":"2022-04-24T18:21:00+00:00","breadcrumb":{"@id":"https:\/\/now-news.de\/de\/usa\/breaking-emmanuel-macron-wird-voraussichtlich-als-franzoesischer-praesident-wiedergewaehlt\/#breadcrumb"},"inLanguage":"de","potentialAction":[{"@type":"ReadAction","target":["https:\/\/now-news.de\/de\/usa\/breaking-emmanuel-macron-wird-voraussichtlich-als-franzoesischer-praesident-wiedergewaehlt\/"]}]},{"@type":"ImageObject","inLanguage":"de","@id":"https:\/\/now-news.de\/de\/usa\/breaking-emmanuel-macron-wird-voraussichtlich-als-franzoesischer-praesident-wiedergewaehlt\/#primaryimage","url":"https:\/\/now-news.de\/de\/wp-content\/uploads\/sites\/3\/2022\/04\/BREAKING-Emmanuel-Macron-wird-voraussichtlich-als-franzoesischer-Praesident-wiedergewaehlt.jpg","contentUrl":"https:\/\/now-news.de\/de\/wp-content\/uploads\/sites\/3\/2022\/04\/BREAKING-Emmanuel-Macron-wird-voraussichtlich-als-franzoesischer-Praesident-wiedergewaehlt.jpg","width":436,"height":309},{"@type":"BreadcrumbList","@id":"https:\/\/now-news.de\/de\/usa\/breaking-emmanuel-macron-wird-voraussichtlich-als-franzoesischer-praesident-wiedergewaehlt\/#breadcrumb","itemListElement":[{"@type":"ListItem","position":1,"name":"Home","item":"https:\/\/now-news.de\/de\/"},{"@type":"ListItem","position":2,"name":"BREAKING: Emmanuel Macron wird voraussichtlich als franz\u00f6sischer Pr\u00e4sident wiedergew\u00e4hlt"}]},{"@type":"WebSite","@id":"https:\/\/now-news.de\/de\/#website","url":"https:\/\/now-news.de\/de\/","name":"just-now.NEWS Deutschland","description":"Das Portal f\u00fcr unzensierte Nachrichten aus der Welt","publisher":{"@id":"https:\/\/now-news.de\/de\/#organization"},"potentialAction":[{"@type":"SearchAction","target":{"@type":"EntryPoint","urlTemplate":"https:\/\/now-news.de\/de\/?s={search_term_string}"},"query-input":"required name=search_term_string"}],"inLanguage":"de"},{"@type":"Organization","@id":"https:\/\/now-news.de\/de\/#organization","name":"Just Now News","url":"https:\/\/now-news.de\/de\/","logo":{"@type":"ImageObject","inLanguage":"de","@id":"https:\/\/now-news.de\/de\/#\/schema\/logo\/image\/","url":"http:\/\/just-now.news\/de\/wp-content\/uploads\/sites\/3\/2022\/04\/logo500x500.jpg","contentUrl":"http:\/\/just-now.news\/de\/wp-content\/uploads\/sites\/3\/2022\/04\/logo500x500.jpg","width":500,"height":500,"caption":"Just Now News"},"image":{"@id":"https:\/\/now-news.de\/de\/#\/schema\/logo\/image\/"},"sameAs":["https:\/\/www.facebook.com\/wirmachenauf","https:\/\/x.com\/WirMachenAuf_de"]},{"@type":"Person","@id":"https:\/\/now-news.de\/de\/#\/schema\/person\/8afb4cd92b68572db7902c13a349ffcb","name":"greatreset","image":{"@type":"ImageObject","inLanguage":"de","@id":"https:\/\/now-news.de\/de\/#\/schema\/person\/image\/","url":"https:\/\/secure.gravatar.com\/avatar\/a088df625d49991c090e78c8b9542592?s=96&d=mm&r=g","contentUrl":"https:\/\/secure.gravatar.com\/avatar\/a088df625d49991c090e78c8b9542592?s=96&d=mm&r=g","caption":"greatreset"},"url":"https:\/\/now-news.de\/de\/author\/greatreset\/"}]}},"_links":{"self":[{"href":"https:\/\/now-news.de\/de\/wp-json\/wp\/v2\/posts\/3120"}],"collection":[{"href":"https:\/\/now-news.de\/de\/wp-json\/wp\/v2\/posts"}],"about":[{"href":"https:\/\/now-news.de\/de\/wp-json\/wp\/v2\/types\/post"}],"author":[{"embeddable":true,"href":"https:\/\/now-news.de\/de\/wp-json\/wp\/v2\/users\/5"}],"replies":[{"embeddable":true,"href":"https:\/\/now-news.de\/de\/wp-json\/wp\/v2\/comments?post=3120"}],"version-history":[{"count":0,"href":"https:\/\/now-news.de\/de\/wp-json\/wp\/v2\/posts\/3120\/revisions"}],"wp:featuredmedia":[{"embeddable":true,"href":"https:\/\/now-news.de\/de\/wp-json\/wp\/v2\/media\/3121"}],"wp:attachment":[{"href":"https:\/\/now-news.de\/de\/wp-json\/wp\/v2\/media?parent=3120"}],"wp:term":[{"taxonomy":"category","embeddable":true,"href":"https:\/\/now-news.de\/de\/wp-json\/wp\/v2\/categories?post=3120"},{"taxonomy":"post_tag","embeddable":true,"href":"https:\/\/now-news.de\/de\/wp-json\/wp\/v2\/tags?post=3120"}],"curies":[{"name":"wp","href":"https:\/\/api.w.org\/{rel}","templated":true}]}}