{"id":31199,"date":"2023-02-26T23:32:25","date_gmt":"2023-02-26T21:32:25","guid":{"rendered":"http:\/\/just-now.news\/de\/deutschland\/bericht-aus-dem-donbass-wie-die-ukraine-den-krieg-begann\/"},"modified":"2023-02-26T23:32:25","modified_gmt":"2023-02-26T21:32:25","slug":"bericht-aus-dem-donbass-wie-die-ukraine-den-krieg-begann","status":"publish","type":"post","link":"https:\/\/now-news.de\/de\/deutschland\/bericht-aus-dem-donbass-wie-die-ukraine-den-krieg-begann\/","title":{"rendered":"Bericht aus dem Donbass: Wie die Ukraine den Krieg begann"},"content":{"rendered":"<p><img decoding=\"async\" src=\"http:\/\/just-now.news\/de\/wp-content\/uploads\/sites\/3\/2023\/02\/63fa4ff648fbef33e152271c.jpg\" \/><\/p>\n<div class=\"Text-root Text-type_1 \">\n                Ein Jahr nach Beginn der Milit\u00e4rischen Spezialoperation Russlands in der Ukraine und allen Debatten \u00fcber Kriegsursachen, Frontverl\u00e4ufen und Friedenschancen darf der Alltag in den Donbassrepubliken nicht in Vergessenheit geraten. Und nicht das Leiden der Zivilbev\u00f6lkerung, das bereits 2014 mit dem Beschuss durch Kiewer Truppen begann.\n            <\/div>\n<p><\/p>\n<div class=\"Text-root Text-type_5 ArticleView-text ViewText-root \">\n<p><em>Von Jewdokija Scheremetjewa<\/em><\/p>\n<p>In den sozialen Medien sind in letzter Zeit etliche Beitr\u00e4ge vom vergangenen Jahr aufgetaucht, die aufgrund der nachfolgenden Ereignisse ganz in Vergessenheit geraten sind. Vor einem Jahr, Mitte Februar 2022, begann die Ukraine eine Offensive gegen die Volksrepubliken Lugansk und Donezk. In fast allen Regionen entlang der Grenze kam es zu heftigem Beschuss, genau wie im Jahr 2014.<\/p>\n<p>Mein Beitrag vom 17. Februar 2022 trug den Titel &#8220;Beschuss durch schwere Artillerie&#8221;:<\/p>\n<blockquote>\n<p><em>&#8220;Meldungen aus verschiedenen Regionen \u2013 sowohl aus der Volksrepublik\u00a0Lugansk als auch der Volksrepublik Donezk. Unsere Gro\u00dfm\u00fctter in Kalinowo, Michailowka, Solotoje am Rande von Pjerwomaisk, die an der Frontlinie wohnen, sind ersch\u00fcttert.<\/em><\/p>\n<p><em> Berichtet wird auch diesmal von heftigen Donnerschl\u00e4gen \u2013 genau wie im Jahr 2014. Ich lese den Feed \u2013 Gleiches spielt sich auch an vielen anderen Orten ab. Mit gro\u00dfkalibrigem Artillerie-Feuer wird &#8216;abgepr\u00fcgelt&#8217;, wie man sagt \u2026<\/em><\/p>\n<p><em>In einem Haus in Sokologorowka bei Pjerwomaisk (Lugansk), das in der Beschusslinie liegt, lebt Walentina Matwejewna, eine einsame Gro\u00dfmutter, der wir oft helfen. Sie leidet an rheumatischer Arthritis und kann nur mit einem Rollator gehen. Ihr Haus wurde bereits getroffen. In der N\u00e4he gibt es keine Luftschutzbunker oder Keller. Und selbst wenn es welche g\u00e4be, k\u00e4me sie nicht dorthin, genauso wie Dutzende andere alte Menschen, die kaum mehr gehen k\u00f6nnen oder nicht die Kraft haben, in den Keller zu gelangen. Sie warten einfach ab.<\/em><\/p>\n<p><em>Man kann sich nicht vorstellen, was sie und andere, die an dieser Frontlinie wohnen, gerade durchmachen m\u00fcssen. Und jeder wei\u00df, woher und von wem geschossen wird. Nur ist das kaum jemandem begreiflich zu machen.&#8221;<\/em><\/p>\n<\/blockquote>\n<p>&#8220;Unsere Gro\u00dfm\u00fctter&#8221; \u2013 das sind unsere Sch\u00fctzlinge, denen wir seit Jahren helfen, in den Grenzgebieten, den sogenannten Grauzonen der Republik Lugansk, zu \u00fcberleben; in denen seit Jahren Einschl\u00e4ge der Artillerie zu verzeichnen sind. Es klingt sonderbar, angesichts des bereits acht Jahre andauernden Beschusses so zu sprechen. Was ist schon dabei: &#8220;ein paar Einschl\u00e4ge und einige Dutzend Tote&#8221; \u2013 so wird jedenfalls geschrieben \u2013, scheint es. In Wirklichkeit haben nicht einmal die patriotisch gesinnten Menschen eine Vorstellung davon, was Menschen wie Valentina Matwejewna durchleben mussten, die 2014 nicht ausreisen konnten und zu Hause geblieben sind.<\/p>\n<p>Vor genau einem Jahr hat es &#8220;begonnen&#8221;. Noch am selben Tag fingen wir damit an, verzweifelt die Gro\u00dfm\u00fctter, die kaum aus eigenen Kr\u00e4ften gehen konnten, aus ihren H\u00e4usern an der Frontlinie zu evakuieren. Am darauffolgenden Tag spitzte sich die Lage zu und die Beh\u00f6rden der Volksrepublik Lugansk k\u00fcndigten bereits eine zentrale Evakuierung aus den beiden Teilrepubliken an. Allerdings mussten die Menschen selbst zu den Sammelpunkten gelangen, und diese Gro\u00dfm\u00fctter, die sich kaum noch innerhalb ihres Hauses bewegen konnten, waren physisch nicht in der Lage, den Bus zu erreichen. Viele wollten auch gar nicht weg, denn sie hatten nichts und niemanden, zu dem sie gehen k\u00f6nnen. Alter, Krankheiten, Widerwillen gegen den Umzug in ein Pflegeheim. W\u00fcrden sie selbst zu Fl\u00fcchtlingen, so w\u00e4ren sie nicht imstande, sich neu einzurichten. Schon f\u00fcr junge Menschen ist das nicht einfach. Viele hatten auch Angst, den Umzug nicht zu \u00fcberleben.<\/p>\n<p>An die Einzelheiten dieser Tage erinnere ich mich kaum \u2013 wir haben fast nicht geschlafen; ununterbrochen die Koordination der Evakuierungen, die Suche nach Autos, nach Menschen.<\/p>\n<p>Bis zum Beginn der milit\u00e4rischen Spezialoperation waren es noch acht Tage. Doch allem Anschein nach war es die &#8220;kleine, friedliche&#8221; Ukraine, die auf diese Weise versuchte, einen Waffenstillstand auszuhandeln. Und Leute wie ich, b\u00f6sartige, blutr\u00fcnstige Russen, zogen zum Spa\u00df die kaum mobilen, alten Menschen aus ihren Betten und brachten sie weit weg von der H\u00f6lle, die dort zu brodeln begann.<\/p>\n<p>An das alles erinnert sich aber kaum einer mehr.<\/p>\n<p>Vor knapp einem Monat, am 25. Januar, verstarb Valentina Matwejewna. Wie viele andere \u00e4ltere Menschen, die es nicht mehr ausgehalten haben. Ja, bei einigen sind die Bomben im Garten oder direkt im Haus eingeschlagen und haben sie dort get\u00f6tet. Die meisten \u00e4lteren Menschen starben jedoch allm\u00e4hlich \u2013 ausgebrannt durch Stress und unf\u00e4hig, das Geschehen zu ertragen. Keine Statistik wird sie als Kriegsopfer z\u00e4hlen.<\/p>\n<p>Wenn man jedoch einmal eine Z\u00e4hlung vornimmt, so sollte diese nicht mit dem Beginn der milit\u00e4rischen Spezialoperation, sondern mit dem Beginn des offensiven Krieges vonseiten der Ukraine beginnen.<\/p>\n<p><em>Zuerst erschienen bei Wsgljad. <\/em><\/p>\n<p><em>\u00dcbersetzt aus dem <a rel=\"nofollow noopener\" target=\"_blank\" href=\"https:\/\/vz.ru\/opinions\/2023\/2\/20\/1199833.html\">Russischen<\/a>. <\/em><\/p>\n<p><strong>Mehr zum Thema<\/strong> &#8211;\u00a0<a rel=\"nofollow noopener\" target=\"_blank\" href=\"https:\/\/freeassange.rtde.life\/meinung\/163452-ein-jahr-krieg-russlands-gegen-versammelte-nato\/\">Von Washington angezettelt: Ein Jahr Krieg Russlands gegen die versammelte NATO in der Ukraine<\/a>\u00a0<\/p>\n<\/div>\n<p><br \/>\n<br \/><a href=\"https:\/\/de.rt.com\/meinung\/163829-bericht-aus-donbass-wie-ukraine-krieg-begann\/\">Source link <\/a><\/p>\n","protected":false},"excerpt":{"rendered":"<p>Ein Jahr nach Beginn der Milit\u00e4rischen Spezialoperation Russlands in der Ukraine und allen Debatten \u00fcber Kriegsursachen, Frontverl\u00e4ufen und Friedenschancen darf der Alltag in den Donbassrepubliken nicht in Vergessenheit geraten. Und nicht das Leiden der Zivilbev\u00f6lkerung, das bereits 2014 mit dem Beschuss durch Kiewer Truppen begann. Von Jewdokija Scheremetjewa In den sozialen Medien sind in letzter [&hellip;]<\/p>\n","protected":false},"author":3,"featured_media":31200,"comment_status":"open","ping_status":"open","sticky":false,"template":"","format":"standard","meta":{"_yoast_indexnow_last_ping":["1677447299"],"wp_automatic_camp":["217"],"3c2f4ae0333533de7d5a94e5fb212ee0":["Bericht aus dem Donbass: Wie die Ukraine den Krieg begann"],"original_link":["https:\/\/de.rt.com\/meinung\/163829-bericht-aus-donbass-wie-ukraine-krieg-begann\/"],"_thumbnail_id":["31200"],"_wptgpro_p2tg_sent2tg":["a:1:{i:23737;s:19:\"2023-02-26 23:36:03\";}"],"jnews_social_counter_last_update":["1777241599"]},"categories":[19,23],"tags":[679,17340,667,134,48,45,818,130,127,579],"yoast_head":"<!-- This site is optimized with the Yoast SEO Premium plugin v22.7 (Yoast SEO v22.7) - https:\/\/yoast.com\/wordpress\/plugins\/seo\/ -->\n<title>Bericht aus dem Donbass: Wie die Ukraine den Krieg begann - just-now.NEWS Deutschland<\/title>\n<meta name=\"robots\" content=\"index, follow, max-snippet:-1, max-image-preview:large, max-video-preview:-1\" \/>\n<link rel=\"canonical\" href=\"https:\/\/now-news.de\/de\/deutschland\/bericht-aus-dem-donbass-wie-die-ukraine-den-krieg-begann\/\" \/>\n<meta property=\"og:locale\" content=\"de_DE\" \/>\n<meta property=\"og:type\" content=\"article\" \/>\n<meta property=\"og:title\" content=\"Bericht aus dem Donbass: Wie die Ukraine den Krieg begann\" \/>\n<meta property=\"og:description\" content=\"Ein Jahr nach Beginn der Milit\u00e4rischen Spezialoperation Russlands in der Ukraine und allen Debatten \u00fcber Kriegsursachen, Frontverl\u00e4ufen und Friedenschancen darf der Alltag in den Donbassrepubliken nicht in Vergessenheit geraten. Und nicht das Leiden der Zivilbev\u00f6lkerung, das bereits 2014 mit dem Beschuss durch Kiewer Truppen begann. Von Jewdokija Scheremetjewa In den sozialen Medien sind in letzter [&hellip;]\" \/>\n<meta property=\"og:url\" content=\"https:\/\/now-news.de\/de\/deutschland\/bericht-aus-dem-donbass-wie-die-ukraine-den-krieg-begann\/\" \/>\n<meta property=\"og:site_name\" content=\"just-now.NEWS Deutschland\" \/>\n<meta property=\"article:publisher\" content=\"https:\/\/www.facebook.com\/wirmachenauf\" \/>\n<meta property=\"article:published_time\" content=\"2023-02-26T21:32:25+00:00\" \/>\n<meta property=\"og:image\" content=\"https:\/\/now-news.de\/de\/wp-content\/uploads\/sites\/3\/2023\/02\/Bericht-aus-dem-Donbass-Wie-die-Ukraine-den-Krieg-begann.jpg\" \/>\n\t<meta property=\"og:image:width\" content=\"460\" \/>\n\t<meta property=\"og:image:height\" content=\"259\" \/>\n\t<meta property=\"og:image:type\" content=\"image\/jpeg\" \/>\n<meta name=\"author\" content=\"rtnews\" \/>\n<meta name=\"twitter:card\" content=\"summary_large_image\" \/>\n<meta name=\"twitter:creator\" content=\"@WirMachenAuf_de\" \/>\n<meta name=\"twitter:site\" content=\"@WirMachenAuf_de\" \/>\n<meta name=\"twitter:label1\" content=\"Verfasst von\" \/>\n\t<meta name=\"twitter:data1\" content=\"rtnews\" \/>\n\t<meta name=\"twitter:label2\" content=\"Gesch\u00e4tzte Lesezeit\" \/>\n\t<meta name=\"twitter:data2\" content=\"4\u00a0Minuten\" \/>\n<script type=\"application\/ld+json\" class=\"yoast-schema-graph\">{\"@context\":\"https:\/\/schema.org\",\"@graph\":[{\"@type\":\"Article\",\"@id\":\"https:\/\/now-news.de\/de\/deutschland\/bericht-aus-dem-donbass-wie-die-ukraine-den-krieg-begann\/#article\",\"isPartOf\":{\"@id\":\"https:\/\/now-news.de\/de\/deutschland\/bericht-aus-dem-donbass-wie-die-ukraine-den-krieg-begann\/\"},\"author\":{\"name\":\"rtnews\",\"@id\":\"https:\/\/now-news.de\/de\/#\/schema\/person\/fb534a4e865501d8b3285208df34a9b5\"},\"headline\":\"Bericht aus dem Donbass: Wie die Ukraine den Krieg begann\",\"datePublished\":\"2023-02-26T21:32:25+00:00\",\"dateModified\":\"2023-02-26T21:32:25+00:00\",\"mainEntityOfPage\":{\"@id\":\"https:\/\/now-news.de\/de\/deutschland\/bericht-aus-dem-donbass-wie-die-ukraine-den-krieg-begann\/\"},\"wordCount\":795,\"commentCount\":3,\"publisher\":{\"@id\":\"https:\/\/now-news.de\/de\/#organization\"},\"image\":{\"@id\":\"https:\/\/now-news.de\/de\/deutschland\/bericht-aus-dem-donbass-wie-die-ukraine-den-krieg-begann\/#primaryimage\"},\"thumbnailUrl\":\"https:\/\/now-news.de\/de\/wp-content\/uploads\/sites\/3\/2023\/02\/Bericht-aus-dem-Donbass-Wie-die-Ukraine-den-Krieg-begann.jpg\",\"keywords\":[\"aus\",\"begann\",\"Bericht\",\"DEM\",\"den\",\"die\",\"Donbass\",\"krieg\",\"ukraine\",\"Wie\"],\"articleSection\":[\"Deutschland\",\"Russland\"],\"inLanguage\":\"de\",\"potentialAction\":[{\"@type\":\"CommentAction\",\"name\":\"Comment\",\"target\":[\"https:\/\/now-news.de\/de\/deutschland\/bericht-aus-dem-donbass-wie-die-ukraine-den-krieg-begann\/#respond\"]}]},{\"@type\":\"WebPage\",\"@id\":\"https:\/\/now-news.de\/de\/deutschland\/bericht-aus-dem-donbass-wie-die-ukraine-den-krieg-begann\/\",\"url\":\"https:\/\/now-news.de\/de\/deutschland\/bericht-aus-dem-donbass-wie-die-ukraine-den-krieg-begann\/\",\"name\":\"Bericht aus dem Donbass: Wie die Ukraine den Krieg begann - just-now.NEWS Deutschland\",\"isPartOf\":{\"@id\":\"https:\/\/now-news.de\/de\/#website\"},\"primaryImageOfPage\":{\"@id\":\"https:\/\/now-news.de\/de\/deutschland\/bericht-aus-dem-donbass-wie-die-ukraine-den-krieg-begann\/#primaryimage\"},\"image\":{\"@id\":\"https:\/\/now-news.de\/de\/deutschland\/bericht-aus-dem-donbass-wie-die-ukraine-den-krieg-begann\/#primaryimage\"},\"thumbnailUrl\":\"https:\/\/now-news.de\/de\/wp-content\/uploads\/sites\/3\/2023\/02\/Bericht-aus-dem-Donbass-Wie-die-Ukraine-den-Krieg-begann.jpg\",\"datePublished\":\"2023-02-26T21:32:25+00:00\",\"dateModified\":\"2023-02-26T21:32:25+00:00\",\"breadcrumb\":{\"@id\":\"https:\/\/now-news.de\/de\/deutschland\/bericht-aus-dem-donbass-wie-die-ukraine-den-krieg-begann\/#breadcrumb\"},\"inLanguage\":\"de\",\"potentialAction\":[{\"@type\":\"ReadAction\",\"target\":[\"https:\/\/now-news.de\/de\/deutschland\/bericht-aus-dem-donbass-wie-die-ukraine-den-krieg-begann\/\"]}]},{\"@type\":\"ImageObject\",\"inLanguage\":\"de\",\"@id\":\"https:\/\/now-news.de\/de\/deutschland\/bericht-aus-dem-donbass-wie-die-ukraine-den-krieg-begann\/#primaryimage\",\"url\":\"https:\/\/now-news.de\/de\/wp-content\/uploads\/sites\/3\/2023\/02\/Bericht-aus-dem-Donbass-Wie-die-Ukraine-den-Krieg-begann.jpg\",\"contentUrl\":\"https:\/\/now-news.de\/de\/wp-content\/uploads\/sites\/3\/2023\/02\/Bericht-aus-dem-Donbass-Wie-die-Ukraine-den-Krieg-begann.jpg\",\"width\":460,\"height\":259,\"caption\":\"Bericht aus dem Donbass: Wie die Ukraine den Krieg begann\"},{\"@type\":\"BreadcrumbList\",\"@id\":\"https:\/\/now-news.de\/de\/deutschland\/bericht-aus-dem-donbass-wie-die-ukraine-den-krieg-begann\/#breadcrumb\",\"itemListElement\":[{\"@type\":\"ListItem\",\"position\":1,\"name\":\"Home\",\"item\":\"https:\/\/now-news.de\/de\/\"},{\"@type\":\"ListItem\",\"position\":2,\"name\":\"Bericht aus dem Donbass: Wie die Ukraine den Krieg begann\"}]},{\"@type\":\"WebSite\",\"@id\":\"https:\/\/now-news.de\/de\/#website\",\"url\":\"https:\/\/now-news.de\/de\/\",\"name\":\"just-now.NEWS Deutschland\",\"description\":\"Das Portal f\u00fcr unzensierte Nachrichten aus der Welt\",\"publisher\":{\"@id\":\"https:\/\/now-news.de\/de\/#organization\"},\"potentialAction\":[{\"@type\":\"SearchAction\",\"target\":{\"@type\":\"EntryPoint\",\"urlTemplate\":\"https:\/\/now-news.de\/de\/?s={search_term_string}\"},\"query-input\":\"required name=search_term_string\"}],\"inLanguage\":\"de\"},{\"@type\":\"Organization\",\"@id\":\"https:\/\/now-news.de\/de\/#organization\",\"name\":\"Just Now News\",\"url\":\"https:\/\/now-news.de\/de\/\",\"logo\":{\"@type\":\"ImageObject\",\"inLanguage\":\"de\",\"@id\":\"https:\/\/now-news.de\/de\/#\/schema\/logo\/image\/\",\"url\":\"http:\/\/just-now.news\/de\/wp-content\/uploads\/sites\/3\/2022\/04\/logo500x500.jpg\",\"contentUrl\":\"http:\/\/just-now.news\/de\/wp-content\/uploads\/sites\/3\/2022\/04\/logo500x500.jpg\",\"width\":500,\"height\":500,\"caption\":\"Just Now News\"},\"image\":{\"@id\":\"https:\/\/now-news.de\/de\/#\/schema\/logo\/image\/\"},\"sameAs\":[\"https:\/\/www.facebook.com\/wirmachenauf\",\"https:\/\/x.com\/WirMachenAuf_de\"]},{\"@type\":\"Person\",\"@id\":\"https:\/\/now-news.de\/de\/#\/schema\/person\/fb534a4e865501d8b3285208df34a9b5\",\"name\":\"rtnews\",\"image\":{\"@type\":\"ImageObject\",\"inLanguage\":\"de\",\"@id\":\"https:\/\/now-news.de\/de\/#\/schema\/person\/image\/\",\"url\":\"https:\/\/secure.gravatar.com\/avatar\/82aafea7d8127119dd649515f56e2117?s=96&d=mm&r=g\",\"contentUrl\":\"https:\/\/secure.gravatar.com\/avatar\/82aafea7d8127119dd649515f56e2117?s=96&d=mm&r=g\",\"caption\":\"rtnews\"},\"url\":\"https:\/\/now-news.de\/de\/author\/rnews\/\"}]}<\/script>\n<!-- \/ Yoast SEO Premium plugin. -->","yoast_head_json":{"title":"Bericht aus dem Donbass: Wie die Ukraine den Krieg begann - just-now.NEWS Deutschland","robots":{"index":"index","follow":"follow","max-snippet":"max-snippet:-1","max-image-preview":"max-image-preview:large","max-video-preview":"max-video-preview:-1"},"canonical":"https:\/\/now-news.de\/de\/deutschland\/bericht-aus-dem-donbass-wie-die-ukraine-den-krieg-begann\/","og_locale":"de_DE","og_type":"article","og_title":"Bericht aus dem Donbass: Wie die Ukraine den Krieg begann","og_description":"Ein Jahr nach Beginn der Milit\u00e4rischen Spezialoperation Russlands in der Ukraine und allen Debatten \u00fcber Kriegsursachen, Frontverl\u00e4ufen und Friedenschancen darf der Alltag in den Donbassrepubliken nicht in Vergessenheit geraten. Und nicht das Leiden der Zivilbev\u00f6lkerung, das bereits 2014 mit dem Beschuss durch Kiewer Truppen begann. Von Jewdokija Scheremetjewa In den sozialen Medien sind in letzter [&hellip;]","og_url":"https:\/\/now-news.de\/de\/deutschland\/bericht-aus-dem-donbass-wie-die-ukraine-den-krieg-begann\/","og_site_name":"just-now.NEWS Deutschland","article_publisher":"https:\/\/www.facebook.com\/wirmachenauf","article_published_time":"2023-02-26T21:32:25+00:00","og_image":[{"width":460,"height":259,"url":"https:\/\/now-news.de\/de\/wp-content\/uploads\/sites\/3\/2023\/02\/Bericht-aus-dem-Donbass-Wie-die-Ukraine-den-Krieg-begann.jpg","type":"image\/jpeg"}],"author":"rtnews","twitter_card":"summary_large_image","twitter_creator":"@WirMachenAuf_de","twitter_site":"@WirMachenAuf_de","twitter_misc":{"Verfasst von":"rtnews","Gesch\u00e4tzte Lesezeit":"4\u00a0Minuten"},"schema":{"@context":"https:\/\/schema.org","@graph":[{"@type":"Article","@id":"https:\/\/now-news.de\/de\/deutschland\/bericht-aus-dem-donbass-wie-die-ukraine-den-krieg-begann\/#article","isPartOf":{"@id":"https:\/\/now-news.de\/de\/deutschland\/bericht-aus-dem-donbass-wie-die-ukraine-den-krieg-begann\/"},"author":{"name":"rtnews","@id":"https:\/\/now-news.de\/de\/#\/schema\/person\/fb534a4e865501d8b3285208df34a9b5"},"headline":"Bericht aus dem Donbass: Wie die Ukraine den Krieg begann","datePublished":"2023-02-26T21:32:25+00:00","dateModified":"2023-02-26T21:32:25+00:00","mainEntityOfPage":{"@id":"https:\/\/now-news.de\/de\/deutschland\/bericht-aus-dem-donbass-wie-die-ukraine-den-krieg-begann\/"},"wordCount":795,"commentCount":3,"publisher":{"@id":"https:\/\/now-news.de\/de\/#organization"},"image":{"@id":"https:\/\/now-news.de\/de\/deutschland\/bericht-aus-dem-donbass-wie-die-ukraine-den-krieg-begann\/#primaryimage"},"thumbnailUrl":"https:\/\/now-news.de\/de\/wp-content\/uploads\/sites\/3\/2023\/02\/Bericht-aus-dem-Donbass-Wie-die-Ukraine-den-Krieg-begann.jpg","keywords":["aus","begann","Bericht","DEM","den","die","Donbass","krieg","ukraine","Wie"],"articleSection":["Deutschland","Russland"],"inLanguage":"de","potentialAction":[{"@type":"CommentAction","name":"Comment","target":["https:\/\/now-news.de\/de\/deutschland\/bericht-aus-dem-donbass-wie-die-ukraine-den-krieg-begann\/#respond"]}]},{"@type":"WebPage","@id":"https:\/\/now-news.de\/de\/deutschland\/bericht-aus-dem-donbass-wie-die-ukraine-den-krieg-begann\/","url":"https:\/\/now-news.de\/de\/deutschland\/bericht-aus-dem-donbass-wie-die-ukraine-den-krieg-begann\/","name":"Bericht aus dem Donbass: Wie die Ukraine den Krieg begann - just-now.NEWS Deutschland","isPartOf":{"@id":"https:\/\/now-news.de\/de\/#website"},"primaryImageOfPage":{"@id":"https:\/\/now-news.de\/de\/deutschland\/bericht-aus-dem-donbass-wie-die-ukraine-den-krieg-begann\/#primaryimage"},"image":{"@id":"https:\/\/now-news.de\/de\/deutschland\/bericht-aus-dem-donbass-wie-die-ukraine-den-krieg-begann\/#primaryimage"},"thumbnailUrl":"https:\/\/now-news.de\/de\/wp-content\/uploads\/sites\/3\/2023\/02\/Bericht-aus-dem-Donbass-Wie-die-Ukraine-den-Krieg-begann.jpg","datePublished":"2023-02-26T21:32:25+00:00","dateModified":"2023-02-26T21:32:25+00:00","breadcrumb":{"@id":"https:\/\/now-news.de\/de\/deutschland\/bericht-aus-dem-donbass-wie-die-ukraine-den-krieg-begann\/#breadcrumb"},"inLanguage":"de","potentialAction":[{"@type":"ReadAction","target":["https:\/\/now-news.de\/de\/deutschland\/bericht-aus-dem-donbass-wie-die-ukraine-den-krieg-begann\/"]}]},{"@type":"ImageObject","inLanguage":"de","@id":"https:\/\/now-news.de\/de\/deutschland\/bericht-aus-dem-donbass-wie-die-ukraine-den-krieg-begann\/#primaryimage","url":"https:\/\/now-news.de\/de\/wp-content\/uploads\/sites\/3\/2023\/02\/Bericht-aus-dem-Donbass-Wie-die-Ukraine-den-Krieg-begann.jpg","contentUrl":"https:\/\/now-news.de\/de\/wp-content\/uploads\/sites\/3\/2023\/02\/Bericht-aus-dem-Donbass-Wie-die-Ukraine-den-Krieg-begann.jpg","width":460,"height":259,"caption":"Bericht aus dem Donbass: Wie die Ukraine den Krieg begann"},{"@type":"BreadcrumbList","@id":"https:\/\/now-news.de\/de\/deutschland\/bericht-aus-dem-donbass-wie-die-ukraine-den-krieg-begann\/#breadcrumb","itemListElement":[{"@type":"ListItem","position":1,"name":"Home","item":"https:\/\/now-news.de\/de\/"},{"@type":"ListItem","position":2,"name":"Bericht aus dem Donbass: Wie die Ukraine den Krieg begann"}]},{"@type":"WebSite","@id":"https:\/\/now-news.de\/de\/#website","url":"https:\/\/now-news.de\/de\/","name":"just-now.NEWS Deutschland","description":"Das Portal f\u00fcr unzensierte Nachrichten aus der Welt","publisher":{"@id":"https:\/\/now-news.de\/de\/#organization"},"potentialAction":[{"@type":"SearchAction","target":{"@type":"EntryPoint","urlTemplate":"https:\/\/now-news.de\/de\/?s={search_term_string}"},"query-input":"required name=search_term_string"}],"inLanguage":"de"},{"@type":"Organization","@id":"https:\/\/now-news.de\/de\/#organization","name":"Just Now News","url":"https:\/\/now-news.de\/de\/","logo":{"@type":"ImageObject","inLanguage":"de","@id":"https:\/\/now-news.de\/de\/#\/schema\/logo\/image\/","url":"http:\/\/just-now.news\/de\/wp-content\/uploads\/sites\/3\/2022\/04\/logo500x500.jpg","contentUrl":"http:\/\/just-now.news\/de\/wp-content\/uploads\/sites\/3\/2022\/04\/logo500x500.jpg","width":500,"height":500,"caption":"Just Now News"},"image":{"@id":"https:\/\/now-news.de\/de\/#\/schema\/logo\/image\/"},"sameAs":["https:\/\/www.facebook.com\/wirmachenauf","https:\/\/x.com\/WirMachenAuf_de"]},{"@type":"Person","@id":"https:\/\/now-news.de\/de\/#\/schema\/person\/fb534a4e865501d8b3285208df34a9b5","name":"rtnews","image":{"@type":"ImageObject","inLanguage":"de","@id":"https:\/\/now-news.de\/de\/#\/schema\/person\/image\/","url":"https:\/\/secure.gravatar.com\/avatar\/82aafea7d8127119dd649515f56e2117?s=96&d=mm&r=g","contentUrl":"https:\/\/secure.gravatar.com\/avatar\/82aafea7d8127119dd649515f56e2117?s=96&d=mm&r=g","caption":"rtnews"},"url":"https:\/\/now-news.de\/de\/author\/rnews\/"}]}},"_links":{"self":[{"href":"https:\/\/now-news.de\/de\/wp-json\/wp\/v2\/posts\/31199"}],"collection":[{"href":"https:\/\/now-news.de\/de\/wp-json\/wp\/v2\/posts"}],"about":[{"href":"https:\/\/now-news.de\/de\/wp-json\/wp\/v2\/types\/post"}],"author":[{"embeddable":true,"href":"https:\/\/now-news.de\/de\/wp-json\/wp\/v2\/users\/3"}],"replies":[{"embeddable":true,"href":"https:\/\/now-news.de\/de\/wp-json\/wp\/v2\/comments?post=31199"}],"version-history":[{"count":0,"href":"https:\/\/now-news.de\/de\/wp-json\/wp\/v2\/posts\/31199\/revisions"}],"wp:featuredmedia":[{"embeddable":true,"href":"https:\/\/now-news.de\/de\/wp-json\/wp\/v2\/media\/31200"}],"wp:attachment":[{"href":"https:\/\/now-news.de\/de\/wp-json\/wp\/v2\/media?parent=31199"}],"wp:term":[{"taxonomy":"category","embeddable":true,"href":"https:\/\/now-news.de\/de\/wp-json\/wp\/v2\/categories?post=31199"},{"taxonomy":"post_tag","embeddable":true,"href":"https:\/\/now-news.de\/de\/wp-json\/wp\/v2\/tags?post=31199"}],"curies":[{"name":"wp","href":"https:\/\/api.w.org\/{rel}","templated":true}]}}