{"id":31169,"date":"2023-02-26T17:45:21","date_gmt":"2023-02-26T15:45:21","guid":{"rendered":"http:\/\/just-now.news\/de\/deutschland\/trotz-druck-aus-dem-westen-republika-srpska-wehrt-sich-gegen-antirussische-hysterie\/"},"modified":"2023-02-26T17:45:21","modified_gmt":"2023-02-26T15:45:21","slug":"trotz-druck-aus-dem-westen-republika-srpska-wehrt-sich-gegen-antirussische-hysterie","status":"publish","type":"post","link":"https:\/\/now-news.de\/de\/deutschland\/trotz-druck-aus-dem-westen-republika-srpska-wehrt-sich-gegen-antirussische-hysterie\/","title":{"rendered":"Trotz Druck aus dem Westen: Republika Srpska wehrt sich gegen antirussische Hysterie"},"content":{"rendered":"<p><img decoding=\"async\" src=\"http:\/\/just-now.news\/de\/wp-content\/uploads\/sites\/3\/2023\/02\/63fb7dce48fbef0ea93f92a9.jpg\" \/><\/p>\n<div class=\"Text-root Text-type_1 \">\n                Eine hohe Delegation der Republika Srpska, der neben dem Pr\u00e4sidenten der Nationalversammlung Nenad Stevandi\u0107 eine Gruppe von Parlamentariern angeh\u00f6rt, h\u00e4lt sich derzeit in Moskau auf. Geplant sind mehrere Treffen mit hochrangigen russischen Politikern.\n            <\/div>\n<p><\/p>\n<div class=\"Text-root Text-type_5 ArticleView-text ViewText-root \">\n<p><em>Von Marinko U\u010dur<\/em><strong><br \/><\/strong><\/p>\n<p>Angesichts der neu entstandenen Lage, die sich aus der russischen milit\u00e4rischen Sonderoperation in der Ukraine ergibt, weckt dieser Schritt Misstrauen, Besorgnis und sogar offene Kritik seitens des offiziellen Sarajevos und der B\u00fcrokraten der Europ\u00e4ischen Union (EU). Gem\u00e4\u00df dem Br\u00fcsseler Klischee sei der Besuch eine &#8220;Demonstration der Nichteinhaltung nicht nur der Politik der Europ\u00e4ischen Union, sondern auch der Werte der demokratischen Welt, die die russische Aggression gegen die Ukraine auf das Sch\u00e4rfste verurteilte&#8221;, schrieb das EU-B\u00fcro aus Sarajevo, wobei es die Tatsache ignoriert hat, dass die Republika Srpska bereits zuvor entschieden gegen das Verh\u00e4ngen von Sanktionen gegen Russland war, genauso wie man dort auch dagegen ist, im aktuellen Konflikt f\u00fcr eine bestimmte Seite Partei zu ergreifen.<\/p>\n<p>Die offizielle Website des russischen Parlaments ver\u00f6ffentlichte eine Information, wonach sich Stevandi\u0107 mit dem Vorsitzenden der russischen Staatsduma Wjatscheslaw Wolodin getroffen habe und sich bei ihm wegen des &#8220;st\u00e4ndigen Drucks des Westens&#8221; aufgrund der Stellungnahme der Republika Srpska in Bezug auf die spezielle Milit\u00e4roperation Russlands in der Ukraine beschwert habe.<\/p>\n<div class=\"EmbedBlock-root EmbedBlock-twitter\">\n<div class=\"TwitterEmbed\">\n<blockquote class=\"twitter-tweet lazyload\" data-twitter=\"twitter-tweet\">\n<p lang=\"und\" dir=\"ltr\">Do\u010dek parlamentaraca iz Republike Srpske u Dr\u017eavnoj dumi Rusije. <a rel=\"nofollow noopener\" target=\"_blank\" href=\"https:\/\/t.co\/vz3yxfNaG0\">pic.twitter.com\/vz3yxfNaG0<\/a><\/p>\n<p>\u2014 Zoran \u0160arenac (@sarenaczoran) <a rel=\"nofollow noopener\" target=\"_blank\" href=\"https:\/\/twitter.com\/sarenaczoran\/status\/1628331242637623297?ref_src=twsrc%5Etfw\">February 22, 2023<\/a><\/p><\/blockquote>\n<\/div>\n<\/div>\n<p>&#8220;Die Vorw\u00fcrfe aus Sarajevo, die Republika Srpska baue eine Art &#8216;russische Plattform&#8217; auf, sind nicht wahr, und Russland hat so etwas auch nicht gefordert, genauso wie es Banja Luka nicht aufgefordert hat, seinen europ\u00e4ischen Weg aufzugeben&#8221;, sagte der Pr\u00e4sident der Nationalversammlung der Republika Srpska Nenad Stevandi\u0107, der die parlamentarische Delegation bei dem Arbeitsbesuch in Moskau leitet, gegen\u00fcber <em>RT Balkan<\/em>.<\/p>\n<p>W\u00e4hrend ihres Aufenthalts in Moskau befassten sich die Parlamentarier nicht nur mit den langj\u00e4hrigen, traditionell guten Beziehungen zu Russland und der gemeinsamen panslawischen Geschichte, sondern f\u00fchrten auch sehr wichtige Gespr\u00e4che \u00fcber k\u00fcnftige Projekte von gro\u00dfer Bedeutung \u2013 nicht nur f\u00fcr die Republika Srpska, sondern auch f\u00fcr ganz Bosnien und Herzegowina.<\/p>\n<p>&#8220;Wir haben \u00fcber konkrete Projekte im Zusammenhang mit der Gasversorgung der Republika Srpska \u00fcber Serbien gesprochen. Es gab auch Gespr\u00e4che \u00fcber bereits angebahnte Projekte und den Vertrieb unserer Waren auf dem russischen Markt&#8221;, betonte Stevandi\u0107 und f\u00fcgte hinzu, dass beispielsweise Sarajevo den gr\u00f6\u00dften Vorteil aus der Gasversorgung haben werde, das sich so lautstark gegen diese Reise der Delegation des Parlaments der Republika Srpska nach Moskau ausgesprochen hat. In einem Gespr\u00e4ch mit russischen Beamten wiederholte Stevandi\u0107 seine Position, dass die &#8220;Republika Srpska in Bezug auf den Krieg in der Ukraine neutral bleiben, sich aber nicht der antirussischen Hysterie anschlie\u00dfen wird&#8221;.<strong><\/strong><\/p>\n<p>Sarajevo hingegen vertritt die Auffassung, dass die Republika Srpska nachdr\u00fccklich ihr Engagement f\u00fcr Putin zeige und erinnert daran, dass der Pr\u00e4sident der Republika Srpska Milorad Dodik k\u00fcrzlich w\u00e4hrend der Feierlichkeiten zum Tag der Republika Srpska am 9. Januar den russischen Pr\u00e4sidenten Putin mit der h\u00f6chsten Auszeichnung geehrt hatte. Gleichzeitig wird darauf hingewiesen, dass die Beziehungen zwischen der Republika Srpska und Russland eher kulturorientiert als interessensbezogen seien, da sie \u2013 wie ganz Bosnien und Herzegowina \u2013 wirtschaftlich eher vom Westen abh\u00e4ngig sei.<\/p>\n<p>Stevandi\u0107s Besuch in Russland wird als Best\u00e4tigung der prorussischen Politik der Republika Srpska wahrgenommen, weshalb von mehreren westlichen Adressen Aufrufe laut werden, Sanktionen gegen die Republika Srpska zu verh\u00e4ngen und den Zugang zu internationalen Finanzinstitutionen zu beschr\u00e4nken.<\/p>\n<p>Kritiker solch enger Verbindungen zwischen dem russischen und dem serbischen Volk vergessen, dass Moskau bei jeder Gelegenheit Dankbarkeit zum Ausdruck gebracht wird, weil Russland im Jahr 2015 die Annahme der von Gro\u00dfbritannien, den Vereinigten Staaten von Amerika und den L\u00e4ndern der Europ\u00e4ischen Union vorgeschlagenen Resolution des UN-Sicherheitsrates zu Srebrenica, durch die der angebliche V\u00f6lkermord vom Juli 1995 verurteilt werden sollte, blockiert hat.<\/p>\n<p>In einer Situation, in der der Pr\u00e4sident von Serbien Aleksandar Vu\u010di\u0107 der Einzige in Europa ist, der sich der Koh\u00e4renz in seiner Au\u00dfenpolitik r\u00fchmen kann, indem er keine Sanktionen gegen Russland verh\u00e4ngt hat, ist dieser Besuch eindeutig ein &#8220;Stachel im Fleisch&#8221; derer, die das V\u00f6lkerrecht ignorieren, das in der Charta der Vereinten Nationen verankert ist und den Staaten das souver\u00e4ne Recht verleiht, ihre eigenen Interessen frei zu verwirklichen, einschlie\u00dflich ihrer internationalen Kontakte.<\/p>\n<p>Die Europ\u00e4ische Union hat vom offiziellen Sarajevo mehrfach eine &#8220;Angleichung an die europ\u00e4ische Politik&#8221; gefordert, insbesondere seit Bosnien und Herzegowina im Dezember des letzten Jahres der bedingte Status als Kandidat f\u00fcr die EU-Mitgliedschaft gew\u00e4hrt wurde. Es wird darauf bestanden, dass dieses Land russischen B\u00fcrgern das visumfreie Reisen verwehren solle.<\/p>\n<p>Daher ist es wichtig hervorzuheben, dass dieses Land zwar den EU-Sanktionen gegen Russland aufgrund des Krieges in der Ukraine offiziell beigetreten ist, diese aber in der Praxis nicht umsetzt, da der Ministerrat von Bosnien und Herzegowina wegen des Widerstands der Republika Srpska keine Entscheidung dar\u00fcber getroffen hat.<\/p>\n<p><strong>Mehr zum Thema &#8211;<\/strong>\u00a0<a rel=\"nofollow noopener\" target=\"_blank\" href=\"https:\/\/freeassange.rtde.live\/europa\/163740-ungarn-macht-usa-fuer-europaeischen-niedergang-verantwortlich\/\">Ungarn macht USA f\u00fcr den Niedergang Europas verantwortlich<\/a><\/p>\n<\/div>\n<p><script async src=\"https:\/\/platform.twitter.com\/widgets.js\" charset=\"utf-8\"><\/script><br \/>\n<br \/><br \/>\n<br \/><a href=\"https:\/\/de.rt.com\/europa\/163726-republika-srpska-wehrt-sich-gegen-antirussische-hysterie\/\">Source link <\/a><\/p>\n","protected":false},"excerpt":{"rendered":"<p>Eine hohe Delegation der Republika Srpska, der neben dem Pr\u00e4sidenten der Nationalversammlung Nenad Stevandi\u0107 eine Gruppe von Parlamentariern angeh\u00f6rt, h\u00e4lt sich derzeit in Moskau auf. Geplant sind mehrere Treffen mit hochrangigen russischen Politikern. Von Marinko U\u010dur Angesichts der neu entstandenen Lage, die sich aus der russischen milit\u00e4rischen Sonderoperation in der Ukraine ergibt, weckt dieser Schritt [&hellip;]<\/p>\n","protected":false},"author":3,"featured_media":31170,"comment_status":"open","ping_status":"open","sticky":false,"template":"","format":"standard","meta":{"_yoast_indexnow_last_ping":["1677426985"],"wp_automatic_camp":["217"],"2e779a997605807d460b00b923b52ff2":["Trotz Druck aus dem Westen: Republika Srpska wehrt sich gegen antirussische Hysterie"],"original_link":["https:\/\/de.rt.com\/europa\/163726-republika-srpska-wehrt-sich-gegen-antirussische-hysterie\/"],"_thumbnail_id":["31170"],"_wptgpro_p2tg_sent2tg":["a:1:{i:23737;s:19:\"2023-02-26 17:57:38\";}"],"jnews_social_counter_last_update":["1777112092"]},"categories":[19,23],"tags":[20995,679,134,1610,278,23455,33084,434,23823,1381,10521,378],"yoast_head":"<!-- This site is optimized with the Yoast SEO Premium plugin v22.7 (Yoast SEO v22.7) - https:\/\/yoast.com\/wordpress\/plugins\/seo\/ -->\n<title>Trotz Druck aus dem Westen: Republika Srpska wehrt sich gegen antirussische Hysterie - just-now.NEWS Deutschland<\/title>\n<meta name=\"robots\" content=\"index, follow, max-snippet:-1, max-image-preview:large, max-video-preview:-1\" \/>\n<link rel=\"canonical\" href=\"https:\/\/now-news.de\/de\/deutschland\/trotz-druck-aus-dem-westen-republika-srpska-wehrt-sich-gegen-antirussische-hysterie\/\" \/>\n<meta property=\"og:locale\" content=\"de_DE\" \/>\n<meta property=\"og:type\" content=\"article\" \/>\n<meta property=\"og:title\" content=\"Trotz Druck aus dem Westen: Republika Srpska wehrt sich gegen antirussische Hysterie\" \/>\n<meta property=\"og:description\" content=\"Eine hohe Delegation der Republika Srpska, der neben dem Pr\u00e4sidenten der Nationalversammlung Nenad Stevandi\u0107 eine Gruppe von Parlamentariern angeh\u00f6rt, h\u00e4lt sich derzeit in Moskau auf. Geplant sind mehrere Treffen mit hochrangigen russischen Politikern. Von Marinko U\u010dur Angesichts der neu entstandenen Lage, die sich aus der russischen milit\u00e4rischen Sonderoperation in der Ukraine ergibt, weckt dieser Schritt [&hellip;]\" \/>\n<meta property=\"og:url\" content=\"https:\/\/now-news.de\/de\/deutschland\/trotz-druck-aus-dem-westen-republika-srpska-wehrt-sich-gegen-antirussische-hysterie\/\" \/>\n<meta property=\"og:site_name\" content=\"just-now.NEWS Deutschland\" \/>\n<meta property=\"article:publisher\" content=\"https:\/\/www.facebook.com\/wirmachenauf\" \/>\n<meta property=\"article:published_time\" content=\"2023-02-26T15:45:21+00:00\" \/>\n<meta property=\"og:image\" content=\"https:\/\/now-news.de\/de\/wp-content\/uploads\/sites\/3\/2023\/02\/Trotz-Druck-aus-dem-Westen-Republika-Srpska-wehrt-sich-gegen.jpg\" \/>\n\t<meta property=\"og:image:width\" content=\"460\" \/>\n\t<meta property=\"og:image:height\" content=\"259\" \/>\n\t<meta property=\"og:image:type\" content=\"image\/jpeg\" \/>\n<meta name=\"author\" content=\"rtnews\" \/>\n<meta name=\"twitter:card\" content=\"summary_large_image\" \/>\n<meta name=\"twitter:creator\" content=\"@WirMachenAuf_de\" \/>\n<meta name=\"twitter:site\" content=\"@WirMachenAuf_de\" \/>\n<meta name=\"twitter:label1\" content=\"Verfasst von\" \/>\n\t<meta name=\"twitter:data1\" content=\"rtnews\" \/>\n\t<meta name=\"twitter:label2\" content=\"Gesch\u00e4tzte Lesezeit\" \/>\n\t<meta name=\"twitter:data2\" content=\"4\u00a0Minuten\" \/>\n<script type=\"application\/ld+json\" class=\"yoast-schema-graph\">{\"@context\":\"https:\/\/schema.org\",\"@graph\":[{\"@type\":\"Article\",\"@id\":\"https:\/\/now-news.de\/de\/deutschland\/trotz-druck-aus-dem-westen-republika-srpska-wehrt-sich-gegen-antirussische-hysterie\/#article\",\"isPartOf\":{\"@id\":\"https:\/\/now-news.de\/de\/deutschland\/trotz-druck-aus-dem-westen-republika-srpska-wehrt-sich-gegen-antirussische-hysterie\/\"},\"author\":{\"name\":\"rtnews\",\"@id\":\"https:\/\/now-news.de\/de\/#\/schema\/person\/fb534a4e865501d8b3285208df34a9b5\"},\"headline\":\"Trotz Druck aus dem Westen: Republika Srpska wehrt sich gegen antirussische Hysterie\",\"datePublished\":\"2023-02-26T15:45:21+00:00\",\"dateModified\":\"2023-02-26T15:45:21+00:00\",\"mainEntityOfPage\":{\"@id\":\"https:\/\/now-news.de\/de\/deutschland\/trotz-druck-aus-dem-westen-republika-srpska-wehrt-sich-gegen-antirussische-hysterie\/\"},\"wordCount\":863,\"commentCount\":0,\"publisher\":{\"@id\":\"https:\/\/now-news.de\/de\/#organization\"},\"image\":{\"@id\":\"https:\/\/now-news.de\/de\/deutschland\/trotz-druck-aus-dem-westen-republika-srpska-wehrt-sich-gegen-antirussische-hysterie\/#primaryimage\"},\"thumbnailUrl\":\"https:\/\/now-news.de\/de\/wp-content\/uploads\/sites\/3\/2023\/02\/Trotz-Druck-aus-dem-Westen-Republika-Srpska-wehrt-sich-gegen.jpg\",\"keywords\":[\"antirussische\",\"aus\",\"DEM\",\"Druck\",\"gegen\",\"Hysterie\",\"Republika\",\"sich\",\"Srpska\",\"Trotz\",\"wehrt\",\"Westen\"],\"articleSection\":[\"Deutschland\",\"Russland\"],\"inLanguage\":\"de\",\"potentialAction\":[{\"@type\":\"CommentAction\",\"name\":\"Comment\",\"target\":[\"https:\/\/now-news.de\/de\/deutschland\/trotz-druck-aus-dem-westen-republika-srpska-wehrt-sich-gegen-antirussische-hysterie\/#respond\"]}]},{\"@type\":\"WebPage\",\"@id\":\"https:\/\/now-news.de\/de\/deutschland\/trotz-druck-aus-dem-westen-republika-srpska-wehrt-sich-gegen-antirussische-hysterie\/\",\"url\":\"https:\/\/now-news.de\/de\/deutschland\/trotz-druck-aus-dem-westen-republika-srpska-wehrt-sich-gegen-antirussische-hysterie\/\",\"name\":\"Trotz Druck aus dem Westen: Republika Srpska wehrt sich gegen antirussische Hysterie - just-now.NEWS Deutschland\",\"isPartOf\":{\"@id\":\"https:\/\/now-news.de\/de\/#website\"},\"primaryImageOfPage\":{\"@id\":\"https:\/\/now-news.de\/de\/deutschland\/trotz-druck-aus-dem-westen-republika-srpska-wehrt-sich-gegen-antirussische-hysterie\/#primaryimage\"},\"image\":{\"@id\":\"https:\/\/now-news.de\/de\/deutschland\/trotz-druck-aus-dem-westen-republika-srpska-wehrt-sich-gegen-antirussische-hysterie\/#primaryimage\"},\"thumbnailUrl\":\"https:\/\/now-news.de\/de\/wp-content\/uploads\/sites\/3\/2023\/02\/Trotz-Druck-aus-dem-Westen-Republika-Srpska-wehrt-sich-gegen.jpg\",\"datePublished\":\"2023-02-26T15:45:21+00:00\",\"dateModified\":\"2023-02-26T15:45:21+00:00\",\"breadcrumb\":{\"@id\":\"https:\/\/now-news.de\/de\/deutschland\/trotz-druck-aus-dem-westen-republika-srpska-wehrt-sich-gegen-antirussische-hysterie\/#breadcrumb\"},\"inLanguage\":\"de\",\"potentialAction\":[{\"@type\":\"ReadAction\",\"target\":[\"https:\/\/now-news.de\/de\/deutschland\/trotz-druck-aus-dem-westen-republika-srpska-wehrt-sich-gegen-antirussische-hysterie\/\"]}]},{\"@type\":\"ImageObject\",\"inLanguage\":\"de\",\"@id\":\"https:\/\/now-news.de\/de\/deutschland\/trotz-druck-aus-dem-westen-republika-srpska-wehrt-sich-gegen-antirussische-hysterie\/#primaryimage\",\"url\":\"https:\/\/now-news.de\/de\/wp-content\/uploads\/sites\/3\/2023\/02\/Trotz-Druck-aus-dem-Westen-Republika-Srpska-wehrt-sich-gegen.jpg\",\"contentUrl\":\"https:\/\/now-news.de\/de\/wp-content\/uploads\/sites\/3\/2023\/02\/Trotz-Druck-aus-dem-Westen-Republika-Srpska-wehrt-sich-gegen.jpg\",\"width\":460,\"height\":259,\"caption\":\"Trotz Druck aus dem Westen: Republika Srpska wehrt sich gegen antirussische Hysterie\"},{\"@type\":\"BreadcrumbList\",\"@id\":\"https:\/\/now-news.de\/de\/deutschland\/trotz-druck-aus-dem-westen-republika-srpska-wehrt-sich-gegen-antirussische-hysterie\/#breadcrumb\",\"itemListElement\":[{\"@type\":\"ListItem\",\"position\":1,\"name\":\"Home\",\"item\":\"https:\/\/now-news.de\/de\/\"},{\"@type\":\"ListItem\",\"position\":2,\"name\":\"Trotz Druck aus dem Westen: Republika Srpska wehrt sich gegen antirussische Hysterie\"}]},{\"@type\":\"WebSite\",\"@id\":\"https:\/\/now-news.de\/de\/#website\",\"url\":\"https:\/\/now-news.de\/de\/\",\"name\":\"just-now.NEWS Deutschland\",\"description\":\"Das Portal f\u00fcr unzensierte Nachrichten aus der Welt\",\"publisher\":{\"@id\":\"https:\/\/now-news.de\/de\/#organization\"},\"potentialAction\":[{\"@type\":\"SearchAction\",\"target\":{\"@type\":\"EntryPoint\",\"urlTemplate\":\"https:\/\/now-news.de\/de\/?s={search_term_string}\"},\"query-input\":\"required name=search_term_string\"}],\"inLanguage\":\"de\"},{\"@type\":\"Organization\",\"@id\":\"https:\/\/now-news.de\/de\/#organization\",\"name\":\"Just Now News\",\"url\":\"https:\/\/now-news.de\/de\/\",\"logo\":{\"@type\":\"ImageObject\",\"inLanguage\":\"de\",\"@id\":\"https:\/\/now-news.de\/de\/#\/schema\/logo\/image\/\",\"url\":\"http:\/\/just-now.news\/de\/wp-content\/uploads\/sites\/3\/2022\/04\/logo500x500.jpg\",\"contentUrl\":\"http:\/\/just-now.news\/de\/wp-content\/uploads\/sites\/3\/2022\/04\/logo500x500.jpg\",\"width\":500,\"height\":500,\"caption\":\"Just Now News\"},\"image\":{\"@id\":\"https:\/\/now-news.de\/de\/#\/schema\/logo\/image\/\"},\"sameAs\":[\"https:\/\/www.facebook.com\/wirmachenauf\",\"https:\/\/x.com\/WirMachenAuf_de\"]},{\"@type\":\"Person\",\"@id\":\"https:\/\/now-news.de\/de\/#\/schema\/person\/fb534a4e865501d8b3285208df34a9b5\",\"name\":\"rtnews\",\"image\":{\"@type\":\"ImageObject\",\"inLanguage\":\"de\",\"@id\":\"https:\/\/now-news.de\/de\/#\/schema\/person\/image\/\",\"url\":\"https:\/\/secure.gravatar.com\/avatar\/82aafea7d8127119dd649515f56e2117?s=96&d=mm&r=g\",\"contentUrl\":\"https:\/\/secure.gravatar.com\/avatar\/82aafea7d8127119dd649515f56e2117?s=96&d=mm&r=g\",\"caption\":\"rtnews\"},\"url\":\"https:\/\/now-news.de\/de\/author\/rnews\/\"}]}<\/script>\n<!-- \/ Yoast SEO Premium plugin. -->","yoast_head_json":{"title":"Trotz Druck aus dem Westen: Republika Srpska wehrt sich gegen antirussische Hysterie - just-now.NEWS Deutschland","robots":{"index":"index","follow":"follow","max-snippet":"max-snippet:-1","max-image-preview":"max-image-preview:large","max-video-preview":"max-video-preview:-1"},"canonical":"https:\/\/now-news.de\/de\/deutschland\/trotz-druck-aus-dem-westen-republika-srpska-wehrt-sich-gegen-antirussische-hysterie\/","og_locale":"de_DE","og_type":"article","og_title":"Trotz Druck aus dem Westen: Republika Srpska wehrt sich gegen antirussische Hysterie","og_description":"Eine hohe Delegation der Republika Srpska, der neben dem Pr\u00e4sidenten der Nationalversammlung Nenad Stevandi\u0107 eine Gruppe von Parlamentariern angeh\u00f6rt, h\u00e4lt sich derzeit in Moskau auf. Geplant sind mehrere Treffen mit hochrangigen russischen Politikern. Von Marinko U\u010dur Angesichts der neu entstandenen Lage, die sich aus der russischen milit\u00e4rischen Sonderoperation in der Ukraine ergibt, weckt dieser Schritt [&hellip;]","og_url":"https:\/\/now-news.de\/de\/deutschland\/trotz-druck-aus-dem-westen-republika-srpska-wehrt-sich-gegen-antirussische-hysterie\/","og_site_name":"just-now.NEWS Deutschland","article_publisher":"https:\/\/www.facebook.com\/wirmachenauf","article_published_time":"2023-02-26T15:45:21+00:00","og_image":[{"width":460,"height":259,"url":"https:\/\/now-news.de\/de\/wp-content\/uploads\/sites\/3\/2023\/02\/Trotz-Druck-aus-dem-Westen-Republika-Srpska-wehrt-sich-gegen.jpg","type":"image\/jpeg"}],"author":"rtnews","twitter_card":"summary_large_image","twitter_creator":"@WirMachenAuf_de","twitter_site":"@WirMachenAuf_de","twitter_misc":{"Verfasst von":"rtnews","Gesch\u00e4tzte Lesezeit":"4\u00a0Minuten"},"schema":{"@context":"https:\/\/schema.org","@graph":[{"@type":"Article","@id":"https:\/\/now-news.de\/de\/deutschland\/trotz-druck-aus-dem-westen-republika-srpska-wehrt-sich-gegen-antirussische-hysterie\/#article","isPartOf":{"@id":"https:\/\/now-news.de\/de\/deutschland\/trotz-druck-aus-dem-westen-republika-srpska-wehrt-sich-gegen-antirussische-hysterie\/"},"author":{"name":"rtnews","@id":"https:\/\/now-news.de\/de\/#\/schema\/person\/fb534a4e865501d8b3285208df34a9b5"},"headline":"Trotz Druck aus dem Westen: Republika Srpska wehrt sich gegen antirussische Hysterie","datePublished":"2023-02-26T15:45:21+00:00","dateModified":"2023-02-26T15:45:21+00:00","mainEntityOfPage":{"@id":"https:\/\/now-news.de\/de\/deutschland\/trotz-druck-aus-dem-westen-republika-srpska-wehrt-sich-gegen-antirussische-hysterie\/"},"wordCount":863,"commentCount":0,"publisher":{"@id":"https:\/\/now-news.de\/de\/#organization"},"image":{"@id":"https:\/\/now-news.de\/de\/deutschland\/trotz-druck-aus-dem-westen-republika-srpska-wehrt-sich-gegen-antirussische-hysterie\/#primaryimage"},"thumbnailUrl":"https:\/\/now-news.de\/de\/wp-content\/uploads\/sites\/3\/2023\/02\/Trotz-Druck-aus-dem-Westen-Republika-Srpska-wehrt-sich-gegen.jpg","keywords":["antirussische","aus","DEM","Druck","gegen","Hysterie","Republika","sich","Srpska","Trotz","wehrt","Westen"],"articleSection":["Deutschland","Russland"],"inLanguage":"de","potentialAction":[{"@type":"CommentAction","name":"Comment","target":["https:\/\/now-news.de\/de\/deutschland\/trotz-druck-aus-dem-westen-republika-srpska-wehrt-sich-gegen-antirussische-hysterie\/#respond"]}]},{"@type":"WebPage","@id":"https:\/\/now-news.de\/de\/deutschland\/trotz-druck-aus-dem-westen-republika-srpska-wehrt-sich-gegen-antirussische-hysterie\/","url":"https:\/\/now-news.de\/de\/deutschland\/trotz-druck-aus-dem-westen-republika-srpska-wehrt-sich-gegen-antirussische-hysterie\/","name":"Trotz Druck aus dem Westen: Republika Srpska wehrt sich gegen antirussische Hysterie - just-now.NEWS Deutschland","isPartOf":{"@id":"https:\/\/now-news.de\/de\/#website"},"primaryImageOfPage":{"@id":"https:\/\/now-news.de\/de\/deutschland\/trotz-druck-aus-dem-westen-republika-srpska-wehrt-sich-gegen-antirussische-hysterie\/#primaryimage"},"image":{"@id":"https:\/\/now-news.de\/de\/deutschland\/trotz-druck-aus-dem-westen-republika-srpska-wehrt-sich-gegen-antirussische-hysterie\/#primaryimage"},"thumbnailUrl":"https:\/\/now-news.de\/de\/wp-content\/uploads\/sites\/3\/2023\/02\/Trotz-Druck-aus-dem-Westen-Republika-Srpska-wehrt-sich-gegen.jpg","datePublished":"2023-02-26T15:45:21+00:00","dateModified":"2023-02-26T15:45:21+00:00","breadcrumb":{"@id":"https:\/\/now-news.de\/de\/deutschland\/trotz-druck-aus-dem-westen-republika-srpska-wehrt-sich-gegen-antirussische-hysterie\/#breadcrumb"},"inLanguage":"de","potentialAction":[{"@type":"ReadAction","target":["https:\/\/now-news.de\/de\/deutschland\/trotz-druck-aus-dem-westen-republika-srpska-wehrt-sich-gegen-antirussische-hysterie\/"]}]},{"@type":"ImageObject","inLanguage":"de","@id":"https:\/\/now-news.de\/de\/deutschland\/trotz-druck-aus-dem-westen-republika-srpska-wehrt-sich-gegen-antirussische-hysterie\/#primaryimage","url":"https:\/\/now-news.de\/de\/wp-content\/uploads\/sites\/3\/2023\/02\/Trotz-Druck-aus-dem-Westen-Republika-Srpska-wehrt-sich-gegen.jpg","contentUrl":"https:\/\/now-news.de\/de\/wp-content\/uploads\/sites\/3\/2023\/02\/Trotz-Druck-aus-dem-Westen-Republika-Srpska-wehrt-sich-gegen.jpg","width":460,"height":259,"caption":"Trotz Druck aus dem Westen: Republika Srpska wehrt sich gegen antirussische Hysterie"},{"@type":"BreadcrumbList","@id":"https:\/\/now-news.de\/de\/deutschland\/trotz-druck-aus-dem-westen-republika-srpska-wehrt-sich-gegen-antirussische-hysterie\/#breadcrumb","itemListElement":[{"@type":"ListItem","position":1,"name":"Home","item":"https:\/\/now-news.de\/de\/"},{"@type":"ListItem","position":2,"name":"Trotz Druck aus dem Westen: Republika Srpska wehrt sich gegen antirussische Hysterie"}]},{"@type":"WebSite","@id":"https:\/\/now-news.de\/de\/#website","url":"https:\/\/now-news.de\/de\/","name":"just-now.NEWS Deutschland","description":"Das Portal f\u00fcr unzensierte Nachrichten aus der Welt","publisher":{"@id":"https:\/\/now-news.de\/de\/#organization"},"potentialAction":[{"@type":"SearchAction","target":{"@type":"EntryPoint","urlTemplate":"https:\/\/now-news.de\/de\/?s={search_term_string}"},"query-input":"required name=search_term_string"}],"inLanguage":"de"},{"@type":"Organization","@id":"https:\/\/now-news.de\/de\/#organization","name":"Just Now News","url":"https:\/\/now-news.de\/de\/","logo":{"@type":"ImageObject","inLanguage":"de","@id":"https:\/\/now-news.de\/de\/#\/schema\/logo\/image\/","url":"http:\/\/just-now.news\/de\/wp-content\/uploads\/sites\/3\/2022\/04\/logo500x500.jpg","contentUrl":"http:\/\/just-now.news\/de\/wp-content\/uploads\/sites\/3\/2022\/04\/logo500x500.jpg","width":500,"height":500,"caption":"Just Now News"},"image":{"@id":"https:\/\/now-news.de\/de\/#\/schema\/logo\/image\/"},"sameAs":["https:\/\/www.facebook.com\/wirmachenauf","https:\/\/x.com\/WirMachenAuf_de"]},{"@type":"Person","@id":"https:\/\/now-news.de\/de\/#\/schema\/person\/fb534a4e865501d8b3285208df34a9b5","name":"rtnews","image":{"@type":"ImageObject","inLanguage":"de","@id":"https:\/\/now-news.de\/de\/#\/schema\/person\/image\/","url":"https:\/\/secure.gravatar.com\/avatar\/82aafea7d8127119dd649515f56e2117?s=96&d=mm&r=g","contentUrl":"https:\/\/secure.gravatar.com\/avatar\/82aafea7d8127119dd649515f56e2117?s=96&d=mm&r=g","caption":"rtnews"},"url":"https:\/\/now-news.de\/de\/author\/rnews\/"}]}},"_links":{"self":[{"href":"https:\/\/now-news.de\/de\/wp-json\/wp\/v2\/posts\/31169"}],"collection":[{"href":"https:\/\/now-news.de\/de\/wp-json\/wp\/v2\/posts"}],"about":[{"href":"https:\/\/now-news.de\/de\/wp-json\/wp\/v2\/types\/post"}],"author":[{"embeddable":true,"href":"https:\/\/now-news.de\/de\/wp-json\/wp\/v2\/users\/3"}],"replies":[{"embeddable":true,"href":"https:\/\/now-news.de\/de\/wp-json\/wp\/v2\/comments?post=31169"}],"version-history":[{"count":0,"href":"https:\/\/now-news.de\/de\/wp-json\/wp\/v2\/posts\/31169\/revisions"}],"wp:featuredmedia":[{"embeddable":true,"href":"https:\/\/now-news.de\/de\/wp-json\/wp\/v2\/media\/31170"}],"wp:attachment":[{"href":"https:\/\/now-news.de\/de\/wp-json\/wp\/v2\/media?parent=31169"}],"wp:term":[{"taxonomy":"category","embeddable":true,"href":"https:\/\/now-news.de\/de\/wp-json\/wp\/v2\/categories?post=31169"},{"taxonomy":"post_tag","embeddable":true,"href":"https:\/\/now-news.de\/de\/wp-json\/wp\/v2\/tags?post=31169"}],"curies":[{"name":"wp","href":"https:\/\/api.w.org\/{rel}","templated":true}]}}