{"id":31135,"date":"2023-02-25T22:26:26","date_gmt":"2023-02-25T20:26:26","guid":{"rendered":"https:\/\/just-now.news\/de\/deutschland\/ruf-nach-verfassungsschutz-habeck-und-neubauer-gegen-wagenknecht-und-schwarzer\/"},"modified":"2023-02-25T22:26:26","modified_gmt":"2023-02-25T20:26:26","slug":"ruf-nach-verfassungsschutz-habeck-und-neubauer-gegen-wagenknecht-und-schwarzer","status":"publish","type":"post","link":"https:\/\/now-news.de\/de\/deutschland\/ruf-nach-verfassungsschutz-habeck-und-neubauer-gegen-wagenknecht-und-schwarzer\/","title":{"rendered":"Ruf nach &quot;Verfassungsschutz&quot;: Habeck und Neubauer gegen Wagenknecht und Schwarzer"},"content":{"rendered":"<p><img decoding=\"async\" src=\"http:\/\/just-now.news\/de\/wp-content\/uploads\/sites\/3\/2023\/02\/63fa2f8448fbef0d191fee1b.jpg\" \/><\/p>\n<div class=\"Text-root Text-type_1 \">\n                Wie in der &#8220;Nachr\u00fcstungsdebatte&#8221; der 1980er-Jahre CDU\/CSU die Friedensbewegung als Helfershelfer der Sowjetunion und ferngesteuert aus Moskau zu diskreditieren suchten, so diffamiert nun Robert Habeck (Gr\u00fcne) die Friedenskundgebung von Sahra Wagenknecht und Alice Schwarzer als &#8220;Irref\u00fchrung&#8221;. Und der Ruf nach dem &#8220;Verfassungsschutz&#8221; folgt sogleich.\n            <\/div>\n<p><\/p>\n<div class=\"Text-root Text-type_5 ArticleView-text ViewText-root \">\n<p>W\u00e4hrend das &#8220;<a rel=\"nofollow noopener\" target=\"_blank\" href=\"https:\/\/www.change.org\/p\/manifest-f%C3%BCr-frieden\">Manifest f\u00fcr den Frieden<\/a>&#8221; von Alice Schwarzer und Sahra Wagenknecht am 24. Februar weit \u00fcber 600.000 Unterzeichner gefunden hatte und sich abzeichnete, dass die von beiden Initiatorinnen zusammen mit Ex-Brigadegeneral Erich Vad angek\u00fcndigte Kundgebung am Brandenburger Tor gro\u00dfen Zulauf erhalten wird, scheint im politischen und medialen Berlin die Sorge vor einer neuen, starken Friedensbewegung zu steigen.<\/p>\n<p><strong>Gr\u00fcnes Mantra: &#8220;Politische Irref\u00fchrung der Bev\u00f6lkerung&#8221;<\/strong><\/p>\n<p>Insbesondere aus der Partei der Gr\u00fcnen \u2013 etwa von Anton <a rel=\"nofollow noopener\" target=\"_blank\" href=\"https:\/\/www.youtube.com\/watch?v=GkKrfdR9XGg\">Hofreiter<\/a> \u2013 kommt seit Tagen harsche Kritik an jeglichen Friedensbem\u00fchungen. So wandte sich nicht zuletzt Wirtschafts- und Klimaschutzminister Robert <a rel=\"nofollow noopener\" target=\"_blank\" href=\"https:\/\/freeassange.rtde.life\/inland\/163855-ich-vollidiot-robert-habeck-stellt\/\">Habeck<\/a> (Gr\u00fcne) in scharfen Worten gegen die Friedensinitiative von Schwarzer und Wagenknecht. Bereits am Donnerstag hatte der Gr\u00fcnen-Politiker erkl\u00e4rt, dass &#8220;Russland nur auf dem Schlachtfeld in die Knie gezwungen&#8221; werden k\u00f6nne. Am Vorabend der Berliner Kundgebung meinte der Klimapolitiker in einem <em>Brennpunkt<\/em> der <em>ARD<\/em>, die &#8220;Bev\u00f6lkerung&#8221; warnen zu m\u00fcssen, und <a rel=\"nofollow noopener\" target=\"_blank\" href=\"https:\/\/www.daserste.de\/information\/nachrichten-wetter\/brennpunkt\/videosextern\/brennpunkt-krieg-gegen-die-ukraine-240.html\">erkl\u00e4rte<\/a> sichtlich erregt:<\/p>\n<blockquote>\n<p><em>&#8220;Jeder, der bei Sinn und Verstand ist, w\u00fcnscht sich Frieden. Aber was diese Gruppe, was Sahra Wagenknecht und die ihr folgenden Leute machen, ist nicht, einen Frieden zu wollen, sondern einen Frieden, den ein Diktator, ein imperialistischer Diktator Europa aufzwingt, als Frieden zu verkaufen. Und das w\u00e4re nur der neue Eintritt in die n\u00e4chsten kriegerischen Handlungen. Wenn sich das durchsetzt, ist das eine Einladung an Putin, die n\u00e4chsten L\u00e4nder zu \u00fcberfallen, an alle Irren dieser Welt, die Grenzen mit Waffengewalt zu verschieben. Das ist kein Frieden! Das ist eine Schim\u00e4re, die da aufgebaut wird. Das ist eine politische Irref\u00fchrung der Bev\u00f6lkerung. Es ist nicht richtig, was diese beiden Damen sagen.&#8221;<\/em><\/p>\n<\/blockquote>\n<p>Auch <em>ARD<\/em>-Ukraine-Korrepondent <a rel=\"nofollow noopener\" target=\"_blank\" href=\"https:\/\/www.vassiligolod.de\/\">Vassili Golod<\/a> machte eigens auf seinem Twitter-Kanal auf die Sendung aufmerksam \u2013 und gab den Kern von Habecks Aussage nochmals wieder.<\/p>\n<div class=\"EmbedBlock-root EmbedBlock-twitter\">\n<div class=\"TwitterEmbed\">\n<blockquote class=\"twitter-tweet lazyload\" data-twitter=\"twitter-tweet\">\n<p lang=\"de\" dir=\"ltr\">Was Wagenknecht &amp; Co. machen, sei \u201eeine politische Irref\u00fchrung der Bev\u00f6lkerung\u201c, sagt Vize-Kanzler Habeck. \u201eWenn sich das durchsetzt, ist das eine Einladung an Putin, die n\u00e4chsten L\u00e4nder zu \u00fcberfallen. An alle Irren dieser Welt, die Grenzen mit Waffengewalt zu verschieben.\u201c <a rel=\"nofollow noopener\" target=\"_blank\" href=\"https:\/\/t.co\/8cmhhhpitW\">pic.twitter.com\/8cmhhhpitW<\/a><\/p>\n<p>\u2014 Vassili Golod (@VassiliGolod) <a rel=\"nofollow noopener\" target=\"_blank\" href=\"https:\/\/twitter.com\/VassiliGolod\/status\/1629403591071891456?ref_src=twsrc%5Etfw\">February 25, 2023<\/a><\/p><\/blockquote>\n<\/div>\n<\/div>\n<p><strong>Verbindung zwischen Krieg in der Ukraine und &#8220;Klimanotstand&#8221;<\/strong><\/p>\n<p>Am Vorabend von Wagenknechts und Schwarzers &#8220;Aufstand f\u00fcr den Frieden&#8221; hatte die &#8220;Klimaschutz-Aktivistin&#8221; Luisa Neubauer (Gr\u00fcne) <a rel=\"nofollow noopener\" target=\"_blank\" href=\"https:\/\/twitter.com\/Luisamneubauer\/status\/1629103537794826240\">behauptet<\/a>, dass von fossilen Brennstoffen eine einzige und unmittelbare Gefahr f\u00fcr &#8220;unsere Demokratien, unsere Volkswirtschaften, unseren Frieden&#8221; ausgehe.<\/p>\n<p>Deutschland habe mehr als jedes andere Land fossile Energietr\u00e4ger aus Russland importiert. Nun beobachte man die &#8220;Invasion Putins in die Ukraine&#8221;, die durch eine &#8220;Kriegsmaschine, die auf fossilen Brennstoffen basiert, erm\u00f6glicht&#8221; worden sei. L\u00e4nder wie Deutschland h\u00e4tten daf\u00fcr bezahlt.<\/p>\n<div class=\"EmbedBlock-root EmbedBlock-twitter\">\n<div class=\"TwitterEmbed\">\n<blockquote class=\"twitter-tweet lazyload\" data-twitter=\"twitter-tweet\">\n<p lang=\"de\" dir=\"ltr\">Es h\u00e4ngt alles zusammen. No peace, no climate justice. <a rel=\"nofollow noopener\" target=\"_blank\" href=\"https:\/\/twitter.com\/hashtag\/StandWithUkraine?src=hash&amp;ref_src=twsrc%5Etfw\">#StandWithUkraine<\/a><a rel=\"nofollow noopener\" target=\"_blank\" href=\"https:\/\/t.co\/XX2LR2ixif\">pic.twitter.com\/XX2LR2ixif<\/a><\/p>\n<p>\u2014 Luisa Neubauer (@Luisamneubauer) <a rel=\"nofollow noopener\" target=\"_blank\" href=\"https:\/\/twitter.com\/Luisamneubauer\/status\/1629103537794826240?ref_src=twsrc%5Etfw\">February 24, 2023<\/a><\/p><\/blockquote>\n<\/div>\n<\/div>\n<p>Auf der proukrainischen Kundgebung am 24. Februar <a rel=\"nofollow noopener\" target=\"_blank\" href=\"https:\/\/twitter.com\/MaxZeising\/status\/1629180748237312001\">deklarierte<\/a> Neubauer, es seit notwendig, mit der Ukraine solidarisch zu bleiben &#8220;bis zum Ende, solange es notwendig ist&#8221;. Mit der Kundgebung entscheide man sich in Berlin &#8220;gegen Hetze, gegen Populismus, gegen Opportunismus, gegen diese unertr\u00e4gliche Selbstgerechtigkeit&#8221;.<\/p>\n<div class=\"EmbedBlock-root EmbedBlock-twitter\">\n<div class=\"TwitterEmbed\">\n<blockquote class=\"twitter-tweet lazyload\" data-twitter=\"twitter-tweet\">\n<p lang=\"de\" dir=\"ltr\">Starke Worte von <a rel=\"nofollow noopener\" target=\"_blank\" href=\"https:\/\/twitter.com\/Luisamneubauer?ref_src=twsrc%5Etfw\">@Luisamneubauer<\/a> bei <a rel=\"nofollow noopener\" target=\"_blank\" href=\"https:\/\/twitter.com\/hashtag\/FullScaleFreedom?src=hash&amp;ref_src=twsrc%5Etfw\">#FullScaleFreedom<\/a>:&#8221;F\u00fcr einen Frieden, der was meint, der was wert ist, und von dem wir wissen, dass er einen Preis hat, und wir sind auch hier, weil wir wissen, dass wir bereit sind, ihn zu zahlen.&#8221;<a rel=\"nofollow noopener\" target=\"_blank\" href=\"https:\/\/twitter.com\/hashtag\/b2402?src=hash&amp;ref_src=twsrc%5Etfw\">#b2402<\/a><a rel=\"nofollow noopener\" target=\"_blank\" href=\"https:\/\/twitter.com\/hashtag\/Ukraine?src=hash&amp;ref_src=twsrc%5Etfw\">#Ukraine<\/a><a rel=\"nofollow noopener\" target=\"_blank\" href=\"https:\/\/t.co\/QwLa4S0v0c\">pic.twitter.com\/QwLa4S0v0c<\/a><\/p>\n<p>\u2014 Max Zeising (@MaxZeising) <a rel=\"nofollow noopener\" target=\"_blank\" href=\"https:\/\/twitter.com\/MaxZeising\/status\/1629180748237312001?ref_src=twsrc%5Etfw\">February 24, 2023<\/a><\/p><\/blockquote>\n<\/div>\n<\/div>\n<p>In Berlin zeige man &#8220;echte Haltung&#8221; und beweise &#8220;echte Solidarit\u00e4t&#8221;. Und Neubauer fuhr nicht ohne Pathos fort:<\/p>\n<blockquote>\n<p><em>&#8220;Heute entscheiden wir uns f\u00fcr offene Arme und offene Herzen und echtes, ja ein echtes Ja zur Ukraine und zu allen Menschen, die dort, hier und \u00fcberall unter Putin leiden m\u00fcssen. Wir entscheiden uns heute hier f\u00fcr einen Frieden, der was meint, der was wert ist und von dem wir wissen, dass er einen Preis hat. Und wir sind auch hier, weil wir wissen, dass wir bereit sind, ihn zu zahlen.&#8221;<\/em><\/p>\n<\/blockquote>\n<p><strong>Rufmord eines &#8220;Journalisten&#8221;<\/strong><\/p>\n<p>Ein weiteres Element der Diffamierung der Friedensinitiative von Schwarzer und Wagenknecht war seit Wochen der Vorwurf, Aufruf und Kundgebung grenzten sich nicht oder nicht klar genug gegen &#8220;Rechts&#8221; ab, sondern leisteten vielmehr einer imaginierten &#8220;Querfront&#8221; Vorschub. In diesem Sinne <a rel=\"nofollow noopener\" target=\"_blank\" href=\"https:\/\/www.rnd.de\/politik\/warum-sahra-wagenknecht-eine-gefahr-fuer-die-demokratie-in-deutschland-ist-X6HYR7QBSNBEXOUXFOLYDU63TI.html\">verstieg<\/a> sich heute das der SPD nahestehende <em>Redaktionsnetzwerk Deutschland<\/em> zu der Behauptung, Wagenknecht stelle eine &#8220;Gefahr f\u00fcr die Demokratie in Deutschland&#8221; dar. Anschlussf\u00e4hig an die Argumentation der Gr\u00fcnen, hie\u00df es in dem Artikel, Wagenknecht gehe es in Wahrheit gar nicht um den Frieden in der Ukraine, sondern &#8220;um etwas ganz anderes&#8221;.<\/p>\n<p>Der Artikel bietet die ganze Palette infamer Anw\u00fcrfe und sachlicher Verdrehungen auf, um Wagenknecht als Politikerin und Person vollst\u00e4ndig zu diskreditieren. Darin wird nicht nur die immer wieder behauptete N\u00e4he Wagenknechts zur AfD, sondern nun auch eine zur NPD konstruiert. Wagenknecht bewege sich in &#8220;radikalen Kreisen&#8221;, raunt der Autor. Ihre Sicht auf den Ukraine-Konflikt sei &#8220;nahe an der Notwehrerz\u00e4hlung&#8221; Putins, wie aus ihrem Interview mit den &#8220;sogenannten&#8221;<em> NachDenkSeiten<\/em> hervorgehe.<\/p>\n<p>Um die N\u00e4he zur extremen Rechten zu untermauern, wird Wagenknecht eine Traditionslinie zum Faschismus angedichtet, wobei m\u00f6gliche Konnotationen des aus dem NS-Vokabular stammenden Gefolgschaftsbegriffs evoziert werden:<\/p>\n<blockquote>\n<p><em>&#8220;Sie erwartet Gefolgschaft. Wagenknechts \u00dcberzeugungen und ihre Art des Vorgehens sind autorit\u00e4r.&#8221;<\/em><\/p>\n<\/blockquote>\n<p>In dem Artikel wird Wagenknecht schlie\u00dflich zu einem Fall f\u00fcr den Inlandsgeheimdienst gemacht, den &#8220;Verfassungsschutz&#8221;, indem behauptet wird:<\/p>\n<blockquote>\n<p><em>&#8220;Es geht ihr um die Zerst\u00f6rung der Demokratie. Wagenknecht ist ihre in Deutschland wohl einflussreichste Feindin.&#8221;<\/em><\/p>\n<\/blockquote>\n<p>Man d\u00fcrfe die &#8220;Wirkung&#8221; der &#8220;Hinterb\u00e4nklerin&#8221; nicht untersch\u00e4tzen, denn ihre &#8220;Mischung aus Intelligenz und Ruchlosigkeit&#8221; finde &#8220;Anklang bis weit in b\u00fcrgerliche Kreise hinein&#8221;.<\/p>\n<p><strong>Mehr zum Thema<\/strong> &#8211; <a rel=\"nofollow noopener\" target=\"_blank\" href=\"https:\/\/freeassange.rtde.live\/meinung\/163296-militaerpolitik-oder-medizin-falsche-diagnose\/\">Friedensmanifeste und die Kriegspropaganda des Westens<\/a><\/p>\n<\/div>\n<p><script async src=\"https:\/\/platform.twitter.com\/widgets.js\" charset=\"utf-8\"><\/script><br \/>\n<br \/><br \/>\n<br \/><a href=\"https:\/\/de.rt.com\/inland\/163887-habeck-und-neubauer-gegen-wagenknecht-und-schwarzer\/\">Source link <\/a><\/p>\n","protected":false},"excerpt":{"rendered":"<p>Wie in der &#8220;Nachr\u00fcstungsdebatte&#8221; der 1980er-Jahre CDU\/CSU die Friedensbewegung als Helfershelfer der Sowjetunion und ferngesteuert aus Moskau zu diskreditieren suchten, so diffamiert nun Robert Habeck (Gr\u00fcne) die Friedenskundgebung von Sahra Wagenknecht und Alice Schwarzer als &#8220;Irref\u00fchrung&#8221;. Und der Ruf nach dem &#8220;Verfassungsschutz&#8221; folgt sogleich. W\u00e4hrend das &#8220;Manifest f\u00fcr den Frieden&#8221; von Alice Schwarzer und Sahra [&hellip;]<\/p>\n","protected":false},"author":3,"featured_media":31136,"comment_status":"open","ping_status":"open","sticky":false,"template":"","format":"standard","meta":{"_yoast_indexnow_last_ping":["1677357549"],"wp_automatic_camp":["217"],"b5483006e08c3df2028f2eddb757b196":["Ruf nach &quot;Verfassungsschutz&quot;: Habeck und Neubauer gegen Wagenknecht und Schwarzer"],"original_link":["https:\/\/de.rt.com\/inland\/163887-habeck-und-neubauer-gegen-wagenknecht-und-schwarzer\/"],"_thumbnail_id":["31136"],"_wptgpro_p2tg_sent2tg":["a:1:{i:23737;s:19:\"2023-02-25 22:40:34\";}"],"jnews_social_counter_last_update":["1776870242"]},"categories":[19,23],"tags":[278,911,979,22424,41275,19429,6414,140,17968],"yoast_head":"<!-- This site is optimized with the Yoast SEO Premium plugin v22.7 (Yoast SEO v22.7) - https:\/\/yoast.com\/wordpress\/plugins\/seo\/ -->\n<title>Ruf nach &quot;Verfassungsschutz&quot;: Habeck und Neubauer gegen Wagenknecht und Schwarzer - just-now.NEWS Deutschland<\/title>\n<meta name=\"robots\" content=\"index, follow, max-snippet:-1, max-image-preview:large, max-video-preview:-1\" \/>\n<link rel=\"canonical\" href=\"https:\/\/now-news.de\/de\/deutschland\/ruf-nach-verfassungsschutz-habeck-und-neubauer-gegen-wagenknecht-und-schwarzer\/\" \/>\n<meta property=\"og:locale\" content=\"de_DE\" \/>\n<meta property=\"og:type\" content=\"article\" \/>\n<meta property=\"og:title\" content=\"Ruf nach &quot;Verfassungsschutz&quot;: Habeck und Neubauer gegen Wagenknecht und Schwarzer\" \/>\n<meta property=\"og:description\" content=\"Wie in der &#8220;Nachr\u00fcstungsdebatte&#8221; der 1980er-Jahre CDU\/CSU die Friedensbewegung als Helfershelfer der Sowjetunion und ferngesteuert aus Moskau zu diskreditieren suchten, so diffamiert nun Robert Habeck (Gr\u00fcne) die Friedenskundgebung von Sahra Wagenknecht und Alice Schwarzer als &#8220;Irref\u00fchrung&#8221;. Und der Ruf nach dem &#8220;Verfassungsschutz&#8221; folgt sogleich. W\u00e4hrend das &#8220;Manifest f\u00fcr den Frieden&#8221; von Alice Schwarzer und Sahra [&hellip;]\" \/>\n<meta property=\"og:url\" content=\"https:\/\/now-news.de\/de\/deutschland\/ruf-nach-verfassungsschutz-habeck-und-neubauer-gegen-wagenknecht-und-schwarzer\/\" \/>\n<meta property=\"og:site_name\" content=\"just-now.NEWS Deutschland\" \/>\n<meta property=\"article:publisher\" content=\"https:\/\/www.facebook.com\/wirmachenauf\" \/>\n<meta property=\"article:published_time\" content=\"2023-02-25T20:26:26+00:00\" \/>\n<meta property=\"og:image\" content=\"https:\/\/now-news.de\/de\/wp-content\/uploads\/sites\/3\/2023\/02\/Ruf-nach-quotVerfassungsschutzquot-Habeck-und-Neubauer-gegen-Wagenknecht-und-Schwarzer.jpg\" \/>\n\t<meta property=\"og:image:width\" content=\"460\" \/>\n\t<meta property=\"og:image:height\" content=\"259\" \/>\n\t<meta property=\"og:image:type\" content=\"image\/jpeg\" \/>\n<meta name=\"author\" content=\"rtnews\" \/>\n<meta name=\"twitter:card\" content=\"summary_large_image\" \/>\n<meta name=\"twitter:creator\" content=\"@WirMachenAuf_de\" \/>\n<meta name=\"twitter:site\" content=\"@WirMachenAuf_de\" \/>\n<meta name=\"twitter:label1\" content=\"Verfasst von\" \/>\n\t<meta name=\"twitter:data1\" content=\"rtnews\" \/>\n\t<meta name=\"twitter:label2\" content=\"Gesch\u00e4tzte Lesezeit\" \/>\n\t<meta name=\"twitter:data2\" content=\"5\u00a0Minuten\" \/>\n<script type=\"application\/ld+json\" class=\"yoast-schema-graph\">{\"@context\":\"https:\/\/schema.org\",\"@graph\":[{\"@type\":\"Article\",\"@id\":\"https:\/\/now-news.de\/de\/deutschland\/ruf-nach-verfassungsschutz-habeck-und-neubauer-gegen-wagenknecht-und-schwarzer\/#article\",\"isPartOf\":{\"@id\":\"https:\/\/now-news.de\/de\/deutschland\/ruf-nach-verfassungsschutz-habeck-und-neubauer-gegen-wagenknecht-und-schwarzer\/\"},\"author\":{\"name\":\"rtnews\",\"@id\":\"https:\/\/now-news.de\/de\/#\/schema\/person\/fb534a4e865501d8b3285208df34a9b5\"},\"headline\":\"Ruf nach &quot;Verfassungsschutz&quot;: Habeck und Neubauer gegen Wagenknecht und Schwarzer\",\"datePublished\":\"2023-02-25T20:26:26+00:00\",\"dateModified\":\"2023-02-25T20:26:26+00:00\",\"mainEntityOfPage\":{\"@id\":\"https:\/\/now-news.de\/de\/deutschland\/ruf-nach-verfassungsschutz-habeck-und-neubauer-gegen-wagenknecht-und-schwarzer\/\"},\"wordCount\":997,\"commentCount\":0,\"publisher\":{\"@id\":\"https:\/\/now-news.de\/de\/#organization\"},\"image\":{\"@id\":\"https:\/\/now-news.de\/de\/deutschland\/ruf-nach-verfassungsschutz-habeck-und-neubauer-gegen-wagenknecht-und-schwarzer\/#primaryimage\"},\"thumbnailUrl\":\"https:\/\/now-news.de\/de\/wp-content\/uploads\/sites\/3\/2023\/02\/Ruf-nach-quotVerfassungsschutzquot-Habeck-und-Neubauer-gegen-Wagenknecht-und-Schwarzer.jpg\",\"keywords\":[\"gegen\",\"Habeck\",\"nach\",\"Neubauer\",\"quotVerfassungsschutzquot\",\"Ruf\",\"schwarzer\",\"und\",\"Wagenknecht\"],\"articleSection\":[\"Deutschland\",\"Russland\"],\"inLanguage\":\"de\",\"potentialAction\":[{\"@type\":\"CommentAction\",\"name\":\"Comment\",\"target\":[\"https:\/\/now-news.de\/de\/deutschland\/ruf-nach-verfassungsschutz-habeck-und-neubauer-gegen-wagenknecht-und-schwarzer\/#respond\"]}]},{\"@type\":\"WebPage\",\"@id\":\"https:\/\/now-news.de\/de\/deutschland\/ruf-nach-verfassungsschutz-habeck-und-neubauer-gegen-wagenknecht-und-schwarzer\/\",\"url\":\"https:\/\/now-news.de\/de\/deutschland\/ruf-nach-verfassungsschutz-habeck-und-neubauer-gegen-wagenknecht-und-schwarzer\/\",\"name\":\"Ruf nach &quot;Verfassungsschutz&quot;: Habeck und Neubauer gegen Wagenknecht und Schwarzer - just-now.NEWS Deutschland\",\"isPartOf\":{\"@id\":\"https:\/\/now-news.de\/de\/#website\"},\"primaryImageOfPage\":{\"@id\":\"https:\/\/now-news.de\/de\/deutschland\/ruf-nach-verfassungsschutz-habeck-und-neubauer-gegen-wagenknecht-und-schwarzer\/#primaryimage\"},\"image\":{\"@id\":\"https:\/\/now-news.de\/de\/deutschland\/ruf-nach-verfassungsschutz-habeck-und-neubauer-gegen-wagenknecht-und-schwarzer\/#primaryimage\"},\"thumbnailUrl\":\"https:\/\/now-news.de\/de\/wp-content\/uploads\/sites\/3\/2023\/02\/Ruf-nach-quotVerfassungsschutzquot-Habeck-und-Neubauer-gegen-Wagenknecht-und-Schwarzer.jpg\",\"datePublished\":\"2023-02-25T20:26:26+00:00\",\"dateModified\":\"2023-02-25T20:26:26+00:00\",\"breadcrumb\":{\"@id\":\"https:\/\/now-news.de\/de\/deutschland\/ruf-nach-verfassungsschutz-habeck-und-neubauer-gegen-wagenknecht-und-schwarzer\/#breadcrumb\"},\"inLanguage\":\"de\",\"potentialAction\":[{\"@type\":\"ReadAction\",\"target\":[\"https:\/\/now-news.de\/de\/deutschland\/ruf-nach-verfassungsschutz-habeck-und-neubauer-gegen-wagenknecht-und-schwarzer\/\"]}]},{\"@type\":\"ImageObject\",\"inLanguage\":\"de\",\"@id\":\"https:\/\/now-news.de\/de\/deutschland\/ruf-nach-verfassungsschutz-habeck-und-neubauer-gegen-wagenknecht-und-schwarzer\/#primaryimage\",\"url\":\"https:\/\/now-news.de\/de\/wp-content\/uploads\/sites\/3\/2023\/02\/Ruf-nach-quotVerfassungsschutzquot-Habeck-und-Neubauer-gegen-Wagenknecht-und-Schwarzer.jpg\",\"contentUrl\":\"https:\/\/now-news.de\/de\/wp-content\/uploads\/sites\/3\/2023\/02\/Ruf-nach-quotVerfassungsschutzquot-Habeck-und-Neubauer-gegen-Wagenknecht-und-Schwarzer.jpg\",\"width\":460,\"height\":259,\"caption\":\"Ruf nach &quot;Verfassungsschutz&quot;: Habeck und Neubauer gegen Wagenknecht und Schwarzer\"},{\"@type\":\"BreadcrumbList\",\"@id\":\"https:\/\/now-news.de\/de\/deutschland\/ruf-nach-verfassungsschutz-habeck-und-neubauer-gegen-wagenknecht-und-schwarzer\/#breadcrumb\",\"itemListElement\":[{\"@type\":\"ListItem\",\"position\":1,\"name\":\"Home\",\"item\":\"https:\/\/now-news.de\/de\/\"},{\"@type\":\"ListItem\",\"position\":2,\"name\":\"Ruf nach &quot;Verfassungsschutz&quot;: Habeck und Neubauer gegen Wagenknecht und Schwarzer\"}]},{\"@type\":\"WebSite\",\"@id\":\"https:\/\/now-news.de\/de\/#website\",\"url\":\"https:\/\/now-news.de\/de\/\",\"name\":\"just-now.NEWS Deutschland\",\"description\":\"Das Portal f\u00fcr unzensierte Nachrichten aus der Welt\",\"publisher\":{\"@id\":\"https:\/\/now-news.de\/de\/#organization\"},\"potentialAction\":[{\"@type\":\"SearchAction\",\"target\":{\"@type\":\"EntryPoint\",\"urlTemplate\":\"https:\/\/now-news.de\/de\/?s={search_term_string}\"},\"query-input\":\"required name=search_term_string\"}],\"inLanguage\":\"de\"},{\"@type\":\"Organization\",\"@id\":\"https:\/\/now-news.de\/de\/#organization\",\"name\":\"Just Now News\",\"url\":\"https:\/\/now-news.de\/de\/\",\"logo\":{\"@type\":\"ImageObject\",\"inLanguage\":\"de\",\"@id\":\"https:\/\/now-news.de\/de\/#\/schema\/logo\/image\/\",\"url\":\"http:\/\/just-now.news\/de\/wp-content\/uploads\/sites\/3\/2022\/04\/logo500x500.jpg\",\"contentUrl\":\"http:\/\/just-now.news\/de\/wp-content\/uploads\/sites\/3\/2022\/04\/logo500x500.jpg\",\"width\":500,\"height\":500,\"caption\":\"Just Now News\"},\"image\":{\"@id\":\"https:\/\/now-news.de\/de\/#\/schema\/logo\/image\/\"},\"sameAs\":[\"https:\/\/www.facebook.com\/wirmachenauf\",\"https:\/\/x.com\/WirMachenAuf_de\"]},{\"@type\":\"Person\",\"@id\":\"https:\/\/now-news.de\/de\/#\/schema\/person\/fb534a4e865501d8b3285208df34a9b5\",\"name\":\"rtnews\",\"image\":{\"@type\":\"ImageObject\",\"inLanguage\":\"de\",\"@id\":\"https:\/\/now-news.de\/de\/#\/schema\/person\/image\/\",\"url\":\"https:\/\/secure.gravatar.com\/avatar\/82aafea7d8127119dd649515f56e2117?s=96&d=mm&r=g\",\"contentUrl\":\"https:\/\/secure.gravatar.com\/avatar\/82aafea7d8127119dd649515f56e2117?s=96&d=mm&r=g\",\"caption\":\"rtnews\"},\"url\":\"https:\/\/now-news.de\/de\/author\/rnews\/\"}]}<\/script>\n<!-- \/ Yoast SEO Premium plugin. -->","yoast_head_json":{"title":"Ruf nach &quot;Verfassungsschutz&quot;: Habeck und Neubauer gegen Wagenknecht und Schwarzer - just-now.NEWS Deutschland","robots":{"index":"index","follow":"follow","max-snippet":"max-snippet:-1","max-image-preview":"max-image-preview:large","max-video-preview":"max-video-preview:-1"},"canonical":"https:\/\/now-news.de\/de\/deutschland\/ruf-nach-verfassungsschutz-habeck-und-neubauer-gegen-wagenknecht-und-schwarzer\/","og_locale":"de_DE","og_type":"article","og_title":"Ruf nach &quot;Verfassungsschutz&quot;: Habeck und Neubauer gegen Wagenknecht und Schwarzer","og_description":"Wie in der &#8220;Nachr\u00fcstungsdebatte&#8221; der 1980er-Jahre CDU\/CSU die Friedensbewegung als Helfershelfer der Sowjetunion und ferngesteuert aus Moskau zu diskreditieren suchten, so diffamiert nun Robert Habeck (Gr\u00fcne) die Friedenskundgebung von Sahra Wagenknecht und Alice Schwarzer als &#8220;Irref\u00fchrung&#8221;. Und der Ruf nach dem &#8220;Verfassungsschutz&#8221; folgt sogleich. W\u00e4hrend das &#8220;Manifest f\u00fcr den Frieden&#8221; von Alice Schwarzer und Sahra [&hellip;]","og_url":"https:\/\/now-news.de\/de\/deutschland\/ruf-nach-verfassungsschutz-habeck-und-neubauer-gegen-wagenknecht-und-schwarzer\/","og_site_name":"just-now.NEWS Deutschland","article_publisher":"https:\/\/www.facebook.com\/wirmachenauf","article_published_time":"2023-02-25T20:26:26+00:00","og_image":[{"width":460,"height":259,"url":"https:\/\/now-news.de\/de\/wp-content\/uploads\/sites\/3\/2023\/02\/Ruf-nach-quotVerfassungsschutzquot-Habeck-und-Neubauer-gegen-Wagenknecht-und-Schwarzer.jpg","type":"image\/jpeg"}],"author":"rtnews","twitter_card":"summary_large_image","twitter_creator":"@WirMachenAuf_de","twitter_site":"@WirMachenAuf_de","twitter_misc":{"Verfasst von":"rtnews","Gesch\u00e4tzte Lesezeit":"5\u00a0Minuten"},"schema":{"@context":"https:\/\/schema.org","@graph":[{"@type":"Article","@id":"https:\/\/now-news.de\/de\/deutschland\/ruf-nach-verfassungsschutz-habeck-und-neubauer-gegen-wagenknecht-und-schwarzer\/#article","isPartOf":{"@id":"https:\/\/now-news.de\/de\/deutschland\/ruf-nach-verfassungsschutz-habeck-und-neubauer-gegen-wagenknecht-und-schwarzer\/"},"author":{"name":"rtnews","@id":"https:\/\/now-news.de\/de\/#\/schema\/person\/fb534a4e865501d8b3285208df34a9b5"},"headline":"Ruf nach &quot;Verfassungsschutz&quot;: Habeck und Neubauer gegen Wagenknecht und Schwarzer","datePublished":"2023-02-25T20:26:26+00:00","dateModified":"2023-02-25T20:26:26+00:00","mainEntityOfPage":{"@id":"https:\/\/now-news.de\/de\/deutschland\/ruf-nach-verfassungsschutz-habeck-und-neubauer-gegen-wagenknecht-und-schwarzer\/"},"wordCount":997,"commentCount":0,"publisher":{"@id":"https:\/\/now-news.de\/de\/#organization"},"image":{"@id":"https:\/\/now-news.de\/de\/deutschland\/ruf-nach-verfassungsschutz-habeck-und-neubauer-gegen-wagenknecht-und-schwarzer\/#primaryimage"},"thumbnailUrl":"https:\/\/now-news.de\/de\/wp-content\/uploads\/sites\/3\/2023\/02\/Ruf-nach-quotVerfassungsschutzquot-Habeck-und-Neubauer-gegen-Wagenknecht-und-Schwarzer.jpg","keywords":["gegen","Habeck","nach","Neubauer","quotVerfassungsschutzquot","Ruf","schwarzer","und","Wagenknecht"],"articleSection":["Deutschland","Russland"],"inLanguage":"de","potentialAction":[{"@type":"CommentAction","name":"Comment","target":["https:\/\/now-news.de\/de\/deutschland\/ruf-nach-verfassungsschutz-habeck-und-neubauer-gegen-wagenknecht-und-schwarzer\/#respond"]}]},{"@type":"WebPage","@id":"https:\/\/now-news.de\/de\/deutschland\/ruf-nach-verfassungsschutz-habeck-und-neubauer-gegen-wagenknecht-und-schwarzer\/","url":"https:\/\/now-news.de\/de\/deutschland\/ruf-nach-verfassungsschutz-habeck-und-neubauer-gegen-wagenknecht-und-schwarzer\/","name":"Ruf nach &quot;Verfassungsschutz&quot;: Habeck und Neubauer gegen Wagenknecht und Schwarzer - just-now.NEWS Deutschland","isPartOf":{"@id":"https:\/\/now-news.de\/de\/#website"},"primaryImageOfPage":{"@id":"https:\/\/now-news.de\/de\/deutschland\/ruf-nach-verfassungsschutz-habeck-und-neubauer-gegen-wagenknecht-und-schwarzer\/#primaryimage"},"image":{"@id":"https:\/\/now-news.de\/de\/deutschland\/ruf-nach-verfassungsschutz-habeck-und-neubauer-gegen-wagenknecht-und-schwarzer\/#primaryimage"},"thumbnailUrl":"https:\/\/now-news.de\/de\/wp-content\/uploads\/sites\/3\/2023\/02\/Ruf-nach-quotVerfassungsschutzquot-Habeck-und-Neubauer-gegen-Wagenknecht-und-Schwarzer.jpg","datePublished":"2023-02-25T20:26:26+00:00","dateModified":"2023-02-25T20:26:26+00:00","breadcrumb":{"@id":"https:\/\/now-news.de\/de\/deutschland\/ruf-nach-verfassungsschutz-habeck-und-neubauer-gegen-wagenknecht-und-schwarzer\/#breadcrumb"},"inLanguage":"de","potentialAction":[{"@type":"ReadAction","target":["https:\/\/now-news.de\/de\/deutschland\/ruf-nach-verfassungsschutz-habeck-und-neubauer-gegen-wagenknecht-und-schwarzer\/"]}]},{"@type":"ImageObject","inLanguage":"de","@id":"https:\/\/now-news.de\/de\/deutschland\/ruf-nach-verfassungsschutz-habeck-und-neubauer-gegen-wagenknecht-und-schwarzer\/#primaryimage","url":"https:\/\/now-news.de\/de\/wp-content\/uploads\/sites\/3\/2023\/02\/Ruf-nach-quotVerfassungsschutzquot-Habeck-und-Neubauer-gegen-Wagenknecht-und-Schwarzer.jpg","contentUrl":"https:\/\/now-news.de\/de\/wp-content\/uploads\/sites\/3\/2023\/02\/Ruf-nach-quotVerfassungsschutzquot-Habeck-und-Neubauer-gegen-Wagenknecht-und-Schwarzer.jpg","width":460,"height":259,"caption":"Ruf nach &quot;Verfassungsschutz&quot;: Habeck und Neubauer gegen Wagenknecht und Schwarzer"},{"@type":"BreadcrumbList","@id":"https:\/\/now-news.de\/de\/deutschland\/ruf-nach-verfassungsschutz-habeck-und-neubauer-gegen-wagenknecht-und-schwarzer\/#breadcrumb","itemListElement":[{"@type":"ListItem","position":1,"name":"Home","item":"https:\/\/now-news.de\/de\/"},{"@type":"ListItem","position":2,"name":"Ruf nach &quot;Verfassungsschutz&quot;: Habeck und Neubauer gegen Wagenknecht und Schwarzer"}]},{"@type":"WebSite","@id":"https:\/\/now-news.de\/de\/#website","url":"https:\/\/now-news.de\/de\/","name":"just-now.NEWS Deutschland","description":"Das Portal f\u00fcr unzensierte Nachrichten aus der Welt","publisher":{"@id":"https:\/\/now-news.de\/de\/#organization"},"potentialAction":[{"@type":"SearchAction","target":{"@type":"EntryPoint","urlTemplate":"https:\/\/now-news.de\/de\/?s={search_term_string}"},"query-input":"required name=search_term_string"}],"inLanguage":"de"},{"@type":"Organization","@id":"https:\/\/now-news.de\/de\/#organization","name":"Just Now News","url":"https:\/\/now-news.de\/de\/","logo":{"@type":"ImageObject","inLanguage":"de","@id":"https:\/\/now-news.de\/de\/#\/schema\/logo\/image\/","url":"http:\/\/just-now.news\/de\/wp-content\/uploads\/sites\/3\/2022\/04\/logo500x500.jpg","contentUrl":"http:\/\/just-now.news\/de\/wp-content\/uploads\/sites\/3\/2022\/04\/logo500x500.jpg","width":500,"height":500,"caption":"Just Now News"},"image":{"@id":"https:\/\/now-news.de\/de\/#\/schema\/logo\/image\/"},"sameAs":["https:\/\/www.facebook.com\/wirmachenauf","https:\/\/x.com\/WirMachenAuf_de"]},{"@type":"Person","@id":"https:\/\/now-news.de\/de\/#\/schema\/person\/fb534a4e865501d8b3285208df34a9b5","name":"rtnews","image":{"@type":"ImageObject","inLanguage":"de","@id":"https:\/\/now-news.de\/de\/#\/schema\/person\/image\/","url":"https:\/\/secure.gravatar.com\/avatar\/82aafea7d8127119dd649515f56e2117?s=96&d=mm&r=g","contentUrl":"https:\/\/secure.gravatar.com\/avatar\/82aafea7d8127119dd649515f56e2117?s=96&d=mm&r=g","caption":"rtnews"},"url":"https:\/\/now-news.de\/de\/author\/rnews\/"}]}},"_links":{"self":[{"href":"https:\/\/now-news.de\/de\/wp-json\/wp\/v2\/posts\/31135"}],"collection":[{"href":"https:\/\/now-news.de\/de\/wp-json\/wp\/v2\/posts"}],"about":[{"href":"https:\/\/now-news.de\/de\/wp-json\/wp\/v2\/types\/post"}],"author":[{"embeddable":true,"href":"https:\/\/now-news.de\/de\/wp-json\/wp\/v2\/users\/3"}],"replies":[{"embeddable":true,"href":"https:\/\/now-news.de\/de\/wp-json\/wp\/v2\/comments?post=31135"}],"version-history":[{"count":0,"href":"https:\/\/now-news.de\/de\/wp-json\/wp\/v2\/posts\/31135\/revisions"}],"wp:featuredmedia":[{"embeddable":true,"href":"https:\/\/now-news.de\/de\/wp-json\/wp\/v2\/media\/31136"}],"wp:attachment":[{"href":"https:\/\/now-news.de\/de\/wp-json\/wp\/v2\/media?parent=31135"}],"wp:term":[{"taxonomy":"category","embeddable":true,"href":"https:\/\/now-news.de\/de\/wp-json\/wp\/v2\/categories?post=31135"},{"taxonomy":"post_tag","embeddable":true,"href":"https:\/\/now-news.de\/de\/wp-json\/wp\/v2\/tags?post=31135"}],"curies":[{"name":"wp","href":"https:\/\/api.w.org\/{rel}","templated":true}]}}