{"id":31127,"date":"2023-02-25T18:26:42","date_gmt":"2023-02-25T16:26:42","guid":{"rendered":"http:\/\/just-now.news\/de\/deutschland\/wie-radikal-der-ukraine-krieg-die-welt-veraendert-hat\/"},"modified":"2023-02-25T18:26:42","modified_gmt":"2023-02-25T16:26:42","slug":"wie-radikal-der-ukraine-krieg-die-welt-veraendert-hat","status":"publish","type":"post","link":"https:\/\/now-news.de\/de\/deutschland\/wie-radikal-der-ukraine-krieg-die-welt-veraendert-hat\/","title":{"rendered":"Wie radikal der Ukraine-Krieg die Welt ver\u00e4ndert hat"},"content":{"rendered":"<p><img decoding=\"async\" src=\"http:\/\/just-now.news\/de\/wp-content\/uploads\/sites\/3\/2023\/02\/63fa3752b480cc5f794cf48d.jpg\" \/><\/p>\n<div class=\"Text-root Text-type_1 \">\n                Irgendwann wird auf den Tr\u00fcmmern der alten Ordnung eine neue entstehen. Das gilt auch f\u00fcr das System der nuklearen Waffenkontrolle: Sie wird allerdings nie mehr so sein wie fr\u00fcher. Warum das so ist und was ein k\u00fcnftiges System beachten muss, beschreibt Dmitri Trenin.\n            <\/div>\n<p><\/p>\n<div class=\"Text-root Text-type_5 ArticleView-text ViewText-root \">\n<p><em>Von Dmitri Trenin<\/em><\/p>\n<p>In seiner j\u00fcngsten wegweisenden Rede vor dem russischen Parlament nannte Wladimir Putin den Krieg in der Ukraine und die Beteiligung der USA und der NATO an diesem Konflikt als Hauptgrund f\u00fcr seine Entscheidung, Moskaus Teilnahme am neuen START-Vertrag \u00fcber strategische Atomwaffen von 2010 &#8220;auszusetzen&#8221;. Putin deutete auch an, dass Russland bereit sein sollte, atomare Tests wieder aufzunehmen.<\/p>\n<p>Diese Ank\u00fcndigung, die vom russischen Parlament umgehend in Gesetzesform gebracht wurde, bedeutet faktisch das formale Ende der seit \u00fcber 50 Jahren bestehenden Institutionen der strategischen R\u00fcstungskontrolle. Wenn auf New START der CTBT (Vertrag \u00fcber das umfassende Verbot von Atomtests) und dann der NPT (Vertrag \u00fcber die Nichtverbreitung von Kernwaffen) folgen, ist die strategische Deregulierung abgeschlossen. Nach Putins Logik ist es nicht m\u00f6glich, den Vereinigten Staaten zu gestatten, russische Raketenbasen zu inspizieren, w\u00e4hrend sie gleichzeitig eine Politik der &#8220;strategischen Niederlage&#8221; Moskaus in der Ukraine betreiben.\u00a0<\/p>\n<p>Diese Entscheidung der russischen Staatsf\u00fchrung war alles andere als ein Blitz aus heiterem Himmel. Der Stellvertreterkrieg in der Ukraine ist nur der H\u00f6hepunkt eines anderthalb Jahrzehnte andauernden Prozesses der stetigen Verschlechterung der russisch-amerikanischen und russisch-europ\u00e4ischen Beziehungen. Seit Mitte der 2000er-Jahre hat sich zunehmend abgezeichnet, dass Washington und seine Verb\u00fcndeten Russland nicht zu f\u00fcr Moskau akzeptablen Bedingungen zu einem Teil der von den USA dominierten Ordnung werden lassen. Sich den westlichen Bedingungen zu f\u00fcgen, war Russland wiederum nicht bereit. Damit stand fest, dass sich die Beziehung generell in Richtung Konfrontation entwickeln w\u00fcrde.<\/p>\n<p>Zwar gab es eine kurze Phase, die mit der Pr\u00e4sidentschaft von Dmitri Medwedew (2008\u20132012) zusammenfiel und in der neben der Unterzeichnung von New START auch der Versuch unternommen wurde, eine strategische Partnerschaft zwischen Russland und der NATO sowie Modernisierungs- und Technologiepartnerschaften zwischen Russland und wichtigen westlichen L\u00e4ndern, darunter den USA und Deutschland, aufzubauen. Dieser Versuch entpuppte sich jedoch als das letzte Aufb\u00e4umen der Bem\u00fchungen, Russland nach dem Ende des Kalten Krieges in den Westen zu integrieren.<\/p>\n<p>W\u00e4hrend Moskau im Wesentlichen nach gleicher und unteilbarer Sicherheit sowie nach Technologie- und Gesch\u00e4ftsm\u00f6glichkeiten suchte, waren Washington und Berlin vor allem daran interessiert, Russlands innenpolitisches Regime aufzuweichen und zu verw\u00e4ssern. Es war keine Rede davon, die russischen Sicherheitsinteressen hinsichtlich der NATO-Osterweiterung ernstzunehmen: Moskau sollte die Ordnung nach dem Ende des Kalten Krieges akzeptieren, in der es kein entscheidendes Mitspracherecht mehr hatte. Diese Diskrepanz zwischen den wichtigsten Zielen konnte nicht lange bestehen bleiben. Schon 2011\/12 lie\u00dfen sich die Aussichten f\u00fcr die Beziehungen zwischen Russland und dem Westen in etwa so zusammenfassen: Es muss erst schlimmer werden, bevor es noch schlimmer werden kann.<\/p>\n<p>Im Moment befinden wir uns noch immer auf diesem Weg \u2013 die Dinge k\u00f6nnen noch d\u00fcsterer werden als sie es jetzt sind.<\/p>\n<p>Hoffentlich wird uns die glaubw\u00fcrdige Androhung der vollst\u00e4ndigen Vernichtung \u2013 das Herzst\u00fcck der nuklearen Abschreckung \u2013 auch weiterhin vor dem Schlimmsten bewahren, aber die Ver\u00e4nderungen, die der Ukraine-Krieg in seinem ersten Jahr in der globalen strategischen Landschaft bewirkt hat, sind in der Tat massiv. Auf die strategische Deregulierung zwischen Moskau und Washington wurde bereits hingewiesen. In der Praxis bedeutet dies, dass jede Partei ihre strategischen Streitkr\u00e4fte nach eigenem Gutd\u00fcnken aufbauen, strukturieren, einsetzen und sich auf ihre eigenen sogenannten nationalen technischen Mittel \u2013 wie Spionagesatelliten und andere Formen der Aufkl\u00e4rung \u2013 als Hauptquelle f\u00fcr Informationen \u00fcber die andere Seite st\u00fctzen kann. Nat\u00fcrlich haben unter solchen Umst\u00e4nden beide Parteien einen starken Anreiz, sich mit der Planung des schlimmsten Falls zu befassen.<\/p>\n<p>Es stimmt, dass von den f\u00fcnf &#8220;etablierten&#8221; Atomm\u00e4chten und den vier weiteren L\u00e4ndern, die \u00fcber Atomwaffen verf\u00fcgen, nur zwei \u2013 Amerika und Russland \u2013 in der Vergangenheit eine nukleare R\u00fcstungskontrolle betrieben haben. Jahrelang versuchte Washington, Wege zu finden, Peking in den strategischen Dialog zwischen den USA und Russland einzubinden, was zu einer dreiseitigen Vereinbarung f\u00fchrte. Es wird angenommen, dass China, das nie an dem US-Angebot interessiert war, nun dabei ist, seine strategischen Nuklearstreitkr\u00e4fte erheblich auszubauen und zu verbessern. Ob und wann Peking bereit sein wird, mit Washington \u00fcber strategische Waffen zu verhandeln, kann nur gemutma\u00dft werden. Nachdem die USA China offiziell zu ihrem Hauptgegner erkl\u00e4rt haben, sind die chinesisch-amerikanischen Beziehungen zunehmend angespannter geworden. In jedem Fall wird es nun noch schwieriger, einen strategischen Ausgleich zwischen den drei f\u00fchrenden Atomm\u00e4chten zu finden, von denen jede die beiden anderen als Gegner betrachtet.<\/p>\n<p>Strategische Deregulierung bedeutet nicht nur, dass es keine verbindlichen Vertr\u00e4ge mehr gibt. Sie bedeutet auch die Aufl\u00f6sung des konzeptionellen Rahmens f\u00fcr die R\u00fcstungskontrolle, der urspr\u00fcnglich von den Amerikanern in den 1960er-Jahren entwickelt und dann von der Sowjetunion akzeptiert wurde. Jede k\u00fcnftige Vereinbarung zwischen den Atomm\u00e4chten der Welt wird ein v\u00f6llig neues Konzept erfordern, das sich auf die vereinbarten und zueinanderpassenden Elemente st\u00fctzen k\u00f6nnte, die von den beteiligten L\u00e4ndern mit ihren sehr unterschiedlichen strategischen Umfeldern und Kulturen entwickelt wurden. Dies wird sicherlich eine \u00e4u\u00dferst schwierige Aufgabe werden.<\/p>\n<p>Putins ver\u00e4rgerte Reaktion auf die Aufforderung der NATO an Russland, das neue START-Abkommen einzuhalten und US-Inspektoren ins Land zu lassen, hat ein weiteres Thema ins Blickfeld ger\u00fcckt: die Atomwaffen Gro\u00dfbritanniens und Frankreichs. Die Sowjetunion hatte lange darauf bestanden, die nuklearen Arsenale dieser beiden L\u00e4nder in die US-Obergrenzen einzubeziehen, und gab erst unter Gorbatschow nach. Seitdem Paris und London eine aktive Rolle im Stellvertreterkrieg in der Ukraine spielen, ist Moskau nicht mehr bereit, so zu tun, als dienten die britischen und franz\u00f6sischen Atomstreitkr\u00e4fte nur der Verteidigung ihrer eigenen L\u00e4nder. Sie werden als Teil des kombinierten Arsenals des gegnerischen, von den USA gef\u00fchrten Westens betrachtet. Jede denkbare k\u00fcnftige Vereinbarung m\u00fcsste sich also mit der Frage der anglo-franz\u00f6sischen Streitkr\u00e4fte befassen.<\/p>\n<p>In geopolitischer Hinsicht hat der Krieg in der Ukraine Washington dazu veranlasst, eine globale Koalition gegen Russland zu bilden. Dies wird oft als gro\u00dfer Erfolg der Regierung von Pr\u00e4sident Joe Biden dargestellt. Aus einer anderen Perspektive betrachtet, hat die Russland- und Chinapolitik der aufeinanderfolgenden US-Regierungen von Obama, Trump und insbesondere Biden zu einer tiefen Spaltung zwischen den Gro\u00dfm\u00e4chten gef\u00fchrt, die sich vom Wettbewerb zu einer erbitterten Rivalit\u00e4t mit China und einem Stellvertreterkrieg mit Russland in der Ukraine ausgeweitet hat.<\/p>\n<p>Die Bem\u00fchungen der USA, China dazu zu bringen, sich von Russland zu distanzieren, erscheinen l\u00e4cherlich in einer Situation, in der die Strategie Washingtons darin zu bestehen scheint, die beiden Hauptgegner nacheinander zu besiegen und zu b\u00e4ndigen und sie dar\u00fcber hinaus gegeneinander auszuspielen. Das ber\u00fchmte Dreieck Kissingers zeigt nun in eine andere Richtung: Washington hat die schlechtesten Beziehungen zu den beiden anderen. Was Moskau und Peking betrifft, so kommen sie sich dadurch noch n\u00e4her.<\/p>\n<p>Die engere Zusammenarbeit und Koordination zwischen China und Russland inmitten des Krieges in der Ukraine stellt eine erhebliche Verschiebung der Kr\u00e4fteverh\u00e4ltnisse in der internationalen Ordnung dar. Sie bildet sich allm\u00e4hlich auf der Grundlage gemeinsamer strategischer Interessen heraus. Hinzu kommt \u2013 und das geht weit \u00fcber das \u00fcbliche westliche Konzept des &#8220;Wettbewerbs der Gro\u00dfm\u00e4chte&#8221; hinaus \u2013 der Aufstieg von mehr als hundert Akteuren unterschiedlichen Kalibers in vielen Teilen der Welt, die sich geweigert haben, die USA und ihre Verb\u00fcndeten bei den Russland-Sanktionen zu unterst\u00fctzen, und die ihre Handels- und sonstigen Beziehungen zu Moskau aufrechterhalten oder sogar ausgebaut haben. Diese L\u00e4nder bestehen darauf, ihre eigenen nationalen Interessen zu verfolgen und versuchen, ihre au\u00dfenpolitische Autonomie zu erweitern. Letztlich k\u00f6nnte sich dieses Ph\u00e4nomen \u2013 nennen wir es den Aufstieg der nicht l\u00e4nger stummen globalen Mehrheit \u2013 als die bisher wichtigste Entwicklung auf dem Weg zu einer neuen Weltordnung erweisen.<\/p>\n<p><em>\u00dcbersetzt aus dem <a rel=\"nofollow noopener\" target=\"_blank\" href=\"https:\/\/www.rt.com\/news\/571927-war-reshaping-world-order\/\">Englischen<\/a>.<\/em><\/p>\n<p><strong><em>Dmitri Trenin<\/em><\/strong><em>\u00a0ist Professor an der Moskauer Higher School of Economics und leitender wissenschaftlicher Mitarbeiter am Institut f\u00fcr Weltwirtschaft und Internationale Beziehungen. Er ist zudem Mitglied des Russischen Rates f\u00fcr Internationale Beziehungen.<\/em><\/p>\n<p><strong>Mehr zum Thema<\/strong>\u00a0&#8211; <a rel=\"nofollow noopener\" target=\"_blank\" href=\"https:\/\/gegenzensur.rtde.life\/meinung\/163677-wenn-spiegel-faktencheck-zu-putins\/\">Wenn der Spiegel einen &#8220;Faktencheck&#8221; zu Putins Rede macht<\/a><\/p>\n<\/div>\n<p><br \/>\n<br \/><a href=\"https:\/\/de.rt.com\/europa\/163807-wie-radikal-ukraine-krieg-welt-veraendert-hat\/\">Source link <\/a><\/p>\n","protected":false},"excerpt":{"rendered":"<p>Irgendwann wird auf den Tr\u00fcmmern der alten Ordnung eine neue entstehen. Das gilt auch f\u00fcr das System der nuklearen Waffenkontrolle: Sie wird allerdings nie mehr so sein wie fr\u00fcher. Warum das so ist und was ein k\u00fcnftiges System beachten muss, beschreibt Dmitri Trenin. Von Dmitri Trenin In seiner j\u00fcngsten wegweisenden Rede vor dem russischen Parlament [&hellip;]<\/p>\n","protected":false},"author":3,"featured_media":31128,"comment_status":"open","ping_status":"open","sticky":false,"template":"","format":"standard","meta":{"_yoast_indexnow_last_ping":["1677343047"],"wp_automatic_camp":["217"],"df5fcc60306f36b1d8dccf104332293b":["Wie radikal der Ukraine-Krieg die Welt ver\u00e4ndert hat"],"original_link":["https:\/\/de.rt.com\/europa\/163807-wie-radikal-ukraine-krieg-welt-veraendert-hat\/"],"_thumbnail_id":["31128"],"_wptgpro_p2tg_sent2tg":["a:1:{i:23737;s:19:\"2023-02-25 18:38:27\";}"],"jnews_social_counter_last_update":["1777318415"]},"categories":[19,23],"tags":[82,45,423,41263,566,38230,778,579],"yoast_head":"<!-- This site is optimized with the Yoast SEO Premium plugin v22.7 (Yoast SEO v22.7) - https:\/\/yoast.com\/wordpress\/plugins\/seo\/ -->\n<title>Wie radikal der Ukraine-Krieg die Welt ver\u00e4ndert hat - just-now.NEWS Deutschland<\/title>\n<meta name=\"robots\" content=\"index, follow, max-snippet:-1, max-image-preview:large, max-video-preview:-1\" \/>\n<link rel=\"canonical\" href=\"https:\/\/now-news.de\/de\/deutschland\/wie-radikal-der-ukraine-krieg-die-welt-veraendert-hat\/\" \/>\n<meta property=\"og:locale\" content=\"de_DE\" \/>\n<meta property=\"og:type\" content=\"article\" \/>\n<meta property=\"og:title\" content=\"Wie radikal der Ukraine-Krieg die Welt ver\u00e4ndert hat\" \/>\n<meta property=\"og:description\" content=\"Irgendwann wird auf den Tr\u00fcmmern der alten Ordnung eine neue entstehen. Das gilt auch f\u00fcr das System der nuklearen Waffenkontrolle: Sie wird allerdings nie mehr so sein wie fr\u00fcher. Warum das so ist und was ein k\u00fcnftiges System beachten muss, beschreibt Dmitri Trenin. Von Dmitri Trenin In seiner j\u00fcngsten wegweisenden Rede vor dem russischen Parlament [&hellip;]\" \/>\n<meta property=\"og:url\" content=\"https:\/\/now-news.de\/de\/deutschland\/wie-radikal-der-ukraine-krieg-die-welt-veraendert-hat\/\" \/>\n<meta property=\"og:site_name\" content=\"just-now.NEWS Deutschland\" \/>\n<meta property=\"article:publisher\" content=\"https:\/\/www.facebook.com\/wirmachenauf\" \/>\n<meta property=\"article:published_time\" content=\"2023-02-25T16:26:42+00:00\" \/>\n<meta property=\"og:image\" content=\"https:\/\/now-news.de\/de\/wp-content\/uploads\/sites\/3\/2023\/02\/Wie-radikal-der-Ukraine-Krieg-die-Welt-veraendert-hat.jpg\" \/>\n\t<meta property=\"og:image:width\" content=\"460\" \/>\n\t<meta property=\"og:image:height\" content=\"259\" \/>\n\t<meta property=\"og:image:type\" content=\"image\/jpeg\" \/>\n<meta name=\"author\" content=\"rtnews\" \/>\n<meta name=\"twitter:card\" content=\"summary_large_image\" \/>\n<meta name=\"twitter:creator\" content=\"@WirMachenAuf_de\" \/>\n<meta name=\"twitter:site\" content=\"@WirMachenAuf_de\" \/>\n<meta name=\"twitter:label1\" content=\"Verfasst von\" \/>\n\t<meta name=\"twitter:data1\" content=\"rtnews\" \/>\n\t<meta name=\"twitter:label2\" content=\"Gesch\u00e4tzte Lesezeit\" \/>\n\t<meta name=\"twitter:data2\" content=\"7\u00a0Minuten\" \/>\n<script type=\"application\/ld+json\" class=\"yoast-schema-graph\">{\"@context\":\"https:\/\/schema.org\",\"@graph\":[{\"@type\":\"Article\",\"@id\":\"https:\/\/now-news.de\/de\/deutschland\/wie-radikal-der-ukraine-krieg-die-welt-veraendert-hat\/#article\",\"isPartOf\":{\"@id\":\"https:\/\/now-news.de\/de\/deutschland\/wie-radikal-der-ukraine-krieg-die-welt-veraendert-hat\/\"},\"author\":{\"name\":\"rtnews\",\"@id\":\"https:\/\/now-news.de\/de\/#\/schema\/person\/fb534a4e865501d8b3285208df34a9b5\"},\"headline\":\"Wie radikal der Ukraine-Krieg die Welt ver\u00e4ndert hat\",\"datePublished\":\"2023-02-25T16:26:42+00:00\",\"dateModified\":\"2023-02-25T16:26:42+00:00\",\"mainEntityOfPage\":{\"@id\":\"https:\/\/now-news.de\/de\/deutschland\/wie-radikal-der-ukraine-krieg-die-welt-veraendert-hat\/\"},\"wordCount\":1383,\"commentCount\":0,\"publisher\":{\"@id\":\"https:\/\/now-news.de\/de\/#organization\"},\"image\":{\"@id\":\"https:\/\/now-news.de\/de\/deutschland\/wie-radikal-der-ukraine-krieg-die-welt-veraendert-hat\/#primaryimage\"},\"thumbnailUrl\":\"https:\/\/now-news.de\/de\/wp-content\/uploads\/sites\/3\/2023\/02\/Wie-radikal-der-Ukraine-Krieg-die-Welt-veraendert-hat.jpg\",\"keywords\":[\"der\",\"die\",\"hat\",\"radikal\",\"UkraineKrieg\",\"ver\u00e4ndert\",\"Welt\",\"Wie\"],\"articleSection\":[\"Deutschland\",\"Russland\"],\"inLanguage\":\"de\",\"potentialAction\":[{\"@type\":\"CommentAction\",\"name\":\"Comment\",\"target\":[\"https:\/\/now-news.de\/de\/deutschland\/wie-radikal-der-ukraine-krieg-die-welt-veraendert-hat\/#respond\"]}]},{\"@type\":\"WebPage\",\"@id\":\"https:\/\/now-news.de\/de\/deutschland\/wie-radikal-der-ukraine-krieg-die-welt-veraendert-hat\/\",\"url\":\"https:\/\/now-news.de\/de\/deutschland\/wie-radikal-der-ukraine-krieg-die-welt-veraendert-hat\/\",\"name\":\"Wie radikal der Ukraine-Krieg die Welt ver\u00e4ndert hat - just-now.NEWS Deutschland\",\"isPartOf\":{\"@id\":\"https:\/\/now-news.de\/de\/#website\"},\"primaryImageOfPage\":{\"@id\":\"https:\/\/now-news.de\/de\/deutschland\/wie-radikal-der-ukraine-krieg-die-welt-veraendert-hat\/#primaryimage\"},\"image\":{\"@id\":\"https:\/\/now-news.de\/de\/deutschland\/wie-radikal-der-ukraine-krieg-die-welt-veraendert-hat\/#primaryimage\"},\"thumbnailUrl\":\"https:\/\/now-news.de\/de\/wp-content\/uploads\/sites\/3\/2023\/02\/Wie-radikal-der-Ukraine-Krieg-die-Welt-veraendert-hat.jpg\",\"datePublished\":\"2023-02-25T16:26:42+00:00\",\"dateModified\":\"2023-02-25T16:26:42+00:00\",\"breadcrumb\":{\"@id\":\"https:\/\/now-news.de\/de\/deutschland\/wie-radikal-der-ukraine-krieg-die-welt-veraendert-hat\/#breadcrumb\"},\"inLanguage\":\"de\",\"potentialAction\":[{\"@type\":\"ReadAction\",\"target\":[\"https:\/\/now-news.de\/de\/deutschland\/wie-radikal-der-ukraine-krieg-die-welt-veraendert-hat\/\"]}]},{\"@type\":\"ImageObject\",\"inLanguage\":\"de\",\"@id\":\"https:\/\/now-news.de\/de\/deutschland\/wie-radikal-der-ukraine-krieg-die-welt-veraendert-hat\/#primaryimage\",\"url\":\"https:\/\/now-news.de\/de\/wp-content\/uploads\/sites\/3\/2023\/02\/Wie-radikal-der-Ukraine-Krieg-die-Welt-veraendert-hat.jpg\",\"contentUrl\":\"https:\/\/now-news.de\/de\/wp-content\/uploads\/sites\/3\/2023\/02\/Wie-radikal-der-Ukraine-Krieg-die-Welt-veraendert-hat.jpg\",\"width\":460,\"height\":259,\"caption\":\"Wie radikal der Ukraine-Krieg die Welt ver\u00e4ndert hat\"},{\"@type\":\"BreadcrumbList\",\"@id\":\"https:\/\/now-news.de\/de\/deutschland\/wie-radikal-der-ukraine-krieg-die-welt-veraendert-hat\/#breadcrumb\",\"itemListElement\":[{\"@type\":\"ListItem\",\"position\":1,\"name\":\"Home\",\"item\":\"https:\/\/now-news.de\/de\/\"},{\"@type\":\"ListItem\",\"position\":2,\"name\":\"Wie radikal der Ukraine-Krieg die Welt ver\u00e4ndert hat\"}]},{\"@type\":\"WebSite\",\"@id\":\"https:\/\/now-news.de\/de\/#website\",\"url\":\"https:\/\/now-news.de\/de\/\",\"name\":\"just-now.NEWS Deutschland\",\"description\":\"Das Portal f\u00fcr unzensierte Nachrichten aus der Welt\",\"publisher\":{\"@id\":\"https:\/\/now-news.de\/de\/#organization\"},\"potentialAction\":[{\"@type\":\"SearchAction\",\"target\":{\"@type\":\"EntryPoint\",\"urlTemplate\":\"https:\/\/now-news.de\/de\/?s={search_term_string}\"},\"query-input\":\"required name=search_term_string\"}],\"inLanguage\":\"de\"},{\"@type\":\"Organization\",\"@id\":\"https:\/\/now-news.de\/de\/#organization\",\"name\":\"Just Now News\",\"url\":\"https:\/\/now-news.de\/de\/\",\"logo\":{\"@type\":\"ImageObject\",\"inLanguage\":\"de\",\"@id\":\"https:\/\/now-news.de\/de\/#\/schema\/logo\/image\/\",\"url\":\"http:\/\/just-now.news\/de\/wp-content\/uploads\/sites\/3\/2022\/04\/logo500x500.jpg\",\"contentUrl\":\"http:\/\/just-now.news\/de\/wp-content\/uploads\/sites\/3\/2022\/04\/logo500x500.jpg\",\"width\":500,\"height\":500,\"caption\":\"Just Now News\"},\"image\":{\"@id\":\"https:\/\/now-news.de\/de\/#\/schema\/logo\/image\/\"},\"sameAs\":[\"https:\/\/www.facebook.com\/wirmachenauf\",\"https:\/\/x.com\/WirMachenAuf_de\"]},{\"@type\":\"Person\",\"@id\":\"https:\/\/now-news.de\/de\/#\/schema\/person\/fb534a4e865501d8b3285208df34a9b5\",\"name\":\"rtnews\",\"image\":{\"@type\":\"ImageObject\",\"inLanguage\":\"de\",\"@id\":\"https:\/\/now-news.de\/de\/#\/schema\/person\/image\/\",\"url\":\"https:\/\/secure.gravatar.com\/avatar\/82aafea7d8127119dd649515f56e2117?s=96&d=mm&r=g\",\"contentUrl\":\"https:\/\/secure.gravatar.com\/avatar\/82aafea7d8127119dd649515f56e2117?s=96&d=mm&r=g\",\"caption\":\"rtnews\"},\"url\":\"https:\/\/now-news.de\/de\/author\/rnews\/\"}]}<\/script>\n<!-- \/ Yoast SEO Premium plugin. -->","yoast_head_json":{"title":"Wie radikal der Ukraine-Krieg die Welt ver\u00e4ndert hat - just-now.NEWS Deutschland","robots":{"index":"index","follow":"follow","max-snippet":"max-snippet:-1","max-image-preview":"max-image-preview:large","max-video-preview":"max-video-preview:-1"},"canonical":"https:\/\/now-news.de\/de\/deutschland\/wie-radikal-der-ukraine-krieg-die-welt-veraendert-hat\/","og_locale":"de_DE","og_type":"article","og_title":"Wie radikal der Ukraine-Krieg die Welt ver\u00e4ndert hat","og_description":"Irgendwann wird auf den Tr\u00fcmmern der alten Ordnung eine neue entstehen. Das gilt auch f\u00fcr das System der nuklearen Waffenkontrolle: Sie wird allerdings nie mehr so sein wie fr\u00fcher. Warum das so ist und was ein k\u00fcnftiges System beachten muss, beschreibt Dmitri Trenin. Von Dmitri Trenin In seiner j\u00fcngsten wegweisenden Rede vor dem russischen Parlament [&hellip;]","og_url":"https:\/\/now-news.de\/de\/deutschland\/wie-radikal-der-ukraine-krieg-die-welt-veraendert-hat\/","og_site_name":"just-now.NEWS Deutschland","article_publisher":"https:\/\/www.facebook.com\/wirmachenauf","article_published_time":"2023-02-25T16:26:42+00:00","og_image":[{"width":460,"height":259,"url":"https:\/\/now-news.de\/de\/wp-content\/uploads\/sites\/3\/2023\/02\/Wie-radikal-der-Ukraine-Krieg-die-Welt-veraendert-hat.jpg","type":"image\/jpeg"}],"author":"rtnews","twitter_card":"summary_large_image","twitter_creator":"@WirMachenAuf_de","twitter_site":"@WirMachenAuf_de","twitter_misc":{"Verfasst von":"rtnews","Gesch\u00e4tzte Lesezeit":"7\u00a0Minuten"},"schema":{"@context":"https:\/\/schema.org","@graph":[{"@type":"Article","@id":"https:\/\/now-news.de\/de\/deutschland\/wie-radikal-der-ukraine-krieg-die-welt-veraendert-hat\/#article","isPartOf":{"@id":"https:\/\/now-news.de\/de\/deutschland\/wie-radikal-der-ukraine-krieg-die-welt-veraendert-hat\/"},"author":{"name":"rtnews","@id":"https:\/\/now-news.de\/de\/#\/schema\/person\/fb534a4e865501d8b3285208df34a9b5"},"headline":"Wie radikal der Ukraine-Krieg die Welt ver\u00e4ndert hat","datePublished":"2023-02-25T16:26:42+00:00","dateModified":"2023-02-25T16:26:42+00:00","mainEntityOfPage":{"@id":"https:\/\/now-news.de\/de\/deutschland\/wie-radikal-der-ukraine-krieg-die-welt-veraendert-hat\/"},"wordCount":1383,"commentCount":0,"publisher":{"@id":"https:\/\/now-news.de\/de\/#organization"},"image":{"@id":"https:\/\/now-news.de\/de\/deutschland\/wie-radikal-der-ukraine-krieg-die-welt-veraendert-hat\/#primaryimage"},"thumbnailUrl":"https:\/\/now-news.de\/de\/wp-content\/uploads\/sites\/3\/2023\/02\/Wie-radikal-der-Ukraine-Krieg-die-Welt-veraendert-hat.jpg","keywords":["der","die","hat","radikal","UkraineKrieg","ver\u00e4ndert","Welt","Wie"],"articleSection":["Deutschland","Russland"],"inLanguage":"de","potentialAction":[{"@type":"CommentAction","name":"Comment","target":["https:\/\/now-news.de\/de\/deutschland\/wie-radikal-der-ukraine-krieg-die-welt-veraendert-hat\/#respond"]}]},{"@type":"WebPage","@id":"https:\/\/now-news.de\/de\/deutschland\/wie-radikal-der-ukraine-krieg-die-welt-veraendert-hat\/","url":"https:\/\/now-news.de\/de\/deutschland\/wie-radikal-der-ukraine-krieg-die-welt-veraendert-hat\/","name":"Wie radikal der Ukraine-Krieg die Welt ver\u00e4ndert hat - just-now.NEWS Deutschland","isPartOf":{"@id":"https:\/\/now-news.de\/de\/#website"},"primaryImageOfPage":{"@id":"https:\/\/now-news.de\/de\/deutschland\/wie-radikal-der-ukraine-krieg-die-welt-veraendert-hat\/#primaryimage"},"image":{"@id":"https:\/\/now-news.de\/de\/deutschland\/wie-radikal-der-ukraine-krieg-die-welt-veraendert-hat\/#primaryimage"},"thumbnailUrl":"https:\/\/now-news.de\/de\/wp-content\/uploads\/sites\/3\/2023\/02\/Wie-radikal-der-Ukraine-Krieg-die-Welt-veraendert-hat.jpg","datePublished":"2023-02-25T16:26:42+00:00","dateModified":"2023-02-25T16:26:42+00:00","breadcrumb":{"@id":"https:\/\/now-news.de\/de\/deutschland\/wie-radikal-der-ukraine-krieg-die-welt-veraendert-hat\/#breadcrumb"},"inLanguage":"de","potentialAction":[{"@type":"ReadAction","target":["https:\/\/now-news.de\/de\/deutschland\/wie-radikal-der-ukraine-krieg-die-welt-veraendert-hat\/"]}]},{"@type":"ImageObject","inLanguage":"de","@id":"https:\/\/now-news.de\/de\/deutschland\/wie-radikal-der-ukraine-krieg-die-welt-veraendert-hat\/#primaryimage","url":"https:\/\/now-news.de\/de\/wp-content\/uploads\/sites\/3\/2023\/02\/Wie-radikal-der-Ukraine-Krieg-die-Welt-veraendert-hat.jpg","contentUrl":"https:\/\/now-news.de\/de\/wp-content\/uploads\/sites\/3\/2023\/02\/Wie-radikal-der-Ukraine-Krieg-die-Welt-veraendert-hat.jpg","width":460,"height":259,"caption":"Wie radikal der Ukraine-Krieg die Welt ver\u00e4ndert hat"},{"@type":"BreadcrumbList","@id":"https:\/\/now-news.de\/de\/deutschland\/wie-radikal-der-ukraine-krieg-die-welt-veraendert-hat\/#breadcrumb","itemListElement":[{"@type":"ListItem","position":1,"name":"Home","item":"https:\/\/now-news.de\/de\/"},{"@type":"ListItem","position":2,"name":"Wie radikal der Ukraine-Krieg die Welt ver\u00e4ndert hat"}]},{"@type":"WebSite","@id":"https:\/\/now-news.de\/de\/#website","url":"https:\/\/now-news.de\/de\/","name":"just-now.NEWS Deutschland","description":"Das Portal f\u00fcr unzensierte Nachrichten aus der Welt","publisher":{"@id":"https:\/\/now-news.de\/de\/#organization"},"potentialAction":[{"@type":"SearchAction","target":{"@type":"EntryPoint","urlTemplate":"https:\/\/now-news.de\/de\/?s={search_term_string}"},"query-input":"required name=search_term_string"}],"inLanguage":"de"},{"@type":"Organization","@id":"https:\/\/now-news.de\/de\/#organization","name":"Just Now News","url":"https:\/\/now-news.de\/de\/","logo":{"@type":"ImageObject","inLanguage":"de","@id":"https:\/\/now-news.de\/de\/#\/schema\/logo\/image\/","url":"http:\/\/just-now.news\/de\/wp-content\/uploads\/sites\/3\/2022\/04\/logo500x500.jpg","contentUrl":"http:\/\/just-now.news\/de\/wp-content\/uploads\/sites\/3\/2022\/04\/logo500x500.jpg","width":500,"height":500,"caption":"Just Now News"},"image":{"@id":"https:\/\/now-news.de\/de\/#\/schema\/logo\/image\/"},"sameAs":["https:\/\/www.facebook.com\/wirmachenauf","https:\/\/x.com\/WirMachenAuf_de"]},{"@type":"Person","@id":"https:\/\/now-news.de\/de\/#\/schema\/person\/fb534a4e865501d8b3285208df34a9b5","name":"rtnews","image":{"@type":"ImageObject","inLanguage":"de","@id":"https:\/\/now-news.de\/de\/#\/schema\/person\/image\/","url":"https:\/\/secure.gravatar.com\/avatar\/82aafea7d8127119dd649515f56e2117?s=96&d=mm&r=g","contentUrl":"https:\/\/secure.gravatar.com\/avatar\/82aafea7d8127119dd649515f56e2117?s=96&d=mm&r=g","caption":"rtnews"},"url":"https:\/\/now-news.de\/de\/author\/rnews\/"}]}},"_links":{"self":[{"href":"https:\/\/now-news.de\/de\/wp-json\/wp\/v2\/posts\/31127"}],"collection":[{"href":"https:\/\/now-news.de\/de\/wp-json\/wp\/v2\/posts"}],"about":[{"href":"https:\/\/now-news.de\/de\/wp-json\/wp\/v2\/types\/post"}],"author":[{"embeddable":true,"href":"https:\/\/now-news.de\/de\/wp-json\/wp\/v2\/users\/3"}],"replies":[{"embeddable":true,"href":"https:\/\/now-news.de\/de\/wp-json\/wp\/v2\/comments?post=31127"}],"version-history":[{"count":0,"href":"https:\/\/now-news.de\/de\/wp-json\/wp\/v2\/posts\/31127\/revisions"}],"wp:featuredmedia":[{"embeddable":true,"href":"https:\/\/now-news.de\/de\/wp-json\/wp\/v2\/media\/31128"}],"wp:attachment":[{"href":"https:\/\/now-news.de\/de\/wp-json\/wp\/v2\/media?parent=31127"}],"wp:term":[{"taxonomy":"category","embeddable":true,"href":"https:\/\/now-news.de\/de\/wp-json\/wp\/v2\/categories?post=31127"},{"taxonomy":"post_tag","embeddable":true,"href":"https:\/\/now-news.de\/de\/wp-json\/wp\/v2\/tags?post=31127"}],"curies":[{"name":"wp","href":"https:\/\/api.w.org\/{rel}","templated":true}]}}