{"id":31075,"date":"2023-02-24T21:27:20","date_gmt":"2023-02-24T19:27:20","guid":{"rendered":"https:\/\/just-now.news\/de\/deutschland\/franzoesischer-politiker-asselineau-westen-kann-unterstuetzung-fuer-putin-nicht-kleinreden\/"},"modified":"2023-02-24T21:27:20","modified_gmt":"2023-02-24T19:27:20","slug":"franzoesischer-politiker-asselineau-westen-kann-unterstuetzung-fuer-putin-nicht-kleinreden","status":"publish","type":"post","link":"https:\/\/now-news.de\/de\/deutschland\/franzoesischer-politiker-asselineau-westen-kann-unterstuetzung-fuer-putin-nicht-kleinreden\/","title":{"rendered":"Franz\u00f6sischer Politiker Asselineau: Westen kann Unterst\u00fctzung f\u00fcr Putin nicht kleinreden"},"content":{"rendered":"<p><img decoding=\"async\" src=\"http:\/\/just-now.news\/de\/wp-content\/uploads\/sites\/3\/2023\/02\/63f8dc1948fbef4d140706ad.jpg\" \/><\/p>\n<div class=\"Text-root Text-type_1 \">\n                Der russische Pr\u00e4sident Putin kann auf starken R\u00fcckhalt in der Bev\u00f6lkerung z\u00e4hlen. Das habe sich auch bei der Veranstaltung zum &#8220;Ruhm den Verteidigern des Vaterlandes&#8221; gezeigt, zu der viele tausende Menschen trotz der zweistelligen Minusgrade ins Moskauer Luschniki-Stadium kamen.\n            <\/div>\n<p><\/p>\n<div class=\"Text-root Text-type_5 ArticleView-text ViewText-root \">\n<p>Gern verbreiten westliche &#8220;Experten&#8221;, wie der ehemalige US-Botschafter in Russland, Michael McFaul, Einsch\u00e4tzungen wie jene, dass der russische Pr\u00e4sident Wladimir Putin die Demokratie f\u00fcrchte und mit dem voranschreitenden Ukraine-Krieg das Ende der Putin-\u00c4ra einhergehen k\u00f6nnte.<\/p>\n<p>Dabei k\u00f6nne der Kreml sehr wohl auf den R\u00fcckhalt in der Bev\u00f6lkerung z\u00e4hlen, was aber in westlichen Medien nicht wiedergegeben werde, wie der franz\u00f6sische Parteichef der Republikanischen Volksunion und politische Kommentator Fran\u00e7ois Asselineau auf Twitter schreibt.<\/p>\n<p>&#8220;Zweihunderttausend Menschen sind bei minus 15 Grad zum Luschniki-Stadion in Moskau gekommen, um Putin zu unterst\u00fctzen. Den amerikanischen und europ\u00e4ischen Medien f\u00e4llt es immer schwerer, die Tatsache zu verbergen, dass die gro\u00dfe Mehrheit der russischen Bev\u00f6lkerung Putin unterst\u00fctzt&#8221;, schrieb der franz\u00f6sische Politiker.<\/p>\n<div class=\"EmbedBlock-root EmbedBlock-twitter\">\n<div class=\"TwitterEmbed\">\n<blockquote class=\"twitter-tweet lazyload\" data-twitter=\"twitter-tweet\">\n<p lang=\"fr\" dir=\"ltr\">200.000 PERSONNES PAR -15\u00b0C AU STADE LOUJNIKI DE MOSCOU POUR ACCLAMER POUTINELes m\u00e9dias\ud83c\uddfa\ud83c\uddf8\ud83c\uddea\ud83c\uddfaont de + en +de mal \u00e0 cacher qu&#8217;une part \u00e9crasante du peuple de\ud83c\uddf7\ud83c\uddfasoutient Poutine.Au fait,combien de Fran\u00e7ais iraient acclamer Macron au Stade de France par -15\u00b0C?<a rel=\"nofollow noopener\" target=\"_blank\" href=\"https:\/\/t.co\/UtOhZgp7dr\">https:\/\/t.co\/UtOhZgp7dr<\/a><\/p>\n<p>\u2014 Fran\u00e7ois Asselineau (@UPR_Asselineau) <a rel=\"nofollow noopener\" target=\"_blank\" href=\"https:\/\/twitter.com\/UPR_Asselineau\/status\/1628401263351046144?ref_src=twsrc%5Etfw\">February 22, 2023<\/a><\/p><\/blockquote>\n<\/div>\n<\/div>\n<p>Am Mittwoch kam der russische Pr\u00e4sident zu einem Konzert zu Ehren der russischen Soldaten, die an der Milit\u00e4roperation in der Ukraine beteiligt sind, in das Moskauer Olympiastadion Luschniki, wo tausende Menschen den eisigen Temperaturen trotzten, russische Flaggen schwenkten und\u00a0Putin\u00a0zujubelten.<\/p>\n<p>Nach Einsch\u00e4tzung des franz\u00f6sischen Politikers k\u00f6nne Moskau im Ukraine-Konflikt nicht verlieren. Deshalb h\u00e4lt er es f\u00fcr am wahrscheinlichsten, dass Russland die neuen Staatsgebiete behalte\u00a0\u2012 obwohl Kiew deren R\u00fcckgabe als Voraussetzung f\u00fcr Friedensverhandlungen nennt. Die Kiewer Beh\u00f6rden haben wiederholt Pl\u00e4ne f\u00fcr eine offensive Operation auf der Krim angek\u00fcndigt. Am Freitag schrieb der ukrainische Pr\u00e4sident Selenski, dass Russlands Streitkr\u00e4fte das Territorium verlassen m\u00fcssten, bevor man \u00fcberhaupt verhandeln k\u00f6nne.<\/p>\n<blockquote>\n<p><em>&#8220;Wenn dies geschieht, werden die Ukrainer dies nicht zu Unrecht als Verrat (seitens der westlichen L\u00e4nder) empfinden, aber am Ende wird Kiew wohl keine andere Wahl haben, als dies zu akzeptieren. Der Westen wird die Pille durch umfangreiche Wiederaufbauhilfe vers\u00fc\u00dfen&#8221;,<\/em><\/p>\n<\/blockquote>\n<p>so Asselineau.<\/p>\n<p>Sogar der <em>Time<\/em>-Kolumnist Philip Short schlug vor, dass die USA Kiew finanzielle Unterst\u00fctzung gew\u00e4hren k\u00f6nnten, damit sich die Ukraine mit dem Verlust von Gebieten abfindet. Ein Sieg der Ukraine sei laut Short unwahrscheinlich und in einigen Territorien sehen sich viele Menschen seit langem Russland zugeh\u00f6rig.<\/p>\n<blockquote>\n<p><em>&#8220;W\u00e4hrend niemand bereit ist, dies offen zu sagen, kann man sich fragen, ob das Wei\u00dfe Haus \u00fcberhaupt will, dass die Ukraine die russischen Truppen aus allen von ihnen besetzten Gebieten vertreibt. &lt;&#8230;&gt; Ein ukrainischer Vorsto\u00df auf die Krim, wo sich die Mehrheit der Bev\u00f6lkerung als russisch versteht und die aus Moskaus Sicht genauso ein russisches Gebiet ist wie jedes andere, riskiert genau die Art von unkontrollierter Eskalation, die die Regierung Biden zu verhindern gedenkt.&#8221;<\/em><\/p>\n<\/blockquote>\n<p><strong>Mehr zum Thema <\/strong>\u2013 <a rel=\"nofollow noopener\" target=\"_blank\" href=\"https:\/\/fromrussiawithlove.rtde.world\/russland\/163716-tag-der-vaterlandsverteidiger-praesident-putin-zurkranzniederlegung-in-moskau\/\">Tag der Vaterlandsverteidiger: Pr\u00e4sident Putin zur Kranzniederlegung in Moskau <\/a><\/p>\n<\/p>\n<div class=\"EmbedBlock-root EmbedBlock-externalVideo EmbedBlock-odysee\">\n<div class=\"VkEmbed\"><iframe class=\"lazyload\" data-src=\"https:\/\/odysee.com\/%24\/embed\/%40RTDE%3Ae%2FPutin_Konzert_Moskau_Verteidiger%3A6\" frameborder=\"0\" width=\"853\" height=\"480\" allowfullscreen><\/iframe><\/div>\n<\/div>\n<\/div>\n<p><script async src=\"https:\/\/platform.twitter.com\/widgets.js\" charset=\"utf-8\"><\/script><br \/>\n<br \/><br \/>\n<br \/><a href=\"https:\/\/de.rt.com\/russland\/163819-westen-kann-unterstuetzung-fuer-putin-nicht-kleinreden\/\">Source link <\/a><\/p>\n","protected":false},"excerpt":{"rendered":"<p>Der russische Pr\u00e4sident Putin kann auf starken R\u00fcckhalt in der Bev\u00f6lkerung z\u00e4hlen. Das habe sich auch bei der Veranstaltung zum &#8220;Ruhm den Verteidigern des Vaterlandes&#8221; gezeigt, zu der viele tausende Menschen trotz der zweistelligen Minusgrade ins Moskauer Luschniki-Stadium kamen. Gern verbreiten westliche &#8220;Experten&#8221;, wie der ehemalige US-Botschafter in Russland, Michael McFaul, Einsch\u00e4tzungen wie jene, dass [&hellip;]<\/p>\n","protected":false},"author":3,"featured_media":31076,"comment_status":"open","ping_status":"open","sticky":false,"template":"","format":"standard","meta":{"_yoast_indexnow_last_ping":["1677267548"],"wp_automatic_camp":["217"],"4aa4a22f9f3f5100f9c4e7984276d30a":["Franz\u00f6sischer Politiker Asselineau: Westen kann Unterst\u00fctzung f\u00fcr Putin nicht kleinreden"],"original_link":["https:\/\/de.rt.com\/russland\/163819-westen-kann-unterstuetzung-fuer-putin-nicht-kleinreden\/"],"_thumbnail_id":["31076"],"_wptgpro_p2tg_sent2tg":["a:1:{i:23737;s:19:\"2023-02-24 21:40:17\";}"],"jnews_social_counter_last_update":["1777570087"]},"categories":[19,23],"tags":[41229,9154,221,838,41230,800,5679,125,962,378],"yoast_head":"<!-- This site is optimized with the Yoast SEO Premium plugin v22.7 (Yoast SEO v22.7) - https:\/\/yoast.com\/wordpress\/plugins\/seo\/ -->\n<title>Franz\u00f6sischer Politiker Asselineau: Westen kann Unterst\u00fctzung f\u00fcr Putin nicht kleinreden - just-now.NEWS Deutschland<\/title>\n<meta name=\"robots\" content=\"index, follow, max-snippet:-1, max-image-preview:large, max-video-preview:-1\" \/>\n<link rel=\"canonical\" href=\"https:\/\/now-news.de\/de\/deutschland\/franzoesischer-politiker-asselineau-westen-kann-unterstuetzung-fuer-putin-nicht-kleinreden\/\" \/>\n<meta property=\"og:locale\" content=\"de_DE\" \/>\n<meta property=\"og:type\" content=\"article\" \/>\n<meta property=\"og:title\" content=\"Franz\u00f6sischer Politiker Asselineau: Westen kann Unterst\u00fctzung f\u00fcr Putin nicht kleinreden\" \/>\n<meta property=\"og:description\" content=\"Der russische Pr\u00e4sident Putin kann auf starken R\u00fcckhalt in der Bev\u00f6lkerung z\u00e4hlen. Das habe sich auch bei der Veranstaltung zum &#8220;Ruhm den Verteidigern des Vaterlandes&#8221; gezeigt, zu der viele tausende Menschen trotz der zweistelligen Minusgrade ins Moskauer Luschniki-Stadium kamen. Gern verbreiten westliche &#8220;Experten&#8221;, wie der ehemalige US-Botschafter in Russland, Michael McFaul, Einsch\u00e4tzungen wie jene, dass [&hellip;]\" \/>\n<meta property=\"og:url\" content=\"https:\/\/now-news.de\/de\/deutschland\/franzoesischer-politiker-asselineau-westen-kann-unterstuetzung-fuer-putin-nicht-kleinreden\/\" \/>\n<meta property=\"og:site_name\" content=\"just-now.NEWS Deutschland\" \/>\n<meta property=\"article:publisher\" content=\"https:\/\/www.facebook.com\/wirmachenauf\" \/>\n<meta property=\"article:published_time\" content=\"2023-02-24T19:27:20+00:00\" \/>\n<meta property=\"og:image\" content=\"https:\/\/now-news.de\/de\/wp-content\/uploads\/sites\/3\/2023\/02\/Franzoesischer-Politiker-Asselineau-Westen-kann-Unterstuetzung-fuer-Putin-nicht-kleinreden.jpg\" \/>\n\t<meta property=\"og:image:width\" content=\"460\" \/>\n\t<meta property=\"og:image:height\" content=\"259\" \/>\n\t<meta property=\"og:image:type\" content=\"image\/jpeg\" \/>\n<meta name=\"author\" content=\"rtnews\" \/>\n<meta name=\"twitter:card\" content=\"summary_large_image\" \/>\n<meta name=\"twitter:creator\" content=\"@WirMachenAuf_de\" \/>\n<meta name=\"twitter:site\" content=\"@WirMachenAuf_de\" \/>\n<meta name=\"twitter:label1\" content=\"Verfasst von\" \/>\n\t<meta name=\"twitter:data1\" content=\"rtnews\" \/>\n\t<meta name=\"twitter:label2\" content=\"Gesch\u00e4tzte Lesezeit\" \/>\n\t<meta name=\"twitter:data2\" content=\"3\u00a0Minuten\" \/>\n<script type=\"application\/ld+json\" class=\"yoast-schema-graph\">{\"@context\":\"https:\/\/schema.org\",\"@graph\":[{\"@type\":\"Article\",\"@id\":\"https:\/\/now-news.de\/de\/deutschland\/franzoesischer-politiker-asselineau-westen-kann-unterstuetzung-fuer-putin-nicht-kleinreden\/#article\",\"isPartOf\":{\"@id\":\"https:\/\/now-news.de\/de\/deutschland\/franzoesischer-politiker-asselineau-westen-kann-unterstuetzung-fuer-putin-nicht-kleinreden\/\"},\"author\":{\"name\":\"rtnews\",\"@id\":\"https:\/\/now-news.de\/de\/#\/schema\/person\/fb534a4e865501d8b3285208df34a9b5\"},\"headline\":\"Franz\u00f6sischer Politiker Asselineau: Westen kann Unterst\u00fctzung f\u00fcr Putin nicht kleinreden\",\"datePublished\":\"2023-02-24T19:27:20+00:00\",\"dateModified\":\"2023-02-24T19:27:20+00:00\",\"mainEntityOfPage\":{\"@id\":\"https:\/\/now-news.de\/de\/deutschland\/franzoesischer-politiker-asselineau-westen-kann-unterstuetzung-fuer-putin-nicht-kleinreden\/\"},\"wordCount\":553,\"commentCount\":0,\"publisher\":{\"@id\":\"https:\/\/now-news.de\/de\/#organization\"},\"image\":{\"@id\":\"https:\/\/now-news.de\/de\/deutschland\/franzoesischer-politiker-asselineau-westen-kann-unterstuetzung-fuer-putin-nicht-kleinreden\/#primaryimage\"},\"thumbnailUrl\":\"https:\/\/now-news.de\/de\/wp-content\/uploads\/sites\/3\/2023\/02\/Franzoesischer-Politiker-Asselineau-Westen-kann-Unterstuetzung-fuer-Putin-nicht-kleinreden.jpg\",\"keywords\":[\"Asselineau\",\"franz\u00f6sischer\",\"f\u00fcr\",\"kann\",\"kleinreden\",\"nicht\",\"Politiker\",\"putin\",\"Unterst\u00fctzung\",\"Westen\"],\"articleSection\":[\"Deutschland\",\"Russland\"],\"inLanguage\":\"de\",\"potentialAction\":[{\"@type\":\"CommentAction\",\"name\":\"Comment\",\"target\":[\"https:\/\/now-news.de\/de\/deutschland\/franzoesischer-politiker-asselineau-westen-kann-unterstuetzung-fuer-putin-nicht-kleinreden\/#respond\"]}]},{\"@type\":\"WebPage\",\"@id\":\"https:\/\/now-news.de\/de\/deutschland\/franzoesischer-politiker-asselineau-westen-kann-unterstuetzung-fuer-putin-nicht-kleinreden\/\",\"url\":\"https:\/\/now-news.de\/de\/deutschland\/franzoesischer-politiker-asselineau-westen-kann-unterstuetzung-fuer-putin-nicht-kleinreden\/\",\"name\":\"Franz\u00f6sischer Politiker Asselineau: Westen kann Unterst\u00fctzung f\u00fcr Putin nicht kleinreden - just-now.NEWS Deutschland\",\"isPartOf\":{\"@id\":\"https:\/\/now-news.de\/de\/#website\"},\"primaryImageOfPage\":{\"@id\":\"https:\/\/now-news.de\/de\/deutschland\/franzoesischer-politiker-asselineau-westen-kann-unterstuetzung-fuer-putin-nicht-kleinreden\/#primaryimage\"},\"image\":{\"@id\":\"https:\/\/now-news.de\/de\/deutschland\/franzoesischer-politiker-asselineau-westen-kann-unterstuetzung-fuer-putin-nicht-kleinreden\/#primaryimage\"},\"thumbnailUrl\":\"https:\/\/now-news.de\/de\/wp-content\/uploads\/sites\/3\/2023\/02\/Franzoesischer-Politiker-Asselineau-Westen-kann-Unterstuetzung-fuer-Putin-nicht-kleinreden.jpg\",\"datePublished\":\"2023-02-24T19:27:20+00:00\",\"dateModified\":\"2023-02-24T19:27:20+00:00\",\"breadcrumb\":{\"@id\":\"https:\/\/now-news.de\/de\/deutschland\/franzoesischer-politiker-asselineau-westen-kann-unterstuetzung-fuer-putin-nicht-kleinreden\/#breadcrumb\"},\"inLanguage\":\"de\",\"potentialAction\":[{\"@type\":\"ReadAction\",\"target\":[\"https:\/\/now-news.de\/de\/deutschland\/franzoesischer-politiker-asselineau-westen-kann-unterstuetzung-fuer-putin-nicht-kleinreden\/\"]}]},{\"@type\":\"ImageObject\",\"inLanguage\":\"de\",\"@id\":\"https:\/\/now-news.de\/de\/deutschland\/franzoesischer-politiker-asselineau-westen-kann-unterstuetzung-fuer-putin-nicht-kleinreden\/#primaryimage\",\"url\":\"https:\/\/now-news.de\/de\/wp-content\/uploads\/sites\/3\/2023\/02\/Franzoesischer-Politiker-Asselineau-Westen-kann-Unterstuetzung-fuer-Putin-nicht-kleinreden.jpg\",\"contentUrl\":\"https:\/\/now-news.de\/de\/wp-content\/uploads\/sites\/3\/2023\/02\/Franzoesischer-Politiker-Asselineau-Westen-kann-Unterstuetzung-fuer-Putin-nicht-kleinreden.jpg\",\"width\":460,\"height\":259,\"caption\":\"Franz\u00f6sischer Politiker Asselineau: Westen kann Unterst\u00fctzung f\u00fcr Putin nicht kleinreden\"},{\"@type\":\"BreadcrumbList\",\"@id\":\"https:\/\/now-news.de\/de\/deutschland\/franzoesischer-politiker-asselineau-westen-kann-unterstuetzung-fuer-putin-nicht-kleinreden\/#breadcrumb\",\"itemListElement\":[{\"@type\":\"ListItem\",\"position\":1,\"name\":\"Home\",\"item\":\"https:\/\/now-news.de\/de\/\"},{\"@type\":\"ListItem\",\"position\":2,\"name\":\"Franz\u00f6sischer Politiker Asselineau: Westen kann Unterst\u00fctzung f\u00fcr Putin nicht kleinreden\"}]},{\"@type\":\"WebSite\",\"@id\":\"https:\/\/now-news.de\/de\/#website\",\"url\":\"https:\/\/now-news.de\/de\/\",\"name\":\"just-now.NEWS Deutschland\",\"description\":\"Das Portal f\u00fcr unzensierte Nachrichten aus der Welt\",\"publisher\":{\"@id\":\"https:\/\/now-news.de\/de\/#organization\"},\"potentialAction\":[{\"@type\":\"SearchAction\",\"target\":{\"@type\":\"EntryPoint\",\"urlTemplate\":\"https:\/\/now-news.de\/de\/?s={search_term_string}\"},\"query-input\":\"required name=search_term_string\"}],\"inLanguage\":\"de\"},{\"@type\":\"Organization\",\"@id\":\"https:\/\/now-news.de\/de\/#organization\",\"name\":\"Just Now News\",\"url\":\"https:\/\/now-news.de\/de\/\",\"logo\":{\"@type\":\"ImageObject\",\"inLanguage\":\"de\",\"@id\":\"https:\/\/now-news.de\/de\/#\/schema\/logo\/image\/\",\"url\":\"http:\/\/just-now.news\/de\/wp-content\/uploads\/sites\/3\/2022\/04\/logo500x500.jpg\",\"contentUrl\":\"http:\/\/just-now.news\/de\/wp-content\/uploads\/sites\/3\/2022\/04\/logo500x500.jpg\",\"width\":500,\"height\":500,\"caption\":\"Just Now News\"},\"image\":{\"@id\":\"https:\/\/now-news.de\/de\/#\/schema\/logo\/image\/\"},\"sameAs\":[\"https:\/\/www.facebook.com\/wirmachenauf\",\"https:\/\/x.com\/WirMachenAuf_de\"]},{\"@type\":\"Person\",\"@id\":\"https:\/\/now-news.de\/de\/#\/schema\/person\/fb534a4e865501d8b3285208df34a9b5\",\"name\":\"rtnews\",\"image\":{\"@type\":\"ImageObject\",\"inLanguage\":\"de\",\"@id\":\"https:\/\/now-news.de\/de\/#\/schema\/person\/image\/\",\"url\":\"https:\/\/secure.gravatar.com\/avatar\/82aafea7d8127119dd649515f56e2117?s=96&d=mm&r=g\",\"contentUrl\":\"https:\/\/secure.gravatar.com\/avatar\/82aafea7d8127119dd649515f56e2117?s=96&d=mm&r=g\",\"caption\":\"rtnews\"},\"url\":\"https:\/\/now-news.de\/de\/author\/rnews\/\"}]}<\/script>\n<!-- \/ Yoast SEO Premium plugin. -->","yoast_head_json":{"title":"Franz\u00f6sischer Politiker Asselineau: Westen kann Unterst\u00fctzung f\u00fcr Putin nicht kleinreden - just-now.NEWS Deutschland","robots":{"index":"index","follow":"follow","max-snippet":"max-snippet:-1","max-image-preview":"max-image-preview:large","max-video-preview":"max-video-preview:-1"},"canonical":"https:\/\/now-news.de\/de\/deutschland\/franzoesischer-politiker-asselineau-westen-kann-unterstuetzung-fuer-putin-nicht-kleinreden\/","og_locale":"de_DE","og_type":"article","og_title":"Franz\u00f6sischer Politiker Asselineau: Westen kann Unterst\u00fctzung f\u00fcr Putin nicht kleinreden","og_description":"Der russische Pr\u00e4sident Putin kann auf starken R\u00fcckhalt in der Bev\u00f6lkerung z\u00e4hlen. Das habe sich auch bei der Veranstaltung zum &#8220;Ruhm den Verteidigern des Vaterlandes&#8221; gezeigt, zu der viele tausende Menschen trotz der zweistelligen Minusgrade ins Moskauer Luschniki-Stadium kamen. Gern verbreiten westliche &#8220;Experten&#8221;, wie der ehemalige US-Botschafter in Russland, Michael McFaul, Einsch\u00e4tzungen wie jene, dass [&hellip;]","og_url":"https:\/\/now-news.de\/de\/deutschland\/franzoesischer-politiker-asselineau-westen-kann-unterstuetzung-fuer-putin-nicht-kleinreden\/","og_site_name":"just-now.NEWS Deutschland","article_publisher":"https:\/\/www.facebook.com\/wirmachenauf","article_published_time":"2023-02-24T19:27:20+00:00","og_image":[{"width":460,"height":259,"url":"https:\/\/now-news.de\/de\/wp-content\/uploads\/sites\/3\/2023\/02\/Franzoesischer-Politiker-Asselineau-Westen-kann-Unterstuetzung-fuer-Putin-nicht-kleinreden.jpg","type":"image\/jpeg"}],"author":"rtnews","twitter_card":"summary_large_image","twitter_creator":"@WirMachenAuf_de","twitter_site":"@WirMachenAuf_de","twitter_misc":{"Verfasst von":"rtnews","Gesch\u00e4tzte Lesezeit":"3\u00a0Minuten"},"schema":{"@context":"https:\/\/schema.org","@graph":[{"@type":"Article","@id":"https:\/\/now-news.de\/de\/deutschland\/franzoesischer-politiker-asselineau-westen-kann-unterstuetzung-fuer-putin-nicht-kleinreden\/#article","isPartOf":{"@id":"https:\/\/now-news.de\/de\/deutschland\/franzoesischer-politiker-asselineau-westen-kann-unterstuetzung-fuer-putin-nicht-kleinreden\/"},"author":{"name":"rtnews","@id":"https:\/\/now-news.de\/de\/#\/schema\/person\/fb534a4e865501d8b3285208df34a9b5"},"headline":"Franz\u00f6sischer Politiker Asselineau: Westen kann Unterst\u00fctzung f\u00fcr Putin nicht kleinreden","datePublished":"2023-02-24T19:27:20+00:00","dateModified":"2023-02-24T19:27:20+00:00","mainEntityOfPage":{"@id":"https:\/\/now-news.de\/de\/deutschland\/franzoesischer-politiker-asselineau-westen-kann-unterstuetzung-fuer-putin-nicht-kleinreden\/"},"wordCount":553,"commentCount":0,"publisher":{"@id":"https:\/\/now-news.de\/de\/#organization"},"image":{"@id":"https:\/\/now-news.de\/de\/deutschland\/franzoesischer-politiker-asselineau-westen-kann-unterstuetzung-fuer-putin-nicht-kleinreden\/#primaryimage"},"thumbnailUrl":"https:\/\/now-news.de\/de\/wp-content\/uploads\/sites\/3\/2023\/02\/Franzoesischer-Politiker-Asselineau-Westen-kann-Unterstuetzung-fuer-Putin-nicht-kleinreden.jpg","keywords":["Asselineau","franz\u00f6sischer","f\u00fcr","kann","kleinreden","nicht","Politiker","putin","Unterst\u00fctzung","Westen"],"articleSection":["Deutschland","Russland"],"inLanguage":"de","potentialAction":[{"@type":"CommentAction","name":"Comment","target":["https:\/\/now-news.de\/de\/deutschland\/franzoesischer-politiker-asselineau-westen-kann-unterstuetzung-fuer-putin-nicht-kleinreden\/#respond"]}]},{"@type":"WebPage","@id":"https:\/\/now-news.de\/de\/deutschland\/franzoesischer-politiker-asselineau-westen-kann-unterstuetzung-fuer-putin-nicht-kleinreden\/","url":"https:\/\/now-news.de\/de\/deutschland\/franzoesischer-politiker-asselineau-westen-kann-unterstuetzung-fuer-putin-nicht-kleinreden\/","name":"Franz\u00f6sischer Politiker Asselineau: Westen kann Unterst\u00fctzung f\u00fcr Putin nicht kleinreden - just-now.NEWS Deutschland","isPartOf":{"@id":"https:\/\/now-news.de\/de\/#website"},"primaryImageOfPage":{"@id":"https:\/\/now-news.de\/de\/deutschland\/franzoesischer-politiker-asselineau-westen-kann-unterstuetzung-fuer-putin-nicht-kleinreden\/#primaryimage"},"image":{"@id":"https:\/\/now-news.de\/de\/deutschland\/franzoesischer-politiker-asselineau-westen-kann-unterstuetzung-fuer-putin-nicht-kleinreden\/#primaryimage"},"thumbnailUrl":"https:\/\/now-news.de\/de\/wp-content\/uploads\/sites\/3\/2023\/02\/Franzoesischer-Politiker-Asselineau-Westen-kann-Unterstuetzung-fuer-Putin-nicht-kleinreden.jpg","datePublished":"2023-02-24T19:27:20+00:00","dateModified":"2023-02-24T19:27:20+00:00","breadcrumb":{"@id":"https:\/\/now-news.de\/de\/deutschland\/franzoesischer-politiker-asselineau-westen-kann-unterstuetzung-fuer-putin-nicht-kleinreden\/#breadcrumb"},"inLanguage":"de","potentialAction":[{"@type":"ReadAction","target":["https:\/\/now-news.de\/de\/deutschland\/franzoesischer-politiker-asselineau-westen-kann-unterstuetzung-fuer-putin-nicht-kleinreden\/"]}]},{"@type":"ImageObject","inLanguage":"de","@id":"https:\/\/now-news.de\/de\/deutschland\/franzoesischer-politiker-asselineau-westen-kann-unterstuetzung-fuer-putin-nicht-kleinreden\/#primaryimage","url":"https:\/\/now-news.de\/de\/wp-content\/uploads\/sites\/3\/2023\/02\/Franzoesischer-Politiker-Asselineau-Westen-kann-Unterstuetzung-fuer-Putin-nicht-kleinreden.jpg","contentUrl":"https:\/\/now-news.de\/de\/wp-content\/uploads\/sites\/3\/2023\/02\/Franzoesischer-Politiker-Asselineau-Westen-kann-Unterstuetzung-fuer-Putin-nicht-kleinreden.jpg","width":460,"height":259,"caption":"Franz\u00f6sischer Politiker Asselineau: Westen kann Unterst\u00fctzung f\u00fcr Putin nicht kleinreden"},{"@type":"BreadcrumbList","@id":"https:\/\/now-news.de\/de\/deutschland\/franzoesischer-politiker-asselineau-westen-kann-unterstuetzung-fuer-putin-nicht-kleinreden\/#breadcrumb","itemListElement":[{"@type":"ListItem","position":1,"name":"Home","item":"https:\/\/now-news.de\/de\/"},{"@type":"ListItem","position":2,"name":"Franz\u00f6sischer Politiker Asselineau: Westen kann Unterst\u00fctzung f\u00fcr Putin nicht kleinreden"}]},{"@type":"WebSite","@id":"https:\/\/now-news.de\/de\/#website","url":"https:\/\/now-news.de\/de\/","name":"just-now.NEWS Deutschland","description":"Das Portal f\u00fcr unzensierte Nachrichten aus der Welt","publisher":{"@id":"https:\/\/now-news.de\/de\/#organization"},"potentialAction":[{"@type":"SearchAction","target":{"@type":"EntryPoint","urlTemplate":"https:\/\/now-news.de\/de\/?s={search_term_string}"},"query-input":"required name=search_term_string"}],"inLanguage":"de"},{"@type":"Organization","@id":"https:\/\/now-news.de\/de\/#organization","name":"Just Now News","url":"https:\/\/now-news.de\/de\/","logo":{"@type":"ImageObject","inLanguage":"de","@id":"https:\/\/now-news.de\/de\/#\/schema\/logo\/image\/","url":"http:\/\/just-now.news\/de\/wp-content\/uploads\/sites\/3\/2022\/04\/logo500x500.jpg","contentUrl":"http:\/\/just-now.news\/de\/wp-content\/uploads\/sites\/3\/2022\/04\/logo500x500.jpg","width":500,"height":500,"caption":"Just Now News"},"image":{"@id":"https:\/\/now-news.de\/de\/#\/schema\/logo\/image\/"},"sameAs":["https:\/\/www.facebook.com\/wirmachenauf","https:\/\/x.com\/WirMachenAuf_de"]},{"@type":"Person","@id":"https:\/\/now-news.de\/de\/#\/schema\/person\/fb534a4e865501d8b3285208df34a9b5","name":"rtnews","image":{"@type":"ImageObject","inLanguage":"de","@id":"https:\/\/now-news.de\/de\/#\/schema\/person\/image\/","url":"https:\/\/secure.gravatar.com\/avatar\/82aafea7d8127119dd649515f56e2117?s=96&d=mm&r=g","contentUrl":"https:\/\/secure.gravatar.com\/avatar\/82aafea7d8127119dd649515f56e2117?s=96&d=mm&r=g","caption":"rtnews"},"url":"https:\/\/now-news.de\/de\/author\/rnews\/"}]}},"_links":{"self":[{"href":"https:\/\/now-news.de\/de\/wp-json\/wp\/v2\/posts\/31075"}],"collection":[{"href":"https:\/\/now-news.de\/de\/wp-json\/wp\/v2\/posts"}],"about":[{"href":"https:\/\/now-news.de\/de\/wp-json\/wp\/v2\/types\/post"}],"author":[{"embeddable":true,"href":"https:\/\/now-news.de\/de\/wp-json\/wp\/v2\/users\/3"}],"replies":[{"embeddable":true,"href":"https:\/\/now-news.de\/de\/wp-json\/wp\/v2\/comments?post=31075"}],"version-history":[{"count":0,"href":"https:\/\/now-news.de\/de\/wp-json\/wp\/v2\/posts\/31075\/revisions"}],"wp:featuredmedia":[{"embeddable":true,"href":"https:\/\/now-news.de\/de\/wp-json\/wp\/v2\/media\/31076"}],"wp:attachment":[{"href":"https:\/\/now-news.de\/de\/wp-json\/wp\/v2\/media?parent=31075"}],"wp:term":[{"taxonomy":"category","embeddable":true,"href":"https:\/\/now-news.de\/de\/wp-json\/wp\/v2\/categories?post=31075"},{"taxonomy":"post_tag","embeddable":true,"href":"https:\/\/now-news.de\/de\/wp-json\/wp\/v2\/tags?post=31075"}],"curies":[{"name":"wp","href":"https:\/\/api.w.org\/{rel}","templated":true}]}}